{"id":4347,"date":"2025-03-02T21:46:50","date_gmt":"2025-03-02T20:46:50","guid":{"rendered":"https:\/\/www.pogotowieflagowe.pl\/aktualne\/karol-nawrocki-opowiada-sie-za-polska-aby-miec-najwieksza-armie-ladowa-w-nato\/"},"modified":"2025-03-02T21:46:50","modified_gmt":"2025-03-02T20:46:50","slug":"karol-nawrocki-opowiada-sie-za-polska-aby-miec-najwieksza-armie-ladowa-w-nato","status":"publish","type":"post","link":"https:\/\/www.pogotowieflagowe.pl\/aktualne\/karol-nawrocki-opowiada-sie-za-polska-aby-miec-najwieksza-armie-ladowa-w-nato\/","title":{"rendered":"Karol Nawrocki opowiada si\u0119 za Polsk\u0105, aby mie\u0107 najwi\u0119ksz\u0105 armi\u0119 l\u0105dow\u0105 w NATO"},"content":{"rendered":"\n<div class=\"td_block_wrap tdb_single_content tdi_41 td-pb-border-top td_block_template_8 td-post-content tagdiv-type\" data-td-block-uid=\"tdi_41\">\n<style>.tdi_41 {margin-top: 0px! Wa\u017cne; margines-bottom: 0px! WA\u017bNY; PALDING-TOP: 0PX! WA\u017bNY; PALDING-BOTTOM: 0PX! WA\u017bNE}<\/style>\n<style>.tdb_single_content {margin-bottom: 0;*zoom: 1} .tdb_single_content: wcze\u015bniej, .tdb_single_content: po {display: Table; content: ''; line-height: 0} .TDB-BLOCK-INner>*: nie (.WP-BLOCK-QUOTE): not (.alignSwide): not (.Alignfull.wp-block-cover.has-parallax): not (.td-a-ad) {margin-left: auto; margin-right: auto} .tdb_single_ConTent a {wska\u017anik-events: auto} .tdb_single_content .td-spot-id-top_ad .tdc-placeholder-title: przed {content: \u201eArtyku\u0142 top ad\u201d! Wa\u017cne} .tdb_single_content .td-Spot-Id-inline_ad0 .tdc-placeholder-title 1 '! Wa\u017cne} .tdb_single_content .td-Spot-Id-inline_Ad1 .tdc-Placeholder-Title: przed {content: \u201eArtyku\u0142 inline AD 2'! Wa\u017cny} .tdb_single_content. 3 '! Wa\u017cne} .tdb_single_content .td-Spot-Id-Bottom_Ad .tdc-Placeholder-Title: przed {content: \u201eArtyku\u0142 Bottom Ad\u201d! Wa\u017cne} .tdb_single_content .id_top_ad, .tdb_single_content_content .id_bottom_ad {clear: oba; margin-bottom: 21px; text-align: Center} .tdb_single_content .id_top_ad Img, .tdb_single_content .id_bottom_ad img {margin-bottom: 0} .tdb_single_content .id_top_ad .adsbyGoogle, .tdb_single_content .id_bottom_ad .adsbyGoogle {pozycja: relatyw} .tdb_single_content .id_ad_content-horiz-left, .tdb_single_content .id_ad_content-horiz-right, .tdb_single_content .id_ad_content-horiz-Center {margin-bottom: 15px} .tdb_single_content .id_ad_content-horiz-left Img, .tdb_single_content .id_ad_content-horiz-right img, .tdb_single_content .id_ad_content-horiz-centerter img {margin-bottom: 0} .tdb_single_content .id_ad_content-horiz-center {text-align: Center} .tdb_single_content .id_ad_content-horiz-center img {margin-right: auto; margin-let: auto} .tdb_single_content .id_ad_content-horiz-left {float: left; margin-top: 9px; margin-right: 21px} .tdb_single_content .id_ad_content-horiz-right {float: margin-top: 6px; margin-left: 21px} .tdb_single_content .tdc-a-a-ad .TDC-Placeholder-Title {szeroko\u015b\u0107: 300px; height: 250px} .tdb_single_content .tdc-a-ad .TDC-Placeholder-Title: Przed {Pozycja: Absolute; TOP: 50%;-WebKit-Transform: Translatey (-50%); Transform: Translatey (-50%); margines: auto; Display: Tabela; szeroko\u015b\u0107: 100%}. tdb_single_content .TDB-BLOCK-INNER.TD-FIX-INDEX {Word-Break: Break-word} .tdi_41, .tdi_41> p, .tdi_41 .tdb-block-inner> p, .Wp-Block-Column> p {font-size: 16px! Wa\u017cne; wa\u017cny; p {font-styl: normalne! Wa\u017cne} @media (Max-Width: 767px) {. tdb_single_content .id_ad_content-horiz-left, .tdb_single_content .id_ad_content-horiz-right, .tdb_single_content .id_ad_content-horiz-centter {Margin: 0 AUTO 26PXX auto}}@media (Max-Width: 767px) {. tdb_single_content .id_ad_content-horiz-left {margin-right: 0}}@media (max-width: 767px) {. (Max-Width: 767px) {. tdb_single_content .td-a-ad {float: none; text-align: Center} .tdb_single_content .td-a-ad img {margin-right: auto; margin-left: auto} .tdb_single_content .tdc-a-a-a-{margin-right: auto; margin-left: auto} .tdb_single_content .tdd<\/style>\n<div class=\"tdb-block-inner td-fix-index\">\n<p><strong>Podczas konferencji programowej Karol Nawrocki argumentowa\u0142, \u017ce Polska nie mo\u017ce si\u0119 broni\u0107 przed zagro\u017ceniem ze strony Rosji, chroni\u0105c tylko po\u0142ow\u0119 kraju, jak planowa\u0142 zesp\u00f3\u0142 TUSK. Dlatego armia polska musi sk\u0142ada\u0107 si\u0119 z co najmniej 300 000 \u017co\u0142nierzy. Nawrocki podkre\u015bli\u0142, \u017ce w ostatnich latach Polska uzbroczy si\u0119, ale teraz, bior\u0105c pod uwag\u0119 prawdziwe zagro\u017cenie ze strony Rosji, nasza armia musi wynosi\u0107 co najmniej 300 000 silnych. Oznacza to, \u017ce musi sta\u0107 si\u0119 najwi\u0119ksz\u0105 armi\u0105 l\u0105dow\u0105 w Unii Europejskiej. Ma to kluczowe znaczenie, poniewa\u017c \u201epotrzebujemy bezpiecze\u0144stwa Republiki, a Polska musi by\u0107 silna w NATO!\u201d<\/strong><\/p>\n<h2 class=\"wp-block-heading\"><strong>Status dla weteran\u00f3w us\u0142ug granicznych<\/strong><\/h2>\n<p>Nawrocki oceni\u0142, \u017ce Polska wykona\u0142a dobr\u0105 robot\u0119 w NATO, a \u201enasz PKB wydany na wojsko zbli\u017ca si\u0119 do 5%\u201d. Zwr\u00f3ci\u0142 uwag\u0119, \u017ce rz\u0105d TUSK ju\u017c nie spe\u0142nia swoich zobowi\u0105za\u0144 w zakresie rozszerzenia armii polskiej, a liczba wolontariuszy maleje. Zaproponowa\u0142 stworzenie statusu dla weteran\u00f3w s\u0142u\u017cb granicznych, kt\u00f3re obejmowa\u0142yby korzy\u015bci spo\u0142eczne dla \u017co\u0142nierzy pilnuj\u0105cych naszej granicy. Ta granica sta\u0142a si\u0119 polem bitwy w wojnie hybrydowej. Jako prezydent sta\u0142 mocno za naszymi \u017co\u0142nierzami, st\u0105d ta poprawka do prawa.<\/p>\n<figure class=\"wp-block-embed is-type-rich is-provider-twitter wp-block-embed-twitter\">\n<div class=\"wp-block-embed__wrapper\">\n<blockquote class=\"twitter-tweet\" data-width=\"550\" data-dnt=\"true\">\n<p lang=\"pl\" dir=\"ltr\"><a rel=\"nofollow\" href=\"https:\/\/twitter.com\/hashtag\/WydanieSpecjalne?src=hash&amp;ref_src=twsrc%5Etfw\">#Wydaniesspecjalne<\/a> |. <a rel=\"nofollow\" href=\"https:\/\/twitter.com\/NawrockiKn?ref_src=twsrc%5Etfw\">@NawRockikn<\/a>: Polska pluz Ostatnie Lata Si\u0119 Zbroida. MUSIMY D\u0105ISIO DO TEGO, ABY POLSKA ARMIA LICZY\u0141A POZNAJMNIEJ 300 TYS. \u017b\u0142nierze. MUSIMY BYU NAJWII\u0119KSZ\u0105 ARMI\u0105 L\u0105DOW\u0105 WINII EUREASTISKIEJ. PotrzeBuJemy BezpieZianStwa Rzeczpospolitej. Polska Musi Bycie Silna w\u2026 <a rel=\"nofollow\" href=\"https:\/\/t.co\/uLeEyhd7bY\">pic.twitter.com\/uleeyhd7by<\/a><\/p>\n<p>&#8211; Telewizja Republika \ud83c\uddf5\ud83c\uddf1 #W\u0142\u0105czprawd\u0119 (@republikatv) <a rel=\"nofollow\" href=\"https:\/\/twitter.com\/RepublikaTV\/status\/1896190323673460774?ref_src=twsrc%5Etfw\">2 marca 2025 r<\/a><\/p><\/blockquote>\n<\/div>\n<\/figure>\n<p>Karol Nawrocki przypomnia\u0142 sobie r\u00f3wnie\u017c, jak jego rywal dla prezydencji, Rafa\u0142 Trzaskowski, kiedy\u015b wy\u015bmiewa\u0142 terytorialne si\u0142y obrony (WOT) i jak politycy z platformy obywatelskiej (KO) \u201ebiegali z pizz\u0105\u201d wzd\u0142u\u017c granicy z Bia\u0142orusk\u0105 podczas szczytu hybrydowego zagro\u017cenia wojny, w kt\u00f3rym gro\u017aba wojny hybrydowej wi\u0105\u017ce si\u0119 z migantami.<\/p>\n<\/div>\n<\/div>\n<p><script async src=\"https:\/\/platform.twitter.com\/widgets.js\" charset=\"utf-8\"><\/script><\/p>\n","protected":false},"excerpt":{"rendered":"<p>Podczas konferencji programowej Karol Nawrocki argumentowa\u0142, \u017ce Polska nie mo\u017ce si\u0119 broni\u0107 przed zagro\u017ceniem ze strony Rosji, chroni\u0105c tylko po\u0142ow\u0119<\/p>\n","protected":false},"author":1,"featured_media":3984,"comment_status":"closed","ping_status":"","sticky":false,"template":"","format":"standard","meta":{"footnotes":""},"categories":[4748],"tags":[2143,5960,2726,5961,3869,2606,515,2727,5959,4,150],"class_list":["post-4347","post","type-post","status-publish","format-standard","has-post-thumbnail","hentry","category-aktualne","tag-aby","tag-armie","tag-karol","tag-ladowa","tag-miec","tag-najwieksza","tag-nato","tag-nawrocki","tag-opowiada","tag-polska","tag-sie","generate-columns","tablet-grid-50","mobile-grid-100","grid-parent","grid-50","resize-featured-image"],"yoast_head":"<!-- This site is optimized with the Yoast SEO plugin v23.2 - https:\/\/yoast.com\/wordpress\/plugins\/seo\/ -->\n<title>Karol Nawrocki opowiada si\u0119 za Polsk\u0105, aby mie\u0107 najwi\u0119ksz\u0105 armi\u0119 l\u0105dow\u0105 w NATO - POGOTOWIE FLAGOWE\u00ae<\/title>\n<meta name=\"robots\" content=\"index, follow, max-snippet:-1, max-image-preview:large, max-video-preview:-1\" \/>\n<link rel=\"canonical\" href=\"https:\/\/www.pogotowieflagowe.pl\/aktualne\/karol-nawrocki-opowiada-sie-za-polska-aby-miec-najwieksza-armie-ladowa-w-nato\/\" \/>\n<meta property=\"og:locale\" content=\"pl_PL\" \/>\n<meta property=\"og:type\" content=\"article\" \/>\n<meta property=\"og:title\" content=\"Karol Nawrocki opowiada si\u0119 za Polsk\u0105, aby mie\u0107 najwi\u0119ksz\u0105 armi\u0119 l\u0105dow\u0105 w NATO - POGOTOWIE FLAGOWE\u00ae\" \/>\n<meta property=\"og:description\" content=\"Podczas konferencji programowej Karol Nawrocki argumentowa\u0142, \u017ce Polska nie mo\u017ce si\u0119 broni\u0107 przed zagro\u017ceniem ze strony Rosji, chroni\u0105c tylko po\u0142ow\u0119\" \/>\n<meta property=\"og:url\" content=\"https:\/\/www.pogotowieflagowe.pl\/aktualne\/karol-nawrocki-opowiada-sie-za-polska-aby-miec-najwieksza-armie-ladowa-w-nato\/\" \/>\n<meta property=\"og:site_name\" content=\"POGOTOWIE FLAGOWE\u00ae\" \/>\n<meta property=\"article:published_time\" content=\"2025-03-02T20:46:50+00:00\" \/>\n<meta property=\"og:image\" content=\"https:\/\/www.pogotowieflagowe.pl\/aktualne\/wp-content\/uploads\/2025\/02\/Karol-Nawrocki-krytykuje-uwagi-Trzaskowskiego-na-temat-polskich-zolnierzy.webp.webp\" \/>\n\t<meta property=\"og:image:width\" content=\"1280\" \/>\n\t<meta property=\"og:image:height\" content=\"720\" \/>\n\t<meta property=\"og:image:type\" content=\"image\/webp\" \/>\n<meta name=\"author\" content=\"Filip\" \/>\n<meta name=\"twitter:card\" content=\"summary_large_image\" \/>\n<meta name=\"twitter:label1\" content=\"Napisane przez\" \/>\n\t<meta name=\"twitter:data1\" content=\"Filip\" \/>\n\t<meta name=\"twitter:label2\" content=\"Szacowany czas czytania\" \/>\n\t<meta name=\"twitter:data2\" content=\"2 minuty\" \/>\n<script type=\"application\/ld+json\" class=\"yoast-schema-graph\">{\"@context\":\"https:\/\/schema.org\",\"@graph\":[{\"@type\":\"Article\",\"@id\":\"https:\/\/www.pogotowieflagowe.pl\/aktualne\/karol-nawrocki-opowiada-sie-za-polska-aby-miec-najwieksza-armie-ladowa-w-nato\/#article\",\"isPartOf\":{\"@id\":\"https:\/\/www.pogotowieflagowe.pl\/aktualne\/karol-nawrocki-opowiada-sie-za-polska-aby-miec-najwieksza-armie-ladowa-w-nato\/\"},\"author\":{\"name\":\"Filip\",\"@id\":\"https:\/\/www.pogotowieflagowe.pl\/aktualne\/#\/schema\/person\/9c2fb7d2362ebf6fa088960d7f0d27b0\"},\"headline\":\"Karol Nawrocki opowiada si\u0119 za Polsk\u0105, aby mie\u0107 najwi\u0119ksz\u0105 armi\u0119 l\u0105dow\u0105 w NATO\",\"datePublished\":\"2025-03-02T20:46:50+00:00\",\"dateModified\":\"2025-03-02T20:46:50+00:00\",\"mainEntityOfPage\":{\"@id\":\"https:\/\/www.pogotowieflagowe.pl\/aktualne\/karol-nawrocki-opowiada-sie-za-polska-aby-miec-najwieksza-armie-ladowa-w-nato\/\"},\"wordCount\":320,\"publisher\":{\"@id\":\"https:\/\/www.pogotowieflagowe.pl\/aktualne\/#organization\"},\"image\":{\"@id\":\"https:\/\/www.pogotowieflagowe.pl\/aktualne\/karol-nawrocki-opowiada-sie-za-polska-aby-miec-najwieksza-armie-ladowa-w-nato\/#primaryimage\"},\"thumbnailUrl\":\"https:\/\/www.pogotowieflagowe.pl\/aktualne\/wp-content\/uploads\/2025\/02\/Karol-Nawrocki-krytykuje-uwagi-Trzaskowskiego-na-temat-polskich-zolnierzy.webp.webp\",\"keywords\":[\"aby\",\"armi\u0119\",\"Karol\",\"l\u0105dow\u0105\",\"mie\u0107\",\"Najwi\u0119ksza\",\"NATO\",\"Nawrocki\",\"opowiada\",\"polska\",\"si\u0119\"],\"articleSection\":[\"Aktualne\"],\"inLanguage\":\"pl-PL\"},{\"@type\":\"WebPage\",\"@id\":\"https:\/\/www.pogotowieflagowe.pl\/aktualne\/karol-nawrocki-opowiada-sie-za-polska-aby-miec-najwieksza-armie-ladowa-w-nato\/\",\"url\":\"https:\/\/www.pogotowieflagowe.pl\/aktualne\/karol-nawrocki-opowiada-sie-za-polska-aby-miec-najwieksza-armie-ladowa-w-nato\/\",\"name\":\"Karol Nawrocki opowiada si\u0119 za Polsk\u0105, aby mie\u0107 najwi\u0119ksz\u0105 armi\u0119 l\u0105dow\u0105 w NATO - POGOTOWIE FLAGOWE\u00ae\",\"isPartOf\":{\"@id\":\"https:\/\/www.pogotowieflagowe.pl\/aktualne\/#website\"},\"primaryImageOfPage\":{\"@id\":\"https:\/\/www.pogotowieflagowe.pl\/aktualne\/karol-nawrocki-opowiada-sie-za-polska-aby-miec-najwieksza-armie-ladowa-w-nato\/#primaryimage\"},\"image\":{\"@id\":\"https:\/\/www.pogotowieflagowe.pl\/aktualne\/karol-nawrocki-opowiada-sie-za-polska-aby-miec-najwieksza-armie-ladowa-w-nato\/#primaryimage\"},\"thumbnailUrl\":\"https:\/\/www.pogotowieflagowe.pl\/aktualne\/wp-content\/uploads\/2025\/02\/Karol-Nawrocki-krytykuje-uwagi-Trzaskowskiego-na-temat-polskich-zolnierzy.webp.webp\",\"datePublished\":\"2025-03-02T20:46:50+00:00\",\"dateModified\":\"2025-03-02T20:46:50+00:00\",\"breadcrumb\":{\"@id\":\"https:\/\/www.pogotowieflagowe.pl\/aktualne\/karol-nawrocki-opowiada-sie-za-polska-aby-miec-najwieksza-armie-ladowa-w-nato\/#breadcrumb\"},\"inLanguage\":\"pl-PL\",\"potentialAction\":[{\"@type\":\"ReadAction\",\"target\":[\"https:\/\/www.pogotowieflagowe.pl\/aktualne\/karol-nawrocki-opowiada-sie-za-polska-aby-miec-najwieksza-armie-ladowa-w-nato\/\"]}]},{\"@type\":\"ImageObject\",\"inLanguage\":\"pl-PL\",\"@id\":\"https:\/\/www.pogotowieflagowe.pl\/aktualne\/karol-nawrocki-opowiada-sie-za-polska-aby-miec-najwieksza-armie-ladowa-w-nato\/#primaryimage\",\"url\":\"https:\/\/www.pogotowieflagowe.pl\/aktualne\/wp-content\/uploads\/2025\/02\/Karol-Nawrocki-krytykuje-uwagi-Trzaskowskiego-na-temat-polskich-zolnierzy.webp.webp\",\"contentUrl\":\"https:\/\/www.pogotowieflagowe.pl\/aktualne\/wp-content\/uploads\/2025\/02\/Karol-Nawrocki-krytykuje-uwagi-Trzaskowskiego-na-temat-polskich-zolnierzy.webp.webp\",\"width\":1280,\"height\":720,\"caption\":\"Karol Nawrocki krytykuje uwagi Trzaskowskiego na temat polskich \u017co\u0142nierzy\"},{\"@type\":\"BreadcrumbList\",\"@id\":\"https:\/\/www.pogotowieflagowe.pl\/aktualne\/karol-nawrocki-opowiada-sie-za-polska-aby-miec-najwieksza-armie-ladowa-w-nato\/#breadcrumb\",\"itemListElement\":[{\"@type\":\"ListItem\",\"position\":1,\"name\":\"Home\",\"item\":\"https:\/\/www.pogotowieflagowe.pl\/aktualne\/\"},{\"@type\":\"ListItem\",\"position\":2,\"name\":\"Karol Nawrocki opowiada si\u0119 za Polsk\u0105, aby mie\u0107 najwi\u0119ksz\u0105 armi\u0119 l\u0105dow\u0105 w NATO\"}]},{\"@type\":\"WebSite\",\"@id\":\"https:\/\/www.pogotowieflagowe.pl\/aktualne\/#website\",\"url\":\"https:\/\/www.pogotowieflagowe.pl\/aktualne\/\",\"name\":\"POGOTOWIE FLAGOWE\u00ae\",\"description\":\"\",\"publisher\":{\"@id\":\"https:\/\/www.pogotowieflagowe.pl\/aktualne\/#organization\"},\"potentialAction\":[{\"@type\":\"SearchAction\",\"target\":{\"@type\":\"EntryPoint\",\"urlTemplate\":\"https:\/\/www.pogotowieflagowe.pl\/aktualne\/?s={search_term_string}\"},\"query-input\":\"required name=search_term_string\"}],\"inLanguage\":\"pl-PL\"},{\"@type\":\"Organization\",\"@id\":\"https:\/\/www.pogotowieflagowe.pl\/aktualne\/#organization\",\"name\":\"POGOTOWIE FLAGOWE\u00ae\",\"url\":\"https:\/\/www.pogotowieflagowe.pl\/aktualne\/\",\"logo\":{\"@type\":\"ImageObject\",\"inLanguage\":\"pl-PL\",\"@id\":\"https:\/\/www.pogotowieflagowe.pl\/aktualne\/#\/schema\/logo\/image\/\",\"url\":\"https:\/\/www.pogotowieflagowe.pl\/aktualne\/wp-content\/uploads\/2024\/08\/cropped-pogotowieflagowe_flaga_projekt_sm.jpg\",\"contentUrl\":\"https:\/\/www.pogotowieflagowe.pl\/aktualne\/wp-content\/uploads\/2024\/08\/cropped-pogotowieflagowe_flaga_projekt_sm.jpg\",\"width\":250,\"height\":143,\"caption\":\"POGOTOWIE FLAGOWE\u00ae\"},\"image\":{\"@id\":\"https:\/\/www.pogotowieflagowe.pl\/aktualne\/#\/schema\/logo\/image\/\"}},{\"@type\":\"Person\",\"@id\":\"https:\/\/www.pogotowieflagowe.pl\/aktualne\/#\/schema\/person\/9c2fb7d2362ebf6fa088960d7f0d27b0\",\"name\":\"Filip\",\"image\":{\"@type\":\"ImageObject\",\"inLanguage\":\"pl-PL\",\"@id\":\"https:\/\/www.pogotowieflagowe.pl\/aktualne\/#\/schema\/person\/image\/\",\"url\":\"https:\/\/www.pogotowieflagowe.pl\/aktualne\/wp-content\/uploads\/2024\/08\/pogotowieflagowe.pl_.jpg\",\"contentUrl\":\"https:\/\/www.pogotowieflagowe.pl\/aktualne\/wp-content\/uploads\/2024\/08\/pogotowieflagowe.pl_.jpg\",\"caption\":\"Filip\"},\"description\":\"Jestem Filip, polski dziennikarz z dyplomem nauk politycznych Uniwersytetu Warszawskiego. Rozpoczynaj\u0105c swoj\u0105 karier\u0119 w r\u00f3\u017cnych lokalnych mediach, zdoby\u0142em solidne do\u015bwiadczenie w zakresie \u015bledztwa i redakcji. Obecnie jako redaktor w Pogotowie flagowe, staram si\u0119 dostarcza\u0107 dog\u0142\u0119bne i istotne analizy na temat najwa\u017cniejszych kwestii aktualno\u015bci, \u0142\u0105cz\u0105c rygor z pasj\u0105 dziennikarsk\u0105.\",\"sameAs\":[\"https:\/\/www.pogotowieflagowe.pl\/\"]}]}<\/script>\n<!-- \/ Yoast SEO plugin. -->","yoast_head_json":{"title":"Karol Nawrocki opowiada si\u0119 za Polsk\u0105, aby mie\u0107 najwi\u0119ksz\u0105 armi\u0119 l\u0105dow\u0105 w NATO - POGOTOWIE FLAGOWE\u00ae","robots":{"index":"index","follow":"follow","max-snippet":"max-snippet:-1","max-image-preview":"max-image-preview:large","max-video-preview":"max-video-preview:-1"},"canonical":"https:\/\/www.pogotowieflagowe.pl\/aktualne\/karol-nawrocki-opowiada-sie-za-polska-aby-miec-najwieksza-armie-ladowa-w-nato\/","og_locale":"pl_PL","og_type":"article","og_title":"Karol Nawrocki opowiada si\u0119 za Polsk\u0105, aby mie\u0107 najwi\u0119ksz\u0105 armi\u0119 l\u0105dow\u0105 w NATO - POGOTOWIE FLAGOWE\u00ae","og_description":"Podczas konferencji programowej Karol Nawrocki argumentowa\u0142, \u017ce Polska nie mo\u017ce si\u0119 broni\u0107 przed zagro\u017ceniem ze strony Rosji, chroni\u0105c tylko po\u0142ow\u0119","og_url":"https:\/\/www.pogotowieflagowe.pl\/aktualne\/karol-nawrocki-opowiada-sie-za-polska-aby-miec-najwieksza-armie-ladowa-w-nato\/","og_site_name":"POGOTOWIE FLAGOWE\u00ae","article_published_time":"2025-03-02T20:46:50+00:00","og_image":[{"width":1280,"height":720,"url":"https:\/\/www.pogotowieflagowe.pl\/aktualne\/wp-content\/uploads\/2025\/02\/Karol-Nawrocki-krytykuje-uwagi-Trzaskowskiego-na-temat-polskich-zolnierzy.webp.webp","type":"image\/webp"}],"author":"Filip","twitter_card":"summary_large_image","twitter_misc":{"Napisane przez":"Filip","Szacowany czas czytania":"2 minuty"},"schema":{"@context":"https:\/\/schema.org","@graph":[{"@type":"Article","@id":"https:\/\/www.pogotowieflagowe.pl\/aktualne\/karol-nawrocki-opowiada-sie-za-polska-aby-miec-najwieksza-armie-ladowa-w-nato\/#article","isPartOf":{"@id":"https:\/\/www.pogotowieflagowe.pl\/aktualne\/karol-nawrocki-opowiada-sie-za-polska-aby-miec-najwieksza-armie-ladowa-w-nato\/"},"author":{"name":"Filip","@id":"https:\/\/www.pogotowieflagowe.pl\/aktualne\/#\/schema\/person\/9c2fb7d2362ebf6fa088960d7f0d27b0"},"headline":"Karol Nawrocki opowiada si\u0119 za Polsk\u0105, aby mie\u0107 najwi\u0119ksz\u0105 armi\u0119 l\u0105dow\u0105 w NATO","datePublished":"2025-03-02T20:46:50+00:00","dateModified":"2025-03-02T20:46:50+00:00","mainEntityOfPage":{"@id":"https:\/\/www.pogotowieflagowe.pl\/aktualne\/karol-nawrocki-opowiada-sie-za-polska-aby-miec-najwieksza-armie-ladowa-w-nato\/"},"wordCount":320,"publisher":{"@id":"https:\/\/www.pogotowieflagowe.pl\/aktualne\/#organization"},"image":{"@id":"https:\/\/www.pogotowieflagowe.pl\/aktualne\/karol-nawrocki-opowiada-sie-za-polska-aby-miec-najwieksza-armie-ladowa-w-nato\/#primaryimage"},"thumbnailUrl":"https:\/\/www.pogotowieflagowe.pl\/aktualne\/wp-content\/uploads\/2025\/02\/Karol-Nawrocki-krytykuje-uwagi-Trzaskowskiego-na-temat-polskich-zolnierzy.webp.webp","keywords":["aby","armi\u0119","Karol","l\u0105dow\u0105","mie\u0107","Najwi\u0119ksza","NATO","Nawrocki","opowiada","polska","si\u0119"],"articleSection":["Aktualne"],"inLanguage":"pl-PL"},{"@type":"WebPage","@id":"https:\/\/www.pogotowieflagowe.pl\/aktualne\/karol-nawrocki-opowiada-sie-za-polska-aby-miec-najwieksza-armie-ladowa-w-nato\/","url":"https:\/\/www.pogotowieflagowe.pl\/aktualne\/karol-nawrocki-opowiada-sie-za-polska-aby-miec-najwieksza-armie-ladowa-w-nato\/","name":"Karol Nawrocki opowiada si\u0119 za Polsk\u0105, aby mie\u0107 najwi\u0119ksz\u0105 armi\u0119 l\u0105dow\u0105 w NATO - POGOTOWIE FLAGOWE\u00ae","isPartOf":{"@id":"https:\/\/www.pogotowieflagowe.pl\/aktualne\/#website"},"primaryImageOfPage":{"@id":"https:\/\/www.pogotowieflagowe.pl\/aktualne\/karol-nawrocki-opowiada-sie-za-polska-aby-miec-najwieksza-armie-ladowa-w-nato\/#primaryimage"},"image":{"@id":"https:\/\/www.pogotowieflagowe.pl\/aktualne\/karol-nawrocki-opowiada-sie-za-polska-aby-miec-najwieksza-armie-ladowa-w-nato\/#primaryimage"},"thumbnailUrl":"https:\/\/www.pogotowieflagowe.pl\/aktualne\/wp-content\/uploads\/2025\/02\/Karol-Nawrocki-krytykuje-uwagi-Trzaskowskiego-na-temat-polskich-zolnierzy.webp.webp","datePublished":"2025-03-02T20:46:50+00:00","dateModified":"2025-03-02T20:46:50+00:00","breadcrumb":{"@id":"https:\/\/www.pogotowieflagowe.pl\/aktualne\/karol-nawrocki-opowiada-sie-za-polska-aby-miec-najwieksza-armie-ladowa-w-nato\/#breadcrumb"},"inLanguage":"pl-PL","potentialAction":[{"@type":"ReadAction","target":["https:\/\/www.pogotowieflagowe.pl\/aktualne\/karol-nawrocki-opowiada-sie-za-polska-aby-miec-najwieksza-armie-ladowa-w-nato\/"]}]},{"@type":"ImageObject","inLanguage":"pl-PL","@id":"https:\/\/www.pogotowieflagowe.pl\/aktualne\/karol-nawrocki-opowiada-sie-za-polska-aby-miec-najwieksza-armie-ladowa-w-nato\/#primaryimage","url":"https:\/\/www.pogotowieflagowe.pl\/aktualne\/wp-content\/uploads\/2025\/02\/Karol-Nawrocki-krytykuje-uwagi-Trzaskowskiego-na-temat-polskich-zolnierzy.webp.webp","contentUrl":"https:\/\/www.pogotowieflagowe.pl\/aktualne\/wp-content\/uploads\/2025\/02\/Karol-Nawrocki-krytykuje-uwagi-Trzaskowskiego-na-temat-polskich-zolnierzy.webp.webp","width":1280,"height":720,"caption":"Karol Nawrocki krytykuje uwagi Trzaskowskiego na temat polskich \u017co\u0142nierzy"},{"@type":"BreadcrumbList","@id":"https:\/\/www.pogotowieflagowe.pl\/aktualne\/karol-nawrocki-opowiada-sie-za-polska-aby-miec-najwieksza-armie-ladowa-w-nato\/#breadcrumb","itemListElement":[{"@type":"ListItem","position":1,"name":"Home","item":"https:\/\/www.pogotowieflagowe.pl\/aktualne\/"},{"@type":"ListItem","position":2,"name":"Karol Nawrocki opowiada si\u0119 za Polsk\u0105, aby mie\u0107 najwi\u0119ksz\u0105 armi\u0119 l\u0105dow\u0105 w NATO"}]},{"@type":"WebSite","@id":"https:\/\/www.pogotowieflagowe.pl\/aktualne\/#website","url":"https:\/\/www.pogotowieflagowe.pl\/aktualne\/","name":"POGOTOWIE FLAGOWE\u00ae","description":"","publisher":{"@id":"https:\/\/www.pogotowieflagowe.pl\/aktualne\/#organization"},"potentialAction":[{"@type":"SearchAction","target":{"@type":"EntryPoint","urlTemplate":"https:\/\/www.pogotowieflagowe.pl\/aktualne\/?s={search_term_string}"},"query-input":"required name=search_term_string"}],"inLanguage":"pl-PL"},{"@type":"Organization","@id":"https:\/\/www.pogotowieflagowe.pl\/aktualne\/#organization","name":"POGOTOWIE FLAGOWE\u00ae","url":"https:\/\/www.pogotowieflagowe.pl\/aktualne\/","logo":{"@type":"ImageObject","inLanguage":"pl-PL","@id":"https:\/\/www.pogotowieflagowe.pl\/aktualne\/#\/schema\/logo\/image\/","url":"https:\/\/www.pogotowieflagowe.pl\/aktualne\/wp-content\/uploads\/2024\/08\/cropped-pogotowieflagowe_flaga_projekt_sm.jpg","contentUrl":"https:\/\/www.pogotowieflagowe.pl\/aktualne\/wp-content\/uploads\/2024\/08\/cropped-pogotowieflagowe_flaga_projekt_sm.jpg","width":250,"height":143,"caption":"POGOTOWIE FLAGOWE\u00ae"},"image":{"@id":"https:\/\/www.pogotowieflagowe.pl\/aktualne\/#\/schema\/logo\/image\/"}},{"@type":"Person","@id":"https:\/\/www.pogotowieflagowe.pl\/aktualne\/#\/schema\/person\/9c2fb7d2362ebf6fa088960d7f0d27b0","name":"Filip","image":{"@type":"ImageObject","inLanguage":"pl-PL","@id":"https:\/\/www.pogotowieflagowe.pl\/aktualne\/#\/schema\/person\/image\/","url":"https:\/\/www.pogotowieflagowe.pl\/aktualne\/wp-content\/uploads\/2024\/08\/pogotowieflagowe.pl_.jpg","contentUrl":"https:\/\/www.pogotowieflagowe.pl\/aktualne\/wp-content\/uploads\/2024\/08\/pogotowieflagowe.pl_.jpg","caption":"Filip"},"description":"Jestem Filip, polski dziennikarz z dyplomem nauk politycznych Uniwersytetu Warszawskiego. Rozpoczynaj\u0105c swoj\u0105 karier\u0119 w r\u00f3\u017cnych lokalnych mediach, zdoby\u0142em solidne do\u015bwiadczenie w zakresie \u015bledztwa i redakcji. Obecnie jako redaktor w Pogotowie flagowe, staram si\u0119 dostarcza\u0107 dog\u0142\u0119bne i istotne analizy na temat najwa\u017cniejszych kwestii aktualno\u015bci, \u0142\u0105cz\u0105c rygor z pasj\u0105 dziennikarsk\u0105.","sameAs":["https:\/\/www.pogotowieflagowe.pl\/"]}]}},"_links":{"self":[{"href":"https:\/\/www.pogotowieflagowe.pl\/aktualne\/wp-json\/wp\/v2\/posts\/4347","targetHints":{"allow":["GET"]}}],"collection":[{"href":"https:\/\/www.pogotowieflagowe.pl\/aktualne\/wp-json\/wp\/v2\/posts"}],"about":[{"href":"https:\/\/www.pogotowieflagowe.pl\/aktualne\/wp-json\/wp\/v2\/types\/post"}],"author":[{"embeddable":true,"href":"https:\/\/www.pogotowieflagowe.pl\/aktualne\/wp-json\/wp\/v2\/users\/1"}],"replies":[{"embeddable":true,"href":"https:\/\/www.pogotowieflagowe.pl\/aktualne\/wp-json\/wp\/v2\/comments?post=4347"}],"version-history":[{"count":1,"href":"https:\/\/www.pogotowieflagowe.pl\/aktualne\/wp-json\/wp\/v2\/posts\/4347\/revisions"}],"predecessor-version":[{"id":4348,"href":"https:\/\/www.pogotowieflagowe.pl\/aktualne\/wp-json\/wp\/v2\/posts\/4347\/revisions\/4348"}],"wp:featuredmedia":[{"embeddable":true,"href":"https:\/\/www.pogotowieflagowe.pl\/aktualne\/wp-json\/wp\/v2\/media\/3984"}],"wp:attachment":[{"href":"https:\/\/www.pogotowieflagowe.pl\/aktualne\/wp-json\/wp\/v2\/media?parent=4347"}],"wp:term":[{"taxonomy":"category","embeddable":true,"href":"https:\/\/www.pogotowieflagowe.pl\/aktualne\/wp-json\/wp\/v2\/categories?post=4347"},{"taxonomy":"post_tag","embeddable":true,"href":"https:\/\/www.pogotowieflagowe.pl\/aktualne\/wp-json\/wp\/v2\/tags?post=4347"}],"curies":[{"name":"wp","href":"https:\/\/api.w.org\/{rel}","templated":true}]}}