{"id":4351,"date":"2025-03-03T03:47:44","date_gmt":"2025-03-03T02:47:44","guid":{"rendered":"https:\/\/www.pogotowieflagowe.pl\/aktualne\/cyberatack-trafi-do-polskich-systemow-agencji-kosmicznej-wladze-badaja-sprawce\/"},"modified":"2025-03-03T03:47:46","modified_gmt":"2025-03-03T02:47:46","slug":"cyberatack-trafi-do-polskich-systemow-agencji-kosmicznej-wladze-badaja-sprawce","status":"publish","type":"post","link":"https:\/\/www.pogotowieflagowe.pl\/aktualne\/cyberatack-trafi-do-polskich-systemow-agencji-kosmicznej-wladze-badaja-sprawce\/","title":{"rendered":"Cyberatack trafi do polskich system\u00f3w agencji kosmicznej, w\u0142adze badaj\u0105 sprawc\u0119"},"content":{"rendered":"\n<div class=\"td_block_wrap tdb_single_content tdi_41 td-pb-border-top td_block_template_8 td-post-content tagdiv-type\" data-td-block-uid=\"tdi_41\">\n<style>.tdi_41 {margin-top: 0px! Wa\u017cne; margines-bottom: 0px! WA\u017bNY; PALDING-TOP: 0PX! WA\u017bNY; PALDING-BOTTOM: 0PX! WA\u017bNE}<\/style>\n<style>.tdb_single_content {margin-bottom: 0;*zoom: 1} .tdb_single_content: wcze\u015bniej, .tdb_single_content: po {display: Table; content: ''; line-height: 0} .TDB-BLOCK-INner>*: nie (.WP-BLOCK-QUOTE): not (.alignSwide): not (.Alignfull.wp-block-cover.has-parallax): not (.td-a-ad) {margin-left: auto; margin-right: auto} .tdb_single_ConTent a {wska\u017anik-events: auto} .tdb_single_content .td-spot-id-top_ad .tdc-placeholder-title: przed {content: \u201eArtyku\u0142 top ad\u201d! Wa\u017cne} .tdb_single_content .td-Spot-Id-inline_ad0 .tdc-placeholder-title 1 '! Wa\u017cne} .tdb_single_content .td-Spot-Id-inline_Ad1 .tdc-Placeholder-Title: przed {content: \u201eArtyku\u0142 inline AD 2'! Wa\u017cny} .tdb_single_content. 3 '! Wa\u017cne} .tdb_single_content .td-Spot-Id-Bottom_Ad .tdc-Placeholder-Title: przed {content: \u201eArtyku\u0142 Bottom Ad\u201d! Wa\u017cne} .tdb_single_content .id_top_ad, .tdb_single_content_content .id_bottom_ad {clear: oba; margin-bottom: 21px; text-align: Center} .tdb_single_content .id_top_ad img, .tdb_single_content .id_bottom_ad img {margin-bottom: 0} .tdb_single_conTent .id_top_ad .adsbyGoogle, .tdb_single_content .id_bottom_ad .adsbyGoogle {pozycja: relatyw} .tdb_single_content .id_ad_content-horiz-left, .tdb_single_content .id_ad_content-horiz-right, .tdb_single_content .id_ad_content-horiz-Center {margin-bottom: 15px} .tdb_single_content .id_ad_content-horiz-left Img, .tdb_single_content .id_ad_content-horiz-right img, .tdb_single_content .id_ad_content-horiz-centerter img {margin-bottom: 0} .tdb_single_content .id_ad_content-horiz-center {text-align: Center} .tdb_single_content .id_ad_content-horiz-center img {margin-right: auto; margin-let: auto} .tdb_single_content .id_ad_content-horiz-left {float: left; margin-top: 9px; margin-right: 21px} .tdb_single_content .id_ad_content-horiz-right {float: margin-top: 6px; margin-left: 21px} .tdb_single_content .tdc-a-a-ad .TDC-Placeholder-Title {szeroko\u015b\u0107: 300px; height: 250px} .tdb_single_content .tdc-a-ad .TDC-Placeholder-Title: Przed {Pozycja: Absolute; TOP: 50%;-WebKit-Transform: Translatey (-50%); Transform: Translatey (-50%); margines: auto; Display: Tabela; szeroko\u015b\u0107: 100%}. tdb_single_content .TDB-BLOCK-INNER.TD-FIX-INDEX {Word-Break: Break-word} .tdi_41, .tdi_41> p, .tdi_41 .tdb-block-inner> p, .Wp-Block-Column> p {font-size: 16px! Wa\u017cne; wa\u017cny; p {font-styl: normalne! Wa\u017cne} @media (Max-Width: 767px) {. tdb_single_content .id_ad_content-horiz-left, .tdb_single_content .id_ad_content-horiz-right, .tdb_single_content .id_ad_content-horiz-centter {Margin: 0 AUTO 26PXX auto}}@media (Max-Width: 767px) {. tdb_single_content .id_ad_content-horiz-left {margin-right: 0}}@media (max-width: 767px) {. (Max-Width: 767px) {. tdb_single_content .td-a-ad {float: none; text-align: Center} .tdb_single_content .td-a-ad img {margin-right: auto; margin-left: auto} .tdb_single_content .tdc-a-a-a-{margin-right: auto; margin-left: auto} .tdb_single_content .tdd<\/style>\n<div class=\"tdb-block-inner td-fix-index\">\n<p>Niedawny cyberatak na temat system\u00f3w Polskiej Agencji Kosmicznej (Polsa) spowodowa\u0142 dochodzenie przeprowadzone przez us\u0142ugi cyberbezpiecze\u0144stwa. Polski minister spraw cyfrowych Krzysztof Gawkowski og\u0142osi\u0142 na platformie medi\u00f3w spo\u0142eczno\u015bciowych X, \u017ce urz\u0119dnicy wykryli nieautoryzowany dost\u0119p do infrastruktury telekomunikacyjnej Polsy.<\/p>\n<p>Gawkowski zapewni\u0142 opini\u0119 publiczn\u0105, \u017ce systemy dotkni\u0119te zosta\u0142y zabezpieczone. Zespo\u0142y reagowania na incydenty dotycz\u0105ce bezpiecze\u0144stwa komputerowego Nask (CSIRT NASK) i Ministerstwo Obrony Narodowej (CSIRT MON) wsp\u00f3\u0142pracuj\u0105 z Pols\u0105 w celu przywr\u00f3cenia pe\u0142nej zdolno\u015bci operacyjnej agencji. Jednocze\u015bnie w\u0142adze zintensyfikowa\u0142y wysi\u0142ki w celu zidentyfikowania os\u00f3b odpowiedzialnych za naruszenie.<\/p>\n<blockquote class=\"twitter-tweet\">\n<p lang=\"pl\" dir=\"ltr\">S\u0142u\u017cby Pa\u0144swa OdpowiedZialne Za CyberbezpieZ\u0144sWo Wykry\u0142y Niepranniony Dost\u0119p do Infrastruktury Teleinformatycznej Polsskij Agencji Kosmicznej. <\/p>\n<p>W Zwi\u0105zku z incydentem ZabezpieZone Zosta\u0142owy systemy obj\u0119te atakiem. Csirt nask wSp\u00f3lnie z csirt mon WSPiera Polsa W Dziaa\u0142anieach,\u2026<\/p>\n<p>&#8211; Krzysztof Gawkowski (@kgawkowski) <a rel=\"nofollow\" href=\"https:\/\/twitter.com\/KGawkowski\/status\/1896238410366337508?ref_src=twsrc%5Etfw\">2 marca 2025 r<\/a><\/p><\/blockquote>\n<p>Polsa potwierdzi\u0142a incydent z cyberbezpiecze\u0144stwem, wskazuj\u0105c, \u017ce wszystkie odpowiednie agencje zosta\u0142y poinformowane i \u017ce wdro\u017cono natychmiastowe od\u0142\u0105czenie od Internetu w celu ochrony danych. Polska Agencja Kosmiczna, organ wykonawczy w Ministerstwie Rozwoju i Technologii ustanowionej w 2014 r., Odgrywa kluczow\u0105 rol\u0119 we wspieraniu bran\u017cy kosmicznej kraju i wsp\u00f3\u0142pracuje na ca\u0142ym \u015bwiecie nad eksploracj\u0105 i wykorzystaniem przestrzeni.<\/p>\n<\/div>\n<\/div>\n<p><script async src=\"https:\/\/platform.twitter.com\/widgets.js\" charset=\"utf-8\"><\/script><\/p>\n","protected":false},"excerpt":{"rendered":"<p>Niedawny cyberatak na temat system\u00f3w Polskiej Agencji Kosmicznej (Polsa) spowodowa\u0142 dochodzenie przeprowadzone przez us\u0142ugi cyberbezpiecze\u0144stwa. Polski minister spraw cyfrowych Krzysztof<\/p>\n","protected":false},"author":1,"featured_media":4352,"comment_status":"closed","ping_status":"","sticky":false,"template":"","format":"standard","meta":{"footnotes":""},"categories":[4748],"tags":[5966,5967,5964,775,83,5968,784,5965,1003],"class_list":["post-4351","post","type-post","status-publish","format-standard","has-post-thumbnail","hentry","category-aktualne","tag-agencji","tag-badaja","tag-cyberatack","tag-kosmicznej","tag-polskich","tag-sprawce","tag-systemow","tag-trafi","tag-wladze","generate-columns","tablet-grid-50","mobile-grid-100","grid-parent","grid-50","resize-featured-image"],"yoast_head":"<!-- This site is optimized with the Yoast SEO plugin v23.2 - https:\/\/yoast.com\/wordpress\/plugins\/seo\/ -->\n<title>Cyberatack trafi do polskich system\u00f3w agencji kosmicznej, w\u0142adze badaj\u0105 sprawc\u0119 - POGOTOWIE FLAGOWE\u00ae<\/title>\n<meta name=\"robots\" content=\"index, follow, max-snippet:-1, max-image-preview:large, max-video-preview:-1\" \/>\n<link rel=\"canonical\" href=\"https:\/\/www.pogotowieflagowe.pl\/aktualne\/cyberatack-trafi-do-polskich-systemow-agencji-kosmicznej-wladze-badaja-sprawce\/\" \/>\n<meta property=\"og:locale\" content=\"pl_PL\" \/>\n<meta property=\"og:type\" content=\"article\" \/>\n<meta property=\"og:title\" content=\"Cyberatack trafi do polskich system\u00f3w agencji kosmicznej, w\u0142adze badaj\u0105 sprawc\u0119 - POGOTOWIE FLAGOWE\u00ae\" \/>\n<meta property=\"og:description\" content=\"Niedawny cyberatak na temat system\u00f3w Polskiej Agencji Kosmicznej (Polsa) spowodowa\u0142 dochodzenie przeprowadzone przez us\u0142ugi cyberbezpiecze\u0144stwa. Polski minister spraw cyfrowych Krzysztof\" \/>\n<meta property=\"og:url\" content=\"https:\/\/www.pogotowieflagowe.pl\/aktualne\/cyberatack-trafi-do-polskich-systemow-agencji-kosmicznej-wladze-badaja-sprawce\/\" \/>\n<meta property=\"og:site_name\" content=\"POGOTOWIE FLAGOWE\u00ae\" \/>\n<meta property=\"article:published_time\" content=\"2025-03-03T02:47:44+00:00\" \/>\n<meta property=\"article:modified_time\" content=\"2025-03-03T02:47:46+00:00\" \/>\n<meta property=\"og:image\" content=\"https:\/\/www.pogotowieflagowe.pl\/aktualne\/wp-content\/uploads\/2025\/03\/Cyberatack-trafi-do-polskich-systemow-agencji-kosmicznej-wladze-badaja-sprawce.jpg\" \/>\n\t<meta property=\"og:image:width\" content=\"1919\" \/>\n\t<meta property=\"og:image:height\" content=\"1089\" \/>\n\t<meta property=\"og:image:type\" content=\"image\/jpeg\" \/>\n<meta name=\"author\" content=\"Filip\" \/>\n<meta name=\"twitter:card\" content=\"summary_large_image\" \/>\n<meta name=\"twitter:label1\" content=\"Napisane przez\" \/>\n\t<meta name=\"twitter:data1\" content=\"Filip\" \/>\n\t<meta name=\"twitter:label2\" content=\"Szacowany czas czytania\" \/>\n\t<meta name=\"twitter:data2\" content=\"1 minuta\" \/>\n<script type=\"application\/ld+json\" class=\"yoast-schema-graph\">{\"@context\":\"https:\/\/schema.org\",\"@graph\":[{\"@type\":\"Article\",\"@id\":\"https:\/\/www.pogotowieflagowe.pl\/aktualne\/cyberatack-trafi-do-polskich-systemow-agencji-kosmicznej-wladze-badaja-sprawce\/#article\",\"isPartOf\":{\"@id\":\"https:\/\/www.pogotowieflagowe.pl\/aktualne\/cyberatack-trafi-do-polskich-systemow-agencji-kosmicznej-wladze-badaja-sprawce\/\"},\"author\":{\"name\":\"Filip\",\"@id\":\"https:\/\/www.pogotowieflagowe.pl\/aktualne\/#\/schema\/person\/9c2fb7d2362ebf6fa088960d7f0d27b0\"},\"headline\":\"Cyberatack trafi do polskich system\u00f3w agencji kosmicznej, w\u0142adze badaj\u0105 sprawc\u0119\",\"datePublished\":\"2025-03-03T02:47:44+00:00\",\"dateModified\":\"2025-03-03T02:47:46+00:00\",\"mainEntityOfPage\":{\"@id\":\"https:\/\/www.pogotowieflagowe.pl\/aktualne\/cyberatack-trafi-do-polskich-systemow-agencji-kosmicznej-wladze-badaja-sprawce\/\"},\"wordCount\":230,\"publisher\":{\"@id\":\"https:\/\/www.pogotowieflagowe.pl\/aktualne\/#organization\"},\"image\":{\"@id\":\"https:\/\/www.pogotowieflagowe.pl\/aktualne\/cyberatack-trafi-do-polskich-systemow-agencji-kosmicznej-wladze-badaja-sprawce\/#primaryimage\"},\"thumbnailUrl\":\"https:\/\/www.pogotowieflagowe.pl\/aktualne\/wp-content\/uploads\/2025\/03\/Cyberatack-trafi-do-polskich-systemow-agencji-kosmicznej-wladze-badaja-sprawce.jpg\",\"keywords\":[\"agencji\",\"badaj\u0105\",\"Cyberatack\",\"kosmicznej\",\"polskich\",\"sprawc\u0119\",\"system\u00f3w\",\"trafi\",\"w\u0142adze\"],\"articleSection\":[\"Aktualne\"],\"inLanguage\":\"pl-PL\"},{\"@type\":\"WebPage\",\"@id\":\"https:\/\/www.pogotowieflagowe.pl\/aktualne\/cyberatack-trafi-do-polskich-systemow-agencji-kosmicznej-wladze-badaja-sprawce\/\",\"url\":\"https:\/\/www.pogotowieflagowe.pl\/aktualne\/cyberatack-trafi-do-polskich-systemow-agencji-kosmicznej-wladze-badaja-sprawce\/\",\"name\":\"Cyberatack trafi do polskich system\u00f3w agencji kosmicznej, w\u0142adze badaj\u0105 sprawc\u0119 - POGOTOWIE FLAGOWE\u00ae\",\"isPartOf\":{\"@id\":\"https:\/\/www.pogotowieflagowe.pl\/aktualne\/#website\"},\"primaryImageOfPage\":{\"@id\":\"https:\/\/www.pogotowieflagowe.pl\/aktualne\/cyberatack-trafi-do-polskich-systemow-agencji-kosmicznej-wladze-badaja-sprawce\/#primaryimage\"},\"image\":{\"@id\":\"https:\/\/www.pogotowieflagowe.pl\/aktualne\/cyberatack-trafi-do-polskich-systemow-agencji-kosmicznej-wladze-badaja-sprawce\/#primaryimage\"},\"thumbnailUrl\":\"https:\/\/www.pogotowieflagowe.pl\/aktualne\/wp-content\/uploads\/2025\/03\/Cyberatack-trafi-do-polskich-systemow-agencji-kosmicznej-wladze-badaja-sprawce.jpg\",\"datePublished\":\"2025-03-03T02:47:44+00:00\",\"dateModified\":\"2025-03-03T02:47:46+00:00\",\"breadcrumb\":{\"@id\":\"https:\/\/www.pogotowieflagowe.pl\/aktualne\/cyberatack-trafi-do-polskich-systemow-agencji-kosmicznej-wladze-badaja-sprawce\/#breadcrumb\"},\"inLanguage\":\"pl-PL\",\"potentialAction\":[{\"@type\":\"ReadAction\",\"target\":[\"https:\/\/www.pogotowieflagowe.pl\/aktualne\/cyberatack-trafi-do-polskich-systemow-agencji-kosmicznej-wladze-badaja-sprawce\/\"]}]},{\"@type\":\"ImageObject\",\"inLanguage\":\"pl-PL\",\"@id\":\"https:\/\/www.pogotowieflagowe.pl\/aktualne\/cyberatack-trafi-do-polskich-systemow-agencji-kosmicznej-wladze-badaja-sprawce\/#primaryimage\",\"url\":\"https:\/\/www.pogotowieflagowe.pl\/aktualne\/wp-content\/uploads\/2025\/03\/Cyberatack-trafi-do-polskich-systemow-agencji-kosmicznej-wladze-badaja-sprawce.jpg\",\"contentUrl\":\"https:\/\/www.pogotowieflagowe.pl\/aktualne\/wp-content\/uploads\/2025\/03\/Cyberatack-trafi-do-polskich-systemow-agencji-kosmicznej-wladze-badaja-sprawce.jpg\",\"width\":1919,\"height\":1089,\"caption\":\"Cyberatack trafi do polskich system\u00f3w agencji kosmicznej, w\u0142adze badaj\u0105 sprawc\u0119\"},{\"@type\":\"BreadcrumbList\",\"@id\":\"https:\/\/www.pogotowieflagowe.pl\/aktualne\/cyberatack-trafi-do-polskich-systemow-agencji-kosmicznej-wladze-badaja-sprawce\/#breadcrumb\",\"itemListElement\":[{\"@type\":\"ListItem\",\"position\":1,\"name\":\"Home\",\"item\":\"https:\/\/www.pogotowieflagowe.pl\/aktualne\/\"},{\"@type\":\"ListItem\",\"position\":2,\"name\":\"Cyberatack trafi do polskich system\u00f3w agencji kosmicznej, w\u0142adze badaj\u0105 sprawc\u0119\"}]},{\"@type\":\"WebSite\",\"@id\":\"https:\/\/www.pogotowieflagowe.pl\/aktualne\/#website\",\"url\":\"https:\/\/www.pogotowieflagowe.pl\/aktualne\/\",\"name\":\"POGOTOWIE FLAGOWE\u00ae\",\"description\":\"\",\"publisher\":{\"@id\":\"https:\/\/www.pogotowieflagowe.pl\/aktualne\/#organization\"},\"potentialAction\":[{\"@type\":\"SearchAction\",\"target\":{\"@type\":\"EntryPoint\",\"urlTemplate\":\"https:\/\/www.pogotowieflagowe.pl\/aktualne\/?s={search_term_string}\"},\"query-input\":\"required name=search_term_string\"}],\"inLanguage\":\"pl-PL\"},{\"@type\":\"Organization\",\"@id\":\"https:\/\/www.pogotowieflagowe.pl\/aktualne\/#organization\",\"name\":\"POGOTOWIE FLAGOWE\u00ae\",\"url\":\"https:\/\/www.pogotowieflagowe.pl\/aktualne\/\",\"logo\":{\"@type\":\"ImageObject\",\"inLanguage\":\"pl-PL\",\"@id\":\"https:\/\/www.pogotowieflagowe.pl\/aktualne\/#\/schema\/logo\/image\/\",\"url\":\"https:\/\/www.pogotowieflagowe.pl\/aktualne\/wp-content\/uploads\/2024\/08\/cropped-pogotowieflagowe_flaga_projekt_sm.jpg\",\"contentUrl\":\"https:\/\/www.pogotowieflagowe.pl\/aktualne\/wp-content\/uploads\/2024\/08\/cropped-pogotowieflagowe_flaga_projekt_sm.jpg\",\"width\":250,\"height\":143,\"caption\":\"POGOTOWIE FLAGOWE\u00ae\"},\"image\":{\"@id\":\"https:\/\/www.pogotowieflagowe.pl\/aktualne\/#\/schema\/logo\/image\/\"}},{\"@type\":\"Person\",\"@id\":\"https:\/\/www.pogotowieflagowe.pl\/aktualne\/#\/schema\/person\/9c2fb7d2362ebf6fa088960d7f0d27b0\",\"name\":\"Filip\",\"image\":{\"@type\":\"ImageObject\",\"inLanguage\":\"pl-PL\",\"@id\":\"https:\/\/www.pogotowieflagowe.pl\/aktualne\/#\/schema\/person\/image\/\",\"url\":\"https:\/\/www.pogotowieflagowe.pl\/aktualne\/wp-content\/uploads\/2024\/08\/pogotowieflagowe.pl_.jpg\",\"contentUrl\":\"https:\/\/www.pogotowieflagowe.pl\/aktualne\/wp-content\/uploads\/2024\/08\/pogotowieflagowe.pl_.jpg\",\"caption\":\"Filip\"},\"description\":\"Jestem Filip, polski dziennikarz z dyplomem nauk politycznych Uniwersytetu Warszawskiego. Rozpoczynaj\u0105c swoj\u0105 karier\u0119 w r\u00f3\u017cnych lokalnych mediach, zdoby\u0142em solidne do\u015bwiadczenie w zakresie \u015bledztwa i redakcji. Obecnie jako redaktor w Pogotowie flagowe, staram si\u0119 dostarcza\u0107 dog\u0142\u0119bne i istotne analizy na temat najwa\u017cniejszych kwestii aktualno\u015bci, \u0142\u0105cz\u0105c rygor z pasj\u0105 dziennikarsk\u0105.\",\"sameAs\":[\"https:\/\/www.pogotowieflagowe.pl\/\"]}]}<\/script>\n<!-- \/ Yoast SEO plugin. -->","yoast_head_json":{"title":"Cyberatack trafi do polskich system\u00f3w agencji kosmicznej, w\u0142adze badaj\u0105 sprawc\u0119 - POGOTOWIE FLAGOWE\u00ae","robots":{"index":"index","follow":"follow","max-snippet":"max-snippet:-1","max-image-preview":"max-image-preview:large","max-video-preview":"max-video-preview:-1"},"canonical":"https:\/\/www.pogotowieflagowe.pl\/aktualne\/cyberatack-trafi-do-polskich-systemow-agencji-kosmicznej-wladze-badaja-sprawce\/","og_locale":"pl_PL","og_type":"article","og_title":"Cyberatack trafi do polskich system\u00f3w agencji kosmicznej, w\u0142adze badaj\u0105 sprawc\u0119 - POGOTOWIE FLAGOWE\u00ae","og_description":"Niedawny cyberatak na temat system\u00f3w Polskiej Agencji Kosmicznej (Polsa) spowodowa\u0142 dochodzenie przeprowadzone przez us\u0142ugi cyberbezpiecze\u0144stwa. Polski minister spraw cyfrowych Krzysztof","og_url":"https:\/\/www.pogotowieflagowe.pl\/aktualne\/cyberatack-trafi-do-polskich-systemow-agencji-kosmicznej-wladze-badaja-sprawce\/","og_site_name":"POGOTOWIE FLAGOWE\u00ae","article_published_time":"2025-03-03T02:47:44+00:00","article_modified_time":"2025-03-03T02:47:46+00:00","og_image":[{"width":1919,"height":1089,"url":"https:\/\/www.pogotowieflagowe.pl\/aktualne\/wp-content\/uploads\/2025\/03\/Cyberatack-trafi-do-polskich-systemow-agencji-kosmicznej-wladze-badaja-sprawce.jpg","type":"image\/jpeg"}],"author":"Filip","twitter_card":"summary_large_image","twitter_misc":{"Napisane przez":"Filip","Szacowany czas czytania":"1 minuta"},"schema":{"@context":"https:\/\/schema.org","@graph":[{"@type":"Article","@id":"https:\/\/www.pogotowieflagowe.pl\/aktualne\/cyberatack-trafi-do-polskich-systemow-agencji-kosmicznej-wladze-badaja-sprawce\/#article","isPartOf":{"@id":"https:\/\/www.pogotowieflagowe.pl\/aktualne\/cyberatack-trafi-do-polskich-systemow-agencji-kosmicznej-wladze-badaja-sprawce\/"},"author":{"name":"Filip","@id":"https:\/\/www.pogotowieflagowe.pl\/aktualne\/#\/schema\/person\/9c2fb7d2362ebf6fa088960d7f0d27b0"},"headline":"Cyberatack trafi do polskich system\u00f3w agencji kosmicznej, w\u0142adze badaj\u0105 sprawc\u0119","datePublished":"2025-03-03T02:47:44+00:00","dateModified":"2025-03-03T02:47:46+00:00","mainEntityOfPage":{"@id":"https:\/\/www.pogotowieflagowe.pl\/aktualne\/cyberatack-trafi-do-polskich-systemow-agencji-kosmicznej-wladze-badaja-sprawce\/"},"wordCount":230,"publisher":{"@id":"https:\/\/www.pogotowieflagowe.pl\/aktualne\/#organization"},"image":{"@id":"https:\/\/www.pogotowieflagowe.pl\/aktualne\/cyberatack-trafi-do-polskich-systemow-agencji-kosmicznej-wladze-badaja-sprawce\/#primaryimage"},"thumbnailUrl":"https:\/\/www.pogotowieflagowe.pl\/aktualne\/wp-content\/uploads\/2025\/03\/Cyberatack-trafi-do-polskich-systemow-agencji-kosmicznej-wladze-badaja-sprawce.jpg","keywords":["agencji","badaj\u0105","Cyberatack","kosmicznej","polskich","sprawc\u0119","system\u00f3w","trafi","w\u0142adze"],"articleSection":["Aktualne"],"inLanguage":"pl-PL"},{"@type":"WebPage","@id":"https:\/\/www.pogotowieflagowe.pl\/aktualne\/cyberatack-trafi-do-polskich-systemow-agencji-kosmicznej-wladze-badaja-sprawce\/","url":"https:\/\/www.pogotowieflagowe.pl\/aktualne\/cyberatack-trafi-do-polskich-systemow-agencji-kosmicznej-wladze-badaja-sprawce\/","name":"Cyberatack trafi do polskich system\u00f3w agencji kosmicznej, w\u0142adze badaj\u0105 sprawc\u0119 - POGOTOWIE FLAGOWE\u00ae","isPartOf":{"@id":"https:\/\/www.pogotowieflagowe.pl\/aktualne\/#website"},"primaryImageOfPage":{"@id":"https:\/\/www.pogotowieflagowe.pl\/aktualne\/cyberatack-trafi-do-polskich-systemow-agencji-kosmicznej-wladze-badaja-sprawce\/#primaryimage"},"image":{"@id":"https:\/\/www.pogotowieflagowe.pl\/aktualne\/cyberatack-trafi-do-polskich-systemow-agencji-kosmicznej-wladze-badaja-sprawce\/#primaryimage"},"thumbnailUrl":"https:\/\/www.pogotowieflagowe.pl\/aktualne\/wp-content\/uploads\/2025\/03\/Cyberatack-trafi-do-polskich-systemow-agencji-kosmicznej-wladze-badaja-sprawce.jpg","datePublished":"2025-03-03T02:47:44+00:00","dateModified":"2025-03-03T02:47:46+00:00","breadcrumb":{"@id":"https:\/\/www.pogotowieflagowe.pl\/aktualne\/cyberatack-trafi-do-polskich-systemow-agencji-kosmicznej-wladze-badaja-sprawce\/#breadcrumb"},"inLanguage":"pl-PL","potentialAction":[{"@type":"ReadAction","target":["https:\/\/www.pogotowieflagowe.pl\/aktualne\/cyberatack-trafi-do-polskich-systemow-agencji-kosmicznej-wladze-badaja-sprawce\/"]}]},{"@type":"ImageObject","inLanguage":"pl-PL","@id":"https:\/\/www.pogotowieflagowe.pl\/aktualne\/cyberatack-trafi-do-polskich-systemow-agencji-kosmicznej-wladze-badaja-sprawce\/#primaryimage","url":"https:\/\/www.pogotowieflagowe.pl\/aktualne\/wp-content\/uploads\/2025\/03\/Cyberatack-trafi-do-polskich-systemow-agencji-kosmicznej-wladze-badaja-sprawce.jpg","contentUrl":"https:\/\/www.pogotowieflagowe.pl\/aktualne\/wp-content\/uploads\/2025\/03\/Cyberatack-trafi-do-polskich-systemow-agencji-kosmicznej-wladze-badaja-sprawce.jpg","width":1919,"height":1089,"caption":"Cyberatack trafi do polskich system\u00f3w agencji kosmicznej, w\u0142adze badaj\u0105 sprawc\u0119"},{"@type":"BreadcrumbList","@id":"https:\/\/www.pogotowieflagowe.pl\/aktualne\/cyberatack-trafi-do-polskich-systemow-agencji-kosmicznej-wladze-badaja-sprawce\/#breadcrumb","itemListElement":[{"@type":"ListItem","position":1,"name":"Home","item":"https:\/\/www.pogotowieflagowe.pl\/aktualne\/"},{"@type":"ListItem","position":2,"name":"Cyberatack trafi do polskich system\u00f3w agencji kosmicznej, w\u0142adze badaj\u0105 sprawc\u0119"}]},{"@type":"WebSite","@id":"https:\/\/www.pogotowieflagowe.pl\/aktualne\/#website","url":"https:\/\/www.pogotowieflagowe.pl\/aktualne\/","name":"POGOTOWIE FLAGOWE\u00ae","description":"","publisher":{"@id":"https:\/\/www.pogotowieflagowe.pl\/aktualne\/#organization"},"potentialAction":[{"@type":"SearchAction","target":{"@type":"EntryPoint","urlTemplate":"https:\/\/www.pogotowieflagowe.pl\/aktualne\/?s={search_term_string}"},"query-input":"required name=search_term_string"}],"inLanguage":"pl-PL"},{"@type":"Organization","@id":"https:\/\/www.pogotowieflagowe.pl\/aktualne\/#organization","name":"POGOTOWIE FLAGOWE\u00ae","url":"https:\/\/www.pogotowieflagowe.pl\/aktualne\/","logo":{"@type":"ImageObject","inLanguage":"pl-PL","@id":"https:\/\/www.pogotowieflagowe.pl\/aktualne\/#\/schema\/logo\/image\/","url":"https:\/\/www.pogotowieflagowe.pl\/aktualne\/wp-content\/uploads\/2024\/08\/cropped-pogotowieflagowe_flaga_projekt_sm.jpg","contentUrl":"https:\/\/www.pogotowieflagowe.pl\/aktualne\/wp-content\/uploads\/2024\/08\/cropped-pogotowieflagowe_flaga_projekt_sm.jpg","width":250,"height":143,"caption":"POGOTOWIE FLAGOWE\u00ae"},"image":{"@id":"https:\/\/www.pogotowieflagowe.pl\/aktualne\/#\/schema\/logo\/image\/"}},{"@type":"Person","@id":"https:\/\/www.pogotowieflagowe.pl\/aktualne\/#\/schema\/person\/9c2fb7d2362ebf6fa088960d7f0d27b0","name":"Filip","image":{"@type":"ImageObject","inLanguage":"pl-PL","@id":"https:\/\/www.pogotowieflagowe.pl\/aktualne\/#\/schema\/person\/image\/","url":"https:\/\/www.pogotowieflagowe.pl\/aktualne\/wp-content\/uploads\/2024\/08\/pogotowieflagowe.pl_.jpg","contentUrl":"https:\/\/www.pogotowieflagowe.pl\/aktualne\/wp-content\/uploads\/2024\/08\/pogotowieflagowe.pl_.jpg","caption":"Filip"},"description":"Jestem Filip, polski dziennikarz z dyplomem nauk politycznych Uniwersytetu Warszawskiego. Rozpoczynaj\u0105c swoj\u0105 karier\u0119 w r\u00f3\u017cnych lokalnych mediach, zdoby\u0142em solidne do\u015bwiadczenie w zakresie \u015bledztwa i redakcji. Obecnie jako redaktor w Pogotowie flagowe, staram si\u0119 dostarcza\u0107 dog\u0142\u0119bne i istotne analizy na temat najwa\u017cniejszych kwestii aktualno\u015bci, \u0142\u0105cz\u0105c rygor z pasj\u0105 dziennikarsk\u0105.","sameAs":["https:\/\/www.pogotowieflagowe.pl\/"]}]}},"_links":{"self":[{"href":"https:\/\/www.pogotowieflagowe.pl\/aktualne\/wp-json\/wp\/v2\/posts\/4351","targetHints":{"allow":["GET"]}}],"collection":[{"href":"https:\/\/www.pogotowieflagowe.pl\/aktualne\/wp-json\/wp\/v2\/posts"}],"about":[{"href":"https:\/\/www.pogotowieflagowe.pl\/aktualne\/wp-json\/wp\/v2\/types\/post"}],"author":[{"embeddable":true,"href":"https:\/\/www.pogotowieflagowe.pl\/aktualne\/wp-json\/wp\/v2\/users\/1"}],"replies":[{"embeddable":true,"href":"https:\/\/www.pogotowieflagowe.pl\/aktualne\/wp-json\/wp\/v2\/comments?post=4351"}],"version-history":[{"count":1,"href":"https:\/\/www.pogotowieflagowe.pl\/aktualne\/wp-json\/wp\/v2\/posts\/4351\/revisions"}],"predecessor-version":[{"id":4353,"href":"https:\/\/www.pogotowieflagowe.pl\/aktualne\/wp-json\/wp\/v2\/posts\/4351\/revisions\/4353"}],"wp:featuredmedia":[{"embeddable":true,"href":"https:\/\/www.pogotowieflagowe.pl\/aktualne\/wp-json\/wp\/v2\/media\/4352"}],"wp:attachment":[{"href":"https:\/\/www.pogotowieflagowe.pl\/aktualne\/wp-json\/wp\/v2\/media?parent=4351"}],"wp:term":[{"taxonomy":"category","embeddable":true,"href":"https:\/\/www.pogotowieflagowe.pl\/aktualne\/wp-json\/wp\/v2\/categories?post=4351"},{"taxonomy":"post_tag","embeddable":true,"href":"https:\/\/www.pogotowieflagowe.pl\/aktualne\/wp-json\/wp\/v2\/tags?post=4351"}],"curies":[{"name":"wp","href":"https:\/\/api.w.org\/{rel}","templated":true}]}}