{"id":4354,"date":"2025-03-03T08:47:11","date_gmt":"2025-03-03T07:47:11","guid":{"rendered":"https:\/\/www.pogotowieflagowe.pl\/aktualne\/ukrainski-polityk-wzywa-do-oskarzenia-prezydenta-zelenskyy-krytykowal-takze-republikanski-senator\/"},"modified":"2025-03-03T08:47:11","modified_gmt":"2025-03-03T07:47:11","slug":"ukrainski-polityk-wzywa-do-oskarzenia-prezydenta-zelenskyy-krytykowal-takze-republikanski-senator","status":"publish","type":"post","link":"https:\/\/www.pogotowieflagowe.pl\/aktualne\/ukrainski-polityk-wzywa-do-oskarzenia-prezydenta-zelenskyy-krytykowal-takze-republikanski-senator\/","title":{"rendered":"Ukrai\u0144ski polityk wzywa do oskar\u017cenia prezydenta. Zelenskyy krytykowa\u0142 tak\u017ce republika\u0144ski senator"},"content":{"rendered":"\n<div class=\"td_block_wrap tdb_single_content tdi_41 td-pb-border-top td_block_template_8 td-post-content tagdiv-type\" data-td-block-uid=\"tdi_41\">\n<style>.tdi_41 {margin-top: 0px! Wa\u017cne; margines-bottom: 0px! WA\u017bNY; PALDING-TOP: 0PX! WA\u017bNY; PALDING-BOTTOM: 0PX! WA\u017bNE}<\/style>\n<style>.tdb_single_content {margin-bottom: 0;*zoom: 1} .tdb_single_content: wcze\u015bniej, .tdb_single_content: po {display: Table; content: ''; line-height: 0} .TDB-BLOCK-INner>*: nie (.WP-BLOCK-QUOTE): not (.alignSwide): not (.Alignfull.wp-block-cover.has-parallax): not (.td-a-ad) {margin-left: auto; margin-right: auto} .tdb_single_ConTent a {wska\u017anik-events: auto} .tdb_single_content .td-spot-id-top_ad .tdc-placeholder-title: przed {content: \u201eArtyku\u0142 top ad\u201d! Wa\u017cne} .tdb_single_content .td-Spot-Id-inline_ad0 .tdc-placeholder-title 1 '! Wa\u017cne} .tdb_single_content .td-Spot-Id-inline_Ad1 .tdc-Placeholder-Title: przed {content: \u201eArtyku\u0142 inline AD 2'! Wa\u017cny} .tdb_single_content. 3 '! Wa\u017cne} .tdb_single_content .td-Spot-Id-Bottom_Ad .tdc-Placeholder-Title: przed {content: \u201eArtyku\u0142 Bottom Ad\u201d! Wa\u017cne} .tdb_single_content .id_top_ad, .tdb_single_content_content .id_bottom_ad {clear: oba; margin-bottom: 21px; text-align: Center} .tdb_single_content .id_top_ad img, .tdb_single_content .id_bottom_ad img {margin-bottom: 0} .tdb_single_conTent .id_top_ad .adsbyGoogle, .tdb_single_content .id_bottom_ad .adsbyGoogle {pozycja: relatyw} .tdb_single_content .id_ad_content-horiz-left, .tdb_single_content .id_ad_content-horiz-right, .tdb_single_content .id_ad_content-horiz-Center {margin-bottom: 15px} .tdb_single_content .id_ad_content-horiz-left Img, .tdb_single_content .id_ad_content-horiz-right img, .tdb_single_content .id_ad_content-horiz-centerter img {margin-bottom: 0} .tdb_single_content .id_ad_content-horiz-center {text-align: Center} .tdb_single_content .id_ad_content-horiz-center img {margin-right: auto; margin-let: auto} .tdb_single_content .id_ad_content-horiz-left {float: left; margin-top: 9px; margin-right: 21px} .tdb_single_content .id_ad_content-horiz-right {float: margin-top: 6px; margin-left: 21px} .tdb_single_content .tdc-a-a-ad .TDC-Placeholder-Title {szeroko\u015b\u0107: 300px; height: 250px} .tdb_single_content .tdc-a-ad .TDC-Placeholder-Title: Przed {Pozycja: Absolute; TOP: 50%;-WebKit-Transform: Translatey (-50%); Transform: Translatey (-50%); margines: auto; Display: Tabela; szeroko\u015b\u0107: 100%}. tdb_single_content .TDB-BLOCK-INNER.TD-FIX-INDEX {Word-Break: Break-word} .tdi_41, .tdi_41> p, .tdi_41 .tdb-block-inner> p, .Wp-Block-Column> p {font-size: 16px! Wa\u017cne; wa\u017cny; p {font-styl: normalne! Wa\u017cne} @media (Max-Width: 767px) {. tdb_single_content .id_ad_content-horiz-left, .tdb_single_content .id_ad_content-horiz-right, .tdb_single_content .id_ad_content-horiz-centter {Margin: 0 AUTO 26PXX auto}}@media (Max-Width: 767px) {. tdb_single_content .id_ad_content-horiz-left {margin-right: 0}}@media (max-width: 767px) {. (Max-Width: 767px) {. tdb_single_content .td-a-ad {float: none; text-align: Center} .tdb_single_content .td-a-ad img {margin-right: auto; margin-left: auto} .tdb_single_content .tdc-a-a-a-{margin-right: auto; margin-left: auto} .tdb_single_content .tdd<\/style>\n<div class=\"tdb-block-inner td-fix-index\">\n<p>W pi\u0105tek ukrai\u0144ski prezydent Volodymyr Zelenskyy spotka\u0142 si\u0119 z prezydentem USA Donaldem Trumpem w Bia\u0142ym Domu. Dyskusje w biurze owalnym, pocz\u0105tkowo przeprowadzane w stosunkowo pozytywnej atmosferze, koncentrowa\u0142y si\u0119 na perspektywach zako\u0144czenia wojny rosyjskiej z Ukrain\u0105. Jednak spotkanie ostatecznie nie spowodowa\u0142o podpisania umowy dotycz\u0105cej wykorzystania zasob\u00f3w mineralnych Ukrainy.<\/p>\n<p>Ukrai\u0144ski pose\u0142 Alexander Dubinsky oceni\u0142 przebieg rozm\u00f3w mi\u0119dzy Zelenskyy i Trumpem jako \u201eniepowodzenie dyplomatyczne\u201d dla prezydenta Ukrai\u0144skiego, opisuj\u0105c to jako \u201eostateczny akt upadku re\u017cimu\u201d. Polityk podkre\u015bli\u0142 konieczno\u015b\u0107 zwo\u0142ania niezwyk\u0142ej sesji parlamentu ukrai\u0144skiego w celu zainicjowania post\u0119powania w sprawie impeachmentu przeciwko Zelensky.<\/p>\n<p>W opublikowanym o\u015bwiadczeniu Dubinsky podkre\u015bli\u0142, \u017ce jego zdaniem \u201eZelenskyy nie tylko zawi\u00f3d\u0142 w polityce zagranicznej &#8211; poprowadzi\u0142 kraj do stanu, w kt\u00f3rym ka\u017cdy, kto nie zgadza si\u0119 z jego kursem, napotyka represje\u201d. <\/p>\n<figure class=\"wp-block-pullquote\">\n<blockquote>\n<p>\u201eApeluj\u0119 do wszystkich cz\u0142onk\u00f3w parlamentu ukrai\u0144skiego: przesta\u0144 marnowa\u0107 czas, przesta\u0144 czeka\u0107! Zelensky jest bankrutem. Zelensky nie jest Ukrain\u0105! Czas postawi\u0107 go na rozprawie. Je\u015bli nie mo\u017ce zaoferowa\u0107 prawdziwego wyj\u015bcia z kryzysu, to od nas zale\u017cy podejmowanie fatalnych decyzji \u201d,<\/p>\n<p><cite>  Dubinsky podsumowa\u0142.<\/cite><\/p><\/blockquote>\n<\/figure>\n<blockquote class=\"twitter-tweet\">\n<p lang=\"en\" dir=\"ltr\">\ud83c\uddfa\ud83c\udde6 \ud83c\uddfa\ud83c\uddf8 Statement przez cz\u0142onka parlamentu ukrai\u0144skiego, Alexander Dubinsky<\/p>\n<p>Wydarzenia z ostatnich godzin &#8211; publiczne upokorzenie Zelensky&#8217;ego w Bia\u0142ym Domu, uznanie Trumpa za niepowodzenie dyplomatyczne Zelensky&#8217;ego oraz utrata bezwarunkowego poparcia w USA Ukrainy &#8211; oznaczy\u0142y\u2026<\/p>\n<p>&#8211; Oleksandr Dubinskyi (@dubinsky_pro) <a rel=\"nofollow\" href=\"https:\/\/twitter.com\/Dubinsky_pro\/status\/1895554358458097970?ref_src=twsrc%5Etfw\">28 lutego 2025 r<\/a><\/p><\/blockquote>\n<h2 class=\"wp-block-heading\">O\u015bwiadczenie senatora Grahama od USA<\/h2>\n<p>Krytyka Wolodymyr Zelenskyy pojawia si\u0119 r\u00f3wnie\u017c ze Stan\u00f3w Zjednoczonych. Republika\u0144ski senator Lindsey Graham stwierdzi\u0142, \u017ce ukrai\u0144ski prezydent powinien ust\u0105pi\u0107.<\/p>\n<figure class=\"wp-block-pullquote\">\n<blockquote>\n<p>\u201eMusi albo zrezygnowa\u0107 i wys\u0142a\u0107 kogo\u015b, z kim mo\u017cemy prowadzi\u0107 interesy, albo musi si\u0119 zmieni\u0107\u201d<\/p>\n<p><cite>  Graham o\u015bwiadczy\u0142.<\/cite><\/p><\/blockquote>\n<\/figure>\n<p>Senator, kt\u00f3ry wcze\u015bniej opowiada\u0142 si\u0119 za wsparciem Ukrainy, wyrazi\u0142 opini\u0119, \u017ce spotkanie Trump-Zelenskyy by\u0142o \u201eca\u0142kowit\u0105 katastrof\u0105\u201d.<\/p>\n<figure class=\"wp-block-pullquote\">\n<blockquote>\n<p>\u201eNigdy nie by\u0142em bardziej dumny z prezydenta. By\u0142em bardzo dumny z JD Vance&#8217;a, w obronie naszego kraju (\u2026) To, co widzia\u0142em w Owalnym Biurze, by\u0142o lekcewa\u017c\u0105ce\u2026 \u201d<\/p>\n<p><cite>  Graham zauwa\u017cy\u0142.<\/cite><\/p><\/blockquote>\n<\/figure>\n<blockquote class=\"twitter-tweet\">\n<p lang=\"en\" dir=\"ltr\">Senator <a rel=\"nofollow\" href=\"https:\/\/twitter.com\/LindseyGrahamSC?ref_src=twsrc%5Etfw\">@Lindseygrahamsc<\/a>: \u201eNigdy nie by\u0142em bardziej dumny z prezydenta. By\u0142em bardzo dumny z JD Vance, w obronie naszego kraju\u2026 to, co widzia\u0142em w biurze owalnym, by\u0142o pozbawione szacunku\u2026\u201d <a rel=\"nofollow\" href=\"https:\/\/t.co\/HzKgW09fOP\">pic.twitter.com\/hzkgw09fop<\/a><\/p>\n<p>&#8211; Rapid Response 47 (@RapidResponse47) <a rel=\"nofollow\" href=\"https:\/\/twitter.com\/RapidResponse47\/status\/1895562247570931834?ref_src=twsrc%5Etfw\">28 lutego 2025 r<\/a><\/p><\/blockquote>\n<blockquote class=\"twitter-tweet\">\n<p lang=\"en\" dir=\"ltr\">Dzisiaj prezydent Trump da\u0142 mistrzowsk\u0105 klas\u0119, jak stan\u0105\u0107 w obronie Ameryki. <a rel=\"nofollow\" href=\"https:\/\/t.co\/hekqo9j9TM\">pic.twitter.com\/hekqo9j9tm<\/a><\/p>\n<p>&#8211; Lindsey Graham (@lindseygrahamsc) <a rel=\"nofollow\" href=\"https:\/\/twitter.com\/LindseyGrahamSC\/status\/1895574077584417012?ref_src=twsrc%5Etfw\">28 lutego 2025 r<\/a><\/p><\/blockquote>\n<\/div>\n<\/div>\n<p><script async src=\"https:\/\/platform.twitter.com\/widgets.js\" charset=\"utf-8\"><\/script><\/p>\n","protected":false},"excerpt":{"rendered":"<p>W pi\u0105tek ukrai\u0144ski prezydent Volodymyr Zelenskyy spotka\u0142 si\u0119 z prezydentem USA Donaldem Trumpem w Bia\u0142ym Domu. Dyskusje w biurze owalnym,<\/p>\n","protected":false},"author":1,"featured_media":4113,"comment_status":"closed","ping_status":"","sticky":false,"template":"","format":"standard","meta":{"footnotes":""},"categories":[44],"tags":[5971,733,5969,568,5973,5772,5972,5929,1331,5970],"class_list":["post-4354","post","type-post","status-publish","format-standard","has-post-thumbnail","hentry","category-polityka","tag-krytykowal","tag-oskarzenia","tag-polityk","tag-prezydenta","tag-republikanski","tag-senator","tag-takze","tag-ukrainski","tag-wzywa","tag-zelenskyy","generate-columns","tablet-grid-50","mobile-grid-100","grid-parent","grid-50","resize-featured-image"],"yoast_head":"<!-- This site is optimized with the Yoast SEO plugin v23.2 - https:\/\/yoast.com\/wordpress\/plugins\/seo\/ -->\n<title>Ukrai\u0144ski polityk wzywa do oskar\u017cenia prezydenta. Zelenskyy krytykowa\u0142 tak\u017ce republika\u0144ski senator - POGOTOWIE FLAGOWE\u00ae<\/title>\n<meta name=\"robots\" content=\"index, follow, max-snippet:-1, max-image-preview:large, max-video-preview:-1\" \/>\n<link rel=\"canonical\" href=\"https:\/\/www.pogotowieflagowe.pl\/aktualne\/ukrainski-polityk-wzywa-do-oskarzenia-prezydenta-zelenskyy-krytykowal-takze-republikanski-senator\/\" \/>\n<meta property=\"og:locale\" content=\"pl_PL\" \/>\n<meta property=\"og:type\" content=\"article\" \/>\n<meta property=\"og:title\" content=\"Ukrai\u0144ski polityk wzywa do oskar\u017cenia prezydenta. Zelenskyy krytykowa\u0142 tak\u017ce republika\u0144ski senator - POGOTOWIE FLAGOWE\u00ae\" \/>\n<meta property=\"og:description\" content=\"W pi\u0105tek ukrai\u0144ski prezydent Volodymyr Zelenskyy spotka\u0142 si\u0119 z prezydentem USA Donaldem Trumpem w Bia\u0142ym Domu. Dyskusje w biurze owalnym,\" \/>\n<meta property=\"og:url\" content=\"https:\/\/www.pogotowieflagowe.pl\/aktualne\/ukrainski-polityk-wzywa-do-oskarzenia-prezydenta-zelenskyy-krytykowal-takze-republikanski-senator\/\" \/>\n<meta property=\"og:site_name\" content=\"POGOTOWIE FLAGOWE\u00ae\" \/>\n<meta property=\"article:published_time\" content=\"2025-03-03T07:47:11+00:00\" \/>\n<meta property=\"og:image\" content=\"https:\/\/www.pogotowieflagowe.pl\/aktualne\/wp-content\/uploads\/2025\/02\/Elon-Musk-krytykuje-przywodztwo-Zelenskyego-kwestionuje-korupcje-i-obawy-wyborcze.jpg\" \/>\n\t<meta property=\"og:image:width\" content=\"1280\" \/>\n\t<meta property=\"og:image:height\" content=\"726\" \/>\n\t<meta property=\"og:image:type\" content=\"image\/jpeg\" \/>\n<meta name=\"author\" content=\"Filip\" \/>\n<meta name=\"twitter:card\" content=\"summary_large_image\" \/>\n<meta name=\"twitter:label1\" content=\"Napisane przez\" \/>\n\t<meta name=\"twitter:data1\" content=\"Filip\" \/>\n\t<meta name=\"twitter:label2\" content=\"Szacowany czas czytania\" \/>\n\t<meta name=\"twitter:data2\" content=\"2 minuty\" \/>\n<script type=\"application\/ld+json\" class=\"yoast-schema-graph\">{\"@context\":\"https:\/\/schema.org\",\"@graph\":[{\"@type\":\"Article\",\"@id\":\"https:\/\/www.pogotowieflagowe.pl\/aktualne\/ukrainski-polityk-wzywa-do-oskarzenia-prezydenta-zelenskyy-krytykowal-takze-republikanski-senator\/#article\",\"isPartOf\":{\"@id\":\"https:\/\/www.pogotowieflagowe.pl\/aktualne\/ukrainski-polityk-wzywa-do-oskarzenia-prezydenta-zelenskyy-krytykowal-takze-republikanski-senator\/\"},\"author\":{\"name\":\"Filip\",\"@id\":\"https:\/\/www.pogotowieflagowe.pl\/aktualne\/#\/schema\/person\/9c2fb7d2362ebf6fa088960d7f0d27b0\"},\"headline\":\"Ukrai\u0144ski polityk wzywa do oskar\u017cenia prezydenta. Zelenskyy krytykowa\u0142 tak\u017ce republika\u0144ski senator\",\"datePublished\":\"2025-03-03T07:47:11+00:00\",\"dateModified\":\"2025-03-03T07:47:11+00:00\",\"mainEntityOfPage\":{\"@id\":\"https:\/\/www.pogotowieflagowe.pl\/aktualne\/ukrainski-polityk-wzywa-do-oskarzenia-prezydenta-zelenskyy-krytykowal-takze-republikanski-senator\/\"},\"wordCount\":423,\"publisher\":{\"@id\":\"https:\/\/www.pogotowieflagowe.pl\/aktualne\/#organization\"},\"image\":{\"@id\":\"https:\/\/www.pogotowieflagowe.pl\/aktualne\/ukrainski-polityk-wzywa-do-oskarzenia-prezydenta-zelenskyy-krytykowal-takze-republikanski-senator\/#primaryimage\"},\"thumbnailUrl\":\"https:\/\/www.pogotowieflagowe.pl\/aktualne\/wp-content\/uploads\/2025\/02\/Elon-Musk-krytykuje-przywodztwo-Zelenskyego-kwestionuje-korupcje-i-obawy-wyborcze.jpg\",\"keywords\":[\"krytykowa\u0142\",\"oskar\u017cenia\",\"polityk\",\"prezydenta\",\"republika\u0144ski\",\"senator\",\"tak\u017ce\",\"Ukrai\u0144ski\",\"wzywa\",\"Zelenskyy\"],\"articleSection\":[\"Polityka\"],\"inLanguage\":\"pl-PL\"},{\"@type\":\"WebPage\",\"@id\":\"https:\/\/www.pogotowieflagowe.pl\/aktualne\/ukrainski-polityk-wzywa-do-oskarzenia-prezydenta-zelenskyy-krytykowal-takze-republikanski-senator\/\",\"url\":\"https:\/\/www.pogotowieflagowe.pl\/aktualne\/ukrainski-polityk-wzywa-do-oskarzenia-prezydenta-zelenskyy-krytykowal-takze-republikanski-senator\/\",\"name\":\"Ukrai\u0144ski polityk wzywa do oskar\u017cenia prezydenta. Zelenskyy krytykowa\u0142 tak\u017ce republika\u0144ski senator - POGOTOWIE FLAGOWE\u00ae\",\"isPartOf\":{\"@id\":\"https:\/\/www.pogotowieflagowe.pl\/aktualne\/#website\"},\"primaryImageOfPage\":{\"@id\":\"https:\/\/www.pogotowieflagowe.pl\/aktualne\/ukrainski-polityk-wzywa-do-oskarzenia-prezydenta-zelenskyy-krytykowal-takze-republikanski-senator\/#primaryimage\"},\"image\":{\"@id\":\"https:\/\/www.pogotowieflagowe.pl\/aktualne\/ukrainski-polityk-wzywa-do-oskarzenia-prezydenta-zelenskyy-krytykowal-takze-republikanski-senator\/#primaryimage\"},\"thumbnailUrl\":\"https:\/\/www.pogotowieflagowe.pl\/aktualne\/wp-content\/uploads\/2025\/02\/Elon-Musk-krytykuje-przywodztwo-Zelenskyego-kwestionuje-korupcje-i-obawy-wyborcze.jpg\",\"datePublished\":\"2025-03-03T07:47:11+00:00\",\"dateModified\":\"2025-03-03T07:47:11+00:00\",\"breadcrumb\":{\"@id\":\"https:\/\/www.pogotowieflagowe.pl\/aktualne\/ukrainski-polityk-wzywa-do-oskarzenia-prezydenta-zelenskyy-krytykowal-takze-republikanski-senator\/#breadcrumb\"},\"inLanguage\":\"pl-PL\",\"potentialAction\":[{\"@type\":\"ReadAction\",\"target\":[\"https:\/\/www.pogotowieflagowe.pl\/aktualne\/ukrainski-polityk-wzywa-do-oskarzenia-prezydenta-zelenskyy-krytykowal-takze-republikanski-senator\/\"]}]},{\"@type\":\"ImageObject\",\"inLanguage\":\"pl-PL\",\"@id\":\"https:\/\/www.pogotowieflagowe.pl\/aktualne\/ukrainski-polityk-wzywa-do-oskarzenia-prezydenta-zelenskyy-krytykowal-takze-republikanski-senator\/#primaryimage\",\"url\":\"https:\/\/www.pogotowieflagowe.pl\/aktualne\/wp-content\/uploads\/2025\/02\/Elon-Musk-krytykuje-przywodztwo-Zelenskyego-kwestionuje-korupcje-i-obawy-wyborcze.jpg\",\"contentUrl\":\"https:\/\/www.pogotowieflagowe.pl\/aktualne\/wp-content\/uploads\/2025\/02\/Elon-Musk-krytykuje-przywodztwo-Zelenskyego-kwestionuje-korupcje-i-obawy-wyborcze.jpg\",\"width\":1280,\"height\":726,\"caption\":\"Elon Musk krytykuje przyw\u00f3dztwo Zelensky'ego, kwestionuje korupcj\u0119 i obawy wyborcze\"},{\"@type\":\"BreadcrumbList\",\"@id\":\"https:\/\/www.pogotowieflagowe.pl\/aktualne\/ukrainski-polityk-wzywa-do-oskarzenia-prezydenta-zelenskyy-krytykowal-takze-republikanski-senator\/#breadcrumb\",\"itemListElement\":[{\"@type\":\"ListItem\",\"position\":1,\"name\":\"Home\",\"item\":\"https:\/\/www.pogotowieflagowe.pl\/aktualne\/\"},{\"@type\":\"ListItem\",\"position\":2,\"name\":\"Ukrai\u0144ski polityk wzywa do oskar\u017cenia prezydenta. Zelenskyy krytykowa\u0142 tak\u017ce republika\u0144ski senator\"}]},{\"@type\":\"WebSite\",\"@id\":\"https:\/\/www.pogotowieflagowe.pl\/aktualne\/#website\",\"url\":\"https:\/\/www.pogotowieflagowe.pl\/aktualne\/\",\"name\":\"POGOTOWIE FLAGOWE\u00ae\",\"description\":\"\",\"publisher\":{\"@id\":\"https:\/\/www.pogotowieflagowe.pl\/aktualne\/#organization\"},\"potentialAction\":[{\"@type\":\"SearchAction\",\"target\":{\"@type\":\"EntryPoint\",\"urlTemplate\":\"https:\/\/www.pogotowieflagowe.pl\/aktualne\/?s={search_term_string}\"},\"query-input\":\"required name=search_term_string\"}],\"inLanguage\":\"pl-PL\"},{\"@type\":\"Organization\",\"@id\":\"https:\/\/www.pogotowieflagowe.pl\/aktualne\/#organization\",\"name\":\"POGOTOWIE FLAGOWE\u00ae\",\"url\":\"https:\/\/www.pogotowieflagowe.pl\/aktualne\/\",\"logo\":{\"@type\":\"ImageObject\",\"inLanguage\":\"pl-PL\",\"@id\":\"https:\/\/www.pogotowieflagowe.pl\/aktualne\/#\/schema\/logo\/image\/\",\"url\":\"https:\/\/www.pogotowieflagowe.pl\/aktualne\/wp-content\/uploads\/2024\/08\/cropped-pogotowieflagowe_flaga_projekt_sm.jpg\",\"contentUrl\":\"https:\/\/www.pogotowieflagowe.pl\/aktualne\/wp-content\/uploads\/2024\/08\/cropped-pogotowieflagowe_flaga_projekt_sm.jpg\",\"width\":250,\"height\":143,\"caption\":\"POGOTOWIE FLAGOWE\u00ae\"},\"image\":{\"@id\":\"https:\/\/www.pogotowieflagowe.pl\/aktualne\/#\/schema\/logo\/image\/\"}},{\"@type\":\"Person\",\"@id\":\"https:\/\/www.pogotowieflagowe.pl\/aktualne\/#\/schema\/person\/9c2fb7d2362ebf6fa088960d7f0d27b0\",\"name\":\"Filip\",\"image\":{\"@type\":\"ImageObject\",\"inLanguage\":\"pl-PL\",\"@id\":\"https:\/\/www.pogotowieflagowe.pl\/aktualne\/#\/schema\/person\/image\/\",\"url\":\"https:\/\/www.pogotowieflagowe.pl\/aktualne\/wp-content\/uploads\/2024\/08\/pogotowieflagowe.pl_.jpg\",\"contentUrl\":\"https:\/\/www.pogotowieflagowe.pl\/aktualne\/wp-content\/uploads\/2024\/08\/pogotowieflagowe.pl_.jpg\",\"caption\":\"Filip\"},\"description\":\"Jestem Filip, polski dziennikarz z dyplomem nauk politycznych Uniwersytetu Warszawskiego. Rozpoczynaj\u0105c swoj\u0105 karier\u0119 w r\u00f3\u017cnych lokalnych mediach, zdoby\u0142em solidne do\u015bwiadczenie w zakresie \u015bledztwa i redakcji. Obecnie jako redaktor w Pogotowie flagowe, staram si\u0119 dostarcza\u0107 dog\u0142\u0119bne i istotne analizy na temat najwa\u017cniejszych kwestii aktualno\u015bci, \u0142\u0105cz\u0105c rygor z pasj\u0105 dziennikarsk\u0105.\",\"sameAs\":[\"https:\/\/www.pogotowieflagowe.pl\/\"]}]}<\/script>\n<!-- \/ Yoast SEO plugin. -->","yoast_head_json":{"title":"Ukrai\u0144ski polityk wzywa do oskar\u017cenia prezydenta. Zelenskyy krytykowa\u0142 tak\u017ce republika\u0144ski senator - POGOTOWIE FLAGOWE\u00ae","robots":{"index":"index","follow":"follow","max-snippet":"max-snippet:-1","max-image-preview":"max-image-preview:large","max-video-preview":"max-video-preview:-1"},"canonical":"https:\/\/www.pogotowieflagowe.pl\/aktualne\/ukrainski-polityk-wzywa-do-oskarzenia-prezydenta-zelenskyy-krytykowal-takze-republikanski-senator\/","og_locale":"pl_PL","og_type":"article","og_title":"Ukrai\u0144ski polityk wzywa do oskar\u017cenia prezydenta. Zelenskyy krytykowa\u0142 tak\u017ce republika\u0144ski senator - POGOTOWIE FLAGOWE\u00ae","og_description":"W pi\u0105tek ukrai\u0144ski prezydent Volodymyr Zelenskyy spotka\u0142 si\u0119 z prezydentem USA Donaldem Trumpem w Bia\u0142ym Domu. Dyskusje w biurze owalnym,","og_url":"https:\/\/www.pogotowieflagowe.pl\/aktualne\/ukrainski-polityk-wzywa-do-oskarzenia-prezydenta-zelenskyy-krytykowal-takze-republikanski-senator\/","og_site_name":"POGOTOWIE FLAGOWE\u00ae","article_published_time":"2025-03-03T07:47:11+00:00","og_image":[{"width":1280,"height":726,"url":"https:\/\/www.pogotowieflagowe.pl\/aktualne\/wp-content\/uploads\/2025\/02\/Elon-Musk-krytykuje-przywodztwo-Zelenskyego-kwestionuje-korupcje-i-obawy-wyborcze.jpg","type":"image\/jpeg"}],"author":"Filip","twitter_card":"summary_large_image","twitter_misc":{"Napisane przez":"Filip","Szacowany czas czytania":"2 minuty"},"schema":{"@context":"https:\/\/schema.org","@graph":[{"@type":"Article","@id":"https:\/\/www.pogotowieflagowe.pl\/aktualne\/ukrainski-polityk-wzywa-do-oskarzenia-prezydenta-zelenskyy-krytykowal-takze-republikanski-senator\/#article","isPartOf":{"@id":"https:\/\/www.pogotowieflagowe.pl\/aktualne\/ukrainski-polityk-wzywa-do-oskarzenia-prezydenta-zelenskyy-krytykowal-takze-republikanski-senator\/"},"author":{"name":"Filip","@id":"https:\/\/www.pogotowieflagowe.pl\/aktualne\/#\/schema\/person\/9c2fb7d2362ebf6fa088960d7f0d27b0"},"headline":"Ukrai\u0144ski polityk wzywa do oskar\u017cenia prezydenta. Zelenskyy krytykowa\u0142 tak\u017ce republika\u0144ski senator","datePublished":"2025-03-03T07:47:11+00:00","dateModified":"2025-03-03T07:47:11+00:00","mainEntityOfPage":{"@id":"https:\/\/www.pogotowieflagowe.pl\/aktualne\/ukrainski-polityk-wzywa-do-oskarzenia-prezydenta-zelenskyy-krytykowal-takze-republikanski-senator\/"},"wordCount":423,"publisher":{"@id":"https:\/\/www.pogotowieflagowe.pl\/aktualne\/#organization"},"image":{"@id":"https:\/\/www.pogotowieflagowe.pl\/aktualne\/ukrainski-polityk-wzywa-do-oskarzenia-prezydenta-zelenskyy-krytykowal-takze-republikanski-senator\/#primaryimage"},"thumbnailUrl":"https:\/\/www.pogotowieflagowe.pl\/aktualne\/wp-content\/uploads\/2025\/02\/Elon-Musk-krytykuje-przywodztwo-Zelenskyego-kwestionuje-korupcje-i-obawy-wyborcze.jpg","keywords":["krytykowa\u0142","oskar\u017cenia","polityk","prezydenta","republika\u0144ski","senator","tak\u017ce","Ukrai\u0144ski","wzywa","Zelenskyy"],"articleSection":["Polityka"],"inLanguage":"pl-PL"},{"@type":"WebPage","@id":"https:\/\/www.pogotowieflagowe.pl\/aktualne\/ukrainski-polityk-wzywa-do-oskarzenia-prezydenta-zelenskyy-krytykowal-takze-republikanski-senator\/","url":"https:\/\/www.pogotowieflagowe.pl\/aktualne\/ukrainski-polityk-wzywa-do-oskarzenia-prezydenta-zelenskyy-krytykowal-takze-republikanski-senator\/","name":"Ukrai\u0144ski polityk wzywa do oskar\u017cenia prezydenta. Zelenskyy krytykowa\u0142 tak\u017ce republika\u0144ski senator - POGOTOWIE FLAGOWE\u00ae","isPartOf":{"@id":"https:\/\/www.pogotowieflagowe.pl\/aktualne\/#website"},"primaryImageOfPage":{"@id":"https:\/\/www.pogotowieflagowe.pl\/aktualne\/ukrainski-polityk-wzywa-do-oskarzenia-prezydenta-zelenskyy-krytykowal-takze-republikanski-senator\/#primaryimage"},"image":{"@id":"https:\/\/www.pogotowieflagowe.pl\/aktualne\/ukrainski-polityk-wzywa-do-oskarzenia-prezydenta-zelenskyy-krytykowal-takze-republikanski-senator\/#primaryimage"},"thumbnailUrl":"https:\/\/www.pogotowieflagowe.pl\/aktualne\/wp-content\/uploads\/2025\/02\/Elon-Musk-krytykuje-przywodztwo-Zelenskyego-kwestionuje-korupcje-i-obawy-wyborcze.jpg","datePublished":"2025-03-03T07:47:11+00:00","dateModified":"2025-03-03T07:47:11+00:00","breadcrumb":{"@id":"https:\/\/www.pogotowieflagowe.pl\/aktualne\/ukrainski-polityk-wzywa-do-oskarzenia-prezydenta-zelenskyy-krytykowal-takze-republikanski-senator\/#breadcrumb"},"inLanguage":"pl-PL","potentialAction":[{"@type":"ReadAction","target":["https:\/\/www.pogotowieflagowe.pl\/aktualne\/ukrainski-polityk-wzywa-do-oskarzenia-prezydenta-zelenskyy-krytykowal-takze-republikanski-senator\/"]}]},{"@type":"ImageObject","inLanguage":"pl-PL","@id":"https:\/\/www.pogotowieflagowe.pl\/aktualne\/ukrainski-polityk-wzywa-do-oskarzenia-prezydenta-zelenskyy-krytykowal-takze-republikanski-senator\/#primaryimage","url":"https:\/\/www.pogotowieflagowe.pl\/aktualne\/wp-content\/uploads\/2025\/02\/Elon-Musk-krytykuje-przywodztwo-Zelenskyego-kwestionuje-korupcje-i-obawy-wyborcze.jpg","contentUrl":"https:\/\/www.pogotowieflagowe.pl\/aktualne\/wp-content\/uploads\/2025\/02\/Elon-Musk-krytykuje-przywodztwo-Zelenskyego-kwestionuje-korupcje-i-obawy-wyborcze.jpg","width":1280,"height":726,"caption":"Elon Musk krytykuje przyw\u00f3dztwo Zelensky'ego, kwestionuje korupcj\u0119 i obawy wyborcze"},{"@type":"BreadcrumbList","@id":"https:\/\/www.pogotowieflagowe.pl\/aktualne\/ukrainski-polityk-wzywa-do-oskarzenia-prezydenta-zelenskyy-krytykowal-takze-republikanski-senator\/#breadcrumb","itemListElement":[{"@type":"ListItem","position":1,"name":"Home","item":"https:\/\/www.pogotowieflagowe.pl\/aktualne\/"},{"@type":"ListItem","position":2,"name":"Ukrai\u0144ski polityk wzywa do oskar\u017cenia prezydenta. Zelenskyy krytykowa\u0142 tak\u017ce republika\u0144ski senator"}]},{"@type":"WebSite","@id":"https:\/\/www.pogotowieflagowe.pl\/aktualne\/#website","url":"https:\/\/www.pogotowieflagowe.pl\/aktualne\/","name":"POGOTOWIE FLAGOWE\u00ae","description":"","publisher":{"@id":"https:\/\/www.pogotowieflagowe.pl\/aktualne\/#organization"},"potentialAction":[{"@type":"SearchAction","target":{"@type":"EntryPoint","urlTemplate":"https:\/\/www.pogotowieflagowe.pl\/aktualne\/?s={search_term_string}"},"query-input":"required name=search_term_string"}],"inLanguage":"pl-PL"},{"@type":"Organization","@id":"https:\/\/www.pogotowieflagowe.pl\/aktualne\/#organization","name":"POGOTOWIE FLAGOWE\u00ae","url":"https:\/\/www.pogotowieflagowe.pl\/aktualne\/","logo":{"@type":"ImageObject","inLanguage":"pl-PL","@id":"https:\/\/www.pogotowieflagowe.pl\/aktualne\/#\/schema\/logo\/image\/","url":"https:\/\/www.pogotowieflagowe.pl\/aktualne\/wp-content\/uploads\/2024\/08\/cropped-pogotowieflagowe_flaga_projekt_sm.jpg","contentUrl":"https:\/\/www.pogotowieflagowe.pl\/aktualne\/wp-content\/uploads\/2024\/08\/cropped-pogotowieflagowe_flaga_projekt_sm.jpg","width":250,"height":143,"caption":"POGOTOWIE FLAGOWE\u00ae"},"image":{"@id":"https:\/\/www.pogotowieflagowe.pl\/aktualne\/#\/schema\/logo\/image\/"}},{"@type":"Person","@id":"https:\/\/www.pogotowieflagowe.pl\/aktualne\/#\/schema\/person\/9c2fb7d2362ebf6fa088960d7f0d27b0","name":"Filip","image":{"@type":"ImageObject","inLanguage":"pl-PL","@id":"https:\/\/www.pogotowieflagowe.pl\/aktualne\/#\/schema\/person\/image\/","url":"https:\/\/www.pogotowieflagowe.pl\/aktualne\/wp-content\/uploads\/2024\/08\/pogotowieflagowe.pl_.jpg","contentUrl":"https:\/\/www.pogotowieflagowe.pl\/aktualne\/wp-content\/uploads\/2024\/08\/pogotowieflagowe.pl_.jpg","caption":"Filip"},"description":"Jestem Filip, polski dziennikarz z dyplomem nauk politycznych Uniwersytetu Warszawskiego. Rozpoczynaj\u0105c swoj\u0105 karier\u0119 w r\u00f3\u017cnych lokalnych mediach, zdoby\u0142em solidne do\u015bwiadczenie w zakresie \u015bledztwa i redakcji. Obecnie jako redaktor w Pogotowie flagowe, staram si\u0119 dostarcza\u0107 dog\u0142\u0119bne i istotne analizy na temat najwa\u017cniejszych kwestii aktualno\u015bci, \u0142\u0105cz\u0105c rygor z pasj\u0105 dziennikarsk\u0105.","sameAs":["https:\/\/www.pogotowieflagowe.pl\/"]}]}},"_links":{"self":[{"href":"https:\/\/www.pogotowieflagowe.pl\/aktualne\/wp-json\/wp\/v2\/posts\/4354","targetHints":{"allow":["GET"]}}],"collection":[{"href":"https:\/\/www.pogotowieflagowe.pl\/aktualne\/wp-json\/wp\/v2\/posts"}],"about":[{"href":"https:\/\/www.pogotowieflagowe.pl\/aktualne\/wp-json\/wp\/v2\/types\/post"}],"author":[{"embeddable":true,"href":"https:\/\/www.pogotowieflagowe.pl\/aktualne\/wp-json\/wp\/v2\/users\/1"}],"replies":[{"embeddable":true,"href":"https:\/\/www.pogotowieflagowe.pl\/aktualne\/wp-json\/wp\/v2\/comments?post=4354"}],"version-history":[{"count":1,"href":"https:\/\/www.pogotowieflagowe.pl\/aktualne\/wp-json\/wp\/v2\/posts\/4354\/revisions"}],"predecessor-version":[{"id":4355,"href":"https:\/\/www.pogotowieflagowe.pl\/aktualne\/wp-json\/wp\/v2\/posts\/4354\/revisions\/4355"}],"wp:featuredmedia":[{"embeddable":true,"href":"https:\/\/www.pogotowieflagowe.pl\/aktualne\/wp-json\/wp\/v2\/media\/4113"}],"wp:attachment":[{"href":"https:\/\/www.pogotowieflagowe.pl\/aktualne\/wp-json\/wp\/v2\/media?parent=4354"}],"wp:term":[{"taxonomy":"category","embeddable":true,"href":"https:\/\/www.pogotowieflagowe.pl\/aktualne\/wp-json\/wp\/v2\/categories?post=4354"},{"taxonomy":"post_tag","embeddable":true,"href":"https:\/\/www.pogotowieflagowe.pl\/aktualne\/wp-json\/wp\/v2\/tags?post=4354"}],"curies":[{"name":"wp","href":"https:\/\/api.w.org\/{rel}","templated":true}]}}