{"id":4388,"date":"2025-03-04T21:48:07","date_gmt":"2025-03-04T20:48:07","guid":{"rendered":"https:\/\/www.pogotowieflagowe.pl\/aktualne\/zemsta-kontynuuje-sroka-sklada-wniosek-o-aresztowanie-ziobro\/"},"modified":"2025-03-04T21:48:08","modified_gmt":"2025-03-04T20:48:08","slug":"zemsta-kontynuuje-sroka-sklada-wniosek-o-aresztowanie-ziobro","status":"publish","type":"post","link":"https:\/\/www.pogotowieflagowe.pl\/aktualne\/zemsta-kontynuuje-sroka-sklada-wniosek-o-aresztowanie-ziobro\/","title":{"rendered":"Zemsta kontynuuje: SROKA sk\u0142ada wniosek o aresztowanie Ziobro"},"content":{"rendered":"\n<div class=\"td_block_wrap tdb_single_content tdi_41 td-pb-border-top td_block_template_8 td-post-content tagdiv-type\" data-td-block-uid=\"tdi_41\">\n<style>.tdi_41 {margin-top: 0px! Wa\u017cne; margines-bottom: 0px! WA\u017bNY; PALDING-TOP: 0PX! WA\u017bNY; PALDING-BOTTOM: 0PX! WA\u017bNE}<\/style>\n<style>.tdb_single_content {margin-bottom: 0;*zoom: 1} .tdb_single_content: wcze\u015bniej, .tdb_single_content: po {display: Table; content: ''; line-height: 0} .TDB-BLOCK-INner>*: nie (.WP-BLOCK-QUOTE): not (.alignSwide): not (.Alignfull.wp-block-cover.has-parallax): not (.td-a-ad) {margin-left: auto; margin-right: auto} .tdb_single_ConTent a {wska\u017anik-events: auto} .tdb_single_content .td-spot-id-top_ad .tdc-placeholder-title: przed {content: \u201eArtyku\u0142 top ad\u201d! Wa\u017cne} .tdb_single_content .td-Spot-Id-inline_ad0 .tdc-placeholder-title 1 '! Wa\u017cne} .tdb_single_content .td-Spot-Id-inline_Ad1 .tdc-Placeholder-Title: przed {content: \u201eArtyku\u0142 inline AD 2'! Wa\u017cny} .tdb_single_content. 3 '! Wa\u017cne} .tdb_single_content .td-Spot-Id-Bottom_Ad .tdc-Placeholder-Title: przed {content: \u201eArtyku\u0142 Bottom Ad\u201d! Wa\u017cne} .tdb_single_content .id_top_ad, .tdb_single_content_content .id_bottom_ad {clear: oba; margin-bottom: 21px; text-align: Center} .tdb_single_content .id_top_ad img, .tdb_single_content .id_bottom_ad img {margin-bottom: 0} .tdb_single_conTent .id_top_ad .adsbyGoogle, .tdb_single_content .id_bottom_ad .adsbyGoogle {pozycja: relatyw} .tdb_single_content .id_ad_content-horiz-left, .tdb_single_content .id_ad_content-horiz-right, .tdb_single_content .id_ad_content-horiz-Center {margin-bottom: 15px} .tdb_single_content .id_ad_content-horiz-left Img, .tdb_single_content .id_ad_content-horiz-right img, .tdb_single_content .id_ad_content-horiz-centerter img {margin-bottom: 0} .tdb_single_content .id_ad_content-horiz-center {text-align: Center} .tdb_single_content .id_ad_content-horiz-center img {margin-right: auto; margin-let: auto} .tdb_single_content .id_ad_content-horiz-left {float: left; margin-top: 9px; margin-right: 21px} .tdb_single_content .id_ad_content-horiz-right {float: margin-top: 6px; margin-left: 21px} .tdb_single_content .tdc-a-a-ad .TDC-Placeholder-Title {szeroko\u015b\u0107: 300px; height: 250px} .tdb_single_content .tdc-a-ad .TDC-Placeholder-Title: Przed {Pozycja: Absolute; TOP: 50%;-WebKit-Transform: Translatey (-50%); Transform: Translatey (-50%); margines: auto; Display: Tabela; szeroko\u015b\u0107: 100%}. tdb_single_content .TDB-BLOCK-INNER.TD-FIX-INDEX {Word-Break: Break-word} .tdi_41, .tdi_41> p, .tdi_41 .tdb-block-inner> p, .Wp-Block-Column> p {font-size: 16px! Wa\u017cne; wa\u017cny; p {font-styl: normalne! Wa\u017cne} @media (Max-Width: 767px) {. tdb_single_content .id_ad_content-horiz-left, .tdb_single_content .id_ad_content-horiz-right, .tdb_single_content .id_ad_content-horiz-centter {Margin: 0 AUTO 26PXX auto}}@media (Max-Width: 767px) {. tdb_single_content .id_ad_content-horiz-left {margin-right: 0}}@media (max-width: 767px) {. (Max-Width: 767px) {. tdb_single_content .td-a-ad {float: none; text-align: Center} .tdb_single_content .td-a-ad img {margin-right: auto; margin-left: auto} .tdb_single_content .tdc-a-a-a-{margin-right: auto; margin-left: auto} .tdb_single_content .tdd<\/style>\n<div class=\"tdb-block-inner td-fix-index\">\n<p>Magdalena Sroka <strong>chwali\u0142 si\u0119<\/strong> W mediach spo\u0142eczno\u015bciowych wniosek o aresztowanie Zbigiew Ziobro zosta\u0142 przekazany s\u0105dowi. Czy to jest spos\u00f3b na wyruszenie frustracji po dzisiejszych b\u0142\u0119dach? Z pewno\u015bci\u0105 wygl\u0105da w ten spos\u00f3b.<\/p>\n<h3 class=\"wp-block-heading\"><strong>Aresztowanie Ziobro<\/strong><\/h3>\n<p>Niedawno Sejm zgodzi\u0142 si\u0119 podnie\u015b\u0107 immunitet i zastosowa\u0107 do 30 dni zatrzymania przeciwko by\u0142ym ministrowi sprawiedliwo\u015bci i prokuratorowi generalnej, Zbigiew Ziobro (PIS). By\u0142o to odpowiedzi\u0105 na pro\u015bb\u0119 komitetu \u015bledczego Pegaza o na\u0142o\u017cenie kary dyscyplinarnej za brak stawienia si\u0119 na rozprawie.<\/p>\n<p>\u00d3wcze\u015bnie, <strong>239 MPS g\u0142osowa\u0142o za, 194 przeciwko i nikt nie wstrzyma\u0142 si\u0119<\/strong>.<\/p>\n<p>Sam Ziobro skomentowa\u0142 spraw\u0119 na naszej stacji, nazywaj\u0105c j\u0105 niczym innym jak aktem desperacji.<\/p>\n<blockquote class=\"wp-block-quote is-layout-flow wp-block-quote-is-layout-flow\">\n<p><em>\u201eObawiaj\u0105 si\u0119 o sw\u00f3j status, poniewa\u017c wiedz\u0105, \u017ce nie jestem kim\u015b, z kim mog\u0105 negocjowa\u0107. TUSK obieca\u0142 100 betonowych dzia\u0142a\u0144 w ci\u0105gu 100 dni, wi\u0119c tego rodzaju demonstracja skuteczno\u015bci-zatrzymuj\u0105c dobrze znan\u0105 prawicow\u0105 posta\u0107-jest interesuj\u0105ca \u201d<\/em> Powiedzia\u0142.<\/p>\n<\/blockquote>\n<h3 class=\"wp-block-heading\"><strong>Czy straci\u0142a sw\u00f3j temperament?<\/strong><\/h3>\n<p>Przewodnicz\u0105ca tak zwanego komitetu Pegaza ucierpia\u0142a <strong>Dwie g\u0142\u00f3wne pora\u017cki dzisiaj<\/strong>.<\/p>\n<p>Jak pami\u0119tamy, rano by\u0142y szef CBA Ernest Bejda og\u0142osi\u0142, \u017ce s\u0105d rejonowy Warszaw odrzuci\u0142 wniosek komitetu o ukaranie go za brak pojawienia si\u0119 na rozprawie. Dlaczego? Poniewa\u017c <em>&#8222;profesjonalny&#8221;<\/em> Komitet dokona\u0142 b\u0142\u0119du &#8211;<strong>Data wniosku by\u0142a nieprawid\u0142owa<\/strong>. Co za niefortunny b\u0142\u0105d!<\/p>\n<p>P\u00f3\u017aniej PIS MEPS <strong>Maciej W\u0105sik i Mariusz Kami\u0144ski<\/strong> Nie uda\u0142o si\u0119 r\u00f3wnie\u017c pojawi\u0107 przed komitetem. Wydali o\u015bwiadczenia online, powo\u0142uj\u0105c si\u0119 na orzeczenie trybuna\u0142u konstytucyjnego, kt\u00f3ry stwierdza, \u017ce \u200b\u200bkomitet SROKA by\u0142 <strong>uformowane niew\u0142a\u015bciwie i dlatego jest nielegalne<\/strong>.<\/p>\n<p>Co ciekawe, w przypadku W\u0105sika by\u0142o <strong>Ca\u0142kowita logiczna niesp\u00f3jno\u015b\u0107<\/strong>. Zosta\u0142 ukarany grzywn\u0105 za brak pojawienia si\u0119 <strong>o 11:00<\/strong>mimo \u017ce zaplanowano jego przes\u0142uchanie <strong>14:00<\/strong>.<\/p>\n<h3 class=\"wp-block-heading\"><strong>Z\u0142o\u017cy\u0142a wniosek<\/strong><\/h3>\n<p>Po <strong>13:00<\/strong>SROKA og\u0142osi\u0142 w mediach, \u017ce wniosek o aresztowanie <strong>Zbigiew Ziobro<\/strong> zosta\u0142y przes\u0142ane do <strong>S\u0105d rejonowy Warszaw<\/strong>.<\/p>\n<p>Jak to wygl\u0105da? Jak akt frustracji.<\/p>\n<blockquote class=\"wp-block-quote is-layout-flow wp-block-quote-is-layout-flow\">\n<p><em>\u201eWniosek o aresztowanie dyscyplinarne Zbigiew Ziobro w celu zapewnienia jego skutecznego przes\u0142uchania przed wydaniem Komitetu #PegasussCymmit. Rozprawa zaplanowana jest na 23-25 \u200b\u200bczerwca tego roku \u201d<\/em> o\u015bwiadczy\u0142a.<\/p>\n<\/blockquote>\n<blockquote class=\"twitter-tweet\">\n<p lang=\"pl\" dir=\"ltr\">WNIOSEK O ZASTOSOWANIE KARY PORZ\u0105DKOWEJ ARESZTU WOBEC ZBIGNIEWA ZIOBRY W CELU SCUTEGNEGO PZSLUCHUKANIA GO PZED <a rel=\"nofollow\" href=\"https:\/\/twitter.com\/hashtag\/KomisjaPegasus?src=hash&amp;ref_src=twsrc%5Etfw\">#Komisjapegasus<\/a> TRAFI\u0141UJAJ ZROBI W WARSZAWIE. Czynno\u015bci pluchania Zaplanowali\u015bmy W dnioch 23-25 \u200b\u200bCzerwca Br. <a rel=\"nofollow\" href=\"https:\/\/t.co\/BYpU347bwQ\">pic.twitter.com\/BYPU347BWQ<\/a><\/p>\n<p>&#8211; Magdalena Sroka (@Magdalenasroka) <a rel=\"nofollow\" href=\"https:\/\/twitter.com\/MagdalenaSroka\/status\/1896900980303942025?ref_src=twsrc%5Etfw\">4 marca 2025 r<\/a><\/p><\/blockquote>\n<\/div>\n<\/div>\n<p><script async src=\"https:\/\/platform.twitter.com\/widgets.js\" charset=\"utf-8\"><\/script><\/p>\n","protected":false},"excerpt":{"rendered":"<p>Magdalena Sroka chwali\u0142 si\u0119 W mediach spo\u0142eczno\u015bciowych wniosek o aresztowanie Zbigiew Ziobro zosta\u0142 przekazany s\u0105dowi. Czy to jest spos\u00f3b na<\/p>\n","protected":false},"author":1,"featured_media":4389,"comment_status":"closed","ping_status":"","sticky":false,"template":"","format":"standard","meta":{"footnotes":""},"categories":[4748],"tags":[5360,1945,2912,6022,6023,6021,3360],"class_list":["post-4388","post","type-post","status-publish","format-standard","has-post-thumbnail","hentry","category-aktualne","tag-aresztowanie","tag-kontynuuje","tag-sklada","tag-sroka","tag-wniosek","tag-zemsta","tag-ziobro","generate-columns","tablet-grid-50","mobile-grid-100","grid-parent","grid-50","resize-featured-image"],"yoast_head":"<!-- This site is optimized with the Yoast SEO plugin v23.2 - https:\/\/yoast.com\/wordpress\/plugins\/seo\/ -->\n<title>Zemsta kontynuuje: SROKA sk\u0142ada wniosek o aresztowanie Ziobro - POGOTOWIE FLAGOWE\u00ae<\/title>\n<meta name=\"robots\" content=\"index, follow, max-snippet:-1, max-image-preview:large, max-video-preview:-1\" \/>\n<link rel=\"canonical\" href=\"https:\/\/www.pogotowieflagowe.pl\/aktualne\/zemsta-kontynuuje-sroka-sklada-wniosek-o-aresztowanie-ziobro\/\" \/>\n<meta property=\"og:locale\" content=\"pl_PL\" \/>\n<meta property=\"og:type\" content=\"article\" \/>\n<meta property=\"og:title\" content=\"Zemsta kontynuuje: SROKA sk\u0142ada wniosek o aresztowanie Ziobro - POGOTOWIE FLAGOWE\u00ae\" \/>\n<meta property=\"og:description\" content=\"Magdalena Sroka chwali\u0142 si\u0119 W mediach spo\u0142eczno\u015bciowych wniosek o aresztowanie Zbigiew Ziobro zosta\u0142 przekazany s\u0105dowi. Czy to jest spos\u00f3b na\" \/>\n<meta property=\"og:url\" content=\"https:\/\/www.pogotowieflagowe.pl\/aktualne\/zemsta-kontynuuje-sroka-sklada-wniosek-o-aresztowanie-ziobro\/\" \/>\n<meta property=\"og:site_name\" content=\"POGOTOWIE FLAGOWE\u00ae\" \/>\n<meta property=\"article:published_time\" content=\"2025-03-04T20:48:07+00:00\" \/>\n<meta property=\"article:modified_time\" content=\"2025-03-04T20:48:08+00:00\" \/>\n<meta property=\"og:image\" content=\"https:\/\/www.pogotowieflagowe.pl\/aktualne\/wp-content\/uploads\/2025\/03\/Zemsta-kontynuuje-SROKA-sklada-wniosek-o-aresztowanie-Ziobro.jpg\" \/>\n\t<meta property=\"og:image:width\" content=\"1200\" \/>\n\t<meta property=\"og:image:height\" content=\"675\" \/>\n\t<meta property=\"og:image:type\" content=\"image\/jpeg\" \/>\n<meta name=\"author\" content=\"Filip\" \/>\n<meta name=\"twitter:card\" content=\"summary_large_image\" \/>\n<meta name=\"twitter:label1\" content=\"Napisane przez\" \/>\n\t<meta name=\"twitter:data1\" content=\"Filip\" \/>\n\t<meta name=\"twitter:label2\" content=\"Szacowany czas czytania\" \/>\n\t<meta name=\"twitter:data2\" content=\"2 minuty\" \/>\n<script type=\"application\/ld+json\" class=\"yoast-schema-graph\">{\"@context\":\"https:\/\/schema.org\",\"@graph\":[{\"@type\":\"Article\",\"@id\":\"https:\/\/www.pogotowieflagowe.pl\/aktualne\/zemsta-kontynuuje-sroka-sklada-wniosek-o-aresztowanie-ziobro\/#article\",\"isPartOf\":{\"@id\":\"https:\/\/www.pogotowieflagowe.pl\/aktualne\/zemsta-kontynuuje-sroka-sklada-wniosek-o-aresztowanie-ziobro\/\"},\"author\":{\"name\":\"Filip\",\"@id\":\"https:\/\/www.pogotowieflagowe.pl\/aktualne\/#\/schema\/person\/9c2fb7d2362ebf6fa088960d7f0d27b0\"},\"headline\":\"Zemsta kontynuuje: SROKA sk\u0142ada wniosek o aresztowanie Ziobro\",\"datePublished\":\"2025-03-04T20:48:07+00:00\",\"dateModified\":\"2025-03-04T20:48:08+00:00\",\"mainEntityOfPage\":{\"@id\":\"https:\/\/www.pogotowieflagowe.pl\/aktualne\/zemsta-kontynuuje-sroka-sklada-wniosek-o-aresztowanie-ziobro\/\"},\"wordCount\":410,\"publisher\":{\"@id\":\"https:\/\/www.pogotowieflagowe.pl\/aktualne\/#organization\"},\"image\":{\"@id\":\"https:\/\/www.pogotowieflagowe.pl\/aktualne\/zemsta-kontynuuje-sroka-sklada-wniosek-o-aresztowanie-ziobro\/#primaryimage\"},\"thumbnailUrl\":\"https:\/\/www.pogotowieflagowe.pl\/aktualne\/wp-content\/uploads\/2025\/03\/Zemsta-kontynuuje-SROKA-sklada-wniosek-o-aresztowanie-Ziobro.jpg\",\"keywords\":[\"aresztowanie\",\"kontynuuje\",\"sk\u0142ada\",\"SROKA\",\"wniosek\",\"Zemsta\",\"Ziobro\"],\"articleSection\":[\"Aktualne\"],\"inLanguage\":\"pl-PL\"},{\"@type\":\"WebPage\",\"@id\":\"https:\/\/www.pogotowieflagowe.pl\/aktualne\/zemsta-kontynuuje-sroka-sklada-wniosek-o-aresztowanie-ziobro\/\",\"url\":\"https:\/\/www.pogotowieflagowe.pl\/aktualne\/zemsta-kontynuuje-sroka-sklada-wniosek-o-aresztowanie-ziobro\/\",\"name\":\"Zemsta kontynuuje: SROKA sk\u0142ada wniosek o aresztowanie Ziobro - POGOTOWIE FLAGOWE\u00ae\",\"isPartOf\":{\"@id\":\"https:\/\/www.pogotowieflagowe.pl\/aktualne\/#website\"},\"primaryImageOfPage\":{\"@id\":\"https:\/\/www.pogotowieflagowe.pl\/aktualne\/zemsta-kontynuuje-sroka-sklada-wniosek-o-aresztowanie-ziobro\/#primaryimage\"},\"image\":{\"@id\":\"https:\/\/www.pogotowieflagowe.pl\/aktualne\/zemsta-kontynuuje-sroka-sklada-wniosek-o-aresztowanie-ziobro\/#primaryimage\"},\"thumbnailUrl\":\"https:\/\/www.pogotowieflagowe.pl\/aktualne\/wp-content\/uploads\/2025\/03\/Zemsta-kontynuuje-SROKA-sklada-wniosek-o-aresztowanie-Ziobro.jpg\",\"datePublished\":\"2025-03-04T20:48:07+00:00\",\"dateModified\":\"2025-03-04T20:48:08+00:00\",\"breadcrumb\":{\"@id\":\"https:\/\/www.pogotowieflagowe.pl\/aktualne\/zemsta-kontynuuje-sroka-sklada-wniosek-o-aresztowanie-ziobro\/#breadcrumb\"},\"inLanguage\":\"pl-PL\",\"potentialAction\":[{\"@type\":\"ReadAction\",\"target\":[\"https:\/\/www.pogotowieflagowe.pl\/aktualne\/zemsta-kontynuuje-sroka-sklada-wniosek-o-aresztowanie-ziobro\/\"]}]},{\"@type\":\"ImageObject\",\"inLanguage\":\"pl-PL\",\"@id\":\"https:\/\/www.pogotowieflagowe.pl\/aktualne\/zemsta-kontynuuje-sroka-sklada-wniosek-o-aresztowanie-ziobro\/#primaryimage\",\"url\":\"https:\/\/www.pogotowieflagowe.pl\/aktualne\/wp-content\/uploads\/2025\/03\/Zemsta-kontynuuje-SROKA-sklada-wniosek-o-aresztowanie-Ziobro.jpg\",\"contentUrl\":\"https:\/\/www.pogotowieflagowe.pl\/aktualne\/wp-content\/uploads\/2025\/03\/Zemsta-kontynuuje-SROKA-sklada-wniosek-o-aresztowanie-Ziobro.jpg\",\"width\":1200,\"height\":675,\"caption\":\"Zemsta kontynuuje: SROKA sk\u0142ada wniosek o aresztowanie Ziobro\"},{\"@type\":\"BreadcrumbList\",\"@id\":\"https:\/\/www.pogotowieflagowe.pl\/aktualne\/zemsta-kontynuuje-sroka-sklada-wniosek-o-aresztowanie-ziobro\/#breadcrumb\",\"itemListElement\":[{\"@type\":\"ListItem\",\"position\":1,\"name\":\"Home\",\"item\":\"https:\/\/www.pogotowieflagowe.pl\/aktualne\/\"},{\"@type\":\"ListItem\",\"position\":2,\"name\":\"Zemsta kontynuuje: SROKA sk\u0142ada wniosek o aresztowanie Ziobro\"}]},{\"@type\":\"WebSite\",\"@id\":\"https:\/\/www.pogotowieflagowe.pl\/aktualne\/#website\",\"url\":\"https:\/\/www.pogotowieflagowe.pl\/aktualne\/\",\"name\":\"POGOTOWIE FLAGOWE\u00ae\",\"description\":\"\",\"publisher\":{\"@id\":\"https:\/\/www.pogotowieflagowe.pl\/aktualne\/#organization\"},\"potentialAction\":[{\"@type\":\"SearchAction\",\"target\":{\"@type\":\"EntryPoint\",\"urlTemplate\":\"https:\/\/www.pogotowieflagowe.pl\/aktualne\/?s={search_term_string}\"},\"query-input\":\"required name=search_term_string\"}],\"inLanguage\":\"pl-PL\"},{\"@type\":\"Organization\",\"@id\":\"https:\/\/www.pogotowieflagowe.pl\/aktualne\/#organization\",\"name\":\"POGOTOWIE FLAGOWE\u00ae\",\"url\":\"https:\/\/www.pogotowieflagowe.pl\/aktualne\/\",\"logo\":{\"@type\":\"ImageObject\",\"inLanguage\":\"pl-PL\",\"@id\":\"https:\/\/www.pogotowieflagowe.pl\/aktualne\/#\/schema\/logo\/image\/\",\"url\":\"https:\/\/www.pogotowieflagowe.pl\/aktualne\/wp-content\/uploads\/2024\/08\/cropped-pogotowieflagowe_flaga_projekt_sm.jpg\",\"contentUrl\":\"https:\/\/www.pogotowieflagowe.pl\/aktualne\/wp-content\/uploads\/2024\/08\/cropped-pogotowieflagowe_flaga_projekt_sm.jpg\",\"width\":250,\"height\":143,\"caption\":\"POGOTOWIE FLAGOWE\u00ae\"},\"image\":{\"@id\":\"https:\/\/www.pogotowieflagowe.pl\/aktualne\/#\/schema\/logo\/image\/\"}},{\"@type\":\"Person\",\"@id\":\"https:\/\/www.pogotowieflagowe.pl\/aktualne\/#\/schema\/person\/9c2fb7d2362ebf6fa088960d7f0d27b0\",\"name\":\"Filip\",\"image\":{\"@type\":\"ImageObject\",\"inLanguage\":\"pl-PL\",\"@id\":\"https:\/\/www.pogotowieflagowe.pl\/aktualne\/#\/schema\/person\/image\/\",\"url\":\"https:\/\/www.pogotowieflagowe.pl\/aktualne\/wp-content\/uploads\/2024\/08\/pogotowieflagowe.pl_.jpg\",\"contentUrl\":\"https:\/\/www.pogotowieflagowe.pl\/aktualne\/wp-content\/uploads\/2024\/08\/pogotowieflagowe.pl_.jpg\",\"caption\":\"Filip\"},\"description\":\"Jestem Filip, polski dziennikarz z dyplomem nauk politycznych Uniwersytetu Warszawskiego. Rozpoczynaj\u0105c swoj\u0105 karier\u0119 w r\u00f3\u017cnych lokalnych mediach, zdoby\u0142em solidne do\u015bwiadczenie w zakresie \u015bledztwa i redakcji. Obecnie jako redaktor w Pogotowie flagowe, staram si\u0119 dostarcza\u0107 dog\u0142\u0119bne i istotne analizy na temat najwa\u017cniejszych kwestii aktualno\u015bci, \u0142\u0105cz\u0105c rygor z pasj\u0105 dziennikarsk\u0105.\",\"sameAs\":[\"https:\/\/www.pogotowieflagowe.pl\/\"]}]}<\/script>\n<!-- \/ Yoast SEO plugin. -->","yoast_head_json":{"title":"Zemsta kontynuuje: SROKA sk\u0142ada wniosek o aresztowanie Ziobro - POGOTOWIE FLAGOWE\u00ae","robots":{"index":"index","follow":"follow","max-snippet":"max-snippet:-1","max-image-preview":"max-image-preview:large","max-video-preview":"max-video-preview:-1"},"canonical":"https:\/\/www.pogotowieflagowe.pl\/aktualne\/zemsta-kontynuuje-sroka-sklada-wniosek-o-aresztowanie-ziobro\/","og_locale":"pl_PL","og_type":"article","og_title":"Zemsta kontynuuje: SROKA sk\u0142ada wniosek o aresztowanie Ziobro - POGOTOWIE FLAGOWE\u00ae","og_description":"Magdalena Sroka chwali\u0142 si\u0119 W mediach spo\u0142eczno\u015bciowych wniosek o aresztowanie Zbigiew Ziobro zosta\u0142 przekazany s\u0105dowi. Czy to jest spos\u00f3b na","og_url":"https:\/\/www.pogotowieflagowe.pl\/aktualne\/zemsta-kontynuuje-sroka-sklada-wniosek-o-aresztowanie-ziobro\/","og_site_name":"POGOTOWIE FLAGOWE\u00ae","article_published_time":"2025-03-04T20:48:07+00:00","article_modified_time":"2025-03-04T20:48:08+00:00","og_image":[{"width":1200,"height":675,"url":"https:\/\/www.pogotowieflagowe.pl\/aktualne\/wp-content\/uploads\/2025\/03\/Zemsta-kontynuuje-SROKA-sklada-wniosek-o-aresztowanie-Ziobro.jpg","type":"image\/jpeg"}],"author":"Filip","twitter_card":"summary_large_image","twitter_misc":{"Napisane przez":"Filip","Szacowany czas czytania":"2 minuty"},"schema":{"@context":"https:\/\/schema.org","@graph":[{"@type":"Article","@id":"https:\/\/www.pogotowieflagowe.pl\/aktualne\/zemsta-kontynuuje-sroka-sklada-wniosek-o-aresztowanie-ziobro\/#article","isPartOf":{"@id":"https:\/\/www.pogotowieflagowe.pl\/aktualne\/zemsta-kontynuuje-sroka-sklada-wniosek-o-aresztowanie-ziobro\/"},"author":{"name":"Filip","@id":"https:\/\/www.pogotowieflagowe.pl\/aktualne\/#\/schema\/person\/9c2fb7d2362ebf6fa088960d7f0d27b0"},"headline":"Zemsta kontynuuje: SROKA sk\u0142ada wniosek o aresztowanie Ziobro","datePublished":"2025-03-04T20:48:07+00:00","dateModified":"2025-03-04T20:48:08+00:00","mainEntityOfPage":{"@id":"https:\/\/www.pogotowieflagowe.pl\/aktualne\/zemsta-kontynuuje-sroka-sklada-wniosek-o-aresztowanie-ziobro\/"},"wordCount":410,"publisher":{"@id":"https:\/\/www.pogotowieflagowe.pl\/aktualne\/#organization"},"image":{"@id":"https:\/\/www.pogotowieflagowe.pl\/aktualne\/zemsta-kontynuuje-sroka-sklada-wniosek-o-aresztowanie-ziobro\/#primaryimage"},"thumbnailUrl":"https:\/\/www.pogotowieflagowe.pl\/aktualne\/wp-content\/uploads\/2025\/03\/Zemsta-kontynuuje-SROKA-sklada-wniosek-o-aresztowanie-Ziobro.jpg","keywords":["aresztowanie","kontynuuje","sk\u0142ada","SROKA","wniosek","Zemsta","Ziobro"],"articleSection":["Aktualne"],"inLanguage":"pl-PL"},{"@type":"WebPage","@id":"https:\/\/www.pogotowieflagowe.pl\/aktualne\/zemsta-kontynuuje-sroka-sklada-wniosek-o-aresztowanie-ziobro\/","url":"https:\/\/www.pogotowieflagowe.pl\/aktualne\/zemsta-kontynuuje-sroka-sklada-wniosek-o-aresztowanie-ziobro\/","name":"Zemsta kontynuuje: SROKA sk\u0142ada wniosek o aresztowanie Ziobro - POGOTOWIE FLAGOWE\u00ae","isPartOf":{"@id":"https:\/\/www.pogotowieflagowe.pl\/aktualne\/#website"},"primaryImageOfPage":{"@id":"https:\/\/www.pogotowieflagowe.pl\/aktualne\/zemsta-kontynuuje-sroka-sklada-wniosek-o-aresztowanie-ziobro\/#primaryimage"},"image":{"@id":"https:\/\/www.pogotowieflagowe.pl\/aktualne\/zemsta-kontynuuje-sroka-sklada-wniosek-o-aresztowanie-ziobro\/#primaryimage"},"thumbnailUrl":"https:\/\/www.pogotowieflagowe.pl\/aktualne\/wp-content\/uploads\/2025\/03\/Zemsta-kontynuuje-SROKA-sklada-wniosek-o-aresztowanie-Ziobro.jpg","datePublished":"2025-03-04T20:48:07+00:00","dateModified":"2025-03-04T20:48:08+00:00","breadcrumb":{"@id":"https:\/\/www.pogotowieflagowe.pl\/aktualne\/zemsta-kontynuuje-sroka-sklada-wniosek-o-aresztowanie-ziobro\/#breadcrumb"},"inLanguage":"pl-PL","potentialAction":[{"@type":"ReadAction","target":["https:\/\/www.pogotowieflagowe.pl\/aktualne\/zemsta-kontynuuje-sroka-sklada-wniosek-o-aresztowanie-ziobro\/"]}]},{"@type":"ImageObject","inLanguage":"pl-PL","@id":"https:\/\/www.pogotowieflagowe.pl\/aktualne\/zemsta-kontynuuje-sroka-sklada-wniosek-o-aresztowanie-ziobro\/#primaryimage","url":"https:\/\/www.pogotowieflagowe.pl\/aktualne\/wp-content\/uploads\/2025\/03\/Zemsta-kontynuuje-SROKA-sklada-wniosek-o-aresztowanie-Ziobro.jpg","contentUrl":"https:\/\/www.pogotowieflagowe.pl\/aktualne\/wp-content\/uploads\/2025\/03\/Zemsta-kontynuuje-SROKA-sklada-wniosek-o-aresztowanie-Ziobro.jpg","width":1200,"height":675,"caption":"Zemsta kontynuuje: SROKA sk\u0142ada wniosek o aresztowanie Ziobro"},{"@type":"BreadcrumbList","@id":"https:\/\/www.pogotowieflagowe.pl\/aktualne\/zemsta-kontynuuje-sroka-sklada-wniosek-o-aresztowanie-ziobro\/#breadcrumb","itemListElement":[{"@type":"ListItem","position":1,"name":"Home","item":"https:\/\/www.pogotowieflagowe.pl\/aktualne\/"},{"@type":"ListItem","position":2,"name":"Zemsta kontynuuje: SROKA sk\u0142ada wniosek o aresztowanie Ziobro"}]},{"@type":"WebSite","@id":"https:\/\/www.pogotowieflagowe.pl\/aktualne\/#website","url":"https:\/\/www.pogotowieflagowe.pl\/aktualne\/","name":"POGOTOWIE FLAGOWE\u00ae","description":"","publisher":{"@id":"https:\/\/www.pogotowieflagowe.pl\/aktualne\/#organization"},"potentialAction":[{"@type":"SearchAction","target":{"@type":"EntryPoint","urlTemplate":"https:\/\/www.pogotowieflagowe.pl\/aktualne\/?s={search_term_string}"},"query-input":"required name=search_term_string"}],"inLanguage":"pl-PL"},{"@type":"Organization","@id":"https:\/\/www.pogotowieflagowe.pl\/aktualne\/#organization","name":"POGOTOWIE FLAGOWE\u00ae","url":"https:\/\/www.pogotowieflagowe.pl\/aktualne\/","logo":{"@type":"ImageObject","inLanguage":"pl-PL","@id":"https:\/\/www.pogotowieflagowe.pl\/aktualne\/#\/schema\/logo\/image\/","url":"https:\/\/www.pogotowieflagowe.pl\/aktualne\/wp-content\/uploads\/2024\/08\/cropped-pogotowieflagowe_flaga_projekt_sm.jpg","contentUrl":"https:\/\/www.pogotowieflagowe.pl\/aktualne\/wp-content\/uploads\/2024\/08\/cropped-pogotowieflagowe_flaga_projekt_sm.jpg","width":250,"height":143,"caption":"POGOTOWIE FLAGOWE\u00ae"},"image":{"@id":"https:\/\/www.pogotowieflagowe.pl\/aktualne\/#\/schema\/logo\/image\/"}},{"@type":"Person","@id":"https:\/\/www.pogotowieflagowe.pl\/aktualne\/#\/schema\/person\/9c2fb7d2362ebf6fa088960d7f0d27b0","name":"Filip","image":{"@type":"ImageObject","inLanguage":"pl-PL","@id":"https:\/\/www.pogotowieflagowe.pl\/aktualne\/#\/schema\/person\/image\/","url":"https:\/\/www.pogotowieflagowe.pl\/aktualne\/wp-content\/uploads\/2024\/08\/pogotowieflagowe.pl_.jpg","contentUrl":"https:\/\/www.pogotowieflagowe.pl\/aktualne\/wp-content\/uploads\/2024\/08\/pogotowieflagowe.pl_.jpg","caption":"Filip"},"description":"Jestem Filip, polski dziennikarz z dyplomem nauk politycznych Uniwersytetu Warszawskiego. Rozpoczynaj\u0105c swoj\u0105 karier\u0119 w r\u00f3\u017cnych lokalnych mediach, zdoby\u0142em solidne do\u015bwiadczenie w zakresie \u015bledztwa i redakcji. Obecnie jako redaktor w Pogotowie flagowe, staram si\u0119 dostarcza\u0107 dog\u0142\u0119bne i istotne analizy na temat najwa\u017cniejszych kwestii aktualno\u015bci, \u0142\u0105cz\u0105c rygor z pasj\u0105 dziennikarsk\u0105.","sameAs":["https:\/\/www.pogotowieflagowe.pl\/"]}]}},"_links":{"self":[{"href":"https:\/\/www.pogotowieflagowe.pl\/aktualne\/wp-json\/wp\/v2\/posts\/4388","targetHints":{"allow":["GET"]}}],"collection":[{"href":"https:\/\/www.pogotowieflagowe.pl\/aktualne\/wp-json\/wp\/v2\/posts"}],"about":[{"href":"https:\/\/www.pogotowieflagowe.pl\/aktualne\/wp-json\/wp\/v2\/types\/post"}],"author":[{"embeddable":true,"href":"https:\/\/www.pogotowieflagowe.pl\/aktualne\/wp-json\/wp\/v2\/users\/1"}],"replies":[{"embeddable":true,"href":"https:\/\/www.pogotowieflagowe.pl\/aktualne\/wp-json\/wp\/v2\/comments?post=4388"}],"version-history":[{"count":1,"href":"https:\/\/www.pogotowieflagowe.pl\/aktualne\/wp-json\/wp\/v2\/posts\/4388\/revisions"}],"predecessor-version":[{"id":4390,"href":"https:\/\/www.pogotowieflagowe.pl\/aktualne\/wp-json\/wp\/v2\/posts\/4388\/revisions\/4390"}],"wp:featuredmedia":[{"embeddable":true,"href":"https:\/\/www.pogotowieflagowe.pl\/aktualne\/wp-json\/wp\/v2\/media\/4389"}],"wp:attachment":[{"href":"https:\/\/www.pogotowieflagowe.pl\/aktualne\/wp-json\/wp\/v2\/media?parent=4388"}],"wp:term":[{"taxonomy":"category","embeddable":true,"href":"https:\/\/www.pogotowieflagowe.pl\/aktualne\/wp-json\/wp\/v2\/categories?post=4388"},{"taxonomy":"post_tag","embeddable":true,"href":"https:\/\/www.pogotowieflagowe.pl\/aktualne\/wp-json\/wp\/v2\/tags?post=4388"}],"curies":[{"name":"wp","href":"https:\/\/api.w.org\/{rel}","templated":true}]}}