{"id":4408,"date":"2025-03-05T21:47:23","date_gmt":"2025-03-05T20:47:23","guid":{"rendered":"https:\/\/www.pogotowieflagowe.pl\/aktualne\/wazna-debata-w-parlamencie-europejskim-pis-poslow-do-pis-ostrzegaja-przed-imperial-rosja\/"},"modified":"2025-03-05T21:47:23","modified_gmt":"2025-03-05T20:47:23","slug":"wazna-debata-w-parlamencie-europejskim-pis-poslow-do-pis-ostrzegaja-przed-imperial-rosja","status":"publish","type":"post","link":"https:\/\/www.pogotowieflagowe.pl\/aktualne\/wazna-debata-w-parlamencie-europejskim-pis-poslow-do-pis-ostrzegaja-przed-imperial-rosja\/","title":{"rendered":"Wa\u017cna debata w parlamencie europejskim: PIS pos\u0142\u00f3w do PIS ostrzegaj\u0105 przed Imperial Rosja"},"content":{"rendered":"\n<div class=\"td_block_wrap tdb_single_content tdi_41 td-pb-border-top td_block_template_8 td-post-content tagdiv-type\" data-td-block-uid=\"tdi_41\">\n<style>.tdi_41 {margin-top: 0px! Wa\u017cne; margines-bottom: 0px! WA\u017bNY; PALDING-TOP: 0PX! WA\u017bNY; PALDING-BOTTOM: 0PX! WA\u017bNE}<\/style>\n<style>.tdb_single_content {margin-bottom: 0;*zoom: 1} .tdb_single_content: wcze\u015bniej, .tdb_single_content: po {display: Table; content: ''; line-height: 0} .TDB-BLOCK-INner>*: nie (.WP-BLOCK-QUOTE): not (.alignSwide): not (.Alignfull.wp-block-cover.has-parallax): not (.td-a-ad) {margin-left: auto; margin-right: auto} .tdb_single_ConTent a {wska\u017anik-events: auto} .tdb_single_content .td-spot-id-top_ad .tdc-placeholder-title: przed {content: \u201eArtyku\u0142 top ad\u201d! Wa\u017cne} .tdb_single_content .td-Spot-Id-inline_ad0 .tdc-placeholder-title 1 '! Wa\u017cne} .tdb_single_content .td-Spot-Id-inline_Ad1 .tdc-Placeholder-Title: przed {content: \u201eArtyku\u0142 inline AD 2'! Wa\u017cny} .tdb_single_content. 3 '! Wa\u017cne} .tdb_single_content .td-Spot-Id-Bottom_Ad .tdc-Placeholder-Title: przed {content: \u201eArtyku\u0142 Bottom Ad\u201d! Wa\u017cne} .tdb_single_content .id_top_ad, .tdb_single_content_content .id_bottom_ad {clear: oba; margin-bottom: 21px; text-align: Center} .tdb_single_content .id_top_ad img, .tdb_single_content .id_bottom_ad img {margin-bottom: 0} .tdb_single_conTent .id_top_ad .adsbyGoogle, .tdb_single_content .id_bottom_ad .adsbyGoogle {pozycja: relatyw} .tdb_single_content .id_ad_content-horiz-left, .tdb_single_content .id_ad_content-horiz-right, .tdb_single_content .id_ad_content-horiz-Center {margin-bottom: 15px} .tdb_single_content .id_ad_content-horiz-left Img, .tdb_single_content .id_ad_content-horiz-right img, .tdb_single_content .id_ad_content-horiz-centerter img {margin-bottom: 0} .tdb_single_content .id_ad_content-horiz-center {text-align: Center} .tdb_single_content .id_ad_content-horiz-center img {margin-right: auto; margin-let: auto} .tdb_single_content .id_ad_content-horiz-left {float: left; margin-top: 9px; margin-right: 21px} .tdb_single_content .id_ad_content-horiz-right {float: margin-top: 6px; margin-left: 21px} .tdb_single_content .tdc-a-a-ad .TDC-Placeholder-Title {szeroko\u015b\u0107: 300px; height: 250px} .tdb_single_content .tdc-a-ad .TDC-Placeholder-Title: Przed {Pozycja: Absolute; TOP: 50%;-WebKit-Transform: Translatey (-50%); Transform: Translatey (-50%); margines: auto; Display: Tabela; szeroko\u015b\u0107: 100%}. tdb_single_content .TDB-BLOCK-INNER.TD-FIX-INDEX {Word-Break: Break-word} .tdi_41, .tdi_41> p, .tdi_41 .tdb-block-inner> p, .Wp-Block-Column> p {font-size: 16px! Wa\u017cne; wa\u017cny; p {font-styl: normalne! Wa\u017cne} @media (Max-Width: 767px) {. tdb_single_content .id_ad_content-horiz-left, .tdb_single_content .id_ad_content-horiz-right, .tdb_single_content .id_ad_content-horiz-centter {Margin: 0 AUTO 26PXX auto}}@media (Max-Width: 767px) {. tdb_single_content .id_ad_content-horiz-left {margin-right: 0}}@media (max-width: 767px) {. (Max-Width: 767px) {. tdb_single_content .td-a-ad {float: none; text-align: Center} .tdb_single_content .td-a-ad img {margin-right: auto; margin-left: auto} .tdb_single_content .tdc-a-a-a-{margin-right: auto; margin-left: auto} .tdb_single_content .tdd<\/style>\n<div class=\"tdb-block-inner td-fix-index\">\n<p>Pe\u0142ne Partia Partii Polski i Sprawiedliwo\u015bci (PIS) zorganizowali konferencj\u0119 w parlamencie europejskim z udzia\u0142em ekspert\u00f3w zatytu\u0142owanych <em>\u201eRosyjski neoimperializm: zjawisko agresywnej ideologii rosyjskiej\u201d.<\/em><\/p>\n<p>Podczas konferencji ambasador Ukrainy w UE Vsevolod Chentov podkre\u015bli\u0142, \u017ce obecny moment jest krytyczny, szczeg\u00f3lnie po spotkaniach w Waszyngtonie, Pary\u017cu i Londynie. <em>\u201eUkraina jest pod ogromn\u0105 presj\u0105 r\u00f3\u017cnych stron, w tym ze Stan\u00f3w Zjednoczonych\u201d<\/em> Dyplomata stwierdzi\u0142.<\/p>\n<p>W swojej ocenie decyzja USA o zatrzymaniu pomocy wojskowej na Ukrain\u0119 jest alarmuj\u0105cym sygna\u0142em. Zauwa\u017cy\u0142 jednak, \u017ce szczeg\u00f3\u0142y tej decyzji &#8211; niezale\u017cnie od tego, czy ameryka\u0144ska pomoc zosta\u0142a w pe\u0142ni lub tylko cz\u0119\u015bciowo zablokowana &#8211; nie jest niejasna.<\/p>\n<p><em>\u201eWielu podmiot\u00f3w wywiera presj\u0119 na Ukrain\u0119, aby si\u0119 zatrzyma\u0142a, ale nie rozwa\u017caj\u0105 okoliczno\u015bci i przyczyn tej wojny\u201d,<\/em> Powiedzia\u0142. <em>\u201eNie mo\u017cemy sobie na to pozwoli\u0107, a Europa nie mo\u017ce sobie na to pozwoli\u0107, poniewa\u017c takie podej\u015bcie nie zapewni trwa\u0142ego i po prostu pokoju dla Ukrainy\u201d.<\/em><\/p>\n<h2 class=\"wp-block-heading\">Zadzwo\u0144 do dalszego wsparcia UE dla Ukrainy<\/h2>\n<p>PEAM Adam Bielan wezwa\u0142 Parlament Europejski do dalszego wspierania Ukrainy. <em>\u201eJako Parlament Europejski mamy obowi\u0105zek nie tylko pot\u0119pi\u0107 rosyjski neoimperializm, kt\u00f3ry zrobili\u015bmy niezliczon\u0105 ilo\u015b\u0107 razy, ale tak\u017ce aktywnie przeciwdzia\u0142a\u0107 mu i promowa\u0107 porz\u0105dek geopolityczny, w kt\u00f3rym agresja nie jest realnym rezultatem\u201d<\/em> Bielan podkre\u015bli\u0142.<\/p>\n<p><em>\u201eMusimy nadal wspiera\u0107 walk\u0119 Ukrainy o jej suwerenno\u015b\u0107 i wolno\u015b\u0107\u201d<\/em> Twierdzi\u0142. <em>\u201eMusimy wzmocni\u0107 odporno\u015b\u0107 narod\u00f3w europejskich przeciwko zagro\u017ceniom hybrydowym i odpowiedzie\u0107 otwarcie i odpowiednio na te ataki\u201d.<\/em> Wed\u0142ug Bielana mo\u017cna to osi\u0105gn\u0105\u0107 jedynie poprzez wsp\u00f3lny wysi\u0142ek i wsp\u00f3\u0142prac\u0119 mi\u0119dzy grupami politycznymi i instytucjami.<\/p>\n<blockquote class=\"twitter-tweet\">\n<p lang=\"pl\" dir=\"ltr\">Dzi\u015b w pe trwa debata organizingana pluz <a rel=\"nofollow\" href=\"https:\/\/twitter.com\/AdamBielan?ref_src=twsrc%5Etfw\">@Adambielan<\/a> I <a rel=\"nofollow\" href=\"https:\/\/twitter.com\/michaldworczyk?ref_src=twsrc%5Etfw\">@MichaldWorczyk<\/a> \u26a0\ufe0f Rosyjski Agresywny Neoimperializm to Nie Tylko Polityka &#8211; to Ideologia, Kbora Zagra\u017ca Ca\u0142ej Europie! Silna wspolapraca \ud83c\uddea\ud83c\uddfa\ud83e\udd1d\ud83c\uddfa\ud83c\uddf8 Jest Kluczowa! MUSIMY POKONI POZIAJY, ZANIM B\u0119dzie Za Pozyno! <a rel=\"nofollow\" href=\"https:\/\/t.co\/qAS9nB9ZkP\">pic.twitter.com\/qas9nb9zkp<\/a><\/p>\n<p>&#8211; Marlena Mal\u0105g (@marlenamalag) <a rel=\"nofollow\" href=\"https:\/\/twitter.com\/MarlenaMalag\/status\/1896869146765226065?ref_src=twsrc%5Etfw\">4 marca 2025 r<\/a><\/p><\/blockquote>\n<h2 class=\"wp-block-heading\">Rosji imperialna polityka i wojna hybrydowa<\/h2>\n<p>Tymczasem Micha\u0142 Dwiorczyk podkre\u015bli\u0142, \u017ce rosyjska polityka imperialna ma na celu usuni\u0119cie to\u017csamo\u015bci narodowej i kultur &#8211; rzeczywisto\u015b\u0107, kt\u00f3rej do\u015bwiadczy\u0142a Polska w przesz\u0142o\u015bci i kt\u00f3ra jest obecnie widoczna na Ukrainie, szczeg\u00f3lnie na terytoriach zajmowanych przez Federacj\u0119 Rosyjsk\u0105.<\/p>\n<p><em>\u201eNowoczesne metody wojny hybrydowej stosowane przez Rosj\u0119 &#8211; takie jak dezinformacja i zniekszta\u0142cenie historyczne poprzez media i masow\u0105 komunikacj\u0119 &#8211; pozwalaj\u0105 Kremlinowi wdro\u017cy\u0107 swoj\u0105 polityk\u0119 imperialn\u0105 w zupe\u0142nie nowym wymiarze\u201d, \u201d<\/em> Wyja\u015bni\u0142. <em>\u201eNiestety narz\u0119dzia te s\u0105 bardzo skuteczne, bior\u0105c pod uwag\u0119 wyzwania, przed kt\u00f3rymi stoi Europa\u201d.<\/em><\/p>\n<p>Wed\u0142ug Dworczyka, rozwi\u0105zywanie tego problemu i dzielenie si\u0119 do\u015bwiadczeniami mi\u0119dzy Polakami, Litwanami, \u0141otryjczykami i <em>\u201eWszyscy, kt\u00f3rzy osobi\u015bcie do\u015bwiadczyli rosyjskiego imperializmu\u201d<\/em> ma kluczowe znaczenie dla ujawnienia jego mechanizm\u00f3w i zagro\u017ce\u0144, jakie stwarza.<\/p>\n<blockquote class=\"twitter-tweet\">\n<p lang=\"pl\" dir=\"ltr\">DzisiaJ WSp\u00f3lnie Z. <a rel=\"nofollow\" href=\"https:\/\/twitter.com\/AdamBielan?ref_src=twsrc%5Etfw\">@Adambielan<\/a> Zorganizowali\u015bmy KonferencJ\u0119 \u201eRosyjski neoimperializm. Fenomen Rosyjsskij agresywnej ideologii \u201d, Ktudzie Odby\u0142a Si\u0119 W parlamencie Europejskim W Brukseli.<\/p>\n<p>DYSKUSJA SKUPIBA SI\u0119 NA IDEOLOOLIBNYCH PODSTAWACH \u201eRASZYZMU\u201d, JEGO Roli W Podsycaniu RosyJSKIEJ\u2026 <a rel=\"nofollow\" href=\"https:\/\/t.co\/oHZaPME176\">pic.twitter.com\/ohzapme176<\/a><\/p>\n<p>&#8211; Micha\u0142 Dworczyk (@michaldworczyk) <a rel=\"nofollow\" href=\"https:\/\/twitter.com\/michaldworczyk\/status\/1896889894451945826?ref_src=twsrc%5Etfw\">4 marca 2025 r<\/a><\/p><\/blockquote>\n<\/div>\n<\/div>\n<p><script async src=\"https:\/\/platform.twitter.com\/widgets.js\" charset=\"utf-8\"><\/script><\/p>\n","protected":false},"excerpt":{"rendered":"<p>Pe\u0142ne Partia Partii Polski i Sprawiedliwo\u015bci (PIS) zorganizowali konferencj\u0119 w parlamencie europejskim z udzia\u0142em ekspert\u00f3w zatytu\u0142owanych \u201eRosyjski neoimperializm: zjawisko agresywnej<\/p>\n","protected":false},"author":1,"featured_media":4409,"comment_status":"closed","ping_status":"","sticky":false,"template":"","format":"standard","meta":{"footnotes":""},"categories":[4748],"tags":[670,2267,6043,5650,6041,166,6042,643,28,6040],"class_list":["post-4408","post","type-post","status-publish","format-standard","has-post-thumbnail","hentry","category-aktualne","tag-debata","tag-europejskim","tag-imperial","tag-ostrzegaja","tag-parlamencie","tag-pis","tag-poslow","tag-przed","tag-rosja","tag-wazna","generate-columns","tablet-grid-50","mobile-grid-100","grid-parent","grid-50","resize-featured-image"],"yoast_head":"<!-- This site is optimized with the Yoast SEO plugin v23.2 - https:\/\/yoast.com\/wordpress\/plugins\/seo\/ -->\n<title>Wa\u017cna debata w parlamencie europejskim: PIS pos\u0142\u00f3w do PIS ostrzegaj\u0105 przed Imperial Rosja - POGOTOWIE FLAGOWE\u00ae<\/title>\n<meta name=\"robots\" content=\"index, follow, max-snippet:-1, max-image-preview:large, max-video-preview:-1\" \/>\n<link rel=\"canonical\" href=\"https:\/\/www.pogotowieflagowe.pl\/aktualne\/wazna-debata-w-parlamencie-europejskim-pis-poslow-do-pis-ostrzegaja-przed-imperial-rosja\/\" \/>\n<meta property=\"og:locale\" content=\"pl_PL\" \/>\n<meta property=\"og:type\" content=\"article\" \/>\n<meta property=\"og:title\" content=\"Wa\u017cna debata w parlamencie europejskim: PIS pos\u0142\u00f3w do PIS ostrzegaj\u0105 przed Imperial Rosja - POGOTOWIE FLAGOWE\u00ae\" \/>\n<meta property=\"og:description\" content=\"Pe\u0142ne Partia Partii Polski i Sprawiedliwo\u015bci (PIS) zorganizowali konferencj\u0119 w parlamencie europejskim z udzia\u0142em ekspert\u00f3w zatytu\u0142owanych \u201eRosyjski neoimperializm: zjawisko agresywnej\" \/>\n<meta property=\"og:url\" content=\"https:\/\/www.pogotowieflagowe.pl\/aktualne\/wazna-debata-w-parlamencie-europejskim-pis-poslow-do-pis-ostrzegaja-przed-imperial-rosja\/\" \/>\n<meta property=\"og:site_name\" content=\"POGOTOWIE FLAGOWE\u00ae\" \/>\n<meta property=\"article:published_time\" content=\"2025-03-05T20:47:23+00:00\" \/>\n<meta property=\"og:image\" content=\"https:\/\/www.pogotowieflagowe.pl\/aktualne\/wp-content\/uploads\/2025\/03\/Wazna-debata-w-parlamencie-europejskim-PIS-poslow-do-PIS-ostrzegaja.webp.webp\" \/>\n\t<meta property=\"og:image:width\" content=\"1280\" \/>\n\t<meta property=\"og:image:height\" content=\"720\" \/>\n\t<meta property=\"og:image:type\" content=\"image\/webp\" \/>\n<meta name=\"author\" content=\"Filip\" \/>\n<meta name=\"twitter:card\" content=\"summary_large_image\" \/>\n<meta name=\"twitter:label1\" content=\"Napisane przez\" \/>\n\t<meta name=\"twitter:data1\" content=\"Filip\" \/>\n\t<meta name=\"twitter:label2\" content=\"Szacowany czas czytania\" \/>\n\t<meta name=\"twitter:data2\" content=\"3 minuty\" \/>\n<script type=\"application\/ld+json\" class=\"yoast-schema-graph\">{\"@context\":\"https:\/\/schema.org\",\"@graph\":[{\"@type\":\"Article\",\"@id\":\"https:\/\/www.pogotowieflagowe.pl\/aktualne\/wazna-debata-w-parlamencie-europejskim-pis-poslow-do-pis-ostrzegaja-przed-imperial-rosja\/#article\",\"isPartOf\":{\"@id\":\"https:\/\/www.pogotowieflagowe.pl\/aktualne\/wazna-debata-w-parlamencie-europejskim-pis-poslow-do-pis-ostrzegaja-przed-imperial-rosja\/\"},\"author\":{\"name\":\"Filip\",\"@id\":\"https:\/\/www.pogotowieflagowe.pl\/aktualne\/#\/schema\/person\/9c2fb7d2362ebf6fa088960d7f0d27b0\"},\"headline\":\"Wa\u017cna debata w parlamencie europejskim: PIS pos\u0142\u00f3w do PIS ostrzegaj\u0105 przed Imperial Rosja\",\"datePublished\":\"2025-03-05T20:47:23+00:00\",\"dateModified\":\"2025-03-05T20:47:23+00:00\",\"mainEntityOfPage\":{\"@id\":\"https:\/\/www.pogotowieflagowe.pl\/aktualne\/wazna-debata-w-parlamencie-europejskim-pis-poslow-do-pis-ostrzegaja-przed-imperial-rosja\/\"},\"wordCount\":535,\"publisher\":{\"@id\":\"https:\/\/www.pogotowieflagowe.pl\/aktualne\/#organization\"},\"image\":{\"@id\":\"https:\/\/www.pogotowieflagowe.pl\/aktualne\/wazna-debata-w-parlamencie-europejskim-pis-poslow-do-pis-ostrzegaja-przed-imperial-rosja\/#primaryimage\"},\"thumbnailUrl\":\"https:\/\/www.pogotowieflagowe.pl\/aktualne\/wp-content\/uploads\/2025\/03\/Wazna-debata-w-parlamencie-europejskim-PIS-poslow-do-PIS-ostrzegaja.webp.webp\",\"keywords\":[\"debata\",\"europejskim\",\"Imperial\",\"ostrzegaj\u0105\",\"parlamencie\",\"PiS\",\"pos\u0142\u00f3w\",\"przed\",\"Rosja\",\"Wa\u017cna\"],\"articleSection\":[\"Aktualne\"],\"inLanguage\":\"pl-PL\"},{\"@type\":\"WebPage\",\"@id\":\"https:\/\/www.pogotowieflagowe.pl\/aktualne\/wazna-debata-w-parlamencie-europejskim-pis-poslow-do-pis-ostrzegaja-przed-imperial-rosja\/\",\"url\":\"https:\/\/www.pogotowieflagowe.pl\/aktualne\/wazna-debata-w-parlamencie-europejskim-pis-poslow-do-pis-ostrzegaja-przed-imperial-rosja\/\",\"name\":\"Wa\u017cna debata w parlamencie europejskim: PIS pos\u0142\u00f3w do PIS ostrzegaj\u0105 przed Imperial Rosja - POGOTOWIE FLAGOWE\u00ae\",\"isPartOf\":{\"@id\":\"https:\/\/www.pogotowieflagowe.pl\/aktualne\/#website\"},\"primaryImageOfPage\":{\"@id\":\"https:\/\/www.pogotowieflagowe.pl\/aktualne\/wazna-debata-w-parlamencie-europejskim-pis-poslow-do-pis-ostrzegaja-przed-imperial-rosja\/#primaryimage\"},\"image\":{\"@id\":\"https:\/\/www.pogotowieflagowe.pl\/aktualne\/wazna-debata-w-parlamencie-europejskim-pis-poslow-do-pis-ostrzegaja-przed-imperial-rosja\/#primaryimage\"},\"thumbnailUrl\":\"https:\/\/www.pogotowieflagowe.pl\/aktualne\/wp-content\/uploads\/2025\/03\/Wazna-debata-w-parlamencie-europejskim-PIS-poslow-do-PIS-ostrzegaja.webp.webp\",\"datePublished\":\"2025-03-05T20:47:23+00:00\",\"dateModified\":\"2025-03-05T20:47:23+00:00\",\"breadcrumb\":{\"@id\":\"https:\/\/www.pogotowieflagowe.pl\/aktualne\/wazna-debata-w-parlamencie-europejskim-pis-poslow-do-pis-ostrzegaja-przed-imperial-rosja\/#breadcrumb\"},\"inLanguage\":\"pl-PL\",\"potentialAction\":[{\"@type\":\"ReadAction\",\"target\":[\"https:\/\/www.pogotowieflagowe.pl\/aktualne\/wazna-debata-w-parlamencie-europejskim-pis-poslow-do-pis-ostrzegaja-przed-imperial-rosja\/\"]}]},{\"@type\":\"ImageObject\",\"inLanguage\":\"pl-PL\",\"@id\":\"https:\/\/www.pogotowieflagowe.pl\/aktualne\/wazna-debata-w-parlamencie-europejskim-pis-poslow-do-pis-ostrzegaja-przed-imperial-rosja\/#primaryimage\",\"url\":\"https:\/\/www.pogotowieflagowe.pl\/aktualne\/wp-content\/uploads\/2025\/03\/Wazna-debata-w-parlamencie-europejskim-PIS-poslow-do-PIS-ostrzegaja.webp.webp\",\"contentUrl\":\"https:\/\/www.pogotowieflagowe.pl\/aktualne\/wp-content\/uploads\/2025\/03\/Wazna-debata-w-parlamencie-europejskim-PIS-poslow-do-PIS-ostrzegaja.webp.webp\",\"width\":1280,\"height\":720,\"caption\":\"Wa\u017cna debata w parlamencie europejskim: PIS pos\u0142\u00f3w do PIS ostrzegaj\u0105 przed Imperial Rosja\"},{\"@type\":\"BreadcrumbList\",\"@id\":\"https:\/\/www.pogotowieflagowe.pl\/aktualne\/wazna-debata-w-parlamencie-europejskim-pis-poslow-do-pis-ostrzegaja-przed-imperial-rosja\/#breadcrumb\",\"itemListElement\":[{\"@type\":\"ListItem\",\"position\":1,\"name\":\"Home\",\"item\":\"https:\/\/www.pogotowieflagowe.pl\/aktualne\/\"},{\"@type\":\"ListItem\",\"position\":2,\"name\":\"Wa\u017cna debata w parlamencie europejskim: PIS pos\u0142\u00f3w do PIS ostrzegaj\u0105 przed Imperial Rosja\"}]},{\"@type\":\"WebSite\",\"@id\":\"https:\/\/www.pogotowieflagowe.pl\/aktualne\/#website\",\"url\":\"https:\/\/www.pogotowieflagowe.pl\/aktualne\/\",\"name\":\"POGOTOWIE FLAGOWE\u00ae\",\"description\":\"\",\"publisher\":{\"@id\":\"https:\/\/www.pogotowieflagowe.pl\/aktualne\/#organization\"},\"potentialAction\":[{\"@type\":\"SearchAction\",\"target\":{\"@type\":\"EntryPoint\",\"urlTemplate\":\"https:\/\/www.pogotowieflagowe.pl\/aktualne\/?s={search_term_string}\"},\"query-input\":\"required name=search_term_string\"}],\"inLanguage\":\"pl-PL\"},{\"@type\":\"Organization\",\"@id\":\"https:\/\/www.pogotowieflagowe.pl\/aktualne\/#organization\",\"name\":\"POGOTOWIE FLAGOWE\u00ae\",\"url\":\"https:\/\/www.pogotowieflagowe.pl\/aktualne\/\",\"logo\":{\"@type\":\"ImageObject\",\"inLanguage\":\"pl-PL\",\"@id\":\"https:\/\/www.pogotowieflagowe.pl\/aktualne\/#\/schema\/logo\/image\/\",\"url\":\"https:\/\/www.pogotowieflagowe.pl\/aktualne\/wp-content\/uploads\/2024\/08\/cropped-pogotowieflagowe_flaga_projekt_sm.jpg\",\"contentUrl\":\"https:\/\/www.pogotowieflagowe.pl\/aktualne\/wp-content\/uploads\/2024\/08\/cropped-pogotowieflagowe_flaga_projekt_sm.jpg\",\"width\":250,\"height\":143,\"caption\":\"POGOTOWIE FLAGOWE\u00ae\"},\"image\":{\"@id\":\"https:\/\/www.pogotowieflagowe.pl\/aktualne\/#\/schema\/logo\/image\/\"}},{\"@type\":\"Person\",\"@id\":\"https:\/\/www.pogotowieflagowe.pl\/aktualne\/#\/schema\/person\/9c2fb7d2362ebf6fa088960d7f0d27b0\",\"name\":\"Filip\",\"image\":{\"@type\":\"ImageObject\",\"inLanguage\":\"pl-PL\",\"@id\":\"https:\/\/www.pogotowieflagowe.pl\/aktualne\/#\/schema\/person\/image\/\",\"url\":\"https:\/\/www.pogotowieflagowe.pl\/aktualne\/wp-content\/uploads\/2024\/08\/pogotowieflagowe.pl_.jpg\",\"contentUrl\":\"https:\/\/www.pogotowieflagowe.pl\/aktualne\/wp-content\/uploads\/2024\/08\/pogotowieflagowe.pl_.jpg\",\"caption\":\"Filip\"},\"description\":\"Jestem Filip, polski dziennikarz z dyplomem nauk politycznych Uniwersytetu Warszawskiego. Rozpoczynaj\u0105c swoj\u0105 karier\u0119 w r\u00f3\u017cnych lokalnych mediach, zdoby\u0142em solidne do\u015bwiadczenie w zakresie \u015bledztwa i redakcji. Obecnie jako redaktor w Pogotowie flagowe, staram si\u0119 dostarcza\u0107 dog\u0142\u0119bne i istotne analizy na temat najwa\u017cniejszych kwestii aktualno\u015bci, \u0142\u0105cz\u0105c rygor z pasj\u0105 dziennikarsk\u0105.\",\"sameAs\":[\"https:\/\/www.pogotowieflagowe.pl\/\"]}]}<\/script>\n<!-- \/ Yoast SEO plugin. -->","yoast_head_json":{"title":"Wa\u017cna debata w parlamencie europejskim: PIS pos\u0142\u00f3w do PIS ostrzegaj\u0105 przed Imperial Rosja - POGOTOWIE FLAGOWE\u00ae","robots":{"index":"index","follow":"follow","max-snippet":"max-snippet:-1","max-image-preview":"max-image-preview:large","max-video-preview":"max-video-preview:-1"},"canonical":"https:\/\/www.pogotowieflagowe.pl\/aktualne\/wazna-debata-w-parlamencie-europejskim-pis-poslow-do-pis-ostrzegaja-przed-imperial-rosja\/","og_locale":"pl_PL","og_type":"article","og_title":"Wa\u017cna debata w parlamencie europejskim: PIS pos\u0142\u00f3w do PIS ostrzegaj\u0105 przed Imperial Rosja - POGOTOWIE FLAGOWE\u00ae","og_description":"Pe\u0142ne Partia Partii Polski i Sprawiedliwo\u015bci (PIS) zorganizowali konferencj\u0119 w parlamencie europejskim z udzia\u0142em ekspert\u00f3w zatytu\u0142owanych \u201eRosyjski neoimperializm: zjawisko agresywnej","og_url":"https:\/\/www.pogotowieflagowe.pl\/aktualne\/wazna-debata-w-parlamencie-europejskim-pis-poslow-do-pis-ostrzegaja-przed-imperial-rosja\/","og_site_name":"POGOTOWIE FLAGOWE\u00ae","article_published_time":"2025-03-05T20:47:23+00:00","og_image":[{"width":1280,"height":720,"url":"https:\/\/www.pogotowieflagowe.pl\/aktualne\/wp-content\/uploads\/2025\/03\/Wazna-debata-w-parlamencie-europejskim-PIS-poslow-do-PIS-ostrzegaja.webp.webp","type":"image\/webp"}],"author":"Filip","twitter_card":"summary_large_image","twitter_misc":{"Napisane przez":"Filip","Szacowany czas czytania":"3 minuty"},"schema":{"@context":"https:\/\/schema.org","@graph":[{"@type":"Article","@id":"https:\/\/www.pogotowieflagowe.pl\/aktualne\/wazna-debata-w-parlamencie-europejskim-pis-poslow-do-pis-ostrzegaja-przed-imperial-rosja\/#article","isPartOf":{"@id":"https:\/\/www.pogotowieflagowe.pl\/aktualne\/wazna-debata-w-parlamencie-europejskim-pis-poslow-do-pis-ostrzegaja-przed-imperial-rosja\/"},"author":{"name":"Filip","@id":"https:\/\/www.pogotowieflagowe.pl\/aktualne\/#\/schema\/person\/9c2fb7d2362ebf6fa088960d7f0d27b0"},"headline":"Wa\u017cna debata w parlamencie europejskim: PIS pos\u0142\u00f3w do PIS ostrzegaj\u0105 przed Imperial Rosja","datePublished":"2025-03-05T20:47:23+00:00","dateModified":"2025-03-05T20:47:23+00:00","mainEntityOfPage":{"@id":"https:\/\/www.pogotowieflagowe.pl\/aktualne\/wazna-debata-w-parlamencie-europejskim-pis-poslow-do-pis-ostrzegaja-przed-imperial-rosja\/"},"wordCount":535,"publisher":{"@id":"https:\/\/www.pogotowieflagowe.pl\/aktualne\/#organization"},"image":{"@id":"https:\/\/www.pogotowieflagowe.pl\/aktualne\/wazna-debata-w-parlamencie-europejskim-pis-poslow-do-pis-ostrzegaja-przed-imperial-rosja\/#primaryimage"},"thumbnailUrl":"https:\/\/www.pogotowieflagowe.pl\/aktualne\/wp-content\/uploads\/2025\/03\/Wazna-debata-w-parlamencie-europejskim-PIS-poslow-do-PIS-ostrzegaja.webp.webp","keywords":["debata","europejskim","Imperial","ostrzegaj\u0105","parlamencie","PiS","pos\u0142\u00f3w","przed","Rosja","Wa\u017cna"],"articleSection":["Aktualne"],"inLanguage":"pl-PL"},{"@type":"WebPage","@id":"https:\/\/www.pogotowieflagowe.pl\/aktualne\/wazna-debata-w-parlamencie-europejskim-pis-poslow-do-pis-ostrzegaja-przed-imperial-rosja\/","url":"https:\/\/www.pogotowieflagowe.pl\/aktualne\/wazna-debata-w-parlamencie-europejskim-pis-poslow-do-pis-ostrzegaja-przed-imperial-rosja\/","name":"Wa\u017cna debata w parlamencie europejskim: PIS pos\u0142\u00f3w do PIS ostrzegaj\u0105 przed Imperial Rosja - POGOTOWIE FLAGOWE\u00ae","isPartOf":{"@id":"https:\/\/www.pogotowieflagowe.pl\/aktualne\/#website"},"primaryImageOfPage":{"@id":"https:\/\/www.pogotowieflagowe.pl\/aktualne\/wazna-debata-w-parlamencie-europejskim-pis-poslow-do-pis-ostrzegaja-przed-imperial-rosja\/#primaryimage"},"image":{"@id":"https:\/\/www.pogotowieflagowe.pl\/aktualne\/wazna-debata-w-parlamencie-europejskim-pis-poslow-do-pis-ostrzegaja-przed-imperial-rosja\/#primaryimage"},"thumbnailUrl":"https:\/\/www.pogotowieflagowe.pl\/aktualne\/wp-content\/uploads\/2025\/03\/Wazna-debata-w-parlamencie-europejskim-PIS-poslow-do-PIS-ostrzegaja.webp.webp","datePublished":"2025-03-05T20:47:23+00:00","dateModified":"2025-03-05T20:47:23+00:00","breadcrumb":{"@id":"https:\/\/www.pogotowieflagowe.pl\/aktualne\/wazna-debata-w-parlamencie-europejskim-pis-poslow-do-pis-ostrzegaja-przed-imperial-rosja\/#breadcrumb"},"inLanguage":"pl-PL","potentialAction":[{"@type":"ReadAction","target":["https:\/\/www.pogotowieflagowe.pl\/aktualne\/wazna-debata-w-parlamencie-europejskim-pis-poslow-do-pis-ostrzegaja-przed-imperial-rosja\/"]}]},{"@type":"ImageObject","inLanguage":"pl-PL","@id":"https:\/\/www.pogotowieflagowe.pl\/aktualne\/wazna-debata-w-parlamencie-europejskim-pis-poslow-do-pis-ostrzegaja-przed-imperial-rosja\/#primaryimage","url":"https:\/\/www.pogotowieflagowe.pl\/aktualne\/wp-content\/uploads\/2025\/03\/Wazna-debata-w-parlamencie-europejskim-PIS-poslow-do-PIS-ostrzegaja.webp.webp","contentUrl":"https:\/\/www.pogotowieflagowe.pl\/aktualne\/wp-content\/uploads\/2025\/03\/Wazna-debata-w-parlamencie-europejskim-PIS-poslow-do-PIS-ostrzegaja.webp.webp","width":1280,"height":720,"caption":"Wa\u017cna debata w parlamencie europejskim: PIS pos\u0142\u00f3w do PIS ostrzegaj\u0105 przed Imperial Rosja"},{"@type":"BreadcrumbList","@id":"https:\/\/www.pogotowieflagowe.pl\/aktualne\/wazna-debata-w-parlamencie-europejskim-pis-poslow-do-pis-ostrzegaja-przed-imperial-rosja\/#breadcrumb","itemListElement":[{"@type":"ListItem","position":1,"name":"Home","item":"https:\/\/www.pogotowieflagowe.pl\/aktualne\/"},{"@type":"ListItem","position":2,"name":"Wa\u017cna debata w parlamencie europejskim: PIS pos\u0142\u00f3w do PIS ostrzegaj\u0105 przed Imperial Rosja"}]},{"@type":"WebSite","@id":"https:\/\/www.pogotowieflagowe.pl\/aktualne\/#website","url":"https:\/\/www.pogotowieflagowe.pl\/aktualne\/","name":"POGOTOWIE FLAGOWE\u00ae","description":"","publisher":{"@id":"https:\/\/www.pogotowieflagowe.pl\/aktualne\/#organization"},"potentialAction":[{"@type":"SearchAction","target":{"@type":"EntryPoint","urlTemplate":"https:\/\/www.pogotowieflagowe.pl\/aktualne\/?s={search_term_string}"},"query-input":"required name=search_term_string"}],"inLanguage":"pl-PL"},{"@type":"Organization","@id":"https:\/\/www.pogotowieflagowe.pl\/aktualne\/#organization","name":"POGOTOWIE FLAGOWE\u00ae","url":"https:\/\/www.pogotowieflagowe.pl\/aktualne\/","logo":{"@type":"ImageObject","inLanguage":"pl-PL","@id":"https:\/\/www.pogotowieflagowe.pl\/aktualne\/#\/schema\/logo\/image\/","url":"https:\/\/www.pogotowieflagowe.pl\/aktualne\/wp-content\/uploads\/2024\/08\/cropped-pogotowieflagowe_flaga_projekt_sm.jpg","contentUrl":"https:\/\/www.pogotowieflagowe.pl\/aktualne\/wp-content\/uploads\/2024\/08\/cropped-pogotowieflagowe_flaga_projekt_sm.jpg","width":250,"height":143,"caption":"POGOTOWIE FLAGOWE\u00ae"},"image":{"@id":"https:\/\/www.pogotowieflagowe.pl\/aktualne\/#\/schema\/logo\/image\/"}},{"@type":"Person","@id":"https:\/\/www.pogotowieflagowe.pl\/aktualne\/#\/schema\/person\/9c2fb7d2362ebf6fa088960d7f0d27b0","name":"Filip","image":{"@type":"ImageObject","inLanguage":"pl-PL","@id":"https:\/\/www.pogotowieflagowe.pl\/aktualne\/#\/schema\/person\/image\/","url":"https:\/\/www.pogotowieflagowe.pl\/aktualne\/wp-content\/uploads\/2024\/08\/pogotowieflagowe.pl_.jpg","contentUrl":"https:\/\/www.pogotowieflagowe.pl\/aktualne\/wp-content\/uploads\/2024\/08\/pogotowieflagowe.pl_.jpg","caption":"Filip"},"description":"Jestem Filip, polski dziennikarz z dyplomem nauk politycznych Uniwersytetu Warszawskiego. Rozpoczynaj\u0105c swoj\u0105 karier\u0119 w r\u00f3\u017cnych lokalnych mediach, zdoby\u0142em solidne do\u015bwiadczenie w zakresie \u015bledztwa i redakcji. Obecnie jako redaktor w Pogotowie flagowe, staram si\u0119 dostarcza\u0107 dog\u0142\u0119bne i istotne analizy na temat najwa\u017cniejszych kwestii aktualno\u015bci, \u0142\u0105cz\u0105c rygor z pasj\u0105 dziennikarsk\u0105.","sameAs":["https:\/\/www.pogotowieflagowe.pl\/"]}]}},"_links":{"self":[{"href":"https:\/\/www.pogotowieflagowe.pl\/aktualne\/wp-json\/wp\/v2\/posts\/4408","targetHints":{"allow":["GET"]}}],"collection":[{"href":"https:\/\/www.pogotowieflagowe.pl\/aktualne\/wp-json\/wp\/v2\/posts"}],"about":[{"href":"https:\/\/www.pogotowieflagowe.pl\/aktualne\/wp-json\/wp\/v2\/types\/post"}],"author":[{"embeddable":true,"href":"https:\/\/www.pogotowieflagowe.pl\/aktualne\/wp-json\/wp\/v2\/users\/1"}],"replies":[{"embeddable":true,"href":"https:\/\/www.pogotowieflagowe.pl\/aktualne\/wp-json\/wp\/v2\/comments?post=4408"}],"version-history":[{"count":1,"href":"https:\/\/www.pogotowieflagowe.pl\/aktualne\/wp-json\/wp\/v2\/posts\/4408\/revisions"}],"predecessor-version":[{"id":4410,"href":"https:\/\/www.pogotowieflagowe.pl\/aktualne\/wp-json\/wp\/v2\/posts\/4408\/revisions\/4410"}],"wp:featuredmedia":[{"embeddable":true,"href":"https:\/\/www.pogotowieflagowe.pl\/aktualne\/wp-json\/wp\/v2\/media\/4409"}],"wp:attachment":[{"href":"https:\/\/www.pogotowieflagowe.pl\/aktualne\/wp-json\/wp\/v2\/media?parent=4408"}],"wp:term":[{"taxonomy":"category","embeddable":true,"href":"https:\/\/www.pogotowieflagowe.pl\/aktualne\/wp-json\/wp\/v2\/categories?post=4408"},{"taxonomy":"post_tag","embeddable":true,"href":"https:\/\/www.pogotowieflagowe.pl\/aktualne\/wp-json\/wp\/v2\/tags?post=4408"}],"curies":[{"name":"wp","href":"https:\/\/api.w.org\/{rel}","templated":true}]}}