{"id":4433,"date":"2025-03-06T23:48:18","date_gmt":"2025-03-06T22:48:18","guid":{"rendered":"https:\/\/www.pogotowieflagowe.pl\/aktualne\/wojciech-szczesny-swieci-gdy-barcelona-zabezpiecza-kluczowe-zwyciestwo-ligi-mistrzow\/"},"modified":"2025-03-06T23:48:19","modified_gmt":"2025-03-06T22:48:19","slug":"wojciech-szczesny-swieci-gdy-barcelona-zabezpiecza-kluczowe-zwyciestwo-ligi-mistrzow","status":"publish","type":"post","link":"https:\/\/www.pogotowieflagowe.pl\/aktualne\/wojciech-szczesny-swieci-gdy-barcelona-zabezpiecza-kluczowe-zwyciestwo-ligi-mistrzow\/","title":{"rendered":"Wojciech Szcz\u0119sny \u015bwieci, gdy Barcelona zabezpiecza kluczowe zwyci\u0119stwo Ligi Mistrz\u00f3w"},"content":{"rendered":"\n<div class=\"td_block_wrap tdb_single_content tdi_41 td-pb-border-top td_block_template_8 td-post-content tagdiv-type\" data-td-block-uid=\"tdi_41\">\n<style>.tdi_41 {margin-top: 0px! Wa\u017cne; margines-bottom: 0px! WA\u017bNY; PALDING-TOP: 0PX! WA\u017bNY; PALDING-BOTTOM: 0PX! WA\u017bNE}<\/style>\n<style>.tdb_single_content {margin-bottom: 0;*zoom: 1} .tdb_single_content: wcze\u015bniej, .tdb_single_content: po {display: Table; content: ''; line-height: 0} .TDB-BLOCK-INner>*: nie (.WP-BLOCK-QUOTE): not (.alignSwide): not (.Alignfull.wp-block-cover.has-parallax): not (.td-a-ad) {margin-left: auto; margin-right: auto} .tdb_single_ConTent a {wska\u017anik-events: auto} .tdb_single_content .td-spot-id-top_ad .tdc-placeholder-title: przed {content: \u201eArtyku\u0142 top ad\u201d! Wa\u017cne} .tdb_single_content .td-Spot-Id-inline_ad0 .tdc-placeholder-title 1 '! Wa\u017cne} .tdb_single_content .td-Spot-Id-inline_Ad1 .tdc-Placeholder-Title: przed {content: \u201eArtyku\u0142 inline AD 2'! Wa\u017cny} .tdb_single_content. 3 '! Wa\u017cne} .tdb_single_content .td-Spot-Id-Bottom_Ad .tdc-Placeholder-Title: przed {content: \u201eArtyku\u0142 Bottom Ad\u201d! Wa\u017cne} .tdb_single_content .id_top_ad, .tdb_single_content_content .id_bottom_ad {clear: oba; margin-bottom: 21px; text-align: Center} .tdb_single_content .id_top_ad img, .tdb_single_content .id_bottom_ad img {margin-bottom: 0} .tdb_single_conTent .id_top_ad .adsbyGoogle, .tdb_single_content .id_bottom_ad .adsbyGoogle {pozycja: relatyw} .tdb_single_content .id_ad_content-horiz-left, .tdb_single_content .id_ad_content-horiz-right, .tdb_single_content .id_ad_content-horiz-Center {margin-bottom: 15px} .tdb_single_content .id_ad_content-horiz-left Img, .tdb_single_content .id_ad_content-horiz-right img, .tdb_single_content .id_ad_content-horiz-centerter img {margin-bottom: 0} .tdb_single_content .id_ad_content-horiz-center {text-align: Center} .tdb_single_content .id_ad_content-horiz-center img {margin-right: auto; margin-let: auto} .tdb_single_content .id_ad_content-horiz-left {float: left; margin-top: 9px; margin-right: 21px} .tdb_single_content .id_ad_content-horiz-right {float: margin-top: 6px; margin-left: 21px} .tdb_single_content .tdc-a-a-ad .TDC-Placeholder-Title {szeroko\u015b\u0107: 300px; height: 250px} .tdb_single_content .tdc-a-ad .TDC-Placeholder-Title: Przed {Pozycja: Absolute; TOP: 50%;-WebKit-Transform: Translatey (-50%); Transform: Translatey (-50%); margines: auto; Display: Tabela; szeroko\u015b\u0107: 100%}. tdb_single_content .TDB-BLOCK-INNER.TD-FIX-INDEX {Word-Break: Break-word} .tdi_41, .tdi_41> p, .tdi_41 .tdb-block-inner> p, .Wp-Block-Column> p {font-size: 16px! Wa\u017cne; wa\u017cny; p {font-styl: normalne! Wa\u017cne} @media (Max-Width: 767px) {. tdb_single_content .id_ad_content-horiz-left, .tdb_single_content .id_ad_content-horiz-right, .tdb_single_content .id_ad_content-horiz-centter {Margin: 0 AUTO 26PXX auto}}@media (Max-Width: 767px) {. tdb_single_content .id_ad_content-horiz-left {margin-right: 0}}@media (max-width: 767px) {. (Max-Width: 767px) {. tdb_single_content .td-a-ad {float: none; text-align: Center} .tdb_single_content .td-a-ad img {margin-right: auto; margin-left: auto} .tdb_single_content .tdc-a-a-a-{margin-right: auto; margin-left: auto} .tdb_single_content .tdd<\/style>\n<div class=\"tdb-block-inner td-fix-index\">\n<p><strong>Hiszpa\u0144skie media okrzykn\u0119\u0142y wyst\u0119p Wojciecha Szbu\u0119sny&#8217;ego jako \u201edoskona\u0142y\u201d podczas zwyci\u0119stwa Barcelony nad Benfik\u0105 w rundzie Ligi Mistrz\u00f3w 16 w \u015brod\u0119. Polski bramkarz odegra\u0142 kluczow\u0105 rol\u0119 w zapewnieniu zwyci\u0119stwa dla jego dru\u017cyny, kt\u00f3ra zosta\u0142a zredukowana do dziesi\u0119ciu m\u0119\u017cczyzn po tym, jak obro\u0144ca Pau Cubars\u00ed otrzyma\u0142 czerwon\u0105 kart\u0119.<\/strong><\/p>\n<p>\u201eZwyci\u0119stwo Barcelony nie by\u0142oby mo\u017cliwe bez spektakularnego wyst\u0119pu Szczy\u0119sny\u201d, skomentowa\u0142a gazeta \u201eAS\u201d.<\/p>\n<p>Katalo\u0144ska gazeta \u201eSport\u201d przyzna\u0142a Szcz\u0119sny najwy\u017csz\u0105 ocen\u0119 w zespole &#8211; 9, kt\u00f3ra jest bliska perfekcji. \u201eSzcz\u0119sny zatrzyma\u0142 absolutnie wszystko, interweniowa\u0142 r\u0119kami, stopami i broni\u0105c wysokich pi\u0142ek. Wydajno\u015b\u0107 kapita\u0142u \u201d, uzasadnia\u0142\u201e Sport \u201d.<\/p>\n<figure class=\"wp-block-embed is-type-rich is-provider-twitter wp-block-embed-twitter\">\n<div class=\"wp-block-embed__wrapper\">\n<blockquote class=\"twitter-tweet\" data-width=\"550\" data-dnt=\"true\">\n<p lang=\"en\" dir=\"ltr\">Kiedy wychodzisz z emerytury i jeste\u015b jeszcze lepszy ni\u017c wcze\u015bniej. <a rel=\"nofollow\" href=\"https:\/\/t.co\/FOdNVNHhFh\">pic.twitter.com\/fodnvnhhfh<\/a><\/p>\n<p>&#8211; FC Barcelona (@fcbarcelona) <a rel=\"nofollow\" href=\"https:\/\/twitter.com\/FCBarcelona\/status\/1897420559685758997?ref_src=twsrc%5Etfw\">5 marca 2025 r<\/a><\/p><\/blockquote>\n<\/div>\n<\/figure>\n<h2 class=\"wp-block-heading\"><strong>Najlepszy wyst\u0119p bramkarza Barcelony w Europie<\/strong><\/h2>\n<p>\u201eTo najlepszy wyst\u0119p bramkarza Barcelony w Europie w \u017cywej pami\u0119ci\u201d, doda\u0142 gazeta \u201eMundo Deportivo\u201d, kolejnego powa\u017cnego katalo\u0144skiego sportu codziennie.<\/p>\n<p>\u201eSport\u201d opisa\u0142 Szcz\u0119sny jako \u201e\u015bcian\u0119\u201d w Lizbonie. Gazeta przypomnia\u0142a sobie, \u017ce \u201eawaryjne\u201d przeniesienie polskiego bramkarza pocz\u0105tkowo wzbudzi\u0142o wiele w\u0105tpliwo\u015bci, a naleganie trenera Hansiego Flicka na wybranie go z powodu I\u00f1aki Pe\u00f1a zosta\u0142o skrytykowane.<\/p>\n<p>\u201eJednak czas pokaza\u0142, \u017ce Flick mia\u0142 racj\u0119. Szcz\u0119sny w pe\u0142ni zas\u0142u\u017cy\u0142 na swoje miejsce mi\u0119dzy s\u0142upkami. Jego wyst\u0119p by\u0142 po prostu idealny &#8211; doda\u0142 gazeta.<\/p>\n<h2 class=\"wp-block-heading\"><strong>Flick chwali Szcz\u0119sny<\/strong><\/h2>\n<p>\u201eBy\u0142 fantastyczny. Z ka\u017cdym meczem jest bardziej pewny siebie. Wiem, \u017ce mo\u017ce gra\u0107 na tym poziomie, poniewa\u017c widz\u0119 go codziennie podczas treningu &#8211; powiedzia\u0142 Flick po meczu, kt\u00f3ry nie oszcz\u0119dza\u0142 pochwa\u0142 dla s\u0142upa.<\/p>\n<p>\u201eTo \u015bwietne zwyci\u0119stwo\u201d &#8211; doda\u0142 niemiecki trener.<\/p>\n<p>Jego dru\u017cyna zdoby\u0142a r\u00f3wnie\u017c trzy punkty z Lizbony w scenie grupowej Ligi Mistrz\u00f3w. Jednak Szcz\u0119sny straci\u0142 cztery bramki w tym meczu i nie mia\u0142 udanego wyst\u0119pu.<\/p>\n<p>\u201eTo by\u0142 dobry mecz od nas, z charakterem. Pokazali\u015bmy, \u017ce wiemy, jak wygra\u0107 \u201d, oceni\u0142 polski bramkarz po \u015brodowym meczu, dodaj\u0105c, \u017ce jego najlepszy wyst\u0119p w koszuli Barcelona jeszcze nie nadejdzie.<\/p>\n<p>\u201ePedri zdoby\u0142 nagrod\u0119 MVP za najlepszego gracza meczu, ale my\u015bl\u0119, \u017ce po\u0142owa tego powinna do mnie trafi\u0107\u201d &#8211; \u017cartowa\u0142 s\u0142up po meczu.<\/p>\n<h2 class=\"wp-block-heading\"><strong>Lewandowski bez bramki<\/strong><\/h2>\n<p>Robert Lewandowski nie strzeli\u0142 gola w \u015brod\u0119. By\u0142 na boisku do 79. minuty, po czym zosta\u0142 zast\u0105piony przez Gerarda Mart\u00edna.<\/p>\n<p>Barcelona zapewni\u0142a minimaln\u0105 przewag\u0119 przed nog\u0105 powrotn\u0105, kt\u00f3ra odb\u0119dzie si\u0119 11 marca w Hiszpanii. Zesp\u00f3\u0142, kt\u00f3ry post\u0119puje, zmierzy si\u0119 ze zwyci\u0119zc\u0105 remisu mi\u0119dzy Borussi\u0105 Dortmund i Lille Osc w \u0107wier\u0107finale.<\/p>\n<\/div>\n<\/div>\n<p><script async src=\"https:\/\/platform.twitter.com\/widgets.js\" charset=\"utf-8\"><\/script><\/p>\n","protected":false},"excerpt":{"rendered":"<p>Hiszpa\u0144skie media okrzykn\u0119\u0142y wyst\u0119p Wojciecha Szbu\u0119sny&#8217;ego jako \u201edoskona\u0142y\u201d podczas zwyci\u0119stwa Barcelony nad Benfik\u0105 w rundzie Ligi Mistrz\u00f3w 16 w \u015brod\u0119.<\/p>\n","protected":false},"author":1,"featured_media":2894,"comment_status":"closed","ping_status":"","sticky":false,"template":"","format":"standard","meta":{"footnotes":""},"categories":[118],"tags":[1721,2503,421,1736,669,4305,543,542,4732,295],"class_list":["post-4433","post","type-post","status-publish","format-standard","has-post-thumbnail","hentry","category-lekkoatletyka","tag-barcelona","tag-gdy","tag-kluczowe","tag-ligi","tag-mistrzow","tag-swieci","tag-szczesny","tag-wojciech","tag-zabezpiecza","tag-zwyciestwo","generate-columns","tablet-grid-50","mobile-grid-100","grid-parent","grid-50","resize-featured-image"],"yoast_head":"<!-- This site is optimized with the Yoast SEO plugin v23.2 - https:\/\/yoast.com\/wordpress\/plugins\/seo\/ -->\n<title>Wojciech Szcz\u0119sny \u015bwieci, gdy Barcelona zabezpiecza kluczowe zwyci\u0119stwo Ligi Mistrz\u00f3w - POGOTOWIE FLAGOWE\u00ae<\/title>\n<meta name=\"robots\" content=\"index, follow, max-snippet:-1, max-image-preview:large, max-video-preview:-1\" \/>\n<link rel=\"canonical\" href=\"https:\/\/www.pogotowieflagowe.pl\/aktualne\/wojciech-szczesny-swieci-gdy-barcelona-zabezpiecza-kluczowe-zwyciestwo-ligi-mistrzow\/\" \/>\n<meta property=\"og:locale\" content=\"pl_PL\" \/>\n<meta property=\"og:type\" content=\"article\" \/>\n<meta property=\"og:title\" content=\"Wojciech Szcz\u0119sny \u015bwieci, gdy Barcelona zabezpiecza kluczowe zwyci\u0119stwo Ligi Mistrz\u00f3w - POGOTOWIE FLAGOWE\u00ae\" \/>\n<meta property=\"og:description\" content=\"Hiszpa\u0144skie media okrzykn\u0119\u0142y wyst\u0119p Wojciecha Szbu\u0119sny&#8217;ego jako \u201edoskona\u0142y\u201d podczas zwyci\u0119stwa Barcelony nad Benfik\u0105 w rundzie Ligi Mistrz\u00f3w 16 w \u015brod\u0119.\" \/>\n<meta property=\"og:url\" content=\"https:\/\/www.pogotowieflagowe.pl\/aktualne\/wojciech-szczesny-swieci-gdy-barcelona-zabezpiecza-kluczowe-zwyciestwo-ligi-mistrzow\/\" \/>\n<meta property=\"og:site_name\" content=\"POGOTOWIE FLAGOWE\u00ae\" \/>\n<meta property=\"article:published_time\" content=\"2025-03-06T22:48:18+00:00\" \/>\n<meta property=\"article:modified_time\" content=\"2025-03-06T22:48:19+00:00\" \/>\n<meta property=\"og:image\" content=\"https:\/\/www.pogotowieflagowe.pl\/aktualne\/wp-content\/uploads\/2025\/01\/Dlugo-oczekiwany-debiut-Wojciecha-Szczesnego-w-Barcelonie.jpg\" \/>\n\t<meta property=\"og:image:width\" content=\"1920\" \/>\n\t<meta property=\"og:image:height\" content=\"2400\" \/>\n\t<meta property=\"og:image:type\" content=\"image\/jpeg\" \/>\n<meta name=\"author\" content=\"Filip\" \/>\n<meta name=\"twitter:card\" content=\"summary_large_image\" \/>\n<meta name=\"twitter:label1\" content=\"Napisane przez\" \/>\n\t<meta name=\"twitter:data1\" content=\"Filip\" \/>\n\t<meta name=\"twitter:label2\" content=\"Szacowany czas czytania\" \/>\n\t<meta name=\"twitter:data2\" content=\"2 minuty\" \/>\n<script type=\"application\/ld+json\" class=\"yoast-schema-graph\">{\"@context\":\"https:\/\/schema.org\",\"@graph\":[{\"@type\":\"Article\",\"@id\":\"https:\/\/www.pogotowieflagowe.pl\/aktualne\/wojciech-szczesny-swieci-gdy-barcelona-zabezpiecza-kluczowe-zwyciestwo-ligi-mistrzow\/#article\",\"isPartOf\":{\"@id\":\"https:\/\/www.pogotowieflagowe.pl\/aktualne\/wojciech-szczesny-swieci-gdy-barcelona-zabezpiecza-kluczowe-zwyciestwo-ligi-mistrzow\/\"},\"author\":{\"name\":\"Filip\",\"@id\":\"https:\/\/www.pogotowieflagowe.pl\/aktualne\/#\/schema\/person\/9c2fb7d2362ebf6fa088960d7f0d27b0\"},\"headline\":\"Wojciech Szcz\u0119sny \u015bwieci, gdy Barcelona zabezpiecza kluczowe zwyci\u0119stwo Ligi Mistrz\u00f3w\",\"datePublished\":\"2025-03-06T22:48:18+00:00\",\"dateModified\":\"2025-03-06T22:48:19+00:00\",\"mainEntityOfPage\":{\"@id\":\"https:\/\/www.pogotowieflagowe.pl\/aktualne\/wojciech-szczesny-swieci-gdy-barcelona-zabezpiecza-kluczowe-zwyciestwo-ligi-mistrzow\/\"},\"wordCount\":456,\"publisher\":{\"@id\":\"https:\/\/www.pogotowieflagowe.pl\/aktualne\/#organization\"},\"image\":{\"@id\":\"https:\/\/www.pogotowieflagowe.pl\/aktualne\/wojciech-szczesny-swieci-gdy-barcelona-zabezpiecza-kluczowe-zwyciestwo-ligi-mistrzow\/#primaryimage\"},\"thumbnailUrl\":\"https:\/\/www.pogotowieflagowe.pl\/aktualne\/wp-content\/uploads\/2025\/01\/Dlugo-oczekiwany-debiut-Wojciecha-Szczesnego-w-Barcelonie.jpg\",\"keywords\":[\"Barcelona\",\"gdy\",\"kluczowe\",\"Ligi\",\"mistrz\u00f3w\",\"\u015bwieci\",\"Szcz\u0119sny\",\"Wojciech\",\"zabezpiecza\",\"zwyci\u0119stwo\"],\"articleSection\":[\"Lekkoatletyka\"],\"inLanguage\":\"pl-PL\"},{\"@type\":\"WebPage\",\"@id\":\"https:\/\/www.pogotowieflagowe.pl\/aktualne\/wojciech-szczesny-swieci-gdy-barcelona-zabezpiecza-kluczowe-zwyciestwo-ligi-mistrzow\/\",\"url\":\"https:\/\/www.pogotowieflagowe.pl\/aktualne\/wojciech-szczesny-swieci-gdy-barcelona-zabezpiecza-kluczowe-zwyciestwo-ligi-mistrzow\/\",\"name\":\"Wojciech Szcz\u0119sny \u015bwieci, gdy Barcelona zabezpiecza kluczowe zwyci\u0119stwo Ligi Mistrz\u00f3w - POGOTOWIE FLAGOWE\u00ae\",\"isPartOf\":{\"@id\":\"https:\/\/www.pogotowieflagowe.pl\/aktualne\/#website\"},\"primaryImageOfPage\":{\"@id\":\"https:\/\/www.pogotowieflagowe.pl\/aktualne\/wojciech-szczesny-swieci-gdy-barcelona-zabezpiecza-kluczowe-zwyciestwo-ligi-mistrzow\/#primaryimage\"},\"image\":{\"@id\":\"https:\/\/www.pogotowieflagowe.pl\/aktualne\/wojciech-szczesny-swieci-gdy-barcelona-zabezpiecza-kluczowe-zwyciestwo-ligi-mistrzow\/#primaryimage\"},\"thumbnailUrl\":\"https:\/\/www.pogotowieflagowe.pl\/aktualne\/wp-content\/uploads\/2025\/01\/Dlugo-oczekiwany-debiut-Wojciecha-Szczesnego-w-Barcelonie.jpg\",\"datePublished\":\"2025-03-06T22:48:18+00:00\",\"dateModified\":\"2025-03-06T22:48:19+00:00\",\"breadcrumb\":{\"@id\":\"https:\/\/www.pogotowieflagowe.pl\/aktualne\/wojciech-szczesny-swieci-gdy-barcelona-zabezpiecza-kluczowe-zwyciestwo-ligi-mistrzow\/#breadcrumb\"},\"inLanguage\":\"pl-PL\",\"potentialAction\":[{\"@type\":\"ReadAction\",\"target\":[\"https:\/\/www.pogotowieflagowe.pl\/aktualne\/wojciech-szczesny-swieci-gdy-barcelona-zabezpiecza-kluczowe-zwyciestwo-ligi-mistrzow\/\"]}]},{\"@type\":\"ImageObject\",\"inLanguage\":\"pl-PL\",\"@id\":\"https:\/\/www.pogotowieflagowe.pl\/aktualne\/wojciech-szczesny-swieci-gdy-barcelona-zabezpiecza-kluczowe-zwyciestwo-ligi-mistrzow\/#primaryimage\",\"url\":\"https:\/\/www.pogotowieflagowe.pl\/aktualne\/wp-content\/uploads\/2025\/01\/Dlugo-oczekiwany-debiut-Wojciecha-Szczesnego-w-Barcelonie.jpg\",\"contentUrl\":\"https:\/\/www.pogotowieflagowe.pl\/aktualne\/wp-content\/uploads\/2025\/01\/Dlugo-oczekiwany-debiut-Wojciecha-Szczesnego-w-Barcelonie.jpg\",\"width\":1920,\"height\":2400,\"caption\":\"D\u0142ugo oczekiwany debiut Wojciecha Szcz\u0119snego w Barcelonie\"},{\"@type\":\"BreadcrumbList\",\"@id\":\"https:\/\/www.pogotowieflagowe.pl\/aktualne\/wojciech-szczesny-swieci-gdy-barcelona-zabezpiecza-kluczowe-zwyciestwo-ligi-mistrzow\/#breadcrumb\",\"itemListElement\":[{\"@type\":\"ListItem\",\"position\":1,\"name\":\"Home\",\"item\":\"https:\/\/www.pogotowieflagowe.pl\/aktualne\/\"},{\"@type\":\"ListItem\",\"position\":2,\"name\":\"Wojciech Szcz\u0119sny \u015bwieci, gdy Barcelona zabezpiecza kluczowe zwyci\u0119stwo Ligi Mistrz\u00f3w\"}]},{\"@type\":\"WebSite\",\"@id\":\"https:\/\/www.pogotowieflagowe.pl\/aktualne\/#website\",\"url\":\"https:\/\/www.pogotowieflagowe.pl\/aktualne\/\",\"name\":\"POGOTOWIE FLAGOWE\u00ae\",\"description\":\"\",\"publisher\":{\"@id\":\"https:\/\/www.pogotowieflagowe.pl\/aktualne\/#organization\"},\"potentialAction\":[{\"@type\":\"SearchAction\",\"target\":{\"@type\":\"EntryPoint\",\"urlTemplate\":\"https:\/\/www.pogotowieflagowe.pl\/aktualne\/?s={search_term_string}\"},\"query-input\":\"required name=search_term_string\"}],\"inLanguage\":\"pl-PL\"},{\"@type\":\"Organization\",\"@id\":\"https:\/\/www.pogotowieflagowe.pl\/aktualne\/#organization\",\"name\":\"POGOTOWIE FLAGOWE\u00ae\",\"url\":\"https:\/\/www.pogotowieflagowe.pl\/aktualne\/\",\"logo\":{\"@type\":\"ImageObject\",\"inLanguage\":\"pl-PL\",\"@id\":\"https:\/\/www.pogotowieflagowe.pl\/aktualne\/#\/schema\/logo\/image\/\",\"url\":\"https:\/\/www.pogotowieflagowe.pl\/aktualne\/wp-content\/uploads\/2024\/08\/cropped-pogotowieflagowe_flaga_projekt_sm.jpg\",\"contentUrl\":\"https:\/\/www.pogotowieflagowe.pl\/aktualne\/wp-content\/uploads\/2024\/08\/cropped-pogotowieflagowe_flaga_projekt_sm.jpg\",\"width\":250,\"height\":143,\"caption\":\"POGOTOWIE FLAGOWE\u00ae\"},\"image\":{\"@id\":\"https:\/\/www.pogotowieflagowe.pl\/aktualne\/#\/schema\/logo\/image\/\"}},{\"@type\":\"Person\",\"@id\":\"https:\/\/www.pogotowieflagowe.pl\/aktualne\/#\/schema\/person\/9c2fb7d2362ebf6fa088960d7f0d27b0\",\"name\":\"Filip\",\"image\":{\"@type\":\"ImageObject\",\"inLanguage\":\"pl-PL\",\"@id\":\"https:\/\/www.pogotowieflagowe.pl\/aktualne\/#\/schema\/person\/image\/\",\"url\":\"https:\/\/www.pogotowieflagowe.pl\/aktualne\/wp-content\/uploads\/2024\/08\/pogotowieflagowe.pl_.jpg\",\"contentUrl\":\"https:\/\/www.pogotowieflagowe.pl\/aktualne\/wp-content\/uploads\/2024\/08\/pogotowieflagowe.pl_.jpg\",\"caption\":\"Filip\"},\"description\":\"Jestem Filip, polski dziennikarz z dyplomem nauk politycznych Uniwersytetu Warszawskiego. Rozpoczynaj\u0105c swoj\u0105 karier\u0119 w r\u00f3\u017cnych lokalnych mediach, zdoby\u0142em solidne do\u015bwiadczenie w zakresie \u015bledztwa i redakcji. Obecnie jako redaktor w Pogotowie flagowe, staram si\u0119 dostarcza\u0107 dog\u0142\u0119bne i istotne analizy na temat najwa\u017cniejszych kwestii aktualno\u015bci, \u0142\u0105cz\u0105c rygor z pasj\u0105 dziennikarsk\u0105.\",\"sameAs\":[\"https:\/\/www.pogotowieflagowe.pl\/\"]}]}<\/script>\n<!-- \/ Yoast SEO plugin. -->","yoast_head_json":{"title":"Wojciech Szcz\u0119sny \u015bwieci, gdy Barcelona zabezpiecza kluczowe zwyci\u0119stwo Ligi Mistrz\u00f3w - POGOTOWIE FLAGOWE\u00ae","robots":{"index":"index","follow":"follow","max-snippet":"max-snippet:-1","max-image-preview":"max-image-preview:large","max-video-preview":"max-video-preview:-1"},"canonical":"https:\/\/www.pogotowieflagowe.pl\/aktualne\/wojciech-szczesny-swieci-gdy-barcelona-zabezpiecza-kluczowe-zwyciestwo-ligi-mistrzow\/","og_locale":"pl_PL","og_type":"article","og_title":"Wojciech Szcz\u0119sny \u015bwieci, gdy Barcelona zabezpiecza kluczowe zwyci\u0119stwo Ligi Mistrz\u00f3w - POGOTOWIE FLAGOWE\u00ae","og_description":"Hiszpa\u0144skie media okrzykn\u0119\u0142y wyst\u0119p Wojciecha Szbu\u0119sny&#8217;ego jako \u201edoskona\u0142y\u201d podczas zwyci\u0119stwa Barcelony nad Benfik\u0105 w rundzie Ligi Mistrz\u00f3w 16 w \u015brod\u0119.","og_url":"https:\/\/www.pogotowieflagowe.pl\/aktualne\/wojciech-szczesny-swieci-gdy-barcelona-zabezpiecza-kluczowe-zwyciestwo-ligi-mistrzow\/","og_site_name":"POGOTOWIE FLAGOWE\u00ae","article_published_time":"2025-03-06T22:48:18+00:00","article_modified_time":"2025-03-06T22:48:19+00:00","og_image":[{"width":1920,"height":2400,"url":"https:\/\/www.pogotowieflagowe.pl\/aktualne\/wp-content\/uploads\/2025\/01\/Dlugo-oczekiwany-debiut-Wojciecha-Szczesnego-w-Barcelonie.jpg","type":"image\/jpeg"}],"author":"Filip","twitter_card":"summary_large_image","twitter_misc":{"Napisane przez":"Filip","Szacowany czas czytania":"2 minuty"},"schema":{"@context":"https:\/\/schema.org","@graph":[{"@type":"Article","@id":"https:\/\/www.pogotowieflagowe.pl\/aktualne\/wojciech-szczesny-swieci-gdy-barcelona-zabezpiecza-kluczowe-zwyciestwo-ligi-mistrzow\/#article","isPartOf":{"@id":"https:\/\/www.pogotowieflagowe.pl\/aktualne\/wojciech-szczesny-swieci-gdy-barcelona-zabezpiecza-kluczowe-zwyciestwo-ligi-mistrzow\/"},"author":{"name":"Filip","@id":"https:\/\/www.pogotowieflagowe.pl\/aktualne\/#\/schema\/person\/9c2fb7d2362ebf6fa088960d7f0d27b0"},"headline":"Wojciech Szcz\u0119sny \u015bwieci, gdy Barcelona zabezpiecza kluczowe zwyci\u0119stwo Ligi Mistrz\u00f3w","datePublished":"2025-03-06T22:48:18+00:00","dateModified":"2025-03-06T22:48:19+00:00","mainEntityOfPage":{"@id":"https:\/\/www.pogotowieflagowe.pl\/aktualne\/wojciech-szczesny-swieci-gdy-barcelona-zabezpiecza-kluczowe-zwyciestwo-ligi-mistrzow\/"},"wordCount":456,"publisher":{"@id":"https:\/\/www.pogotowieflagowe.pl\/aktualne\/#organization"},"image":{"@id":"https:\/\/www.pogotowieflagowe.pl\/aktualne\/wojciech-szczesny-swieci-gdy-barcelona-zabezpiecza-kluczowe-zwyciestwo-ligi-mistrzow\/#primaryimage"},"thumbnailUrl":"https:\/\/www.pogotowieflagowe.pl\/aktualne\/wp-content\/uploads\/2025\/01\/Dlugo-oczekiwany-debiut-Wojciecha-Szczesnego-w-Barcelonie.jpg","keywords":["Barcelona","gdy","kluczowe","Ligi","mistrz\u00f3w","\u015bwieci","Szcz\u0119sny","Wojciech","zabezpiecza","zwyci\u0119stwo"],"articleSection":["Lekkoatletyka"],"inLanguage":"pl-PL"},{"@type":"WebPage","@id":"https:\/\/www.pogotowieflagowe.pl\/aktualne\/wojciech-szczesny-swieci-gdy-barcelona-zabezpiecza-kluczowe-zwyciestwo-ligi-mistrzow\/","url":"https:\/\/www.pogotowieflagowe.pl\/aktualne\/wojciech-szczesny-swieci-gdy-barcelona-zabezpiecza-kluczowe-zwyciestwo-ligi-mistrzow\/","name":"Wojciech Szcz\u0119sny \u015bwieci, gdy Barcelona zabezpiecza kluczowe zwyci\u0119stwo Ligi Mistrz\u00f3w - POGOTOWIE FLAGOWE\u00ae","isPartOf":{"@id":"https:\/\/www.pogotowieflagowe.pl\/aktualne\/#website"},"primaryImageOfPage":{"@id":"https:\/\/www.pogotowieflagowe.pl\/aktualne\/wojciech-szczesny-swieci-gdy-barcelona-zabezpiecza-kluczowe-zwyciestwo-ligi-mistrzow\/#primaryimage"},"image":{"@id":"https:\/\/www.pogotowieflagowe.pl\/aktualne\/wojciech-szczesny-swieci-gdy-barcelona-zabezpiecza-kluczowe-zwyciestwo-ligi-mistrzow\/#primaryimage"},"thumbnailUrl":"https:\/\/www.pogotowieflagowe.pl\/aktualne\/wp-content\/uploads\/2025\/01\/Dlugo-oczekiwany-debiut-Wojciecha-Szczesnego-w-Barcelonie.jpg","datePublished":"2025-03-06T22:48:18+00:00","dateModified":"2025-03-06T22:48:19+00:00","breadcrumb":{"@id":"https:\/\/www.pogotowieflagowe.pl\/aktualne\/wojciech-szczesny-swieci-gdy-barcelona-zabezpiecza-kluczowe-zwyciestwo-ligi-mistrzow\/#breadcrumb"},"inLanguage":"pl-PL","potentialAction":[{"@type":"ReadAction","target":["https:\/\/www.pogotowieflagowe.pl\/aktualne\/wojciech-szczesny-swieci-gdy-barcelona-zabezpiecza-kluczowe-zwyciestwo-ligi-mistrzow\/"]}]},{"@type":"ImageObject","inLanguage":"pl-PL","@id":"https:\/\/www.pogotowieflagowe.pl\/aktualne\/wojciech-szczesny-swieci-gdy-barcelona-zabezpiecza-kluczowe-zwyciestwo-ligi-mistrzow\/#primaryimage","url":"https:\/\/www.pogotowieflagowe.pl\/aktualne\/wp-content\/uploads\/2025\/01\/Dlugo-oczekiwany-debiut-Wojciecha-Szczesnego-w-Barcelonie.jpg","contentUrl":"https:\/\/www.pogotowieflagowe.pl\/aktualne\/wp-content\/uploads\/2025\/01\/Dlugo-oczekiwany-debiut-Wojciecha-Szczesnego-w-Barcelonie.jpg","width":1920,"height":2400,"caption":"D\u0142ugo oczekiwany debiut Wojciecha Szcz\u0119snego w Barcelonie"},{"@type":"BreadcrumbList","@id":"https:\/\/www.pogotowieflagowe.pl\/aktualne\/wojciech-szczesny-swieci-gdy-barcelona-zabezpiecza-kluczowe-zwyciestwo-ligi-mistrzow\/#breadcrumb","itemListElement":[{"@type":"ListItem","position":1,"name":"Home","item":"https:\/\/www.pogotowieflagowe.pl\/aktualne\/"},{"@type":"ListItem","position":2,"name":"Wojciech Szcz\u0119sny \u015bwieci, gdy Barcelona zabezpiecza kluczowe zwyci\u0119stwo Ligi Mistrz\u00f3w"}]},{"@type":"WebSite","@id":"https:\/\/www.pogotowieflagowe.pl\/aktualne\/#website","url":"https:\/\/www.pogotowieflagowe.pl\/aktualne\/","name":"POGOTOWIE FLAGOWE\u00ae","description":"","publisher":{"@id":"https:\/\/www.pogotowieflagowe.pl\/aktualne\/#organization"},"potentialAction":[{"@type":"SearchAction","target":{"@type":"EntryPoint","urlTemplate":"https:\/\/www.pogotowieflagowe.pl\/aktualne\/?s={search_term_string}"},"query-input":"required name=search_term_string"}],"inLanguage":"pl-PL"},{"@type":"Organization","@id":"https:\/\/www.pogotowieflagowe.pl\/aktualne\/#organization","name":"POGOTOWIE FLAGOWE\u00ae","url":"https:\/\/www.pogotowieflagowe.pl\/aktualne\/","logo":{"@type":"ImageObject","inLanguage":"pl-PL","@id":"https:\/\/www.pogotowieflagowe.pl\/aktualne\/#\/schema\/logo\/image\/","url":"https:\/\/www.pogotowieflagowe.pl\/aktualne\/wp-content\/uploads\/2024\/08\/cropped-pogotowieflagowe_flaga_projekt_sm.jpg","contentUrl":"https:\/\/www.pogotowieflagowe.pl\/aktualne\/wp-content\/uploads\/2024\/08\/cropped-pogotowieflagowe_flaga_projekt_sm.jpg","width":250,"height":143,"caption":"POGOTOWIE FLAGOWE\u00ae"},"image":{"@id":"https:\/\/www.pogotowieflagowe.pl\/aktualne\/#\/schema\/logo\/image\/"}},{"@type":"Person","@id":"https:\/\/www.pogotowieflagowe.pl\/aktualne\/#\/schema\/person\/9c2fb7d2362ebf6fa088960d7f0d27b0","name":"Filip","image":{"@type":"ImageObject","inLanguage":"pl-PL","@id":"https:\/\/www.pogotowieflagowe.pl\/aktualne\/#\/schema\/person\/image\/","url":"https:\/\/www.pogotowieflagowe.pl\/aktualne\/wp-content\/uploads\/2024\/08\/pogotowieflagowe.pl_.jpg","contentUrl":"https:\/\/www.pogotowieflagowe.pl\/aktualne\/wp-content\/uploads\/2024\/08\/pogotowieflagowe.pl_.jpg","caption":"Filip"},"description":"Jestem Filip, polski dziennikarz z dyplomem nauk politycznych Uniwersytetu Warszawskiego. Rozpoczynaj\u0105c swoj\u0105 karier\u0119 w r\u00f3\u017cnych lokalnych mediach, zdoby\u0142em solidne do\u015bwiadczenie w zakresie \u015bledztwa i redakcji. Obecnie jako redaktor w Pogotowie flagowe, staram si\u0119 dostarcza\u0107 dog\u0142\u0119bne i istotne analizy na temat najwa\u017cniejszych kwestii aktualno\u015bci, \u0142\u0105cz\u0105c rygor z pasj\u0105 dziennikarsk\u0105.","sameAs":["https:\/\/www.pogotowieflagowe.pl\/"]}]}},"_links":{"self":[{"href":"https:\/\/www.pogotowieflagowe.pl\/aktualne\/wp-json\/wp\/v2\/posts\/4433","targetHints":{"allow":["GET"]}}],"collection":[{"href":"https:\/\/www.pogotowieflagowe.pl\/aktualne\/wp-json\/wp\/v2\/posts"}],"about":[{"href":"https:\/\/www.pogotowieflagowe.pl\/aktualne\/wp-json\/wp\/v2\/types\/post"}],"author":[{"embeddable":true,"href":"https:\/\/www.pogotowieflagowe.pl\/aktualne\/wp-json\/wp\/v2\/users\/1"}],"replies":[{"embeddable":true,"href":"https:\/\/www.pogotowieflagowe.pl\/aktualne\/wp-json\/wp\/v2\/comments?post=4433"}],"version-history":[{"count":1,"href":"https:\/\/www.pogotowieflagowe.pl\/aktualne\/wp-json\/wp\/v2\/posts\/4433\/revisions"}],"predecessor-version":[{"id":4434,"href":"https:\/\/www.pogotowieflagowe.pl\/aktualne\/wp-json\/wp\/v2\/posts\/4433\/revisions\/4434"}],"wp:featuredmedia":[{"embeddable":true,"href":"https:\/\/www.pogotowieflagowe.pl\/aktualne\/wp-json\/wp\/v2\/media\/2894"}],"wp:attachment":[{"href":"https:\/\/www.pogotowieflagowe.pl\/aktualne\/wp-json\/wp\/v2\/media?parent=4433"}],"wp:term":[{"taxonomy":"category","embeddable":true,"href":"https:\/\/www.pogotowieflagowe.pl\/aktualne\/wp-json\/wp\/v2\/categories?post=4433"},{"taxonomy":"post_tag","embeddable":true,"href":"https:\/\/www.pogotowieflagowe.pl\/aktualne\/wp-json\/wp\/v2\/tags?post=4433"}],"curies":[{"name":"wp","href":"https:\/\/api.w.org\/{rel}","templated":true}]}}