{"id":4486,"date":"2025-03-09T15:48:21","date_gmt":"2025-03-09T14:48:21","guid":{"rendered":"https:\/\/www.pogotowieflagowe.pl\/aktualne\/obowiazkowy-projekt-wojskowy-w-polsce-byly-minister-obrony-krytykuje-plany-rzadu\/"},"modified":"2025-03-09T15:48:23","modified_gmt":"2025-03-09T14:48:23","slug":"obowiazkowy-projekt-wojskowy-w-polsce-byly-minister-obrony-krytykuje-plany-rzadu","status":"publish","type":"post","link":"https:\/\/www.pogotowieflagowe.pl\/aktualne\/obowiazkowy-projekt-wojskowy-w-polsce-byly-minister-obrony-krytykuje-plany-rzadu\/","title":{"rendered":"Obowi\u0105zkowy projekt wojskowy w Polsce? By\u0142y minister obrony krytykuje plany rz\u0105du"},"content":{"rendered":"\n<div class=\"td_block_wrap tdb_single_content tdi_41 td-pb-border-top td_block_template_8 td-post-content tagdiv-type\" data-td-block-uid=\"tdi_41\">\n<style>.tdi_41 {margin-top: 0px! Wa\u017cne; margines-bottom: 0px! WA\u017bNY; PALDING-TOP: 0PX! WA\u017bNY; PALDING-BOTTOM: 0PX! WA\u017bNE}<\/style>\n<style>.tdb_single_content {margin-bottom: 0;*zoom: 1} .tdb_single_content: wcze\u015bniej, .tdb_single_content: po {display: Table; content: ''; line-height: 0} .TDB-BLOCK-INner>*: nie (.WP-BLOCK-QUOTE): not (.alignSwide): not (.Alignfull.wp-block-cover.has-parallax): not (.td-a-ad) {margin-left: auto; margin-right: auto} .tdb_single_ConTent a {wska\u017anik-events: auto} .tdb_single_content .td-spot-id-top_ad .tdc-placeholder-title: przed {content: \u201eArtyku\u0142 top ad\u201d! Wa\u017cne} .tdb_single_content .td-Spot-Id-inline_ad0 .tdc-placeholder-title 1 '! Wa\u017cne} .tdb_single_content .td-Spot-Id-inline_Ad1 .tdc-Placeholder-Title: przed {content: \u201eArtyku\u0142 inline AD 2'! Wa\u017cny} .tdb_single_content. 3 '! Wa\u017cne} .tdb_single_content .td-Spot-Id-Bottom_Ad .tdc-Placeholder-Title: przed {content: \u201eArtyku\u0142 Bottom Ad\u201d! Wa\u017cne} .tdb_single_content .id_top_ad, .tdb_single_content_content .id_bottom_ad {clear: oba; margin-bottom: 21px; text-align: Center} .tdb_single_content .id_top_ad Img, .tdb_single_content .id_bottom_ad img {margin-bottom: 0} .tdb_single_content .id_top_ad .adsbyGoogle, .tdb_single_content .id_bottom_ad .adsbyGoogle {pozycja: relatyw} .tdb_single_content .id_ad_content-horiz-left, .tdb_single_content .id_ad_content-horiz-right, .tdb_single_content .id_ad_content-horiz-Center {margin-bottom: 15px} .tdb_single_content .id_ad_content-horiz-left Img, .tdb_single_content .id_ad_content-horiz-right img, .tdb_single_content .id_ad_content-horiz-centerter img {margin-bottom: 0} .tdb_single_content .id_ad_content-horiz-center {text-align: Center} .tdb_single_content .id_ad_content-horiz-center img {margin-right: auto; margin-let: auto} .tdb_single_content .id_ad_content-horiz-left {float: left; margin-top: 9px; margin-right: 21px} .tdb_single_content .id_ad_content-horiz-right {float: margin-top: 6px; margin-left: 21px} .tdb_single_content .tdc-a-a-ad .TDC-Placeholder-Title {szeroko\u015b\u0107: 300px; height: 250px} .tdb_single_content .tdc-a-ad .TDC-Placeholder-Title: Przed {Pozycja: Absolute; TOP: 50%;-WebKit-Transform: Translatey (-50%); Transform: Translatey (-50%); margines: auto; Display: Tabela; szeroko\u015b\u0107: 100%}. tdb_single_content .TDB-BLOCK-INNER.TD-FIX-INDEX {Word-Break: Break-word} .tdi_41, .tdi_41> p, .tdi_41 .tdb-block-inner> p, .Wp-Block-Column> p {font-size: 16px! Wa\u017cne; wa\u017cny; p {font-styl: normalne! Wa\u017cne} @media (Max-Width: 767px) {. tdb_single_content .id_ad_content-horiz-left, .tdb_single_content .id_ad_content-horiz-right, .tdb_single_content .id_ad_content-horiz-centter {Margin: 0 AUTO 26PXX auto}}@media (Max-Width: 767px) {. tdb_single_content .id_ad_content-horiz-left {margin-right: 0}}@media (max-width: 767px) {. (Max-Width: 767px) {. tdb_single_content .td-a-ad {float: none; text-align: Center} .tdb_single_content .td-a-ad img {margin-right: auto; margin-left: auto} .tdb_single_content .tdc-a-a-a-{margin-right: auto; margin-left: auto} .tdb_single_content .tdd<\/style>\n<div class=\"tdb-block-inner td-fix-index\">\n<p>Polski rz\u0105d rozwa\u017ca obowi\u0105zkowe \u0107wiczenia wojskowe z powodu wyzwa\u0144 zwi\u0105zanych z rekrutacj\u0105 nowych \u017co\u0142nierzy, by\u0142y minister obrony narodowej Mariusz B\u0142aszczak niedawno na platformie medi\u00f3w spo\u0142eczno\u015bciowych X. Wed\u0142ug B\u0142aszaka, propozycja ta ma zawie\u015b\u0107, powt\u00f3rzy\u0142 sw\u00f3j sceptycyzm wobec administracji premiera Donalda Tuska.<\/p>\n<p>W pi\u0105tek, zwracaj\u0105c si\u0119 do parlamentu w sprawie bezpiecze\u0144stwa mi\u0119dzynarodowego i sytuacji na Ukrainie, premier Tusk podkre\u015bli\u0142 skal\u0119 obecnych konflikt\u00f3w, zauwa\u017caj\u0105c liczb\u0119 si\u0142 Ukrainy oko\u0142o 800 000 \u017co\u0142nierzy, podczas gdy Rosja ma oko\u0142o 1,3 miliona. Podkre\u015blaj\u0105c potrzeb\u0119 Polski na solidn\u0105 obron\u0119, Tusk zaproponowa\u0142 rozszerzenie polskiej armii, w tym rezerwist\u00f3w, do oko\u0142o p\u00f3\u0142 miliona os\u00f3b.<\/p>\n<p>\u201eTrwaj\u0105 przygotowania do szkolenia wojskowego na du\u017c\u0105 skal\u0119 z udzia\u0142em ka\u017cdego doros\u0142ego m\u0119\u017cczyzny w Polsce\u201d, og\u0142osi\u0142 Tusk.<\/p>\n<p>Jednak B\u0142aszczak wyrazi\u0142 w\u0105tpliwo\u015bci co do zdolno\u015bci rz\u0105du do wdra\u017cania tak ambitnych plan\u00f3w, oskar\u017caj\u0105c administracj\u0119 o \u201eca\u0142kowicie utracon\u0105\u201d. Zwr\u00f3ci\u0142 uwag\u0119 na sprzeczne stwierdzenia mi\u0119dzy Tuskiem, kt\u00f3ry odwo\u0142a\u0142 si\u0119 do obowi\u0105zkowego modelu szwajcarskiego, a W\u0142adys\u0142aw Kosiniak-Kamezz, kt\u00f3ry sugerowa\u0142, \u017ce udzia\u0142 pozostanie dobrowolny.<\/p>\n<p>\u201eWiesz, jak to si\u0119 prawdopodobnie sko\u0144czy? Jak zwykle w przypadku Tusk-tylko z obietnicami \u201d-argumentowa\u0142 B\u0142aszczak, twierdz\u0105c, \u017ce rz\u0105d zaplanowa\u0142 plan planu do ko\u0144ca roku, oczekuj\u0105c, \u017ce problem zniknie z uwagi opinii publicznej.<\/p>\n<p>B\u0142aszcz powt\u00f3rzy\u0142, \u017ce obowi\u0105zkowe pob\u00f3r powinien by\u0107 ostateczno\u015bci\u0105, krytykuj\u0105c obecn\u0105 administracj\u0119 za jej niezdolno\u015b\u0107 do skutecznego rekrutacji i zarz\u0105dzania wolontariuszami.<\/p>\n<\/div>\n<\/div>\n","protected":false},"excerpt":{"rendered":"<p>Polski rz\u0105d rozwa\u017ca obowi\u0105zkowe \u0107wiczenia wojskowe z powodu wyzwa\u0144 zwi\u0105zanych z rekrutacj\u0105 nowych \u017co\u0142nierzy, by\u0142y minister obrony narodowej Mariusz B\u0142aszczak<\/p>\n","protected":false},"author":1,"featured_media":4487,"comment_status":"closed","ping_status":"","sticky":false,"template":"","format":"standard","meta":{"footnotes":""},"categories":[4748],"tags":[1791,596,187,4041,509,607,60,2249,335,6142],"class_list":["post-4486","post","type-post","status-publish","format-standard","has-post-thumbnail","hentry","category-aktualne","tag-byly","tag-krytykuje","tag-minister","tag-obowiazkowy","tag-obrony","tag-plany","tag-polsce","tag-projekt","tag-rzadu","tag-wojskowy","generate-columns","tablet-grid-50","mobile-grid-100","grid-parent","grid-50","resize-featured-image"],"yoast_head":"<!-- This site is optimized with the Yoast SEO plugin v23.2 - https:\/\/yoast.com\/wordpress\/plugins\/seo\/ -->\n<title>Obowi\u0105zkowy projekt wojskowy w Polsce? By\u0142y minister obrony krytykuje plany rz\u0105du - POGOTOWIE FLAGOWE\u00ae<\/title>\n<meta name=\"robots\" content=\"index, follow, max-snippet:-1, max-image-preview:large, max-video-preview:-1\" \/>\n<link rel=\"canonical\" href=\"https:\/\/www.pogotowieflagowe.pl\/aktualne\/obowiazkowy-projekt-wojskowy-w-polsce-byly-minister-obrony-krytykuje-plany-rzadu\/\" \/>\n<meta property=\"og:locale\" content=\"pl_PL\" \/>\n<meta property=\"og:type\" content=\"article\" \/>\n<meta property=\"og:title\" content=\"Obowi\u0105zkowy projekt wojskowy w Polsce? By\u0142y minister obrony krytykuje plany rz\u0105du - POGOTOWIE FLAGOWE\u00ae\" \/>\n<meta property=\"og:description\" content=\"Polski rz\u0105d rozwa\u017ca obowi\u0105zkowe \u0107wiczenia wojskowe z powodu wyzwa\u0144 zwi\u0105zanych z rekrutacj\u0105 nowych \u017co\u0142nierzy, by\u0142y minister obrony narodowej Mariusz B\u0142aszczak\" \/>\n<meta property=\"og:url\" content=\"https:\/\/www.pogotowieflagowe.pl\/aktualne\/obowiazkowy-projekt-wojskowy-w-polsce-byly-minister-obrony-krytykuje-plany-rzadu\/\" \/>\n<meta property=\"og:site_name\" content=\"POGOTOWIE FLAGOWE\u00ae\" \/>\n<meta property=\"article:published_time\" content=\"2025-03-09T14:48:21+00:00\" \/>\n<meta property=\"article:modified_time\" content=\"2025-03-09T14:48:23+00:00\" \/>\n<meta property=\"og:image\" content=\"https:\/\/www.pogotowieflagowe.pl\/aktualne\/wp-content\/uploads\/2025\/03\/Obowiazkowy-projekt-wojskowy-w-Polsce-Byly-minister-obrony-krytykuje-plany.jpg\" \/>\n\t<meta property=\"og:image:width\" content=\"1920\" \/>\n\t<meta property=\"og:image:height\" content=\"1090\" \/>\n\t<meta property=\"og:image:type\" content=\"image\/jpeg\" \/>\n<meta name=\"author\" content=\"Filip\" \/>\n<meta name=\"twitter:card\" content=\"summary_large_image\" \/>\n<meta name=\"twitter:label1\" content=\"Napisane przez\" \/>\n\t<meta name=\"twitter:data1\" content=\"Filip\" \/>\n\t<meta name=\"twitter:label2\" content=\"Szacowany czas czytania\" \/>\n\t<meta name=\"twitter:data2\" content=\"1 minuta\" \/>\n<script type=\"application\/ld+json\" class=\"yoast-schema-graph\">{\"@context\":\"https:\/\/schema.org\",\"@graph\":[{\"@type\":\"Article\",\"@id\":\"https:\/\/www.pogotowieflagowe.pl\/aktualne\/obowiazkowy-projekt-wojskowy-w-polsce-byly-minister-obrony-krytykuje-plany-rzadu\/#article\",\"isPartOf\":{\"@id\":\"https:\/\/www.pogotowieflagowe.pl\/aktualne\/obowiazkowy-projekt-wojskowy-w-polsce-byly-minister-obrony-krytykuje-plany-rzadu\/\"},\"author\":{\"name\":\"Filip\",\"@id\":\"https:\/\/www.pogotowieflagowe.pl\/aktualne\/#\/schema\/person\/9c2fb7d2362ebf6fa088960d7f0d27b0\"},\"headline\":\"Obowi\u0105zkowy projekt wojskowy w Polsce? By\u0142y minister obrony krytykuje plany rz\u0105du\",\"datePublished\":\"2025-03-09T14:48:21+00:00\",\"dateModified\":\"2025-03-09T14:48:23+00:00\",\"mainEntityOfPage\":{\"@id\":\"https:\/\/www.pogotowieflagowe.pl\/aktualne\/obowiazkowy-projekt-wojskowy-w-polsce-byly-minister-obrony-krytykuje-plany-rzadu\/\"},\"wordCount\":281,\"publisher\":{\"@id\":\"https:\/\/www.pogotowieflagowe.pl\/aktualne\/#organization\"},\"image\":{\"@id\":\"https:\/\/www.pogotowieflagowe.pl\/aktualne\/obowiazkowy-projekt-wojskowy-w-polsce-byly-minister-obrony-krytykuje-plany-rzadu\/#primaryimage\"},\"thumbnailUrl\":\"https:\/\/www.pogotowieflagowe.pl\/aktualne\/wp-content\/uploads\/2025\/03\/Obowiazkowy-projekt-wojskowy-w-Polsce-Byly-minister-obrony-krytykuje-plany.jpg\",\"keywords\":[\"By\u0142y\",\"krytykuje\",\"minister\",\"Obowi\u0105zkowy\",\"obrony\",\"Plany\",\"Polsce\",\"Projekt\",\"rz\u0105du\",\"wojskowy\"],\"articleSection\":[\"Aktualne\"],\"inLanguage\":\"pl-PL\"},{\"@type\":\"WebPage\",\"@id\":\"https:\/\/www.pogotowieflagowe.pl\/aktualne\/obowiazkowy-projekt-wojskowy-w-polsce-byly-minister-obrony-krytykuje-plany-rzadu\/\",\"url\":\"https:\/\/www.pogotowieflagowe.pl\/aktualne\/obowiazkowy-projekt-wojskowy-w-polsce-byly-minister-obrony-krytykuje-plany-rzadu\/\",\"name\":\"Obowi\u0105zkowy projekt wojskowy w Polsce? By\u0142y minister obrony krytykuje plany rz\u0105du - POGOTOWIE FLAGOWE\u00ae\",\"isPartOf\":{\"@id\":\"https:\/\/www.pogotowieflagowe.pl\/aktualne\/#website\"},\"primaryImageOfPage\":{\"@id\":\"https:\/\/www.pogotowieflagowe.pl\/aktualne\/obowiazkowy-projekt-wojskowy-w-polsce-byly-minister-obrony-krytykuje-plany-rzadu\/#primaryimage\"},\"image\":{\"@id\":\"https:\/\/www.pogotowieflagowe.pl\/aktualne\/obowiazkowy-projekt-wojskowy-w-polsce-byly-minister-obrony-krytykuje-plany-rzadu\/#primaryimage\"},\"thumbnailUrl\":\"https:\/\/www.pogotowieflagowe.pl\/aktualne\/wp-content\/uploads\/2025\/03\/Obowiazkowy-projekt-wojskowy-w-Polsce-Byly-minister-obrony-krytykuje-plany.jpg\",\"datePublished\":\"2025-03-09T14:48:21+00:00\",\"dateModified\":\"2025-03-09T14:48:23+00:00\",\"breadcrumb\":{\"@id\":\"https:\/\/www.pogotowieflagowe.pl\/aktualne\/obowiazkowy-projekt-wojskowy-w-polsce-byly-minister-obrony-krytykuje-plany-rzadu\/#breadcrumb\"},\"inLanguage\":\"pl-PL\",\"potentialAction\":[{\"@type\":\"ReadAction\",\"target\":[\"https:\/\/www.pogotowieflagowe.pl\/aktualne\/obowiazkowy-projekt-wojskowy-w-polsce-byly-minister-obrony-krytykuje-plany-rzadu\/\"]}]},{\"@type\":\"ImageObject\",\"inLanguage\":\"pl-PL\",\"@id\":\"https:\/\/www.pogotowieflagowe.pl\/aktualne\/obowiazkowy-projekt-wojskowy-w-polsce-byly-minister-obrony-krytykuje-plany-rzadu\/#primaryimage\",\"url\":\"https:\/\/www.pogotowieflagowe.pl\/aktualne\/wp-content\/uploads\/2025\/03\/Obowiazkowy-projekt-wojskowy-w-Polsce-Byly-minister-obrony-krytykuje-plany.jpg\",\"contentUrl\":\"https:\/\/www.pogotowieflagowe.pl\/aktualne\/wp-content\/uploads\/2025\/03\/Obowiazkowy-projekt-wojskowy-w-Polsce-Byly-minister-obrony-krytykuje-plany.jpg\",\"width\":1920,\"height\":1090,\"caption\":\"Obowi\u0105zkowy projekt wojskowy w Polsce? By\u0142y minister obrony krytykuje plany rz\u0105du\"},{\"@type\":\"BreadcrumbList\",\"@id\":\"https:\/\/www.pogotowieflagowe.pl\/aktualne\/obowiazkowy-projekt-wojskowy-w-polsce-byly-minister-obrony-krytykuje-plany-rzadu\/#breadcrumb\",\"itemListElement\":[{\"@type\":\"ListItem\",\"position\":1,\"name\":\"Home\",\"item\":\"https:\/\/www.pogotowieflagowe.pl\/aktualne\/\"},{\"@type\":\"ListItem\",\"position\":2,\"name\":\"Obowi\u0105zkowy projekt wojskowy w Polsce? By\u0142y minister obrony krytykuje plany rz\u0105du\"}]},{\"@type\":\"WebSite\",\"@id\":\"https:\/\/www.pogotowieflagowe.pl\/aktualne\/#website\",\"url\":\"https:\/\/www.pogotowieflagowe.pl\/aktualne\/\",\"name\":\"POGOTOWIE FLAGOWE\u00ae\",\"description\":\"\",\"publisher\":{\"@id\":\"https:\/\/www.pogotowieflagowe.pl\/aktualne\/#organization\"},\"potentialAction\":[{\"@type\":\"SearchAction\",\"target\":{\"@type\":\"EntryPoint\",\"urlTemplate\":\"https:\/\/www.pogotowieflagowe.pl\/aktualne\/?s={search_term_string}\"},\"query-input\":\"required name=search_term_string\"}],\"inLanguage\":\"pl-PL\"},{\"@type\":\"Organization\",\"@id\":\"https:\/\/www.pogotowieflagowe.pl\/aktualne\/#organization\",\"name\":\"POGOTOWIE FLAGOWE\u00ae\",\"url\":\"https:\/\/www.pogotowieflagowe.pl\/aktualne\/\",\"logo\":{\"@type\":\"ImageObject\",\"inLanguage\":\"pl-PL\",\"@id\":\"https:\/\/www.pogotowieflagowe.pl\/aktualne\/#\/schema\/logo\/image\/\",\"url\":\"https:\/\/www.pogotowieflagowe.pl\/aktualne\/wp-content\/uploads\/2024\/08\/cropped-pogotowieflagowe_flaga_projekt_sm.jpg\",\"contentUrl\":\"https:\/\/www.pogotowieflagowe.pl\/aktualne\/wp-content\/uploads\/2024\/08\/cropped-pogotowieflagowe_flaga_projekt_sm.jpg\",\"width\":250,\"height\":143,\"caption\":\"POGOTOWIE FLAGOWE\u00ae\"},\"image\":{\"@id\":\"https:\/\/www.pogotowieflagowe.pl\/aktualne\/#\/schema\/logo\/image\/\"}},{\"@type\":\"Person\",\"@id\":\"https:\/\/www.pogotowieflagowe.pl\/aktualne\/#\/schema\/person\/9c2fb7d2362ebf6fa088960d7f0d27b0\",\"name\":\"Filip\",\"image\":{\"@type\":\"ImageObject\",\"inLanguage\":\"pl-PL\",\"@id\":\"https:\/\/www.pogotowieflagowe.pl\/aktualne\/#\/schema\/person\/image\/\",\"url\":\"https:\/\/www.pogotowieflagowe.pl\/aktualne\/wp-content\/uploads\/2024\/08\/pogotowieflagowe.pl_.jpg\",\"contentUrl\":\"https:\/\/www.pogotowieflagowe.pl\/aktualne\/wp-content\/uploads\/2024\/08\/pogotowieflagowe.pl_.jpg\",\"caption\":\"Filip\"},\"description\":\"Jestem Filip, polski dziennikarz z dyplomem nauk politycznych Uniwersytetu Warszawskiego. Rozpoczynaj\u0105c swoj\u0105 karier\u0119 w r\u00f3\u017cnych lokalnych mediach, zdoby\u0142em solidne do\u015bwiadczenie w zakresie \u015bledztwa i redakcji. Obecnie jako redaktor w Pogotowie flagowe, staram si\u0119 dostarcza\u0107 dog\u0142\u0119bne i istotne analizy na temat najwa\u017cniejszych kwestii aktualno\u015bci, \u0142\u0105cz\u0105c rygor z pasj\u0105 dziennikarsk\u0105.\",\"sameAs\":[\"https:\/\/www.pogotowieflagowe.pl\/\"]}]}<\/script>\n<!-- \/ Yoast SEO plugin. -->","yoast_head_json":{"title":"Obowi\u0105zkowy projekt wojskowy w Polsce? By\u0142y minister obrony krytykuje plany rz\u0105du - POGOTOWIE FLAGOWE\u00ae","robots":{"index":"index","follow":"follow","max-snippet":"max-snippet:-1","max-image-preview":"max-image-preview:large","max-video-preview":"max-video-preview:-1"},"canonical":"https:\/\/www.pogotowieflagowe.pl\/aktualne\/obowiazkowy-projekt-wojskowy-w-polsce-byly-minister-obrony-krytykuje-plany-rzadu\/","og_locale":"pl_PL","og_type":"article","og_title":"Obowi\u0105zkowy projekt wojskowy w Polsce? By\u0142y minister obrony krytykuje plany rz\u0105du - POGOTOWIE FLAGOWE\u00ae","og_description":"Polski rz\u0105d rozwa\u017ca obowi\u0105zkowe \u0107wiczenia wojskowe z powodu wyzwa\u0144 zwi\u0105zanych z rekrutacj\u0105 nowych \u017co\u0142nierzy, by\u0142y minister obrony narodowej Mariusz B\u0142aszczak","og_url":"https:\/\/www.pogotowieflagowe.pl\/aktualne\/obowiazkowy-projekt-wojskowy-w-polsce-byly-minister-obrony-krytykuje-plany-rzadu\/","og_site_name":"POGOTOWIE FLAGOWE\u00ae","article_published_time":"2025-03-09T14:48:21+00:00","article_modified_time":"2025-03-09T14:48:23+00:00","og_image":[{"width":1920,"height":1090,"url":"https:\/\/www.pogotowieflagowe.pl\/aktualne\/wp-content\/uploads\/2025\/03\/Obowiazkowy-projekt-wojskowy-w-Polsce-Byly-minister-obrony-krytykuje-plany.jpg","type":"image\/jpeg"}],"author":"Filip","twitter_card":"summary_large_image","twitter_misc":{"Napisane przez":"Filip","Szacowany czas czytania":"1 minuta"},"schema":{"@context":"https:\/\/schema.org","@graph":[{"@type":"Article","@id":"https:\/\/www.pogotowieflagowe.pl\/aktualne\/obowiazkowy-projekt-wojskowy-w-polsce-byly-minister-obrony-krytykuje-plany-rzadu\/#article","isPartOf":{"@id":"https:\/\/www.pogotowieflagowe.pl\/aktualne\/obowiazkowy-projekt-wojskowy-w-polsce-byly-minister-obrony-krytykuje-plany-rzadu\/"},"author":{"name":"Filip","@id":"https:\/\/www.pogotowieflagowe.pl\/aktualne\/#\/schema\/person\/9c2fb7d2362ebf6fa088960d7f0d27b0"},"headline":"Obowi\u0105zkowy projekt wojskowy w Polsce? By\u0142y minister obrony krytykuje plany rz\u0105du","datePublished":"2025-03-09T14:48:21+00:00","dateModified":"2025-03-09T14:48:23+00:00","mainEntityOfPage":{"@id":"https:\/\/www.pogotowieflagowe.pl\/aktualne\/obowiazkowy-projekt-wojskowy-w-polsce-byly-minister-obrony-krytykuje-plany-rzadu\/"},"wordCount":281,"publisher":{"@id":"https:\/\/www.pogotowieflagowe.pl\/aktualne\/#organization"},"image":{"@id":"https:\/\/www.pogotowieflagowe.pl\/aktualne\/obowiazkowy-projekt-wojskowy-w-polsce-byly-minister-obrony-krytykuje-plany-rzadu\/#primaryimage"},"thumbnailUrl":"https:\/\/www.pogotowieflagowe.pl\/aktualne\/wp-content\/uploads\/2025\/03\/Obowiazkowy-projekt-wojskowy-w-Polsce-Byly-minister-obrony-krytykuje-plany.jpg","keywords":["By\u0142y","krytykuje","minister","Obowi\u0105zkowy","obrony","Plany","Polsce","Projekt","rz\u0105du","wojskowy"],"articleSection":["Aktualne"],"inLanguage":"pl-PL"},{"@type":"WebPage","@id":"https:\/\/www.pogotowieflagowe.pl\/aktualne\/obowiazkowy-projekt-wojskowy-w-polsce-byly-minister-obrony-krytykuje-plany-rzadu\/","url":"https:\/\/www.pogotowieflagowe.pl\/aktualne\/obowiazkowy-projekt-wojskowy-w-polsce-byly-minister-obrony-krytykuje-plany-rzadu\/","name":"Obowi\u0105zkowy projekt wojskowy w Polsce? By\u0142y minister obrony krytykuje plany rz\u0105du - POGOTOWIE FLAGOWE\u00ae","isPartOf":{"@id":"https:\/\/www.pogotowieflagowe.pl\/aktualne\/#website"},"primaryImageOfPage":{"@id":"https:\/\/www.pogotowieflagowe.pl\/aktualne\/obowiazkowy-projekt-wojskowy-w-polsce-byly-minister-obrony-krytykuje-plany-rzadu\/#primaryimage"},"image":{"@id":"https:\/\/www.pogotowieflagowe.pl\/aktualne\/obowiazkowy-projekt-wojskowy-w-polsce-byly-minister-obrony-krytykuje-plany-rzadu\/#primaryimage"},"thumbnailUrl":"https:\/\/www.pogotowieflagowe.pl\/aktualne\/wp-content\/uploads\/2025\/03\/Obowiazkowy-projekt-wojskowy-w-Polsce-Byly-minister-obrony-krytykuje-plany.jpg","datePublished":"2025-03-09T14:48:21+00:00","dateModified":"2025-03-09T14:48:23+00:00","breadcrumb":{"@id":"https:\/\/www.pogotowieflagowe.pl\/aktualne\/obowiazkowy-projekt-wojskowy-w-polsce-byly-minister-obrony-krytykuje-plany-rzadu\/#breadcrumb"},"inLanguage":"pl-PL","potentialAction":[{"@type":"ReadAction","target":["https:\/\/www.pogotowieflagowe.pl\/aktualne\/obowiazkowy-projekt-wojskowy-w-polsce-byly-minister-obrony-krytykuje-plany-rzadu\/"]}]},{"@type":"ImageObject","inLanguage":"pl-PL","@id":"https:\/\/www.pogotowieflagowe.pl\/aktualne\/obowiazkowy-projekt-wojskowy-w-polsce-byly-minister-obrony-krytykuje-plany-rzadu\/#primaryimage","url":"https:\/\/www.pogotowieflagowe.pl\/aktualne\/wp-content\/uploads\/2025\/03\/Obowiazkowy-projekt-wojskowy-w-Polsce-Byly-minister-obrony-krytykuje-plany.jpg","contentUrl":"https:\/\/www.pogotowieflagowe.pl\/aktualne\/wp-content\/uploads\/2025\/03\/Obowiazkowy-projekt-wojskowy-w-Polsce-Byly-minister-obrony-krytykuje-plany.jpg","width":1920,"height":1090,"caption":"Obowi\u0105zkowy projekt wojskowy w Polsce? By\u0142y minister obrony krytykuje plany rz\u0105du"},{"@type":"BreadcrumbList","@id":"https:\/\/www.pogotowieflagowe.pl\/aktualne\/obowiazkowy-projekt-wojskowy-w-polsce-byly-minister-obrony-krytykuje-plany-rzadu\/#breadcrumb","itemListElement":[{"@type":"ListItem","position":1,"name":"Home","item":"https:\/\/www.pogotowieflagowe.pl\/aktualne\/"},{"@type":"ListItem","position":2,"name":"Obowi\u0105zkowy projekt wojskowy w Polsce? By\u0142y minister obrony krytykuje plany rz\u0105du"}]},{"@type":"WebSite","@id":"https:\/\/www.pogotowieflagowe.pl\/aktualne\/#website","url":"https:\/\/www.pogotowieflagowe.pl\/aktualne\/","name":"POGOTOWIE FLAGOWE\u00ae","description":"","publisher":{"@id":"https:\/\/www.pogotowieflagowe.pl\/aktualne\/#organization"},"potentialAction":[{"@type":"SearchAction","target":{"@type":"EntryPoint","urlTemplate":"https:\/\/www.pogotowieflagowe.pl\/aktualne\/?s={search_term_string}"},"query-input":"required name=search_term_string"}],"inLanguage":"pl-PL"},{"@type":"Organization","@id":"https:\/\/www.pogotowieflagowe.pl\/aktualne\/#organization","name":"POGOTOWIE FLAGOWE\u00ae","url":"https:\/\/www.pogotowieflagowe.pl\/aktualne\/","logo":{"@type":"ImageObject","inLanguage":"pl-PL","@id":"https:\/\/www.pogotowieflagowe.pl\/aktualne\/#\/schema\/logo\/image\/","url":"https:\/\/www.pogotowieflagowe.pl\/aktualne\/wp-content\/uploads\/2024\/08\/cropped-pogotowieflagowe_flaga_projekt_sm.jpg","contentUrl":"https:\/\/www.pogotowieflagowe.pl\/aktualne\/wp-content\/uploads\/2024\/08\/cropped-pogotowieflagowe_flaga_projekt_sm.jpg","width":250,"height":143,"caption":"POGOTOWIE FLAGOWE\u00ae"},"image":{"@id":"https:\/\/www.pogotowieflagowe.pl\/aktualne\/#\/schema\/logo\/image\/"}},{"@type":"Person","@id":"https:\/\/www.pogotowieflagowe.pl\/aktualne\/#\/schema\/person\/9c2fb7d2362ebf6fa088960d7f0d27b0","name":"Filip","image":{"@type":"ImageObject","inLanguage":"pl-PL","@id":"https:\/\/www.pogotowieflagowe.pl\/aktualne\/#\/schema\/person\/image\/","url":"https:\/\/www.pogotowieflagowe.pl\/aktualne\/wp-content\/uploads\/2024\/08\/pogotowieflagowe.pl_.jpg","contentUrl":"https:\/\/www.pogotowieflagowe.pl\/aktualne\/wp-content\/uploads\/2024\/08\/pogotowieflagowe.pl_.jpg","caption":"Filip"},"description":"Jestem Filip, polski dziennikarz z dyplomem nauk politycznych Uniwersytetu Warszawskiego. Rozpoczynaj\u0105c swoj\u0105 karier\u0119 w r\u00f3\u017cnych lokalnych mediach, zdoby\u0142em solidne do\u015bwiadczenie w zakresie \u015bledztwa i redakcji. Obecnie jako redaktor w Pogotowie flagowe, staram si\u0119 dostarcza\u0107 dog\u0142\u0119bne i istotne analizy na temat najwa\u017cniejszych kwestii aktualno\u015bci, \u0142\u0105cz\u0105c rygor z pasj\u0105 dziennikarsk\u0105.","sameAs":["https:\/\/www.pogotowieflagowe.pl\/"]}]}},"_links":{"self":[{"href":"https:\/\/www.pogotowieflagowe.pl\/aktualne\/wp-json\/wp\/v2\/posts\/4486","targetHints":{"allow":["GET"]}}],"collection":[{"href":"https:\/\/www.pogotowieflagowe.pl\/aktualne\/wp-json\/wp\/v2\/posts"}],"about":[{"href":"https:\/\/www.pogotowieflagowe.pl\/aktualne\/wp-json\/wp\/v2\/types\/post"}],"author":[{"embeddable":true,"href":"https:\/\/www.pogotowieflagowe.pl\/aktualne\/wp-json\/wp\/v2\/users\/1"}],"replies":[{"embeddable":true,"href":"https:\/\/www.pogotowieflagowe.pl\/aktualne\/wp-json\/wp\/v2\/comments?post=4486"}],"version-history":[{"count":1,"href":"https:\/\/www.pogotowieflagowe.pl\/aktualne\/wp-json\/wp\/v2\/posts\/4486\/revisions"}],"predecessor-version":[{"id":4488,"href":"https:\/\/www.pogotowieflagowe.pl\/aktualne\/wp-json\/wp\/v2\/posts\/4486\/revisions\/4488"}],"wp:featuredmedia":[{"embeddable":true,"href":"https:\/\/www.pogotowieflagowe.pl\/aktualne\/wp-json\/wp\/v2\/media\/4487"}],"wp:attachment":[{"href":"https:\/\/www.pogotowieflagowe.pl\/aktualne\/wp-json\/wp\/v2\/media?parent=4486"}],"wp:term":[{"taxonomy":"category","embeddable":true,"href":"https:\/\/www.pogotowieflagowe.pl\/aktualne\/wp-json\/wp\/v2\/categories?post=4486"},{"taxonomy":"post_tag","embeddable":true,"href":"https:\/\/www.pogotowieflagowe.pl\/aktualne\/wp-json\/wp\/v2\/tags?post=4486"}],"curies":[{"name":"wp","href":"https:\/\/api.w.org\/{rel}","templated":true}]}}