{"id":4497,"date":"2025-03-10T03:48:24","date_gmt":"2025-03-10T02:48:24","guid":{"rendered":"https:\/\/www.pogotowieflagowe.pl\/aktualne\/nawrocki-zobowiazuje-sie-do-ponownego-ponownego-powtorzenia-polski-jesli-wybrany-prezydent\/"},"modified":"2025-03-10T03:48:25","modified_gmt":"2025-03-10T02:48:25","slug":"nawrocki-zobowiazuje-sie-do-ponownego-ponownego-powtorzenia-polski-jesli-wybrany-prezydent","status":"publish","type":"post","link":"https:\/\/www.pogotowieflagowe.pl\/aktualne\/nawrocki-zobowiazuje-sie-do-ponownego-ponownego-powtorzenia-polski-jesli-wybrany-prezydent\/","title":{"rendered":"Nawrocki zobowi\u0105zuje si\u0119 do ponownego ponownego powt\u00f3rzenia Polski, je\u015bli wybrany prezydent"},"content":{"rendered":"\n<div class=\"td_block_wrap tdb_single_content tdi_41 td-pb-border-top td_block_template_8 td-post-content tagdiv-type\" data-td-block-uid=\"tdi_41\">\n<style>.tdi_41 {margin-top: 0px! Wa\u017cne; margines-bottom: 0px! WA\u017bNY; PALDING-TOP: 0PX! WA\u017bNY; PALDING-BOTTOM: 0PX! WA\u017bNE}<\/style>\n<style>.tdb_single_content {margin-bottom: 0;*zoom: 1} .tdb_single_content: wcze\u015bniej, .tdb_single_content: po {display: Table; content: ''; line-height: 0} .TDB-BLOCK-INner>*: nie (.WP-BLOCK-QUOTE): not (.alignSwide): not (.Alignfull.wp-block-cover.has-parallax): not (.td-a-ad) {margin-left: auto; margin-right: auto} .tdb_single_ConTent a {wska\u017anik-events: auto} .tdb_single_content .td-spot-id-top_ad .tdc-placeholder-title: przed {content: \u201eArtyku\u0142 top ad\u201d! Wa\u017cne} .tdb_single_content .td-Spot-Id-inline_ad0 .tdc-placeholder-title 1 '! Wa\u017cne} .tdb_single_content .td-Spot-Id-inline_Ad1 .tdc-Placeholder-Title: przed {content: \u201eArtyku\u0142 inline AD 2'! Wa\u017cny} .tdb_single_content. 3 '! Wa\u017cne} .tdb_single_content .td-Spot-Id-Bottom_Ad .tdc-Placeholder-Title: przed {content: \u201eArtyku\u0142 Bottom Ad\u201d! Wa\u017cne} .tdb_single_content .id_top_ad, .tdb_single_content_content .id_bottom_ad {clear: oba; margin-bottom: 21px; text-align: Center} .tdb_single_content .id_top_ad Img, .tdb_single_content .id_bottom_ad img {margin-bottom: 0} .tdb_single_content .id_top_ad .adsbyGoogle, .tdb_single_content .id_bottom_ad .adsbyGoogle {pozycja: relatyw} .tdb_single_content .id_ad_content-horiz-left, .tdb_single_content .id_ad_content-horiz-right, .tdb_single_content .id_ad_content-horiz-Center {margin-bottom: 15px} .tdb_single_content .id_ad_content-horiz-left Img, .tdb_single_content .id_ad_content-horiz-right img, .tdb_single_content .id_ad_content-horiz-centerter img {margin-bottom: 0} .tdb_single_content .id_ad_content-horiz-center {text-align: Center} .tdb_single_content .id_ad_content-horiz-center img {margin-right: auto; margin-let: auto} .tdb_single_content-center IMG { .id_ad_content-horiz-left {float: left; margin-top: 9px; margin-right: 21px} .tdb_single_content .id_ad_content-horiz-right {float: margin-top: 6px; margin-left: 21px} .tdb_single_content .tdc-a-a-ad .TDC-Placeholder-Title {szeroko\u015b\u0107: 300px; height: 250px} .tdb_single_content .tdc-a-ad .TDC-Placeholder-Title: Przed {Pozycja: Absolute; TOP: 50%;-WebKit-Transform: Translatey (-50%); Transform: Translatey (-50%); margines: auto; Display: Tabela; szeroko\u015b\u0107: 100%}. tdb_single_content .TDB-BLOCK-INNER.TD-FIX-INDEX {Word-Break: Break-word} .tdi_41, .tdi_41> p, .tdi_41 .tdb-block-inner> p, .Wp-Block-Column> p {font-size: 16px! Wa\u017cne; wa\u017cny; p {font-styl: normalne! Wa\u017cne} @media (Max-Width: 767px) {. tdb_single_content .id_ad_content-horiz-left, .tdb_single_content .id_ad_content-horiz-right, .tdb_single_content .id_ad_content-horiz-centter {Margin: 0 AUTO 26PXX auto}}@media (Max-Width: 767px) {. tdb_single_content .id_ad_content-horiz-left {margin-right: 0}}@media (max-width: 767px) {. (Max-Width: 767px) {. tdb_single_content .td-a-ad {float: none; text-align: Center} .tdb_single_content .td-a-ad img {margin-right: auto; margin-left: auto} .tdb_single_content .tdc-a-a-a-{margin-right: auto; margin-left: auto} .tdb_single_content .tdd<\/style>\n<div class=\"tdb-block-inner td-fix-index\">\n<p><strong>Dr Karol Nawrocki, kandydat obywatelski do prezydentury Polski, odwiedzi\u0142 dzisiaj Wielu\u0144 i og\u0142osi\u0142, \u017ce je\u015bli zostanie wybrany, wyniesie kwesti\u0119 odszkodowa\u0144 wojennych z Niemiec na wszystkich mi\u0119dzynarodowych i europejskich platformach. \u201eKiedy zostan\u0119 prezydentem Polski, powr\u00f3c\u0119 do konieczno\u015bci p\u0142acenia od Niemiec odszkodowania dla Polski. Jeste\u015bmy winni te reparacje! \u201d Nawrocki o\u015bwiadczy\u0142.<\/strong><\/p>\n<h2 class=\"wp-block-heading\"><strong>Historyczne znaczenie Wielu\u0144<\/strong><\/h2>\n<p>1 wrze\u015bnia 1939 r., O 4:40, niemieckie samoloty zacz\u0119\u0142y bombardowa\u0107 Wielu\u0144. Atak spowodowa\u0142 \u015bmier\u0107 ponad 1200 os\u00f3b i prawie ca\u0142kowicie zniszczy\u0142 centrum miasta. Ten atak by\u0142 pocz\u0105tkiem II wojny \u015bwiatowej i nast\u0105pi\u0142 zaledwie kilka minut przed ostrza\u0142em Westerplatte.<\/p>\n<h2 class=\"wp-block-heading\"><strong>Nawrocki: Wr\u00f3c\u0119 do kwestii odszkodowa\u0144<\/strong><\/h2>\n<p>Podczas wizyty w Wielu\u0144 Nawrocki podzieli\u0142 si\u0119 przejmuj\u0105c\u0105 histori\u0105, kt\u00f3ra g\u0142\u0119boko go poruszy\u0142a. \u201ePo tylu latach niewiele rzeczy mo\u017ce mnie dotkn\u0105\u0107. Widzia\u0142em wszystkie z\u0142o system\u00f3w totalitarnych, ale tutaj, w Wielu\u0144, zosta\u0142em poruszony podczas jednej z moich wizyt, kiedy us\u0142ysza\u0142em histori\u0119 Little Wandy. Czteroletnia Wanda Saganowska zosta\u0142a uratowana przez ojca z budynku zniszczonego przez Luftwaffe. Ale kiedy jej ojciec j\u0105 uratowa\u0142, fragment bomb zabi\u0142 j\u0105 w jego ramionach &#8211; opowiedzia\u0142.<\/p>\n<p>Kontynuowa\u0142: \u201eJest to bardzo wzruszaj\u0105ce, jak i przera\u017caj\u0105ce, i znasz t\u0119 histori\u0119 bardzo dobrze\u201d.<\/p>\n<p>Nawrocki stwierdzi\u0142 r\u00f3wnie\u017c bezpo\u015brednio, \u017ce je\u015bli zostanie prezydentem Polski, zostanie ponownie odwiedzona kwestia odszkodowa\u0144 dla Polski. \u201eDlatego, kiedy zostan\u0119 prezydentem Polski, powr\u00f3c\u0119 do konieczno\u015bci p\u0142acenia Polski na Polsce na wszystkich mi\u0119dzynarodowych i europejskich platformach. Jeste\u015bmy winni te reparacje! \u201d Twierdzi\u0142.<\/p>\n<p>Jak zauwa\u017cy\u0142 Nawrocki: \u201eTo nie tylko kwestia przesz\u0142o\u015bci i historii, ale tak\u017ce sprawiedliwo\u015bci mi\u0119dzy dwoma narodami\u201d.<\/p>\n<p>\u201eTo kwestia naszej przysz\u0142o\u015bci i rozwoju. Nie b\u0119dziemy krajem kolonialnym b\u0142agaj\u0105cym fundusze z KPO. Jeste\u015bmy woln\u0105, niezale\u017cn\u0105 Polsk\u0105, zawdzi\u0119czamy ponad 6 bilion\u00f3w Z\u0142oty za przest\u0119pstwa niemieckie na terytorium Republiki &#8211; podsumowa\u0142.<\/p>\n<\/div>\n<\/div>\n","protected":false},"excerpt":{"rendered":"<p>Dr Karol Nawrocki, kandydat obywatelski do prezydentury Polski, odwiedzi\u0142 dzisiaj Wielu\u0144 i og\u0142osi\u0142, \u017ce je\u015bli zostanie wybrany, wyniesie kwesti\u0119 odszkodowa\u0144<\/p>\n","protected":false},"author":1,"featured_media":4498,"comment_status":"closed","ping_status":"","sticky":false,"template":"","format":"standard","meta":{"footnotes":""},"categories":[4748],"tags":[250,2727,72,3575,6155,341,150,6156,3736],"class_list":["post-4497","post","type-post","status-publish","format-standard","has-post-thumbnail","hentry","category-aktualne","tag-jesli","tag-nawrocki","tag-polski","tag-ponownego","tag-powtorzenia","tag-prezydent","tag-sie","tag-wybrany","tag-zobowiazuje","generate-columns","tablet-grid-50","mobile-grid-100","grid-parent","grid-50","resize-featured-image"],"yoast_head":"<!-- This site is optimized with the Yoast SEO plugin v23.2 - https:\/\/yoast.com\/wordpress\/plugins\/seo\/ -->\n<title>Nawrocki zobowi\u0105zuje si\u0119 do ponownego ponownego powt\u00f3rzenia Polski, je\u015bli wybrany prezydent - POGOTOWIE FLAGOWE\u00ae<\/title>\n<meta name=\"robots\" content=\"index, follow, max-snippet:-1, max-image-preview:large, max-video-preview:-1\" \/>\n<link rel=\"canonical\" href=\"https:\/\/www.pogotowieflagowe.pl\/aktualne\/nawrocki-zobowiazuje-sie-do-ponownego-ponownego-powtorzenia-polski-jesli-wybrany-prezydent\/\" \/>\n<meta property=\"og:locale\" content=\"pl_PL\" \/>\n<meta property=\"og:type\" content=\"article\" \/>\n<meta property=\"og:title\" content=\"Nawrocki zobowi\u0105zuje si\u0119 do ponownego ponownego powt\u00f3rzenia Polski, je\u015bli wybrany prezydent - POGOTOWIE FLAGOWE\u00ae\" \/>\n<meta property=\"og:description\" content=\"Dr Karol Nawrocki, kandydat obywatelski do prezydentury Polski, odwiedzi\u0142 dzisiaj Wielu\u0144 i og\u0142osi\u0142, \u017ce je\u015bli zostanie wybrany, wyniesie kwesti\u0119 odszkodowa\u0144\" \/>\n<meta property=\"og:url\" content=\"https:\/\/www.pogotowieflagowe.pl\/aktualne\/nawrocki-zobowiazuje-sie-do-ponownego-ponownego-powtorzenia-polski-jesli-wybrany-prezydent\/\" \/>\n<meta property=\"og:site_name\" content=\"POGOTOWIE FLAGOWE\u00ae\" \/>\n<meta property=\"article:published_time\" content=\"2025-03-10T02:48:24+00:00\" \/>\n<meta property=\"article:modified_time\" content=\"2025-03-10T02:48:25+00:00\" \/>\n<meta property=\"og:image\" content=\"https:\/\/www.pogotowieflagowe.pl\/aktualne\/wp-content\/uploads\/2025\/03\/Nawrocki-zobowiazuje-sie-do-ponownego-ponownego-powtorzenia-Polski-jesli-wybrany.jpg\" \/>\n\t<meta property=\"og:image:width\" content=\"1600\" \/>\n\t<meta property=\"og:image:height\" content=\"1066\" \/>\n\t<meta property=\"og:image:type\" content=\"image\/jpeg\" \/>\n<meta name=\"author\" content=\"Filip\" \/>\n<meta name=\"twitter:card\" content=\"summary_large_image\" \/>\n<meta name=\"twitter:label1\" content=\"Napisane przez\" \/>\n\t<meta name=\"twitter:data1\" content=\"Filip\" \/>\n\t<meta name=\"twitter:label2\" content=\"Szacowany czas czytania\" \/>\n\t<meta name=\"twitter:data2\" content=\"2 minuty\" \/>\n<script type=\"application\/ld+json\" class=\"yoast-schema-graph\">{\"@context\":\"https:\/\/schema.org\",\"@graph\":[{\"@type\":\"Article\",\"@id\":\"https:\/\/www.pogotowieflagowe.pl\/aktualne\/nawrocki-zobowiazuje-sie-do-ponownego-ponownego-powtorzenia-polski-jesli-wybrany-prezydent\/#article\",\"isPartOf\":{\"@id\":\"https:\/\/www.pogotowieflagowe.pl\/aktualne\/nawrocki-zobowiazuje-sie-do-ponownego-ponownego-powtorzenia-polski-jesli-wybrany-prezydent\/\"},\"author\":{\"name\":\"Filip\",\"@id\":\"https:\/\/www.pogotowieflagowe.pl\/aktualne\/#\/schema\/person\/9c2fb7d2362ebf6fa088960d7f0d27b0\"},\"headline\":\"Nawrocki zobowi\u0105zuje si\u0119 do ponownego ponownego powt\u00f3rzenia Polski, je\u015bli wybrany prezydent\",\"datePublished\":\"2025-03-10T02:48:24+00:00\",\"dateModified\":\"2025-03-10T02:48:25+00:00\",\"mainEntityOfPage\":{\"@id\":\"https:\/\/www.pogotowieflagowe.pl\/aktualne\/nawrocki-zobowiazuje-sie-do-ponownego-ponownego-powtorzenia-polski-jesli-wybrany-prezydent\/\"},\"wordCount\":328,\"publisher\":{\"@id\":\"https:\/\/www.pogotowieflagowe.pl\/aktualne\/#organization\"},\"image\":{\"@id\":\"https:\/\/www.pogotowieflagowe.pl\/aktualne\/nawrocki-zobowiazuje-sie-do-ponownego-ponownego-powtorzenia-polski-jesli-wybrany-prezydent\/#primaryimage\"},\"thumbnailUrl\":\"https:\/\/www.pogotowieflagowe.pl\/aktualne\/wp-content\/uploads\/2025\/03\/Nawrocki-zobowiazuje-sie-do-ponownego-ponownego-powtorzenia-Polski-jesli-wybrany.jpg\",\"keywords\":[\"Je\u015bli\",\"Nawrocki\",\"polski\",\"ponownego\",\"powt\u00f3rzenia\",\"Prezydent\",\"si\u0119\",\"wybrany\",\"zobowi\u0105zuje\"],\"articleSection\":[\"Aktualne\"],\"inLanguage\":\"pl-PL\"},{\"@type\":\"WebPage\",\"@id\":\"https:\/\/www.pogotowieflagowe.pl\/aktualne\/nawrocki-zobowiazuje-sie-do-ponownego-ponownego-powtorzenia-polski-jesli-wybrany-prezydent\/\",\"url\":\"https:\/\/www.pogotowieflagowe.pl\/aktualne\/nawrocki-zobowiazuje-sie-do-ponownego-ponownego-powtorzenia-polski-jesli-wybrany-prezydent\/\",\"name\":\"Nawrocki zobowi\u0105zuje si\u0119 do ponownego ponownego powt\u00f3rzenia Polski, je\u015bli wybrany prezydent - POGOTOWIE FLAGOWE\u00ae\",\"isPartOf\":{\"@id\":\"https:\/\/www.pogotowieflagowe.pl\/aktualne\/#website\"},\"primaryImageOfPage\":{\"@id\":\"https:\/\/www.pogotowieflagowe.pl\/aktualne\/nawrocki-zobowiazuje-sie-do-ponownego-ponownego-powtorzenia-polski-jesli-wybrany-prezydent\/#primaryimage\"},\"image\":{\"@id\":\"https:\/\/www.pogotowieflagowe.pl\/aktualne\/nawrocki-zobowiazuje-sie-do-ponownego-ponownego-powtorzenia-polski-jesli-wybrany-prezydent\/#primaryimage\"},\"thumbnailUrl\":\"https:\/\/www.pogotowieflagowe.pl\/aktualne\/wp-content\/uploads\/2025\/03\/Nawrocki-zobowiazuje-sie-do-ponownego-ponownego-powtorzenia-Polski-jesli-wybrany.jpg\",\"datePublished\":\"2025-03-10T02:48:24+00:00\",\"dateModified\":\"2025-03-10T02:48:25+00:00\",\"breadcrumb\":{\"@id\":\"https:\/\/www.pogotowieflagowe.pl\/aktualne\/nawrocki-zobowiazuje-sie-do-ponownego-ponownego-powtorzenia-polski-jesli-wybrany-prezydent\/#breadcrumb\"},\"inLanguage\":\"pl-PL\",\"potentialAction\":[{\"@type\":\"ReadAction\",\"target\":[\"https:\/\/www.pogotowieflagowe.pl\/aktualne\/nawrocki-zobowiazuje-sie-do-ponownego-ponownego-powtorzenia-polski-jesli-wybrany-prezydent\/\"]}]},{\"@type\":\"ImageObject\",\"inLanguage\":\"pl-PL\",\"@id\":\"https:\/\/www.pogotowieflagowe.pl\/aktualne\/nawrocki-zobowiazuje-sie-do-ponownego-ponownego-powtorzenia-polski-jesli-wybrany-prezydent\/#primaryimage\",\"url\":\"https:\/\/www.pogotowieflagowe.pl\/aktualne\/wp-content\/uploads\/2025\/03\/Nawrocki-zobowiazuje-sie-do-ponownego-ponownego-powtorzenia-Polski-jesli-wybrany.jpg\",\"contentUrl\":\"https:\/\/www.pogotowieflagowe.pl\/aktualne\/wp-content\/uploads\/2025\/03\/Nawrocki-zobowiazuje-sie-do-ponownego-ponownego-powtorzenia-Polski-jesli-wybrany.jpg\",\"width\":1600,\"height\":1066,\"caption\":\"Nawrocki zobowi\u0105zuje si\u0119 do ponownego ponownego powt\u00f3rzenia Polski, je\u015bli wybrany prezydent\"},{\"@type\":\"BreadcrumbList\",\"@id\":\"https:\/\/www.pogotowieflagowe.pl\/aktualne\/nawrocki-zobowiazuje-sie-do-ponownego-ponownego-powtorzenia-polski-jesli-wybrany-prezydent\/#breadcrumb\",\"itemListElement\":[{\"@type\":\"ListItem\",\"position\":1,\"name\":\"Home\",\"item\":\"https:\/\/www.pogotowieflagowe.pl\/aktualne\/\"},{\"@type\":\"ListItem\",\"position\":2,\"name\":\"Nawrocki zobowi\u0105zuje si\u0119 do ponownego ponownego powt\u00f3rzenia Polski, je\u015bli wybrany prezydent\"}]},{\"@type\":\"WebSite\",\"@id\":\"https:\/\/www.pogotowieflagowe.pl\/aktualne\/#website\",\"url\":\"https:\/\/www.pogotowieflagowe.pl\/aktualne\/\",\"name\":\"POGOTOWIE FLAGOWE\u00ae\",\"description\":\"\",\"publisher\":{\"@id\":\"https:\/\/www.pogotowieflagowe.pl\/aktualne\/#organization\"},\"potentialAction\":[{\"@type\":\"SearchAction\",\"target\":{\"@type\":\"EntryPoint\",\"urlTemplate\":\"https:\/\/www.pogotowieflagowe.pl\/aktualne\/?s={search_term_string}\"},\"query-input\":\"required name=search_term_string\"}],\"inLanguage\":\"pl-PL\"},{\"@type\":\"Organization\",\"@id\":\"https:\/\/www.pogotowieflagowe.pl\/aktualne\/#organization\",\"name\":\"POGOTOWIE FLAGOWE\u00ae\",\"url\":\"https:\/\/www.pogotowieflagowe.pl\/aktualne\/\",\"logo\":{\"@type\":\"ImageObject\",\"inLanguage\":\"pl-PL\",\"@id\":\"https:\/\/www.pogotowieflagowe.pl\/aktualne\/#\/schema\/logo\/image\/\",\"url\":\"https:\/\/www.pogotowieflagowe.pl\/aktualne\/wp-content\/uploads\/2024\/08\/cropped-pogotowieflagowe_flaga_projekt_sm.jpg\",\"contentUrl\":\"https:\/\/www.pogotowieflagowe.pl\/aktualne\/wp-content\/uploads\/2024\/08\/cropped-pogotowieflagowe_flaga_projekt_sm.jpg\",\"width\":250,\"height\":143,\"caption\":\"POGOTOWIE FLAGOWE\u00ae\"},\"image\":{\"@id\":\"https:\/\/www.pogotowieflagowe.pl\/aktualne\/#\/schema\/logo\/image\/\"}},{\"@type\":\"Person\",\"@id\":\"https:\/\/www.pogotowieflagowe.pl\/aktualne\/#\/schema\/person\/9c2fb7d2362ebf6fa088960d7f0d27b0\",\"name\":\"Filip\",\"image\":{\"@type\":\"ImageObject\",\"inLanguage\":\"pl-PL\",\"@id\":\"https:\/\/www.pogotowieflagowe.pl\/aktualne\/#\/schema\/person\/image\/\",\"url\":\"https:\/\/www.pogotowieflagowe.pl\/aktualne\/wp-content\/uploads\/2024\/08\/pogotowieflagowe.pl_.jpg\",\"contentUrl\":\"https:\/\/www.pogotowieflagowe.pl\/aktualne\/wp-content\/uploads\/2024\/08\/pogotowieflagowe.pl_.jpg\",\"caption\":\"Filip\"},\"description\":\"Jestem Filip, polski dziennikarz z dyplomem nauk politycznych Uniwersytetu Warszawskiego. Rozpoczynaj\u0105c swoj\u0105 karier\u0119 w r\u00f3\u017cnych lokalnych mediach, zdoby\u0142em solidne do\u015bwiadczenie w zakresie \u015bledztwa i redakcji. Obecnie jako redaktor w Pogotowie flagowe, staram si\u0119 dostarcza\u0107 dog\u0142\u0119bne i istotne analizy na temat najwa\u017cniejszych kwestii aktualno\u015bci, \u0142\u0105cz\u0105c rygor z pasj\u0105 dziennikarsk\u0105.\",\"sameAs\":[\"https:\/\/www.pogotowieflagowe.pl\/\"]}]}<\/script>\n<!-- \/ Yoast SEO plugin. -->","yoast_head_json":{"title":"Nawrocki zobowi\u0105zuje si\u0119 do ponownego ponownego powt\u00f3rzenia Polski, je\u015bli wybrany prezydent - POGOTOWIE FLAGOWE\u00ae","robots":{"index":"index","follow":"follow","max-snippet":"max-snippet:-1","max-image-preview":"max-image-preview:large","max-video-preview":"max-video-preview:-1"},"canonical":"https:\/\/www.pogotowieflagowe.pl\/aktualne\/nawrocki-zobowiazuje-sie-do-ponownego-ponownego-powtorzenia-polski-jesli-wybrany-prezydent\/","og_locale":"pl_PL","og_type":"article","og_title":"Nawrocki zobowi\u0105zuje si\u0119 do ponownego ponownego powt\u00f3rzenia Polski, je\u015bli wybrany prezydent - POGOTOWIE FLAGOWE\u00ae","og_description":"Dr Karol Nawrocki, kandydat obywatelski do prezydentury Polski, odwiedzi\u0142 dzisiaj Wielu\u0144 i og\u0142osi\u0142, \u017ce je\u015bli zostanie wybrany, wyniesie kwesti\u0119 odszkodowa\u0144","og_url":"https:\/\/www.pogotowieflagowe.pl\/aktualne\/nawrocki-zobowiazuje-sie-do-ponownego-ponownego-powtorzenia-polski-jesli-wybrany-prezydent\/","og_site_name":"POGOTOWIE FLAGOWE\u00ae","article_published_time":"2025-03-10T02:48:24+00:00","article_modified_time":"2025-03-10T02:48:25+00:00","og_image":[{"width":1600,"height":1066,"url":"https:\/\/www.pogotowieflagowe.pl\/aktualne\/wp-content\/uploads\/2025\/03\/Nawrocki-zobowiazuje-sie-do-ponownego-ponownego-powtorzenia-Polski-jesli-wybrany.jpg","type":"image\/jpeg"}],"author":"Filip","twitter_card":"summary_large_image","twitter_misc":{"Napisane przez":"Filip","Szacowany czas czytania":"2 minuty"},"schema":{"@context":"https:\/\/schema.org","@graph":[{"@type":"Article","@id":"https:\/\/www.pogotowieflagowe.pl\/aktualne\/nawrocki-zobowiazuje-sie-do-ponownego-ponownego-powtorzenia-polski-jesli-wybrany-prezydent\/#article","isPartOf":{"@id":"https:\/\/www.pogotowieflagowe.pl\/aktualne\/nawrocki-zobowiazuje-sie-do-ponownego-ponownego-powtorzenia-polski-jesli-wybrany-prezydent\/"},"author":{"name":"Filip","@id":"https:\/\/www.pogotowieflagowe.pl\/aktualne\/#\/schema\/person\/9c2fb7d2362ebf6fa088960d7f0d27b0"},"headline":"Nawrocki zobowi\u0105zuje si\u0119 do ponownego ponownego powt\u00f3rzenia Polski, je\u015bli wybrany prezydent","datePublished":"2025-03-10T02:48:24+00:00","dateModified":"2025-03-10T02:48:25+00:00","mainEntityOfPage":{"@id":"https:\/\/www.pogotowieflagowe.pl\/aktualne\/nawrocki-zobowiazuje-sie-do-ponownego-ponownego-powtorzenia-polski-jesli-wybrany-prezydent\/"},"wordCount":328,"publisher":{"@id":"https:\/\/www.pogotowieflagowe.pl\/aktualne\/#organization"},"image":{"@id":"https:\/\/www.pogotowieflagowe.pl\/aktualne\/nawrocki-zobowiazuje-sie-do-ponownego-ponownego-powtorzenia-polski-jesli-wybrany-prezydent\/#primaryimage"},"thumbnailUrl":"https:\/\/www.pogotowieflagowe.pl\/aktualne\/wp-content\/uploads\/2025\/03\/Nawrocki-zobowiazuje-sie-do-ponownego-ponownego-powtorzenia-Polski-jesli-wybrany.jpg","keywords":["Je\u015bli","Nawrocki","polski","ponownego","powt\u00f3rzenia","Prezydent","si\u0119","wybrany","zobowi\u0105zuje"],"articleSection":["Aktualne"],"inLanguage":"pl-PL"},{"@type":"WebPage","@id":"https:\/\/www.pogotowieflagowe.pl\/aktualne\/nawrocki-zobowiazuje-sie-do-ponownego-ponownego-powtorzenia-polski-jesli-wybrany-prezydent\/","url":"https:\/\/www.pogotowieflagowe.pl\/aktualne\/nawrocki-zobowiazuje-sie-do-ponownego-ponownego-powtorzenia-polski-jesli-wybrany-prezydent\/","name":"Nawrocki zobowi\u0105zuje si\u0119 do ponownego ponownego powt\u00f3rzenia Polski, je\u015bli wybrany prezydent - POGOTOWIE FLAGOWE\u00ae","isPartOf":{"@id":"https:\/\/www.pogotowieflagowe.pl\/aktualne\/#website"},"primaryImageOfPage":{"@id":"https:\/\/www.pogotowieflagowe.pl\/aktualne\/nawrocki-zobowiazuje-sie-do-ponownego-ponownego-powtorzenia-polski-jesli-wybrany-prezydent\/#primaryimage"},"image":{"@id":"https:\/\/www.pogotowieflagowe.pl\/aktualne\/nawrocki-zobowiazuje-sie-do-ponownego-ponownego-powtorzenia-polski-jesli-wybrany-prezydent\/#primaryimage"},"thumbnailUrl":"https:\/\/www.pogotowieflagowe.pl\/aktualne\/wp-content\/uploads\/2025\/03\/Nawrocki-zobowiazuje-sie-do-ponownego-ponownego-powtorzenia-Polski-jesli-wybrany.jpg","datePublished":"2025-03-10T02:48:24+00:00","dateModified":"2025-03-10T02:48:25+00:00","breadcrumb":{"@id":"https:\/\/www.pogotowieflagowe.pl\/aktualne\/nawrocki-zobowiazuje-sie-do-ponownego-ponownego-powtorzenia-polski-jesli-wybrany-prezydent\/#breadcrumb"},"inLanguage":"pl-PL","potentialAction":[{"@type":"ReadAction","target":["https:\/\/www.pogotowieflagowe.pl\/aktualne\/nawrocki-zobowiazuje-sie-do-ponownego-ponownego-powtorzenia-polski-jesli-wybrany-prezydent\/"]}]},{"@type":"ImageObject","inLanguage":"pl-PL","@id":"https:\/\/www.pogotowieflagowe.pl\/aktualne\/nawrocki-zobowiazuje-sie-do-ponownego-ponownego-powtorzenia-polski-jesli-wybrany-prezydent\/#primaryimage","url":"https:\/\/www.pogotowieflagowe.pl\/aktualne\/wp-content\/uploads\/2025\/03\/Nawrocki-zobowiazuje-sie-do-ponownego-ponownego-powtorzenia-Polski-jesli-wybrany.jpg","contentUrl":"https:\/\/www.pogotowieflagowe.pl\/aktualne\/wp-content\/uploads\/2025\/03\/Nawrocki-zobowiazuje-sie-do-ponownego-ponownego-powtorzenia-Polski-jesli-wybrany.jpg","width":1600,"height":1066,"caption":"Nawrocki zobowi\u0105zuje si\u0119 do ponownego ponownego powt\u00f3rzenia Polski, je\u015bli wybrany prezydent"},{"@type":"BreadcrumbList","@id":"https:\/\/www.pogotowieflagowe.pl\/aktualne\/nawrocki-zobowiazuje-sie-do-ponownego-ponownego-powtorzenia-polski-jesli-wybrany-prezydent\/#breadcrumb","itemListElement":[{"@type":"ListItem","position":1,"name":"Home","item":"https:\/\/www.pogotowieflagowe.pl\/aktualne\/"},{"@type":"ListItem","position":2,"name":"Nawrocki zobowi\u0105zuje si\u0119 do ponownego ponownego powt\u00f3rzenia Polski, je\u015bli wybrany prezydent"}]},{"@type":"WebSite","@id":"https:\/\/www.pogotowieflagowe.pl\/aktualne\/#website","url":"https:\/\/www.pogotowieflagowe.pl\/aktualne\/","name":"POGOTOWIE FLAGOWE\u00ae","description":"","publisher":{"@id":"https:\/\/www.pogotowieflagowe.pl\/aktualne\/#organization"},"potentialAction":[{"@type":"SearchAction","target":{"@type":"EntryPoint","urlTemplate":"https:\/\/www.pogotowieflagowe.pl\/aktualne\/?s={search_term_string}"},"query-input":"required name=search_term_string"}],"inLanguage":"pl-PL"},{"@type":"Organization","@id":"https:\/\/www.pogotowieflagowe.pl\/aktualne\/#organization","name":"POGOTOWIE FLAGOWE\u00ae","url":"https:\/\/www.pogotowieflagowe.pl\/aktualne\/","logo":{"@type":"ImageObject","inLanguage":"pl-PL","@id":"https:\/\/www.pogotowieflagowe.pl\/aktualne\/#\/schema\/logo\/image\/","url":"https:\/\/www.pogotowieflagowe.pl\/aktualne\/wp-content\/uploads\/2024\/08\/cropped-pogotowieflagowe_flaga_projekt_sm.jpg","contentUrl":"https:\/\/www.pogotowieflagowe.pl\/aktualne\/wp-content\/uploads\/2024\/08\/cropped-pogotowieflagowe_flaga_projekt_sm.jpg","width":250,"height":143,"caption":"POGOTOWIE FLAGOWE\u00ae"},"image":{"@id":"https:\/\/www.pogotowieflagowe.pl\/aktualne\/#\/schema\/logo\/image\/"}},{"@type":"Person","@id":"https:\/\/www.pogotowieflagowe.pl\/aktualne\/#\/schema\/person\/9c2fb7d2362ebf6fa088960d7f0d27b0","name":"Filip","image":{"@type":"ImageObject","inLanguage":"pl-PL","@id":"https:\/\/www.pogotowieflagowe.pl\/aktualne\/#\/schema\/person\/image\/","url":"https:\/\/www.pogotowieflagowe.pl\/aktualne\/wp-content\/uploads\/2024\/08\/pogotowieflagowe.pl_.jpg","contentUrl":"https:\/\/www.pogotowieflagowe.pl\/aktualne\/wp-content\/uploads\/2024\/08\/pogotowieflagowe.pl_.jpg","caption":"Filip"},"description":"Jestem Filip, polski dziennikarz z dyplomem nauk politycznych Uniwersytetu Warszawskiego. Rozpoczynaj\u0105c swoj\u0105 karier\u0119 w r\u00f3\u017cnych lokalnych mediach, zdoby\u0142em solidne do\u015bwiadczenie w zakresie \u015bledztwa i redakcji. Obecnie jako redaktor w Pogotowie flagowe, staram si\u0119 dostarcza\u0107 dog\u0142\u0119bne i istotne analizy na temat najwa\u017cniejszych kwestii aktualno\u015bci, \u0142\u0105cz\u0105c rygor z pasj\u0105 dziennikarsk\u0105.","sameAs":["https:\/\/www.pogotowieflagowe.pl\/"]}]}},"_links":{"self":[{"href":"https:\/\/www.pogotowieflagowe.pl\/aktualne\/wp-json\/wp\/v2\/posts\/4497","targetHints":{"allow":["GET"]}}],"collection":[{"href":"https:\/\/www.pogotowieflagowe.pl\/aktualne\/wp-json\/wp\/v2\/posts"}],"about":[{"href":"https:\/\/www.pogotowieflagowe.pl\/aktualne\/wp-json\/wp\/v2\/types\/post"}],"author":[{"embeddable":true,"href":"https:\/\/www.pogotowieflagowe.pl\/aktualne\/wp-json\/wp\/v2\/users\/1"}],"replies":[{"embeddable":true,"href":"https:\/\/www.pogotowieflagowe.pl\/aktualne\/wp-json\/wp\/v2\/comments?post=4497"}],"version-history":[{"count":1,"href":"https:\/\/www.pogotowieflagowe.pl\/aktualne\/wp-json\/wp\/v2\/posts\/4497\/revisions"}],"predecessor-version":[{"id":4499,"href":"https:\/\/www.pogotowieflagowe.pl\/aktualne\/wp-json\/wp\/v2\/posts\/4497\/revisions\/4499"}],"wp:featuredmedia":[{"embeddable":true,"href":"https:\/\/www.pogotowieflagowe.pl\/aktualne\/wp-json\/wp\/v2\/media\/4498"}],"wp:attachment":[{"href":"https:\/\/www.pogotowieflagowe.pl\/aktualne\/wp-json\/wp\/v2\/media?parent=4497"}],"wp:term":[{"taxonomy":"category","embeddable":true,"href":"https:\/\/www.pogotowieflagowe.pl\/aktualne\/wp-json\/wp\/v2\/categories?post=4497"},{"taxonomy":"post_tag","embeddable":true,"href":"https:\/\/www.pogotowieflagowe.pl\/aktualne\/wp-json\/wp\/v2\/tags?post=4497"}],"curies":[{"name":"wp","href":"https:\/\/api.w.org\/{rel}","templated":true}]}}