{"id":4503,"date":"2025-03-10T15:47:04","date_gmt":"2025-03-10T14:47:04","guid":{"rendered":"https:\/\/www.pogotowieflagowe.pl\/aktualne\/dramatyczne-sceny-na-granicy-polsko-niemieckiej-radni-pis-z-lubusz-react\/"},"modified":"2025-03-10T15:47:05","modified_gmt":"2025-03-10T14:47:05","slug":"dramatyczne-sceny-na-granicy-polsko-niemieckiej-radni-pis-z-lubusz-react","status":"publish","type":"post","link":"https:\/\/www.pogotowieflagowe.pl\/aktualne\/dramatyczne-sceny-na-granicy-polsko-niemieckiej-radni-pis-z-lubusz-react\/","title":{"rendered":"Dramatyczne sceny na granicy polsko-niemieckiej: Radni PIS z Lubusz React"},"content":{"rendered":"\n<div class=\"td_block_wrap tdb_single_content tdi_41 td-pb-border-top td_block_template_8 td-post-content tagdiv-type\" data-td-block-uid=\"tdi_41\">\n<style>.tdi_41 {margin-top: 0px! Wa\u017cne; margines-bottom: 0px! WA\u017bNY; PALDING-TOP: 0PX! WA\u017bNY; PALDING-BOTTOM: 0PX! WA\u017bNE}<\/style>\n<style>.tdb_single_content {margin-bottom: 0;*zoom: 1} .tdb_single_content: wcze\u015bniej, .tdb_single_content: po {display: Table; content: ''; line-height: 0} .TDB-BLOCK-INner>*: nie (.WP-BLOCK-QUOTE): not (.alignSwide): not (.Alignfull.wp-block-cover.has-parallax): not (.td-a-ad) {margin-left: auto; margin-right: auto} .tdb_single_ConTent a {wska\u017anik-events: auto} .tdb_single_content .td-spot-id-top_ad .tdc-placeholder-title: przed {content: \u201eArtyku\u0142 top ad\u201d! Wa\u017cne} .tdb_single_content .td-Spot-Id-inline_ad0 .tdc-placeholder-title 1 '! Wa\u017cne} .tdb_single_content .td-Spot-Id-inline_Ad1 .tdc-Placeholder-Title: przed {content: \u201eArtyku\u0142 inline AD 2'! Wa\u017cny} .tdb_single_content. 3 '! Wa\u017cne} .tdb_single_content .td-Spot-Id-Bottom_Ad .tdc-Placeholder-Title: przed {content: \u201eArtyku\u0142 Bottom Ad\u201d! Wa\u017cne} .tdb_single_content .id_top_ad, .tdb_single_content_content .id_bottom_ad {clear: oba; margin-bottom: 21px; text-align: Center} .tdb_single_content .id_top_ad img, .tdb_single_content .id_bottom_ad img {margin-bottom: 0} .tdb_single_conTent .id_top_ad .adsbyGoogle, .tdb_single_content .id_bottom_ad .adsbyGoogle {pozycja: relatyw} .tdb_single_content .id_ad_content-horiz-left, .tdb_single_content .id_ad_content-horiz-right, .tdb_single_content .id_ad_content-horiz-Center {margin-bottom: 15px} .tdb_single_content .id_ad_content-horiz-left Img, .tdb_single_content .id_ad_content-horiz-right img, .tdb_single_content .id_ad_content-horiz-centerter img {margin-bottom: 0} .tdb_single_content .id_ad_content-horiz-center {text-align: Center} .tdb_single_content .id_ad_content-horiz-center img {margin-right: auto; margin-let: auto} .tdb_single_content-center IMG { .id_ad_content-horiz-left {float: left; margin-top: 9px; margin-right: 21px} .tdb_single_content .id_ad_content-horiz-right {float: margin-top: 6px; margin-left: 21px} .tdb_single_content .tdc-a-a-ad .TDC-Placeholder-Title {szeroko\u015b\u0107: 300px; height: 250px} .tdb_single_content .tdc-a-ad .TDC-Placeholder-Title: Przed {Pozycja: Absolute; TOP: 50%;-WebKit-Transform: Translatey (-50%); Transform: Translatey (-50%); margines: auto; Display: Tabela; szeroko\u015b\u0107: 100%}. tdb_single_content .TDB-BLOCK-INNER.TD-FIX-INDEX {Word-Break: Break-word} .tdi_41, .tdi_41> p, .tdi_41 .tdb-block-inner> p, .Wp-Block-Column> p {font-size: 16px! Wa\u017cne; wa\u017cny; p {font-styl: normalne! Wa\u017cne} @media (Max-Width: 767px) {. tdb_single_content .id_ad_content-horiz-left, .tdb_single_content .id_ad_content-horiz-right, .tdb_single_content .id_ad_content-horiz-centter {Margin: 0 AUTO 26PXX auto}}@media (Max-Width: 767px) {. tdb_single_content .id_ad_content-horiz-left {margin-right: 0}}@media (max-width: 767px) {. (Max-Width: 767px) {. tdb_single_content .td-a-ad {float: none; text-align: Center} .tdb_single_content .td-a-ad img {margin-right: auto; margin-left: auto} .tdb_single_content .tdc-a-a-a-{margin-right: auto; margin-left: auto} .tdb_single_content .tdd<\/style>\n<div class=\"tdb-block-inner td-fix-index\">\n<p>Radni Lubusz z prawa i sprawiedliwo\u015bci (PIS) reaguj\u0105 na dramatyczn\u0105 sytuacj\u0119 na granicy polsko-niemieckiej. <em>\u201eWprowadzenie sta\u0142ych kontroli granicznych i powr\u00f3t nielegalnych migrant\u00f3w do Polski jest najwy\u017cszym problemem<\/em>. \u201d<\/p>\n<h3 class=\"wp-block-heading\">Upadek pod koalicj\u0105 PO-PSL<\/h3>\n<p>Podczas dzisiejszej sesji radni zamierzaj\u0105 om\u00f3wi\u0107 sytuacj\u0119 graniczn\u0105. W weekend odby\u0142 si\u0119 protest w pobli\u017cu mostu granicznego w S\u0142ubice, sprzeciwiaj\u0105c si\u0119 przeniesieniu nielegalnych migrant\u00f3w z Niemiec na Polsk\u0119 i wdra\u017canie paktu migracyjnego UE. Demonstracja zgromadzi\u0142a kilkuset uczestnik\u00f3w, w tym wielu mieszka\u0144c\u00f3w S\u0142ubice.<\/p>\n<p>Protest zosta\u0142 pocz\u0105tkowo zablokowany przez to, co krytycy nazywaj\u0105 <em>antydemokratyczne<\/em> Burmistrz S\u0142ubice, Mazena S\u0142odownik, ale niezale\u017cnie odby\u0142o si\u0119 spontaniczne spotkanie.<\/p>\n<p>Podczas dzisiejszej sesji Zgromadzenia Regionalnego Lubuszu radni PIS zaproponuj\u0105 oficjalny apel do polskiego rz\u0105du, wzywaj\u0105c natychmiastow\u0105 interwencj\u0119 w kryzysie wp\u0142ywaj\u0105cym na du\u017c\u0105 cz\u0119\u015b\u0107 regionu. Pozostaje jednak niejasne, czy rz\u0105dz\u0105ca koalicja platformy obywatelskiej (PO) i Partii Ludowej Polskiej (PSL) potraktuje ten problem powa\u017cnie. Partie te rz\u0105dz\u0105 Lubuszem od ponad 15 lat i obok Niemiec ponosz\u0105 znaczn\u0105 odpowiedzialno\u015b\u0107 za obecn\u0105 sytuacj\u0119 na granicy.<\/p>\n<h3 class=\"wp-block-heading\">Nieskuteczne dzia\u0142ania marsza\u0142ka<\/h3>\n<p>Na swoim oficjalnym stanowisku radni PIS twierdz\u0105, \u017ce dzia\u0142ania podj\u0119te przez Marsza\u0142ka Lubuska Marcina Jab\u0142o\u0144skiego by\u0142y ca\u0142kowicie nieskuteczne, negatywnie wp\u0142ywaj\u0105c na \u017cycie codzienne w regionie granicznym polsko-niemieckim.<\/p>\n<p><em>\u201eJako radni PIS od dawna zwracali\u015bmy uwag\u0119 na bezczynno\u015b\u0107 rz\u0105du regionalnego w odniesieniu do nielegalnej imigracji i przeniesienia os\u00f3b o nieznanym pochodzeniu z Niemiec do Polski. Opr\u00f3cz pustych stwierdze\u0144 administracja nic nie zrobi\u0142a \u201d<\/em> powiedzia\u0142 Ma\u0142gorzata Go\u015bniowska-Kola, przewodnicz\u0105ca klubu PIS w Zgromadzeniu Lubuszu.<\/p>\n<p>Od kilku miesi\u0119cy Niemcy wysy\u0142aj\u0105 nielegalnych migrant\u00f3w przez granic\u0119 do Polski. Staraj\u0105c si\u0119 ograniczy\u0107 migracj\u0119, w\u0142adze niemieckie zaostrzy\u0142y swoje kontrole graniczne, co doprowadzi\u0142o do ogromnych op\u00f3\u017anie\u0144 dla os\u00f3b przekraczaj\u0105cych. Obecnie pojazdy opuszczaj\u0105ce Polsk\u0119 na Niemcy staj\u0105 przed czasem oczekiwania na kilka godzin &#8211; powa\u017cny problem dla mieszka\u0144c\u00f3w S\u0142ubice i okolic.<\/p>\n<\/div>\n<\/div>\n","protected":false},"excerpt":{"rendered":"<p>Radni Lubusz z prawa i sprawiedliwo\u015bci (PIS) reaguj\u0105 na dramatyczn\u0105 sytuacj\u0119 na granicy polsko-niemieckiej. \u201eWprowadzenie sta\u0142ych kontroli granicznych i powr\u00f3t<\/p>\n","protected":false},"author":1,"featured_media":4504,"comment_status":"closed","ping_status":"","sticky":false,"template":"","format":"standard","meta":{"footnotes":""},"categories":[4748],"tags":[6162,1137,6166,166,6164,6165,6167,6163],"class_list":["post-4503","post","type-post","status-publish","format-standard","has-post-thumbnail","hentry","category-aktualne","tag-dramatyczne","tag-granicy","tag-lubusz","tag-pis","tag-polskoniemieckiej","tag-radni","tag-react","tag-sceny","generate-columns","tablet-grid-50","mobile-grid-100","grid-parent","grid-50","resize-featured-image"],"yoast_head":"<!-- This site is optimized with the Yoast SEO plugin v23.2 - https:\/\/yoast.com\/wordpress\/plugins\/seo\/ -->\n<title>Dramatyczne sceny na granicy polsko-niemieckiej: Radni PIS z Lubusz React - POGOTOWIE FLAGOWE\u00ae<\/title>\n<meta name=\"robots\" content=\"index, follow, max-snippet:-1, max-image-preview:large, max-video-preview:-1\" \/>\n<link rel=\"canonical\" href=\"https:\/\/www.pogotowieflagowe.pl\/aktualne\/dramatyczne-sceny-na-granicy-polsko-niemieckiej-radni-pis-z-lubusz-react\/\" \/>\n<meta property=\"og:locale\" content=\"pl_PL\" \/>\n<meta property=\"og:type\" content=\"article\" \/>\n<meta property=\"og:title\" content=\"Dramatyczne sceny na granicy polsko-niemieckiej: Radni PIS z Lubusz React - POGOTOWIE FLAGOWE\u00ae\" \/>\n<meta property=\"og:description\" content=\"Radni Lubusz z prawa i sprawiedliwo\u015bci (PIS) reaguj\u0105 na dramatyczn\u0105 sytuacj\u0119 na granicy polsko-niemieckiej. \u201eWprowadzenie sta\u0142ych kontroli granicznych i powr\u00f3t\" \/>\n<meta property=\"og:url\" content=\"https:\/\/www.pogotowieflagowe.pl\/aktualne\/dramatyczne-sceny-na-granicy-polsko-niemieckiej-radni-pis-z-lubusz-react\/\" \/>\n<meta property=\"og:site_name\" content=\"POGOTOWIE FLAGOWE\u00ae\" \/>\n<meta property=\"article:published_time\" content=\"2025-03-10T14:47:04+00:00\" \/>\n<meta property=\"article:modified_time\" content=\"2025-03-10T14:47:05+00:00\" \/>\n<meta property=\"og:image\" content=\"https:\/\/www.pogotowieflagowe.pl\/aktualne\/wp-content\/uploads\/2025\/03\/Dramatyczne-sceny-na-granicy-polsko-niemieckiej-Radni-PIS-z-Lubusz-React.jpg\" \/>\n\t<meta property=\"og:image:width\" content=\"1200\" \/>\n\t<meta property=\"og:image:height\" content=\"675\" \/>\n\t<meta property=\"og:image:type\" content=\"image\/jpeg\" \/>\n<meta name=\"author\" content=\"Filip\" \/>\n<meta name=\"twitter:card\" content=\"summary_large_image\" \/>\n<meta name=\"twitter:label1\" content=\"Napisane przez\" \/>\n\t<meta name=\"twitter:data1\" content=\"Filip\" \/>\n\t<meta name=\"twitter:label2\" content=\"Szacowany czas czytania\" \/>\n\t<meta name=\"twitter:data2\" content=\"2 minuty\" \/>\n<script type=\"application\/ld+json\" class=\"yoast-schema-graph\">{\"@context\":\"https:\/\/schema.org\",\"@graph\":[{\"@type\":\"Article\",\"@id\":\"https:\/\/www.pogotowieflagowe.pl\/aktualne\/dramatyczne-sceny-na-granicy-polsko-niemieckiej-radni-pis-z-lubusz-react\/#article\",\"isPartOf\":{\"@id\":\"https:\/\/www.pogotowieflagowe.pl\/aktualne\/dramatyczne-sceny-na-granicy-polsko-niemieckiej-radni-pis-z-lubusz-react\/\"},\"author\":{\"name\":\"Filip\",\"@id\":\"https:\/\/www.pogotowieflagowe.pl\/aktualne\/#\/schema\/person\/9c2fb7d2362ebf6fa088960d7f0d27b0\"},\"headline\":\"Dramatyczne sceny na granicy polsko-niemieckiej: Radni PIS z Lubusz React\",\"datePublished\":\"2025-03-10T14:47:04+00:00\",\"dateModified\":\"2025-03-10T14:47:05+00:00\",\"mainEntityOfPage\":{\"@id\":\"https:\/\/www.pogotowieflagowe.pl\/aktualne\/dramatyczne-sceny-na-granicy-polsko-niemieckiej-radni-pis-z-lubusz-react\/\"},\"wordCount\":348,\"publisher\":{\"@id\":\"https:\/\/www.pogotowieflagowe.pl\/aktualne\/#organization\"},\"image\":{\"@id\":\"https:\/\/www.pogotowieflagowe.pl\/aktualne\/dramatyczne-sceny-na-granicy-polsko-niemieckiej-radni-pis-z-lubusz-react\/#primaryimage\"},\"thumbnailUrl\":\"https:\/\/www.pogotowieflagowe.pl\/aktualne\/wp-content\/uploads\/2025\/03\/Dramatyczne-sceny-na-granicy-polsko-niemieckiej-Radni-PIS-z-Lubusz-React.jpg\",\"keywords\":[\"Dramatyczne\",\"granicy\",\"Lubusz\",\"PiS\",\"polskoniemieckiej\",\"Radni\",\"React\",\"sceny\"],\"articleSection\":[\"Aktualne\"],\"inLanguage\":\"pl-PL\"},{\"@type\":\"WebPage\",\"@id\":\"https:\/\/www.pogotowieflagowe.pl\/aktualne\/dramatyczne-sceny-na-granicy-polsko-niemieckiej-radni-pis-z-lubusz-react\/\",\"url\":\"https:\/\/www.pogotowieflagowe.pl\/aktualne\/dramatyczne-sceny-na-granicy-polsko-niemieckiej-radni-pis-z-lubusz-react\/\",\"name\":\"Dramatyczne sceny na granicy polsko-niemieckiej: Radni PIS z Lubusz React - POGOTOWIE FLAGOWE\u00ae\",\"isPartOf\":{\"@id\":\"https:\/\/www.pogotowieflagowe.pl\/aktualne\/#website\"},\"primaryImageOfPage\":{\"@id\":\"https:\/\/www.pogotowieflagowe.pl\/aktualne\/dramatyczne-sceny-na-granicy-polsko-niemieckiej-radni-pis-z-lubusz-react\/#primaryimage\"},\"image\":{\"@id\":\"https:\/\/www.pogotowieflagowe.pl\/aktualne\/dramatyczne-sceny-na-granicy-polsko-niemieckiej-radni-pis-z-lubusz-react\/#primaryimage\"},\"thumbnailUrl\":\"https:\/\/www.pogotowieflagowe.pl\/aktualne\/wp-content\/uploads\/2025\/03\/Dramatyczne-sceny-na-granicy-polsko-niemieckiej-Radni-PIS-z-Lubusz-React.jpg\",\"datePublished\":\"2025-03-10T14:47:04+00:00\",\"dateModified\":\"2025-03-10T14:47:05+00:00\",\"breadcrumb\":{\"@id\":\"https:\/\/www.pogotowieflagowe.pl\/aktualne\/dramatyczne-sceny-na-granicy-polsko-niemieckiej-radni-pis-z-lubusz-react\/#breadcrumb\"},\"inLanguage\":\"pl-PL\",\"potentialAction\":[{\"@type\":\"ReadAction\",\"target\":[\"https:\/\/www.pogotowieflagowe.pl\/aktualne\/dramatyczne-sceny-na-granicy-polsko-niemieckiej-radni-pis-z-lubusz-react\/\"]}]},{\"@type\":\"ImageObject\",\"inLanguage\":\"pl-PL\",\"@id\":\"https:\/\/www.pogotowieflagowe.pl\/aktualne\/dramatyczne-sceny-na-granicy-polsko-niemieckiej-radni-pis-z-lubusz-react\/#primaryimage\",\"url\":\"https:\/\/www.pogotowieflagowe.pl\/aktualne\/wp-content\/uploads\/2025\/03\/Dramatyczne-sceny-na-granicy-polsko-niemieckiej-Radni-PIS-z-Lubusz-React.jpg\",\"contentUrl\":\"https:\/\/www.pogotowieflagowe.pl\/aktualne\/wp-content\/uploads\/2025\/03\/Dramatyczne-sceny-na-granicy-polsko-niemieckiej-Radni-PIS-z-Lubusz-React.jpg\",\"width\":1200,\"height\":675,\"caption\":\"Dramatyczne sceny na granicy polsko-niemieckiej: Radni PIS z Lubusz React\"},{\"@type\":\"BreadcrumbList\",\"@id\":\"https:\/\/www.pogotowieflagowe.pl\/aktualne\/dramatyczne-sceny-na-granicy-polsko-niemieckiej-radni-pis-z-lubusz-react\/#breadcrumb\",\"itemListElement\":[{\"@type\":\"ListItem\",\"position\":1,\"name\":\"Home\",\"item\":\"https:\/\/www.pogotowieflagowe.pl\/aktualne\/\"},{\"@type\":\"ListItem\",\"position\":2,\"name\":\"Dramatyczne sceny na granicy polsko-niemieckiej: Radni PIS z Lubusz React\"}]},{\"@type\":\"WebSite\",\"@id\":\"https:\/\/www.pogotowieflagowe.pl\/aktualne\/#website\",\"url\":\"https:\/\/www.pogotowieflagowe.pl\/aktualne\/\",\"name\":\"POGOTOWIE FLAGOWE\u00ae\",\"description\":\"\",\"publisher\":{\"@id\":\"https:\/\/www.pogotowieflagowe.pl\/aktualne\/#organization\"},\"potentialAction\":[{\"@type\":\"SearchAction\",\"target\":{\"@type\":\"EntryPoint\",\"urlTemplate\":\"https:\/\/www.pogotowieflagowe.pl\/aktualne\/?s={search_term_string}\"},\"query-input\":\"required name=search_term_string\"}],\"inLanguage\":\"pl-PL\"},{\"@type\":\"Organization\",\"@id\":\"https:\/\/www.pogotowieflagowe.pl\/aktualne\/#organization\",\"name\":\"POGOTOWIE FLAGOWE\u00ae\",\"url\":\"https:\/\/www.pogotowieflagowe.pl\/aktualne\/\",\"logo\":{\"@type\":\"ImageObject\",\"inLanguage\":\"pl-PL\",\"@id\":\"https:\/\/www.pogotowieflagowe.pl\/aktualne\/#\/schema\/logo\/image\/\",\"url\":\"https:\/\/www.pogotowieflagowe.pl\/aktualne\/wp-content\/uploads\/2024\/08\/cropped-pogotowieflagowe_flaga_projekt_sm.jpg\",\"contentUrl\":\"https:\/\/www.pogotowieflagowe.pl\/aktualne\/wp-content\/uploads\/2024\/08\/cropped-pogotowieflagowe_flaga_projekt_sm.jpg\",\"width\":250,\"height\":143,\"caption\":\"POGOTOWIE FLAGOWE\u00ae\"},\"image\":{\"@id\":\"https:\/\/www.pogotowieflagowe.pl\/aktualne\/#\/schema\/logo\/image\/\"}},{\"@type\":\"Person\",\"@id\":\"https:\/\/www.pogotowieflagowe.pl\/aktualne\/#\/schema\/person\/9c2fb7d2362ebf6fa088960d7f0d27b0\",\"name\":\"Filip\",\"image\":{\"@type\":\"ImageObject\",\"inLanguage\":\"pl-PL\",\"@id\":\"https:\/\/www.pogotowieflagowe.pl\/aktualne\/#\/schema\/person\/image\/\",\"url\":\"https:\/\/www.pogotowieflagowe.pl\/aktualne\/wp-content\/uploads\/2024\/08\/pogotowieflagowe.pl_.jpg\",\"contentUrl\":\"https:\/\/www.pogotowieflagowe.pl\/aktualne\/wp-content\/uploads\/2024\/08\/pogotowieflagowe.pl_.jpg\",\"caption\":\"Filip\"},\"description\":\"Jestem Filip, polski dziennikarz z dyplomem nauk politycznych Uniwersytetu Warszawskiego. Rozpoczynaj\u0105c swoj\u0105 karier\u0119 w r\u00f3\u017cnych lokalnych mediach, zdoby\u0142em solidne do\u015bwiadczenie w zakresie \u015bledztwa i redakcji. Obecnie jako redaktor w Pogotowie flagowe, staram si\u0119 dostarcza\u0107 dog\u0142\u0119bne i istotne analizy na temat najwa\u017cniejszych kwestii aktualno\u015bci, \u0142\u0105cz\u0105c rygor z pasj\u0105 dziennikarsk\u0105.\",\"sameAs\":[\"https:\/\/www.pogotowieflagowe.pl\/\"]}]}<\/script>\n<!-- \/ Yoast SEO plugin. -->","yoast_head_json":{"title":"Dramatyczne sceny na granicy polsko-niemieckiej: Radni PIS z Lubusz React - POGOTOWIE FLAGOWE\u00ae","robots":{"index":"index","follow":"follow","max-snippet":"max-snippet:-1","max-image-preview":"max-image-preview:large","max-video-preview":"max-video-preview:-1"},"canonical":"https:\/\/www.pogotowieflagowe.pl\/aktualne\/dramatyczne-sceny-na-granicy-polsko-niemieckiej-radni-pis-z-lubusz-react\/","og_locale":"pl_PL","og_type":"article","og_title":"Dramatyczne sceny na granicy polsko-niemieckiej: Radni PIS z Lubusz React - POGOTOWIE FLAGOWE\u00ae","og_description":"Radni Lubusz z prawa i sprawiedliwo\u015bci (PIS) reaguj\u0105 na dramatyczn\u0105 sytuacj\u0119 na granicy polsko-niemieckiej. \u201eWprowadzenie sta\u0142ych kontroli granicznych i powr\u00f3t","og_url":"https:\/\/www.pogotowieflagowe.pl\/aktualne\/dramatyczne-sceny-na-granicy-polsko-niemieckiej-radni-pis-z-lubusz-react\/","og_site_name":"POGOTOWIE FLAGOWE\u00ae","article_published_time":"2025-03-10T14:47:04+00:00","article_modified_time":"2025-03-10T14:47:05+00:00","og_image":[{"width":1200,"height":675,"url":"https:\/\/www.pogotowieflagowe.pl\/aktualne\/wp-content\/uploads\/2025\/03\/Dramatyczne-sceny-na-granicy-polsko-niemieckiej-Radni-PIS-z-Lubusz-React.jpg","type":"image\/jpeg"}],"author":"Filip","twitter_card":"summary_large_image","twitter_misc":{"Napisane przez":"Filip","Szacowany czas czytania":"2 minuty"},"schema":{"@context":"https:\/\/schema.org","@graph":[{"@type":"Article","@id":"https:\/\/www.pogotowieflagowe.pl\/aktualne\/dramatyczne-sceny-na-granicy-polsko-niemieckiej-radni-pis-z-lubusz-react\/#article","isPartOf":{"@id":"https:\/\/www.pogotowieflagowe.pl\/aktualne\/dramatyczne-sceny-na-granicy-polsko-niemieckiej-radni-pis-z-lubusz-react\/"},"author":{"name":"Filip","@id":"https:\/\/www.pogotowieflagowe.pl\/aktualne\/#\/schema\/person\/9c2fb7d2362ebf6fa088960d7f0d27b0"},"headline":"Dramatyczne sceny na granicy polsko-niemieckiej: Radni PIS z Lubusz React","datePublished":"2025-03-10T14:47:04+00:00","dateModified":"2025-03-10T14:47:05+00:00","mainEntityOfPage":{"@id":"https:\/\/www.pogotowieflagowe.pl\/aktualne\/dramatyczne-sceny-na-granicy-polsko-niemieckiej-radni-pis-z-lubusz-react\/"},"wordCount":348,"publisher":{"@id":"https:\/\/www.pogotowieflagowe.pl\/aktualne\/#organization"},"image":{"@id":"https:\/\/www.pogotowieflagowe.pl\/aktualne\/dramatyczne-sceny-na-granicy-polsko-niemieckiej-radni-pis-z-lubusz-react\/#primaryimage"},"thumbnailUrl":"https:\/\/www.pogotowieflagowe.pl\/aktualne\/wp-content\/uploads\/2025\/03\/Dramatyczne-sceny-na-granicy-polsko-niemieckiej-Radni-PIS-z-Lubusz-React.jpg","keywords":["Dramatyczne","granicy","Lubusz","PiS","polskoniemieckiej","Radni","React","sceny"],"articleSection":["Aktualne"],"inLanguage":"pl-PL"},{"@type":"WebPage","@id":"https:\/\/www.pogotowieflagowe.pl\/aktualne\/dramatyczne-sceny-na-granicy-polsko-niemieckiej-radni-pis-z-lubusz-react\/","url":"https:\/\/www.pogotowieflagowe.pl\/aktualne\/dramatyczne-sceny-na-granicy-polsko-niemieckiej-radni-pis-z-lubusz-react\/","name":"Dramatyczne sceny na granicy polsko-niemieckiej: Radni PIS z Lubusz React - POGOTOWIE FLAGOWE\u00ae","isPartOf":{"@id":"https:\/\/www.pogotowieflagowe.pl\/aktualne\/#website"},"primaryImageOfPage":{"@id":"https:\/\/www.pogotowieflagowe.pl\/aktualne\/dramatyczne-sceny-na-granicy-polsko-niemieckiej-radni-pis-z-lubusz-react\/#primaryimage"},"image":{"@id":"https:\/\/www.pogotowieflagowe.pl\/aktualne\/dramatyczne-sceny-na-granicy-polsko-niemieckiej-radni-pis-z-lubusz-react\/#primaryimage"},"thumbnailUrl":"https:\/\/www.pogotowieflagowe.pl\/aktualne\/wp-content\/uploads\/2025\/03\/Dramatyczne-sceny-na-granicy-polsko-niemieckiej-Radni-PIS-z-Lubusz-React.jpg","datePublished":"2025-03-10T14:47:04+00:00","dateModified":"2025-03-10T14:47:05+00:00","breadcrumb":{"@id":"https:\/\/www.pogotowieflagowe.pl\/aktualne\/dramatyczne-sceny-na-granicy-polsko-niemieckiej-radni-pis-z-lubusz-react\/#breadcrumb"},"inLanguage":"pl-PL","potentialAction":[{"@type":"ReadAction","target":["https:\/\/www.pogotowieflagowe.pl\/aktualne\/dramatyczne-sceny-na-granicy-polsko-niemieckiej-radni-pis-z-lubusz-react\/"]}]},{"@type":"ImageObject","inLanguage":"pl-PL","@id":"https:\/\/www.pogotowieflagowe.pl\/aktualne\/dramatyczne-sceny-na-granicy-polsko-niemieckiej-radni-pis-z-lubusz-react\/#primaryimage","url":"https:\/\/www.pogotowieflagowe.pl\/aktualne\/wp-content\/uploads\/2025\/03\/Dramatyczne-sceny-na-granicy-polsko-niemieckiej-Radni-PIS-z-Lubusz-React.jpg","contentUrl":"https:\/\/www.pogotowieflagowe.pl\/aktualne\/wp-content\/uploads\/2025\/03\/Dramatyczne-sceny-na-granicy-polsko-niemieckiej-Radni-PIS-z-Lubusz-React.jpg","width":1200,"height":675,"caption":"Dramatyczne sceny na granicy polsko-niemieckiej: Radni PIS z Lubusz React"},{"@type":"BreadcrumbList","@id":"https:\/\/www.pogotowieflagowe.pl\/aktualne\/dramatyczne-sceny-na-granicy-polsko-niemieckiej-radni-pis-z-lubusz-react\/#breadcrumb","itemListElement":[{"@type":"ListItem","position":1,"name":"Home","item":"https:\/\/www.pogotowieflagowe.pl\/aktualne\/"},{"@type":"ListItem","position":2,"name":"Dramatyczne sceny na granicy polsko-niemieckiej: Radni PIS z Lubusz React"}]},{"@type":"WebSite","@id":"https:\/\/www.pogotowieflagowe.pl\/aktualne\/#website","url":"https:\/\/www.pogotowieflagowe.pl\/aktualne\/","name":"POGOTOWIE FLAGOWE\u00ae","description":"","publisher":{"@id":"https:\/\/www.pogotowieflagowe.pl\/aktualne\/#organization"},"potentialAction":[{"@type":"SearchAction","target":{"@type":"EntryPoint","urlTemplate":"https:\/\/www.pogotowieflagowe.pl\/aktualne\/?s={search_term_string}"},"query-input":"required name=search_term_string"}],"inLanguage":"pl-PL"},{"@type":"Organization","@id":"https:\/\/www.pogotowieflagowe.pl\/aktualne\/#organization","name":"POGOTOWIE FLAGOWE\u00ae","url":"https:\/\/www.pogotowieflagowe.pl\/aktualne\/","logo":{"@type":"ImageObject","inLanguage":"pl-PL","@id":"https:\/\/www.pogotowieflagowe.pl\/aktualne\/#\/schema\/logo\/image\/","url":"https:\/\/www.pogotowieflagowe.pl\/aktualne\/wp-content\/uploads\/2024\/08\/cropped-pogotowieflagowe_flaga_projekt_sm.jpg","contentUrl":"https:\/\/www.pogotowieflagowe.pl\/aktualne\/wp-content\/uploads\/2024\/08\/cropped-pogotowieflagowe_flaga_projekt_sm.jpg","width":250,"height":143,"caption":"POGOTOWIE FLAGOWE\u00ae"},"image":{"@id":"https:\/\/www.pogotowieflagowe.pl\/aktualne\/#\/schema\/logo\/image\/"}},{"@type":"Person","@id":"https:\/\/www.pogotowieflagowe.pl\/aktualne\/#\/schema\/person\/9c2fb7d2362ebf6fa088960d7f0d27b0","name":"Filip","image":{"@type":"ImageObject","inLanguage":"pl-PL","@id":"https:\/\/www.pogotowieflagowe.pl\/aktualne\/#\/schema\/person\/image\/","url":"https:\/\/www.pogotowieflagowe.pl\/aktualne\/wp-content\/uploads\/2024\/08\/pogotowieflagowe.pl_.jpg","contentUrl":"https:\/\/www.pogotowieflagowe.pl\/aktualne\/wp-content\/uploads\/2024\/08\/pogotowieflagowe.pl_.jpg","caption":"Filip"},"description":"Jestem Filip, polski dziennikarz z dyplomem nauk politycznych Uniwersytetu Warszawskiego. Rozpoczynaj\u0105c swoj\u0105 karier\u0119 w r\u00f3\u017cnych lokalnych mediach, zdoby\u0142em solidne do\u015bwiadczenie w zakresie \u015bledztwa i redakcji. Obecnie jako redaktor w Pogotowie flagowe, staram si\u0119 dostarcza\u0107 dog\u0142\u0119bne i istotne analizy na temat najwa\u017cniejszych kwestii aktualno\u015bci, \u0142\u0105cz\u0105c rygor z pasj\u0105 dziennikarsk\u0105.","sameAs":["https:\/\/www.pogotowieflagowe.pl\/"]}]}},"_links":{"self":[{"href":"https:\/\/www.pogotowieflagowe.pl\/aktualne\/wp-json\/wp\/v2\/posts\/4503","targetHints":{"allow":["GET"]}}],"collection":[{"href":"https:\/\/www.pogotowieflagowe.pl\/aktualne\/wp-json\/wp\/v2\/posts"}],"about":[{"href":"https:\/\/www.pogotowieflagowe.pl\/aktualne\/wp-json\/wp\/v2\/types\/post"}],"author":[{"embeddable":true,"href":"https:\/\/www.pogotowieflagowe.pl\/aktualne\/wp-json\/wp\/v2\/users\/1"}],"replies":[{"embeddable":true,"href":"https:\/\/www.pogotowieflagowe.pl\/aktualne\/wp-json\/wp\/v2\/comments?post=4503"}],"version-history":[{"count":1,"href":"https:\/\/www.pogotowieflagowe.pl\/aktualne\/wp-json\/wp\/v2\/posts\/4503\/revisions"}],"predecessor-version":[{"id":4505,"href":"https:\/\/www.pogotowieflagowe.pl\/aktualne\/wp-json\/wp\/v2\/posts\/4503\/revisions\/4505"}],"wp:featuredmedia":[{"embeddable":true,"href":"https:\/\/www.pogotowieflagowe.pl\/aktualne\/wp-json\/wp\/v2\/media\/4504"}],"wp:attachment":[{"href":"https:\/\/www.pogotowieflagowe.pl\/aktualne\/wp-json\/wp\/v2\/media?parent=4503"}],"wp:term":[{"taxonomy":"category","embeddable":true,"href":"https:\/\/www.pogotowieflagowe.pl\/aktualne\/wp-json\/wp\/v2\/categories?post=4503"},{"taxonomy":"post_tag","embeddable":true,"href":"https:\/\/www.pogotowieflagowe.pl\/aktualne\/wp-json\/wp\/v2\/tags?post=4503"}],"curies":[{"name":"wp","href":"https:\/\/api.w.org\/{rel}","templated":true}]}}