{"id":4509,"date":"2025-03-10T21:49:08","date_gmt":"2025-03-10T20:49:08","guid":{"rendered":"https:\/\/www.pogotowieflagowe.pl\/aktualne\/napiecia-eskaluja-na-granicy-z-bialorusi-wojna-hybrydowa-nasila-sie-poniewaz-rzad-nie-reaguje-odpowiednio\/"},"modified":"2025-03-10T21:49:09","modified_gmt":"2025-03-10T20:49:09","slug":"napiecia-eskaluja-na-granicy-z-bialorusi-wojna-hybrydowa-nasila-sie-poniewaz-rzad-nie-reaguje-odpowiednio","status":"publish","type":"post","link":"https:\/\/www.pogotowieflagowe.pl\/aktualne\/napiecia-eskaluja-na-granicy-z-bialorusi-wojna-hybrydowa-nasila-sie-poniewaz-rzad-nie-reaguje-odpowiednio\/","title":{"rendered":"Napi\u0119cia eskaluj\u0105 na granicy z Bia\u0142orusi: \u201eWojna hybrydowa nasila si\u0119, poniewa\u017c rz\u0105d nie reaguje odpowiednio\u201d"},"content":{"rendered":"\n<div class=\"td_block_wrap tdb_single_content tdi_41 td-pb-border-top td_block_template_8 td-post-content tagdiv-type\" data-td-block-uid=\"tdi_41\">\n<style>.tdi_41 {margin-top: 0px! Wa\u017cne; margines-bottom: 0px! WA\u017bNY; PALDING-TOP: 0PX! WA\u017bNY; PALDING-BOTTOM: 0PX! WA\u017bNE}<\/style>\n<style>.tdb_single_content {margin-bottom: 0;*zoom: 1} .tdb_single_content: wcze\u015bniej, .tdb_single_content: po {display: Table; content: ''; line-height: 0} .TDB-BLOCK-INner>*: nie (.WP-BLOCK-QUOTE): not (.alignSwide): not (.Alignfull.wp-block-cover.has-parallax): not (.td-a-ad) {margin-left: auto; margin-right: auto} .tdb_single_ConTent a {wska\u017anik-events: auto} .tdb_single_content .td-spot-id-top_ad .tdc-placeholder-title: przed {content: \u201eArtyku\u0142 top ad\u201d! Wa\u017cne} .tdb_single_content .td-Spot-Id-inline_ad0 .tdc-placeholder-title 1 '! Wa\u017cne} .tdb_single_content .td-Spot-Id-inline_Ad1 .tdc-Placeholder-Title: przed {content: \u201eArtyku\u0142 inline AD 2'! Wa\u017cny} .tdb_single_content. 3 '! Wa\u017cne} .tdb_single_content .td-Spot-Id-Bottom_Ad .tdc-Placeholder-Title: przed {content: \u201eArtyku\u0142 Bottom Ad\u201d! Wa\u017cne} .tdb_single_content .id_top_ad, .tdb_single_content_content .id_bottom_ad {clear: oba; margin-bottom: 21px; text-align: Center} .tdb_single_content .id_top_ad img, .tdb_single_content .id_bottom_ad img {margin-bottom: 0} .tdb_single_conTent .id_top_ad .adsbyGoogle, .tdb_single_content .id_bottom_ad .adsbyGoogle {pozycja: relatyw} .tdb_single_content .id_ad_content-horiz-left, .tdb_single_content .id_ad_content-horiz-right, .tdb_single_content .id_ad_content-horiz-Center {margin-bottom: 15px} .tdb_single_content .id_ad_content-horiz-left Img, .tdb_single_content .id_ad_content-horiz-right img, .tdb_single_content .id_ad_content-horiz-centerter img {margin-bottom: 0} .tdb_single_content .id_ad_content-horiz-center {text-align: Center} .tdb_single_content .id_ad_content-horiz-center img {margin-right: auto; margin-let: auto} .tdb_single_content-center IMG { .id_ad_content-horiz-left {float: left; margin-top: 9px; margin-right: 21px} .tdb_single_content .id_ad_content-horiz-right {float: margin-top: 6px; margin-left: 21px} .tdb_single_content .tdc-a-a-ad .TDC-Placeholder-Title {szeroko\u015b\u0107: 300px; height: 250px} .tdb_single_content .tdc-a-ad .TDC-Placeholder-Title: Przed {Pozycja: Absolute; TOP: 50%;-WebKit-Transform: Translatey (-50%); Transform: Translatey (-50%); margines: auto; Display: Tabela; szeroko\u015b\u0107: 100%}. tdb_single_content .TDB-BLOCK-INNER.TD-FIX-INDEX {Word-Break: Break-word} .tdi_41, .tdi_41> p, .tdi_41 .tdb-block-inner> p, .Wp-Block-Column> p {font-size: 16px! Wa\u017cne; wa\u017cny; p {font-styl: normalne! Wa\u017cne} @media (Max-Width: 767px) {. tdb_single_content .id_ad_content-horiz-left, .tdb_single_content .id_ad_content-horiz-right, .tdb_single_content .id_ad_content-horiz-centter {Margin: 0 AUTO 26PXX auto}}@media (Max-Width: 767px) {. tdb_single_content .id_ad_content-horiz-left {margin-right: 0}}@media (max-width: 767px) {. (Max-Width: 767px) {. tdb_single_content .td-a-ad {float: none; text-align: Center} .tdb_single_content .td-a-ad img {margin-right: auto; margin-left: auto} .tdb_single_content .tdc-a-a-a-{margin-right: auto; margin-left: auto} .tdb_single_content .tdd<\/style>\n<div class=\"tdb-block-inner td-fix-index\">\n<p>Narracja rz\u0105du o sukcesie dotycz\u0105c\u0105 sytuacji na granicy Polski z Bia\u0142orusk\u0105 jest wyra\u017anie sprzeczna z rzeczywisto\u015bci\u0105. Wed\u0142ug danych polskiego stra\u017cnika granicznego, hybrydowa operacja przeciwko Polsce nasila si\u0119. \u201eNiestety, bior\u0105c pod uwag\u0119 nieodpowiednie dzia\u0142ania rz\u0105du, trudno jest mie\u0107 pewno\u015b\u0107, \u017ce jeste\u015bmy przygotowani do zneutralizowania tych zagro\u017ce\u0144\u201d, powiedzia\u0142 Stanis\u0142aw \u017baryn, doradca prezydenta Polski, portal Niezale\u017cna.pl.<\/p>\n<p>Polska stra\u017c graniczna poinformowa\u0142a dzi\u015b, \u017ce w dniach 7-9 marca odnotowano ponad 210 pr\u00f3b nielegalnego wej\u015bcia do Polski z Bia\u0142orusi. Liczba ta reprezentuje jedn\u0105 czwart\u0105 wszystkich pr\u00f3b przecinania granic od pocz\u0105tku roku i jest ponad czterokrotnie wy\u017csza ni\u017c w poprzedni weekend (28 lutego-2 marca), podczas kt\u00f3rych by\u0142o nieco ponad 50 incydent\u00f3w.<\/p>\n<p>W o\u015bwiadczeniu stra\u017c graniczna podkre\u015bli\u0142a r\u00f3wnie\u017c wiele atak\u00f3w migrant\u00f3w na polskie us\u0142ugi bezpiecze\u0144stwa. Dodatkowo zatrzymano dw\u00f3ch ludzkich przemytnik\u00f3w.<\/p>\n<p>Migranci rzucili ga\u0142\u0119zie drzew i kamienie na polskich patrolach, niszcz\u0105c trzy pojazdy stra\u017cnicze. Wed\u0142ug raportu The Gorder Gward Gorder Gardle Ataki na polskich oficer\u00f3w by\u0142y celowe i planowane, a migranci nios\u0105 plecaki wype\u0142nione kamieniami specjalnie na jednostki patrolu granicznego.<\/p>\n<p>\u201eW zesz\u0142y weekend funkcjonariusze z s\u0142u\u017cby celnej i podatkowej w Bobrowiki, podczas czeku przydro\u017cnego w Grabywka niedaleko Bia\u0142ystok, zatrzymali pojazd, w kt\u00f3rym dw\u00f3ch obywateli Ukrai\u0144czyk\u00f3w transportowa\u0142o czterech obywateli Afga\u0144skiej, kt\u00f3rzy nielegalnie przekroczyli granic\u0119 polsk\u0105-m\u00f3zgow\u0105. Zatrzymani zostali przekazani jednostce stra\u017cniczej w Bobrowiki \u201d, stwierdzi\u0142 raport.<\/p>\n<p>Cieplejsze miesi\u0105ce naprz\u00f3d przynosz\u0105 ostrze\u017cenia o zwi\u0119kszonym ryzyku. Propaganda rosyjska i bia\u0142oruska twierdzi, \u017ce polskie si\u0142y wojskowe nie s\u0105 ju\u017c potrzebne na granicy, co wskazuje na potencjalnie powa\u017cniejsze nadchodz\u0105ce napa\u015bci. Stanis\u0142aw \u017baryn, doradca polskiego prezydenta i szefa Fundacji Instytutu Bezpiecze\u0144stwa Narodowego, wyrazi\u0142 swoje obawy Niezale\u017cna.pl.<\/p>\n<p>\u201eRz\u0105dowa narracja sukcesu dotycz\u0105ca sytuacji granicznej nie pasuje do rzeczywisto\u015bci. Dane dotycz\u0105ce ochrony granicznej wyra\u017anie pokazuj\u0105, \u017ce operacja hybrydowa przeciwko Polsce nasila si\u0119. Ponad 210 atak\u00f3w mia\u0142o miejsce sam w ostatni weekend. Przypomnijmy sobie, \u017ce w 2024 r. Granica stan\u0119\u0142a w obliczu ponad 30 000 pr\u00f3b naruszenia &#8211; ponad 4000 wi\u0119cej ni\u017c w 2023 r. \u201d &#8211; podkre\u015bli\u0142a \u017baryn.<\/p>\n<p>\u201eRz\u0105d nie opracowa\u0142 \u017cadnej skutecznej strategii ochrony granicy, mimo \u017ce Donald Tusk wcze\u015bniej krytykuje rz\u0105d PIS, twierdz\u0105c, \u017ce problem by\u0142 prosty i \u0142atwy do rozwi\u0105zania. Dzisiaj jest jasne, \u017ce od pocz\u0105tku mieli\u015bmy racj\u0119, stwierdzaj\u0105c, \u017ce stajemy w obliczu operacji zorganizowanej przez rosyjskie i bia\u0142oruskie us\u0142ugi specjalne &#8211; doda\u0142.<\/p>\n<p>\u201eTa operacja b\u0119dzie trwa\u0142a tak d\u0142ugo, jak przynosi korzy\u015bci Rosji\u201d &#8211; podsumowa\u0142a \u017baryn. \u201ePowinni\u015bmy oczekiwa\u0107, \u017ce te ataki b\u0119d\u0105 si\u0119 bardziej nasila\u0107. Niestety, bior\u0105c pod uwag\u0119 nieodpowiednie podej\u015bcie rz\u0105du, pozostaje niepewne, czy b\u0119dziemy gotowi skutecznie przeciwdzia\u0142a\u0107 tym zagro\u017ceniom \u201d.<\/p>\n<\/div>\n<\/div>\n","protected":false},"excerpt":{"rendered":"<p>Narracja rz\u0105du o sukcesie dotycz\u0105c\u0105 sytuacji na granicy Polski z Bia\u0142orusk\u0105 jest wyra\u017anie sprzeczna z rzeczywisto\u015bci\u0105. Wed\u0142ug danych polskiego stra\u017cnika<\/p>\n","protected":false},"author":1,"featured_media":4510,"comment_status":"closed","ping_status":"","sticky":false,"template":"","format":"standard","meta":{"footnotes":""},"categories":[4748],"tags":[3215,6171,1137,6172,310,6173,450,6174,5179,5601,1554,150,4795],"class_list":["post-4509","post","type-post","status-publish","format-standard","has-post-thumbnail","hentry","category-aktualne","tag-bialorusi","tag-eskaluja","tag-granicy","tag-hybrydowa","tag-napiecia","tag-nasila","tag-nie","tag-odpowiednio","tag-poniewaz","tag-reaguje","tag-rzad","tag-sie","tag-wojna","generate-columns","tablet-grid-50","mobile-grid-100","grid-parent","grid-50","resize-featured-image"],"yoast_head":"<!-- This site is optimized with the Yoast SEO plugin v23.2 - https:\/\/yoast.com\/wordpress\/plugins\/seo\/ -->\n<title>Napi\u0119cia eskaluj\u0105 na granicy z Bia\u0142orusi: \u201eWojna hybrydowa nasila si\u0119, poniewa\u017c rz\u0105d nie reaguje odpowiednio\u201d - POGOTOWIE FLAGOWE\u00ae<\/title>\n<meta name=\"robots\" content=\"index, follow, max-snippet:-1, max-image-preview:large, max-video-preview:-1\" \/>\n<link rel=\"canonical\" href=\"https:\/\/www.pogotowieflagowe.pl\/aktualne\/napiecia-eskaluja-na-granicy-z-bialorusi-wojna-hybrydowa-nasila-sie-poniewaz-rzad-nie-reaguje-odpowiednio\/\" \/>\n<meta property=\"og:locale\" content=\"pl_PL\" \/>\n<meta property=\"og:type\" content=\"article\" \/>\n<meta property=\"og:title\" content=\"Napi\u0119cia eskaluj\u0105 na granicy z Bia\u0142orusi: \u201eWojna hybrydowa nasila si\u0119, poniewa\u017c rz\u0105d nie reaguje odpowiednio\u201d - POGOTOWIE FLAGOWE\u00ae\" \/>\n<meta property=\"og:description\" content=\"Narracja rz\u0105du o sukcesie dotycz\u0105c\u0105 sytuacji na granicy Polski z Bia\u0142orusk\u0105 jest wyra\u017anie sprzeczna z rzeczywisto\u015bci\u0105. Wed\u0142ug danych polskiego stra\u017cnika\" \/>\n<meta property=\"og:url\" content=\"https:\/\/www.pogotowieflagowe.pl\/aktualne\/napiecia-eskaluja-na-granicy-z-bialorusi-wojna-hybrydowa-nasila-sie-poniewaz-rzad-nie-reaguje-odpowiednio\/\" \/>\n<meta property=\"og:site_name\" content=\"POGOTOWIE FLAGOWE\u00ae\" \/>\n<meta property=\"article:published_time\" content=\"2025-03-10T20:49:08+00:00\" \/>\n<meta property=\"article:modified_time\" content=\"2025-03-10T20:49:09+00:00\" \/>\n<meta property=\"og:image\" content=\"https:\/\/www.pogotowieflagowe.pl\/aktualne\/wp-content\/uploads\/2025\/03\/Napiecia-eskaluja-na-granicy-z-Bialorusi-\u201eWojna-hybrydowa-nasila-sie.jpg\" \/>\n\t<meta property=\"og:image:width\" content=\"728\" \/>\n\t<meta property=\"og:image:height\" content=\"414\" \/>\n\t<meta property=\"og:image:type\" content=\"image\/jpeg\" \/>\n<meta name=\"author\" content=\"Filip\" \/>\n<meta name=\"twitter:card\" content=\"summary_large_image\" \/>\n<meta name=\"twitter:label1\" content=\"Napisane przez\" \/>\n\t<meta name=\"twitter:data1\" content=\"Filip\" \/>\n\t<meta name=\"twitter:label2\" content=\"Szacowany czas czytania\" \/>\n\t<meta name=\"twitter:data2\" content=\"2 minuty\" \/>\n<script type=\"application\/ld+json\" class=\"yoast-schema-graph\">{\"@context\":\"https:\/\/schema.org\",\"@graph\":[{\"@type\":\"Article\",\"@id\":\"https:\/\/www.pogotowieflagowe.pl\/aktualne\/napiecia-eskaluja-na-granicy-z-bialorusi-wojna-hybrydowa-nasila-sie-poniewaz-rzad-nie-reaguje-odpowiednio\/#article\",\"isPartOf\":{\"@id\":\"https:\/\/www.pogotowieflagowe.pl\/aktualne\/napiecia-eskaluja-na-granicy-z-bialorusi-wojna-hybrydowa-nasila-sie-poniewaz-rzad-nie-reaguje-odpowiednio\/\"},\"author\":{\"name\":\"Filip\",\"@id\":\"https:\/\/www.pogotowieflagowe.pl\/aktualne\/#\/schema\/person\/9c2fb7d2362ebf6fa088960d7f0d27b0\"},\"headline\":\"Napi\u0119cia eskaluj\u0105 na granicy z Bia\u0142orusi: \u201eWojna hybrydowa nasila si\u0119, poniewa\u017c rz\u0105d nie reaguje odpowiednio\u201d\",\"datePublished\":\"2025-03-10T20:49:08+00:00\",\"dateModified\":\"2025-03-10T20:49:09+00:00\",\"mainEntityOfPage\":{\"@id\":\"https:\/\/www.pogotowieflagowe.pl\/aktualne\/napiecia-eskaluja-na-granicy-z-bialorusi-wojna-hybrydowa-nasila-sie-poniewaz-rzad-nie-reaguje-odpowiednio\/\"},\"wordCount\":507,\"publisher\":{\"@id\":\"https:\/\/www.pogotowieflagowe.pl\/aktualne\/#organization\"},\"image\":{\"@id\":\"https:\/\/www.pogotowieflagowe.pl\/aktualne\/napiecia-eskaluja-na-granicy-z-bialorusi-wojna-hybrydowa-nasila-sie-poniewaz-rzad-nie-reaguje-odpowiednio\/#primaryimage\"},\"thumbnailUrl\":\"https:\/\/www.pogotowieflagowe.pl\/aktualne\/wp-content\/uploads\/2025\/03\/Napiecia-eskaluja-na-granicy-z-Bialorusi-\u201eWojna-hybrydowa-nasila-sie.jpg\",\"keywords\":[\"Bia\u0142orusi\",\"eskaluj\u0105\",\"granicy\",\"hybrydowa\",\"Napi\u0119cia\",\"nasila\",\"Nie\",\"odpowiednio\",\"poniewa\u017c\",\"reaguje\",\"Rz\u0105d\",\"si\u0119\",\"wojna\"],\"articleSection\":[\"Aktualne\"],\"inLanguage\":\"pl-PL\"},{\"@type\":\"WebPage\",\"@id\":\"https:\/\/www.pogotowieflagowe.pl\/aktualne\/napiecia-eskaluja-na-granicy-z-bialorusi-wojna-hybrydowa-nasila-sie-poniewaz-rzad-nie-reaguje-odpowiednio\/\",\"url\":\"https:\/\/www.pogotowieflagowe.pl\/aktualne\/napiecia-eskaluja-na-granicy-z-bialorusi-wojna-hybrydowa-nasila-sie-poniewaz-rzad-nie-reaguje-odpowiednio\/\",\"name\":\"Napi\u0119cia eskaluj\u0105 na granicy z Bia\u0142orusi: \u201eWojna hybrydowa nasila si\u0119, poniewa\u017c rz\u0105d nie reaguje odpowiednio\u201d - POGOTOWIE FLAGOWE\u00ae\",\"isPartOf\":{\"@id\":\"https:\/\/www.pogotowieflagowe.pl\/aktualne\/#website\"},\"primaryImageOfPage\":{\"@id\":\"https:\/\/www.pogotowieflagowe.pl\/aktualne\/napiecia-eskaluja-na-granicy-z-bialorusi-wojna-hybrydowa-nasila-sie-poniewaz-rzad-nie-reaguje-odpowiednio\/#primaryimage\"},\"image\":{\"@id\":\"https:\/\/www.pogotowieflagowe.pl\/aktualne\/napiecia-eskaluja-na-granicy-z-bialorusi-wojna-hybrydowa-nasila-sie-poniewaz-rzad-nie-reaguje-odpowiednio\/#primaryimage\"},\"thumbnailUrl\":\"https:\/\/www.pogotowieflagowe.pl\/aktualne\/wp-content\/uploads\/2025\/03\/Napiecia-eskaluja-na-granicy-z-Bialorusi-\u201eWojna-hybrydowa-nasila-sie.jpg\",\"datePublished\":\"2025-03-10T20:49:08+00:00\",\"dateModified\":\"2025-03-10T20:49:09+00:00\",\"breadcrumb\":{\"@id\":\"https:\/\/www.pogotowieflagowe.pl\/aktualne\/napiecia-eskaluja-na-granicy-z-bialorusi-wojna-hybrydowa-nasila-sie-poniewaz-rzad-nie-reaguje-odpowiednio\/#breadcrumb\"},\"inLanguage\":\"pl-PL\",\"potentialAction\":[{\"@type\":\"ReadAction\",\"target\":[\"https:\/\/www.pogotowieflagowe.pl\/aktualne\/napiecia-eskaluja-na-granicy-z-bialorusi-wojna-hybrydowa-nasila-sie-poniewaz-rzad-nie-reaguje-odpowiednio\/\"]}]},{\"@type\":\"ImageObject\",\"inLanguage\":\"pl-PL\",\"@id\":\"https:\/\/www.pogotowieflagowe.pl\/aktualne\/napiecia-eskaluja-na-granicy-z-bialorusi-wojna-hybrydowa-nasila-sie-poniewaz-rzad-nie-reaguje-odpowiednio\/#primaryimage\",\"url\":\"https:\/\/www.pogotowieflagowe.pl\/aktualne\/wp-content\/uploads\/2025\/03\/Napiecia-eskaluja-na-granicy-z-Bialorusi-\u201eWojna-hybrydowa-nasila-sie.jpg\",\"contentUrl\":\"https:\/\/www.pogotowieflagowe.pl\/aktualne\/wp-content\/uploads\/2025\/03\/Napiecia-eskaluja-na-granicy-z-Bialorusi-\u201eWojna-hybrydowa-nasila-sie.jpg\",\"width\":728,\"height\":414,\"caption\":\"Napi\u0119cia eskaluj\u0105 na granicy z Bia\u0142orusi: \u201eWojna hybrydowa nasila si\u0119, poniewa\u017c rz\u0105d nie reaguje odpowiednio\u201d\"},{\"@type\":\"BreadcrumbList\",\"@id\":\"https:\/\/www.pogotowieflagowe.pl\/aktualne\/napiecia-eskaluja-na-granicy-z-bialorusi-wojna-hybrydowa-nasila-sie-poniewaz-rzad-nie-reaguje-odpowiednio\/#breadcrumb\",\"itemListElement\":[{\"@type\":\"ListItem\",\"position\":1,\"name\":\"Home\",\"item\":\"https:\/\/www.pogotowieflagowe.pl\/aktualne\/\"},{\"@type\":\"ListItem\",\"position\":2,\"name\":\"Napi\u0119cia eskaluj\u0105 na granicy z Bia\u0142orusi: \u201eWojna hybrydowa nasila si\u0119, poniewa\u017c rz\u0105d nie reaguje odpowiednio\u201d\"}]},{\"@type\":\"WebSite\",\"@id\":\"https:\/\/www.pogotowieflagowe.pl\/aktualne\/#website\",\"url\":\"https:\/\/www.pogotowieflagowe.pl\/aktualne\/\",\"name\":\"POGOTOWIE FLAGOWE\u00ae\",\"description\":\"\",\"publisher\":{\"@id\":\"https:\/\/www.pogotowieflagowe.pl\/aktualne\/#organization\"},\"potentialAction\":[{\"@type\":\"SearchAction\",\"target\":{\"@type\":\"EntryPoint\",\"urlTemplate\":\"https:\/\/www.pogotowieflagowe.pl\/aktualne\/?s={search_term_string}\"},\"query-input\":\"required name=search_term_string\"}],\"inLanguage\":\"pl-PL\"},{\"@type\":\"Organization\",\"@id\":\"https:\/\/www.pogotowieflagowe.pl\/aktualne\/#organization\",\"name\":\"POGOTOWIE FLAGOWE\u00ae\",\"url\":\"https:\/\/www.pogotowieflagowe.pl\/aktualne\/\",\"logo\":{\"@type\":\"ImageObject\",\"inLanguage\":\"pl-PL\",\"@id\":\"https:\/\/www.pogotowieflagowe.pl\/aktualne\/#\/schema\/logo\/image\/\",\"url\":\"https:\/\/www.pogotowieflagowe.pl\/aktualne\/wp-content\/uploads\/2024\/08\/cropped-pogotowieflagowe_flaga_projekt_sm.jpg\",\"contentUrl\":\"https:\/\/www.pogotowieflagowe.pl\/aktualne\/wp-content\/uploads\/2024\/08\/cropped-pogotowieflagowe_flaga_projekt_sm.jpg\",\"width\":250,\"height\":143,\"caption\":\"POGOTOWIE FLAGOWE\u00ae\"},\"image\":{\"@id\":\"https:\/\/www.pogotowieflagowe.pl\/aktualne\/#\/schema\/logo\/image\/\"}},{\"@type\":\"Person\",\"@id\":\"https:\/\/www.pogotowieflagowe.pl\/aktualne\/#\/schema\/person\/9c2fb7d2362ebf6fa088960d7f0d27b0\",\"name\":\"Filip\",\"image\":{\"@type\":\"ImageObject\",\"inLanguage\":\"pl-PL\",\"@id\":\"https:\/\/www.pogotowieflagowe.pl\/aktualne\/#\/schema\/person\/image\/\",\"url\":\"https:\/\/www.pogotowieflagowe.pl\/aktualne\/wp-content\/uploads\/2024\/08\/pogotowieflagowe.pl_.jpg\",\"contentUrl\":\"https:\/\/www.pogotowieflagowe.pl\/aktualne\/wp-content\/uploads\/2024\/08\/pogotowieflagowe.pl_.jpg\",\"caption\":\"Filip\"},\"description\":\"Jestem Filip, polski dziennikarz z dyplomem nauk politycznych Uniwersytetu Warszawskiego. Rozpoczynaj\u0105c swoj\u0105 karier\u0119 w r\u00f3\u017cnych lokalnych mediach, zdoby\u0142em solidne do\u015bwiadczenie w zakresie \u015bledztwa i redakcji. Obecnie jako redaktor w Pogotowie flagowe, staram si\u0119 dostarcza\u0107 dog\u0142\u0119bne i istotne analizy na temat najwa\u017cniejszych kwestii aktualno\u015bci, \u0142\u0105cz\u0105c rygor z pasj\u0105 dziennikarsk\u0105.\",\"sameAs\":[\"https:\/\/www.pogotowieflagowe.pl\/\"]}]}<\/script>\n<!-- \/ Yoast SEO plugin. -->","yoast_head_json":{"title":"Napi\u0119cia eskaluj\u0105 na granicy z Bia\u0142orusi: \u201eWojna hybrydowa nasila si\u0119, poniewa\u017c rz\u0105d nie reaguje odpowiednio\u201d - POGOTOWIE FLAGOWE\u00ae","robots":{"index":"index","follow":"follow","max-snippet":"max-snippet:-1","max-image-preview":"max-image-preview:large","max-video-preview":"max-video-preview:-1"},"canonical":"https:\/\/www.pogotowieflagowe.pl\/aktualne\/napiecia-eskaluja-na-granicy-z-bialorusi-wojna-hybrydowa-nasila-sie-poniewaz-rzad-nie-reaguje-odpowiednio\/","og_locale":"pl_PL","og_type":"article","og_title":"Napi\u0119cia eskaluj\u0105 na granicy z Bia\u0142orusi: \u201eWojna hybrydowa nasila si\u0119, poniewa\u017c rz\u0105d nie reaguje odpowiednio\u201d - POGOTOWIE FLAGOWE\u00ae","og_description":"Narracja rz\u0105du o sukcesie dotycz\u0105c\u0105 sytuacji na granicy Polski z Bia\u0142orusk\u0105 jest wyra\u017anie sprzeczna z rzeczywisto\u015bci\u0105. Wed\u0142ug danych polskiego stra\u017cnika","og_url":"https:\/\/www.pogotowieflagowe.pl\/aktualne\/napiecia-eskaluja-na-granicy-z-bialorusi-wojna-hybrydowa-nasila-sie-poniewaz-rzad-nie-reaguje-odpowiednio\/","og_site_name":"POGOTOWIE FLAGOWE\u00ae","article_published_time":"2025-03-10T20:49:08+00:00","article_modified_time":"2025-03-10T20:49:09+00:00","og_image":[{"width":728,"height":414,"url":"https:\/\/www.pogotowieflagowe.pl\/aktualne\/wp-content\/uploads\/2025\/03\/Napiecia-eskaluja-na-granicy-z-Bialorusi-\u201eWojna-hybrydowa-nasila-sie.jpg","type":"image\/jpeg"}],"author":"Filip","twitter_card":"summary_large_image","twitter_misc":{"Napisane przez":"Filip","Szacowany czas czytania":"2 minuty"},"schema":{"@context":"https:\/\/schema.org","@graph":[{"@type":"Article","@id":"https:\/\/www.pogotowieflagowe.pl\/aktualne\/napiecia-eskaluja-na-granicy-z-bialorusi-wojna-hybrydowa-nasila-sie-poniewaz-rzad-nie-reaguje-odpowiednio\/#article","isPartOf":{"@id":"https:\/\/www.pogotowieflagowe.pl\/aktualne\/napiecia-eskaluja-na-granicy-z-bialorusi-wojna-hybrydowa-nasila-sie-poniewaz-rzad-nie-reaguje-odpowiednio\/"},"author":{"name":"Filip","@id":"https:\/\/www.pogotowieflagowe.pl\/aktualne\/#\/schema\/person\/9c2fb7d2362ebf6fa088960d7f0d27b0"},"headline":"Napi\u0119cia eskaluj\u0105 na granicy z Bia\u0142orusi: \u201eWojna hybrydowa nasila si\u0119, poniewa\u017c rz\u0105d nie reaguje odpowiednio\u201d","datePublished":"2025-03-10T20:49:08+00:00","dateModified":"2025-03-10T20:49:09+00:00","mainEntityOfPage":{"@id":"https:\/\/www.pogotowieflagowe.pl\/aktualne\/napiecia-eskaluja-na-granicy-z-bialorusi-wojna-hybrydowa-nasila-sie-poniewaz-rzad-nie-reaguje-odpowiednio\/"},"wordCount":507,"publisher":{"@id":"https:\/\/www.pogotowieflagowe.pl\/aktualne\/#organization"},"image":{"@id":"https:\/\/www.pogotowieflagowe.pl\/aktualne\/napiecia-eskaluja-na-granicy-z-bialorusi-wojna-hybrydowa-nasila-sie-poniewaz-rzad-nie-reaguje-odpowiednio\/#primaryimage"},"thumbnailUrl":"https:\/\/www.pogotowieflagowe.pl\/aktualne\/wp-content\/uploads\/2025\/03\/Napiecia-eskaluja-na-granicy-z-Bialorusi-\u201eWojna-hybrydowa-nasila-sie.jpg","keywords":["Bia\u0142orusi","eskaluj\u0105","granicy","hybrydowa","Napi\u0119cia","nasila","Nie","odpowiednio","poniewa\u017c","reaguje","Rz\u0105d","si\u0119","wojna"],"articleSection":["Aktualne"],"inLanguage":"pl-PL"},{"@type":"WebPage","@id":"https:\/\/www.pogotowieflagowe.pl\/aktualne\/napiecia-eskaluja-na-granicy-z-bialorusi-wojna-hybrydowa-nasila-sie-poniewaz-rzad-nie-reaguje-odpowiednio\/","url":"https:\/\/www.pogotowieflagowe.pl\/aktualne\/napiecia-eskaluja-na-granicy-z-bialorusi-wojna-hybrydowa-nasila-sie-poniewaz-rzad-nie-reaguje-odpowiednio\/","name":"Napi\u0119cia eskaluj\u0105 na granicy z Bia\u0142orusi: \u201eWojna hybrydowa nasila si\u0119, poniewa\u017c rz\u0105d nie reaguje odpowiednio\u201d - POGOTOWIE FLAGOWE\u00ae","isPartOf":{"@id":"https:\/\/www.pogotowieflagowe.pl\/aktualne\/#website"},"primaryImageOfPage":{"@id":"https:\/\/www.pogotowieflagowe.pl\/aktualne\/napiecia-eskaluja-na-granicy-z-bialorusi-wojna-hybrydowa-nasila-sie-poniewaz-rzad-nie-reaguje-odpowiednio\/#primaryimage"},"image":{"@id":"https:\/\/www.pogotowieflagowe.pl\/aktualne\/napiecia-eskaluja-na-granicy-z-bialorusi-wojna-hybrydowa-nasila-sie-poniewaz-rzad-nie-reaguje-odpowiednio\/#primaryimage"},"thumbnailUrl":"https:\/\/www.pogotowieflagowe.pl\/aktualne\/wp-content\/uploads\/2025\/03\/Napiecia-eskaluja-na-granicy-z-Bialorusi-\u201eWojna-hybrydowa-nasila-sie.jpg","datePublished":"2025-03-10T20:49:08+00:00","dateModified":"2025-03-10T20:49:09+00:00","breadcrumb":{"@id":"https:\/\/www.pogotowieflagowe.pl\/aktualne\/napiecia-eskaluja-na-granicy-z-bialorusi-wojna-hybrydowa-nasila-sie-poniewaz-rzad-nie-reaguje-odpowiednio\/#breadcrumb"},"inLanguage":"pl-PL","potentialAction":[{"@type":"ReadAction","target":["https:\/\/www.pogotowieflagowe.pl\/aktualne\/napiecia-eskaluja-na-granicy-z-bialorusi-wojna-hybrydowa-nasila-sie-poniewaz-rzad-nie-reaguje-odpowiednio\/"]}]},{"@type":"ImageObject","inLanguage":"pl-PL","@id":"https:\/\/www.pogotowieflagowe.pl\/aktualne\/napiecia-eskaluja-na-granicy-z-bialorusi-wojna-hybrydowa-nasila-sie-poniewaz-rzad-nie-reaguje-odpowiednio\/#primaryimage","url":"https:\/\/www.pogotowieflagowe.pl\/aktualne\/wp-content\/uploads\/2025\/03\/Napiecia-eskaluja-na-granicy-z-Bialorusi-\u201eWojna-hybrydowa-nasila-sie.jpg","contentUrl":"https:\/\/www.pogotowieflagowe.pl\/aktualne\/wp-content\/uploads\/2025\/03\/Napiecia-eskaluja-na-granicy-z-Bialorusi-\u201eWojna-hybrydowa-nasila-sie.jpg","width":728,"height":414,"caption":"Napi\u0119cia eskaluj\u0105 na granicy z Bia\u0142orusi: \u201eWojna hybrydowa nasila si\u0119, poniewa\u017c rz\u0105d nie reaguje odpowiednio\u201d"},{"@type":"BreadcrumbList","@id":"https:\/\/www.pogotowieflagowe.pl\/aktualne\/napiecia-eskaluja-na-granicy-z-bialorusi-wojna-hybrydowa-nasila-sie-poniewaz-rzad-nie-reaguje-odpowiednio\/#breadcrumb","itemListElement":[{"@type":"ListItem","position":1,"name":"Home","item":"https:\/\/www.pogotowieflagowe.pl\/aktualne\/"},{"@type":"ListItem","position":2,"name":"Napi\u0119cia eskaluj\u0105 na granicy z Bia\u0142orusi: \u201eWojna hybrydowa nasila si\u0119, poniewa\u017c rz\u0105d nie reaguje odpowiednio\u201d"}]},{"@type":"WebSite","@id":"https:\/\/www.pogotowieflagowe.pl\/aktualne\/#website","url":"https:\/\/www.pogotowieflagowe.pl\/aktualne\/","name":"POGOTOWIE FLAGOWE\u00ae","description":"","publisher":{"@id":"https:\/\/www.pogotowieflagowe.pl\/aktualne\/#organization"},"potentialAction":[{"@type":"SearchAction","target":{"@type":"EntryPoint","urlTemplate":"https:\/\/www.pogotowieflagowe.pl\/aktualne\/?s={search_term_string}"},"query-input":"required name=search_term_string"}],"inLanguage":"pl-PL"},{"@type":"Organization","@id":"https:\/\/www.pogotowieflagowe.pl\/aktualne\/#organization","name":"POGOTOWIE FLAGOWE\u00ae","url":"https:\/\/www.pogotowieflagowe.pl\/aktualne\/","logo":{"@type":"ImageObject","inLanguage":"pl-PL","@id":"https:\/\/www.pogotowieflagowe.pl\/aktualne\/#\/schema\/logo\/image\/","url":"https:\/\/www.pogotowieflagowe.pl\/aktualne\/wp-content\/uploads\/2024\/08\/cropped-pogotowieflagowe_flaga_projekt_sm.jpg","contentUrl":"https:\/\/www.pogotowieflagowe.pl\/aktualne\/wp-content\/uploads\/2024\/08\/cropped-pogotowieflagowe_flaga_projekt_sm.jpg","width":250,"height":143,"caption":"POGOTOWIE FLAGOWE\u00ae"},"image":{"@id":"https:\/\/www.pogotowieflagowe.pl\/aktualne\/#\/schema\/logo\/image\/"}},{"@type":"Person","@id":"https:\/\/www.pogotowieflagowe.pl\/aktualne\/#\/schema\/person\/9c2fb7d2362ebf6fa088960d7f0d27b0","name":"Filip","image":{"@type":"ImageObject","inLanguage":"pl-PL","@id":"https:\/\/www.pogotowieflagowe.pl\/aktualne\/#\/schema\/person\/image\/","url":"https:\/\/www.pogotowieflagowe.pl\/aktualne\/wp-content\/uploads\/2024\/08\/pogotowieflagowe.pl_.jpg","contentUrl":"https:\/\/www.pogotowieflagowe.pl\/aktualne\/wp-content\/uploads\/2024\/08\/pogotowieflagowe.pl_.jpg","caption":"Filip"},"description":"Jestem Filip, polski dziennikarz z dyplomem nauk politycznych Uniwersytetu Warszawskiego. Rozpoczynaj\u0105c swoj\u0105 karier\u0119 w r\u00f3\u017cnych lokalnych mediach, zdoby\u0142em solidne do\u015bwiadczenie w zakresie \u015bledztwa i redakcji. Obecnie jako redaktor w Pogotowie flagowe, staram si\u0119 dostarcza\u0107 dog\u0142\u0119bne i istotne analizy na temat najwa\u017cniejszych kwestii aktualno\u015bci, \u0142\u0105cz\u0105c rygor z pasj\u0105 dziennikarsk\u0105.","sameAs":["https:\/\/www.pogotowieflagowe.pl\/"]}]}},"_links":{"self":[{"href":"https:\/\/www.pogotowieflagowe.pl\/aktualne\/wp-json\/wp\/v2\/posts\/4509","targetHints":{"allow":["GET"]}}],"collection":[{"href":"https:\/\/www.pogotowieflagowe.pl\/aktualne\/wp-json\/wp\/v2\/posts"}],"about":[{"href":"https:\/\/www.pogotowieflagowe.pl\/aktualne\/wp-json\/wp\/v2\/types\/post"}],"author":[{"embeddable":true,"href":"https:\/\/www.pogotowieflagowe.pl\/aktualne\/wp-json\/wp\/v2\/users\/1"}],"replies":[{"embeddable":true,"href":"https:\/\/www.pogotowieflagowe.pl\/aktualne\/wp-json\/wp\/v2\/comments?post=4509"}],"version-history":[{"count":1,"href":"https:\/\/www.pogotowieflagowe.pl\/aktualne\/wp-json\/wp\/v2\/posts\/4509\/revisions"}],"predecessor-version":[{"id":4511,"href":"https:\/\/www.pogotowieflagowe.pl\/aktualne\/wp-json\/wp\/v2\/posts\/4509\/revisions\/4511"}],"wp:featuredmedia":[{"embeddable":true,"href":"https:\/\/www.pogotowieflagowe.pl\/aktualne\/wp-json\/wp\/v2\/media\/4510"}],"wp:attachment":[{"href":"https:\/\/www.pogotowieflagowe.pl\/aktualne\/wp-json\/wp\/v2\/media?parent=4509"}],"wp:term":[{"taxonomy":"category","embeddable":true,"href":"https:\/\/www.pogotowieflagowe.pl\/aktualne\/wp-json\/wp\/v2\/categories?post=4509"},{"taxonomy":"post_tag","embeddable":true,"href":"https:\/\/www.pogotowieflagowe.pl\/aktualne\/wp-json\/wp\/v2\/tags?post=4509"}],"curies":[{"name":"wp","href":"https:\/\/api.w.org\/{rel}","templated":true}]}}