{"id":4516,"date":"2025-03-11T03:47:37","date_gmt":"2025-03-11T02:47:37","guid":{"rendered":"https:\/\/www.pogotowieflagowe.pl\/aktualne\/tvn24-wzywa-halowie-do-wycofania-sie-z-wyscigu-prezydenckiego\/"},"modified":"2025-03-11T03:47:38","modified_gmt":"2025-03-11T02:47:38","slug":"tvn24-wzywa-halowie-do-wycofania-sie-z-wyscigu-prezydenckiego","status":"publish","type":"post","link":"https:\/\/www.pogotowieflagowe.pl\/aktualne\/tvn24-wzywa-halowie-do-wycofania-sie-z-wyscigu-prezydenckiego\/","title":{"rendered":"TVN24 wzywa Ha\u0142owi\u0119 do wycofania si\u0119 z wy\u015bcigu prezydenckiego"},"content":{"rendered":"\n<div class=\"td_block_wrap tdb_single_content tdi_41 td-pb-border-top td_block_template_8 td-post-content tagdiv-type\" data-td-block-uid=\"tdi_41\">\n<style>.tdi_41 {margin-top: 0px! Wa\u017cne; margines-bottom: 0px! WA\u017bNY; PALDING-TOP: 0PX! WA\u017bNY; PALDING-BOTTOM: 0PX! WA\u017bNE}<\/style>\n<style>.tdb_single_content {margin-bottom: 0;*zoom: 1} .tdb_single_content: wcze\u015bniej, .tdb_single_content: po {display: Table; content: ''; line-height: 0} .TDB-BLOCK-INner>*: nie (.WP-BLOCK-QUOTE): not (.alignSwide): not (.Alignfull.wp-block-cover.has-parallax): not (.td-a-ad) {margin-left: auto; margin-right: auto} .tdb_single_ConTent a {wska\u017anik-events: auto} .tdb_single_content .td-spot-id-top_ad .tdc-placeholder-title: przed {content: \u201eArtyku\u0142 top ad\u201d! Wa\u017cne} .tdb_single_content .td-Spot-Id-inline_ad0 .tdc-placeholder-title 1 '! Wa\u017cne} .tdb_single_content .td-Spot-Id-inline_Ad1 .tdc-Placeholder-Title: przed {content: \u201eArtyku\u0142 inline AD 2'! Wa\u017cny} .tdb_single_content. 3 '! Wa\u017cne} .tdb_single_content .td-Spot-Id-Bottom_Ad .tdc-Placeholder-Title: przed {content: \u201eArtyku\u0142 Bottom Ad\u201d! Wa\u017cne} .tdb_single_content .id_top_ad, .tdb_single_content_content .id_bottom_ad {clear: oba; margin-bottom: 21px; text-align: Center} .tdb_single_content .id_top_ad img, .tdb_single_content .id_bottom_ad img {margin-bottom: 0} .tdb_single_conTent .id_top_ad .adsbyGoogle, .tdb_single_content .id_bottom_ad .adsbyGoogle {pozycja: relatyw} .tdb_single_content .id_ad_content-horiz-left, .tdb_single_content .id_ad_content-horiz-right, .tdb_single_content .id_ad_content-horiz-Center {margin-bottom: 15px} .tdb_single_content .id_ad_content-horiz-left Img, .tdb_single_content .id_ad_content-horiz-right img, .tdb_single_content .id_ad_content-horiz-centerter img {margin-bottom: 0} .tdb_single_content .id_ad_content-horiz-center {text-align: Center} .tdb_single_content .id_ad_content-horiz-center img {margin-right: auto; margin-let: auto} .tdb_single_content-center IMG { .id_ad_content-horiz-left {float: left; margin-top: 9px; margin-right: 21px} .tdb_single_content .id_ad_content-horiz-right {float: margin-top: 6px; margin-left: 21px} .tdb_single_content .tdc-a-a-ad .TDC-Placeholder-Title {szeroko\u015b\u0107: 300px; height: 250px} .tdb_single_content .tdc-a-ad .TDC-Placeholder-Title: Przed {Pozycja: Absolute; TOP: 50%;-WebKit-Transform: Translatey (-50%); Transform: Translatey (-50%); margines: auto; Display: Tabela; szeroko\u015b\u0107: 100%}. tdb_single_content .TDB-BLOCK-INNER.TD-FIX-INDEX {Word-Break: Break-word} .tdi_41, .tdi_41> p, .tdi_41 .tdb-block-inner> p, .Wp-Block-Column> p {font-size: 16px! Wa\u017cne; wa\u017cny; p {font-styl: normalne! Wa\u017cne} @media (Max-Width: 767px) {. tdb_single_content .id_ad_content-horiz-left, .tdb_single_content .id_ad_content-horiz-right, .tdb_single_content .id_ad_content-horiz-centter {Margin: 0 AUTO 26PXX auto}}@media (Max-Width: 767px) {. tdb_single_content .id_ad_content-horiz-left {margin-right: 0}}@media (max-width: 767px) {. (Max-Width: 767px) {. tdb_single_content .td-a-ad {float: none; text-align: Center} .tdb_single_content .td-a-ad img {margin-right: auto; margin-left: auto} .tdb_single_content .tdc-a-a-a-{margin-right: auto; margin-left: auto} .tdb_single_content .tdd<\/style>\n<div class=\"tdb-block-inner td-fix-index\">\n<p>Spadaj\u0105c w sonda\u017cach prezydenckich, Szymon Ha\u0142ownia sta\u0142 si\u0119 powa\u017cnym problemem dla koalicji z 13 grudnia. Obracaj\u0105cy si\u0119 m\u00f3wca parlamentu nie jest ju\u017c atutem obozu Tuska, ale raczej ci\u0119\u017carem, poniewa\u017c ryzykuje odpychanie kilku kluczowych punkt\u00f3w procentowych od Rafa\u0142 Trzaskowskiego w nadchodz\u0105cych wyborach prezydenckich. Z palcem na impuls polityczny TVN24 wezwa\u0142 zatem Ha\u0142owi\u0119 do ust\u0105pienia wy\u015bcigu.<\/p>\n<p>Najnowsza ankieta przeprowadzona przez pa\u0144stwo CBO jest daleka od zach\u0119cania do Ha\u0142owii. Wed\u0142ug ankiety Rafa\u0142 Trzaskowski prowadzi obecnie z 35%, a nast\u0119pnie Karol Nawrocki na 23%, a S\u0142awomir Mentzen na 21%. Tymczasem Ha\u0142ownia zdoby\u0142a tylko 5% wsparcia.<\/p>\n<p>Podczas programu TVN24 <em>W Kuluarach<\/em> (<em>Za kulisami<\/em>), dziennikarz Konrad Piasecki wskaza\u0142, \u017ce \u201ewysoko rankingowy polityk z trzeciej drogi\u201d podobno stwierdzi\u0142, \u017ce \u201eje\u015bli liczby sonda\u017cy Szymona Ha\u0142owii pozostan\u0105 takie, jakie s\u0105, trzecia droga powa\u017cnie rozwa\u017cy go wyci\u0105gni\u0119cie go z wy\u015bcigu\u201d. Piasecki podkre\u015bli\u0142, \u017ce partia stoi przed politycznym impasem.<\/p>\n<p>Wed\u0142ug Piaseckiego Ha\u0142ownia mo\u017ce rozwa\u017cy\u0107 \u201ehonorowe wyj\u015bcie\u201d, wycofuj\u0105c si\u0119 z rasy prezydenckiej i pozosta\u0142ym marsza\u0142ku parlamentu. By\u0142oby to jednak sprzeczne z porozumieniem koalicyjnym zawartym mi\u0119dzy koalicj\u0105 obywatelsk\u0105, trzeci\u0105 drog\u0105 i lewic\u0105, kt\u00f3ra zastanawia\u0142a si\u0119, \u017ce Ha\u0142ownia zostanie zast\u0105piona przez Wa\u0142zimierrza Czarzerz w po\u0142owie kadencji parlamentarnej. Ale, jak \u017cartowa\u0142 Piasecki: \u201eCzego nie zrobi\u0142oby si\u0119 ze wzgl\u0119du na demokracj\u0119?\u201d<\/p>\n<p>Ha\u0142ownia mo\u017ce mie\u0107 niewielki wyb\u00f3r w tej sprawie. Gdyby uciek\u0142 w wyborach prezydenckich i osi\u0105gnie tak \u017ale, jak sugeruj\u0105 sonda\u017ce, mo\u017ce to oznacza\u0107 koniec trzeciej drogi. Nie tylko nie wygra\u0142by prezydentury, ale mo\u017ce tak\u017ce nie by\u0107 niechciany w swojej obecnej roli m\u00f3wcy.<\/p>\n<p>Reporterka TVN24, Agata Adamek, powt\u00f3rzy\u0142a ten sentyment, sugeruj\u0105c, \u017ce katastrofalny wynik wybor\u00f3w dla Ha\u0142owii mo\u017ce doprowadzi\u0107 do za\u0142amania trzeciej drogi. \u201eJe\u015bli Szymon Ha\u0142ownia powa\u017cnie trafia w wyborach, partia prawdopodobnie si\u0119 rozpadnie\u201d &#8211; ostrzeg\u0142a.<\/p>\n<\/div>\n<\/div>\n","protected":false},"excerpt":{"rendered":"<p>Spadaj\u0105c w sonda\u017cach prezydenckich, Szymon Ha\u0142ownia sta\u0142 si\u0119 powa\u017cnym problemem dla koalicji z 13 grudnia. Obracaj\u0105cy si\u0119 m\u00f3wca parlamentu nie<\/p>\n","protected":false},"author":1,"featured_media":4517,"comment_status":"closed","ping_status":"","sticky":false,"template":"","format":"standard","meta":{"footnotes":""},"categories":[4748],"tags":[6185,3276,150,2993,6186,2243,1331],"class_list":["post-4516","post","type-post","status-publish","format-standard","has-post-thumbnail","hentry","category-aktualne","tag-halowie","tag-prezydenckiego","tag-sie","tag-tvn24","tag-wycofania","tag-wyscigu","tag-wzywa","generate-columns","tablet-grid-50","mobile-grid-100","grid-parent","grid-50","resize-featured-image"],"yoast_head":"<!-- This site is optimized with the Yoast SEO plugin v23.2 - https:\/\/yoast.com\/wordpress\/plugins\/seo\/ -->\n<title>TVN24 wzywa Ha\u0142owi\u0119 do wycofania si\u0119 z wy\u015bcigu prezydenckiego - POGOTOWIE FLAGOWE\u00ae<\/title>\n<meta name=\"robots\" content=\"index, follow, max-snippet:-1, max-image-preview:large, max-video-preview:-1\" \/>\n<link rel=\"canonical\" href=\"https:\/\/www.pogotowieflagowe.pl\/aktualne\/tvn24-wzywa-halowie-do-wycofania-sie-z-wyscigu-prezydenckiego\/\" \/>\n<meta property=\"og:locale\" content=\"pl_PL\" \/>\n<meta property=\"og:type\" content=\"article\" \/>\n<meta property=\"og:title\" content=\"TVN24 wzywa Ha\u0142owi\u0119 do wycofania si\u0119 z wy\u015bcigu prezydenckiego - POGOTOWIE FLAGOWE\u00ae\" \/>\n<meta property=\"og:description\" content=\"Spadaj\u0105c w sonda\u017cach prezydenckich, Szymon Ha\u0142ownia sta\u0142 si\u0119 powa\u017cnym problemem dla koalicji z 13 grudnia. Obracaj\u0105cy si\u0119 m\u00f3wca parlamentu nie\" \/>\n<meta property=\"og:url\" content=\"https:\/\/www.pogotowieflagowe.pl\/aktualne\/tvn24-wzywa-halowie-do-wycofania-sie-z-wyscigu-prezydenckiego\/\" \/>\n<meta property=\"og:site_name\" content=\"POGOTOWIE FLAGOWE\u00ae\" \/>\n<meta property=\"article:published_time\" content=\"2025-03-11T02:47:37+00:00\" \/>\n<meta property=\"article:modified_time\" content=\"2025-03-11T02:47:38+00:00\" \/>\n<meta property=\"og:image\" content=\"https:\/\/www.pogotowieflagowe.pl\/aktualne\/wp-content\/uploads\/2025\/03\/TVN24-wzywa-Halowie-do-wycofania-sie-z-wyscigu-prezydenckiego.jpg\" \/>\n\t<meta property=\"og:image:width\" content=\"1200\" \/>\n\t<meta property=\"og:image:height\" content=\"675\" \/>\n\t<meta property=\"og:image:type\" content=\"image\/jpeg\" \/>\n<meta name=\"author\" content=\"Filip\" \/>\n<meta name=\"twitter:card\" content=\"summary_large_image\" \/>\n<meta name=\"twitter:label1\" content=\"Napisane przez\" \/>\n\t<meta name=\"twitter:data1\" content=\"Filip\" \/>\n\t<meta name=\"twitter:label2\" content=\"Szacowany czas czytania\" \/>\n\t<meta name=\"twitter:data2\" content=\"2 minuty\" \/>\n<script type=\"application\/ld+json\" class=\"yoast-schema-graph\">{\"@context\":\"https:\/\/schema.org\",\"@graph\":[{\"@type\":\"Article\",\"@id\":\"https:\/\/www.pogotowieflagowe.pl\/aktualne\/tvn24-wzywa-halowie-do-wycofania-sie-z-wyscigu-prezydenckiego\/#article\",\"isPartOf\":{\"@id\":\"https:\/\/www.pogotowieflagowe.pl\/aktualne\/tvn24-wzywa-halowie-do-wycofania-sie-z-wyscigu-prezydenckiego\/\"},\"author\":{\"name\":\"Filip\",\"@id\":\"https:\/\/www.pogotowieflagowe.pl\/aktualne\/#\/schema\/person\/9c2fb7d2362ebf6fa088960d7f0d27b0\"},\"headline\":\"TVN24 wzywa Ha\u0142owi\u0119 do wycofania si\u0119 z wy\u015bcigu prezydenckiego\",\"datePublished\":\"2025-03-11T02:47:37+00:00\",\"dateModified\":\"2025-03-11T02:47:38+00:00\",\"mainEntityOfPage\":{\"@id\":\"https:\/\/www.pogotowieflagowe.pl\/aktualne\/tvn24-wzywa-halowie-do-wycofania-sie-z-wyscigu-prezydenckiego\/\"},\"wordCount\":344,\"publisher\":{\"@id\":\"https:\/\/www.pogotowieflagowe.pl\/aktualne\/#organization\"},\"image\":{\"@id\":\"https:\/\/www.pogotowieflagowe.pl\/aktualne\/tvn24-wzywa-halowie-do-wycofania-sie-z-wyscigu-prezydenckiego\/#primaryimage\"},\"thumbnailUrl\":\"https:\/\/www.pogotowieflagowe.pl\/aktualne\/wp-content\/uploads\/2025\/03\/TVN24-wzywa-Halowie-do-wycofania-sie-z-wyscigu-prezydenckiego.jpg\",\"keywords\":[\"Ha\u0142owi\u0119\",\"prezydenckiego\",\"si\u0119\",\"TVN24\",\"wycofania\",\"wy\u015bcigu\",\"wzywa\"],\"articleSection\":[\"Aktualne\"],\"inLanguage\":\"pl-PL\"},{\"@type\":\"WebPage\",\"@id\":\"https:\/\/www.pogotowieflagowe.pl\/aktualne\/tvn24-wzywa-halowie-do-wycofania-sie-z-wyscigu-prezydenckiego\/\",\"url\":\"https:\/\/www.pogotowieflagowe.pl\/aktualne\/tvn24-wzywa-halowie-do-wycofania-sie-z-wyscigu-prezydenckiego\/\",\"name\":\"TVN24 wzywa Ha\u0142owi\u0119 do wycofania si\u0119 z wy\u015bcigu prezydenckiego - POGOTOWIE FLAGOWE\u00ae\",\"isPartOf\":{\"@id\":\"https:\/\/www.pogotowieflagowe.pl\/aktualne\/#website\"},\"primaryImageOfPage\":{\"@id\":\"https:\/\/www.pogotowieflagowe.pl\/aktualne\/tvn24-wzywa-halowie-do-wycofania-sie-z-wyscigu-prezydenckiego\/#primaryimage\"},\"image\":{\"@id\":\"https:\/\/www.pogotowieflagowe.pl\/aktualne\/tvn24-wzywa-halowie-do-wycofania-sie-z-wyscigu-prezydenckiego\/#primaryimage\"},\"thumbnailUrl\":\"https:\/\/www.pogotowieflagowe.pl\/aktualne\/wp-content\/uploads\/2025\/03\/TVN24-wzywa-Halowie-do-wycofania-sie-z-wyscigu-prezydenckiego.jpg\",\"datePublished\":\"2025-03-11T02:47:37+00:00\",\"dateModified\":\"2025-03-11T02:47:38+00:00\",\"breadcrumb\":{\"@id\":\"https:\/\/www.pogotowieflagowe.pl\/aktualne\/tvn24-wzywa-halowie-do-wycofania-sie-z-wyscigu-prezydenckiego\/#breadcrumb\"},\"inLanguage\":\"pl-PL\",\"potentialAction\":[{\"@type\":\"ReadAction\",\"target\":[\"https:\/\/www.pogotowieflagowe.pl\/aktualne\/tvn24-wzywa-halowie-do-wycofania-sie-z-wyscigu-prezydenckiego\/\"]}]},{\"@type\":\"ImageObject\",\"inLanguage\":\"pl-PL\",\"@id\":\"https:\/\/www.pogotowieflagowe.pl\/aktualne\/tvn24-wzywa-halowie-do-wycofania-sie-z-wyscigu-prezydenckiego\/#primaryimage\",\"url\":\"https:\/\/www.pogotowieflagowe.pl\/aktualne\/wp-content\/uploads\/2025\/03\/TVN24-wzywa-Halowie-do-wycofania-sie-z-wyscigu-prezydenckiego.jpg\",\"contentUrl\":\"https:\/\/www.pogotowieflagowe.pl\/aktualne\/wp-content\/uploads\/2025\/03\/TVN24-wzywa-Halowie-do-wycofania-sie-z-wyscigu-prezydenckiego.jpg\",\"width\":1200,\"height\":675,\"caption\":\"TVN24 wzywa Ha\u0142owi\u0119 do wycofania si\u0119 z wy\u015bcigu prezydenckiego\"},{\"@type\":\"BreadcrumbList\",\"@id\":\"https:\/\/www.pogotowieflagowe.pl\/aktualne\/tvn24-wzywa-halowie-do-wycofania-sie-z-wyscigu-prezydenckiego\/#breadcrumb\",\"itemListElement\":[{\"@type\":\"ListItem\",\"position\":1,\"name\":\"Home\",\"item\":\"https:\/\/www.pogotowieflagowe.pl\/aktualne\/\"},{\"@type\":\"ListItem\",\"position\":2,\"name\":\"TVN24 wzywa Ha\u0142owi\u0119 do wycofania si\u0119 z wy\u015bcigu prezydenckiego\"}]},{\"@type\":\"WebSite\",\"@id\":\"https:\/\/www.pogotowieflagowe.pl\/aktualne\/#website\",\"url\":\"https:\/\/www.pogotowieflagowe.pl\/aktualne\/\",\"name\":\"POGOTOWIE FLAGOWE\u00ae\",\"description\":\"\",\"publisher\":{\"@id\":\"https:\/\/www.pogotowieflagowe.pl\/aktualne\/#organization\"},\"potentialAction\":[{\"@type\":\"SearchAction\",\"target\":{\"@type\":\"EntryPoint\",\"urlTemplate\":\"https:\/\/www.pogotowieflagowe.pl\/aktualne\/?s={search_term_string}\"},\"query-input\":\"required name=search_term_string\"}],\"inLanguage\":\"pl-PL\"},{\"@type\":\"Organization\",\"@id\":\"https:\/\/www.pogotowieflagowe.pl\/aktualne\/#organization\",\"name\":\"POGOTOWIE FLAGOWE\u00ae\",\"url\":\"https:\/\/www.pogotowieflagowe.pl\/aktualne\/\",\"logo\":{\"@type\":\"ImageObject\",\"inLanguage\":\"pl-PL\",\"@id\":\"https:\/\/www.pogotowieflagowe.pl\/aktualne\/#\/schema\/logo\/image\/\",\"url\":\"https:\/\/www.pogotowieflagowe.pl\/aktualne\/wp-content\/uploads\/2024\/08\/cropped-pogotowieflagowe_flaga_projekt_sm.jpg\",\"contentUrl\":\"https:\/\/www.pogotowieflagowe.pl\/aktualne\/wp-content\/uploads\/2024\/08\/cropped-pogotowieflagowe_flaga_projekt_sm.jpg\",\"width\":250,\"height\":143,\"caption\":\"POGOTOWIE FLAGOWE\u00ae\"},\"image\":{\"@id\":\"https:\/\/www.pogotowieflagowe.pl\/aktualne\/#\/schema\/logo\/image\/\"}},{\"@type\":\"Person\",\"@id\":\"https:\/\/www.pogotowieflagowe.pl\/aktualne\/#\/schema\/person\/9c2fb7d2362ebf6fa088960d7f0d27b0\",\"name\":\"Filip\",\"image\":{\"@type\":\"ImageObject\",\"inLanguage\":\"pl-PL\",\"@id\":\"https:\/\/www.pogotowieflagowe.pl\/aktualne\/#\/schema\/person\/image\/\",\"url\":\"https:\/\/www.pogotowieflagowe.pl\/aktualne\/wp-content\/uploads\/2024\/08\/pogotowieflagowe.pl_.jpg\",\"contentUrl\":\"https:\/\/www.pogotowieflagowe.pl\/aktualne\/wp-content\/uploads\/2024\/08\/pogotowieflagowe.pl_.jpg\",\"caption\":\"Filip\"},\"description\":\"Jestem Filip, polski dziennikarz z dyplomem nauk politycznych Uniwersytetu Warszawskiego. Rozpoczynaj\u0105c swoj\u0105 karier\u0119 w r\u00f3\u017cnych lokalnych mediach, zdoby\u0142em solidne do\u015bwiadczenie w zakresie \u015bledztwa i redakcji. Obecnie jako redaktor w Pogotowie flagowe, staram si\u0119 dostarcza\u0107 dog\u0142\u0119bne i istotne analizy na temat najwa\u017cniejszych kwestii aktualno\u015bci, \u0142\u0105cz\u0105c rygor z pasj\u0105 dziennikarsk\u0105.\",\"sameAs\":[\"https:\/\/www.pogotowieflagowe.pl\/\"]}]}<\/script>\n<!-- \/ Yoast SEO plugin. -->","yoast_head_json":{"title":"TVN24 wzywa Ha\u0142owi\u0119 do wycofania si\u0119 z wy\u015bcigu prezydenckiego - POGOTOWIE FLAGOWE\u00ae","robots":{"index":"index","follow":"follow","max-snippet":"max-snippet:-1","max-image-preview":"max-image-preview:large","max-video-preview":"max-video-preview:-1"},"canonical":"https:\/\/www.pogotowieflagowe.pl\/aktualne\/tvn24-wzywa-halowie-do-wycofania-sie-z-wyscigu-prezydenckiego\/","og_locale":"pl_PL","og_type":"article","og_title":"TVN24 wzywa Ha\u0142owi\u0119 do wycofania si\u0119 z wy\u015bcigu prezydenckiego - POGOTOWIE FLAGOWE\u00ae","og_description":"Spadaj\u0105c w sonda\u017cach prezydenckich, Szymon Ha\u0142ownia sta\u0142 si\u0119 powa\u017cnym problemem dla koalicji z 13 grudnia. Obracaj\u0105cy si\u0119 m\u00f3wca parlamentu nie","og_url":"https:\/\/www.pogotowieflagowe.pl\/aktualne\/tvn24-wzywa-halowie-do-wycofania-sie-z-wyscigu-prezydenckiego\/","og_site_name":"POGOTOWIE FLAGOWE\u00ae","article_published_time":"2025-03-11T02:47:37+00:00","article_modified_time":"2025-03-11T02:47:38+00:00","og_image":[{"width":1200,"height":675,"url":"https:\/\/www.pogotowieflagowe.pl\/aktualne\/wp-content\/uploads\/2025\/03\/TVN24-wzywa-Halowie-do-wycofania-sie-z-wyscigu-prezydenckiego.jpg","type":"image\/jpeg"}],"author":"Filip","twitter_card":"summary_large_image","twitter_misc":{"Napisane przez":"Filip","Szacowany czas czytania":"2 minuty"},"schema":{"@context":"https:\/\/schema.org","@graph":[{"@type":"Article","@id":"https:\/\/www.pogotowieflagowe.pl\/aktualne\/tvn24-wzywa-halowie-do-wycofania-sie-z-wyscigu-prezydenckiego\/#article","isPartOf":{"@id":"https:\/\/www.pogotowieflagowe.pl\/aktualne\/tvn24-wzywa-halowie-do-wycofania-sie-z-wyscigu-prezydenckiego\/"},"author":{"name":"Filip","@id":"https:\/\/www.pogotowieflagowe.pl\/aktualne\/#\/schema\/person\/9c2fb7d2362ebf6fa088960d7f0d27b0"},"headline":"TVN24 wzywa Ha\u0142owi\u0119 do wycofania si\u0119 z wy\u015bcigu prezydenckiego","datePublished":"2025-03-11T02:47:37+00:00","dateModified":"2025-03-11T02:47:38+00:00","mainEntityOfPage":{"@id":"https:\/\/www.pogotowieflagowe.pl\/aktualne\/tvn24-wzywa-halowie-do-wycofania-sie-z-wyscigu-prezydenckiego\/"},"wordCount":344,"publisher":{"@id":"https:\/\/www.pogotowieflagowe.pl\/aktualne\/#organization"},"image":{"@id":"https:\/\/www.pogotowieflagowe.pl\/aktualne\/tvn24-wzywa-halowie-do-wycofania-sie-z-wyscigu-prezydenckiego\/#primaryimage"},"thumbnailUrl":"https:\/\/www.pogotowieflagowe.pl\/aktualne\/wp-content\/uploads\/2025\/03\/TVN24-wzywa-Halowie-do-wycofania-sie-z-wyscigu-prezydenckiego.jpg","keywords":["Ha\u0142owi\u0119","prezydenckiego","si\u0119","TVN24","wycofania","wy\u015bcigu","wzywa"],"articleSection":["Aktualne"],"inLanguage":"pl-PL"},{"@type":"WebPage","@id":"https:\/\/www.pogotowieflagowe.pl\/aktualne\/tvn24-wzywa-halowie-do-wycofania-sie-z-wyscigu-prezydenckiego\/","url":"https:\/\/www.pogotowieflagowe.pl\/aktualne\/tvn24-wzywa-halowie-do-wycofania-sie-z-wyscigu-prezydenckiego\/","name":"TVN24 wzywa Ha\u0142owi\u0119 do wycofania si\u0119 z wy\u015bcigu prezydenckiego - POGOTOWIE FLAGOWE\u00ae","isPartOf":{"@id":"https:\/\/www.pogotowieflagowe.pl\/aktualne\/#website"},"primaryImageOfPage":{"@id":"https:\/\/www.pogotowieflagowe.pl\/aktualne\/tvn24-wzywa-halowie-do-wycofania-sie-z-wyscigu-prezydenckiego\/#primaryimage"},"image":{"@id":"https:\/\/www.pogotowieflagowe.pl\/aktualne\/tvn24-wzywa-halowie-do-wycofania-sie-z-wyscigu-prezydenckiego\/#primaryimage"},"thumbnailUrl":"https:\/\/www.pogotowieflagowe.pl\/aktualne\/wp-content\/uploads\/2025\/03\/TVN24-wzywa-Halowie-do-wycofania-sie-z-wyscigu-prezydenckiego.jpg","datePublished":"2025-03-11T02:47:37+00:00","dateModified":"2025-03-11T02:47:38+00:00","breadcrumb":{"@id":"https:\/\/www.pogotowieflagowe.pl\/aktualne\/tvn24-wzywa-halowie-do-wycofania-sie-z-wyscigu-prezydenckiego\/#breadcrumb"},"inLanguage":"pl-PL","potentialAction":[{"@type":"ReadAction","target":["https:\/\/www.pogotowieflagowe.pl\/aktualne\/tvn24-wzywa-halowie-do-wycofania-sie-z-wyscigu-prezydenckiego\/"]}]},{"@type":"ImageObject","inLanguage":"pl-PL","@id":"https:\/\/www.pogotowieflagowe.pl\/aktualne\/tvn24-wzywa-halowie-do-wycofania-sie-z-wyscigu-prezydenckiego\/#primaryimage","url":"https:\/\/www.pogotowieflagowe.pl\/aktualne\/wp-content\/uploads\/2025\/03\/TVN24-wzywa-Halowie-do-wycofania-sie-z-wyscigu-prezydenckiego.jpg","contentUrl":"https:\/\/www.pogotowieflagowe.pl\/aktualne\/wp-content\/uploads\/2025\/03\/TVN24-wzywa-Halowie-do-wycofania-sie-z-wyscigu-prezydenckiego.jpg","width":1200,"height":675,"caption":"TVN24 wzywa Ha\u0142owi\u0119 do wycofania si\u0119 z wy\u015bcigu prezydenckiego"},{"@type":"BreadcrumbList","@id":"https:\/\/www.pogotowieflagowe.pl\/aktualne\/tvn24-wzywa-halowie-do-wycofania-sie-z-wyscigu-prezydenckiego\/#breadcrumb","itemListElement":[{"@type":"ListItem","position":1,"name":"Home","item":"https:\/\/www.pogotowieflagowe.pl\/aktualne\/"},{"@type":"ListItem","position":2,"name":"TVN24 wzywa Ha\u0142owi\u0119 do wycofania si\u0119 z wy\u015bcigu prezydenckiego"}]},{"@type":"WebSite","@id":"https:\/\/www.pogotowieflagowe.pl\/aktualne\/#website","url":"https:\/\/www.pogotowieflagowe.pl\/aktualne\/","name":"POGOTOWIE FLAGOWE\u00ae","description":"","publisher":{"@id":"https:\/\/www.pogotowieflagowe.pl\/aktualne\/#organization"},"potentialAction":[{"@type":"SearchAction","target":{"@type":"EntryPoint","urlTemplate":"https:\/\/www.pogotowieflagowe.pl\/aktualne\/?s={search_term_string}"},"query-input":"required name=search_term_string"}],"inLanguage":"pl-PL"},{"@type":"Organization","@id":"https:\/\/www.pogotowieflagowe.pl\/aktualne\/#organization","name":"POGOTOWIE FLAGOWE\u00ae","url":"https:\/\/www.pogotowieflagowe.pl\/aktualne\/","logo":{"@type":"ImageObject","inLanguage":"pl-PL","@id":"https:\/\/www.pogotowieflagowe.pl\/aktualne\/#\/schema\/logo\/image\/","url":"https:\/\/www.pogotowieflagowe.pl\/aktualne\/wp-content\/uploads\/2024\/08\/cropped-pogotowieflagowe_flaga_projekt_sm.jpg","contentUrl":"https:\/\/www.pogotowieflagowe.pl\/aktualne\/wp-content\/uploads\/2024\/08\/cropped-pogotowieflagowe_flaga_projekt_sm.jpg","width":250,"height":143,"caption":"POGOTOWIE FLAGOWE\u00ae"},"image":{"@id":"https:\/\/www.pogotowieflagowe.pl\/aktualne\/#\/schema\/logo\/image\/"}},{"@type":"Person","@id":"https:\/\/www.pogotowieflagowe.pl\/aktualne\/#\/schema\/person\/9c2fb7d2362ebf6fa088960d7f0d27b0","name":"Filip","image":{"@type":"ImageObject","inLanguage":"pl-PL","@id":"https:\/\/www.pogotowieflagowe.pl\/aktualne\/#\/schema\/person\/image\/","url":"https:\/\/www.pogotowieflagowe.pl\/aktualne\/wp-content\/uploads\/2024\/08\/pogotowieflagowe.pl_.jpg","contentUrl":"https:\/\/www.pogotowieflagowe.pl\/aktualne\/wp-content\/uploads\/2024\/08\/pogotowieflagowe.pl_.jpg","caption":"Filip"},"description":"Jestem Filip, polski dziennikarz z dyplomem nauk politycznych Uniwersytetu Warszawskiego. Rozpoczynaj\u0105c swoj\u0105 karier\u0119 w r\u00f3\u017cnych lokalnych mediach, zdoby\u0142em solidne do\u015bwiadczenie w zakresie \u015bledztwa i redakcji. Obecnie jako redaktor w Pogotowie flagowe, staram si\u0119 dostarcza\u0107 dog\u0142\u0119bne i istotne analizy na temat najwa\u017cniejszych kwestii aktualno\u015bci, \u0142\u0105cz\u0105c rygor z pasj\u0105 dziennikarsk\u0105.","sameAs":["https:\/\/www.pogotowieflagowe.pl\/"]}]}},"_links":{"self":[{"href":"https:\/\/www.pogotowieflagowe.pl\/aktualne\/wp-json\/wp\/v2\/posts\/4516","targetHints":{"allow":["GET"]}}],"collection":[{"href":"https:\/\/www.pogotowieflagowe.pl\/aktualne\/wp-json\/wp\/v2\/posts"}],"about":[{"href":"https:\/\/www.pogotowieflagowe.pl\/aktualne\/wp-json\/wp\/v2\/types\/post"}],"author":[{"embeddable":true,"href":"https:\/\/www.pogotowieflagowe.pl\/aktualne\/wp-json\/wp\/v2\/users\/1"}],"replies":[{"embeddable":true,"href":"https:\/\/www.pogotowieflagowe.pl\/aktualne\/wp-json\/wp\/v2\/comments?post=4516"}],"version-history":[{"count":1,"href":"https:\/\/www.pogotowieflagowe.pl\/aktualne\/wp-json\/wp\/v2\/posts\/4516\/revisions"}],"predecessor-version":[{"id":4518,"href":"https:\/\/www.pogotowieflagowe.pl\/aktualne\/wp-json\/wp\/v2\/posts\/4516\/revisions\/4518"}],"wp:featuredmedia":[{"embeddable":true,"href":"https:\/\/www.pogotowieflagowe.pl\/aktualne\/wp-json\/wp\/v2\/media\/4517"}],"wp:attachment":[{"href":"https:\/\/www.pogotowieflagowe.pl\/aktualne\/wp-json\/wp\/v2\/media?parent=4516"}],"wp:term":[{"taxonomy":"category","embeddable":true,"href":"https:\/\/www.pogotowieflagowe.pl\/aktualne\/wp-json\/wp\/v2\/categories?post=4516"},{"taxonomy":"post_tag","embeddable":true,"href":"https:\/\/www.pogotowieflagowe.pl\/aktualne\/wp-json\/wp\/v2\/tags?post=4516"}],"curies":[{"name":"wp","href":"https:\/\/api.w.org\/{rel}","templated":true}]}}