{"id":4519,"date":"2025-03-11T08:47:16","date_gmt":"2025-03-11T07:47:16","guid":{"rendered":"https:\/\/www.pogotowieflagowe.pl\/aktualne\/trump-zemsci-sie-usa-reaguje-na-nowy-cyfrowy-podatek\/"},"modified":"2025-03-11T08:47:16","modified_gmt":"2025-03-11T07:47:16","slug":"trump-zemsci-sie-usa-reaguje-na-nowy-cyfrowy-podatek","status":"publish","type":"post","link":"https:\/\/www.pogotowieflagowe.pl\/aktualne\/trump-zemsci-sie-usa-reaguje-na-nowy-cyfrowy-podatek\/","title":{"rendered":"\u201eTrump zem\u015bci si\u0119\u201d: USA reaguje na nowy cyfrowy podatek"},"content":{"rendered":"\n<div class=\"td_block_wrap tdb_single_content tdi_41 td-pb-border-top td_block_template_8 td-post-content tagdiv-type\" data-td-block-uid=\"tdi_41\">\n<style>.tdi_41 {margin-top: 0px! Wa\u017cne; margines-bottom: 0px! WA\u017bNY; PALDING-TOP: 0PX! WA\u017bNY; PALDING-BOTTOM: 0PX! WA\u017bNE}<\/style>\n<style>.tdb_single_content {margin-bottom: 0;*zoom: 1} .tdb_single_content: wcze\u015bniej, .tdb_single_content: po {display: Table; content: ''; line-height: 0} .TDB-BLOCK-INner>*: nie (.WP-BLOCK-QUOTE): not (.alignSwide): not (.Alignfull.wp-block-cover.has-parallax): not (.td-a-ad) {margin-left: auto; margin-right: auto} .tdb_single_ConTent a {wska\u017anik-events: auto} .tdb_single_content .td-spot-id-top_ad .tdc-placeholder-title: przed {content: \u201eArtyku\u0142 top ad\u201d! Wa\u017cne} .tdb_single_content .td-Spot-Id-inline_ad0 .tdc-placeholder-title 1 '! Wa\u017cne} .tdb_single_content .td-Spot-Id-inline_Ad1 .tdc-Placeholder-Title: przed {content: \u201eArtyku\u0142 inline AD 2'! Wa\u017cny} .tdb_single_content. 3 '! Wa\u017cne} .tdb_single_content .td-Spot-Id-Bottom_Ad .tdc-Placeholder-Title: przed {content: \u201eArtyku\u0142 Bottom Ad\u201d! Wa\u017cne} .tdb_single_content .id_top_ad, .tdb_single_content_content .id_bottom_ad {clear: oba; margin-bottom: 21px; text-align: Center} .tdb_single_content .id_top_ad img, .tdb_single_content .id_bottom_ad img {margin-bottom: 0} .tdb_single_conTent .id_top_ad .adsbyGoogle, .tdb_single_content .id_bottom_ad .adsbyGoogle {pozycja: relatyw} .tdb_single_content .id_ad_content-horiz-left, .tdb_single_content .id_ad_content-horiz-right, .tdb_single_content .id_ad_content-horiz-Center {margin-bottom: 15px} .tdb_single_content .id_ad_content-horiz-left Img, .tdb_single_content .id_ad_content-horiz-right img, .tdb_single_content .id_ad_content-horiz-centerter img {margin-bottom: 0} .tdb_single_content .id_ad_content-horiz-center {text-align: Center} .tdb_single_content .id_ad_content-horiz-center img {margin-right: auto; margin-let: auto} .tdb_single_content .id_ad_content-horiz-left {float: left; margin-top: 9px; margin-right: 21px} .tdb_single_content .id_ad_content-horiz-right {float: margin-top: 6px; margin-left: 21px} .tdb_single_content .tdc-a-a-ad .TDC-Placeholder-Title {szeroko\u015b\u0107: 300px; height: 250px} .tdb_single_content .tdc-a-ad .TDC-Placeholder-Title: Przed {Pozycja: Absolute; TOP: 50%;-WebKit-Transform: Translatey (-50%); Transform: Translatey (-50%); margines: auto; Display: Tabela; szeroko\u015b\u0107: 100%}. tdb_single_content .TDB-BLOCK-INNER.TD-FIX-INDEX {Word-Break: Break-word} .tdi_41, .tdi_41> p, .tdi_41 .tdb-block-inner> p, .Wp-Block-Column> p {font-size: 16px! Wa\u017cne; wa\u017cny; p {font-styl: normalne! Wa\u017cne} @media (Max-Width: 767px) {. tdb_single_content .id_ad_content-horiz-left, .tdb_single_content .id_ad_content-horiz-right, .tdb_single_content .id_ad_content-horiz-centter {Margin: 0 AUTO 26PXX auto}}@media (Max-Width: 767px) {. tdb_single_content .id_ad_content-horiz-left {margin-right: 0}}@media (max-width: 767px) {. (Max-Width: 767px) {. tdb_single_content .td-a-ad {float: none; text-align: Center} .tdb_single_content .td-a-ad img {margin-right: auto; margin-left: auto} .tdb_single_content .tdc-a-a-a-{margin-right: auto; margin-left: auto} .tdb_single_content .tdd<\/style>\n<div class=\"tdb-block-inner td-fix-index\">\n<p>\u201eTo nie jest zbyt m\u0105dre!\u201d &#8211; W ten spos\u00f3b Tom Rose, nowo mianowany ambasador USA w Polsce, opisa\u0142 wprowadzenie podatku cyfrowego przez Polsk\u0119. Rose podkre\u015bli\u0142a, \u017ce \u200b\u200bka\u017cda pr\u00f3ba na\u0142o\u017cenia dodatkowych koszt\u00f3w na ameryka\u0144skie korporacje wywo\u0142a\u0142yby odpowied\u017a administracji prezydenta Donalda Trumpa.<\/p>\n<p>\u201eTo nie jest zbyt m\u0105dre! Podatek autodestrukcyjny, kt\u00f3ry zaszkodzi tylko Polsce i jej relacji ze Stanami Zjednoczonymi. Prezydent Trump zem\u015bci si\u0119, tak jak powinien. Uchyli\u0107 podatek, aby unikn\u0105\u0107 konsekwencji! \u201d Rose napisa\u0142a na platformie X.<\/p>\n<p>Przychodz\u0105cy ambasador USA odpowiada\u0142 na o\u015bwiadczenie polskiej lewicy, og\u0142aszaj\u0105c wprowadzenie cyfrowego podatku od gigant\u00f3w technologicznych, jak zaproponowa\u0142 Minister Digitalizacji Polski Krzysztof Gawkowski.<\/p>\n<h2 class=\"wp-block-heading\">UE dokr\u0119ca \u015bruby<\/h2>\n<p>W ostatnich tygodniach prezydent USA Donald Trump, jego cz\u0142onkowie gabinetu i sam Rose wielokrotnie wskazali na europejskie podatki cyfrowe, przepisy i kary skierowane do ameryka\u0144skich korporacji jako przyk\u0142ady nieuczciwego traktowania przez Uni\u0119 Europejsk\u0105. Trump i jego sekretarz handlu, Howard Lutnick, ostrzeg\u0142, \u017ce takie bariery handlowe, w tym VAT, zostan\u0105 uwzgl\u0119dnione w rozwa\u017caniach dotycz\u0105cych taryf\u00f3w, kt\u00f3re maj\u0105 wyr\u00f3wna\u0107 szanse w handlu mi\u0119dzynarodowym.<\/p>\n<p>Podatek cyfrowy by\u0142 aktywnie promowany przez urz\u0119dnik\u00f3w Unii Europejskiej. Wed\u0142ug komisarza ds. Handlu UE Maro\u0161 \u0160ef\u010dovi\u010d, rynek europejski stanowi a\u017c 40% dochod\u00f3w niekt\u00f3rych ameryka\u0144skich gigant\u00f3w technologicznych.<\/p>\n<h2 class=\"wp-block-heading\">Gawkowski broni inicjatywy<\/h2>\n<p>Polski wicepremier i minister digitalizacji Krzysztof Gawkowski og\u0142osi\u0142 w poniedzia\u0142ek plany podatku cyfrowego w wywiadzie dla PAP. Wed\u0142ug Gawkowskiego model opodatkowania przychod\u00f3w lub zysk\u00f3w du\u017cych firm technologicznych zostanie przedstawiony w ci\u0105gu najbli\u017cszych kilku miesi\u0119cy. Twierdzi, \u017ce przychody z nowego podatku wspieraj\u0105 rozw\u00f3j firm, startup\u00f3w w sektorze cyfrowym i mediach.<\/p>\n<\/div>\n<\/div>\n","protected":false},"excerpt":{"rendered":"<p>\u201eTo nie jest zbyt m\u0105dre!\u201d &#8211; W ten spos\u00f3b Tom Rose, nowo mianowany ambasador USA w Polsce, opisa\u0142 wprowadzenie podatku<\/p>\n","protected":false},"author":1,"featured_media":4293,"comment_status":"closed","ping_status":"","sticky":false,"template":"","format":"standard","meta":{"footnotes":""},"categories":[44],"tags":[6188,581,5393,5601,150,251,312,6187],"class_list":["post-4519","post","type-post","status-publish","format-standard","has-post-thumbnail","hentry","category-polityka","tag-cyfrowy","tag-nowy","tag-podatek","tag-reaguje","tag-sie","tag-trump","tag-usa","tag-zemsci","generate-columns","tablet-grid-50","mobile-grid-100","grid-parent","grid-50","resize-featured-image"],"yoast_head":"<!-- This site is optimized with the Yoast SEO plugin v23.2 - https:\/\/yoast.com\/wordpress\/plugins\/seo\/ -->\n<title>\u201eTrump zem\u015bci si\u0119\u201d: USA reaguje na nowy cyfrowy podatek - POGOTOWIE FLAGOWE\u00ae<\/title>\n<meta name=\"robots\" content=\"index, follow, max-snippet:-1, max-image-preview:large, max-video-preview:-1\" \/>\n<link rel=\"canonical\" href=\"https:\/\/www.pogotowieflagowe.pl\/aktualne\/trump-zemsci-sie-usa-reaguje-na-nowy-cyfrowy-podatek\/\" \/>\n<meta property=\"og:locale\" content=\"pl_PL\" \/>\n<meta property=\"og:type\" content=\"article\" \/>\n<meta property=\"og:title\" content=\"\u201eTrump zem\u015bci si\u0119\u201d: USA reaguje na nowy cyfrowy podatek - POGOTOWIE FLAGOWE\u00ae\" \/>\n<meta property=\"og:description\" content=\"\u201eTo nie jest zbyt m\u0105dre!\u201d &#8211; W ten spos\u00f3b Tom Rose, nowo mianowany ambasador USA w Polsce, opisa\u0142 wprowadzenie podatku\" \/>\n<meta property=\"og:url\" content=\"https:\/\/www.pogotowieflagowe.pl\/aktualne\/trump-zemsci-sie-usa-reaguje-na-nowy-cyfrowy-podatek\/\" \/>\n<meta property=\"og:site_name\" content=\"POGOTOWIE FLAGOWE\u00ae\" \/>\n<meta property=\"article:published_time\" content=\"2025-03-11T07:47:16+00:00\" \/>\n<meta property=\"og:image\" content=\"https:\/\/www.pogotowieflagowe.pl\/aktualne\/wp-content\/uploads\/2025\/02\/Administracja-Trumpa-wylacza-programy-USAID-lewica-traci-swoje-fundusze.webp.webp\" \/>\n\t<meta property=\"og:image:width\" content=\"1280\" \/>\n\t<meta property=\"og:image:height\" content=\"720\" \/>\n\t<meta property=\"og:image:type\" content=\"image\/webp\" \/>\n<meta name=\"author\" content=\"Filip\" \/>\n<meta name=\"twitter:card\" content=\"summary_large_image\" \/>\n<meta name=\"twitter:label1\" content=\"Napisane przez\" \/>\n\t<meta name=\"twitter:data1\" content=\"Filip\" \/>\n\t<meta name=\"twitter:label2\" content=\"Szacowany czas czytania\" \/>\n\t<meta name=\"twitter:data2\" content=\"1 minuta\" \/>\n<script type=\"application\/ld+json\" class=\"yoast-schema-graph\">{\"@context\":\"https:\/\/schema.org\",\"@graph\":[{\"@type\":\"Article\",\"@id\":\"https:\/\/www.pogotowieflagowe.pl\/aktualne\/trump-zemsci-sie-usa-reaguje-na-nowy-cyfrowy-podatek\/#article\",\"isPartOf\":{\"@id\":\"https:\/\/www.pogotowieflagowe.pl\/aktualne\/trump-zemsci-sie-usa-reaguje-na-nowy-cyfrowy-podatek\/\"},\"author\":{\"name\":\"Filip\",\"@id\":\"https:\/\/www.pogotowieflagowe.pl\/aktualne\/#\/schema\/person\/9c2fb7d2362ebf6fa088960d7f0d27b0\"},\"headline\":\"\u201eTrump zem\u015bci si\u0119\u201d: USA reaguje na nowy cyfrowy podatek\",\"datePublished\":\"2025-03-11T07:47:16+00:00\",\"dateModified\":\"2025-03-11T07:47:16+00:00\",\"mainEntityOfPage\":{\"@id\":\"https:\/\/www.pogotowieflagowe.pl\/aktualne\/trump-zemsci-sie-usa-reaguje-na-nowy-cyfrowy-podatek\/\"},\"wordCount\":298,\"publisher\":{\"@id\":\"https:\/\/www.pogotowieflagowe.pl\/aktualne\/#organization\"},\"image\":{\"@id\":\"https:\/\/www.pogotowieflagowe.pl\/aktualne\/trump-zemsci-sie-usa-reaguje-na-nowy-cyfrowy-podatek\/#primaryimage\"},\"thumbnailUrl\":\"https:\/\/www.pogotowieflagowe.pl\/aktualne\/wp-content\/uploads\/2025\/02\/Administracja-Trumpa-wylacza-programy-USAID-lewica-traci-swoje-fundusze.webp.webp\",\"keywords\":[\"cyfrowy\",\"Nowy\",\"podatek\",\"reaguje\",\"si\u0119\",\"Trump\",\"USA\",\"zem\u015bci\"],\"articleSection\":[\"Polityka\"],\"inLanguage\":\"pl-PL\"},{\"@type\":\"WebPage\",\"@id\":\"https:\/\/www.pogotowieflagowe.pl\/aktualne\/trump-zemsci-sie-usa-reaguje-na-nowy-cyfrowy-podatek\/\",\"url\":\"https:\/\/www.pogotowieflagowe.pl\/aktualne\/trump-zemsci-sie-usa-reaguje-na-nowy-cyfrowy-podatek\/\",\"name\":\"\u201eTrump zem\u015bci si\u0119\u201d: USA reaguje na nowy cyfrowy podatek - POGOTOWIE FLAGOWE\u00ae\",\"isPartOf\":{\"@id\":\"https:\/\/www.pogotowieflagowe.pl\/aktualne\/#website\"},\"primaryImageOfPage\":{\"@id\":\"https:\/\/www.pogotowieflagowe.pl\/aktualne\/trump-zemsci-sie-usa-reaguje-na-nowy-cyfrowy-podatek\/#primaryimage\"},\"image\":{\"@id\":\"https:\/\/www.pogotowieflagowe.pl\/aktualne\/trump-zemsci-sie-usa-reaguje-na-nowy-cyfrowy-podatek\/#primaryimage\"},\"thumbnailUrl\":\"https:\/\/www.pogotowieflagowe.pl\/aktualne\/wp-content\/uploads\/2025\/02\/Administracja-Trumpa-wylacza-programy-USAID-lewica-traci-swoje-fundusze.webp.webp\",\"datePublished\":\"2025-03-11T07:47:16+00:00\",\"dateModified\":\"2025-03-11T07:47:16+00:00\",\"breadcrumb\":{\"@id\":\"https:\/\/www.pogotowieflagowe.pl\/aktualne\/trump-zemsci-sie-usa-reaguje-na-nowy-cyfrowy-podatek\/#breadcrumb\"},\"inLanguage\":\"pl-PL\",\"potentialAction\":[{\"@type\":\"ReadAction\",\"target\":[\"https:\/\/www.pogotowieflagowe.pl\/aktualne\/trump-zemsci-sie-usa-reaguje-na-nowy-cyfrowy-podatek\/\"]}]},{\"@type\":\"ImageObject\",\"inLanguage\":\"pl-PL\",\"@id\":\"https:\/\/www.pogotowieflagowe.pl\/aktualne\/trump-zemsci-sie-usa-reaguje-na-nowy-cyfrowy-podatek\/#primaryimage\",\"url\":\"https:\/\/www.pogotowieflagowe.pl\/aktualne\/wp-content\/uploads\/2025\/02\/Administracja-Trumpa-wylacza-programy-USAID-lewica-traci-swoje-fundusze.webp.webp\",\"contentUrl\":\"https:\/\/www.pogotowieflagowe.pl\/aktualne\/wp-content\/uploads\/2025\/02\/Administracja-Trumpa-wylacza-programy-USAID-lewica-traci-swoje-fundusze.webp.webp\",\"width\":1280,\"height\":720,\"caption\":\"Administracja Trumpa wy\u0142\u0105cza programy USAID - lewica traci swoje fundusze\"},{\"@type\":\"BreadcrumbList\",\"@id\":\"https:\/\/www.pogotowieflagowe.pl\/aktualne\/trump-zemsci-sie-usa-reaguje-na-nowy-cyfrowy-podatek\/#breadcrumb\",\"itemListElement\":[{\"@type\":\"ListItem\",\"position\":1,\"name\":\"Home\",\"item\":\"https:\/\/www.pogotowieflagowe.pl\/aktualne\/\"},{\"@type\":\"ListItem\",\"position\":2,\"name\":\"\u201eTrump zem\u015bci si\u0119\u201d: USA reaguje na nowy cyfrowy podatek\"}]},{\"@type\":\"WebSite\",\"@id\":\"https:\/\/www.pogotowieflagowe.pl\/aktualne\/#website\",\"url\":\"https:\/\/www.pogotowieflagowe.pl\/aktualne\/\",\"name\":\"POGOTOWIE FLAGOWE\u00ae\",\"description\":\"\",\"publisher\":{\"@id\":\"https:\/\/www.pogotowieflagowe.pl\/aktualne\/#organization\"},\"potentialAction\":[{\"@type\":\"SearchAction\",\"target\":{\"@type\":\"EntryPoint\",\"urlTemplate\":\"https:\/\/www.pogotowieflagowe.pl\/aktualne\/?s={search_term_string}\"},\"query-input\":\"required name=search_term_string\"}],\"inLanguage\":\"pl-PL\"},{\"@type\":\"Organization\",\"@id\":\"https:\/\/www.pogotowieflagowe.pl\/aktualne\/#organization\",\"name\":\"POGOTOWIE FLAGOWE\u00ae\",\"url\":\"https:\/\/www.pogotowieflagowe.pl\/aktualne\/\",\"logo\":{\"@type\":\"ImageObject\",\"inLanguage\":\"pl-PL\",\"@id\":\"https:\/\/www.pogotowieflagowe.pl\/aktualne\/#\/schema\/logo\/image\/\",\"url\":\"https:\/\/www.pogotowieflagowe.pl\/aktualne\/wp-content\/uploads\/2024\/08\/cropped-pogotowieflagowe_flaga_projekt_sm.jpg\",\"contentUrl\":\"https:\/\/www.pogotowieflagowe.pl\/aktualne\/wp-content\/uploads\/2024\/08\/cropped-pogotowieflagowe_flaga_projekt_sm.jpg\",\"width\":250,\"height\":143,\"caption\":\"POGOTOWIE FLAGOWE\u00ae\"},\"image\":{\"@id\":\"https:\/\/www.pogotowieflagowe.pl\/aktualne\/#\/schema\/logo\/image\/\"}},{\"@type\":\"Person\",\"@id\":\"https:\/\/www.pogotowieflagowe.pl\/aktualne\/#\/schema\/person\/9c2fb7d2362ebf6fa088960d7f0d27b0\",\"name\":\"Filip\",\"image\":{\"@type\":\"ImageObject\",\"inLanguage\":\"pl-PL\",\"@id\":\"https:\/\/www.pogotowieflagowe.pl\/aktualne\/#\/schema\/person\/image\/\",\"url\":\"https:\/\/www.pogotowieflagowe.pl\/aktualne\/wp-content\/uploads\/2024\/08\/pogotowieflagowe.pl_.jpg\",\"contentUrl\":\"https:\/\/www.pogotowieflagowe.pl\/aktualne\/wp-content\/uploads\/2024\/08\/pogotowieflagowe.pl_.jpg\",\"caption\":\"Filip\"},\"description\":\"Jestem Filip, polski dziennikarz z dyplomem nauk politycznych Uniwersytetu Warszawskiego. Rozpoczynaj\u0105c swoj\u0105 karier\u0119 w r\u00f3\u017cnych lokalnych mediach, zdoby\u0142em solidne do\u015bwiadczenie w zakresie \u015bledztwa i redakcji. Obecnie jako redaktor w Pogotowie flagowe, staram si\u0119 dostarcza\u0107 dog\u0142\u0119bne i istotne analizy na temat najwa\u017cniejszych kwestii aktualno\u015bci, \u0142\u0105cz\u0105c rygor z pasj\u0105 dziennikarsk\u0105.\",\"sameAs\":[\"https:\/\/www.pogotowieflagowe.pl\/\"]}]}<\/script>\n<!-- \/ Yoast SEO plugin. -->","yoast_head_json":{"title":"\u201eTrump zem\u015bci si\u0119\u201d: USA reaguje na nowy cyfrowy podatek - POGOTOWIE FLAGOWE\u00ae","robots":{"index":"index","follow":"follow","max-snippet":"max-snippet:-1","max-image-preview":"max-image-preview:large","max-video-preview":"max-video-preview:-1"},"canonical":"https:\/\/www.pogotowieflagowe.pl\/aktualne\/trump-zemsci-sie-usa-reaguje-na-nowy-cyfrowy-podatek\/","og_locale":"pl_PL","og_type":"article","og_title":"\u201eTrump zem\u015bci si\u0119\u201d: USA reaguje na nowy cyfrowy podatek - POGOTOWIE FLAGOWE\u00ae","og_description":"\u201eTo nie jest zbyt m\u0105dre!\u201d &#8211; W ten spos\u00f3b Tom Rose, nowo mianowany ambasador USA w Polsce, opisa\u0142 wprowadzenie podatku","og_url":"https:\/\/www.pogotowieflagowe.pl\/aktualne\/trump-zemsci-sie-usa-reaguje-na-nowy-cyfrowy-podatek\/","og_site_name":"POGOTOWIE FLAGOWE\u00ae","article_published_time":"2025-03-11T07:47:16+00:00","og_image":[{"width":1280,"height":720,"url":"https:\/\/www.pogotowieflagowe.pl\/aktualne\/wp-content\/uploads\/2025\/02\/Administracja-Trumpa-wylacza-programy-USAID-lewica-traci-swoje-fundusze.webp.webp","type":"image\/webp"}],"author":"Filip","twitter_card":"summary_large_image","twitter_misc":{"Napisane przez":"Filip","Szacowany czas czytania":"1 minuta"},"schema":{"@context":"https:\/\/schema.org","@graph":[{"@type":"Article","@id":"https:\/\/www.pogotowieflagowe.pl\/aktualne\/trump-zemsci-sie-usa-reaguje-na-nowy-cyfrowy-podatek\/#article","isPartOf":{"@id":"https:\/\/www.pogotowieflagowe.pl\/aktualne\/trump-zemsci-sie-usa-reaguje-na-nowy-cyfrowy-podatek\/"},"author":{"name":"Filip","@id":"https:\/\/www.pogotowieflagowe.pl\/aktualne\/#\/schema\/person\/9c2fb7d2362ebf6fa088960d7f0d27b0"},"headline":"\u201eTrump zem\u015bci si\u0119\u201d: USA reaguje na nowy cyfrowy podatek","datePublished":"2025-03-11T07:47:16+00:00","dateModified":"2025-03-11T07:47:16+00:00","mainEntityOfPage":{"@id":"https:\/\/www.pogotowieflagowe.pl\/aktualne\/trump-zemsci-sie-usa-reaguje-na-nowy-cyfrowy-podatek\/"},"wordCount":298,"publisher":{"@id":"https:\/\/www.pogotowieflagowe.pl\/aktualne\/#organization"},"image":{"@id":"https:\/\/www.pogotowieflagowe.pl\/aktualne\/trump-zemsci-sie-usa-reaguje-na-nowy-cyfrowy-podatek\/#primaryimage"},"thumbnailUrl":"https:\/\/www.pogotowieflagowe.pl\/aktualne\/wp-content\/uploads\/2025\/02\/Administracja-Trumpa-wylacza-programy-USAID-lewica-traci-swoje-fundusze.webp.webp","keywords":["cyfrowy","Nowy","podatek","reaguje","si\u0119","Trump","USA","zem\u015bci"],"articleSection":["Polityka"],"inLanguage":"pl-PL"},{"@type":"WebPage","@id":"https:\/\/www.pogotowieflagowe.pl\/aktualne\/trump-zemsci-sie-usa-reaguje-na-nowy-cyfrowy-podatek\/","url":"https:\/\/www.pogotowieflagowe.pl\/aktualne\/trump-zemsci-sie-usa-reaguje-na-nowy-cyfrowy-podatek\/","name":"\u201eTrump zem\u015bci si\u0119\u201d: USA reaguje na nowy cyfrowy podatek - POGOTOWIE FLAGOWE\u00ae","isPartOf":{"@id":"https:\/\/www.pogotowieflagowe.pl\/aktualne\/#website"},"primaryImageOfPage":{"@id":"https:\/\/www.pogotowieflagowe.pl\/aktualne\/trump-zemsci-sie-usa-reaguje-na-nowy-cyfrowy-podatek\/#primaryimage"},"image":{"@id":"https:\/\/www.pogotowieflagowe.pl\/aktualne\/trump-zemsci-sie-usa-reaguje-na-nowy-cyfrowy-podatek\/#primaryimage"},"thumbnailUrl":"https:\/\/www.pogotowieflagowe.pl\/aktualne\/wp-content\/uploads\/2025\/02\/Administracja-Trumpa-wylacza-programy-USAID-lewica-traci-swoje-fundusze.webp.webp","datePublished":"2025-03-11T07:47:16+00:00","dateModified":"2025-03-11T07:47:16+00:00","breadcrumb":{"@id":"https:\/\/www.pogotowieflagowe.pl\/aktualne\/trump-zemsci-sie-usa-reaguje-na-nowy-cyfrowy-podatek\/#breadcrumb"},"inLanguage":"pl-PL","potentialAction":[{"@type":"ReadAction","target":["https:\/\/www.pogotowieflagowe.pl\/aktualne\/trump-zemsci-sie-usa-reaguje-na-nowy-cyfrowy-podatek\/"]}]},{"@type":"ImageObject","inLanguage":"pl-PL","@id":"https:\/\/www.pogotowieflagowe.pl\/aktualne\/trump-zemsci-sie-usa-reaguje-na-nowy-cyfrowy-podatek\/#primaryimage","url":"https:\/\/www.pogotowieflagowe.pl\/aktualne\/wp-content\/uploads\/2025\/02\/Administracja-Trumpa-wylacza-programy-USAID-lewica-traci-swoje-fundusze.webp.webp","contentUrl":"https:\/\/www.pogotowieflagowe.pl\/aktualne\/wp-content\/uploads\/2025\/02\/Administracja-Trumpa-wylacza-programy-USAID-lewica-traci-swoje-fundusze.webp.webp","width":1280,"height":720,"caption":"Administracja Trumpa wy\u0142\u0105cza programy USAID - lewica traci swoje fundusze"},{"@type":"BreadcrumbList","@id":"https:\/\/www.pogotowieflagowe.pl\/aktualne\/trump-zemsci-sie-usa-reaguje-na-nowy-cyfrowy-podatek\/#breadcrumb","itemListElement":[{"@type":"ListItem","position":1,"name":"Home","item":"https:\/\/www.pogotowieflagowe.pl\/aktualne\/"},{"@type":"ListItem","position":2,"name":"\u201eTrump zem\u015bci si\u0119\u201d: USA reaguje na nowy cyfrowy podatek"}]},{"@type":"WebSite","@id":"https:\/\/www.pogotowieflagowe.pl\/aktualne\/#website","url":"https:\/\/www.pogotowieflagowe.pl\/aktualne\/","name":"POGOTOWIE FLAGOWE\u00ae","description":"","publisher":{"@id":"https:\/\/www.pogotowieflagowe.pl\/aktualne\/#organization"},"potentialAction":[{"@type":"SearchAction","target":{"@type":"EntryPoint","urlTemplate":"https:\/\/www.pogotowieflagowe.pl\/aktualne\/?s={search_term_string}"},"query-input":"required name=search_term_string"}],"inLanguage":"pl-PL"},{"@type":"Organization","@id":"https:\/\/www.pogotowieflagowe.pl\/aktualne\/#organization","name":"POGOTOWIE FLAGOWE\u00ae","url":"https:\/\/www.pogotowieflagowe.pl\/aktualne\/","logo":{"@type":"ImageObject","inLanguage":"pl-PL","@id":"https:\/\/www.pogotowieflagowe.pl\/aktualne\/#\/schema\/logo\/image\/","url":"https:\/\/www.pogotowieflagowe.pl\/aktualne\/wp-content\/uploads\/2024\/08\/cropped-pogotowieflagowe_flaga_projekt_sm.jpg","contentUrl":"https:\/\/www.pogotowieflagowe.pl\/aktualne\/wp-content\/uploads\/2024\/08\/cropped-pogotowieflagowe_flaga_projekt_sm.jpg","width":250,"height":143,"caption":"POGOTOWIE FLAGOWE\u00ae"},"image":{"@id":"https:\/\/www.pogotowieflagowe.pl\/aktualne\/#\/schema\/logo\/image\/"}},{"@type":"Person","@id":"https:\/\/www.pogotowieflagowe.pl\/aktualne\/#\/schema\/person\/9c2fb7d2362ebf6fa088960d7f0d27b0","name":"Filip","image":{"@type":"ImageObject","inLanguage":"pl-PL","@id":"https:\/\/www.pogotowieflagowe.pl\/aktualne\/#\/schema\/person\/image\/","url":"https:\/\/www.pogotowieflagowe.pl\/aktualne\/wp-content\/uploads\/2024\/08\/pogotowieflagowe.pl_.jpg","contentUrl":"https:\/\/www.pogotowieflagowe.pl\/aktualne\/wp-content\/uploads\/2024\/08\/pogotowieflagowe.pl_.jpg","caption":"Filip"},"description":"Jestem Filip, polski dziennikarz z dyplomem nauk politycznych Uniwersytetu Warszawskiego. Rozpoczynaj\u0105c swoj\u0105 karier\u0119 w r\u00f3\u017cnych lokalnych mediach, zdoby\u0142em solidne do\u015bwiadczenie w zakresie \u015bledztwa i redakcji. Obecnie jako redaktor w Pogotowie flagowe, staram si\u0119 dostarcza\u0107 dog\u0142\u0119bne i istotne analizy na temat najwa\u017cniejszych kwestii aktualno\u015bci, \u0142\u0105cz\u0105c rygor z pasj\u0105 dziennikarsk\u0105.","sameAs":["https:\/\/www.pogotowieflagowe.pl\/"]}]}},"_links":{"self":[{"href":"https:\/\/www.pogotowieflagowe.pl\/aktualne\/wp-json\/wp\/v2\/posts\/4519","targetHints":{"allow":["GET"]}}],"collection":[{"href":"https:\/\/www.pogotowieflagowe.pl\/aktualne\/wp-json\/wp\/v2\/posts"}],"about":[{"href":"https:\/\/www.pogotowieflagowe.pl\/aktualne\/wp-json\/wp\/v2\/types\/post"}],"author":[{"embeddable":true,"href":"https:\/\/www.pogotowieflagowe.pl\/aktualne\/wp-json\/wp\/v2\/users\/1"}],"replies":[{"embeddable":true,"href":"https:\/\/www.pogotowieflagowe.pl\/aktualne\/wp-json\/wp\/v2\/comments?post=4519"}],"version-history":[{"count":1,"href":"https:\/\/www.pogotowieflagowe.pl\/aktualne\/wp-json\/wp\/v2\/posts\/4519\/revisions"}],"predecessor-version":[{"id":4520,"href":"https:\/\/www.pogotowieflagowe.pl\/aktualne\/wp-json\/wp\/v2\/posts\/4519\/revisions\/4520"}],"wp:featuredmedia":[{"embeddable":true,"href":"https:\/\/www.pogotowieflagowe.pl\/aktualne\/wp-json\/wp\/v2\/media\/4293"}],"wp:attachment":[{"href":"https:\/\/www.pogotowieflagowe.pl\/aktualne\/wp-json\/wp\/v2\/media?parent=4519"}],"wp:term":[{"taxonomy":"category","embeddable":true,"href":"https:\/\/www.pogotowieflagowe.pl\/aktualne\/wp-json\/wp\/v2\/categories?post=4519"},{"taxonomy":"post_tag","embeddable":true,"href":"https:\/\/www.pogotowieflagowe.pl\/aktualne\/wp-json\/wp\/v2\/tags?post=4519"}],"curies":[{"name":"wp","href":"https:\/\/api.w.org\/{rel}","templated":true}]}}