{"id":4554,"date":"2025-03-13T02:46:56","date_gmt":"2025-03-13T01:46:56","guid":{"rendered":"https:\/\/www.pogotowieflagowe.pl\/aktualne\/patryk-jaki-etj-chce-podporzadkowac-polske-elitom-europejskim\/"},"modified":"2025-03-13T02:46:57","modified_gmt":"2025-03-13T01:46:57","slug":"patryk-jaki-etj-chce-podporzadkowac-polske-elitom-europejskim","status":"publish","type":"post","link":"https:\/\/www.pogotowieflagowe.pl\/aktualne\/patryk-jaki-etj-chce-podporzadkowac-polske-elitom-europejskim\/","title":{"rendered":"Patryk Jaki: ETJ chce podporz\u0105dkowa\u0107 Polsk\u0119 elitom europejskim"},"content":{"rendered":"\n<div class=\"td_block_wrap tdb_single_content tdi_41 td-pb-border-top td_block_template_8 td-post-content tagdiv-type\" data-td-block-uid=\"tdi_41\">\n<style>.tdi_41 {margin-top: 0px! Wa\u017cne; margines-bottom: 0px! WA\u017bNY; PALDING-TOP: 0PX! WA\u017bNY; PALDING-BOTTOM: 0PX! WA\u017bNE}<\/style>\n<style>.tdb_single_content {margin-bottom: 0;*zoom: 1} .tdb_single_content: wcze\u015bniej, .tdb_single_content: po {display: Table; content: ''; line-height: 0} .TDB-BLOCK-INner>*: nie (.WP-BLOCK-QUOTE): not (.alignSwide): not (.Alignfull.wp-block-cover.has-parallax): not (.td-a-ad) {margin-left: auto; margin-right: auto} .tdb_single_ConTent a {wska\u017anik-events: auto} .tdb_single_content .td-spot-id-top_ad .tdc-placeholder-title: przed {content: \u201eArtyku\u0142 top ad\u201d! Wa\u017cne} .tdb_single_content .td-Spot-Id-inline_ad0 .tdc-placeholder-title 1 '! Wa\u017cne} .tdb_single_content .td-Spot-Id-inline_Ad1 .tdc-Placeholder-Title: przed {content: \u201eArtyku\u0142 inline AD 2'! Wa\u017cny} .tdb_single_content. 3 '! Wa\u017cne} .tdb_single_content .td-Spot-Id-Bottom_Ad .tdc-Placeholder-Title: przed {content: \u201eArtyku\u0142 Bottom Ad\u201d! Wa\u017cne} .tdb_single_content .id_top_ad, .tdb_single_content_content .id_bottom_ad {clear: oba; margin-bottom: 21px; text-align: Center} .tdb_single_content .id_top_ad img, .tdb_single_content .id_bottom_ad img {margin-bottom: 0} .tdb_single_conTent .id_top_ad .adsbyGoogle, .tdb_single_content .id_bottom_ad .adsbyGoogle {pozycja: relatyw} .tdb_single_content .id_ad_content-horiz-left, .tdb_single_content .id_ad_content-horiz-right, .tdb_single_content .id_ad_content-horiz-Center {margin-bottom: 15px} .tdb_single_content .id_ad_content-horiz-left Img, .tdb_single_content .id_ad_content-horiz-right img, .tdb_single_content .id_ad_content-horiz-centerter img {margin-bottom: 0} .tdb_single_content .id_ad_content-horiz-center {text-align: Center} .tdb_single_content .id_ad_content-horiz-center img {margin-right: auto; margin-let: auto} .tdb_single_content .id_ad_content-horiz-left {float: left; margin-top: 9px; margin-right: 21px} .tdb_single_content .id_ad_content-horiz-right {float: margin-top: 6px; margin-left: 21px} .tdb_single_content .tdc-a-a-ad .TDC-Placeholder-Title {szeroko\u015b\u0107: 300px; height: 250px} .tdb_single_content .tdc-a-ad .TDC-Placeholder-Title: Przed {Pozycja: Absolute; TOP: 50%;-WebKit-Transform: Translatey (-50%); Transform: Translatey (-50%); margines: auto; Display: Tabela; szeroko\u015b\u0107: 100%}. tdb_single_content .TDB-BLOCK-INNER.TD-FIX-INDEX {Word-Break: Break-word} .tdi_41, .tdi_41> p, .tdi_41 .tdb-block-inner> p, .Wp-Block-Column> p {font-size: 16px! Wa\u017cne; wa\u017cny; p {font-styl: normalne! Wa\u017cne} @media (Max-Width: 767px) {. tdb_single_content .id_ad_content-horiz-left, .tdb_single_content .id_ad_content-horiz-right, .tdb_single_content .id_ad_content-horiz-centter {Margin: 0 AUTO 26PXX auto}}@media (Max-Width: 767px) {. tdb_single_content .id_ad_content-horiz-left {margin-right: 0}}@media (max-width: 767px) {. (Max-Width: 767px) {. tdb_single_content .td-a-ad {float: none; text-align: Center} .tdb_single_content .td-a-ad img {margin-right: auto; margin-left: auto} .tdb_single_content .tdc-a-a-a-{margin-right: auto; margin-left: auto} .tdb_single_content .tdd<\/style>\n<div class=\"tdb-block-inner td-fix-index\">\n<p>Europejski Trybuna\u0142 Sprawiedliwo\u015bci (ETJ) wyda\u0142 o\u015bwiadczenie, kt\u00f3re powinno wstrz\u0105sn\u0105\u0107 debat\u0105 publiczn\u0105 w Polsce. O\u015bwiadczy\u0142 &#8211; konstytucj\u0119 traktat\u00f3w UE &#8211; \u017ce polska konstytucja nie mo\u017ce by\u0107 w konflikcie z prawem UE i oznacza\u0142a orzeczenia konstytucyjnego trybuna\u0142u Polski w tej sprawie jako \u201ebunt\u201d.<\/p>\n<p>To by\u0142 g\u0142\u00f3wny temat dyskusji w wywiadzie dla pos\u0142\u00f3w Patryka Jaki z grupy europejskich konserwatyst\u00f3w i reformist\u00f3w (ECR) w programie <em>W Punkt<\/em>gospodarzem Katarzyna G\u00f3jska. D\u017caki nie wymieni\u0142 s\u0142\u00f3w, oskar\u017caj\u0105c Uni\u0119 Europejsk\u0105 o stosowanie podw\u00f3jnych standard\u00f3w do Polski.<\/p>\n<h3 class=\"wp-block-heading\">Atak na Polski Trybuna\u0142 czy nowy porz\u0105dek prawny?<\/h3>\n<p>Wed\u0142ug Patryka Jaki UE pr\u00f3buje podporz\u0105dkowa\u0107 Polsk\u0119, os\u0142abiaj\u0105c swoje instytucje i pozbawiaj\u0105c go kluczowych kompetencji.<\/p>\n<p>\u201ePolaki oddali \u017cycie, aby upewni\u0107 si\u0119, \u017ce prawo niemieckie lub pruskie nie stan\u0119\u0142o ponad prawami przedstawionymi przez polskich obywateli. Dzisiaj trwa walka o suwerenno\u015b\u0107, ale zamiast narz\u0119dzi wojskowych stosuje si\u0119 mechanizmy prawne i finansowe. W Polsce instaluje si\u0119 rz\u0105d pro niemiecki, a supremacja prawa UE w sprawie konstytucji jest na nas zmuszana \u201d-stwierdzi\u0142 Jaki.<\/p>\n<p>Podkre\u015bli\u0142, \u017ce traktaty UE nie ustanawiaj\u0105 wyra\u017anie prymatu prawa UE w sprawie prawa krajowego.<\/p>\n<p>\u201eArtyku\u0142 5 traktat\u00f3w UE wyra\u017anie stwierdza, \u017ce \u200b\u200bUnia mo\u017ce dzia\u0142a\u0107 tylko w ramach kompetencji przekazanych przez pa\u0144stwa cz\u0142onkowskie. Nigdy nie przeniosli\u015bmy prawa do podporz\u0105dkowania naszej konstytucji do prawa UE &#8211; doda\u0142.<\/p>\n<h3 class=\"wp-block-heading\">Podw\u00f3jne standardy w kierunku Polski<\/h3>\n<p>PES PIS wskaza\u0142, \u017ce podobne orzeczenia s\u0105d\u00f3w konstytucyjnych w innych krajach nie wywo\u0142a\u0142y tak silnej reakcji ETS.<\/p>\n<p>\u201eTo, co uwa\u017ca si\u0119 za obron\u0119 suwerenno\u015bci w Niemczech, Francji, Czechach lub Hiszpanii, jest oznaczone jako\u201e bunt \u201dw Polsce. Polaki s\u0105 traktowani jako obywatele drugiej kategorii, kt\u00f3rzy nie mog\u0105 stosowa\u0107 tych samych rozwi\u0105za\u0144 prawnych, co Niemcy lub Francuzi-powiedzia\u0142.<\/p>\n<h3 class=\"wp-block-heading\">Sp\u00f3r o wybory i \u201eneo-singi\u201d<\/h3>\n<p>D\u017caki zaj\u0105\u0142 si\u0119 r\u00f3wnie\u017c obawami dotycz\u0105cymi systemu s\u0105dowego w Polsce, ostrzegaj\u0105c przed potencjalnymi wyzwaniami dla legitymacji przysz\u0142ych wybor\u00f3w prezydenckich. Wskaza\u0142 na o\u015bwiadczenia urz\u0119dnik\u00f3w pa\u0144stwowych, kt\u00f3re jego zdaniem sugeruj\u0105 pr\u00f3b\u0119 podwa\u017cenia wynik\u00f3w wybor\u00f3w.<\/p>\n<p>Argumentowa\u0142, \u017ce rz\u0105d UE i Donalda Tuska popychaj\u0105 koncepcj\u0119 \u201eneo-os\u0105d\u00f3w\u201d jako sposobu na arbitralne traktowanie Polski jako kraju o gorszej kulturze prawnej.<\/p>\n<p>\u201eKomisja Wenecka twierdzi, \u017ce niekt\u00f3re kraje mog\u0105 zastosowa\u0107 niekt\u00f3re systemy prawne, ale Polska nie mo\u017ce &#8211; wcale, poniewa\u017c mamy ni\u017csz\u0105 kultur\u0119 prawn\u0105. Tymczasem to Polacy stworzyli pierwsz\u0105 konstytucj\u0119 w Europie i byli pionierami w budowaniu demokracji \u201d &#8211; stwierdzi\u0142.<\/p>\n<h3 class=\"wp-block-heading\">Chodzi o Polsk\u0119<\/h3>\n<p>Uwagi Jaki podkre\u015blaj\u0105 krytyczny moment, w kt\u00f3rym stoi Polska. Podejmowane s\u0105 decyzje, kt\u00f3re determinuj\u0105 przysz\u0142o\u015b\u0107 kraju, podczas gdy wed\u0142ug niego osoby rz\u0105dz\u0105 zagraniczne interesy. Je\u015bli Polaki si\u0119 nie obudz\u0105, ostrzega, kraj mo\u017ce zosta\u0107 ca\u0142kowicie podporz\u0105dkowany instytucjom europejskim. Decyduj\u0105ca bitwa odb\u0119dzie si\u0119 przy urnie do g\u0142osowania w maju.<\/p>\n<p>\u201eNie chodzi tylko o wybory, prawa lub s\u0119dzi\u00f3w. Chodzi o to, czy Polska pozostanie narodem, w kt\u00f3rym jej obywatele podejmuj\u0105 decyzje, czy te\u017c stanie si\u0119 regionem zarz\u0105dzanym przez biurokrat\u00f3w UE. To jest moment, w kt\u00f3rym Polaki si\u0119 obudz\u0105 i powiedz\u0105: nie poddamy si\u0119 naszej suwerenno\u015bci bez walki &#8211; o\u015bwiadczy\u0142 MEP.<\/p>\n<\/div>\n<\/div>\n","protected":false},"excerpt":{"rendered":"<p>Europejski Trybuna\u0142 Sprawiedliwo\u015bci (ETJ) wyda\u0142 o\u015bwiadczenie, kt\u00f3re powinno wstrz\u0105sn\u0105\u0107 debat\u0105 publiczn\u0105 w Polsce. O\u015bwiadczy\u0142 &#8211; konstytucj\u0119 traktat\u00f3w UE &#8211; \u017ce<\/p>\n","protected":false},"author":1,"featured_media":4555,"comment_status":"closed","ping_status":"","sticky":false,"template":"","format":"standard","meta":{"footnotes":""},"categories":[44],"tags":[5698,6233,6232,2267,4771,910,5926,698],"class_list":["post-4554","post","type-post","status-publish","format-standard","has-post-thumbnail","hentry","category-polityka","tag-chce","tag-elitom","tag-etj","tag-europejskim","tag-jaki","tag-patryk","tag-podporzadkowac","tag-polske","generate-columns","tablet-grid-50","mobile-grid-100","grid-parent","grid-50","resize-featured-image"],"yoast_head":"<!-- This site is optimized with the Yoast SEO plugin v23.2 - https:\/\/yoast.com\/wordpress\/plugins\/seo\/ -->\n<title>Patryk Jaki: ETJ chce podporz\u0105dkowa\u0107 Polsk\u0119 elitom europejskim - POGOTOWIE FLAGOWE\u00ae<\/title>\n<meta name=\"robots\" content=\"index, follow, max-snippet:-1, max-image-preview:large, max-video-preview:-1\" \/>\n<link rel=\"canonical\" href=\"https:\/\/www.pogotowieflagowe.pl\/aktualne\/patryk-jaki-etj-chce-podporzadkowac-polske-elitom-europejskim\/\" \/>\n<meta property=\"og:locale\" content=\"pl_PL\" \/>\n<meta property=\"og:type\" content=\"article\" \/>\n<meta property=\"og:title\" content=\"Patryk Jaki: ETJ chce podporz\u0105dkowa\u0107 Polsk\u0119 elitom europejskim - POGOTOWIE FLAGOWE\u00ae\" \/>\n<meta property=\"og:description\" content=\"Europejski Trybuna\u0142 Sprawiedliwo\u015bci (ETJ) wyda\u0142 o\u015bwiadczenie, kt\u00f3re powinno wstrz\u0105sn\u0105\u0107 debat\u0105 publiczn\u0105 w Polsce. O\u015bwiadczy\u0142 &#8211; konstytucj\u0119 traktat\u00f3w UE &#8211; \u017ce\" \/>\n<meta property=\"og:url\" content=\"https:\/\/www.pogotowieflagowe.pl\/aktualne\/patryk-jaki-etj-chce-podporzadkowac-polske-elitom-europejskim\/\" \/>\n<meta property=\"og:site_name\" content=\"POGOTOWIE FLAGOWE\u00ae\" \/>\n<meta property=\"article:published_time\" content=\"2025-03-13T01:46:56+00:00\" \/>\n<meta property=\"article:modified_time\" content=\"2025-03-13T01:46:57+00:00\" \/>\n<meta property=\"og:image\" content=\"https:\/\/www.pogotowieflagowe.pl\/aktualne\/wp-content\/uploads\/2025\/03\/Patryk-Jaki-ETJ-chce-podporzadkowac-Polske-elitom-europejskim.jpeg\" \/>\n\t<meta property=\"og:image:width\" content=\"1200\" \/>\n\t<meta property=\"og:image:height\" content=\"675\" \/>\n\t<meta property=\"og:image:type\" content=\"image\/jpeg\" \/>\n<meta name=\"author\" content=\"Filip\" \/>\n<meta name=\"twitter:card\" content=\"summary_large_image\" \/>\n<meta name=\"twitter:label1\" content=\"Napisane przez\" \/>\n\t<meta name=\"twitter:data1\" content=\"Filip\" \/>\n\t<meta name=\"twitter:label2\" content=\"Szacowany czas czytania\" \/>\n\t<meta name=\"twitter:data2\" content=\"3 minuty\" \/>\n<script type=\"application\/ld+json\" class=\"yoast-schema-graph\">{\"@context\":\"https:\/\/schema.org\",\"@graph\":[{\"@type\":\"Article\",\"@id\":\"https:\/\/www.pogotowieflagowe.pl\/aktualne\/patryk-jaki-etj-chce-podporzadkowac-polske-elitom-europejskim\/#article\",\"isPartOf\":{\"@id\":\"https:\/\/www.pogotowieflagowe.pl\/aktualne\/patryk-jaki-etj-chce-podporzadkowac-polske-elitom-europejskim\/\"},\"author\":{\"name\":\"Filip\",\"@id\":\"https:\/\/www.pogotowieflagowe.pl\/aktualne\/#\/schema\/person\/9c2fb7d2362ebf6fa088960d7f0d27b0\"},\"headline\":\"Patryk Jaki: ETJ chce podporz\u0105dkowa\u0107 Polsk\u0119 elitom europejskim\",\"datePublished\":\"2025-03-13T01:46:56+00:00\",\"dateModified\":\"2025-03-13T01:46:57+00:00\",\"mainEntityOfPage\":{\"@id\":\"https:\/\/www.pogotowieflagowe.pl\/aktualne\/patryk-jaki-etj-chce-podporzadkowac-polske-elitom-europejskim\/\"},\"wordCount\":559,\"publisher\":{\"@id\":\"https:\/\/www.pogotowieflagowe.pl\/aktualne\/#organization\"},\"image\":{\"@id\":\"https:\/\/www.pogotowieflagowe.pl\/aktualne\/patryk-jaki-etj-chce-podporzadkowac-polske-elitom-europejskim\/#primaryimage\"},\"thumbnailUrl\":\"https:\/\/www.pogotowieflagowe.pl\/aktualne\/wp-content\/uploads\/2025\/03\/Patryk-Jaki-ETJ-chce-podporzadkowac-Polske-elitom-europejskim.jpeg\",\"keywords\":[\"chce\",\"elitom\",\"ETJ\",\"europejskim\",\"jaki\",\"Patryk\",\"podporz\u0105dkowa\u0107\",\"Polsk\u0119\"],\"articleSection\":[\"Polityka\"],\"inLanguage\":\"pl-PL\"},{\"@type\":\"WebPage\",\"@id\":\"https:\/\/www.pogotowieflagowe.pl\/aktualne\/patryk-jaki-etj-chce-podporzadkowac-polske-elitom-europejskim\/\",\"url\":\"https:\/\/www.pogotowieflagowe.pl\/aktualne\/patryk-jaki-etj-chce-podporzadkowac-polske-elitom-europejskim\/\",\"name\":\"Patryk Jaki: ETJ chce podporz\u0105dkowa\u0107 Polsk\u0119 elitom europejskim - POGOTOWIE FLAGOWE\u00ae\",\"isPartOf\":{\"@id\":\"https:\/\/www.pogotowieflagowe.pl\/aktualne\/#website\"},\"primaryImageOfPage\":{\"@id\":\"https:\/\/www.pogotowieflagowe.pl\/aktualne\/patryk-jaki-etj-chce-podporzadkowac-polske-elitom-europejskim\/#primaryimage\"},\"image\":{\"@id\":\"https:\/\/www.pogotowieflagowe.pl\/aktualne\/patryk-jaki-etj-chce-podporzadkowac-polske-elitom-europejskim\/#primaryimage\"},\"thumbnailUrl\":\"https:\/\/www.pogotowieflagowe.pl\/aktualne\/wp-content\/uploads\/2025\/03\/Patryk-Jaki-ETJ-chce-podporzadkowac-Polske-elitom-europejskim.jpeg\",\"datePublished\":\"2025-03-13T01:46:56+00:00\",\"dateModified\":\"2025-03-13T01:46:57+00:00\",\"breadcrumb\":{\"@id\":\"https:\/\/www.pogotowieflagowe.pl\/aktualne\/patryk-jaki-etj-chce-podporzadkowac-polske-elitom-europejskim\/#breadcrumb\"},\"inLanguage\":\"pl-PL\",\"potentialAction\":[{\"@type\":\"ReadAction\",\"target\":[\"https:\/\/www.pogotowieflagowe.pl\/aktualne\/patryk-jaki-etj-chce-podporzadkowac-polske-elitom-europejskim\/\"]}]},{\"@type\":\"ImageObject\",\"inLanguage\":\"pl-PL\",\"@id\":\"https:\/\/www.pogotowieflagowe.pl\/aktualne\/patryk-jaki-etj-chce-podporzadkowac-polske-elitom-europejskim\/#primaryimage\",\"url\":\"https:\/\/www.pogotowieflagowe.pl\/aktualne\/wp-content\/uploads\/2025\/03\/Patryk-Jaki-ETJ-chce-podporzadkowac-Polske-elitom-europejskim.jpeg\",\"contentUrl\":\"https:\/\/www.pogotowieflagowe.pl\/aktualne\/wp-content\/uploads\/2025\/03\/Patryk-Jaki-ETJ-chce-podporzadkowac-Polske-elitom-europejskim.jpeg\",\"width\":1200,\"height\":675,\"caption\":\"Patryk Jaki: ETJ chce podporz\u0105dkowa\u0107 Polsk\u0119 elitom europejskim\"},{\"@type\":\"BreadcrumbList\",\"@id\":\"https:\/\/www.pogotowieflagowe.pl\/aktualne\/patryk-jaki-etj-chce-podporzadkowac-polske-elitom-europejskim\/#breadcrumb\",\"itemListElement\":[{\"@type\":\"ListItem\",\"position\":1,\"name\":\"Home\",\"item\":\"https:\/\/www.pogotowieflagowe.pl\/aktualne\/\"},{\"@type\":\"ListItem\",\"position\":2,\"name\":\"Patryk Jaki: ETJ chce podporz\u0105dkowa\u0107 Polsk\u0119 elitom europejskim\"}]},{\"@type\":\"WebSite\",\"@id\":\"https:\/\/www.pogotowieflagowe.pl\/aktualne\/#website\",\"url\":\"https:\/\/www.pogotowieflagowe.pl\/aktualne\/\",\"name\":\"POGOTOWIE FLAGOWE\u00ae\",\"description\":\"\",\"publisher\":{\"@id\":\"https:\/\/www.pogotowieflagowe.pl\/aktualne\/#organization\"},\"potentialAction\":[{\"@type\":\"SearchAction\",\"target\":{\"@type\":\"EntryPoint\",\"urlTemplate\":\"https:\/\/www.pogotowieflagowe.pl\/aktualne\/?s={search_term_string}\"},\"query-input\":\"required name=search_term_string\"}],\"inLanguage\":\"pl-PL\"},{\"@type\":\"Organization\",\"@id\":\"https:\/\/www.pogotowieflagowe.pl\/aktualne\/#organization\",\"name\":\"POGOTOWIE FLAGOWE\u00ae\",\"url\":\"https:\/\/www.pogotowieflagowe.pl\/aktualne\/\",\"logo\":{\"@type\":\"ImageObject\",\"inLanguage\":\"pl-PL\",\"@id\":\"https:\/\/www.pogotowieflagowe.pl\/aktualne\/#\/schema\/logo\/image\/\",\"url\":\"https:\/\/www.pogotowieflagowe.pl\/aktualne\/wp-content\/uploads\/2024\/08\/cropped-pogotowieflagowe_flaga_projekt_sm.jpg\",\"contentUrl\":\"https:\/\/www.pogotowieflagowe.pl\/aktualne\/wp-content\/uploads\/2024\/08\/cropped-pogotowieflagowe_flaga_projekt_sm.jpg\",\"width\":250,\"height\":143,\"caption\":\"POGOTOWIE FLAGOWE\u00ae\"},\"image\":{\"@id\":\"https:\/\/www.pogotowieflagowe.pl\/aktualne\/#\/schema\/logo\/image\/\"}},{\"@type\":\"Person\",\"@id\":\"https:\/\/www.pogotowieflagowe.pl\/aktualne\/#\/schema\/person\/9c2fb7d2362ebf6fa088960d7f0d27b0\",\"name\":\"Filip\",\"image\":{\"@type\":\"ImageObject\",\"inLanguage\":\"pl-PL\",\"@id\":\"https:\/\/www.pogotowieflagowe.pl\/aktualne\/#\/schema\/person\/image\/\",\"url\":\"https:\/\/www.pogotowieflagowe.pl\/aktualne\/wp-content\/uploads\/2024\/08\/pogotowieflagowe.pl_.jpg\",\"contentUrl\":\"https:\/\/www.pogotowieflagowe.pl\/aktualne\/wp-content\/uploads\/2024\/08\/pogotowieflagowe.pl_.jpg\",\"caption\":\"Filip\"},\"description\":\"Jestem Filip, polski dziennikarz z dyplomem nauk politycznych Uniwersytetu Warszawskiego. Rozpoczynaj\u0105c swoj\u0105 karier\u0119 w r\u00f3\u017cnych lokalnych mediach, zdoby\u0142em solidne do\u015bwiadczenie w zakresie \u015bledztwa i redakcji. Obecnie jako redaktor w Pogotowie flagowe, staram si\u0119 dostarcza\u0107 dog\u0142\u0119bne i istotne analizy na temat najwa\u017cniejszych kwestii aktualno\u015bci, \u0142\u0105cz\u0105c rygor z pasj\u0105 dziennikarsk\u0105.\",\"sameAs\":[\"https:\/\/www.pogotowieflagowe.pl\/\"]}]}<\/script>\n<!-- \/ Yoast SEO plugin. -->","yoast_head_json":{"title":"Patryk Jaki: ETJ chce podporz\u0105dkowa\u0107 Polsk\u0119 elitom europejskim - POGOTOWIE FLAGOWE\u00ae","robots":{"index":"index","follow":"follow","max-snippet":"max-snippet:-1","max-image-preview":"max-image-preview:large","max-video-preview":"max-video-preview:-1"},"canonical":"https:\/\/www.pogotowieflagowe.pl\/aktualne\/patryk-jaki-etj-chce-podporzadkowac-polske-elitom-europejskim\/","og_locale":"pl_PL","og_type":"article","og_title":"Patryk Jaki: ETJ chce podporz\u0105dkowa\u0107 Polsk\u0119 elitom europejskim - POGOTOWIE FLAGOWE\u00ae","og_description":"Europejski Trybuna\u0142 Sprawiedliwo\u015bci (ETJ) wyda\u0142 o\u015bwiadczenie, kt\u00f3re powinno wstrz\u0105sn\u0105\u0107 debat\u0105 publiczn\u0105 w Polsce. O\u015bwiadczy\u0142 &#8211; konstytucj\u0119 traktat\u00f3w UE &#8211; \u017ce","og_url":"https:\/\/www.pogotowieflagowe.pl\/aktualne\/patryk-jaki-etj-chce-podporzadkowac-polske-elitom-europejskim\/","og_site_name":"POGOTOWIE FLAGOWE\u00ae","article_published_time":"2025-03-13T01:46:56+00:00","article_modified_time":"2025-03-13T01:46:57+00:00","og_image":[{"width":1200,"height":675,"url":"https:\/\/www.pogotowieflagowe.pl\/aktualne\/wp-content\/uploads\/2025\/03\/Patryk-Jaki-ETJ-chce-podporzadkowac-Polske-elitom-europejskim.jpeg","type":"image\/jpeg"}],"author":"Filip","twitter_card":"summary_large_image","twitter_misc":{"Napisane przez":"Filip","Szacowany czas czytania":"3 minuty"},"schema":{"@context":"https:\/\/schema.org","@graph":[{"@type":"Article","@id":"https:\/\/www.pogotowieflagowe.pl\/aktualne\/patryk-jaki-etj-chce-podporzadkowac-polske-elitom-europejskim\/#article","isPartOf":{"@id":"https:\/\/www.pogotowieflagowe.pl\/aktualne\/patryk-jaki-etj-chce-podporzadkowac-polske-elitom-europejskim\/"},"author":{"name":"Filip","@id":"https:\/\/www.pogotowieflagowe.pl\/aktualne\/#\/schema\/person\/9c2fb7d2362ebf6fa088960d7f0d27b0"},"headline":"Patryk Jaki: ETJ chce podporz\u0105dkowa\u0107 Polsk\u0119 elitom europejskim","datePublished":"2025-03-13T01:46:56+00:00","dateModified":"2025-03-13T01:46:57+00:00","mainEntityOfPage":{"@id":"https:\/\/www.pogotowieflagowe.pl\/aktualne\/patryk-jaki-etj-chce-podporzadkowac-polske-elitom-europejskim\/"},"wordCount":559,"publisher":{"@id":"https:\/\/www.pogotowieflagowe.pl\/aktualne\/#organization"},"image":{"@id":"https:\/\/www.pogotowieflagowe.pl\/aktualne\/patryk-jaki-etj-chce-podporzadkowac-polske-elitom-europejskim\/#primaryimage"},"thumbnailUrl":"https:\/\/www.pogotowieflagowe.pl\/aktualne\/wp-content\/uploads\/2025\/03\/Patryk-Jaki-ETJ-chce-podporzadkowac-Polske-elitom-europejskim.jpeg","keywords":["chce","elitom","ETJ","europejskim","jaki","Patryk","podporz\u0105dkowa\u0107","Polsk\u0119"],"articleSection":["Polityka"],"inLanguage":"pl-PL"},{"@type":"WebPage","@id":"https:\/\/www.pogotowieflagowe.pl\/aktualne\/patryk-jaki-etj-chce-podporzadkowac-polske-elitom-europejskim\/","url":"https:\/\/www.pogotowieflagowe.pl\/aktualne\/patryk-jaki-etj-chce-podporzadkowac-polske-elitom-europejskim\/","name":"Patryk Jaki: ETJ chce podporz\u0105dkowa\u0107 Polsk\u0119 elitom europejskim - POGOTOWIE FLAGOWE\u00ae","isPartOf":{"@id":"https:\/\/www.pogotowieflagowe.pl\/aktualne\/#website"},"primaryImageOfPage":{"@id":"https:\/\/www.pogotowieflagowe.pl\/aktualne\/patryk-jaki-etj-chce-podporzadkowac-polske-elitom-europejskim\/#primaryimage"},"image":{"@id":"https:\/\/www.pogotowieflagowe.pl\/aktualne\/patryk-jaki-etj-chce-podporzadkowac-polske-elitom-europejskim\/#primaryimage"},"thumbnailUrl":"https:\/\/www.pogotowieflagowe.pl\/aktualne\/wp-content\/uploads\/2025\/03\/Patryk-Jaki-ETJ-chce-podporzadkowac-Polske-elitom-europejskim.jpeg","datePublished":"2025-03-13T01:46:56+00:00","dateModified":"2025-03-13T01:46:57+00:00","breadcrumb":{"@id":"https:\/\/www.pogotowieflagowe.pl\/aktualne\/patryk-jaki-etj-chce-podporzadkowac-polske-elitom-europejskim\/#breadcrumb"},"inLanguage":"pl-PL","potentialAction":[{"@type":"ReadAction","target":["https:\/\/www.pogotowieflagowe.pl\/aktualne\/patryk-jaki-etj-chce-podporzadkowac-polske-elitom-europejskim\/"]}]},{"@type":"ImageObject","inLanguage":"pl-PL","@id":"https:\/\/www.pogotowieflagowe.pl\/aktualne\/patryk-jaki-etj-chce-podporzadkowac-polske-elitom-europejskim\/#primaryimage","url":"https:\/\/www.pogotowieflagowe.pl\/aktualne\/wp-content\/uploads\/2025\/03\/Patryk-Jaki-ETJ-chce-podporzadkowac-Polske-elitom-europejskim.jpeg","contentUrl":"https:\/\/www.pogotowieflagowe.pl\/aktualne\/wp-content\/uploads\/2025\/03\/Patryk-Jaki-ETJ-chce-podporzadkowac-Polske-elitom-europejskim.jpeg","width":1200,"height":675,"caption":"Patryk Jaki: ETJ chce podporz\u0105dkowa\u0107 Polsk\u0119 elitom europejskim"},{"@type":"BreadcrumbList","@id":"https:\/\/www.pogotowieflagowe.pl\/aktualne\/patryk-jaki-etj-chce-podporzadkowac-polske-elitom-europejskim\/#breadcrumb","itemListElement":[{"@type":"ListItem","position":1,"name":"Home","item":"https:\/\/www.pogotowieflagowe.pl\/aktualne\/"},{"@type":"ListItem","position":2,"name":"Patryk Jaki: ETJ chce podporz\u0105dkowa\u0107 Polsk\u0119 elitom europejskim"}]},{"@type":"WebSite","@id":"https:\/\/www.pogotowieflagowe.pl\/aktualne\/#website","url":"https:\/\/www.pogotowieflagowe.pl\/aktualne\/","name":"POGOTOWIE FLAGOWE\u00ae","description":"","publisher":{"@id":"https:\/\/www.pogotowieflagowe.pl\/aktualne\/#organization"},"potentialAction":[{"@type":"SearchAction","target":{"@type":"EntryPoint","urlTemplate":"https:\/\/www.pogotowieflagowe.pl\/aktualne\/?s={search_term_string}"},"query-input":"required name=search_term_string"}],"inLanguage":"pl-PL"},{"@type":"Organization","@id":"https:\/\/www.pogotowieflagowe.pl\/aktualne\/#organization","name":"POGOTOWIE FLAGOWE\u00ae","url":"https:\/\/www.pogotowieflagowe.pl\/aktualne\/","logo":{"@type":"ImageObject","inLanguage":"pl-PL","@id":"https:\/\/www.pogotowieflagowe.pl\/aktualne\/#\/schema\/logo\/image\/","url":"https:\/\/www.pogotowieflagowe.pl\/aktualne\/wp-content\/uploads\/2024\/08\/cropped-pogotowieflagowe_flaga_projekt_sm.jpg","contentUrl":"https:\/\/www.pogotowieflagowe.pl\/aktualne\/wp-content\/uploads\/2024\/08\/cropped-pogotowieflagowe_flaga_projekt_sm.jpg","width":250,"height":143,"caption":"POGOTOWIE FLAGOWE\u00ae"},"image":{"@id":"https:\/\/www.pogotowieflagowe.pl\/aktualne\/#\/schema\/logo\/image\/"}},{"@type":"Person","@id":"https:\/\/www.pogotowieflagowe.pl\/aktualne\/#\/schema\/person\/9c2fb7d2362ebf6fa088960d7f0d27b0","name":"Filip","image":{"@type":"ImageObject","inLanguage":"pl-PL","@id":"https:\/\/www.pogotowieflagowe.pl\/aktualne\/#\/schema\/person\/image\/","url":"https:\/\/www.pogotowieflagowe.pl\/aktualne\/wp-content\/uploads\/2024\/08\/pogotowieflagowe.pl_.jpg","contentUrl":"https:\/\/www.pogotowieflagowe.pl\/aktualne\/wp-content\/uploads\/2024\/08\/pogotowieflagowe.pl_.jpg","caption":"Filip"},"description":"Jestem Filip, polski dziennikarz z dyplomem nauk politycznych Uniwersytetu Warszawskiego. Rozpoczynaj\u0105c swoj\u0105 karier\u0119 w r\u00f3\u017cnych lokalnych mediach, zdoby\u0142em solidne do\u015bwiadczenie w zakresie \u015bledztwa i redakcji. Obecnie jako redaktor w Pogotowie flagowe, staram si\u0119 dostarcza\u0107 dog\u0142\u0119bne i istotne analizy na temat najwa\u017cniejszych kwestii aktualno\u015bci, \u0142\u0105cz\u0105c rygor z pasj\u0105 dziennikarsk\u0105.","sameAs":["https:\/\/www.pogotowieflagowe.pl\/"]}]}},"_links":{"self":[{"href":"https:\/\/www.pogotowieflagowe.pl\/aktualne\/wp-json\/wp\/v2\/posts\/4554","targetHints":{"allow":["GET"]}}],"collection":[{"href":"https:\/\/www.pogotowieflagowe.pl\/aktualne\/wp-json\/wp\/v2\/posts"}],"about":[{"href":"https:\/\/www.pogotowieflagowe.pl\/aktualne\/wp-json\/wp\/v2\/types\/post"}],"author":[{"embeddable":true,"href":"https:\/\/www.pogotowieflagowe.pl\/aktualne\/wp-json\/wp\/v2\/users\/1"}],"replies":[{"embeddable":true,"href":"https:\/\/www.pogotowieflagowe.pl\/aktualne\/wp-json\/wp\/v2\/comments?post=4554"}],"version-history":[{"count":1,"href":"https:\/\/www.pogotowieflagowe.pl\/aktualne\/wp-json\/wp\/v2\/posts\/4554\/revisions"}],"predecessor-version":[{"id":4556,"href":"https:\/\/www.pogotowieflagowe.pl\/aktualne\/wp-json\/wp\/v2\/posts\/4554\/revisions\/4556"}],"wp:featuredmedia":[{"embeddable":true,"href":"https:\/\/www.pogotowieflagowe.pl\/aktualne\/wp-json\/wp\/v2\/media\/4555"}],"wp:attachment":[{"href":"https:\/\/www.pogotowieflagowe.pl\/aktualne\/wp-json\/wp\/v2\/media?parent=4554"}],"wp:term":[{"taxonomy":"category","embeddable":true,"href":"https:\/\/www.pogotowieflagowe.pl\/aktualne\/wp-json\/wp\/v2\/categories?post=4554"},{"taxonomy":"post_tag","embeddable":true,"href":"https:\/\/www.pogotowieflagowe.pl\/aktualne\/wp-json\/wp\/v2\/tags?post=4554"}],"curies":[{"name":"wp","href":"https:\/\/api.w.org\/{rel}","templated":true}]}}