{"id":4557,"date":"2025-03-13T03:47:23","date_gmt":"2025-03-13T02:47:23","guid":{"rendered":"https:\/\/www.pogotowieflagowe.pl\/aktualne\/domniemany-bialoruski-uchodzca-za-podpaleniem-centrum-handlowego-warszaw\/"},"modified":"2025-03-13T03:47:24","modified_gmt":"2025-03-13T02:47:24","slug":"domniemany-bialoruski-uchodzca-za-podpaleniem-centrum-handlowego-warszaw","status":"publish","type":"post","link":"https:\/\/www.pogotowieflagowe.pl\/aktualne\/domniemany-bialoruski-uchodzca-za-podpaleniem-centrum-handlowego-warszaw\/","title":{"rendered":"Domniemany bia\u0142oruski uchod\u017aca za podpaleniem centrum handlowego Warszaw"},"content":{"rendered":"\n<div class=\"td_block_wrap tdb_single_content tdi_41 td-pb-border-top td_block_template_8 td-post-content tagdiv-type\" data-td-block-uid=\"tdi_41\">\n<style>.tdi_41 {margin-top: 0px! Wa\u017cne; margines-bottom: 0px! WA\u017bNY; PALDING-TOP: 0PX! WA\u017bNY; PALDING-BOTTOM: 0PX! WA\u017bNE}<\/style>\n<style>.tdb_single_content {margin-bottom: 0;*zoom: 1} .tdb_single_content: wcze\u015bniej, .tdb_single_content: po {display: Table; content: ''; line-height: 0} .TDB-BLOCK-INner>*: nie (.WP-BLOCK-QUOTE): not (.alignSwide): not (.Alignfull.wp-block-cover.has-parallax): not (.td-a-ad) {margin-left: auto; margin-right: auto} .tdb_single_ConTent a {wska\u017anik-events: auto} .tdb_single_content .td-spot-id-top_ad .tdc-placeholder-title: przed {content: \u201eArtyku\u0142 top ad\u201d! Wa\u017cne} .tdb_single_content .td-Spot-Id-inline_ad0 .tdc-placeholder-title 1 '! Wa\u017cne} .tdb_single_content .td-Spot-Id-inline_Ad1 .tdc-Placeholder-Title: przed {content: \u201eArtyku\u0142 inline AD 2'! Wa\u017cny} .tdb_single_content. 3 '! Wa\u017cne} .tdb_single_content .td-Spot-Id-Bottom_Ad .tdc-Placeholder-Title: przed {content: \u201eArtyku\u0142 Bottom Ad\u201d! Wa\u017cne} .tdb_single_content .id_top_ad, .tdb_single_content_content .id_bottom_ad {clear: oba; margin-bottom: 21px; text-align: Center} .tdb_single_content .id_top_ad img, .tdb_single_content .id_bottom_ad img {margin-bottom: 0} .tdb_single_conTent .id_top_ad .adsbyGoogle, .tdb_single_content .id_bottom_ad .adsbyGoogle {pozycja: relatyw} .tdb_single_content .id_ad_content-horiz-left, .tdb_single_content .id_ad_content-horiz-right, .tdb_single_content .id_ad_content-horiz-Center {margin-bottom: 15px} .tdb_single_content .id_ad_content-horiz-left Img, .tdb_single_content .id_ad_content-horiz-right img, .tdb_single_content .id_ad_content-horiz-centerter img {margin-bottom: 0} .tdb_single_content .id_ad_content-horiz-center {text-align: Center} .tdb_single_content .id_ad_content-horiz-center img {margin-right: auto; margin-let: auto} .tdb_single_content .id_ad_content-horiz-left {float: left; margin-top: 9px; margin-right: 21px} .tdb_single_content .id_ad_content-horiz-right {float: margin-top: 6px; margin-left: 21px} .tdb_single_content .tdc-a-a-ad .TDC-Placeholder-Title {szeroko\u015b\u0107: 300px; height: 250px} .tdb_single_content .tdc-a-ad .TDC-Placeholder-Title: Przed {Pozycja: Absolute; TOP: 50%;-WebKit-Transform: Translatey (-50%); Transform: Translatey (-50%); margines: auto; Display: Tabela; szeroko\u015b\u0107: 100%}. tdb_single_content .TDB-BLOCK-INNER.TD-FIX-INDEX {Word-Break: Break-word} .tdi_41, .tdi_41> p, .tdi_41 .tdb-block-inner> p, .Wp-Block-Column> p {font-size: 16px! Wa\u017cne; wa\u017cny; p {font-styl: normalne! Wa\u017cne} @media (Max-Width: 767px) {. tdb_single_content .id_ad_content-horiz-left, .tdb_single_content .id_ad_content-horiz-right, .tdb_single_content .id_ad_content-horiz-centter {Margin: 0 AUTO 26PXX auto}}@media (Max-Width: 767px) {. tdb_single_content .id_ad_content-horiz-left {margin-right: 0}}@media (max-width: 767px) {. (Max-Width: 767px) {. tdb_single_content .td-a-ad {float: none; text-align: Center} .tdb_single_content .td-a-ad img {margin-right: auto; margin-left: auto} .tdb_single_content .tdc-a-a-a-{margin-right: auto; margin-left: auto} .tdb_single_content .tdd<\/style>\n<div class=\"tdb-block-inner td-fix-index\">\n<p>Prokurator oskar\u017cy\u0142 obywatela Bia\u0142oruskiego Stepana K. o podpalenie w zwi\u0105zku z po\u017cariem kwietnia 2024 r. W du\u017cym sklepie z doskona\u0142o\u015bci\u0105 domu w Warszawie. W\u0142adze ustali\u0142y, \u017ce podejrzany dzia\u0142a\u0142 w imieniu rosyjskiego wywiadu. \u201eWykr\u0119ci\u0142 ogie\u0144 zdalnie i nagra\u0142 wszystko w swoim telefonie\u201d, informuje <em>Rzeczpospolita<\/em> w \u015brod\u0119.<\/p>\n<h3 class=\"wp-block-heading\">Nagrywanie telefonu jako kluczowe dowody<\/h3>\n<p>Krajowa prokuratura stwierdzi\u0142a, \u017ce \u200b\u200bdowody zebrane na miejscu potwierdzi\u0142y, \u017ce po\u017car zosta\u0142 celowo ustawiony.<\/p>\n<p>\u015aledczy przeanalizowali dowody kryminalistyczne, materia\u0142y z nadzoru i raporty ekspert\u00f3w, kt\u00f3re stanowi\u0142y wystarczaj\u0105c\u0105 podstaw\u0119 do podejrzewania, \u017ce \u200b\u200bStepan K. by\u0142 odpowiedzialny. 13 kwietnia 2024 r. Podobno wla\u0142 \u0142atwopalny p\u0142yn do sklepu i opu\u015bci\u0142 urz\u0105dzenia, kt\u00f3re pozwoli\u0142y na zdalne zap\u0142on.<\/p>\n<p>W nocy w dniach 13\u201314 kwietnia urz\u0105dzenie zosta\u0142o aktywowane, a po\u017car wybuch\u0142. W\u0142adze ustali\u0142y r\u00f3wnie\u017c, \u017ce Stepan K. nakr\u0119ci\u0142 swoje dzia\u0142ania w celu udokumentowania aktu sabota\u017cu. Cz\u0119\u015bci tego materia\u0142u zosta\u0142y p\u00f3\u017aniej opublikowane na rosyjskich stronach propagandowych.<\/p>\n<p>Ponadto \u015bledczy ustalili, \u017ce podejrzany pope\u0142ni\u0142 podpalenie w imieniu zagranicznej s\u0142u\u017cby wywiadowczej &#8211; szczeg\u00f3lnie, agencji wywiadowczej Federacji Rosyjskiej &#8211; z rozkaz\u00f3w rosyjskich us\u0142ug specjalnych.<\/p>\n<h3 class=\"wp-block-heading\">Szkody szacowane na 3,5 miliona PLN<\/h3>\n<p>Raporty medialne pocz\u0105tkowo sugerowa\u0142y, \u017ce po\u017car jest niewielki i szybko zosta\u0142 zawarty przez systemy sklepu. Jednak\u017ce, <em>Rzeczpospolita<\/em> wyja\u015bnia, \u017ce \u200b\u200bpo\u017car by\u0142 powa\u017cny, powoduj\u0105c szkody szacowane na oko\u0142o 3,5 miliona PLN. Dzi\u0119ki systemom t\u0142umienia ognia i szybkiej reakcji stra\u017cak\u00f3w ca\u0142y sklep nie spali\u0142 si\u0119. Nie zg\u0142oszono ofiar, poniewa\u017c po\u017car wybuch\u0142 w nocy, gdy sklep &#8211; zwykle zat\u0142oczony kupuj\u0105cymi &#8211; by\u0142 pusty.<\/p>\n<p>Gazeta zauwa\u017ca r\u00f3wnie\u017c, \u017ce dochodzenie zosta\u0142o wszcz\u0119te przez Mazovian Department ds. Zorganizowanej Przest\u0119pczo\u015bci i Korupcji Krajowej Prokuratury, z pomoc\u0105 funkcjonariuszy z dzia\u0142u terroryzmu i zab\u00f3jstw policji w Warszawie.<\/p>\n<p>W poniedzia\u0142ek podpalacz zosta\u0142 formalnie oskar\u017cony i umieszczony w areszcie przedprocesowym na trzy miesi\u0105ce.<\/p>\n<p><em>\u201eK. Wcze\u015bniej by\u0142 przetrzymywany w polskim wi\u0119zieniu w ramach grupy sabota\u017cowej, kt\u00f3ra obejmowa\u0142a niedawno skazan\u0105 ukrai\u0144sk\u0105 Serhiy S. i zatrzyma\u0142 Tricity Boxer Olgierd L. Jednak w takim przypadku by\u0142 rzekomo zaanga\u017cowany, ale nie bezpo\u015brednim sprawc\u0105. Natomiast w Warszawie podpali\u0142 centrum handlowe na ulicy Radzymi\u0144skiej \u201d<\/em> <em>Rzeczpospolita<\/em> Raporty.<\/p>\n<h3 class=\"wp-block-heading\">Dwa zarzuty<\/h3>\n<p>Bia\u0142oruska stoi w obliczu zarzut\u00f3w na podstawie art. 130, paragrafu 7, zwi\u0105zanych z aktami dywersji i sabota\u017cu &#8211; specjaln\u0105 form\u0105 szpiegostwa podlegaj\u0105cej karze do\u017cywotniemu uwi\u0119zieniu. Drugi zarzut dotyczy umy\u015blnego ustawiania po\u017caru, kt\u00f3ry zagro\u017cony \u017cyciem ludzkim, zdrowiem lub w\u0142asno\u015bci\u0105 na du\u017c\u0105 skal\u0119.<\/p>\n<p>Dochodzenie z udzia\u0142em Stepana K. ma szersze implikacje, poniewa\u017c dotyczy tak\u017ce innych du\u017cych arson\u00f3w sklep\u00f3w w Polsce i innych krajach Europy \u015arodkowej i Wschodniej, w tym na Litwie.<\/p>\n<\/div>\n<\/div>\n","protected":false},"excerpt":{"rendered":"<p>Prokurator oskar\u017cy\u0142 obywatela Bia\u0142oruskiego Stepana K. o podpalenie w zwi\u0105zku z po\u017cariem kwietnia 2024 r. W du\u017cym sklepie z doskona\u0142o\u015bci\u0105<\/p>\n","protected":false},"author":1,"featured_media":4558,"comment_status":"closed","ping_status":"","sticky":false,"template":"","format":"standard","meta":{"footnotes":""},"categories":[4748],"tags":[6235,1319,6234,6238,6237,6236,6239],"class_list":["post-4557","post","type-post","status-publish","format-standard","has-post-thumbnail","hentry","category-aktualne","tag-bialoruski","tag-centrum","tag-domniemany","tag-handlowego","tag-podpaleniem","tag-uchodzca","tag-warszaw","generate-columns","tablet-grid-50","mobile-grid-100","grid-parent","grid-50","resize-featured-image"],"yoast_head":"<!-- This site is optimized with the Yoast SEO plugin v23.2 - https:\/\/yoast.com\/wordpress\/plugins\/seo\/ -->\n<title>Domniemany bia\u0142oruski uchod\u017aca za podpaleniem centrum handlowego Warszaw - POGOTOWIE FLAGOWE\u00ae<\/title>\n<meta name=\"robots\" content=\"index, follow, max-snippet:-1, max-image-preview:large, max-video-preview:-1\" \/>\n<link rel=\"canonical\" href=\"https:\/\/www.pogotowieflagowe.pl\/aktualne\/domniemany-bialoruski-uchodzca-za-podpaleniem-centrum-handlowego-warszaw\/\" \/>\n<meta property=\"og:locale\" content=\"pl_PL\" \/>\n<meta property=\"og:type\" content=\"article\" \/>\n<meta property=\"og:title\" content=\"Domniemany bia\u0142oruski uchod\u017aca za podpaleniem centrum handlowego Warszaw - POGOTOWIE FLAGOWE\u00ae\" \/>\n<meta property=\"og:description\" content=\"Prokurator oskar\u017cy\u0142 obywatela Bia\u0142oruskiego Stepana K. o podpalenie w zwi\u0105zku z po\u017cariem kwietnia 2024 r. W du\u017cym sklepie z doskona\u0142o\u015bci\u0105\" \/>\n<meta property=\"og:url\" content=\"https:\/\/www.pogotowieflagowe.pl\/aktualne\/domniemany-bialoruski-uchodzca-za-podpaleniem-centrum-handlowego-warszaw\/\" \/>\n<meta property=\"og:site_name\" content=\"POGOTOWIE FLAGOWE\u00ae\" \/>\n<meta property=\"article:published_time\" content=\"2025-03-13T02:47:23+00:00\" \/>\n<meta property=\"article:modified_time\" content=\"2025-03-13T02:47:24+00:00\" \/>\n<meta property=\"og:image\" content=\"https:\/\/www.pogotowieflagowe.pl\/aktualne\/wp-content\/uploads\/2025\/03\/Domniemany-bialoruski-uchodzca-za-podpaleniem-centrum-handlowego-Warszaw.jpg\" \/>\n\t<meta property=\"og:image:width\" content=\"1920\" \/>\n\t<meta property=\"og:image:height\" content=\"1275\" \/>\n\t<meta property=\"og:image:type\" content=\"image\/jpeg\" \/>\n<meta name=\"author\" content=\"Filip\" \/>\n<meta name=\"twitter:card\" content=\"summary_large_image\" \/>\n<meta name=\"twitter:label1\" content=\"Napisane przez\" \/>\n\t<meta name=\"twitter:data1\" content=\"Filip\" \/>\n\t<meta name=\"twitter:label2\" content=\"Szacowany czas czytania\" \/>\n\t<meta name=\"twitter:data2\" content=\"2 minuty\" \/>\n<script type=\"application\/ld+json\" class=\"yoast-schema-graph\">{\"@context\":\"https:\/\/schema.org\",\"@graph\":[{\"@type\":\"Article\",\"@id\":\"https:\/\/www.pogotowieflagowe.pl\/aktualne\/domniemany-bialoruski-uchodzca-za-podpaleniem-centrum-handlowego-warszaw\/#article\",\"isPartOf\":{\"@id\":\"https:\/\/www.pogotowieflagowe.pl\/aktualne\/domniemany-bialoruski-uchodzca-za-podpaleniem-centrum-handlowego-warszaw\/\"},\"author\":{\"name\":\"Filip\",\"@id\":\"https:\/\/www.pogotowieflagowe.pl\/aktualne\/#\/schema\/person\/9c2fb7d2362ebf6fa088960d7f0d27b0\"},\"headline\":\"Domniemany bia\u0142oruski uchod\u017aca za podpaleniem centrum handlowego Warszaw\",\"datePublished\":\"2025-03-13T02:47:23+00:00\",\"dateModified\":\"2025-03-13T02:47:24+00:00\",\"mainEntityOfPage\":{\"@id\":\"https:\/\/www.pogotowieflagowe.pl\/aktualne\/domniemany-bialoruski-uchodzca-za-podpaleniem-centrum-handlowego-warszaw\/\"},\"wordCount\":490,\"publisher\":{\"@id\":\"https:\/\/www.pogotowieflagowe.pl\/aktualne\/#organization\"},\"image\":{\"@id\":\"https:\/\/www.pogotowieflagowe.pl\/aktualne\/domniemany-bialoruski-uchodzca-za-podpaleniem-centrum-handlowego-warszaw\/#primaryimage\"},\"thumbnailUrl\":\"https:\/\/www.pogotowieflagowe.pl\/aktualne\/wp-content\/uploads\/2025\/03\/Domniemany-bialoruski-uchodzca-za-podpaleniem-centrum-handlowego-Warszaw.jpg\",\"keywords\":[\"bia\u0142oruski\",\"centrum\",\"Domniemany\",\"handlowego\",\"podpaleniem\",\"uchod\u017aca\",\"Warszaw\"],\"articleSection\":[\"Aktualne\"],\"inLanguage\":\"pl-PL\"},{\"@type\":\"WebPage\",\"@id\":\"https:\/\/www.pogotowieflagowe.pl\/aktualne\/domniemany-bialoruski-uchodzca-za-podpaleniem-centrum-handlowego-warszaw\/\",\"url\":\"https:\/\/www.pogotowieflagowe.pl\/aktualne\/domniemany-bialoruski-uchodzca-za-podpaleniem-centrum-handlowego-warszaw\/\",\"name\":\"Domniemany bia\u0142oruski uchod\u017aca za podpaleniem centrum handlowego Warszaw - POGOTOWIE FLAGOWE\u00ae\",\"isPartOf\":{\"@id\":\"https:\/\/www.pogotowieflagowe.pl\/aktualne\/#website\"},\"primaryImageOfPage\":{\"@id\":\"https:\/\/www.pogotowieflagowe.pl\/aktualne\/domniemany-bialoruski-uchodzca-za-podpaleniem-centrum-handlowego-warszaw\/#primaryimage\"},\"image\":{\"@id\":\"https:\/\/www.pogotowieflagowe.pl\/aktualne\/domniemany-bialoruski-uchodzca-za-podpaleniem-centrum-handlowego-warszaw\/#primaryimage\"},\"thumbnailUrl\":\"https:\/\/www.pogotowieflagowe.pl\/aktualne\/wp-content\/uploads\/2025\/03\/Domniemany-bialoruski-uchodzca-za-podpaleniem-centrum-handlowego-Warszaw.jpg\",\"datePublished\":\"2025-03-13T02:47:23+00:00\",\"dateModified\":\"2025-03-13T02:47:24+00:00\",\"breadcrumb\":{\"@id\":\"https:\/\/www.pogotowieflagowe.pl\/aktualne\/domniemany-bialoruski-uchodzca-za-podpaleniem-centrum-handlowego-warszaw\/#breadcrumb\"},\"inLanguage\":\"pl-PL\",\"potentialAction\":[{\"@type\":\"ReadAction\",\"target\":[\"https:\/\/www.pogotowieflagowe.pl\/aktualne\/domniemany-bialoruski-uchodzca-za-podpaleniem-centrum-handlowego-warszaw\/\"]}]},{\"@type\":\"ImageObject\",\"inLanguage\":\"pl-PL\",\"@id\":\"https:\/\/www.pogotowieflagowe.pl\/aktualne\/domniemany-bialoruski-uchodzca-za-podpaleniem-centrum-handlowego-warszaw\/#primaryimage\",\"url\":\"https:\/\/www.pogotowieflagowe.pl\/aktualne\/wp-content\/uploads\/2025\/03\/Domniemany-bialoruski-uchodzca-za-podpaleniem-centrum-handlowego-Warszaw.jpg\",\"contentUrl\":\"https:\/\/www.pogotowieflagowe.pl\/aktualne\/wp-content\/uploads\/2025\/03\/Domniemany-bialoruski-uchodzca-za-podpaleniem-centrum-handlowego-Warszaw.jpg\",\"width\":1920,\"height\":1275,\"caption\":\"Domniemany bia\u0142oruski uchod\u017aca za podpaleniem centrum handlowego Warszaw\"},{\"@type\":\"BreadcrumbList\",\"@id\":\"https:\/\/www.pogotowieflagowe.pl\/aktualne\/domniemany-bialoruski-uchodzca-za-podpaleniem-centrum-handlowego-warszaw\/#breadcrumb\",\"itemListElement\":[{\"@type\":\"ListItem\",\"position\":1,\"name\":\"Home\",\"item\":\"https:\/\/www.pogotowieflagowe.pl\/aktualne\/\"},{\"@type\":\"ListItem\",\"position\":2,\"name\":\"Domniemany bia\u0142oruski uchod\u017aca za podpaleniem centrum handlowego Warszaw\"}]},{\"@type\":\"WebSite\",\"@id\":\"https:\/\/www.pogotowieflagowe.pl\/aktualne\/#website\",\"url\":\"https:\/\/www.pogotowieflagowe.pl\/aktualne\/\",\"name\":\"POGOTOWIE FLAGOWE\u00ae\",\"description\":\"\",\"publisher\":{\"@id\":\"https:\/\/www.pogotowieflagowe.pl\/aktualne\/#organization\"},\"potentialAction\":[{\"@type\":\"SearchAction\",\"target\":{\"@type\":\"EntryPoint\",\"urlTemplate\":\"https:\/\/www.pogotowieflagowe.pl\/aktualne\/?s={search_term_string}\"},\"query-input\":\"required name=search_term_string\"}],\"inLanguage\":\"pl-PL\"},{\"@type\":\"Organization\",\"@id\":\"https:\/\/www.pogotowieflagowe.pl\/aktualne\/#organization\",\"name\":\"POGOTOWIE FLAGOWE\u00ae\",\"url\":\"https:\/\/www.pogotowieflagowe.pl\/aktualne\/\",\"logo\":{\"@type\":\"ImageObject\",\"inLanguage\":\"pl-PL\",\"@id\":\"https:\/\/www.pogotowieflagowe.pl\/aktualne\/#\/schema\/logo\/image\/\",\"url\":\"https:\/\/www.pogotowieflagowe.pl\/aktualne\/wp-content\/uploads\/2024\/08\/cropped-pogotowieflagowe_flaga_projekt_sm.jpg\",\"contentUrl\":\"https:\/\/www.pogotowieflagowe.pl\/aktualne\/wp-content\/uploads\/2024\/08\/cropped-pogotowieflagowe_flaga_projekt_sm.jpg\",\"width\":250,\"height\":143,\"caption\":\"POGOTOWIE FLAGOWE\u00ae\"},\"image\":{\"@id\":\"https:\/\/www.pogotowieflagowe.pl\/aktualne\/#\/schema\/logo\/image\/\"}},{\"@type\":\"Person\",\"@id\":\"https:\/\/www.pogotowieflagowe.pl\/aktualne\/#\/schema\/person\/9c2fb7d2362ebf6fa088960d7f0d27b0\",\"name\":\"Filip\",\"image\":{\"@type\":\"ImageObject\",\"inLanguage\":\"pl-PL\",\"@id\":\"https:\/\/www.pogotowieflagowe.pl\/aktualne\/#\/schema\/person\/image\/\",\"url\":\"https:\/\/www.pogotowieflagowe.pl\/aktualne\/wp-content\/uploads\/2024\/08\/pogotowieflagowe.pl_.jpg\",\"contentUrl\":\"https:\/\/www.pogotowieflagowe.pl\/aktualne\/wp-content\/uploads\/2024\/08\/pogotowieflagowe.pl_.jpg\",\"caption\":\"Filip\"},\"description\":\"Jestem Filip, polski dziennikarz z dyplomem nauk politycznych Uniwersytetu Warszawskiego. Rozpoczynaj\u0105c swoj\u0105 karier\u0119 w r\u00f3\u017cnych lokalnych mediach, zdoby\u0142em solidne do\u015bwiadczenie w zakresie \u015bledztwa i redakcji. Obecnie jako redaktor w Pogotowie flagowe, staram si\u0119 dostarcza\u0107 dog\u0142\u0119bne i istotne analizy na temat najwa\u017cniejszych kwestii aktualno\u015bci, \u0142\u0105cz\u0105c rygor z pasj\u0105 dziennikarsk\u0105.\",\"sameAs\":[\"https:\/\/www.pogotowieflagowe.pl\/\"]}]}<\/script>\n<!-- \/ Yoast SEO plugin. -->","yoast_head_json":{"title":"Domniemany bia\u0142oruski uchod\u017aca za podpaleniem centrum handlowego Warszaw - POGOTOWIE FLAGOWE\u00ae","robots":{"index":"index","follow":"follow","max-snippet":"max-snippet:-1","max-image-preview":"max-image-preview:large","max-video-preview":"max-video-preview:-1"},"canonical":"https:\/\/www.pogotowieflagowe.pl\/aktualne\/domniemany-bialoruski-uchodzca-za-podpaleniem-centrum-handlowego-warszaw\/","og_locale":"pl_PL","og_type":"article","og_title":"Domniemany bia\u0142oruski uchod\u017aca za podpaleniem centrum handlowego Warszaw - POGOTOWIE FLAGOWE\u00ae","og_description":"Prokurator oskar\u017cy\u0142 obywatela Bia\u0142oruskiego Stepana K. o podpalenie w zwi\u0105zku z po\u017cariem kwietnia 2024 r. W du\u017cym sklepie z doskona\u0142o\u015bci\u0105","og_url":"https:\/\/www.pogotowieflagowe.pl\/aktualne\/domniemany-bialoruski-uchodzca-za-podpaleniem-centrum-handlowego-warszaw\/","og_site_name":"POGOTOWIE FLAGOWE\u00ae","article_published_time":"2025-03-13T02:47:23+00:00","article_modified_time":"2025-03-13T02:47:24+00:00","og_image":[{"width":1920,"height":1275,"url":"https:\/\/www.pogotowieflagowe.pl\/aktualne\/wp-content\/uploads\/2025\/03\/Domniemany-bialoruski-uchodzca-za-podpaleniem-centrum-handlowego-Warszaw.jpg","type":"image\/jpeg"}],"author":"Filip","twitter_card":"summary_large_image","twitter_misc":{"Napisane przez":"Filip","Szacowany czas czytania":"2 minuty"},"schema":{"@context":"https:\/\/schema.org","@graph":[{"@type":"Article","@id":"https:\/\/www.pogotowieflagowe.pl\/aktualne\/domniemany-bialoruski-uchodzca-za-podpaleniem-centrum-handlowego-warszaw\/#article","isPartOf":{"@id":"https:\/\/www.pogotowieflagowe.pl\/aktualne\/domniemany-bialoruski-uchodzca-za-podpaleniem-centrum-handlowego-warszaw\/"},"author":{"name":"Filip","@id":"https:\/\/www.pogotowieflagowe.pl\/aktualne\/#\/schema\/person\/9c2fb7d2362ebf6fa088960d7f0d27b0"},"headline":"Domniemany bia\u0142oruski uchod\u017aca za podpaleniem centrum handlowego Warszaw","datePublished":"2025-03-13T02:47:23+00:00","dateModified":"2025-03-13T02:47:24+00:00","mainEntityOfPage":{"@id":"https:\/\/www.pogotowieflagowe.pl\/aktualne\/domniemany-bialoruski-uchodzca-za-podpaleniem-centrum-handlowego-warszaw\/"},"wordCount":490,"publisher":{"@id":"https:\/\/www.pogotowieflagowe.pl\/aktualne\/#organization"},"image":{"@id":"https:\/\/www.pogotowieflagowe.pl\/aktualne\/domniemany-bialoruski-uchodzca-za-podpaleniem-centrum-handlowego-warszaw\/#primaryimage"},"thumbnailUrl":"https:\/\/www.pogotowieflagowe.pl\/aktualne\/wp-content\/uploads\/2025\/03\/Domniemany-bialoruski-uchodzca-za-podpaleniem-centrum-handlowego-Warszaw.jpg","keywords":["bia\u0142oruski","centrum","Domniemany","handlowego","podpaleniem","uchod\u017aca","Warszaw"],"articleSection":["Aktualne"],"inLanguage":"pl-PL"},{"@type":"WebPage","@id":"https:\/\/www.pogotowieflagowe.pl\/aktualne\/domniemany-bialoruski-uchodzca-za-podpaleniem-centrum-handlowego-warszaw\/","url":"https:\/\/www.pogotowieflagowe.pl\/aktualne\/domniemany-bialoruski-uchodzca-za-podpaleniem-centrum-handlowego-warszaw\/","name":"Domniemany bia\u0142oruski uchod\u017aca za podpaleniem centrum handlowego Warszaw - POGOTOWIE FLAGOWE\u00ae","isPartOf":{"@id":"https:\/\/www.pogotowieflagowe.pl\/aktualne\/#website"},"primaryImageOfPage":{"@id":"https:\/\/www.pogotowieflagowe.pl\/aktualne\/domniemany-bialoruski-uchodzca-za-podpaleniem-centrum-handlowego-warszaw\/#primaryimage"},"image":{"@id":"https:\/\/www.pogotowieflagowe.pl\/aktualne\/domniemany-bialoruski-uchodzca-za-podpaleniem-centrum-handlowego-warszaw\/#primaryimage"},"thumbnailUrl":"https:\/\/www.pogotowieflagowe.pl\/aktualne\/wp-content\/uploads\/2025\/03\/Domniemany-bialoruski-uchodzca-za-podpaleniem-centrum-handlowego-Warszaw.jpg","datePublished":"2025-03-13T02:47:23+00:00","dateModified":"2025-03-13T02:47:24+00:00","breadcrumb":{"@id":"https:\/\/www.pogotowieflagowe.pl\/aktualne\/domniemany-bialoruski-uchodzca-za-podpaleniem-centrum-handlowego-warszaw\/#breadcrumb"},"inLanguage":"pl-PL","potentialAction":[{"@type":"ReadAction","target":["https:\/\/www.pogotowieflagowe.pl\/aktualne\/domniemany-bialoruski-uchodzca-za-podpaleniem-centrum-handlowego-warszaw\/"]}]},{"@type":"ImageObject","inLanguage":"pl-PL","@id":"https:\/\/www.pogotowieflagowe.pl\/aktualne\/domniemany-bialoruski-uchodzca-za-podpaleniem-centrum-handlowego-warszaw\/#primaryimage","url":"https:\/\/www.pogotowieflagowe.pl\/aktualne\/wp-content\/uploads\/2025\/03\/Domniemany-bialoruski-uchodzca-za-podpaleniem-centrum-handlowego-Warszaw.jpg","contentUrl":"https:\/\/www.pogotowieflagowe.pl\/aktualne\/wp-content\/uploads\/2025\/03\/Domniemany-bialoruski-uchodzca-za-podpaleniem-centrum-handlowego-Warszaw.jpg","width":1920,"height":1275,"caption":"Domniemany bia\u0142oruski uchod\u017aca za podpaleniem centrum handlowego Warszaw"},{"@type":"BreadcrumbList","@id":"https:\/\/www.pogotowieflagowe.pl\/aktualne\/domniemany-bialoruski-uchodzca-za-podpaleniem-centrum-handlowego-warszaw\/#breadcrumb","itemListElement":[{"@type":"ListItem","position":1,"name":"Home","item":"https:\/\/www.pogotowieflagowe.pl\/aktualne\/"},{"@type":"ListItem","position":2,"name":"Domniemany bia\u0142oruski uchod\u017aca za podpaleniem centrum handlowego Warszaw"}]},{"@type":"WebSite","@id":"https:\/\/www.pogotowieflagowe.pl\/aktualne\/#website","url":"https:\/\/www.pogotowieflagowe.pl\/aktualne\/","name":"POGOTOWIE FLAGOWE\u00ae","description":"","publisher":{"@id":"https:\/\/www.pogotowieflagowe.pl\/aktualne\/#organization"},"potentialAction":[{"@type":"SearchAction","target":{"@type":"EntryPoint","urlTemplate":"https:\/\/www.pogotowieflagowe.pl\/aktualne\/?s={search_term_string}"},"query-input":"required name=search_term_string"}],"inLanguage":"pl-PL"},{"@type":"Organization","@id":"https:\/\/www.pogotowieflagowe.pl\/aktualne\/#organization","name":"POGOTOWIE FLAGOWE\u00ae","url":"https:\/\/www.pogotowieflagowe.pl\/aktualne\/","logo":{"@type":"ImageObject","inLanguage":"pl-PL","@id":"https:\/\/www.pogotowieflagowe.pl\/aktualne\/#\/schema\/logo\/image\/","url":"https:\/\/www.pogotowieflagowe.pl\/aktualne\/wp-content\/uploads\/2024\/08\/cropped-pogotowieflagowe_flaga_projekt_sm.jpg","contentUrl":"https:\/\/www.pogotowieflagowe.pl\/aktualne\/wp-content\/uploads\/2024\/08\/cropped-pogotowieflagowe_flaga_projekt_sm.jpg","width":250,"height":143,"caption":"POGOTOWIE FLAGOWE\u00ae"},"image":{"@id":"https:\/\/www.pogotowieflagowe.pl\/aktualne\/#\/schema\/logo\/image\/"}},{"@type":"Person","@id":"https:\/\/www.pogotowieflagowe.pl\/aktualne\/#\/schema\/person\/9c2fb7d2362ebf6fa088960d7f0d27b0","name":"Filip","image":{"@type":"ImageObject","inLanguage":"pl-PL","@id":"https:\/\/www.pogotowieflagowe.pl\/aktualne\/#\/schema\/person\/image\/","url":"https:\/\/www.pogotowieflagowe.pl\/aktualne\/wp-content\/uploads\/2024\/08\/pogotowieflagowe.pl_.jpg","contentUrl":"https:\/\/www.pogotowieflagowe.pl\/aktualne\/wp-content\/uploads\/2024\/08\/pogotowieflagowe.pl_.jpg","caption":"Filip"},"description":"Jestem Filip, polski dziennikarz z dyplomem nauk politycznych Uniwersytetu Warszawskiego. Rozpoczynaj\u0105c swoj\u0105 karier\u0119 w r\u00f3\u017cnych lokalnych mediach, zdoby\u0142em solidne do\u015bwiadczenie w zakresie \u015bledztwa i redakcji. Obecnie jako redaktor w Pogotowie flagowe, staram si\u0119 dostarcza\u0107 dog\u0142\u0119bne i istotne analizy na temat najwa\u017cniejszych kwestii aktualno\u015bci, \u0142\u0105cz\u0105c rygor z pasj\u0105 dziennikarsk\u0105.","sameAs":["https:\/\/www.pogotowieflagowe.pl\/"]}]}},"_links":{"self":[{"href":"https:\/\/www.pogotowieflagowe.pl\/aktualne\/wp-json\/wp\/v2\/posts\/4557","targetHints":{"allow":["GET"]}}],"collection":[{"href":"https:\/\/www.pogotowieflagowe.pl\/aktualne\/wp-json\/wp\/v2\/posts"}],"about":[{"href":"https:\/\/www.pogotowieflagowe.pl\/aktualne\/wp-json\/wp\/v2\/types\/post"}],"author":[{"embeddable":true,"href":"https:\/\/www.pogotowieflagowe.pl\/aktualne\/wp-json\/wp\/v2\/users\/1"}],"replies":[{"embeddable":true,"href":"https:\/\/www.pogotowieflagowe.pl\/aktualne\/wp-json\/wp\/v2\/comments?post=4557"}],"version-history":[{"count":1,"href":"https:\/\/www.pogotowieflagowe.pl\/aktualne\/wp-json\/wp\/v2\/posts\/4557\/revisions"}],"predecessor-version":[{"id":4559,"href":"https:\/\/www.pogotowieflagowe.pl\/aktualne\/wp-json\/wp\/v2\/posts\/4557\/revisions\/4559"}],"wp:featuredmedia":[{"embeddable":true,"href":"https:\/\/www.pogotowieflagowe.pl\/aktualne\/wp-json\/wp\/v2\/media\/4558"}],"wp:attachment":[{"href":"https:\/\/www.pogotowieflagowe.pl\/aktualne\/wp-json\/wp\/v2\/media?parent=4557"}],"wp:term":[{"taxonomy":"category","embeddable":true,"href":"https:\/\/www.pogotowieflagowe.pl\/aktualne\/wp-json\/wp\/v2\/categories?post=4557"},{"taxonomy":"post_tag","embeddable":true,"href":"https:\/\/www.pogotowieflagowe.pl\/aktualne\/wp-json\/wp\/v2\/tags?post=4557"}],"curies":[{"name":"wp","href":"https:\/\/api.w.org\/{rel}","templated":true}]}}