{"id":4560,"date":"2025-03-13T08:47:26","date_gmt":"2025-03-13T07:47:26","guid":{"rendered":"https:\/\/www.pogotowieflagowe.pl\/aktualne\/niemcy-i-eurokraci-aby-przeprowadzic-okragly-stol-w-wyborach-w-polsce-bezprecedensowa-proba-ingerencji\/"},"modified":"2025-03-13T08:47:27","modified_gmt":"2025-03-13T07:47:27","slug":"niemcy-i-eurokraci-aby-przeprowadzic-okragly-stol-w-wyborach-w-polsce-bezprecedensowa-proba-ingerencji","status":"publish","type":"post","link":"https:\/\/www.pogotowieflagowe.pl\/aktualne\/niemcy-i-eurokraci-aby-przeprowadzic-okragly-stol-w-wyborach-w-polsce-bezprecedensowa-proba-ingerencji\/","title":{"rendered":"Niemcy i eurokraci, aby przeprowadzi\u0107 \u201eokr\u0105g\u0142y st\u00f3\u0142\u201d w wyborach w Polsce: \u201ebezprecedensowa pr\u00f3ba ingerencji\u201d"},"content":{"rendered":"\n<div class=\"td_block_wrap tdb_single_content tdi_41 td-pb-border-top td_block_template_8 td-post-content tagdiv-type\" data-td-block-uid=\"tdi_41\">\n<style>.tdi_41 {margin-top: 0px! Wa\u017cne; margines-bottom: 0px! WA\u017bNY; PALDING-TOP: 0PX! WA\u017bNY; PALDING-BOTTOM: 0PX! WA\u017bNE}<\/style>\n<style>.tdb_single_content {margin-bottom: 0;*zoom: 1} .tdb_single_content: wcze\u015bniej, .tdb_single_content: po {display: Table; content: ''; line-height: 0} .TDB-BLOCK-INner>*: nie (.WP-BLOCK-QUOTE): not (.alignSwide): not (.Alignfull.wp-block-cover.has-parallax): not (.td-a-ad) {margin-left: auto; margin-right: auto} .tdb_single_ConTent a {wska\u017anik-events: auto} .tdb_single_content .td-spot-id-top_ad .tdc-placeholder-title: przed {content: \u201eArtyku\u0142 top ad\u201d! Wa\u017cne} .tdb_single_content .td-Spot-Id-inline_ad0 .tdc-placeholder-title 1 '! Wa\u017cne} .tdb_single_content .td-Spot-Id-inline_Ad1 .tdc-Placeholder-Title: przed {content: \u201eArtyku\u0142 inline AD 2'! Wa\u017cny} .tdb_single_content. 3 '! Wa\u017cne} .tdb_single_content .td-Spot-Id-Bottom_Ad .tdc-Placeholder-Title: przed {content: \u201eArtyku\u0142 Bottom Ad\u201d! Wa\u017cne} .tdb_single_content .id_top_ad, .tdb_single_content_content .id_bottom_ad {clear: oba; margin-bottom: 21px; text-align: Center} .tdb_single_content .id_top_ad img, .tdb_single_content .id_bottom_ad img {margin-bottom: 0} .tdb_single_conTent .id_top_ad .adsbyGoogle, .tdb_single_content .id_bottom_ad .adsbyGoogle {pozycja: relatyw} .tdb_single_content .id_ad_content-horiz-left, .tdb_single_content .id_ad_content-horiz-right, .tdb_single_content .id_ad_content-horiz-Center {margin-bottom: 15px} .tdb_single_content .id_ad_content-horiz-left Img, .tdb_single_content .id_ad_content-horiz-right img, .tdb_single_content .id_ad_content-horiz-centerter img {margin-bottom: 0} .tdb_single_content .id_ad_content-horiz-center {text-align: Center} .tdb_single_content .id_ad_content-horiz-center img {margin-right: auto; margin-let: auto} .tdb_single_content .id_ad_content-horiz-left {float: left; margin-top: 9px; margin-right: 21px} .tdb_single_content .id_ad_content-horiz-right {float: margin-top: 6px; margin-left: 21px} .tdb_single_content .tdc-a-a-ad .TDC-Placeholder-Title {szeroko\u015b\u0107: 300px; height: 250px} .tdb_single_content .tdc-a-ad .TDC-Placeholder-Title: Przed {Pozycja: Absolute; TOP: 50%;-WebKit-Transform: Translatey (-50%); Transform: Translatey (-50%); margines: auto; Display: Tabela; szeroko\u015b\u0107: 100%}. tdb_single_content .TDB-BLOCK-INNER.TD-FIX-INDEX {Word-Break: Break-word} .tdi_41, .tdi_41> p, .tdi_41 .tdb-block-inner> p, .Wp-Block-Column> p {font-size: 16px! Wa\u017cne; wa\u017cny; p {font-styl: normalne! Wa\u017cne} @media (Max-Width: 767px) {. tdb_single_content .id_ad_content-horiz-left, .tdb_single_content .id_ad_content-horiz-right, .tdb_single_content .id_ad_content-horiz-centter {Margin: 0 AUTO 26PXX auto}}@media (Max-Width: 767px) {. tdb_single_content .id_ad_content-horiz-left {margin-right: 0}}@media (max-width: 767px) {. (Max-Width: 767px) {. tdb_single_content .td-a-ad {float: none; text-align: Center} .tdb_single_content .td-a-ad img {margin-right: auto; margin-left: auto} .tdb_single_content .tdc-a-a-a-{margin-right: auto; margin-left: auto} .tdb_single_content .tdd<\/style>\n<div class=\"tdb-block-inner td-fix-index\">\n<p>Wiceprezes Europejskiej Komisji Suwerenno\u015bci Technologicznej, Bezpiecze\u0144stwa i Demokracji, Henna Virkkunen, og\u0142osi\u0142a, \u017ce \u200b\u200bKomisja Europejska wkr\u00f3tce zorganizuje okr\u0105g\u0142y st\u00f3\u0142 w wyborach w Polsce. S\u0142u\u017cy to jako kolejne dowody na to, \u017ce \u201erumu\u0144ski scenariusz\u201d mo\u017ce by\u0107 przygotowany do Polski &#8211; co oznacza uniewa\u017cnienie wynik\u00f3w wybor\u00f3w, gdyby \u201eniewygodne\u201d kandydata wygraj\u0105, rzekomo pod pretekstem domniemanej ingerencji zagranicznej. Kwestia zosta\u0142a skomentowana przez by\u0142ego ministra edukacji i nauki, Przys\u0142aw Czarnek, w telewizji Republika. <\/p>\n<h2 class=\"wp-block-heading\">Chc\u0105 \u201eokr\u0105g\u0142ego sto\u0142u\u201d<\/h2>\n<p>Dziennikarz z <em>Deutsche Welle<\/em> Niedawno zada\u0142 nast\u0119puj\u0105ce pytanie Henna Virkkunen:<\/p>\n<p><em>\u201eW Polsce, podobnie jak w Rumunii i Niemczech, skrajnie prawica jest na czele korzystania z VLOP (bardzo du\u017ce platformy internetowe &#8211; odnosz\u0105ce si\u0119 do g\u0142\u00f3wnych platform medi\u00f3w spo\u0142eczno\u015bciowych) do promowania jej tre\u015bci i liczb. Czy Komisja Europejska monitoruje polskie wybory, czy s\u0105 takie plany? \u201d<\/em><\/p>\n<p>Virkkunen odpowiedzia\u0142:<\/p>\n<figure class=\"wp-block-pullquote\">\n<blockquote>\n<p>\u201eZawsze \u015bci\u015ble wsp\u00f3\u0142pracujemy z w\u0142adzami krajowymi podczas wybor\u00f3w, poniewa\u017c procesy wyborcze mieszcz\u0105 si\u0119 w kompetencjach krajowych, a pa\u0144stwa cz\u0142onkowskie maj\u0105 najlepsz\u0105 wiedz\u0119 na temat tego, co dzieje si\u0119 w terenie. Ale w rzeczywisto\u015bci przygotowujemy si\u0119 &#8211; daj z nimi. Przed wyborami zawsze organizujemy okr\u0105g\u0142y st\u00f3\u0142 i analizujemy r\u00f3\u017cne scenariusze z w\u0142adzami krajowymi, organizacjami pozarz\u0105dowymi i samymi platformami, poniewa\u017c s\u0105 one r\u00f3wnie\u017c wa\u017cnym kana\u0142em komunikacji zar\u00f3wno dla obywateli, jak i polityk\u00f3w. Nie wolno ich niew\u0142a\u015bciwie wykorzystywa\u0107 ani manipulowa\u0107; Powinny mie\u0107 systemy zapobiegaj\u0105ce rozprzestrzenianiu si\u0119 dezinformacji. Powinni\u015bmy r\u00f3wnie\u017c zbada\u0107 ich systemy rekomendacji i jakie tre\u015bci promuj\u0105. W Niemczech, przed wyborami, przeprowadzili\u015bmy \u201etest warunk\u00f3w skrajnych\u201d. O ile mi wiadomo, nie by\u0142o \u017cadnych doniesie\u0144 o \u017cadnych manipulacjach ani nadu\u017cyciach \u201d.<\/p>\n<\/blockquote>\n<\/figure>\n<p>Warto zauwa\u017cy\u0107, \u017ce Virkkunen jest politykiem z Finlandii Narodowej Partii Koalicji, kt\u00f3ra nale\u017cy do Europejskiej Partii Ludowej &#8211; tej samej grupy politycznej co Polska Platforma Obywatelska (PO).<\/p>\n<h2 class=\"wp-block-heading\">Pr\u00f3by wtr\u0105cania si\u0119 w wybory<\/h2>\n<p>By\u0142y minister edukacji i nauki Pemys\u0142aw Czarnek skomentowa\u0142 te plany podczas swojego wyst\u0119pu w Telewizja Republika.<\/p>\n<figure class=\"wp-block-pullquote\">\n<blockquote>\n<p><em>\u201eBez w\u0105tpienia jeste\u015bmy \u015bwiadkami bezprecedensowej pr\u00f3by elity UE w celu zak\u0142\u00f3cenia wewn\u0119trznych wybor\u00f3w pa\u0144stwa cz\u0142onkowskiego UE. Oznacza to, \u017ce zar\u00f3wno elity UE, jak i ich sojusznicy, tacy jak Donald Tusk i jego partia w Polsce, s\u0105 w pe\u0142ni \u015bwiadomi, \u017ce Karol Nawrocki ma du\u017c\u0105 szans\u0119 na wygran\u0105. W\u0142a\u015bnie dlatego pr\u00f3buj\u0105 stworzy\u0107 sytuacj\u0119, w kt\u00f3rej, podobnie jak w Rumunii, mogliby uniewa\u017cni\u0107 wyb\u00f3r Karol Nawrocki \u201d<\/em> <\/p>\n<p><cite>powiedzia\u0142 Czarnek.<\/cite><\/p><\/blockquote>\n<\/figure>\n<p>Wed\u0142ug Czarnek, je\u015bli rz\u0105d prawa i sprawiedliwo\u015bci (PIS) nie przeprowadzi\u0142 reform s\u0105dowych wp\u0142ywaj\u0105cych na S\u0105d Najwy\u017cszy, nie by\u0142o potrzeby zwo\u0142ywania \u201eokr\u0105g\u0142ego sto\u0142u\u201d, poniewa\u017c <em>\u201eS\u0105d Najwy\u017cszy by\u0142by w Becku Donalda Tuska i Call\u201d.<\/em><\/p>\n<figure class=\"wp-block-pullquote\">\n<blockquote>\n<p><em>\u201ePoniewa\u017c S\u0105d Najwy\u017cszy nie jest ju\u017c pod kontrol\u0105 pana Tuska, a Karol Nawrocki wydaje si\u0119 by\u0107 gotowy wygra\u0107 wybory &#8211; zw\u0142aszcza po jego konferencji programowej w zesz\u0142ym tygodniu &#8211; potrzeba zwo\u0142ania\u201e okr\u0105g\u0142ego sto\u0142u \u201d, co oznacza pr\u00f3b\u0119 manipulowania wyborami, zanim jeszcze si\u0119 odbywaj\u0105. Jest to charakterystyczne &#8211; jest to dow\u00f3d na to, \u017ce Karol Nawrocki jest wyj\u0105tkowo silnym kandydatem \u201d<\/em><\/p>\n<p><cite> Doda\u0142.<\/cite><\/p><\/blockquote>\n<\/figure>\n<h2 class=\"wp-block-heading\">Nowy model polityczny\u2026<\/h2>\n<p>Wed\u0142ug Pemys\u0142awa Czarnek Polska jest wykorzystywana jako podstawa do nowego modelu politycznego. Twierdzi\u0142, \u017ce rz\u0105d Donalda Tuska wdra\u017ca mechanizmy maj\u0105ce na celu ustanowienie pe\u0142nej dominacji elit brukselskich i lewicowych kr\u0119g\u00f3w politycznych.<\/p>\n<figure class=\"wp-block-pullquote\">\n<blockquote>\n<p><em>\u201eWed\u0142ug dowodzenia elitami Brukseli, si\u0142 lewicowych i marksistowskich TUSK wprowadza eksperymentalny system liberalnego totalitaryzmu\u201d<\/em> <\/p>\n<p><cite>Czarnek podkre\u015bli\u0142.<\/cite><\/p><\/blockquote>\n<\/figure>\n<p>Jego zdaniem obecna sytuacja stanowi test dla polskiej demokracji, kt\u00f3ry mo\u017ce mie\u0107 d\u0142ugoterminowe konsekwencje dla ca\u0142ej Europy. <em>\u201eJe\u015bli ten model odniesie sukces w Polsce, zostanie on powt\u00f3rzony w innych krajach &#8211; od Niemiec po Hiszpani\u0119\u201d<\/em> Dokona\u0142.<\/p>\n<\/div>\n<\/div>\n","protected":false},"excerpt":{"rendered":"<p>Wiceprezes Europejskiej Komisji Suwerenno\u015bci Technologicznej, Bezpiecze\u0144stwa i Demokracji, Henna Virkkunen, og\u0142osi\u0142a, \u017ce \u200b\u200bKomisja Europejska wkr\u00f3tce zorganizuje okr\u0105g\u0142y st\u00f3\u0142 w wyborach<\/p>\n","protected":false},"author":1,"featured_media":4561,"comment_status":"closed","ping_status":"","sticky":false,"template":"","format":"standard","meta":{"footnotes":""},"categories":[44],"tags":[2143,6242,6063,6243,30,6240,60,3668,5518,6241,2611],"class_list":["post-4560","post","type-post","status-publish","format-standard","has-post-thumbnail","hentry","category-polityka","tag-aby","tag-bezprecedensowa","tag-eurokraci","tag-ingerencji","tag-niemcy","tag-okragly","tag-polsce","tag-proba","tag-przeprowadzic","tag-stol","tag-wyborach","generate-columns","tablet-grid-50","mobile-grid-100","grid-parent","grid-50","resize-featured-image"],"yoast_head":"<!-- This site is optimized with the Yoast SEO plugin v23.2 - https:\/\/yoast.com\/wordpress\/plugins\/seo\/ -->\n<title>Niemcy i eurokraci, aby przeprowadzi\u0107 \u201eokr\u0105g\u0142y st\u00f3\u0142\u201d w wyborach w Polsce: \u201ebezprecedensowa pr\u00f3ba ingerencji\u201d - POGOTOWIE FLAGOWE\u00ae<\/title>\n<meta name=\"robots\" content=\"index, follow, max-snippet:-1, max-image-preview:large, max-video-preview:-1\" \/>\n<link rel=\"canonical\" href=\"https:\/\/www.pogotowieflagowe.pl\/aktualne\/niemcy-i-eurokraci-aby-przeprowadzic-okragly-stol-w-wyborach-w-polsce-bezprecedensowa-proba-ingerencji\/\" \/>\n<meta property=\"og:locale\" content=\"pl_PL\" \/>\n<meta property=\"og:type\" content=\"article\" \/>\n<meta property=\"og:title\" content=\"Niemcy i eurokraci, aby przeprowadzi\u0107 \u201eokr\u0105g\u0142y st\u00f3\u0142\u201d w wyborach w Polsce: \u201ebezprecedensowa pr\u00f3ba ingerencji\u201d - POGOTOWIE FLAGOWE\u00ae\" \/>\n<meta property=\"og:description\" content=\"Wiceprezes Europejskiej Komisji Suwerenno\u015bci Technologicznej, Bezpiecze\u0144stwa i Demokracji, Henna Virkkunen, og\u0142osi\u0142a, \u017ce \u200b\u200bKomisja Europejska wkr\u00f3tce zorganizuje okr\u0105g\u0142y st\u00f3\u0142 w wyborach\" \/>\n<meta property=\"og:url\" content=\"https:\/\/www.pogotowieflagowe.pl\/aktualne\/niemcy-i-eurokraci-aby-przeprowadzic-okragly-stol-w-wyborach-w-polsce-bezprecedensowa-proba-ingerencji\/\" \/>\n<meta property=\"og:site_name\" content=\"POGOTOWIE FLAGOWE\u00ae\" \/>\n<meta property=\"article:published_time\" content=\"2025-03-13T07:47:26+00:00\" \/>\n<meta property=\"article:modified_time\" content=\"2025-03-13T07:47:27+00:00\" \/>\n<meta property=\"og:image\" content=\"https:\/\/www.pogotowieflagowe.pl\/aktualne\/wp-content\/uploads\/2025\/03\/Niemcy-i-eurokraci-aby-przeprowadzic-\u201eokragly-stol-w-wyborach-w.jpg\" \/>\n\t<meta property=\"og:image:width\" content=\"1919\" \/>\n\t<meta property=\"og:image:height\" content=\"1091\" \/>\n\t<meta property=\"og:image:type\" content=\"image\/jpeg\" \/>\n<meta name=\"author\" content=\"Filip\" \/>\n<meta name=\"twitter:card\" content=\"summary_large_image\" \/>\n<meta name=\"twitter:label1\" content=\"Napisane przez\" \/>\n\t<meta name=\"twitter:data1\" content=\"Filip\" \/>\n\t<meta name=\"twitter:label2\" content=\"Szacowany czas czytania\" \/>\n\t<meta name=\"twitter:data2\" content=\"3 minuty\" \/>\n<script type=\"application\/ld+json\" class=\"yoast-schema-graph\">{\"@context\":\"https:\/\/schema.org\",\"@graph\":[{\"@type\":\"Article\",\"@id\":\"https:\/\/www.pogotowieflagowe.pl\/aktualne\/niemcy-i-eurokraci-aby-przeprowadzic-okragly-stol-w-wyborach-w-polsce-bezprecedensowa-proba-ingerencji\/#article\",\"isPartOf\":{\"@id\":\"https:\/\/www.pogotowieflagowe.pl\/aktualne\/niemcy-i-eurokraci-aby-przeprowadzic-okragly-stol-w-wyborach-w-polsce-bezprecedensowa-proba-ingerencji\/\"},\"author\":{\"name\":\"Filip\",\"@id\":\"https:\/\/www.pogotowieflagowe.pl\/aktualne\/#\/schema\/person\/9c2fb7d2362ebf6fa088960d7f0d27b0\"},\"headline\":\"Niemcy i eurokraci, aby przeprowadzi\u0107 \u201eokr\u0105g\u0142y st\u00f3\u0142\u201d w wyborach w Polsce: \u201ebezprecedensowa pr\u00f3ba ingerencji\u201d\",\"datePublished\":\"2025-03-13T07:47:26+00:00\",\"dateModified\":\"2025-03-13T07:47:27+00:00\",\"mainEntityOfPage\":{\"@id\":\"https:\/\/www.pogotowieflagowe.pl\/aktualne\/niemcy-i-eurokraci-aby-przeprowadzic-okragly-stol-w-wyborach-w-polsce-bezprecedensowa-proba-ingerencji\/\"},\"wordCount\":672,\"publisher\":{\"@id\":\"https:\/\/www.pogotowieflagowe.pl\/aktualne\/#organization\"},\"image\":{\"@id\":\"https:\/\/www.pogotowieflagowe.pl\/aktualne\/niemcy-i-eurokraci-aby-przeprowadzic-okragly-stol-w-wyborach-w-polsce-bezprecedensowa-proba-ingerencji\/#primaryimage\"},\"thumbnailUrl\":\"https:\/\/www.pogotowieflagowe.pl\/aktualne\/wp-content\/uploads\/2025\/03\/Niemcy-i-eurokraci-aby-przeprowadzic-\u201eokragly-stol-w-wyborach-w.jpg\",\"keywords\":[\"aby\",\"bezprecedensowa\",\"Eurokraci\",\"ingerencji\",\"Niemcy\",\"okr\u0105g\u0142y\",\"Polsce\",\"pr\u00f3ba\",\"przeprowadzi\u0107\",\"st\u00f3\u0142\",\"wyborach\"],\"articleSection\":[\"Polityka\"],\"inLanguage\":\"pl-PL\"},{\"@type\":\"WebPage\",\"@id\":\"https:\/\/www.pogotowieflagowe.pl\/aktualne\/niemcy-i-eurokraci-aby-przeprowadzic-okragly-stol-w-wyborach-w-polsce-bezprecedensowa-proba-ingerencji\/\",\"url\":\"https:\/\/www.pogotowieflagowe.pl\/aktualne\/niemcy-i-eurokraci-aby-przeprowadzic-okragly-stol-w-wyborach-w-polsce-bezprecedensowa-proba-ingerencji\/\",\"name\":\"Niemcy i eurokraci, aby przeprowadzi\u0107 \u201eokr\u0105g\u0142y st\u00f3\u0142\u201d w wyborach w Polsce: \u201ebezprecedensowa pr\u00f3ba ingerencji\u201d - POGOTOWIE FLAGOWE\u00ae\",\"isPartOf\":{\"@id\":\"https:\/\/www.pogotowieflagowe.pl\/aktualne\/#website\"},\"primaryImageOfPage\":{\"@id\":\"https:\/\/www.pogotowieflagowe.pl\/aktualne\/niemcy-i-eurokraci-aby-przeprowadzic-okragly-stol-w-wyborach-w-polsce-bezprecedensowa-proba-ingerencji\/#primaryimage\"},\"image\":{\"@id\":\"https:\/\/www.pogotowieflagowe.pl\/aktualne\/niemcy-i-eurokraci-aby-przeprowadzic-okragly-stol-w-wyborach-w-polsce-bezprecedensowa-proba-ingerencji\/#primaryimage\"},\"thumbnailUrl\":\"https:\/\/www.pogotowieflagowe.pl\/aktualne\/wp-content\/uploads\/2025\/03\/Niemcy-i-eurokraci-aby-przeprowadzic-\u201eokragly-stol-w-wyborach-w.jpg\",\"datePublished\":\"2025-03-13T07:47:26+00:00\",\"dateModified\":\"2025-03-13T07:47:27+00:00\",\"breadcrumb\":{\"@id\":\"https:\/\/www.pogotowieflagowe.pl\/aktualne\/niemcy-i-eurokraci-aby-przeprowadzic-okragly-stol-w-wyborach-w-polsce-bezprecedensowa-proba-ingerencji\/#breadcrumb\"},\"inLanguage\":\"pl-PL\",\"potentialAction\":[{\"@type\":\"ReadAction\",\"target\":[\"https:\/\/www.pogotowieflagowe.pl\/aktualne\/niemcy-i-eurokraci-aby-przeprowadzic-okragly-stol-w-wyborach-w-polsce-bezprecedensowa-proba-ingerencji\/\"]}]},{\"@type\":\"ImageObject\",\"inLanguage\":\"pl-PL\",\"@id\":\"https:\/\/www.pogotowieflagowe.pl\/aktualne\/niemcy-i-eurokraci-aby-przeprowadzic-okragly-stol-w-wyborach-w-polsce-bezprecedensowa-proba-ingerencji\/#primaryimage\",\"url\":\"https:\/\/www.pogotowieflagowe.pl\/aktualne\/wp-content\/uploads\/2025\/03\/Niemcy-i-eurokraci-aby-przeprowadzic-\u201eokragly-stol-w-wyborach-w.jpg\",\"contentUrl\":\"https:\/\/www.pogotowieflagowe.pl\/aktualne\/wp-content\/uploads\/2025\/03\/Niemcy-i-eurokraci-aby-przeprowadzic-\u201eokragly-stol-w-wyborach-w.jpg\",\"width\":1919,\"height\":1091,\"caption\":\"Niemcy i eurokraci, aby przeprowadzi\u0107 \u201eokr\u0105g\u0142y st\u00f3\u0142\u201d w wyborach w Polsce: \u201ebezprecedensowa pr\u00f3ba ingerencji\u201d\"},{\"@type\":\"BreadcrumbList\",\"@id\":\"https:\/\/www.pogotowieflagowe.pl\/aktualne\/niemcy-i-eurokraci-aby-przeprowadzic-okragly-stol-w-wyborach-w-polsce-bezprecedensowa-proba-ingerencji\/#breadcrumb\",\"itemListElement\":[{\"@type\":\"ListItem\",\"position\":1,\"name\":\"Home\",\"item\":\"https:\/\/www.pogotowieflagowe.pl\/aktualne\/\"},{\"@type\":\"ListItem\",\"position\":2,\"name\":\"Niemcy i eurokraci, aby przeprowadzi\u0107 \u201eokr\u0105g\u0142y st\u00f3\u0142\u201d w wyborach w Polsce: \u201ebezprecedensowa pr\u00f3ba ingerencji\u201d\"}]},{\"@type\":\"WebSite\",\"@id\":\"https:\/\/www.pogotowieflagowe.pl\/aktualne\/#website\",\"url\":\"https:\/\/www.pogotowieflagowe.pl\/aktualne\/\",\"name\":\"POGOTOWIE FLAGOWE\u00ae\",\"description\":\"\",\"publisher\":{\"@id\":\"https:\/\/www.pogotowieflagowe.pl\/aktualne\/#organization\"},\"potentialAction\":[{\"@type\":\"SearchAction\",\"target\":{\"@type\":\"EntryPoint\",\"urlTemplate\":\"https:\/\/www.pogotowieflagowe.pl\/aktualne\/?s={search_term_string}\"},\"query-input\":\"required name=search_term_string\"}],\"inLanguage\":\"pl-PL\"},{\"@type\":\"Organization\",\"@id\":\"https:\/\/www.pogotowieflagowe.pl\/aktualne\/#organization\",\"name\":\"POGOTOWIE FLAGOWE\u00ae\",\"url\":\"https:\/\/www.pogotowieflagowe.pl\/aktualne\/\",\"logo\":{\"@type\":\"ImageObject\",\"inLanguage\":\"pl-PL\",\"@id\":\"https:\/\/www.pogotowieflagowe.pl\/aktualne\/#\/schema\/logo\/image\/\",\"url\":\"https:\/\/www.pogotowieflagowe.pl\/aktualne\/wp-content\/uploads\/2024\/08\/cropped-pogotowieflagowe_flaga_projekt_sm.jpg\",\"contentUrl\":\"https:\/\/www.pogotowieflagowe.pl\/aktualne\/wp-content\/uploads\/2024\/08\/cropped-pogotowieflagowe_flaga_projekt_sm.jpg\",\"width\":250,\"height\":143,\"caption\":\"POGOTOWIE FLAGOWE\u00ae\"},\"image\":{\"@id\":\"https:\/\/www.pogotowieflagowe.pl\/aktualne\/#\/schema\/logo\/image\/\"}},{\"@type\":\"Person\",\"@id\":\"https:\/\/www.pogotowieflagowe.pl\/aktualne\/#\/schema\/person\/9c2fb7d2362ebf6fa088960d7f0d27b0\",\"name\":\"Filip\",\"image\":{\"@type\":\"ImageObject\",\"inLanguage\":\"pl-PL\",\"@id\":\"https:\/\/www.pogotowieflagowe.pl\/aktualne\/#\/schema\/person\/image\/\",\"url\":\"https:\/\/www.pogotowieflagowe.pl\/aktualne\/wp-content\/uploads\/2024\/08\/pogotowieflagowe.pl_.jpg\",\"contentUrl\":\"https:\/\/www.pogotowieflagowe.pl\/aktualne\/wp-content\/uploads\/2024\/08\/pogotowieflagowe.pl_.jpg\",\"caption\":\"Filip\"},\"description\":\"Jestem Filip, polski dziennikarz z dyplomem nauk politycznych Uniwersytetu Warszawskiego. Rozpoczynaj\u0105c swoj\u0105 karier\u0119 w r\u00f3\u017cnych lokalnych mediach, zdoby\u0142em solidne do\u015bwiadczenie w zakresie \u015bledztwa i redakcji. Obecnie jako redaktor w Pogotowie flagowe, staram si\u0119 dostarcza\u0107 dog\u0142\u0119bne i istotne analizy na temat najwa\u017cniejszych kwestii aktualno\u015bci, \u0142\u0105cz\u0105c rygor z pasj\u0105 dziennikarsk\u0105.\",\"sameAs\":[\"https:\/\/www.pogotowieflagowe.pl\/\"]}]}<\/script>\n<!-- \/ Yoast SEO plugin. -->","yoast_head_json":{"title":"Niemcy i eurokraci, aby przeprowadzi\u0107 \u201eokr\u0105g\u0142y st\u00f3\u0142\u201d w wyborach w Polsce: \u201ebezprecedensowa pr\u00f3ba ingerencji\u201d - POGOTOWIE FLAGOWE\u00ae","robots":{"index":"index","follow":"follow","max-snippet":"max-snippet:-1","max-image-preview":"max-image-preview:large","max-video-preview":"max-video-preview:-1"},"canonical":"https:\/\/www.pogotowieflagowe.pl\/aktualne\/niemcy-i-eurokraci-aby-przeprowadzic-okragly-stol-w-wyborach-w-polsce-bezprecedensowa-proba-ingerencji\/","og_locale":"pl_PL","og_type":"article","og_title":"Niemcy i eurokraci, aby przeprowadzi\u0107 \u201eokr\u0105g\u0142y st\u00f3\u0142\u201d w wyborach w Polsce: \u201ebezprecedensowa pr\u00f3ba ingerencji\u201d - POGOTOWIE FLAGOWE\u00ae","og_description":"Wiceprezes Europejskiej Komisji Suwerenno\u015bci Technologicznej, Bezpiecze\u0144stwa i Demokracji, Henna Virkkunen, og\u0142osi\u0142a, \u017ce \u200b\u200bKomisja Europejska wkr\u00f3tce zorganizuje okr\u0105g\u0142y st\u00f3\u0142 w wyborach","og_url":"https:\/\/www.pogotowieflagowe.pl\/aktualne\/niemcy-i-eurokraci-aby-przeprowadzic-okragly-stol-w-wyborach-w-polsce-bezprecedensowa-proba-ingerencji\/","og_site_name":"POGOTOWIE FLAGOWE\u00ae","article_published_time":"2025-03-13T07:47:26+00:00","article_modified_time":"2025-03-13T07:47:27+00:00","og_image":[{"width":1919,"height":1091,"url":"https:\/\/www.pogotowieflagowe.pl\/aktualne\/wp-content\/uploads\/2025\/03\/Niemcy-i-eurokraci-aby-przeprowadzic-\u201eokragly-stol-w-wyborach-w.jpg","type":"image\/jpeg"}],"author":"Filip","twitter_card":"summary_large_image","twitter_misc":{"Napisane przez":"Filip","Szacowany czas czytania":"3 minuty"},"schema":{"@context":"https:\/\/schema.org","@graph":[{"@type":"Article","@id":"https:\/\/www.pogotowieflagowe.pl\/aktualne\/niemcy-i-eurokraci-aby-przeprowadzic-okragly-stol-w-wyborach-w-polsce-bezprecedensowa-proba-ingerencji\/#article","isPartOf":{"@id":"https:\/\/www.pogotowieflagowe.pl\/aktualne\/niemcy-i-eurokraci-aby-przeprowadzic-okragly-stol-w-wyborach-w-polsce-bezprecedensowa-proba-ingerencji\/"},"author":{"name":"Filip","@id":"https:\/\/www.pogotowieflagowe.pl\/aktualne\/#\/schema\/person\/9c2fb7d2362ebf6fa088960d7f0d27b0"},"headline":"Niemcy i eurokraci, aby przeprowadzi\u0107 \u201eokr\u0105g\u0142y st\u00f3\u0142\u201d w wyborach w Polsce: \u201ebezprecedensowa pr\u00f3ba ingerencji\u201d","datePublished":"2025-03-13T07:47:26+00:00","dateModified":"2025-03-13T07:47:27+00:00","mainEntityOfPage":{"@id":"https:\/\/www.pogotowieflagowe.pl\/aktualne\/niemcy-i-eurokraci-aby-przeprowadzic-okragly-stol-w-wyborach-w-polsce-bezprecedensowa-proba-ingerencji\/"},"wordCount":672,"publisher":{"@id":"https:\/\/www.pogotowieflagowe.pl\/aktualne\/#organization"},"image":{"@id":"https:\/\/www.pogotowieflagowe.pl\/aktualne\/niemcy-i-eurokraci-aby-przeprowadzic-okragly-stol-w-wyborach-w-polsce-bezprecedensowa-proba-ingerencji\/#primaryimage"},"thumbnailUrl":"https:\/\/www.pogotowieflagowe.pl\/aktualne\/wp-content\/uploads\/2025\/03\/Niemcy-i-eurokraci-aby-przeprowadzic-\u201eokragly-stol-w-wyborach-w.jpg","keywords":["aby","bezprecedensowa","Eurokraci","ingerencji","Niemcy","okr\u0105g\u0142y","Polsce","pr\u00f3ba","przeprowadzi\u0107","st\u00f3\u0142","wyborach"],"articleSection":["Polityka"],"inLanguage":"pl-PL"},{"@type":"WebPage","@id":"https:\/\/www.pogotowieflagowe.pl\/aktualne\/niemcy-i-eurokraci-aby-przeprowadzic-okragly-stol-w-wyborach-w-polsce-bezprecedensowa-proba-ingerencji\/","url":"https:\/\/www.pogotowieflagowe.pl\/aktualne\/niemcy-i-eurokraci-aby-przeprowadzic-okragly-stol-w-wyborach-w-polsce-bezprecedensowa-proba-ingerencji\/","name":"Niemcy i eurokraci, aby przeprowadzi\u0107 \u201eokr\u0105g\u0142y st\u00f3\u0142\u201d w wyborach w Polsce: \u201ebezprecedensowa pr\u00f3ba ingerencji\u201d - POGOTOWIE FLAGOWE\u00ae","isPartOf":{"@id":"https:\/\/www.pogotowieflagowe.pl\/aktualne\/#website"},"primaryImageOfPage":{"@id":"https:\/\/www.pogotowieflagowe.pl\/aktualne\/niemcy-i-eurokraci-aby-przeprowadzic-okragly-stol-w-wyborach-w-polsce-bezprecedensowa-proba-ingerencji\/#primaryimage"},"image":{"@id":"https:\/\/www.pogotowieflagowe.pl\/aktualne\/niemcy-i-eurokraci-aby-przeprowadzic-okragly-stol-w-wyborach-w-polsce-bezprecedensowa-proba-ingerencji\/#primaryimage"},"thumbnailUrl":"https:\/\/www.pogotowieflagowe.pl\/aktualne\/wp-content\/uploads\/2025\/03\/Niemcy-i-eurokraci-aby-przeprowadzic-\u201eokragly-stol-w-wyborach-w.jpg","datePublished":"2025-03-13T07:47:26+00:00","dateModified":"2025-03-13T07:47:27+00:00","breadcrumb":{"@id":"https:\/\/www.pogotowieflagowe.pl\/aktualne\/niemcy-i-eurokraci-aby-przeprowadzic-okragly-stol-w-wyborach-w-polsce-bezprecedensowa-proba-ingerencji\/#breadcrumb"},"inLanguage":"pl-PL","potentialAction":[{"@type":"ReadAction","target":["https:\/\/www.pogotowieflagowe.pl\/aktualne\/niemcy-i-eurokraci-aby-przeprowadzic-okragly-stol-w-wyborach-w-polsce-bezprecedensowa-proba-ingerencji\/"]}]},{"@type":"ImageObject","inLanguage":"pl-PL","@id":"https:\/\/www.pogotowieflagowe.pl\/aktualne\/niemcy-i-eurokraci-aby-przeprowadzic-okragly-stol-w-wyborach-w-polsce-bezprecedensowa-proba-ingerencji\/#primaryimage","url":"https:\/\/www.pogotowieflagowe.pl\/aktualne\/wp-content\/uploads\/2025\/03\/Niemcy-i-eurokraci-aby-przeprowadzic-\u201eokragly-stol-w-wyborach-w.jpg","contentUrl":"https:\/\/www.pogotowieflagowe.pl\/aktualne\/wp-content\/uploads\/2025\/03\/Niemcy-i-eurokraci-aby-przeprowadzic-\u201eokragly-stol-w-wyborach-w.jpg","width":1919,"height":1091,"caption":"Niemcy i eurokraci, aby przeprowadzi\u0107 \u201eokr\u0105g\u0142y st\u00f3\u0142\u201d w wyborach w Polsce: \u201ebezprecedensowa pr\u00f3ba ingerencji\u201d"},{"@type":"BreadcrumbList","@id":"https:\/\/www.pogotowieflagowe.pl\/aktualne\/niemcy-i-eurokraci-aby-przeprowadzic-okragly-stol-w-wyborach-w-polsce-bezprecedensowa-proba-ingerencji\/#breadcrumb","itemListElement":[{"@type":"ListItem","position":1,"name":"Home","item":"https:\/\/www.pogotowieflagowe.pl\/aktualne\/"},{"@type":"ListItem","position":2,"name":"Niemcy i eurokraci, aby przeprowadzi\u0107 \u201eokr\u0105g\u0142y st\u00f3\u0142\u201d w wyborach w Polsce: \u201ebezprecedensowa pr\u00f3ba ingerencji\u201d"}]},{"@type":"WebSite","@id":"https:\/\/www.pogotowieflagowe.pl\/aktualne\/#website","url":"https:\/\/www.pogotowieflagowe.pl\/aktualne\/","name":"POGOTOWIE FLAGOWE\u00ae","description":"","publisher":{"@id":"https:\/\/www.pogotowieflagowe.pl\/aktualne\/#organization"},"potentialAction":[{"@type":"SearchAction","target":{"@type":"EntryPoint","urlTemplate":"https:\/\/www.pogotowieflagowe.pl\/aktualne\/?s={search_term_string}"},"query-input":"required name=search_term_string"}],"inLanguage":"pl-PL"},{"@type":"Organization","@id":"https:\/\/www.pogotowieflagowe.pl\/aktualne\/#organization","name":"POGOTOWIE FLAGOWE\u00ae","url":"https:\/\/www.pogotowieflagowe.pl\/aktualne\/","logo":{"@type":"ImageObject","inLanguage":"pl-PL","@id":"https:\/\/www.pogotowieflagowe.pl\/aktualne\/#\/schema\/logo\/image\/","url":"https:\/\/www.pogotowieflagowe.pl\/aktualne\/wp-content\/uploads\/2024\/08\/cropped-pogotowieflagowe_flaga_projekt_sm.jpg","contentUrl":"https:\/\/www.pogotowieflagowe.pl\/aktualne\/wp-content\/uploads\/2024\/08\/cropped-pogotowieflagowe_flaga_projekt_sm.jpg","width":250,"height":143,"caption":"POGOTOWIE FLAGOWE\u00ae"},"image":{"@id":"https:\/\/www.pogotowieflagowe.pl\/aktualne\/#\/schema\/logo\/image\/"}},{"@type":"Person","@id":"https:\/\/www.pogotowieflagowe.pl\/aktualne\/#\/schema\/person\/9c2fb7d2362ebf6fa088960d7f0d27b0","name":"Filip","image":{"@type":"ImageObject","inLanguage":"pl-PL","@id":"https:\/\/www.pogotowieflagowe.pl\/aktualne\/#\/schema\/person\/image\/","url":"https:\/\/www.pogotowieflagowe.pl\/aktualne\/wp-content\/uploads\/2024\/08\/pogotowieflagowe.pl_.jpg","contentUrl":"https:\/\/www.pogotowieflagowe.pl\/aktualne\/wp-content\/uploads\/2024\/08\/pogotowieflagowe.pl_.jpg","caption":"Filip"},"description":"Jestem Filip, polski dziennikarz z dyplomem nauk politycznych Uniwersytetu Warszawskiego. Rozpoczynaj\u0105c swoj\u0105 karier\u0119 w r\u00f3\u017cnych lokalnych mediach, zdoby\u0142em solidne do\u015bwiadczenie w zakresie \u015bledztwa i redakcji. Obecnie jako redaktor w Pogotowie flagowe, staram si\u0119 dostarcza\u0107 dog\u0142\u0119bne i istotne analizy na temat najwa\u017cniejszych kwestii aktualno\u015bci, \u0142\u0105cz\u0105c rygor z pasj\u0105 dziennikarsk\u0105.","sameAs":["https:\/\/www.pogotowieflagowe.pl\/"]}]}},"_links":{"self":[{"href":"https:\/\/www.pogotowieflagowe.pl\/aktualne\/wp-json\/wp\/v2\/posts\/4560","targetHints":{"allow":["GET"]}}],"collection":[{"href":"https:\/\/www.pogotowieflagowe.pl\/aktualne\/wp-json\/wp\/v2\/posts"}],"about":[{"href":"https:\/\/www.pogotowieflagowe.pl\/aktualne\/wp-json\/wp\/v2\/types\/post"}],"author":[{"embeddable":true,"href":"https:\/\/www.pogotowieflagowe.pl\/aktualne\/wp-json\/wp\/v2\/users\/1"}],"replies":[{"embeddable":true,"href":"https:\/\/www.pogotowieflagowe.pl\/aktualne\/wp-json\/wp\/v2\/comments?post=4560"}],"version-history":[{"count":1,"href":"https:\/\/www.pogotowieflagowe.pl\/aktualne\/wp-json\/wp\/v2\/posts\/4560\/revisions"}],"predecessor-version":[{"id":4562,"href":"https:\/\/www.pogotowieflagowe.pl\/aktualne\/wp-json\/wp\/v2\/posts\/4560\/revisions\/4562"}],"wp:featuredmedia":[{"embeddable":true,"href":"https:\/\/www.pogotowieflagowe.pl\/aktualne\/wp-json\/wp\/v2\/media\/4561"}],"wp:attachment":[{"href":"https:\/\/www.pogotowieflagowe.pl\/aktualne\/wp-json\/wp\/v2\/media?parent=4560"}],"wp:term":[{"taxonomy":"category","embeddable":true,"href":"https:\/\/www.pogotowieflagowe.pl\/aktualne\/wp-json\/wp\/v2\/categories?post=4560"},{"taxonomy":"post_tag","embeddable":true,"href":"https:\/\/www.pogotowieflagowe.pl\/aktualne\/wp-json\/wp\/v2\/tags?post=4560"}],"curies":[{"name":"wp","href":"https:\/\/api.w.org\/{rel}","templated":true}]}}