{"id":4607,"date":"2025-03-15T03:46:55","date_gmt":"2025-03-15T02:46:55","guid":{"rendered":"https:\/\/www.pogotowieflagowe.pl\/aktualne\/atak-prokuratorow-bodnara-na-najlepszego-zolnierza-polski-przywiazali-go-do-sledztwa-i-wyciekli-do-mediow\/"},"modified":"2025-03-15T03:46:55","modified_gmt":"2025-03-15T02:46:55","slug":"atak-prokuratorow-bodnara-na-najlepszego-zolnierza-polski-przywiazali-go-do-sledztwa-i-wyciekli-do-mediow","status":"publish","type":"post","link":"https:\/\/www.pogotowieflagowe.pl\/aktualne\/atak-prokuratorow-bodnara-na-najlepszego-zolnierza-polski-przywiazali-go-do-sledztwa-i-wyciekli-do-mediow\/","title":{"rendered":"Atak prokurator\u00f3w Bodnara na najlepszego \u017co\u0142nierza Polski: \u201ePrzywi\u0105zali go do \u015bledztwa i wyciekli do medi\u00f3w\u201d"},"content":{"rendered":"\n<div class=\"td_block_wrap tdb_single_content tdi_41 td-pb-border-top td_block_template_8 td-post-content tagdiv-type\" data-td-block-uid=\"tdi_41\">\n<style>.tdi_41 {margin-top: 0px! Wa\u017cne; margines-bottom: 0px! WA\u017bNY; PALDING-TOP: 0PX! WA\u017bNY; PALDING-BOTTOM: 0PX! WA\u017bNE}<\/style>\n<style>.tdb_single_content {margin-bottom: 0;*zoom: 1} .tdb_single_content: wcze\u015bniej, .tdb_single_content: po {display: Table; content: ''; line-height: 0} .TDB-BLOCK-INner>*: nie (.WP-BLOCK-QUOTE): not (.alignSwide): not (.Alignfull.wp-block-cover.has-parallax): not (.td-a-ad) {margin-left: auto; margin-right: auto} .tdb_single_ConTent a {wska\u017anik-events: auto} .tdb_single_content .td-spot-id-top_ad .tdc-placeholder-title: przed {content: \u201eArtyku\u0142 top ad\u201d! Wa\u017cne} .tdb_single_content .td-Spot-Id-inline_ad0 .tdc-placeholder-title 1 '! Wa\u017cne} .tdb_single_content .td-Spot-Id-inline_Ad1 .tdc-Placeholder-Title: przed {content: \u201eArtyku\u0142 inline AD 2'! Wa\u017cny} .tdb_single_content. 3 '! Wa\u017cne} .tdb_single_content .td-Spot-Id-Bottom_Ad .tdc-Placeholder-Title: przed {content: \u201eArtyku\u0142 Bottom Ad\u201d! Wa\u017cne} .tdb_single_content .id_top_ad, .tdb_single_content_content .id_bottom_ad {clear: oba; margin-bottom: 21px; text-align: Center} .tdb_single_content .id_top_ad img, .tdb_single_content .id_bottom_ad img {margin-bottom: 0} .tdb_single_conTent .id_top_ad .adsbyGoogle, .tdb_single_content .id_bottom_ad .adsbyGoogle {pozycja: relatyw} .tdb_single_content .id_ad_content-horiz-left, .tdb_single_content .id_ad_content-horiz-right, .tdb_single_content .id_ad_content-horiz-Center {margin-bottom: 15px} .tdb_single_content .id_ad_content-horiz-left Img, .tdb_single_content .id_ad_content-horiz-right img, .tdb_single_content .id_ad_content-horiz-centerter img {margin-bottom: 0} .tdb_single_content .id_ad_content-horiz-center {text-align: Center} .tdb_single_content .id_ad_content-horiz-center img {margin-right: auto; margin-let: auto} .tdb_single_content .id_ad_content-horiz-left {float: left; margin-top: 9px; margin-right: 21px} .tdb_single_content .id_ad_content-horiz-right {float: margin-top: 6px; margin-left: 21px} .tdb_single_content .tdc-a-a-ad .TDC-Placeholder-Title {szeroko\u015b\u0107: 300px; height: 250px} .tdb_single_content .tdc-a-ad .TDC-Placeholder-Title: Przed {Pozycja: Absolute; TOP: 50%;-WebKit-Transform: Translatey (-50%); Transform: Translatey (-50%); margines: auto; Display: Tabela; szeroko\u015b\u0107: 100%}. tdb_single_content .TDB-BLOCK-INNER.TD-FIX-INDEX {Word-Break: Break-word} .tdi_41, .tdi_41> p, .tdi_41 .tdb-block-inner> p, .Wp-Block-Column> p {font-size: 16px! Wa\u017cne; wa\u017cny; p {font-styl: normalne! Wa\u017cne} @media (Max-Width: 767px) {. tdb_single_content .id_ad_content-horiz-left, .tdb_single_content .id_ad_content-horiz-right, .tdb_single_content .id_ad_content-horiz-centter {Margin: 0 AUTO 26PXX auto}}@media (Max-Width: 767px) {. tdb_single_content .id_ad_content-horiz-left {margin-right: 0}}@media (max-width: 767px) {. (Max-Width: 767px) {. tdb_single_content .td-a-ad {float: none; text-align: Center} .tdb_single_content .td-a-ad img {margin-right: auto; margin-left: auto} .tdb_single_content .tdc-a-a-a-{margin-right: auto; margin-left: auto} .tdb_single_content .tdd<\/style>\n<div class=\"tdb-block-inner td-fix-index\">\n<p>Polskie media poinformowa\u0142y, \u017ce prokuratura prowadzi dochodzenie w sprawie genera\u0142a Wies\u0142aw Kuku\u0142\u0105, szefem sztabu generalnego polskich si\u0142 zbrojnych. Sprawa rzekomo dotyczy zakupu nieruchomo\u015bci na terytorialne si\u0142y obrony (WOT), kt\u00f3re wcze\u015bniej dowodzi\u0142 Kuku\u0142a. Doradca prezydenckiego Stanis\u0142aw \u017baryn skomentowa\u0142 t\u0119 spraw\u0119, twierdz\u0105c, \u017ce Kuku\u0142a zosta\u0142 \u201ezdecydowanie przywi\u0105zany\u201d do \u015bledztwa i \u017ce dzia\u0142ania prokurator\u00f3w Bodnar s\u0105 szkodliwe dla Polski i jej wojska.<\/p>\n<h2 class=\"wp-block-heading\">Dochodzenie przeprowadzone przez prokuratury<\/h2>\n<p>Wiadomo\u015b\u0107 o \u015bledztwie zosta\u0142a po raz pierwszy zg\u0142oszona przez TVN24. Opr\u00f3cz Kuku\u0142i, siedmiu wysokich rang\u0105 funkcjonariuszy z jednostek logistycznych si\u0142 zbrojnych, WOT i Ministerstwa Obrony Narodowej (MON), a tak\u017ce by\u0142ego wiceministra obrony oraz senatora prawa i sprawiedliwo\u015bci (PIS) Wojcich Skurkiewicza, r\u00f3wnie\u017c podlega Scrutiny.<\/p>\n<p>Sprawa wynika ze skargi przed\u0142o\u017conej miesi\u0105c temu do \u201enielegalnej\u201d krajowej prokuratury przez Krajow\u0105 Administracj\u0119 Skarbow\u0105. Dochodzenie koncentruje si\u0119 na domniemanej nadp\u0142aty dla kwatery g\u0142\u00f3wnej WOT w Nowy S\u0105cz, zakupionym pod koniec 2023 r. Wed\u0142ug TVN24 wojsko mog\u0142o naby\u0107 nieruchomo\u015b\u0107 za 5 milion\u00f3w PLN, ale ostatecznie zap\u0142aci\u0142o trzykrotnie t\u0119 kwot\u0119.<\/p>\n<p>\u201eChc\u0105 zdyskredytowa\u0107 najwa\u017cniejszego \u017co\u0142nierza\u201d<\/p>\n<p>Dochodzenie wywo\u0142a\u0142o powszechn\u0105 dyskusj\u0119 online. Zast\u0119pca rzecznika PIS Mateusz Kurzajewski jest przekonany, \u017ce sprawa jest po prostu pr\u00f3b\u0105 usuni\u0119cia niewygodnego oficera wojskowego. Kuku\u0142a pe\u0142ni\u0142 funkcj\u0119 dow\u00f3dcy WOT od 2016 do 2022 roku.<\/p>\n<p>&#8222;Niesamowity. Prokuratorzy Bodnar zaatakowali szefa personelu generalnego w zwi\u0105zku z zakupem nieruchomo\u015bci dla WOT. Problem polega na tym, \u017ce po dokonaniu tego zakupu gen. Kuku\u0142 nie by\u0142 ju\u017c dow\u00f3dc\u0105 Wot. To tylko pretekst, aby pozby\u0107 si\u0119 og\u00f3lnego niech\u0119ci przez obecny rz\u0105d \u201d &#8211; napisa\u0142 Kurzajewski na platformie X.<\/p>\n<p>Ponadto oskar\u017cy\u0142 obecne w\u0142adze o zatrzymanie kluczowych um\u00f3w obronnych, zatrzymanie rekrutacji wojskowej, nie wdra\u017canie bud\u017cetu obrony i przekazanie Brukseli spraw bezpiecze\u0144stwa. \u201eTeraz, w imi\u0119 zemsty politycznej, chc\u0105 zdyskredytowa\u0107 najwa\u017cniejszego \u017co\u0142nierza w polskich si\u0142 zbrojnych\u201d &#8211; doda\u0142.<\/p>\n<h2 class=\"wp-block-heading\">Czy by\u0142 \u201eprzywi\u0105zany\u201d do \u015bledztwa?<\/h2>\n<p>Doradca prezydencki Stanis\u0142aw \u017baryn poszed\u0142 jeszcze dalej, oskar\u017caj\u0105c \u015bciganie o celowe po\u0142\u0105czenie Kukuli z spraw\u0105 i wyciek informacji do medi\u00f3w.<\/p>\n<p>&#8222;Niewiarygodny! W czasach rosn\u0105cych zagro\u017ce\u0144 ze strony Rosji prokuratura rozpoczyna dochodzenie, mocno przywi\u0105zuj\u0105c do niego szefa personelu generalnego i wycieka do medi\u00f3w, aby podwa\u017cy\u0107 wiarygodno\u015b\u0107 gen. Wies\u0142awa Kuku\u0142\u0105 \u201d &#8211; napisa\u0142 \u017baryn.<\/p>\n<p>Podkre\u015bli\u0142, \u017ce takie dzia\u0142ania s\u0105 \u201eszkodliwe dla Polski i naszej armii\u201d. \u201eTragedia!\u201d Dokona\u0142.<\/p>\n<\/div>\n<\/div>\n","protected":false},"excerpt":{"rendered":"<p>Polskie media poinformowa\u0142y, \u017ce prokuratura prowadzi dochodzenie w sprawie genera\u0142a Wies\u0142aw Kuku\u0142\u0105, szefem sztabu generalnego polskich si\u0142 zbrojnych. Sprawa rzekomo<\/p>\n","protected":false},"author":1,"featured_media":1096,"comment_status":"closed","ping_status":"","sticky":false,"template":"","format":"standard","meta":{"footnotes":""},"categories":[4748],"tags":[4192,6292,1368,6293,72,6291,6295,6296,6297,6294],"class_list":["post-4607","post","type-post","status-publish","format-standard","has-post-thumbnail","hentry","category-aktualne","tag-atak","tag-bodnara","tag-mediow","tag-najlepszego","tag-polski","tag-prokuratorow","tag-przywiazali","tag-sledztwa","tag-wyciekli","tag-zolnierza","generate-columns","tablet-grid-50","mobile-grid-100","grid-parent","grid-50","resize-featured-image"],"yoast_head":"<!-- This site is optimized with the Yoast SEO plugin v23.2 - https:\/\/yoast.com\/wordpress\/plugins\/seo\/ -->\n<title>Atak prokurator\u00f3w Bodnara na najlepszego \u017co\u0142nierza Polski: \u201ePrzywi\u0105zali go do \u015bledztwa i wyciekli do medi\u00f3w\u201d - POGOTOWIE FLAGOWE\u00ae<\/title>\n<meta name=\"robots\" content=\"index, follow, max-snippet:-1, max-image-preview:large, max-video-preview:-1\" \/>\n<link rel=\"canonical\" href=\"https:\/\/www.pogotowieflagowe.pl\/aktualne\/atak-prokuratorow-bodnara-na-najlepszego-zolnierza-polski-przywiazali-go-do-sledztwa-i-wyciekli-do-mediow\/\" \/>\n<meta property=\"og:locale\" content=\"pl_PL\" \/>\n<meta property=\"og:type\" content=\"article\" \/>\n<meta property=\"og:title\" content=\"Atak prokurator\u00f3w Bodnara na najlepszego \u017co\u0142nierza Polski: \u201ePrzywi\u0105zali go do \u015bledztwa i wyciekli do medi\u00f3w\u201d - POGOTOWIE FLAGOWE\u00ae\" \/>\n<meta property=\"og:description\" content=\"Polskie media poinformowa\u0142y, \u017ce prokuratura prowadzi dochodzenie w sprawie genera\u0142a Wies\u0142aw Kuku\u0142\u0105, szefem sztabu generalnego polskich si\u0142 zbrojnych. Sprawa rzekomo\" \/>\n<meta property=\"og:url\" content=\"https:\/\/www.pogotowieflagowe.pl\/aktualne\/atak-prokuratorow-bodnara-na-najlepszego-zolnierza-polski-przywiazali-go-do-sledztwa-i-wyciekli-do-mediow\/\" \/>\n<meta property=\"og:site_name\" content=\"POGOTOWIE FLAGOWE\u00ae\" \/>\n<meta property=\"article:published_time\" content=\"2025-03-15T02:46:55+00:00\" \/>\n<meta property=\"og:image\" content=\"https:\/\/www.pogotowieflagowe.pl\/aktualne\/wp-content\/uploads\/2024\/10\/General-Kukula-\u201eJestesmy-pokoleniem-ktore-bedzie-bronic-naszego-narodu.jpeg\" \/>\n\t<meta property=\"og:image:width\" content=\"1280\" \/>\n\t<meta property=\"og:image:height\" content=\"720\" \/>\n\t<meta property=\"og:image:type\" content=\"image\/jpeg\" \/>\n<meta name=\"author\" content=\"Filip\" \/>\n<meta name=\"twitter:card\" content=\"summary_large_image\" \/>\n<meta name=\"twitter:label1\" content=\"Napisane przez\" \/>\n\t<meta name=\"twitter:data1\" content=\"Filip\" \/>\n\t<meta name=\"twitter:label2\" content=\"Szacowany czas czytania\" \/>\n\t<meta name=\"twitter:data2\" content=\"2 minuty\" \/>\n<script type=\"application\/ld+json\" class=\"yoast-schema-graph\">{\"@context\":\"https:\/\/schema.org\",\"@graph\":[{\"@type\":\"Article\",\"@id\":\"https:\/\/www.pogotowieflagowe.pl\/aktualne\/atak-prokuratorow-bodnara-na-najlepszego-zolnierza-polski-przywiazali-go-do-sledztwa-i-wyciekli-do-mediow\/#article\",\"isPartOf\":{\"@id\":\"https:\/\/www.pogotowieflagowe.pl\/aktualne\/atak-prokuratorow-bodnara-na-najlepszego-zolnierza-polski-przywiazali-go-do-sledztwa-i-wyciekli-do-mediow\/\"},\"author\":{\"name\":\"Filip\",\"@id\":\"https:\/\/www.pogotowieflagowe.pl\/aktualne\/#\/schema\/person\/9c2fb7d2362ebf6fa088960d7f0d27b0\"},\"headline\":\"Atak prokurator\u00f3w Bodnara na najlepszego \u017co\u0142nierza Polski: \u201ePrzywi\u0105zali go do \u015bledztwa i wyciekli do medi\u00f3w\u201d\",\"datePublished\":\"2025-03-15T02:46:55+00:00\",\"dateModified\":\"2025-03-15T02:46:55+00:00\",\"mainEntityOfPage\":{\"@id\":\"https:\/\/www.pogotowieflagowe.pl\/aktualne\/atak-prokuratorow-bodnara-na-najlepszego-zolnierza-polski-przywiazali-go-do-sledztwa-i-wyciekli-do-mediow\/\"},\"wordCount\":430,\"publisher\":{\"@id\":\"https:\/\/www.pogotowieflagowe.pl\/aktualne\/#organization\"},\"image\":{\"@id\":\"https:\/\/www.pogotowieflagowe.pl\/aktualne\/atak-prokuratorow-bodnara-na-najlepszego-zolnierza-polski-przywiazali-go-do-sledztwa-i-wyciekli-do-mediow\/#primaryimage\"},\"thumbnailUrl\":\"https:\/\/www.pogotowieflagowe.pl\/aktualne\/wp-content\/uploads\/2024\/10\/General-Kukula-\u201eJestesmy-pokoleniem-ktore-bedzie-bronic-naszego-narodu.jpeg\",\"keywords\":[\"Atak\",\"Bodnara\",\"Medi\u00f3w\",\"najlepszego\",\"polski\",\"prokurator\u00f3w\",\"Przywi\u0105zali\",\"\u015bledztwa\",\"wyciekli\",\"\u017co\u0142nierza\"],\"articleSection\":[\"Aktualne\"],\"inLanguage\":\"pl-PL\"},{\"@type\":\"WebPage\",\"@id\":\"https:\/\/www.pogotowieflagowe.pl\/aktualne\/atak-prokuratorow-bodnara-na-najlepszego-zolnierza-polski-przywiazali-go-do-sledztwa-i-wyciekli-do-mediow\/\",\"url\":\"https:\/\/www.pogotowieflagowe.pl\/aktualne\/atak-prokuratorow-bodnara-na-najlepszego-zolnierza-polski-przywiazali-go-do-sledztwa-i-wyciekli-do-mediow\/\",\"name\":\"Atak prokurator\u00f3w Bodnara na najlepszego \u017co\u0142nierza Polski: \u201ePrzywi\u0105zali go do \u015bledztwa i wyciekli do medi\u00f3w\u201d - POGOTOWIE FLAGOWE\u00ae\",\"isPartOf\":{\"@id\":\"https:\/\/www.pogotowieflagowe.pl\/aktualne\/#website\"},\"primaryImageOfPage\":{\"@id\":\"https:\/\/www.pogotowieflagowe.pl\/aktualne\/atak-prokuratorow-bodnara-na-najlepszego-zolnierza-polski-przywiazali-go-do-sledztwa-i-wyciekli-do-mediow\/#primaryimage\"},\"image\":{\"@id\":\"https:\/\/www.pogotowieflagowe.pl\/aktualne\/atak-prokuratorow-bodnara-na-najlepszego-zolnierza-polski-przywiazali-go-do-sledztwa-i-wyciekli-do-mediow\/#primaryimage\"},\"thumbnailUrl\":\"https:\/\/www.pogotowieflagowe.pl\/aktualne\/wp-content\/uploads\/2024\/10\/General-Kukula-\u201eJestesmy-pokoleniem-ktore-bedzie-bronic-naszego-narodu.jpeg\",\"datePublished\":\"2025-03-15T02:46:55+00:00\",\"dateModified\":\"2025-03-15T02:46:55+00:00\",\"breadcrumb\":{\"@id\":\"https:\/\/www.pogotowieflagowe.pl\/aktualne\/atak-prokuratorow-bodnara-na-najlepszego-zolnierza-polski-przywiazali-go-do-sledztwa-i-wyciekli-do-mediow\/#breadcrumb\"},\"inLanguage\":\"pl-PL\",\"potentialAction\":[{\"@type\":\"ReadAction\",\"target\":[\"https:\/\/www.pogotowieflagowe.pl\/aktualne\/atak-prokuratorow-bodnara-na-najlepszego-zolnierza-polski-przywiazali-go-do-sledztwa-i-wyciekli-do-mediow\/\"]}]},{\"@type\":\"ImageObject\",\"inLanguage\":\"pl-PL\",\"@id\":\"https:\/\/www.pogotowieflagowe.pl\/aktualne\/atak-prokuratorow-bodnara-na-najlepszego-zolnierza-polski-przywiazali-go-do-sledztwa-i-wyciekli-do-mediow\/#primaryimage\",\"url\":\"https:\/\/www.pogotowieflagowe.pl\/aktualne\/wp-content\/uploads\/2024\/10\/General-Kukula-\u201eJestesmy-pokoleniem-ktore-bedzie-bronic-naszego-narodu.jpeg\",\"contentUrl\":\"https:\/\/www.pogotowieflagowe.pl\/aktualne\/wp-content\/uploads\/2024\/10\/General-Kukula-\u201eJestesmy-pokoleniem-ktore-bedzie-bronic-naszego-narodu.jpeg\",\"width\":1280,\"height\":720,\"caption\":\"Genera\u0142 Kuku\u0142a: \u201eJeste\u015bmy pokoleniem, kt\u00f3re b\u0119dzie broni\u0107 naszego narodu\u201d\"},{\"@type\":\"BreadcrumbList\",\"@id\":\"https:\/\/www.pogotowieflagowe.pl\/aktualne\/atak-prokuratorow-bodnara-na-najlepszego-zolnierza-polski-przywiazali-go-do-sledztwa-i-wyciekli-do-mediow\/#breadcrumb\",\"itemListElement\":[{\"@type\":\"ListItem\",\"position\":1,\"name\":\"Home\",\"item\":\"https:\/\/www.pogotowieflagowe.pl\/aktualne\/\"},{\"@type\":\"ListItem\",\"position\":2,\"name\":\"Atak prokurator\u00f3w Bodnara na najlepszego \u017co\u0142nierza Polski: \u201ePrzywi\u0105zali go do \u015bledztwa i wyciekli do medi\u00f3w\u201d\"}]},{\"@type\":\"WebSite\",\"@id\":\"https:\/\/www.pogotowieflagowe.pl\/aktualne\/#website\",\"url\":\"https:\/\/www.pogotowieflagowe.pl\/aktualne\/\",\"name\":\"POGOTOWIE FLAGOWE\u00ae\",\"description\":\"\",\"publisher\":{\"@id\":\"https:\/\/www.pogotowieflagowe.pl\/aktualne\/#organization\"},\"potentialAction\":[{\"@type\":\"SearchAction\",\"target\":{\"@type\":\"EntryPoint\",\"urlTemplate\":\"https:\/\/www.pogotowieflagowe.pl\/aktualne\/?s={search_term_string}\"},\"query-input\":\"required name=search_term_string\"}],\"inLanguage\":\"pl-PL\"},{\"@type\":\"Organization\",\"@id\":\"https:\/\/www.pogotowieflagowe.pl\/aktualne\/#organization\",\"name\":\"POGOTOWIE FLAGOWE\u00ae\",\"url\":\"https:\/\/www.pogotowieflagowe.pl\/aktualne\/\",\"logo\":{\"@type\":\"ImageObject\",\"inLanguage\":\"pl-PL\",\"@id\":\"https:\/\/www.pogotowieflagowe.pl\/aktualne\/#\/schema\/logo\/image\/\",\"url\":\"https:\/\/www.pogotowieflagowe.pl\/aktualne\/wp-content\/uploads\/2024\/08\/cropped-pogotowieflagowe_flaga_projekt_sm.jpg\",\"contentUrl\":\"https:\/\/www.pogotowieflagowe.pl\/aktualne\/wp-content\/uploads\/2024\/08\/cropped-pogotowieflagowe_flaga_projekt_sm.jpg\",\"width\":250,\"height\":143,\"caption\":\"POGOTOWIE FLAGOWE\u00ae\"},\"image\":{\"@id\":\"https:\/\/www.pogotowieflagowe.pl\/aktualne\/#\/schema\/logo\/image\/\"}},{\"@type\":\"Person\",\"@id\":\"https:\/\/www.pogotowieflagowe.pl\/aktualne\/#\/schema\/person\/9c2fb7d2362ebf6fa088960d7f0d27b0\",\"name\":\"Filip\",\"image\":{\"@type\":\"ImageObject\",\"inLanguage\":\"pl-PL\",\"@id\":\"https:\/\/www.pogotowieflagowe.pl\/aktualne\/#\/schema\/person\/image\/\",\"url\":\"https:\/\/www.pogotowieflagowe.pl\/aktualne\/wp-content\/uploads\/2024\/08\/pogotowieflagowe.pl_.jpg\",\"contentUrl\":\"https:\/\/www.pogotowieflagowe.pl\/aktualne\/wp-content\/uploads\/2024\/08\/pogotowieflagowe.pl_.jpg\",\"caption\":\"Filip\"},\"description\":\"Jestem Filip, polski dziennikarz z dyplomem nauk politycznych Uniwersytetu Warszawskiego. Rozpoczynaj\u0105c swoj\u0105 karier\u0119 w r\u00f3\u017cnych lokalnych mediach, zdoby\u0142em solidne do\u015bwiadczenie w zakresie \u015bledztwa i redakcji. Obecnie jako redaktor w Pogotowie flagowe, staram si\u0119 dostarcza\u0107 dog\u0142\u0119bne i istotne analizy na temat najwa\u017cniejszych kwestii aktualno\u015bci, \u0142\u0105cz\u0105c rygor z pasj\u0105 dziennikarsk\u0105.\",\"sameAs\":[\"https:\/\/www.pogotowieflagowe.pl\/\"]}]}<\/script>\n<!-- \/ Yoast SEO plugin. -->","yoast_head_json":{"title":"Atak prokurator\u00f3w Bodnara na najlepszego \u017co\u0142nierza Polski: \u201ePrzywi\u0105zali go do \u015bledztwa i wyciekli do medi\u00f3w\u201d - POGOTOWIE FLAGOWE\u00ae","robots":{"index":"index","follow":"follow","max-snippet":"max-snippet:-1","max-image-preview":"max-image-preview:large","max-video-preview":"max-video-preview:-1"},"canonical":"https:\/\/www.pogotowieflagowe.pl\/aktualne\/atak-prokuratorow-bodnara-na-najlepszego-zolnierza-polski-przywiazali-go-do-sledztwa-i-wyciekli-do-mediow\/","og_locale":"pl_PL","og_type":"article","og_title":"Atak prokurator\u00f3w Bodnara na najlepszego \u017co\u0142nierza Polski: \u201ePrzywi\u0105zali go do \u015bledztwa i wyciekli do medi\u00f3w\u201d - POGOTOWIE FLAGOWE\u00ae","og_description":"Polskie media poinformowa\u0142y, \u017ce prokuratura prowadzi dochodzenie w sprawie genera\u0142a Wies\u0142aw Kuku\u0142\u0105, szefem sztabu generalnego polskich si\u0142 zbrojnych. Sprawa rzekomo","og_url":"https:\/\/www.pogotowieflagowe.pl\/aktualne\/atak-prokuratorow-bodnara-na-najlepszego-zolnierza-polski-przywiazali-go-do-sledztwa-i-wyciekli-do-mediow\/","og_site_name":"POGOTOWIE FLAGOWE\u00ae","article_published_time":"2025-03-15T02:46:55+00:00","og_image":[{"width":1280,"height":720,"url":"https:\/\/www.pogotowieflagowe.pl\/aktualne\/wp-content\/uploads\/2024\/10\/General-Kukula-\u201eJestesmy-pokoleniem-ktore-bedzie-bronic-naszego-narodu.jpeg","type":"image\/jpeg"}],"author":"Filip","twitter_card":"summary_large_image","twitter_misc":{"Napisane przez":"Filip","Szacowany czas czytania":"2 minuty"},"schema":{"@context":"https:\/\/schema.org","@graph":[{"@type":"Article","@id":"https:\/\/www.pogotowieflagowe.pl\/aktualne\/atak-prokuratorow-bodnara-na-najlepszego-zolnierza-polski-przywiazali-go-do-sledztwa-i-wyciekli-do-mediow\/#article","isPartOf":{"@id":"https:\/\/www.pogotowieflagowe.pl\/aktualne\/atak-prokuratorow-bodnara-na-najlepszego-zolnierza-polski-przywiazali-go-do-sledztwa-i-wyciekli-do-mediow\/"},"author":{"name":"Filip","@id":"https:\/\/www.pogotowieflagowe.pl\/aktualne\/#\/schema\/person\/9c2fb7d2362ebf6fa088960d7f0d27b0"},"headline":"Atak prokurator\u00f3w Bodnara na najlepszego \u017co\u0142nierza Polski: \u201ePrzywi\u0105zali go do \u015bledztwa i wyciekli do medi\u00f3w\u201d","datePublished":"2025-03-15T02:46:55+00:00","dateModified":"2025-03-15T02:46:55+00:00","mainEntityOfPage":{"@id":"https:\/\/www.pogotowieflagowe.pl\/aktualne\/atak-prokuratorow-bodnara-na-najlepszego-zolnierza-polski-przywiazali-go-do-sledztwa-i-wyciekli-do-mediow\/"},"wordCount":430,"publisher":{"@id":"https:\/\/www.pogotowieflagowe.pl\/aktualne\/#organization"},"image":{"@id":"https:\/\/www.pogotowieflagowe.pl\/aktualne\/atak-prokuratorow-bodnara-na-najlepszego-zolnierza-polski-przywiazali-go-do-sledztwa-i-wyciekli-do-mediow\/#primaryimage"},"thumbnailUrl":"https:\/\/www.pogotowieflagowe.pl\/aktualne\/wp-content\/uploads\/2024\/10\/General-Kukula-\u201eJestesmy-pokoleniem-ktore-bedzie-bronic-naszego-narodu.jpeg","keywords":["Atak","Bodnara","Medi\u00f3w","najlepszego","polski","prokurator\u00f3w","Przywi\u0105zali","\u015bledztwa","wyciekli","\u017co\u0142nierza"],"articleSection":["Aktualne"],"inLanguage":"pl-PL"},{"@type":"WebPage","@id":"https:\/\/www.pogotowieflagowe.pl\/aktualne\/atak-prokuratorow-bodnara-na-najlepszego-zolnierza-polski-przywiazali-go-do-sledztwa-i-wyciekli-do-mediow\/","url":"https:\/\/www.pogotowieflagowe.pl\/aktualne\/atak-prokuratorow-bodnara-na-najlepszego-zolnierza-polski-przywiazali-go-do-sledztwa-i-wyciekli-do-mediow\/","name":"Atak prokurator\u00f3w Bodnara na najlepszego \u017co\u0142nierza Polski: \u201ePrzywi\u0105zali go do \u015bledztwa i wyciekli do medi\u00f3w\u201d - POGOTOWIE FLAGOWE\u00ae","isPartOf":{"@id":"https:\/\/www.pogotowieflagowe.pl\/aktualne\/#website"},"primaryImageOfPage":{"@id":"https:\/\/www.pogotowieflagowe.pl\/aktualne\/atak-prokuratorow-bodnara-na-najlepszego-zolnierza-polski-przywiazali-go-do-sledztwa-i-wyciekli-do-mediow\/#primaryimage"},"image":{"@id":"https:\/\/www.pogotowieflagowe.pl\/aktualne\/atak-prokuratorow-bodnara-na-najlepszego-zolnierza-polski-przywiazali-go-do-sledztwa-i-wyciekli-do-mediow\/#primaryimage"},"thumbnailUrl":"https:\/\/www.pogotowieflagowe.pl\/aktualne\/wp-content\/uploads\/2024\/10\/General-Kukula-\u201eJestesmy-pokoleniem-ktore-bedzie-bronic-naszego-narodu.jpeg","datePublished":"2025-03-15T02:46:55+00:00","dateModified":"2025-03-15T02:46:55+00:00","breadcrumb":{"@id":"https:\/\/www.pogotowieflagowe.pl\/aktualne\/atak-prokuratorow-bodnara-na-najlepszego-zolnierza-polski-przywiazali-go-do-sledztwa-i-wyciekli-do-mediow\/#breadcrumb"},"inLanguage":"pl-PL","potentialAction":[{"@type":"ReadAction","target":["https:\/\/www.pogotowieflagowe.pl\/aktualne\/atak-prokuratorow-bodnara-na-najlepszego-zolnierza-polski-przywiazali-go-do-sledztwa-i-wyciekli-do-mediow\/"]}]},{"@type":"ImageObject","inLanguage":"pl-PL","@id":"https:\/\/www.pogotowieflagowe.pl\/aktualne\/atak-prokuratorow-bodnara-na-najlepszego-zolnierza-polski-przywiazali-go-do-sledztwa-i-wyciekli-do-mediow\/#primaryimage","url":"https:\/\/www.pogotowieflagowe.pl\/aktualne\/wp-content\/uploads\/2024\/10\/General-Kukula-\u201eJestesmy-pokoleniem-ktore-bedzie-bronic-naszego-narodu.jpeg","contentUrl":"https:\/\/www.pogotowieflagowe.pl\/aktualne\/wp-content\/uploads\/2024\/10\/General-Kukula-\u201eJestesmy-pokoleniem-ktore-bedzie-bronic-naszego-narodu.jpeg","width":1280,"height":720,"caption":"Genera\u0142 Kuku\u0142a: \u201eJeste\u015bmy pokoleniem, kt\u00f3re b\u0119dzie broni\u0107 naszego narodu\u201d"},{"@type":"BreadcrumbList","@id":"https:\/\/www.pogotowieflagowe.pl\/aktualne\/atak-prokuratorow-bodnara-na-najlepszego-zolnierza-polski-przywiazali-go-do-sledztwa-i-wyciekli-do-mediow\/#breadcrumb","itemListElement":[{"@type":"ListItem","position":1,"name":"Home","item":"https:\/\/www.pogotowieflagowe.pl\/aktualne\/"},{"@type":"ListItem","position":2,"name":"Atak prokurator\u00f3w Bodnara na najlepszego \u017co\u0142nierza Polski: \u201ePrzywi\u0105zali go do \u015bledztwa i wyciekli do medi\u00f3w\u201d"}]},{"@type":"WebSite","@id":"https:\/\/www.pogotowieflagowe.pl\/aktualne\/#website","url":"https:\/\/www.pogotowieflagowe.pl\/aktualne\/","name":"POGOTOWIE FLAGOWE\u00ae","description":"","publisher":{"@id":"https:\/\/www.pogotowieflagowe.pl\/aktualne\/#organization"},"potentialAction":[{"@type":"SearchAction","target":{"@type":"EntryPoint","urlTemplate":"https:\/\/www.pogotowieflagowe.pl\/aktualne\/?s={search_term_string}"},"query-input":"required name=search_term_string"}],"inLanguage":"pl-PL"},{"@type":"Organization","@id":"https:\/\/www.pogotowieflagowe.pl\/aktualne\/#organization","name":"POGOTOWIE FLAGOWE\u00ae","url":"https:\/\/www.pogotowieflagowe.pl\/aktualne\/","logo":{"@type":"ImageObject","inLanguage":"pl-PL","@id":"https:\/\/www.pogotowieflagowe.pl\/aktualne\/#\/schema\/logo\/image\/","url":"https:\/\/www.pogotowieflagowe.pl\/aktualne\/wp-content\/uploads\/2024\/08\/cropped-pogotowieflagowe_flaga_projekt_sm.jpg","contentUrl":"https:\/\/www.pogotowieflagowe.pl\/aktualne\/wp-content\/uploads\/2024\/08\/cropped-pogotowieflagowe_flaga_projekt_sm.jpg","width":250,"height":143,"caption":"POGOTOWIE FLAGOWE\u00ae"},"image":{"@id":"https:\/\/www.pogotowieflagowe.pl\/aktualne\/#\/schema\/logo\/image\/"}},{"@type":"Person","@id":"https:\/\/www.pogotowieflagowe.pl\/aktualne\/#\/schema\/person\/9c2fb7d2362ebf6fa088960d7f0d27b0","name":"Filip","image":{"@type":"ImageObject","inLanguage":"pl-PL","@id":"https:\/\/www.pogotowieflagowe.pl\/aktualne\/#\/schema\/person\/image\/","url":"https:\/\/www.pogotowieflagowe.pl\/aktualne\/wp-content\/uploads\/2024\/08\/pogotowieflagowe.pl_.jpg","contentUrl":"https:\/\/www.pogotowieflagowe.pl\/aktualne\/wp-content\/uploads\/2024\/08\/pogotowieflagowe.pl_.jpg","caption":"Filip"},"description":"Jestem Filip, polski dziennikarz z dyplomem nauk politycznych Uniwersytetu Warszawskiego. Rozpoczynaj\u0105c swoj\u0105 karier\u0119 w r\u00f3\u017cnych lokalnych mediach, zdoby\u0142em solidne do\u015bwiadczenie w zakresie \u015bledztwa i redakcji. Obecnie jako redaktor w Pogotowie flagowe, staram si\u0119 dostarcza\u0107 dog\u0142\u0119bne i istotne analizy na temat najwa\u017cniejszych kwestii aktualno\u015bci, \u0142\u0105cz\u0105c rygor z pasj\u0105 dziennikarsk\u0105.","sameAs":["https:\/\/www.pogotowieflagowe.pl\/"]}]}},"_links":{"self":[{"href":"https:\/\/www.pogotowieflagowe.pl\/aktualne\/wp-json\/wp\/v2\/posts\/4607","targetHints":{"allow":["GET"]}}],"collection":[{"href":"https:\/\/www.pogotowieflagowe.pl\/aktualne\/wp-json\/wp\/v2\/posts"}],"about":[{"href":"https:\/\/www.pogotowieflagowe.pl\/aktualne\/wp-json\/wp\/v2\/types\/post"}],"author":[{"embeddable":true,"href":"https:\/\/www.pogotowieflagowe.pl\/aktualne\/wp-json\/wp\/v2\/users\/1"}],"replies":[{"embeddable":true,"href":"https:\/\/www.pogotowieflagowe.pl\/aktualne\/wp-json\/wp\/v2\/comments?post=4607"}],"version-history":[{"count":1,"href":"https:\/\/www.pogotowieflagowe.pl\/aktualne\/wp-json\/wp\/v2\/posts\/4607\/revisions"}],"predecessor-version":[{"id":4608,"href":"https:\/\/www.pogotowieflagowe.pl\/aktualne\/wp-json\/wp\/v2\/posts\/4607\/revisions\/4608"}],"wp:featuredmedia":[{"embeddable":true,"href":"https:\/\/www.pogotowieflagowe.pl\/aktualne\/wp-json\/wp\/v2\/media\/1096"}],"wp:attachment":[{"href":"https:\/\/www.pogotowieflagowe.pl\/aktualne\/wp-json\/wp\/v2\/media?parent=4607"}],"wp:term":[{"taxonomy":"category","embeddable":true,"href":"https:\/\/www.pogotowieflagowe.pl\/aktualne\/wp-json\/wp\/v2\/categories?post=4607"},{"taxonomy":"post_tag","embeddable":true,"href":"https:\/\/www.pogotowieflagowe.pl\/aktualne\/wp-json\/wp\/v2\/tags?post=4607"}],"curies":[{"name":"wp","href":"https:\/\/api.w.org\/{rel}","templated":true}]}}