{"id":4615,"date":"2025-03-15T14:47:03","date_gmt":"2025-03-15T13:47:03","guid":{"rendered":"https:\/\/www.pogotowieflagowe.pl\/aktualne\/czarnek-w-sprawie-rezolucji-parlamentu-europejskiego-krok-w-kierunku-budowy-panstwa-europejskiego-pod-kontrola-niemiecka\/"},"modified":"2025-03-15T14:47:04","modified_gmt":"2025-03-15T13:47:04","slug":"czarnek-w-sprawie-rezolucji-parlamentu-europejskiego-krok-w-kierunku-budowy-panstwa-europejskiego-pod-kontrola-niemiecka","status":"publish","type":"post","link":"https:\/\/www.pogotowieflagowe.pl\/aktualne\/czarnek-w-sprawie-rezolucji-parlamentu-europejskiego-krok-w-kierunku-budowy-panstwa-europejskiego-pod-kontrola-niemiecka\/","title":{"rendered":"Czarnek w sprawie rezolucji Parlamentu Europejskiego: krok w kierunku budowy pa\u0144stwa europejskiego pod kontrol\u0105 niemieck\u0105"},"content":{"rendered":"\n<div class=\"td_block_wrap tdb_single_content tdi_41 td-pb-border-top td_block_template_8 td-post-content tagdiv-type\" data-td-block-uid=\"tdi_41\">\n<style>.tdi_41 {margin-top: 0px! Wa\u017cne; margines-bottom: 0px! WA\u017bNY; PALDING-TOP: 0PX! WA\u017bNY; PALDING-BOTTOM: 0PX! WA\u017bNE}<\/style>\n<style>.tdb_single_content {margin-bottom: 0;*zoom: 1} .tdb_single_content: wcze\u015bniej, .tdb_single_content: po {display: Table; content: ''; line-height: 0} .TDB-BLOCK-INner>*: nie (.WP-BLOCK-QUOTE): not (.alignSwide): not (.Alignfull.wp-block-cover.has-parallax): not (.td-a-ad) {margin-left: auto; margin-right: auto} .tdb_single_ConTent a {wska\u017anik-events: auto} .tdb_single_content .td-spot-id-top_ad .tdc-placeholder-title: przed {content: \u201eArtyku\u0142 top ad\u201d! Wa\u017cne} .tdb_single_content .td-Spot-Id-inline_ad0 .tdc-placeholder-title 1 '! Wa\u017cne} .tdb_single_content .td-Spot-Id-inline_Ad1 .tdc-Placeholder-Title: przed {content: \u201eArtyku\u0142 inline AD 2'! Wa\u017cny} .tdb_single_content. 3 '! Wa\u017cne} .tdb_single_content .td-Spot-Id-Bottom_Ad .tdc-Placeholder-Title: przed {content: \u201eArtyku\u0142 Bottom Ad\u201d! Wa\u017cne} .tdb_single_content .id_top_ad, .tdb_single_content_content .id_bottom_ad {clear: oba; margin-bottom: 21px; text-align: Center} .tdb_single_content .id_top_ad img, .tdb_single_content .id_bottom_ad img {margin-bottom: 0} .tdb_single_conTent .id_top_ad .adsbyGoogle, .tdb_single_content .id_bottom_ad .adsbyGoogle {pozycja: relatyw} .tdb_single_content .id_ad_content-horiz-left, .tdb_single_content .id_ad_content-horiz-right, .tdb_single_content .id_ad_content-horiz-Center {margin-bottom: 15px} .tdb_single_content .id_ad_content-horiz-left Img, .tdb_single_content .id_ad_content-horiz-right img, .tdb_single_content .id_ad_content-horiz-centerter img {margin-bottom: 0} .tdb_single_content .id_ad_content-horiz-center {text-align: Center} .tdb_single_content .id_ad_content-horiz-center img {margin-right: auto; margin-let: auto} .tdb_single_content .id_ad_content-horiz-left {float: left; margin-top: 9px; margin-right: 21px} .tdb_single_content .id_ad_content-horiz-right {float: margin-top: 6px; margin-left: 21px} .tdb_single_content .tdc-a-a-ad .TDC-Placeholder-Title {szeroko\u015b\u0107: 300px; height: 250px} .tdb_single_content .tdc-a-ad .TDC-Placeholder-Title: Przed {Pozycja: Absolute; TOP: 50%;-WebKit-Transform: Translatey (-50%); Transform: Translatey (-50%); margines: auto; Display: Tabela; szeroko\u015b\u0107: 100%}. tdb_single_content .TDB-BLOCK-INNER.TD-FIX-INDEX {Word-Break: Break-word} .tdi_41, .tdi_41> p, .tdi_41 .tdb-block-inner> p, .Wp-Block-Column> p {font-size: 16px! Wa\u017cne; wa\u017cny; p {font-styl: normalne! Wa\u017cne} @media (Max-Width: 767px) {. tdb_single_content .id_ad_content-horiz-left, .tdb_single_content .id_ad_content-horiz-right, .tdb_single_content .id_ad_content-horiz-centter {Margin: 0 AUTO 26PXX auto}}@media (Max-Width: 767px) {. tdb_single_content .id_ad_content-horiz-left {margin-right: 0}}@media (max-width: 767px) {. (Max-Width: 767px) {. tdb_single_content .td-a-ad {float: none; text-align: Center} .tdb_single_content .td-a-ad img {margin-right: auto; margin-left: auto} .tdb_single_content .tdc-a-a-a-{margin-right: auto; margin-left: auto} .tdb_single_content .tdd<\/style>\n<div class=\"tdb-block-inner td-fix-index\">\n<p>W \u015brod\u0119 parlament europejski podj\u0105\u0142 rezolucj\u0119 maj\u0105c\u0105 na celu wzmocnienie zdolno\u015bci obronnych UE. W ramach tej rezolucji przyj\u0119to r\u00f3wnie\u017c poprawk\u0119 zaproponowan\u0105 przez delegacj\u0119 Po-PSL w Europejskiej Partii Ludowej (EPP), uznaj\u0105c \u201etarcz\u0105 wschodni\u0105\u201d jako flagowy projekt zbiorowego bezpiecze\u0144stwa UE. Dokument zosta\u0142 zatwierdzony przez zdecydowan\u0105 wi\u0119kszo\u015b\u0107 w Parlamencie Europejskim (419 g\u0142os\u00f3w do 204). Rezolucja nie zosta\u0142a poparta przez pos\u0142\u00f3w do PIS (prawo i sprawiedliwo\u015b\u0107) i Konfederacji, kt\u00f3re wywo\u0142a\u0142y krytyk\u0119 ze strony przedstawicieli obecnego polskiego rz\u0105du. Politycy z tych partii twierdz\u0105, \u017ce centralny celem rozdzielczo\u015bci jest zupe\u0142nie inny ni\u017c tarcza wschodnia.<\/p>\n<h2 class=\"wp-block-heading\">\u015awietne oszustwo<\/h2>\n<p>Pemys\u0142aw Czarnek przemawia\u0142 do tego g\u0142osu podczas briefingu prasowego w Krakowie w pi\u0105tek.<\/p>\n<figure class=\"wp-block-pullquote\">\n<blockquote>\n<p><em>\u201eRezolucja, kt\u00f3r\u0105 przej\u0105\u0142e\u015b w Parlamencie Europejskim, jest wielk\u0105 ha\u0144b\u0105 i zawstydzeniem dla Europy. Jest to wielkie oszustwo, krok w kierunku budowy zjednoczonego pa\u0144stwa europejskiego pod kontrol\u0105 niemieck\u0105. To nigdy nie mo\u017cna zaakceptowa\u0107 \u201d<\/em><\/p>\n<p><cite><em> <\/em>stwierdzi\u0142 Pis MP.<\/cite><\/p><\/blockquote>\n<\/figure>\n<p>Wed\u0142ug niego Europa stara si\u0119 ustanowi\u0107 wsp\u00f3ln\u0105 armi\u0119 <em>\u201eNie ma nic wsp\u00f3lnego z skuteczn\u0105 si\u0142\u0105 wojskow\u0105\u201d.<\/em> Dalej argumentowa\u0142 <em>\u201eEuropa &#8211; co do Niemcy, Francji i Tusk w ich s\u0142u\u017cbie &#8211; zwle\u015bci do wydalenia Amerykan\u00f3w z Europy, do wypchni\u0119cia NATO z Europy, aby mogli robi\u0107 wszystko, co zadowol\u0105 we wsp\u00f3\u0142pracy i kontaktach biznesowych z Rosjanami\u201d.<\/em><\/p>\n<p><em>\u201eJedyna gwarancja utrzymania sojuszu Polski ze Stanami Zjednoczonymi\u201d<\/em> CZARNEK stwierdzi\u0142, <em>\u201eWybiera kandydata obywatelskiego wspieranego przez PIS, Karol Nawrocki, jako prezydent\u201d.<\/em><\/p>\n<h2 class=\"wp-block-heading\">Wszystko w Niemczech<\/h2>\n<p>Podczas konferencji by\u0142y Minister Edukacji i Nauki, Pzemys\u0142aw Czarnek do\u0142\u0105czy\u0142 do PIS pos\u0142a Arkadiusza Mularczyka, kt\u00f3ry argumentowa\u0142, \u017ce rozwi\u0105zanie Parlamentu Europejskiego w sprawie bezpiecze\u0144stwa jest wyj\u0105tkowo niebezpieczne dla bezpiecze\u0144stwa Polski. <em>\u201eTo, co elity Europejskie i Brukseli wdra\u017caj\u0105 dzi\u015b na sugestie Niemiec, jest os\u0142abienie NATO i wydalenie Ameryki z Europy\u201d<\/em> Twierdzi\u0142.<\/p>\n<p>Wed\u0142ug Mularczyka przeniesienie polityki bezpiecze\u0144stwa z NATO w stosunku do Unii Europejskiej ostatecznie s\u0142u\u017cy do wzmocnienia pozycji politycznej, gospodarczej i finansowej Niemiec. <em>\u201eTo ogromne ciasto finansowe, kt\u00f3re Niemcy chc\u0105 wzi\u0105\u0107 dla siebie\u201d<\/em> Dodano MEP.<\/p>\n<\/div>\n<\/div>\n","protected":false},"excerpt":{"rendered":"<p>W \u015brod\u0119 parlament europejski podj\u0105\u0142 rezolucj\u0119 maj\u0105c\u0105 na celu wzmocnienie zdolno\u015bci obronnych UE. W ramach tej rezolucji przyj\u0119to r\u00f3wnie\u017c poprawk\u0119<\/p>\n","protected":false},"author":1,"featured_media":4616,"comment_status":"closed","ping_status":"","sticky":false,"template":"","format":"standard","meta":{"footnotes":""},"categories":[44],"tags":[462,3175,2494,6304,3368,2101,2381,1717,2493,2326,6303,35],"class_list":["post-4615","post","type-post","status-publish","format-standard","has-post-thumbnail","hentry","category-polityka","tag-budowy","tag-czarnek","tag-europejskiego","tag-kierunku","tag-kontrola","tag-krok","tag-niemiecka","tag-panstwa","tag-parlamentu","tag-pod","tag-rezolucji","tag-sprawie","generate-columns","tablet-grid-50","mobile-grid-100","grid-parent","grid-50","resize-featured-image"],"yoast_head":"<!-- This site is optimized with the Yoast SEO plugin v23.2 - https:\/\/yoast.com\/wordpress\/plugins\/seo\/ -->\n<title>Czarnek w sprawie rezolucji Parlamentu Europejskiego: krok w kierunku budowy pa\u0144stwa europejskiego pod kontrol\u0105 niemieck\u0105 - POGOTOWIE FLAGOWE\u00ae<\/title>\n<meta name=\"robots\" content=\"index, follow, max-snippet:-1, max-image-preview:large, max-video-preview:-1\" \/>\n<link rel=\"canonical\" href=\"https:\/\/www.pogotowieflagowe.pl\/aktualne\/czarnek-w-sprawie-rezolucji-parlamentu-europejskiego-krok-w-kierunku-budowy-panstwa-europejskiego-pod-kontrola-niemiecka\/\" \/>\n<meta property=\"og:locale\" content=\"pl_PL\" \/>\n<meta property=\"og:type\" content=\"article\" \/>\n<meta property=\"og:title\" content=\"Czarnek w sprawie rezolucji Parlamentu Europejskiego: krok w kierunku budowy pa\u0144stwa europejskiego pod kontrol\u0105 niemieck\u0105 - POGOTOWIE FLAGOWE\u00ae\" \/>\n<meta property=\"og:description\" content=\"W \u015brod\u0119 parlament europejski podj\u0105\u0142 rezolucj\u0119 maj\u0105c\u0105 na celu wzmocnienie zdolno\u015bci obronnych UE. W ramach tej rezolucji przyj\u0119to r\u00f3wnie\u017c poprawk\u0119\" \/>\n<meta property=\"og:url\" content=\"https:\/\/www.pogotowieflagowe.pl\/aktualne\/czarnek-w-sprawie-rezolucji-parlamentu-europejskiego-krok-w-kierunku-budowy-panstwa-europejskiego-pod-kontrola-niemiecka\/\" \/>\n<meta property=\"og:site_name\" content=\"POGOTOWIE FLAGOWE\u00ae\" \/>\n<meta property=\"article:published_time\" content=\"2025-03-15T13:47:03+00:00\" \/>\n<meta property=\"article:modified_time\" content=\"2025-03-15T13:47:04+00:00\" \/>\n<meta property=\"og:image\" content=\"https:\/\/www.pogotowieflagowe.pl\/aktualne\/wp-content\/uploads\/2025\/03\/Czarnek-w-sprawie-rezolucji-Parlamentu-Europejskiego-krok-w-kierunku-budowy.jpg\" \/>\n\t<meta property=\"og:image:width\" content=\"750\" \/>\n\t<meta property=\"og:image:height\" content=\"425\" \/>\n\t<meta property=\"og:image:type\" content=\"image\/jpeg\" \/>\n<meta name=\"author\" content=\"Filip\" \/>\n<meta name=\"twitter:card\" content=\"summary_large_image\" \/>\n<meta name=\"twitter:label1\" content=\"Napisane przez\" \/>\n\t<meta name=\"twitter:data1\" content=\"Filip\" \/>\n\t<meta name=\"twitter:label2\" content=\"Szacowany czas czytania\" \/>\n\t<meta name=\"twitter:data2\" content=\"2 minuty\" \/>\n<script type=\"application\/ld+json\" class=\"yoast-schema-graph\">{\"@context\":\"https:\/\/schema.org\",\"@graph\":[{\"@type\":\"Article\",\"@id\":\"https:\/\/www.pogotowieflagowe.pl\/aktualne\/czarnek-w-sprawie-rezolucji-parlamentu-europejskiego-krok-w-kierunku-budowy-panstwa-europejskiego-pod-kontrola-niemiecka\/#article\",\"isPartOf\":{\"@id\":\"https:\/\/www.pogotowieflagowe.pl\/aktualne\/czarnek-w-sprawie-rezolucji-parlamentu-europejskiego-krok-w-kierunku-budowy-panstwa-europejskiego-pod-kontrola-niemiecka\/\"},\"author\":{\"name\":\"Filip\",\"@id\":\"https:\/\/www.pogotowieflagowe.pl\/aktualne\/#\/schema\/person\/9c2fb7d2362ebf6fa088960d7f0d27b0\"},\"headline\":\"Czarnek w sprawie rezolucji Parlamentu Europejskiego: krok w kierunku budowy pa\u0144stwa europejskiego pod kontrol\u0105 niemieck\u0105\",\"datePublished\":\"2025-03-15T13:47:03+00:00\",\"dateModified\":\"2025-03-15T13:47:04+00:00\",\"mainEntityOfPage\":{\"@id\":\"https:\/\/www.pogotowieflagowe.pl\/aktualne\/czarnek-w-sprawie-rezolucji-parlamentu-europejskiego-krok-w-kierunku-budowy-panstwa-europejskiego-pod-kontrola-niemiecka\/\"},\"wordCount\":363,\"publisher\":{\"@id\":\"https:\/\/www.pogotowieflagowe.pl\/aktualne\/#organization\"},\"image\":{\"@id\":\"https:\/\/www.pogotowieflagowe.pl\/aktualne\/czarnek-w-sprawie-rezolucji-parlamentu-europejskiego-krok-w-kierunku-budowy-panstwa-europejskiego-pod-kontrola-niemiecka\/#primaryimage\"},\"thumbnailUrl\":\"https:\/\/www.pogotowieflagowe.pl\/aktualne\/wp-content\/uploads\/2025\/03\/Czarnek-w-sprawie-rezolucji-Parlamentu-Europejskiego-krok-w-kierunku-budowy.jpg\",\"keywords\":[\"budowy\",\"Czarnek\",\"Europejskiego\",\"kierunku\",\"kontrol\u0105\",\"krok\",\"Niemiecka\",\"pa\u0144stwa\",\"Parlamentu\",\"pod\",\"rezolucji\",\"sprawie\"],\"articleSection\":[\"Polityka\"],\"inLanguage\":\"pl-PL\"},{\"@type\":\"WebPage\",\"@id\":\"https:\/\/www.pogotowieflagowe.pl\/aktualne\/czarnek-w-sprawie-rezolucji-parlamentu-europejskiego-krok-w-kierunku-budowy-panstwa-europejskiego-pod-kontrola-niemiecka\/\",\"url\":\"https:\/\/www.pogotowieflagowe.pl\/aktualne\/czarnek-w-sprawie-rezolucji-parlamentu-europejskiego-krok-w-kierunku-budowy-panstwa-europejskiego-pod-kontrola-niemiecka\/\",\"name\":\"Czarnek w sprawie rezolucji Parlamentu Europejskiego: krok w kierunku budowy pa\u0144stwa europejskiego pod kontrol\u0105 niemieck\u0105 - POGOTOWIE FLAGOWE\u00ae\",\"isPartOf\":{\"@id\":\"https:\/\/www.pogotowieflagowe.pl\/aktualne\/#website\"},\"primaryImageOfPage\":{\"@id\":\"https:\/\/www.pogotowieflagowe.pl\/aktualne\/czarnek-w-sprawie-rezolucji-parlamentu-europejskiego-krok-w-kierunku-budowy-panstwa-europejskiego-pod-kontrola-niemiecka\/#primaryimage\"},\"image\":{\"@id\":\"https:\/\/www.pogotowieflagowe.pl\/aktualne\/czarnek-w-sprawie-rezolucji-parlamentu-europejskiego-krok-w-kierunku-budowy-panstwa-europejskiego-pod-kontrola-niemiecka\/#primaryimage\"},\"thumbnailUrl\":\"https:\/\/www.pogotowieflagowe.pl\/aktualne\/wp-content\/uploads\/2025\/03\/Czarnek-w-sprawie-rezolucji-Parlamentu-Europejskiego-krok-w-kierunku-budowy.jpg\",\"datePublished\":\"2025-03-15T13:47:03+00:00\",\"dateModified\":\"2025-03-15T13:47:04+00:00\",\"breadcrumb\":{\"@id\":\"https:\/\/www.pogotowieflagowe.pl\/aktualne\/czarnek-w-sprawie-rezolucji-parlamentu-europejskiego-krok-w-kierunku-budowy-panstwa-europejskiego-pod-kontrola-niemiecka\/#breadcrumb\"},\"inLanguage\":\"pl-PL\",\"potentialAction\":[{\"@type\":\"ReadAction\",\"target\":[\"https:\/\/www.pogotowieflagowe.pl\/aktualne\/czarnek-w-sprawie-rezolucji-parlamentu-europejskiego-krok-w-kierunku-budowy-panstwa-europejskiego-pod-kontrola-niemiecka\/\"]}]},{\"@type\":\"ImageObject\",\"inLanguage\":\"pl-PL\",\"@id\":\"https:\/\/www.pogotowieflagowe.pl\/aktualne\/czarnek-w-sprawie-rezolucji-parlamentu-europejskiego-krok-w-kierunku-budowy-panstwa-europejskiego-pod-kontrola-niemiecka\/#primaryimage\",\"url\":\"https:\/\/www.pogotowieflagowe.pl\/aktualne\/wp-content\/uploads\/2025\/03\/Czarnek-w-sprawie-rezolucji-Parlamentu-Europejskiego-krok-w-kierunku-budowy.jpg\",\"contentUrl\":\"https:\/\/www.pogotowieflagowe.pl\/aktualne\/wp-content\/uploads\/2025\/03\/Czarnek-w-sprawie-rezolucji-Parlamentu-Europejskiego-krok-w-kierunku-budowy.jpg\",\"width\":750,\"height\":425,\"caption\":\"Czarnek w sprawie rezolucji Parlamentu Europejskiego: krok w kierunku budowy pa\u0144stwa europejskiego pod kontrol\u0105 niemieck\u0105\"},{\"@type\":\"BreadcrumbList\",\"@id\":\"https:\/\/www.pogotowieflagowe.pl\/aktualne\/czarnek-w-sprawie-rezolucji-parlamentu-europejskiego-krok-w-kierunku-budowy-panstwa-europejskiego-pod-kontrola-niemiecka\/#breadcrumb\",\"itemListElement\":[{\"@type\":\"ListItem\",\"position\":1,\"name\":\"Home\",\"item\":\"https:\/\/www.pogotowieflagowe.pl\/aktualne\/\"},{\"@type\":\"ListItem\",\"position\":2,\"name\":\"Czarnek w sprawie rezolucji Parlamentu Europejskiego: krok w kierunku budowy pa\u0144stwa europejskiego pod kontrol\u0105 niemieck\u0105\"}]},{\"@type\":\"WebSite\",\"@id\":\"https:\/\/www.pogotowieflagowe.pl\/aktualne\/#website\",\"url\":\"https:\/\/www.pogotowieflagowe.pl\/aktualne\/\",\"name\":\"POGOTOWIE FLAGOWE\u00ae\",\"description\":\"\",\"publisher\":{\"@id\":\"https:\/\/www.pogotowieflagowe.pl\/aktualne\/#organization\"},\"potentialAction\":[{\"@type\":\"SearchAction\",\"target\":{\"@type\":\"EntryPoint\",\"urlTemplate\":\"https:\/\/www.pogotowieflagowe.pl\/aktualne\/?s={search_term_string}\"},\"query-input\":\"required name=search_term_string\"}],\"inLanguage\":\"pl-PL\"},{\"@type\":\"Organization\",\"@id\":\"https:\/\/www.pogotowieflagowe.pl\/aktualne\/#organization\",\"name\":\"POGOTOWIE FLAGOWE\u00ae\",\"url\":\"https:\/\/www.pogotowieflagowe.pl\/aktualne\/\",\"logo\":{\"@type\":\"ImageObject\",\"inLanguage\":\"pl-PL\",\"@id\":\"https:\/\/www.pogotowieflagowe.pl\/aktualne\/#\/schema\/logo\/image\/\",\"url\":\"https:\/\/www.pogotowieflagowe.pl\/aktualne\/wp-content\/uploads\/2024\/08\/cropped-pogotowieflagowe_flaga_projekt_sm.jpg\",\"contentUrl\":\"https:\/\/www.pogotowieflagowe.pl\/aktualne\/wp-content\/uploads\/2024\/08\/cropped-pogotowieflagowe_flaga_projekt_sm.jpg\",\"width\":250,\"height\":143,\"caption\":\"POGOTOWIE FLAGOWE\u00ae\"},\"image\":{\"@id\":\"https:\/\/www.pogotowieflagowe.pl\/aktualne\/#\/schema\/logo\/image\/\"}},{\"@type\":\"Person\",\"@id\":\"https:\/\/www.pogotowieflagowe.pl\/aktualne\/#\/schema\/person\/9c2fb7d2362ebf6fa088960d7f0d27b0\",\"name\":\"Filip\",\"image\":{\"@type\":\"ImageObject\",\"inLanguage\":\"pl-PL\",\"@id\":\"https:\/\/www.pogotowieflagowe.pl\/aktualne\/#\/schema\/person\/image\/\",\"url\":\"https:\/\/www.pogotowieflagowe.pl\/aktualne\/wp-content\/uploads\/2024\/08\/pogotowieflagowe.pl_.jpg\",\"contentUrl\":\"https:\/\/www.pogotowieflagowe.pl\/aktualne\/wp-content\/uploads\/2024\/08\/pogotowieflagowe.pl_.jpg\",\"caption\":\"Filip\"},\"description\":\"Jestem Filip, polski dziennikarz z dyplomem nauk politycznych Uniwersytetu Warszawskiego. Rozpoczynaj\u0105c swoj\u0105 karier\u0119 w r\u00f3\u017cnych lokalnych mediach, zdoby\u0142em solidne do\u015bwiadczenie w zakresie \u015bledztwa i redakcji. Obecnie jako redaktor w Pogotowie flagowe, staram si\u0119 dostarcza\u0107 dog\u0142\u0119bne i istotne analizy na temat najwa\u017cniejszych kwestii aktualno\u015bci, \u0142\u0105cz\u0105c rygor z pasj\u0105 dziennikarsk\u0105.\",\"sameAs\":[\"https:\/\/www.pogotowieflagowe.pl\/\"]}]}<\/script>\n<!-- \/ Yoast SEO plugin. -->","yoast_head_json":{"title":"Czarnek w sprawie rezolucji Parlamentu Europejskiego: krok w kierunku budowy pa\u0144stwa europejskiego pod kontrol\u0105 niemieck\u0105 - POGOTOWIE FLAGOWE\u00ae","robots":{"index":"index","follow":"follow","max-snippet":"max-snippet:-1","max-image-preview":"max-image-preview:large","max-video-preview":"max-video-preview:-1"},"canonical":"https:\/\/www.pogotowieflagowe.pl\/aktualne\/czarnek-w-sprawie-rezolucji-parlamentu-europejskiego-krok-w-kierunku-budowy-panstwa-europejskiego-pod-kontrola-niemiecka\/","og_locale":"pl_PL","og_type":"article","og_title":"Czarnek w sprawie rezolucji Parlamentu Europejskiego: krok w kierunku budowy pa\u0144stwa europejskiego pod kontrol\u0105 niemieck\u0105 - POGOTOWIE FLAGOWE\u00ae","og_description":"W \u015brod\u0119 parlament europejski podj\u0105\u0142 rezolucj\u0119 maj\u0105c\u0105 na celu wzmocnienie zdolno\u015bci obronnych UE. W ramach tej rezolucji przyj\u0119to r\u00f3wnie\u017c poprawk\u0119","og_url":"https:\/\/www.pogotowieflagowe.pl\/aktualne\/czarnek-w-sprawie-rezolucji-parlamentu-europejskiego-krok-w-kierunku-budowy-panstwa-europejskiego-pod-kontrola-niemiecka\/","og_site_name":"POGOTOWIE FLAGOWE\u00ae","article_published_time":"2025-03-15T13:47:03+00:00","article_modified_time":"2025-03-15T13:47:04+00:00","og_image":[{"width":750,"height":425,"url":"https:\/\/www.pogotowieflagowe.pl\/aktualne\/wp-content\/uploads\/2025\/03\/Czarnek-w-sprawie-rezolucji-Parlamentu-Europejskiego-krok-w-kierunku-budowy.jpg","type":"image\/jpeg"}],"author":"Filip","twitter_card":"summary_large_image","twitter_misc":{"Napisane przez":"Filip","Szacowany czas czytania":"2 minuty"},"schema":{"@context":"https:\/\/schema.org","@graph":[{"@type":"Article","@id":"https:\/\/www.pogotowieflagowe.pl\/aktualne\/czarnek-w-sprawie-rezolucji-parlamentu-europejskiego-krok-w-kierunku-budowy-panstwa-europejskiego-pod-kontrola-niemiecka\/#article","isPartOf":{"@id":"https:\/\/www.pogotowieflagowe.pl\/aktualne\/czarnek-w-sprawie-rezolucji-parlamentu-europejskiego-krok-w-kierunku-budowy-panstwa-europejskiego-pod-kontrola-niemiecka\/"},"author":{"name":"Filip","@id":"https:\/\/www.pogotowieflagowe.pl\/aktualne\/#\/schema\/person\/9c2fb7d2362ebf6fa088960d7f0d27b0"},"headline":"Czarnek w sprawie rezolucji Parlamentu Europejskiego: krok w kierunku budowy pa\u0144stwa europejskiego pod kontrol\u0105 niemieck\u0105","datePublished":"2025-03-15T13:47:03+00:00","dateModified":"2025-03-15T13:47:04+00:00","mainEntityOfPage":{"@id":"https:\/\/www.pogotowieflagowe.pl\/aktualne\/czarnek-w-sprawie-rezolucji-parlamentu-europejskiego-krok-w-kierunku-budowy-panstwa-europejskiego-pod-kontrola-niemiecka\/"},"wordCount":363,"publisher":{"@id":"https:\/\/www.pogotowieflagowe.pl\/aktualne\/#organization"},"image":{"@id":"https:\/\/www.pogotowieflagowe.pl\/aktualne\/czarnek-w-sprawie-rezolucji-parlamentu-europejskiego-krok-w-kierunku-budowy-panstwa-europejskiego-pod-kontrola-niemiecka\/#primaryimage"},"thumbnailUrl":"https:\/\/www.pogotowieflagowe.pl\/aktualne\/wp-content\/uploads\/2025\/03\/Czarnek-w-sprawie-rezolucji-Parlamentu-Europejskiego-krok-w-kierunku-budowy.jpg","keywords":["budowy","Czarnek","Europejskiego","kierunku","kontrol\u0105","krok","Niemiecka","pa\u0144stwa","Parlamentu","pod","rezolucji","sprawie"],"articleSection":["Polityka"],"inLanguage":"pl-PL"},{"@type":"WebPage","@id":"https:\/\/www.pogotowieflagowe.pl\/aktualne\/czarnek-w-sprawie-rezolucji-parlamentu-europejskiego-krok-w-kierunku-budowy-panstwa-europejskiego-pod-kontrola-niemiecka\/","url":"https:\/\/www.pogotowieflagowe.pl\/aktualne\/czarnek-w-sprawie-rezolucji-parlamentu-europejskiego-krok-w-kierunku-budowy-panstwa-europejskiego-pod-kontrola-niemiecka\/","name":"Czarnek w sprawie rezolucji Parlamentu Europejskiego: krok w kierunku budowy pa\u0144stwa europejskiego pod kontrol\u0105 niemieck\u0105 - POGOTOWIE FLAGOWE\u00ae","isPartOf":{"@id":"https:\/\/www.pogotowieflagowe.pl\/aktualne\/#website"},"primaryImageOfPage":{"@id":"https:\/\/www.pogotowieflagowe.pl\/aktualne\/czarnek-w-sprawie-rezolucji-parlamentu-europejskiego-krok-w-kierunku-budowy-panstwa-europejskiego-pod-kontrola-niemiecka\/#primaryimage"},"image":{"@id":"https:\/\/www.pogotowieflagowe.pl\/aktualne\/czarnek-w-sprawie-rezolucji-parlamentu-europejskiego-krok-w-kierunku-budowy-panstwa-europejskiego-pod-kontrola-niemiecka\/#primaryimage"},"thumbnailUrl":"https:\/\/www.pogotowieflagowe.pl\/aktualne\/wp-content\/uploads\/2025\/03\/Czarnek-w-sprawie-rezolucji-Parlamentu-Europejskiego-krok-w-kierunku-budowy.jpg","datePublished":"2025-03-15T13:47:03+00:00","dateModified":"2025-03-15T13:47:04+00:00","breadcrumb":{"@id":"https:\/\/www.pogotowieflagowe.pl\/aktualne\/czarnek-w-sprawie-rezolucji-parlamentu-europejskiego-krok-w-kierunku-budowy-panstwa-europejskiego-pod-kontrola-niemiecka\/#breadcrumb"},"inLanguage":"pl-PL","potentialAction":[{"@type":"ReadAction","target":["https:\/\/www.pogotowieflagowe.pl\/aktualne\/czarnek-w-sprawie-rezolucji-parlamentu-europejskiego-krok-w-kierunku-budowy-panstwa-europejskiego-pod-kontrola-niemiecka\/"]}]},{"@type":"ImageObject","inLanguage":"pl-PL","@id":"https:\/\/www.pogotowieflagowe.pl\/aktualne\/czarnek-w-sprawie-rezolucji-parlamentu-europejskiego-krok-w-kierunku-budowy-panstwa-europejskiego-pod-kontrola-niemiecka\/#primaryimage","url":"https:\/\/www.pogotowieflagowe.pl\/aktualne\/wp-content\/uploads\/2025\/03\/Czarnek-w-sprawie-rezolucji-Parlamentu-Europejskiego-krok-w-kierunku-budowy.jpg","contentUrl":"https:\/\/www.pogotowieflagowe.pl\/aktualne\/wp-content\/uploads\/2025\/03\/Czarnek-w-sprawie-rezolucji-Parlamentu-Europejskiego-krok-w-kierunku-budowy.jpg","width":750,"height":425,"caption":"Czarnek w sprawie rezolucji Parlamentu Europejskiego: krok w kierunku budowy pa\u0144stwa europejskiego pod kontrol\u0105 niemieck\u0105"},{"@type":"BreadcrumbList","@id":"https:\/\/www.pogotowieflagowe.pl\/aktualne\/czarnek-w-sprawie-rezolucji-parlamentu-europejskiego-krok-w-kierunku-budowy-panstwa-europejskiego-pod-kontrola-niemiecka\/#breadcrumb","itemListElement":[{"@type":"ListItem","position":1,"name":"Home","item":"https:\/\/www.pogotowieflagowe.pl\/aktualne\/"},{"@type":"ListItem","position":2,"name":"Czarnek w sprawie rezolucji Parlamentu Europejskiego: krok w kierunku budowy pa\u0144stwa europejskiego pod kontrol\u0105 niemieck\u0105"}]},{"@type":"WebSite","@id":"https:\/\/www.pogotowieflagowe.pl\/aktualne\/#website","url":"https:\/\/www.pogotowieflagowe.pl\/aktualne\/","name":"POGOTOWIE FLAGOWE\u00ae","description":"","publisher":{"@id":"https:\/\/www.pogotowieflagowe.pl\/aktualne\/#organization"},"potentialAction":[{"@type":"SearchAction","target":{"@type":"EntryPoint","urlTemplate":"https:\/\/www.pogotowieflagowe.pl\/aktualne\/?s={search_term_string}"},"query-input":"required name=search_term_string"}],"inLanguage":"pl-PL"},{"@type":"Organization","@id":"https:\/\/www.pogotowieflagowe.pl\/aktualne\/#organization","name":"POGOTOWIE FLAGOWE\u00ae","url":"https:\/\/www.pogotowieflagowe.pl\/aktualne\/","logo":{"@type":"ImageObject","inLanguage":"pl-PL","@id":"https:\/\/www.pogotowieflagowe.pl\/aktualne\/#\/schema\/logo\/image\/","url":"https:\/\/www.pogotowieflagowe.pl\/aktualne\/wp-content\/uploads\/2024\/08\/cropped-pogotowieflagowe_flaga_projekt_sm.jpg","contentUrl":"https:\/\/www.pogotowieflagowe.pl\/aktualne\/wp-content\/uploads\/2024\/08\/cropped-pogotowieflagowe_flaga_projekt_sm.jpg","width":250,"height":143,"caption":"POGOTOWIE FLAGOWE\u00ae"},"image":{"@id":"https:\/\/www.pogotowieflagowe.pl\/aktualne\/#\/schema\/logo\/image\/"}},{"@type":"Person","@id":"https:\/\/www.pogotowieflagowe.pl\/aktualne\/#\/schema\/person\/9c2fb7d2362ebf6fa088960d7f0d27b0","name":"Filip","image":{"@type":"ImageObject","inLanguage":"pl-PL","@id":"https:\/\/www.pogotowieflagowe.pl\/aktualne\/#\/schema\/person\/image\/","url":"https:\/\/www.pogotowieflagowe.pl\/aktualne\/wp-content\/uploads\/2024\/08\/pogotowieflagowe.pl_.jpg","contentUrl":"https:\/\/www.pogotowieflagowe.pl\/aktualne\/wp-content\/uploads\/2024\/08\/pogotowieflagowe.pl_.jpg","caption":"Filip"},"description":"Jestem Filip, polski dziennikarz z dyplomem nauk politycznych Uniwersytetu Warszawskiego. Rozpoczynaj\u0105c swoj\u0105 karier\u0119 w r\u00f3\u017cnych lokalnych mediach, zdoby\u0142em solidne do\u015bwiadczenie w zakresie \u015bledztwa i redakcji. Obecnie jako redaktor w Pogotowie flagowe, staram si\u0119 dostarcza\u0107 dog\u0142\u0119bne i istotne analizy na temat najwa\u017cniejszych kwestii aktualno\u015bci, \u0142\u0105cz\u0105c rygor z pasj\u0105 dziennikarsk\u0105.","sameAs":["https:\/\/www.pogotowieflagowe.pl\/"]}]}},"_links":{"self":[{"href":"https:\/\/www.pogotowieflagowe.pl\/aktualne\/wp-json\/wp\/v2\/posts\/4615","targetHints":{"allow":["GET"]}}],"collection":[{"href":"https:\/\/www.pogotowieflagowe.pl\/aktualne\/wp-json\/wp\/v2\/posts"}],"about":[{"href":"https:\/\/www.pogotowieflagowe.pl\/aktualne\/wp-json\/wp\/v2\/types\/post"}],"author":[{"embeddable":true,"href":"https:\/\/www.pogotowieflagowe.pl\/aktualne\/wp-json\/wp\/v2\/users\/1"}],"replies":[{"embeddable":true,"href":"https:\/\/www.pogotowieflagowe.pl\/aktualne\/wp-json\/wp\/v2\/comments?post=4615"}],"version-history":[{"count":1,"href":"https:\/\/www.pogotowieflagowe.pl\/aktualne\/wp-json\/wp\/v2\/posts\/4615\/revisions"}],"predecessor-version":[{"id":4617,"href":"https:\/\/www.pogotowieflagowe.pl\/aktualne\/wp-json\/wp\/v2\/posts\/4615\/revisions\/4617"}],"wp:featuredmedia":[{"embeddable":true,"href":"https:\/\/www.pogotowieflagowe.pl\/aktualne\/wp-json\/wp\/v2\/media\/4616"}],"wp:attachment":[{"href":"https:\/\/www.pogotowieflagowe.pl\/aktualne\/wp-json\/wp\/v2\/media?parent=4615"}],"wp:term":[{"taxonomy":"category","embeddable":true,"href":"https:\/\/www.pogotowieflagowe.pl\/aktualne\/wp-json\/wp\/v2\/categories?post=4615"},{"taxonomy":"post_tag","embeddable":true,"href":"https:\/\/www.pogotowieflagowe.pl\/aktualne\/wp-json\/wp\/v2\/tags?post=4615"}],"curies":[{"name":"wp","href":"https:\/\/api.w.org\/{rel}","templated":true}]}}