{"id":4693,"date":"2025-03-19T14:46:53","date_gmt":"2025-03-19T13:46:53","guid":{"rendered":"https:\/\/www.pogotowieflagowe.pl\/aktualne\/ta-wojna-nigdy-nie-zaczelaby-sie-gdybym-byl-prezydentem-trump-podsumowal-swoja-rozmowe-z-putinem\/"},"modified":"2025-03-19T14:46:54","modified_gmt":"2025-03-19T13:46:54","slug":"ta-wojna-nigdy-nie-zaczelaby-sie-gdybym-byl-prezydentem-trump-podsumowal-swoja-rozmowe-z-putinem","status":"publish","type":"post","link":"https:\/\/www.pogotowieflagowe.pl\/aktualne\/ta-wojna-nigdy-nie-zaczelaby-sie-gdybym-byl-prezydentem-trump-podsumowal-swoja-rozmowe-z-putinem\/","title":{"rendered":"\u201eTa wojna nigdy nie zacz\u0119\u0142aby si\u0119, gdybym by\u0142 prezydentem\u201d. Trump podsumowa\u0142 swoj\u0105 rozmow\u0119 z Putinem"},"content":{"rendered":"\n<div class=\"td_block_wrap tdb_single_content tdi_41 td-pb-border-top td_block_template_8 td-post-content tagdiv-type\" data-td-block-uid=\"tdi_41\">\n<style>.tdi_41 {margin-top: 0px! Wa\u017cne; margines-bottom: 0px! WA\u017bNY; PALDING-TOP: 0PX! WA\u017bNY; PALDING-BOTTOM: 0PX! WA\u017bNE}<\/style>\n<style>.tdb_single_content {margin-bottom: 0;*zoom: 1} .tdb_single_content: wcze\u015bniej, .tdb_single_content: po {display: Table; content: ''; line-height: 0} .TDB-BLOCK-INner>*: nie (.WP-BLOCK-QUOTE): not (.alignSwide): not (.Alignfull.wp-block-cover.has-parallax): not (.td-a-ad) {margin-left: auto; margin-right: auto} .tdb_single_ConTent a {wska\u017anik-events: auto} .tdb_single_content .td-spot-id-top_ad .tdc-placeholder-title: przed {content: \u201eArtyku\u0142 top ad\u201d! Wa\u017cne} .tdb_single_content .td-Spot-Id-inline_ad0 .tdc-placeholder-title 1 '! Wa\u017cne} .tdb_single_content .td-Spot-Id-inline_Ad1 .tdc-Placeholder-Title: przed {content: \u201eArtyku\u0142 inline AD 2'! Wa\u017cny} .tdb_single_content. 3 '! Wa\u017cne} .tdb_single_content .td-Spot-Id-Bottom_Ad .tdc-Placeholder-Title: przed {content: \u201eArtyku\u0142 Bottom Ad\u201d! Wa\u017cne} .tdb_single_content .id_top_ad, .tdb_single_content_content .id_bottom_ad {clear: oba; margin-bottom: 21px; text-align: Center} .tdb_single_content .id_top_ad img, .tdb_single_content .id_bottom_ad img {margin-bottom: 0} .tdb_single_conTent .id_top_ad .adsbyGoogle, .tdb_single_content .id_bottom_ad .adsbyGoogle {pozycja: relatyw} .tdb_single_content .id_ad_content-horiz-left, .tdb_single_content .id_ad_content-horiz-right, .tdb_single_content .id_ad_content-horiz-Center {margin-bottom: 15px} .tdb_single_content .id_ad_content-horiz-left Img, .tdb_single_content .id_ad_content-horiz-right img, .tdb_single_content .id_ad_content-horiz-centerter img {margin-bottom: 0} .tdb_single_content .id_ad_content-horiz-center {text-align: Center} .tdb_single_content .id_ad_content-horiz-center img {margin-right: auto; margin-let: auto} .tdb_single_content .id_ad_content-horiz-left {float: left; margin-top: 9px; margin-right: 21px} .tdb_single_content .id_ad_content-horiz-right {float: margin-top: 6px; margin-left: 21px} .tdb_single_content .tdc-a-a-ad .TDC-Placeholder-Title {szeroko\u015b\u0107: 300px; height: 250px} .tdb_single_content .tdc-a-ad .TDC-Placeholder-Title: Przed {Pozycja: Absolute; TOP: 50%;-WebKit-Transform: Translatey (-50%); Transform: Translatey (-50%); margines: auto; Display: Tabela; szeroko\u015b\u0107: 100%}. tdb_single_content .TDB-BLOCK-INNER.TD-FIX-INDEX {Word-Break: Break-word} .tdi_41, .tdi_41> p, .tdi_41 .tdb-block-inner> p, .Wp-Block-Column> p {font-size: 16px! Wa\u017cne; wa\u017cny; p {font-styl: normalne! Wa\u017cne} @media (Max-Width: 767px) {. tdb_single_content .id_ad_content-horiz-left, .tdb_single_content .id_ad_content-horiz-right, .tdb_single_content .id_ad_content-horiz-centter {Margin: 0 AUTO 26PXX auto}}@media (Max-Width: 767px) {. tdb_single_content .id_ad_content-horiz-left {margin-right: 0}}@media (max-width: 767px) {. (Max-Width: 767px) {. tdb_single_content .td-a-ad {float: none; text-align: Center} .tdb_single_content .td-a-ad img {margin-right: auto; margin-left: auto} .tdb_single_content .tdc-a-a-a-{margin-right: auto; margin-left: auto} .tdb_single_content .tdd<\/style>\n<div class=\"tdb-block-inner td-fix-index\">\n<p>We wtorek prezydent USA Donald Trump odby\u0142 rozmow\u0119 telefoniczn\u0105 trwaj\u0105c\u0105 ponad godzin\u0119 z rosyjskim przyw\u00f3dc\u0105 W\u0142adimirem Putinem. Jeszcze przed wezwaniem by\u0142o jasne, \u017ce dyskusja b\u0119dzie obejmowa\u0107 mi\u0119dzy innymi wojn\u0119 na Ukrainie.<\/p>\n<p>Kr\u00f3tko po zako\u0144czeniu rozmowy prezydent USA podsumowa\u0142 j\u0105 w mediach spo\u0142eczno\u015bciowych. Opisa\u0142 to jako \u201ebardzo dobre i produktywne\u201d i udost\u0119pni\u0142 okre\u015blone umowy, kt\u00f3re zosta\u0142y osi\u0105gni\u0119te.<\/p>\n<figure class=\"wp-block-pullquote\">\n<blockquote>\n<p>\u201eZgodzili\u015bmy si\u0119 na natychmiastowe zawieszenie broni na ca\u0142\u0105 energi\u0119 i infrastruktur\u0119, z zrozumieniem, \u017ce szybko b\u0119dziemy pracowa\u0107 nad ca\u0142kowitym zawieszeniem broni, a ostatecznie zako\u0144czenie tej bardzo okropnej wojny mi\u0119dzy Rosj\u0105 a Ukrain\u0105\u201d <\/p>\n<p><cite>Pisa\u0142 na platformie spo\u0142ecznej prawdy.<\/cite><\/p><\/blockquote>\n<\/figure>\n<p>Doda\u0142 tak\u017ce: \u201e<strong>Ta wojna nigdy nie zacz\u0119\u0142aby si\u0119, gdybym by\u0142 prezydentem!<\/strong>&#8222;<\/p>\n<p>Prezydent USA stwierdzi\u0142, \u017ce on i Putin rozmawiali o \u201ewielu elementach umowy na pok\u00f3j\u201d &#8211; w tym fakt, \u017ce tysi\u0105ce \u017co\u0142nierzy umieraj\u0105 i \u017ce zar\u00f3wno prezydent Putin, jak i prezydent Zelensky chcieliby zako\u0144czy\u0107 wojn\u0119.<\/p>\n<figure class=\"wp-block-pullquote\">\n<blockquote>\n<p>\u201eProces ten jest teraz w pe\u0142ni si\u0142y i skutku, a my, miejmy nadziej\u0119, ze wzgl\u0119du na ludzko\u015b\u0107 wykonamy prac\u0119!\u201d<\/p>\n<p><cite>  podkre\u015bli\u0142.<\/cite><\/p><\/blockquote>\n<\/figure>\n<p><iframe class=\"truthsocial-embed lazyload\" style=\"max-width: 100%; border: 0\" width=\"600\" allowfullscreen=\"allowfullscreen\" data-src=\"https:\/\/truthsocial.com\/@realDonaldTrump\/114184931453780675\/embed\"><\/iframe>\n<\/div>\n<\/div>\n","protected":false},"excerpt":{"rendered":"<p>We wtorek prezydent USA Donald Trump odby\u0142 rozmow\u0119 telefoniczn\u0105 trwaj\u0105c\u0105 ponad godzin\u0119 z rosyjskim przyw\u00f3dc\u0105 W\u0142adimirem Putinem. Jeszcze przed wezwaniem<\/p>\n","protected":false},"author":1,"featured_media":4694,"comment_status":"closed","ping_status":"","sticky":false,"template":"","format":"standard","meta":{"footnotes":""},"categories":[44],"tags":[1636,6395,450,6393,6397,6396,4381,6398,150,3334,251,4795,6394],"class_list":["post-4693","post","type-post","status-publish","format-standard","has-post-thumbnail","hentry","category-polityka","tag-byl","tag-gdybym","tag-nie","tag-nigdy","tag-podsumowal","tag-prezydentem","tag-putinem","tag-rozmowe","tag-sie","tag-swoja","tag-trump","tag-wojna","tag-zaczelaby","generate-columns","tablet-grid-50","mobile-grid-100","grid-parent","grid-50","resize-featured-image"],"yoast_head":"<!-- This site is optimized with the Yoast SEO plugin v23.2 - https:\/\/yoast.com\/wordpress\/plugins\/seo\/ -->\n<title>\u201eTa wojna nigdy nie zacz\u0119\u0142aby si\u0119, gdybym by\u0142 prezydentem\u201d. Trump podsumowa\u0142 swoj\u0105 rozmow\u0119 z Putinem - POGOTOWIE FLAGOWE\u00ae<\/title>\n<meta name=\"robots\" content=\"index, follow, max-snippet:-1, max-image-preview:large, max-video-preview:-1\" \/>\n<link rel=\"canonical\" href=\"https:\/\/www.pogotowieflagowe.pl\/aktualne\/ta-wojna-nigdy-nie-zaczelaby-sie-gdybym-byl-prezydentem-trump-podsumowal-swoja-rozmowe-z-putinem\/\" \/>\n<meta property=\"og:locale\" content=\"pl_PL\" \/>\n<meta property=\"og:type\" content=\"article\" \/>\n<meta property=\"og:title\" content=\"\u201eTa wojna nigdy nie zacz\u0119\u0142aby si\u0119, gdybym by\u0142 prezydentem\u201d. Trump podsumowa\u0142 swoj\u0105 rozmow\u0119 z Putinem - POGOTOWIE FLAGOWE\u00ae\" \/>\n<meta property=\"og:description\" content=\"We wtorek prezydent USA Donald Trump odby\u0142 rozmow\u0119 telefoniczn\u0105 trwaj\u0105c\u0105 ponad godzin\u0119 z rosyjskim przyw\u00f3dc\u0105 W\u0142adimirem Putinem. Jeszcze przed wezwaniem\" \/>\n<meta property=\"og:url\" content=\"https:\/\/www.pogotowieflagowe.pl\/aktualne\/ta-wojna-nigdy-nie-zaczelaby-sie-gdybym-byl-prezydentem-trump-podsumowal-swoja-rozmowe-z-putinem\/\" \/>\n<meta property=\"og:site_name\" content=\"POGOTOWIE FLAGOWE\u00ae\" \/>\n<meta property=\"article:published_time\" content=\"2025-03-19T13:46:53+00:00\" \/>\n<meta property=\"article:modified_time\" content=\"2025-03-19T13:46:54+00:00\" \/>\n<meta property=\"og:image\" content=\"https:\/\/www.pogotowieflagowe.pl\/aktualne\/wp-content\/uploads\/2025\/03\/\u201eTa-wojna-nigdy-nie-zaczelaby-sie-gdybym-byl-prezydentem-Trump.jpg\" \/>\n\t<meta property=\"og:image:width\" content=\"1200\" \/>\n\t<meta property=\"og:image:height\" content=\"675\" \/>\n\t<meta property=\"og:image:type\" content=\"image\/jpeg\" \/>\n<meta name=\"author\" content=\"Filip\" \/>\n<meta name=\"twitter:card\" content=\"summary_large_image\" \/>\n<meta name=\"twitter:label1\" content=\"Napisane przez\" \/>\n\t<meta name=\"twitter:data1\" content=\"Filip\" \/>\n\t<meta name=\"twitter:label2\" content=\"Szacowany czas czytania\" \/>\n\t<meta name=\"twitter:data2\" content=\"1 minuta\" \/>\n<script type=\"application\/ld+json\" class=\"yoast-schema-graph\">{\"@context\":\"https:\/\/schema.org\",\"@graph\":[{\"@type\":\"Article\",\"@id\":\"https:\/\/www.pogotowieflagowe.pl\/aktualne\/ta-wojna-nigdy-nie-zaczelaby-sie-gdybym-byl-prezydentem-trump-podsumowal-swoja-rozmowe-z-putinem\/#article\",\"isPartOf\":{\"@id\":\"https:\/\/www.pogotowieflagowe.pl\/aktualne\/ta-wojna-nigdy-nie-zaczelaby-sie-gdybym-byl-prezydentem-trump-podsumowal-swoja-rozmowe-z-putinem\/\"},\"author\":{\"name\":\"Filip\",\"@id\":\"https:\/\/www.pogotowieflagowe.pl\/aktualne\/#\/schema\/person\/9c2fb7d2362ebf6fa088960d7f0d27b0\"},\"headline\":\"\u201eTa wojna nigdy nie zacz\u0119\u0142aby si\u0119, gdybym by\u0142 prezydentem\u201d. Trump podsumowa\u0142 swoj\u0105 rozmow\u0119 z Putinem\",\"datePublished\":\"2025-03-19T13:46:53+00:00\",\"dateModified\":\"2025-03-19T13:46:54+00:00\",\"mainEntityOfPage\":{\"@id\":\"https:\/\/www.pogotowieflagowe.pl\/aktualne\/ta-wojna-nigdy-nie-zaczelaby-sie-gdybym-byl-prezydentem-trump-podsumowal-swoja-rozmowe-z-putinem\/\"},\"wordCount\":207,\"publisher\":{\"@id\":\"https:\/\/www.pogotowieflagowe.pl\/aktualne\/#organization\"},\"image\":{\"@id\":\"https:\/\/www.pogotowieflagowe.pl\/aktualne\/ta-wojna-nigdy-nie-zaczelaby-sie-gdybym-byl-prezydentem-trump-podsumowal-swoja-rozmowe-z-putinem\/#primaryimage\"},\"thumbnailUrl\":\"https:\/\/www.pogotowieflagowe.pl\/aktualne\/wp-content\/uploads\/2025\/03\/\u201eTa-wojna-nigdy-nie-zaczelaby-sie-gdybym-byl-prezydentem-Trump.jpg\",\"keywords\":[\"by\u0142\",\"gdybym\",\"Nie\",\"nigdy\",\"podsumowa\u0142\",\"prezydentem\",\"Putinem\",\"rozmow\u0119\",\"si\u0119\",\"swoj\u0105\",\"Trump\",\"wojna\",\"zacz\u0119\u0142aby\"],\"articleSection\":[\"Polityka\"],\"inLanguage\":\"pl-PL\"},{\"@type\":\"WebPage\",\"@id\":\"https:\/\/www.pogotowieflagowe.pl\/aktualne\/ta-wojna-nigdy-nie-zaczelaby-sie-gdybym-byl-prezydentem-trump-podsumowal-swoja-rozmowe-z-putinem\/\",\"url\":\"https:\/\/www.pogotowieflagowe.pl\/aktualne\/ta-wojna-nigdy-nie-zaczelaby-sie-gdybym-byl-prezydentem-trump-podsumowal-swoja-rozmowe-z-putinem\/\",\"name\":\"\u201eTa wojna nigdy nie zacz\u0119\u0142aby si\u0119, gdybym by\u0142 prezydentem\u201d. Trump podsumowa\u0142 swoj\u0105 rozmow\u0119 z Putinem - POGOTOWIE FLAGOWE\u00ae\",\"isPartOf\":{\"@id\":\"https:\/\/www.pogotowieflagowe.pl\/aktualne\/#website\"},\"primaryImageOfPage\":{\"@id\":\"https:\/\/www.pogotowieflagowe.pl\/aktualne\/ta-wojna-nigdy-nie-zaczelaby-sie-gdybym-byl-prezydentem-trump-podsumowal-swoja-rozmowe-z-putinem\/#primaryimage\"},\"image\":{\"@id\":\"https:\/\/www.pogotowieflagowe.pl\/aktualne\/ta-wojna-nigdy-nie-zaczelaby-sie-gdybym-byl-prezydentem-trump-podsumowal-swoja-rozmowe-z-putinem\/#primaryimage\"},\"thumbnailUrl\":\"https:\/\/www.pogotowieflagowe.pl\/aktualne\/wp-content\/uploads\/2025\/03\/\u201eTa-wojna-nigdy-nie-zaczelaby-sie-gdybym-byl-prezydentem-Trump.jpg\",\"datePublished\":\"2025-03-19T13:46:53+00:00\",\"dateModified\":\"2025-03-19T13:46:54+00:00\",\"breadcrumb\":{\"@id\":\"https:\/\/www.pogotowieflagowe.pl\/aktualne\/ta-wojna-nigdy-nie-zaczelaby-sie-gdybym-byl-prezydentem-trump-podsumowal-swoja-rozmowe-z-putinem\/#breadcrumb\"},\"inLanguage\":\"pl-PL\",\"potentialAction\":[{\"@type\":\"ReadAction\",\"target\":[\"https:\/\/www.pogotowieflagowe.pl\/aktualne\/ta-wojna-nigdy-nie-zaczelaby-sie-gdybym-byl-prezydentem-trump-podsumowal-swoja-rozmowe-z-putinem\/\"]}]},{\"@type\":\"ImageObject\",\"inLanguage\":\"pl-PL\",\"@id\":\"https:\/\/www.pogotowieflagowe.pl\/aktualne\/ta-wojna-nigdy-nie-zaczelaby-sie-gdybym-byl-prezydentem-trump-podsumowal-swoja-rozmowe-z-putinem\/#primaryimage\",\"url\":\"https:\/\/www.pogotowieflagowe.pl\/aktualne\/wp-content\/uploads\/2025\/03\/\u201eTa-wojna-nigdy-nie-zaczelaby-sie-gdybym-byl-prezydentem-Trump.jpg\",\"contentUrl\":\"https:\/\/www.pogotowieflagowe.pl\/aktualne\/wp-content\/uploads\/2025\/03\/\u201eTa-wojna-nigdy-nie-zaczelaby-sie-gdybym-byl-prezydentem-Trump.jpg\",\"width\":1200,\"height\":675,\"caption\":\"\u201eTa wojna nigdy nie zacz\u0119\u0142aby si\u0119, gdybym by\u0142 prezydentem\u201d. Trump podsumowa\u0142 swoj\u0105 rozmow\u0119 z Putinem\"},{\"@type\":\"BreadcrumbList\",\"@id\":\"https:\/\/www.pogotowieflagowe.pl\/aktualne\/ta-wojna-nigdy-nie-zaczelaby-sie-gdybym-byl-prezydentem-trump-podsumowal-swoja-rozmowe-z-putinem\/#breadcrumb\",\"itemListElement\":[{\"@type\":\"ListItem\",\"position\":1,\"name\":\"Home\",\"item\":\"https:\/\/www.pogotowieflagowe.pl\/aktualne\/\"},{\"@type\":\"ListItem\",\"position\":2,\"name\":\"\u201eTa wojna nigdy nie zacz\u0119\u0142aby si\u0119, gdybym by\u0142 prezydentem\u201d. Trump podsumowa\u0142 swoj\u0105 rozmow\u0119 z Putinem\"}]},{\"@type\":\"WebSite\",\"@id\":\"https:\/\/www.pogotowieflagowe.pl\/aktualne\/#website\",\"url\":\"https:\/\/www.pogotowieflagowe.pl\/aktualne\/\",\"name\":\"POGOTOWIE FLAGOWE\u00ae\",\"description\":\"\",\"publisher\":{\"@id\":\"https:\/\/www.pogotowieflagowe.pl\/aktualne\/#organization\"},\"potentialAction\":[{\"@type\":\"SearchAction\",\"target\":{\"@type\":\"EntryPoint\",\"urlTemplate\":\"https:\/\/www.pogotowieflagowe.pl\/aktualne\/?s={search_term_string}\"},\"query-input\":\"required name=search_term_string\"}],\"inLanguage\":\"pl-PL\"},{\"@type\":\"Organization\",\"@id\":\"https:\/\/www.pogotowieflagowe.pl\/aktualne\/#organization\",\"name\":\"POGOTOWIE FLAGOWE\u00ae\",\"url\":\"https:\/\/www.pogotowieflagowe.pl\/aktualne\/\",\"logo\":{\"@type\":\"ImageObject\",\"inLanguage\":\"pl-PL\",\"@id\":\"https:\/\/www.pogotowieflagowe.pl\/aktualne\/#\/schema\/logo\/image\/\",\"url\":\"https:\/\/www.pogotowieflagowe.pl\/aktualne\/wp-content\/uploads\/2024\/08\/cropped-pogotowieflagowe_flaga_projekt_sm.jpg\",\"contentUrl\":\"https:\/\/www.pogotowieflagowe.pl\/aktualne\/wp-content\/uploads\/2024\/08\/cropped-pogotowieflagowe_flaga_projekt_sm.jpg\",\"width\":250,\"height\":143,\"caption\":\"POGOTOWIE FLAGOWE\u00ae\"},\"image\":{\"@id\":\"https:\/\/www.pogotowieflagowe.pl\/aktualne\/#\/schema\/logo\/image\/\"}},{\"@type\":\"Person\",\"@id\":\"https:\/\/www.pogotowieflagowe.pl\/aktualne\/#\/schema\/person\/9c2fb7d2362ebf6fa088960d7f0d27b0\",\"name\":\"Filip\",\"image\":{\"@type\":\"ImageObject\",\"inLanguage\":\"pl-PL\",\"@id\":\"https:\/\/www.pogotowieflagowe.pl\/aktualne\/#\/schema\/person\/image\/\",\"url\":\"https:\/\/www.pogotowieflagowe.pl\/aktualne\/wp-content\/uploads\/2024\/08\/pogotowieflagowe.pl_.jpg\",\"contentUrl\":\"https:\/\/www.pogotowieflagowe.pl\/aktualne\/wp-content\/uploads\/2024\/08\/pogotowieflagowe.pl_.jpg\",\"caption\":\"Filip\"},\"description\":\"Jestem Filip, polski dziennikarz z dyplomem nauk politycznych Uniwersytetu Warszawskiego. Rozpoczynaj\u0105c swoj\u0105 karier\u0119 w r\u00f3\u017cnych lokalnych mediach, zdoby\u0142em solidne do\u015bwiadczenie w zakresie \u015bledztwa i redakcji. Obecnie jako redaktor w Pogotowie flagowe, staram si\u0119 dostarcza\u0107 dog\u0142\u0119bne i istotne analizy na temat najwa\u017cniejszych kwestii aktualno\u015bci, \u0142\u0105cz\u0105c rygor z pasj\u0105 dziennikarsk\u0105.\",\"sameAs\":[\"https:\/\/www.pogotowieflagowe.pl\/\"]}]}<\/script>\n<!-- \/ Yoast SEO plugin. -->","yoast_head_json":{"title":"\u201eTa wojna nigdy nie zacz\u0119\u0142aby si\u0119, gdybym by\u0142 prezydentem\u201d. Trump podsumowa\u0142 swoj\u0105 rozmow\u0119 z Putinem - POGOTOWIE FLAGOWE\u00ae","robots":{"index":"index","follow":"follow","max-snippet":"max-snippet:-1","max-image-preview":"max-image-preview:large","max-video-preview":"max-video-preview:-1"},"canonical":"https:\/\/www.pogotowieflagowe.pl\/aktualne\/ta-wojna-nigdy-nie-zaczelaby-sie-gdybym-byl-prezydentem-trump-podsumowal-swoja-rozmowe-z-putinem\/","og_locale":"pl_PL","og_type":"article","og_title":"\u201eTa wojna nigdy nie zacz\u0119\u0142aby si\u0119, gdybym by\u0142 prezydentem\u201d. Trump podsumowa\u0142 swoj\u0105 rozmow\u0119 z Putinem - POGOTOWIE FLAGOWE\u00ae","og_description":"We wtorek prezydent USA Donald Trump odby\u0142 rozmow\u0119 telefoniczn\u0105 trwaj\u0105c\u0105 ponad godzin\u0119 z rosyjskim przyw\u00f3dc\u0105 W\u0142adimirem Putinem. Jeszcze przed wezwaniem","og_url":"https:\/\/www.pogotowieflagowe.pl\/aktualne\/ta-wojna-nigdy-nie-zaczelaby-sie-gdybym-byl-prezydentem-trump-podsumowal-swoja-rozmowe-z-putinem\/","og_site_name":"POGOTOWIE FLAGOWE\u00ae","article_published_time":"2025-03-19T13:46:53+00:00","article_modified_time":"2025-03-19T13:46:54+00:00","og_image":[{"width":1200,"height":675,"url":"https:\/\/www.pogotowieflagowe.pl\/aktualne\/wp-content\/uploads\/2025\/03\/\u201eTa-wojna-nigdy-nie-zaczelaby-sie-gdybym-byl-prezydentem-Trump.jpg","type":"image\/jpeg"}],"author":"Filip","twitter_card":"summary_large_image","twitter_misc":{"Napisane przez":"Filip","Szacowany czas czytania":"1 minuta"},"schema":{"@context":"https:\/\/schema.org","@graph":[{"@type":"Article","@id":"https:\/\/www.pogotowieflagowe.pl\/aktualne\/ta-wojna-nigdy-nie-zaczelaby-sie-gdybym-byl-prezydentem-trump-podsumowal-swoja-rozmowe-z-putinem\/#article","isPartOf":{"@id":"https:\/\/www.pogotowieflagowe.pl\/aktualne\/ta-wojna-nigdy-nie-zaczelaby-sie-gdybym-byl-prezydentem-trump-podsumowal-swoja-rozmowe-z-putinem\/"},"author":{"name":"Filip","@id":"https:\/\/www.pogotowieflagowe.pl\/aktualne\/#\/schema\/person\/9c2fb7d2362ebf6fa088960d7f0d27b0"},"headline":"\u201eTa wojna nigdy nie zacz\u0119\u0142aby si\u0119, gdybym by\u0142 prezydentem\u201d. Trump podsumowa\u0142 swoj\u0105 rozmow\u0119 z Putinem","datePublished":"2025-03-19T13:46:53+00:00","dateModified":"2025-03-19T13:46:54+00:00","mainEntityOfPage":{"@id":"https:\/\/www.pogotowieflagowe.pl\/aktualne\/ta-wojna-nigdy-nie-zaczelaby-sie-gdybym-byl-prezydentem-trump-podsumowal-swoja-rozmowe-z-putinem\/"},"wordCount":207,"publisher":{"@id":"https:\/\/www.pogotowieflagowe.pl\/aktualne\/#organization"},"image":{"@id":"https:\/\/www.pogotowieflagowe.pl\/aktualne\/ta-wojna-nigdy-nie-zaczelaby-sie-gdybym-byl-prezydentem-trump-podsumowal-swoja-rozmowe-z-putinem\/#primaryimage"},"thumbnailUrl":"https:\/\/www.pogotowieflagowe.pl\/aktualne\/wp-content\/uploads\/2025\/03\/\u201eTa-wojna-nigdy-nie-zaczelaby-sie-gdybym-byl-prezydentem-Trump.jpg","keywords":["by\u0142","gdybym","Nie","nigdy","podsumowa\u0142","prezydentem","Putinem","rozmow\u0119","si\u0119","swoj\u0105","Trump","wojna","zacz\u0119\u0142aby"],"articleSection":["Polityka"],"inLanguage":"pl-PL"},{"@type":"WebPage","@id":"https:\/\/www.pogotowieflagowe.pl\/aktualne\/ta-wojna-nigdy-nie-zaczelaby-sie-gdybym-byl-prezydentem-trump-podsumowal-swoja-rozmowe-z-putinem\/","url":"https:\/\/www.pogotowieflagowe.pl\/aktualne\/ta-wojna-nigdy-nie-zaczelaby-sie-gdybym-byl-prezydentem-trump-podsumowal-swoja-rozmowe-z-putinem\/","name":"\u201eTa wojna nigdy nie zacz\u0119\u0142aby si\u0119, gdybym by\u0142 prezydentem\u201d. Trump podsumowa\u0142 swoj\u0105 rozmow\u0119 z Putinem - POGOTOWIE FLAGOWE\u00ae","isPartOf":{"@id":"https:\/\/www.pogotowieflagowe.pl\/aktualne\/#website"},"primaryImageOfPage":{"@id":"https:\/\/www.pogotowieflagowe.pl\/aktualne\/ta-wojna-nigdy-nie-zaczelaby-sie-gdybym-byl-prezydentem-trump-podsumowal-swoja-rozmowe-z-putinem\/#primaryimage"},"image":{"@id":"https:\/\/www.pogotowieflagowe.pl\/aktualne\/ta-wojna-nigdy-nie-zaczelaby-sie-gdybym-byl-prezydentem-trump-podsumowal-swoja-rozmowe-z-putinem\/#primaryimage"},"thumbnailUrl":"https:\/\/www.pogotowieflagowe.pl\/aktualne\/wp-content\/uploads\/2025\/03\/\u201eTa-wojna-nigdy-nie-zaczelaby-sie-gdybym-byl-prezydentem-Trump.jpg","datePublished":"2025-03-19T13:46:53+00:00","dateModified":"2025-03-19T13:46:54+00:00","breadcrumb":{"@id":"https:\/\/www.pogotowieflagowe.pl\/aktualne\/ta-wojna-nigdy-nie-zaczelaby-sie-gdybym-byl-prezydentem-trump-podsumowal-swoja-rozmowe-z-putinem\/#breadcrumb"},"inLanguage":"pl-PL","potentialAction":[{"@type":"ReadAction","target":["https:\/\/www.pogotowieflagowe.pl\/aktualne\/ta-wojna-nigdy-nie-zaczelaby-sie-gdybym-byl-prezydentem-trump-podsumowal-swoja-rozmowe-z-putinem\/"]}]},{"@type":"ImageObject","inLanguage":"pl-PL","@id":"https:\/\/www.pogotowieflagowe.pl\/aktualne\/ta-wojna-nigdy-nie-zaczelaby-sie-gdybym-byl-prezydentem-trump-podsumowal-swoja-rozmowe-z-putinem\/#primaryimage","url":"https:\/\/www.pogotowieflagowe.pl\/aktualne\/wp-content\/uploads\/2025\/03\/\u201eTa-wojna-nigdy-nie-zaczelaby-sie-gdybym-byl-prezydentem-Trump.jpg","contentUrl":"https:\/\/www.pogotowieflagowe.pl\/aktualne\/wp-content\/uploads\/2025\/03\/\u201eTa-wojna-nigdy-nie-zaczelaby-sie-gdybym-byl-prezydentem-Trump.jpg","width":1200,"height":675,"caption":"\u201eTa wojna nigdy nie zacz\u0119\u0142aby si\u0119, gdybym by\u0142 prezydentem\u201d. Trump podsumowa\u0142 swoj\u0105 rozmow\u0119 z Putinem"},{"@type":"BreadcrumbList","@id":"https:\/\/www.pogotowieflagowe.pl\/aktualne\/ta-wojna-nigdy-nie-zaczelaby-sie-gdybym-byl-prezydentem-trump-podsumowal-swoja-rozmowe-z-putinem\/#breadcrumb","itemListElement":[{"@type":"ListItem","position":1,"name":"Home","item":"https:\/\/www.pogotowieflagowe.pl\/aktualne\/"},{"@type":"ListItem","position":2,"name":"\u201eTa wojna nigdy nie zacz\u0119\u0142aby si\u0119, gdybym by\u0142 prezydentem\u201d. Trump podsumowa\u0142 swoj\u0105 rozmow\u0119 z Putinem"}]},{"@type":"WebSite","@id":"https:\/\/www.pogotowieflagowe.pl\/aktualne\/#website","url":"https:\/\/www.pogotowieflagowe.pl\/aktualne\/","name":"POGOTOWIE FLAGOWE\u00ae","description":"","publisher":{"@id":"https:\/\/www.pogotowieflagowe.pl\/aktualne\/#organization"},"potentialAction":[{"@type":"SearchAction","target":{"@type":"EntryPoint","urlTemplate":"https:\/\/www.pogotowieflagowe.pl\/aktualne\/?s={search_term_string}"},"query-input":"required name=search_term_string"}],"inLanguage":"pl-PL"},{"@type":"Organization","@id":"https:\/\/www.pogotowieflagowe.pl\/aktualne\/#organization","name":"POGOTOWIE FLAGOWE\u00ae","url":"https:\/\/www.pogotowieflagowe.pl\/aktualne\/","logo":{"@type":"ImageObject","inLanguage":"pl-PL","@id":"https:\/\/www.pogotowieflagowe.pl\/aktualne\/#\/schema\/logo\/image\/","url":"https:\/\/www.pogotowieflagowe.pl\/aktualne\/wp-content\/uploads\/2024\/08\/cropped-pogotowieflagowe_flaga_projekt_sm.jpg","contentUrl":"https:\/\/www.pogotowieflagowe.pl\/aktualne\/wp-content\/uploads\/2024\/08\/cropped-pogotowieflagowe_flaga_projekt_sm.jpg","width":250,"height":143,"caption":"POGOTOWIE FLAGOWE\u00ae"},"image":{"@id":"https:\/\/www.pogotowieflagowe.pl\/aktualne\/#\/schema\/logo\/image\/"}},{"@type":"Person","@id":"https:\/\/www.pogotowieflagowe.pl\/aktualne\/#\/schema\/person\/9c2fb7d2362ebf6fa088960d7f0d27b0","name":"Filip","image":{"@type":"ImageObject","inLanguage":"pl-PL","@id":"https:\/\/www.pogotowieflagowe.pl\/aktualne\/#\/schema\/person\/image\/","url":"https:\/\/www.pogotowieflagowe.pl\/aktualne\/wp-content\/uploads\/2024\/08\/pogotowieflagowe.pl_.jpg","contentUrl":"https:\/\/www.pogotowieflagowe.pl\/aktualne\/wp-content\/uploads\/2024\/08\/pogotowieflagowe.pl_.jpg","caption":"Filip"},"description":"Jestem Filip, polski dziennikarz z dyplomem nauk politycznych Uniwersytetu Warszawskiego. Rozpoczynaj\u0105c swoj\u0105 karier\u0119 w r\u00f3\u017cnych lokalnych mediach, zdoby\u0142em solidne do\u015bwiadczenie w zakresie \u015bledztwa i redakcji. Obecnie jako redaktor w Pogotowie flagowe, staram si\u0119 dostarcza\u0107 dog\u0142\u0119bne i istotne analizy na temat najwa\u017cniejszych kwestii aktualno\u015bci, \u0142\u0105cz\u0105c rygor z pasj\u0105 dziennikarsk\u0105.","sameAs":["https:\/\/www.pogotowieflagowe.pl\/"]}]}},"_links":{"self":[{"href":"https:\/\/www.pogotowieflagowe.pl\/aktualne\/wp-json\/wp\/v2\/posts\/4693","targetHints":{"allow":["GET"]}}],"collection":[{"href":"https:\/\/www.pogotowieflagowe.pl\/aktualne\/wp-json\/wp\/v2\/posts"}],"about":[{"href":"https:\/\/www.pogotowieflagowe.pl\/aktualne\/wp-json\/wp\/v2\/types\/post"}],"author":[{"embeddable":true,"href":"https:\/\/www.pogotowieflagowe.pl\/aktualne\/wp-json\/wp\/v2\/users\/1"}],"replies":[{"embeddable":true,"href":"https:\/\/www.pogotowieflagowe.pl\/aktualne\/wp-json\/wp\/v2\/comments?post=4693"}],"version-history":[{"count":1,"href":"https:\/\/www.pogotowieflagowe.pl\/aktualne\/wp-json\/wp\/v2\/posts\/4693\/revisions"}],"predecessor-version":[{"id":4695,"href":"https:\/\/www.pogotowieflagowe.pl\/aktualne\/wp-json\/wp\/v2\/posts\/4693\/revisions\/4695"}],"wp:featuredmedia":[{"embeddable":true,"href":"https:\/\/www.pogotowieflagowe.pl\/aktualne\/wp-json\/wp\/v2\/media\/4694"}],"wp:attachment":[{"href":"https:\/\/www.pogotowieflagowe.pl\/aktualne\/wp-json\/wp\/v2\/media?parent=4693"}],"wp:term":[{"taxonomy":"category","embeddable":true,"href":"https:\/\/www.pogotowieflagowe.pl\/aktualne\/wp-json\/wp\/v2\/categories?post=4693"},{"taxonomy":"post_tag","embeddable":true,"href":"https:\/\/www.pogotowieflagowe.pl\/aktualne\/wp-json\/wp\/v2\/tags?post=4693"}],"curies":[{"name":"wp","href":"https:\/\/api.w.org\/{rel}","templated":true}]}}