{"id":4764,"date":"2025-03-23T03:47:52","date_gmt":"2025-03-23T02:47:52","guid":{"rendered":"https:\/\/www.pogotowieflagowe.pl\/aktualne\/tlumy-biegunow-protestuja-w-zggorzelecu-przestan-zalewac-polske-migrantami\/"},"modified":"2025-03-23T03:47:52","modified_gmt":"2025-03-23T02:47:52","slug":"tlumy-biegunow-protestuja-w-zggorzelecu-przestan-zalewac-polske-migrantami","status":"publish","type":"post","link":"https:\/\/www.pogotowieflagowe.pl\/aktualne\/tlumy-biegunow-protestuja-w-zggorzelecu-przestan-zalewac-polske-migrantami\/","title":{"rendered":"T\u0142umy biegun\u00f3w protestuj\u0105 w Zggorzelecu: \u201ePrzesta\u0144 zalewa\u0107 Polsk\u0119 migrantami\u201d"},"content":{"rendered":"\n<div class=\"td_block_wrap tdb_single_content tdi_41 td-pb-border-top td_block_template_8 td-post-content tagdiv-type\" data-td-block-uid=\"tdi_41\">\n<style>.tdi_41 {margin-top: 0px! Wa\u017cne; margines-bottom: 0px! WA\u017bNY; PALDING-TOP: 0PX! WA\u017bNY; PALDING-BOTTOM: 0PX! WA\u017bNE}<\/style>\n<style>.tdb_single_content {margin-bottom: 0;*zoom: 1} .tdb_single_content: wcze\u015bniej, .tdb_single_content: po {display: Table; content: ''; line-height: 0} .TDB-BLOCK-INner>*: nie (.WP-BLOCK-QUOTE): not (.alignSwide): not (.Alignfull.wp-block-cover.has-parallax): not (.td-a-ad) {margin-left: auto; margin-right: auto} .tdb_single_ConTent a {wska\u017anik-events: auto} .tdb_single_content .td-spot-id-top_ad .tdc-placeholder-title: przed {content: \u201eArtyku\u0142 top ad\u201d! Wa\u017cne} .tdb_single_content .td-Spot-Id-inline_ad0 .tdc-placeholder-title 1 '! Wa\u017cne} .tdb_single_content .td-Spot-Id-inline_Ad1 .tdc-Placeholder-Title: przed {content: \u201eArtyku\u0142 inline AD 2'! Wa\u017cny} .tdb_single_content. 3 '! Wa\u017cne} .tdb_single_content .td-Spot-Id-Bottom_Ad .tdc-Placeholder-Title: przed {content: \u201eArtyku\u0142 Bottom Ad\u201d! Wa\u017cne} .tdb_single_content .id_top_ad, .tdb_single_content_content .id_bottom_ad {clear: oba; margin-bottom: 21px; text-align: Center} .tdb_single_content .id_top_ad img, .tdb_single_content .id_bottom_ad img {margin-bottom: 0} .tdb_single_conTent .id_top_ad .adsbyGoogle, .tdb_single_content .id_bottom_ad .adsbyGoogle {pozycja: relatyw} .tdb_single_content .id_ad_content-horiz-left, .tdb_single_content .id_ad_content-horiz-right, .tdb_single_content .id_ad_content-horiz-Center {margin-bottom: 15px} .tdb_single_content .id_ad_content-horiz-left Img, .tdb_single_content .id_ad_content-horiz-right img, .tdb_single_content .id_ad_content-horiz-centerter img {margin-bottom: 0} .tdb_single_content .id_ad_content-horiz-center {text-align: Center} .tdb_single_content .id_ad_content-horiz-center img {margin-right: auto; margin-let: auto} .tdb_single_content .id_ad_content-horiz-left {float: left; margin-top: 9px; margin-right: 21px} .tdb_single_content .id_ad_content-horiz-right {float: margin-top: 6px; margin-left: 21px} .tdb_single_content .tdc-a-a-ad .TDC-Placeholder-Title {szeroko\u015b\u0107: 300px; height: 250px} .tdb_single_content .tdc-a-ad .TDC-Placeholder-Title: Przed {Pozycja: Absolute; TOP: 50%;-WebKit-Transform: Translatey (-50%); Transform: Translatey (-50%); margines: auto; Display: Tabela; szeroko\u015b\u0107: 100%}. tdb_single_content .TDB-BLOCK-INNER.TD-FIX-INDEX {Word-Break: Break-word} .tdi_41, .tdi_41> p, .tdi_41 .tdb-block-inner> p, .Wp-Block-Column> p {font-size: 16px! Wa\u017cne; wa\u017cny; p {font-styl: normalne! Wa\u017cne} @media (Max-Width: 767px) {. tdb_single_content .id_ad_content-horiz-left, .tdb_single_content .id_ad_content-horiz-right, .tdb_single_content .id_ad_content-horiz-centter {Margin: 0 AUTO 26PXX auto}}@media (Max-Width: 767px) {. tdb_single_content .id_ad_content-horiz-left {margin-right: 0}}@media (max-width: 767px) {. (Max-Width: 767px) {. tdb_single_content .td-a-ad {float: none; text-align: Center} .tdb_single_content .td-a-ad img {margin-right: auto; margin-left: auto} .tdb_single_content .tdc-a-a-a-{margin-right: auto; margin-left: auto} .tdb_single_content .tdd<\/style>\n<div class=\"tdb-block-inner td-fix-index\">\n<p>W Zgorzelecu wielu Polak\u00f3w zebra\u0142o si\u0119, aby wyrazi\u0107 sw\u00f3j sprzeciw wobec nap\u0142ywu nielegalnych imigrant\u00f3w sprowadzonych do Polski z Niemiec. W prote\u015bcie, kt\u00f3ry odby\u0142 si\u0119 pod has\u0142em \u201ePrzesta\u0144 zala\u0107 Polsk\u0119 migrantami z Niemiec\u201d, wzi\u0119li udzia\u0142 cz\u0142onkowie klub\u00f3w \u201eGazeta Polska\u201d.<\/p>\n<figure class=\"wp-block-pullquote\">\n<blockquote>\n<p>\u201eJako klub Gazeta Polska z Wroc\u0142aw koordynujemy dzia\u0142ania klub\u00f3w z Lower Sistia. Jestem dumny, \u017ce widzia\u0142em tu dzi\u015b tak wiele klub\u00f3w. Jestem bardzo dumny, \u017ce wszyscy przybyli\u015bcie w takich ilo\u015bciach\u201d.<\/p>\n<p><cite>&#8211; powiedzia\u0142 S\u0142awomir \u015amigielski, szef klubu Wroc\u0142aw.<\/cite><\/p><\/blockquote>\n<\/figure>\n<p>Podczas demonstracji w Zgorzelelec Robert B\u0105kiewicz, przemawiaj\u0105c ze sceny, zwr\u00f3ci\u0142 uwag\u0119 na zamaskowane osoby stoj\u0105ce w pobli\u017cu. Wezwa\u0142 ich do usuni\u0119cia ich masek i zasugerowa\u0142 mo\u017cliwo\u015b\u0107 prowokacji, oskar\u017caj\u0105c tak\u017ce policj\u0119 o nieodpowiednie zabezpieczenie du\u017cego zgromadzenia. B\u0105kiewicz m\u00f3wi\u0142 o \u201ewojnie hybrydowej\u201d, stwierdzaj\u0105c: \u201eTo Niemcy popycha migrant\u00f3w do Polski\u201d.<\/p>\n<p>W przem\u00f3wieniach dotyczy\u0142y nie tylko bie\u017c\u0105cego problemu migrant\u00f3w, ale tak\u017ce szerszego niezadowolenia z obecnego rz\u0105du.<\/p>\n<figure class=\"wp-block-pullquote\">\n<blockquote>\n<p>\u201eNie mo\u017cemy po prostu sta\u0107 i milcze\u0107. Od pierwszego dnia, poza stacj\u0105 telewizyjn\u0105, powiedzia\u0142em, \u017ce musimy by\u0107 gotowi na po\u015bwi\u0119cenie. Nie dostajesz ojczyzny, suwerenno\u015bci i wolno\u015bci na sztopy lub za kilka kropli krwi. Mamy ju\u017c nasze pierwsze ofiary. Jest rolnik, kt\u00f3ry by\u0142 powa\u017cnie pobity, a p\u00f3\u017aniej, niezdolny do wywierania presji, zaj\u0105\u0142 swoje \u017cycie. Jest ju\u017c nasza strata. Przes\u0142uchanie &#8211; starsza, chora kobieta, kt\u00f3ra nie mog\u0142a znie\u015b\u0107 tej presji, a jej serce si\u0119 rozda\u0142o. \u201d<\/p>\n<p><cite>&#8211; powiedzia\u0142 Adam Borowski, szef Warszaw Gazeta Polska Club.<\/cite><\/p><\/blockquote>\n<\/figure>\n<p>Przypomnia\u0142 tak\u017ce t\u0142umie os\u00f3b, kt\u00f3re zosta\u0142y pozbawione ich wolno\u015bci.<\/p>\n<figure class=\"wp-block-pullquote\">\n<blockquote>\n<p>\u201eByli ludzie, kt\u00f3rzy zostali uwi\u0119zieni &#8211; ojciec Olszewski zosta\u0142 zatrzymany; Karolina i Urszula zostali zatrzymani, a oni maj\u0105 oskar\u017cenia (powi\u0105zane z dochodzeniem w sprawie wymiaru sprawiedliwo\u015bci). Obecnie pose\u0142 (Dariusz Matecki) jest w areszcie\u201d.<\/p>\n<p><cite>Zauwa\u017cy\u0142.<\/cite><\/p><\/blockquote>\n<\/figure>\n<p>Borowski wezwa\u0142 do organizowania demonstracji w ka\u017cdej lokalizacji.<\/p>\n<figure class=\"wp-block-pullquote\">\n<blockquote>\n<p>\u201eNawet je\u015bli jest to tylko dwa, trzy, dziesi\u0119\u0107 lub pi\u0119\u0107dziesi\u0105t os\u00f3b, zorganizujmy si\u0119, poniewa\u017c ten zdradliwy rz\u0105d jest gotowy sprzeda\u0107 Polsk\u0119 za euro\u201d<\/p>\n<p><cite>Powiedzia\u0142.<\/cite><\/p><\/blockquote>\n<\/figure>\n<figure class=\"wp-block-pullquote\">\n<blockquote>\n<p>\u201eZjednoczmy kluby, rotacj\u0119, wszystkie organizacje patriotyczne. Zjednoczmy i obalmy ten rz\u0105d\u201d<\/p>\n<p><cite>o\u015bwiadczy\u0142.<\/cite><\/p><\/blockquote>\n<\/figure>\n<p>Po zako\u0144czeniu demonstracji portal Niezalezna.pl skontaktowa\u0142 si\u0119 z Januszem Kowalskim, pos\u0142em z prawa i sprawiedliwo\u015bci (PIS), kt\u00f3ry by\u0142 na miejscu w Zgorzelelec.<\/p>\n<p>Na pocz\u0105tku podzi\u0119kowa\u0142 portalowi za pomoc \u201eroz\u0142adowywania problemu prowokacji\u201d.<\/p>\n<figure class=\"wp-block-pullquote\">\n<blockquote>\n<p>\u201eLudzie w czarnych maskach z rasistowskimi has\u0142ami celowo pojawili si\u0119 tutaj ze strony niemieckiej, aby zrobi\u0107 zdj\u0119cia &#8211; prawdopodobnie w niemieckich mediach, \u017ce rasi\u015bci i ksenofoby protestuj\u0105 w Polsce. Nasz t\u0142um natychmiast zacz\u0105\u0142 intonowa\u0107\u201e prowokacje \u201d. Te osoby zosta\u0142y wypchni\u0119te z protestu.<\/p>\n<p><cite>&#8211; powiedzia\u0142 PIS MP.<\/cite><\/p><\/blockquote>\n<\/figure>\n<p>Zapytany przez Niezalezna.pl o ocen\u0119 demonstracji tego dnia, Robert B\u0105kiewicz podkre\u015bli\u0142, \u017ce by\u0142 to \u201eogromny sukces\u201d.<\/p>\n<figure class=\"wp-block-pullquote\">\n<blockquote>\n<p>\u201eBy\u0142o kilka tysi\u0119cy protestuj\u0105cych, a przy ka\u017cdej demonstracji nasza liczba ro\u015bnie. Wida\u0107, \u017ce ludzie boj\u0105 si\u0119 masowej imigracji &#8211; nie tylko tych, kt\u00f3rzy mieszkaj\u0105 tu\u017c przy granicy, ale tak\u017ce mieszka\u0144cy pobliskich powiat\u00f3w i ni\u017cszej \u015bl\u0105skiej jako ca\u0142o\u015bci. To by\u0142 wielki sukces, naprawd\u0119\u201d<\/p>\n<p><cite>Powiedzia\u0142.<\/cite><\/p><\/blockquote>\n<\/figure>\n<p>B\u0105kiewicz przyzna\u0142, \u017ce \u201eludzie s\u0105 \u017ali\u201d z powodu braku odpowiednich dzia\u0142a\u0144 w\u0142adz polskich, bior\u0105c pod uwag\u0119 wyra\u017anie rosn\u0105c\u0105 presj\u0119 migracyjn\u0105 ze strony Niemiec.<\/p>\n<figure class=\"wp-block-pullquote\">\n<blockquote>\n<p>\u201eWydaje mi si\u0119, \u017ce ludzie wyra\u017anie widz\u0105 teraz zagro\u017cenie ze strony polityk prowadzonych przez Tusk, Berlin i Uni\u0119 Europejsk\u0105, kt\u00f3re zmuszaj\u0105 do nas migrant\u00f3w obcych kulturowo. A ludzie po prostu martwi\u0105 si\u0119 o ich bezpiecze\u0144stwo i koszty wspierania tych os\u00f3b\u201d, \u201d<\/p>\n<p><cite>Dokona\u0142.<\/cite><\/p><\/blockquote>\n<\/figure>\n<\/div>\n<\/div>\n","protected":false},"excerpt":{"rendered":"<p>W Zgorzelecu wielu Polak\u00f3w zebra\u0142o si\u0119, aby wyrazi\u0107 sw\u00f3j sprzeciw wobec nap\u0142ywu nielegalnych imigrant\u00f3w sprowadzonych do Polski z Niemiec. W<\/p>\n","protected":false},"author":1,"featured_media":4765,"comment_status":"closed","ping_status":"","sticky":false,"template":"","format":"standard","meta":{"footnotes":""},"categories":[4748],"tags":[6485,6489,698,354,6487,3732,6488,6486],"class_list":["post-4764","post","type-post","status-publish","format-standard","has-post-thumbnail","hentry","category-aktualne","tag-biegunow","tag-migrantami","tag-polske","tag-protestuja","tag-przestan","tag-tlumy","tag-zalewac","tag-zggorzelecu","generate-columns","tablet-grid-50","mobile-grid-100","grid-parent","grid-50","resize-featured-image"],"yoast_head":"<!-- This site is optimized with the Yoast SEO plugin v23.2 - https:\/\/yoast.com\/wordpress\/plugins\/seo\/ -->\n<title>T\u0142umy biegun\u00f3w protestuj\u0105 w Zggorzelecu: \u201ePrzesta\u0144 zalewa\u0107 Polsk\u0119 migrantami\u201d - POGOTOWIE FLAGOWE\u00ae<\/title>\n<meta name=\"robots\" content=\"index, follow, max-snippet:-1, max-image-preview:large, max-video-preview:-1\" \/>\n<link rel=\"canonical\" href=\"https:\/\/www.pogotowieflagowe.pl\/aktualne\/tlumy-biegunow-protestuja-w-zggorzelecu-przestan-zalewac-polske-migrantami\/\" \/>\n<meta property=\"og:locale\" content=\"pl_PL\" \/>\n<meta property=\"og:type\" content=\"article\" \/>\n<meta property=\"og:title\" content=\"T\u0142umy biegun\u00f3w protestuj\u0105 w Zggorzelecu: \u201ePrzesta\u0144 zalewa\u0107 Polsk\u0119 migrantami\u201d - POGOTOWIE FLAGOWE\u00ae\" \/>\n<meta property=\"og:description\" content=\"W Zgorzelecu wielu Polak\u00f3w zebra\u0142o si\u0119, aby wyrazi\u0107 sw\u00f3j sprzeciw wobec nap\u0142ywu nielegalnych imigrant\u00f3w sprowadzonych do Polski z Niemiec. W\" \/>\n<meta property=\"og:url\" content=\"https:\/\/www.pogotowieflagowe.pl\/aktualne\/tlumy-biegunow-protestuja-w-zggorzelecu-przestan-zalewac-polske-migrantami\/\" \/>\n<meta property=\"og:site_name\" content=\"POGOTOWIE FLAGOWE\u00ae\" \/>\n<meta property=\"article:published_time\" content=\"2025-03-23T02:47:52+00:00\" \/>\n<meta property=\"og:image\" content=\"https:\/\/www.pogotowieflagowe.pl\/aktualne\/wp-content\/uploads\/2025\/03\/Tlumy-biegunow-protestuja-w-Zggorzelecu-\u201ePrzestan-zalewac-Polske-migrantami.webp.webp\" \/>\n\t<meta property=\"og:image:width\" content=\"1280\" \/>\n\t<meta property=\"og:image:height\" content=\"719\" \/>\n\t<meta property=\"og:image:type\" content=\"image\/webp\" \/>\n<meta name=\"author\" content=\"Filip\" \/>\n<meta name=\"twitter:card\" content=\"summary_large_image\" \/>\n<meta name=\"twitter:label1\" content=\"Napisane przez\" \/>\n\t<meta name=\"twitter:data1\" content=\"Filip\" \/>\n\t<meta name=\"twitter:label2\" content=\"Szacowany czas czytania\" \/>\n\t<meta name=\"twitter:data2\" content=\"3 minuty\" \/>\n<script type=\"application\/ld+json\" class=\"yoast-schema-graph\">{\"@context\":\"https:\/\/schema.org\",\"@graph\":[{\"@type\":\"Article\",\"@id\":\"https:\/\/www.pogotowieflagowe.pl\/aktualne\/tlumy-biegunow-protestuja-w-zggorzelecu-przestan-zalewac-polske-migrantami\/#article\",\"isPartOf\":{\"@id\":\"https:\/\/www.pogotowieflagowe.pl\/aktualne\/tlumy-biegunow-protestuja-w-zggorzelecu-przestan-zalewac-polske-migrantami\/\"},\"author\":{\"name\":\"Filip\",\"@id\":\"https:\/\/www.pogotowieflagowe.pl\/aktualne\/#\/schema\/person\/9c2fb7d2362ebf6fa088960d7f0d27b0\"},\"headline\":\"T\u0142umy biegun\u00f3w protestuj\u0105 w Zggorzelecu: \u201ePrzesta\u0144 zalewa\u0107 Polsk\u0119 migrantami\u201d\",\"datePublished\":\"2025-03-23T02:47:52+00:00\",\"dateModified\":\"2025-03-23T02:47:52+00:00\",\"mainEntityOfPage\":{\"@id\":\"https:\/\/www.pogotowieflagowe.pl\/aktualne\/tlumy-biegunow-protestuja-w-zggorzelecu-przestan-zalewac-polske-migrantami\/\"},\"wordCount\":632,\"publisher\":{\"@id\":\"https:\/\/www.pogotowieflagowe.pl\/aktualne\/#organization\"},\"image\":{\"@id\":\"https:\/\/www.pogotowieflagowe.pl\/aktualne\/tlumy-biegunow-protestuja-w-zggorzelecu-przestan-zalewac-polske-migrantami\/#primaryimage\"},\"thumbnailUrl\":\"https:\/\/www.pogotowieflagowe.pl\/aktualne\/wp-content\/uploads\/2025\/03\/Tlumy-biegunow-protestuja-w-Zggorzelecu-\u201ePrzestan-zalewac-Polske-migrantami.webp.webp\",\"keywords\":[\"biegun\u00f3w\",\"migrantami\",\"Polsk\u0119\",\"protestuj\u0105\",\"Przesta\u0144\",\"t\u0142umy\",\"zalewa\u0107\",\"Zggorzelecu\"],\"articleSection\":[\"Aktualne\"],\"inLanguage\":\"pl-PL\"},{\"@type\":\"WebPage\",\"@id\":\"https:\/\/www.pogotowieflagowe.pl\/aktualne\/tlumy-biegunow-protestuja-w-zggorzelecu-przestan-zalewac-polske-migrantami\/\",\"url\":\"https:\/\/www.pogotowieflagowe.pl\/aktualne\/tlumy-biegunow-protestuja-w-zggorzelecu-przestan-zalewac-polske-migrantami\/\",\"name\":\"T\u0142umy biegun\u00f3w protestuj\u0105 w Zggorzelecu: \u201ePrzesta\u0144 zalewa\u0107 Polsk\u0119 migrantami\u201d - POGOTOWIE FLAGOWE\u00ae\",\"isPartOf\":{\"@id\":\"https:\/\/www.pogotowieflagowe.pl\/aktualne\/#website\"},\"primaryImageOfPage\":{\"@id\":\"https:\/\/www.pogotowieflagowe.pl\/aktualne\/tlumy-biegunow-protestuja-w-zggorzelecu-przestan-zalewac-polske-migrantami\/#primaryimage\"},\"image\":{\"@id\":\"https:\/\/www.pogotowieflagowe.pl\/aktualne\/tlumy-biegunow-protestuja-w-zggorzelecu-przestan-zalewac-polske-migrantami\/#primaryimage\"},\"thumbnailUrl\":\"https:\/\/www.pogotowieflagowe.pl\/aktualne\/wp-content\/uploads\/2025\/03\/Tlumy-biegunow-protestuja-w-Zggorzelecu-\u201ePrzestan-zalewac-Polske-migrantami.webp.webp\",\"datePublished\":\"2025-03-23T02:47:52+00:00\",\"dateModified\":\"2025-03-23T02:47:52+00:00\",\"breadcrumb\":{\"@id\":\"https:\/\/www.pogotowieflagowe.pl\/aktualne\/tlumy-biegunow-protestuja-w-zggorzelecu-przestan-zalewac-polske-migrantami\/#breadcrumb\"},\"inLanguage\":\"pl-PL\",\"potentialAction\":[{\"@type\":\"ReadAction\",\"target\":[\"https:\/\/www.pogotowieflagowe.pl\/aktualne\/tlumy-biegunow-protestuja-w-zggorzelecu-przestan-zalewac-polske-migrantami\/\"]}]},{\"@type\":\"ImageObject\",\"inLanguage\":\"pl-PL\",\"@id\":\"https:\/\/www.pogotowieflagowe.pl\/aktualne\/tlumy-biegunow-protestuja-w-zggorzelecu-przestan-zalewac-polske-migrantami\/#primaryimage\",\"url\":\"https:\/\/www.pogotowieflagowe.pl\/aktualne\/wp-content\/uploads\/2025\/03\/Tlumy-biegunow-protestuja-w-Zggorzelecu-\u201ePrzestan-zalewac-Polske-migrantami.webp.webp\",\"contentUrl\":\"https:\/\/www.pogotowieflagowe.pl\/aktualne\/wp-content\/uploads\/2025\/03\/Tlumy-biegunow-protestuja-w-Zggorzelecu-\u201ePrzestan-zalewac-Polske-migrantami.webp.webp\",\"width\":1280,\"height\":719,\"caption\":\"T\u0142umy biegun\u00f3w protestuj\u0105 w Zggorzelecu: \u201ePrzesta\u0144 zalewa\u0107 Polsk\u0119 migrantami\u201d\"},{\"@type\":\"BreadcrumbList\",\"@id\":\"https:\/\/www.pogotowieflagowe.pl\/aktualne\/tlumy-biegunow-protestuja-w-zggorzelecu-przestan-zalewac-polske-migrantami\/#breadcrumb\",\"itemListElement\":[{\"@type\":\"ListItem\",\"position\":1,\"name\":\"Home\",\"item\":\"https:\/\/www.pogotowieflagowe.pl\/aktualne\/\"},{\"@type\":\"ListItem\",\"position\":2,\"name\":\"T\u0142umy biegun\u00f3w protestuj\u0105 w Zggorzelecu: \u201ePrzesta\u0144 zalewa\u0107 Polsk\u0119 migrantami\u201d\"}]},{\"@type\":\"WebSite\",\"@id\":\"https:\/\/www.pogotowieflagowe.pl\/aktualne\/#website\",\"url\":\"https:\/\/www.pogotowieflagowe.pl\/aktualne\/\",\"name\":\"POGOTOWIE FLAGOWE\u00ae\",\"description\":\"\",\"publisher\":{\"@id\":\"https:\/\/www.pogotowieflagowe.pl\/aktualne\/#organization\"},\"potentialAction\":[{\"@type\":\"SearchAction\",\"target\":{\"@type\":\"EntryPoint\",\"urlTemplate\":\"https:\/\/www.pogotowieflagowe.pl\/aktualne\/?s={search_term_string}\"},\"query-input\":\"required name=search_term_string\"}],\"inLanguage\":\"pl-PL\"},{\"@type\":\"Organization\",\"@id\":\"https:\/\/www.pogotowieflagowe.pl\/aktualne\/#organization\",\"name\":\"POGOTOWIE FLAGOWE\u00ae\",\"url\":\"https:\/\/www.pogotowieflagowe.pl\/aktualne\/\",\"logo\":{\"@type\":\"ImageObject\",\"inLanguage\":\"pl-PL\",\"@id\":\"https:\/\/www.pogotowieflagowe.pl\/aktualne\/#\/schema\/logo\/image\/\",\"url\":\"https:\/\/www.pogotowieflagowe.pl\/aktualne\/wp-content\/uploads\/2024\/08\/cropped-pogotowieflagowe_flaga_projekt_sm.jpg\",\"contentUrl\":\"https:\/\/www.pogotowieflagowe.pl\/aktualne\/wp-content\/uploads\/2024\/08\/cropped-pogotowieflagowe_flaga_projekt_sm.jpg\",\"width\":250,\"height\":143,\"caption\":\"POGOTOWIE FLAGOWE\u00ae\"},\"image\":{\"@id\":\"https:\/\/www.pogotowieflagowe.pl\/aktualne\/#\/schema\/logo\/image\/\"}},{\"@type\":\"Person\",\"@id\":\"https:\/\/www.pogotowieflagowe.pl\/aktualne\/#\/schema\/person\/9c2fb7d2362ebf6fa088960d7f0d27b0\",\"name\":\"Filip\",\"image\":{\"@type\":\"ImageObject\",\"inLanguage\":\"pl-PL\",\"@id\":\"https:\/\/www.pogotowieflagowe.pl\/aktualne\/#\/schema\/person\/image\/\",\"url\":\"https:\/\/www.pogotowieflagowe.pl\/aktualne\/wp-content\/uploads\/2024\/08\/pogotowieflagowe.pl_.jpg\",\"contentUrl\":\"https:\/\/www.pogotowieflagowe.pl\/aktualne\/wp-content\/uploads\/2024\/08\/pogotowieflagowe.pl_.jpg\",\"caption\":\"Filip\"},\"description\":\"Jestem Filip, polski dziennikarz z dyplomem nauk politycznych Uniwersytetu Warszawskiego. Rozpoczynaj\u0105c swoj\u0105 karier\u0119 w r\u00f3\u017cnych lokalnych mediach, zdoby\u0142em solidne do\u015bwiadczenie w zakresie \u015bledztwa i redakcji. Obecnie jako redaktor w Pogotowie flagowe, staram si\u0119 dostarcza\u0107 dog\u0142\u0119bne i istotne analizy na temat najwa\u017cniejszych kwestii aktualno\u015bci, \u0142\u0105cz\u0105c rygor z pasj\u0105 dziennikarsk\u0105.\",\"sameAs\":[\"https:\/\/www.pogotowieflagowe.pl\/\"]}]}<\/script>\n<!-- \/ Yoast SEO plugin. -->","yoast_head_json":{"title":"T\u0142umy biegun\u00f3w protestuj\u0105 w Zggorzelecu: \u201ePrzesta\u0144 zalewa\u0107 Polsk\u0119 migrantami\u201d - POGOTOWIE FLAGOWE\u00ae","robots":{"index":"index","follow":"follow","max-snippet":"max-snippet:-1","max-image-preview":"max-image-preview:large","max-video-preview":"max-video-preview:-1"},"canonical":"https:\/\/www.pogotowieflagowe.pl\/aktualne\/tlumy-biegunow-protestuja-w-zggorzelecu-przestan-zalewac-polske-migrantami\/","og_locale":"pl_PL","og_type":"article","og_title":"T\u0142umy biegun\u00f3w protestuj\u0105 w Zggorzelecu: \u201ePrzesta\u0144 zalewa\u0107 Polsk\u0119 migrantami\u201d - POGOTOWIE FLAGOWE\u00ae","og_description":"W Zgorzelecu wielu Polak\u00f3w zebra\u0142o si\u0119, aby wyrazi\u0107 sw\u00f3j sprzeciw wobec nap\u0142ywu nielegalnych imigrant\u00f3w sprowadzonych do Polski z Niemiec. W","og_url":"https:\/\/www.pogotowieflagowe.pl\/aktualne\/tlumy-biegunow-protestuja-w-zggorzelecu-przestan-zalewac-polske-migrantami\/","og_site_name":"POGOTOWIE FLAGOWE\u00ae","article_published_time":"2025-03-23T02:47:52+00:00","og_image":[{"width":1280,"height":719,"url":"https:\/\/www.pogotowieflagowe.pl\/aktualne\/wp-content\/uploads\/2025\/03\/Tlumy-biegunow-protestuja-w-Zggorzelecu-\u201ePrzestan-zalewac-Polske-migrantami.webp.webp","type":"image\/webp"}],"author":"Filip","twitter_card":"summary_large_image","twitter_misc":{"Napisane przez":"Filip","Szacowany czas czytania":"3 minuty"},"schema":{"@context":"https:\/\/schema.org","@graph":[{"@type":"Article","@id":"https:\/\/www.pogotowieflagowe.pl\/aktualne\/tlumy-biegunow-protestuja-w-zggorzelecu-przestan-zalewac-polske-migrantami\/#article","isPartOf":{"@id":"https:\/\/www.pogotowieflagowe.pl\/aktualne\/tlumy-biegunow-protestuja-w-zggorzelecu-przestan-zalewac-polske-migrantami\/"},"author":{"name":"Filip","@id":"https:\/\/www.pogotowieflagowe.pl\/aktualne\/#\/schema\/person\/9c2fb7d2362ebf6fa088960d7f0d27b0"},"headline":"T\u0142umy biegun\u00f3w protestuj\u0105 w Zggorzelecu: \u201ePrzesta\u0144 zalewa\u0107 Polsk\u0119 migrantami\u201d","datePublished":"2025-03-23T02:47:52+00:00","dateModified":"2025-03-23T02:47:52+00:00","mainEntityOfPage":{"@id":"https:\/\/www.pogotowieflagowe.pl\/aktualne\/tlumy-biegunow-protestuja-w-zggorzelecu-przestan-zalewac-polske-migrantami\/"},"wordCount":632,"publisher":{"@id":"https:\/\/www.pogotowieflagowe.pl\/aktualne\/#organization"},"image":{"@id":"https:\/\/www.pogotowieflagowe.pl\/aktualne\/tlumy-biegunow-protestuja-w-zggorzelecu-przestan-zalewac-polske-migrantami\/#primaryimage"},"thumbnailUrl":"https:\/\/www.pogotowieflagowe.pl\/aktualne\/wp-content\/uploads\/2025\/03\/Tlumy-biegunow-protestuja-w-Zggorzelecu-\u201ePrzestan-zalewac-Polske-migrantami.webp.webp","keywords":["biegun\u00f3w","migrantami","Polsk\u0119","protestuj\u0105","Przesta\u0144","t\u0142umy","zalewa\u0107","Zggorzelecu"],"articleSection":["Aktualne"],"inLanguage":"pl-PL"},{"@type":"WebPage","@id":"https:\/\/www.pogotowieflagowe.pl\/aktualne\/tlumy-biegunow-protestuja-w-zggorzelecu-przestan-zalewac-polske-migrantami\/","url":"https:\/\/www.pogotowieflagowe.pl\/aktualne\/tlumy-biegunow-protestuja-w-zggorzelecu-przestan-zalewac-polske-migrantami\/","name":"T\u0142umy biegun\u00f3w protestuj\u0105 w Zggorzelecu: \u201ePrzesta\u0144 zalewa\u0107 Polsk\u0119 migrantami\u201d - POGOTOWIE FLAGOWE\u00ae","isPartOf":{"@id":"https:\/\/www.pogotowieflagowe.pl\/aktualne\/#website"},"primaryImageOfPage":{"@id":"https:\/\/www.pogotowieflagowe.pl\/aktualne\/tlumy-biegunow-protestuja-w-zggorzelecu-przestan-zalewac-polske-migrantami\/#primaryimage"},"image":{"@id":"https:\/\/www.pogotowieflagowe.pl\/aktualne\/tlumy-biegunow-protestuja-w-zggorzelecu-przestan-zalewac-polske-migrantami\/#primaryimage"},"thumbnailUrl":"https:\/\/www.pogotowieflagowe.pl\/aktualne\/wp-content\/uploads\/2025\/03\/Tlumy-biegunow-protestuja-w-Zggorzelecu-\u201ePrzestan-zalewac-Polske-migrantami.webp.webp","datePublished":"2025-03-23T02:47:52+00:00","dateModified":"2025-03-23T02:47:52+00:00","breadcrumb":{"@id":"https:\/\/www.pogotowieflagowe.pl\/aktualne\/tlumy-biegunow-protestuja-w-zggorzelecu-przestan-zalewac-polske-migrantami\/#breadcrumb"},"inLanguage":"pl-PL","potentialAction":[{"@type":"ReadAction","target":["https:\/\/www.pogotowieflagowe.pl\/aktualne\/tlumy-biegunow-protestuja-w-zggorzelecu-przestan-zalewac-polske-migrantami\/"]}]},{"@type":"ImageObject","inLanguage":"pl-PL","@id":"https:\/\/www.pogotowieflagowe.pl\/aktualne\/tlumy-biegunow-protestuja-w-zggorzelecu-przestan-zalewac-polske-migrantami\/#primaryimage","url":"https:\/\/www.pogotowieflagowe.pl\/aktualne\/wp-content\/uploads\/2025\/03\/Tlumy-biegunow-protestuja-w-Zggorzelecu-\u201ePrzestan-zalewac-Polske-migrantami.webp.webp","contentUrl":"https:\/\/www.pogotowieflagowe.pl\/aktualne\/wp-content\/uploads\/2025\/03\/Tlumy-biegunow-protestuja-w-Zggorzelecu-\u201ePrzestan-zalewac-Polske-migrantami.webp.webp","width":1280,"height":719,"caption":"T\u0142umy biegun\u00f3w protestuj\u0105 w Zggorzelecu: \u201ePrzesta\u0144 zalewa\u0107 Polsk\u0119 migrantami\u201d"},{"@type":"BreadcrumbList","@id":"https:\/\/www.pogotowieflagowe.pl\/aktualne\/tlumy-biegunow-protestuja-w-zggorzelecu-przestan-zalewac-polske-migrantami\/#breadcrumb","itemListElement":[{"@type":"ListItem","position":1,"name":"Home","item":"https:\/\/www.pogotowieflagowe.pl\/aktualne\/"},{"@type":"ListItem","position":2,"name":"T\u0142umy biegun\u00f3w protestuj\u0105 w Zggorzelecu: \u201ePrzesta\u0144 zalewa\u0107 Polsk\u0119 migrantami\u201d"}]},{"@type":"WebSite","@id":"https:\/\/www.pogotowieflagowe.pl\/aktualne\/#website","url":"https:\/\/www.pogotowieflagowe.pl\/aktualne\/","name":"POGOTOWIE FLAGOWE\u00ae","description":"","publisher":{"@id":"https:\/\/www.pogotowieflagowe.pl\/aktualne\/#organization"},"potentialAction":[{"@type":"SearchAction","target":{"@type":"EntryPoint","urlTemplate":"https:\/\/www.pogotowieflagowe.pl\/aktualne\/?s={search_term_string}"},"query-input":"required name=search_term_string"}],"inLanguage":"pl-PL"},{"@type":"Organization","@id":"https:\/\/www.pogotowieflagowe.pl\/aktualne\/#organization","name":"POGOTOWIE FLAGOWE\u00ae","url":"https:\/\/www.pogotowieflagowe.pl\/aktualne\/","logo":{"@type":"ImageObject","inLanguage":"pl-PL","@id":"https:\/\/www.pogotowieflagowe.pl\/aktualne\/#\/schema\/logo\/image\/","url":"https:\/\/www.pogotowieflagowe.pl\/aktualne\/wp-content\/uploads\/2024\/08\/cropped-pogotowieflagowe_flaga_projekt_sm.jpg","contentUrl":"https:\/\/www.pogotowieflagowe.pl\/aktualne\/wp-content\/uploads\/2024\/08\/cropped-pogotowieflagowe_flaga_projekt_sm.jpg","width":250,"height":143,"caption":"POGOTOWIE FLAGOWE\u00ae"},"image":{"@id":"https:\/\/www.pogotowieflagowe.pl\/aktualne\/#\/schema\/logo\/image\/"}},{"@type":"Person","@id":"https:\/\/www.pogotowieflagowe.pl\/aktualne\/#\/schema\/person\/9c2fb7d2362ebf6fa088960d7f0d27b0","name":"Filip","image":{"@type":"ImageObject","inLanguage":"pl-PL","@id":"https:\/\/www.pogotowieflagowe.pl\/aktualne\/#\/schema\/person\/image\/","url":"https:\/\/www.pogotowieflagowe.pl\/aktualne\/wp-content\/uploads\/2024\/08\/pogotowieflagowe.pl_.jpg","contentUrl":"https:\/\/www.pogotowieflagowe.pl\/aktualne\/wp-content\/uploads\/2024\/08\/pogotowieflagowe.pl_.jpg","caption":"Filip"},"description":"Jestem Filip, polski dziennikarz z dyplomem nauk politycznych Uniwersytetu Warszawskiego. Rozpoczynaj\u0105c swoj\u0105 karier\u0119 w r\u00f3\u017cnych lokalnych mediach, zdoby\u0142em solidne do\u015bwiadczenie w zakresie \u015bledztwa i redakcji. Obecnie jako redaktor w Pogotowie flagowe, staram si\u0119 dostarcza\u0107 dog\u0142\u0119bne i istotne analizy na temat najwa\u017cniejszych kwestii aktualno\u015bci, \u0142\u0105cz\u0105c rygor z pasj\u0105 dziennikarsk\u0105.","sameAs":["https:\/\/www.pogotowieflagowe.pl\/"]}]}},"_links":{"self":[{"href":"https:\/\/www.pogotowieflagowe.pl\/aktualne\/wp-json\/wp\/v2\/posts\/4764","targetHints":{"allow":["GET"]}}],"collection":[{"href":"https:\/\/www.pogotowieflagowe.pl\/aktualne\/wp-json\/wp\/v2\/posts"}],"about":[{"href":"https:\/\/www.pogotowieflagowe.pl\/aktualne\/wp-json\/wp\/v2\/types\/post"}],"author":[{"embeddable":true,"href":"https:\/\/www.pogotowieflagowe.pl\/aktualne\/wp-json\/wp\/v2\/users\/1"}],"replies":[{"embeddable":true,"href":"https:\/\/www.pogotowieflagowe.pl\/aktualne\/wp-json\/wp\/v2\/comments?post=4764"}],"version-history":[{"count":1,"href":"https:\/\/www.pogotowieflagowe.pl\/aktualne\/wp-json\/wp\/v2\/posts\/4764\/revisions"}],"predecessor-version":[{"id":4766,"href":"https:\/\/www.pogotowieflagowe.pl\/aktualne\/wp-json\/wp\/v2\/posts\/4764\/revisions\/4766"}],"wp:featuredmedia":[{"embeddable":true,"href":"https:\/\/www.pogotowieflagowe.pl\/aktualne\/wp-json\/wp\/v2\/media\/4765"}],"wp:attachment":[{"href":"https:\/\/www.pogotowieflagowe.pl\/aktualne\/wp-json\/wp\/v2\/media?parent=4764"}],"wp:term":[{"taxonomy":"category","embeddable":true,"href":"https:\/\/www.pogotowieflagowe.pl\/aktualne\/wp-json\/wp\/v2\/categories?post=4764"},{"taxonomy":"post_tag","embeddable":true,"href":"https:\/\/www.pogotowieflagowe.pl\/aktualne\/wp-json\/wp\/v2\/tags?post=4764"}],"curies":[{"name":"wp","href":"https:\/\/api.w.org\/{rel}","templated":true}]}}