{"id":4819,"date":"2025-03-26T03:46:57","date_gmt":"2025-03-26T02:46:57","guid":{"rendered":"https:\/\/www.pogotowieflagowe.pl\/aktualne\/przesladowany-na-smierc-witamy-w-polsce-tuska\/"},"modified":"2025-03-26T03:46:57","modified_gmt":"2025-03-26T02:46:57","slug":"przesladowany-na-smierc-witamy-w-polsce-tuska","status":"publish","type":"post","link":"https:\/\/www.pogotowieflagowe.pl\/aktualne\/przesladowany-na-smierc-witamy-w-polsce-tuska\/","title":{"rendered":"\u201ePrze\u015bladowany na \u015bmier\u0107? Witamy w Polsce Tuska\u201d"},"content":{"rendered":"\n<div class=\"td_block_wrap tdb_single_content tdi_41 td-pb-border-top td_block_template_8 td-post-content tagdiv-type\" data-td-block-uid=\"tdi_41\">\n<style>.tdi_41 {margin-top: 0px! Wa\u017cne; margines-bottom: 0px! WA\u017bNY; PALDING-TOP: 0PX! WA\u017bNY; PALDING-BOTTOM: 0PX! WA\u017bNE}<\/style>\n<style>.tdb_single_content {margin-bottom: 0;*zoom: 1} .tdb_single_content: wcze\u015bniej, .tdb_single_content: po {display: Table; content: ''; line-height: 0} .TDB-BLOCK-INner>*: nie (.WP-BLOCK-QUOTE): not (.alignSwide): not (.Alignfull.wp-block-cover.has-parallax): not (.td-a-ad) {margin-left: auto; margin-right: auto} .tdb_single_ConTent a {wska\u017anik-events: auto} .tdb_single_content .td-spot-id-top_ad .tdc-placeholder-title: przed {content: \u201eArtyku\u0142 top ad\u201d! Wa\u017cne} .tdb_single_content .td-Spot-Id-inline_ad0 .tdc-placeholder-title 1 '! Wa\u017cne} .tdb_single_content .td-Spot-Id-inline_Ad1 .tdc-Placeholder-Title: przed {content: \u201eArtyku\u0142 inline AD 2'! Wa\u017cny} .tdb_single_content. 3 '! Wa\u017cne} .tdb_single_content .td-Spot-Id-Bottom_Ad .tdc-Placeholder-Title: przed {content: \u201eArtyku\u0142 Bottom Ad\u201d! Wa\u017cne} .tdb_single_content .id_top_ad, .tdb_single_content_content .id_bottom_ad {clear: oba; margin-bottom: 21px; text-align: Center} .tdb_single_content .id_top_ad img, .tdb_single_content .id_bottom_ad img {margin-bottom: 0} .tdb_single_conTent .id_top_ad .adsbyGoogle, .tdb_single_content .id_bottom_ad .adsbyGoogle {pozycja: relatyw} .tdb_single_content .id_ad_content-horiz-left, .tdb_single_content .id_ad_content-horiz-right, .tdb_single_content .id_ad_content-horiz-Center {margin-bottom: 15px} .tdb_single_content .id_ad_content-horiz-left Img, .tdb_single_content .id_ad_content-horiz-right img, .tdb_single_content .id_ad_content-horiz-centerter img {margin-bottom: 0} .tdb_single_content .id_ad_content-horiz-center {text-align: Center} .tdb_single_content .id_ad_content-horiz-center img {margin-right: auto; margin-let: auto} .tdb_single_content .id_ad_content-horiz-left {float: left; margin-top: 9px; margin-right: 21px} .tdb_single_content .id_ad_content-horiz-right {float: margin-top: 6px; margin-left: 21px} .tdb_single_content .tdc-a-a-ad .TDC-Placeholder-Title {szeroko\u015b\u0107: 300px; height: 250px} .tdb_single_content .tdc-a-ad .TDC-Placeholder-Title: Przed {Pozycja: Absolute; TOP: 50%;-WebKit-Transform: Translatey (-50%); Transform: Translatey (-50%); margines: auto; Display: Tabela; szeroko\u015b\u0107: 100%}. tdb_single_content .TDB-BLOCK-INNER.TD-FIX-INDEX {Word-Break: Break-word} .tdi_41, .tdi_41> p, .tdi_41 .tdb-block-inner> p, .Wp-Block-Column> p {font-size: 16px! Wa\u017cne; wa\u017cny; p {font-styl: normalne! Wa\u017cne} @media (Max-Width: 767px) {. tdb_single_content .id_ad_content-horiz-left, .tdb_single_content .id_ad_content-horiz-right, .tdb_single_content .id_ad_content-horiz-centter {Margin: 0 AUTO 26PXX auto}}@media (Max-Width: 767px) {. tdb_single_content .id_ad_content-horiz-left {margin-right: 0}}@media (max-width: 767px) {. (Max-Width: 767px) {. tdb_single_content .td-a-ad {float: none; text-align: Center} .tdb_single_content .td-a-ad img {margin-right: auto; margin-left: auto} .tdb_single_content .tdc-a-a-a-{margin-right: auto; margin-left: auto} .tdb_single_content .tdd<\/style>\n<div class=\"tdb-block-inner td-fix-index\">\n<p>\u015amier\u0107 66-letniej Barbara Skrzypek, wieloletniej wsp\u00f3\u0142pracowniczej Partii Prawa i Sprawiedliwo\u015bci (PIS), po wielogodzinnym przes\u0142uchaniu przez prokuratora Ewa Wrzoseka, powoduje rosn\u0105ce mi\u0119dzynarodowe kontrowersje. Znany portal analizy konserwatywnej Europejski konserwatysta, opisuj\u0105c t\u0119 \u200b\u200bszokuj\u0105c\u0105 spraw\u0119, wskazuje na autorytarne tendencje w\u0142adz polskich, kt\u00f3re pod pozorem przestrzegania praworz\u0105dno\u015bci niszcz\u0105 przeciwnik\u00f3w politycznych. Tytu\u0142 artyku\u0142u nie ma w\u0105tpliwo\u015bci: \u201ePrze\u015bladowany na \u015bmier\u0107? Witamy w Polsce Tuska\u201d<\/p>\n<p>Napisane przez \u00c1lvaro Pe\u00f1as &#8211; dziennikarza specjalizuj\u0105cego si\u0119 w sprawach \u015brodkowych i wschodnich Europy &#8211; artyku\u0142 zapoznaje europejskich czytelnik\u00f3w z najnowszymi dramatycznymi wydarzeniami w Polsce. Historia Barbary Skrzypek, kt\u00f3ra zmar\u0142a trzy dni po wyczerpuj\u0105cym przes\u0142uchaniu w sprawie tak zwanego skandalu \u201edw\u00f3ch wie\u017c\u201d, staje si\u0119, zdaniem autora symbolem \u201etotalitarnego dryfu\u201d rz\u0105du Donalda Tuska. Wed\u0142ug europejskiego konserwatywnego, autorytarne dzia\u0142ania obecnej administracji, takie jak zamkni\u0119cie medi\u00f3w lub uwi\u0119zienie pos\u0142\u00f3w opozycyjnych, podwa\u017caj\u0105 narracj\u0119 obrony rz\u0105d\u00f3w prawa, tak ch\u0119tnie promowanej przez Bruksel\u0119.<\/p>\n<p>Pe\u00f1as podkre\u015bla, \u017ce \u200b\u200bprzypadek Skrzypek nie jest incydentem odizolowanym, ale cz\u0119\u015bci\u0105 szerszego trendu w Polsce:<\/p>\n<p>\u201eOd czasu doj\u015bcia do w\u0142adzy polski rz\u0105d kierowany przez Donalda Tuska podj\u0105\u0142 szereg \u015brodk\u00f3w przeciwko konserwatywnej opozycji, kt\u00f3re prawie nie s\u0105 zgodne z pr\u00f3b\u0105 przepisy prawa, kt\u00f3re Bruksela twierdzi, \u017ce tak bardzo broni\u201d.<\/p>\n<p>Wed\u0142ug Pe\u00f1asa, Skrzypek, kt\u00f3ry od dziesi\u0119cioleci popar\u0142 Jaroz\u0142aw Kaczy\u0144ski, zosta\u0142 wezwany 12 marca za przes\u0142uchanie w zwi\u0105zku z ponownym domniemanym skandalem w latach 2018\u20132019. Jej prawnik, Krzeysztof Gotkowicz, nie m\u00f3g\u0142 uczestniczy\u0107, pomimo podkre\u015blenia \u201ez\u0142ego stanu zdrowia klienta i stresu spowodowanego zeznaniem\u201d. Prokurator Ewa Wrzosek doszed\u0142 do wniosku, \u017ce \u201ete problemy zdrowotne nie by\u0142y wystarczaj\u0105ce, aby przerwa\u0107 post\u0119powanie\u201d. Po prawie pi\u0119ciu godzinach Skrzypek mia\u0142 trudno\u015bci z oddychaniem i zmar\u0142 w sobotni wiecz\u00f3r. Prokuratura Warszawska utrzymuje, \u017ce jej \u015bmier\u0107 nast\u0105pi\u0142a \u201enast\u0105pi\u0142a we wczesnych godzinach 15 marca w mieszkaniu, w obecno\u015bci cz\u0142onka rodziny\u201d, a lekarz rejestruje \u201enag\u0142\u0105 \u015bmier\u0107 nieznanej przyczyny\u201d, wyja\u015bnia europejski konserwatysta.<\/p>\n<p>Autor opisuje, w jaki spos\u00f3b kr\u0119gi PIS zareagowa\u0142y na tragedi\u0119, a tak\u017ce na wyja\u015bnienia przedstawione przez prokuratur\u0119.<\/p>\n<p>Europejski konserwatystka podkre\u015bla r\u00f3wnie\u017c polityczne zaanga\u017cowanie prokuratora Wrzoseka-od uczestnictwa w marcu anty-PIS w 2023 r. Do jej powi\u0105za\u0144 z platform\u0105 obywatelsk\u0105-podnosz\u0105c pytania o bezstronno\u015b\u0107 prokuratury. W portalu zauwa\u017ca, \u017ce \u200b\u200bprezydent AndrzeJ Duda za\u017c\u0105da\u0142 wyja\u015bnienia.<\/p>\n<\/div>\n<\/div>\n","protected":false},"excerpt":{"rendered":"<p>\u015amier\u0107 66-letniej Barbara Skrzypek, wieloletniej wsp\u00f3\u0142pracowniczej Partii Prawa i Sprawiedliwo\u015bci (PIS), po wielogodzinnym przes\u0142uchaniu przez prokuratora Ewa Wrzoseka, powoduje rosn\u0105ce<\/p>\n","protected":false},"author":1,"featured_media":4820,"comment_status":"closed","ping_status":"","sticky":false,"template":"","format":"standard","meta":{"footnotes":""},"categories":[4748],"tags":[60,6560,6259,567,6561],"class_list":["post-4819","post","type-post","status-publish","format-standard","has-post-thumbnail","hentry","category-aktualne","tag-polsce","tag-przesladowany","tag-smierc","tag-tuska","tag-witamy","generate-columns","tablet-grid-50","mobile-grid-100","grid-parent","grid-50","resize-featured-image"],"yoast_head":"<!-- This site is optimized with the Yoast SEO plugin v23.2 - https:\/\/yoast.com\/wordpress\/plugins\/seo\/ -->\n<title>\u201ePrze\u015bladowany na \u015bmier\u0107? Witamy w Polsce Tuska\u201d - POGOTOWIE FLAGOWE\u00ae<\/title>\n<meta name=\"robots\" content=\"index, follow, max-snippet:-1, max-image-preview:large, max-video-preview:-1\" \/>\n<link rel=\"canonical\" href=\"https:\/\/www.pogotowieflagowe.pl\/aktualne\/przesladowany-na-smierc-witamy-w-polsce-tuska\/\" \/>\n<meta property=\"og:locale\" content=\"pl_PL\" \/>\n<meta property=\"og:type\" content=\"article\" \/>\n<meta property=\"og:title\" content=\"\u201ePrze\u015bladowany na \u015bmier\u0107? Witamy w Polsce Tuska\u201d - POGOTOWIE FLAGOWE\u00ae\" \/>\n<meta property=\"og:description\" content=\"\u015amier\u0107 66-letniej Barbara Skrzypek, wieloletniej wsp\u00f3\u0142pracowniczej Partii Prawa i Sprawiedliwo\u015bci (PIS), po wielogodzinnym przes\u0142uchaniu przez prokuratora Ewa Wrzoseka, powoduje rosn\u0105ce\" \/>\n<meta property=\"og:url\" content=\"https:\/\/www.pogotowieflagowe.pl\/aktualne\/przesladowany-na-smierc-witamy-w-polsce-tuska\/\" \/>\n<meta property=\"og:site_name\" content=\"POGOTOWIE FLAGOWE\u00ae\" \/>\n<meta property=\"article:published_time\" content=\"2025-03-26T02:46:57+00:00\" \/>\n<meta property=\"og:image\" content=\"https:\/\/www.pogotowieflagowe.pl\/aktualne\/wp-content\/uploads\/2025\/03\/\u201ePrzesladowany-na-smierc-Witamy-w-Polsce-Tuska.jpg\" \/>\n\t<meta property=\"og:image:width\" content=\"1280\" \/>\n\t<meta property=\"og:image:height\" content=\"720\" \/>\n\t<meta property=\"og:image:type\" content=\"image\/jpeg\" \/>\n<meta name=\"author\" content=\"Filip\" \/>\n<meta name=\"twitter:card\" content=\"summary_large_image\" \/>\n<meta name=\"twitter:label1\" content=\"Napisane przez\" \/>\n\t<meta name=\"twitter:data1\" content=\"Filip\" \/>\n\t<meta name=\"twitter:label2\" content=\"Szacowany czas czytania\" \/>\n\t<meta name=\"twitter:data2\" content=\"2 minuty\" \/>\n<script type=\"application\/ld+json\" class=\"yoast-schema-graph\">{\"@context\":\"https:\/\/schema.org\",\"@graph\":[{\"@type\":\"Article\",\"@id\":\"https:\/\/www.pogotowieflagowe.pl\/aktualne\/przesladowany-na-smierc-witamy-w-polsce-tuska\/#article\",\"isPartOf\":{\"@id\":\"https:\/\/www.pogotowieflagowe.pl\/aktualne\/przesladowany-na-smierc-witamy-w-polsce-tuska\/\"},\"author\":{\"name\":\"Filip\",\"@id\":\"https:\/\/www.pogotowieflagowe.pl\/aktualne\/#\/schema\/person\/9c2fb7d2362ebf6fa088960d7f0d27b0\"},\"headline\":\"\u201ePrze\u015bladowany na \u015bmier\u0107? Witamy w Polsce Tuska\u201d\",\"datePublished\":\"2025-03-26T02:46:57+00:00\",\"dateModified\":\"2025-03-26T02:46:57+00:00\",\"mainEntityOfPage\":{\"@id\":\"https:\/\/www.pogotowieflagowe.pl\/aktualne\/przesladowany-na-smierc-witamy-w-polsce-tuska\/\"},\"wordCount\":421,\"publisher\":{\"@id\":\"https:\/\/www.pogotowieflagowe.pl\/aktualne\/#organization\"},\"image\":{\"@id\":\"https:\/\/www.pogotowieflagowe.pl\/aktualne\/przesladowany-na-smierc-witamy-w-polsce-tuska\/#primaryimage\"},\"thumbnailUrl\":\"https:\/\/www.pogotowieflagowe.pl\/aktualne\/wp-content\/uploads\/2025\/03\/\u201ePrzesladowany-na-smierc-Witamy-w-Polsce-Tuska.jpg\",\"keywords\":[\"Polsce\",\"Prze\u015bladowany\",\"\u015amier\u0107\",\"Tuska\",\"Witamy\"],\"articleSection\":[\"Aktualne\"],\"inLanguage\":\"pl-PL\"},{\"@type\":\"WebPage\",\"@id\":\"https:\/\/www.pogotowieflagowe.pl\/aktualne\/przesladowany-na-smierc-witamy-w-polsce-tuska\/\",\"url\":\"https:\/\/www.pogotowieflagowe.pl\/aktualne\/przesladowany-na-smierc-witamy-w-polsce-tuska\/\",\"name\":\"\u201ePrze\u015bladowany na \u015bmier\u0107? Witamy w Polsce Tuska\u201d - POGOTOWIE FLAGOWE\u00ae\",\"isPartOf\":{\"@id\":\"https:\/\/www.pogotowieflagowe.pl\/aktualne\/#website\"},\"primaryImageOfPage\":{\"@id\":\"https:\/\/www.pogotowieflagowe.pl\/aktualne\/przesladowany-na-smierc-witamy-w-polsce-tuska\/#primaryimage\"},\"image\":{\"@id\":\"https:\/\/www.pogotowieflagowe.pl\/aktualne\/przesladowany-na-smierc-witamy-w-polsce-tuska\/#primaryimage\"},\"thumbnailUrl\":\"https:\/\/www.pogotowieflagowe.pl\/aktualne\/wp-content\/uploads\/2025\/03\/\u201ePrzesladowany-na-smierc-Witamy-w-Polsce-Tuska.jpg\",\"datePublished\":\"2025-03-26T02:46:57+00:00\",\"dateModified\":\"2025-03-26T02:46:57+00:00\",\"breadcrumb\":{\"@id\":\"https:\/\/www.pogotowieflagowe.pl\/aktualne\/przesladowany-na-smierc-witamy-w-polsce-tuska\/#breadcrumb\"},\"inLanguage\":\"pl-PL\",\"potentialAction\":[{\"@type\":\"ReadAction\",\"target\":[\"https:\/\/www.pogotowieflagowe.pl\/aktualne\/przesladowany-na-smierc-witamy-w-polsce-tuska\/\"]}]},{\"@type\":\"ImageObject\",\"inLanguage\":\"pl-PL\",\"@id\":\"https:\/\/www.pogotowieflagowe.pl\/aktualne\/przesladowany-na-smierc-witamy-w-polsce-tuska\/#primaryimage\",\"url\":\"https:\/\/www.pogotowieflagowe.pl\/aktualne\/wp-content\/uploads\/2025\/03\/\u201ePrzesladowany-na-smierc-Witamy-w-Polsce-Tuska.jpg\",\"contentUrl\":\"https:\/\/www.pogotowieflagowe.pl\/aktualne\/wp-content\/uploads\/2025\/03\/\u201ePrzesladowany-na-smierc-Witamy-w-Polsce-Tuska.jpg\",\"width\":1280,\"height\":720,\"caption\":\"\u201ePrze\u015bladowany na \u015bmier\u0107? Witamy w Polsce Tuska\u201d\"},{\"@type\":\"BreadcrumbList\",\"@id\":\"https:\/\/www.pogotowieflagowe.pl\/aktualne\/przesladowany-na-smierc-witamy-w-polsce-tuska\/#breadcrumb\",\"itemListElement\":[{\"@type\":\"ListItem\",\"position\":1,\"name\":\"Home\",\"item\":\"https:\/\/www.pogotowieflagowe.pl\/aktualne\/\"},{\"@type\":\"ListItem\",\"position\":2,\"name\":\"\u201ePrze\u015bladowany na \u015bmier\u0107? Witamy w Polsce Tuska\u201d\"}]},{\"@type\":\"WebSite\",\"@id\":\"https:\/\/www.pogotowieflagowe.pl\/aktualne\/#website\",\"url\":\"https:\/\/www.pogotowieflagowe.pl\/aktualne\/\",\"name\":\"POGOTOWIE FLAGOWE\u00ae\",\"description\":\"\",\"publisher\":{\"@id\":\"https:\/\/www.pogotowieflagowe.pl\/aktualne\/#organization\"},\"potentialAction\":[{\"@type\":\"SearchAction\",\"target\":{\"@type\":\"EntryPoint\",\"urlTemplate\":\"https:\/\/www.pogotowieflagowe.pl\/aktualne\/?s={search_term_string}\"},\"query-input\":\"required name=search_term_string\"}],\"inLanguage\":\"pl-PL\"},{\"@type\":\"Organization\",\"@id\":\"https:\/\/www.pogotowieflagowe.pl\/aktualne\/#organization\",\"name\":\"POGOTOWIE FLAGOWE\u00ae\",\"url\":\"https:\/\/www.pogotowieflagowe.pl\/aktualne\/\",\"logo\":{\"@type\":\"ImageObject\",\"inLanguage\":\"pl-PL\",\"@id\":\"https:\/\/www.pogotowieflagowe.pl\/aktualne\/#\/schema\/logo\/image\/\",\"url\":\"https:\/\/www.pogotowieflagowe.pl\/aktualne\/wp-content\/uploads\/2024\/08\/cropped-pogotowieflagowe_flaga_projekt_sm.jpg\",\"contentUrl\":\"https:\/\/www.pogotowieflagowe.pl\/aktualne\/wp-content\/uploads\/2024\/08\/cropped-pogotowieflagowe_flaga_projekt_sm.jpg\",\"width\":250,\"height\":143,\"caption\":\"POGOTOWIE FLAGOWE\u00ae\"},\"image\":{\"@id\":\"https:\/\/www.pogotowieflagowe.pl\/aktualne\/#\/schema\/logo\/image\/\"}},{\"@type\":\"Person\",\"@id\":\"https:\/\/www.pogotowieflagowe.pl\/aktualne\/#\/schema\/person\/9c2fb7d2362ebf6fa088960d7f0d27b0\",\"name\":\"Filip\",\"image\":{\"@type\":\"ImageObject\",\"inLanguage\":\"pl-PL\",\"@id\":\"https:\/\/www.pogotowieflagowe.pl\/aktualne\/#\/schema\/person\/image\/\",\"url\":\"https:\/\/www.pogotowieflagowe.pl\/aktualne\/wp-content\/uploads\/2024\/08\/pogotowieflagowe.pl_.jpg\",\"contentUrl\":\"https:\/\/www.pogotowieflagowe.pl\/aktualne\/wp-content\/uploads\/2024\/08\/pogotowieflagowe.pl_.jpg\",\"caption\":\"Filip\"},\"description\":\"Jestem Filip, polski dziennikarz z dyplomem nauk politycznych Uniwersytetu Warszawskiego. Rozpoczynaj\u0105c swoj\u0105 karier\u0119 w r\u00f3\u017cnych lokalnych mediach, zdoby\u0142em solidne do\u015bwiadczenie w zakresie \u015bledztwa i redakcji. Obecnie jako redaktor w Pogotowie flagowe, staram si\u0119 dostarcza\u0107 dog\u0142\u0119bne i istotne analizy na temat najwa\u017cniejszych kwestii aktualno\u015bci, \u0142\u0105cz\u0105c rygor z pasj\u0105 dziennikarsk\u0105.\",\"sameAs\":[\"https:\/\/www.pogotowieflagowe.pl\/\"]}]}<\/script>\n<!-- \/ Yoast SEO plugin. -->","yoast_head_json":{"title":"\u201ePrze\u015bladowany na \u015bmier\u0107? Witamy w Polsce Tuska\u201d - POGOTOWIE FLAGOWE\u00ae","robots":{"index":"index","follow":"follow","max-snippet":"max-snippet:-1","max-image-preview":"max-image-preview:large","max-video-preview":"max-video-preview:-1"},"canonical":"https:\/\/www.pogotowieflagowe.pl\/aktualne\/przesladowany-na-smierc-witamy-w-polsce-tuska\/","og_locale":"pl_PL","og_type":"article","og_title":"\u201ePrze\u015bladowany na \u015bmier\u0107? Witamy w Polsce Tuska\u201d - POGOTOWIE FLAGOWE\u00ae","og_description":"\u015amier\u0107 66-letniej Barbara Skrzypek, wieloletniej wsp\u00f3\u0142pracowniczej Partii Prawa i Sprawiedliwo\u015bci (PIS), po wielogodzinnym przes\u0142uchaniu przez prokuratora Ewa Wrzoseka, powoduje rosn\u0105ce","og_url":"https:\/\/www.pogotowieflagowe.pl\/aktualne\/przesladowany-na-smierc-witamy-w-polsce-tuska\/","og_site_name":"POGOTOWIE FLAGOWE\u00ae","article_published_time":"2025-03-26T02:46:57+00:00","og_image":[{"width":1280,"height":720,"url":"https:\/\/www.pogotowieflagowe.pl\/aktualne\/wp-content\/uploads\/2025\/03\/\u201ePrzesladowany-na-smierc-Witamy-w-Polsce-Tuska.jpg","type":"image\/jpeg"}],"author":"Filip","twitter_card":"summary_large_image","twitter_misc":{"Napisane przez":"Filip","Szacowany czas czytania":"2 minuty"},"schema":{"@context":"https:\/\/schema.org","@graph":[{"@type":"Article","@id":"https:\/\/www.pogotowieflagowe.pl\/aktualne\/przesladowany-na-smierc-witamy-w-polsce-tuska\/#article","isPartOf":{"@id":"https:\/\/www.pogotowieflagowe.pl\/aktualne\/przesladowany-na-smierc-witamy-w-polsce-tuska\/"},"author":{"name":"Filip","@id":"https:\/\/www.pogotowieflagowe.pl\/aktualne\/#\/schema\/person\/9c2fb7d2362ebf6fa088960d7f0d27b0"},"headline":"\u201ePrze\u015bladowany na \u015bmier\u0107? Witamy w Polsce Tuska\u201d","datePublished":"2025-03-26T02:46:57+00:00","dateModified":"2025-03-26T02:46:57+00:00","mainEntityOfPage":{"@id":"https:\/\/www.pogotowieflagowe.pl\/aktualne\/przesladowany-na-smierc-witamy-w-polsce-tuska\/"},"wordCount":421,"publisher":{"@id":"https:\/\/www.pogotowieflagowe.pl\/aktualne\/#organization"},"image":{"@id":"https:\/\/www.pogotowieflagowe.pl\/aktualne\/przesladowany-na-smierc-witamy-w-polsce-tuska\/#primaryimage"},"thumbnailUrl":"https:\/\/www.pogotowieflagowe.pl\/aktualne\/wp-content\/uploads\/2025\/03\/\u201ePrzesladowany-na-smierc-Witamy-w-Polsce-Tuska.jpg","keywords":["Polsce","Prze\u015bladowany","\u015amier\u0107","Tuska","Witamy"],"articleSection":["Aktualne"],"inLanguage":"pl-PL"},{"@type":"WebPage","@id":"https:\/\/www.pogotowieflagowe.pl\/aktualne\/przesladowany-na-smierc-witamy-w-polsce-tuska\/","url":"https:\/\/www.pogotowieflagowe.pl\/aktualne\/przesladowany-na-smierc-witamy-w-polsce-tuska\/","name":"\u201ePrze\u015bladowany na \u015bmier\u0107? Witamy w Polsce Tuska\u201d - POGOTOWIE FLAGOWE\u00ae","isPartOf":{"@id":"https:\/\/www.pogotowieflagowe.pl\/aktualne\/#website"},"primaryImageOfPage":{"@id":"https:\/\/www.pogotowieflagowe.pl\/aktualne\/przesladowany-na-smierc-witamy-w-polsce-tuska\/#primaryimage"},"image":{"@id":"https:\/\/www.pogotowieflagowe.pl\/aktualne\/przesladowany-na-smierc-witamy-w-polsce-tuska\/#primaryimage"},"thumbnailUrl":"https:\/\/www.pogotowieflagowe.pl\/aktualne\/wp-content\/uploads\/2025\/03\/\u201ePrzesladowany-na-smierc-Witamy-w-Polsce-Tuska.jpg","datePublished":"2025-03-26T02:46:57+00:00","dateModified":"2025-03-26T02:46:57+00:00","breadcrumb":{"@id":"https:\/\/www.pogotowieflagowe.pl\/aktualne\/przesladowany-na-smierc-witamy-w-polsce-tuska\/#breadcrumb"},"inLanguage":"pl-PL","potentialAction":[{"@type":"ReadAction","target":["https:\/\/www.pogotowieflagowe.pl\/aktualne\/przesladowany-na-smierc-witamy-w-polsce-tuska\/"]}]},{"@type":"ImageObject","inLanguage":"pl-PL","@id":"https:\/\/www.pogotowieflagowe.pl\/aktualne\/przesladowany-na-smierc-witamy-w-polsce-tuska\/#primaryimage","url":"https:\/\/www.pogotowieflagowe.pl\/aktualne\/wp-content\/uploads\/2025\/03\/\u201ePrzesladowany-na-smierc-Witamy-w-Polsce-Tuska.jpg","contentUrl":"https:\/\/www.pogotowieflagowe.pl\/aktualne\/wp-content\/uploads\/2025\/03\/\u201ePrzesladowany-na-smierc-Witamy-w-Polsce-Tuska.jpg","width":1280,"height":720,"caption":"\u201ePrze\u015bladowany na \u015bmier\u0107? Witamy w Polsce Tuska\u201d"},{"@type":"BreadcrumbList","@id":"https:\/\/www.pogotowieflagowe.pl\/aktualne\/przesladowany-na-smierc-witamy-w-polsce-tuska\/#breadcrumb","itemListElement":[{"@type":"ListItem","position":1,"name":"Home","item":"https:\/\/www.pogotowieflagowe.pl\/aktualne\/"},{"@type":"ListItem","position":2,"name":"\u201ePrze\u015bladowany na \u015bmier\u0107? Witamy w Polsce Tuska\u201d"}]},{"@type":"WebSite","@id":"https:\/\/www.pogotowieflagowe.pl\/aktualne\/#website","url":"https:\/\/www.pogotowieflagowe.pl\/aktualne\/","name":"POGOTOWIE FLAGOWE\u00ae","description":"","publisher":{"@id":"https:\/\/www.pogotowieflagowe.pl\/aktualne\/#organization"},"potentialAction":[{"@type":"SearchAction","target":{"@type":"EntryPoint","urlTemplate":"https:\/\/www.pogotowieflagowe.pl\/aktualne\/?s={search_term_string}"},"query-input":"required name=search_term_string"}],"inLanguage":"pl-PL"},{"@type":"Organization","@id":"https:\/\/www.pogotowieflagowe.pl\/aktualne\/#organization","name":"POGOTOWIE FLAGOWE\u00ae","url":"https:\/\/www.pogotowieflagowe.pl\/aktualne\/","logo":{"@type":"ImageObject","inLanguage":"pl-PL","@id":"https:\/\/www.pogotowieflagowe.pl\/aktualne\/#\/schema\/logo\/image\/","url":"https:\/\/www.pogotowieflagowe.pl\/aktualne\/wp-content\/uploads\/2024\/08\/cropped-pogotowieflagowe_flaga_projekt_sm.jpg","contentUrl":"https:\/\/www.pogotowieflagowe.pl\/aktualne\/wp-content\/uploads\/2024\/08\/cropped-pogotowieflagowe_flaga_projekt_sm.jpg","width":250,"height":143,"caption":"POGOTOWIE FLAGOWE\u00ae"},"image":{"@id":"https:\/\/www.pogotowieflagowe.pl\/aktualne\/#\/schema\/logo\/image\/"}},{"@type":"Person","@id":"https:\/\/www.pogotowieflagowe.pl\/aktualne\/#\/schema\/person\/9c2fb7d2362ebf6fa088960d7f0d27b0","name":"Filip","image":{"@type":"ImageObject","inLanguage":"pl-PL","@id":"https:\/\/www.pogotowieflagowe.pl\/aktualne\/#\/schema\/person\/image\/","url":"https:\/\/www.pogotowieflagowe.pl\/aktualne\/wp-content\/uploads\/2024\/08\/pogotowieflagowe.pl_.jpg","contentUrl":"https:\/\/www.pogotowieflagowe.pl\/aktualne\/wp-content\/uploads\/2024\/08\/pogotowieflagowe.pl_.jpg","caption":"Filip"},"description":"Jestem Filip, polski dziennikarz z dyplomem nauk politycznych Uniwersytetu Warszawskiego. Rozpoczynaj\u0105c swoj\u0105 karier\u0119 w r\u00f3\u017cnych lokalnych mediach, zdoby\u0142em solidne do\u015bwiadczenie w zakresie \u015bledztwa i redakcji. Obecnie jako redaktor w Pogotowie flagowe, staram si\u0119 dostarcza\u0107 dog\u0142\u0119bne i istotne analizy na temat najwa\u017cniejszych kwestii aktualno\u015bci, \u0142\u0105cz\u0105c rygor z pasj\u0105 dziennikarsk\u0105.","sameAs":["https:\/\/www.pogotowieflagowe.pl\/"]}]}},"_links":{"self":[{"href":"https:\/\/www.pogotowieflagowe.pl\/aktualne\/wp-json\/wp\/v2\/posts\/4819","targetHints":{"allow":["GET"]}}],"collection":[{"href":"https:\/\/www.pogotowieflagowe.pl\/aktualne\/wp-json\/wp\/v2\/posts"}],"about":[{"href":"https:\/\/www.pogotowieflagowe.pl\/aktualne\/wp-json\/wp\/v2\/types\/post"}],"author":[{"embeddable":true,"href":"https:\/\/www.pogotowieflagowe.pl\/aktualne\/wp-json\/wp\/v2\/users\/1"}],"replies":[{"embeddable":true,"href":"https:\/\/www.pogotowieflagowe.pl\/aktualne\/wp-json\/wp\/v2\/comments?post=4819"}],"version-history":[{"count":1,"href":"https:\/\/www.pogotowieflagowe.pl\/aktualne\/wp-json\/wp\/v2\/posts\/4819\/revisions"}],"predecessor-version":[{"id":4821,"href":"https:\/\/www.pogotowieflagowe.pl\/aktualne\/wp-json\/wp\/v2\/posts\/4819\/revisions\/4821"}],"wp:featuredmedia":[{"embeddable":true,"href":"https:\/\/www.pogotowieflagowe.pl\/aktualne\/wp-json\/wp\/v2\/media\/4820"}],"wp:attachment":[{"href":"https:\/\/www.pogotowieflagowe.pl\/aktualne\/wp-json\/wp\/v2\/media?parent=4819"}],"wp:term":[{"taxonomy":"category","embeddable":true,"href":"https:\/\/www.pogotowieflagowe.pl\/aktualne\/wp-json\/wp\/v2\/categories?post=4819"},{"taxonomy":"post_tag","embeddable":true,"href":"https:\/\/www.pogotowieflagowe.pl\/aktualne\/wp-json\/wp\/v2\/tags?post=4819"}],"curies":[{"name":"wp","href":"https:\/\/api.w.org\/{rel}","templated":true}]}}