{"id":4822,"date":"2025-03-26T09:48:59","date_gmt":"2025-03-26T08:48:59","guid":{"rendered":"https:\/\/www.pogotowieflagowe.pl\/aktualne\/niepolityczna-postawa-ewa-wrzoseka-teraz-posel-do-poslow-ktorego-prokurator-poparl-podczas-jego-kampanii-klacze-jest-bezstronne\/"},"modified":"2025-03-26T09:49:00","modified_gmt":"2025-03-26T08:49:00","slug":"niepolityczna-postawa-ewa-wrzoseka-teraz-posel-do-poslow-ktorego-prokurator-poparl-podczas-jego-kampanii-klacze-jest-bezstronne","status":"publish","type":"post","link":"https:\/\/www.pogotowieflagowe.pl\/aktualne\/niepolityczna-postawa-ewa-wrzoseka-teraz-posel-do-poslow-ktorego-prokurator-poparl-podczas-jego-kampanii-klacze-jest-bezstronne\/","title":{"rendered":"\u201eNiepolityczna\u201d postawa Ewa Wrzoseka. Teraz pose\u0142 do pos\u0142\u00f3w &#8211; kt\u00f3rego prokurator popar\u0142 podczas jego kampanii &#8211; klacze jest bezstronne. \u201d"},"content":{"rendered":"\n<div class=\"td_block_wrap tdb_single_content tdi_41 td-pb-border-top td_block_template_8 td-post-content tagdiv-type\" data-td-block-uid=\"tdi_41\">\n<style>.tdi_41 {margin-top: 0px! Wa\u017cne; margines-bottom: 0px! WA\u017bNY; PALDING-TOP: 0PX! WA\u017bNY; PALDING-BOTTOM: 0PX! WA\u017bNE}<\/style>\n<style>.tdb_single_content {margin-bottom: 0;*zoom: 1} .tdb_single_content: wcze\u015bniej, .tdb_single_content: po {display: Table; content: ''; line-height: 0} .TDB-BLOCK-INner>*: nie (.WP-BLOCK-QUOTE): not (.alignSwide): not (.Alignfull.wp-block-cover.has-parallax): not (.td-a-ad) {margin-left: auto; margin-right: auto} .tdb_single_ConTent a {wska\u017anik-events: auto} .tdb_single_content .td-spot-id-top_ad .tdc-placeholder-title: przed {content: \u201eArtyku\u0142 top ad\u201d! Wa\u017cne} .tdb_single_content .td-Spot-Id-inline_ad0 .tdc-placeholder-title 1 '! Wa\u017cne} .tdb_single_content .td-Spot-Id-inline_Ad1 .tdc-Placeholder-Title: przed {content: \u201eArtyku\u0142 inline AD 2'! Wa\u017cny} .tdb_single_content. 3 '! Wa\u017cne} .tdb_single_content .td-Spot-Id-Bottom_Ad .tdc-Placeholder-Title: przed {content: \u201eArtyku\u0142 Bottom Ad\u201d! Wa\u017cne} .tdb_single_content .id_top_ad, .tdb_single_content_content .id_bottom_ad {clear: oba; margin-bottom: 21px; text-align: Center} .tdb_single_content .id_top_ad img, .tdb_single_content .id_bottom_ad img {margin-bottom: 0} .tdb_single_conTent .id_top_ad .adsbyGoogle, .tdb_single_content .id_bottom_ad .adsbyGoogle {pozycja: relatyw} .tdb_single_content .id_ad_content-horiz-left, .tdb_single_content .id_ad_content-horiz-right, .tdb_single_content .id_ad_content-horiz-Center {margin-bottom: 15px} .tdb_single_content .id_ad_content-horiz-left Img, .tdb_single_content .id_ad_content-horiz-right img, .tdb_single_content .id_ad_content-horiz-centerter img {margin-bottom: 0} .tdb_single_content .id_ad_content-horiz-center {text-align: Center} .tdb_single_content .id_ad_content-horiz-center img {margin-right: auto; margin-let: auto} .tdb_single_content .id_ad_content-horiz-left {float: left; margin-top: 9px; margin-right: 21px} .tdb_single_content .id_ad_content-horiz-right {float: margin-top: 6px; margin-left: 21px} .tdb_single_content .tdc-a-a-ad .TDC-Placeholder-Title {szeroko\u015b\u0107: 300px; height: 250px} .tdb_single_content .tdc-a-ad .TDC-Placeholder-Title: Przed {Pozycja: Absolute; TOP: 50%;-WebKit-Transform: Translatey (-50%); Transform: Translatey (-50%); margines: auto; Display: Tabela; szeroko\u015b\u0107: 100%}. tdb_single_content .TDB-BLOCK-INNER.TD-FIX-INDEX {Word-Break: Break-word} .tdi_41, .tdi_41> p, .tdi_41 .tdb-block-inner> p, .Wp-Block-Column> p {font-size: 16px! Wa\u017cne; wa\u017cny; p {font-styl: normalne! Wa\u017cne} @media (Max-Width: 767px) {. tdb_single_content .id_ad_content-horiz-left, .tdb_single_content .id_ad_content-horiz-right, .tdb_single_content .id_ad_content-horiz-centter {Margin: 0 AUTO 26PXX auto}}@media (Max-Width: 767px) {. tdb_single_content .id_ad_content-horiz-left {margin-right: 0}}@media (max-width: 767px) {. (Max-Width: 767px) {. tdb_single_content .td-a-ad {float: none; text-align: Center} .tdb_single_content .td-a-ad img {margin-right: auto; margin-left: auto} .tdb_single_content .tdc-a-a-a-{margin-right: auto; margin-left: auto} .tdb_single_content .tdd<\/style>\n<div class=\"tdb-block-inner td-fix-index\">\n<h2 class=\"wp-block-heading\">\u201eJeden z najbardziej godnych podziwu ludzi o najsilniejszym moralnym kr\u0119gos\u0142upie\u201d.<\/h2>\n<p>W ten spos\u00f3b Koalicja Civic (Koalicia Obuwatelska) cz\u0142onek parlamentu europejskiego Micha\u0142 Wawrykiewicz opisa\u0142 we wtorek prokuratora Ewa Wrzoseka. Odpowiada\u0142 na pytanie, czy Wrzosek powinien prowadzi\u0107 dochodzenie w tak zwanej sprawie \u201edw\u00f3ch wie\u017c\u201d. Wed\u0142ug polityka dzia\u0142ania Wrzosek by\u0142y \u201epubliczne, a nie polityczne\u201d. Przegl\u0105daj\u0105c jej poprzednie posty na platformie X (wcze\u015bniej Twitter), nie mo\u017ce by\u0107 zaskoczona tak\u0105 zagorza\u0142\u0105 obron\u0105.<\/p>\n<p>Na pocz\u0105tku lutego tego roku portal Niezalezna.pl ujawni\u0142, \u017ce prokurator Ewa Wrzosek zosta\u0142 przydzielony do prowadzenia nowego dochodzenia w sprawie \u201edw\u00f3ch wie\u017c\u201d. Og\u0142oszenie natychmiast wywo\u0142a\u0142o gor\u0105c\u0105 dyskusj\u0119, cz\u0119\u015bciowo dlatego, \u017ce sprawa ma charakter \u015bci\u015ble polityczny &#8211; i Wrzosek otwarcie przyznaje, z kt\u00f3r\u0105 stron\u0105 spektrum politycznego jest zgodna.<\/p>\n<p>W ostatnich dniach prokurator Wrzosek po raz kolejny chwyci\u0142 nag\u0142\u00f3wki nag\u0142\u00f3wki &#8211; ten czas po przes\u0142uchaniu zmar\u0142ej Barbara Skrzypek. Prokurator odm\u00f3wi\u0142 Skrzypekowi obecno\u015bci swojego adwokata, podczas gdy sama Skrzypek by\u0142a wspierana przez dw\u00f3ch prawnik\u00f3w reprezentuj\u0105cych danow\u0105 parti\u0119. Trzy dni po przes\u0142uchaniu Skrzypek zmar\u0142 z ogromnego zawa\u0142u serca. Dodaj\u0105c do kontrowersji, zapis przes\u0142uchania nie zosta\u0142 przygotowany przez urz\u0119dnika, ale raczej\u2026 przez sam\u0105 Wrzosek.<\/p>\n<p>Pomimo tych wydarze\u0144 prokuratura nie widzi \u017cadnych podstaw do usuni\u0119cia wrzoseka ze sprawy. Jego przedstawiciele nie uwa\u017caj\u0105 r\u00f3wnie\u017c, \u017ce jest politycznie stronnicza. Nawet premier Donald Tusk wypowiedzia\u0142 si\u0119 w swojej obronie. I nie jest jedynym wiod\u0105cym politykiem, kt\u00f3ry stwierdzi\u0142, \u017ce Wrzosek jest ponad polityk\u0105.<\/p>\n<h2 class=\"wp-block-heading\">\u201eNajsilniejsze kr\u0119gi moralne\u201d<\/h2>\n<p>We wtorek Micha\u0142 Wawrykiewicz-Fundacja Fundacji Free Courts (Wolne S\u0105dy) i MEP koalicji obywatelskiej-przyczyniaj\u0105 si\u0119 do obrony Wrzoseka. Podczas wywiadu z RMF FM prawnik zosta\u0142 wprost zapytany, czy uwa\u017ca, \u017ce \u200b\u200bprokurator powinien zajmowa\u0107 si\u0119 spraw\u0105 \u201edw\u00f3ch wie\u017c\u201d. Jego odpowied\u017a nie by\u0142a zaskakuj\u0105ca:<\/p>\n<p>\u201eNie widz\u0119 powodu, dla kt\u00f3rego pani Ewa Wrzosek nie powinna radzi\u0107 sobie z tym \u015bledztwem. Jest profesjonalist\u0105, bardzo do\u015bwiadczonym prokuratorem i prawnikiem, i nie widz\u0119 absolutnie \u017cadnych podstaw do usuni\u0119cia jej z tej sprawy lub do jej wycofania\u201d.<br \/>Gospodarz, Piotr Salak, zwr\u00f3ci\u0142 uwag\u0119, \u017ce Wrzosek wyra\u017anie zrobi\u0142 stron\u0119 w poprzednich sporach o polskie prawo. By\u0142a r\u00f3wnie\u017c zaanga\u017cowana w Stowarzyszenie Lexa Super Omnia, znane z krytyki poprzedniego rz\u0105du.<\/p>\n<p>\u201eProkurator Ewa Wrzosek by\u0142 bardzo aktywnie zaanga\u017cowany w obron\u0119 praworz\u0105dno\u015bci w Polsce. Ci prokuratorzy, s\u0119dziowie i prawnicy, kt\u00f3rzy, ponad osiem lat powa\u017cnych narusze\u0144 prawa prawa w Polsce, mieli odwag\u0119 przeciwstawi\u0107 si\u0119 jej zas\u0142uguj\u0105 na zasadnicze szacunek. Maj\u0105 najsilniejsze oparcie moralne.<\/p>\n<p>Twierdzi\u0142 r\u00f3wnie\u017c, \u017ce aktywizm Wrzoseka by\u0142 \u201epubliczny, a nie polityczny\u201d.<\/p>\n<h2 class=\"wp-block-heading\">\u201eNigdy nas nie zawiedzie\u201d<\/h2>\n<p>Silne poparcie Wawrykiewicz dla Wrzosek nie powinno by\u0107 zaskoczeniem, bior\u0105c pod uwag\u0119 ich zwi\u0105zek. Wrzosek aktywnie go popar\u0142 podczas kampanii wyborczej. Ona sama napisa\u0142a:<\/p>\n<p>\u201eWiem i jestem absolutnie pewien, \u017ce Micha\u0142 Wawrykiewicz jest kim\u015b, na kim mo\u017cesz polega\u0107. I \u017ce nigdy nas nie pozwoli &#8211; lub Polsce &#8211; Down\u201d.<\/p>\n<p>I rzeczywi\u015bcie, jak dot\u0105d jej nie zawi\u00f3d\u0142. Przynajmniej nie z perspektywy Wrzoseka.<\/p>\n<\/div>\n<\/div>\n","protected":false},"excerpt":{"rendered":"<p>\u201eJeden z najbardziej godnych podziwu ludzi o najsilniejszym moralnym kr\u0119gos\u0142upie\u201d. W ten spos\u00f3b Koalicja Civic (Koalicia Obuwatelska) cz\u0142onek parlamentu europejskiego<\/p>\n","protected":false},"author":1,"featured_media":4823,"comment_status":"closed","ping_status":"","sticky":false,"template":"","format":"standard","meta":{"footnotes":""},"categories":[4748],"tags":[6566,892,257,111,1885,6565,6563,6562,105,6564,2543,6042,4359,5218,1334,6365],"class_list":["post-4822","post","type-post","status-publish","format-standard","has-post-thumbnail","hentry","category-aktualne","tag-bezstronne","tag-ewa","tag-jego","tag-jest","tag-kampanii","tag-klacze","tag-ktorego","tag-niepolityczna","tag-podczas","tag-poparl","tag-posel","tag-poslow","tag-postawa","tag-prokurator","tag-teraz","tag-wrzoseka","generate-columns","tablet-grid-50","mobile-grid-100","grid-parent","grid-50","resize-featured-image"],"yoast_head":"<!-- This site is optimized with the Yoast SEO plugin v23.2 - https:\/\/yoast.com\/wordpress\/plugins\/seo\/ -->\n<title>\u201eNiepolityczna\u201d postawa Ewa Wrzoseka. Teraz pose\u0142 do pos\u0142\u00f3w - kt\u00f3rego prokurator popar\u0142 podczas jego kampanii - klacze jest bezstronne. \u201d - POGOTOWIE FLAGOWE\u00ae<\/title>\n<meta name=\"robots\" content=\"index, follow, max-snippet:-1, max-image-preview:large, max-video-preview:-1\" \/>\n<link rel=\"canonical\" href=\"https:\/\/www.pogotowieflagowe.pl\/aktualne\/niepolityczna-postawa-ewa-wrzoseka-teraz-posel-do-poslow-ktorego-prokurator-poparl-podczas-jego-kampanii-klacze-jest-bezstronne\/\" \/>\n<meta property=\"og:locale\" content=\"pl_PL\" \/>\n<meta property=\"og:type\" content=\"article\" \/>\n<meta property=\"og:title\" content=\"\u201eNiepolityczna\u201d postawa Ewa Wrzoseka. Teraz pose\u0142 do pos\u0142\u00f3w - kt\u00f3rego prokurator popar\u0142 podczas jego kampanii - klacze jest bezstronne. \u201d - POGOTOWIE FLAGOWE\u00ae\" \/>\n<meta property=\"og:description\" content=\"\u201eJeden z najbardziej godnych podziwu ludzi o najsilniejszym moralnym kr\u0119gos\u0142upie\u201d. W ten spos\u00f3b Koalicja Civic (Koalicia Obuwatelska) cz\u0142onek parlamentu europejskiego\" \/>\n<meta property=\"og:url\" content=\"https:\/\/www.pogotowieflagowe.pl\/aktualne\/niepolityczna-postawa-ewa-wrzoseka-teraz-posel-do-poslow-ktorego-prokurator-poparl-podczas-jego-kampanii-klacze-jest-bezstronne\/\" \/>\n<meta property=\"og:site_name\" content=\"POGOTOWIE FLAGOWE\u00ae\" \/>\n<meta property=\"article:published_time\" content=\"2025-03-26T08:48:59+00:00\" \/>\n<meta property=\"article:modified_time\" content=\"2025-03-26T08:49:00+00:00\" \/>\n<meta property=\"og:image\" content=\"https:\/\/www.pogotowieflagowe.pl\/aktualne\/wp-content\/uploads\/2025\/03\/\u201eNiepolityczna-postawa-Ewa-Wrzoseka-Teraz-posel-do-poslow-ktorego.webp.webp\" \/>\n\t<meta property=\"og:image:width\" content=\"1280\" \/>\n\t<meta property=\"og:image:height\" content=\"720\" \/>\n\t<meta property=\"og:image:type\" content=\"image\/webp\" \/>\n<meta name=\"author\" content=\"Filip\" \/>\n<meta name=\"twitter:card\" content=\"summary_large_image\" \/>\n<meta name=\"twitter:label1\" content=\"Napisane przez\" \/>\n\t<meta name=\"twitter:data1\" content=\"Filip\" \/>\n\t<meta name=\"twitter:label2\" content=\"Szacowany czas czytania\" \/>\n\t<meta name=\"twitter:data2\" content=\"3 minuty\" \/>\n<script type=\"application\/ld+json\" class=\"yoast-schema-graph\">{\"@context\":\"https:\/\/schema.org\",\"@graph\":[{\"@type\":\"Article\",\"@id\":\"https:\/\/www.pogotowieflagowe.pl\/aktualne\/niepolityczna-postawa-ewa-wrzoseka-teraz-posel-do-poslow-ktorego-prokurator-poparl-podczas-jego-kampanii-klacze-jest-bezstronne\/#article\",\"isPartOf\":{\"@id\":\"https:\/\/www.pogotowieflagowe.pl\/aktualne\/niepolityczna-postawa-ewa-wrzoseka-teraz-posel-do-poslow-ktorego-prokurator-poparl-podczas-jego-kampanii-klacze-jest-bezstronne\/\"},\"author\":{\"name\":\"Filip\",\"@id\":\"https:\/\/www.pogotowieflagowe.pl\/aktualne\/#\/schema\/person\/9c2fb7d2362ebf6fa088960d7f0d27b0\"},\"headline\":\"\u201eNiepolityczna\u201d postawa Ewa Wrzoseka. Teraz pose\u0142 do pos\u0142\u00f3w &#8211; kt\u00f3rego prokurator popar\u0142 podczas jego kampanii &#8211; klacze jest bezstronne. \u201d\",\"datePublished\":\"2025-03-26T08:48:59+00:00\",\"dateModified\":\"2025-03-26T08:49:00+00:00\",\"mainEntityOfPage\":{\"@id\":\"https:\/\/www.pogotowieflagowe.pl\/aktualne\/niepolityczna-postawa-ewa-wrzoseka-teraz-posel-do-poslow-ktorego-prokurator-poparl-podczas-jego-kampanii-klacze-jest-bezstronne\/\"},\"wordCount\":539,\"publisher\":{\"@id\":\"https:\/\/www.pogotowieflagowe.pl\/aktualne\/#organization\"},\"image\":{\"@id\":\"https:\/\/www.pogotowieflagowe.pl\/aktualne\/niepolityczna-postawa-ewa-wrzoseka-teraz-posel-do-poslow-ktorego-prokurator-poparl-podczas-jego-kampanii-klacze-jest-bezstronne\/#primaryimage\"},\"thumbnailUrl\":\"https:\/\/www.pogotowieflagowe.pl\/aktualne\/wp-content\/uploads\/2025\/03\/\u201eNiepolityczna-postawa-Ewa-Wrzoseka-Teraz-posel-do-poslow-ktorego.webp.webp\",\"keywords\":[\"bezstronne\",\"Ewa\",\"jego\",\"jest\",\"kampanii\",\"klacze\",\"kt\u00f3rego\",\"Niepolityczna\",\"podczas\",\"popar\u0142\",\"pose\u0142\",\"pos\u0142\u00f3w\",\"postawa\",\"Prokurator\",\"Teraz\",\"Wrzoseka\"],\"articleSection\":[\"Aktualne\"],\"inLanguage\":\"pl-PL\"},{\"@type\":\"WebPage\",\"@id\":\"https:\/\/www.pogotowieflagowe.pl\/aktualne\/niepolityczna-postawa-ewa-wrzoseka-teraz-posel-do-poslow-ktorego-prokurator-poparl-podczas-jego-kampanii-klacze-jest-bezstronne\/\",\"url\":\"https:\/\/www.pogotowieflagowe.pl\/aktualne\/niepolityczna-postawa-ewa-wrzoseka-teraz-posel-do-poslow-ktorego-prokurator-poparl-podczas-jego-kampanii-klacze-jest-bezstronne\/\",\"name\":\"\u201eNiepolityczna\u201d postawa Ewa Wrzoseka. Teraz pose\u0142 do pos\u0142\u00f3w - kt\u00f3rego prokurator popar\u0142 podczas jego kampanii - klacze jest bezstronne. \u201d - POGOTOWIE FLAGOWE\u00ae\",\"isPartOf\":{\"@id\":\"https:\/\/www.pogotowieflagowe.pl\/aktualne\/#website\"},\"primaryImageOfPage\":{\"@id\":\"https:\/\/www.pogotowieflagowe.pl\/aktualne\/niepolityczna-postawa-ewa-wrzoseka-teraz-posel-do-poslow-ktorego-prokurator-poparl-podczas-jego-kampanii-klacze-jest-bezstronne\/#primaryimage\"},\"image\":{\"@id\":\"https:\/\/www.pogotowieflagowe.pl\/aktualne\/niepolityczna-postawa-ewa-wrzoseka-teraz-posel-do-poslow-ktorego-prokurator-poparl-podczas-jego-kampanii-klacze-jest-bezstronne\/#primaryimage\"},\"thumbnailUrl\":\"https:\/\/www.pogotowieflagowe.pl\/aktualne\/wp-content\/uploads\/2025\/03\/\u201eNiepolityczna-postawa-Ewa-Wrzoseka-Teraz-posel-do-poslow-ktorego.webp.webp\",\"datePublished\":\"2025-03-26T08:48:59+00:00\",\"dateModified\":\"2025-03-26T08:49:00+00:00\",\"breadcrumb\":{\"@id\":\"https:\/\/www.pogotowieflagowe.pl\/aktualne\/niepolityczna-postawa-ewa-wrzoseka-teraz-posel-do-poslow-ktorego-prokurator-poparl-podczas-jego-kampanii-klacze-jest-bezstronne\/#breadcrumb\"},\"inLanguage\":\"pl-PL\",\"potentialAction\":[{\"@type\":\"ReadAction\",\"target\":[\"https:\/\/www.pogotowieflagowe.pl\/aktualne\/niepolityczna-postawa-ewa-wrzoseka-teraz-posel-do-poslow-ktorego-prokurator-poparl-podczas-jego-kampanii-klacze-jest-bezstronne\/\"]}]},{\"@type\":\"ImageObject\",\"inLanguage\":\"pl-PL\",\"@id\":\"https:\/\/www.pogotowieflagowe.pl\/aktualne\/niepolityczna-postawa-ewa-wrzoseka-teraz-posel-do-poslow-ktorego-prokurator-poparl-podczas-jego-kampanii-klacze-jest-bezstronne\/#primaryimage\",\"url\":\"https:\/\/www.pogotowieflagowe.pl\/aktualne\/wp-content\/uploads\/2025\/03\/\u201eNiepolityczna-postawa-Ewa-Wrzoseka-Teraz-posel-do-poslow-ktorego.webp.webp\",\"contentUrl\":\"https:\/\/www.pogotowieflagowe.pl\/aktualne\/wp-content\/uploads\/2025\/03\/\u201eNiepolityczna-postawa-Ewa-Wrzoseka-Teraz-posel-do-poslow-ktorego.webp.webp\",\"width\":1280,\"height\":720,\"caption\":\"\u201eNiepolityczna\u201d postawa Ewa Wrzoseka. Teraz pose\u0142 do pos\u0142\u00f3w - kt\u00f3rego prokurator popar\u0142 podczas jego kampanii - klacze jest bezstronne. \u201d\"},{\"@type\":\"BreadcrumbList\",\"@id\":\"https:\/\/www.pogotowieflagowe.pl\/aktualne\/niepolityczna-postawa-ewa-wrzoseka-teraz-posel-do-poslow-ktorego-prokurator-poparl-podczas-jego-kampanii-klacze-jest-bezstronne\/#breadcrumb\",\"itemListElement\":[{\"@type\":\"ListItem\",\"position\":1,\"name\":\"Home\",\"item\":\"https:\/\/www.pogotowieflagowe.pl\/aktualne\/\"},{\"@type\":\"ListItem\",\"position\":2,\"name\":\"\u201eNiepolityczna\u201d postawa Ewa Wrzoseka. Teraz pose\u0142 do pos\u0142\u00f3w &#8211; kt\u00f3rego prokurator popar\u0142 podczas jego kampanii &#8211; klacze jest bezstronne. \u201d\"}]},{\"@type\":\"WebSite\",\"@id\":\"https:\/\/www.pogotowieflagowe.pl\/aktualne\/#website\",\"url\":\"https:\/\/www.pogotowieflagowe.pl\/aktualne\/\",\"name\":\"POGOTOWIE FLAGOWE\u00ae\",\"description\":\"\",\"publisher\":{\"@id\":\"https:\/\/www.pogotowieflagowe.pl\/aktualne\/#organization\"},\"potentialAction\":[{\"@type\":\"SearchAction\",\"target\":{\"@type\":\"EntryPoint\",\"urlTemplate\":\"https:\/\/www.pogotowieflagowe.pl\/aktualne\/?s={search_term_string}\"},\"query-input\":\"required name=search_term_string\"}],\"inLanguage\":\"pl-PL\"},{\"@type\":\"Organization\",\"@id\":\"https:\/\/www.pogotowieflagowe.pl\/aktualne\/#organization\",\"name\":\"POGOTOWIE FLAGOWE\u00ae\",\"url\":\"https:\/\/www.pogotowieflagowe.pl\/aktualne\/\",\"logo\":{\"@type\":\"ImageObject\",\"inLanguage\":\"pl-PL\",\"@id\":\"https:\/\/www.pogotowieflagowe.pl\/aktualne\/#\/schema\/logo\/image\/\",\"url\":\"https:\/\/www.pogotowieflagowe.pl\/aktualne\/wp-content\/uploads\/2024\/08\/cropped-pogotowieflagowe_flaga_projekt_sm.jpg\",\"contentUrl\":\"https:\/\/www.pogotowieflagowe.pl\/aktualne\/wp-content\/uploads\/2024\/08\/cropped-pogotowieflagowe_flaga_projekt_sm.jpg\",\"width\":250,\"height\":143,\"caption\":\"POGOTOWIE FLAGOWE\u00ae\"},\"image\":{\"@id\":\"https:\/\/www.pogotowieflagowe.pl\/aktualne\/#\/schema\/logo\/image\/\"}},{\"@type\":\"Person\",\"@id\":\"https:\/\/www.pogotowieflagowe.pl\/aktualne\/#\/schema\/person\/9c2fb7d2362ebf6fa088960d7f0d27b0\",\"name\":\"Filip\",\"image\":{\"@type\":\"ImageObject\",\"inLanguage\":\"pl-PL\",\"@id\":\"https:\/\/www.pogotowieflagowe.pl\/aktualne\/#\/schema\/person\/image\/\",\"url\":\"https:\/\/www.pogotowieflagowe.pl\/aktualne\/wp-content\/uploads\/2024\/08\/pogotowieflagowe.pl_.jpg\",\"contentUrl\":\"https:\/\/www.pogotowieflagowe.pl\/aktualne\/wp-content\/uploads\/2024\/08\/pogotowieflagowe.pl_.jpg\",\"caption\":\"Filip\"},\"description\":\"Jestem Filip, polski dziennikarz z dyplomem nauk politycznych Uniwersytetu Warszawskiego. Rozpoczynaj\u0105c swoj\u0105 karier\u0119 w r\u00f3\u017cnych lokalnych mediach, zdoby\u0142em solidne do\u015bwiadczenie w zakresie \u015bledztwa i redakcji. Obecnie jako redaktor w Pogotowie flagowe, staram si\u0119 dostarcza\u0107 dog\u0142\u0119bne i istotne analizy na temat najwa\u017cniejszych kwestii aktualno\u015bci, \u0142\u0105cz\u0105c rygor z pasj\u0105 dziennikarsk\u0105.\",\"sameAs\":[\"https:\/\/www.pogotowieflagowe.pl\/\"]}]}<\/script>\n<!-- \/ Yoast SEO plugin. -->","yoast_head_json":{"title":"\u201eNiepolityczna\u201d postawa Ewa Wrzoseka. Teraz pose\u0142 do pos\u0142\u00f3w - kt\u00f3rego prokurator popar\u0142 podczas jego kampanii - klacze jest bezstronne. \u201d - POGOTOWIE FLAGOWE\u00ae","robots":{"index":"index","follow":"follow","max-snippet":"max-snippet:-1","max-image-preview":"max-image-preview:large","max-video-preview":"max-video-preview:-1"},"canonical":"https:\/\/www.pogotowieflagowe.pl\/aktualne\/niepolityczna-postawa-ewa-wrzoseka-teraz-posel-do-poslow-ktorego-prokurator-poparl-podczas-jego-kampanii-klacze-jest-bezstronne\/","og_locale":"pl_PL","og_type":"article","og_title":"\u201eNiepolityczna\u201d postawa Ewa Wrzoseka. Teraz pose\u0142 do pos\u0142\u00f3w - kt\u00f3rego prokurator popar\u0142 podczas jego kampanii - klacze jest bezstronne. \u201d - POGOTOWIE FLAGOWE\u00ae","og_description":"\u201eJeden z najbardziej godnych podziwu ludzi o najsilniejszym moralnym kr\u0119gos\u0142upie\u201d. W ten spos\u00f3b Koalicja Civic (Koalicia Obuwatelska) cz\u0142onek parlamentu europejskiego","og_url":"https:\/\/www.pogotowieflagowe.pl\/aktualne\/niepolityczna-postawa-ewa-wrzoseka-teraz-posel-do-poslow-ktorego-prokurator-poparl-podczas-jego-kampanii-klacze-jest-bezstronne\/","og_site_name":"POGOTOWIE FLAGOWE\u00ae","article_published_time":"2025-03-26T08:48:59+00:00","article_modified_time":"2025-03-26T08:49:00+00:00","og_image":[{"width":1280,"height":720,"url":"https:\/\/www.pogotowieflagowe.pl\/aktualne\/wp-content\/uploads\/2025\/03\/\u201eNiepolityczna-postawa-Ewa-Wrzoseka-Teraz-posel-do-poslow-ktorego.webp.webp","type":"image\/webp"}],"author":"Filip","twitter_card":"summary_large_image","twitter_misc":{"Napisane przez":"Filip","Szacowany czas czytania":"3 minuty"},"schema":{"@context":"https:\/\/schema.org","@graph":[{"@type":"Article","@id":"https:\/\/www.pogotowieflagowe.pl\/aktualne\/niepolityczna-postawa-ewa-wrzoseka-teraz-posel-do-poslow-ktorego-prokurator-poparl-podczas-jego-kampanii-klacze-jest-bezstronne\/#article","isPartOf":{"@id":"https:\/\/www.pogotowieflagowe.pl\/aktualne\/niepolityczna-postawa-ewa-wrzoseka-teraz-posel-do-poslow-ktorego-prokurator-poparl-podczas-jego-kampanii-klacze-jest-bezstronne\/"},"author":{"name":"Filip","@id":"https:\/\/www.pogotowieflagowe.pl\/aktualne\/#\/schema\/person\/9c2fb7d2362ebf6fa088960d7f0d27b0"},"headline":"\u201eNiepolityczna\u201d postawa Ewa Wrzoseka. Teraz pose\u0142 do pos\u0142\u00f3w &#8211; kt\u00f3rego prokurator popar\u0142 podczas jego kampanii &#8211; klacze jest bezstronne. \u201d","datePublished":"2025-03-26T08:48:59+00:00","dateModified":"2025-03-26T08:49:00+00:00","mainEntityOfPage":{"@id":"https:\/\/www.pogotowieflagowe.pl\/aktualne\/niepolityczna-postawa-ewa-wrzoseka-teraz-posel-do-poslow-ktorego-prokurator-poparl-podczas-jego-kampanii-klacze-jest-bezstronne\/"},"wordCount":539,"publisher":{"@id":"https:\/\/www.pogotowieflagowe.pl\/aktualne\/#organization"},"image":{"@id":"https:\/\/www.pogotowieflagowe.pl\/aktualne\/niepolityczna-postawa-ewa-wrzoseka-teraz-posel-do-poslow-ktorego-prokurator-poparl-podczas-jego-kampanii-klacze-jest-bezstronne\/#primaryimage"},"thumbnailUrl":"https:\/\/www.pogotowieflagowe.pl\/aktualne\/wp-content\/uploads\/2025\/03\/\u201eNiepolityczna-postawa-Ewa-Wrzoseka-Teraz-posel-do-poslow-ktorego.webp.webp","keywords":["bezstronne","Ewa","jego","jest","kampanii","klacze","kt\u00f3rego","Niepolityczna","podczas","popar\u0142","pose\u0142","pos\u0142\u00f3w","postawa","Prokurator","Teraz","Wrzoseka"],"articleSection":["Aktualne"],"inLanguage":"pl-PL"},{"@type":"WebPage","@id":"https:\/\/www.pogotowieflagowe.pl\/aktualne\/niepolityczna-postawa-ewa-wrzoseka-teraz-posel-do-poslow-ktorego-prokurator-poparl-podczas-jego-kampanii-klacze-jest-bezstronne\/","url":"https:\/\/www.pogotowieflagowe.pl\/aktualne\/niepolityczna-postawa-ewa-wrzoseka-teraz-posel-do-poslow-ktorego-prokurator-poparl-podczas-jego-kampanii-klacze-jest-bezstronne\/","name":"\u201eNiepolityczna\u201d postawa Ewa Wrzoseka. Teraz pose\u0142 do pos\u0142\u00f3w - kt\u00f3rego prokurator popar\u0142 podczas jego kampanii - klacze jest bezstronne. \u201d - POGOTOWIE FLAGOWE\u00ae","isPartOf":{"@id":"https:\/\/www.pogotowieflagowe.pl\/aktualne\/#website"},"primaryImageOfPage":{"@id":"https:\/\/www.pogotowieflagowe.pl\/aktualne\/niepolityczna-postawa-ewa-wrzoseka-teraz-posel-do-poslow-ktorego-prokurator-poparl-podczas-jego-kampanii-klacze-jest-bezstronne\/#primaryimage"},"image":{"@id":"https:\/\/www.pogotowieflagowe.pl\/aktualne\/niepolityczna-postawa-ewa-wrzoseka-teraz-posel-do-poslow-ktorego-prokurator-poparl-podczas-jego-kampanii-klacze-jest-bezstronne\/#primaryimage"},"thumbnailUrl":"https:\/\/www.pogotowieflagowe.pl\/aktualne\/wp-content\/uploads\/2025\/03\/\u201eNiepolityczna-postawa-Ewa-Wrzoseka-Teraz-posel-do-poslow-ktorego.webp.webp","datePublished":"2025-03-26T08:48:59+00:00","dateModified":"2025-03-26T08:49:00+00:00","breadcrumb":{"@id":"https:\/\/www.pogotowieflagowe.pl\/aktualne\/niepolityczna-postawa-ewa-wrzoseka-teraz-posel-do-poslow-ktorego-prokurator-poparl-podczas-jego-kampanii-klacze-jest-bezstronne\/#breadcrumb"},"inLanguage":"pl-PL","potentialAction":[{"@type":"ReadAction","target":["https:\/\/www.pogotowieflagowe.pl\/aktualne\/niepolityczna-postawa-ewa-wrzoseka-teraz-posel-do-poslow-ktorego-prokurator-poparl-podczas-jego-kampanii-klacze-jest-bezstronne\/"]}]},{"@type":"ImageObject","inLanguage":"pl-PL","@id":"https:\/\/www.pogotowieflagowe.pl\/aktualne\/niepolityczna-postawa-ewa-wrzoseka-teraz-posel-do-poslow-ktorego-prokurator-poparl-podczas-jego-kampanii-klacze-jest-bezstronne\/#primaryimage","url":"https:\/\/www.pogotowieflagowe.pl\/aktualne\/wp-content\/uploads\/2025\/03\/\u201eNiepolityczna-postawa-Ewa-Wrzoseka-Teraz-posel-do-poslow-ktorego.webp.webp","contentUrl":"https:\/\/www.pogotowieflagowe.pl\/aktualne\/wp-content\/uploads\/2025\/03\/\u201eNiepolityczna-postawa-Ewa-Wrzoseka-Teraz-posel-do-poslow-ktorego.webp.webp","width":1280,"height":720,"caption":"\u201eNiepolityczna\u201d postawa Ewa Wrzoseka. Teraz pose\u0142 do pos\u0142\u00f3w - kt\u00f3rego prokurator popar\u0142 podczas jego kampanii - klacze jest bezstronne. \u201d"},{"@type":"BreadcrumbList","@id":"https:\/\/www.pogotowieflagowe.pl\/aktualne\/niepolityczna-postawa-ewa-wrzoseka-teraz-posel-do-poslow-ktorego-prokurator-poparl-podczas-jego-kampanii-klacze-jest-bezstronne\/#breadcrumb","itemListElement":[{"@type":"ListItem","position":1,"name":"Home","item":"https:\/\/www.pogotowieflagowe.pl\/aktualne\/"},{"@type":"ListItem","position":2,"name":"\u201eNiepolityczna\u201d postawa Ewa Wrzoseka. Teraz pose\u0142 do pos\u0142\u00f3w &#8211; kt\u00f3rego prokurator popar\u0142 podczas jego kampanii &#8211; klacze jest bezstronne. \u201d"}]},{"@type":"WebSite","@id":"https:\/\/www.pogotowieflagowe.pl\/aktualne\/#website","url":"https:\/\/www.pogotowieflagowe.pl\/aktualne\/","name":"POGOTOWIE FLAGOWE\u00ae","description":"","publisher":{"@id":"https:\/\/www.pogotowieflagowe.pl\/aktualne\/#organization"},"potentialAction":[{"@type":"SearchAction","target":{"@type":"EntryPoint","urlTemplate":"https:\/\/www.pogotowieflagowe.pl\/aktualne\/?s={search_term_string}"},"query-input":"required name=search_term_string"}],"inLanguage":"pl-PL"},{"@type":"Organization","@id":"https:\/\/www.pogotowieflagowe.pl\/aktualne\/#organization","name":"POGOTOWIE FLAGOWE\u00ae","url":"https:\/\/www.pogotowieflagowe.pl\/aktualne\/","logo":{"@type":"ImageObject","inLanguage":"pl-PL","@id":"https:\/\/www.pogotowieflagowe.pl\/aktualne\/#\/schema\/logo\/image\/","url":"https:\/\/www.pogotowieflagowe.pl\/aktualne\/wp-content\/uploads\/2024\/08\/cropped-pogotowieflagowe_flaga_projekt_sm.jpg","contentUrl":"https:\/\/www.pogotowieflagowe.pl\/aktualne\/wp-content\/uploads\/2024\/08\/cropped-pogotowieflagowe_flaga_projekt_sm.jpg","width":250,"height":143,"caption":"POGOTOWIE FLAGOWE\u00ae"},"image":{"@id":"https:\/\/www.pogotowieflagowe.pl\/aktualne\/#\/schema\/logo\/image\/"}},{"@type":"Person","@id":"https:\/\/www.pogotowieflagowe.pl\/aktualne\/#\/schema\/person\/9c2fb7d2362ebf6fa088960d7f0d27b0","name":"Filip","image":{"@type":"ImageObject","inLanguage":"pl-PL","@id":"https:\/\/www.pogotowieflagowe.pl\/aktualne\/#\/schema\/person\/image\/","url":"https:\/\/www.pogotowieflagowe.pl\/aktualne\/wp-content\/uploads\/2024\/08\/pogotowieflagowe.pl_.jpg","contentUrl":"https:\/\/www.pogotowieflagowe.pl\/aktualne\/wp-content\/uploads\/2024\/08\/pogotowieflagowe.pl_.jpg","caption":"Filip"},"description":"Jestem Filip, polski dziennikarz z dyplomem nauk politycznych Uniwersytetu Warszawskiego. Rozpoczynaj\u0105c swoj\u0105 karier\u0119 w r\u00f3\u017cnych lokalnych mediach, zdoby\u0142em solidne do\u015bwiadczenie w zakresie \u015bledztwa i redakcji. Obecnie jako redaktor w Pogotowie flagowe, staram si\u0119 dostarcza\u0107 dog\u0142\u0119bne i istotne analizy na temat najwa\u017cniejszych kwestii aktualno\u015bci, \u0142\u0105cz\u0105c rygor z pasj\u0105 dziennikarsk\u0105.","sameAs":["https:\/\/www.pogotowieflagowe.pl\/"]}]}},"_links":{"self":[{"href":"https:\/\/www.pogotowieflagowe.pl\/aktualne\/wp-json\/wp\/v2\/posts\/4822","targetHints":{"allow":["GET"]}}],"collection":[{"href":"https:\/\/www.pogotowieflagowe.pl\/aktualne\/wp-json\/wp\/v2\/posts"}],"about":[{"href":"https:\/\/www.pogotowieflagowe.pl\/aktualne\/wp-json\/wp\/v2\/types\/post"}],"author":[{"embeddable":true,"href":"https:\/\/www.pogotowieflagowe.pl\/aktualne\/wp-json\/wp\/v2\/users\/1"}],"replies":[{"embeddable":true,"href":"https:\/\/www.pogotowieflagowe.pl\/aktualne\/wp-json\/wp\/v2\/comments?post=4822"}],"version-history":[{"count":1,"href":"https:\/\/www.pogotowieflagowe.pl\/aktualne\/wp-json\/wp\/v2\/posts\/4822\/revisions"}],"predecessor-version":[{"id":4824,"href":"https:\/\/www.pogotowieflagowe.pl\/aktualne\/wp-json\/wp\/v2\/posts\/4822\/revisions\/4824"}],"wp:featuredmedia":[{"embeddable":true,"href":"https:\/\/www.pogotowieflagowe.pl\/aktualne\/wp-json\/wp\/v2\/media\/4823"}],"wp:attachment":[{"href":"https:\/\/www.pogotowieflagowe.pl\/aktualne\/wp-json\/wp\/v2\/media?parent=4822"}],"wp:term":[{"taxonomy":"category","embeddable":true,"href":"https:\/\/www.pogotowieflagowe.pl\/aktualne\/wp-json\/wp\/v2\/categories?post=4822"},{"taxonomy":"post_tag","embeddable":true,"href":"https:\/\/www.pogotowieflagowe.pl\/aktualne\/wp-json\/wp\/v2\/tags?post=4822"}],"curies":[{"name":"wp","href":"https:\/\/api.w.org\/{rel}","templated":true}]}}