{"id":4831,"date":"2025-03-26T21:49:07","date_gmt":"2025-03-26T20:49:07","guid":{"rendered":"https:\/\/www.pogotowieflagowe.pl\/aktualne\/niemcy-zbudowaly-centrum-migrantow-tuz-obok-polskiej-granicy-za-cztery-tygodnie-zostana-wyslane-pierwsze-transfery\/"},"modified":"2025-03-26T21:49:07","modified_gmt":"2025-03-26T20:49:07","slug":"niemcy-zbudowaly-centrum-migrantow-tuz-obok-polskiej-granicy-za-cztery-tygodnie-zostana-wyslane-pierwsze-transfery","status":"publish","type":"post","link":"https:\/\/www.pogotowieflagowe.pl\/aktualne\/niemcy-zbudowaly-centrum-migrantow-tuz-obok-polskiej-granicy-za-cztery-tygodnie-zostana-wyslane-pierwsze-transfery\/","title":{"rendered":"Niemcy zbudowa\u0142y centrum migrant\u00f3w tu\u017c obok polskiej granicy. \u201eZa cztery tygodnie zostan\u0105 wys\u0142ane pierwsze transfery\u201d"},"content":{"rendered":"\n<div class=\"td_block_wrap tdb_single_content tdi_41 td-pb-border-top td_block_template_8 td-post-content tagdiv-type\" data-td-block-uid=\"tdi_41\">\n<style>.tdi_41 {margin-top: 0px! Wa\u017cne; margines-bottom: 0px! WA\u017bNY; PALDING-TOP: 0PX! WA\u017bNY; PALDING-BOTTOM: 0PX! WA\u017bNE}<\/style>\n<style>.tdb_single_content {margin-bottom: 0;*zoom: 1} .tdb_single_content: wcze\u015bniej, .tdb_single_content: po {display: Table; content: ''; line-height: 0} .TDB-BLOCK-INner>*: nie (.WP-BLOCK-QUOTE): not (.alignSwide): not (.Alignfull.wp-block-cover.has-parallax): not (.td-a-ad) {margin-left: auto; margin-right: auto} .tdb_single_ConTent a {wska\u017anik-events: auto} .tdb_single_content .td-spot-id-top_ad .tdc-placeholder-title: przed {content: \u201eArtyku\u0142 top ad\u201d! Wa\u017cne} .tdb_single_content .td-Spot-Id-inline_ad0 .tdc-placeholder-title 1 '! Wa\u017cne} .tdb_single_content .td-Spot-Id-inline_Ad1 .tdc-Placeholder-Title: przed {content: \u201eArtyku\u0142 inline AD 2'! Wa\u017cny} .tdb_single_content. 3 '! Wa\u017cne} .tdb_single_content .td-Spot-Id-Bottom_Ad .tdc-Placeholder-Title: przed {content: \u201eArtyku\u0142 Bottom Ad\u201d! Wa\u017cne} .tdb_single_content .id_top_ad, .tdb_single_content_content .id_bottom_ad {clear: oba; margin-bottom: 21px; text-align: Center} .tdb_single_content .id_top_ad img, .tdb_single_content .id_bottom_ad img {margin-bottom: 0} .tdb_single_conTent .id_top_ad .adsbyGoogle, .tdb_single_content .id_bottom_ad .adsbyGoogle {pozycja: relatyw} .tdb_single_content .id_ad_content-horiz-left, .tdb_single_content .id_ad_content-horiz-right, .tdb_single_content .id_ad_content-horiz-Center {margin-bottom: 15px} .tdb_single_content .id_ad_content-horiz-left Img, .tdb_single_content .id_ad_content-horiz-right img, .tdb_single_content .id_ad_content-horiz-centerter img {margin-bottom: 0} .tdb_single_content .id_ad_content-horiz-center {text-align: Center} .tdb_single_content .id_ad_content-horiz-center img {margin-right: auto; margin-let: auto} .tdb_single_content .id_ad_content-horiz-left {float: left; margin-top: 9px; margin-right: 21px} .tdb_single_content .id_ad_content-horiz-right {float: margin-top: 6px; margin-left: 21px} .tdb_single_content .tdc-a-a-ad .TDC-Placeholder-Title {szeroko\u015b\u0107: 300px; height: 250px} .tdb_single_content .tdc-a-ad .TDC-Placeholder-Title: Przed {Pozycja: Absolute; TOP: 50%;-WebKit-Transform: Translatey (-50%); Transform: Translatey (-50%); margines: auto; Display: Tabela; szeroko\u015b\u0107: 100%}. tdb_single_content .TDB-BLOCK-INNER.TD-FIX-INDEX {Word-Break: Break-word} .tdi_41, .tdi_41> p, .tdi_41 .tdb-block-inner> p, .Wp-Block-Column> p {font-size: 16px! Wa\u017cne; wa\u017cny; p {font-styl: normalne! Wa\u017cne} @media (Max-Width: 767px) {. tdb_single_content .id_ad_content-horiz-left, .tdb_single_content .id_ad_content-horiz-right, .tdb_single_content .id_ad_content-horiz-centter {Margin: 0 AUTO 26PXX auto}}@media (Max-Width: 767px) {. tdb_single_content .id_ad_content-horiz-left {margin-right: 0}}@media (max-width: 767px) {. (Max-Width: 767px) {. tdb_single_content .td-a-ad {float: none; text-align: Center} .tdb_single_content .td-a-ad img {margin-right: auto; margin-left: auto} .tdb_single_content .tdc-a-a-a-{margin-right: auto; margin-left: auto} .tdb_single_content .tdd<\/style>\n<div class=\"tdb-block-inner td-fix-index\">\n<p>\u201eJest to jajko kuku\u0142ki od rz\u0105du niemieckiego, kt\u00f3re &#8211; za zgod\u0105 obecnych w\u0142adz polskich &#8211; w\u0142a\u015bnie zosta\u0142o otwarte i za cztery tygodnie zacznie wysy\u0142a\u0107 pierwsze transport nielegalnych migrant\u00f3w do Polski\u201d, powiedzia\u0142 Mateusz Morawiecki, cz\u0142onek parlamentu z Partii Prawa i Sprawiedliwo\u015bci (PIS) (PIS), skierowanego do Centrum Polski ustanowionego przez Niemcy w pobli\u017cu granicy polskiej.<\/p>\n<h2 class=\"wp-block-heading\">Niemieckie centrum migrant\u00f3w w pobli\u017cu polskiej granicy<\/h2>\n<p>Mateusz Morawiecki opublikowa\u0142 wideo na platformie X, w kt\u00f3rym skomentowa\u0142, \u017ce Centrum Migrant\u00f3w jest budowane przez Niemc\u00f3w za granic\u0105 z Polski.<\/p>\n<figure class=\"wp-block-pullquote\">\n<blockquote>\n<p>\u201eCzy s\u0142ysza\u0142e\u015b o Centrum Migrant\u00f3w tu\u017c za nasz\u0105 zachodni\u0105 granic\u0105? Jest to jajko kuku\u0142ki od rz\u0105du niemieckiego, kt\u00f3re &#8211; za zgod\u0105 obecnych w\u0142adz &#8211; zosta\u0142o w\u0142a\u015bnie otwarte i za cztery tygodnie zacznie wysy\u0142a\u0107 do Polski pierwsze transport nielegalnych migrant\u00f3w\u201d<\/p>\n<p><cite>Powiedzia\u0142.<\/cite><\/p><\/blockquote>\n<\/figure>\n<p>Doda\u0142, \u017ce \u201eprzede wszystkim dotyczy to tych, kt\u00f3rzy rzekomo ubiegali si\u0119 o azyl w Polsce przed podr\u00f3\u017c\u0105 do Niemiec\u201d.<\/p>\n<figure class=\"wp-block-pullquote\">\n<blockquote>\n<p>\u201eMusimy by\u0107 bardzo czujni w tej sprawie\u201d<\/p>\n<p><cite>Wezwa\u0142.<\/cite><\/p><\/blockquote>\n<\/figure>\n<h2 class=\"wp-block-heading\">Niemcy otwarcie uznaj\u0105 powr\u00f3t migrant\u00f3w do Polski<\/h2>\n<p>Przedstawiciele rz\u0105du niemieckiego otwarcie przyznali, \u017ce migranci z centrum zostan\u0105 wys\u0142ani do Polski.<\/p>\n<figure class=\"wp-block-pullquote\">\n<blockquote>\n<p>\u201eWszyscy migranci zostan\u0105 zebrani w jednym centralnym miejscu. Dzi\u0119ki blisko\u015bci polskiej granicy mo\u017cna je szybko odes\u0142a\u0107\u201d<\/p>\n<p><cite>&#8211; powiedzia\u0142 Katrin Lange, minister wn\u0119trza Brandenburga (SPD).<\/cite><\/p><\/blockquote>\n<\/figure>\n<p>Tymczasem Niemiec Federalny Minister Spraw Wewn\u0119trznych, Nancy Faeser, stwierdzi\u0142a bezpo\u015brednio, \u017ce \u201ez powodu silnych stosunk\u00f3w Brandenburga z s\u0105siednimi kodami g\u0142osowymi w Polsce g\u0142\u00f3wnym celem Centrum w Eisenh\u00fcttenstadt b\u0119dzie przeniesienie migrant\u00f3w do Polski\u201d.<\/p>\n<\/div>\n<\/div>\n","protected":false},"excerpt":{"rendered":"<p>\u201eJest to jajko kuku\u0142ki od rz\u0105du niemieckiego, kt\u00f3re &#8211; za zgod\u0105 obecnych w\u0142adz polskich &#8211; w\u0142a\u015bnie zosta\u0142o otwarte i za<\/p>\n","protected":false},"author":1,"featured_media":3627,"comment_status":"closed","ping_status":"","sticky":false,"template":"","format":"standard","meta":{"footnotes":""},"categories":[4748],"tags":[1319,58,1137,1185,30,6576,602,652,6578,6575,6577,5618,6574,5627],"class_list":["post-4831","post","type-post","status-publish","format-standard","has-post-thumbnail","hentry","category-aktualne","tag-centrum","tag-cztery","tag-granicy","tag-migrantow","tag-niemcy","tag-obok","tag-pierwsze","tag-polskiej","tag-transfery","tag-tuz","tag-tygodnie","tag-wyslane","tag-zbudowaly","tag-zostana","generate-columns","tablet-grid-50","mobile-grid-100","grid-parent","grid-50","resize-featured-image"],"yoast_head":"<!-- This site is optimized with the Yoast SEO plugin v23.2 - https:\/\/yoast.com\/wordpress\/plugins\/seo\/ -->\n<title>Niemcy zbudowa\u0142y centrum migrant\u00f3w tu\u017c obok polskiej granicy. \u201eZa cztery tygodnie zostan\u0105 wys\u0142ane pierwsze transfery\u201d - POGOTOWIE FLAGOWE\u00ae<\/title>\n<meta name=\"robots\" content=\"index, follow, max-snippet:-1, max-image-preview:large, max-video-preview:-1\" \/>\n<link rel=\"canonical\" href=\"https:\/\/www.pogotowieflagowe.pl\/aktualne\/niemcy-zbudowaly-centrum-migrantow-tuz-obok-polskiej-granicy-za-cztery-tygodnie-zostana-wyslane-pierwsze-transfery\/\" \/>\n<meta property=\"og:locale\" content=\"pl_PL\" \/>\n<meta property=\"og:type\" content=\"article\" \/>\n<meta property=\"og:title\" content=\"Niemcy zbudowa\u0142y centrum migrant\u00f3w tu\u017c obok polskiej granicy. \u201eZa cztery tygodnie zostan\u0105 wys\u0142ane pierwsze transfery\u201d - POGOTOWIE FLAGOWE\u00ae\" \/>\n<meta property=\"og:description\" content=\"\u201eJest to jajko kuku\u0142ki od rz\u0105du niemieckiego, kt\u00f3re &#8211; za zgod\u0105 obecnych w\u0142adz polskich &#8211; w\u0142a\u015bnie zosta\u0142o otwarte i za\" \/>\n<meta property=\"og:url\" content=\"https:\/\/www.pogotowieflagowe.pl\/aktualne\/niemcy-zbudowaly-centrum-migrantow-tuz-obok-polskiej-granicy-za-cztery-tygodnie-zostana-wyslane-pierwsze-transfery\/\" \/>\n<meta property=\"og:site_name\" content=\"POGOTOWIE FLAGOWE\u00ae\" \/>\n<meta property=\"article:published_time\" content=\"2025-03-26T20:49:07+00:00\" \/>\n<meta property=\"og:image\" content=\"https:\/\/www.pogotowieflagowe.pl\/aktualne\/wp-content\/uploads\/2025\/02\/Polska-wyprzedana-Rzad-rzuca-pakt-migracyjny-UE-ignorujac-interesy-narodowe.jpg\" \/>\n\t<meta property=\"og:image:width\" content=\"1920\" \/>\n\t<meta property=\"og:image:height\" content=\"1038\" \/>\n\t<meta property=\"og:image:type\" content=\"image\/jpeg\" \/>\n<meta name=\"author\" content=\"Filip\" \/>\n<meta name=\"twitter:card\" content=\"summary_large_image\" \/>\n<meta name=\"twitter:label1\" content=\"Napisane przez\" \/>\n\t<meta name=\"twitter:data1\" content=\"Filip\" \/>\n\t<meta name=\"twitter:label2\" content=\"Szacowany czas czytania\" \/>\n\t<meta name=\"twitter:data2\" content=\"1 minuta\" \/>\n<script type=\"application\/ld+json\" class=\"yoast-schema-graph\">{\"@context\":\"https:\/\/schema.org\",\"@graph\":[{\"@type\":\"Article\",\"@id\":\"https:\/\/www.pogotowieflagowe.pl\/aktualne\/niemcy-zbudowaly-centrum-migrantow-tuz-obok-polskiej-granicy-za-cztery-tygodnie-zostana-wyslane-pierwsze-transfery\/#article\",\"isPartOf\":{\"@id\":\"https:\/\/www.pogotowieflagowe.pl\/aktualne\/niemcy-zbudowaly-centrum-migrantow-tuz-obok-polskiej-granicy-za-cztery-tygodnie-zostana-wyslane-pierwsze-transfery\/\"},\"author\":{\"name\":\"Filip\",\"@id\":\"https:\/\/www.pogotowieflagowe.pl\/aktualne\/#\/schema\/person\/9c2fb7d2362ebf6fa088960d7f0d27b0\"},\"headline\":\"Niemcy zbudowa\u0142y centrum migrant\u00f3w tu\u017c obok polskiej granicy. \u201eZa cztery tygodnie zostan\u0105 wys\u0142ane pierwsze transfery\u201d\",\"datePublished\":\"2025-03-26T20:49:07+00:00\",\"dateModified\":\"2025-03-26T20:49:07+00:00\",\"mainEntityOfPage\":{\"@id\":\"https:\/\/www.pogotowieflagowe.pl\/aktualne\/niemcy-zbudowaly-centrum-migrantow-tuz-obok-polskiej-granicy-za-cztery-tygodnie-zostana-wyslane-pierwsze-transfery\/\"},\"wordCount\":291,\"publisher\":{\"@id\":\"https:\/\/www.pogotowieflagowe.pl\/aktualne\/#organization\"},\"image\":{\"@id\":\"https:\/\/www.pogotowieflagowe.pl\/aktualne\/niemcy-zbudowaly-centrum-migrantow-tuz-obok-polskiej-granicy-za-cztery-tygodnie-zostana-wyslane-pierwsze-transfery\/#primaryimage\"},\"thumbnailUrl\":\"https:\/\/www.pogotowieflagowe.pl\/aktualne\/wp-content\/uploads\/2025\/02\/Polska-wyprzedana-Rzad-rzuca-pakt-migracyjny-UE-ignorujac-interesy-narodowe.jpg\",\"keywords\":[\"centrum\",\"cztery\",\"granicy\",\"migrant\u00f3w\",\"Niemcy\",\"obok\",\"pierwsze\",\"polskiej\",\"transfery\",\"tu\u017c\",\"tygodnie\",\"wys\u0142ane\",\"zbudowa\u0142y\",\"zostan\u0105\"],\"articleSection\":[\"Aktualne\"],\"inLanguage\":\"pl-PL\"},{\"@type\":\"WebPage\",\"@id\":\"https:\/\/www.pogotowieflagowe.pl\/aktualne\/niemcy-zbudowaly-centrum-migrantow-tuz-obok-polskiej-granicy-za-cztery-tygodnie-zostana-wyslane-pierwsze-transfery\/\",\"url\":\"https:\/\/www.pogotowieflagowe.pl\/aktualne\/niemcy-zbudowaly-centrum-migrantow-tuz-obok-polskiej-granicy-za-cztery-tygodnie-zostana-wyslane-pierwsze-transfery\/\",\"name\":\"Niemcy zbudowa\u0142y centrum migrant\u00f3w tu\u017c obok polskiej granicy. \u201eZa cztery tygodnie zostan\u0105 wys\u0142ane pierwsze transfery\u201d - POGOTOWIE FLAGOWE\u00ae\",\"isPartOf\":{\"@id\":\"https:\/\/www.pogotowieflagowe.pl\/aktualne\/#website\"},\"primaryImageOfPage\":{\"@id\":\"https:\/\/www.pogotowieflagowe.pl\/aktualne\/niemcy-zbudowaly-centrum-migrantow-tuz-obok-polskiej-granicy-za-cztery-tygodnie-zostana-wyslane-pierwsze-transfery\/#primaryimage\"},\"image\":{\"@id\":\"https:\/\/www.pogotowieflagowe.pl\/aktualne\/niemcy-zbudowaly-centrum-migrantow-tuz-obok-polskiej-granicy-za-cztery-tygodnie-zostana-wyslane-pierwsze-transfery\/#primaryimage\"},\"thumbnailUrl\":\"https:\/\/www.pogotowieflagowe.pl\/aktualne\/wp-content\/uploads\/2025\/02\/Polska-wyprzedana-Rzad-rzuca-pakt-migracyjny-UE-ignorujac-interesy-narodowe.jpg\",\"datePublished\":\"2025-03-26T20:49:07+00:00\",\"dateModified\":\"2025-03-26T20:49:07+00:00\",\"breadcrumb\":{\"@id\":\"https:\/\/www.pogotowieflagowe.pl\/aktualne\/niemcy-zbudowaly-centrum-migrantow-tuz-obok-polskiej-granicy-za-cztery-tygodnie-zostana-wyslane-pierwsze-transfery\/#breadcrumb\"},\"inLanguage\":\"pl-PL\",\"potentialAction\":[{\"@type\":\"ReadAction\",\"target\":[\"https:\/\/www.pogotowieflagowe.pl\/aktualne\/niemcy-zbudowaly-centrum-migrantow-tuz-obok-polskiej-granicy-za-cztery-tygodnie-zostana-wyslane-pierwsze-transfery\/\"]}]},{\"@type\":\"ImageObject\",\"inLanguage\":\"pl-PL\",\"@id\":\"https:\/\/www.pogotowieflagowe.pl\/aktualne\/niemcy-zbudowaly-centrum-migrantow-tuz-obok-polskiej-granicy-za-cztery-tygodnie-zostana-wyslane-pierwsze-transfery\/#primaryimage\",\"url\":\"https:\/\/www.pogotowieflagowe.pl\/aktualne\/wp-content\/uploads\/2025\/02\/Polska-wyprzedana-Rzad-rzuca-pakt-migracyjny-UE-ignorujac-interesy-narodowe.jpg\",\"contentUrl\":\"https:\/\/www.pogotowieflagowe.pl\/aktualne\/wp-content\/uploads\/2025\/02\/Polska-wyprzedana-Rzad-rzuca-pakt-migracyjny-UE-ignorujac-interesy-narodowe.jpg\",\"width\":1920,\"height\":1038,\"caption\":\"Polska wyprzedana: Rz\u0105d rzuca pakt migracyjny UE, ignoruj\u0105c interesy narodowe\"},{\"@type\":\"BreadcrumbList\",\"@id\":\"https:\/\/www.pogotowieflagowe.pl\/aktualne\/niemcy-zbudowaly-centrum-migrantow-tuz-obok-polskiej-granicy-za-cztery-tygodnie-zostana-wyslane-pierwsze-transfery\/#breadcrumb\",\"itemListElement\":[{\"@type\":\"ListItem\",\"position\":1,\"name\":\"Home\",\"item\":\"https:\/\/www.pogotowieflagowe.pl\/aktualne\/\"},{\"@type\":\"ListItem\",\"position\":2,\"name\":\"Niemcy zbudowa\u0142y centrum migrant\u00f3w tu\u017c obok polskiej granicy. \u201eZa cztery tygodnie zostan\u0105 wys\u0142ane pierwsze transfery\u201d\"}]},{\"@type\":\"WebSite\",\"@id\":\"https:\/\/www.pogotowieflagowe.pl\/aktualne\/#website\",\"url\":\"https:\/\/www.pogotowieflagowe.pl\/aktualne\/\",\"name\":\"POGOTOWIE FLAGOWE\u00ae\",\"description\":\"\",\"publisher\":{\"@id\":\"https:\/\/www.pogotowieflagowe.pl\/aktualne\/#organization\"},\"potentialAction\":[{\"@type\":\"SearchAction\",\"target\":{\"@type\":\"EntryPoint\",\"urlTemplate\":\"https:\/\/www.pogotowieflagowe.pl\/aktualne\/?s={search_term_string}\"},\"query-input\":\"required name=search_term_string\"}],\"inLanguage\":\"pl-PL\"},{\"@type\":\"Organization\",\"@id\":\"https:\/\/www.pogotowieflagowe.pl\/aktualne\/#organization\",\"name\":\"POGOTOWIE FLAGOWE\u00ae\",\"url\":\"https:\/\/www.pogotowieflagowe.pl\/aktualne\/\",\"logo\":{\"@type\":\"ImageObject\",\"inLanguage\":\"pl-PL\",\"@id\":\"https:\/\/www.pogotowieflagowe.pl\/aktualne\/#\/schema\/logo\/image\/\",\"url\":\"https:\/\/www.pogotowieflagowe.pl\/aktualne\/wp-content\/uploads\/2024\/08\/cropped-pogotowieflagowe_flaga_projekt_sm.jpg\",\"contentUrl\":\"https:\/\/www.pogotowieflagowe.pl\/aktualne\/wp-content\/uploads\/2024\/08\/cropped-pogotowieflagowe_flaga_projekt_sm.jpg\",\"width\":250,\"height\":143,\"caption\":\"POGOTOWIE FLAGOWE\u00ae\"},\"image\":{\"@id\":\"https:\/\/www.pogotowieflagowe.pl\/aktualne\/#\/schema\/logo\/image\/\"}},{\"@type\":\"Person\",\"@id\":\"https:\/\/www.pogotowieflagowe.pl\/aktualne\/#\/schema\/person\/9c2fb7d2362ebf6fa088960d7f0d27b0\",\"name\":\"Filip\",\"image\":{\"@type\":\"ImageObject\",\"inLanguage\":\"pl-PL\",\"@id\":\"https:\/\/www.pogotowieflagowe.pl\/aktualne\/#\/schema\/person\/image\/\",\"url\":\"https:\/\/www.pogotowieflagowe.pl\/aktualne\/wp-content\/uploads\/2024\/08\/pogotowieflagowe.pl_.jpg\",\"contentUrl\":\"https:\/\/www.pogotowieflagowe.pl\/aktualne\/wp-content\/uploads\/2024\/08\/pogotowieflagowe.pl_.jpg\",\"caption\":\"Filip\"},\"description\":\"Jestem Filip, polski dziennikarz z dyplomem nauk politycznych Uniwersytetu Warszawskiego. Rozpoczynaj\u0105c swoj\u0105 karier\u0119 w r\u00f3\u017cnych lokalnych mediach, zdoby\u0142em solidne do\u015bwiadczenie w zakresie \u015bledztwa i redakcji. Obecnie jako redaktor w Pogotowie flagowe, staram si\u0119 dostarcza\u0107 dog\u0142\u0119bne i istotne analizy na temat najwa\u017cniejszych kwestii aktualno\u015bci, \u0142\u0105cz\u0105c rygor z pasj\u0105 dziennikarsk\u0105.\",\"sameAs\":[\"https:\/\/www.pogotowieflagowe.pl\/\"]}]}<\/script>\n<!-- \/ Yoast SEO plugin. -->","yoast_head_json":{"title":"Niemcy zbudowa\u0142y centrum migrant\u00f3w tu\u017c obok polskiej granicy. \u201eZa cztery tygodnie zostan\u0105 wys\u0142ane pierwsze transfery\u201d - POGOTOWIE FLAGOWE\u00ae","robots":{"index":"index","follow":"follow","max-snippet":"max-snippet:-1","max-image-preview":"max-image-preview:large","max-video-preview":"max-video-preview:-1"},"canonical":"https:\/\/www.pogotowieflagowe.pl\/aktualne\/niemcy-zbudowaly-centrum-migrantow-tuz-obok-polskiej-granicy-za-cztery-tygodnie-zostana-wyslane-pierwsze-transfery\/","og_locale":"pl_PL","og_type":"article","og_title":"Niemcy zbudowa\u0142y centrum migrant\u00f3w tu\u017c obok polskiej granicy. \u201eZa cztery tygodnie zostan\u0105 wys\u0142ane pierwsze transfery\u201d - POGOTOWIE FLAGOWE\u00ae","og_description":"\u201eJest to jajko kuku\u0142ki od rz\u0105du niemieckiego, kt\u00f3re &#8211; za zgod\u0105 obecnych w\u0142adz polskich &#8211; w\u0142a\u015bnie zosta\u0142o otwarte i za","og_url":"https:\/\/www.pogotowieflagowe.pl\/aktualne\/niemcy-zbudowaly-centrum-migrantow-tuz-obok-polskiej-granicy-za-cztery-tygodnie-zostana-wyslane-pierwsze-transfery\/","og_site_name":"POGOTOWIE FLAGOWE\u00ae","article_published_time":"2025-03-26T20:49:07+00:00","og_image":[{"width":1920,"height":1038,"url":"https:\/\/www.pogotowieflagowe.pl\/aktualne\/wp-content\/uploads\/2025\/02\/Polska-wyprzedana-Rzad-rzuca-pakt-migracyjny-UE-ignorujac-interesy-narodowe.jpg","type":"image\/jpeg"}],"author":"Filip","twitter_card":"summary_large_image","twitter_misc":{"Napisane przez":"Filip","Szacowany czas czytania":"1 minuta"},"schema":{"@context":"https:\/\/schema.org","@graph":[{"@type":"Article","@id":"https:\/\/www.pogotowieflagowe.pl\/aktualne\/niemcy-zbudowaly-centrum-migrantow-tuz-obok-polskiej-granicy-za-cztery-tygodnie-zostana-wyslane-pierwsze-transfery\/#article","isPartOf":{"@id":"https:\/\/www.pogotowieflagowe.pl\/aktualne\/niemcy-zbudowaly-centrum-migrantow-tuz-obok-polskiej-granicy-za-cztery-tygodnie-zostana-wyslane-pierwsze-transfery\/"},"author":{"name":"Filip","@id":"https:\/\/www.pogotowieflagowe.pl\/aktualne\/#\/schema\/person\/9c2fb7d2362ebf6fa088960d7f0d27b0"},"headline":"Niemcy zbudowa\u0142y centrum migrant\u00f3w tu\u017c obok polskiej granicy. \u201eZa cztery tygodnie zostan\u0105 wys\u0142ane pierwsze transfery\u201d","datePublished":"2025-03-26T20:49:07+00:00","dateModified":"2025-03-26T20:49:07+00:00","mainEntityOfPage":{"@id":"https:\/\/www.pogotowieflagowe.pl\/aktualne\/niemcy-zbudowaly-centrum-migrantow-tuz-obok-polskiej-granicy-za-cztery-tygodnie-zostana-wyslane-pierwsze-transfery\/"},"wordCount":291,"publisher":{"@id":"https:\/\/www.pogotowieflagowe.pl\/aktualne\/#organization"},"image":{"@id":"https:\/\/www.pogotowieflagowe.pl\/aktualne\/niemcy-zbudowaly-centrum-migrantow-tuz-obok-polskiej-granicy-za-cztery-tygodnie-zostana-wyslane-pierwsze-transfery\/#primaryimage"},"thumbnailUrl":"https:\/\/www.pogotowieflagowe.pl\/aktualne\/wp-content\/uploads\/2025\/02\/Polska-wyprzedana-Rzad-rzuca-pakt-migracyjny-UE-ignorujac-interesy-narodowe.jpg","keywords":["centrum","cztery","granicy","migrant\u00f3w","Niemcy","obok","pierwsze","polskiej","transfery","tu\u017c","tygodnie","wys\u0142ane","zbudowa\u0142y","zostan\u0105"],"articleSection":["Aktualne"],"inLanguage":"pl-PL"},{"@type":"WebPage","@id":"https:\/\/www.pogotowieflagowe.pl\/aktualne\/niemcy-zbudowaly-centrum-migrantow-tuz-obok-polskiej-granicy-za-cztery-tygodnie-zostana-wyslane-pierwsze-transfery\/","url":"https:\/\/www.pogotowieflagowe.pl\/aktualne\/niemcy-zbudowaly-centrum-migrantow-tuz-obok-polskiej-granicy-za-cztery-tygodnie-zostana-wyslane-pierwsze-transfery\/","name":"Niemcy zbudowa\u0142y centrum migrant\u00f3w tu\u017c obok polskiej granicy. \u201eZa cztery tygodnie zostan\u0105 wys\u0142ane pierwsze transfery\u201d - POGOTOWIE FLAGOWE\u00ae","isPartOf":{"@id":"https:\/\/www.pogotowieflagowe.pl\/aktualne\/#website"},"primaryImageOfPage":{"@id":"https:\/\/www.pogotowieflagowe.pl\/aktualne\/niemcy-zbudowaly-centrum-migrantow-tuz-obok-polskiej-granicy-za-cztery-tygodnie-zostana-wyslane-pierwsze-transfery\/#primaryimage"},"image":{"@id":"https:\/\/www.pogotowieflagowe.pl\/aktualne\/niemcy-zbudowaly-centrum-migrantow-tuz-obok-polskiej-granicy-za-cztery-tygodnie-zostana-wyslane-pierwsze-transfery\/#primaryimage"},"thumbnailUrl":"https:\/\/www.pogotowieflagowe.pl\/aktualne\/wp-content\/uploads\/2025\/02\/Polska-wyprzedana-Rzad-rzuca-pakt-migracyjny-UE-ignorujac-interesy-narodowe.jpg","datePublished":"2025-03-26T20:49:07+00:00","dateModified":"2025-03-26T20:49:07+00:00","breadcrumb":{"@id":"https:\/\/www.pogotowieflagowe.pl\/aktualne\/niemcy-zbudowaly-centrum-migrantow-tuz-obok-polskiej-granicy-za-cztery-tygodnie-zostana-wyslane-pierwsze-transfery\/#breadcrumb"},"inLanguage":"pl-PL","potentialAction":[{"@type":"ReadAction","target":["https:\/\/www.pogotowieflagowe.pl\/aktualne\/niemcy-zbudowaly-centrum-migrantow-tuz-obok-polskiej-granicy-za-cztery-tygodnie-zostana-wyslane-pierwsze-transfery\/"]}]},{"@type":"ImageObject","inLanguage":"pl-PL","@id":"https:\/\/www.pogotowieflagowe.pl\/aktualne\/niemcy-zbudowaly-centrum-migrantow-tuz-obok-polskiej-granicy-za-cztery-tygodnie-zostana-wyslane-pierwsze-transfery\/#primaryimage","url":"https:\/\/www.pogotowieflagowe.pl\/aktualne\/wp-content\/uploads\/2025\/02\/Polska-wyprzedana-Rzad-rzuca-pakt-migracyjny-UE-ignorujac-interesy-narodowe.jpg","contentUrl":"https:\/\/www.pogotowieflagowe.pl\/aktualne\/wp-content\/uploads\/2025\/02\/Polska-wyprzedana-Rzad-rzuca-pakt-migracyjny-UE-ignorujac-interesy-narodowe.jpg","width":1920,"height":1038,"caption":"Polska wyprzedana: Rz\u0105d rzuca pakt migracyjny UE, ignoruj\u0105c interesy narodowe"},{"@type":"BreadcrumbList","@id":"https:\/\/www.pogotowieflagowe.pl\/aktualne\/niemcy-zbudowaly-centrum-migrantow-tuz-obok-polskiej-granicy-za-cztery-tygodnie-zostana-wyslane-pierwsze-transfery\/#breadcrumb","itemListElement":[{"@type":"ListItem","position":1,"name":"Home","item":"https:\/\/www.pogotowieflagowe.pl\/aktualne\/"},{"@type":"ListItem","position":2,"name":"Niemcy zbudowa\u0142y centrum migrant\u00f3w tu\u017c obok polskiej granicy. \u201eZa cztery tygodnie zostan\u0105 wys\u0142ane pierwsze transfery\u201d"}]},{"@type":"WebSite","@id":"https:\/\/www.pogotowieflagowe.pl\/aktualne\/#website","url":"https:\/\/www.pogotowieflagowe.pl\/aktualne\/","name":"POGOTOWIE FLAGOWE\u00ae","description":"","publisher":{"@id":"https:\/\/www.pogotowieflagowe.pl\/aktualne\/#organization"},"potentialAction":[{"@type":"SearchAction","target":{"@type":"EntryPoint","urlTemplate":"https:\/\/www.pogotowieflagowe.pl\/aktualne\/?s={search_term_string}"},"query-input":"required name=search_term_string"}],"inLanguage":"pl-PL"},{"@type":"Organization","@id":"https:\/\/www.pogotowieflagowe.pl\/aktualne\/#organization","name":"POGOTOWIE FLAGOWE\u00ae","url":"https:\/\/www.pogotowieflagowe.pl\/aktualne\/","logo":{"@type":"ImageObject","inLanguage":"pl-PL","@id":"https:\/\/www.pogotowieflagowe.pl\/aktualne\/#\/schema\/logo\/image\/","url":"https:\/\/www.pogotowieflagowe.pl\/aktualne\/wp-content\/uploads\/2024\/08\/cropped-pogotowieflagowe_flaga_projekt_sm.jpg","contentUrl":"https:\/\/www.pogotowieflagowe.pl\/aktualne\/wp-content\/uploads\/2024\/08\/cropped-pogotowieflagowe_flaga_projekt_sm.jpg","width":250,"height":143,"caption":"POGOTOWIE FLAGOWE\u00ae"},"image":{"@id":"https:\/\/www.pogotowieflagowe.pl\/aktualne\/#\/schema\/logo\/image\/"}},{"@type":"Person","@id":"https:\/\/www.pogotowieflagowe.pl\/aktualne\/#\/schema\/person\/9c2fb7d2362ebf6fa088960d7f0d27b0","name":"Filip","image":{"@type":"ImageObject","inLanguage":"pl-PL","@id":"https:\/\/www.pogotowieflagowe.pl\/aktualne\/#\/schema\/person\/image\/","url":"https:\/\/www.pogotowieflagowe.pl\/aktualne\/wp-content\/uploads\/2024\/08\/pogotowieflagowe.pl_.jpg","contentUrl":"https:\/\/www.pogotowieflagowe.pl\/aktualne\/wp-content\/uploads\/2024\/08\/pogotowieflagowe.pl_.jpg","caption":"Filip"},"description":"Jestem Filip, polski dziennikarz z dyplomem nauk politycznych Uniwersytetu Warszawskiego. Rozpoczynaj\u0105c swoj\u0105 karier\u0119 w r\u00f3\u017cnych lokalnych mediach, zdoby\u0142em solidne do\u015bwiadczenie w zakresie \u015bledztwa i redakcji. Obecnie jako redaktor w Pogotowie flagowe, staram si\u0119 dostarcza\u0107 dog\u0142\u0119bne i istotne analizy na temat najwa\u017cniejszych kwestii aktualno\u015bci, \u0142\u0105cz\u0105c rygor z pasj\u0105 dziennikarsk\u0105.","sameAs":["https:\/\/www.pogotowieflagowe.pl\/"]}]}},"_links":{"self":[{"href":"https:\/\/www.pogotowieflagowe.pl\/aktualne\/wp-json\/wp\/v2\/posts\/4831","targetHints":{"allow":["GET"]}}],"collection":[{"href":"https:\/\/www.pogotowieflagowe.pl\/aktualne\/wp-json\/wp\/v2\/posts"}],"about":[{"href":"https:\/\/www.pogotowieflagowe.pl\/aktualne\/wp-json\/wp\/v2\/types\/post"}],"author":[{"embeddable":true,"href":"https:\/\/www.pogotowieflagowe.pl\/aktualne\/wp-json\/wp\/v2\/users\/1"}],"replies":[{"embeddable":true,"href":"https:\/\/www.pogotowieflagowe.pl\/aktualne\/wp-json\/wp\/v2\/comments?post=4831"}],"version-history":[{"count":1,"href":"https:\/\/www.pogotowieflagowe.pl\/aktualne\/wp-json\/wp\/v2\/posts\/4831\/revisions"}],"predecessor-version":[{"id":4832,"href":"https:\/\/www.pogotowieflagowe.pl\/aktualne\/wp-json\/wp\/v2\/posts\/4831\/revisions\/4832"}],"wp:featuredmedia":[{"embeddable":true,"href":"https:\/\/www.pogotowieflagowe.pl\/aktualne\/wp-json\/wp\/v2\/media\/3627"}],"wp:attachment":[{"href":"https:\/\/www.pogotowieflagowe.pl\/aktualne\/wp-json\/wp\/v2\/media?parent=4831"}],"wp:term":[{"taxonomy":"category","embeddable":true,"href":"https:\/\/www.pogotowieflagowe.pl\/aktualne\/wp-json\/wp\/v2\/categories?post=4831"},{"taxonomy":"post_tag","embeddable":true,"href":"https:\/\/www.pogotowieflagowe.pl\/aktualne\/wp-json\/wp\/v2\/tags?post=4831"}],"curies":[{"name":"wp","href":"https:\/\/api.w.org\/{rel}","templated":true}]}}