{"id":4941,"date":"2025-04-01T21:47:07","date_gmt":"2025-04-01T19:47:07","guid":{"rendered":"https:\/\/www.pogotowieflagowe.pl\/aktualne\/le-pen-skazany-morawiecki-to-orzeczenie-przynosi-tylko-rosje\/"},"modified":"2025-04-01T21:47:08","modified_gmt":"2025-04-01T19:47:08","slug":"le-pen-skazany-morawiecki-to-orzeczenie-przynosi-tylko-rosje","status":"publish","type":"post","link":"https:\/\/www.pogotowieflagowe.pl\/aktualne\/le-pen-skazany-morawiecki-to-orzeczenie-przynosi-tylko-rosje\/","title":{"rendered":"Le Pen skazany. Morawiecki: \u201eTo orzeczenie przynosi tylko Rosj\u0119\u201d"},"content":{"rendered":"\n<div class=\"td_block_wrap tdb_single_content tdi_41 td-pb-border-top td_block_template_8 td-post-content tagdiv-type\" data-td-block-uid=\"tdi_41\">\n<style>.tdi_41 {margin-top: 0px! Wa\u017cne; margines-bottom: 0px! WA\u017bNY; PALDING-TOP: 0PX! WA\u017bNY; PALDING-BOTTOM: 0PX! WA\u017bNE}<\/style>\n<style>.tdb_single_content {margin-bottom: 0;*zoom: 1} .tdb_single_content: wcze\u015bniej, .tdb_single_content: po {display: Table; content: ''; line-height: 0} .TDB-BLOCK-INner>*: nie (.WP-BLOCK-QUOTE): not (.alignSwide): not (.Alignfull.wp-block-cover.has-parallax): not (.td-a-ad) {margin-left: auto; margin-right: auto} .tdb_single_ConTent a {wska\u017anik-events: auto} .tdb_single_content .td-spot-id-top_ad .tdc-placeholder-title: przed {content: \u201eArtyku\u0142 top ad\u201d! Wa\u017cne} .tdb_single_content .td-Spot-Id-inline_ad0 .tdc-placeholder-title 1 '! Wa\u017cne} .tdb_single_content .td-Spot-Id-inline_Ad1 .tdc-Placeholder-Title: przed {content: \u201eArtyku\u0142 inline AD 2'! Wa\u017cny} .tdb_single_content. 3 '! Wa\u017cne} .tdb_single_content .td-Spot-Id-Bottom_Ad .tdc-Placeholder-Title: przed {content: \u201eArtyku\u0142 Bottom Ad\u201d! Wa\u017cne} .tdb_single_content .id_top_ad, .tdb_single_content_content .id_bottom_ad {clear: oba; margin-bottom: 21px; text-align: Center} .tdb_single_content .id_top_ad img, .tdb_single_content .id_bottom_ad img {margin-bottom: 0} .tdb_single_conTent .id_top_ad .adsbyGoogle, .tdb_single_content .id_bottom_ad .adsbyGoogle {pozycja: relatyw} .tdb_single_content .id_ad_content-horiz-left, .tdb_single_content .id_ad_content-horiz-right, .tdb_single_content .id_ad_content-horiz-Center {margin-bottom: 15px} .tdb_single_content .id_ad_content-horiz-left Img, .tdb_single_content .id_ad_content-horiz-right img, .tdb_single_content .id_ad_content-horiz-centerter img {margin-bottom: 0} .tdb_single_content .id_ad_content-horiz-center {text-align: Center} .tdb_single_content .id_ad_content-horiz-center img {margin-right: auto; margin-let: auto} .tdb_single_content .id_ad_content-horiz-left {float: left; margin-top: 9px; margin-right: 21px} .tdb_single_content .id_ad_content-horiz-right {float: margin-top: 6px; margin-left: 21px} .tdb_single_content .tdc-a-a-ad .TDC-Placeholder-Title {szeroko\u015b\u0107: 300px; height: 250px} .tdb_single_content .tdc-a-ad .TDC-Placeholder-Title: Przed {Pozycja: Absolute; TOP: 50%;-WebKit-Transform: Translatey (-50%); Transform: Translatey (-50%); margines: auto; wy\u015bwietlacz: tabela; szeroko\u015b\u0107: 100%}. tdb_single_content .TDB-BLOCK-INNER.TD-FIX-INDEX {Word-Break: Break-word} .tdi_41, .tdi_41> p, .tdi_41 .tdb-block-inner> p, .Wp-Block-Column> p {font-size: 16px! Wa\u017cne; wa\u017cny; p {font-styl: normalne! Wa\u017cne} @media (Max-Width: 767px) {. tdb_single_content .id_ad_content-horiz-left, .tdb_single_content .id_ad_content-horiz-right, .tdb_single_content .id_ad_content-horiz-centter {Margin: 0 AUTO 26PXX auto}}@media (Max-Width: 767px) {. tdb_single_content .id_ad_content-horiz-left {margin-right: 0}}@media (max-width: 767px) {. (Max-Width: 767px) {. tdb_single_content .td-a-ad {float: none; text-align: Center} .tdb_single_content .td-a-ad img {margin-right: auto; margin-left: auto} .tdb_single_content .tdc-a-a-a-{margin-right: auto; margin-left: auto} .tdb_single_content .tdd<\/style>\n<div class=\"tdb-block-inner td-fix-index\">\n<p>S\u0105d w Pary\u017cu zakaza\u0142 Marine Le Pen, lidera krajowego rajdu, od ubiegania si\u0119 o urz\u0105d publiczny przez nast\u0119pne pi\u0119\u0107 lat. \u201eOrzeczenie to s\u0142u\u017cy jedynie interesom Rosji, poniewa\u017c podwa\u017ca procedury demokratyczne w Europie, pog\u0142\u0119bia podzia\u0142y i spolaryzacj\u0119 spo\u0142ecze\u0144stwa\u201d, powiedzia\u0142 by\u0142y premier polski i obecny przewodnicz\u0105cy europejskich konserwatyst\u00f3w i reformist\u00f3w (ECR), Mateusz Morawicycki.<\/p>\n<h3 class=\"wp-block-heading\">Le Pen skazany<\/h3>\n<p>S\u0105d w Pary\u017cu uzna\u0142 francuskiego prawicowego lidera, Marine Le Pen, winnego niew\u0142a\u015bciwego wykorzystania funduszy publicznych w sprawie dotycz\u0105cej fikcyjnego zatrudnienia asystent\u00f3w parlamentarnych. Ale nie by\u0142a jedyna. S\u0105d uzna\u0142 tak\u017ce o\u015bmiu innych wsp\u00f3\u0142oskar\u017conych winnych.<\/p>\n<p>Le Pen otrzyma\u0142 natychmiastowy pi\u0119cioletni zakaz sprawowania urz\u0119du publicznego. Ponadto zosta\u0142a skazana na cztery lata wi\u0119zienia, z zawieszeniem dw\u00f3ch lat, chocia\u017c ta cz\u0119\u015b\u0107 wyroku nie wyst\u0119puje natychmiast. Zosta\u0142a r\u00f3wnie\u017c ukarana grzywn\u0105 w wysoko\u015bci 100 000 \u20ac.<\/p>\n<p><strong>Czytaj wi\u0119cej:<\/strong> (Marine Le Pen skazany przez s\u0105d. Nie ma jej ubiegania si\u0119 w wyborach)<\/p>\n<h3 class=\"wp-block-heading\">\u201eRumu\u0144ski scenariusz\u201d w Pary\u017cu?<\/h3>\n<p>Poproszony przez polsk\u0105 agencj\u0119 prasow\u0105 (PAP) o skomentowanie decyzji Trybuna\u0142u, by\u0142y premier Morawiecki, kt\u00f3ry obecnie kieruje parti\u0105 ECR w parlamencie europejskim, stwierdzi\u0142, \u017ce orzeczenie odgrywa si\u0119 bezpo\u015brednio w Rosji. \u201eMoskwa u\u017cywa tej sprawy &#8211; tak jak to mia\u0142o miejsce z Rumuni\u0105 &#8211; w celu podwa\u017cenia demokratycznych procedur w Europie i podzia\u0142u SOW\u201d &#8211; powiedzia\u0142.<\/p>\n<p>Przypomnia\u0142 sobie, jak na pocz\u0105tku tego roku s\u0105dy w Rumunii \u201earesztowa\u0142y wiod\u0105cego kandydata na prezydenta i wcze\u015bniej uniewa\u017cni\u0142y wyniki wybor\u00f3w, kt\u00f3re Calin Georgescu wygra\u0142 w pierwszej rundzie\u201d.<\/p>\n<p><strong>\u201eRezultat tego orzeczenia os\u0142abi, a nie wzmocni demokracj\u0119 we Francji\u201d<\/strong> Morawiecki argumentowa\u0142. Opisa\u0142 to jako akt \u201ezemsty niekt\u00f3rych liberalnych francuskich elit\u00f3w\u201d, kt\u00f3re pr\u00f3buj\u0105 wykluczy\u0107 Le Pen z rasy demokratycznej.<\/p>\n<p>Je\u015bli chodzi o zakaz wybor\u00f3w, Morawiecki podkre\u015bli\u0142, \u017ce orzeczenie reprezentuje <strong>\u201ePr\u00f3ba rozebrania ludzi ich prawa do wyboru\u201d.<\/strong><\/p>\n<p>Przywo\u0142a\u0142 tak\u017ce paralele do wydarze\u0144 w Polsce w 2023 r., Twierdz\u0105c, \u017ce to <strong>\u201eInstytucje UE i zagraniczne organizacje popieraj\u0105ce opozycj\u0119 zorganizowa\u0142y atak na demokratyczny rz\u0105d Polski\u201d.<\/strong><\/p>\n<p>Morawiecki por\u00f3wna\u0142 spraw\u0119 z pr\u00f3bami na bok prezydenta USA Donalda Trumpa. Zauwa\u017cy\u0142 jednak, \u017ce takie wysi\u0142ki ostatecznie <strong>\u201eZako\u0144czy\u0142o si\u0119 bezwarunkowym zwyci\u0119stwem Trumpa\u201d.<\/strong><\/p>\n<\/div>\n<\/div>\n","protected":false},"excerpt":{"rendered":"<p>S\u0105d w Pary\u017cu zakaza\u0142 Marine Le Pen, lidera krajowego rajdu, od ubiegania si\u0119 o urz\u0105d publiczny przez nast\u0119pne pi\u0119\u0107 lat.<\/p>\n","protected":false},"author":1,"featured_media":4942,"comment_status":"closed","ping_status":"","sticky":false,"template":"","format":"standard","meta":{"footnotes":""},"categories":[44],"tags":[419,1609,6674,4633,3144,2378,3165],"class_list":["post-4941","post","type-post","status-publish","format-standard","has-post-thumbnail","hentry","category-polityka","tag-morawiecki","tag-orzeczenie","tag-pen","tag-przynosi","tag-rosje","tag-skazany","tag-tylko","generate-columns","tablet-grid-50","mobile-grid-100","grid-parent","grid-50","resize-featured-image"],"yoast_head":"<!-- This site is optimized with the Yoast SEO plugin v23.2 - https:\/\/yoast.com\/wordpress\/plugins\/seo\/ -->\n<title>Le Pen skazany. Morawiecki: \u201eTo orzeczenie przynosi tylko Rosj\u0119\u201d - POGOTOWIE FLAGOWE\u00ae<\/title>\n<meta name=\"robots\" content=\"index, follow, max-snippet:-1, max-image-preview:large, max-video-preview:-1\" \/>\n<link rel=\"canonical\" href=\"https:\/\/www.pogotowieflagowe.pl\/aktualne\/le-pen-skazany-morawiecki-to-orzeczenie-przynosi-tylko-rosje\/\" \/>\n<meta property=\"og:locale\" content=\"pl_PL\" \/>\n<meta property=\"og:type\" content=\"article\" \/>\n<meta property=\"og:title\" content=\"Le Pen skazany. Morawiecki: \u201eTo orzeczenie przynosi tylko Rosj\u0119\u201d - POGOTOWIE FLAGOWE\u00ae\" \/>\n<meta property=\"og:description\" content=\"S\u0105d w Pary\u017cu zakaza\u0142 Marine Le Pen, lidera krajowego rajdu, od ubiegania si\u0119 o urz\u0105d publiczny przez nast\u0119pne pi\u0119\u0107 lat.\" \/>\n<meta property=\"og:url\" content=\"https:\/\/www.pogotowieflagowe.pl\/aktualne\/le-pen-skazany-morawiecki-to-orzeczenie-przynosi-tylko-rosje\/\" \/>\n<meta property=\"og:site_name\" content=\"POGOTOWIE FLAGOWE\u00ae\" \/>\n<meta property=\"article:published_time\" content=\"2025-04-01T19:47:07+00:00\" \/>\n<meta property=\"article:modified_time\" content=\"2025-04-01T19:47:08+00:00\" \/>\n<meta property=\"og:image\" content=\"https:\/\/www.pogotowieflagowe.pl\/aktualne\/wp-content\/uploads\/2025\/04\/Le-Pen-skazany-Morawiecki-\u201eTo-orzeczenie-przynosi-tylko-Rosje.jpg\" \/>\n\t<meta property=\"og:image:width\" content=\"1200\" \/>\n\t<meta property=\"og:image:height\" content=\"675\" \/>\n\t<meta property=\"og:image:type\" content=\"image\/jpeg\" \/>\n<meta name=\"author\" content=\"Filip\" \/>\n<meta name=\"twitter:card\" content=\"summary_large_image\" \/>\n<meta name=\"twitter:label1\" content=\"Napisane przez\" \/>\n\t<meta name=\"twitter:data1\" content=\"Filip\" \/>\n\t<meta name=\"twitter:label2\" content=\"Szacowany czas czytania\" \/>\n\t<meta name=\"twitter:data2\" content=\"2 minuty\" \/>\n<script type=\"application\/ld+json\" class=\"yoast-schema-graph\">{\"@context\":\"https:\/\/schema.org\",\"@graph\":[{\"@type\":\"Article\",\"@id\":\"https:\/\/www.pogotowieflagowe.pl\/aktualne\/le-pen-skazany-morawiecki-to-orzeczenie-przynosi-tylko-rosje\/#article\",\"isPartOf\":{\"@id\":\"https:\/\/www.pogotowieflagowe.pl\/aktualne\/le-pen-skazany-morawiecki-to-orzeczenie-przynosi-tylko-rosje\/\"},\"author\":{\"name\":\"Filip\",\"@id\":\"https:\/\/www.pogotowieflagowe.pl\/aktualne\/#\/schema\/person\/9c2fb7d2362ebf6fa088960d7f0d27b0\"},\"headline\":\"Le Pen skazany. Morawiecki: \u201eTo orzeczenie przynosi tylko Rosj\u0119\u201d\",\"datePublished\":\"2025-04-01T19:47:07+00:00\",\"dateModified\":\"2025-04-01T19:47:08+00:00\",\"mainEntityOfPage\":{\"@id\":\"https:\/\/www.pogotowieflagowe.pl\/aktualne\/le-pen-skazany-morawiecki-to-orzeczenie-przynosi-tylko-rosje\/\"},\"wordCount\":401,\"publisher\":{\"@id\":\"https:\/\/www.pogotowieflagowe.pl\/aktualne\/#organization\"},\"image\":{\"@id\":\"https:\/\/www.pogotowieflagowe.pl\/aktualne\/le-pen-skazany-morawiecki-to-orzeczenie-przynosi-tylko-rosje\/#primaryimage\"},\"thumbnailUrl\":\"https:\/\/www.pogotowieflagowe.pl\/aktualne\/wp-content\/uploads\/2025\/04\/Le-Pen-skazany-Morawiecki-\u201eTo-orzeczenie-przynosi-tylko-Rosje.jpg\",\"keywords\":[\"Morawiecki\",\"Orzeczenie\",\"Pen\",\"przynosi\",\"Rosj\u0119\",\"skazany\",\"tylko\"],\"articleSection\":[\"Polityka\"],\"inLanguage\":\"pl-PL\"},{\"@type\":\"WebPage\",\"@id\":\"https:\/\/www.pogotowieflagowe.pl\/aktualne\/le-pen-skazany-morawiecki-to-orzeczenie-przynosi-tylko-rosje\/\",\"url\":\"https:\/\/www.pogotowieflagowe.pl\/aktualne\/le-pen-skazany-morawiecki-to-orzeczenie-przynosi-tylko-rosje\/\",\"name\":\"Le Pen skazany. Morawiecki: \u201eTo orzeczenie przynosi tylko Rosj\u0119\u201d - POGOTOWIE FLAGOWE\u00ae\",\"isPartOf\":{\"@id\":\"https:\/\/www.pogotowieflagowe.pl\/aktualne\/#website\"},\"primaryImageOfPage\":{\"@id\":\"https:\/\/www.pogotowieflagowe.pl\/aktualne\/le-pen-skazany-morawiecki-to-orzeczenie-przynosi-tylko-rosje\/#primaryimage\"},\"image\":{\"@id\":\"https:\/\/www.pogotowieflagowe.pl\/aktualne\/le-pen-skazany-morawiecki-to-orzeczenie-przynosi-tylko-rosje\/#primaryimage\"},\"thumbnailUrl\":\"https:\/\/www.pogotowieflagowe.pl\/aktualne\/wp-content\/uploads\/2025\/04\/Le-Pen-skazany-Morawiecki-\u201eTo-orzeczenie-przynosi-tylko-Rosje.jpg\",\"datePublished\":\"2025-04-01T19:47:07+00:00\",\"dateModified\":\"2025-04-01T19:47:08+00:00\",\"breadcrumb\":{\"@id\":\"https:\/\/www.pogotowieflagowe.pl\/aktualne\/le-pen-skazany-morawiecki-to-orzeczenie-przynosi-tylko-rosje\/#breadcrumb\"},\"inLanguage\":\"pl-PL\",\"potentialAction\":[{\"@type\":\"ReadAction\",\"target\":[\"https:\/\/www.pogotowieflagowe.pl\/aktualne\/le-pen-skazany-morawiecki-to-orzeczenie-przynosi-tylko-rosje\/\"]}]},{\"@type\":\"ImageObject\",\"inLanguage\":\"pl-PL\",\"@id\":\"https:\/\/www.pogotowieflagowe.pl\/aktualne\/le-pen-skazany-morawiecki-to-orzeczenie-przynosi-tylko-rosje\/#primaryimage\",\"url\":\"https:\/\/www.pogotowieflagowe.pl\/aktualne\/wp-content\/uploads\/2025\/04\/Le-Pen-skazany-Morawiecki-\u201eTo-orzeczenie-przynosi-tylko-Rosje.jpg\",\"contentUrl\":\"https:\/\/www.pogotowieflagowe.pl\/aktualne\/wp-content\/uploads\/2025\/04\/Le-Pen-skazany-Morawiecki-\u201eTo-orzeczenie-przynosi-tylko-Rosje.jpg\",\"width\":1200,\"height\":675,\"caption\":\"Le Pen skazany. Morawiecki: \u201eTo orzeczenie przynosi tylko Rosj\u0119\u201d\"},{\"@type\":\"BreadcrumbList\",\"@id\":\"https:\/\/www.pogotowieflagowe.pl\/aktualne\/le-pen-skazany-morawiecki-to-orzeczenie-przynosi-tylko-rosje\/#breadcrumb\",\"itemListElement\":[{\"@type\":\"ListItem\",\"position\":1,\"name\":\"Home\",\"item\":\"https:\/\/www.pogotowieflagowe.pl\/aktualne\/\"},{\"@type\":\"ListItem\",\"position\":2,\"name\":\"Le Pen skazany. Morawiecki: \u201eTo orzeczenie przynosi tylko Rosj\u0119\u201d\"}]},{\"@type\":\"WebSite\",\"@id\":\"https:\/\/www.pogotowieflagowe.pl\/aktualne\/#website\",\"url\":\"https:\/\/www.pogotowieflagowe.pl\/aktualne\/\",\"name\":\"POGOTOWIE FLAGOWE\u00ae\",\"description\":\"\",\"publisher\":{\"@id\":\"https:\/\/www.pogotowieflagowe.pl\/aktualne\/#organization\"},\"potentialAction\":[{\"@type\":\"SearchAction\",\"target\":{\"@type\":\"EntryPoint\",\"urlTemplate\":\"https:\/\/www.pogotowieflagowe.pl\/aktualne\/?s={search_term_string}\"},\"query-input\":\"required name=search_term_string\"}],\"inLanguage\":\"pl-PL\"},{\"@type\":\"Organization\",\"@id\":\"https:\/\/www.pogotowieflagowe.pl\/aktualne\/#organization\",\"name\":\"POGOTOWIE FLAGOWE\u00ae\",\"url\":\"https:\/\/www.pogotowieflagowe.pl\/aktualne\/\",\"logo\":{\"@type\":\"ImageObject\",\"inLanguage\":\"pl-PL\",\"@id\":\"https:\/\/www.pogotowieflagowe.pl\/aktualne\/#\/schema\/logo\/image\/\",\"url\":\"https:\/\/www.pogotowieflagowe.pl\/aktualne\/wp-content\/uploads\/2024\/08\/cropped-pogotowieflagowe_flaga_projekt_sm.jpg\",\"contentUrl\":\"https:\/\/www.pogotowieflagowe.pl\/aktualne\/wp-content\/uploads\/2024\/08\/cropped-pogotowieflagowe_flaga_projekt_sm.jpg\",\"width\":250,\"height\":143,\"caption\":\"POGOTOWIE FLAGOWE\u00ae\"},\"image\":{\"@id\":\"https:\/\/www.pogotowieflagowe.pl\/aktualne\/#\/schema\/logo\/image\/\"}},{\"@type\":\"Person\",\"@id\":\"https:\/\/www.pogotowieflagowe.pl\/aktualne\/#\/schema\/person\/9c2fb7d2362ebf6fa088960d7f0d27b0\",\"name\":\"Filip\",\"image\":{\"@type\":\"ImageObject\",\"inLanguage\":\"pl-PL\",\"@id\":\"https:\/\/www.pogotowieflagowe.pl\/aktualne\/#\/schema\/person\/image\/\",\"url\":\"https:\/\/www.pogotowieflagowe.pl\/aktualne\/wp-content\/uploads\/2024\/08\/pogotowieflagowe.pl_.jpg\",\"contentUrl\":\"https:\/\/www.pogotowieflagowe.pl\/aktualne\/wp-content\/uploads\/2024\/08\/pogotowieflagowe.pl_.jpg\",\"caption\":\"Filip\"},\"description\":\"Jestem Filip, polski dziennikarz z dyplomem nauk politycznych Uniwersytetu Warszawskiego. Rozpoczynaj\u0105c swoj\u0105 karier\u0119 w r\u00f3\u017cnych lokalnych mediach, zdoby\u0142em solidne do\u015bwiadczenie w zakresie \u015bledztwa i redakcji. Obecnie jako redaktor w Pogotowie flagowe, staram si\u0119 dostarcza\u0107 dog\u0142\u0119bne i istotne analizy na temat najwa\u017cniejszych kwestii aktualno\u015bci, \u0142\u0105cz\u0105c rygor z pasj\u0105 dziennikarsk\u0105.\",\"sameAs\":[\"https:\/\/www.pogotowieflagowe.pl\/\"]}]}<\/script>\n<!-- \/ Yoast SEO plugin. -->","yoast_head_json":{"title":"Le Pen skazany. Morawiecki: \u201eTo orzeczenie przynosi tylko Rosj\u0119\u201d - POGOTOWIE FLAGOWE\u00ae","robots":{"index":"index","follow":"follow","max-snippet":"max-snippet:-1","max-image-preview":"max-image-preview:large","max-video-preview":"max-video-preview:-1"},"canonical":"https:\/\/www.pogotowieflagowe.pl\/aktualne\/le-pen-skazany-morawiecki-to-orzeczenie-przynosi-tylko-rosje\/","og_locale":"pl_PL","og_type":"article","og_title":"Le Pen skazany. Morawiecki: \u201eTo orzeczenie przynosi tylko Rosj\u0119\u201d - POGOTOWIE FLAGOWE\u00ae","og_description":"S\u0105d w Pary\u017cu zakaza\u0142 Marine Le Pen, lidera krajowego rajdu, od ubiegania si\u0119 o urz\u0105d publiczny przez nast\u0119pne pi\u0119\u0107 lat.","og_url":"https:\/\/www.pogotowieflagowe.pl\/aktualne\/le-pen-skazany-morawiecki-to-orzeczenie-przynosi-tylko-rosje\/","og_site_name":"POGOTOWIE FLAGOWE\u00ae","article_published_time":"2025-04-01T19:47:07+00:00","article_modified_time":"2025-04-01T19:47:08+00:00","og_image":[{"width":1200,"height":675,"url":"https:\/\/www.pogotowieflagowe.pl\/aktualne\/wp-content\/uploads\/2025\/04\/Le-Pen-skazany-Morawiecki-\u201eTo-orzeczenie-przynosi-tylko-Rosje.jpg","type":"image\/jpeg"}],"author":"Filip","twitter_card":"summary_large_image","twitter_misc":{"Napisane przez":"Filip","Szacowany czas czytania":"2 minuty"},"schema":{"@context":"https:\/\/schema.org","@graph":[{"@type":"Article","@id":"https:\/\/www.pogotowieflagowe.pl\/aktualne\/le-pen-skazany-morawiecki-to-orzeczenie-przynosi-tylko-rosje\/#article","isPartOf":{"@id":"https:\/\/www.pogotowieflagowe.pl\/aktualne\/le-pen-skazany-morawiecki-to-orzeczenie-przynosi-tylko-rosje\/"},"author":{"name":"Filip","@id":"https:\/\/www.pogotowieflagowe.pl\/aktualne\/#\/schema\/person\/9c2fb7d2362ebf6fa088960d7f0d27b0"},"headline":"Le Pen skazany. Morawiecki: \u201eTo orzeczenie przynosi tylko Rosj\u0119\u201d","datePublished":"2025-04-01T19:47:07+00:00","dateModified":"2025-04-01T19:47:08+00:00","mainEntityOfPage":{"@id":"https:\/\/www.pogotowieflagowe.pl\/aktualne\/le-pen-skazany-morawiecki-to-orzeczenie-przynosi-tylko-rosje\/"},"wordCount":401,"publisher":{"@id":"https:\/\/www.pogotowieflagowe.pl\/aktualne\/#organization"},"image":{"@id":"https:\/\/www.pogotowieflagowe.pl\/aktualne\/le-pen-skazany-morawiecki-to-orzeczenie-przynosi-tylko-rosje\/#primaryimage"},"thumbnailUrl":"https:\/\/www.pogotowieflagowe.pl\/aktualne\/wp-content\/uploads\/2025\/04\/Le-Pen-skazany-Morawiecki-\u201eTo-orzeczenie-przynosi-tylko-Rosje.jpg","keywords":["Morawiecki","Orzeczenie","Pen","przynosi","Rosj\u0119","skazany","tylko"],"articleSection":["Polityka"],"inLanguage":"pl-PL"},{"@type":"WebPage","@id":"https:\/\/www.pogotowieflagowe.pl\/aktualne\/le-pen-skazany-morawiecki-to-orzeczenie-przynosi-tylko-rosje\/","url":"https:\/\/www.pogotowieflagowe.pl\/aktualne\/le-pen-skazany-morawiecki-to-orzeczenie-przynosi-tylko-rosje\/","name":"Le Pen skazany. Morawiecki: \u201eTo orzeczenie przynosi tylko Rosj\u0119\u201d - POGOTOWIE FLAGOWE\u00ae","isPartOf":{"@id":"https:\/\/www.pogotowieflagowe.pl\/aktualne\/#website"},"primaryImageOfPage":{"@id":"https:\/\/www.pogotowieflagowe.pl\/aktualne\/le-pen-skazany-morawiecki-to-orzeczenie-przynosi-tylko-rosje\/#primaryimage"},"image":{"@id":"https:\/\/www.pogotowieflagowe.pl\/aktualne\/le-pen-skazany-morawiecki-to-orzeczenie-przynosi-tylko-rosje\/#primaryimage"},"thumbnailUrl":"https:\/\/www.pogotowieflagowe.pl\/aktualne\/wp-content\/uploads\/2025\/04\/Le-Pen-skazany-Morawiecki-\u201eTo-orzeczenie-przynosi-tylko-Rosje.jpg","datePublished":"2025-04-01T19:47:07+00:00","dateModified":"2025-04-01T19:47:08+00:00","breadcrumb":{"@id":"https:\/\/www.pogotowieflagowe.pl\/aktualne\/le-pen-skazany-morawiecki-to-orzeczenie-przynosi-tylko-rosje\/#breadcrumb"},"inLanguage":"pl-PL","potentialAction":[{"@type":"ReadAction","target":["https:\/\/www.pogotowieflagowe.pl\/aktualne\/le-pen-skazany-morawiecki-to-orzeczenie-przynosi-tylko-rosje\/"]}]},{"@type":"ImageObject","inLanguage":"pl-PL","@id":"https:\/\/www.pogotowieflagowe.pl\/aktualne\/le-pen-skazany-morawiecki-to-orzeczenie-przynosi-tylko-rosje\/#primaryimage","url":"https:\/\/www.pogotowieflagowe.pl\/aktualne\/wp-content\/uploads\/2025\/04\/Le-Pen-skazany-Morawiecki-\u201eTo-orzeczenie-przynosi-tylko-Rosje.jpg","contentUrl":"https:\/\/www.pogotowieflagowe.pl\/aktualne\/wp-content\/uploads\/2025\/04\/Le-Pen-skazany-Morawiecki-\u201eTo-orzeczenie-przynosi-tylko-Rosje.jpg","width":1200,"height":675,"caption":"Le Pen skazany. Morawiecki: \u201eTo orzeczenie przynosi tylko Rosj\u0119\u201d"},{"@type":"BreadcrumbList","@id":"https:\/\/www.pogotowieflagowe.pl\/aktualne\/le-pen-skazany-morawiecki-to-orzeczenie-przynosi-tylko-rosje\/#breadcrumb","itemListElement":[{"@type":"ListItem","position":1,"name":"Home","item":"https:\/\/www.pogotowieflagowe.pl\/aktualne\/"},{"@type":"ListItem","position":2,"name":"Le Pen skazany. Morawiecki: \u201eTo orzeczenie przynosi tylko Rosj\u0119\u201d"}]},{"@type":"WebSite","@id":"https:\/\/www.pogotowieflagowe.pl\/aktualne\/#website","url":"https:\/\/www.pogotowieflagowe.pl\/aktualne\/","name":"POGOTOWIE FLAGOWE\u00ae","description":"","publisher":{"@id":"https:\/\/www.pogotowieflagowe.pl\/aktualne\/#organization"},"potentialAction":[{"@type":"SearchAction","target":{"@type":"EntryPoint","urlTemplate":"https:\/\/www.pogotowieflagowe.pl\/aktualne\/?s={search_term_string}"},"query-input":"required name=search_term_string"}],"inLanguage":"pl-PL"},{"@type":"Organization","@id":"https:\/\/www.pogotowieflagowe.pl\/aktualne\/#organization","name":"POGOTOWIE FLAGOWE\u00ae","url":"https:\/\/www.pogotowieflagowe.pl\/aktualne\/","logo":{"@type":"ImageObject","inLanguage":"pl-PL","@id":"https:\/\/www.pogotowieflagowe.pl\/aktualne\/#\/schema\/logo\/image\/","url":"https:\/\/www.pogotowieflagowe.pl\/aktualne\/wp-content\/uploads\/2024\/08\/cropped-pogotowieflagowe_flaga_projekt_sm.jpg","contentUrl":"https:\/\/www.pogotowieflagowe.pl\/aktualne\/wp-content\/uploads\/2024\/08\/cropped-pogotowieflagowe_flaga_projekt_sm.jpg","width":250,"height":143,"caption":"POGOTOWIE FLAGOWE\u00ae"},"image":{"@id":"https:\/\/www.pogotowieflagowe.pl\/aktualne\/#\/schema\/logo\/image\/"}},{"@type":"Person","@id":"https:\/\/www.pogotowieflagowe.pl\/aktualne\/#\/schema\/person\/9c2fb7d2362ebf6fa088960d7f0d27b0","name":"Filip","image":{"@type":"ImageObject","inLanguage":"pl-PL","@id":"https:\/\/www.pogotowieflagowe.pl\/aktualne\/#\/schema\/person\/image\/","url":"https:\/\/www.pogotowieflagowe.pl\/aktualne\/wp-content\/uploads\/2024\/08\/pogotowieflagowe.pl_.jpg","contentUrl":"https:\/\/www.pogotowieflagowe.pl\/aktualne\/wp-content\/uploads\/2024\/08\/pogotowieflagowe.pl_.jpg","caption":"Filip"},"description":"Jestem Filip, polski dziennikarz z dyplomem nauk politycznych Uniwersytetu Warszawskiego. Rozpoczynaj\u0105c swoj\u0105 karier\u0119 w r\u00f3\u017cnych lokalnych mediach, zdoby\u0142em solidne do\u015bwiadczenie w zakresie \u015bledztwa i redakcji. Obecnie jako redaktor w Pogotowie flagowe, staram si\u0119 dostarcza\u0107 dog\u0142\u0119bne i istotne analizy na temat najwa\u017cniejszych kwestii aktualno\u015bci, \u0142\u0105cz\u0105c rygor z pasj\u0105 dziennikarsk\u0105.","sameAs":["https:\/\/www.pogotowieflagowe.pl\/"]}]}},"_links":{"self":[{"href":"https:\/\/www.pogotowieflagowe.pl\/aktualne\/wp-json\/wp\/v2\/posts\/4941","targetHints":{"allow":["GET"]}}],"collection":[{"href":"https:\/\/www.pogotowieflagowe.pl\/aktualne\/wp-json\/wp\/v2\/posts"}],"about":[{"href":"https:\/\/www.pogotowieflagowe.pl\/aktualne\/wp-json\/wp\/v2\/types\/post"}],"author":[{"embeddable":true,"href":"https:\/\/www.pogotowieflagowe.pl\/aktualne\/wp-json\/wp\/v2\/users\/1"}],"replies":[{"embeddable":true,"href":"https:\/\/www.pogotowieflagowe.pl\/aktualne\/wp-json\/wp\/v2\/comments?post=4941"}],"version-history":[{"count":1,"href":"https:\/\/www.pogotowieflagowe.pl\/aktualne\/wp-json\/wp\/v2\/posts\/4941\/revisions"}],"predecessor-version":[{"id":4943,"href":"https:\/\/www.pogotowieflagowe.pl\/aktualne\/wp-json\/wp\/v2\/posts\/4941\/revisions\/4943"}],"wp:featuredmedia":[{"embeddable":true,"href":"https:\/\/www.pogotowieflagowe.pl\/aktualne\/wp-json\/wp\/v2\/media\/4942"}],"wp:attachment":[{"href":"https:\/\/www.pogotowieflagowe.pl\/aktualne\/wp-json\/wp\/v2\/media?parent=4941"}],"wp:term":[{"taxonomy":"category","embeddable":true,"href":"https:\/\/www.pogotowieflagowe.pl\/aktualne\/wp-json\/wp\/v2\/categories?post=4941"},{"taxonomy":"post_tag","embeddable":true,"href":"https:\/\/www.pogotowieflagowe.pl\/aktualne\/wp-json\/wp\/v2\/tags?post=4941"}],"curies":[{"name":"wp","href":"https:\/\/api.w.org\/{rel}","templated":true}]}}