{"id":4944,"date":"2025-04-01T22:47:18","date_gmt":"2025-04-01T20:47:18","guid":{"rendered":"https:\/\/www.pogotowieflagowe.pl\/aktualne\/armia-amerykanska-potwierdza-cialo-czwartego-zaginionego-zolnierza-znalezionego-na-litwie\/"},"modified":"2025-04-01T22:47:19","modified_gmt":"2025-04-01T20:47:19","slug":"armia-amerykanska-potwierdza-cialo-czwartego-zaginionego-zolnierza-znalezionego-na-litwie","status":"publish","type":"post","link":"https:\/\/www.pogotowieflagowe.pl\/aktualne\/armia-amerykanska-potwierdza-cialo-czwartego-zaginionego-zolnierza-znalezionego-na-litwie\/","title":{"rendered":"Armia ameryka\u0144ska potwierdza: Cia\u0142o czwartego zaginionego \u017co\u0142nierza znalezionego na Litwie"},"content":{"rendered":"\n<div class=\"td_block_wrap tdb_single_content tdi_41 td-pb-border-top td_block_template_8 td-post-content tagdiv-type\" data-td-block-uid=\"tdi_41\">\n<style>.tdi_41 {margin-top: 0px! Wa\u017cne; margines-bottom: 0px! WA\u017bNY; PALDING-TOP: 0PX! WA\u017bNY; PALDING-BOTTOM: 0PX! WA\u017bNE}<\/style>\n<style>.tdb_single_content {margin-bottom: 0;*zoom: 1} .tdb_single_content: wcze\u015bniej, .tdb_single_content: po {display: Table; content: ''; line-height: 0} .TDB-BLOCK-INner>*: nie (.WP-BLOCK-QUOTE): not (.alignSwide): not (.Alignfull.wp-block-cover.has-parallax): not (.td-a-ad) {margin-left: auto; margin-right: auto} .tdb_single_ConTent a {wska\u017anik-events: auto} .tdb_single_content .td-spot-id-top_ad .tdc-placeholder-title: przed {content: \u201eArtyku\u0142 top ad\u201d! Wa\u017cne} .tdb_single_content .td-Spot-Id-inline_ad0 .tdc-placeholder-title 1 '! Wa\u017cne} .tdb_single_content .td-Spot-Id-inline_Ad1 .tdc-Placeholder-Title: przed {content: \u201eArtyku\u0142 inline AD 2'! Wa\u017cny} .tdb_single_content. 3 '! Wa\u017cne} .tdb_single_content .td-Spot-Id-Bottom_Ad .tdc-Placeholder-Title: przed {content: \u201eArtyku\u0142 Bottom Ad\u201d! Wa\u017cne} .tdb_single_content .id_top_ad, .tdb_single_content_content .id_bottom_ad {clear: oba; margin-bottom: 21px; text-align: Center} .tdb_single_content .id_top_ad img, .tdb_single_content .id_bottom_ad img {margin-bottom: 0} .tdb_single_conTent .id_top_ad .adsbyGoogle, .tdb_single_content .id_bottom_ad .adsbyGoogle {pozycja: relatyw} .tdb_single_content .id_ad_content-horiz-left, .tdb_single_content .id_ad_content-horiz-right, .tdb_single_content .id_ad_content-horiz-Center {margin-bottom: 15px} .tdb_single_content .id_ad_content-horiz-left Img, .tdb_single_content .id_ad_content-horiz-right img, .tdb_single_content .id_ad_content-horiz-centerter img {margin-bottom: 0} .tdb_single_content .id_ad_content-horiz-center {text-align: Center} .tdb_single_content .id_ad_content-horiz-center img {margin-right: auto; margin-let: auto} .tdb_single_content .id_ad_content-horiz-left {float: left; margin-top: 9px; margin-right: 21px} .tdb_single_content .id_ad_content-horiz-right {float: margin-top: 6px; margin-left: 21px} .tdb_single_content .tdc-a-a-ad .TDC-Placeholder-Title {szeroko\u015b\u0107: 300px; height: 250px} .tdb_single_content .tdc-a-ad .TDC-Placeholder-Title: Przed {Pozycja: Absolute; TOP: 50%;-WebKit-Transform: Translatey (-50%); Transform: Translatey (-50%); margines: auto; wy\u015bwietlacz: tabela; szeroko\u015b\u0107: 100%}. tdb_single_content .TDB-BLOCK-INNER.TD-FIX-INDEX {Word-Break: Break-word} .tdi_41, .tdi_41> p, .tdi_41 .tdb-block-inner> p, .Wp-Block-Column> p {font-size: 16px! Wa\u017cne; wa\u017cny; p {font-styl: normalne! Wa\u017cne} @media (Max-Width: 767px) {. tdb_single_content .id_ad_content-horiz-left, .tdb_single_content .id_ad_content-horiz-right, .tdb_single_content .id_ad_content-horiz-centter {Margin: 0 AUTO 26PXX auto}}@media (Max-Width: 767px) {. tdb_single_content .id_ad_content-horiz-left {margin-right: 0}}@media (max-width: 767px) {. (Max-Width: 767px) {. tdb_single_content .td-a-ad {float: none; text-align: Center} .tdb_single_content .td-a-ad img {margin-right: auto; margin-left: auto} .tdb_single_content .tdc-a-a-a-{margin-right: auto; margin-left: auto} .tdb_single_content .tdd<\/style>\n<div class=\"tdb-block-inner td-fix-index\">\n<p>Cia\u0142o czwartego \u017co\u0142nierza ameryka\u0144skiego, kt\u00f3ry zagin\u0105\u0142 na Litwie, zosta\u0142o odkryte w pobli\u017cu Pabrad\u0117 na Litwie, we wtorek, zgodnie z o\u015bwiadczeniem dow\u00f3dztwa Armii USA. Jest to zgodne z potwierdzeniem \u015bmierci pozosta\u0142ych trzech \u017co\u0142nierzy zaledwie dzie\u0144 wcze\u015bniej.<\/p>\n<p>\u201eCzwarty \u017co\u0142nierz armii ameryka\u0144skiej przydzielony do 1. pancernej dru\u017cyny bojowej Brygady, 3. Dywizji Piechoty, zosta\u0142 znaleziony zmar\u0142ej w pobli\u017cu Pabrad\u0117 na Litwie, po po\u0142udniu 1 kwietnia\u201d, przeczytaj komunikat prasowy z siedziby dowodzenia w Wiesbaden w Niemczech.<\/p>\n<p>To\u017csamo\u015b\u0107 \u017co\u0142nierza nie zostanie ujawniona, dop\u00f3ki rodzina nie zostanie powiadomiona.<\/p>\n<p>W poniedzia\u0142ek prezydent litewski Gitanas Naus\u0117da potwierdzi\u0142 odkrycie cia\u0142 trzech innych zaginionych \u017co\u0142nierzy USA.<\/p>\n<p>\u201eDo ostatniej chwili liczyli\u015bmy na cud. Z g\u0142\u0119bokim smutkiem i \u017calem otrzyma\u0142em wiadomo\u015b\u0107 o \u015bmierci ameryka\u0144skich \u017co\u0142nierzy, kt\u00f3rzy zgin\u0119li podczas \u0107wicze\u0144 szkoleniowych. Ich strata jest niszczycielskim ciosem nie tylko dla naszych ameryka\u0144skich przyjaci\u00f3\u0142, ale tak\u017ce na litewskie si\u0142y zbrojne\u201d &#8211; powiedzia\u0142 Naus\u0117da w o\u015bwiadczeniu wydanym przez urz\u0105d prezydencki.<\/p>\n<p>Prezydent przed\u0142u\u017cy\u0142 swoje szczere kondolencje prezydentowi USA Donaldowi Trumpowi, rodzinom, przyjacio\u0142om i towarzyszom upad\u0142ych \u017co\u0142nierzy, a tak\u017ce narodowi ameryka\u0144skiemu.<\/p>\n<\/div>\n<\/div>\n","protected":false},"excerpt":{"rendered":"<p>Cia\u0142o czwartego \u017co\u0142nierza ameryka\u0144skiego, kt\u00f3ry zagin\u0105\u0142 na Litwie, zosta\u0142o odkryte w pobli\u017cu Pabrad\u0117 na Litwie, we wtorek, zgodnie z o\u015bwiadczeniem<\/p>\n","protected":false},"author":1,"featured_media":4945,"comment_status":"closed","ping_status":"","sticky":false,"template":"","format":"standard","meta":{"footnotes":""},"categories":[4748],"tags":[3137,3827,6389,6699,6702,4223,6700,6701,6294],"class_list":["post-4944","post","type-post","status-publish","format-standard","has-post-thumbnail","hentry","category-aktualne","tag-amerykanska","tag-armia","tag-cialo","tag-czwartego","tag-litwie","tag-potwierdza","tag-zaginionego","tag-znalezionego","tag-zolnierza","generate-columns","tablet-grid-50","mobile-grid-100","grid-parent","grid-50","resize-featured-image"],"yoast_head":"<!-- This site is optimized with the Yoast SEO plugin v23.2 - https:\/\/yoast.com\/wordpress\/plugins\/seo\/ -->\n<title>Armia ameryka\u0144ska potwierdza: Cia\u0142o czwartego zaginionego \u017co\u0142nierza znalezionego na Litwie - POGOTOWIE FLAGOWE\u00ae<\/title>\n<meta name=\"robots\" content=\"index, follow, max-snippet:-1, max-image-preview:large, max-video-preview:-1\" \/>\n<link rel=\"canonical\" href=\"https:\/\/www.pogotowieflagowe.pl\/aktualne\/armia-amerykanska-potwierdza-cialo-czwartego-zaginionego-zolnierza-znalezionego-na-litwie\/\" \/>\n<meta property=\"og:locale\" content=\"pl_PL\" \/>\n<meta property=\"og:type\" content=\"article\" \/>\n<meta property=\"og:title\" content=\"Armia ameryka\u0144ska potwierdza: Cia\u0142o czwartego zaginionego \u017co\u0142nierza znalezionego na Litwie - POGOTOWIE FLAGOWE\u00ae\" \/>\n<meta property=\"og:description\" content=\"Cia\u0142o czwartego \u017co\u0142nierza ameryka\u0144skiego, kt\u00f3ry zagin\u0105\u0142 na Litwie, zosta\u0142o odkryte w pobli\u017cu Pabrad\u0117 na Litwie, we wtorek, zgodnie z o\u015bwiadczeniem\" \/>\n<meta property=\"og:url\" content=\"https:\/\/www.pogotowieflagowe.pl\/aktualne\/armia-amerykanska-potwierdza-cialo-czwartego-zaginionego-zolnierza-znalezionego-na-litwie\/\" \/>\n<meta property=\"og:site_name\" content=\"POGOTOWIE FLAGOWE\u00ae\" \/>\n<meta property=\"article:published_time\" content=\"2025-04-01T20:47:18+00:00\" \/>\n<meta property=\"article:modified_time\" content=\"2025-04-01T20:47:19+00:00\" \/>\n<meta property=\"og:image\" content=\"https:\/\/www.pogotowieflagowe.pl\/aktualne\/wp-content\/uploads\/2025\/04\/Armia-amerykanska-potwierdza-Cialo-czwartego-zaginionego-zolnierza-znalezionego-na-Litwie.webp.webp\" \/>\n\t<meta property=\"og:image:width\" content=\"1280\" \/>\n\t<meta property=\"og:image:height\" content=\"719\" \/>\n\t<meta property=\"og:image:type\" content=\"image\/webp\" \/>\n<meta name=\"author\" content=\"Filip\" \/>\n<meta name=\"twitter:card\" content=\"summary_large_image\" \/>\n<meta name=\"twitter:label1\" content=\"Napisane przez\" \/>\n\t<meta name=\"twitter:data1\" content=\"Filip\" \/>\n\t<meta name=\"twitter:label2\" content=\"Szacowany czas czytania\" \/>\n\t<meta name=\"twitter:data2\" content=\"1 minuta\" \/>\n<script type=\"application\/ld+json\" class=\"yoast-schema-graph\">{\"@context\":\"https:\/\/schema.org\",\"@graph\":[{\"@type\":\"Article\",\"@id\":\"https:\/\/www.pogotowieflagowe.pl\/aktualne\/armia-amerykanska-potwierdza-cialo-czwartego-zaginionego-zolnierza-znalezionego-na-litwie\/#article\",\"isPartOf\":{\"@id\":\"https:\/\/www.pogotowieflagowe.pl\/aktualne\/armia-amerykanska-potwierdza-cialo-czwartego-zaginionego-zolnierza-znalezionego-na-litwie\/\"},\"author\":{\"name\":\"Filip\",\"@id\":\"https:\/\/www.pogotowieflagowe.pl\/aktualne\/#\/schema\/person\/9c2fb7d2362ebf6fa088960d7f0d27b0\"},\"headline\":\"Armia ameryka\u0144ska potwierdza: Cia\u0142o czwartego zaginionego \u017co\u0142nierza znalezionego na Litwie\",\"datePublished\":\"2025-04-01T20:47:18+00:00\",\"dateModified\":\"2025-04-01T20:47:19+00:00\",\"mainEntityOfPage\":{\"@id\":\"https:\/\/www.pogotowieflagowe.pl\/aktualne\/armia-amerykanska-potwierdza-cialo-czwartego-zaginionego-zolnierza-znalezionego-na-litwie\/\"},\"wordCount\":215,\"publisher\":{\"@id\":\"https:\/\/www.pogotowieflagowe.pl\/aktualne\/#organization\"},\"image\":{\"@id\":\"https:\/\/www.pogotowieflagowe.pl\/aktualne\/armia-amerykanska-potwierdza-cialo-czwartego-zaginionego-zolnierza-znalezionego-na-litwie\/#primaryimage\"},\"thumbnailUrl\":\"https:\/\/www.pogotowieflagowe.pl\/aktualne\/wp-content\/uploads\/2025\/04\/Armia-amerykanska-potwierdza-Cialo-czwartego-zaginionego-zolnierza-znalezionego-na-Litwie.webp.webp\",\"keywords\":[\"ameryka\u0144sk\u0105\",\"armia\",\"Cia\u0142o\",\"czwartego\",\"Litwie\",\"potwierdza\",\"zaginionego\",\"znalezionego\",\"\u017co\u0142nierza\"],\"articleSection\":[\"Aktualne\"],\"inLanguage\":\"pl-PL\"},{\"@type\":\"WebPage\",\"@id\":\"https:\/\/www.pogotowieflagowe.pl\/aktualne\/armia-amerykanska-potwierdza-cialo-czwartego-zaginionego-zolnierza-znalezionego-na-litwie\/\",\"url\":\"https:\/\/www.pogotowieflagowe.pl\/aktualne\/armia-amerykanska-potwierdza-cialo-czwartego-zaginionego-zolnierza-znalezionego-na-litwie\/\",\"name\":\"Armia ameryka\u0144ska potwierdza: Cia\u0142o czwartego zaginionego \u017co\u0142nierza znalezionego na Litwie - POGOTOWIE FLAGOWE\u00ae\",\"isPartOf\":{\"@id\":\"https:\/\/www.pogotowieflagowe.pl\/aktualne\/#website\"},\"primaryImageOfPage\":{\"@id\":\"https:\/\/www.pogotowieflagowe.pl\/aktualne\/armia-amerykanska-potwierdza-cialo-czwartego-zaginionego-zolnierza-znalezionego-na-litwie\/#primaryimage\"},\"image\":{\"@id\":\"https:\/\/www.pogotowieflagowe.pl\/aktualne\/armia-amerykanska-potwierdza-cialo-czwartego-zaginionego-zolnierza-znalezionego-na-litwie\/#primaryimage\"},\"thumbnailUrl\":\"https:\/\/www.pogotowieflagowe.pl\/aktualne\/wp-content\/uploads\/2025\/04\/Armia-amerykanska-potwierdza-Cialo-czwartego-zaginionego-zolnierza-znalezionego-na-Litwie.webp.webp\",\"datePublished\":\"2025-04-01T20:47:18+00:00\",\"dateModified\":\"2025-04-01T20:47:19+00:00\",\"breadcrumb\":{\"@id\":\"https:\/\/www.pogotowieflagowe.pl\/aktualne\/armia-amerykanska-potwierdza-cialo-czwartego-zaginionego-zolnierza-znalezionego-na-litwie\/#breadcrumb\"},\"inLanguage\":\"pl-PL\",\"potentialAction\":[{\"@type\":\"ReadAction\",\"target\":[\"https:\/\/www.pogotowieflagowe.pl\/aktualne\/armia-amerykanska-potwierdza-cialo-czwartego-zaginionego-zolnierza-znalezionego-na-litwie\/\"]}]},{\"@type\":\"ImageObject\",\"inLanguage\":\"pl-PL\",\"@id\":\"https:\/\/www.pogotowieflagowe.pl\/aktualne\/armia-amerykanska-potwierdza-cialo-czwartego-zaginionego-zolnierza-znalezionego-na-litwie\/#primaryimage\",\"url\":\"https:\/\/www.pogotowieflagowe.pl\/aktualne\/wp-content\/uploads\/2025\/04\/Armia-amerykanska-potwierdza-Cialo-czwartego-zaginionego-zolnierza-znalezionego-na-Litwie.webp.webp\",\"contentUrl\":\"https:\/\/www.pogotowieflagowe.pl\/aktualne\/wp-content\/uploads\/2025\/04\/Armia-amerykanska-potwierdza-Cialo-czwartego-zaginionego-zolnierza-znalezionego-na-Litwie.webp.webp\",\"width\":1280,\"height\":719,\"caption\":\"Armia ameryka\u0144ska potwierdza: Cia\u0142o czwartego zaginionego \u017co\u0142nierza znalezionego na Litwie\"},{\"@type\":\"BreadcrumbList\",\"@id\":\"https:\/\/www.pogotowieflagowe.pl\/aktualne\/armia-amerykanska-potwierdza-cialo-czwartego-zaginionego-zolnierza-znalezionego-na-litwie\/#breadcrumb\",\"itemListElement\":[{\"@type\":\"ListItem\",\"position\":1,\"name\":\"Home\",\"item\":\"https:\/\/www.pogotowieflagowe.pl\/aktualne\/\"},{\"@type\":\"ListItem\",\"position\":2,\"name\":\"Armia ameryka\u0144ska potwierdza: Cia\u0142o czwartego zaginionego \u017co\u0142nierza znalezionego na Litwie\"}]},{\"@type\":\"WebSite\",\"@id\":\"https:\/\/www.pogotowieflagowe.pl\/aktualne\/#website\",\"url\":\"https:\/\/www.pogotowieflagowe.pl\/aktualne\/\",\"name\":\"POGOTOWIE FLAGOWE\u00ae\",\"description\":\"\",\"publisher\":{\"@id\":\"https:\/\/www.pogotowieflagowe.pl\/aktualne\/#organization\"},\"potentialAction\":[{\"@type\":\"SearchAction\",\"target\":{\"@type\":\"EntryPoint\",\"urlTemplate\":\"https:\/\/www.pogotowieflagowe.pl\/aktualne\/?s={search_term_string}\"},\"query-input\":\"required name=search_term_string\"}],\"inLanguage\":\"pl-PL\"},{\"@type\":\"Organization\",\"@id\":\"https:\/\/www.pogotowieflagowe.pl\/aktualne\/#organization\",\"name\":\"POGOTOWIE FLAGOWE\u00ae\",\"url\":\"https:\/\/www.pogotowieflagowe.pl\/aktualne\/\",\"logo\":{\"@type\":\"ImageObject\",\"inLanguage\":\"pl-PL\",\"@id\":\"https:\/\/www.pogotowieflagowe.pl\/aktualne\/#\/schema\/logo\/image\/\",\"url\":\"https:\/\/www.pogotowieflagowe.pl\/aktualne\/wp-content\/uploads\/2024\/08\/cropped-pogotowieflagowe_flaga_projekt_sm.jpg\",\"contentUrl\":\"https:\/\/www.pogotowieflagowe.pl\/aktualne\/wp-content\/uploads\/2024\/08\/cropped-pogotowieflagowe_flaga_projekt_sm.jpg\",\"width\":250,\"height\":143,\"caption\":\"POGOTOWIE FLAGOWE\u00ae\"},\"image\":{\"@id\":\"https:\/\/www.pogotowieflagowe.pl\/aktualne\/#\/schema\/logo\/image\/\"}},{\"@type\":\"Person\",\"@id\":\"https:\/\/www.pogotowieflagowe.pl\/aktualne\/#\/schema\/person\/9c2fb7d2362ebf6fa088960d7f0d27b0\",\"name\":\"Filip\",\"image\":{\"@type\":\"ImageObject\",\"inLanguage\":\"pl-PL\",\"@id\":\"https:\/\/www.pogotowieflagowe.pl\/aktualne\/#\/schema\/person\/image\/\",\"url\":\"https:\/\/www.pogotowieflagowe.pl\/aktualne\/wp-content\/uploads\/2024\/08\/pogotowieflagowe.pl_.jpg\",\"contentUrl\":\"https:\/\/www.pogotowieflagowe.pl\/aktualne\/wp-content\/uploads\/2024\/08\/pogotowieflagowe.pl_.jpg\",\"caption\":\"Filip\"},\"description\":\"Jestem Filip, polski dziennikarz z dyplomem nauk politycznych Uniwersytetu Warszawskiego. Rozpoczynaj\u0105c swoj\u0105 karier\u0119 w r\u00f3\u017cnych lokalnych mediach, zdoby\u0142em solidne do\u015bwiadczenie w zakresie \u015bledztwa i redakcji. Obecnie jako redaktor w Pogotowie flagowe, staram si\u0119 dostarcza\u0107 dog\u0142\u0119bne i istotne analizy na temat najwa\u017cniejszych kwestii aktualno\u015bci, \u0142\u0105cz\u0105c rygor z pasj\u0105 dziennikarsk\u0105.\",\"sameAs\":[\"https:\/\/www.pogotowieflagowe.pl\/\"]}]}<\/script>\n<!-- \/ Yoast SEO plugin. -->","yoast_head_json":{"title":"Armia ameryka\u0144ska potwierdza: Cia\u0142o czwartego zaginionego \u017co\u0142nierza znalezionego na Litwie - POGOTOWIE FLAGOWE\u00ae","robots":{"index":"index","follow":"follow","max-snippet":"max-snippet:-1","max-image-preview":"max-image-preview:large","max-video-preview":"max-video-preview:-1"},"canonical":"https:\/\/www.pogotowieflagowe.pl\/aktualne\/armia-amerykanska-potwierdza-cialo-czwartego-zaginionego-zolnierza-znalezionego-na-litwie\/","og_locale":"pl_PL","og_type":"article","og_title":"Armia ameryka\u0144ska potwierdza: Cia\u0142o czwartego zaginionego \u017co\u0142nierza znalezionego na Litwie - POGOTOWIE FLAGOWE\u00ae","og_description":"Cia\u0142o czwartego \u017co\u0142nierza ameryka\u0144skiego, kt\u00f3ry zagin\u0105\u0142 na Litwie, zosta\u0142o odkryte w pobli\u017cu Pabrad\u0117 na Litwie, we wtorek, zgodnie z o\u015bwiadczeniem","og_url":"https:\/\/www.pogotowieflagowe.pl\/aktualne\/armia-amerykanska-potwierdza-cialo-czwartego-zaginionego-zolnierza-znalezionego-na-litwie\/","og_site_name":"POGOTOWIE FLAGOWE\u00ae","article_published_time":"2025-04-01T20:47:18+00:00","article_modified_time":"2025-04-01T20:47:19+00:00","og_image":[{"width":1280,"height":719,"url":"https:\/\/www.pogotowieflagowe.pl\/aktualne\/wp-content\/uploads\/2025\/04\/Armia-amerykanska-potwierdza-Cialo-czwartego-zaginionego-zolnierza-znalezionego-na-Litwie.webp.webp","type":"image\/webp"}],"author":"Filip","twitter_card":"summary_large_image","twitter_misc":{"Napisane przez":"Filip","Szacowany czas czytania":"1 minuta"},"schema":{"@context":"https:\/\/schema.org","@graph":[{"@type":"Article","@id":"https:\/\/www.pogotowieflagowe.pl\/aktualne\/armia-amerykanska-potwierdza-cialo-czwartego-zaginionego-zolnierza-znalezionego-na-litwie\/#article","isPartOf":{"@id":"https:\/\/www.pogotowieflagowe.pl\/aktualne\/armia-amerykanska-potwierdza-cialo-czwartego-zaginionego-zolnierza-znalezionego-na-litwie\/"},"author":{"name":"Filip","@id":"https:\/\/www.pogotowieflagowe.pl\/aktualne\/#\/schema\/person\/9c2fb7d2362ebf6fa088960d7f0d27b0"},"headline":"Armia ameryka\u0144ska potwierdza: Cia\u0142o czwartego zaginionego \u017co\u0142nierza znalezionego na Litwie","datePublished":"2025-04-01T20:47:18+00:00","dateModified":"2025-04-01T20:47:19+00:00","mainEntityOfPage":{"@id":"https:\/\/www.pogotowieflagowe.pl\/aktualne\/armia-amerykanska-potwierdza-cialo-czwartego-zaginionego-zolnierza-znalezionego-na-litwie\/"},"wordCount":215,"publisher":{"@id":"https:\/\/www.pogotowieflagowe.pl\/aktualne\/#organization"},"image":{"@id":"https:\/\/www.pogotowieflagowe.pl\/aktualne\/armia-amerykanska-potwierdza-cialo-czwartego-zaginionego-zolnierza-znalezionego-na-litwie\/#primaryimage"},"thumbnailUrl":"https:\/\/www.pogotowieflagowe.pl\/aktualne\/wp-content\/uploads\/2025\/04\/Armia-amerykanska-potwierdza-Cialo-czwartego-zaginionego-zolnierza-znalezionego-na-Litwie.webp.webp","keywords":["ameryka\u0144sk\u0105","armia","Cia\u0142o","czwartego","Litwie","potwierdza","zaginionego","znalezionego","\u017co\u0142nierza"],"articleSection":["Aktualne"],"inLanguage":"pl-PL"},{"@type":"WebPage","@id":"https:\/\/www.pogotowieflagowe.pl\/aktualne\/armia-amerykanska-potwierdza-cialo-czwartego-zaginionego-zolnierza-znalezionego-na-litwie\/","url":"https:\/\/www.pogotowieflagowe.pl\/aktualne\/armia-amerykanska-potwierdza-cialo-czwartego-zaginionego-zolnierza-znalezionego-na-litwie\/","name":"Armia ameryka\u0144ska potwierdza: Cia\u0142o czwartego zaginionego \u017co\u0142nierza znalezionego na Litwie - POGOTOWIE FLAGOWE\u00ae","isPartOf":{"@id":"https:\/\/www.pogotowieflagowe.pl\/aktualne\/#website"},"primaryImageOfPage":{"@id":"https:\/\/www.pogotowieflagowe.pl\/aktualne\/armia-amerykanska-potwierdza-cialo-czwartego-zaginionego-zolnierza-znalezionego-na-litwie\/#primaryimage"},"image":{"@id":"https:\/\/www.pogotowieflagowe.pl\/aktualne\/armia-amerykanska-potwierdza-cialo-czwartego-zaginionego-zolnierza-znalezionego-na-litwie\/#primaryimage"},"thumbnailUrl":"https:\/\/www.pogotowieflagowe.pl\/aktualne\/wp-content\/uploads\/2025\/04\/Armia-amerykanska-potwierdza-Cialo-czwartego-zaginionego-zolnierza-znalezionego-na-Litwie.webp.webp","datePublished":"2025-04-01T20:47:18+00:00","dateModified":"2025-04-01T20:47:19+00:00","breadcrumb":{"@id":"https:\/\/www.pogotowieflagowe.pl\/aktualne\/armia-amerykanska-potwierdza-cialo-czwartego-zaginionego-zolnierza-znalezionego-na-litwie\/#breadcrumb"},"inLanguage":"pl-PL","potentialAction":[{"@type":"ReadAction","target":["https:\/\/www.pogotowieflagowe.pl\/aktualne\/armia-amerykanska-potwierdza-cialo-czwartego-zaginionego-zolnierza-znalezionego-na-litwie\/"]}]},{"@type":"ImageObject","inLanguage":"pl-PL","@id":"https:\/\/www.pogotowieflagowe.pl\/aktualne\/armia-amerykanska-potwierdza-cialo-czwartego-zaginionego-zolnierza-znalezionego-na-litwie\/#primaryimage","url":"https:\/\/www.pogotowieflagowe.pl\/aktualne\/wp-content\/uploads\/2025\/04\/Armia-amerykanska-potwierdza-Cialo-czwartego-zaginionego-zolnierza-znalezionego-na-Litwie.webp.webp","contentUrl":"https:\/\/www.pogotowieflagowe.pl\/aktualne\/wp-content\/uploads\/2025\/04\/Armia-amerykanska-potwierdza-Cialo-czwartego-zaginionego-zolnierza-znalezionego-na-Litwie.webp.webp","width":1280,"height":719,"caption":"Armia ameryka\u0144ska potwierdza: Cia\u0142o czwartego zaginionego \u017co\u0142nierza znalezionego na Litwie"},{"@type":"BreadcrumbList","@id":"https:\/\/www.pogotowieflagowe.pl\/aktualne\/armia-amerykanska-potwierdza-cialo-czwartego-zaginionego-zolnierza-znalezionego-na-litwie\/#breadcrumb","itemListElement":[{"@type":"ListItem","position":1,"name":"Home","item":"https:\/\/www.pogotowieflagowe.pl\/aktualne\/"},{"@type":"ListItem","position":2,"name":"Armia ameryka\u0144ska potwierdza: Cia\u0142o czwartego zaginionego \u017co\u0142nierza znalezionego na Litwie"}]},{"@type":"WebSite","@id":"https:\/\/www.pogotowieflagowe.pl\/aktualne\/#website","url":"https:\/\/www.pogotowieflagowe.pl\/aktualne\/","name":"POGOTOWIE FLAGOWE\u00ae","description":"","publisher":{"@id":"https:\/\/www.pogotowieflagowe.pl\/aktualne\/#organization"},"potentialAction":[{"@type":"SearchAction","target":{"@type":"EntryPoint","urlTemplate":"https:\/\/www.pogotowieflagowe.pl\/aktualne\/?s={search_term_string}"},"query-input":"required name=search_term_string"}],"inLanguage":"pl-PL"},{"@type":"Organization","@id":"https:\/\/www.pogotowieflagowe.pl\/aktualne\/#organization","name":"POGOTOWIE FLAGOWE\u00ae","url":"https:\/\/www.pogotowieflagowe.pl\/aktualne\/","logo":{"@type":"ImageObject","inLanguage":"pl-PL","@id":"https:\/\/www.pogotowieflagowe.pl\/aktualne\/#\/schema\/logo\/image\/","url":"https:\/\/www.pogotowieflagowe.pl\/aktualne\/wp-content\/uploads\/2024\/08\/cropped-pogotowieflagowe_flaga_projekt_sm.jpg","contentUrl":"https:\/\/www.pogotowieflagowe.pl\/aktualne\/wp-content\/uploads\/2024\/08\/cropped-pogotowieflagowe_flaga_projekt_sm.jpg","width":250,"height":143,"caption":"POGOTOWIE FLAGOWE\u00ae"},"image":{"@id":"https:\/\/www.pogotowieflagowe.pl\/aktualne\/#\/schema\/logo\/image\/"}},{"@type":"Person","@id":"https:\/\/www.pogotowieflagowe.pl\/aktualne\/#\/schema\/person\/9c2fb7d2362ebf6fa088960d7f0d27b0","name":"Filip","image":{"@type":"ImageObject","inLanguage":"pl-PL","@id":"https:\/\/www.pogotowieflagowe.pl\/aktualne\/#\/schema\/person\/image\/","url":"https:\/\/www.pogotowieflagowe.pl\/aktualne\/wp-content\/uploads\/2024\/08\/pogotowieflagowe.pl_.jpg","contentUrl":"https:\/\/www.pogotowieflagowe.pl\/aktualne\/wp-content\/uploads\/2024\/08\/pogotowieflagowe.pl_.jpg","caption":"Filip"},"description":"Jestem Filip, polski dziennikarz z dyplomem nauk politycznych Uniwersytetu Warszawskiego. Rozpoczynaj\u0105c swoj\u0105 karier\u0119 w r\u00f3\u017cnych lokalnych mediach, zdoby\u0142em solidne do\u015bwiadczenie w zakresie \u015bledztwa i redakcji. Obecnie jako redaktor w Pogotowie flagowe, staram si\u0119 dostarcza\u0107 dog\u0142\u0119bne i istotne analizy na temat najwa\u017cniejszych kwestii aktualno\u015bci, \u0142\u0105cz\u0105c rygor z pasj\u0105 dziennikarsk\u0105.","sameAs":["https:\/\/www.pogotowieflagowe.pl\/"]}]}},"_links":{"self":[{"href":"https:\/\/www.pogotowieflagowe.pl\/aktualne\/wp-json\/wp\/v2\/posts\/4944","targetHints":{"allow":["GET"]}}],"collection":[{"href":"https:\/\/www.pogotowieflagowe.pl\/aktualne\/wp-json\/wp\/v2\/posts"}],"about":[{"href":"https:\/\/www.pogotowieflagowe.pl\/aktualne\/wp-json\/wp\/v2\/types\/post"}],"author":[{"embeddable":true,"href":"https:\/\/www.pogotowieflagowe.pl\/aktualne\/wp-json\/wp\/v2\/users\/1"}],"replies":[{"embeddable":true,"href":"https:\/\/www.pogotowieflagowe.pl\/aktualne\/wp-json\/wp\/v2\/comments?post=4944"}],"version-history":[{"count":1,"href":"https:\/\/www.pogotowieflagowe.pl\/aktualne\/wp-json\/wp\/v2\/posts\/4944\/revisions"}],"predecessor-version":[{"id":4946,"href":"https:\/\/www.pogotowieflagowe.pl\/aktualne\/wp-json\/wp\/v2\/posts\/4944\/revisions\/4946"}],"wp:featuredmedia":[{"embeddable":true,"href":"https:\/\/www.pogotowieflagowe.pl\/aktualne\/wp-json\/wp\/v2\/media\/4945"}],"wp:attachment":[{"href":"https:\/\/www.pogotowieflagowe.pl\/aktualne\/wp-json\/wp\/v2\/media?parent=4944"}],"wp:term":[{"taxonomy":"category","embeddable":true,"href":"https:\/\/www.pogotowieflagowe.pl\/aktualne\/wp-json\/wp\/v2\/categories?post=4944"},{"taxonomy":"post_tag","embeddable":true,"href":"https:\/\/www.pogotowieflagowe.pl\/aktualne\/wp-json\/wp\/v2\/tags?post=4944"}],"curies":[{"name":"wp","href":"https:\/\/api.w.org\/{rel}","templated":true}]}}