{"id":497,"date":"2024-09-03T21:56:25","date_gmt":"2024-09-03T19:56:25","guid":{"rendered":"https:\/\/www.pogotowieflagowe.pl\/aktualne\/polska-podpisuje-nowe-kontrakty-obronne-w-obliczu-naciskow-na-zwiekszenie-wydatkow-wojskowych\/"},"modified":"2024-09-03T21:56:26","modified_gmt":"2024-09-03T19:56:26","slug":"polska-podpisuje-nowe-kontrakty-obronne-w-obliczu-naciskow-na-zwiekszenie-wydatkow-wojskowych","status":"publish","type":"post","link":"https:\/\/www.pogotowieflagowe.pl\/aktualne\/polska-podpisuje-nowe-kontrakty-obronne-w-obliczu-naciskow-na-zwiekszenie-wydatkow-wojskowych\/","title":{"rendered":"Polska podpisuje nowe kontrakty obronne w obliczu nacisk\u00f3w na zwi\u0119kszenie wydatk\u00f3w wojskowych"},"content":{"rendered":"\n<div class=\"td_block_wrap tdb_single_content tdi_48 td-pb-border-top td_block_template_8 td-post-content tagdiv-type\" data-td-block-uid=\"tdi_48\">\n<style>.tdi_48{margines g\u00f3rny:0px!wa\u017cne;margines dolny:0px!wa\u017cne;wype\u0142nienie g\u00f3rne:0px!wa\u017cne;wype\u0142nienie dolne:0px!wa\u017cne}<\/style>\n<style>.tdb_single_content{margines-dolny:0;*powi\u0119kszenie:1}.tdb_single_content:before,.tdb_single_content:after{wy\u015bwietlanie:tabela;zawarto\u015b\u0107:'';wysoko\u015b\u0107-linii:0}.tdb_single_content:after{wyczy\u015b\u0107:oba}.tdb_single_content .tdb-block-inner>*:not(.wp-block-quote):not(.alignwide):not(.alignfull.wp-block-cover.has-parallax):not(.td-a-ad){margines-lewy:auto;margines-prawy:auto}.tdb_single_content a{zdarzenia-wska\u017anika:auto}.tdb_single_content .td-spot-id-top_ad .tdc-placeholder-title:before{zawarto\u015b\u0107:'Pocz\u0105tek artyku\u0142u Reklama'!important}.tdb_single_content .td-spot-id-inline_ad0 .tdc-placeholder-title:before{content:'Reklama inline artyku\u0142u 1'!important}.tdb_single_content .td-spot-id-inline_ad1 .tdc-placeholder-title:before{content:'Reklama inline artyku\u0142u 2'!important}.tdb_single_content .td-spot-id-inline_ad2 .tdc-placeholder-title:before{content:'Reklama inline artyku\u0142u 3'!important}.tdb_single_content .td-spot-id-bottom_ad .tdc-placeholder-title:before{content:'Reklama dolna artyku\u0142u'!important}.tdb_single_content .id_top_ad,.tdb_single_content .id_bottom_ad{clear:both;margines-dolny:21px;wyr\u00f3wnanie-tekstu:\u015brodek}.tdb_single_content .id_top_ad img,.tdb_single_content .id_bottom_ad img{margines-dolny:0}.tdb_single_content .id_top_ad .adsbygoogle,.tdb_single_content .id_bottom_ad .adsbygoogle{pozycja:wzgl\u0119dna}.tdb_single_content .id_ad_content-poziom-lewy,.tdb_single_content .id_ad_content-poziom-prawy,.tdb_single_content .id_ad_content-horiz-center{margines dolny:15px}.tdb_single_content .id_ad_content-horiz-lewy img,.tdb_single_content .id_ad_content-horiz-prawy img,.tdb_single_content .id_ad_content-horiz-center img{margines dolny:0}.tdb_single_content .id_ad_content-horiz-center{wyr\u00f3wnanie tekstu:\u015brodek}.tdb_single_content .id_ad_content-horiz-center img{margines prawy:auto;margines lewy:auto}.tdb_single_content .id_ad_content-horiz-left{float:lewy;margines g\u00f3rny:9px;margines prawy:21px}.tdb_single_content .id_ad_content-horiz-right{float:right;margines-g\u00f3rny:6px;margines-lewy:21px}.tdb_single_content .tdc-a-ad .tdc-placeholder-title{szeroko\u015b\u0107:300px;wysoko\u015b\u0107:250px}.tdb_single_content .tdc-a-ad .tdc-placeholder-title:before{pozycja:absolutna;g\u00f3ra:50%;-webkit-transform:translateY(-50%);przekszta\u0142cenie:translateY(-50%);margines:auto;wy\u015bwietlanie:tabela;szeroko\u015b\u0107:100%}.tdb_single_content .tdb-block-inner.td-fix-index{word-break:break-word}.tdi_48,.tdi_48>p,.tdi_48 .tdb-block-inner>p{rozmiar-czcionki:16px!wa\u017cne;wysoko\u015b\u0107-linii:1.6!wa\u017cne}.tdi_48 .tdb-block-inner cytat p{styl-czcionki:normalny!wa\u017cne}@media (maks. szeroko\u015b\u0107:767px){.tdb_single_content .id_ad_content-poziom-lewo,.tdb_single_content .id_ad_content-poziom-prawo,.tdb_single_content .id_ad_content-poziom-\u015brodek{margines:0 auto 26px auto}}@media (maks. szeroko\u015b\u0107:767px){.tdb_single_content .id_ad_content-poziom-lewo{margines-prawy:0}}@media (maks. szeroko\u015b\u0107:767px){.tdb_single_content .id_ad_content-horiz-right{margines-lewy:0}}@media (maksymalna szeroko\u015b\u0107:767px){.tdb_single_content .td-a-ad{float:none;wyr\u00f3wnanie tekstu:\u015brodek}.tdb_single_content .td-a-ad img{margines-prawy:auto;margines-lewy:auto}.tdb_single_content .tdc-a-ad{float:none}}<\/style>\n<div class=\"tdb-block-inner td-fix-index\">\n<p>Polska podpisa\u0142a seri\u0119 nowych kontrakt\u00f3w obronnych o warto\u015bci oko\u0142o 2 mld z\u0142, jak og\u0142oszono podczas 32. Mi\u0119dzynarodowego Salonu Przemys\u0142u Obronnego (MSPO) w Kielcach. W wydarzeniu wzi\u0119\u0142y udzia\u0142 wybitne osobisto\u015bci, w tym prezydent Andrzej Duda i minister obrony narodowej W\u0142adys\u0142aw Kosiniak-Kamysz.<\/p>\n<p>Prezydent Duda podkre\u015bli\u0142 znaczenie tych kontrakt\u00f3w w kontek\u015bcie wzmocnienia zdolno\u015bci obronnych NATO. Przemawiaj\u0105c na wydarzeniu, podkre\u015bli\u0142 swoje d\u0142ugotrwa\u0142e poparcie dla zwi\u0119kszenia wydatk\u00f3w na obron\u0119, o co zabiega\u0142 od miesi\u0119cy. Duda przypomnia\u0142 swoje wysi\u0142ki z pocz\u0105tku tego roku, podczas 25. rocznicy cz\u0142onkostwa Polski w NATO, kiedy to wzywa\u0142 cz\u0142onk\u00f3w sojuszu do zwi\u0119kszenia bud\u017cet\u00f3w obronnych do 3% PKB.<\/p>\n<p>\u201ePokojowa i konsekwentna polityka wzmacniania obrony w ramach NATO doprowadzi\u0142a do upadku Zwi\u0105zku Radzieckiego i jego gospodarki, kt\u00f3ra nie mog\u0142a ud\u017awign\u0105\u0107 ci\u0119\u017caru finansowego i technologicznego\u201d \u2013 zauwa\u017cy\u0142 Duda. Wyrazi\u0142 przekonanie, \u017ce r\u00f3wnie\u017c dzisiaj rosn\u0105ce wydatki na obron\u0119 uczyni\u0105 armie NATO gro\u017anymi, zapewniaj\u0105c, \u017ce nie zostan\u0105 pokonane, zw\u0142aszcza je\u015bli stan\u0105 zjednoczone w obronie ka\u017cdego centymetra terytorium NATO.<\/p>\n<p>Minister Kosiniak-Kamysz doda\u0142, \u017ce nowo podpisane umowy obejmuj\u0105 kluczowe inwestycje w systemy takie jak Narew i Wis\u0142a, systemy radarowe i wsp\u00f3\u0142prac\u0119 z zagranicznymi partnerami. Ponadto zawarto znacz\u0105ce umowy z polskimi firmami takimi jak Rosomak SA, Jelcz SA i WB Electronics, co odzwierciedla silne zaanga\u017cowanie w rozw\u00f3j krajowego przemys\u0142u obronnego. Minister og\u0142osi\u0142 r\u00f3wnie\u017c plany podpisania wi\u0119kszej liczby um\u00f3w, w tym na systemy FlyEye, podkre\u015blaj\u0105c znaczenie inwestowania w w\u0142asne zdolno\u015bci obronne Polski.<\/p>\n<\/div>\n<\/div>\n","protected":false},"excerpt":{"rendered":"<p>Polska podpisa\u0142a seri\u0119 nowych kontrakt\u00f3w obronnych o warto\u015bci oko\u0142o 2 mld z\u0142, jak og\u0142oszono podczas 32. Mi\u0119dzynarodowego Salonu Przemys\u0142u Obronnego<\/p>\n","protected":false},"author":1,"featured_media":498,"comment_status":"closed","ping_status":"","sticky":false,"template":"","format":"standard","meta":{"footnotes":""},"categories":[44],"tags":[817,819,812,185,818,816,4,822,821,820],"class_list":["post-497","post","type-post","status-publish","format-standard","has-post-thumbnail","hentry","category-polityka","tag-kontrakty","tag-naciskow","tag-nowe","tag-obliczu","tag-obronne","tag-podpisuje","tag-polska","tag-wojskowych","tag-wydatkow","tag-zwiekszenie","generate-columns","tablet-grid-50","mobile-grid-100","grid-parent","grid-50","resize-featured-image"],"yoast_head":"<!-- This site is optimized with the Yoast SEO plugin v23.2 - https:\/\/yoast.com\/wordpress\/plugins\/seo\/ -->\n<title>Polska podpisuje nowe kontrakty obronne w obliczu nacisk\u00f3w na zwi\u0119kszenie wydatk\u00f3w wojskowych - POGOTOWIE FLAGOWE\u00ae<\/title>\n<meta name=\"robots\" content=\"index, follow, max-snippet:-1, max-image-preview:large, max-video-preview:-1\" \/>\n<link rel=\"canonical\" href=\"https:\/\/www.pogotowieflagowe.pl\/aktualne\/polska-podpisuje-nowe-kontrakty-obronne-w-obliczu-naciskow-na-zwiekszenie-wydatkow-wojskowych\/\" \/>\n<meta property=\"og:locale\" content=\"pl_PL\" \/>\n<meta property=\"og:type\" content=\"article\" \/>\n<meta property=\"og:title\" content=\"Polska podpisuje nowe kontrakty obronne w obliczu nacisk\u00f3w na zwi\u0119kszenie wydatk\u00f3w wojskowych - POGOTOWIE FLAGOWE\u00ae\" \/>\n<meta property=\"og:description\" content=\"Polska podpisa\u0142a seri\u0119 nowych kontrakt\u00f3w obronnych o warto\u015bci oko\u0142o 2 mld z\u0142, jak og\u0142oszono podczas 32. Mi\u0119dzynarodowego Salonu Przemys\u0142u Obronnego\" \/>\n<meta property=\"og:url\" content=\"https:\/\/www.pogotowieflagowe.pl\/aktualne\/polska-podpisuje-nowe-kontrakty-obronne-w-obliczu-naciskow-na-zwiekszenie-wydatkow-wojskowych\/\" \/>\n<meta property=\"og:site_name\" content=\"POGOTOWIE FLAGOWE\u00ae\" \/>\n<meta property=\"article:published_time\" content=\"2024-09-03T19:56:25+00:00\" \/>\n<meta property=\"article:modified_time\" content=\"2024-09-03T19:56:26+00:00\" \/>\n<meta property=\"og:image\" content=\"https:\/\/www.pogotowieflagowe.pl\/aktualne\/wp-content\/uploads\/2024\/09\/Polska-podpisuje-nowe-kontrakty-obronne-w-obliczu-naciskow-na-zwiekszenie.jpg\" \/>\n\t<meta property=\"og:image:width\" content=\"1280\" \/>\n\t<meta property=\"og:image:height\" content=\"720\" \/>\n\t<meta property=\"og:image:type\" content=\"image\/jpeg\" \/>\n<meta name=\"author\" content=\"Filip\" \/>\n<meta name=\"twitter:card\" content=\"summary_large_image\" \/>\n<meta name=\"twitter:label1\" content=\"Napisane przez\" \/>\n\t<meta name=\"twitter:data1\" content=\"Filip\" \/>\n\t<meta name=\"twitter:label2\" content=\"Szacowany czas czytania\" \/>\n\t<meta name=\"twitter:data2\" content=\"1 minuta\" \/>\n<script type=\"application\/ld+json\" class=\"yoast-schema-graph\">{\"@context\":\"https:\/\/schema.org\",\"@graph\":[{\"@type\":\"Article\",\"@id\":\"https:\/\/www.pogotowieflagowe.pl\/aktualne\/polska-podpisuje-nowe-kontrakty-obronne-w-obliczu-naciskow-na-zwiekszenie-wydatkow-wojskowych\/#article\",\"isPartOf\":{\"@id\":\"https:\/\/www.pogotowieflagowe.pl\/aktualne\/polska-podpisuje-nowe-kontrakty-obronne-w-obliczu-naciskow-na-zwiekszenie-wydatkow-wojskowych\/\"},\"author\":{\"name\":\"Filip\",\"@id\":\"https:\/\/www.pogotowieflagowe.pl\/aktualne\/#\/schema\/person\/9c2fb7d2362ebf6fa088960d7f0d27b0\"},\"headline\":\"Polska podpisuje nowe kontrakty obronne w obliczu nacisk\u00f3w na zwi\u0119kszenie wydatk\u00f3w wojskowych\",\"datePublished\":\"2024-09-03T19:56:25+00:00\",\"dateModified\":\"2024-09-03T19:56:26+00:00\",\"mainEntityOfPage\":{\"@id\":\"https:\/\/www.pogotowieflagowe.pl\/aktualne\/polska-podpisuje-nowe-kontrakty-obronne-w-obliczu-naciskow-na-zwiekszenie-wydatkow-wojskowych\/\"},\"wordCount\":290,\"publisher\":{\"@id\":\"https:\/\/www.pogotowieflagowe.pl\/aktualne\/#organization\"},\"image\":{\"@id\":\"https:\/\/www.pogotowieflagowe.pl\/aktualne\/polska-podpisuje-nowe-kontrakty-obronne-w-obliczu-naciskow-na-zwiekszenie-wydatkow-wojskowych\/#primaryimage\"},\"thumbnailUrl\":\"https:\/\/www.pogotowieflagowe.pl\/aktualne\/wp-content\/uploads\/2024\/09\/Polska-podpisuje-nowe-kontrakty-obronne-w-obliczu-naciskow-na-zwiekszenie.jpg\",\"keywords\":[\"kontrakty\",\"nacisk\u00f3w\",\"Nowe\",\"obliczu\",\"obronne\",\"podpisuje\",\"polska\",\"wojskowych\",\"wydatk\u00f3w\",\"zwi\u0119kszenie\"],\"articleSection\":[\"Polityka\"],\"inLanguage\":\"pl-PL\"},{\"@type\":\"WebPage\",\"@id\":\"https:\/\/www.pogotowieflagowe.pl\/aktualne\/polska-podpisuje-nowe-kontrakty-obronne-w-obliczu-naciskow-na-zwiekszenie-wydatkow-wojskowych\/\",\"url\":\"https:\/\/www.pogotowieflagowe.pl\/aktualne\/polska-podpisuje-nowe-kontrakty-obronne-w-obliczu-naciskow-na-zwiekszenie-wydatkow-wojskowych\/\",\"name\":\"Polska podpisuje nowe kontrakty obronne w obliczu nacisk\u00f3w na zwi\u0119kszenie wydatk\u00f3w wojskowych - POGOTOWIE FLAGOWE\u00ae\",\"isPartOf\":{\"@id\":\"https:\/\/www.pogotowieflagowe.pl\/aktualne\/#website\"},\"primaryImageOfPage\":{\"@id\":\"https:\/\/www.pogotowieflagowe.pl\/aktualne\/polska-podpisuje-nowe-kontrakty-obronne-w-obliczu-naciskow-na-zwiekszenie-wydatkow-wojskowych\/#primaryimage\"},\"image\":{\"@id\":\"https:\/\/www.pogotowieflagowe.pl\/aktualne\/polska-podpisuje-nowe-kontrakty-obronne-w-obliczu-naciskow-na-zwiekszenie-wydatkow-wojskowych\/#primaryimage\"},\"thumbnailUrl\":\"https:\/\/www.pogotowieflagowe.pl\/aktualne\/wp-content\/uploads\/2024\/09\/Polska-podpisuje-nowe-kontrakty-obronne-w-obliczu-naciskow-na-zwiekszenie.jpg\",\"datePublished\":\"2024-09-03T19:56:25+00:00\",\"dateModified\":\"2024-09-03T19:56:26+00:00\",\"breadcrumb\":{\"@id\":\"https:\/\/www.pogotowieflagowe.pl\/aktualne\/polska-podpisuje-nowe-kontrakty-obronne-w-obliczu-naciskow-na-zwiekszenie-wydatkow-wojskowych\/#breadcrumb\"},\"inLanguage\":\"pl-PL\",\"potentialAction\":[{\"@type\":\"ReadAction\",\"target\":[\"https:\/\/www.pogotowieflagowe.pl\/aktualne\/polska-podpisuje-nowe-kontrakty-obronne-w-obliczu-naciskow-na-zwiekszenie-wydatkow-wojskowych\/\"]}]},{\"@type\":\"ImageObject\",\"inLanguage\":\"pl-PL\",\"@id\":\"https:\/\/www.pogotowieflagowe.pl\/aktualne\/polska-podpisuje-nowe-kontrakty-obronne-w-obliczu-naciskow-na-zwiekszenie-wydatkow-wojskowych\/#primaryimage\",\"url\":\"https:\/\/www.pogotowieflagowe.pl\/aktualne\/wp-content\/uploads\/2024\/09\/Polska-podpisuje-nowe-kontrakty-obronne-w-obliczu-naciskow-na-zwiekszenie.jpg\",\"contentUrl\":\"https:\/\/www.pogotowieflagowe.pl\/aktualne\/wp-content\/uploads\/2024\/09\/Polska-podpisuje-nowe-kontrakty-obronne-w-obliczu-naciskow-na-zwiekszenie.jpg\",\"width\":1280,\"height\":720,\"caption\":\"Polska podpisuje nowe kontrakty obronne w obliczu nacisk\u00f3w na zwi\u0119kszenie wydatk\u00f3w wojskowych\"},{\"@type\":\"BreadcrumbList\",\"@id\":\"https:\/\/www.pogotowieflagowe.pl\/aktualne\/polska-podpisuje-nowe-kontrakty-obronne-w-obliczu-naciskow-na-zwiekszenie-wydatkow-wojskowych\/#breadcrumb\",\"itemListElement\":[{\"@type\":\"ListItem\",\"position\":1,\"name\":\"Home\",\"item\":\"https:\/\/www.pogotowieflagowe.pl\/aktualne\/\"},{\"@type\":\"ListItem\",\"position\":2,\"name\":\"Polska podpisuje nowe kontrakty obronne w obliczu nacisk\u00f3w na zwi\u0119kszenie wydatk\u00f3w wojskowych\"}]},{\"@type\":\"WebSite\",\"@id\":\"https:\/\/www.pogotowieflagowe.pl\/aktualne\/#website\",\"url\":\"https:\/\/www.pogotowieflagowe.pl\/aktualne\/\",\"name\":\"POGOTOWIE FLAGOWE\u00ae\",\"description\":\"\",\"publisher\":{\"@id\":\"https:\/\/www.pogotowieflagowe.pl\/aktualne\/#organization\"},\"potentialAction\":[{\"@type\":\"SearchAction\",\"target\":{\"@type\":\"EntryPoint\",\"urlTemplate\":\"https:\/\/www.pogotowieflagowe.pl\/aktualne\/?s={search_term_string}\"},\"query-input\":\"required name=search_term_string\"}],\"inLanguage\":\"pl-PL\"},{\"@type\":\"Organization\",\"@id\":\"https:\/\/www.pogotowieflagowe.pl\/aktualne\/#organization\",\"name\":\"POGOTOWIE FLAGOWE\u00ae\",\"url\":\"https:\/\/www.pogotowieflagowe.pl\/aktualne\/\",\"logo\":{\"@type\":\"ImageObject\",\"inLanguage\":\"pl-PL\",\"@id\":\"https:\/\/www.pogotowieflagowe.pl\/aktualne\/#\/schema\/logo\/image\/\",\"url\":\"https:\/\/www.pogotowieflagowe.pl\/aktualne\/wp-content\/uploads\/2024\/08\/cropped-pogotowieflagowe_flaga_projekt_sm.jpg\",\"contentUrl\":\"https:\/\/www.pogotowieflagowe.pl\/aktualne\/wp-content\/uploads\/2024\/08\/cropped-pogotowieflagowe_flaga_projekt_sm.jpg\",\"width\":250,\"height\":143,\"caption\":\"POGOTOWIE FLAGOWE\u00ae\"},\"image\":{\"@id\":\"https:\/\/www.pogotowieflagowe.pl\/aktualne\/#\/schema\/logo\/image\/\"}},{\"@type\":\"Person\",\"@id\":\"https:\/\/www.pogotowieflagowe.pl\/aktualne\/#\/schema\/person\/9c2fb7d2362ebf6fa088960d7f0d27b0\",\"name\":\"Filip\",\"image\":{\"@type\":\"ImageObject\",\"inLanguage\":\"pl-PL\",\"@id\":\"https:\/\/www.pogotowieflagowe.pl\/aktualne\/#\/schema\/person\/image\/\",\"url\":\"https:\/\/www.pogotowieflagowe.pl\/aktualne\/wp-content\/uploads\/2024\/08\/pogotowieflagowe.pl_.jpg\",\"contentUrl\":\"https:\/\/www.pogotowieflagowe.pl\/aktualne\/wp-content\/uploads\/2024\/08\/pogotowieflagowe.pl_.jpg\",\"caption\":\"Filip\"},\"description\":\"Jestem Filip, polski dziennikarz z dyplomem nauk politycznych Uniwersytetu Warszawskiego. Rozpoczynaj\u0105c swoj\u0105 karier\u0119 w r\u00f3\u017cnych lokalnych mediach, zdoby\u0142em solidne do\u015bwiadczenie w zakresie \u015bledztwa i redakcji. Obecnie jako redaktor w Pogotowie flagowe, staram si\u0119 dostarcza\u0107 dog\u0142\u0119bne i istotne analizy na temat najwa\u017cniejszych kwestii aktualno\u015bci, \u0142\u0105cz\u0105c rygor z pasj\u0105 dziennikarsk\u0105.\",\"sameAs\":[\"https:\/\/www.pogotowieflagowe.pl\/\"]}]}<\/script>\n<!-- \/ Yoast SEO plugin. -->","yoast_head_json":{"title":"Polska podpisuje nowe kontrakty obronne w obliczu nacisk\u00f3w na zwi\u0119kszenie wydatk\u00f3w wojskowych - POGOTOWIE FLAGOWE\u00ae","robots":{"index":"index","follow":"follow","max-snippet":"max-snippet:-1","max-image-preview":"max-image-preview:large","max-video-preview":"max-video-preview:-1"},"canonical":"https:\/\/www.pogotowieflagowe.pl\/aktualne\/polska-podpisuje-nowe-kontrakty-obronne-w-obliczu-naciskow-na-zwiekszenie-wydatkow-wojskowych\/","og_locale":"pl_PL","og_type":"article","og_title":"Polska podpisuje nowe kontrakty obronne w obliczu nacisk\u00f3w na zwi\u0119kszenie wydatk\u00f3w wojskowych - POGOTOWIE FLAGOWE\u00ae","og_description":"Polska podpisa\u0142a seri\u0119 nowych kontrakt\u00f3w obronnych o warto\u015bci oko\u0142o 2 mld z\u0142, jak og\u0142oszono podczas 32. Mi\u0119dzynarodowego Salonu Przemys\u0142u Obronnego","og_url":"https:\/\/www.pogotowieflagowe.pl\/aktualne\/polska-podpisuje-nowe-kontrakty-obronne-w-obliczu-naciskow-na-zwiekszenie-wydatkow-wojskowych\/","og_site_name":"POGOTOWIE FLAGOWE\u00ae","article_published_time":"2024-09-03T19:56:25+00:00","article_modified_time":"2024-09-03T19:56:26+00:00","og_image":[{"width":1280,"height":720,"url":"https:\/\/www.pogotowieflagowe.pl\/aktualne\/wp-content\/uploads\/2024\/09\/Polska-podpisuje-nowe-kontrakty-obronne-w-obliczu-naciskow-na-zwiekszenie.jpg","type":"image\/jpeg"}],"author":"Filip","twitter_card":"summary_large_image","twitter_misc":{"Napisane przez":"Filip","Szacowany czas czytania":"1 minuta"},"schema":{"@context":"https:\/\/schema.org","@graph":[{"@type":"Article","@id":"https:\/\/www.pogotowieflagowe.pl\/aktualne\/polska-podpisuje-nowe-kontrakty-obronne-w-obliczu-naciskow-na-zwiekszenie-wydatkow-wojskowych\/#article","isPartOf":{"@id":"https:\/\/www.pogotowieflagowe.pl\/aktualne\/polska-podpisuje-nowe-kontrakty-obronne-w-obliczu-naciskow-na-zwiekszenie-wydatkow-wojskowych\/"},"author":{"name":"Filip","@id":"https:\/\/www.pogotowieflagowe.pl\/aktualne\/#\/schema\/person\/9c2fb7d2362ebf6fa088960d7f0d27b0"},"headline":"Polska podpisuje nowe kontrakty obronne w obliczu nacisk\u00f3w na zwi\u0119kszenie wydatk\u00f3w wojskowych","datePublished":"2024-09-03T19:56:25+00:00","dateModified":"2024-09-03T19:56:26+00:00","mainEntityOfPage":{"@id":"https:\/\/www.pogotowieflagowe.pl\/aktualne\/polska-podpisuje-nowe-kontrakty-obronne-w-obliczu-naciskow-na-zwiekszenie-wydatkow-wojskowych\/"},"wordCount":290,"publisher":{"@id":"https:\/\/www.pogotowieflagowe.pl\/aktualne\/#organization"},"image":{"@id":"https:\/\/www.pogotowieflagowe.pl\/aktualne\/polska-podpisuje-nowe-kontrakty-obronne-w-obliczu-naciskow-na-zwiekszenie-wydatkow-wojskowych\/#primaryimage"},"thumbnailUrl":"https:\/\/www.pogotowieflagowe.pl\/aktualne\/wp-content\/uploads\/2024\/09\/Polska-podpisuje-nowe-kontrakty-obronne-w-obliczu-naciskow-na-zwiekszenie.jpg","keywords":["kontrakty","nacisk\u00f3w","Nowe","obliczu","obronne","podpisuje","polska","wojskowych","wydatk\u00f3w","zwi\u0119kszenie"],"articleSection":["Polityka"],"inLanguage":"pl-PL"},{"@type":"WebPage","@id":"https:\/\/www.pogotowieflagowe.pl\/aktualne\/polska-podpisuje-nowe-kontrakty-obronne-w-obliczu-naciskow-na-zwiekszenie-wydatkow-wojskowych\/","url":"https:\/\/www.pogotowieflagowe.pl\/aktualne\/polska-podpisuje-nowe-kontrakty-obronne-w-obliczu-naciskow-na-zwiekszenie-wydatkow-wojskowych\/","name":"Polska podpisuje nowe kontrakty obronne w obliczu nacisk\u00f3w na zwi\u0119kszenie wydatk\u00f3w wojskowych - POGOTOWIE FLAGOWE\u00ae","isPartOf":{"@id":"https:\/\/www.pogotowieflagowe.pl\/aktualne\/#website"},"primaryImageOfPage":{"@id":"https:\/\/www.pogotowieflagowe.pl\/aktualne\/polska-podpisuje-nowe-kontrakty-obronne-w-obliczu-naciskow-na-zwiekszenie-wydatkow-wojskowych\/#primaryimage"},"image":{"@id":"https:\/\/www.pogotowieflagowe.pl\/aktualne\/polska-podpisuje-nowe-kontrakty-obronne-w-obliczu-naciskow-na-zwiekszenie-wydatkow-wojskowych\/#primaryimage"},"thumbnailUrl":"https:\/\/www.pogotowieflagowe.pl\/aktualne\/wp-content\/uploads\/2024\/09\/Polska-podpisuje-nowe-kontrakty-obronne-w-obliczu-naciskow-na-zwiekszenie.jpg","datePublished":"2024-09-03T19:56:25+00:00","dateModified":"2024-09-03T19:56:26+00:00","breadcrumb":{"@id":"https:\/\/www.pogotowieflagowe.pl\/aktualne\/polska-podpisuje-nowe-kontrakty-obronne-w-obliczu-naciskow-na-zwiekszenie-wydatkow-wojskowych\/#breadcrumb"},"inLanguage":"pl-PL","potentialAction":[{"@type":"ReadAction","target":["https:\/\/www.pogotowieflagowe.pl\/aktualne\/polska-podpisuje-nowe-kontrakty-obronne-w-obliczu-naciskow-na-zwiekszenie-wydatkow-wojskowych\/"]}]},{"@type":"ImageObject","inLanguage":"pl-PL","@id":"https:\/\/www.pogotowieflagowe.pl\/aktualne\/polska-podpisuje-nowe-kontrakty-obronne-w-obliczu-naciskow-na-zwiekszenie-wydatkow-wojskowych\/#primaryimage","url":"https:\/\/www.pogotowieflagowe.pl\/aktualne\/wp-content\/uploads\/2024\/09\/Polska-podpisuje-nowe-kontrakty-obronne-w-obliczu-naciskow-na-zwiekszenie.jpg","contentUrl":"https:\/\/www.pogotowieflagowe.pl\/aktualne\/wp-content\/uploads\/2024\/09\/Polska-podpisuje-nowe-kontrakty-obronne-w-obliczu-naciskow-na-zwiekszenie.jpg","width":1280,"height":720,"caption":"Polska podpisuje nowe kontrakty obronne w obliczu nacisk\u00f3w na zwi\u0119kszenie wydatk\u00f3w wojskowych"},{"@type":"BreadcrumbList","@id":"https:\/\/www.pogotowieflagowe.pl\/aktualne\/polska-podpisuje-nowe-kontrakty-obronne-w-obliczu-naciskow-na-zwiekszenie-wydatkow-wojskowych\/#breadcrumb","itemListElement":[{"@type":"ListItem","position":1,"name":"Home","item":"https:\/\/www.pogotowieflagowe.pl\/aktualne\/"},{"@type":"ListItem","position":2,"name":"Polska podpisuje nowe kontrakty obronne w obliczu nacisk\u00f3w na zwi\u0119kszenie wydatk\u00f3w wojskowych"}]},{"@type":"WebSite","@id":"https:\/\/www.pogotowieflagowe.pl\/aktualne\/#website","url":"https:\/\/www.pogotowieflagowe.pl\/aktualne\/","name":"POGOTOWIE FLAGOWE\u00ae","description":"","publisher":{"@id":"https:\/\/www.pogotowieflagowe.pl\/aktualne\/#organization"},"potentialAction":[{"@type":"SearchAction","target":{"@type":"EntryPoint","urlTemplate":"https:\/\/www.pogotowieflagowe.pl\/aktualne\/?s={search_term_string}"},"query-input":"required name=search_term_string"}],"inLanguage":"pl-PL"},{"@type":"Organization","@id":"https:\/\/www.pogotowieflagowe.pl\/aktualne\/#organization","name":"POGOTOWIE FLAGOWE\u00ae","url":"https:\/\/www.pogotowieflagowe.pl\/aktualne\/","logo":{"@type":"ImageObject","inLanguage":"pl-PL","@id":"https:\/\/www.pogotowieflagowe.pl\/aktualne\/#\/schema\/logo\/image\/","url":"https:\/\/www.pogotowieflagowe.pl\/aktualne\/wp-content\/uploads\/2024\/08\/cropped-pogotowieflagowe_flaga_projekt_sm.jpg","contentUrl":"https:\/\/www.pogotowieflagowe.pl\/aktualne\/wp-content\/uploads\/2024\/08\/cropped-pogotowieflagowe_flaga_projekt_sm.jpg","width":250,"height":143,"caption":"POGOTOWIE FLAGOWE\u00ae"},"image":{"@id":"https:\/\/www.pogotowieflagowe.pl\/aktualne\/#\/schema\/logo\/image\/"}},{"@type":"Person","@id":"https:\/\/www.pogotowieflagowe.pl\/aktualne\/#\/schema\/person\/9c2fb7d2362ebf6fa088960d7f0d27b0","name":"Filip","image":{"@type":"ImageObject","inLanguage":"pl-PL","@id":"https:\/\/www.pogotowieflagowe.pl\/aktualne\/#\/schema\/person\/image\/","url":"https:\/\/www.pogotowieflagowe.pl\/aktualne\/wp-content\/uploads\/2024\/08\/pogotowieflagowe.pl_.jpg","contentUrl":"https:\/\/www.pogotowieflagowe.pl\/aktualne\/wp-content\/uploads\/2024\/08\/pogotowieflagowe.pl_.jpg","caption":"Filip"},"description":"Jestem Filip, polski dziennikarz z dyplomem nauk politycznych Uniwersytetu Warszawskiego. Rozpoczynaj\u0105c swoj\u0105 karier\u0119 w r\u00f3\u017cnych lokalnych mediach, zdoby\u0142em solidne do\u015bwiadczenie w zakresie \u015bledztwa i redakcji. Obecnie jako redaktor w Pogotowie flagowe, staram si\u0119 dostarcza\u0107 dog\u0142\u0119bne i istotne analizy na temat najwa\u017cniejszych kwestii aktualno\u015bci, \u0142\u0105cz\u0105c rygor z pasj\u0105 dziennikarsk\u0105.","sameAs":["https:\/\/www.pogotowieflagowe.pl\/"]}]}},"_links":{"self":[{"href":"https:\/\/www.pogotowieflagowe.pl\/aktualne\/wp-json\/wp\/v2\/posts\/497","targetHints":{"allow":["GET"]}}],"collection":[{"href":"https:\/\/www.pogotowieflagowe.pl\/aktualne\/wp-json\/wp\/v2\/posts"}],"about":[{"href":"https:\/\/www.pogotowieflagowe.pl\/aktualne\/wp-json\/wp\/v2\/types\/post"}],"author":[{"embeddable":true,"href":"https:\/\/www.pogotowieflagowe.pl\/aktualne\/wp-json\/wp\/v2\/users\/1"}],"replies":[{"embeddable":true,"href":"https:\/\/www.pogotowieflagowe.pl\/aktualne\/wp-json\/wp\/v2\/comments?post=497"}],"version-history":[{"count":1,"href":"https:\/\/www.pogotowieflagowe.pl\/aktualne\/wp-json\/wp\/v2\/posts\/497\/revisions"}],"predecessor-version":[{"id":499,"href":"https:\/\/www.pogotowieflagowe.pl\/aktualne\/wp-json\/wp\/v2\/posts\/497\/revisions\/499"}],"wp:featuredmedia":[{"embeddable":true,"href":"https:\/\/www.pogotowieflagowe.pl\/aktualne\/wp-json\/wp\/v2\/media\/498"}],"wp:attachment":[{"href":"https:\/\/www.pogotowieflagowe.pl\/aktualne\/wp-json\/wp\/v2\/media?parent=497"}],"wp:term":[{"taxonomy":"category","embeddable":true,"href":"https:\/\/www.pogotowieflagowe.pl\/aktualne\/wp-json\/wp\/v2\/categories?post=497"},{"taxonomy":"post_tag","embeddable":true,"href":"https:\/\/www.pogotowieflagowe.pl\/aktualne\/wp-json\/wp\/v2\/tags?post=497"}],"curies":[{"name":"wp","href":"https:\/\/api.w.org\/{rel}","templated":true}]}}