{"id":5064,"date":"2025-04-08T10:49:06","date_gmt":"2025-04-08T08:49:06","guid":{"rendered":"https:\/\/www.pogotowieflagowe.pl\/aktualne\/to-byly-pierwsze-chwile-po-wydaniu-anny-wojcik-co-uslyszala-od-swoich-dzieci\/"},"modified":"2025-04-08T10:49:06","modified_gmt":"2025-04-08T08:49:06","slug":"to-byly-pierwsze-chwile-po-wydaniu-anny-wojcik-co-uslyszala-od-swoich-dzieci","status":"publish","type":"post","link":"https:\/\/www.pogotowieflagowe.pl\/aktualne\/to-byly-pierwsze-chwile-po-wydaniu-anny-wojcik-co-uslyszala-od-swoich-dzieci\/","title":{"rendered":"To by\u0142y pierwsze chwile po wydaniu Anny Wojcik. Co us\u0142ysza\u0142a od swoich dzieci?"},"content":{"rendered":"\n<div class=\"td_block_wrap tdb_single_content tdi_41 td-pb-border-top td_block_template_8 td-post-content tagdiv-type\" data-td-block-uid=\"tdi_41\">\n<style>.tdi_41 {margin-top: 0px! Wa\u017cne; margines-bottom: 0px! WA\u017bNY; PALDING-TOP: 0PX! WA\u017bNY; PALDING-BOTTOM: 0PX! WA\u017bNE}<\/style>\n<style>.tdb_single_content {margin-bottom: 0;*zoom: 1} .tdb_single_content: wcze\u015bniej, .tdb_single_content: po {display: Table; content: ''; line-height: 0} .TDB-BLOCK-INner>*: nie (.WP-BLOCK-QUOTE): not (.alignSwide): not (.Alignfull.wp-block-cover.has-parallax): not (.td-a-ad) {margin-left: auto; margin-right: auto} .tdb_single_ConTent a {wska\u017anik-events: auto} .tdb_single_content .td-spot-id-top_ad .tdc-placeholder-title: przed {content: \u201eArtyku\u0142 top ad\u201d! Wa\u017cne} .tdb_single_content .td-Spot-Id-inline_ad0 .tdc-placeholder-title 1 '! Wa\u017cne} .tdb_single_content .td-Spot-Id-inline_Ad1 .tdc-Placeholder-Title: przed {content: \u201eArtyku\u0142 inline AD 2'! Wa\u017cny} .tdb_single_content. 3 '! Wa\u017cne} .tdb_single_content .td-Spot-Id-Bottom_Ad .tdc-Placeholder-Title: przed {content: \u201eArtyku\u0142 Bottom Ad\u201d! Wa\u017cne} .tdb_single_content .id_top_ad, .tdb_single_content_content .id_bottom_ad {clear: oba; margin-bottom: 21px; text-align: Center} .tdb_single_content .id_top_ad img, .tdb_single_content .id_bottom_ad img {margin-bottom: 0} .tdb_single_conTent .id_top_ad .adsbyGoogle, .tdb_single_content .id_bottom_ad .adsbyGoogle {pozycja: relatyw} .tdb_single_content .id_ad_content-horiz-left, .tdb_single_content .id_ad_content-horiz-right, .tdb_single_content .id_ad_content-horiz-Center {margin-bottom: 15px} .tdb_single_content .id_ad_content-horiz-left Img, .tdb_single_content .id_ad_content-horiz-right img, .tdb_single_content .id_ad_content-horiz-centerter img {margin-bottom: 0} .tdb_single_content .id_ad_content-horiz-center {text-align: Center} .tdb_single_content .id_ad_content-horiz-center img {margin-right: auto; margin-let: auto} .tdb_single_content .id_ad_content-horiz-left {float: left; margin-top: 9px; margin-right: 21px} .tdb_single_content .id_ad_content-horiz-right {float: margin-top: 6px; margin-left: 21px} .tdb_single_content .tdc-a-a-ad .TDC-Placeholder-Title {szeroko\u015b\u0107: 300px; height: 250px} .tdb_single_content .tdc-a-ad .TDC-Placeholder-Title: Przed {Pozycja: Absolute; TOP: 50%;-WebKit-Transform: Translatey (-50%); Transform: Translatey (-50%); margines: auto; Display: Tabela; szeroko\u015b\u0107: 100%}. tdb_single_content .TDB-BLOCK-INNER.TD-FIX-INDEX {Word-Break: Break-word} .tdi_41, .tdi_41> p, .tdi_41 .tdb-block-inner> p, .Wp-Block-Column> p {font-size: 16px! Wa\u017cne; wa\u017cny; p {font-styl: normalne! Wa\u017cne} @media (Max-Width: 767px) {. tdb_single_content .id_ad_content-horiz-left, .tdb_single_content .id_ad_content-horiz-right, .tdb_single_content .id_ad_content-horiz-centter {Margin: 0 AUTO 26PXX auto}}@media (Max-Width: 767px) {. tdb_single_content .id_ad_content-horiz-left {margin-right: 0}}@media (max-width: 767px) {. (Max-Width: 767px) {. tdb_single_content .td-a-ad {float: none; text-align: Center} .tdb_single_content .td-a-ad img {margin-right: auto; margin-left: auto} .tdb_single_content .tdc-a-a-a-{margin-right: auto; margin-left: auto} .tdb_single_content .tdd<\/style>\n<div class=\"tdb-block-inner td-fix-index\">\n<p>\u201eCzeka\u0142em na ten moment od ponad 60 dni. Mog\u0142em tylko my\u015ble\u0107 o tych dzieciach. Pragn\u0105\u0142em ich dotyku przez dwa miesi\u0105ce\u201d, powiedzia\u0142a Anna Wojcik w wywiadzie dla telewizyjnej Republiki, przypominaj\u0105c sobie dzie\u0144, w kt\u00f3rym zosta\u0142a zwolniona z aresztu.<\/p>\n<p>Anna Wojcik, by\u0142a dyrektor biura premiera pod rz\u0105dami premiera Mateusza Morawickie&#8217;a z kancelarii premiera, by\u0142a go\u015bciem programu telewizyjnego <em>\u201eDzisiaJ\u201d<\/em> Prowadzona przez Danut\u0119 Holeck\u0119.<\/p>\n<p>By\u0142y urz\u0119dnik zosta\u0142 zwolniony z zatrzymania w czwartek. Prokuratura przynios\u0142a presj\u0119 publiczn\u0105 i medialn\u0105, decyduj\u0105c si\u0119 na cofni\u0119cie tymczasowego aresztowania na\u0142o\u017conego matce powa\u017cnie chorego dziecka. Zamiast tego zastosowano nieobs\u0142ugowe \u015brodki zapobiegawcze, w tym por\u0119czenie finansowe w wysoko\u015bci 400 000 PLN, kt\u00f3re opublikowa\u0142a Joanna Jenerowicz, prezes Niele\u017cne Media Foundation.<\/p>\n<p>Przemawiaj\u0105c w telewizji Republika, Wojcik opowiedzia\u0142a swoje pierwsze chwile po opuszczeniu opieki:<\/p>\n<figure class=\"wp-block-pullquote\">\n<blockquote>\n<p>\u201eGdy tylko m\u00f3j m\u0105\u017c otrzyma\u0142 informacje o moim uwolnieniu, wzi\u0105\u0142 nasze dwoje dzieci i wszyscy wskoczyli do samochodu i rzucili si\u0119 do Katowice. Do matki\u201d <\/p>\n<p><cite>Zacz\u0119\u0142a.<\/cite><\/p><\/blockquote>\n<\/figure>\n<figure class=\"wp-block-pullquote\">\n<blockquote>\n<p>\u201eW mi\u0119dzyczasie by\u0142a rozmowa telefoniczna &#8211; baskaj\u0105c si\u0119, kiedy przybywaj\u0105, o ile dalej musieli i\u015b\u0107. W wi\u0119kszo\u015bci na linii by\u0142a cisza. W tle s\u0142ysza\u0142em, jak dzieci p\u0142acz\u0105. Ale to by\u0142 d\u017awi\u0119k radosnego p\u0142aczu. Kiedy przyby\u0142y do \u200b\u200bKatowice, kiedy czw\u00f3rka z nas porzuci\u0142a ramiona wok\u00f3\u0142 siebie, milcz\u0105c \u0142zy w naszych oczach przez d\u0142ugi czas,\u201d przez d\u0142ugi czas. <\/p>\n<p><cite>Wojcik opowiada\u0142.<\/cite><\/p><\/blockquote>\n<\/figure>\n<figure class=\"wp-block-pullquote\">\n<blockquote>\n<p>&#8211; \u201eMamusia, wreszcie &#8211; powiedzia\u0142 m\u00f3j syn.\u201e Mamusia, kocham ci\u0119 bardziej ni\u017c samo \u017cycie \u201d, powiedzia\u0142a moja c\u00f3rka. Zn\u00f3w by\u0142y \u0142zy rado\u015bci. Do\u015bwiadczy\u0142em wielu radosnych chwil w \u017cyciu, ale te \u0142zy zostan\u0105 na zawsze. Czeka\u0142em na t\u0119 chwil\u0119 przez ponad 60 dni. Wszystko, o czym mog\u0142em pomy\u015ble\u0107, \u017ce moje dzieci. Przez dwa miesi\u0105ce. <\/p>\n<p><cite>Przyzna\u0142a si\u0119 do wywiadu.<\/cite><\/p><\/blockquote>\n<\/figure>\n<p>Podkre\u015bli\u0142a, \u017ce \u200b\u200b\u201epo powrocie do domu, po\u015br\u00f3d wszystkich euforii, zacz\u0119\u0142y si\u0119 trudne rozmowy\u201d.<\/p>\n<figure class=\"wp-block-pullquote\">\n<blockquote>\n<p>\u201eBy\u0142y to trudne pytania od dzieci &#8211; i jeszcze trudniejsze odpowiedzi ode mnie. Dzieci zapyta\u0142y, dlaczego to musia\u0142em by\u0107 ja\u201d<\/p>\n<p><cite>  Przypomnia\u0142a sobie.<\/cite><\/p><\/blockquote>\n<\/figure>\n<p>Zauwa\u017cy\u0142a, \u017ce \u200b\u200bjej dzieci \u201enie \u017cyj\u0105 w jakiej\u015b ba\u0144ce\u201d; \u201eByli w pe\u0142ni \u015bwiadomi tego, co si\u0119 dzieje &#8211; dzi\u0119ki mediom, nienawi\u015bci skierowanej do mnie i informacji, kt\u00f3re otrzymali od przyjaci\u00f3\u0142 w szkole. Byli aktualni\u201d.<\/p>\n<\/div>\n<\/div>\n","protected":false},"excerpt":{"rendered":"<p>\u201eCzeka\u0142em na ten moment od ponad 60 dni. Mog\u0142em tylko my\u015ble\u0107 o tych dzieciach. Pragn\u0105\u0142em ich dotyku przez dwa miesi\u0105ce\u201d,<\/p>\n","protected":false},"author":1,"featured_media":5053,"comment_status":"closed","ping_status":"","sticky":false,"template":"","format":"standard","meta":{"footnotes":""},"categories":[4748],"tags":[6829,1791,6838,2331,602,6841,6840,6817,6839],"class_list":["post-5064","post","type-post","status-publish","format-standard","has-post-thumbnail","hentry","category-aktualne","tag-anny","tag-byly","tag-chwile","tag-dzieci","tag-pierwsze","tag-swoich","tag-uslyszala","tag-wojcik","tag-wydaniu","generate-columns","tablet-grid-50","mobile-grid-100","grid-parent","grid-50","resize-featured-image"],"yoast_head":"<!-- This site is optimized with the Yoast SEO plugin v23.2 - https:\/\/yoast.com\/wordpress\/plugins\/seo\/ -->\n<title>To by\u0142y pierwsze chwile po wydaniu Anny Wojcik. Co us\u0142ysza\u0142a od swoich dzieci? - POGOTOWIE FLAGOWE\u00ae<\/title>\n<meta name=\"robots\" content=\"index, follow, max-snippet:-1, max-image-preview:large, max-video-preview:-1\" \/>\n<link rel=\"canonical\" href=\"https:\/\/www.pogotowieflagowe.pl\/aktualne\/to-byly-pierwsze-chwile-po-wydaniu-anny-wojcik-co-uslyszala-od-swoich-dzieci\/\" \/>\n<meta property=\"og:locale\" content=\"pl_PL\" \/>\n<meta property=\"og:type\" content=\"article\" \/>\n<meta property=\"og:title\" content=\"To by\u0142y pierwsze chwile po wydaniu Anny Wojcik. Co us\u0142ysza\u0142a od swoich dzieci? - POGOTOWIE FLAGOWE\u00ae\" \/>\n<meta property=\"og:description\" content=\"\u201eCzeka\u0142em na ten moment od ponad 60 dni. Mog\u0142em tylko my\u015ble\u0107 o tych dzieciach. Pragn\u0105\u0142em ich dotyku przez dwa miesi\u0105ce\u201d,\" \/>\n<meta property=\"og:url\" content=\"https:\/\/www.pogotowieflagowe.pl\/aktualne\/to-byly-pierwsze-chwile-po-wydaniu-anny-wojcik-co-uslyszala-od-swoich-dzieci\/\" \/>\n<meta property=\"og:site_name\" content=\"POGOTOWIE FLAGOWE\u00ae\" \/>\n<meta property=\"article:published_time\" content=\"2025-04-08T08:49:06+00:00\" \/>\n<meta property=\"og:image\" content=\"https:\/\/www.pogotowieflagowe.pl\/aktualne\/wp-content\/uploads\/2025\/04\/\u201eZrujnowales-moja-rodzine-zrujnowales-moje-zycie-Ruchomy-apel-Anny-Wojcik.webp.webp\" \/>\n\t<meta property=\"og:image:width\" content=\"1280\" \/>\n\t<meta property=\"og:image:height\" content=\"720\" \/>\n\t<meta property=\"og:image:type\" content=\"image\/webp\" \/>\n<meta name=\"author\" content=\"Filip\" \/>\n<meta name=\"twitter:card\" content=\"summary_large_image\" \/>\n<meta name=\"twitter:label1\" content=\"Napisane przez\" \/>\n\t<meta name=\"twitter:data1\" content=\"Filip\" \/>\n\t<meta name=\"twitter:label2\" content=\"Szacowany czas czytania\" \/>\n\t<meta name=\"twitter:data2\" content=\"2 minuty\" \/>\n<script type=\"application\/ld+json\" class=\"yoast-schema-graph\">{\"@context\":\"https:\/\/schema.org\",\"@graph\":[{\"@type\":\"Article\",\"@id\":\"https:\/\/www.pogotowieflagowe.pl\/aktualne\/to-byly-pierwsze-chwile-po-wydaniu-anny-wojcik-co-uslyszala-od-swoich-dzieci\/#article\",\"isPartOf\":{\"@id\":\"https:\/\/www.pogotowieflagowe.pl\/aktualne\/to-byly-pierwsze-chwile-po-wydaniu-anny-wojcik-co-uslyszala-od-swoich-dzieci\/\"},\"author\":{\"name\":\"Filip\",\"@id\":\"https:\/\/www.pogotowieflagowe.pl\/aktualne\/#\/schema\/person\/9c2fb7d2362ebf6fa088960d7f0d27b0\"},\"headline\":\"To by\u0142y pierwsze chwile po wydaniu Anny Wojcik. Co us\u0142ysza\u0142a od swoich dzieci?\",\"datePublished\":\"2025-04-08T08:49:06+00:00\",\"dateModified\":\"2025-04-08T08:49:06+00:00\",\"mainEntityOfPage\":{\"@id\":\"https:\/\/www.pogotowieflagowe.pl\/aktualne\/to-byly-pierwsze-chwile-po-wydaniu-anny-wojcik-co-uslyszala-od-swoich-dzieci\/\"},\"wordCount\":420,\"publisher\":{\"@id\":\"https:\/\/www.pogotowieflagowe.pl\/aktualne\/#organization\"},\"image\":{\"@id\":\"https:\/\/www.pogotowieflagowe.pl\/aktualne\/to-byly-pierwsze-chwile-po-wydaniu-anny-wojcik-co-uslyszala-od-swoich-dzieci\/#primaryimage\"},\"thumbnailUrl\":\"https:\/\/www.pogotowieflagowe.pl\/aktualne\/wp-content\/uploads\/2025\/04\/\u201eZrujnowales-moja-rodzine-zrujnowales-moje-zycie-Ruchomy-apel-Anny-Wojcik.webp.webp\",\"keywords\":[\"Anny\",\"By\u0142y\",\"chwile\",\"dzieci\",\"pierwsze\",\"swoich\",\"us\u0142ysza\u0142a\",\"Wojcik\",\"wydaniu\"],\"articleSection\":[\"Aktualne\"],\"inLanguage\":\"pl-PL\"},{\"@type\":\"WebPage\",\"@id\":\"https:\/\/www.pogotowieflagowe.pl\/aktualne\/to-byly-pierwsze-chwile-po-wydaniu-anny-wojcik-co-uslyszala-od-swoich-dzieci\/\",\"url\":\"https:\/\/www.pogotowieflagowe.pl\/aktualne\/to-byly-pierwsze-chwile-po-wydaniu-anny-wojcik-co-uslyszala-od-swoich-dzieci\/\",\"name\":\"To by\u0142y pierwsze chwile po wydaniu Anny Wojcik. Co us\u0142ysza\u0142a od swoich dzieci? - POGOTOWIE FLAGOWE\u00ae\",\"isPartOf\":{\"@id\":\"https:\/\/www.pogotowieflagowe.pl\/aktualne\/#website\"},\"primaryImageOfPage\":{\"@id\":\"https:\/\/www.pogotowieflagowe.pl\/aktualne\/to-byly-pierwsze-chwile-po-wydaniu-anny-wojcik-co-uslyszala-od-swoich-dzieci\/#primaryimage\"},\"image\":{\"@id\":\"https:\/\/www.pogotowieflagowe.pl\/aktualne\/to-byly-pierwsze-chwile-po-wydaniu-anny-wojcik-co-uslyszala-od-swoich-dzieci\/#primaryimage\"},\"thumbnailUrl\":\"https:\/\/www.pogotowieflagowe.pl\/aktualne\/wp-content\/uploads\/2025\/04\/\u201eZrujnowales-moja-rodzine-zrujnowales-moje-zycie-Ruchomy-apel-Anny-Wojcik.webp.webp\",\"datePublished\":\"2025-04-08T08:49:06+00:00\",\"dateModified\":\"2025-04-08T08:49:06+00:00\",\"breadcrumb\":{\"@id\":\"https:\/\/www.pogotowieflagowe.pl\/aktualne\/to-byly-pierwsze-chwile-po-wydaniu-anny-wojcik-co-uslyszala-od-swoich-dzieci\/#breadcrumb\"},\"inLanguage\":\"pl-PL\",\"potentialAction\":[{\"@type\":\"ReadAction\",\"target\":[\"https:\/\/www.pogotowieflagowe.pl\/aktualne\/to-byly-pierwsze-chwile-po-wydaniu-anny-wojcik-co-uslyszala-od-swoich-dzieci\/\"]}]},{\"@type\":\"ImageObject\",\"inLanguage\":\"pl-PL\",\"@id\":\"https:\/\/www.pogotowieflagowe.pl\/aktualne\/to-byly-pierwsze-chwile-po-wydaniu-anny-wojcik-co-uslyszala-od-swoich-dzieci\/#primaryimage\",\"url\":\"https:\/\/www.pogotowieflagowe.pl\/aktualne\/wp-content\/uploads\/2025\/04\/\u201eZrujnowales-moja-rodzine-zrujnowales-moje-zycie-Ruchomy-apel-Anny-Wojcik.webp.webp\",\"contentUrl\":\"https:\/\/www.pogotowieflagowe.pl\/aktualne\/wp-content\/uploads\/2025\/04\/\u201eZrujnowales-moja-rodzine-zrujnowales-moje-zycie-Ruchomy-apel-Anny-Wojcik.webp.webp\",\"width\":1280,\"height\":720,\"caption\":\"\u201eZrujnowa\u0142e\u015b moj\u0105 rodzin\u0119, zrujnowa\u0142e\u015b moje \u017cycie\u201d. Ruchomy apel Anny Wojcik w telewizji Republika\"},{\"@type\":\"BreadcrumbList\",\"@id\":\"https:\/\/www.pogotowieflagowe.pl\/aktualne\/to-byly-pierwsze-chwile-po-wydaniu-anny-wojcik-co-uslyszala-od-swoich-dzieci\/#breadcrumb\",\"itemListElement\":[{\"@type\":\"ListItem\",\"position\":1,\"name\":\"Home\",\"item\":\"https:\/\/www.pogotowieflagowe.pl\/aktualne\/\"},{\"@type\":\"ListItem\",\"position\":2,\"name\":\"To by\u0142y pierwsze chwile po wydaniu Anny Wojcik. Co us\u0142ysza\u0142a od swoich dzieci?\"}]},{\"@type\":\"WebSite\",\"@id\":\"https:\/\/www.pogotowieflagowe.pl\/aktualne\/#website\",\"url\":\"https:\/\/www.pogotowieflagowe.pl\/aktualne\/\",\"name\":\"POGOTOWIE FLAGOWE\u00ae\",\"description\":\"\",\"publisher\":{\"@id\":\"https:\/\/www.pogotowieflagowe.pl\/aktualne\/#organization\"},\"potentialAction\":[{\"@type\":\"SearchAction\",\"target\":{\"@type\":\"EntryPoint\",\"urlTemplate\":\"https:\/\/www.pogotowieflagowe.pl\/aktualne\/?s={search_term_string}\"},\"query-input\":\"required name=search_term_string\"}],\"inLanguage\":\"pl-PL\"},{\"@type\":\"Organization\",\"@id\":\"https:\/\/www.pogotowieflagowe.pl\/aktualne\/#organization\",\"name\":\"POGOTOWIE FLAGOWE\u00ae\",\"url\":\"https:\/\/www.pogotowieflagowe.pl\/aktualne\/\",\"logo\":{\"@type\":\"ImageObject\",\"inLanguage\":\"pl-PL\",\"@id\":\"https:\/\/www.pogotowieflagowe.pl\/aktualne\/#\/schema\/logo\/image\/\",\"url\":\"https:\/\/www.pogotowieflagowe.pl\/aktualne\/wp-content\/uploads\/2024\/08\/cropped-pogotowieflagowe_flaga_projekt_sm.jpg\",\"contentUrl\":\"https:\/\/www.pogotowieflagowe.pl\/aktualne\/wp-content\/uploads\/2024\/08\/cropped-pogotowieflagowe_flaga_projekt_sm.jpg\",\"width\":250,\"height\":143,\"caption\":\"POGOTOWIE FLAGOWE\u00ae\"},\"image\":{\"@id\":\"https:\/\/www.pogotowieflagowe.pl\/aktualne\/#\/schema\/logo\/image\/\"}},{\"@type\":\"Person\",\"@id\":\"https:\/\/www.pogotowieflagowe.pl\/aktualne\/#\/schema\/person\/9c2fb7d2362ebf6fa088960d7f0d27b0\",\"name\":\"Filip\",\"image\":{\"@type\":\"ImageObject\",\"inLanguage\":\"pl-PL\",\"@id\":\"https:\/\/www.pogotowieflagowe.pl\/aktualne\/#\/schema\/person\/image\/\",\"url\":\"https:\/\/www.pogotowieflagowe.pl\/aktualne\/wp-content\/uploads\/2024\/08\/pogotowieflagowe.pl_.jpg\",\"contentUrl\":\"https:\/\/www.pogotowieflagowe.pl\/aktualne\/wp-content\/uploads\/2024\/08\/pogotowieflagowe.pl_.jpg\",\"caption\":\"Filip\"},\"description\":\"Jestem Filip, polski dziennikarz z dyplomem nauk politycznych Uniwersytetu Warszawskiego. Rozpoczynaj\u0105c swoj\u0105 karier\u0119 w r\u00f3\u017cnych lokalnych mediach, zdoby\u0142em solidne do\u015bwiadczenie w zakresie \u015bledztwa i redakcji. Obecnie jako redaktor w Pogotowie flagowe, staram si\u0119 dostarcza\u0107 dog\u0142\u0119bne i istotne analizy na temat najwa\u017cniejszych kwestii aktualno\u015bci, \u0142\u0105cz\u0105c rygor z pasj\u0105 dziennikarsk\u0105.\",\"sameAs\":[\"https:\/\/www.pogotowieflagowe.pl\/\"]}]}<\/script>\n<!-- \/ Yoast SEO plugin. -->","yoast_head_json":{"title":"To by\u0142y pierwsze chwile po wydaniu Anny Wojcik. Co us\u0142ysza\u0142a od swoich dzieci? - POGOTOWIE FLAGOWE\u00ae","robots":{"index":"index","follow":"follow","max-snippet":"max-snippet:-1","max-image-preview":"max-image-preview:large","max-video-preview":"max-video-preview:-1"},"canonical":"https:\/\/www.pogotowieflagowe.pl\/aktualne\/to-byly-pierwsze-chwile-po-wydaniu-anny-wojcik-co-uslyszala-od-swoich-dzieci\/","og_locale":"pl_PL","og_type":"article","og_title":"To by\u0142y pierwsze chwile po wydaniu Anny Wojcik. Co us\u0142ysza\u0142a od swoich dzieci? - POGOTOWIE FLAGOWE\u00ae","og_description":"\u201eCzeka\u0142em na ten moment od ponad 60 dni. Mog\u0142em tylko my\u015ble\u0107 o tych dzieciach. Pragn\u0105\u0142em ich dotyku przez dwa miesi\u0105ce\u201d,","og_url":"https:\/\/www.pogotowieflagowe.pl\/aktualne\/to-byly-pierwsze-chwile-po-wydaniu-anny-wojcik-co-uslyszala-od-swoich-dzieci\/","og_site_name":"POGOTOWIE FLAGOWE\u00ae","article_published_time":"2025-04-08T08:49:06+00:00","og_image":[{"width":1280,"height":720,"url":"https:\/\/www.pogotowieflagowe.pl\/aktualne\/wp-content\/uploads\/2025\/04\/\u201eZrujnowales-moja-rodzine-zrujnowales-moje-zycie-Ruchomy-apel-Anny-Wojcik.webp.webp","type":"image\/webp"}],"author":"Filip","twitter_card":"summary_large_image","twitter_misc":{"Napisane przez":"Filip","Szacowany czas czytania":"2 minuty"},"schema":{"@context":"https:\/\/schema.org","@graph":[{"@type":"Article","@id":"https:\/\/www.pogotowieflagowe.pl\/aktualne\/to-byly-pierwsze-chwile-po-wydaniu-anny-wojcik-co-uslyszala-od-swoich-dzieci\/#article","isPartOf":{"@id":"https:\/\/www.pogotowieflagowe.pl\/aktualne\/to-byly-pierwsze-chwile-po-wydaniu-anny-wojcik-co-uslyszala-od-swoich-dzieci\/"},"author":{"name":"Filip","@id":"https:\/\/www.pogotowieflagowe.pl\/aktualne\/#\/schema\/person\/9c2fb7d2362ebf6fa088960d7f0d27b0"},"headline":"To by\u0142y pierwsze chwile po wydaniu Anny Wojcik. Co us\u0142ysza\u0142a od swoich dzieci?","datePublished":"2025-04-08T08:49:06+00:00","dateModified":"2025-04-08T08:49:06+00:00","mainEntityOfPage":{"@id":"https:\/\/www.pogotowieflagowe.pl\/aktualne\/to-byly-pierwsze-chwile-po-wydaniu-anny-wojcik-co-uslyszala-od-swoich-dzieci\/"},"wordCount":420,"publisher":{"@id":"https:\/\/www.pogotowieflagowe.pl\/aktualne\/#organization"},"image":{"@id":"https:\/\/www.pogotowieflagowe.pl\/aktualne\/to-byly-pierwsze-chwile-po-wydaniu-anny-wojcik-co-uslyszala-od-swoich-dzieci\/#primaryimage"},"thumbnailUrl":"https:\/\/www.pogotowieflagowe.pl\/aktualne\/wp-content\/uploads\/2025\/04\/\u201eZrujnowales-moja-rodzine-zrujnowales-moje-zycie-Ruchomy-apel-Anny-Wojcik.webp.webp","keywords":["Anny","By\u0142y","chwile","dzieci","pierwsze","swoich","us\u0142ysza\u0142a","Wojcik","wydaniu"],"articleSection":["Aktualne"],"inLanguage":"pl-PL"},{"@type":"WebPage","@id":"https:\/\/www.pogotowieflagowe.pl\/aktualne\/to-byly-pierwsze-chwile-po-wydaniu-anny-wojcik-co-uslyszala-od-swoich-dzieci\/","url":"https:\/\/www.pogotowieflagowe.pl\/aktualne\/to-byly-pierwsze-chwile-po-wydaniu-anny-wojcik-co-uslyszala-od-swoich-dzieci\/","name":"To by\u0142y pierwsze chwile po wydaniu Anny Wojcik. Co us\u0142ysza\u0142a od swoich dzieci? - POGOTOWIE FLAGOWE\u00ae","isPartOf":{"@id":"https:\/\/www.pogotowieflagowe.pl\/aktualne\/#website"},"primaryImageOfPage":{"@id":"https:\/\/www.pogotowieflagowe.pl\/aktualne\/to-byly-pierwsze-chwile-po-wydaniu-anny-wojcik-co-uslyszala-od-swoich-dzieci\/#primaryimage"},"image":{"@id":"https:\/\/www.pogotowieflagowe.pl\/aktualne\/to-byly-pierwsze-chwile-po-wydaniu-anny-wojcik-co-uslyszala-od-swoich-dzieci\/#primaryimage"},"thumbnailUrl":"https:\/\/www.pogotowieflagowe.pl\/aktualne\/wp-content\/uploads\/2025\/04\/\u201eZrujnowales-moja-rodzine-zrujnowales-moje-zycie-Ruchomy-apel-Anny-Wojcik.webp.webp","datePublished":"2025-04-08T08:49:06+00:00","dateModified":"2025-04-08T08:49:06+00:00","breadcrumb":{"@id":"https:\/\/www.pogotowieflagowe.pl\/aktualne\/to-byly-pierwsze-chwile-po-wydaniu-anny-wojcik-co-uslyszala-od-swoich-dzieci\/#breadcrumb"},"inLanguage":"pl-PL","potentialAction":[{"@type":"ReadAction","target":["https:\/\/www.pogotowieflagowe.pl\/aktualne\/to-byly-pierwsze-chwile-po-wydaniu-anny-wojcik-co-uslyszala-od-swoich-dzieci\/"]}]},{"@type":"ImageObject","inLanguage":"pl-PL","@id":"https:\/\/www.pogotowieflagowe.pl\/aktualne\/to-byly-pierwsze-chwile-po-wydaniu-anny-wojcik-co-uslyszala-od-swoich-dzieci\/#primaryimage","url":"https:\/\/www.pogotowieflagowe.pl\/aktualne\/wp-content\/uploads\/2025\/04\/\u201eZrujnowales-moja-rodzine-zrujnowales-moje-zycie-Ruchomy-apel-Anny-Wojcik.webp.webp","contentUrl":"https:\/\/www.pogotowieflagowe.pl\/aktualne\/wp-content\/uploads\/2025\/04\/\u201eZrujnowales-moja-rodzine-zrujnowales-moje-zycie-Ruchomy-apel-Anny-Wojcik.webp.webp","width":1280,"height":720,"caption":"\u201eZrujnowa\u0142e\u015b moj\u0105 rodzin\u0119, zrujnowa\u0142e\u015b moje \u017cycie\u201d. Ruchomy apel Anny Wojcik w telewizji Republika"},{"@type":"BreadcrumbList","@id":"https:\/\/www.pogotowieflagowe.pl\/aktualne\/to-byly-pierwsze-chwile-po-wydaniu-anny-wojcik-co-uslyszala-od-swoich-dzieci\/#breadcrumb","itemListElement":[{"@type":"ListItem","position":1,"name":"Home","item":"https:\/\/www.pogotowieflagowe.pl\/aktualne\/"},{"@type":"ListItem","position":2,"name":"To by\u0142y pierwsze chwile po wydaniu Anny Wojcik. Co us\u0142ysza\u0142a od swoich dzieci?"}]},{"@type":"WebSite","@id":"https:\/\/www.pogotowieflagowe.pl\/aktualne\/#website","url":"https:\/\/www.pogotowieflagowe.pl\/aktualne\/","name":"POGOTOWIE FLAGOWE\u00ae","description":"","publisher":{"@id":"https:\/\/www.pogotowieflagowe.pl\/aktualne\/#organization"},"potentialAction":[{"@type":"SearchAction","target":{"@type":"EntryPoint","urlTemplate":"https:\/\/www.pogotowieflagowe.pl\/aktualne\/?s={search_term_string}"},"query-input":"required name=search_term_string"}],"inLanguage":"pl-PL"},{"@type":"Organization","@id":"https:\/\/www.pogotowieflagowe.pl\/aktualne\/#organization","name":"POGOTOWIE FLAGOWE\u00ae","url":"https:\/\/www.pogotowieflagowe.pl\/aktualne\/","logo":{"@type":"ImageObject","inLanguage":"pl-PL","@id":"https:\/\/www.pogotowieflagowe.pl\/aktualne\/#\/schema\/logo\/image\/","url":"https:\/\/www.pogotowieflagowe.pl\/aktualne\/wp-content\/uploads\/2024\/08\/cropped-pogotowieflagowe_flaga_projekt_sm.jpg","contentUrl":"https:\/\/www.pogotowieflagowe.pl\/aktualne\/wp-content\/uploads\/2024\/08\/cropped-pogotowieflagowe_flaga_projekt_sm.jpg","width":250,"height":143,"caption":"POGOTOWIE FLAGOWE\u00ae"},"image":{"@id":"https:\/\/www.pogotowieflagowe.pl\/aktualne\/#\/schema\/logo\/image\/"}},{"@type":"Person","@id":"https:\/\/www.pogotowieflagowe.pl\/aktualne\/#\/schema\/person\/9c2fb7d2362ebf6fa088960d7f0d27b0","name":"Filip","image":{"@type":"ImageObject","inLanguage":"pl-PL","@id":"https:\/\/www.pogotowieflagowe.pl\/aktualne\/#\/schema\/person\/image\/","url":"https:\/\/www.pogotowieflagowe.pl\/aktualne\/wp-content\/uploads\/2024\/08\/pogotowieflagowe.pl_.jpg","contentUrl":"https:\/\/www.pogotowieflagowe.pl\/aktualne\/wp-content\/uploads\/2024\/08\/pogotowieflagowe.pl_.jpg","caption":"Filip"},"description":"Jestem Filip, polski dziennikarz z dyplomem nauk politycznych Uniwersytetu Warszawskiego. Rozpoczynaj\u0105c swoj\u0105 karier\u0119 w r\u00f3\u017cnych lokalnych mediach, zdoby\u0142em solidne do\u015bwiadczenie w zakresie \u015bledztwa i redakcji. Obecnie jako redaktor w Pogotowie flagowe, staram si\u0119 dostarcza\u0107 dog\u0142\u0119bne i istotne analizy na temat najwa\u017cniejszych kwestii aktualno\u015bci, \u0142\u0105cz\u0105c rygor z pasj\u0105 dziennikarsk\u0105.","sameAs":["https:\/\/www.pogotowieflagowe.pl\/"]}]}},"_links":{"self":[{"href":"https:\/\/www.pogotowieflagowe.pl\/aktualne\/wp-json\/wp\/v2\/posts\/5064","targetHints":{"allow":["GET"]}}],"collection":[{"href":"https:\/\/www.pogotowieflagowe.pl\/aktualne\/wp-json\/wp\/v2\/posts"}],"about":[{"href":"https:\/\/www.pogotowieflagowe.pl\/aktualne\/wp-json\/wp\/v2\/types\/post"}],"author":[{"embeddable":true,"href":"https:\/\/www.pogotowieflagowe.pl\/aktualne\/wp-json\/wp\/v2\/users\/1"}],"replies":[{"embeddable":true,"href":"https:\/\/www.pogotowieflagowe.pl\/aktualne\/wp-json\/wp\/v2\/comments?post=5064"}],"version-history":[{"count":1,"href":"https:\/\/www.pogotowieflagowe.pl\/aktualne\/wp-json\/wp\/v2\/posts\/5064\/revisions"}],"predecessor-version":[{"id":5065,"href":"https:\/\/www.pogotowieflagowe.pl\/aktualne\/wp-json\/wp\/v2\/posts\/5064\/revisions\/5065"}],"wp:featuredmedia":[{"embeddable":true,"href":"https:\/\/www.pogotowieflagowe.pl\/aktualne\/wp-json\/wp\/v2\/media\/5053"}],"wp:attachment":[{"href":"https:\/\/www.pogotowieflagowe.pl\/aktualne\/wp-json\/wp\/v2\/media?parent=5064"}],"wp:term":[{"taxonomy":"category","embeddable":true,"href":"https:\/\/www.pogotowieflagowe.pl\/aktualne\/wp-json\/wp\/v2\/categories?post=5064"},{"taxonomy":"post_tag","embeddable":true,"href":"https:\/\/www.pogotowieflagowe.pl\/aktualne\/wp-json\/wp\/v2\/tags?post=5064"}],"curies":[{"name":"wp","href":"https:\/\/api.w.org\/{rel}","templated":true}]}}