{"id":5082,"date":"2025-04-09T10:48:20","date_gmt":"2025-04-09T08:48:20","guid":{"rendered":"https:\/\/www.pogotowieflagowe.pl\/aktualne\/musza-zaplacic-500-pln-za-oswietlenie-krzyza-na-giewont-w-rocznice-smierci-jana-pawla-ii\/"},"modified":"2025-04-09T10:48:21","modified_gmt":"2025-04-09T08:48:21","slug":"musza-zaplacic-500-pln-za-oswietlenie-krzyza-na-giewont-w-rocznice-smierci-jana-pawla-ii","status":"publish","type":"post","link":"https:\/\/www.pogotowieflagowe.pl\/aktualne\/musza-zaplacic-500-pln-za-oswietlenie-krzyza-na-giewont-w-rocznice-smierci-jana-pawla-ii\/","title":{"rendered":"Musz\u0105 zap\u0142aci\u0107 500 PLN za o\u015bwietlenie krzy\u017ca na Giewont w rocznic\u0119 \u015bmierci Jana Paw\u0142a II"},"content":{"rendered":"\n<div class=\"td_block_wrap tdb_single_content tdi_41 td-pb-border-top td_block_template_8 td-post-content tagdiv-type\" data-td-block-uid=\"tdi_41\">\n<style>.tdi_41 {margin-top: 0px! Wa\u017cne; margines-bottom: 0px! WA\u017bNY; PALDING-TOP: 0PX! WA\u017bNY; PALDING-BOTTOM: 0PX! WA\u017bNE}<\/style>\n<style>.tdb_single_content {margin-bottom: 0;*zoom: 1} .tdb_single_content: wcze\u015bniej, .tdb_single_content: po {display: Table; content: ''; line-height: 0} .TDB-BLOCK-INner>*: nie (.WP-BLOCK-QUOTE): not (.alignSwide): not (.Alignfull.wp-block-cover.has-parallax): not (.td-a-ad) {margin-left: auto; margin-right: auto} .tdb_single_ConTent a {wska\u017anik-events: auto} .tdb_single_content .td-spot-id-top_ad .tdc-placeholder-title: przed {content: \u201eArtyku\u0142 top ad\u201d! Wa\u017cne} .tdb_single_content .td-Spot-Id-inline_ad0 .tdc-placeholder-title 1 '! Wa\u017cne} .tdb_single_content .td-Spot-Id-inline_Ad1 .tdc-Placeholder-Title: przed {content: \u201eArtyku\u0142 inline AD 2'! Wa\u017cny} .tdb_single_content. 3 '! Wa\u017cne} .tdb_single_content .td-Spot-Id-Bottom_Ad .tdc-Placeholder-Title: przed {content: \u201eArtyku\u0142 Bottom Ad\u201d! Wa\u017cne} .tdb_single_content .id_top_ad, .tdb_single_content_content .id_bottom_ad {clear: oba; margin-bottom: 21px; text-align: Center} .tdb_single_content .id_top_ad img, .tdb_single_content .id_bottom_ad img {margin-bottom: 0} .tdb_single_conTent .id_top_ad .adsbyGoogle, .tdb_single_content .id_bottom_ad .adsbyGoogle {pozycja: relatyw} .tdb_single_content .id_ad_content-horiz-left, .tdb_single_content .id_ad_content-horiz-right, .tdb_single_content .id_ad_content-horiz-Center {margin-bottom: 15px} .tdb_single_content .id_ad_content-horiz-left Img, .tdb_single_content .id_ad_content-horiz-right img, .tdb_single_content .id_ad_content-horiz-centerter img {margin-bottom: 0} .tdb_single_content .id_ad_content-horiz-center {text-align: Center} .tdb_single_content .id_ad_content-horiz-center img {margin-right: auto; margin-let: auto} .tdb_single_content .id_ad_content-horiz-left {float: left; margin-top: 9px; margin-right: 21px} .tdb_single_content .id_ad_content-horiz-right {float: margin-top: 6px; margin-left: 21px} .tdb_single_content .tdc-a-a-ad .TDC-Placeholder-Title {szeroko\u015b\u0107: 300px; height: 250px} .tdb_single_content .tdc-a-ad .TDC-Placeholder-Title: Przed {Pozycja: Absolute; TOP: 50%;-WebKit-Transform: Translatey (-50%); Transform: Translatey (-50%); margines: auto; Display: Tabela; szeroko\u015b\u0107: 100%}. tdb_single_content .TDB-BLOCK-INNER.TD-FIX-INDEX {Word-Break: Break-word} .tdi_41, .tdi_41> p, .tdi_41 .tdb-block-inner> p, .Wp-Block-Column> p {font-size: 16px! Wa\u017cne; wa\u017cny; p {font-styl: normalne! Wa\u017cne} @media (Max-Width: 767px) {. tdb_single_content .id_ad_content-horiz-left, .tdb_single_content .id_ad_content-horiz-right, .tdb_single_content .id_ad_content-horiz-centter {Margin: 0 AUTO 26PXX auto}}@media (Max-Width: 767px) {. tdb_single_content .id_ad_content-horiz-left {margin-right: 0}}@media (max-width: 767px) {. (Max-Width: 767px) {. tdb_single_content .td-a-ad {float: none; text-align: Center} .tdb_single_content .td-a-ad img {margin-right: auto; margin-left: auto} .tdb_single_content .tdc-a-a-a-{margin-right: auto; margin-left: auto} .tdb_single_content .tdd<\/style>\n<div class=\"tdb-block-inner td-fix-index\">\n<p>Wed\u0142ug portalu <em>Niedziela.pl<\/em>Stra\u017cnicy Parku Narodowego (TPN) Tatra (TPN) ukarali grzywn\u0105 po dw\u00f3ch osobach 500 PLN za o\u015bwietlenie krzy\u017ca na Giewont w 20. rocznic\u0119 \u015bmierci papie\u017ca Jana Paw\u0142a II. Aby to zrobi\u0107, dwaj m\u0119\u017cczy\u017ani nosili na szczycie lampy zasilane bateri\u0105.<\/p>\n<p>Tradycja o\u015bwietlania krzy\u017ca w ho\u0142dzie polskim papie\u017c rozpocz\u0119\u0142a si\u0119 w 2005 r. W dniu pogrzebu Jana Paw\u0142a II. Jednak w\u0142adze Parku Narodowego Tatra stwierdzi\u0142y, \u017ce ustawa by\u0142a nielegalna, poniewa\u017c przepisy parkowe zabraniaj\u0105 przebywania na szlakach po zmroku mi\u0119dzy 1 marca a 30 listopada.<\/p>\n<p>Dwie osoby, kt\u00f3re dotar\u0142y do \u200b\u200bszczytu po zachodzie s\u0142o\u0144ca, zosta\u0142y ukarane grzywn\u0105 w wysoko\u015bci 500 PLN.<\/p>\n<p>\u201eZostali ukarani za to, \u017ce byli na szlaku po zmroku, co narusza przepisy parkowe. Na szczycie Giewont o\u015bwietlili krzy\u017c za pomoc\u0105 lamp zasilanych bateryjnie. Zostali zatrzymani w obszarze Giewont Massif. Inni, kt\u00f3rzy zmierzali na szczyt przed noc\u0105, zostali poinformowani, \u017ce musz\u0105 si\u0119 odwr\u00f3ci\u0107. Wielu z nich zrobi\u0142o, ale ci dwaj ignorowali ostrzeganie i zostali ukarani grzywn\u0105.<\/p>\n<p>G\u00f3ry Tatra zaj\u0119\u0142y szczeg\u00f3lne miejsce w sercu Jana Paw\u0142a II. Jako Karol Wojtylela cz\u0119sto w\u0119drowa\u0142 po g\u00f3rskich szlakach i odwiedza\u0142 miejsca takie jak Chochok\u0142owska Dolina, Morski Oko i KalatoWki. W 1983 r. Podczas oficjalnej wizyty w Polsce Papie\u017c odwiedzi\u0142 region Tatra.<\/p>\n<\/div>\n<\/div>\n","protected":false},"excerpt":{"rendered":"<p>Wed\u0142ug portalu Niedziela.plStra\u017cnicy Parku Narodowego (TPN) Tatra (TPN) ukarali grzywn\u0105 po dw\u00f3ch osobach 500 PLN za o\u015bwietlenie krzy\u017ca na Giewont<\/p>\n","protected":false},"author":1,"featured_media":5083,"comment_status":"closed","ping_status":"","sticky":false,"template":"","format":"standard","meta":{"footnotes":""},"categories":[4748],"tags":[6862,1460,6861,6858,6860,16,4734,2299,2427,6859],"class_list":["post-5082","post","type-post","status-publish","format-standard","has-post-thumbnail","hentry","category-aktualne","tag-giewont","tag-jana","tag-krzyza","tag-musza","tag-oswietlenie","tag-pawla","tag-pln","tag-rocznice","tag-smierci","tag-zaplacic","generate-columns","tablet-grid-50","mobile-grid-100","grid-parent","grid-50","resize-featured-image"],"yoast_head":"<!-- This site is optimized with the Yoast SEO plugin v23.2 - https:\/\/yoast.com\/wordpress\/plugins\/seo\/ -->\n<title>Musz\u0105 zap\u0142aci\u0107 500 PLN za o\u015bwietlenie krzy\u017ca na Giewont w rocznic\u0119 \u015bmierci Jana Paw\u0142a II - POGOTOWIE FLAGOWE\u00ae<\/title>\n<meta name=\"robots\" content=\"index, follow, max-snippet:-1, max-image-preview:large, max-video-preview:-1\" \/>\n<link rel=\"canonical\" href=\"https:\/\/www.pogotowieflagowe.pl\/aktualne\/musza-zaplacic-500-pln-za-oswietlenie-krzyza-na-giewont-w-rocznice-smierci-jana-pawla-ii\/\" \/>\n<meta property=\"og:locale\" content=\"pl_PL\" \/>\n<meta property=\"og:type\" content=\"article\" \/>\n<meta property=\"og:title\" content=\"Musz\u0105 zap\u0142aci\u0107 500 PLN za o\u015bwietlenie krzy\u017ca na Giewont w rocznic\u0119 \u015bmierci Jana Paw\u0142a II - POGOTOWIE FLAGOWE\u00ae\" \/>\n<meta property=\"og:description\" content=\"Wed\u0142ug portalu Niedziela.plStra\u017cnicy Parku Narodowego (TPN) Tatra (TPN) ukarali grzywn\u0105 po dw\u00f3ch osobach 500 PLN za o\u015bwietlenie krzy\u017ca na Giewont\" \/>\n<meta property=\"og:url\" content=\"https:\/\/www.pogotowieflagowe.pl\/aktualne\/musza-zaplacic-500-pln-za-oswietlenie-krzyza-na-giewont-w-rocznice-smierci-jana-pawla-ii\/\" \/>\n<meta property=\"og:site_name\" content=\"POGOTOWIE FLAGOWE\u00ae\" \/>\n<meta property=\"article:published_time\" content=\"2025-04-09T08:48:20+00:00\" \/>\n<meta property=\"article:modified_time\" content=\"2025-04-09T08:48:21+00:00\" \/>\n<meta property=\"og:image\" content=\"https:\/\/www.pogotowieflagowe.pl\/aktualne\/wp-content\/uploads\/2025\/04\/Musza-zaplacic-500-PLN-za-oswietlenie-krzyza-na-Giewont-w.jpg\" \/>\n\t<meta property=\"og:image:width\" content=\"1280\" \/>\n\t<meta property=\"og:image:height\" content=\"966\" \/>\n\t<meta property=\"og:image:type\" content=\"image\/jpeg\" \/>\n<meta name=\"author\" content=\"Filip\" \/>\n<meta name=\"twitter:card\" content=\"summary_large_image\" \/>\n<meta name=\"twitter:label1\" content=\"Napisane przez\" \/>\n\t<meta name=\"twitter:data1\" content=\"Filip\" \/>\n\t<meta name=\"twitter:label2\" content=\"Szacowany czas czytania\" \/>\n\t<meta name=\"twitter:data2\" content=\"1 minuta\" \/>\n<script type=\"application\/ld+json\" class=\"yoast-schema-graph\">{\"@context\":\"https:\/\/schema.org\",\"@graph\":[{\"@type\":\"Article\",\"@id\":\"https:\/\/www.pogotowieflagowe.pl\/aktualne\/musza-zaplacic-500-pln-za-oswietlenie-krzyza-na-giewont-w-rocznice-smierci-jana-pawla-ii\/#article\",\"isPartOf\":{\"@id\":\"https:\/\/www.pogotowieflagowe.pl\/aktualne\/musza-zaplacic-500-pln-za-oswietlenie-krzyza-na-giewont-w-rocznice-smierci-jana-pawla-ii\/\"},\"author\":{\"name\":\"Filip\",\"@id\":\"https:\/\/www.pogotowieflagowe.pl\/aktualne\/#\/schema\/person\/9c2fb7d2362ebf6fa088960d7f0d27b0\"},\"headline\":\"Musz\u0105 zap\u0142aci\u0107 500 PLN za o\u015bwietlenie krzy\u017ca na Giewont w rocznic\u0119 \u015bmierci Jana Paw\u0142a II\",\"datePublished\":\"2025-04-09T08:48:20+00:00\",\"dateModified\":\"2025-04-09T08:48:21+00:00\",\"mainEntityOfPage\":{\"@id\":\"https:\/\/www.pogotowieflagowe.pl\/aktualne\/musza-zaplacic-500-pln-za-oswietlenie-krzyza-na-giewont-w-rocznice-smierci-jana-pawla-ii\/\"},\"wordCount\":243,\"publisher\":{\"@id\":\"https:\/\/www.pogotowieflagowe.pl\/aktualne\/#organization\"},\"image\":{\"@id\":\"https:\/\/www.pogotowieflagowe.pl\/aktualne\/musza-zaplacic-500-pln-za-oswietlenie-krzyza-na-giewont-w-rocznice-smierci-jana-pawla-ii\/#primaryimage\"},\"thumbnailUrl\":\"https:\/\/www.pogotowieflagowe.pl\/aktualne\/wp-content\/uploads\/2025\/04\/Musza-zaplacic-500-PLN-za-oswietlenie-krzyza-na-Giewont-w.jpg\",\"keywords\":[\"Giewont\",\"Jana\",\"krzy\u017ca\",\"Musz\u0105\",\"o\u015bwietlenie\",\"Paw\u0142a\",\"PLN\",\"rocznic\u0119\",\"\u015bmierci\",\"zap\u0142aci\u0107\"],\"articleSection\":[\"Aktualne\"],\"inLanguage\":\"pl-PL\"},{\"@type\":\"WebPage\",\"@id\":\"https:\/\/www.pogotowieflagowe.pl\/aktualne\/musza-zaplacic-500-pln-za-oswietlenie-krzyza-na-giewont-w-rocznice-smierci-jana-pawla-ii\/\",\"url\":\"https:\/\/www.pogotowieflagowe.pl\/aktualne\/musza-zaplacic-500-pln-za-oswietlenie-krzyza-na-giewont-w-rocznice-smierci-jana-pawla-ii\/\",\"name\":\"Musz\u0105 zap\u0142aci\u0107 500 PLN za o\u015bwietlenie krzy\u017ca na Giewont w rocznic\u0119 \u015bmierci Jana Paw\u0142a II - POGOTOWIE FLAGOWE\u00ae\",\"isPartOf\":{\"@id\":\"https:\/\/www.pogotowieflagowe.pl\/aktualne\/#website\"},\"primaryImageOfPage\":{\"@id\":\"https:\/\/www.pogotowieflagowe.pl\/aktualne\/musza-zaplacic-500-pln-za-oswietlenie-krzyza-na-giewont-w-rocznice-smierci-jana-pawla-ii\/#primaryimage\"},\"image\":{\"@id\":\"https:\/\/www.pogotowieflagowe.pl\/aktualne\/musza-zaplacic-500-pln-za-oswietlenie-krzyza-na-giewont-w-rocznice-smierci-jana-pawla-ii\/#primaryimage\"},\"thumbnailUrl\":\"https:\/\/www.pogotowieflagowe.pl\/aktualne\/wp-content\/uploads\/2025\/04\/Musza-zaplacic-500-PLN-za-oswietlenie-krzyza-na-Giewont-w.jpg\",\"datePublished\":\"2025-04-09T08:48:20+00:00\",\"dateModified\":\"2025-04-09T08:48:21+00:00\",\"breadcrumb\":{\"@id\":\"https:\/\/www.pogotowieflagowe.pl\/aktualne\/musza-zaplacic-500-pln-za-oswietlenie-krzyza-na-giewont-w-rocznice-smierci-jana-pawla-ii\/#breadcrumb\"},\"inLanguage\":\"pl-PL\",\"potentialAction\":[{\"@type\":\"ReadAction\",\"target\":[\"https:\/\/www.pogotowieflagowe.pl\/aktualne\/musza-zaplacic-500-pln-za-oswietlenie-krzyza-na-giewont-w-rocznice-smierci-jana-pawla-ii\/\"]}]},{\"@type\":\"ImageObject\",\"inLanguage\":\"pl-PL\",\"@id\":\"https:\/\/www.pogotowieflagowe.pl\/aktualne\/musza-zaplacic-500-pln-za-oswietlenie-krzyza-na-giewont-w-rocznice-smierci-jana-pawla-ii\/#primaryimage\",\"url\":\"https:\/\/www.pogotowieflagowe.pl\/aktualne\/wp-content\/uploads\/2025\/04\/Musza-zaplacic-500-PLN-za-oswietlenie-krzyza-na-Giewont-w.jpg\",\"contentUrl\":\"https:\/\/www.pogotowieflagowe.pl\/aktualne\/wp-content\/uploads\/2025\/04\/Musza-zaplacic-500-PLN-za-oswietlenie-krzyza-na-Giewont-w.jpg\",\"width\":1280,\"height\":966,\"caption\":\"Musz\u0105 zap\u0142aci\u0107 500 PLN za o\u015bwietlenie krzy\u017ca na Giewont w rocznic\u0119 \u015bmierci Jana Paw\u0142a II\"},{\"@type\":\"BreadcrumbList\",\"@id\":\"https:\/\/www.pogotowieflagowe.pl\/aktualne\/musza-zaplacic-500-pln-za-oswietlenie-krzyza-na-giewont-w-rocznice-smierci-jana-pawla-ii\/#breadcrumb\",\"itemListElement\":[{\"@type\":\"ListItem\",\"position\":1,\"name\":\"Home\",\"item\":\"https:\/\/www.pogotowieflagowe.pl\/aktualne\/\"},{\"@type\":\"ListItem\",\"position\":2,\"name\":\"Musz\u0105 zap\u0142aci\u0107 500 PLN za o\u015bwietlenie krzy\u017ca na Giewont w rocznic\u0119 \u015bmierci Jana Paw\u0142a II\"}]},{\"@type\":\"WebSite\",\"@id\":\"https:\/\/www.pogotowieflagowe.pl\/aktualne\/#website\",\"url\":\"https:\/\/www.pogotowieflagowe.pl\/aktualne\/\",\"name\":\"POGOTOWIE FLAGOWE\u00ae\",\"description\":\"\",\"publisher\":{\"@id\":\"https:\/\/www.pogotowieflagowe.pl\/aktualne\/#organization\"},\"potentialAction\":[{\"@type\":\"SearchAction\",\"target\":{\"@type\":\"EntryPoint\",\"urlTemplate\":\"https:\/\/www.pogotowieflagowe.pl\/aktualne\/?s={search_term_string}\"},\"query-input\":\"required name=search_term_string\"}],\"inLanguage\":\"pl-PL\"},{\"@type\":\"Organization\",\"@id\":\"https:\/\/www.pogotowieflagowe.pl\/aktualne\/#organization\",\"name\":\"POGOTOWIE FLAGOWE\u00ae\",\"url\":\"https:\/\/www.pogotowieflagowe.pl\/aktualne\/\",\"logo\":{\"@type\":\"ImageObject\",\"inLanguage\":\"pl-PL\",\"@id\":\"https:\/\/www.pogotowieflagowe.pl\/aktualne\/#\/schema\/logo\/image\/\",\"url\":\"https:\/\/www.pogotowieflagowe.pl\/aktualne\/wp-content\/uploads\/2024\/08\/cropped-pogotowieflagowe_flaga_projekt_sm.jpg\",\"contentUrl\":\"https:\/\/www.pogotowieflagowe.pl\/aktualne\/wp-content\/uploads\/2024\/08\/cropped-pogotowieflagowe_flaga_projekt_sm.jpg\",\"width\":250,\"height\":143,\"caption\":\"POGOTOWIE FLAGOWE\u00ae\"},\"image\":{\"@id\":\"https:\/\/www.pogotowieflagowe.pl\/aktualne\/#\/schema\/logo\/image\/\"}},{\"@type\":\"Person\",\"@id\":\"https:\/\/www.pogotowieflagowe.pl\/aktualne\/#\/schema\/person\/9c2fb7d2362ebf6fa088960d7f0d27b0\",\"name\":\"Filip\",\"image\":{\"@type\":\"ImageObject\",\"inLanguage\":\"pl-PL\",\"@id\":\"https:\/\/www.pogotowieflagowe.pl\/aktualne\/#\/schema\/person\/image\/\",\"url\":\"https:\/\/www.pogotowieflagowe.pl\/aktualne\/wp-content\/uploads\/2024\/08\/pogotowieflagowe.pl_.jpg\",\"contentUrl\":\"https:\/\/www.pogotowieflagowe.pl\/aktualne\/wp-content\/uploads\/2024\/08\/pogotowieflagowe.pl_.jpg\",\"caption\":\"Filip\"},\"description\":\"Jestem Filip, polski dziennikarz z dyplomem nauk politycznych Uniwersytetu Warszawskiego. Rozpoczynaj\u0105c swoj\u0105 karier\u0119 w r\u00f3\u017cnych lokalnych mediach, zdoby\u0142em solidne do\u015bwiadczenie w zakresie \u015bledztwa i redakcji. Obecnie jako redaktor w Pogotowie flagowe, staram si\u0119 dostarcza\u0107 dog\u0142\u0119bne i istotne analizy na temat najwa\u017cniejszych kwestii aktualno\u015bci, \u0142\u0105cz\u0105c rygor z pasj\u0105 dziennikarsk\u0105.\",\"sameAs\":[\"https:\/\/www.pogotowieflagowe.pl\/\"]}]}<\/script>\n<!-- \/ Yoast SEO plugin. -->","yoast_head_json":{"title":"Musz\u0105 zap\u0142aci\u0107 500 PLN za o\u015bwietlenie krzy\u017ca na Giewont w rocznic\u0119 \u015bmierci Jana Paw\u0142a II - POGOTOWIE FLAGOWE\u00ae","robots":{"index":"index","follow":"follow","max-snippet":"max-snippet:-1","max-image-preview":"max-image-preview:large","max-video-preview":"max-video-preview:-1"},"canonical":"https:\/\/www.pogotowieflagowe.pl\/aktualne\/musza-zaplacic-500-pln-za-oswietlenie-krzyza-na-giewont-w-rocznice-smierci-jana-pawla-ii\/","og_locale":"pl_PL","og_type":"article","og_title":"Musz\u0105 zap\u0142aci\u0107 500 PLN za o\u015bwietlenie krzy\u017ca na Giewont w rocznic\u0119 \u015bmierci Jana Paw\u0142a II - POGOTOWIE FLAGOWE\u00ae","og_description":"Wed\u0142ug portalu Niedziela.plStra\u017cnicy Parku Narodowego (TPN) Tatra (TPN) ukarali grzywn\u0105 po dw\u00f3ch osobach 500 PLN za o\u015bwietlenie krzy\u017ca na Giewont","og_url":"https:\/\/www.pogotowieflagowe.pl\/aktualne\/musza-zaplacic-500-pln-za-oswietlenie-krzyza-na-giewont-w-rocznice-smierci-jana-pawla-ii\/","og_site_name":"POGOTOWIE FLAGOWE\u00ae","article_published_time":"2025-04-09T08:48:20+00:00","article_modified_time":"2025-04-09T08:48:21+00:00","og_image":[{"width":1280,"height":966,"url":"https:\/\/www.pogotowieflagowe.pl\/aktualne\/wp-content\/uploads\/2025\/04\/Musza-zaplacic-500-PLN-za-oswietlenie-krzyza-na-Giewont-w.jpg","type":"image\/jpeg"}],"author":"Filip","twitter_card":"summary_large_image","twitter_misc":{"Napisane przez":"Filip","Szacowany czas czytania":"1 minuta"},"schema":{"@context":"https:\/\/schema.org","@graph":[{"@type":"Article","@id":"https:\/\/www.pogotowieflagowe.pl\/aktualne\/musza-zaplacic-500-pln-za-oswietlenie-krzyza-na-giewont-w-rocznice-smierci-jana-pawla-ii\/#article","isPartOf":{"@id":"https:\/\/www.pogotowieflagowe.pl\/aktualne\/musza-zaplacic-500-pln-za-oswietlenie-krzyza-na-giewont-w-rocznice-smierci-jana-pawla-ii\/"},"author":{"name":"Filip","@id":"https:\/\/www.pogotowieflagowe.pl\/aktualne\/#\/schema\/person\/9c2fb7d2362ebf6fa088960d7f0d27b0"},"headline":"Musz\u0105 zap\u0142aci\u0107 500 PLN za o\u015bwietlenie krzy\u017ca na Giewont w rocznic\u0119 \u015bmierci Jana Paw\u0142a II","datePublished":"2025-04-09T08:48:20+00:00","dateModified":"2025-04-09T08:48:21+00:00","mainEntityOfPage":{"@id":"https:\/\/www.pogotowieflagowe.pl\/aktualne\/musza-zaplacic-500-pln-za-oswietlenie-krzyza-na-giewont-w-rocznice-smierci-jana-pawla-ii\/"},"wordCount":243,"publisher":{"@id":"https:\/\/www.pogotowieflagowe.pl\/aktualne\/#organization"},"image":{"@id":"https:\/\/www.pogotowieflagowe.pl\/aktualne\/musza-zaplacic-500-pln-za-oswietlenie-krzyza-na-giewont-w-rocznice-smierci-jana-pawla-ii\/#primaryimage"},"thumbnailUrl":"https:\/\/www.pogotowieflagowe.pl\/aktualne\/wp-content\/uploads\/2025\/04\/Musza-zaplacic-500-PLN-za-oswietlenie-krzyza-na-Giewont-w.jpg","keywords":["Giewont","Jana","krzy\u017ca","Musz\u0105","o\u015bwietlenie","Paw\u0142a","PLN","rocznic\u0119","\u015bmierci","zap\u0142aci\u0107"],"articleSection":["Aktualne"],"inLanguage":"pl-PL"},{"@type":"WebPage","@id":"https:\/\/www.pogotowieflagowe.pl\/aktualne\/musza-zaplacic-500-pln-za-oswietlenie-krzyza-na-giewont-w-rocznice-smierci-jana-pawla-ii\/","url":"https:\/\/www.pogotowieflagowe.pl\/aktualne\/musza-zaplacic-500-pln-za-oswietlenie-krzyza-na-giewont-w-rocznice-smierci-jana-pawla-ii\/","name":"Musz\u0105 zap\u0142aci\u0107 500 PLN za o\u015bwietlenie krzy\u017ca na Giewont w rocznic\u0119 \u015bmierci Jana Paw\u0142a II - POGOTOWIE FLAGOWE\u00ae","isPartOf":{"@id":"https:\/\/www.pogotowieflagowe.pl\/aktualne\/#website"},"primaryImageOfPage":{"@id":"https:\/\/www.pogotowieflagowe.pl\/aktualne\/musza-zaplacic-500-pln-za-oswietlenie-krzyza-na-giewont-w-rocznice-smierci-jana-pawla-ii\/#primaryimage"},"image":{"@id":"https:\/\/www.pogotowieflagowe.pl\/aktualne\/musza-zaplacic-500-pln-za-oswietlenie-krzyza-na-giewont-w-rocznice-smierci-jana-pawla-ii\/#primaryimage"},"thumbnailUrl":"https:\/\/www.pogotowieflagowe.pl\/aktualne\/wp-content\/uploads\/2025\/04\/Musza-zaplacic-500-PLN-za-oswietlenie-krzyza-na-Giewont-w.jpg","datePublished":"2025-04-09T08:48:20+00:00","dateModified":"2025-04-09T08:48:21+00:00","breadcrumb":{"@id":"https:\/\/www.pogotowieflagowe.pl\/aktualne\/musza-zaplacic-500-pln-za-oswietlenie-krzyza-na-giewont-w-rocznice-smierci-jana-pawla-ii\/#breadcrumb"},"inLanguage":"pl-PL","potentialAction":[{"@type":"ReadAction","target":["https:\/\/www.pogotowieflagowe.pl\/aktualne\/musza-zaplacic-500-pln-za-oswietlenie-krzyza-na-giewont-w-rocznice-smierci-jana-pawla-ii\/"]}]},{"@type":"ImageObject","inLanguage":"pl-PL","@id":"https:\/\/www.pogotowieflagowe.pl\/aktualne\/musza-zaplacic-500-pln-za-oswietlenie-krzyza-na-giewont-w-rocznice-smierci-jana-pawla-ii\/#primaryimage","url":"https:\/\/www.pogotowieflagowe.pl\/aktualne\/wp-content\/uploads\/2025\/04\/Musza-zaplacic-500-PLN-za-oswietlenie-krzyza-na-Giewont-w.jpg","contentUrl":"https:\/\/www.pogotowieflagowe.pl\/aktualne\/wp-content\/uploads\/2025\/04\/Musza-zaplacic-500-PLN-za-oswietlenie-krzyza-na-Giewont-w.jpg","width":1280,"height":966,"caption":"Musz\u0105 zap\u0142aci\u0107 500 PLN za o\u015bwietlenie krzy\u017ca na Giewont w rocznic\u0119 \u015bmierci Jana Paw\u0142a II"},{"@type":"BreadcrumbList","@id":"https:\/\/www.pogotowieflagowe.pl\/aktualne\/musza-zaplacic-500-pln-za-oswietlenie-krzyza-na-giewont-w-rocznice-smierci-jana-pawla-ii\/#breadcrumb","itemListElement":[{"@type":"ListItem","position":1,"name":"Home","item":"https:\/\/www.pogotowieflagowe.pl\/aktualne\/"},{"@type":"ListItem","position":2,"name":"Musz\u0105 zap\u0142aci\u0107 500 PLN za o\u015bwietlenie krzy\u017ca na Giewont w rocznic\u0119 \u015bmierci Jana Paw\u0142a II"}]},{"@type":"WebSite","@id":"https:\/\/www.pogotowieflagowe.pl\/aktualne\/#website","url":"https:\/\/www.pogotowieflagowe.pl\/aktualne\/","name":"POGOTOWIE FLAGOWE\u00ae","description":"","publisher":{"@id":"https:\/\/www.pogotowieflagowe.pl\/aktualne\/#organization"},"potentialAction":[{"@type":"SearchAction","target":{"@type":"EntryPoint","urlTemplate":"https:\/\/www.pogotowieflagowe.pl\/aktualne\/?s={search_term_string}"},"query-input":"required name=search_term_string"}],"inLanguage":"pl-PL"},{"@type":"Organization","@id":"https:\/\/www.pogotowieflagowe.pl\/aktualne\/#organization","name":"POGOTOWIE FLAGOWE\u00ae","url":"https:\/\/www.pogotowieflagowe.pl\/aktualne\/","logo":{"@type":"ImageObject","inLanguage":"pl-PL","@id":"https:\/\/www.pogotowieflagowe.pl\/aktualne\/#\/schema\/logo\/image\/","url":"https:\/\/www.pogotowieflagowe.pl\/aktualne\/wp-content\/uploads\/2024\/08\/cropped-pogotowieflagowe_flaga_projekt_sm.jpg","contentUrl":"https:\/\/www.pogotowieflagowe.pl\/aktualne\/wp-content\/uploads\/2024\/08\/cropped-pogotowieflagowe_flaga_projekt_sm.jpg","width":250,"height":143,"caption":"POGOTOWIE FLAGOWE\u00ae"},"image":{"@id":"https:\/\/www.pogotowieflagowe.pl\/aktualne\/#\/schema\/logo\/image\/"}},{"@type":"Person","@id":"https:\/\/www.pogotowieflagowe.pl\/aktualne\/#\/schema\/person\/9c2fb7d2362ebf6fa088960d7f0d27b0","name":"Filip","image":{"@type":"ImageObject","inLanguage":"pl-PL","@id":"https:\/\/www.pogotowieflagowe.pl\/aktualne\/#\/schema\/person\/image\/","url":"https:\/\/www.pogotowieflagowe.pl\/aktualne\/wp-content\/uploads\/2024\/08\/pogotowieflagowe.pl_.jpg","contentUrl":"https:\/\/www.pogotowieflagowe.pl\/aktualne\/wp-content\/uploads\/2024\/08\/pogotowieflagowe.pl_.jpg","caption":"Filip"},"description":"Jestem Filip, polski dziennikarz z dyplomem nauk politycznych Uniwersytetu Warszawskiego. Rozpoczynaj\u0105c swoj\u0105 karier\u0119 w r\u00f3\u017cnych lokalnych mediach, zdoby\u0142em solidne do\u015bwiadczenie w zakresie \u015bledztwa i redakcji. Obecnie jako redaktor w Pogotowie flagowe, staram si\u0119 dostarcza\u0107 dog\u0142\u0119bne i istotne analizy na temat najwa\u017cniejszych kwestii aktualno\u015bci, \u0142\u0105cz\u0105c rygor z pasj\u0105 dziennikarsk\u0105.","sameAs":["https:\/\/www.pogotowieflagowe.pl\/"]}]}},"_links":{"self":[{"href":"https:\/\/www.pogotowieflagowe.pl\/aktualne\/wp-json\/wp\/v2\/posts\/5082","targetHints":{"allow":["GET"]}}],"collection":[{"href":"https:\/\/www.pogotowieflagowe.pl\/aktualne\/wp-json\/wp\/v2\/posts"}],"about":[{"href":"https:\/\/www.pogotowieflagowe.pl\/aktualne\/wp-json\/wp\/v2\/types\/post"}],"author":[{"embeddable":true,"href":"https:\/\/www.pogotowieflagowe.pl\/aktualne\/wp-json\/wp\/v2\/users\/1"}],"replies":[{"embeddable":true,"href":"https:\/\/www.pogotowieflagowe.pl\/aktualne\/wp-json\/wp\/v2\/comments?post=5082"}],"version-history":[{"count":1,"href":"https:\/\/www.pogotowieflagowe.pl\/aktualne\/wp-json\/wp\/v2\/posts\/5082\/revisions"}],"predecessor-version":[{"id":5084,"href":"https:\/\/www.pogotowieflagowe.pl\/aktualne\/wp-json\/wp\/v2\/posts\/5082\/revisions\/5084"}],"wp:featuredmedia":[{"embeddable":true,"href":"https:\/\/www.pogotowieflagowe.pl\/aktualne\/wp-json\/wp\/v2\/media\/5083"}],"wp:attachment":[{"href":"https:\/\/www.pogotowieflagowe.pl\/aktualne\/wp-json\/wp\/v2\/media?parent=5082"}],"wp:term":[{"taxonomy":"category","embeddable":true,"href":"https:\/\/www.pogotowieflagowe.pl\/aktualne\/wp-json\/wp\/v2\/categories?post=5082"},{"taxonomy":"post_tag","embeddable":true,"href":"https:\/\/www.pogotowieflagowe.pl\/aktualne\/wp-json\/wp\/v2\/tags?post=5082"}],"curies":[{"name":"wp","href":"https:\/\/api.w.org\/{rel}","templated":true}]}}