{"id":5085,"date":"2025-04-09T15:49:43","date_gmt":"2025-04-09T13:49:43","guid":{"rendered":"https:\/\/www.pogotowieflagowe.pl\/aktualne\/matt-schlapp-broni-tv-republika-to-jest-lewicowy-faszyzm\/"},"modified":"2025-04-09T15:49:44","modified_gmt":"2025-04-09T13:49:44","slug":"matt-schlapp-broni-tv-republika-to-jest-lewicowy-faszyzm","status":"publish","type":"post","link":"https:\/\/www.pogotowieflagowe.pl\/aktualne\/matt-schlapp-broni-tv-republika-to-jest-lewicowy-faszyzm\/","title":{"rendered":"Matt Schlapp broni TV Republika: \u201eTo jest lewicowy faszyzm\u201d"},"content":{"rendered":"\n<div class=\"td_block_wrap tdb_single_content tdi_41 td-pb-border-top td_block_template_8 td-post-content tagdiv-type\" data-td-block-uid=\"tdi_41\">\n<style>.tdi_41 {margin-top: 0px! Wa\u017cne; margines-bottom: 0px! WA\u017bNY; PALDING-TOP: 0PX! WA\u017bNY; PALDING-BOTTOM: 0PX! WA\u017bNE}<\/style>\n<style>.tdb_single_content {margin-bottom: 0;*zoom: 1} .tdb_single_content: wcze\u015bniej, .tdb_single_content: po {display: Table; content: ''; line-height: 0} .TDB-BLOCK-INner>*: nie (.WP-BLOCK-QUOTE): not (.alignSwide): not (.Alignfull.wp-block-cover.has-parallax): not (.td-a-ad) {margin-left: auto; margin-right: auto} .tdb_single_ConTent a {wska\u017anik-events: auto} .tdb_single_content .td-spot-id-top_ad .tdc-placeholder-title: przed {content: \u201eArtyku\u0142 top ad\u201d! Wa\u017cne} .tdb_single_content .td-Spot-Id-inline_ad0 .tdc-placeholder-title 1 '! Wa\u017cne} .tdb_single_content .td-Spot-Id-inline_Ad1 .tdc-Placeholder-Title: przed {content: \u201eArtyku\u0142 inline AD 2'! Wa\u017cny} .tdb_single_content. 3 '! Wa\u017cne} .tdb_single_content .td-Spot-Id-Bottom_Ad .tdc-Placeholder-Title: przed {content: \u201eArtyku\u0142 Bottom Ad\u201d! Wa\u017cne} .tdb_single_content .id_top_ad, .tdb_single_content_content .id_bottom_ad {clear: oba; margin-bottom: 21px; text-align: Center} .tdb_single_content .id_top_ad img, .tdb_single_content .id_bottom_ad img {margin-bottom: 0} .tdb_single_conTent .id_top_ad .adsbyGoogle, .tdb_single_content .id_bottom_ad .adsbyGoogle {pozycja: relatyw} .tdb_single_content .id_ad_content-horiz-left, .tdb_single_content .id_ad_content-horiz-right, .tdb_single_content .id_ad_content-horiz-Center {margin-bottom: 15px} .tdb_single_content .id_ad_content-horiz-left Img, .tdb_single_content .id_ad_content-horiz-right img, .tdb_single_content .id_ad_content-horiz-centerter img {margin-bottom: 0} .tdb_single_content .id_ad_content-horiz-center {text-align: Center} .tdb_single_content .id_ad_content-horiz-center img {margin-right: auto; margin-let: auto} .tdb_single_content .id_ad_content-horiz-left {float: left; margin-top: 9px; margin-right: 21px} .tdb_single_content .id_ad_content-horiz-right {float: margin-top: 6px; margin-left: 21px} .tdb_single_content .tdc-a-a-ad .TDC-Placeholder-Title {szeroko\u015b\u0107: 300px; height: 250px} .tdb_single_content .tdc-a-ad .TDC-Placeholder-Title: Przed {Pozycja: Absolute; TOP: 50%;-WebKit-Transform: Translatey (-50%); Transform: Translatey (-50%); margines: auto; Display: Tabela; szeroko\u015b\u0107: 100%}. tdb_single_content .TDB-BLOCK-INNER.TD-FIX-INDEX {Word-Break: Break-word} .tdi_41, .tdi_41> p, .tdi_41 .tdb-block-inner> p, .Wp-Block-Column> p {font-size: 16px! Wa\u017cne; wa\u017cny; p {font-styl: normalne! Wa\u017cne} @media (Max-Width: 767px) {. tdb_single_content .id_ad_content-horiz-left, .tdb_single_content .id_ad_content-horiz-right, .tdb_single_content .id_ad_content-horiz-centter {Margin: 0 AUTO 26PXX auto}}@media (Max-Width: 767px) {. tdb_single_content .id_ad_content-horiz-left {margin-right: 0}}@media (max-width: 767px) {. (Max-Width: 767px) {. tdb_single_content .td-a-ad {float: none; text-align: Center} .tdb_single_content .td-a-ad img {margin-right: auto; margin-left: auto} .tdb_single_content .tdc-a-a-a-{margin-right: auto; margin-left: auto} .tdb_single_content .tdd<\/style>\n<div class=\"tdb-block-inner td-fix-index\">\n<p>Matt Schlapp, przewodnicz\u0105cy American Conservative Political Action Conference (CPAC), zdecydowanie wypowiedzia\u0142 si\u0119 w obronie Telewizja Republika po tym, jak polski s\u0105d wyda\u0142 niefina\u0142ow\u0105 decyzj\u0119 o odwo\u0142aniu licencji na nadawanie stacji. Chocia\u017c orzeczenie nie jest jeszcze prawnie wi\u0105\u017c\u0105ce, mo\u017ce spowodowa\u0107 usuni\u0119cie kana\u0142u z platformy MUX &#8211; skutkiem odci\u0119cia milion\u00f3w widz\u00f3w z jednej z ostatnich niezale\u017cnych konserwatywnych sieci telewizyjnych w Polsce.<\/p>\n<p>W po\u015bcie na X Schlapp podkre\u015bli\u0142, \u017ce ten ruch przez polski s\u0105d jest cz\u0119\u015bci\u0105 szerszego mi\u0119dzynarodowego trendu wyciszania konserwatywnych g\u0142os\u00f3w.<\/p>\n<blockquote class=\"twitter-tweet\">\n<p lang=\"pl\" dir=\"ltr\">Szef <a rel=\"nofollow\" href=\"https:\/\/twitter.com\/CPAC?ref_src=twsrc%5Etfw\">@CPAC<\/a> Broni <a rel=\"nofollow\" href=\"https:\/\/twitter.com\/RepublikaTV?ref_src=twsrc%5Etfw\">@Republikatv<\/a> I bije na alarm w roztrawie skandalicznej decyzji s\u0105du\u203c \ufe0f https:\/\/t.co\/xnob6roorm<\/p>\n<p>&#8211; Piotr Nisztor \ud83c\uddf5\ud83c\uddf1 (@pnisztor) <a rel=\"nofollow\" href=\"https:\/\/twitter.com\/PNisztor\/status\/1909949259836735597?ref_src=twsrc%5Etfw\">9 kwietnia 2025 r<\/a><\/p><\/blockquote>\n<p>Przewodnicz\u0105cy CPAC pojawi\u0142 si\u0119 wiele razy w telewizji Republika, udzielaj\u0105c wywiad\u00f3w i dziel\u0105c si\u0119 komentarzami z konserwatywnej perspektywy. Podkre\u015bli\u0142, \u017ce pr\u00f3ba uciszenia kana\u0142u jest bezpo\u015brednim atakiem na wolno\u015b\u0107 s\u0142owa i demokracj\u0119.<\/p>\n<p>O\u015bwiadczenie Schlappa jest kolejnym przyk\u0142adem rosn\u0105cego mi\u0119dzynarodowego poparcia dla stacji, kt\u00f3ra od lat stanowi alternatywn\u0105 narracj\u0119 polityczn\u0105 cz\u0119sto nieobecn\u0105 w mediach g\u0142\u00f3wnego nurtu.<\/p>\n<hr class=\"wp-block-separator has-alpha-channel-opacity\">\n<h2 class=\"wp-block-heading\">Przeczytaj tak\u017ce:<\/h2>\n<figure class=\"wp-block-embed is-type-wp-embed is-provider-polanddaily-24-com wp-block-embed-polanddaily-24-com\">\n<div class=\"wp-block-embed__wrapper\">\n<blockquote class=\"wp-embedded-content\" data-secret=\"io40JQpdGV\"><p>Atak na wolno\u015b\u0107 s\u0142owa! S\u0105d obdarza decyzj\u0119 Krrit w sprawie licencji telewizyjnej Republiki<\/p><\/blockquote>\n<p><iframe class=\"wp-embedded-content lazyload\" sandbox=\"allow-scripts\" security=\"restricted\" style=\"position: absolute; visibility: hidden;\" title=\"\u201cAn Attack on Freedom of Speech! Court Overturns KRRiT\u2019s Decision on TV Republika\u2019s Broadcasting License\u201d \u2014 PolandDaily24.com\" data-secret=\"io40JQpdGV\" width=\"600\" height=\"338\" frameborder=\"0\" marginwidth=\"0\" marginheight=\"0\" scrolling=\"no\" data-src=\"https:\/\/polanddaily24.com\/an-attack-on-freedom-of-speech-court-overturns-krrits-decision-on-tv-republikas-broadcasting-license\/poland-today\/rule-of-law-in-poland\/54005\/embed#?secret=UwrPR7IgFe#?secret=io40JQpdGV\"><\/iframe>\n<\/div>\n<\/figure>\n<figure class=\"wp-block-embed is-type-wp-embed is-provider-polanddaily-24-com wp-block-embed-polanddaily-24-com\">\n<div class=\"wp-block-embed__wrapper\">\n<blockquote class=\"wp-embedded-content\" data-secret=\"ofU7dvIPEm\"><p>Sakiewicz komentuje orzeczenie koncesji: \u201eOd dawna nie s\u0142ysza\u0142em tak wielu k\u0142amstw od s\u0105du\u201d<\/p><\/blockquote>\n<p><iframe class=\"wp-embedded-content lazyload\" sandbox=\"allow-scripts\" security=\"restricted\" style=\"position: absolute; visibility: hidden;\" title=\"\u201cSakiewicz Comments on Concession Ruling: \u201cI Haven\u2019t Heard So Many Lies from a Court in a Long Time\u201d\u201d \u2014 PolandDaily24.com\" data-secret=\"ofU7dvIPEm\" width=\"600\" height=\"338\" frameborder=\"0\" marginwidth=\"0\" marginheight=\"0\" scrolling=\"no\" data-src=\"https:\/\/polanddaily24.com\/sakiewicz-comments-on-concession-ruling-i-havent-heard-so-many-lies-from-a-court-in-a-long-time\/poland-today\/54009\/embed#?secret=4XIKfRMJjg#?secret=ofU7dvIPEm\"><\/iframe>\n<\/div>\n<\/figure>\n<\/div>\n<\/div>\n<p><script async src=\"https:\/\/platform.twitter.com\/widgets.js\" charset=\"utf-8\"><\/script><\/p>\n","protected":false},"excerpt":{"rendered":"<p>Matt Schlapp, przewodnicz\u0105cy American Conservative Political Action Conference (CPAC), zdecydowanie wypowiedzia\u0142 si\u0119 w obronie Telewizja Republika po tym, jak polski<\/p>\n","protected":false},"author":1,"featured_media":3588,"comment_status":"closed","ping_status":"","sticky":false,"template":"","format":"standard","meta":{"footnotes":""},"categories":[44],"tags":[659,6863,111,5771,5110,340,5111],"class_list":["post-5085","post","type-post","status-publish","format-standard","has-post-thumbnail","hentry","category-polityka","tag-broni","tag-faszyzm","tag-jest","tag-lewicowy","tag-matt","tag-republika","tag-schlapp","generate-columns","tablet-grid-50","mobile-grid-100","grid-parent","grid-50","resize-featured-image"],"yoast_head":"<!-- This site is optimized with the Yoast SEO plugin v23.2 - https:\/\/yoast.com\/wordpress\/plugins\/seo\/ -->\n<title>Matt Schlapp broni TV Republika: \u201eTo jest lewicowy faszyzm\u201d - POGOTOWIE FLAGOWE\u00ae<\/title>\n<meta name=\"robots\" content=\"index, follow, max-snippet:-1, max-image-preview:large, max-video-preview:-1\" \/>\n<link rel=\"canonical\" href=\"https:\/\/www.pogotowieflagowe.pl\/aktualne\/matt-schlapp-broni-tv-republika-to-jest-lewicowy-faszyzm\/\" \/>\n<meta property=\"og:locale\" content=\"pl_PL\" \/>\n<meta property=\"og:type\" content=\"article\" \/>\n<meta property=\"og:title\" content=\"Matt Schlapp broni TV Republika: \u201eTo jest lewicowy faszyzm\u201d - POGOTOWIE FLAGOWE\u00ae\" \/>\n<meta property=\"og:description\" content=\"Matt Schlapp, przewodnicz\u0105cy American Conservative Political Action Conference (CPAC), zdecydowanie wypowiedzia\u0142 si\u0119 w obronie Telewizja Republika po tym, jak polski\" \/>\n<meta property=\"og:url\" content=\"https:\/\/www.pogotowieflagowe.pl\/aktualne\/matt-schlapp-broni-tv-republika-to-jest-lewicowy-faszyzm\/\" \/>\n<meta property=\"og:site_name\" content=\"POGOTOWIE FLAGOWE\u00ae\" \/>\n<meta property=\"article:published_time\" content=\"2025-04-09T13:49:43+00:00\" \/>\n<meta property=\"article:modified_time\" content=\"2025-04-09T13:49:44+00:00\" \/>\n<meta property=\"og:image\" content=\"https:\/\/www.pogotowieflagowe.pl\/aktualne\/wp-content\/uploads\/2025\/01\/Matt-Schlapp-Europa-musi-sie-obudzic-zanim-bedzie-za-pozno.jpg\" \/>\n\t<meta property=\"og:image:width\" content=\"600\" \/>\n\t<meta property=\"og:image:height\" content=\"337\" \/>\n\t<meta property=\"og:image:type\" content=\"image\/jpeg\" \/>\n<meta name=\"author\" content=\"Filip\" \/>\n<meta name=\"twitter:card\" content=\"summary_large_image\" \/>\n<meta name=\"twitter:label1\" content=\"Napisane przez\" \/>\n\t<meta name=\"twitter:data1\" content=\"Filip\" \/>\n\t<meta name=\"twitter:label2\" content=\"Szacowany czas czytania\" \/>\n\t<meta name=\"twitter:data2\" content=\"1 minuta\" \/>\n<script type=\"application\/ld+json\" class=\"yoast-schema-graph\">{\"@context\":\"https:\/\/schema.org\",\"@graph\":[{\"@type\":\"Article\",\"@id\":\"https:\/\/www.pogotowieflagowe.pl\/aktualne\/matt-schlapp-broni-tv-republika-to-jest-lewicowy-faszyzm\/#article\",\"isPartOf\":{\"@id\":\"https:\/\/www.pogotowieflagowe.pl\/aktualne\/matt-schlapp-broni-tv-republika-to-jest-lewicowy-faszyzm\/\"},\"author\":{\"name\":\"Filip\",\"@id\":\"https:\/\/www.pogotowieflagowe.pl\/aktualne\/#\/schema\/person\/9c2fb7d2362ebf6fa088960d7f0d27b0\"},\"headline\":\"Matt Schlapp broni TV Republika: \u201eTo jest lewicowy faszyzm\u201d\",\"datePublished\":\"2025-04-09T13:49:43+00:00\",\"dateModified\":\"2025-04-09T13:49:44+00:00\",\"mainEntityOfPage\":{\"@id\":\"https:\/\/www.pogotowieflagowe.pl\/aktualne\/matt-schlapp-broni-tv-republika-to-jest-lewicowy-faszyzm\/\"},\"wordCount\":236,\"publisher\":{\"@id\":\"https:\/\/www.pogotowieflagowe.pl\/aktualne\/#organization\"},\"image\":{\"@id\":\"https:\/\/www.pogotowieflagowe.pl\/aktualne\/matt-schlapp-broni-tv-republika-to-jest-lewicowy-faszyzm\/#primaryimage\"},\"thumbnailUrl\":\"https:\/\/www.pogotowieflagowe.pl\/aktualne\/wp-content\/uploads\/2025\/01\/Matt-Schlapp-Europa-musi-sie-obudzic-zanim-bedzie-za-pozno.jpg\",\"keywords\":[\"broni\",\"faszyzm\",\"jest\",\"lewicowy\",\"Matt\",\"Republika\",\"Schlapp\"],\"articleSection\":[\"Polityka\"],\"inLanguage\":\"pl-PL\"},{\"@type\":\"WebPage\",\"@id\":\"https:\/\/www.pogotowieflagowe.pl\/aktualne\/matt-schlapp-broni-tv-republika-to-jest-lewicowy-faszyzm\/\",\"url\":\"https:\/\/www.pogotowieflagowe.pl\/aktualne\/matt-schlapp-broni-tv-republika-to-jest-lewicowy-faszyzm\/\",\"name\":\"Matt Schlapp broni TV Republika: \u201eTo jest lewicowy faszyzm\u201d - POGOTOWIE FLAGOWE\u00ae\",\"isPartOf\":{\"@id\":\"https:\/\/www.pogotowieflagowe.pl\/aktualne\/#website\"},\"primaryImageOfPage\":{\"@id\":\"https:\/\/www.pogotowieflagowe.pl\/aktualne\/matt-schlapp-broni-tv-republika-to-jest-lewicowy-faszyzm\/#primaryimage\"},\"image\":{\"@id\":\"https:\/\/www.pogotowieflagowe.pl\/aktualne\/matt-schlapp-broni-tv-republika-to-jest-lewicowy-faszyzm\/#primaryimage\"},\"thumbnailUrl\":\"https:\/\/www.pogotowieflagowe.pl\/aktualne\/wp-content\/uploads\/2025\/01\/Matt-Schlapp-Europa-musi-sie-obudzic-zanim-bedzie-za-pozno.jpg\",\"datePublished\":\"2025-04-09T13:49:43+00:00\",\"dateModified\":\"2025-04-09T13:49:44+00:00\",\"breadcrumb\":{\"@id\":\"https:\/\/www.pogotowieflagowe.pl\/aktualne\/matt-schlapp-broni-tv-republika-to-jest-lewicowy-faszyzm\/#breadcrumb\"},\"inLanguage\":\"pl-PL\",\"potentialAction\":[{\"@type\":\"ReadAction\",\"target\":[\"https:\/\/www.pogotowieflagowe.pl\/aktualne\/matt-schlapp-broni-tv-republika-to-jest-lewicowy-faszyzm\/\"]}]},{\"@type\":\"ImageObject\",\"inLanguage\":\"pl-PL\",\"@id\":\"https:\/\/www.pogotowieflagowe.pl\/aktualne\/matt-schlapp-broni-tv-republika-to-jest-lewicowy-faszyzm\/#primaryimage\",\"url\":\"https:\/\/www.pogotowieflagowe.pl\/aktualne\/wp-content\/uploads\/2025\/01\/Matt-Schlapp-Europa-musi-sie-obudzic-zanim-bedzie-za-pozno.jpg\",\"contentUrl\":\"https:\/\/www.pogotowieflagowe.pl\/aktualne\/wp-content\/uploads\/2025\/01\/Matt-Schlapp-Europa-musi-sie-obudzic-zanim-bedzie-za-pozno.jpg\",\"width\":600,\"height\":337,\"caption\":\"Matt Schlapp: Europa musi si\u0119 obudzi\u0107, zanim b\u0119dzie za p\u00f3\u017ano\"},{\"@type\":\"BreadcrumbList\",\"@id\":\"https:\/\/www.pogotowieflagowe.pl\/aktualne\/matt-schlapp-broni-tv-republika-to-jest-lewicowy-faszyzm\/#breadcrumb\",\"itemListElement\":[{\"@type\":\"ListItem\",\"position\":1,\"name\":\"Home\",\"item\":\"https:\/\/www.pogotowieflagowe.pl\/aktualne\/\"},{\"@type\":\"ListItem\",\"position\":2,\"name\":\"Matt Schlapp broni TV Republika: \u201eTo jest lewicowy faszyzm\u201d\"}]},{\"@type\":\"WebSite\",\"@id\":\"https:\/\/www.pogotowieflagowe.pl\/aktualne\/#website\",\"url\":\"https:\/\/www.pogotowieflagowe.pl\/aktualne\/\",\"name\":\"POGOTOWIE FLAGOWE\u00ae\",\"description\":\"\",\"publisher\":{\"@id\":\"https:\/\/www.pogotowieflagowe.pl\/aktualne\/#organization\"},\"potentialAction\":[{\"@type\":\"SearchAction\",\"target\":{\"@type\":\"EntryPoint\",\"urlTemplate\":\"https:\/\/www.pogotowieflagowe.pl\/aktualne\/?s={search_term_string}\"},\"query-input\":\"required name=search_term_string\"}],\"inLanguage\":\"pl-PL\"},{\"@type\":\"Organization\",\"@id\":\"https:\/\/www.pogotowieflagowe.pl\/aktualne\/#organization\",\"name\":\"POGOTOWIE FLAGOWE\u00ae\",\"url\":\"https:\/\/www.pogotowieflagowe.pl\/aktualne\/\",\"logo\":{\"@type\":\"ImageObject\",\"inLanguage\":\"pl-PL\",\"@id\":\"https:\/\/www.pogotowieflagowe.pl\/aktualne\/#\/schema\/logo\/image\/\",\"url\":\"https:\/\/www.pogotowieflagowe.pl\/aktualne\/wp-content\/uploads\/2024\/08\/cropped-pogotowieflagowe_flaga_projekt_sm.jpg\",\"contentUrl\":\"https:\/\/www.pogotowieflagowe.pl\/aktualne\/wp-content\/uploads\/2024\/08\/cropped-pogotowieflagowe_flaga_projekt_sm.jpg\",\"width\":250,\"height\":143,\"caption\":\"POGOTOWIE FLAGOWE\u00ae\"},\"image\":{\"@id\":\"https:\/\/www.pogotowieflagowe.pl\/aktualne\/#\/schema\/logo\/image\/\"}},{\"@type\":\"Person\",\"@id\":\"https:\/\/www.pogotowieflagowe.pl\/aktualne\/#\/schema\/person\/9c2fb7d2362ebf6fa088960d7f0d27b0\",\"name\":\"Filip\",\"image\":{\"@type\":\"ImageObject\",\"inLanguage\":\"pl-PL\",\"@id\":\"https:\/\/www.pogotowieflagowe.pl\/aktualne\/#\/schema\/person\/image\/\",\"url\":\"https:\/\/www.pogotowieflagowe.pl\/aktualne\/wp-content\/uploads\/2024\/08\/pogotowieflagowe.pl_.jpg\",\"contentUrl\":\"https:\/\/www.pogotowieflagowe.pl\/aktualne\/wp-content\/uploads\/2024\/08\/pogotowieflagowe.pl_.jpg\",\"caption\":\"Filip\"},\"description\":\"Jestem Filip, polski dziennikarz z dyplomem nauk politycznych Uniwersytetu Warszawskiego. Rozpoczynaj\u0105c swoj\u0105 karier\u0119 w r\u00f3\u017cnych lokalnych mediach, zdoby\u0142em solidne do\u015bwiadczenie w zakresie \u015bledztwa i redakcji. Obecnie jako redaktor w Pogotowie flagowe, staram si\u0119 dostarcza\u0107 dog\u0142\u0119bne i istotne analizy na temat najwa\u017cniejszych kwestii aktualno\u015bci, \u0142\u0105cz\u0105c rygor z pasj\u0105 dziennikarsk\u0105.\",\"sameAs\":[\"https:\/\/www.pogotowieflagowe.pl\/\"]}]}<\/script>\n<!-- \/ Yoast SEO plugin. -->","yoast_head_json":{"title":"Matt Schlapp broni TV Republika: \u201eTo jest lewicowy faszyzm\u201d - POGOTOWIE FLAGOWE\u00ae","robots":{"index":"index","follow":"follow","max-snippet":"max-snippet:-1","max-image-preview":"max-image-preview:large","max-video-preview":"max-video-preview:-1"},"canonical":"https:\/\/www.pogotowieflagowe.pl\/aktualne\/matt-schlapp-broni-tv-republika-to-jest-lewicowy-faszyzm\/","og_locale":"pl_PL","og_type":"article","og_title":"Matt Schlapp broni TV Republika: \u201eTo jest lewicowy faszyzm\u201d - POGOTOWIE FLAGOWE\u00ae","og_description":"Matt Schlapp, przewodnicz\u0105cy American Conservative Political Action Conference (CPAC), zdecydowanie wypowiedzia\u0142 si\u0119 w obronie Telewizja Republika po tym, jak polski","og_url":"https:\/\/www.pogotowieflagowe.pl\/aktualne\/matt-schlapp-broni-tv-republika-to-jest-lewicowy-faszyzm\/","og_site_name":"POGOTOWIE FLAGOWE\u00ae","article_published_time":"2025-04-09T13:49:43+00:00","article_modified_time":"2025-04-09T13:49:44+00:00","og_image":[{"width":600,"height":337,"url":"https:\/\/www.pogotowieflagowe.pl\/aktualne\/wp-content\/uploads\/2025\/01\/Matt-Schlapp-Europa-musi-sie-obudzic-zanim-bedzie-za-pozno.jpg","type":"image\/jpeg"}],"author":"Filip","twitter_card":"summary_large_image","twitter_misc":{"Napisane przez":"Filip","Szacowany czas czytania":"1 minuta"},"schema":{"@context":"https:\/\/schema.org","@graph":[{"@type":"Article","@id":"https:\/\/www.pogotowieflagowe.pl\/aktualne\/matt-schlapp-broni-tv-republika-to-jest-lewicowy-faszyzm\/#article","isPartOf":{"@id":"https:\/\/www.pogotowieflagowe.pl\/aktualne\/matt-schlapp-broni-tv-republika-to-jest-lewicowy-faszyzm\/"},"author":{"name":"Filip","@id":"https:\/\/www.pogotowieflagowe.pl\/aktualne\/#\/schema\/person\/9c2fb7d2362ebf6fa088960d7f0d27b0"},"headline":"Matt Schlapp broni TV Republika: \u201eTo jest lewicowy faszyzm\u201d","datePublished":"2025-04-09T13:49:43+00:00","dateModified":"2025-04-09T13:49:44+00:00","mainEntityOfPage":{"@id":"https:\/\/www.pogotowieflagowe.pl\/aktualne\/matt-schlapp-broni-tv-republika-to-jest-lewicowy-faszyzm\/"},"wordCount":236,"publisher":{"@id":"https:\/\/www.pogotowieflagowe.pl\/aktualne\/#organization"},"image":{"@id":"https:\/\/www.pogotowieflagowe.pl\/aktualne\/matt-schlapp-broni-tv-republika-to-jest-lewicowy-faszyzm\/#primaryimage"},"thumbnailUrl":"https:\/\/www.pogotowieflagowe.pl\/aktualne\/wp-content\/uploads\/2025\/01\/Matt-Schlapp-Europa-musi-sie-obudzic-zanim-bedzie-za-pozno.jpg","keywords":["broni","faszyzm","jest","lewicowy","Matt","Republika","Schlapp"],"articleSection":["Polityka"],"inLanguage":"pl-PL"},{"@type":"WebPage","@id":"https:\/\/www.pogotowieflagowe.pl\/aktualne\/matt-schlapp-broni-tv-republika-to-jest-lewicowy-faszyzm\/","url":"https:\/\/www.pogotowieflagowe.pl\/aktualne\/matt-schlapp-broni-tv-republika-to-jest-lewicowy-faszyzm\/","name":"Matt Schlapp broni TV Republika: \u201eTo jest lewicowy faszyzm\u201d - POGOTOWIE FLAGOWE\u00ae","isPartOf":{"@id":"https:\/\/www.pogotowieflagowe.pl\/aktualne\/#website"},"primaryImageOfPage":{"@id":"https:\/\/www.pogotowieflagowe.pl\/aktualne\/matt-schlapp-broni-tv-republika-to-jest-lewicowy-faszyzm\/#primaryimage"},"image":{"@id":"https:\/\/www.pogotowieflagowe.pl\/aktualne\/matt-schlapp-broni-tv-republika-to-jest-lewicowy-faszyzm\/#primaryimage"},"thumbnailUrl":"https:\/\/www.pogotowieflagowe.pl\/aktualne\/wp-content\/uploads\/2025\/01\/Matt-Schlapp-Europa-musi-sie-obudzic-zanim-bedzie-za-pozno.jpg","datePublished":"2025-04-09T13:49:43+00:00","dateModified":"2025-04-09T13:49:44+00:00","breadcrumb":{"@id":"https:\/\/www.pogotowieflagowe.pl\/aktualne\/matt-schlapp-broni-tv-republika-to-jest-lewicowy-faszyzm\/#breadcrumb"},"inLanguage":"pl-PL","potentialAction":[{"@type":"ReadAction","target":["https:\/\/www.pogotowieflagowe.pl\/aktualne\/matt-schlapp-broni-tv-republika-to-jest-lewicowy-faszyzm\/"]}]},{"@type":"ImageObject","inLanguage":"pl-PL","@id":"https:\/\/www.pogotowieflagowe.pl\/aktualne\/matt-schlapp-broni-tv-republika-to-jest-lewicowy-faszyzm\/#primaryimage","url":"https:\/\/www.pogotowieflagowe.pl\/aktualne\/wp-content\/uploads\/2025\/01\/Matt-Schlapp-Europa-musi-sie-obudzic-zanim-bedzie-za-pozno.jpg","contentUrl":"https:\/\/www.pogotowieflagowe.pl\/aktualne\/wp-content\/uploads\/2025\/01\/Matt-Schlapp-Europa-musi-sie-obudzic-zanim-bedzie-za-pozno.jpg","width":600,"height":337,"caption":"Matt Schlapp: Europa musi si\u0119 obudzi\u0107, zanim b\u0119dzie za p\u00f3\u017ano"},{"@type":"BreadcrumbList","@id":"https:\/\/www.pogotowieflagowe.pl\/aktualne\/matt-schlapp-broni-tv-republika-to-jest-lewicowy-faszyzm\/#breadcrumb","itemListElement":[{"@type":"ListItem","position":1,"name":"Home","item":"https:\/\/www.pogotowieflagowe.pl\/aktualne\/"},{"@type":"ListItem","position":2,"name":"Matt Schlapp broni TV Republika: \u201eTo jest lewicowy faszyzm\u201d"}]},{"@type":"WebSite","@id":"https:\/\/www.pogotowieflagowe.pl\/aktualne\/#website","url":"https:\/\/www.pogotowieflagowe.pl\/aktualne\/","name":"POGOTOWIE FLAGOWE\u00ae","description":"","publisher":{"@id":"https:\/\/www.pogotowieflagowe.pl\/aktualne\/#organization"},"potentialAction":[{"@type":"SearchAction","target":{"@type":"EntryPoint","urlTemplate":"https:\/\/www.pogotowieflagowe.pl\/aktualne\/?s={search_term_string}"},"query-input":"required name=search_term_string"}],"inLanguage":"pl-PL"},{"@type":"Organization","@id":"https:\/\/www.pogotowieflagowe.pl\/aktualne\/#organization","name":"POGOTOWIE FLAGOWE\u00ae","url":"https:\/\/www.pogotowieflagowe.pl\/aktualne\/","logo":{"@type":"ImageObject","inLanguage":"pl-PL","@id":"https:\/\/www.pogotowieflagowe.pl\/aktualne\/#\/schema\/logo\/image\/","url":"https:\/\/www.pogotowieflagowe.pl\/aktualne\/wp-content\/uploads\/2024\/08\/cropped-pogotowieflagowe_flaga_projekt_sm.jpg","contentUrl":"https:\/\/www.pogotowieflagowe.pl\/aktualne\/wp-content\/uploads\/2024\/08\/cropped-pogotowieflagowe_flaga_projekt_sm.jpg","width":250,"height":143,"caption":"POGOTOWIE FLAGOWE\u00ae"},"image":{"@id":"https:\/\/www.pogotowieflagowe.pl\/aktualne\/#\/schema\/logo\/image\/"}},{"@type":"Person","@id":"https:\/\/www.pogotowieflagowe.pl\/aktualne\/#\/schema\/person\/9c2fb7d2362ebf6fa088960d7f0d27b0","name":"Filip","image":{"@type":"ImageObject","inLanguage":"pl-PL","@id":"https:\/\/www.pogotowieflagowe.pl\/aktualne\/#\/schema\/person\/image\/","url":"https:\/\/www.pogotowieflagowe.pl\/aktualne\/wp-content\/uploads\/2024\/08\/pogotowieflagowe.pl_.jpg","contentUrl":"https:\/\/www.pogotowieflagowe.pl\/aktualne\/wp-content\/uploads\/2024\/08\/pogotowieflagowe.pl_.jpg","caption":"Filip"},"description":"Jestem Filip, polski dziennikarz z dyplomem nauk politycznych Uniwersytetu Warszawskiego. Rozpoczynaj\u0105c swoj\u0105 karier\u0119 w r\u00f3\u017cnych lokalnych mediach, zdoby\u0142em solidne do\u015bwiadczenie w zakresie \u015bledztwa i redakcji. Obecnie jako redaktor w Pogotowie flagowe, staram si\u0119 dostarcza\u0107 dog\u0142\u0119bne i istotne analizy na temat najwa\u017cniejszych kwestii aktualno\u015bci, \u0142\u0105cz\u0105c rygor z pasj\u0105 dziennikarsk\u0105.","sameAs":["https:\/\/www.pogotowieflagowe.pl\/"]}]}},"_links":{"self":[{"href":"https:\/\/www.pogotowieflagowe.pl\/aktualne\/wp-json\/wp\/v2\/posts\/5085","targetHints":{"allow":["GET"]}}],"collection":[{"href":"https:\/\/www.pogotowieflagowe.pl\/aktualne\/wp-json\/wp\/v2\/posts"}],"about":[{"href":"https:\/\/www.pogotowieflagowe.pl\/aktualne\/wp-json\/wp\/v2\/types\/post"}],"author":[{"embeddable":true,"href":"https:\/\/www.pogotowieflagowe.pl\/aktualne\/wp-json\/wp\/v2\/users\/1"}],"replies":[{"embeddable":true,"href":"https:\/\/www.pogotowieflagowe.pl\/aktualne\/wp-json\/wp\/v2\/comments?post=5085"}],"version-history":[{"count":1,"href":"https:\/\/www.pogotowieflagowe.pl\/aktualne\/wp-json\/wp\/v2\/posts\/5085\/revisions"}],"predecessor-version":[{"id":5086,"href":"https:\/\/www.pogotowieflagowe.pl\/aktualne\/wp-json\/wp\/v2\/posts\/5085\/revisions\/5086"}],"wp:featuredmedia":[{"embeddable":true,"href":"https:\/\/www.pogotowieflagowe.pl\/aktualne\/wp-json\/wp\/v2\/media\/3588"}],"wp:attachment":[{"href":"https:\/\/www.pogotowieflagowe.pl\/aktualne\/wp-json\/wp\/v2\/media?parent=5085"}],"wp:term":[{"taxonomy":"category","embeddable":true,"href":"https:\/\/www.pogotowieflagowe.pl\/aktualne\/wp-json\/wp\/v2\/categories?post=5085"},{"taxonomy":"post_tag","embeddable":true,"href":"https:\/\/www.pogotowieflagowe.pl\/aktualne\/wp-json\/wp\/v2\/tags?post=5085"}],"curies":[{"name":"wp","href":"https:\/\/api.w.org\/{rel}","templated":true}]}}