{"id":515,"date":"2024-09-04T12:54:14","date_gmt":"2024-09-04T10:54:14","guid":{"rendered":"https:\/\/www.pogotowieflagowe.pl\/aktualne\/polskie-samoloty-startuja-w-odpowiedzi-na-rosyjskie-ataki-powietrzne-na-lwow\/"},"modified":"2024-09-04T12:54:18","modified_gmt":"2024-09-04T10:54:18","slug":"polskie-samoloty-startuja-w-odpowiedzi-na-rosyjskie-ataki-powietrzne-na-lwow","status":"publish","type":"post","link":"https:\/\/www.pogotowieflagowe.pl\/aktualne\/polskie-samoloty-startuja-w-odpowiedzi-na-rosyjskie-ataki-powietrzne-na-lwow\/","title":{"rendered":"Polskie samoloty startuj\u0105 w odpowiedzi na rosyjskie ataki powietrzne na Lw\u00f3w"},"content":{"rendered":"\n<div class=\"td_block_wrap tdb_single_content tdi_48 td-pb-border-top td_block_template_8 td-post-content tagdiv-type\" data-td-block-uid=\"tdi_48\">\n<style>.tdi_48{margines g\u00f3rny:0px!wa\u017cne;margines dolny:0px!wa\u017cne;wype\u0142nienie g\u00f3rne:0px!wa\u017cne;wype\u0142nienie dolne:0px!wa\u017cne}<\/style>\n<style>.tdb_single_content{margines-dolny:0;*powi\u0119kszenie:1}.tdb_single_content:before,.tdb_single_content:after{wy\u015bwietlanie:tabela;zawarto\u015b\u0107:'';wysoko\u015b\u0107-linii:0}.tdb_single_content:after{wyczy\u015b\u0107:oba}.tdb_single_content .tdb-block-inner>*:not(.wp-block-quote):not(.alignwide):not(.alignfull.wp-block-cover.has-parallax):not(.td-a-ad){margines-lewy:auto;margines-prawy:auto}.tdb_single_content a{zdarzenia-wska\u017anika:auto}.tdb_single_content .td-spot-id-top_ad .tdc-placeholder-title:before{zawarto\u015b\u0107:'Pocz\u0105tek artyku\u0142u Reklama'!important}.tdb_single_content .td-spot-id-inline_ad0 .tdc-placeholder-title:before{content:'Reklama inline artyku\u0142u 1'!important}.tdb_single_content .td-spot-id-inline_ad1 .tdc-placeholder-title:before{content:'Reklama inline artyku\u0142u 2'!important}.tdb_single_content .td-spot-id-inline_ad2 .tdc-placeholder-title:before{content:'Reklama inline artyku\u0142u 3'!important}.tdb_single_content .td-spot-id-bottom_ad .tdc-placeholder-title:before{content:'Reklama dolna artyku\u0142u'!important}.tdb_single_content .id_top_ad,.tdb_single_content .id_bottom_ad{clear:both;margines-dolny:21px;wyr\u00f3wnanie-tekstu:\u015brodek}.tdb_single_content .id_top_ad img,.tdb_single_content .id_bottom_ad img{margines-dolny:0}.tdb_single_content .id_top_ad .adsbygoogle,.tdb_single_content .id_bottom_ad .adsbygoogle{pozycja:wzgl\u0119dna}.tdb_single_content .id_ad_content-poziom-lewy,.tdb_single_content .id_ad_content-poziom-prawy,.tdb_single_content .id_ad_content-horiz-center{margines dolny:15px}.tdb_single_content .id_ad_content-horiz-lewy img,.tdb_single_content .id_ad_content-horiz-prawy img,.tdb_single_content .id_ad_content-horiz-center img{margines dolny:0}.tdb_single_content .id_ad_content-horiz-center{wyr\u00f3wnanie tekstu:\u015brodek}.tdb_single_content .id_ad_content-horiz-center img{margines prawy:auto;margines lewy:auto}.tdb_single_content .id_ad_content-horiz-left{float:lewy;margines g\u00f3rny:9px;margines prawy:21px}.tdb_single_content .id_ad_content-horiz-right{float:right;margines-g\u00f3rny:6px;margines-lewy:21px}.tdb_single_content .tdc-a-ad .tdc-placeholder-title{szeroko\u015b\u0107:300px;wysoko\u015b\u0107:250px}.tdb_single_content .tdc-a-ad .tdc-placeholder-title:before{pozycja:absolutna;g\u00f3ra:50%;-webkit-transform:translateY(-50%);przekszta\u0142cenie:translateY(-50%);margines:auto;wy\u015bwietlanie:tabela;szeroko\u015b\u0107:100%}.tdb_single_content .tdb-block-inner.td-fix-index{word-break:break-word}.tdi_48,.tdi_48>p,.tdi_48 .tdb-block-inner>p{rozmiar-czcionki:16px!wa\u017cne;wysoko\u015b\u0107-linii:1.6!wa\u017cne}.tdi_48 .tdb-block-inner cytat p{styl-czcionki:normalny!wa\u017cne}@media (maks. szeroko\u015b\u0107:767px){.tdb_single_content .id_ad_content-poziom-lewo,.tdb_single_content .id_ad_content-poziom-prawo,.tdb_single_content .id_ad_content-poziom-\u015brodek{margines:0 auto 26px auto}}@media (maks. szeroko\u015b\u0107:767px){.tdb_single_content .id_ad_content-poziom-lewo{margines-prawy:0}}@media (maks. szeroko\u015b\u0107:767px){.tdb_single_content .id_ad_content-horiz-right{margines-lewy:0}}@media (maksymalna szeroko\u015b\u0107:767px){.tdb_single_content .td-a-ad{float:none;wyr\u00f3wnanie tekstu:\u015brodek}.tdb_single_content .td-a-ad img{margines-prawy:auto;margines-lewy:auto}.tdb_single_content .tdc-a-ad{float:none}}<\/style>\n<div class=\"tdb-block-inner td-fix-index\">\n<p>Polska wys\u0142a\u0142a swoje my\u015bliwce wcze\u015bnie rano wzd\u0142u\u017c wschodniej granicy w odpowiedzi na seri\u0119 rosyjskich nalot\u00f3w, kt\u00f3rych celem by\u0142a zachodnia Ukraina, w tym miasto Lw\u00f3w. Dow\u00f3dztwo Operacyjne Si\u0142 Zbrojnych RP (DORSZ) potwierdzi\u0142o rozmieszczenie w o\u015bwiadczeniu opublikowanym na platformie spo\u0142eczno\u015bciowej X.<\/p>\n<p>Rosyjski atak na Lw\u00f3w by\u0142 \u015bmiertelny, w wyniku kt\u00f3rego zgin\u0119\u0142o siedem os\u00f3b, w tym troje dzieci, a ponad 35 zosta\u0142o rannych. Ataki te zaostrzy\u0142y napi\u0119cia w regionie, a rosyjskie lotnictwo dalekiego zasi\u0119gu stanowi\u0142o ci\u0105g\u0142e zagro\u017cenie dla Ukrainy i jej s\u0105siad\u00f3w.<\/p>\n<figure class=\"wp-block-pullquote\">\n<blockquote>\n<p>\u201eBy\u0142a to wyj\u0105tkowo pracowita noc dla polskiego systemu obrony powietrznej, gdy\u017c zaobserwowali\u015bmy wzmo\u017con\u0105 aktywno\u015b\u0107 rosyjskich samolot\u00f3w dalekiego zasi\u0119gu, kt\u00f3re przeprowadza\u0142y ataki na cele na zachodniej Ukrainie\u201d<\/p>\n<p><cite>  przeczytaj o\u015bwiadczenie DORSZ.<\/cite><\/p><\/blockquote>\n<\/figure>\n<p>Polskie w\u0142adze ostrzeg\u0142y r\u00f3wnie\u017c mieszka\u0144c\u00f3w po\u0142udniowo-wschodniej Polski, \u017ce mog\u0105 zauwa\u017cy\u0107 zwi\u0119kszony poziom ha\u0142asu z powodu wzmo\u017conej aktywno\u015bci polskich i sojuszniczych samolot\u00f3w w krajowej przestrzeni powietrznej. Ten wzrost liczby operacji jest bezpo\u015bredni\u0105 odpowiedzi\u0105 na trwaj\u0105ce zagro\u017cenie ze strony rosyjskich dzia\u0142a\u0144 wojskowych.<\/p>\n<p>DORSZ podkre\u015bli\u0142, \u017ce ostatni znacz\u0105cy wzrost aktywno\u015bci rosyjskiego lotnictwa dalekiego zasi\u0119gu mia\u0142 miejsce w nocy z 1 na 2 wrze\u015bnia, co wskazuje na sta\u0142y charakter zagro\u017cenia.<\/p>\n<figure class=\"wp-block-pullquote\">\n<blockquote>\n<p>\u201eWszystkie niezb\u0119dne procedury maj\u0105ce na celu zabezpieczenie polskiej przestrzeni powietrznej zosta\u0142y uruchomione, a Dow\u00f3dztwo Operacyjne uwa\u017cnie monitoruje sytuacj\u0119\u201d<\/p>\n<p><cite>  dodano w o\u015bwiadczeniu.<\/cite><\/p><\/blockquote>\n<\/figure>\n<blockquote class=\"twitter-tweet\">\n<p lang=\"pl\" dir=\"ltr\">\u2757\ufe0fUwaga, w po\u0142udniowo-wschodnim pa\u0144stwie kraju, mo\u017ce wyst\u0105pi\u0107 podniesiony poziom zagro\u017cenia z powodu operacji w naszej przestrzeni powietrznej polskich i samolot\u00f3w lotniczych. <\/p>\n<p>Jest to kolejna ofiara noc dla ca\u0142ego systemu ochrony powietrznej w Polsce z\u2026 <a rel=\"nofollow\" href=\"https:\/\/t.co\/PNwHSv07Up\">fot.twitter.com\/PNwHSv07Up<\/a><\/p>\n<p>\u2014 Dow\u00f3dztwo Operacyjne (@DowOperSZ) <a rel=\"nofollow\" href=\"https:\/\/twitter.com\/DowOperSZ\/status\/1831149588792660412?ref_src=twsrc%5Etfw\">4 wrze\u015bnia 2024 r.<\/a><\/p><\/blockquote>\n<p>Szczeg\u00f3lnie tragiczny okaza\u0142 si\u0119 atak na Lw\u00f3w, kiedy to w budynku mieszkalnym w pobli\u017cu g\u0142\u00f3wnego dworca kolejowego wybuch\u0142 po\u017car, co jeszcze bardziej pog\u0142\u0119bi\u0142o cierpienie mieszka\u0144c\u00f3w miasta.<\/p>\n<\/div>\n<\/div>\n<p><script async src=\"https:\/\/platform.twitter.com\/widgets.js\" charset=\"utf-8\"><\/script><\/p>\n","protected":false},"excerpt":{"rendered":"<p>Polska wys\u0142a\u0142a swoje my\u015bliwce wcze\u015bnie rano wzd\u0142u\u017c wschodniej granicy w odpowiedzi na seri\u0119 rosyjskich nalot\u00f3w, kt\u00f3rych celem by\u0142a zachodnia Ukraina,<\/p>\n","protected":false},"author":1,"featured_media":516,"comment_status":"closed","ping_status":"","sticky":false,"template":"","format":"standard","meta":{"footnotes":""},"categories":[44],"tags":[854,856,852,487,855,853,850,851],"class_list":["post-515","post","type-post","status-publish","format-standard","has-post-thumbnail","hentry","category-polityka","tag-ataki","tag-lwow","tag-odpowiedzi","tag-polskie","tag-powietrzne","tag-rosyjskie","tag-samoloty","tag-startuja","generate-columns","tablet-grid-50","mobile-grid-100","grid-parent","grid-50","resize-featured-image"],"yoast_head":"<!-- This site is optimized with the Yoast SEO plugin v23.2 - https:\/\/yoast.com\/wordpress\/plugins\/seo\/ -->\n<title>Polskie samoloty startuj\u0105 w odpowiedzi na rosyjskie ataki powietrzne na Lw\u00f3w - POGOTOWIE FLAGOWE\u00ae<\/title>\n<meta name=\"robots\" content=\"index, follow, max-snippet:-1, max-image-preview:large, max-video-preview:-1\" \/>\n<link rel=\"canonical\" href=\"https:\/\/www.pogotowieflagowe.pl\/aktualne\/polskie-samoloty-startuja-w-odpowiedzi-na-rosyjskie-ataki-powietrzne-na-lwow\/\" \/>\n<meta property=\"og:locale\" content=\"pl_PL\" \/>\n<meta property=\"og:type\" content=\"article\" \/>\n<meta property=\"og:title\" content=\"Polskie samoloty startuj\u0105 w odpowiedzi na rosyjskie ataki powietrzne na Lw\u00f3w - POGOTOWIE FLAGOWE\u00ae\" \/>\n<meta property=\"og:description\" content=\"Polska wys\u0142a\u0142a swoje my\u015bliwce wcze\u015bnie rano wzd\u0142u\u017c wschodniej granicy w odpowiedzi na seri\u0119 rosyjskich nalot\u00f3w, kt\u00f3rych celem by\u0142a zachodnia Ukraina,\" \/>\n<meta property=\"og:url\" content=\"https:\/\/www.pogotowieflagowe.pl\/aktualne\/polskie-samoloty-startuja-w-odpowiedzi-na-rosyjskie-ataki-powietrzne-na-lwow\/\" \/>\n<meta property=\"og:site_name\" content=\"POGOTOWIE FLAGOWE\u00ae\" \/>\n<meta property=\"article:published_time\" content=\"2024-09-04T10:54:14+00:00\" \/>\n<meta property=\"article:modified_time\" content=\"2024-09-04T10:54:18+00:00\" \/>\n<meta property=\"og:image\" content=\"https:\/\/www.pogotowieflagowe.pl\/aktualne\/wp-content\/uploads\/2024\/09\/Polskie-samoloty-startuja-w-odpowiedzi-na-rosyjskie-ataki-powietrzne-na.jpeg\" \/>\n\t<meta property=\"og:image:width\" content=\"1920\" \/>\n\t<meta property=\"og:image:height\" content=\"1280\" \/>\n\t<meta property=\"og:image:type\" content=\"image\/jpeg\" \/>\n<meta name=\"author\" content=\"Filip\" \/>\n<meta name=\"twitter:card\" content=\"summary_large_image\" \/>\n<meta name=\"twitter:label1\" content=\"Napisane przez\" \/>\n\t<meta name=\"twitter:data1\" content=\"Filip\" \/>\n\t<meta name=\"twitter:label2\" content=\"Szacowany czas czytania\" \/>\n\t<meta name=\"twitter:data2\" content=\"2 minuty\" \/>\n<script type=\"application\/ld+json\" class=\"yoast-schema-graph\">{\"@context\":\"https:\/\/schema.org\",\"@graph\":[{\"@type\":\"Article\",\"@id\":\"https:\/\/www.pogotowieflagowe.pl\/aktualne\/polskie-samoloty-startuja-w-odpowiedzi-na-rosyjskie-ataki-powietrzne-na-lwow\/#article\",\"isPartOf\":{\"@id\":\"https:\/\/www.pogotowieflagowe.pl\/aktualne\/polskie-samoloty-startuja-w-odpowiedzi-na-rosyjskie-ataki-powietrzne-na-lwow\/\"},\"author\":{\"name\":\"Filip\",\"@id\":\"https:\/\/www.pogotowieflagowe.pl\/aktualne\/#\/schema\/person\/9c2fb7d2362ebf6fa088960d7f0d27b0\"},\"headline\":\"Polskie samoloty startuj\u0105 w odpowiedzi na rosyjskie ataki powietrzne na Lw\u00f3w\",\"datePublished\":\"2024-09-04T10:54:14+00:00\",\"dateModified\":\"2024-09-04T10:54:18+00:00\",\"mainEntityOfPage\":{\"@id\":\"https:\/\/www.pogotowieflagowe.pl\/aktualne\/polskie-samoloty-startuja-w-odpowiedzi-na-rosyjskie-ataki-powietrzne-na-lwow\/\"},\"wordCount\":358,\"publisher\":{\"@id\":\"https:\/\/www.pogotowieflagowe.pl\/aktualne\/#organization\"},\"image\":{\"@id\":\"https:\/\/www.pogotowieflagowe.pl\/aktualne\/polskie-samoloty-startuja-w-odpowiedzi-na-rosyjskie-ataki-powietrzne-na-lwow\/#primaryimage\"},\"thumbnailUrl\":\"https:\/\/www.pogotowieflagowe.pl\/aktualne\/wp-content\/uploads\/2024\/09\/Polskie-samoloty-startuja-w-odpowiedzi-na-rosyjskie-ataki-powietrzne-na.jpeg\",\"keywords\":[\"ataki\",\"Lw\u00f3w\",\"odpowiedzi\",\"Polskie\",\"powietrzne\",\"rosyjskie\",\"samoloty\",\"startuj\u0105\"],\"articleSection\":[\"Polityka\"],\"inLanguage\":\"pl-PL\"},{\"@type\":\"WebPage\",\"@id\":\"https:\/\/www.pogotowieflagowe.pl\/aktualne\/polskie-samoloty-startuja-w-odpowiedzi-na-rosyjskie-ataki-powietrzne-na-lwow\/\",\"url\":\"https:\/\/www.pogotowieflagowe.pl\/aktualne\/polskie-samoloty-startuja-w-odpowiedzi-na-rosyjskie-ataki-powietrzne-na-lwow\/\",\"name\":\"Polskie samoloty startuj\u0105 w odpowiedzi na rosyjskie ataki powietrzne na Lw\u00f3w - POGOTOWIE FLAGOWE\u00ae\",\"isPartOf\":{\"@id\":\"https:\/\/www.pogotowieflagowe.pl\/aktualne\/#website\"},\"primaryImageOfPage\":{\"@id\":\"https:\/\/www.pogotowieflagowe.pl\/aktualne\/polskie-samoloty-startuja-w-odpowiedzi-na-rosyjskie-ataki-powietrzne-na-lwow\/#primaryimage\"},\"image\":{\"@id\":\"https:\/\/www.pogotowieflagowe.pl\/aktualne\/polskie-samoloty-startuja-w-odpowiedzi-na-rosyjskie-ataki-powietrzne-na-lwow\/#primaryimage\"},\"thumbnailUrl\":\"https:\/\/www.pogotowieflagowe.pl\/aktualne\/wp-content\/uploads\/2024\/09\/Polskie-samoloty-startuja-w-odpowiedzi-na-rosyjskie-ataki-powietrzne-na.jpeg\",\"datePublished\":\"2024-09-04T10:54:14+00:00\",\"dateModified\":\"2024-09-04T10:54:18+00:00\",\"breadcrumb\":{\"@id\":\"https:\/\/www.pogotowieflagowe.pl\/aktualne\/polskie-samoloty-startuja-w-odpowiedzi-na-rosyjskie-ataki-powietrzne-na-lwow\/#breadcrumb\"},\"inLanguage\":\"pl-PL\",\"potentialAction\":[{\"@type\":\"ReadAction\",\"target\":[\"https:\/\/www.pogotowieflagowe.pl\/aktualne\/polskie-samoloty-startuja-w-odpowiedzi-na-rosyjskie-ataki-powietrzne-na-lwow\/\"]}]},{\"@type\":\"ImageObject\",\"inLanguage\":\"pl-PL\",\"@id\":\"https:\/\/www.pogotowieflagowe.pl\/aktualne\/polskie-samoloty-startuja-w-odpowiedzi-na-rosyjskie-ataki-powietrzne-na-lwow\/#primaryimage\",\"url\":\"https:\/\/www.pogotowieflagowe.pl\/aktualne\/wp-content\/uploads\/2024\/09\/Polskie-samoloty-startuja-w-odpowiedzi-na-rosyjskie-ataki-powietrzne-na.jpeg\",\"contentUrl\":\"https:\/\/www.pogotowieflagowe.pl\/aktualne\/wp-content\/uploads\/2024\/09\/Polskie-samoloty-startuja-w-odpowiedzi-na-rosyjskie-ataki-powietrzne-na.jpeg\",\"width\":1920,\"height\":1280,\"caption\":\"Polskie samoloty startuj\u0105 w odpowiedzi na rosyjskie ataki powietrzne na Lw\u00f3w\"},{\"@type\":\"BreadcrumbList\",\"@id\":\"https:\/\/www.pogotowieflagowe.pl\/aktualne\/polskie-samoloty-startuja-w-odpowiedzi-na-rosyjskie-ataki-powietrzne-na-lwow\/#breadcrumb\",\"itemListElement\":[{\"@type\":\"ListItem\",\"position\":1,\"name\":\"Home\",\"item\":\"https:\/\/www.pogotowieflagowe.pl\/aktualne\/\"},{\"@type\":\"ListItem\",\"position\":2,\"name\":\"Polskie samoloty startuj\u0105 w odpowiedzi na rosyjskie ataki powietrzne na Lw\u00f3w\"}]},{\"@type\":\"WebSite\",\"@id\":\"https:\/\/www.pogotowieflagowe.pl\/aktualne\/#website\",\"url\":\"https:\/\/www.pogotowieflagowe.pl\/aktualne\/\",\"name\":\"POGOTOWIE FLAGOWE\u00ae\",\"description\":\"\",\"publisher\":{\"@id\":\"https:\/\/www.pogotowieflagowe.pl\/aktualne\/#organization\"},\"potentialAction\":[{\"@type\":\"SearchAction\",\"target\":{\"@type\":\"EntryPoint\",\"urlTemplate\":\"https:\/\/www.pogotowieflagowe.pl\/aktualne\/?s={search_term_string}\"},\"query-input\":\"required name=search_term_string\"}],\"inLanguage\":\"pl-PL\"},{\"@type\":\"Organization\",\"@id\":\"https:\/\/www.pogotowieflagowe.pl\/aktualne\/#organization\",\"name\":\"POGOTOWIE FLAGOWE\u00ae\",\"url\":\"https:\/\/www.pogotowieflagowe.pl\/aktualne\/\",\"logo\":{\"@type\":\"ImageObject\",\"inLanguage\":\"pl-PL\",\"@id\":\"https:\/\/www.pogotowieflagowe.pl\/aktualne\/#\/schema\/logo\/image\/\",\"url\":\"https:\/\/www.pogotowieflagowe.pl\/aktualne\/wp-content\/uploads\/2024\/08\/cropped-pogotowieflagowe_flaga_projekt_sm.jpg\",\"contentUrl\":\"https:\/\/www.pogotowieflagowe.pl\/aktualne\/wp-content\/uploads\/2024\/08\/cropped-pogotowieflagowe_flaga_projekt_sm.jpg\",\"width\":250,\"height\":143,\"caption\":\"POGOTOWIE FLAGOWE\u00ae\"},\"image\":{\"@id\":\"https:\/\/www.pogotowieflagowe.pl\/aktualne\/#\/schema\/logo\/image\/\"}},{\"@type\":\"Person\",\"@id\":\"https:\/\/www.pogotowieflagowe.pl\/aktualne\/#\/schema\/person\/9c2fb7d2362ebf6fa088960d7f0d27b0\",\"name\":\"Filip\",\"image\":{\"@type\":\"ImageObject\",\"inLanguage\":\"pl-PL\",\"@id\":\"https:\/\/www.pogotowieflagowe.pl\/aktualne\/#\/schema\/person\/image\/\",\"url\":\"https:\/\/www.pogotowieflagowe.pl\/aktualne\/wp-content\/uploads\/2024\/08\/pogotowieflagowe.pl_.jpg\",\"contentUrl\":\"https:\/\/www.pogotowieflagowe.pl\/aktualne\/wp-content\/uploads\/2024\/08\/pogotowieflagowe.pl_.jpg\",\"caption\":\"Filip\"},\"description\":\"Jestem Filip, polski dziennikarz z dyplomem nauk politycznych Uniwersytetu Warszawskiego. Rozpoczynaj\u0105c swoj\u0105 karier\u0119 w r\u00f3\u017cnych lokalnych mediach, zdoby\u0142em solidne do\u015bwiadczenie w zakresie \u015bledztwa i redakcji. Obecnie jako redaktor w Pogotowie flagowe, staram si\u0119 dostarcza\u0107 dog\u0142\u0119bne i istotne analizy na temat najwa\u017cniejszych kwestii aktualno\u015bci, \u0142\u0105cz\u0105c rygor z pasj\u0105 dziennikarsk\u0105.\",\"sameAs\":[\"https:\/\/www.pogotowieflagowe.pl\/\"]}]}<\/script>\n<!-- \/ Yoast SEO plugin. -->","yoast_head_json":{"title":"Polskie samoloty startuj\u0105 w odpowiedzi na rosyjskie ataki powietrzne na Lw\u00f3w - POGOTOWIE FLAGOWE\u00ae","robots":{"index":"index","follow":"follow","max-snippet":"max-snippet:-1","max-image-preview":"max-image-preview:large","max-video-preview":"max-video-preview:-1"},"canonical":"https:\/\/www.pogotowieflagowe.pl\/aktualne\/polskie-samoloty-startuja-w-odpowiedzi-na-rosyjskie-ataki-powietrzne-na-lwow\/","og_locale":"pl_PL","og_type":"article","og_title":"Polskie samoloty startuj\u0105 w odpowiedzi na rosyjskie ataki powietrzne na Lw\u00f3w - POGOTOWIE FLAGOWE\u00ae","og_description":"Polska wys\u0142a\u0142a swoje my\u015bliwce wcze\u015bnie rano wzd\u0142u\u017c wschodniej granicy w odpowiedzi na seri\u0119 rosyjskich nalot\u00f3w, kt\u00f3rych celem by\u0142a zachodnia Ukraina,","og_url":"https:\/\/www.pogotowieflagowe.pl\/aktualne\/polskie-samoloty-startuja-w-odpowiedzi-na-rosyjskie-ataki-powietrzne-na-lwow\/","og_site_name":"POGOTOWIE FLAGOWE\u00ae","article_published_time":"2024-09-04T10:54:14+00:00","article_modified_time":"2024-09-04T10:54:18+00:00","og_image":[{"width":1920,"height":1280,"url":"https:\/\/www.pogotowieflagowe.pl\/aktualne\/wp-content\/uploads\/2024\/09\/Polskie-samoloty-startuja-w-odpowiedzi-na-rosyjskie-ataki-powietrzne-na.jpeg","type":"image\/jpeg"}],"author":"Filip","twitter_card":"summary_large_image","twitter_misc":{"Napisane przez":"Filip","Szacowany czas czytania":"2 minuty"},"schema":{"@context":"https:\/\/schema.org","@graph":[{"@type":"Article","@id":"https:\/\/www.pogotowieflagowe.pl\/aktualne\/polskie-samoloty-startuja-w-odpowiedzi-na-rosyjskie-ataki-powietrzne-na-lwow\/#article","isPartOf":{"@id":"https:\/\/www.pogotowieflagowe.pl\/aktualne\/polskie-samoloty-startuja-w-odpowiedzi-na-rosyjskie-ataki-powietrzne-na-lwow\/"},"author":{"name":"Filip","@id":"https:\/\/www.pogotowieflagowe.pl\/aktualne\/#\/schema\/person\/9c2fb7d2362ebf6fa088960d7f0d27b0"},"headline":"Polskie samoloty startuj\u0105 w odpowiedzi na rosyjskie ataki powietrzne na Lw\u00f3w","datePublished":"2024-09-04T10:54:14+00:00","dateModified":"2024-09-04T10:54:18+00:00","mainEntityOfPage":{"@id":"https:\/\/www.pogotowieflagowe.pl\/aktualne\/polskie-samoloty-startuja-w-odpowiedzi-na-rosyjskie-ataki-powietrzne-na-lwow\/"},"wordCount":358,"publisher":{"@id":"https:\/\/www.pogotowieflagowe.pl\/aktualne\/#organization"},"image":{"@id":"https:\/\/www.pogotowieflagowe.pl\/aktualne\/polskie-samoloty-startuja-w-odpowiedzi-na-rosyjskie-ataki-powietrzne-na-lwow\/#primaryimage"},"thumbnailUrl":"https:\/\/www.pogotowieflagowe.pl\/aktualne\/wp-content\/uploads\/2024\/09\/Polskie-samoloty-startuja-w-odpowiedzi-na-rosyjskie-ataki-powietrzne-na.jpeg","keywords":["ataki","Lw\u00f3w","odpowiedzi","Polskie","powietrzne","rosyjskie","samoloty","startuj\u0105"],"articleSection":["Polityka"],"inLanguage":"pl-PL"},{"@type":"WebPage","@id":"https:\/\/www.pogotowieflagowe.pl\/aktualne\/polskie-samoloty-startuja-w-odpowiedzi-na-rosyjskie-ataki-powietrzne-na-lwow\/","url":"https:\/\/www.pogotowieflagowe.pl\/aktualne\/polskie-samoloty-startuja-w-odpowiedzi-na-rosyjskie-ataki-powietrzne-na-lwow\/","name":"Polskie samoloty startuj\u0105 w odpowiedzi na rosyjskie ataki powietrzne na Lw\u00f3w - POGOTOWIE FLAGOWE\u00ae","isPartOf":{"@id":"https:\/\/www.pogotowieflagowe.pl\/aktualne\/#website"},"primaryImageOfPage":{"@id":"https:\/\/www.pogotowieflagowe.pl\/aktualne\/polskie-samoloty-startuja-w-odpowiedzi-na-rosyjskie-ataki-powietrzne-na-lwow\/#primaryimage"},"image":{"@id":"https:\/\/www.pogotowieflagowe.pl\/aktualne\/polskie-samoloty-startuja-w-odpowiedzi-na-rosyjskie-ataki-powietrzne-na-lwow\/#primaryimage"},"thumbnailUrl":"https:\/\/www.pogotowieflagowe.pl\/aktualne\/wp-content\/uploads\/2024\/09\/Polskie-samoloty-startuja-w-odpowiedzi-na-rosyjskie-ataki-powietrzne-na.jpeg","datePublished":"2024-09-04T10:54:14+00:00","dateModified":"2024-09-04T10:54:18+00:00","breadcrumb":{"@id":"https:\/\/www.pogotowieflagowe.pl\/aktualne\/polskie-samoloty-startuja-w-odpowiedzi-na-rosyjskie-ataki-powietrzne-na-lwow\/#breadcrumb"},"inLanguage":"pl-PL","potentialAction":[{"@type":"ReadAction","target":["https:\/\/www.pogotowieflagowe.pl\/aktualne\/polskie-samoloty-startuja-w-odpowiedzi-na-rosyjskie-ataki-powietrzne-na-lwow\/"]}]},{"@type":"ImageObject","inLanguage":"pl-PL","@id":"https:\/\/www.pogotowieflagowe.pl\/aktualne\/polskie-samoloty-startuja-w-odpowiedzi-na-rosyjskie-ataki-powietrzne-na-lwow\/#primaryimage","url":"https:\/\/www.pogotowieflagowe.pl\/aktualne\/wp-content\/uploads\/2024\/09\/Polskie-samoloty-startuja-w-odpowiedzi-na-rosyjskie-ataki-powietrzne-na.jpeg","contentUrl":"https:\/\/www.pogotowieflagowe.pl\/aktualne\/wp-content\/uploads\/2024\/09\/Polskie-samoloty-startuja-w-odpowiedzi-na-rosyjskie-ataki-powietrzne-na.jpeg","width":1920,"height":1280,"caption":"Polskie samoloty startuj\u0105 w odpowiedzi na rosyjskie ataki powietrzne na Lw\u00f3w"},{"@type":"BreadcrumbList","@id":"https:\/\/www.pogotowieflagowe.pl\/aktualne\/polskie-samoloty-startuja-w-odpowiedzi-na-rosyjskie-ataki-powietrzne-na-lwow\/#breadcrumb","itemListElement":[{"@type":"ListItem","position":1,"name":"Home","item":"https:\/\/www.pogotowieflagowe.pl\/aktualne\/"},{"@type":"ListItem","position":2,"name":"Polskie samoloty startuj\u0105 w odpowiedzi na rosyjskie ataki powietrzne na Lw\u00f3w"}]},{"@type":"WebSite","@id":"https:\/\/www.pogotowieflagowe.pl\/aktualne\/#website","url":"https:\/\/www.pogotowieflagowe.pl\/aktualne\/","name":"POGOTOWIE FLAGOWE\u00ae","description":"","publisher":{"@id":"https:\/\/www.pogotowieflagowe.pl\/aktualne\/#organization"},"potentialAction":[{"@type":"SearchAction","target":{"@type":"EntryPoint","urlTemplate":"https:\/\/www.pogotowieflagowe.pl\/aktualne\/?s={search_term_string}"},"query-input":"required name=search_term_string"}],"inLanguage":"pl-PL"},{"@type":"Organization","@id":"https:\/\/www.pogotowieflagowe.pl\/aktualne\/#organization","name":"POGOTOWIE FLAGOWE\u00ae","url":"https:\/\/www.pogotowieflagowe.pl\/aktualne\/","logo":{"@type":"ImageObject","inLanguage":"pl-PL","@id":"https:\/\/www.pogotowieflagowe.pl\/aktualne\/#\/schema\/logo\/image\/","url":"https:\/\/www.pogotowieflagowe.pl\/aktualne\/wp-content\/uploads\/2024\/08\/cropped-pogotowieflagowe_flaga_projekt_sm.jpg","contentUrl":"https:\/\/www.pogotowieflagowe.pl\/aktualne\/wp-content\/uploads\/2024\/08\/cropped-pogotowieflagowe_flaga_projekt_sm.jpg","width":250,"height":143,"caption":"POGOTOWIE FLAGOWE\u00ae"},"image":{"@id":"https:\/\/www.pogotowieflagowe.pl\/aktualne\/#\/schema\/logo\/image\/"}},{"@type":"Person","@id":"https:\/\/www.pogotowieflagowe.pl\/aktualne\/#\/schema\/person\/9c2fb7d2362ebf6fa088960d7f0d27b0","name":"Filip","image":{"@type":"ImageObject","inLanguage":"pl-PL","@id":"https:\/\/www.pogotowieflagowe.pl\/aktualne\/#\/schema\/person\/image\/","url":"https:\/\/www.pogotowieflagowe.pl\/aktualne\/wp-content\/uploads\/2024\/08\/pogotowieflagowe.pl_.jpg","contentUrl":"https:\/\/www.pogotowieflagowe.pl\/aktualne\/wp-content\/uploads\/2024\/08\/pogotowieflagowe.pl_.jpg","caption":"Filip"},"description":"Jestem Filip, polski dziennikarz z dyplomem nauk politycznych Uniwersytetu Warszawskiego. Rozpoczynaj\u0105c swoj\u0105 karier\u0119 w r\u00f3\u017cnych lokalnych mediach, zdoby\u0142em solidne do\u015bwiadczenie w zakresie \u015bledztwa i redakcji. Obecnie jako redaktor w Pogotowie flagowe, staram si\u0119 dostarcza\u0107 dog\u0142\u0119bne i istotne analizy na temat najwa\u017cniejszych kwestii aktualno\u015bci, \u0142\u0105cz\u0105c rygor z pasj\u0105 dziennikarsk\u0105.","sameAs":["https:\/\/www.pogotowieflagowe.pl\/"]}]}},"_links":{"self":[{"href":"https:\/\/www.pogotowieflagowe.pl\/aktualne\/wp-json\/wp\/v2\/posts\/515","targetHints":{"allow":["GET"]}}],"collection":[{"href":"https:\/\/www.pogotowieflagowe.pl\/aktualne\/wp-json\/wp\/v2\/posts"}],"about":[{"href":"https:\/\/www.pogotowieflagowe.pl\/aktualne\/wp-json\/wp\/v2\/types\/post"}],"author":[{"embeddable":true,"href":"https:\/\/www.pogotowieflagowe.pl\/aktualne\/wp-json\/wp\/v2\/users\/1"}],"replies":[{"embeddable":true,"href":"https:\/\/www.pogotowieflagowe.pl\/aktualne\/wp-json\/wp\/v2\/comments?post=515"}],"version-history":[{"count":1,"href":"https:\/\/www.pogotowieflagowe.pl\/aktualne\/wp-json\/wp\/v2\/posts\/515\/revisions"}],"predecessor-version":[{"id":517,"href":"https:\/\/www.pogotowieflagowe.pl\/aktualne\/wp-json\/wp\/v2\/posts\/515\/revisions\/517"}],"wp:featuredmedia":[{"embeddable":true,"href":"https:\/\/www.pogotowieflagowe.pl\/aktualne\/wp-json\/wp\/v2\/media\/516"}],"wp:attachment":[{"href":"https:\/\/www.pogotowieflagowe.pl\/aktualne\/wp-json\/wp\/v2\/media?parent=515"}],"wp:term":[{"taxonomy":"category","embeddable":true,"href":"https:\/\/www.pogotowieflagowe.pl\/aktualne\/wp-json\/wp\/v2\/categories?post=515"},{"taxonomy":"post_tag","embeddable":true,"href":"https:\/\/www.pogotowieflagowe.pl\/aktualne\/wp-json\/wp\/v2\/tags?post=515"}],"curies":[{"name":"wp","href":"https:\/\/api.w.org\/{rel}","templated":true}]}}