{"id":5185,"date":"2025-04-16T10:47:22","date_gmt":"2025-04-16T08:47:22","guid":{"rendered":"https:\/\/www.pogotowieflagowe.pl\/aktualne\/lukashenko-aby-sprowadzic-150-000-pakistanczykow-czy-beda-szturmowac-polske-powazny-sygnal-dla-uslug-bezpieczenstwa\/"},"modified":"2025-04-16T10:47:22","modified_gmt":"2025-04-16T08:47:22","slug":"lukashenko-aby-sprowadzic-150-000-pakistanczykow-czy-beda-szturmowac-polske-powazny-sygnal-dla-uslug-bezpieczenstwa","status":"publish","type":"post","link":"https:\/\/www.pogotowieflagowe.pl\/aktualne\/lukashenko-aby-sprowadzic-150-000-pakistanczykow-czy-beda-szturmowac-polske-powazny-sygnal-dla-uslug-bezpieczenstwa\/","title":{"rendered":"Lukashenko, aby sprowadzi\u0107 150 000 Pakista\u0144czyk\u00f3w. Czy b\u0119d\u0105 szturmowa\u0107 Polsk\u0119? \u201ePowa\u017cny sygna\u0142 dla us\u0142ug bezpiecze\u0144stwa\u201d"},"content":{"rendered":"\n<div class=\"td_block_wrap tdb_single_content tdi_41 td-pb-border-top td_block_template_8 td-post-content tagdiv-type\" data-td-block-uid=\"tdi_41\">\n<style>.tdi_41 {margin-top: 0px! Wa\u017cne; margines-bottom: 0px! WA\u017bNY; PALDING-TOP: 0PX! WA\u017bNY; PALDING-BOTTOM: 0PX! WA\u017bNE}<\/style>\n<style>.tdb_single_content {margin-bottom: 0;*zoom: 1} .tdb_single_content: wcze\u015bniej, .tdb_single_content: po {display: Table; content: ''; line-height: 0} .TDB-BLOCK-INner>*: nie (.WP-BLOCK-QUOTE): not (.alignSwide): not (.Alignfull.wp-block-cover.has-parallax): not (.td-a-ad) {margin-left: auto; margin-right: auto} .tdb_single_ConTent a {wska\u017anik-events: auto} .tdb_single_content .td-spot-id-top_ad .tdc-placeholder-title: przed {content: \u201eArtyku\u0142 top ad\u201d! Wa\u017cne} .tdb_single_content .td-Spot-Id-inline_ad0 .tdc-placeholder-title 1 '! Wa\u017cne} .tdb_single_content .td-Spot-Id-inline_Ad1 .tdc-Placeholder-Title: przed {content: \u201eArtyku\u0142 inline AD 2'! Wa\u017cny} .tdb_single_content. 3 '! Wa\u017cne} .tdb_single_content .td-Spot-Id-Bottom_Ad .tdc-Placeholder-Title: przed {content: \u201eArtyku\u0142 Bottom Ad\u201d! Wa\u017cne} .tdb_single_content .id_top_ad, .tdb_single_content_content .id_bottom_ad {clear: oba; margin-bottom: 21px; text-align: Center} .tdb_single_content .id_top_ad img, .tdb_single_content .id_bottom_ad img {margin-bottom: 0} .tdb_single_conTent .id_top_ad .adsbyGoogle, .tdb_single_content .id_bottom_ad .adsbyGoogle {pozycja: relatyw} .tdb_single_content .id_ad_content-horiz-left, .tdb_single_content .id_ad_content-horiz-right, .tdb_single_content .id_ad_content-horiz-Center {margin-bottom: 15px} .tdb_single_content .id_ad_content-horiz-left Img, .tdb_single_content .id_ad_content-horiz-right img, .tdb_single_content .id_ad_content-horiz-centerter img {margin-bottom: 0} .tdb_single_content .id_ad_content-horiz-center {text-align: Center} .tdb_single_content .id_ad_content-horiz-center img {margin-right: auto; margin-let: auto} .tdb_single_content .id_ad_content-horiz-left {float: left; margin-top: 9px; margin-right: 21px} .tdb_single_content .id_ad_content-horiz-right {float: margin-top: 6px; margin-left: 21px} .tdb_single_content .tdc-a-a-ad .TDC-Placeholder-Title {szeroko\u015b\u0107: 300px; height: 250px} .tdb_single_content .tdc-a-ad .TDC-Placeholder-Title: Przed {Pozycja: Absolute; TOP: 50%;-WebKit-Transform: Translatey (-50%); Transform: Translatey (-50%); margines: auto; Display: Tabela; szeroko\u015b\u0107: 100%}. tdb_single_content .TDB-BLOCK-INNER.TD-FIX-INDEX {Word-Break: Break-word} .tdi_41, .tdi_41> p, .tdi_41 .tdb-block-inner> p, .Wp-Block-Column> p {font-size: 16px! Wa\u017cne; wa\u017cny; p {font-styl: normalne! Wa\u017cne} @media (Max-Width: 767px) {. tdb_single_content .id_ad_content-horiz-left, .tdb_single_content .id_ad_content-horiz-right, .tdb_single_content .id_ad_content-horiz-centter {Margin: 0 AUTO 26PXX auto}}@media (Max-Width: 767px) {. tdb_single_content .id_ad_content-horiz-left {margin-right: 0}}@media (max-width: 767px) {. (Max-Width: 767px) {. tdb_single_content .td-a-ad {float: none; text-align: Center} .tdb_single_content .td-a-ad img {margin-right: auto; margin-left: auto} .tdb_single_content .tdc-a-a-a-{margin-right: auto; margin-left: auto} .tdb_single_content .tdd<\/style>\n<div class=\"tdb-block-inner td-fix-index\">\n<p>Polskie agencje inteligencji i kontrwywiadu musz\u0105 oceni\u0107, w jakim stopniu mo\u017cna zrealizowa\u0107 deklaracje strony bia\u0142oruskiej. Jest to szczeg\u00f3lnie pilne, bior\u0105c pod uwag\u0119, \u017ce w latach 2021\u20132023 Bia\u0142oru\u015b cynicznie i jawnie wykorzystywa\u0142 wizy studenckie i robocze do nap\u0119dzania drogi migracyjnej &#8211; element operacji hybrydowej przeciwko Polsce, powiedzia\u0142 Stanis\u0142aw \u017baryn, doradca prezydenta Polski i prezydenta National Institute Institute Foundation, wbudowani przez Fundacj\u0119 National Security Institute, sprowadz\u0105 oko\u0142o og\u0142oszenia w Polsce i prezydentowi National Institute Foundation Foundation. do 150 000 obywateli pakista\u0144skich na Bia\u0142oru\u015b.<\/p>\n<p>Deklaracja ta wy\u0142oni\u0142a si\u0119 z dwustronnych rozm\u00f3w, kt\u00f3re odby\u0142y si\u0119 kilka dni temu w Minsk. Stolica Bia\u0142orusi go\u015bci\u0142a premiera Pakistanu Shehbaz Sharif. Po ich spotkaniu Lukashenko og\u0142osi\u0142, \u017ce zgodzi\u0142 si\u0119 ze stron\u0105 pakista\u0144sk\u0105 w celu ustanowienia \u201emostu powietrznego\u201d, przez kt\u00f3ry do 150 000 obywateli Pakistanu zostanie przetransportowanych na Bia\u0142oru\u015b.<\/p>\n<figure class=\"wp-block-pullquote\">\n<blockquote>\n<p>\u201eZgodzili\u015bmy si\u0119 zrobi\u0107 wszystko, aby nasi pakista\u0144scy przyjaciele-pracownicy, rolnicy i intelektuali\u015bci mogli przyjecha\u0107 na Bia\u0142oru\u015b i zacz\u0105\u0107 tu pracowa\u0107. Potrzebujemy ich bardzo i stworzymy dla nich korzystne warunki\u201d <\/p>\n<p><cite>Lukashenko by\u0142 cytowany przez agencj\u0119 informacyjn\u0105 zwi\u0105zan\u0105 z re\u017cimem Belta.<\/cite><\/p><\/blockquote>\n<\/figure>\n<figure class=\"wp-block-embed is-type-rich is-provider-twitter wp-block-embed-twitter\">\n<div class=\"wp-block-embed__wrapper\">\n<p>https:\/\/twitter.com\/beltanews\/status\/1911018694068568120?ref_src=twsrc%5etfw%7ctwcamp%5ETweetEmbed%7CTWTERTA%5E1911018694068568120%7C TWGR%5EC20C78DCCE75781BDE3CB2CB89D8C331838018C%7CTWCON%5ES1_ &#038; Ref_Url = HTTPS%3A%2F%2FPANEL.NIEZALEZNA.TECH%2FPREVIEW%2F541575-PODGLAD\n<\/p><\/div>\n<\/figure>\n<h2 class=\"wp-block-heading\">Przybywaj\u0105c na Bia\u0142orusi tego lata?<\/h2>\n<p>W tym celu nale\u017cy wprowadzi\u0107 specjaln\u0105 tras\u0119 lotu Islamabad-Minsk. O\u015b czasu zosta\u0142a wczoraj om\u00f3wiona na kanale STV przez bia\u0142oruskiego ministra transportu i komunikacji, Aleksei Lakhnavich.<\/p>\n<figure class=\"wp-block-pullquote\">\n<blockquote>\n<p>\u201eW listopadzie podpisali\u015bmy mi\u0119dzynarodow\u0105 umow\u0119 o transporcie drogowym, kt\u00f3ra umo\u017cliwi nam korzystanie z nowych tras logistycznych. Jednak umowa nie wesz\u0142a w \u017cycie. Pracujemy nad jej ratyfikacj\u0105. Planujemy to wydarzenie do czerwca\u201d<\/p>\n<p><cite> Bia\u0142oru\u015b stwierdzi\u0142.<\/cite><\/p><\/blockquote>\n<\/figure>\n<figure class=\"wp-block-embed is-type-video is-provider-youtube wp-block-embed-youtube wp-embed-aspect-16-9 wp-has-aspect-ratio\">\n<div class=\"wp-block-embed__wrapper\">\n<div class=\"youtube-embed\" data-video_id=\"4QHfZDl6w7k\"><a href=\"https:\/\/www.youtube.com\/watch?v=4qhfzdl6w7k\">https:\/\/www.youtube.com\/watch?v=4qhfzdl6w7k<\/a><\/div>\n<\/div>\n<\/figure>\n<h2 class=\"wp-block-heading\">Raporty nale\u017cy traktowa\u0107 powa\u017cnie<\/h2>\n<p>Warto zauwa\u017cy\u0107, \u017ce informacje te pozosta\u0142y w du\u017cej mierze niezauwa\u017cone w polskich mediach, chocia\u017c mo\u017ce mie\u0107 powa\u017cne implikacje dla sytuacji na polskiej granicy. Nie mo\u017cna wykluczy\u0107 mo\u017cliwo\u015bci, \u017ce przybycie dziesi\u0105tek tysi\u0119cy Pakista\u0144czyk\u00f3w nie jest przede wszystkim kwesti\u0105 potrzeb rynku pracy, ale raczej kolejn\u0105 cz\u0119\u015bci\u0105 wieloletniej hybrydowej wojny zorganizowanej przez Rosj\u0119 i wykonan\u0105 przez re\u017cimy bia\u0142ego-w Polsce i pa\u0144stwach ba\u0142tycznych.<\/p>\n<p>Jest to szczeg\u00f3lnie niepokoj\u0105ce, bior\u0105c pod uwag\u0119, \u017ce od kilku tygodni polskie us\u0142ugi bezpiecze\u0144stwa do\u015bwiadczaj\u0105 zwi\u0119kszonej presji migracyjnej wzd\u0142u\u017c wschodniej granicy kraju. Wed\u0142ug najnowszych doniesie\u0144 stra\u017cnika granicznego, w ostatni weekend, odnotowano ponad 115 pr\u00f3b os\u00f3b pr\u00f3buj\u0105cych nielegalnie przej\u015b\u0107 do Polski z terytorium Bia\u0142oruskiego.<\/p>\n<p>Ponadto na pocz\u0105tku tego roku Lukashenko otwarcie przyzna\u0142, \u017ce Bia\u0142oru\u015b s\u0142u\u017cy jako g\u0142\u00f3wna droga tranzytowa na zach\u00f3d i zagrozi\u0142 now\u0105 fal\u0105 migracji \u201edo tych, kt\u00f3rzy narzucaj\u0105 im sankcje gospodarcze\u201d.<\/p>\n<figure class=\"wp-block-pullquote\">\n<blockquote>\n<p>\u201eWszyscy oskar\u017caj\u0105 nas o u\u0142atwianie tej migracji. Zawsze by\u0142em szczery. Nie b\u0119dziemy chroni\u0107 nikogo przed migrantami. Zw\u0142aszcza ci, kt\u00f3rzy narzucaj\u0105 nam sankcje gospodarcze. Dlaczego powinni\u015bmy je chroni\u0107?\u201d<\/p>\n<p><cite> stwierdzi\u0142.<\/cite><\/p><\/blockquote>\n<\/figure>\n<figure class=\"wp-block-pullquote\">\n<blockquote>\n<p>\u201eS\u0105 to zmiany, kt\u00f3re musimy traktowa\u0107 bardzo powa\u017cnie. Polska inteligencja i kontrwywiadowstwo musz\u0105 oceni\u0107 wykonalno\u015b\u0107 deklaracji strony Bia\u0142orusi. <\/p>\n<p><cite>\u017baryn powtarza w odpowiedzi na rozw\u00f3j na Bia\u0142orusi.<\/cite><\/p><\/blockquote>\n<\/figure>\n<p>\u201eNa naszej wschodniej granicy cz\u0119sto zidentyfikowali\u015bmy osoby, kt\u00f3re otrzyma\u0142y r\u00f3\u017cne rodzaje wizy bia\u0142oruskiej &#8211; tury\u015bci lub student. Dlatego ten sygna\u0142 zintensyfikowanej wsp\u00f3\u0142pracy z Pakistanem jest powodem do niepokoju\u201d, dodaje ekspert w rozmowie z Niezalezna.pl. Ostrzega, \u017ce \u200b\u200b\u201enadchodz\u0105ce tygodnie i miesi\u0105ce mog\u0105 by\u0107 bardzo aktywne wzd\u0142u\u017c granicy Bia\u0142oruskiej\u201d.<\/p>\n<figure class=\"wp-block-pullquote\">\n<blockquote>\n<p>\u201eRosyjskie i bia\u0142oruskie re\u017cimy wykorzystuj\u0105 t\u0119 drog\u0119 do destabilizacji i polaryzacji Polski, takich jak ta, wykute przez minsk, mog\u0105 zwiastowa\u0107 zwi\u0119kszon\u0105 presj\u0119 na granicy\u201d<\/p>\n<p><cite> dodaje.<\/cite><\/p><\/blockquote>\n<\/figure>\n<p>Nale\u017cy wzi\u0105\u0107 pod uwag\u0119 wszystkie mo\u017cliwe scenariusze. Jedno jest pewne &#8211; Rosja pozostaje wrogo nastawiona do Zachodu i uwa\u017ca Polsk\u0119 za swojego przeciwnika. Kreml d\u0105\u017cy do ustanowienia w\u0142asnej strefy wp\u0142yw\u00f3w w Europie \u015arodkowej i Wschodniej, kt\u00f3ra poci\u0105ga za sob\u0105 ci\u0105g\u0142e dzia\u0142ania przeciwko Polsce i NATO jako ca\u0142o\u015bci. To, co rozwija si\u0119 w nadchodz\u0105cych miesi\u0105cach, b\u0119dzie w du\u017cej mierze zale\u017ce\u0107 od podej\u015bcia Stan\u00f3w Zjednoczonych do Rosji i geopolitycznych ustale\u0144 zwi\u0105zanych z wojn\u0105 na Ukrainie. B\u0119dzie r\u00f3wnie\u017c zale\u017ce\u0107 od tego, czy Rosja mo\u017ce sobie pozwoli\u0107 na ponowne wdro\u017cenie si\u0142 skoncentrowanych obecnie na Ukrainie na innych obszarach.<\/p>\n<figure class=\"wp-block-pullquote\">\n<blockquote>\n<p>\u201eTrend upadaj\u0105cego bezpiecze\u0144stwa w Europie jest zjawiskiem d\u0142ugoterminowym i musimy odpowiednio odpowiedzie\u0107. Obejmuje to dalsze wzmocnienie obecno\u015bci si\u0142 ameryka\u0144skich w naszym kraju, wzmacniaj\u0105c wschodni\u0105 flank\u0119 NATO i aktywuje Europ\u0119, aby zapobiec manipulowaniu i skutecznym przeciwdzia\u0142aniu interesom rosyjskim. Musimy r\u00f3wnie\u017c pozosta\u0107 aktywne w Waszyngtonie-w Waszyngtonie.<\/p>\n<p><cite> \u017baryn podsumowuje.<\/cite><\/p><\/blockquote>\n<\/figure>\n<\/div>\n<\/div>\n<p><script async src=\"https:\/\/platform.twitter.com\/widgets.js\" charset=\"utf-8\"><\/script><\/p>\n","protected":false},"excerpt":{"rendered":"<p>Polskie agencje inteligencji i kontrwywiadu musz\u0105 oceni\u0107, w jakim stopniu mo\u017cna zrealizowa\u0107 deklaracje strony bia\u0142oruskiej. Jest to szczeg\u00f3lnie pilne, bior\u0105c<\/p>\n","protected":false},"author":1,"featured_media":5186,"comment_status":"closed","ping_status":"","sticky":false,"template":"","format":"standard","meta":{"footnotes":""},"categories":[4748],"tags":[2143,793,2852,501,131,4962,6983,698,6985,6982,6986,6984,161],"class_list":["post-5185","post","type-post","status-publish","format-standard","has-post-thumbnail","hentry","category-aktualne","tag-aby","tag-beda","tag-bezpieczenstwa","tag-czy","tag-dla","tag-lukashenko","tag-pakistanczykow","tag-polske","tag-powazny","tag-sprowadzic","tag-sygnal","tag-szturmowac","tag-uslug","generate-columns","tablet-grid-50","mobile-grid-100","grid-parent","grid-50","resize-featured-image"],"yoast_head":"<!-- This site is optimized with the Yoast SEO plugin v23.2 - https:\/\/yoast.com\/wordpress\/plugins\/seo\/ -->\n<title>Lukashenko, aby sprowadzi\u0107 150 000 Pakista\u0144czyk\u00f3w. Czy b\u0119d\u0105 szturmowa\u0107 Polsk\u0119? \u201ePowa\u017cny sygna\u0142 dla us\u0142ug bezpiecze\u0144stwa\u201d - POGOTOWIE FLAGOWE\u00ae<\/title>\n<meta name=\"robots\" content=\"index, follow, max-snippet:-1, max-image-preview:large, max-video-preview:-1\" \/>\n<link rel=\"canonical\" href=\"https:\/\/www.pogotowieflagowe.pl\/aktualne\/lukashenko-aby-sprowadzic-150-000-pakistanczykow-czy-beda-szturmowac-polske-powazny-sygnal-dla-uslug-bezpieczenstwa\/\" \/>\n<meta property=\"og:locale\" content=\"pl_PL\" \/>\n<meta property=\"og:type\" content=\"article\" \/>\n<meta property=\"og:title\" content=\"Lukashenko, aby sprowadzi\u0107 150 000 Pakista\u0144czyk\u00f3w. Czy b\u0119d\u0105 szturmowa\u0107 Polsk\u0119? \u201ePowa\u017cny sygna\u0142 dla us\u0142ug bezpiecze\u0144stwa\u201d - POGOTOWIE FLAGOWE\u00ae\" \/>\n<meta property=\"og:description\" content=\"Polskie agencje inteligencji i kontrwywiadu musz\u0105 oceni\u0107, w jakim stopniu mo\u017cna zrealizowa\u0107 deklaracje strony bia\u0142oruskiej. Jest to szczeg\u00f3lnie pilne, bior\u0105c\" \/>\n<meta property=\"og:url\" content=\"https:\/\/www.pogotowieflagowe.pl\/aktualne\/lukashenko-aby-sprowadzic-150-000-pakistanczykow-czy-beda-szturmowac-polske-powazny-sygnal-dla-uslug-bezpieczenstwa\/\" \/>\n<meta property=\"og:site_name\" content=\"POGOTOWIE FLAGOWE\u00ae\" \/>\n<meta property=\"article:published_time\" content=\"2025-04-16T08:47:22+00:00\" \/>\n<meta property=\"og:image\" content=\"https:\/\/www.pogotowieflagowe.pl\/aktualne\/wp-content\/uploads\/2025\/04\/Lukashenko-aby-sprowadzic-150-000-Pakistanczykow-Czy-beda-szturmowac-Polske.jpg\" \/>\n\t<meta property=\"og:image:width\" content=\"396\" \/>\n\t<meta property=\"og:image:height\" content=\"320\" \/>\n\t<meta property=\"og:image:type\" content=\"image\/jpeg\" \/>\n<meta name=\"author\" content=\"Filip\" \/>\n<meta name=\"twitter:card\" content=\"summary_large_image\" \/>\n<meta name=\"twitter:label1\" content=\"Napisane przez\" \/>\n\t<meta name=\"twitter:data1\" content=\"Filip\" \/>\n\t<meta name=\"twitter:label2\" content=\"Szacowany czas czytania\" \/>\n\t<meta name=\"twitter:data2\" content=\"4 minuty\" \/>\n<script type=\"application\/ld+json\" class=\"yoast-schema-graph\">{\"@context\":\"https:\/\/schema.org\",\"@graph\":[{\"@type\":\"Article\",\"@id\":\"https:\/\/www.pogotowieflagowe.pl\/aktualne\/lukashenko-aby-sprowadzic-150-000-pakistanczykow-czy-beda-szturmowac-polske-powazny-sygnal-dla-uslug-bezpieczenstwa\/#article\",\"isPartOf\":{\"@id\":\"https:\/\/www.pogotowieflagowe.pl\/aktualne\/lukashenko-aby-sprowadzic-150-000-pakistanczykow-czy-beda-szturmowac-polske-powazny-sygnal-dla-uslug-bezpieczenstwa\/\"},\"author\":{\"name\":\"Filip\",\"@id\":\"https:\/\/www.pogotowieflagowe.pl\/aktualne\/#\/schema\/person\/9c2fb7d2362ebf6fa088960d7f0d27b0\"},\"headline\":\"Lukashenko, aby sprowadzi\u0107 150 000 Pakista\u0144czyk\u00f3w. Czy b\u0119d\u0105 szturmowa\u0107 Polsk\u0119? \u201ePowa\u017cny sygna\u0142 dla us\u0142ug bezpiecze\u0144stwa\u201d\",\"datePublished\":\"2025-04-16T08:47:22+00:00\",\"dateModified\":\"2025-04-16T08:47:22+00:00\",\"mainEntityOfPage\":{\"@id\":\"https:\/\/www.pogotowieflagowe.pl\/aktualne\/lukashenko-aby-sprowadzic-150-000-pakistanczykow-czy-beda-szturmowac-polske-powazny-sygnal-dla-uslug-bezpieczenstwa\/\"},\"wordCount\":839,\"publisher\":{\"@id\":\"https:\/\/www.pogotowieflagowe.pl\/aktualne\/#organization\"},\"image\":{\"@id\":\"https:\/\/www.pogotowieflagowe.pl\/aktualne\/lukashenko-aby-sprowadzic-150-000-pakistanczykow-czy-beda-szturmowac-polske-powazny-sygnal-dla-uslug-bezpieczenstwa\/#primaryimage\"},\"thumbnailUrl\":\"https:\/\/www.pogotowieflagowe.pl\/aktualne\/wp-content\/uploads\/2025\/04\/Lukashenko-aby-sprowadzic-150-000-Pakistanczykow-Czy-beda-szturmowac-Polske.jpg\",\"keywords\":[\"aby\",\"b\u0119d\u0105\",\"bezpiecze\u0144stwa\",\"Czy\",\"dla\",\"Lukashenko\",\"Pakista\u0144czyk\u00f3w\",\"Polsk\u0119\",\"Powa\u017cny\",\"sprowadzi\u0107\",\"sygna\u0142\",\"szturmowa\u0107\",\"us\u0142ug\"],\"articleSection\":[\"Aktualne\"],\"inLanguage\":\"pl-PL\"},{\"@type\":\"WebPage\",\"@id\":\"https:\/\/www.pogotowieflagowe.pl\/aktualne\/lukashenko-aby-sprowadzic-150-000-pakistanczykow-czy-beda-szturmowac-polske-powazny-sygnal-dla-uslug-bezpieczenstwa\/\",\"url\":\"https:\/\/www.pogotowieflagowe.pl\/aktualne\/lukashenko-aby-sprowadzic-150-000-pakistanczykow-czy-beda-szturmowac-polske-powazny-sygnal-dla-uslug-bezpieczenstwa\/\",\"name\":\"Lukashenko, aby sprowadzi\u0107 150 000 Pakista\u0144czyk\u00f3w. Czy b\u0119d\u0105 szturmowa\u0107 Polsk\u0119? \u201ePowa\u017cny sygna\u0142 dla us\u0142ug bezpiecze\u0144stwa\u201d - POGOTOWIE FLAGOWE\u00ae\",\"isPartOf\":{\"@id\":\"https:\/\/www.pogotowieflagowe.pl\/aktualne\/#website\"},\"primaryImageOfPage\":{\"@id\":\"https:\/\/www.pogotowieflagowe.pl\/aktualne\/lukashenko-aby-sprowadzic-150-000-pakistanczykow-czy-beda-szturmowac-polske-powazny-sygnal-dla-uslug-bezpieczenstwa\/#primaryimage\"},\"image\":{\"@id\":\"https:\/\/www.pogotowieflagowe.pl\/aktualne\/lukashenko-aby-sprowadzic-150-000-pakistanczykow-czy-beda-szturmowac-polske-powazny-sygnal-dla-uslug-bezpieczenstwa\/#primaryimage\"},\"thumbnailUrl\":\"https:\/\/www.pogotowieflagowe.pl\/aktualne\/wp-content\/uploads\/2025\/04\/Lukashenko-aby-sprowadzic-150-000-Pakistanczykow-Czy-beda-szturmowac-Polske.jpg\",\"datePublished\":\"2025-04-16T08:47:22+00:00\",\"dateModified\":\"2025-04-16T08:47:22+00:00\",\"breadcrumb\":{\"@id\":\"https:\/\/www.pogotowieflagowe.pl\/aktualne\/lukashenko-aby-sprowadzic-150-000-pakistanczykow-czy-beda-szturmowac-polske-powazny-sygnal-dla-uslug-bezpieczenstwa\/#breadcrumb\"},\"inLanguage\":\"pl-PL\",\"potentialAction\":[{\"@type\":\"ReadAction\",\"target\":[\"https:\/\/www.pogotowieflagowe.pl\/aktualne\/lukashenko-aby-sprowadzic-150-000-pakistanczykow-czy-beda-szturmowac-polske-powazny-sygnal-dla-uslug-bezpieczenstwa\/\"]}]},{\"@type\":\"ImageObject\",\"inLanguage\":\"pl-PL\",\"@id\":\"https:\/\/www.pogotowieflagowe.pl\/aktualne\/lukashenko-aby-sprowadzic-150-000-pakistanczykow-czy-beda-szturmowac-polske-powazny-sygnal-dla-uslug-bezpieczenstwa\/#primaryimage\",\"url\":\"https:\/\/www.pogotowieflagowe.pl\/aktualne\/wp-content\/uploads\/2025\/04\/Lukashenko-aby-sprowadzic-150-000-Pakistanczykow-Czy-beda-szturmowac-Polske.jpg\",\"contentUrl\":\"https:\/\/www.pogotowieflagowe.pl\/aktualne\/wp-content\/uploads\/2025\/04\/Lukashenko-aby-sprowadzic-150-000-Pakistanczykow-Czy-beda-szturmowac-Polske.jpg\",\"width\":396,\"height\":320,\"caption\":\"Lukashenko, aby sprowadzi\u0107 150 000 Pakista\u0144czyk\u00f3w. Czy b\u0119d\u0105 szturmowa\u0107 Polsk\u0119? \u201ePowa\u017cny sygna\u0142 dla us\u0142ug bezpiecze\u0144stwa\u201d\"},{\"@type\":\"BreadcrumbList\",\"@id\":\"https:\/\/www.pogotowieflagowe.pl\/aktualne\/lukashenko-aby-sprowadzic-150-000-pakistanczykow-czy-beda-szturmowac-polske-powazny-sygnal-dla-uslug-bezpieczenstwa\/#breadcrumb\",\"itemListElement\":[{\"@type\":\"ListItem\",\"position\":1,\"name\":\"Home\",\"item\":\"https:\/\/www.pogotowieflagowe.pl\/aktualne\/\"},{\"@type\":\"ListItem\",\"position\":2,\"name\":\"Lukashenko, aby sprowadzi\u0107 150 000 Pakista\u0144czyk\u00f3w. Czy b\u0119d\u0105 szturmowa\u0107 Polsk\u0119? \u201ePowa\u017cny sygna\u0142 dla us\u0142ug bezpiecze\u0144stwa\u201d\"}]},{\"@type\":\"WebSite\",\"@id\":\"https:\/\/www.pogotowieflagowe.pl\/aktualne\/#website\",\"url\":\"https:\/\/www.pogotowieflagowe.pl\/aktualne\/\",\"name\":\"POGOTOWIE FLAGOWE\u00ae\",\"description\":\"\",\"publisher\":{\"@id\":\"https:\/\/www.pogotowieflagowe.pl\/aktualne\/#organization\"},\"potentialAction\":[{\"@type\":\"SearchAction\",\"target\":{\"@type\":\"EntryPoint\",\"urlTemplate\":\"https:\/\/www.pogotowieflagowe.pl\/aktualne\/?s={search_term_string}\"},\"query-input\":\"required name=search_term_string\"}],\"inLanguage\":\"pl-PL\"},{\"@type\":\"Organization\",\"@id\":\"https:\/\/www.pogotowieflagowe.pl\/aktualne\/#organization\",\"name\":\"POGOTOWIE FLAGOWE\u00ae\",\"url\":\"https:\/\/www.pogotowieflagowe.pl\/aktualne\/\",\"logo\":{\"@type\":\"ImageObject\",\"inLanguage\":\"pl-PL\",\"@id\":\"https:\/\/www.pogotowieflagowe.pl\/aktualne\/#\/schema\/logo\/image\/\",\"url\":\"https:\/\/www.pogotowieflagowe.pl\/aktualne\/wp-content\/uploads\/2024\/08\/cropped-pogotowieflagowe_flaga_projekt_sm.jpg\",\"contentUrl\":\"https:\/\/www.pogotowieflagowe.pl\/aktualne\/wp-content\/uploads\/2024\/08\/cropped-pogotowieflagowe_flaga_projekt_sm.jpg\",\"width\":250,\"height\":143,\"caption\":\"POGOTOWIE FLAGOWE\u00ae\"},\"image\":{\"@id\":\"https:\/\/www.pogotowieflagowe.pl\/aktualne\/#\/schema\/logo\/image\/\"}},{\"@type\":\"Person\",\"@id\":\"https:\/\/www.pogotowieflagowe.pl\/aktualne\/#\/schema\/person\/9c2fb7d2362ebf6fa088960d7f0d27b0\",\"name\":\"Filip\",\"image\":{\"@type\":\"ImageObject\",\"inLanguage\":\"pl-PL\",\"@id\":\"https:\/\/www.pogotowieflagowe.pl\/aktualne\/#\/schema\/person\/image\/\",\"url\":\"https:\/\/www.pogotowieflagowe.pl\/aktualne\/wp-content\/uploads\/2024\/08\/pogotowieflagowe.pl_.jpg\",\"contentUrl\":\"https:\/\/www.pogotowieflagowe.pl\/aktualne\/wp-content\/uploads\/2024\/08\/pogotowieflagowe.pl_.jpg\",\"caption\":\"Filip\"},\"description\":\"Jestem Filip, polski dziennikarz z dyplomem nauk politycznych Uniwersytetu Warszawskiego. Rozpoczynaj\u0105c swoj\u0105 karier\u0119 w r\u00f3\u017cnych lokalnych mediach, zdoby\u0142em solidne do\u015bwiadczenie w zakresie \u015bledztwa i redakcji. Obecnie jako redaktor w Pogotowie flagowe, staram si\u0119 dostarcza\u0107 dog\u0142\u0119bne i istotne analizy na temat najwa\u017cniejszych kwestii aktualno\u015bci, \u0142\u0105cz\u0105c rygor z pasj\u0105 dziennikarsk\u0105.\",\"sameAs\":[\"https:\/\/www.pogotowieflagowe.pl\/\"]}]}<\/script>\n<!-- \/ Yoast SEO plugin. -->","yoast_head_json":{"title":"Lukashenko, aby sprowadzi\u0107 150 000 Pakista\u0144czyk\u00f3w. Czy b\u0119d\u0105 szturmowa\u0107 Polsk\u0119? \u201ePowa\u017cny sygna\u0142 dla us\u0142ug bezpiecze\u0144stwa\u201d - POGOTOWIE FLAGOWE\u00ae","robots":{"index":"index","follow":"follow","max-snippet":"max-snippet:-1","max-image-preview":"max-image-preview:large","max-video-preview":"max-video-preview:-1"},"canonical":"https:\/\/www.pogotowieflagowe.pl\/aktualne\/lukashenko-aby-sprowadzic-150-000-pakistanczykow-czy-beda-szturmowac-polske-powazny-sygnal-dla-uslug-bezpieczenstwa\/","og_locale":"pl_PL","og_type":"article","og_title":"Lukashenko, aby sprowadzi\u0107 150 000 Pakista\u0144czyk\u00f3w. Czy b\u0119d\u0105 szturmowa\u0107 Polsk\u0119? \u201ePowa\u017cny sygna\u0142 dla us\u0142ug bezpiecze\u0144stwa\u201d - POGOTOWIE FLAGOWE\u00ae","og_description":"Polskie agencje inteligencji i kontrwywiadu musz\u0105 oceni\u0107, w jakim stopniu mo\u017cna zrealizowa\u0107 deklaracje strony bia\u0142oruskiej. Jest to szczeg\u00f3lnie pilne, bior\u0105c","og_url":"https:\/\/www.pogotowieflagowe.pl\/aktualne\/lukashenko-aby-sprowadzic-150-000-pakistanczykow-czy-beda-szturmowac-polske-powazny-sygnal-dla-uslug-bezpieczenstwa\/","og_site_name":"POGOTOWIE FLAGOWE\u00ae","article_published_time":"2025-04-16T08:47:22+00:00","og_image":[{"width":396,"height":320,"url":"https:\/\/www.pogotowieflagowe.pl\/aktualne\/wp-content\/uploads\/2025\/04\/Lukashenko-aby-sprowadzic-150-000-Pakistanczykow-Czy-beda-szturmowac-Polske.jpg","type":"image\/jpeg"}],"author":"Filip","twitter_card":"summary_large_image","twitter_misc":{"Napisane przez":"Filip","Szacowany czas czytania":"4 minuty"},"schema":{"@context":"https:\/\/schema.org","@graph":[{"@type":"Article","@id":"https:\/\/www.pogotowieflagowe.pl\/aktualne\/lukashenko-aby-sprowadzic-150-000-pakistanczykow-czy-beda-szturmowac-polske-powazny-sygnal-dla-uslug-bezpieczenstwa\/#article","isPartOf":{"@id":"https:\/\/www.pogotowieflagowe.pl\/aktualne\/lukashenko-aby-sprowadzic-150-000-pakistanczykow-czy-beda-szturmowac-polske-powazny-sygnal-dla-uslug-bezpieczenstwa\/"},"author":{"name":"Filip","@id":"https:\/\/www.pogotowieflagowe.pl\/aktualne\/#\/schema\/person\/9c2fb7d2362ebf6fa088960d7f0d27b0"},"headline":"Lukashenko, aby sprowadzi\u0107 150 000 Pakista\u0144czyk\u00f3w. Czy b\u0119d\u0105 szturmowa\u0107 Polsk\u0119? \u201ePowa\u017cny sygna\u0142 dla us\u0142ug bezpiecze\u0144stwa\u201d","datePublished":"2025-04-16T08:47:22+00:00","dateModified":"2025-04-16T08:47:22+00:00","mainEntityOfPage":{"@id":"https:\/\/www.pogotowieflagowe.pl\/aktualne\/lukashenko-aby-sprowadzic-150-000-pakistanczykow-czy-beda-szturmowac-polske-powazny-sygnal-dla-uslug-bezpieczenstwa\/"},"wordCount":839,"publisher":{"@id":"https:\/\/www.pogotowieflagowe.pl\/aktualne\/#organization"},"image":{"@id":"https:\/\/www.pogotowieflagowe.pl\/aktualne\/lukashenko-aby-sprowadzic-150-000-pakistanczykow-czy-beda-szturmowac-polske-powazny-sygnal-dla-uslug-bezpieczenstwa\/#primaryimage"},"thumbnailUrl":"https:\/\/www.pogotowieflagowe.pl\/aktualne\/wp-content\/uploads\/2025\/04\/Lukashenko-aby-sprowadzic-150-000-Pakistanczykow-Czy-beda-szturmowac-Polske.jpg","keywords":["aby","b\u0119d\u0105","bezpiecze\u0144stwa","Czy","dla","Lukashenko","Pakista\u0144czyk\u00f3w","Polsk\u0119","Powa\u017cny","sprowadzi\u0107","sygna\u0142","szturmowa\u0107","us\u0142ug"],"articleSection":["Aktualne"],"inLanguage":"pl-PL"},{"@type":"WebPage","@id":"https:\/\/www.pogotowieflagowe.pl\/aktualne\/lukashenko-aby-sprowadzic-150-000-pakistanczykow-czy-beda-szturmowac-polske-powazny-sygnal-dla-uslug-bezpieczenstwa\/","url":"https:\/\/www.pogotowieflagowe.pl\/aktualne\/lukashenko-aby-sprowadzic-150-000-pakistanczykow-czy-beda-szturmowac-polske-powazny-sygnal-dla-uslug-bezpieczenstwa\/","name":"Lukashenko, aby sprowadzi\u0107 150 000 Pakista\u0144czyk\u00f3w. Czy b\u0119d\u0105 szturmowa\u0107 Polsk\u0119? \u201ePowa\u017cny sygna\u0142 dla us\u0142ug bezpiecze\u0144stwa\u201d - POGOTOWIE FLAGOWE\u00ae","isPartOf":{"@id":"https:\/\/www.pogotowieflagowe.pl\/aktualne\/#website"},"primaryImageOfPage":{"@id":"https:\/\/www.pogotowieflagowe.pl\/aktualne\/lukashenko-aby-sprowadzic-150-000-pakistanczykow-czy-beda-szturmowac-polske-powazny-sygnal-dla-uslug-bezpieczenstwa\/#primaryimage"},"image":{"@id":"https:\/\/www.pogotowieflagowe.pl\/aktualne\/lukashenko-aby-sprowadzic-150-000-pakistanczykow-czy-beda-szturmowac-polske-powazny-sygnal-dla-uslug-bezpieczenstwa\/#primaryimage"},"thumbnailUrl":"https:\/\/www.pogotowieflagowe.pl\/aktualne\/wp-content\/uploads\/2025\/04\/Lukashenko-aby-sprowadzic-150-000-Pakistanczykow-Czy-beda-szturmowac-Polske.jpg","datePublished":"2025-04-16T08:47:22+00:00","dateModified":"2025-04-16T08:47:22+00:00","breadcrumb":{"@id":"https:\/\/www.pogotowieflagowe.pl\/aktualne\/lukashenko-aby-sprowadzic-150-000-pakistanczykow-czy-beda-szturmowac-polske-powazny-sygnal-dla-uslug-bezpieczenstwa\/#breadcrumb"},"inLanguage":"pl-PL","potentialAction":[{"@type":"ReadAction","target":["https:\/\/www.pogotowieflagowe.pl\/aktualne\/lukashenko-aby-sprowadzic-150-000-pakistanczykow-czy-beda-szturmowac-polske-powazny-sygnal-dla-uslug-bezpieczenstwa\/"]}]},{"@type":"ImageObject","inLanguage":"pl-PL","@id":"https:\/\/www.pogotowieflagowe.pl\/aktualne\/lukashenko-aby-sprowadzic-150-000-pakistanczykow-czy-beda-szturmowac-polske-powazny-sygnal-dla-uslug-bezpieczenstwa\/#primaryimage","url":"https:\/\/www.pogotowieflagowe.pl\/aktualne\/wp-content\/uploads\/2025\/04\/Lukashenko-aby-sprowadzic-150-000-Pakistanczykow-Czy-beda-szturmowac-Polske.jpg","contentUrl":"https:\/\/www.pogotowieflagowe.pl\/aktualne\/wp-content\/uploads\/2025\/04\/Lukashenko-aby-sprowadzic-150-000-Pakistanczykow-Czy-beda-szturmowac-Polske.jpg","width":396,"height":320,"caption":"Lukashenko, aby sprowadzi\u0107 150 000 Pakista\u0144czyk\u00f3w. Czy b\u0119d\u0105 szturmowa\u0107 Polsk\u0119? \u201ePowa\u017cny sygna\u0142 dla us\u0142ug bezpiecze\u0144stwa\u201d"},{"@type":"BreadcrumbList","@id":"https:\/\/www.pogotowieflagowe.pl\/aktualne\/lukashenko-aby-sprowadzic-150-000-pakistanczykow-czy-beda-szturmowac-polske-powazny-sygnal-dla-uslug-bezpieczenstwa\/#breadcrumb","itemListElement":[{"@type":"ListItem","position":1,"name":"Home","item":"https:\/\/www.pogotowieflagowe.pl\/aktualne\/"},{"@type":"ListItem","position":2,"name":"Lukashenko, aby sprowadzi\u0107 150 000 Pakista\u0144czyk\u00f3w. Czy b\u0119d\u0105 szturmowa\u0107 Polsk\u0119? \u201ePowa\u017cny sygna\u0142 dla us\u0142ug bezpiecze\u0144stwa\u201d"}]},{"@type":"WebSite","@id":"https:\/\/www.pogotowieflagowe.pl\/aktualne\/#website","url":"https:\/\/www.pogotowieflagowe.pl\/aktualne\/","name":"POGOTOWIE FLAGOWE\u00ae","description":"","publisher":{"@id":"https:\/\/www.pogotowieflagowe.pl\/aktualne\/#organization"},"potentialAction":[{"@type":"SearchAction","target":{"@type":"EntryPoint","urlTemplate":"https:\/\/www.pogotowieflagowe.pl\/aktualne\/?s={search_term_string}"},"query-input":"required name=search_term_string"}],"inLanguage":"pl-PL"},{"@type":"Organization","@id":"https:\/\/www.pogotowieflagowe.pl\/aktualne\/#organization","name":"POGOTOWIE FLAGOWE\u00ae","url":"https:\/\/www.pogotowieflagowe.pl\/aktualne\/","logo":{"@type":"ImageObject","inLanguage":"pl-PL","@id":"https:\/\/www.pogotowieflagowe.pl\/aktualne\/#\/schema\/logo\/image\/","url":"https:\/\/www.pogotowieflagowe.pl\/aktualne\/wp-content\/uploads\/2024\/08\/cropped-pogotowieflagowe_flaga_projekt_sm.jpg","contentUrl":"https:\/\/www.pogotowieflagowe.pl\/aktualne\/wp-content\/uploads\/2024\/08\/cropped-pogotowieflagowe_flaga_projekt_sm.jpg","width":250,"height":143,"caption":"POGOTOWIE FLAGOWE\u00ae"},"image":{"@id":"https:\/\/www.pogotowieflagowe.pl\/aktualne\/#\/schema\/logo\/image\/"}},{"@type":"Person","@id":"https:\/\/www.pogotowieflagowe.pl\/aktualne\/#\/schema\/person\/9c2fb7d2362ebf6fa088960d7f0d27b0","name":"Filip","image":{"@type":"ImageObject","inLanguage":"pl-PL","@id":"https:\/\/www.pogotowieflagowe.pl\/aktualne\/#\/schema\/person\/image\/","url":"https:\/\/www.pogotowieflagowe.pl\/aktualne\/wp-content\/uploads\/2024\/08\/pogotowieflagowe.pl_.jpg","contentUrl":"https:\/\/www.pogotowieflagowe.pl\/aktualne\/wp-content\/uploads\/2024\/08\/pogotowieflagowe.pl_.jpg","caption":"Filip"},"description":"Jestem Filip, polski dziennikarz z dyplomem nauk politycznych Uniwersytetu Warszawskiego. Rozpoczynaj\u0105c swoj\u0105 karier\u0119 w r\u00f3\u017cnych lokalnych mediach, zdoby\u0142em solidne do\u015bwiadczenie w zakresie \u015bledztwa i redakcji. Obecnie jako redaktor w Pogotowie flagowe, staram si\u0119 dostarcza\u0107 dog\u0142\u0119bne i istotne analizy na temat najwa\u017cniejszych kwestii aktualno\u015bci, \u0142\u0105cz\u0105c rygor z pasj\u0105 dziennikarsk\u0105.","sameAs":["https:\/\/www.pogotowieflagowe.pl\/"]}]}},"_links":{"self":[{"href":"https:\/\/www.pogotowieflagowe.pl\/aktualne\/wp-json\/wp\/v2\/posts\/5185","targetHints":{"allow":["GET"]}}],"collection":[{"href":"https:\/\/www.pogotowieflagowe.pl\/aktualne\/wp-json\/wp\/v2\/posts"}],"about":[{"href":"https:\/\/www.pogotowieflagowe.pl\/aktualne\/wp-json\/wp\/v2\/types\/post"}],"author":[{"embeddable":true,"href":"https:\/\/www.pogotowieflagowe.pl\/aktualne\/wp-json\/wp\/v2\/users\/1"}],"replies":[{"embeddable":true,"href":"https:\/\/www.pogotowieflagowe.pl\/aktualne\/wp-json\/wp\/v2\/comments?post=5185"}],"version-history":[{"count":1,"href":"https:\/\/www.pogotowieflagowe.pl\/aktualne\/wp-json\/wp\/v2\/posts\/5185\/revisions"}],"predecessor-version":[{"id":5187,"href":"https:\/\/www.pogotowieflagowe.pl\/aktualne\/wp-json\/wp\/v2\/posts\/5185\/revisions\/5187"}],"wp:featuredmedia":[{"embeddable":true,"href":"https:\/\/www.pogotowieflagowe.pl\/aktualne\/wp-json\/wp\/v2\/media\/5186"}],"wp:attachment":[{"href":"https:\/\/www.pogotowieflagowe.pl\/aktualne\/wp-json\/wp\/v2\/media?parent=5185"}],"wp:term":[{"taxonomy":"category","embeddable":true,"href":"https:\/\/www.pogotowieflagowe.pl\/aktualne\/wp-json\/wp\/v2\/categories?post=5185"},{"taxonomy":"post_tag","embeddable":true,"href":"https:\/\/www.pogotowieflagowe.pl\/aktualne\/wp-json\/wp\/v2\/tags?post=5185"}],"curies":[{"name":"wp","href":"https:\/\/api.w.org\/{rel}","templated":true}]}}