{"id":5188,"date":"2025-04-16T15:47:27","date_gmt":"2025-04-16T13:47:27","guid":{"rendered":"https:\/\/www.pogotowieflagowe.pl\/aktualne\/zelensky-naciska-na-dostawy-patriotyczne-i-odmowili\/"},"modified":"2025-04-16T15:47:27","modified_gmt":"2025-04-16T13:47:27","slug":"zelensky-naciska-na-dostawy-patriotyczne-i-odmowili","status":"publish","type":"post","link":"https:\/\/www.pogotowieflagowe.pl\/aktualne\/zelensky-naciska-na-dostawy-patriotyczne-i-odmowili\/","title":{"rendered":"Zelensky naciska na dostawy patriotyczne i odm\u00f3wili"},"content":{"rendered":"\n<div class=\"td_block_wrap tdb_single_content tdi_41 td-pb-border-top td_block_template_8 td-post-content tagdiv-type\" data-td-block-uid=\"tdi_41\">\n<style>.tdi_41 {margin-top: 0px! Wa\u017cne; margines-bottom: 0px! WA\u017bNY; PALDING-TOP: 0PX! WA\u017bNY; PALDING-BOTTOM: 0PX! WA\u017bNE}<\/style>\n<style>.tdb_single_content {margin-bottom: 0;*zoom: 1} .tdb_single_content: wcze\u015bniej, .tdb_single_content: po {display: Table; content: ''; line-height: 0} .TDB-BLOCK-INner>*: nie (.WP-BLOCK-QUOTE): not (.alignSwide): not (.Alignfull.wp-block-cover.has-parallax): not (.td-a-ad) {margin-left: auto; margin-right: auto} .tdb_single_ConTent a {wska\u017anik-events: auto} .tdb_single_content .td-spot-id-top_ad .tdc-placeholder-title: przed {content: \u201eArtyku\u0142 top ad\u201d! Wa\u017cne} .tdb_single_content .td-Spot-Id-inline_ad0 .tdc-placeholder-title 1 '! Wa\u017cne} .tdb_single_content .td-Spot-Id-inline_Ad1 .tdc-Placeholder-Title: przed {content: \u201eArtyku\u0142 inline AD 2'! Wa\u017cny} .tdb_single_content. 3 '! Wa\u017cne} .tdb_single_content .td-Spot-Id-Bottom_Ad .tdc-Placeholder-Title: przed {content: \u201eArtyku\u0142 Bottom Ad\u201d! Wa\u017cne} .tdb_single_content .id_top_ad, .tdb_single_content_content .id_bottom_ad {clear: oba; margin-bottom: 21px; text-align: Center} .tdb_single_content .id_top_ad img, .tdb_single_content .id_bottom_ad img {margin-bottom: 0} .tdb_single_conTent .id_top_ad .adsbyGoogle, .tdb_single_content .id_bottom_ad .adsbyGoogle {pozycja: relatyw} .tdb_single_content .id_ad_content-horiz-left, .tdb_single_content .id_ad_content-horiz-right, .tdb_single_content .id_ad_content-horiz-Center {margin-bottom: 15px} .tdb_single_content .id_ad_content-horiz-left Img, .tdb_single_content .id_ad_content-horiz-right img, .tdb_single_content .id_ad_content-horiz-centerter img {margin-bottom: 0} .tdb_single_content .id_ad_content-horiz-center {text-align: Center} .tdb_single_content .id_ad_content-horiz-center img {margin-right: auto; margin-let: auto} .tdb_single_content .id_ad_content-horiz-left {float: left; margin-top: 9px; margin-right: 21px} .tdb_single_content .id_ad_content-horiz-right {float: margin-top: 6px; margin-left: 21px} .tdb_single_content .tdc-a-a-ad .TDC-Placeholder-Title {szeroko\u015b\u0107: 300px; height: 250px} .tdb_single_content .tdc-a-ad .TDC-Placeholder-Title: Przed {Pozycja: Absolute; TOP: 50%;-WebKit-Transform: Translatey (-50%); Transform: Translatey (-50%); margines: auto; Display: Tabela; szeroko\u015b\u0107: 100%}. tdb_single_content .TDB-BLOCK-INNER.TD-FIX-INDEX {Word-Break: Break-word} .tdi_41, .tdi_41> p, .tdi_41 .tdb-block-inner> p, .Wp-Block-Column> p {font-size: 16px! Wa\u017cne; wa\u017cny; p {font-styl: normalne! Wa\u017cne} @media (Max-Width: 767px) {. tdb_single_content .id_ad_content-horiz-left, .tdb_single_content .id_ad_content-horiz-right, .tdb_single_content .id_ad_content-horiz-centter {Margin: 0 AUTO 26PXX auto}}@media (Max-Width: 767px) {. tdb_single_content .id_ad_content-horiz-left {margin-right: 0}}@media (max-width: 767px) {. (Max-Width: 767px) {. tdb_single_content .td-a-ad {float: none; text-align: Center} .tdb_single_content .td-a-ad img {margin-right: auto; margin-left: auto} .tdb_single_content .tdc-a-a-a-{margin-right: auto; margin-left: auto} .tdb_single_content .tdd<\/style>\n<div class=\"tdb-block-inner td-fix-index\">\n<p>Ukrai\u0144skie prezydent Volodymyr Zelensky og\u0142osi\u0142, \u017ce Ukraina jest gotowa kupi\u0107 ameryka\u0144skie systemy obrony powietrznej Patriot, aby chroni\u0107 swoje miasta przed rosyjskimi atakami. Podkre\u015bli\u0142, \u017ce systemy te s\u0105 dost\u0119pne i \u017ce ich dostawa zale\u017cy od decyzji politycznej Stan\u00f3w Zjednoczonych.<\/p>\n<p>Zelensky z\u0142o\u017cy\u0142 to o\u015bwiadczenie po spotkaniu z sekretarzem generalnym NATO Markiem Rutte w Odesie.<\/p>\n<p>Ukrai\u0144ski prezydent twierdzi, \u017ce sojusznicy Ukrainy maj\u0105 wystarczaj\u0105c\u0105 liczb\u0119 baterii patriotycznych, aby zaspokoi\u0107 potrzeby obrony kraju, a decyzja o ich przedstawieniu jest czysto polityczna. Zauwa\u017cy\u0142, \u017ce zar\u00f3wno systemy, jak i pociski wymagane do ich obs\u0142ugi s\u0105 dost\u0119pne.<\/p>\n<p>Prezydent USA Donald Trump zasugerowa\u0142, \u017ce nie jest sk\u0142onny zatwierdzi\u0107 sprzeda\u017c Patriot\u00f3w na Ukrain\u0119, krytykuj\u0105c Zelensky&#8217;ego za \u201enieustanne proszenie o pociski\u201d. Niemniej jednak w rozmowie telefonicznej Trump obieca\u0142 pom\u00f3c zlokalizowa\u0107 dost\u0119pnych wyrzutni patriot\u00f3w, szczeg\u00f3lnie w Europie.<\/p>\n<p>Niemcy, kt\u00f3re posiada systemy Patriot, stwierdzi\u0142y, \u017ce nie mo\u017ce ich przenie\u015b\u0107 na Ukrain\u0119, poniewa\u017c wci\u0105\u017c czeka na dostawy producenta. Zamiast tego Niemcy zapewni\u0105 Ukrainie cztery dodatkowe systemy obrony powietrznej IRIS-T i ponad 300 pocisk\u00f3w.<\/p>\n<p>Ukraina pilnie potrzebuje dodatkowych baterii patriotycznych, aby broni\u0107 si\u0119 przed rosyjskimi atakami rakiet balistycznych, takich jak ostatni strajk w Sumy, kt\u00f3ry zabi\u0142 35 os\u00f3b. Systemy Patriot s\u0105 jedynymi w arsenalu Ukrainy, kt\u00f3re mog\u0105 przechwyci\u0107 takie pociski, ale ich obecna liczba jest niewystarczaj\u0105ca do pokrycia ca\u0142ego terytorium.<\/p>\n<\/div>\n<\/div>\n","protected":false},"excerpt":{"rendered":"<p>Ukrai\u0144skie prezydent Volodymyr Zelensky og\u0142osi\u0142, \u017ce Ukraina jest gotowa kupi\u0107 ameryka\u0144skie systemy obrony powietrznej Patriot, aby chroni\u0107 swoje miasta przed<\/p>\n","protected":false},"author":1,"featured_media":5189,"comment_status":"closed","ping_status":"","sticky":false,"template":"","format":"standard","meta":{"footnotes":""},"categories":[44],"tags":[6987,2108,6989,6988,5352],"class_list":["post-5188","post","type-post","status-publish","format-standard","has-post-thumbnail","hentry","category-polityka","tag-dostawy","tag-naciska","tag-odmowili","tag-patriotyczne","tag-zelensky","generate-columns","tablet-grid-50","mobile-grid-100","grid-parent","grid-50","resize-featured-image"],"yoast_head":"<!-- This site is optimized with the Yoast SEO plugin v23.2 - https:\/\/yoast.com\/wordpress\/plugins\/seo\/ -->\n<title>Zelensky naciska na dostawy patriotyczne i odm\u00f3wili - POGOTOWIE FLAGOWE\u00ae<\/title>\n<meta name=\"robots\" content=\"index, follow, max-snippet:-1, max-image-preview:large, max-video-preview:-1\" \/>\n<link rel=\"canonical\" href=\"https:\/\/www.pogotowieflagowe.pl\/aktualne\/zelensky-naciska-na-dostawy-patriotyczne-i-odmowili\/\" \/>\n<meta property=\"og:locale\" content=\"pl_PL\" \/>\n<meta property=\"og:type\" content=\"article\" \/>\n<meta property=\"og:title\" content=\"Zelensky naciska na dostawy patriotyczne i odm\u00f3wili - POGOTOWIE FLAGOWE\u00ae\" \/>\n<meta property=\"og:description\" content=\"Ukrai\u0144skie prezydent Volodymyr Zelensky og\u0142osi\u0142, \u017ce Ukraina jest gotowa kupi\u0107 ameryka\u0144skie systemy obrony powietrznej Patriot, aby chroni\u0107 swoje miasta przed\" \/>\n<meta property=\"og:url\" content=\"https:\/\/www.pogotowieflagowe.pl\/aktualne\/zelensky-naciska-na-dostawy-patriotyczne-i-odmowili\/\" \/>\n<meta property=\"og:site_name\" content=\"POGOTOWIE FLAGOWE\u00ae\" \/>\n<meta property=\"article:published_time\" content=\"2025-04-16T13:47:27+00:00\" \/>\n<meta property=\"og:image\" content=\"https:\/\/www.pogotowieflagowe.pl\/aktualne\/wp-content\/uploads\/2025\/04\/Zelensky-naciska-na-dostawy-patriotyczne-i-odmowili.jpg\" \/>\n\t<meta property=\"og:image:width\" content=\"1200\" \/>\n\t<meta property=\"og:image:height\" content=\"675\" \/>\n\t<meta property=\"og:image:type\" content=\"image\/jpeg\" \/>\n<meta name=\"author\" content=\"Filip\" \/>\n<meta name=\"twitter:card\" content=\"summary_large_image\" \/>\n<meta name=\"twitter:label1\" content=\"Napisane przez\" \/>\n\t<meta name=\"twitter:data1\" content=\"Filip\" \/>\n\t<meta name=\"twitter:label2\" content=\"Szacowany czas czytania\" \/>\n\t<meta name=\"twitter:data2\" content=\"1 minuta\" \/>\n<script type=\"application\/ld+json\" class=\"yoast-schema-graph\">{\"@context\":\"https:\/\/schema.org\",\"@graph\":[{\"@type\":\"Article\",\"@id\":\"https:\/\/www.pogotowieflagowe.pl\/aktualne\/zelensky-naciska-na-dostawy-patriotyczne-i-odmowili\/#article\",\"isPartOf\":{\"@id\":\"https:\/\/www.pogotowieflagowe.pl\/aktualne\/zelensky-naciska-na-dostawy-patriotyczne-i-odmowili\/\"},\"author\":{\"name\":\"Filip\",\"@id\":\"https:\/\/www.pogotowieflagowe.pl\/aktualne\/#\/schema\/person\/9c2fb7d2362ebf6fa088960d7f0d27b0\"},\"headline\":\"Zelensky naciska na dostawy patriotyczne i odm\u00f3wili\",\"datePublished\":\"2025-04-16T13:47:27+00:00\",\"dateModified\":\"2025-04-16T13:47:27+00:00\",\"mainEntityOfPage\":{\"@id\":\"https:\/\/www.pogotowieflagowe.pl\/aktualne\/zelensky-naciska-na-dostawy-patriotyczne-i-odmowili\/\"},\"wordCount\":244,\"publisher\":{\"@id\":\"https:\/\/www.pogotowieflagowe.pl\/aktualne\/#organization\"},\"image\":{\"@id\":\"https:\/\/www.pogotowieflagowe.pl\/aktualne\/zelensky-naciska-na-dostawy-patriotyczne-i-odmowili\/#primaryimage\"},\"thumbnailUrl\":\"https:\/\/www.pogotowieflagowe.pl\/aktualne\/wp-content\/uploads\/2025\/04\/Zelensky-naciska-na-dostawy-patriotyczne-i-odmowili.jpg\",\"keywords\":[\"dostawy\",\"naciska\",\"odm\u00f3wili\",\"patriotyczne\",\"Zelensky\"],\"articleSection\":[\"Polityka\"],\"inLanguage\":\"pl-PL\"},{\"@type\":\"WebPage\",\"@id\":\"https:\/\/www.pogotowieflagowe.pl\/aktualne\/zelensky-naciska-na-dostawy-patriotyczne-i-odmowili\/\",\"url\":\"https:\/\/www.pogotowieflagowe.pl\/aktualne\/zelensky-naciska-na-dostawy-patriotyczne-i-odmowili\/\",\"name\":\"Zelensky naciska na dostawy patriotyczne i odm\u00f3wili - POGOTOWIE FLAGOWE\u00ae\",\"isPartOf\":{\"@id\":\"https:\/\/www.pogotowieflagowe.pl\/aktualne\/#website\"},\"primaryImageOfPage\":{\"@id\":\"https:\/\/www.pogotowieflagowe.pl\/aktualne\/zelensky-naciska-na-dostawy-patriotyczne-i-odmowili\/#primaryimage\"},\"image\":{\"@id\":\"https:\/\/www.pogotowieflagowe.pl\/aktualne\/zelensky-naciska-na-dostawy-patriotyczne-i-odmowili\/#primaryimage\"},\"thumbnailUrl\":\"https:\/\/www.pogotowieflagowe.pl\/aktualne\/wp-content\/uploads\/2025\/04\/Zelensky-naciska-na-dostawy-patriotyczne-i-odmowili.jpg\",\"datePublished\":\"2025-04-16T13:47:27+00:00\",\"dateModified\":\"2025-04-16T13:47:27+00:00\",\"breadcrumb\":{\"@id\":\"https:\/\/www.pogotowieflagowe.pl\/aktualne\/zelensky-naciska-na-dostawy-patriotyczne-i-odmowili\/#breadcrumb\"},\"inLanguage\":\"pl-PL\",\"potentialAction\":[{\"@type\":\"ReadAction\",\"target\":[\"https:\/\/www.pogotowieflagowe.pl\/aktualne\/zelensky-naciska-na-dostawy-patriotyczne-i-odmowili\/\"]}]},{\"@type\":\"ImageObject\",\"inLanguage\":\"pl-PL\",\"@id\":\"https:\/\/www.pogotowieflagowe.pl\/aktualne\/zelensky-naciska-na-dostawy-patriotyczne-i-odmowili\/#primaryimage\",\"url\":\"https:\/\/www.pogotowieflagowe.pl\/aktualne\/wp-content\/uploads\/2025\/04\/Zelensky-naciska-na-dostawy-patriotyczne-i-odmowili.jpg\",\"contentUrl\":\"https:\/\/www.pogotowieflagowe.pl\/aktualne\/wp-content\/uploads\/2025\/04\/Zelensky-naciska-na-dostawy-patriotyczne-i-odmowili.jpg\",\"width\":1200,\"height\":675,\"caption\":\"Zelensky naciska na dostawy patriotyczne i odm\u00f3wili\"},{\"@type\":\"BreadcrumbList\",\"@id\":\"https:\/\/www.pogotowieflagowe.pl\/aktualne\/zelensky-naciska-na-dostawy-patriotyczne-i-odmowili\/#breadcrumb\",\"itemListElement\":[{\"@type\":\"ListItem\",\"position\":1,\"name\":\"Home\",\"item\":\"https:\/\/www.pogotowieflagowe.pl\/aktualne\/\"},{\"@type\":\"ListItem\",\"position\":2,\"name\":\"Zelensky naciska na dostawy patriotyczne i odm\u00f3wili\"}]},{\"@type\":\"WebSite\",\"@id\":\"https:\/\/www.pogotowieflagowe.pl\/aktualne\/#website\",\"url\":\"https:\/\/www.pogotowieflagowe.pl\/aktualne\/\",\"name\":\"POGOTOWIE FLAGOWE\u00ae\",\"description\":\"\",\"publisher\":{\"@id\":\"https:\/\/www.pogotowieflagowe.pl\/aktualne\/#organization\"},\"potentialAction\":[{\"@type\":\"SearchAction\",\"target\":{\"@type\":\"EntryPoint\",\"urlTemplate\":\"https:\/\/www.pogotowieflagowe.pl\/aktualne\/?s={search_term_string}\"},\"query-input\":\"required name=search_term_string\"}],\"inLanguage\":\"pl-PL\"},{\"@type\":\"Organization\",\"@id\":\"https:\/\/www.pogotowieflagowe.pl\/aktualne\/#organization\",\"name\":\"POGOTOWIE FLAGOWE\u00ae\",\"url\":\"https:\/\/www.pogotowieflagowe.pl\/aktualne\/\",\"logo\":{\"@type\":\"ImageObject\",\"inLanguage\":\"pl-PL\",\"@id\":\"https:\/\/www.pogotowieflagowe.pl\/aktualne\/#\/schema\/logo\/image\/\",\"url\":\"https:\/\/www.pogotowieflagowe.pl\/aktualne\/wp-content\/uploads\/2024\/08\/cropped-pogotowieflagowe_flaga_projekt_sm.jpg\",\"contentUrl\":\"https:\/\/www.pogotowieflagowe.pl\/aktualne\/wp-content\/uploads\/2024\/08\/cropped-pogotowieflagowe_flaga_projekt_sm.jpg\",\"width\":250,\"height\":143,\"caption\":\"POGOTOWIE FLAGOWE\u00ae\"},\"image\":{\"@id\":\"https:\/\/www.pogotowieflagowe.pl\/aktualne\/#\/schema\/logo\/image\/\"}},{\"@type\":\"Person\",\"@id\":\"https:\/\/www.pogotowieflagowe.pl\/aktualne\/#\/schema\/person\/9c2fb7d2362ebf6fa088960d7f0d27b0\",\"name\":\"Filip\",\"image\":{\"@type\":\"ImageObject\",\"inLanguage\":\"pl-PL\",\"@id\":\"https:\/\/www.pogotowieflagowe.pl\/aktualne\/#\/schema\/person\/image\/\",\"url\":\"https:\/\/www.pogotowieflagowe.pl\/aktualne\/wp-content\/uploads\/2024\/08\/pogotowieflagowe.pl_.jpg\",\"contentUrl\":\"https:\/\/www.pogotowieflagowe.pl\/aktualne\/wp-content\/uploads\/2024\/08\/pogotowieflagowe.pl_.jpg\",\"caption\":\"Filip\"},\"description\":\"Jestem Filip, polski dziennikarz z dyplomem nauk politycznych Uniwersytetu Warszawskiego. Rozpoczynaj\u0105c swoj\u0105 karier\u0119 w r\u00f3\u017cnych lokalnych mediach, zdoby\u0142em solidne do\u015bwiadczenie w zakresie \u015bledztwa i redakcji. Obecnie jako redaktor w Pogotowie flagowe, staram si\u0119 dostarcza\u0107 dog\u0142\u0119bne i istotne analizy na temat najwa\u017cniejszych kwestii aktualno\u015bci, \u0142\u0105cz\u0105c rygor z pasj\u0105 dziennikarsk\u0105.\",\"sameAs\":[\"https:\/\/www.pogotowieflagowe.pl\/\"]}]}<\/script>\n<!-- \/ Yoast SEO plugin. -->","yoast_head_json":{"title":"Zelensky naciska na dostawy patriotyczne i odm\u00f3wili - POGOTOWIE FLAGOWE\u00ae","robots":{"index":"index","follow":"follow","max-snippet":"max-snippet:-1","max-image-preview":"max-image-preview:large","max-video-preview":"max-video-preview:-1"},"canonical":"https:\/\/www.pogotowieflagowe.pl\/aktualne\/zelensky-naciska-na-dostawy-patriotyczne-i-odmowili\/","og_locale":"pl_PL","og_type":"article","og_title":"Zelensky naciska na dostawy patriotyczne i odm\u00f3wili - POGOTOWIE FLAGOWE\u00ae","og_description":"Ukrai\u0144skie prezydent Volodymyr Zelensky og\u0142osi\u0142, \u017ce Ukraina jest gotowa kupi\u0107 ameryka\u0144skie systemy obrony powietrznej Patriot, aby chroni\u0107 swoje miasta przed","og_url":"https:\/\/www.pogotowieflagowe.pl\/aktualne\/zelensky-naciska-na-dostawy-patriotyczne-i-odmowili\/","og_site_name":"POGOTOWIE FLAGOWE\u00ae","article_published_time":"2025-04-16T13:47:27+00:00","og_image":[{"width":1200,"height":675,"url":"https:\/\/www.pogotowieflagowe.pl\/aktualne\/wp-content\/uploads\/2025\/04\/Zelensky-naciska-na-dostawy-patriotyczne-i-odmowili.jpg","type":"image\/jpeg"}],"author":"Filip","twitter_card":"summary_large_image","twitter_misc":{"Napisane przez":"Filip","Szacowany czas czytania":"1 minuta"},"schema":{"@context":"https:\/\/schema.org","@graph":[{"@type":"Article","@id":"https:\/\/www.pogotowieflagowe.pl\/aktualne\/zelensky-naciska-na-dostawy-patriotyczne-i-odmowili\/#article","isPartOf":{"@id":"https:\/\/www.pogotowieflagowe.pl\/aktualne\/zelensky-naciska-na-dostawy-patriotyczne-i-odmowili\/"},"author":{"name":"Filip","@id":"https:\/\/www.pogotowieflagowe.pl\/aktualne\/#\/schema\/person\/9c2fb7d2362ebf6fa088960d7f0d27b0"},"headline":"Zelensky naciska na dostawy patriotyczne i odm\u00f3wili","datePublished":"2025-04-16T13:47:27+00:00","dateModified":"2025-04-16T13:47:27+00:00","mainEntityOfPage":{"@id":"https:\/\/www.pogotowieflagowe.pl\/aktualne\/zelensky-naciska-na-dostawy-patriotyczne-i-odmowili\/"},"wordCount":244,"publisher":{"@id":"https:\/\/www.pogotowieflagowe.pl\/aktualne\/#organization"},"image":{"@id":"https:\/\/www.pogotowieflagowe.pl\/aktualne\/zelensky-naciska-na-dostawy-patriotyczne-i-odmowili\/#primaryimage"},"thumbnailUrl":"https:\/\/www.pogotowieflagowe.pl\/aktualne\/wp-content\/uploads\/2025\/04\/Zelensky-naciska-na-dostawy-patriotyczne-i-odmowili.jpg","keywords":["dostawy","naciska","odm\u00f3wili","patriotyczne","Zelensky"],"articleSection":["Polityka"],"inLanguage":"pl-PL"},{"@type":"WebPage","@id":"https:\/\/www.pogotowieflagowe.pl\/aktualne\/zelensky-naciska-na-dostawy-patriotyczne-i-odmowili\/","url":"https:\/\/www.pogotowieflagowe.pl\/aktualne\/zelensky-naciska-na-dostawy-patriotyczne-i-odmowili\/","name":"Zelensky naciska na dostawy patriotyczne i odm\u00f3wili - POGOTOWIE FLAGOWE\u00ae","isPartOf":{"@id":"https:\/\/www.pogotowieflagowe.pl\/aktualne\/#website"},"primaryImageOfPage":{"@id":"https:\/\/www.pogotowieflagowe.pl\/aktualne\/zelensky-naciska-na-dostawy-patriotyczne-i-odmowili\/#primaryimage"},"image":{"@id":"https:\/\/www.pogotowieflagowe.pl\/aktualne\/zelensky-naciska-na-dostawy-patriotyczne-i-odmowili\/#primaryimage"},"thumbnailUrl":"https:\/\/www.pogotowieflagowe.pl\/aktualne\/wp-content\/uploads\/2025\/04\/Zelensky-naciska-na-dostawy-patriotyczne-i-odmowili.jpg","datePublished":"2025-04-16T13:47:27+00:00","dateModified":"2025-04-16T13:47:27+00:00","breadcrumb":{"@id":"https:\/\/www.pogotowieflagowe.pl\/aktualne\/zelensky-naciska-na-dostawy-patriotyczne-i-odmowili\/#breadcrumb"},"inLanguage":"pl-PL","potentialAction":[{"@type":"ReadAction","target":["https:\/\/www.pogotowieflagowe.pl\/aktualne\/zelensky-naciska-na-dostawy-patriotyczne-i-odmowili\/"]}]},{"@type":"ImageObject","inLanguage":"pl-PL","@id":"https:\/\/www.pogotowieflagowe.pl\/aktualne\/zelensky-naciska-na-dostawy-patriotyczne-i-odmowili\/#primaryimage","url":"https:\/\/www.pogotowieflagowe.pl\/aktualne\/wp-content\/uploads\/2025\/04\/Zelensky-naciska-na-dostawy-patriotyczne-i-odmowili.jpg","contentUrl":"https:\/\/www.pogotowieflagowe.pl\/aktualne\/wp-content\/uploads\/2025\/04\/Zelensky-naciska-na-dostawy-patriotyczne-i-odmowili.jpg","width":1200,"height":675,"caption":"Zelensky naciska na dostawy patriotyczne i odm\u00f3wili"},{"@type":"BreadcrumbList","@id":"https:\/\/www.pogotowieflagowe.pl\/aktualne\/zelensky-naciska-na-dostawy-patriotyczne-i-odmowili\/#breadcrumb","itemListElement":[{"@type":"ListItem","position":1,"name":"Home","item":"https:\/\/www.pogotowieflagowe.pl\/aktualne\/"},{"@type":"ListItem","position":2,"name":"Zelensky naciska na dostawy patriotyczne i odm\u00f3wili"}]},{"@type":"WebSite","@id":"https:\/\/www.pogotowieflagowe.pl\/aktualne\/#website","url":"https:\/\/www.pogotowieflagowe.pl\/aktualne\/","name":"POGOTOWIE FLAGOWE\u00ae","description":"","publisher":{"@id":"https:\/\/www.pogotowieflagowe.pl\/aktualne\/#organization"},"potentialAction":[{"@type":"SearchAction","target":{"@type":"EntryPoint","urlTemplate":"https:\/\/www.pogotowieflagowe.pl\/aktualne\/?s={search_term_string}"},"query-input":"required name=search_term_string"}],"inLanguage":"pl-PL"},{"@type":"Organization","@id":"https:\/\/www.pogotowieflagowe.pl\/aktualne\/#organization","name":"POGOTOWIE FLAGOWE\u00ae","url":"https:\/\/www.pogotowieflagowe.pl\/aktualne\/","logo":{"@type":"ImageObject","inLanguage":"pl-PL","@id":"https:\/\/www.pogotowieflagowe.pl\/aktualne\/#\/schema\/logo\/image\/","url":"https:\/\/www.pogotowieflagowe.pl\/aktualne\/wp-content\/uploads\/2024\/08\/cropped-pogotowieflagowe_flaga_projekt_sm.jpg","contentUrl":"https:\/\/www.pogotowieflagowe.pl\/aktualne\/wp-content\/uploads\/2024\/08\/cropped-pogotowieflagowe_flaga_projekt_sm.jpg","width":250,"height":143,"caption":"POGOTOWIE FLAGOWE\u00ae"},"image":{"@id":"https:\/\/www.pogotowieflagowe.pl\/aktualne\/#\/schema\/logo\/image\/"}},{"@type":"Person","@id":"https:\/\/www.pogotowieflagowe.pl\/aktualne\/#\/schema\/person\/9c2fb7d2362ebf6fa088960d7f0d27b0","name":"Filip","image":{"@type":"ImageObject","inLanguage":"pl-PL","@id":"https:\/\/www.pogotowieflagowe.pl\/aktualne\/#\/schema\/person\/image\/","url":"https:\/\/www.pogotowieflagowe.pl\/aktualne\/wp-content\/uploads\/2024\/08\/pogotowieflagowe.pl_.jpg","contentUrl":"https:\/\/www.pogotowieflagowe.pl\/aktualne\/wp-content\/uploads\/2024\/08\/pogotowieflagowe.pl_.jpg","caption":"Filip"},"description":"Jestem Filip, polski dziennikarz z dyplomem nauk politycznych Uniwersytetu Warszawskiego. Rozpoczynaj\u0105c swoj\u0105 karier\u0119 w r\u00f3\u017cnych lokalnych mediach, zdoby\u0142em solidne do\u015bwiadczenie w zakresie \u015bledztwa i redakcji. Obecnie jako redaktor w Pogotowie flagowe, staram si\u0119 dostarcza\u0107 dog\u0142\u0119bne i istotne analizy na temat najwa\u017cniejszych kwestii aktualno\u015bci, \u0142\u0105cz\u0105c rygor z pasj\u0105 dziennikarsk\u0105.","sameAs":["https:\/\/www.pogotowieflagowe.pl\/"]}]}},"_links":{"self":[{"href":"https:\/\/www.pogotowieflagowe.pl\/aktualne\/wp-json\/wp\/v2\/posts\/5188","targetHints":{"allow":["GET"]}}],"collection":[{"href":"https:\/\/www.pogotowieflagowe.pl\/aktualne\/wp-json\/wp\/v2\/posts"}],"about":[{"href":"https:\/\/www.pogotowieflagowe.pl\/aktualne\/wp-json\/wp\/v2\/types\/post"}],"author":[{"embeddable":true,"href":"https:\/\/www.pogotowieflagowe.pl\/aktualne\/wp-json\/wp\/v2\/users\/1"}],"replies":[{"embeddable":true,"href":"https:\/\/www.pogotowieflagowe.pl\/aktualne\/wp-json\/wp\/v2\/comments?post=5188"}],"version-history":[{"count":1,"href":"https:\/\/www.pogotowieflagowe.pl\/aktualne\/wp-json\/wp\/v2\/posts\/5188\/revisions"}],"predecessor-version":[{"id":5190,"href":"https:\/\/www.pogotowieflagowe.pl\/aktualne\/wp-json\/wp\/v2\/posts\/5188\/revisions\/5190"}],"wp:featuredmedia":[{"embeddable":true,"href":"https:\/\/www.pogotowieflagowe.pl\/aktualne\/wp-json\/wp\/v2\/media\/5189"}],"wp:attachment":[{"href":"https:\/\/www.pogotowieflagowe.pl\/aktualne\/wp-json\/wp\/v2\/media?parent=5188"}],"wp:term":[{"taxonomy":"category","embeddable":true,"href":"https:\/\/www.pogotowieflagowe.pl\/aktualne\/wp-json\/wp\/v2\/categories?post=5188"},{"taxonomy":"post_tag","embeddable":true,"href":"https:\/\/www.pogotowieflagowe.pl\/aktualne\/wp-json\/wp\/v2\/tags?post=5188"}],"curies":[{"name":"wp","href":"https:\/\/api.w.org\/{rel}","templated":true}]}}