{"id":5258,"date":"2025-04-20T20:46:50","date_gmt":"2025-04-20T18:46:50","guid":{"rendered":"https:\/\/www.pogotowieflagowe.pl\/aktualne\/100-dni-i-na-zewnatrz-dlaczego-szef-inpost-rafal-brzoska-wlasnie-odszedl-od-zespolu-deregulacji-tuska\/"},"modified":"2025-04-20T20:46:50","modified_gmt":"2025-04-20T18:46:50","slug":"100-dni-i-na-zewnatrz-dlaczego-szef-inpost-rafal-brzoska-wlasnie-odszedl-od-zespolu-deregulacji-tuska","status":"publish","type":"post","link":"https:\/\/www.pogotowieflagowe.pl\/aktualne\/100-dni-i-na-zewnatrz-dlaczego-szef-inpost-rafal-brzoska-wlasnie-odszedl-od-zespolu-deregulacji-tuska\/","title":{"rendered":"100 dni i na zewn\u0105trz: Dlaczego szef inpost Rafa\u0142 Brzoska w\u0142a\u015bnie odszed\u0142 od zespo\u0142u deregulacji Tuska"},"content":{"rendered":"\n<div class=\"td_block_wrap tdb_single_content tdi_41 td-pb-border-top td_block_template_8 td-post-content tagdiv-type\" data-td-block-uid=\"tdi_41\">\n<style>.tdi_41 {margin-top: 0px! Wa\u017cne; margines-bottom: 0px! WA\u017bNY; PALDING-TOP: 0PX! WA\u017bNY; PALDING-BOTTOM: 0PX! WA\u017bNE}<\/style>\n<style>.tdb_single_content {margin-bottom: 0;*zoom: 1} .tdb_single_content: wcze\u015bniej, .tdb_single_content: po {display: Table; content: ''; line-height: 0} .TDB-BLOCK-INner>*: nie (.WP-BLOCK-QUOTE): not (.alignSwide): not (.Alignfull.wp-block-cover.has-parallax): not (.td-a-ad) {margin-left: auto; margin-right: auto} .tdb_single_ConTent a {wska\u017anik-events: auto} .tdb_single_content .td-spot-id-top_ad .tdc-placeholder-title: przed {content: \u201eArtyku\u0142 top ad\u201d! Wa\u017cne} .tdb_single_content .td-Spot-Id-inline_ad0 .tdc-placeholder-title 1 '! Wa\u017cne} .tdb_single_content .td-Spot-Id-inline_Ad1 .tdc-Placeholder-Title: przed {content: \u201eArtyku\u0142 inline AD 2'! Wa\u017cny} .tdb_single_content. 3 '! Wa\u017cne} .tdb_single_content .td-Spot-Id-Bottom_Ad .tdc-Placeholder-Title: przed {content: \u201eArtyku\u0142 Bottom Ad\u201d! Wa\u017cne} .tdb_single_content .id_top_ad, .tdb_single_content_content .id_bottom_ad {clear: oba; margin-bottom: 21px; text-align: Center} .tdb_single_content .id_top_ad img, .tdb_single_content .id_bottom_ad img {margin-bottom: 0} .tdb_single_conTent .id_top_ad .adsbyGoogle, .tdb_single_content .id_bottom_ad .adsbyGoogle {pozycja: relatyw} .tdb_single_content .id_ad_content-horiz-left, .tdb_single_content .id_ad_content-horiz-right, .tdb_single_content .id_ad_content-horiz-Center {margin-bottom: 15px} .tdb_single_content .id_ad_content-horiz-left Img, .tdb_single_content .id_ad_content-horiz-right img, .tdb_single_content .id_ad_content-horiz-centerter img {margin-bottom: 0} .tdb_single_content .id_ad_content-horiz-center {text-align: Center} .tdb_single_content .id_ad_content-horiz-center img {margin-right: auto; margin-let: auto} .tdb_single_content .id_ad_content-horiz-left {float: left; margin-top: 9px; margin-right: 21px} .tdb_single_content .id_ad_content-horiz-right {float: margin-top: 6px; margin-left: 21px} .tdb_single_content .tdc-a-a-ad .TDC-Placeholder-Title {szeroko\u015b\u0107: 300px; height: 250px} .tdb_single_content .tdc-a-ad .TDC-Placeholder-Title: Przed {Pozycja: Absolute; TOP: 50%;-WebKit-Transform: Translatey (-50%); Transform: Translatey (-50%); margines: auto; Display: Tabela; szeroko\u015b\u0107: 100%}. tdb_single_content .TDB-BLOCK-INNER.TD-FIX-INDEX {Word-Break: Break-word} .tdi_41, .tdi_41> p, .tdi_41 .tdb-block-inner> p, .Wp-Block-Column> p {font-size: 16px! Wa\u017cne; wa\u017cny; p {font-styl: normalne! Wa\u017cne} @media (Max-Width: 767px) {. tdb_single_content .id_ad_content-horiz-left, .tdb_single_content .id_ad_content-horiz-right, .tdb_single_content .id_ad_content-horiz-centter {Margin: 0 AUTO 26PXX auto}}@media (Max-Width: 767px) {. tdb_single_content .id_ad_content-horiz-left {margin-right: 0}}@media (max-width: 767px) {. (Max-Width: 767px) {. tdb_single_content .td-a-ad {float: none; text-align: Center} .tdb_single_content .td-a-ad img {margin-right: auto; margin-left: auto} .tdb_single_content .tdc-a-a-a-{margin-right: auto; margin-left: auto} .tdb_single_content .tdd<\/style>\n<div class=\"tdb-block-inner td-fix-index\">\n<p>\u201ePod koniec maja moja rola w zespole deregulacji dobiegnie ko\u0144ca\u201d, powiedzia\u0142 Rafa\u0142 Brzoska, przedstawiciel przedsi\u0119biorc\u00f3w w zakresie uproszczenia przepis\u00f3w. Jego zdaniem polskie zasady faworyzuj\u0105 zagraniczne korporacje bardziej ni\u017c firmy krajowe. \u201eJeste\u015bmy jedynie ch\u0119tami przepis\u00f3w narzuconych przez Bruksela, kt\u00f3re ograniczaj\u0105 nasz\u0105 konkurencyjno\u015b\u0107\u201d &#8211; podkre\u015bli\u0142 szef inpost.<\/p>\n<p>W lutym tego roku premier Donald Tusk poprosi\u0142 Brzosk\u0119 o poprowadzenie grupy zadaniowej do opracowania pakietu propozycji deregulacji. Brzoska zgodzi\u0142 si\u0119, a do marca rz\u0105d otrzyma\u0142 ju\u017c pierwsz\u0105 transz\u0119 \u015brodk\u00f3w. Zesp\u00f3\u0142 ostatecznie ma nadziej\u0119, \u017ce zorganizuje oko\u0142o 400 propozycji usprawnienia przepis\u00f3w.<\/p>\n<p>Jednak Brzoska o\u015bwiadczy\u0142a teraz, \u017ce jego samokontroli \u201e100 dni pracy publicznej\u201d w ramach inicjatywy, kt\u00f3r\u0105 za\u0142o\u017cy\u0142, \u201eRozpoczamy\u201d (\u201eWecheck\u201d), zako\u0144czy\u0142o si\u0119; Wraca do codziennych obowi\u0105zk\u00f3w korporacyjnych.<\/p>\n<h2 class=\"wp-block-heading\">Co on odkry\u0142?<\/h2>\n<p>Stwierdzenie przedsi\u0119biorcy wywo\u0142a\u0142o fal\u0119 komentarzy online. U\u017cytkownicy i eksperci podejrzewaj\u0105, \u017ce jego wyj\u015bcie mog\u0105 wynika\u0107 z tarcia mi\u0119dzy grup\u0105 zadaniow\u0105 a rz\u0105dem.<\/p>\n<p>\u201ePremier odwo\u0142a\u0142 w tym tygodniu wydarzenie deregulacyjne. Brzoska ledwo zacz\u0119\u0142a i ko\u0144czy si\u0119 wcze\u015bniej ni\u017c planowano\u201d, napisa\u0142 Grzegorz Wszolek na X.<\/p>\n<p>\u201eBrzoska mia\u0142 do\u015b\u0107 pracy dla Tusk. Nie jestem zaskoczony. Prawdopodobnie jest te\u017c zm\u0119czony otrzymywaniem notatek spo\u0142eczno\u015bci na prawie ka\u017cdym po\u015bcie\u201d, zauwa\u017cy\u0142 Paw\u0142od Rybicki.<\/p>\n<p>Komentator Grzegorz Burzy\u0144ski doszed\u0142 do wniosku, \u017ce Brzoska \u201edowiedzia\u0142 si\u0119, \u017ce Bruksela stoi za tym wszystkim\u201d.<\/p>\n<\/div>\n<\/div>\n","protected":false},"excerpt":{"rendered":"<p>\u201ePod koniec maja moja rola w zespole deregulacji dobiegnie ko\u0144ca\u201d, powiedzia\u0142 Rafa\u0142 Brzoska, przedstawiciel przedsi\u0119biorc\u00f3w w zakresie uproszczenia przepis\u00f3w. Jego<\/p>\n","protected":false},"author":1,"featured_media":5259,"comment_status":"closed","ping_status":"","sticky":false,"template":"","format":"standard","meta":{"footnotes":""},"categories":[45],"tags":[7078,5635,107,1140,2171,7079,936,2972,567,2756,1910,7077],"class_list":["post-5258","post","type-post","status-publish","format-standard","has-post-thumbnail","hentry","category-biznes","tag-brzoska","tag-deregulacji","tag-dlaczego","tag-dni","tag-inpost","tag-odszedl","tag-rafal","tag-szef","tag-tuska","tag-wlasnie","tag-zespolu","tag-zewnatrz","generate-columns","tablet-grid-50","mobile-grid-100","grid-parent","grid-50","resize-featured-image"],"yoast_head":"<!-- This site is optimized with the Yoast SEO plugin v23.2 - https:\/\/yoast.com\/wordpress\/plugins\/seo\/ -->\n<title>100 dni i na zewn\u0105trz: Dlaczego szef inpost Rafa\u0142 Brzoska w\u0142a\u015bnie odszed\u0142 od zespo\u0142u deregulacji Tuska - POGOTOWIE FLAGOWE\u00ae<\/title>\n<meta name=\"robots\" content=\"index, follow, max-snippet:-1, max-image-preview:large, max-video-preview:-1\" \/>\n<link rel=\"canonical\" href=\"https:\/\/www.pogotowieflagowe.pl\/aktualne\/100-dni-i-na-zewnatrz-dlaczego-szef-inpost-rafal-brzoska-wlasnie-odszedl-od-zespolu-deregulacji-tuska\/\" \/>\n<meta property=\"og:locale\" content=\"pl_PL\" \/>\n<meta property=\"og:type\" content=\"article\" \/>\n<meta property=\"og:title\" content=\"100 dni i na zewn\u0105trz: Dlaczego szef inpost Rafa\u0142 Brzoska w\u0142a\u015bnie odszed\u0142 od zespo\u0142u deregulacji Tuska - POGOTOWIE FLAGOWE\u00ae\" \/>\n<meta property=\"og:description\" content=\"\u201ePod koniec maja moja rola w zespole deregulacji dobiegnie ko\u0144ca\u201d, powiedzia\u0142 Rafa\u0142 Brzoska, przedstawiciel przedsi\u0119biorc\u00f3w w zakresie uproszczenia przepis\u00f3w. Jego\" \/>\n<meta property=\"og:url\" content=\"https:\/\/www.pogotowieflagowe.pl\/aktualne\/100-dni-i-na-zewnatrz-dlaczego-szef-inpost-rafal-brzoska-wlasnie-odszedl-od-zespolu-deregulacji-tuska\/\" \/>\n<meta property=\"og:site_name\" content=\"POGOTOWIE FLAGOWE\u00ae\" \/>\n<meta property=\"article:published_time\" content=\"2025-04-20T18:46:50+00:00\" \/>\n<meta property=\"og:image\" content=\"https:\/\/www.pogotowieflagowe.pl\/aktualne\/wp-content\/uploads\/2025\/04\/100-dni-i-na-zewnatrz-Dlaczego-szef-inpost-Rafal-Brzoska.webp.webp\" \/>\n\t<meta property=\"og:image:width\" content=\"1280\" \/>\n\t<meta property=\"og:image:height\" content=\"720\" \/>\n\t<meta property=\"og:image:type\" content=\"image\/webp\" \/>\n<meta name=\"author\" content=\"Filip\" \/>\n<meta name=\"twitter:card\" content=\"summary_large_image\" \/>\n<meta name=\"twitter:label1\" content=\"Napisane przez\" \/>\n\t<meta name=\"twitter:data1\" content=\"Filip\" \/>\n\t<meta name=\"twitter:label2\" content=\"Szacowany czas czytania\" \/>\n\t<meta name=\"twitter:data2\" content=\"1 minuta\" \/>\n<script type=\"application\/ld+json\" class=\"yoast-schema-graph\">{\"@context\":\"https:\/\/schema.org\",\"@graph\":[{\"@type\":\"Article\",\"@id\":\"https:\/\/www.pogotowieflagowe.pl\/aktualne\/100-dni-i-na-zewnatrz-dlaczego-szef-inpost-rafal-brzoska-wlasnie-odszedl-od-zespolu-deregulacji-tuska\/#article\",\"isPartOf\":{\"@id\":\"https:\/\/www.pogotowieflagowe.pl\/aktualne\/100-dni-i-na-zewnatrz-dlaczego-szef-inpost-rafal-brzoska-wlasnie-odszedl-od-zespolu-deregulacji-tuska\/\"},\"author\":{\"name\":\"Filip\",\"@id\":\"https:\/\/www.pogotowieflagowe.pl\/aktualne\/#\/schema\/person\/9c2fb7d2362ebf6fa088960d7f0d27b0\"},\"headline\":\"100 dni i na zewn\u0105trz: Dlaczego szef inpost Rafa\u0142 Brzoska w\u0142a\u015bnie odszed\u0142 od zespo\u0142u deregulacji Tuska\",\"datePublished\":\"2025-04-20T18:46:50+00:00\",\"dateModified\":\"2025-04-20T18:46:50+00:00\",\"mainEntityOfPage\":{\"@id\":\"https:\/\/www.pogotowieflagowe.pl\/aktualne\/100-dni-i-na-zewnatrz-dlaczego-szef-inpost-rafal-brzoska-wlasnie-odszedl-od-zespolu-deregulacji-tuska\/\"},\"wordCount\":254,\"publisher\":{\"@id\":\"https:\/\/www.pogotowieflagowe.pl\/aktualne\/#organization\"},\"image\":{\"@id\":\"https:\/\/www.pogotowieflagowe.pl\/aktualne\/100-dni-i-na-zewnatrz-dlaczego-szef-inpost-rafal-brzoska-wlasnie-odszedl-od-zespolu-deregulacji-tuska\/#primaryimage\"},\"thumbnailUrl\":\"https:\/\/www.pogotowieflagowe.pl\/aktualne\/wp-content\/uploads\/2025\/04\/100-dni-i-na-zewnatrz-Dlaczego-szef-inpost-Rafal-Brzoska.webp.webp\",\"keywords\":[\"Brzoska\",\"Deregulacji\",\"dlaczego\",\"dni\",\"InPost\",\"odszed\u0142\",\"Rafa\u0142\",\"Szef\",\"Tuska\",\"w\u0142a\u015bnie\",\"zespo\u0142u\",\"zewn\u0105trz\"],\"articleSection\":[\"Biznes\"],\"inLanguage\":\"pl-PL\"},{\"@type\":\"WebPage\",\"@id\":\"https:\/\/www.pogotowieflagowe.pl\/aktualne\/100-dni-i-na-zewnatrz-dlaczego-szef-inpost-rafal-brzoska-wlasnie-odszedl-od-zespolu-deregulacji-tuska\/\",\"url\":\"https:\/\/www.pogotowieflagowe.pl\/aktualne\/100-dni-i-na-zewnatrz-dlaczego-szef-inpost-rafal-brzoska-wlasnie-odszedl-od-zespolu-deregulacji-tuska\/\",\"name\":\"100 dni i na zewn\u0105trz: Dlaczego szef inpost Rafa\u0142 Brzoska w\u0142a\u015bnie odszed\u0142 od zespo\u0142u deregulacji Tuska - POGOTOWIE FLAGOWE\u00ae\",\"isPartOf\":{\"@id\":\"https:\/\/www.pogotowieflagowe.pl\/aktualne\/#website\"},\"primaryImageOfPage\":{\"@id\":\"https:\/\/www.pogotowieflagowe.pl\/aktualne\/100-dni-i-na-zewnatrz-dlaczego-szef-inpost-rafal-brzoska-wlasnie-odszedl-od-zespolu-deregulacji-tuska\/#primaryimage\"},\"image\":{\"@id\":\"https:\/\/www.pogotowieflagowe.pl\/aktualne\/100-dni-i-na-zewnatrz-dlaczego-szef-inpost-rafal-brzoska-wlasnie-odszedl-od-zespolu-deregulacji-tuska\/#primaryimage\"},\"thumbnailUrl\":\"https:\/\/www.pogotowieflagowe.pl\/aktualne\/wp-content\/uploads\/2025\/04\/100-dni-i-na-zewnatrz-Dlaczego-szef-inpost-Rafal-Brzoska.webp.webp\",\"datePublished\":\"2025-04-20T18:46:50+00:00\",\"dateModified\":\"2025-04-20T18:46:50+00:00\",\"breadcrumb\":{\"@id\":\"https:\/\/www.pogotowieflagowe.pl\/aktualne\/100-dni-i-na-zewnatrz-dlaczego-szef-inpost-rafal-brzoska-wlasnie-odszedl-od-zespolu-deregulacji-tuska\/#breadcrumb\"},\"inLanguage\":\"pl-PL\",\"potentialAction\":[{\"@type\":\"ReadAction\",\"target\":[\"https:\/\/www.pogotowieflagowe.pl\/aktualne\/100-dni-i-na-zewnatrz-dlaczego-szef-inpost-rafal-brzoska-wlasnie-odszedl-od-zespolu-deregulacji-tuska\/\"]}]},{\"@type\":\"ImageObject\",\"inLanguage\":\"pl-PL\",\"@id\":\"https:\/\/www.pogotowieflagowe.pl\/aktualne\/100-dni-i-na-zewnatrz-dlaczego-szef-inpost-rafal-brzoska-wlasnie-odszedl-od-zespolu-deregulacji-tuska\/#primaryimage\",\"url\":\"https:\/\/www.pogotowieflagowe.pl\/aktualne\/wp-content\/uploads\/2025\/04\/100-dni-i-na-zewnatrz-Dlaczego-szef-inpost-Rafal-Brzoska.webp.webp\",\"contentUrl\":\"https:\/\/www.pogotowieflagowe.pl\/aktualne\/wp-content\/uploads\/2025\/04\/100-dni-i-na-zewnatrz-Dlaczego-szef-inpost-Rafal-Brzoska.webp.webp\",\"width\":1280,\"height\":720,\"caption\":\"100 dni i na zewn\u0105trz: Dlaczego szef inpost Rafa\u0142 Brzoska w\u0142a\u015bnie odszed\u0142 od zespo\u0142u deregulacji Tuska\"},{\"@type\":\"BreadcrumbList\",\"@id\":\"https:\/\/www.pogotowieflagowe.pl\/aktualne\/100-dni-i-na-zewnatrz-dlaczego-szef-inpost-rafal-brzoska-wlasnie-odszedl-od-zespolu-deregulacji-tuska\/#breadcrumb\",\"itemListElement\":[{\"@type\":\"ListItem\",\"position\":1,\"name\":\"Home\",\"item\":\"https:\/\/www.pogotowieflagowe.pl\/aktualne\/\"},{\"@type\":\"ListItem\",\"position\":2,\"name\":\"100 dni i na zewn\u0105trz: Dlaczego szef inpost Rafa\u0142 Brzoska w\u0142a\u015bnie odszed\u0142 od zespo\u0142u deregulacji Tuska\"}]},{\"@type\":\"WebSite\",\"@id\":\"https:\/\/www.pogotowieflagowe.pl\/aktualne\/#website\",\"url\":\"https:\/\/www.pogotowieflagowe.pl\/aktualne\/\",\"name\":\"POGOTOWIE FLAGOWE\u00ae\",\"description\":\"\",\"publisher\":{\"@id\":\"https:\/\/www.pogotowieflagowe.pl\/aktualne\/#organization\"},\"potentialAction\":[{\"@type\":\"SearchAction\",\"target\":{\"@type\":\"EntryPoint\",\"urlTemplate\":\"https:\/\/www.pogotowieflagowe.pl\/aktualne\/?s={search_term_string}\"},\"query-input\":\"required name=search_term_string\"}],\"inLanguage\":\"pl-PL\"},{\"@type\":\"Organization\",\"@id\":\"https:\/\/www.pogotowieflagowe.pl\/aktualne\/#organization\",\"name\":\"POGOTOWIE FLAGOWE\u00ae\",\"url\":\"https:\/\/www.pogotowieflagowe.pl\/aktualne\/\",\"logo\":{\"@type\":\"ImageObject\",\"inLanguage\":\"pl-PL\",\"@id\":\"https:\/\/www.pogotowieflagowe.pl\/aktualne\/#\/schema\/logo\/image\/\",\"url\":\"https:\/\/www.pogotowieflagowe.pl\/aktualne\/wp-content\/uploads\/2024\/08\/cropped-pogotowieflagowe_flaga_projekt_sm.jpg\",\"contentUrl\":\"https:\/\/www.pogotowieflagowe.pl\/aktualne\/wp-content\/uploads\/2024\/08\/cropped-pogotowieflagowe_flaga_projekt_sm.jpg\",\"width\":250,\"height\":143,\"caption\":\"POGOTOWIE FLAGOWE\u00ae\"},\"image\":{\"@id\":\"https:\/\/www.pogotowieflagowe.pl\/aktualne\/#\/schema\/logo\/image\/\"}},{\"@type\":\"Person\",\"@id\":\"https:\/\/www.pogotowieflagowe.pl\/aktualne\/#\/schema\/person\/9c2fb7d2362ebf6fa088960d7f0d27b0\",\"name\":\"Filip\",\"image\":{\"@type\":\"ImageObject\",\"inLanguage\":\"pl-PL\",\"@id\":\"https:\/\/www.pogotowieflagowe.pl\/aktualne\/#\/schema\/person\/image\/\",\"url\":\"https:\/\/www.pogotowieflagowe.pl\/aktualne\/wp-content\/uploads\/2024\/08\/pogotowieflagowe.pl_.jpg\",\"contentUrl\":\"https:\/\/www.pogotowieflagowe.pl\/aktualne\/wp-content\/uploads\/2024\/08\/pogotowieflagowe.pl_.jpg\",\"caption\":\"Filip\"},\"description\":\"Jestem Filip, polski dziennikarz z dyplomem nauk politycznych Uniwersytetu Warszawskiego. Rozpoczynaj\u0105c swoj\u0105 karier\u0119 w r\u00f3\u017cnych lokalnych mediach, zdoby\u0142em solidne do\u015bwiadczenie w zakresie \u015bledztwa i redakcji. Obecnie jako redaktor w Pogotowie flagowe, staram si\u0119 dostarcza\u0107 dog\u0142\u0119bne i istotne analizy na temat najwa\u017cniejszych kwestii aktualno\u015bci, \u0142\u0105cz\u0105c rygor z pasj\u0105 dziennikarsk\u0105.\",\"sameAs\":[\"https:\/\/www.pogotowieflagowe.pl\/\"]}]}<\/script>\n<!-- \/ Yoast SEO plugin. -->","yoast_head_json":{"title":"100 dni i na zewn\u0105trz: Dlaczego szef inpost Rafa\u0142 Brzoska w\u0142a\u015bnie odszed\u0142 od zespo\u0142u deregulacji Tuska - POGOTOWIE FLAGOWE\u00ae","robots":{"index":"index","follow":"follow","max-snippet":"max-snippet:-1","max-image-preview":"max-image-preview:large","max-video-preview":"max-video-preview:-1"},"canonical":"https:\/\/www.pogotowieflagowe.pl\/aktualne\/100-dni-i-na-zewnatrz-dlaczego-szef-inpost-rafal-brzoska-wlasnie-odszedl-od-zespolu-deregulacji-tuska\/","og_locale":"pl_PL","og_type":"article","og_title":"100 dni i na zewn\u0105trz: Dlaczego szef inpost Rafa\u0142 Brzoska w\u0142a\u015bnie odszed\u0142 od zespo\u0142u deregulacji Tuska - POGOTOWIE FLAGOWE\u00ae","og_description":"\u201ePod koniec maja moja rola w zespole deregulacji dobiegnie ko\u0144ca\u201d, powiedzia\u0142 Rafa\u0142 Brzoska, przedstawiciel przedsi\u0119biorc\u00f3w w zakresie uproszczenia przepis\u00f3w. Jego","og_url":"https:\/\/www.pogotowieflagowe.pl\/aktualne\/100-dni-i-na-zewnatrz-dlaczego-szef-inpost-rafal-brzoska-wlasnie-odszedl-od-zespolu-deregulacji-tuska\/","og_site_name":"POGOTOWIE FLAGOWE\u00ae","article_published_time":"2025-04-20T18:46:50+00:00","og_image":[{"width":1280,"height":720,"url":"https:\/\/www.pogotowieflagowe.pl\/aktualne\/wp-content\/uploads\/2025\/04\/100-dni-i-na-zewnatrz-Dlaczego-szef-inpost-Rafal-Brzoska.webp.webp","type":"image\/webp"}],"author":"Filip","twitter_card":"summary_large_image","twitter_misc":{"Napisane przez":"Filip","Szacowany czas czytania":"1 minuta"},"schema":{"@context":"https:\/\/schema.org","@graph":[{"@type":"Article","@id":"https:\/\/www.pogotowieflagowe.pl\/aktualne\/100-dni-i-na-zewnatrz-dlaczego-szef-inpost-rafal-brzoska-wlasnie-odszedl-od-zespolu-deregulacji-tuska\/#article","isPartOf":{"@id":"https:\/\/www.pogotowieflagowe.pl\/aktualne\/100-dni-i-na-zewnatrz-dlaczego-szef-inpost-rafal-brzoska-wlasnie-odszedl-od-zespolu-deregulacji-tuska\/"},"author":{"name":"Filip","@id":"https:\/\/www.pogotowieflagowe.pl\/aktualne\/#\/schema\/person\/9c2fb7d2362ebf6fa088960d7f0d27b0"},"headline":"100 dni i na zewn\u0105trz: Dlaczego szef inpost Rafa\u0142 Brzoska w\u0142a\u015bnie odszed\u0142 od zespo\u0142u deregulacji Tuska","datePublished":"2025-04-20T18:46:50+00:00","dateModified":"2025-04-20T18:46:50+00:00","mainEntityOfPage":{"@id":"https:\/\/www.pogotowieflagowe.pl\/aktualne\/100-dni-i-na-zewnatrz-dlaczego-szef-inpost-rafal-brzoska-wlasnie-odszedl-od-zespolu-deregulacji-tuska\/"},"wordCount":254,"publisher":{"@id":"https:\/\/www.pogotowieflagowe.pl\/aktualne\/#organization"},"image":{"@id":"https:\/\/www.pogotowieflagowe.pl\/aktualne\/100-dni-i-na-zewnatrz-dlaczego-szef-inpost-rafal-brzoska-wlasnie-odszedl-od-zespolu-deregulacji-tuska\/#primaryimage"},"thumbnailUrl":"https:\/\/www.pogotowieflagowe.pl\/aktualne\/wp-content\/uploads\/2025\/04\/100-dni-i-na-zewnatrz-Dlaczego-szef-inpost-Rafal-Brzoska.webp.webp","keywords":["Brzoska","Deregulacji","dlaczego","dni","InPost","odszed\u0142","Rafa\u0142","Szef","Tuska","w\u0142a\u015bnie","zespo\u0142u","zewn\u0105trz"],"articleSection":["Biznes"],"inLanguage":"pl-PL"},{"@type":"WebPage","@id":"https:\/\/www.pogotowieflagowe.pl\/aktualne\/100-dni-i-na-zewnatrz-dlaczego-szef-inpost-rafal-brzoska-wlasnie-odszedl-od-zespolu-deregulacji-tuska\/","url":"https:\/\/www.pogotowieflagowe.pl\/aktualne\/100-dni-i-na-zewnatrz-dlaczego-szef-inpost-rafal-brzoska-wlasnie-odszedl-od-zespolu-deregulacji-tuska\/","name":"100 dni i na zewn\u0105trz: Dlaczego szef inpost Rafa\u0142 Brzoska w\u0142a\u015bnie odszed\u0142 od zespo\u0142u deregulacji Tuska - POGOTOWIE FLAGOWE\u00ae","isPartOf":{"@id":"https:\/\/www.pogotowieflagowe.pl\/aktualne\/#website"},"primaryImageOfPage":{"@id":"https:\/\/www.pogotowieflagowe.pl\/aktualne\/100-dni-i-na-zewnatrz-dlaczego-szef-inpost-rafal-brzoska-wlasnie-odszedl-od-zespolu-deregulacji-tuska\/#primaryimage"},"image":{"@id":"https:\/\/www.pogotowieflagowe.pl\/aktualne\/100-dni-i-na-zewnatrz-dlaczego-szef-inpost-rafal-brzoska-wlasnie-odszedl-od-zespolu-deregulacji-tuska\/#primaryimage"},"thumbnailUrl":"https:\/\/www.pogotowieflagowe.pl\/aktualne\/wp-content\/uploads\/2025\/04\/100-dni-i-na-zewnatrz-Dlaczego-szef-inpost-Rafal-Brzoska.webp.webp","datePublished":"2025-04-20T18:46:50+00:00","dateModified":"2025-04-20T18:46:50+00:00","breadcrumb":{"@id":"https:\/\/www.pogotowieflagowe.pl\/aktualne\/100-dni-i-na-zewnatrz-dlaczego-szef-inpost-rafal-brzoska-wlasnie-odszedl-od-zespolu-deregulacji-tuska\/#breadcrumb"},"inLanguage":"pl-PL","potentialAction":[{"@type":"ReadAction","target":["https:\/\/www.pogotowieflagowe.pl\/aktualne\/100-dni-i-na-zewnatrz-dlaczego-szef-inpost-rafal-brzoska-wlasnie-odszedl-od-zespolu-deregulacji-tuska\/"]}]},{"@type":"ImageObject","inLanguage":"pl-PL","@id":"https:\/\/www.pogotowieflagowe.pl\/aktualne\/100-dni-i-na-zewnatrz-dlaczego-szef-inpost-rafal-brzoska-wlasnie-odszedl-od-zespolu-deregulacji-tuska\/#primaryimage","url":"https:\/\/www.pogotowieflagowe.pl\/aktualne\/wp-content\/uploads\/2025\/04\/100-dni-i-na-zewnatrz-Dlaczego-szef-inpost-Rafal-Brzoska.webp.webp","contentUrl":"https:\/\/www.pogotowieflagowe.pl\/aktualne\/wp-content\/uploads\/2025\/04\/100-dni-i-na-zewnatrz-Dlaczego-szef-inpost-Rafal-Brzoska.webp.webp","width":1280,"height":720,"caption":"100 dni i na zewn\u0105trz: Dlaczego szef inpost Rafa\u0142 Brzoska w\u0142a\u015bnie odszed\u0142 od zespo\u0142u deregulacji Tuska"},{"@type":"BreadcrumbList","@id":"https:\/\/www.pogotowieflagowe.pl\/aktualne\/100-dni-i-na-zewnatrz-dlaczego-szef-inpost-rafal-brzoska-wlasnie-odszedl-od-zespolu-deregulacji-tuska\/#breadcrumb","itemListElement":[{"@type":"ListItem","position":1,"name":"Home","item":"https:\/\/www.pogotowieflagowe.pl\/aktualne\/"},{"@type":"ListItem","position":2,"name":"100 dni i na zewn\u0105trz: Dlaczego szef inpost Rafa\u0142 Brzoska w\u0142a\u015bnie odszed\u0142 od zespo\u0142u deregulacji Tuska"}]},{"@type":"WebSite","@id":"https:\/\/www.pogotowieflagowe.pl\/aktualne\/#website","url":"https:\/\/www.pogotowieflagowe.pl\/aktualne\/","name":"POGOTOWIE FLAGOWE\u00ae","description":"","publisher":{"@id":"https:\/\/www.pogotowieflagowe.pl\/aktualne\/#organization"},"potentialAction":[{"@type":"SearchAction","target":{"@type":"EntryPoint","urlTemplate":"https:\/\/www.pogotowieflagowe.pl\/aktualne\/?s={search_term_string}"},"query-input":"required name=search_term_string"}],"inLanguage":"pl-PL"},{"@type":"Organization","@id":"https:\/\/www.pogotowieflagowe.pl\/aktualne\/#organization","name":"POGOTOWIE FLAGOWE\u00ae","url":"https:\/\/www.pogotowieflagowe.pl\/aktualne\/","logo":{"@type":"ImageObject","inLanguage":"pl-PL","@id":"https:\/\/www.pogotowieflagowe.pl\/aktualne\/#\/schema\/logo\/image\/","url":"https:\/\/www.pogotowieflagowe.pl\/aktualne\/wp-content\/uploads\/2024\/08\/cropped-pogotowieflagowe_flaga_projekt_sm.jpg","contentUrl":"https:\/\/www.pogotowieflagowe.pl\/aktualne\/wp-content\/uploads\/2024\/08\/cropped-pogotowieflagowe_flaga_projekt_sm.jpg","width":250,"height":143,"caption":"POGOTOWIE FLAGOWE\u00ae"},"image":{"@id":"https:\/\/www.pogotowieflagowe.pl\/aktualne\/#\/schema\/logo\/image\/"}},{"@type":"Person","@id":"https:\/\/www.pogotowieflagowe.pl\/aktualne\/#\/schema\/person\/9c2fb7d2362ebf6fa088960d7f0d27b0","name":"Filip","image":{"@type":"ImageObject","inLanguage":"pl-PL","@id":"https:\/\/www.pogotowieflagowe.pl\/aktualne\/#\/schema\/person\/image\/","url":"https:\/\/www.pogotowieflagowe.pl\/aktualne\/wp-content\/uploads\/2024\/08\/pogotowieflagowe.pl_.jpg","contentUrl":"https:\/\/www.pogotowieflagowe.pl\/aktualne\/wp-content\/uploads\/2024\/08\/pogotowieflagowe.pl_.jpg","caption":"Filip"},"description":"Jestem Filip, polski dziennikarz z dyplomem nauk politycznych Uniwersytetu Warszawskiego. Rozpoczynaj\u0105c swoj\u0105 karier\u0119 w r\u00f3\u017cnych lokalnych mediach, zdoby\u0142em solidne do\u015bwiadczenie w zakresie \u015bledztwa i redakcji. Obecnie jako redaktor w Pogotowie flagowe, staram si\u0119 dostarcza\u0107 dog\u0142\u0119bne i istotne analizy na temat najwa\u017cniejszych kwestii aktualno\u015bci, \u0142\u0105cz\u0105c rygor z pasj\u0105 dziennikarsk\u0105.","sameAs":["https:\/\/www.pogotowieflagowe.pl\/"]}]}},"_links":{"self":[{"href":"https:\/\/www.pogotowieflagowe.pl\/aktualne\/wp-json\/wp\/v2\/posts\/5258","targetHints":{"allow":["GET"]}}],"collection":[{"href":"https:\/\/www.pogotowieflagowe.pl\/aktualne\/wp-json\/wp\/v2\/posts"}],"about":[{"href":"https:\/\/www.pogotowieflagowe.pl\/aktualne\/wp-json\/wp\/v2\/types\/post"}],"author":[{"embeddable":true,"href":"https:\/\/www.pogotowieflagowe.pl\/aktualne\/wp-json\/wp\/v2\/users\/1"}],"replies":[{"embeddable":true,"href":"https:\/\/www.pogotowieflagowe.pl\/aktualne\/wp-json\/wp\/v2\/comments?post=5258"}],"version-history":[{"count":1,"href":"https:\/\/www.pogotowieflagowe.pl\/aktualne\/wp-json\/wp\/v2\/posts\/5258\/revisions"}],"predecessor-version":[{"id":5260,"href":"https:\/\/www.pogotowieflagowe.pl\/aktualne\/wp-json\/wp\/v2\/posts\/5258\/revisions\/5260"}],"wp:featuredmedia":[{"embeddable":true,"href":"https:\/\/www.pogotowieflagowe.pl\/aktualne\/wp-json\/wp\/v2\/media\/5259"}],"wp:attachment":[{"href":"https:\/\/www.pogotowieflagowe.pl\/aktualne\/wp-json\/wp\/v2\/media?parent=5258"}],"wp:term":[{"taxonomy":"category","embeddable":true,"href":"https:\/\/www.pogotowieflagowe.pl\/aktualne\/wp-json\/wp\/v2\/categories?post=5258"},{"taxonomy":"post_tag","embeddable":true,"href":"https:\/\/www.pogotowieflagowe.pl\/aktualne\/wp-json\/wp\/v2\/tags?post=5258"}],"curies":[{"name":"wp","href":"https:\/\/api.w.org\/{rel}","templated":true}]}}