{"id":5261,"date":"2025-04-20T22:47:15","date_gmt":"2025-04-20T20:47:15","guid":{"rendered":"https:\/\/www.pogotowieflagowe.pl\/aktualne\/polski-swieconka-i-jak-sie-zmienilo-na-przestrzeni-lat\/"},"modified":"2025-04-20T22:47:16","modified_gmt":"2025-04-20T20:47:16","slug":"polski-swieconka-i-jak-sie-zmienilo-na-przestrzeni-lat","status":"publish","type":"post","link":"https:\/\/www.pogotowieflagowe.pl\/aktualne\/polski-swieconka-i-jak-sie-zmienilo-na-przestrzeni-lat\/","title":{"rendered":"Polski \u201e\u015awi\u0119conka\u201d i jak si\u0119 zmieni\u0142o na przestrzeni lat"},"content":{"rendered":"\n<div class=\"td_block_wrap tdb_single_content tdi_41 td-pb-border-top td_block_template_8 td-post-content tagdiv-type\" data-td-block-uid=\"tdi_41\">\n<style>.tdi_41 {margin-top: 0px! Wa\u017cne; margines-bottom: 0px! WA\u017bNY; PALDING-TOP: 0PX! WA\u017bNY; PALDING-BOTTOM: 0PX! WA\u017bNE}<\/style>\n<style>.tdb_single_content {margin-bottom: 0;*zoom: 1} .tdb_single_content: wcze\u015bniej, .tdb_single_content: po {display: Table; content: ''; line-height: 0} .TDB-BLOCK-INner>*: nie (.WP-BLOCK-QUOTE): not (.alignSwide): not (.Alignfull.wp-block-cover.has-parallax): not (.td-a-ad) {margin-left: auto; margin-right: auto} .tdb_single_ConTent a {wska\u017anik-events: auto} .tdb_single_content .td-spot-id-top_ad .tdc-placeholder-title: przed {content: \u201eArtyku\u0142 top ad\u201d! Wa\u017cne} .tdb_single_content .td-Spot-Id-inline_ad0 .tdc-placeholder-title 1 '! Wa\u017cne} .tdb_single_content .td-Spot-Id-inline_Ad1 .tdc-Placeholder-Title: przed {content: \u201eArtyku\u0142 inline AD 2'! Wa\u017cny} .tdb_single_content. 3 '! Wa\u017cne} .tdb_single_content .td-Spot-Id-Bottom_Ad .tdc-Placeholder-Title: przed {content: \u201eArtyku\u0142 Bottom Ad\u201d! Wa\u017cne} .tdb_single_content .id_top_ad, .tdb_single_content_content .id_bottom_ad {clear: oba; margin-bottom: 21px; text-align: Center} .tdb_single_content .id_top_ad img, .tdb_single_content .id_bottom_ad img {margin-bottom: 0} .tdb_single_conTent .id_top_ad .adsbyGoogle, .tdb_single_content .id_bottom_ad .adsbyGoogle {pozycja: relatyw} .tdb_single_content .id_ad_content-horiz-left, .tdb_single_content .id_ad_content-horiz-right, .tdb_single_content .id_ad_content-horiz-Center {margin-bottom: 15px} .tdb_single_content .id_ad_content-horiz-left Img, .tdb_single_content .id_ad_content-horiz-right img, .tdb_single_content .id_ad_content-horiz-centerter img {margin-bottom: 0} .tdb_single_content .id_ad_content-horiz-center {text-align: Center} .tdb_single_content .id_ad_content-horiz-center img {margin-right: auto; margin-let: auto} .tdb_single_content .id_ad_content-horiz-left {float: left; margin-top: 9px; margin-right: 21px} .tdb_single_content .id_ad_content-horiz-right {float: margin-top: 6px; margin-left: 21px} .tdb_single_content .tdc-a-a-ad .TDC-Placeholder-Title {szeroko\u015b\u0107: 300px; height: 250px} .tdb_single_content .tdc-a-ad .TDC-Placeholder-Title: Przed {Pozycja: Absolute; TOP: 50%;-WebKit-Transform: Translatey (-50%); Transform: Translatey (-50%); margines: auto; Display: Tabela; szeroko\u015b\u0107: 100%}. tdb_single_content .TDB-BLOCK-INNER.TD-FIX-INDEX {Word-Break: Break-word} .tdi_41, .tdi_41> p, .tdi_41 .tdb-block-inner> p, .Wp-Block-Column> p {font-size: 16px! Wa\u017cne; wa\u017cny; p {font-styl: normalne! Wa\u017cne} @media (Max-Width: 767px) {. tdb_single_content .id_ad_content-horiz-left, .tdb_single_content .id_ad_content-horiz-right, .tdb_single_content .id_ad_content-horiz-centter {Margin: 0 AUTO 26PXX auto}}@media (Max-Width: 767px) {. tdb_single_content .id_ad_content-horiz-left {margin-right: 0}}@media (max-width: 767px) {. (Max-Width: 767px) {. tdb_single_content .td-a-ad {float: none; text-align: Center} .tdb_single_content .td-a-ad img {margin-right: auto; margin-left: auto} .tdb_single_content .tdc-a-a-a-{margin-right: auto; margin-left: auto} .tdb_single_content .tdd<\/style>\n<div class=\"tdb-block-inner td-fix-index\">\n<p>W Polsce b\u0142ogos\u0142awie\u0144stwo jedzenia na Wielkanocy, znane jako \u201e\u015awi\u0119conka\u201d, jest wieloletni\u0105 tradycj\u0105, kt\u00f3ra ewoluowa\u0142a z czasem. Pierwotnie b\u0142ogos\u0142awie\u0144stwo zosta\u0142o wykonane w \u015bwi\u0119t\u0105 sobot\u0119 i obejmowa\u0142o tylko podstawowe potrawy, takie jak chleb, s\u00f3l i jaja. Jednak z czasem tradycja rozszerzy\u0142a si\u0119 o szersz\u0105 gam\u0119 \u017cywno\u015bci i jest teraz cz\u0119sto wykonywana w niedziel\u0119 wielkanocn\u0105.<\/p>\n<h2 class=\"wp-block-heading\" id=\"h-the-contents-of-the-easter-basket-or-swieconka-have-evolved-over-time-in-poland-reflecting-changes-in-food-culture-religious-practices-and-social-norms\">Tre\u015b\u0107 koszyka wielkanocnego lub \u201e\u015awi\u0119conka\u201d ewoluowa\u0142a z czasem w Polsce, odzwierciedlaj\u0105c zmiany w kulturze \u017cywno\u015bci, praktykach religijnych i normach spo\u0142ecznych.<\/h2>\n<p>Dzisiaj b\u0142ogos\u0142awie\u0144stwo jedzenia jest wa\u017cn\u0105 cz\u0119\u015bci\u0105 obchod\u00f3w wielkanocnych w Polsce. Ludzie przygotowuj\u0105 kosz z tradycyjnych potraw, kt\u00f3re cz\u0119sto obejmuj\u0105 chleb, jajka, szynk\u0119, kie\u0142bas\u0119 i ser, a tak\u017ce inne przedmioty, takie jak chrzan, mas\u0142o i s\u0142odycze. Kosz jest pokryty bia\u0142\u0105 szmatk\u0105 i zabrany do ko\u015bcio\u0142a, aby zosta\u0142 pob\u0142ogos\u0142awiony przez ksi\u0119dza.<\/p>\n<p>W przesz\u0142o\u015bci koszyk zwykle zawiera\u0142 podstawowe pokarmy, takie jak chleb, jaja i s\u00f3l, kt\u00f3re symbolizowa\u0142y zszywki \u017cycia i zmartwychwstanie Chrystusa. Chleb reprezentowa\u0142 cia\u0142o Chrystusa, podczas gdy jaja symbolizowa\u0142y nowe \u017cycie i odrodzenie. S\u00f3l, kt\u00f3ra kiedy\u015b by\u0142a rzadkim i cennym towarem, by\u0142a postrzegana jako symbol zachowania i ochrony.<\/p>\n<p>Z czasem tradycja rozszerzy\u0142a si\u0119 na inne potrawy, takie jak szynka, kie\u0142basa, ser i mas\u0142o, kt\u00f3re by\u0142y postrzegane jako bardziej \u015bwi\u0105teczne i uroczyste. Te pokarmy by\u0142y cz\u0119sto domowe i by\u0142y sposobem na pokazanie umiej\u0119tno\u015bci kulinarnych rodziny.<\/p>\n<p>Chocia\u017c podstawowe elementy tradycji pozosta\u0142y takie same, w ostatnich latach nast\u0105pi\u0142y pewne zmiany. Na przyk\u0142ad niekt\u00f3rzy ludzie zawieraj\u0105 teraz nietradycyjne przedmioty w swoich koszach, takie jak czekoladki, a nawet ma\u0142e zabawki dla dzieci. Ponadto w koszykach wzros\u0142a w zakresie korzystania z lokalnych i ekologicznych \u017cywno\u015bci, odzwierciedlaj\u0105c szersze zainteresowanie zr\u00f3wnowa\u017conymi i etycznymi praktykami \u017cywno\u015bciowymi.<\/p>\n<p>W koszyku wzros\u0142a r\u00f3wnie\u017c tendencja do korzystania z lokalnej i ekologicznej \u017cywno\u015bci, odzwierciedlaj\u0105c szersze zainteresowanie zr\u00f3wnowa\u017conymi i etycznymi praktykami \u017cywno\u015bciowymi. Doprowadzi\u0142o to do zwi\u0119kszonego nacisku na \u015bwie\u017ce, sezonowe produkty, a tak\u017ce na tradycyjne, regionalne specjalno\u015bci.<\/p>\n<p>Tradycja koszyka wielkanocnego w Polsce nadal jest wa\u017cn\u0105 cz\u0119\u015bci\u0105 dziedzictwa kulturowego kraju, odzwierciedlaj\u0105c zar\u00f3wno tradycje religijne, jak i kulinarne. Podczas gdy zawarto\u015b\u0107 kosza mog\u0142a si\u0119 z czasem zmieni\u0107, podstawowe znaczenie i symbolika \u017cywno\u015bci pozostaj\u0105 wa\u017cn\u0105 cz\u0119\u015bci\u0105 obchod\u00f3w wielkanocnych.<\/p>\n<\/div>\n<\/div>\n","protected":false},"excerpt":{"rendered":"<p>W Polsce b\u0142ogos\u0142awie\u0144stwo jedzenia na Wielkanocy, znane jako \u201e\u015awi\u0119conka\u201d, jest wieloletni\u0105 tradycj\u0105, kt\u00f3ra ewoluowa\u0142a z czasem. Pierwotnie b\u0142ogos\u0142awie\u0144stwo zosta\u0142o wykonane<\/p>\n","protected":false},"author":1,"featured_media":5262,"comment_status":"closed","ping_status":"","sticky":false,"template":"","format":"standard","meta":{"footnotes":""},"categories":[4748],"tags":[982,688,72,494,150,7080,7081],"class_list":["post-5261","post","type-post","status-publish","format-standard","has-post-thumbnail","hentry","category-aktualne","tag-jak","tag-lat","tag-polski","tag-przestrzeni","tag-sie","tag-swieconka","tag-zmienilo","generate-columns","tablet-grid-50","mobile-grid-100","grid-parent","grid-50","resize-featured-image"],"yoast_head":"<!-- This site is optimized with the Yoast SEO plugin v23.2 - https:\/\/yoast.com\/wordpress\/plugins\/seo\/ -->\n<title>Polski \u201e\u015awi\u0119conka\u201d i jak si\u0119 zmieni\u0142o na przestrzeni lat - POGOTOWIE FLAGOWE\u00ae<\/title>\n<meta name=\"robots\" content=\"index, follow, max-snippet:-1, max-image-preview:large, max-video-preview:-1\" \/>\n<link rel=\"canonical\" href=\"https:\/\/www.pogotowieflagowe.pl\/aktualne\/polski-swieconka-i-jak-sie-zmienilo-na-przestrzeni-lat\/\" \/>\n<meta property=\"og:locale\" content=\"pl_PL\" \/>\n<meta property=\"og:type\" content=\"article\" \/>\n<meta property=\"og:title\" content=\"Polski \u201e\u015awi\u0119conka\u201d i jak si\u0119 zmieni\u0142o na przestrzeni lat - POGOTOWIE FLAGOWE\u00ae\" \/>\n<meta property=\"og:description\" content=\"W Polsce b\u0142ogos\u0142awie\u0144stwo jedzenia na Wielkanocy, znane jako \u201e\u015awi\u0119conka\u201d, jest wieloletni\u0105 tradycj\u0105, kt\u00f3ra ewoluowa\u0142a z czasem. Pierwotnie b\u0142ogos\u0142awie\u0144stwo zosta\u0142o wykonane\" \/>\n<meta property=\"og:url\" content=\"https:\/\/www.pogotowieflagowe.pl\/aktualne\/polski-swieconka-i-jak-sie-zmienilo-na-przestrzeni-lat\/\" \/>\n<meta property=\"og:site_name\" content=\"POGOTOWIE FLAGOWE\u00ae\" \/>\n<meta property=\"article:published_time\" content=\"2025-04-20T20:47:15+00:00\" \/>\n<meta property=\"article:modified_time\" content=\"2025-04-20T20:47:16+00:00\" \/>\n<meta property=\"og:image\" content=\"https:\/\/www.pogotowieflagowe.pl\/aktualne\/wp-content\/uploads\/2025\/04\/Polski-\u201eSwieconka-i-jak-sie-zmienilo-na-przestrzeni-lat.jpg\" \/>\n\t<meta property=\"og:image:width\" content=\"1920\" \/>\n\t<meta property=\"og:image:height\" content=\"1440\" \/>\n\t<meta property=\"og:image:type\" content=\"image\/jpeg\" \/>\n<meta name=\"author\" content=\"Filip\" \/>\n<meta name=\"twitter:card\" content=\"summary_large_image\" \/>\n<meta name=\"twitter:label1\" content=\"Napisane przez\" \/>\n\t<meta name=\"twitter:data1\" content=\"Filip\" \/>\n\t<meta name=\"twitter:label2\" content=\"Szacowany czas czytania\" \/>\n\t<meta name=\"twitter:data2\" content=\"2 minuty\" \/>\n<script type=\"application\/ld+json\" class=\"yoast-schema-graph\">{\"@context\":\"https:\/\/schema.org\",\"@graph\":[{\"@type\":\"Article\",\"@id\":\"https:\/\/www.pogotowieflagowe.pl\/aktualne\/polski-swieconka-i-jak-sie-zmienilo-na-przestrzeni-lat\/#article\",\"isPartOf\":{\"@id\":\"https:\/\/www.pogotowieflagowe.pl\/aktualne\/polski-swieconka-i-jak-sie-zmienilo-na-przestrzeni-lat\/\"},\"author\":{\"name\":\"Filip\",\"@id\":\"https:\/\/www.pogotowieflagowe.pl\/aktualne\/#\/schema\/person\/9c2fb7d2362ebf6fa088960d7f0d27b0\"},\"headline\":\"Polski \u201e\u015awi\u0119conka\u201d i jak si\u0119 zmieni\u0142o na przestrzeni lat\",\"datePublished\":\"2025-04-20T20:47:15+00:00\",\"dateModified\":\"2025-04-20T20:47:16+00:00\",\"mainEntityOfPage\":{\"@id\":\"https:\/\/www.pogotowieflagowe.pl\/aktualne\/polski-swieconka-i-jak-sie-zmienilo-na-przestrzeni-lat\/\"},\"wordCount\":434,\"publisher\":{\"@id\":\"https:\/\/www.pogotowieflagowe.pl\/aktualne\/#organization\"},\"image\":{\"@id\":\"https:\/\/www.pogotowieflagowe.pl\/aktualne\/polski-swieconka-i-jak-sie-zmienilo-na-przestrzeni-lat\/#primaryimage\"},\"thumbnailUrl\":\"https:\/\/www.pogotowieflagowe.pl\/aktualne\/wp-content\/uploads\/2025\/04\/Polski-\u201eSwieconka-i-jak-sie-zmienilo-na-przestrzeni-lat.jpg\",\"keywords\":[\"Jak\",\"lat\",\"polski\",\"przestrzeni\",\"si\u0119\",\"\u015awi\u0119conka\",\"zmieni\u0142o\"],\"articleSection\":[\"Aktualne\"],\"inLanguage\":\"pl-PL\"},{\"@type\":\"WebPage\",\"@id\":\"https:\/\/www.pogotowieflagowe.pl\/aktualne\/polski-swieconka-i-jak-sie-zmienilo-na-przestrzeni-lat\/\",\"url\":\"https:\/\/www.pogotowieflagowe.pl\/aktualne\/polski-swieconka-i-jak-sie-zmienilo-na-przestrzeni-lat\/\",\"name\":\"Polski \u201e\u015awi\u0119conka\u201d i jak si\u0119 zmieni\u0142o na przestrzeni lat - POGOTOWIE FLAGOWE\u00ae\",\"isPartOf\":{\"@id\":\"https:\/\/www.pogotowieflagowe.pl\/aktualne\/#website\"},\"primaryImageOfPage\":{\"@id\":\"https:\/\/www.pogotowieflagowe.pl\/aktualne\/polski-swieconka-i-jak-sie-zmienilo-na-przestrzeni-lat\/#primaryimage\"},\"image\":{\"@id\":\"https:\/\/www.pogotowieflagowe.pl\/aktualne\/polski-swieconka-i-jak-sie-zmienilo-na-przestrzeni-lat\/#primaryimage\"},\"thumbnailUrl\":\"https:\/\/www.pogotowieflagowe.pl\/aktualne\/wp-content\/uploads\/2025\/04\/Polski-\u201eSwieconka-i-jak-sie-zmienilo-na-przestrzeni-lat.jpg\",\"datePublished\":\"2025-04-20T20:47:15+00:00\",\"dateModified\":\"2025-04-20T20:47:16+00:00\",\"breadcrumb\":{\"@id\":\"https:\/\/www.pogotowieflagowe.pl\/aktualne\/polski-swieconka-i-jak-sie-zmienilo-na-przestrzeni-lat\/#breadcrumb\"},\"inLanguage\":\"pl-PL\",\"potentialAction\":[{\"@type\":\"ReadAction\",\"target\":[\"https:\/\/www.pogotowieflagowe.pl\/aktualne\/polski-swieconka-i-jak-sie-zmienilo-na-przestrzeni-lat\/\"]}]},{\"@type\":\"ImageObject\",\"inLanguage\":\"pl-PL\",\"@id\":\"https:\/\/www.pogotowieflagowe.pl\/aktualne\/polski-swieconka-i-jak-sie-zmienilo-na-przestrzeni-lat\/#primaryimage\",\"url\":\"https:\/\/www.pogotowieflagowe.pl\/aktualne\/wp-content\/uploads\/2025\/04\/Polski-\u201eSwieconka-i-jak-sie-zmienilo-na-przestrzeni-lat.jpg\",\"contentUrl\":\"https:\/\/www.pogotowieflagowe.pl\/aktualne\/wp-content\/uploads\/2025\/04\/Polski-\u201eSwieconka-i-jak-sie-zmienilo-na-przestrzeni-lat.jpg\",\"width\":1920,\"height\":1440,\"caption\":\"Polski \u201e\u015awi\u0119conka\u201d i jak si\u0119 zmieni\u0142o na przestrzeni lat\"},{\"@type\":\"BreadcrumbList\",\"@id\":\"https:\/\/www.pogotowieflagowe.pl\/aktualne\/polski-swieconka-i-jak-sie-zmienilo-na-przestrzeni-lat\/#breadcrumb\",\"itemListElement\":[{\"@type\":\"ListItem\",\"position\":1,\"name\":\"Home\",\"item\":\"https:\/\/www.pogotowieflagowe.pl\/aktualne\/\"},{\"@type\":\"ListItem\",\"position\":2,\"name\":\"Polski \u201e\u015awi\u0119conka\u201d i jak si\u0119 zmieni\u0142o na przestrzeni lat\"}]},{\"@type\":\"WebSite\",\"@id\":\"https:\/\/www.pogotowieflagowe.pl\/aktualne\/#website\",\"url\":\"https:\/\/www.pogotowieflagowe.pl\/aktualne\/\",\"name\":\"POGOTOWIE FLAGOWE\u00ae\",\"description\":\"\",\"publisher\":{\"@id\":\"https:\/\/www.pogotowieflagowe.pl\/aktualne\/#organization\"},\"potentialAction\":[{\"@type\":\"SearchAction\",\"target\":{\"@type\":\"EntryPoint\",\"urlTemplate\":\"https:\/\/www.pogotowieflagowe.pl\/aktualne\/?s={search_term_string}\"},\"query-input\":\"required name=search_term_string\"}],\"inLanguage\":\"pl-PL\"},{\"@type\":\"Organization\",\"@id\":\"https:\/\/www.pogotowieflagowe.pl\/aktualne\/#organization\",\"name\":\"POGOTOWIE FLAGOWE\u00ae\",\"url\":\"https:\/\/www.pogotowieflagowe.pl\/aktualne\/\",\"logo\":{\"@type\":\"ImageObject\",\"inLanguage\":\"pl-PL\",\"@id\":\"https:\/\/www.pogotowieflagowe.pl\/aktualne\/#\/schema\/logo\/image\/\",\"url\":\"https:\/\/www.pogotowieflagowe.pl\/aktualne\/wp-content\/uploads\/2024\/08\/cropped-pogotowieflagowe_flaga_projekt_sm.jpg\",\"contentUrl\":\"https:\/\/www.pogotowieflagowe.pl\/aktualne\/wp-content\/uploads\/2024\/08\/cropped-pogotowieflagowe_flaga_projekt_sm.jpg\",\"width\":250,\"height\":143,\"caption\":\"POGOTOWIE FLAGOWE\u00ae\"},\"image\":{\"@id\":\"https:\/\/www.pogotowieflagowe.pl\/aktualne\/#\/schema\/logo\/image\/\"}},{\"@type\":\"Person\",\"@id\":\"https:\/\/www.pogotowieflagowe.pl\/aktualne\/#\/schema\/person\/9c2fb7d2362ebf6fa088960d7f0d27b0\",\"name\":\"Filip\",\"image\":{\"@type\":\"ImageObject\",\"inLanguage\":\"pl-PL\",\"@id\":\"https:\/\/www.pogotowieflagowe.pl\/aktualne\/#\/schema\/person\/image\/\",\"url\":\"https:\/\/www.pogotowieflagowe.pl\/aktualne\/wp-content\/uploads\/2024\/08\/pogotowieflagowe.pl_.jpg\",\"contentUrl\":\"https:\/\/www.pogotowieflagowe.pl\/aktualne\/wp-content\/uploads\/2024\/08\/pogotowieflagowe.pl_.jpg\",\"caption\":\"Filip\"},\"description\":\"Jestem Filip, polski dziennikarz z dyplomem nauk politycznych Uniwersytetu Warszawskiego. Rozpoczynaj\u0105c swoj\u0105 karier\u0119 w r\u00f3\u017cnych lokalnych mediach, zdoby\u0142em solidne do\u015bwiadczenie w zakresie \u015bledztwa i redakcji. Obecnie jako redaktor w Pogotowie flagowe, staram si\u0119 dostarcza\u0107 dog\u0142\u0119bne i istotne analizy na temat najwa\u017cniejszych kwestii aktualno\u015bci, \u0142\u0105cz\u0105c rygor z pasj\u0105 dziennikarsk\u0105.\",\"sameAs\":[\"https:\/\/www.pogotowieflagowe.pl\/\"]}]}<\/script>\n<!-- \/ Yoast SEO plugin. -->","yoast_head_json":{"title":"Polski \u201e\u015awi\u0119conka\u201d i jak si\u0119 zmieni\u0142o na przestrzeni lat - POGOTOWIE FLAGOWE\u00ae","robots":{"index":"index","follow":"follow","max-snippet":"max-snippet:-1","max-image-preview":"max-image-preview:large","max-video-preview":"max-video-preview:-1"},"canonical":"https:\/\/www.pogotowieflagowe.pl\/aktualne\/polski-swieconka-i-jak-sie-zmienilo-na-przestrzeni-lat\/","og_locale":"pl_PL","og_type":"article","og_title":"Polski \u201e\u015awi\u0119conka\u201d i jak si\u0119 zmieni\u0142o na przestrzeni lat - POGOTOWIE FLAGOWE\u00ae","og_description":"W Polsce b\u0142ogos\u0142awie\u0144stwo jedzenia na Wielkanocy, znane jako \u201e\u015awi\u0119conka\u201d, jest wieloletni\u0105 tradycj\u0105, kt\u00f3ra ewoluowa\u0142a z czasem. Pierwotnie b\u0142ogos\u0142awie\u0144stwo zosta\u0142o wykonane","og_url":"https:\/\/www.pogotowieflagowe.pl\/aktualne\/polski-swieconka-i-jak-sie-zmienilo-na-przestrzeni-lat\/","og_site_name":"POGOTOWIE FLAGOWE\u00ae","article_published_time":"2025-04-20T20:47:15+00:00","article_modified_time":"2025-04-20T20:47:16+00:00","og_image":[{"width":1920,"height":1440,"url":"https:\/\/www.pogotowieflagowe.pl\/aktualne\/wp-content\/uploads\/2025\/04\/Polski-\u201eSwieconka-i-jak-sie-zmienilo-na-przestrzeni-lat.jpg","type":"image\/jpeg"}],"author":"Filip","twitter_card":"summary_large_image","twitter_misc":{"Napisane przez":"Filip","Szacowany czas czytania":"2 minuty"},"schema":{"@context":"https:\/\/schema.org","@graph":[{"@type":"Article","@id":"https:\/\/www.pogotowieflagowe.pl\/aktualne\/polski-swieconka-i-jak-sie-zmienilo-na-przestrzeni-lat\/#article","isPartOf":{"@id":"https:\/\/www.pogotowieflagowe.pl\/aktualne\/polski-swieconka-i-jak-sie-zmienilo-na-przestrzeni-lat\/"},"author":{"name":"Filip","@id":"https:\/\/www.pogotowieflagowe.pl\/aktualne\/#\/schema\/person\/9c2fb7d2362ebf6fa088960d7f0d27b0"},"headline":"Polski \u201e\u015awi\u0119conka\u201d i jak si\u0119 zmieni\u0142o na przestrzeni lat","datePublished":"2025-04-20T20:47:15+00:00","dateModified":"2025-04-20T20:47:16+00:00","mainEntityOfPage":{"@id":"https:\/\/www.pogotowieflagowe.pl\/aktualne\/polski-swieconka-i-jak-sie-zmienilo-na-przestrzeni-lat\/"},"wordCount":434,"publisher":{"@id":"https:\/\/www.pogotowieflagowe.pl\/aktualne\/#organization"},"image":{"@id":"https:\/\/www.pogotowieflagowe.pl\/aktualne\/polski-swieconka-i-jak-sie-zmienilo-na-przestrzeni-lat\/#primaryimage"},"thumbnailUrl":"https:\/\/www.pogotowieflagowe.pl\/aktualne\/wp-content\/uploads\/2025\/04\/Polski-\u201eSwieconka-i-jak-sie-zmienilo-na-przestrzeni-lat.jpg","keywords":["Jak","lat","polski","przestrzeni","si\u0119","\u015awi\u0119conka","zmieni\u0142o"],"articleSection":["Aktualne"],"inLanguage":"pl-PL"},{"@type":"WebPage","@id":"https:\/\/www.pogotowieflagowe.pl\/aktualne\/polski-swieconka-i-jak-sie-zmienilo-na-przestrzeni-lat\/","url":"https:\/\/www.pogotowieflagowe.pl\/aktualne\/polski-swieconka-i-jak-sie-zmienilo-na-przestrzeni-lat\/","name":"Polski \u201e\u015awi\u0119conka\u201d i jak si\u0119 zmieni\u0142o na przestrzeni lat - POGOTOWIE FLAGOWE\u00ae","isPartOf":{"@id":"https:\/\/www.pogotowieflagowe.pl\/aktualne\/#website"},"primaryImageOfPage":{"@id":"https:\/\/www.pogotowieflagowe.pl\/aktualne\/polski-swieconka-i-jak-sie-zmienilo-na-przestrzeni-lat\/#primaryimage"},"image":{"@id":"https:\/\/www.pogotowieflagowe.pl\/aktualne\/polski-swieconka-i-jak-sie-zmienilo-na-przestrzeni-lat\/#primaryimage"},"thumbnailUrl":"https:\/\/www.pogotowieflagowe.pl\/aktualne\/wp-content\/uploads\/2025\/04\/Polski-\u201eSwieconka-i-jak-sie-zmienilo-na-przestrzeni-lat.jpg","datePublished":"2025-04-20T20:47:15+00:00","dateModified":"2025-04-20T20:47:16+00:00","breadcrumb":{"@id":"https:\/\/www.pogotowieflagowe.pl\/aktualne\/polski-swieconka-i-jak-sie-zmienilo-na-przestrzeni-lat\/#breadcrumb"},"inLanguage":"pl-PL","potentialAction":[{"@type":"ReadAction","target":["https:\/\/www.pogotowieflagowe.pl\/aktualne\/polski-swieconka-i-jak-sie-zmienilo-na-przestrzeni-lat\/"]}]},{"@type":"ImageObject","inLanguage":"pl-PL","@id":"https:\/\/www.pogotowieflagowe.pl\/aktualne\/polski-swieconka-i-jak-sie-zmienilo-na-przestrzeni-lat\/#primaryimage","url":"https:\/\/www.pogotowieflagowe.pl\/aktualne\/wp-content\/uploads\/2025\/04\/Polski-\u201eSwieconka-i-jak-sie-zmienilo-na-przestrzeni-lat.jpg","contentUrl":"https:\/\/www.pogotowieflagowe.pl\/aktualne\/wp-content\/uploads\/2025\/04\/Polski-\u201eSwieconka-i-jak-sie-zmienilo-na-przestrzeni-lat.jpg","width":1920,"height":1440,"caption":"Polski \u201e\u015awi\u0119conka\u201d i jak si\u0119 zmieni\u0142o na przestrzeni lat"},{"@type":"BreadcrumbList","@id":"https:\/\/www.pogotowieflagowe.pl\/aktualne\/polski-swieconka-i-jak-sie-zmienilo-na-przestrzeni-lat\/#breadcrumb","itemListElement":[{"@type":"ListItem","position":1,"name":"Home","item":"https:\/\/www.pogotowieflagowe.pl\/aktualne\/"},{"@type":"ListItem","position":2,"name":"Polski \u201e\u015awi\u0119conka\u201d i jak si\u0119 zmieni\u0142o na przestrzeni lat"}]},{"@type":"WebSite","@id":"https:\/\/www.pogotowieflagowe.pl\/aktualne\/#website","url":"https:\/\/www.pogotowieflagowe.pl\/aktualne\/","name":"POGOTOWIE FLAGOWE\u00ae","description":"","publisher":{"@id":"https:\/\/www.pogotowieflagowe.pl\/aktualne\/#organization"},"potentialAction":[{"@type":"SearchAction","target":{"@type":"EntryPoint","urlTemplate":"https:\/\/www.pogotowieflagowe.pl\/aktualne\/?s={search_term_string}"},"query-input":"required name=search_term_string"}],"inLanguage":"pl-PL"},{"@type":"Organization","@id":"https:\/\/www.pogotowieflagowe.pl\/aktualne\/#organization","name":"POGOTOWIE FLAGOWE\u00ae","url":"https:\/\/www.pogotowieflagowe.pl\/aktualne\/","logo":{"@type":"ImageObject","inLanguage":"pl-PL","@id":"https:\/\/www.pogotowieflagowe.pl\/aktualne\/#\/schema\/logo\/image\/","url":"https:\/\/www.pogotowieflagowe.pl\/aktualne\/wp-content\/uploads\/2024\/08\/cropped-pogotowieflagowe_flaga_projekt_sm.jpg","contentUrl":"https:\/\/www.pogotowieflagowe.pl\/aktualne\/wp-content\/uploads\/2024\/08\/cropped-pogotowieflagowe_flaga_projekt_sm.jpg","width":250,"height":143,"caption":"POGOTOWIE FLAGOWE\u00ae"},"image":{"@id":"https:\/\/www.pogotowieflagowe.pl\/aktualne\/#\/schema\/logo\/image\/"}},{"@type":"Person","@id":"https:\/\/www.pogotowieflagowe.pl\/aktualne\/#\/schema\/person\/9c2fb7d2362ebf6fa088960d7f0d27b0","name":"Filip","image":{"@type":"ImageObject","inLanguage":"pl-PL","@id":"https:\/\/www.pogotowieflagowe.pl\/aktualne\/#\/schema\/person\/image\/","url":"https:\/\/www.pogotowieflagowe.pl\/aktualne\/wp-content\/uploads\/2024\/08\/pogotowieflagowe.pl_.jpg","contentUrl":"https:\/\/www.pogotowieflagowe.pl\/aktualne\/wp-content\/uploads\/2024\/08\/pogotowieflagowe.pl_.jpg","caption":"Filip"},"description":"Jestem Filip, polski dziennikarz z dyplomem nauk politycznych Uniwersytetu Warszawskiego. Rozpoczynaj\u0105c swoj\u0105 karier\u0119 w r\u00f3\u017cnych lokalnych mediach, zdoby\u0142em solidne do\u015bwiadczenie w zakresie \u015bledztwa i redakcji. Obecnie jako redaktor w Pogotowie flagowe, staram si\u0119 dostarcza\u0107 dog\u0142\u0119bne i istotne analizy na temat najwa\u017cniejszych kwestii aktualno\u015bci, \u0142\u0105cz\u0105c rygor z pasj\u0105 dziennikarsk\u0105.","sameAs":["https:\/\/www.pogotowieflagowe.pl\/"]}]}},"_links":{"self":[{"href":"https:\/\/www.pogotowieflagowe.pl\/aktualne\/wp-json\/wp\/v2\/posts\/5261","targetHints":{"allow":["GET"]}}],"collection":[{"href":"https:\/\/www.pogotowieflagowe.pl\/aktualne\/wp-json\/wp\/v2\/posts"}],"about":[{"href":"https:\/\/www.pogotowieflagowe.pl\/aktualne\/wp-json\/wp\/v2\/types\/post"}],"author":[{"embeddable":true,"href":"https:\/\/www.pogotowieflagowe.pl\/aktualne\/wp-json\/wp\/v2\/users\/1"}],"replies":[{"embeddable":true,"href":"https:\/\/www.pogotowieflagowe.pl\/aktualne\/wp-json\/wp\/v2\/comments?post=5261"}],"version-history":[{"count":1,"href":"https:\/\/www.pogotowieflagowe.pl\/aktualne\/wp-json\/wp\/v2\/posts\/5261\/revisions"}],"predecessor-version":[{"id":5263,"href":"https:\/\/www.pogotowieflagowe.pl\/aktualne\/wp-json\/wp\/v2\/posts\/5261\/revisions\/5263"}],"wp:featuredmedia":[{"embeddable":true,"href":"https:\/\/www.pogotowieflagowe.pl\/aktualne\/wp-json\/wp\/v2\/media\/5262"}],"wp:attachment":[{"href":"https:\/\/www.pogotowieflagowe.pl\/aktualne\/wp-json\/wp\/v2\/media?parent=5261"}],"wp:term":[{"taxonomy":"category","embeddable":true,"href":"https:\/\/www.pogotowieflagowe.pl\/aktualne\/wp-json\/wp\/v2\/categories?post=5261"},{"taxonomy":"post_tag","embeddable":true,"href":"https:\/\/www.pogotowieflagowe.pl\/aktualne\/wp-json\/wp\/v2\/tags?post=5261"}],"curies":[{"name":"wp","href":"https:\/\/api.w.org\/{rel}","templated":true}]}}