{"id":5461,"date":"2025-04-29T18:52:43","date_gmt":"2025-04-29T16:52:43","guid":{"rendered":"https:\/\/www.pogotowieflagowe.pl\/aktualne\/?p=5461"},"modified":"2025-04-29T18:52:44","modified_gmt":"2025-04-29T16:52:44","slug":"te-owoce-z-lidla-wygladaja-idealnie-ale-moga-byc-pelne-pestycydow","status":"publish","type":"post","link":"https:\/\/www.pogotowieflagowe.pl\/aktualne\/te-owoce-z-lidla-wygladaja-idealnie-ale-moga-byc-pelne-pestycydow\/","title":{"rendered":"Te owoce z Lidla wygl\u0105daj\u0105 idealnie \u2013 ale mog\u0105 by\u0107 pe\u0142ne pestycyd\u00f3w"},"content":{"rendered":"\n<p>Kolorowe, \u015bwie\u017ce i perfekcyjnie wygl\u0105daj\u0105ce owoce na p\u00f3\u0142kach supermarket\u00f3w kusz\u0105 klient\u00f3w ka\u017cdego dnia.<\/p>\n\n\n\n<p>Ale czy ich pi\u0119kny wygl\u0105d zawsze oznacza bezpiecze\u0144stwo?<\/p>\n\n\n\n<p>Najnowsze badania pokazuj\u0105, \u017ce <strong>cz\u0119\u015b\u0107 owoc\u00f3w dost\u0119pnych w Lidlu mo\u017ce zawiera\u0107 znaczne ilo\u015bci pestycyd\u00f3w<\/strong>, kt\u00f3re budz\u0105 powa\u017cne obawy ekspert\u00f3w ds. zdrowia.<\/p>\n\n\n\n<h2 class=\"wp-block-heading\">Idealny wygl\u0105d nie zawsze oznacza zdrowie<\/h2>\n\n\n\n<p>Wielu konsument\u00f3w podczas zakup\u00f3w zwraca uwag\u0119 g\u0142\u00f3wnie na wygl\u0105d produkt\u00f3w.<br>Soczyste truskawki, b\u0142yszcz\u0105ce jab\u0142ka czy du\u017ce ki\u015bcie winogron niemal natychmiast trafiaj\u0105 do koszyka.<\/p>\n\n\n\n<p>Niestety, wed\u0142ug ostatnich kontroli jako\u015bci, <strong>naj\u0142adniejsze owoce cz\u0119sto zawieraj\u0105 najwi\u0119ksze ilo\u015bci \u015brodk\u00f3w chemicznych<\/strong> u\u017cywanych podczas produkcji.<\/p>\n\n\n\n<p>Pestycydy stosowane w uprawie maj\u0105 za zadanie chroni\u0107 ro\u015bliny przed szkodnikami i chorobami, jednak ich pozosta\u0142o\u015bci mog\u0105 wci\u0105\u017c znajdowa\u0107 si\u0119 na sk\u00f3rce owoc\u00f3w, a nawet przenika\u0107 g\u0142\u0119biej do mi\u0105\u017cszu.<\/p>\n\n\n\n<h2 class=\"wp-block-heading\">Co wykaza\u0142y badania?<\/h2>\n\n\n\n<p>Niezale\u017cne badanie przeprowadzone w 2024 roku na terenie Polski obj\u0119\u0142o pr\u00f3bki owoc\u00f3w zakupionych w popularnych sieciach handlowych, w tym w Lidlu.<\/p>\n\n\n\n<p>Wyniki by\u0142y niepokoj\u0105ce:<\/p>\n\n\n\n<ul class=\"wp-block-list\">\n<li>W ponad 70% badanych pr\u00f3bek truskawek wykryto przekroczenie dopuszczalnych norm pestycyd\u00f3w.<\/li>\n\n\n\n<li>Jab\u0142ka i winogrona cz\u0119sto zawiera\u0142y \u015blady wielu r\u00f3\u017cnych \u015brodk\u00f3w ochrony ro\u015blin jednocze\u015bnie.<\/li>\n<\/ul>\n\n\n\n<p>Co wi\u0119cej, w kilku przypadkach <strong>stwierdzono obecno\u015b\u0107 substancji, kt\u00f3re s\u0105 zakazane w Unii Europejskiej<\/strong> lub uznawane za potencjalnie rakotw\u00f3rcze.<\/p>\n\n\n\n<h2 class=\"wp-block-heading\">Na kt\u00f3re owoce zwraca\u0107 szczeg\u00f3ln\u0105 uwag\u0119?<\/h2>\n\n\n\n<p>Oto lista owoc\u00f3w z najwy\u017cszym poziomem wykrytych pestycyd\u00f3w wed\u0142ug bada\u0144:<\/p>\n\n\n\n<ul class=\"wp-block-list\">\n<li>Truskawki<\/li>\n\n\n\n<li>Winogrona<\/li>\n\n\n\n<li>Jab\u0142ka<\/li>\n\n\n\n<li>Brzoskwinie<\/li>\n\n\n\n<li>Gruszki<\/li>\n<\/ul>\n\n\n\n<p>Te owoce, cho\u0107 powszechnie lubiane i cz\u0119sto promowane w marketach, <strong>wymagaj\u0105 szczeg\u00f3lnej ostro\u017cno\u015bci przy zakupie<\/strong>.<\/p>\n\n\n\n<h2 class=\"wp-block-heading\">Jak bezpiecznie kupowa\u0107 i je\u015b\u0107 owoce?<\/h2>\n\n\n\n<p>Je\u015bli nie chcesz ca\u0142kowicie rezygnowa\u0107 z ulubionych owoc\u00f3w, zastosuj kilka prostych zasad:<\/p>\n\n\n\n<ul class=\"wp-block-list\">\n<li><strong>Wybieraj owoce z certyfikatem ekologicznym<\/strong> (zielony listek UE na opakowaniu).<\/li>\n\n\n\n<li><strong>Myj owoce bardzo dok\u0142adnie<\/strong> pod bie\u017c\u0105c\u0105 wod\u0105, najlepiej mocz\u0105c je przez kilka minut.<\/li>\n\n\n\n<li><strong>Kupuj lokalnie<\/strong>, od sprawdzonych dostawc\u00f3w lub bezpo\u015brednio od rolnik\u00f3w.<\/li>\n\n\n\n<li><strong>W sezonie wybieraj polskie owoce<\/strong> \u2013 \u015bwie\u017ce i o kr\u00f3tszej drodze transportu.<\/li>\n<\/ul>\n\n\n\n<h2 class=\"wp-block-heading\">\u015awiadome zakupy to zdrowsze \u017cycie<\/h2>\n\n\n\n<p>Pami\u0119taj: to, co trafia na Tw\u00f3j talerz, ma ogromny wp\u0142yw na Twoje zdrowie.<br><strong>Nie daj si\u0119 zwie\u015b\u0107 idealnemu wygl\u0105dowi owoc\u00f3w<\/strong> \u2013 czytaj etykiety, sprawdzaj pochodzenie i wybieraj m\u0105drze.<\/p>\n\n\n\n<p>Twoje zdrowie i bezpiecze\u0144stwo s\u0105 tego warte!<\/p>\n","protected":false},"excerpt":{"rendered":"<p>Kolorowe, \u015bwie\u017ce i perfekcyjnie wygl\u0105daj\u0105ce owoce na p\u00f3\u0142kach supermarket\u00f3w kusz\u0105 klient\u00f3w ka\u017cdego dnia. Ale czy ich pi\u0119kny wygl\u0105d zawsze oznacza<\/p>\n","protected":false},"author":1,"featured_media":5462,"comment_status":"closed","ping_status":"closed","sticky":false,"template":"","format":"standard","meta":{"footnotes":""},"categories":[46],"tags":[],"class_list":["post-5461","post","type-post","status-publish","format-standard","has-post-thumbnail","hentry","category-nauka-i-zdrowie","generate-columns","tablet-grid-50","mobile-grid-100","grid-parent","grid-50","resize-featured-image"],"yoast_head":"<!-- This site is optimized with the Yoast SEO plugin v23.2 - https:\/\/yoast.com\/wordpress\/plugins\/seo\/ -->\n<title>Te owoce z Lidla wygl\u0105daj\u0105 idealnie \u2013 ale mog\u0105 by\u0107 pe\u0142ne pestycyd\u00f3w - POGOTOWIE FLAGOWE\u00ae<\/title>\n<meta name=\"robots\" content=\"index, follow, max-snippet:-1, max-image-preview:large, max-video-preview:-1\" \/>\n<link rel=\"canonical\" href=\"https:\/\/www.pogotowieflagowe.pl\/aktualne\/te-owoce-z-lidla-wygladaja-idealnie-ale-moga-byc-pelne-pestycydow\/\" \/>\n<meta property=\"og:locale\" content=\"pl_PL\" \/>\n<meta property=\"og:type\" content=\"article\" \/>\n<meta property=\"og:title\" content=\"Te owoce z Lidla wygl\u0105daj\u0105 idealnie \u2013 ale mog\u0105 by\u0107 pe\u0142ne pestycyd\u00f3w - POGOTOWIE FLAGOWE\u00ae\" \/>\n<meta property=\"og:description\" content=\"Kolorowe, \u015bwie\u017ce i perfekcyjnie wygl\u0105daj\u0105ce owoce na p\u00f3\u0142kach supermarket\u00f3w kusz\u0105 klient\u00f3w ka\u017cdego dnia. Ale czy ich pi\u0119kny wygl\u0105d zawsze oznacza\" \/>\n<meta property=\"og:url\" content=\"https:\/\/www.pogotowieflagowe.pl\/aktualne\/te-owoce-z-lidla-wygladaja-idealnie-ale-moga-byc-pelne-pestycydow\/\" \/>\n<meta property=\"og:site_name\" content=\"POGOTOWIE FLAGOWE\u00ae\" \/>\n<meta property=\"article:published_time\" content=\"2025-04-29T16:52:43+00:00\" \/>\n<meta property=\"article:modified_time\" content=\"2025-04-29T16:52:44+00:00\" \/>\n<meta property=\"og:image\" content=\"https:\/\/www.pogotowieflagowe.pl\/aktualne\/wp-content\/uploads\/2025\/04\/Te-owoce-z-Lidla-wygladaja-idealnie-\u2013-ale-moga-byc-pelne-pestycydow.jpg\" \/>\n\t<meta property=\"og:image:width\" content=\"1200\" \/>\n\t<meta property=\"og:image:height\" content=\"800\" \/>\n\t<meta property=\"og:image:type\" content=\"image\/jpeg\" \/>\n<meta name=\"author\" content=\"Filip\" \/>\n<meta name=\"twitter:card\" content=\"summary_large_image\" \/>\n<meta name=\"twitter:label1\" content=\"Napisane przez\" \/>\n\t<meta name=\"twitter:data1\" content=\"Filip\" \/>\n\t<meta name=\"twitter:label2\" content=\"Szacowany czas czytania\" \/>\n\t<meta name=\"twitter:data2\" content=\"3 minuty\" \/>\n<script type=\"application\/ld+json\" class=\"yoast-schema-graph\">{\"@context\":\"https:\/\/schema.org\",\"@graph\":[{\"@type\":\"Article\",\"@id\":\"https:\/\/www.pogotowieflagowe.pl\/aktualne\/te-owoce-z-lidla-wygladaja-idealnie-ale-moga-byc-pelne-pestycydow\/#article\",\"isPartOf\":{\"@id\":\"https:\/\/www.pogotowieflagowe.pl\/aktualne\/te-owoce-z-lidla-wygladaja-idealnie-ale-moga-byc-pelne-pestycydow\/\"},\"author\":{\"name\":\"Filip\",\"@id\":\"https:\/\/www.pogotowieflagowe.pl\/aktualne\/#\/schema\/person\/9c2fb7d2362ebf6fa088960d7f0d27b0\"},\"headline\":\"Te owoce z Lidla wygl\u0105daj\u0105 idealnie \u2013 ale mog\u0105 by\u0107 pe\u0142ne pestycyd\u00f3w\",\"datePublished\":\"2025-04-29T16:52:43+00:00\",\"dateModified\":\"2025-04-29T16:52:44+00:00\",\"mainEntityOfPage\":{\"@id\":\"https:\/\/www.pogotowieflagowe.pl\/aktualne\/te-owoce-z-lidla-wygladaja-idealnie-ale-moga-byc-pelne-pestycydow\/\"},\"wordCount\":425,\"publisher\":{\"@id\":\"https:\/\/www.pogotowieflagowe.pl\/aktualne\/#organization\"},\"image\":{\"@id\":\"https:\/\/www.pogotowieflagowe.pl\/aktualne\/te-owoce-z-lidla-wygladaja-idealnie-ale-moga-byc-pelne-pestycydow\/#primaryimage\"},\"thumbnailUrl\":\"https:\/\/www.pogotowieflagowe.pl\/aktualne\/wp-content\/uploads\/2025\/04\/Te-owoce-z-Lidla-wygladaja-idealnie-\u2013-ale-moga-byc-pelne-pestycydow.jpg\",\"articleSection\":[\"Nauka i zdrowie\"],\"inLanguage\":\"pl-PL\"},{\"@type\":\"WebPage\",\"@id\":\"https:\/\/www.pogotowieflagowe.pl\/aktualne\/te-owoce-z-lidla-wygladaja-idealnie-ale-moga-byc-pelne-pestycydow\/\",\"url\":\"https:\/\/www.pogotowieflagowe.pl\/aktualne\/te-owoce-z-lidla-wygladaja-idealnie-ale-moga-byc-pelne-pestycydow\/\",\"name\":\"Te owoce z Lidla wygl\u0105daj\u0105 idealnie \u2013 ale mog\u0105 by\u0107 pe\u0142ne pestycyd\u00f3w - POGOTOWIE FLAGOWE\u00ae\",\"isPartOf\":{\"@id\":\"https:\/\/www.pogotowieflagowe.pl\/aktualne\/#website\"},\"primaryImageOfPage\":{\"@id\":\"https:\/\/www.pogotowieflagowe.pl\/aktualne\/te-owoce-z-lidla-wygladaja-idealnie-ale-moga-byc-pelne-pestycydow\/#primaryimage\"},\"image\":{\"@id\":\"https:\/\/www.pogotowieflagowe.pl\/aktualne\/te-owoce-z-lidla-wygladaja-idealnie-ale-moga-byc-pelne-pestycydow\/#primaryimage\"},\"thumbnailUrl\":\"https:\/\/www.pogotowieflagowe.pl\/aktualne\/wp-content\/uploads\/2025\/04\/Te-owoce-z-Lidla-wygladaja-idealnie-\u2013-ale-moga-byc-pelne-pestycydow.jpg\",\"datePublished\":\"2025-04-29T16:52:43+00:00\",\"dateModified\":\"2025-04-29T16:52:44+00:00\",\"breadcrumb\":{\"@id\":\"https:\/\/www.pogotowieflagowe.pl\/aktualne\/te-owoce-z-lidla-wygladaja-idealnie-ale-moga-byc-pelne-pestycydow\/#breadcrumb\"},\"inLanguage\":\"pl-PL\",\"potentialAction\":[{\"@type\":\"ReadAction\",\"target\":[\"https:\/\/www.pogotowieflagowe.pl\/aktualne\/te-owoce-z-lidla-wygladaja-idealnie-ale-moga-byc-pelne-pestycydow\/\"]}]},{\"@type\":\"ImageObject\",\"inLanguage\":\"pl-PL\",\"@id\":\"https:\/\/www.pogotowieflagowe.pl\/aktualne\/te-owoce-z-lidla-wygladaja-idealnie-ale-moga-byc-pelne-pestycydow\/#primaryimage\",\"url\":\"https:\/\/www.pogotowieflagowe.pl\/aktualne\/wp-content\/uploads\/2025\/04\/Te-owoce-z-Lidla-wygladaja-idealnie-\u2013-ale-moga-byc-pelne-pestycydow.jpg\",\"contentUrl\":\"https:\/\/www.pogotowieflagowe.pl\/aktualne\/wp-content\/uploads\/2025\/04\/Te-owoce-z-Lidla-wygladaja-idealnie-\u2013-ale-moga-byc-pelne-pestycydow.jpg\",\"width\":1200,\"height\":800,\"caption\":\"Te owoce z Lidla wygl\u0105daj\u0105 idealnie \u2013 ale mog\u0105 by\u0107 pe\u0142ne pestycyd\u00f3w\"},{\"@type\":\"BreadcrumbList\",\"@id\":\"https:\/\/www.pogotowieflagowe.pl\/aktualne\/te-owoce-z-lidla-wygladaja-idealnie-ale-moga-byc-pelne-pestycydow\/#breadcrumb\",\"itemListElement\":[{\"@type\":\"ListItem\",\"position\":1,\"name\":\"Home\",\"item\":\"https:\/\/www.pogotowieflagowe.pl\/aktualne\/\"},{\"@type\":\"ListItem\",\"position\":2,\"name\":\"Te owoce z Lidla wygl\u0105daj\u0105 idealnie \u2013 ale mog\u0105 by\u0107 pe\u0142ne pestycyd\u00f3w\"}]},{\"@type\":\"WebSite\",\"@id\":\"https:\/\/www.pogotowieflagowe.pl\/aktualne\/#website\",\"url\":\"https:\/\/www.pogotowieflagowe.pl\/aktualne\/\",\"name\":\"POGOTOWIE FLAGOWE\u00ae\",\"description\":\"\",\"publisher\":{\"@id\":\"https:\/\/www.pogotowieflagowe.pl\/aktualne\/#organization\"},\"potentialAction\":[{\"@type\":\"SearchAction\",\"target\":{\"@type\":\"EntryPoint\",\"urlTemplate\":\"https:\/\/www.pogotowieflagowe.pl\/aktualne\/?s={search_term_string}\"},\"query-input\":\"required name=search_term_string\"}],\"inLanguage\":\"pl-PL\"},{\"@type\":\"Organization\",\"@id\":\"https:\/\/www.pogotowieflagowe.pl\/aktualne\/#organization\",\"name\":\"POGOTOWIE FLAGOWE\u00ae\",\"url\":\"https:\/\/www.pogotowieflagowe.pl\/aktualne\/\",\"logo\":{\"@type\":\"ImageObject\",\"inLanguage\":\"pl-PL\",\"@id\":\"https:\/\/www.pogotowieflagowe.pl\/aktualne\/#\/schema\/logo\/image\/\",\"url\":\"https:\/\/www.pogotowieflagowe.pl\/aktualne\/wp-content\/uploads\/2024\/08\/cropped-pogotowieflagowe_flaga_projekt_sm.jpg\",\"contentUrl\":\"https:\/\/www.pogotowieflagowe.pl\/aktualne\/wp-content\/uploads\/2024\/08\/cropped-pogotowieflagowe_flaga_projekt_sm.jpg\",\"width\":250,\"height\":143,\"caption\":\"POGOTOWIE FLAGOWE\u00ae\"},\"image\":{\"@id\":\"https:\/\/www.pogotowieflagowe.pl\/aktualne\/#\/schema\/logo\/image\/\"}},{\"@type\":\"Person\",\"@id\":\"https:\/\/www.pogotowieflagowe.pl\/aktualne\/#\/schema\/person\/9c2fb7d2362ebf6fa088960d7f0d27b0\",\"name\":\"Filip\",\"image\":{\"@type\":\"ImageObject\",\"inLanguage\":\"pl-PL\",\"@id\":\"https:\/\/www.pogotowieflagowe.pl\/aktualne\/#\/schema\/person\/image\/\",\"url\":\"https:\/\/www.pogotowieflagowe.pl\/aktualne\/wp-content\/uploads\/2024\/08\/pogotowieflagowe.pl_.jpg\",\"contentUrl\":\"https:\/\/www.pogotowieflagowe.pl\/aktualne\/wp-content\/uploads\/2024\/08\/pogotowieflagowe.pl_.jpg\",\"caption\":\"Filip\"},\"description\":\"Jestem Filip, polski dziennikarz z dyplomem nauk politycznych Uniwersytetu Warszawskiego. Rozpoczynaj\u0105c swoj\u0105 karier\u0119 w r\u00f3\u017cnych lokalnych mediach, zdoby\u0142em solidne do\u015bwiadczenie w zakresie \u015bledztwa i redakcji. Obecnie jako redaktor w Pogotowie flagowe, staram si\u0119 dostarcza\u0107 dog\u0142\u0119bne i istotne analizy na temat najwa\u017cniejszych kwestii aktualno\u015bci, \u0142\u0105cz\u0105c rygor z pasj\u0105 dziennikarsk\u0105.\",\"sameAs\":[\"https:\/\/www.pogotowieflagowe.pl\/\"]}]}<\/script>\n<!-- \/ Yoast SEO plugin. -->","yoast_head_json":{"title":"Te owoce z Lidla wygl\u0105daj\u0105 idealnie \u2013 ale mog\u0105 by\u0107 pe\u0142ne pestycyd\u00f3w - POGOTOWIE FLAGOWE\u00ae","robots":{"index":"index","follow":"follow","max-snippet":"max-snippet:-1","max-image-preview":"max-image-preview:large","max-video-preview":"max-video-preview:-1"},"canonical":"https:\/\/www.pogotowieflagowe.pl\/aktualne\/te-owoce-z-lidla-wygladaja-idealnie-ale-moga-byc-pelne-pestycydow\/","og_locale":"pl_PL","og_type":"article","og_title":"Te owoce z Lidla wygl\u0105daj\u0105 idealnie \u2013 ale mog\u0105 by\u0107 pe\u0142ne pestycyd\u00f3w - POGOTOWIE FLAGOWE\u00ae","og_description":"Kolorowe, \u015bwie\u017ce i perfekcyjnie wygl\u0105daj\u0105ce owoce na p\u00f3\u0142kach supermarket\u00f3w kusz\u0105 klient\u00f3w ka\u017cdego dnia. Ale czy ich pi\u0119kny wygl\u0105d zawsze oznacza","og_url":"https:\/\/www.pogotowieflagowe.pl\/aktualne\/te-owoce-z-lidla-wygladaja-idealnie-ale-moga-byc-pelne-pestycydow\/","og_site_name":"POGOTOWIE FLAGOWE\u00ae","article_published_time":"2025-04-29T16:52:43+00:00","article_modified_time":"2025-04-29T16:52:44+00:00","og_image":[{"width":1200,"height":800,"url":"https:\/\/www.pogotowieflagowe.pl\/aktualne\/wp-content\/uploads\/2025\/04\/Te-owoce-z-Lidla-wygladaja-idealnie-\u2013-ale-moga-byc-pelne-pestycydow.jpg","type":"image\/jpeg"}],"author":"Filip","twitter_card":"summary_large_image","twitter_misc":{"Napisane przez":"Filip","Szacowany czas czytania":"3 minuty"},"schema":{"@context":"https:\/\/schema.org","@graph":[{"@type":"Article","@id":"https:\/\/www.pogotowieflagowe.pl\/aktualne\/te-owoce-z-lidla-wygladaja-idealnie-ale-moga-byc-pelne-pestycydow\/#article","isPartOf":{"@id":"https:\/\/www.pogotowieflagowe.pl\/aktualne\/te-owoce-z-lidla-wygladaja-idealnie-ale-moga-byc-pelne-pestycydow\/"},"author":{"name":"Filip","@id":"https:\/\/www.pogotowieflagowe.pl\/aktualne\/#\/schema\/person\/9c2fb7d2362ebf6fa088960d7f0d27b0"},"headline":"Te owoce z Lidla wygl\u0105daj\u0105 idealnie \u2013 ale mog\u0105 by\u0107 pe\u0142ne pestycyd\u00f3w","datePublished":"2025-04-29T16:52:43+00:00","dateModified":"2025-04-29T16:52:44+00:00","mainEntityOfPage":{"@id":"https:\/\/www.pogotowieflagowe.pl\/aktualne\/te-owoce-z-lidla-wygladaja-idealnie-ale-moga-byc-pelne-pestycydow\/"},"wordCount":425,"publisher":{"@id":"https:\/\/www.pogotowieflagowe.pl\/aktualne\/#organization"},"image":{"@id":"https:\/\/www.pogotowieflagowe.pl\/aktualne\/te-owoce-z-lidla-wygladaja-idealnie-ale-moga-byc-pelne-pestycydow\/#primaryimage"},"thumbnailUrl":"https:\/\/www.pogotowieflagowe.pl\/aktualne\/wp-content\/uploads\/2025\/04\/Te-owoce-z-Lidla-wygladaja-idealnie-\u2013-ale-moga-byc-pelne-pestycydow.jpg","articleSection":["Nauka i zdrowie"],"inLanguage":"pl-PL"},{"@type":"WebPage","@id":"https:\/\/www.pogotowieflagowe.pl\/aktualne\/te-owoce-z-lidla-wygladaja-idealnie-ale-moga-byc-pelne-pestycydow\/","url":"https:\/\/www.pogotowieflagowe.pl\/aktualne\/te-owoce-z-lidla-wygladaja-idealnie-ale-moga-byc-pelne-pestycydow\/","name":"Te owoce z Lidla wygl\u0105daj\u0105 idealnie \u2013 ale mog\u0105 by\u0107 pe\u0142ne pestycyd\u00f3w - POGOTOWIE FLAGOWE\u00ae","isPartOf":{"@id":"https:\/\/www.pogotowieflagowe.pl\/aktualne\/#website"},"primaryImageOfPage":{"@id":"https:\/\/www.pogotowieflagowe.pl\/aktualne\/te-owoce-z-lidla-wygladaja-idealnie-ale-moga-byc-pelne-pestycydow\/#primaryimage"},"image":{"@id":"https:\/\/www.pogotowieflagowe.pl\/aktualne\/te-owoce-z-lidla-wygladaja-idealnie-ale-moga-byc-pelne-pestycydow\/#primaryimage"},"thumbnailUrl":"https:\/\/www.pogotowieflagowe.pl\/aktualne\/wp-content\/uploads\/2025\/04\/Te-owoce-z-Lidla-wygladaja-idealnie-\u2013-ale-moga-byc-pelne-pestycydow.jpg","datePublished":"2025-04-29T16:52:43+00:00","dateModified":"2025-04-29T16:52:44+00:00","breadcrumb":{"@id":"https:\/\/www.pogotowieflagowe.pl\/aktualne\/te-owoce-z-lidla-wygladaja-idealnie-ale-moga-byc-pelne-pestycydow\/#breadcrumb"},"inLanguage":"pl-PL","potentialAction":[{"@type":"ReadAction","target":["https:\/\/www.pogotowieflagowe.pl\/aktualne\/te-owoce-z-lidla-wygladaja-idealnie-ale-moga-byc-pelne-pestycydow\/"]}]},{"@type":"ImageObject","inLanguage":"pl-PL","@id":"https:\/\/www.pogotowieflagowe.pl\/aktualne\/te-owoce-z-lidla-wygladaja-idealnie-ale-moga-byc-pelne-pestycydow\/#primaryimage","url":"https:\/\/www.pogotowieflagowe.pl\/aktualne\/wp-content\/uploads\/2025\/04\/Te-owoce-z-Lidla-wygladaja-idealnie-\u2013-ale-moga-byc-pelne-pestycydow.jpg","contentUrl":"https:\/\/www.pogotowieflagowe.pl\/aktualne\/wp-content\/uploads\/2025\/04\/Te-owoce-z-Lidla-wygladaja-idealnie-\u2013-ale-moga-byc-pelne-pestycydow.jpg","width":1200,"height":800,"caption":"Te owoce z Lidla wygl\u0105daj\u0105 idealnie \u2013 ale mog\u0105 by\u0107 pe\u0142ne pestycyd\u00f3w"},{"@type":"BreadcrumbList","@id":"https:\/\/www.pogotowieflagowe.pl\/aktualne\/te-owoce-z-lidla-wygladaja-idealnie-ale-moga-byc-pelne-pestycydow\/#breadcrumb","itemListElement":[{"@type":"ListItem","position":1,"name":"Home","item":"https:\/\/www.pogotowieflagowe.pl\/aktualne\/"},{"@type":"ListItem","position":2,"name":"Te owoce z Lidla wygl\u0105daj\u0105 idealnie \u2013 ale mog\u0105 by\u0107 pe\u0142ne pestycyd\u00f3w"}]},{"@type":"WebSite","@id":"https:\/\/www.pogotowieflagowe.pl\/aktualne\/#website","url":"https:\/\/www.pogotowieflagowe.pl\/aktualne\/","name":"POGOTOWIE FLAGOWE\u00ae","description":"","publisher":{"@id":"https:\/\/www.pogotowieflagowe.pl\/aktualne\/#organization"},"potentialAction":[{"@type":"SearchAction","target":{"@type":"EntryPoint","urlTemplate":"https:\/\/www.pogotowieflagowe.pl\/aktualne\/?s={search_term_string}"},"query-input":"required name=search_term_string"}],"inLanguage":"pl-PL"},{"@type":"Organization","@id":"https:\/\/www.pogotowieflagowe.pl\/aktualne\/#organization","name":"POGOTOWIE FLAGOWE\u00ae","url":"https:\/\/www.pogotowieflagowe.pl\/aktualne\/","logo":{"@type":"ImageObject","inLanguage":"pl-PL","@id":"https:\/\/www.pogotowieflagowe.pl\/aktualne\/#\/schema\/logo\/image\/","url":"https:\/\/www.pogotowieflagowe.pl\/aktualne\/wp-content\/uploads\/2024\/08\/cropped-pogotowieflagowe_flaga_projekt_sm.jpg","contentUrl":"https:\/\/www.pogotowieflagowe.pl\/aktualne\/wp-content\/uploads\/2024\/08\/cropped-pogotowieflagowe_flaga_projekt_sm.jpg","width":250,"height":143,"caption":"POGOTOWIE FLAGOWE\u00ae"},"image":{"@id":"https:\/\/www.pogotowieflagowe.pl\/aktualne\/#\/schema\/logo\/image\/"}},{"@type":"Person","@id":"https:\/\/www.pogotowieflagowe.pl\/aktualne\/#\/schema\/person\/9c2fb7d2362ebf6fa088960d7f0d27b0","name":"Filip","image":{"@type":"ImageObject","inLanguage":"pl-PL","@id":"https:\/\/www.pogotowieflagowe.pl\/aktualne\/#\/schema\/person\/image\/","url":"https:\/\/www.pogotowieflagowe.pl\/aktualne\/wp-content\/uploads\/2024\/08\/pogotowieflagowe.pl_.jpg","contentUrl":"https:\/\/www.pogotowieflagowe.pl\/aktualne\/wp-content\/uploads\/2024\/08\/pogotowieflagowe.pl_.jpg","caption":"Filip"},"description":"Jestem Filip, polski dziennikarz z dyplomem nauk politycznych Uniwersytetu Warszawskiego. Rozpoczynaj\u0105c swoj\u0105 karier\u0119 w r\u00f3\u017cnych lokalnych mediach, zdoby\u0142em solidne do\u015bwiadczenie w zakresie \u015bledztwa i redakcji. Obecnie jako redaktor w Pogotowie flagowe, staram si\u0119 dostarcza\u0107 dog\u0142\u0119bne i istotne analizy na temat najwa\u017cniejszych kwestii aktualno\u015bci, \u0142\u0105cz\u0105c rygor z pasj\u0105 dziennikarsk\u0105.","sameAs":["https:\/\/www.pogotowieflagowe.pl\/"]}]}},"_links":{"self":[{"href":"https:\/\/www.pogotowieflagowe.pl\/aktualne\/wp-json\/wp\/v2\/posts\/5461","targetHints":{"allow":["GET"]}}],"collection":[{"href":"https:\/\/www.pogotowieflagowe.pl\/aktualne\/wp-json\/wp\/v2\/posts"}],"about":[{"href":"https:\/\/www.pogotowieflagowe.pl\/aktualne\/wp-json\/wp\/v2\/types\/post"}],"author":[{"embeddable":true,"href":"https:\/\/www.pogotowieflagowe.pl\/aktualne\/wp-json\/wp\/v2\/users\/1"}],"replies":[{"embeddable":true,"href":"https:\/\/www.pogotowieflagowe.pl\/aktualne\/wp-json\/wp\/v2\/comments?post=5461"}],"version-history":[{"count":1,"href":"https:\/\/www.pogotowieflagowe.pl\/aktualne\/wp-json\/wp\/v2\/posts\/5461\/revisions"}],"predecessor-version":[{"id":5463,"href":"https:\/\/www.pogotowieflagowe.pl\/aktualne\/wp-json\/wp\/v2\/posts\/5461\/revisions\/5463"}],"wp:featuredmedia":[{"embeddable":true,"href":"https:\/\/www.pogotowieflagowe.pl\/aktualne\/wp-json\/wp\/v2\/media\/5462"}],"wp:attachment":[{"href":"https:\/\/www.pogotowieflagowe.pl\/aktualne\/wp-json\/wp\/v2\/media?parent=5461"}],"wp:term":[{"taxonomy":"category","embeddable":true,"href":"https:\/\/www.pogotowieflagowe.pl\/aktualne\/wp-json\/wp\/v2\/categories?post=5461"},{"taxonomy":"post_tag","embeddable":true,"href":"https:\/\/www.pogotowieflagowe.pl\/aktualne\/wp-json\/wp\/v2\/tags?post=5461"}],"curies":[{"name":"wp","href":"https:\/\/api.w.org\/{rel}","templated":true}]}}