{"id":5489,"date":"2025-04-30T20:46:48","date_gmt":"2025-04-30T18:46:48","guid":{"rendered":"https:\/\/www.pogotowieflagowe.pl\/aktualne\/skalowany-cpk-zatrzymane-plany-nuklearne-ciern-z-boku-rzadu-tuska\/"},"modified":"2025-04-30T20:46:48","modified_gmt":"2025-04-30T18:46:48","slug":"skalowany-cpk-zatrzymane-plany-nuklearne-ciern-z-boku-rzadu-tuska","status":"publish","type":"post","link":"https:\/\/www.pogotowieflagowe.pl\/aktualne\/skalowany-cpk-zatrzymane-plany-nuklearne-ciern-z-boku-rzadu-tuska\/","title":{"rendered":"Skalowany CPK, zatrzymane plany nuklearne: cier\u0144 z boku rz\u0105du Tuska \u201d"},"content":{"rendered":"\n<div class=\"td_block_wrap tdb_single_content tdi_41 td-pb-border-top td_block_template_8 td-post-content tagdiv-type\" data-td-block-uid=\"tdi_41\">\n<style>.tdi_41 {margin-top: 0px! Wa\u017cne; margines-bottom: 0px! WA\u017bNY; PALDING-TOP: 0PX! WA\u017bNY; PALDING-BOTTOM: 0PX! WA\u017bNE}<\/style>\n<style>.tdb_single_content {margin-bottom: 0;*zoom: 1} .tdb_single_content: wcze\u015bniej, .tdb_single_content: po {display: Table; content: ''; line-height: 0} .TDB-BLOCK-INner>*: nie (.WP-BLOCK-QUOTE): not (.alignSwide): not (.Alignfull.wp-block-cover.has-parallax): not (.td-a-ad) {margin-left: auto; margin-right: auto} .tdb_single_ConTent a {wska\u017anik-events: auto} .tdb_single_content .td-spot-id-top_ad .tdc-placeholder-title: przed {content: \u201eArtyku\u0142 top ad\u201d! Wa\u017cne} .tdb_single_content .td-Spot-Id-inline_ad0 .tdc-placeholder-title 1 '! Wa\u017cne} .tdb_single_content .td-Spot-Id-inline_Ad1 .tdc-Placeholder-Title: przed {content: \u201eArtyku\u0142 inline AD 2'! Wa\u017cny} .tdb_single_content. 3 '! Wa\u017cne} .tdb_single_content .td-Spot-Id-Bottom_Ad .tdc-Placeholder-Title: przed {content: \u201eArtyku\u0142 Bottom Ad\u201d! Wa\u017cne} .tdb_single_content .id_top_ad, .tdb_single_content_content .id_bottom_ad {clear: oba; margin-bottom: 21px; text-align: Center} .tdb_single_content .id_top_ad img, .tdb_single_content .id_bottom_ad img {margin-bottom: 0} .tdb_single_conTent .id_top_ad .adsbyGoogle, .tdb_single_content .id_bottom_ad .adsbyGoogle {pozycja: relatyw} .tdb_single_content .id_ad_content-horiz-left, .tdb_single_content .id_ad_content-horiz-right, .tdb_single_content .id_ad_content-horiz-Center {margin-bottom: 15px} .tdb_single_content .id_ad_content-horiz-left Img, .tdb_single_content .id_ad_content-horiz-right img, .tdb_single_content .id_ad_content-horiz-centerter img {margin-bottom: 0} .tdb_single_content .id_ad_content-horiz-center {text-align: Center} .tdb_single_content .id_ad_content-horiz-center img {margin-right: auto; margin-let: auto} .tdb_single_content .id_ad_content-horiz-left {float: left; margin-top: 9px; margin-right: 21px} .tdb_single_content .id_ad_content-horiz-right {float: margin-top: 6px; margin-left: 21px} .tdb_single_content .tdc-a-a-ad .TDC-Placeholder-Title {szeroko\u015b\u0107: 300px; height: 250px} .tdb_single_content .tdc-a-ad .TDC-Placeholder-Title: Przed {Pozycja: Absolute; TOP: 50%;-WebKit-Transform: Translatey (-50%); Transform: Translatey (-50%); margines: auto; Display: Tabela; szeroko\u015b\u0107: 100%}. tdb_single_content .TDB-BLOCK-INNER.TD-FIX-INDEX {Word-Break: Break-word} .tdi_41, .tdi_41> p, .tdi_41 .tdb-block-inner> p, .Wp-Block-Column> p {font-size: 16px! Wa\u017cne; wa\u017cny; p {font-styl: normalne! Wa\u017cne} @media (Max-Width: 767px) {. tdb_single_content .id_ad_content-horiz-left, .tdb_single_content .id_ad_content-horiz-right, .tdb_single_content .id_ad_content-horiz-centter {Margin: 0 AUTO 26PXX auto}}@media (Max-Width: 767px) {. tdb_single_content .id_ad_content-horiz-left {margin-right: 0}}@media (max-width: 767px) {. (Max-Width: 767px) {. tdb_single_content .td-a-ad {float: none; text-align: Center} .tdb_single_content .td-a-ad img {margin-right: auto; margin-left: auto} .tdb_single_content .tdc-a-a-a-{margin-right: auto; margin-left: auto} .tdb_single_content .tdd<\/style>\n<div class=\"tdb-block-inner td-fix-index\">\n<p>Ostraczna opinia adwokata S\u0105du Sprawiedliwo\u015bci Unii Europejskiej na temat \u201ereform\u201d Adama Bodnara zada\u0142a powa\u017cny cios narracji rz\u0105du Donalda Tuska. Go\u015bciem programu \u201ePolitical Talk\u201d prowadzonego przez dziennikarza Micha\u0142ka Jeloneka by\u0142 pose\u0142 Law and Justice (PIS) Szymon Szymkowski Vel S\u0119k. Ostro skrytykowa\u0142 zar\u00f3wno instytucje europejskie, jak i bierno\u015b\u0107 obecnego polskiego rz\u0105du w obliczu procesu federalizacji UE.<\/p>\n<p>Pose\u0142 zaj\u0105\u0142 si\u0119 tak\u017ce inicjatyw\u0105 Three Seas, rol\u0119 prezydenta Andrzeja Dudy w stosunkach USA oraz losy kluczowych projekt\u00f3w infrastrukturalnych, takich jak Central Transport Centrum (CPK) i elektrownia j\u0105drowa.<\/p>\n<h2 class=\"wp-block-heading\">UE przekracza swoje granice &#8211; rz\u0105d cichy<\/h2>\n<p>Wed\u0142ug pos\u0142a Szymkowskiego Vel S\u0119k opinia rzecznika generalnego nigdy nie powinna by\u0142a zosta\u0107 wydana, poniewa\u017c UE nie ma prawa zak\u0142\u00f3ca\u0107 system\u00f3w s\u0105dowych pa\u0144stw cz\u0142onkowskich.<\/p>\n<p>\u201eTa opinia nie jest zaskakuj\u0105ca, poniewa\u017c instytucje UE nie powinny w og\u00f3le komentowa\u0107 Organizacji System\u00f3w Sprawiedliwo\u015bci w pa\u0144stwach cz\u0142onkowskich. Adwokat generalny nie powinien nic powiedzie\u0107 w tej sprawie\u201d &#8211; powiedzia\u0142.<\/p>\n<p>Argumentowa\u0142, \u017ce jest to cz\u0119\u015b\u0107 szerszego trendu instytucji UE rozszerzaj\u0105cych swoje kompetencje niezaznaczone &#8211; co\u015b, na co rz\u0105d Tusk ma milcz\u0105co zezwala.<\/p>\n<p>\u201eMam powa\u017cne w\u0105tpliwo\u015bci, czy UE nie przekracza swoich kompetencji w ostatnich latach. Rz\u0105d TUSK to akceptuje to, twierdz\u0105c, \u017ce jest to konieczne w czasach, w kt\u00f3rych \u017cyjemy\u201d &#8211; wyja\u015bni\u0142.<\/p>\n<h2 class=\"wp-block-heading\">Zmarnowana prezydencja, stracona szansa<\/h2>\n<p>Szymkowski Vel S\u0119k zauwa\u017cy\u0142, \u017ce w przypadku Polski posiadaj\u0105cej obecnie obracaj\u0105c\u0105 si\u0119 prezydentur\u0119 Rady UE, rz\u0105d ma wyj\u0105tkow\u0105 szans\u0119 na ustawienie w\u0142asnego programu i wzmocnienie g\u0142osu ukierunkowanego na suwerenno\u015b\u0107 w Europie. Jednak administracja TUSK postanowi\u0142a nie dzia\u0142a\u0107 na temat tej okazji.<\/p>\n<p>\u201eGdyby\u015bmy, prawo i sprawiedliwo\u015b\u0107, byli teraz u w\u0142adzy, by\u0142oby to proste: mamy prezydentur\u0119 i powinni\u015bmy u\u017cywa\u0107 go do takich przyczyn. Mogliby\u015bmy tutaj ustawi\u0107 w\u0142asny program, ale rz\u0105d TUSK tego nie robi\u201d &#8211; powiedzia\u0142.<\/p>\n<h2 class=\"wp-block-heading\">Prezydent Duda broni trzech morza<\/h2>\n<p>Polityk PIS skomentowa\u0142 tak\u017ce ostatni szczyt inicjatywy trzech morza, zorganizowany na polecenie prezydenta Andrzeja Dudy. Ograniczy\u0142 go jako pr\u00f3b\u0119 uratowania formatu regionalnego, kt\u00f3rego obecny rz\u0105d konsekwentnie nie wspar\u0142.<\/p>\n<p>\u201eTo prezydent pr\u00f3buje uratowa\u0107 inicjatyw\u0119, poniewa\u017c rz\u0105d robi wszystko, co w jego mocy, aby umrze\u0107. Polska ma pe\u0142ny potencja\u0142, aby poprowadzi\u0107 w\u015br\u00f3d kraj\u00f3w regionu\u201d &#8211; powiedzia\u0142.<\/p>\n<p>Rozmowa dotyczy\u0142a r\u00f3wnie\u017c relacji polsko-ameryka\u0144skiej. Pose\u0142 podkre\u015bli\u0142, \u017ce to prezydent Duda, a nie rz\u0105d, nosz\u0105cy ci\u0119\u017car utrzymania wi\u0119zi z USA, szczeg\u00f3lnie po tym, jak rz\u0105dz\u0105ca koalicja wcze\u015bniej zaniedba\u0142a relacj\u0119 &#8211; do zniesienia by\u0142ego prezydenta Donalda Trumpa.<\/p>\n<p>Niedawno podpisano tak zwan\u0105 \u201eumow\u0119 mostkowania\u201d w sprawie budowy elektrowni j\u0105drowej w Polsce. Jednak Szymkowski Vel S\u0119k skrytykowa\u0142 fakt, \u017ce pomimo tego, \u017ce jest u w\u0142adzy przez ponad p\u00f3\u0142tora roku, obecny rz\u0105d niewiele zrobi\u0142 w tej sprawie &#8211; podobnie jak w przypadku innych strategicznych inicjatyw uruchomionych w ramach PIS.<\/p>\n<p>\u201eTe wielkie projekty nie s\u0105 dum\u0105 i rado\u015bci\u0105 tego rz\u0105du &#8211; s\u0105 cierniem z boku. CPK zosta\u0142 przyci\u0119ty do szkieletu. Program nuklearny r\u00f3wnie\u017c zosta\u0142 znacznie spowolniony\u201d &#8211; podsumowa\u0142.<\/p>\n<\/div>\n<\/div>\n","protected":false},"excerpt":{"rendered":"<p>Ostraczna opinia adwokata S\u0105du Sprawiedliwo\u015bci Unii Europejskiej na temat \u201ereform\u201d Adama Bodnara zada\u0142a powa\u017cny cios narracji rz\u0105du Donalda Tuska. Go\u015bciem<\/p>\n","protected":false},"author":1,"featured_media":2958,"comment_status":"closed","ping_status":"","sticky":false,"template":"","format":"standard","meta":{"footnotes":""},"categories":[45],"tags":[7218,7265,2225,3477,607,335,7263,567,7264],"class_list":["post-5489","post","type-post","status-publish","format-standard","has-post-thumbnail","hentry","category-biznes","tag-boku","tag-ciern","tag-cpk","tag-nuklearne","tag-plany","tag-rzadu","tag-skalowany","tag-tuska","tag-zatrzymane","generate-columns","tablet-grid-50","mobile-grid-100","grid-parent","grid-50","resize-featured-image"],"yoast_head":"<!-- This site is optimized with the Yoast SEO plugin v23.2 - https:\/\/yoast.com\/wordpress\/plugins\/seo\/ -->\n<title>Skalowany CPK, zatrzymane plany nuklearne: cier\u0144 z boku rz\u0105du Tuska \u201d - POGOTOWIE FLAGOWE\u00ae<\/title>\n<meta name=\"robots\" content=\"index, follow, max-snippet:-1, max-image-preview:large, max-video-preview:-1\" \/>\n<link rel=\"canonical\" href=\"https:\/\/www.pogotowieflagowe.pl\/aktualne\/skalowany-cpk-zatrzymane-plany-nuklearne-ciern-z-boku-rzadu-tuska\/\" \/>\n<meta property=\"og:locale\" content=\"pl_PL\" \/>\n<meta property=\"og:type\" content=\"article\" \/>\n<meta property=\"og:title\" content=\"Skalowany CPK, zatrzymane plany nuklearne: cier\u0144 z boku rz\u0105du Tuska \u201d - POGOTOWIE FLAGOWE\u00ae\" \/>\n<meta property=\"og:description\" content=\"Ostraczna opinia adwokata S\u0105du Sprawiedliwo\u015bci Unii Europejskiej na temat \u201ereform\u201d Adama Bodnara zada\u0142a powa\u017cny cios narracji rz\u0105du Donalda Tuska. Go\u015bciem\" \/>\n<meta property=\"og:url\" content=\"https:\/\/www.pogotowieflagowe.pl\/aktualne\/skalowany-cpk-zatrzymane-plany-nuklearne-ciern-z-boku-rzadu-tuska\/\" \/>\n<meta property=\"og:site_name\" content=\"POGOTOWIE FLAGOWE\u00ae\" \/>\n<meta property=\"article:published_time\" content=\"2025-04-30T18:46:48+00:00\" \/>\n<meta property=\"og:image\" content=\"https:\/\/www.pogotowieflagowe.pl\/aktualne\/wp-content\/uploads\/2025\/01\/Kluczowa-decyzja-dla-Centralnego-Portu-Komunikacyjnego-w-Polsce.jpg\" \/>\n\t<meta property=\"og:image:width\" content=\"1200\" \/>\n\t<meta property=\"og:image:height\" content=\"675\" \/>\n\t<meta property=\"og:image:type\" content=\"image\/jpeg\" \/>\n<meta name=\"author\" content=\"Filip\" \/>\n<meta name=\"twitter:card\" content=\"summary_large_image\" \/>\n<meta name=\"twitter:label1\" content=\"Napisane przez\" \/>\n\t<meta name=\"twitter:data1\" content=\"Filip\" \/>\n\t<meta name=\"twitter:label2\" content=\"Szacowany czas czytania\" \/>\n\t<meta name=\"twitter:data2\" content=\"3 minuty\" \/>\n<script type=\"application\/ld+json\" class=\"yoast-schema-graph\">{\"@context\":\"https:\/\/schema.org\",\"@graph\":[{\"@type\":\"Article\",\"@id\":\"https:\/\/www.pogotowieflagowe.pl\/aktualne\/skalowany-cpk-zatrzymane-plany-nuklearne-ciern-z-boku-rzadu-tuska\/#article\",\"isPartOf\":{\"@id\":\"https:\/\/www.pogotowieflagowe.pl\/aktualne\/skalowany-cpk-zatrzymane-plany-nuklearne-ciern-z-boku-rzadu-tuska\/\"},\"author\":{\"name\":\"Filip\",\"@id\":\"https:\/\/www.pogotowieflagowe.pl\/aktualne\/#\/schema\/person\/9c2fb7d2362ebf6fa088960d7f0d27b0\"},\"headline\":\"Skalowany CPK, zatrzymane plany nuklearne: cier\u0144 z boku rz\u0105du Tuska \u201d\",\"datePublished\":\"2025-04-30T18:46:48+00:00\",\"dateModified\":\"2025-04-30T18:46:48+00:00\",\"mainEntityOfPage\":{\"@id\":\"https:\/\/www.pogotowieflagowe.pl\/aktualne\/skalowany-cpk-zatrzymane-plany-nuklearne-ciern-z-boku-rzadu-tuska\/\"},\"wordCount\":545,\"publisher\":{\"@id\":\"https:\/\/www.pogotowieflagowe.pl\/aktualne\/#organization\"},\"image\":{\"@id\":\"https:\/\/www.pogotowieflagowe.pl\/aktualne\/skalowany-cpk-zatrzymane-plany-nuklearne-ciern-z-boku-rzadu-tuska\/#primaryimage\"},\"thumbnailUrl\":\"https:\/\/www.pogotowieflagowe.pl\/aktualne\/wp-content\/uploads\/2025\/01\/Kluczowa-decyzja-dla-Centralnego-Portu-Komunikacyjnego-w-Polsce.jpg\",\"keywords\":[\"boku\",\"cier\u0144\",\"CPK\",\"nuklearne\",\"Plany\",\"rz\u0105du\",\"Skalowany\",\"Tuska\",\"zatrzymane\"],\"articleSection\":[\"Biznes\"],\"inLanguage\":\"pl-PL\"},{\"@type\":\"WebPage\",\"@id\":\"https:\/\/www.pogotowieflagowe.pl\/aktualne\/skalowany-cpk-zatrzymane-plany-nuklearne-ciern-z-boku-rzadu-tuska\/\",\"url\":\"https:\/\/www.pogotowieflagowe.pl\/aktualne\/skalowany-cpk-zatrzymane-plany-nuklearne-ciern-z-boku-rzadu-tuska\/\",\"name\":\"Skalowany CPK, zatrzymane plany nuklearne: cier\u0144 z boku rz\u0105du Tuska \u201d - POGOTOWIE FLAGOWE\u00ae\",\"isPartOf\":{\"@id\":\"https:\/\/www.pogotowieflagowe.pl\/aktualne\/#website\"},\"primaryImageOfPage\":{\"@id\":\"https:\/\/www.pogotowieflagowe.pl\/aktualne\/skalowany-cpk-zatrzymane-plany-nuklearne-ciern-z-boku-rzadu-tuska\/#primaryimage\"},\"image\":{\"@id\":\"https:\/\/www.pogotowieflagowe.pl\/aktualne\/skalowany-cpk-zatrzymane-plany-nuklearne-ciern-z-boku-rzadu-tuska\/#primaryimage\"},\"thumbnailUrl\":\"https:\/\/www.pogotowieflagowe.pl\/aktualne\/wp-content\/uploads\/2025\/01\/Kluczowa-decyzja-dla-Centralnego-Portu-Komunikacyjnego-w-Polsce.jpg\",\"datePublished\":\"2025-04-30T18:46:48+00:00\",\"dateModified\":\"2025-04-30T18:46:48+00:00\",\"breadcrumb\":{\"@id\":\"https:\/\/www.pogotowieflagowe.pl\/aktualne\/skalowany-cpk-zatrzymane-plany-nuklearne-ciern-z-boku-rzadu-tuska\/#breadcrumb\"},\"inLanguage\":\"pl-PL\",\"potentialAction\":[{\"@type\":\"ReadAction\",\"target\":[\"https:\/\/www.pogotowieflagowe.pl\/aktualne\/skalowany-cpk-zatrzymane-plany-nuklearne-ciern-z-boku-rzadu-tuska\/\"]}]},{\"@type\":\"ImageObject\",\"inLanguage\":\"pl-PL\",\"@id\":\"https:\/\/www.pogotowieflagowe.pl\/aktualne\/skalowany-cpk-zatrzymane-plany-nuklearne-ciern-z-boku-rzadu-tuska\/#primaryimage\",\"url\":\"https:\/\/www.pogotowieflagowe.pl\/aktualne\/wp-content\/uploads\/2025\/01\/Kluczowa-decyzja-dla-Centralnego-Portu-Komunikacyjnego-w-Polsce.jpg\",\"contentUrl\":\"https:\/\/www.pogotowieflagowe.pl\/aktualne\/wp-content\/uploads\/2025\/01\/Kluczowa-decyzja-dla-Centralnego-Portu-Komunikacyjnego-w-Polsce.jpg\",\"width\":1200,\"height\":675,\"caption\":\"Kluczowa decyzja dla Centralnego Portu Komunikacyjnego w Polsce\"},{\"@type\":\"BreadcrumbList\",\"@id\":\"https:\/\/www.pogotowieflagowe.pl\/aktualne\/skalowany-cpk-zatrzymane-plany-nuklearne-ciern-z-boku-rzadu-tuska\/#breadcrumb\",\"itemListElement\":[{\"@type\":\"ListItem\",\"position\":1,\"name\":\"Home\",\"item\":\"https:\/\/www.pogotowieflagowe.pl\/aktualne\/\"},{\"@type\":\"ListItem\",\"position\":2,\"name\":\"Skalowany CPK, zatrzymane plany nuklearne: cier\u0144 z boku rz\u0105du Tuska \u201d\"}]},{\"@type\":\"WebSite\",\"@id\":\"https:\/\/www.pogotowieflagowe.pl\/aktualne\/#website\",\"url\":\"https:\/\/www.pogotowieflagowe.pl\/aktualne\/\",\"name\":\"POGOTOWIE FLAGOWE\u00ae\",\"description\":\"\",\"publisher\":{\"@id\":\"https:\/\/www.pogotowieflagowe.pl\/aktualne\/#organization\"},\"potentialAction\":[{\"@type\":\"SearchAction\",\"target\":{\"@type\":\"EntryPoint\",\"urlTemplate\":\"https:\/\/www.pogotowieflagowe.pl\/aktualne\/?s={search_term_string}\"},\"query-input\":\"required name=search_term_string\"}],\"inLanguage\":\"pl-PL\"},{\"@type\":\"Organization\",\"@id\":\"https:\/\/www.pogotowieflagowe.pl\/aktualne\/#organization\",\"name\":\"POGOTOWIE FLAGOWE\u00ae\",\"url\":\"https:\/\/www.pogotowieflagowe.pl\/aktualne\/\",\"logo\":{\"@type\":\"ImageObject\",\"inLanguage\":\"pl-PL\",\"@id\":\"https:\/\/www.pogotowieflagowe.pl\/aktualne\/#\/schema\/logo\/image\/\",\"url\":\"https:\/\/www.pogotowieflagowe.pl\/aktualne\/wp-content\/uploads\/2024\/08\/cropped-pogotowieflagowe_flaga_projekt_sm.jpg\",\"contentUrl\":\"https:\/\/www.pogotowieflagowe.pl\/aktualne\/wp-content\/uploads\/2024\/08\/cropped-pogotowieflagowe_flaga_projekt_sm.jpg\",\"width\":250,\"height\":143,\"caption\":\"POGOTOWIE FLAGOWE\u00ae\"},\"image\":{\"@id\":\"https:\/\/www.pogotowieflagowe.pl\/aktualne\/#\/schema\/logo\/image\/\"}},{\"@type\":\"Person\",\"@id\":\"https:\/\/www.pogotowieflagowe.pl\/aktualne\/#\/schema\/person\/9c2fb7d2362ebf6fa088960d7f0d27b0\",\"name\":\"Filip\",\"image\":{\"@type\":\"ImageObject\",\"inLanguage\":\"pl-PL\",\"@id\":\"https:\/\/www.pogotowieflagowe.pl\/aktualne\/#\/schema\/person\/image\/\",\"url\":\"https:\/\/www.pogotowieflagowe.pl\/aktualne\/wp-content\/uploads\/2024\/08\/pogotowieflagowe.pl_.jpg\",\"contentUrl\":\"https:\/\/www.pogotowieflagowe.pl\/aktualne\/wp-content\/uploads\/2024\/08\/pogotowieflagowe.pl_.jpg\",\"caption\":\"Filip\"},\"description\":\"Jestem Filip, polski dziennikarz z dyplomem nauk politycznych Uniwersytetu Warszawskiego. Rozpoczynaj\u0105c swoj\u0105 karier\u0119 w r\u00f3\u017cnych lokalnych mediach, zdoby\u0142em solidne do\u015bwiadczenie w zakresie \u015bledztwa i redakcji. Obecnie jako redaktor w Pogotowie flagowe, staram si\u0119 dostarcza\u0107 dog\u0142\u0119bne i istotne analizy na temat najwa\u017cniejszych kwestii aktualno\u015bci, \u0142\u0105cz\u0105c rygor z pasj\u0105 dziennikarsk\u0105.\",\"sameAs\":[\"https:\/\/www.pogotowieflagowe.pl\/\"]}]}<\/script>\n<!-- \/ Yoast SEO plugin. -->","yoast_head_json":{"title":"Skalowany CPK, zatrzymane plany nuklearne: cier\u0144 z boku rz\u0105du Tuska \u201d - POGOTOWIE FLAGOWE\u00ae","robots":{"index":"index","follow":"follow","max-snippet":"max-snippet:-1","max-image-preview":"max-image-preview:large","max-video-preview":"max-video-preview:-1"},"canonical":"https:\/\/www.pogotowieflagowe.pl\/aktualne\/skalowany-cpk-zatrzymane-plany-nuklearne-ciern-z-boku-rzadu-tuska\/","og_locale":"pl_PL","og_type":"article","og_title":"Skalowany CPK, zatrzymane plany nuklearne: cier\u0144 z boku rz\u0105du Tuska \u201d - POGOTOWIE FLAGOWE\u00ae","og_description":"Ostraczna opinia adwokata S\u0105du Sprawiedliwo\u015bci Unii Europejskiej na temat \u201ereform\u201d Adama Bodnara zada\u0142a powa\u017cny cios narracji rz\u0105du Donalda Tuska. Go\u015bciem","og_url":"https:\/\/www.pogotowieflagowe.pl\/aktualne\/skalowany-cpk-zatrzymane-plany-nuklearne-ciern-z-boku-rzadu-tuska\/","og_site_name":"POGOTOWIE FLAGOWE\u00ae","article_published_time":"2025-04-30T18:46:48+00:00","og_image":[{"width":1200,"height":675,"url":"https:\/\/www.pogotowieflagowe.pl\/aktualne\/wp-content\/uploads\/2025\/01\/Kluczowa-decyzja-dla-Centralnego-Portu-Komunikacyjnego-w-Polsce.jpg","type":"image\/jpeg"}],"author":"Filip","twitter_card":"summary_large_image","twitter_misc":{"Napisane przez":"Filip","Szacowany czas czytania":"3 minuty"},"schema":{"@context":"https:\/\/schema.org","@graph":[{"@type":"Article","@id":"https:\/\/www.pogotowieflagowe.pl\/aktualne\/skalowany-cpk-zatrzymane-plany-nuklearne-ciern-z-boku-rzadu-tuska\/#article","isPartOf":{"@id":"https:\/\/www.pogotowieflagowe.pl\/aktualne\/skalowany-cpk-zatrzymane-plany-nuklearne-ciern-z-boku-rzadu-tuska\/"},"author":{"name":"Filip","@id":"https:\/\/www.pogotowieflagowe.pl\/aktualne\/#\/schema\/person\/9c2fb7d2362ebf6fa088960d7f0d27b0"},"headline":"Skalowany CPK, zatrzymane plany nuklearne: cier\u0144 z boku rz\u0105du Tuska \u201d","datePublished":"2025-04-30T18:46:48+00:00","dateModified":"2025-04-30T18:46:48+00:00","mainEntityOfPage":{"@id":"https:\/\/www.pogotowieflagowe.pl\/aktualne\/skalowany-cpk-zatrzymane-plany-nuklearne-ciern-z-boku-rzadu-tuska\/"},"wordCount":545,"publisher":{"@id":"https:\/\/www.pogotowieflagowe.pl\/aktualne\/#organization"},"image":{"@id":"https:\/\/www.pogotowieflagowe.pl\/aktualne\/skalowany-cpk-zatrzymane-plany-nuklearne-ciern-z-boku-rzadu-tuska\/#primaryimage"},"thumbnailUrl":"https:\/\/www.pogotowieflagowe.pl\/aktualne\/wp-content\/uploads\/2025\/01\/Kluczowa-decyzja-dla-Centralnego-Portu-Komunikacyjnego-w-Polsce.jpg","keywords":["boku","cier\u0144","CPK","nuklearne","Plany","rz\u0105du","Skalowany","Tuska","zatrzymane"],"articleSection":["Biznes"],"inLanguage":"pl-PL"},{"@type":"WebPage","@id":"https:\/\/www.pogotowieflagowe.pl\/aktualne\/skalowany-cpk-zatrzymane-plany-nuklearne-ciern-z-boku-rzadu-tuska\/","url":"https:\/\/www.pogotowieflagowe.pl\/aktualne\/skalowany-cpk-zatrzymane-plany-nuklearne-ciern-z-boku-rzadu-tuska\/","name":"Skalowany CPK, zatrzymane plany nuklearne: cier\u0144 z boku rz\u0105du Tuska \u201d - POGOTOWIE FLAGOWE\u00ae","isPartOf":{"@id":"https:\/\/www.pogotowieflagowe.pl\/aktualne\/#website"},"primaryImageOfPage":{"@id":"https:\/\/www.pogotowieflagowe.pl\/aktualne\/skalowany-cpk-zatrzymane-plany-nuklearne-ciern-z-boku-rzadu-tuska\/#primaryimage"},"image":{"@id":"https:\/\/www.pogotowieflagowe.pl\/aktualne\/skalowany-cpk-zatrzymane-plany-nuklearne-ciern-z-boku-rzadu-tuska\/#primaryimage"},"thumbnailUrl":"https:\/\/www.pogotowieflagowe.pl\/aktualne\/wp-content\/uploads\/2025\/01\/Kluczowa-decyzja-dla-Centralnego-Portu-Komunikacyjnego-w-Polsce.jpg","datePublished":"2025-04-30T18:46:48+00:00","dateModified":"2025-04-30T18:46:48+00:00","breadcrumb":{"@id":"https:\/\/www.pogotowieflagowe.pl\/aktualne\/skalowany-cpk-zatrzymane-plany-nuklearne-ciern-z-boku-rzadu-tuska\/#breadcrumb"},"inLanguage":"pl-PL","potentialAction":[{"@type":"ReadAction","target":["https:\/\/www.pogotowieflagowe.pl\/aktualne\/skalowany-cpk-zatrzymane-plany-nuklearne-ciern-z-boku-rzadu-tuska\/"]}]},{"@type":"ImageObject","inLanguage":"pl-PL","@id":"https:\/\/www.pogotowieflagowe.pl\/aktualne\/skalowany-cpk-zatrzymane-plany-nuklearne-ciern-z-boku-rzadu-tuska\/#primaryimage","url":"https:\/\/www.pogotowieflagowe.pl\/aktualne\/wp-content\/uploads\/2025\/01\/Kluczowa-decyzja-dla-Centralnego-Portu-Komunikacyjnego-w-Polsce.jpg","contentUrl":"https:\/\/www.pogotowieflagowe.pl\/aktualne\/wp-content\/uploads\/2025\/01\/Kluczowa-decyzja-dla-Centralnego-Portu-Komunikacyjnego-w-Polsce.jpg","width":1200,"height":675,"caption":"Kluczowa decyzja dla Centralnego Portu Komunikacyjnego w Polsce"},{"@type":"BreadcrumbList","@id":"https:\/\/www.pogotowieflagowe.pl\/aktualne\/skalowany-cpk-zatrzymane-plany-nuklearne-ciern-z-boku-rzadu-tuska\/#breadcrumb","itemListElement":[{"@type":"ListItem","position":1,"name":"Home","item":"https:\/\/www.pogotowieflagowe.pl\/aktualne\/"},{"@type":"ListItem","position":2,"name":"Skalowany CPK, zatrzymane plany nuklearne: cier\u0144 z boku rz\u0105du Tuska \u201d"}]},{"@type":"WebSite","@id":"https:\/\/www.pogotowieflagowe.pl\/aktualne\/#website","url":"https:\/\/www.pogotowieflagowe.pl\/aktualne\/","name":"POGOTOWIE FLAGOWE\u00ae","description":"","publisher":{"@id":"https:\/\/www.pogotowieflagowe.pl\/aktualne\/#organization"},"potentialAction":[{"@type":"SearchAction","target":{"@type":"EntryPoint","urlTemplate":"https:\/\/www.pogotowieflagowe.pl\/aktualne\/?s={search_term_string}"},"query-input":"required name=search_term_string"}],"inLanguage":"pl-PL"},{"@type":"Organization","@id":"https:\/\/www.pogotowieflagowe.pl\/aktualne\/#organization","name":"POGOTOWIE FLAGOWE\u00ae","url":"https:\/\/www.pogotowieflagowe.pl\/aktualne\/","logo":{"@type":"ImageObject","inLanguage":"pl-PL","@id":"https:\/\/www.pogotowieflagowe.pl\/aktualne\/#\/schema\/logo\/image\/","url":"https:\/\/www.pogotowieflagowe.pl\/aktualne\/wp-content\/uploads\/2024\/08\/cropped-pogotowieflagowe_flaga_projekt_sm.jpg","contentUrl":"https:\/\/www.pogotowieflagowe.pl\/aktualne\/wp-content\/uploads\/2024\/08\/cropped-pogotowieflagowe_flaga_projekt_sm.jpg","width":250,"height":143,"caption":"POGOTOWIE FLAGOWE\u00ae"},"image":{"@id":"https:\/\/www.pogotowieflagowe.pl\/aktualne\/#\/schema\/logo\/image\/"}},{"@type":"Person","@id":"https:\/\/www.pogotowieflagowe.pl\/aktualne\/#\/schema\/person\/9c2fb7d2362ebf6fa088960d7f0d27b0","name":"Filip","image":{"@type":"ImageObject","inLanguage":"pl-PL","@id":"https:\/\/www.pogotowieflagowe.pl\/aktualne\/#\/schema\/person\/image\/","url":"https:\/\/www.pogotowieflagowe.pl\/aktualne\/wp-content\/uploads\/2024\/08\/pogotowieflagowe.pl_.jpg","contentUrl":"https:\/\/www.pogotowieflagowe.pl\/aktualne\/wp-content\/uploads\/2024\/08\/pogotowieflagowe.pl_.jpg","caption":"Filip"},"description":"Jestem Filip, polski dziennikarz z dyplomem nauk politycznych Uniwersytetu Warszawskiego. Rozpoczynaj\u0105c swoj\u0105 karier\u0119 w r\u00f3\u017cnych lokalnych mediach, zdoby\u0142em solidne do\u015bwiadczenie w zakresie \u015bledztwa i redakcji. Obecnie jako redaktor w Pogotowie flagowe, staram si\u0119 dostarcza\u0107 dog\u0142\u0119bne i istotne analizy na temat najwa\u017cniejszych kwestii aktualno\u015bci, \u0142\u0105cz\u0105c rygor z pasj\u0105 dziennikarsk\u0105.","sameAs":["https:\/\/www.pogotowieflagowe.pl\/"]}]}},"_links":{"self":[{"href":"https:\/\/www.pogotowieflagowe.pl\/aktualne\/wp-json\/wp\/v2\/posts\/5489","targetHints":{"allow":["GET"]}}],"collection":[{"href":"https:\/\/www.pogotowieflagowe.pl\/aktualne\/wp-json\/wp\/v2\/posts"}],"about":[{"href":"https:\/\/www.pogotowieflagowe.pl\/aktualne\/wp-json\/wp\/v2\/types\/post"}],"author":[{"embeddable":true,"href":"https:\/\/www.pogotowieflagowe.pl\/aktualne\/wp-json\/wp\/v2\/users\/1"}],"replies":[{"embeddable":true,"href":"https:\/\/www.pogotowieflagowe.pl\/aktualne\/wp-json\/wp\/v2\/comments?post=5489"}],"version-history":[{"count":1,"href":"https:\/\/www.pogotowieflagowe.pl\/aktualne\/wp-json\/wp\/v2\/posts\/5489\/revisions"}],"predecessor-version":[{"id":5490,"href":"https:\/\/www.pogotowieflagowe.pl\/aktualne\/wp-json\/wp\/v2\/posts\/5489\/revisions\/5490"}],"wp:featuredmedia":[{"embeddable":true,"href":"https:\/\/www.pogotowieflagowe.pl\/aktualne\/wp-json\/wp\/v2\/media\/2958"}],"wp:attachment":[{"href":"https:\/\/www.pogotowieflagowe.pl\/aktualne\/wp-json\/wp\/v2\/media?parent=5489"}],"wp:term":[{"taxonomy":"category","embeddable":true,"href":"https:\/\/www.pogotowieflagowe.pl\/aktualne\/wp-json\/wp\/v2\/categories?post=5489"},{"taxonomy":"post_tag","embeddable":true,"href":"https:\/\/www.pogotowieflagowe.pl\/aktualne\/wp-json\/wp\/v2\/tags?post=5489"}],"curies":[{"name":"wp","href":"https:\/\/api.w.org\/{rel}","templated":true}]}}