{"id":5502,"date":"2025-05-01T10:46:48","date_gmt":"2025-05-01T08:46:48","guid":{"rendered":"https:\/\/www.pogotowieflagowe.pl\/aktualne\/swiat-wraca-do-swoich-korzeni-tomasz-sakiewicz-odrzucenie-agresywnego-lewicy-przyspiesza\/"},"modified":"2025-05-01T10:46:49","modified_gmt":"2025-05-01T08:46:49","slug":"swiat-wraca-do-swoich-korzeni-tomasz-sakiewicz-odrzucenie-agresywnego-lewicy-przyspiesza","status":"publish","type":"post","link":"https:\/\/www.pogotowieflagowe.pl\/aktualne\/swiat-wraca-do-swoich-korzeni-tomasz-sakiewicz-odrzucenie-agresywnego-lewicy-przyspiesza\/","title":{"rendered":"\u015awiat wraca do swoich korzeni. Tomasz Sakiewicz: Odrzucenie agresywnego lewicy przyspiesza"},"content":{"rendered":"\n<div class=\"td_block_wrap tdb_single_content tdi_41 td-pb-border-top td_block_template_8 td-post-content tagdiv-type\" data-td-block-uid=\"tdi_41\">\n<style>.tdi_41 {margin-top: 0px! Wa\u017cne; margines-bottom: 0px! WA\u017bNY; PALDING-TOP: 0PX! WA\u017bNY; PALDING-BOTTOM: 0PX! WA\u017bNE}<\/style>\n<style>.tdb_single_content {margin-bottom: 0;*zoom: 1} .tdb_single_content: wcze\u015bniej, .tdb_single_content: po {display: Table; content: ''; line-height: 0} .TDB-BLOCK-INner>*: nie (.WP-BLOCK-QUOTE): not (.alignSwide): not (.Alignfull.wp-block-cover.has-parallax): not (.td-a-ad) {margin-left: auto; margin-right: auto} .tdb_single_ConTent a {wska\u017anik-events: auto} .tdb_single_content .td-spot-id-top_ad .tdc-placeholder-title: przed {content: \u201eArtyku\u0142 top ad\u201d! Wa\u017cne} .tdb_single_content .td-Spot-Id-inline_ad0 .tdc-placeholder-title 1 '! Wa\u017cne} .tdb_single_content .td-Spot-Id-inline_Ad1 .tdc-Placeholder-Title: przed {content: \u201eArtyku\u0142 inline AD 2'! Wa\u017cny} .tdb_single_content. 3 '! Wa\u017cne} .tdb_single_content .td-Spot-Id-Bottom_Ad .tdc-Placeholder-Title: przed {content: \u201eArtyku\u0142 Bottom Ad\u201d! Wa\u017cne} .tdb_single_content .id_top_ad, .tdb_single_content_content .id_bottom_ad {clear: oba; margin-bottom: 21px; text-align: Center} .tdb_single_content .id_top_ad img, .tdb_single_content .id_bottom_ad img {margin-bottom: 0} .tdb_single_conTent .id_top_ad .adsbyGoogle, .tdb_single_content .id_bottom_ad .adsbyGoogle {pozycja: relatyw} .tdb_single_content .id_ad_content-horiz-left, .tdb_single_content .id_ad_content-horiz-right, .tdb_single_content .id_ad_content-horiz-Center {margin-bottom: 15px} .tdb_single_content .id_ad_content-horiz-left Img, .tdb_single_content .id_ad_content-horiz-right img, .tdb_single_content .id_ad_content-horiz-centerter img {margin-bottom: 0} .tdb_single_content .id_ad_content-horiz-center {text-align: Center} .tdb_single_content .id_ad_content-horiz-center img {margin-right: auto; margin-let: auto} .tdb_single_content .id_ad_content-horiz-left {float: left; margin-top: 9px; margin-right: 21px} .tdb_single_content .id_ad_content-horiz-right {float: margin-top: 6px; margin-left: 21px} .tdb_single_content .tdc-a-a-ad .TDC-Placeholder-Title {szeroko\u015b\u0107: 300px; height: 250px} .tdb_single_content .tdc-a-ad .TDC-Placeholder-Title: Przed {Pozycja: Absolute; TOP: 50%;-WebKit-Transform: Translatey (-50%); Transform: Translatey (-50%); margines: auto; Display: Tabela; szeroko\u015b\u0107: 100%}. tdb_single_content .TDB-BLOCK-INNER.TD-FIX-INDEX {Word-Break: Break-word} .tdi_41, .tdi_41> p, .tdi_41 .tdb-block-inner> p, .Wp-Block-Column> p {font-size: 16px! Wa\u017cne; wa\u017cny; p {font-styl: normalne! Wa\u017cne} @media (Max-Width: 767px) {. tdb_single_content .id_ad_content-horiz-left, .tdb_single_content .id_ad_content-horiz-right, .tdb_single_content .id_ad_content-horiz-centter {Margin: 0 AUTO 26PXX auto}}@media (Max-Width: 767px) {. tdb_single_content .id_ad_content-horiz-left {margin-right: 0}}@media (max-width: 767px) {. (Max-Width: 767px) {. tdb_single_content .td-a-ad {float: none; text-align: Center} .tdb_single_content .td-a-ad img {margin-right: auto; margin-left: auto} .tdb_single_content .tdc-a-a-a-{margin-right: auto; margin-left: auto} .tdb_single_content .tdd<\/style>\n<div class=\"tdb-block-inner td-fix-index\">\n<p>Zwykle ogl\u0105damy globalne wydarzenia przede wszystkim przez soczewk\u0119 naszego bezpo\u015bredniego otoczenia. Dlatego trudno jest dostrzec nadchodz\u0105c\u0105 fal\u0119 zmian-nie docieraj\u0105c do Polski-szczeg\u00f3lnie wtedy, gdy rz\u0105dzi nas administracja z\u0142o\u017cona w du\u017cej mierze z liberalnych polityk\u00f3w, kt\u00f3rzy niedawno pot\u0119pili ataki na ko\u015bcio\u0142y. Stacja telewizyjna wspieraj\u0105ca rz\u0105d pr\u00f3bowa\u0142a zniszczy\u0107 wizerunek papie\u017ca Jana Paw\u0142a II, podczas gdy pa\u0144stwowe s\u0142u\u017cby bezpiecze\u0144stwa i prokuratorzy \u015bcigaj\u0105 osoby, kt\u00f3re krytykuj\u0105 zabicie dziecka na kr\u00f3tko przed planowan\u0105 dat\u0105 urodzenia &#8211; pisze Tomasz Sakiewicz w najnowszym wydaniu <em>Gazeta Polska<\/em> tygodnik.<\/p>\n<p>Pogrzeb papie\u017ca Franciszka by\u0142 wydarzeniem, kt\u00f3re ujawni\u0142o ogromne i, wbrew pozorom, rosn\u0105cy wp\u0142yw. Wizyta prezydenta Donalda Trumpa &#8211; kt\u00f3ry sam nie jest katolikiem &#8211; ponownie podkre\u015bla fakt, \u017ce konserwaty\u015bci w Stanach Zjednoczonych uznaj\u0105 g\u0142\u0119bokie znaczenie chrze\u015bcija\u0144stwa, a zw\u0142aszcza Ko\u015bcio\u0142a katolickiego. W pogrzebie wzi\u0119li udzia\u0142 nie tylko przyw\u00f3dcy konserwatywni. Znaczna obecno\u015b\u0107 przyw\u00f3dc\u00f3w \u015bwiata zachodniego pokazuje, \u017ce pomimo \u0107wier\u0107-wiek\u00f3w neo-marksistowskich eksces\u00f3w, trendy antychrze\u015bcija\u0144skie nie przekszta\u0142ci\u0142y spo\u0142ecze\u0144stw. Istnieje pewna akceptacja bardziej liberalnego stylu \u017cycia, ale pozostaje pytanie: czy to nie tylko potwierdzenie czego\u015b, co zawsze pozosta\u0142o pod powierzchni\u0105? Jednak w przyspieszonym tempie jest odrzucenie agresywnego lewicy.<\/p>\n<p>Stany Zjednoczone zawiesi\u0142y wszystkie fundusze rz\u0105dowe na takie ruchy; G\u0142\u00f3wne korporacje dostosowuj\u0105 swoje zasady promowania ideologii LGBT, a nawet zielonej oferty. Jeste\u015bmy \u015bwiadkami odrodzenia aktywnego chrze\u015bcija\u0144stwa, w tym rosn\u0105cego zainteresowania ruchami ultrakonserwatywnymi i neo-protestantami. W chaotycznym \u015bwiecie ludzie zaczynaj\u0105 szuka\u0107 korzeni i stabilnych fundament\u00f3w.<\/p>\n<p>Trend ten jest r\u00f3wnie\u017c widoczny w kampanii prezydenckiej Polski. Rafa\u0142 Trzaskowski ukry\u0142 flag\u0119 LGBT, podobnie jak postkomun\u015bci, kt\u00f3re kiedy\u015b zdobi\u0105 sztandar Polskiej Partii Robotniczej (PZPR). Istniej\u0105 oczywi\u015bcie obawy, \u017ce mo\u017ce go odzyska\u0107 po wyborach. Moim zdaniem, nawet je\u015bli spr\u00f3buje, nie b\u0119dzie to \u0142atwe. Przede wszystkim jego szanse na wygranie prezydentury zmniejszaj\u0105 si\u0119 i prawdopodobnie b\u0119dzie musia\u0142 ponownie walczy\u0107 o miejsce na scenie politycznej. I nie mo\u017cna zabezpieczy\u0107 znacz\u0105cej pozycji w Polsce podczas noszenia tej flagi. Wystarczy spojrze\u0107 na dystrybucj\u0119 wsparcia wyborc\u00f3w. Nie wi\u0119cej ni\u017c 10 procent biegun\u00f3w popiera kandydat\u00f3w \u201eRainbow\u201d.<\/p>\n<p>Zwolennicy tego ruchu mogli umie\u015bci\u0107 swoje nadzieje w Trzaskowskim, ale nawet wraz z nim nie przekraczaj\u0105 40 procent (uwa\u017cam, \u017ce wszelkie sonda\u017ce wykazuj\u0105ce go znacznie powy\u017cej 30 procent s\u0105 przeszacowaniami). Problem polega na tym, \u017ce Trzaskowski nie chce promowa\u0107 si\u0119 w tej grupie. Moim zdaniem, nawet w\u015br\u00f3d tych 30 procent, wielu wyborc\u00f3w nie przyjmuje najbardziej radykalnych wymaga\u0144 neo-marksistowskich ruch\u00f3w.<\/p>\n<p>Nie chc\u0119 definitywnie przewidzie\u0107, kto wygra wybory, chocia\u017c szanse Nawrockiego wyra\u017anie rosn\u0105. Jednak iluzj\u0105 jest my\u015blenie, \u017ce Polska mo\u017ce by\u0107 pomalowana na r\u00f3\u017cowo. \u015awiat zmienia si\u0119 szybko i dop\u00f3ki nie nast\u0105pi masowe represje i zniesienie demokracji, Polacy odrzuc\u0105 t\u0119 rewolucj\u0119 tak samo zdecydowanie, jak kiedy\u015b odrzucili swoich czerwonych poprzednik\u00f3w.<\/p>\n<\/div>\n<\/div>\n","protected":false},"excerpt":{"rendered":"<p>Zwykle ogl\u0105damy globalne wydarzenia przede wszystkim przez soczewk\u0119 naszego bezpo\u015bredniego otoczenia. Dlatego trudno jest dostrzec nadchodz\u0105c\u0105 fal\u0119 zmian-nie docieraj\u0105c do<\/p>\n","protected":false},"author":1,"featured_media":5503,"comment_status":"closed","ping_status":"","sticky":false,"template":"","format":"standard","meta":{"footnotes":""},"categories":[4748],"tags":[7270,7269,7271,3149,748,373,369,6841,372,1882],"class_list":["post-5502","post","type-post","status-publish","format-standard","has-post-thumbnail","hentry","category-aktualne","tag-agresywnego","tag-korzeni","tag-lewicy","tag-odrzucenie","tag-przyspiesza","tag-sakiewicz","tag-swiat","tag-swoich","tag-tomasz","tag-wraca","generate-columns","tablet-grid-50","mobile-grid-100","grid-parent","grid-50","resize-featured-image"],"yoast_head":"<!-- This site is optimized with the Yoast SEO plugin v23.2 - https:\/\/yoast.com\/wordpress\/plugins\/seo\/ -->\n<title>\u015awiat wraca do swoich korzeni. Tomasz Sakiewicz: Odrzucenie agresywnego lewicy przyspiesza - POGOTOWIE FLAGOWE\u00ae<\/title>\n<meta name=\"robots\" content=\"index, follow, max-snippet:-1, max-image-preview:large, max-video-preview:-1\" \/>\n<link rel=\"canonical\" href=\"https:\/\/www.pogotowieflagowe.pl\/aktualne\/swiat-wraca-do-swoich-korzeni-tomasz-sakiewicz-odrzucenie-agresywnego-lewicy-przyspiesza\/\" \/>\n<meta property=\"og:locale\" content=\"pl_PL\" \/>\n<meta property=\"og:type\" content=\"article\" \/>\n<meta property=\"og:title\" content=\"\u015awiat wraca do swoich korzeni. Tomasz Sakiewicz: Odrzucenie agresywnego lewicy przyspiesza - POGOTOWIE FLAGOWE\u00ae\" \/>\n<meta property=\"og:description\" content=\"Zwykle ogl\u0105damy globalne wydarzenia przede wszystkim przez soczewk\u0119 naszego bezpo\u015bredniego otoczenia. Dlatego trudno jest dostrzec nadchodz\u0105c\u0105 fal\u0119 zmian-nie docieraj\u0105c do\" \/>\n<meta property=\"og:url\" content=\"https:\/\/www.pogotowieflagowe.pl\/aktualne\/swiat-wraca-do-swoich-korzeni-tomasz-sakiewicz-odrzucenie-agresywnego-lewicy-przyspiesza\/\" \/>\n<meta property=\"og:site_name\" content=\"POGOTOWIE FLAGOWE\u00ae\" \/>\n<meta property=\"article:published_time\" content=\"2025-05-01T08:46:48+00:00\" \/>\n<meta property=\"article:modified_time\" content=\"2025-05-01T08:46:49+00:00\" \/>\n<meta property=\"og:image\" content=\"https:\/\/www.pogotowieflagowe.pl\/aktualne\/wp-content\/uploads\/2025\/05\/Swiat-wraca-do-swoich-korzeni-Tomasz-Sakiewicz-Odrzucenie-agresywnego-lewicy.webp.webp\" \/>\n\t<meta property=\"og:image:width\" content=\"1280\" \/>\n\t<meta property=\"og:image:height\" content=\"720\" \/>\n\t<meta property=\"og:image:type\" content=\"image\/webp\" \/>\n<meta name=\"author\" content=\"Filip\" \/>\n<meta name=\"twitter:card\" content=\"summary_large_image\" \/>\n<meta name=\"twitter:label1\" content=\"Napisane przez\" \/>\n\t<meta name=\"twitter:data1\" content=\"Filip\" \/>\n\t<meta name=\"twitter:label2\" content=\"Szacowany czas czytania\" \/>\n\t<meta name=\"twitter:data2\" content=\"3 minuty\" \/>\n<script type=\"application\/ld+json\" class=\"yoast-schema-graph\">{\"@context\":\"https:\/\/schema.org\",\"@graph\":[{\"@type\":\"Article\",\"@id\":\"https:\/\/www.pogotowieflagowe.pl\/aktualne\/swiat-wraca-do-swoich-korzeni-tomasz-sakiewicz-odrzucenie-agresywnego-lewicy-przyspiesza\/#article\",\"isPartOf\":{\"@id\":\"https:\/\/www.pogotowieflagowe.pl\/aktualne\/swiat-wraca-do-swoich-korzeni-tomasz-sakiewicz-odrzucenie-agresywnego-lewicy-przyspiesza\/\"},\"author\":{\"name\":\"Filip\",\"@id\":\"https:\/\/www.pogotowieflagowe.pl\/aktualne\/#\/schema\/person\/9c2fb7d2362ebf6fa088960d7f0d27b0\"},\"headline\":\"\u015awiat wraca do swoich korzeni. Tomasz Sakiewicz: Odrzucenie agresywnego lewicy przyspiesza\",\"datePublished\":\"2025-05-01T08:46:48+00:00\",\"dateModified\":\"2025-05-01T08:46:49+00:00\",\"mainEntityOfPage\":{\"@id\":\"https:\/\/www.pogotowieflagowe.pl\/aktualne\/swiat-wraca-do-swoich-korzeni-tomasz-sakiewicz-odrzucenie-agresywnego-lewicy-przyspiesza\/\"},\"wordCount\":514,\"publisher\":{\"@id\":\"https:\/\/www.pogotowieflagowe.pl\/aktualne\/#organization\"},\"image\":{\"@id\":\"https:\/\/www.pogotowieflagowe.pl\/aktualne\/swiat-wraca-do-swoich-korzeni-tomasz-sakiewicz-odrzucenie-agresywnego-lewicy-przyspiesza\/#primaryimage\"},\"thumbnailUrl\":\"https:\/\/www.pogotowieflagowe.pl\/aktualne\/wp-content\/uploads\/2025\/05\/Swiat-wraca-do-swoich-korzeni-Tomasz-Sakiewicz-Odrzucenie-agresywnego-lewicy.webp.webp\",\"keywords\":[\"agresywnego\",\"korzeni\",\"lewicy\",\"Odrzucenie\",\"przyspiesza\",\"Sakiewicz\",\"\u015awiat\",\"swoich\",\"Tomasz\",\"wraca\"],\"articleSection\":[\"Aktualne\"],\"inLanguage\":\"pl-PL\"},{\"@type\":\"WebPage\",\"@id\":\"https:\/\/www.pogotowieflagowe.pl\/aktualne\/swiat-wraca-do-swoich-korzeni-tomasz-sakiewicz-odrzucenie-agresywnego-lewicy-przyspiesza\/\",\"url\":\"https:\/\/www.pogotowieflagowe.pl\/aktualne\/swiat-wraca-do-swoich-korzeni-tomasz-sakiewicz-odrzucenie-agresywnego-lewicy-przyspiesza\/\",\"name\":\"\u015awiat wraca do swoich korzeni. Tomasz Sakiewicz: Odrzucenie agresywnego lewicy przyspiesza - POGOTOWIE FLAGOWE\u00ae\",\"isPartOf\":{\"@id\":\"https:\/\/www.pogotowieflagowe.pl\/aktualne\/#website\"},\"primaryImageOfPage\":{\"@id\":\"https:\/\/www.pogotowieflagowe.pl\/aktualne\/swiat-wraca-do-swoich-korzeni-tomasz-sakiewicz-odrzucenie-agresywnego-lewicy-przyspiesza\/#primaryimage\"},\"image\":{\"@id\":\"https:\/\/www.pogotowieflagowe.pl\/aktualne\/swiat-wraca-do-swoich-korzeni-tomasz-sakiewicz-odrzucenie-agresywnego-lewicy-przyspiesza\/#primaryimage\"},\"thumbnailUrl\":\"https:\/\/www.pogotowieflagowe.pl\/aktualne\/wp-content\/uploads\/2025\/05\/Swiat-wraca-do-swoich-korzeni-Tomasz-Sakiewicz-Odrzucenie-agresywnego-lewicy.webp.webp\",\"datePublished\":\"2025-05-01T08:46:48+00:00\",\"dateModified\":\"2025-05-01T08:46:49+00:00\",\"breadcrumb\":{\"@id\":\"https:\/\/www.pogotowieflagowe.pl\/aktualne\/swiat-wraca-do-swoich-korzeni-tomasz-sakiewicz-odrzucenie-agresywnego-lewicy-przyspiesza\/#breadcrumb\"},\"inLanguage\":\"pl-PL\",\"potentialAction\":[{\"@type\":\"ReadAction\",\"target\":[\"https:\/\/www.pogotowieflagowe.pl\/aktualne\/swiat-wraca-do-swoich-korzeni-tomasz-sakiewicz-odrzucenie-agresywnego-lewicy-przyspiesza\/\"]}]},{\"@type\":\"ImageObject\",\"inLanguage\":\"pl-PL\",\"@id\":\"https:\/\/www.pogotowieflagowe.pl\/aktualne\/swiat-wraca-do-swoich-korzeni-tomasz-sakiewicz-odrzucenie-agresywnego-lewicy-przyspiesza\/#primaryimage\",\"url\":\"https:\/\/www.pogotowieflagowe.pl\/aktualne\/wp-content\/uploads\/2025\/05\/Swiat-wraca-do-swoich-korzeni-Tomasz-Sakiewicz-Odrzucenie-agresywnego-lewicy.webp.webp\",\"contentUrl\":\"https:\/\/www.pogotowieflagowe.pl\/aktualne\/wp-content\/uploads\/2025\/05\/Swiat-wraca-do-swoich-korzeni-Tomasz-Sakiewicz-Odrzucenie-agresywnego-lewicy.webp.webp\",\"width\":1280,\"height\":720,\"caption\":\"\u015awiat wraca do swoich korzeni. Tomasz Sakiewicz: Odrzucenie agresywnego lewicy przyspiesza\"},{\"@type\":\"BreadcrumbList\",\"@id\":\"https:\/\/www.pogotowieflagowe.pl\/aktualne\/swiat-wraca-do-swoich-korzeni-tomasz-sakiewicz-odrzucenie-agresywnego-lewicy-przyspiesza\/#breadcrumb\",\"itemListElement\":[{\"@type\":\"ListItem\",\"position\":1,\"name\":\"Home\",\"item\":\"https:\/\/www.pogotowieflagowe.pl\/aktualne\/\"},{\"@type\":\"ListItem\",\"position\":2,\"name\":\"\u015awiat wraca do swoich korzeni. Tomasz Sakiewicz: Odrzucenie agresywnego lewicy przyspiesza\"}]},{\"@type\":\"WebSite\",\"@id\":\"https:\/\/www.pogotowieflagowe.pl\/aktualne\/#website\",\"url\":\"https:\/\/www.pogotowieflagowe.pl\/aktualne\/\",\"name\":\"POGOTOWIE FLAGOWE\u00ae\",\"description\":\"\",\"publisher\":{\"@id\":\"https:\/\/www.pogotowieflagowe.pl\/aktualne\/#organization\"},\"potentialAction\":[{\"@type\":\"SearchAction\",\"target\":{\"@type\":\"EntryPoint\",\"urlTemplate\":\"https:\/\/www.pogotowieflagowe.pl\/aktualne\/?s={search_term_string}\"},\"query-input\":\"required name=search_term_string\"}],\"inLanguage\":\"pl-PL\"},{\"@type\":\"Organization\",\"@id\":\"https:\/\/www.pogotowieflagowe.pl\/aktualne\/#organization\",\"name\":\"POGOTOWIE FLAGOWE\u00ae\",\"url\":\"https:\/\/www.pogotowieflagowe.pl\/aktualne\/\",\"logo\":{\"@type\":\"ImageObject\",\"inLanguage\":\"pl-PL\",\"@id\":\"https:\/\/www.pogotowieflagowe.pl\/aktualne\/#\/schema\/logo\/image\/\",\"url\":\"https:\/\/www.pogotowieflagowe.pl\/aktualne\/wp-content\/uploads\/2024\/08\/cropped-pogotowieflagowe_flaga_projekt_sm.jpg\",\"contentUrl\":\"https:\/\/www.pogotowieflagowe.pl\/aktualne\/wp-content\/uploads\/2024\/08\/cropped-pogotowieflagowe_flaga_projekt_sm.jpg\",\"width\":250,\"height\":143,\"caption\":\"POGOTOWIE FLAGOWE\u00ae\"},\"image\":{\"@id\":\"https:\/\/www.pogotowieflagowe.pl\/aktualne\/#\/schema\/logo\/image\/\"}},{\"@type\":\"Person\",\"@id\":\"https:\/\/www.pogotowieflagowe.pl\/aktualne\/#\/schema\/person\/9c2fb7d2362ebf6fa088960d7f0d27b0\",\"name\":\"Filip\",\"image\":{\"@type\":\"ImageObject\",\"inLanguage\":\"pl-PL\",\"@id\":\"https:\/\/www.pogotowieflagowe.pl\/aktualne\/#\/schema\/person\/image\/\",\"url\":\"https:\/\/www.pogotowieflagowe.pl\/aktualne\/wp-content\/uploads\/2024\/08\/pogotowieflagowe.pl_.jpg\",\"contentUrl\":\"https:\/\/www.pogotowieflagowe.pl\/aktualne\/wp-content\/uploads\/2024\/08\/pogotowieflagowe.pl_.jpg\",\"caption\":\"Filip\"},\"description\":\"Jestem Filip, polski dziennikarz z dyplomem nauk politycznych Uniwersytetu Warszawskiego. Rozpoczynaj\u0105c swoj\u0105 karier\u0119 w r\u00f3\u017cnych lokalnych mediach, zdoby\u0142em solidne do\u015bwiadczenie w zakresie \u015bledztwa i redakcji. Obecnie jako redaktor w Pogotowie flagowe, staram si\u0119 dostarcza\u0107 dog\u0142\u0119bne i istotne analizy na temat najwa\u017cniejszych kwestii aktualno\u015bci, \u0142\u0105cz\u0105c rygor z pasj\u0105 dziennikarsk\u0105.\",\"sameAs\":[\"https:\/\/www.pogotowieflagowe.pl\/\"]}]}<\/script>\n<!-- \/ Yoast SEO plugin. -->","yoast_head_json":{"title":"\u015awiat wraca do swoich korzeni. Tomasz Sakiewicz: Odrzucenie agresywnego lewicy przyspiesza - POGOTOWIE FLAGOWE\u00ae","robots":{"index":"index","follow":"follow","max-snippet":"max-snippet:-1","max-image-preview":"max-image-preview:large","max-video-preview":"max-video-preview:-1"},"canonical":"https:\/\/www.pogotowieflagowe.pl\/aktualne\/swiat-wraca-do-swoich-korzeni-tomasz-sakiewicz-odrzucenie-agresywnego-lewicy-przyspiesza\/","og_locale":"pl_PL","og_type":"article","og_title":"\u015awiat wraca do swoich korzeni. Tomasz Sakiewicz: Odrzucenie agresywnego lewicy przyspiesza - POGOTOWIE FLAGOWE\u00ae","og_description":"Zwykle ogl\u0105damy globalne wydarzenia przede wszystkim przez soczewk\u0119 naszego bezpo\u015bredniego otoczenia. Dlatego trudno jest dostrzec nadchodz\u0105c\u0105 fal\u0119 zmian-nie docieraj\u0105c do","og_url":"https:\/\/www.pogotowieflagowe.pl\/aktualne\/swiat-wraca-do-swoich-korzeni-tomasz-sakiewicz-odrzucenie-agresywnego-lewicy-przyspiesza\/","og_site_name":"POGOTOWIE FLAGOWE\u00ae","article_published_time":"2025-05-01T08:46:48+00:00","article_modified_time":"2025-05-01T08:46:49+00:00","og_image":[{"width":1280,"height":720,"url":"https:\/\/www.pogotowieflagowe.pl\/aktualne\/wp-content\/uploads\/2025\/05\/Swiat-wraca-do-swoich-korzeni-Tomasz-Sakiewicz-Odrzucenie-agresywnego-lewicy.webp.webp","type":"image\/webp"}],"author":"Filip","twitter_card":"summary_large_image","twitter_misc":{"Napisane przez":"Filip","Szacowany czas czytania":"3 minuty"},"schema":{"@context":"https:\/\/schema.org","@graph":[{"@type":"Article","@id":"https:\/\/www.pogotowieflagowe.pl\/aktualne\/swiat-wraca-do-swoich-korzeni-tomasz-sakiewicz-odrzucenie-agresywnego-lewicy-przyspiesza\/#article","isPartOf":{"@id":"https:\/\/www.pogotowieflagowe.pl\/aktualne\/swiat-wraca-do-swoich-korzeni-tomasz-sakiewicz-odrzucenie-agresywnego-lewicy-przyspiesza\/"},"author":{"name":"Filip","@id":"https:\/\/www.pogotowieflagowe.pl\/aktualne\/#\/schema\/person\/9c2fb7d2362ebf6fa088960d7f0d27b0"},"headline":"\u015awiat wraca do swoich korzeni. Tomasz Sakiewicz: Odrzucenie agresywnego lewicy przyspiesza","datePublished":"2025-05-01T08:46:48+00:00","dateModified":"2025-05-01T08:46:49+00:00","mainEntityOfPage":{"@id":"https:\/\/www.pogotowieflagowe.pl\/aktualne\/swiat-wraca-do-swoich-korzeni-tomasz-sakiewicz-odrzucenie-agresywnego-lewicy-przyspiesza\/"},"wordCount":514,"publisher":{"@id":"https:\/\/www.pogotowieflagowe.pl\/aktualne\/#organization"},"image":{"@id":"https:\/\/www.pogotowieflagowe.pl\/aktualne\/swiat-wraca-do-swoich-korzeni-tomasz-sakiewicz-odrzucenie-agresywnego-lewicy-przyspiesza\/#primaryimage"},"thumbnailUrl":"https:\/\/www.pogotowieflagowe.pl\/aktualne\/wp-content\/uploads\/2025\/05\/Swiat-wraca-do-swoich-korzeni-Tomasz-Sakiewicz-Odrzucenie-agresywnego-lewicy.webp.webp","keywords":["agresywnego","korzeni","lewicy","Odrzucenie","przyspiesza","Sakiewicz","\u015awiat","swoich","Tomasz","wraca"],"articleSection":["Aktualne"],"inLanguage":"pl-PL"},{"@type":"WebPage","@id":"https:\/\/www.pogotowieflagowe.pl\/aktualne\/swiat-wraca-do-swoich-korzeni-tomasz-sakiewicz-odrzucenie-agresywnego-lewicy-przyspiesza\/","url":"https:\/\/www.pogotowieflagowe.pl\/aktualne\/swiat-wraca-do-swoich-korzeni-tomasz-sakiewicz-odrzucenie-agresywnego-lewicy-przyspiesza\/","name":"\u015awiat wraca do swoich korzeni. Tomasz Sakiewicz: Odrzucenie agresywnego lewicy przyspiesza - POGOTOWIE FLAGOWE\u00ae","isPartOf":{"@id":"https:\/\/www.pogotowieflagowe.pl\/aktualne\/#website"},"primaryImageOfPage":{"@id":"https:\/\/www.pogotowieflagowe.pl\/aktualne\/swiat-wraca-do-swoich-korzeni-tomasz-sakiewicz-odrzucenie-agresywnego-lewicy-przyspiesza\/#primaryimage"},"image":{"@id":"https:\/\/www.pogotowieflagowe.pl\/aktualne\/swiat-wraca-do-swoich-korzeni-tomasz-sakiewicz-odrzucenie-agresywnego-lewicy-przyspiesza\/#primaryimage"},"thumbnailUrl":"https:\/\/www.pogotowieflagowe.pl\/aktualne\/wp-content\/uploads\/2025\/05\/Swiat-wraca-do-swoich-korzeni-Tomasz-Sakiewicz-Odrzucenie-agresywnego-lewicy.webp.webp","datePublished":"2025-05-01T08:46:48+00:00","dateModified":"2025-05-01T08:46:49+00:00","breadcrumb":{"@id":"https:\/\/www.pogotowieflagowe.pl\/aktualne\/swiat-wraca-do-swoich-korzeni-tomasz-sakiewicz-odrzucenie-agresywnego-lewicy-przyspiesza\/#breadcrumb"},"inLanguage":"pl-PL","potentialAction":[{"@type":"ReadAction","target":["https:\/\/www.pogotowieflagowe.pl\/aktualne\/swiat-wraca-do-swoich-korzeni-tomasz-sakiewicz-odrzucenie-agresywnego-lewicy-przyspiesza\/"]}]},{"@type":"ImageObject","inLanguage":"pl-PL","@id":"https:\/\/www.pogotowieflagowe.pl\/aktualne\/swiat-wraca-do-swoich-korzeni-tomasz-sakiewicz-odrzucenie-agresywnego-lewicy-przyspiesza\/#primaryimage","url":"https:\/\/www.pogotowieflagowe.pl\/aktualne\/wp-content\/uploads\/2025\/05\/Swiat-wraca-do-swoich-korzeni-Tomasz-Sakiewicz-Odrzucenie-agresywnego-lewicy.webp.webp","contentUrl":"https:\/\/www.pogotowieflagowe.pl\/aktualne\/wp-content\/uploads\/2025\/05\/Swiat-wraca-do-swoich-korzeni-Tomasz-Sakiewicz-Odrzucenie-agresywnego-lewicy.webp.webp","width":1280,"height":720,"caption":"\u015awiat wraca do swoich korzeni. Tomasz Sakiewicz: Odrzucenie agresywnego lewicy przyspiesza"},{"@type":"BreadcrumbList","@id":"https:\/\/www.pogotowieflagowe.pl\/aktualne\/swiat-wraca-do-swoich-korzeni-tomasz-sakiewicz-odrzucenie-agresywnego-lewicy-przyspiesza\/#breadcrumb","itemListElement":[{"@type":"ListItem","position":1,"name":"Home","item":"https:\/\/www.pogotowieflagowe.pl\/aktualne\/"},{"@type":"ListItem","position":2,"name":"\u015awiat wraca do swoich korzeni. Tomasz Sakiewicz: Odrzucenie agresywnego lewicy przyspiesza"}]},{"@type":"WebSite","@id":"https:\/\/www.pogotowieflagowe.pl\/aktualne\/#website","url":"https:\/\/www.pogotowieflagowe.pl\/aktualne\/","name":"POGOTOWIE FLAGOWE\u00ae","description":"","publisher":{"@id":"https:\/\/www.pogotowieflagowe.pl\/aktualne\/#organization"},"potentialAction":[{"@type":"SearchAction","target":{"@type":"EntryPoint","urlTemplate":"https:\/\/www.pogotowieflagowe.pl\/aktualne\/?s={search_term_string}"},"query-input":"required name=search_term_string"}],"inLanguage":"pl-PL"},{"@type":"Organization","@id":"https:\/\/www.pogotowieflagowe.pl\/aktualne\/#organization","name":"POGOTOWIE FLAGOWE\u00ae","url":"https:\/\/www.pogotowieflagowe.pl\/aktualne\/","logo":{"@type":"ImageObject","inLanguage":"pl-PL","@id":"https:\/\/www.pogotowieflagowe.pl\/aktualne\/#\/schema\/logo\/image\/","url":"https:\/\/www.pogotowieflagowe.pl\/aktualne\/wp-content\/uploads\/2024\/08\/cropped-pogotowieflagowe_flaga_projekt_sm.jpg","contentUrl":"https:\/\/www.pogotowieflagowe.pl\/aktualne\/wp-content\/uploads\/2024\/08\/cropped-pogotowieflagowe_flaga_projekt_sm.jpg","width":250,"height":143,"caption":"POGOTOWIE FLAGOWE\u00ae"},"image":{"@id":"https:\/\/www.pogotowieflagowe.pl\/aktualne\/#\/schema\/logo\/image\/"}},{"@type":"Person","@id":"https:\/\/www.pogotowieflagowe.pl\/aktualne\/#\/schema\/person\/9c2fb7d2362ebf6fa088960d7f0d27b0","name":"Filip","image":{"@type":"ImageObject","inLanguage":"pl-PL","@id":"https:\/\/www.pogotowieflagowe.pl\/aktualne\/#\/schema\/person\/image\/","url":"https:\/\/www.pogotowieflagowe.pl\/aktualne\/wp-content\/uploads\/2024\/08\/pogotowieflagowe.pl_.jpg","contentUrl":"https:\/\/www.pogotowieflagowe.pl\/aktualne\/wp-content\/uploads\/2024\/08\/pogotowieflagowe.pl_.jpg","caption":"Filip"},"description":"Jestem Filip, polski dziennikarz z dyplomem nauk politycznych Uniwersytetu Warszawskiego. Rozpoczynaj\u0105c swoj\u0105 karier\u0119 w r\u00f3\u017cnych lokalnych mediach, zdoby\u0142em solidne do\u015bwiadczenie w zakresie \u015bledztwa i redakcji. Obecnie jako redaktor w Pogotowie flagowe, staram si\u0119 dostarcza\u0107 dog\u0142\u0119bne i istotne analizy na temat najwa\u017cniejszych kwestii aktualno\u015bci, \u0142\u0105cz\u0105c rygor z pasj\u0105 dziennikarsk\u0105.","sameAs":["https:\/\/www.pogotowieflagowe.pl\/"]}]}},"_links":{"self":[{"href":"https:\/\/www.pogotowieflagowe.pl\/aktualne\/wp-json\/wp\/v2\/posts\/5502","targetHints":{"allow":["GET"]}}],"collection":[{"href":"https:\/\/www.pogotowieflagowe.pl\/aktualne\/wp-json\/wp\/v2\/posts"}],"about":[{"href":"https:\/\/www.pogotowieflagowe.pl\/aktualne\/wp-json\/wp\/v2\/types\/post"}],"author":[{"embeddable":true,"href":"https:\/\/www.pogotowieflagowe.pl\/aktualne\/wp-json\/wp\/v2\/users\/1"}],"replies":[{"embeddable":true,"href":"https:\/\/www.pogotowieflagowe.pl\/aktualne\/wp-json\/wp\/v2\/comments?post=5502"}],"version-history":[{"count":1,"href":"https:\/\/www.pogotowieflagowe.pl\/aktualne\/wp-json\/wp\/v2\/posts\/5502\/revisions"}],"predecessor-version":[{"id":5504,"href":"https:\/\/www.pogotowieflagowe.pl\/aktualne\/wp-json\/wp\/v2\/posts\/5502\/revisions\/5504"}],"wp:featuredmedia":[{"embeddable":true,"href":"https:\/\/www.pogotowieflagowe.pl\/aktualne\/wp-json\/wp\/v2\/media\/5503"}],"wp:attachment":[{"href":"https:\/\/www.pogotowieflagowe.pl\/aktualne\/wp-json\/wp\/v2\/media?parent=5502"}],"wp:term":[{"taxonomy":"category","embeddable":true,"href":"https:\/\/www.pogotowieflagowe.pl\/aktualne\/wp-json\/wp\/v2\/categories?post=5502"},{"taxonomy":"post_tag","embeddable":true,"href":"https:\/\/www.pogotowieflagowe.pl\/aktualne\/wp-json\/wp\/v2\/tags?post=5502"}],"curies":[{"name":"wp","href":"https:\/\/api.w.org\/{rel}","templated":true}]}}