{"id":5535,"date":"2025-05-02T13:46:49","date_gmt":"2025-05-02T11:46:49","guid":{"rendered":"https:\/\/www.pogotowieflagowe.pl\/aktualne\/dzien-polskich-spolecznosci-i-biegunow-mieszkajacych-za-granica-2-maja\/"},"modified":"2025-05-02T13:46:50","modified_gmt":"2025-05-02T11:46:50","slug":"dzien-polskich-spolecznosci-i-biegunow-mieszkajacych-za-granica-2-maja","status":"publish","type":"post","link":"https:\/\/www.pogotowieflagowe.pl\/aktualne\/dzien-polskich-spolecznosci-i-biegunow-mieszkajacych-za-granica-2-maja\/","title":{"rendered":"Dzie\u0144 polskich spo\u0142eczno\u015bci i biegun\u00f3w mieszkaj\u0105cych za granic\u0105 &#8211; 2 maja"},"content":{"rendered":"\n<div class=\"td_block_wrap tdb_single_content tdi_41 td-pb-border-top td_block_template_8 td-post-content tagdiv-type\" data-td-block-uid=\"tdi_41\">\n<style>.tdi_41 {margin-top: 0px! Wa\u017cne; margines-bottom: 0px! WA\u017bNY; PALDING-TOP: 0PX! WA\u017bNY; PALDING-BOTTOM: 0PX! WA\u017bNE}<\/style>\n<style>.tdb_single_content {margin-bottom: 0;*zoom: 1} .tdb_single_content: wcze\u015bniej, .tdb_single_content: po {display: Table; content: ''; line-height: 0} .TDB-BLOCK-INner>*: nie (.WP-BLOCK-QUOTE): not (.alignSwide): not (.Alignfull.wp-block-cover.has-parallax): not (.td-a-ad) {margin-left: auto; margin-right: auto} .tdb_single_ConTent a {wska\u017anik-events: auto} .tdb_single_content .td-spot-id-top_ad .tdc-placeholder-title: przed {content: \u201eArtyku\u0142 top ad\u201d! Wa\u017cne} .tdb_single_content .td-Spot-Id-inline_ad0 .tdc-placeholder-title 1 '! Wa\u017cne} .tdb_single_content .td-Spot-Id-inline_Ad1 .tdc-Placeholder-Title: przed {content: \u201eArtyku\u0142 inline AD 2'! Wa\u017cny} .tdb_single_content. 3 '! Wa\u017cne} .tdb_single_content .td-Spot-Id-Bottom_Ad .tdc-Placeholder-Title: przed {content: \u201eArtyku\u0142 Bottom Ad\u201d! Wa\u017cne} .tdb_single_content .id_top_ad, .tdb_single_content_content .id_bottom_ad {clear: oba; margin-bottom: 21px; text-align: Center} .tdb_single_content .id_top_ad img, .tdb_single_content .id_bottom_ad img {margin-bottom: 0} .tdb_single_conTent .id_top_ad .adsbyGoogle, .tdb_single_content .id_bottom_ad .adsbyGoogle {pozycja: relatyw} .tdb_single_content .id_ad_content-horiz-left, .tdb_single_content .id_ad_content-horiz-right, .tdb_single_content .id_ad_content-horiz-Center {margin-bottom: 15px} .tdb_single_content .id_ad_content-horiz-left Img, .tdb_single_content .id_ad_content-horiz-right img, .tdb_single_content .id_ad_content-horiz-centerter img {margin-bottom: 0} .tdb_single_content .id_ad_content-horiz-center {text-align: Center} .tdb_single_content .id_ad_content-horiz-center img {margin-right: auto; margin-let: auto} .tdb_single_content .id_ad_content-horiz-left {float: left; margin-top: 9px; margin-right: 21px} .tdb_single_content .id_ad_content-horiz-right {float: margin-top: 6px; margin-left: 21px} .tdb_single_content .tdc-a-a-ad .TDC-Placeholder-Title {szeroko\u015b\u0107: 300px; height: 250px} .tdb_single_content .tdc-a-ad .TDC-Placeholder-Title: Przed {Pozycja: Absolute; TOP: 50%;-WebKit-Transform: Translatey (-50%); Transform: Translatey (-50%); margines: auto; Display: Tabela; szeroko\u015b\u0107: 100%}. tdb_single_content .TDB-BLOCK-INNER.TD-FIX-INDEX {Word-Break: Break-word} .tdi_41, .tdi_41> p, .tdi_41 .tdb-block-inner> p, .Wp-Block-Column> p {font-size: 16px! Wa\u017cne; wa\u017cny; p {font-styl: normalne! Wa\u017cne} @media (Max-Width: 767px) {. tdb_single_content .id_ad_content-horiz-left, .tdb_single_content .id_ad_content-horiz-right, .tdb_single_content .id_ad_content-horiz-centter {Margin: 0 AUTO 26PXX auto}}@media (Max-Width: 767px) {. tdb_single_content .id_ad_content-horiz-left {margin-right: 0}}@media (max-width: 767px) {. (Max-Width: 767px) {. tdb_single_content .td-a-ad {float: none; text-align: Center} .tdb_single_content .td-a-ad img {margin-right: auto; margin-left: auto} .tdb_single_content .tdc-a-a-a-{margin-right: auto; margin-left: auto} .tdb_single_content .tdd<\/style>\n<div class=\"tdb-block-inner td-fix-index\">\n<p>Dzisiaj, 2 maja 2025 r., \u015awi\u0119tujemy dzie\u0144 Polonii i Polak\u00f3w za granic\u0105. Ten dzie\u0144 po\u015bwi\u0119cony jest milionom biegun\u00f3w, kt\u00f3rzy opu\u015bcili ojczyzn\u0119 i osiedlili si\u0119 w r\u00f3\u017cnych cz\u0119\u015bciach \u015bwiata. To dzie\u0144, aby uzna\u0107 ich wk\u0142ad w ich przyj\u0119te kraje i ich ci\u0105g\u0142e powi\u0105zania z Polsk\u0105.<\/p>\n<figure class=\"wp-block-embed is-type-rich is-provider-twitter wp-block-embed-twitter\">\n<div class=\"wp-block-embed__wrapper\">\n<blockquote class=\"twitter-tweet\" data-width=\"550\" data-dnt=\"true\">\n<p lang=\"en\" dir=\"ltr\">\ud83c\uddf5\ud83c\uddf1 2 maja \u015bwi\u0119tujemy dzie\u0144 polskich spo\u0142eczno\u015bci i s\u0142up\u00f3w mieszkaj\u0105cych za granic\u0105. Tego specjalnego dnia g\u0142\u0119bokie podzi\u0119kowania dla polskiej spo\u0142eczno\u015bci i Polak\u00f3w za granic\u0105 za ich partnerstwo w rozwoju polityki zagranicznej kraju i jej interes\u00f3w na ca\u0142ym \u015bwiecie. <a rel=\"nofollow\" href=\"https:\/\/t.co\/bSmRFrZR1H\">pic.twitter.com\/bsmrfrzr1h<\/a><\/p>\n<p>&#8211; fundacja pami\u0119ci narodOW (@Pamiecnarodow) <a rel=\"nofollow\" href=\"https:\/\/twitter.com\/PamiecNarodow\/status\/1520890632847474689?ref_src=twsrc%5Etfw\">1 maja 2022 r<\/a><\/p><\/blockquote>\n<\/div>\n<\/figure>\n<hr class=\"wp-block-separator has-alpha-channel-opacity\">\n<p>Polska diaspora to du\u017ca i zr\u00f3\u017cnicowana spo\u0142eczno\u015b\u0107, z znacz\u0105cymi populacjami w Stanach Zjednoczonych, Kanadzie, Brazylii, Australii i Wielkiej Brytanii. Wni\u00f3s\u0142 cenny wk\u0142ad w swoje nowe kraje, wzbogacaj\u0105c swoje kultury w polski j\u0119zyk, zwyczaje i tradycje. Utrzymali tak\u017ce polsk\u0105 kultur\u0119 i tradycje, zachowuj\u0105c ich dziedzictwo i przekazuj\u0105c je przysz\u0142ym pokoleniom.<\/p>\n<p>Dzie\u0144 Polonii i Polak\u00f3w za granic\u0105 jest okazj\u0105 do \u015bwi\u0119towania r\u00f3\u017cnorodno\u015bci i odporno\u015bci polskiej spo\u0142eczno\u015bci na ca\u0142ym \u015bwiecie. Przypomina to znaczenie utrzymania silnych powi\u0105za\u0144 z Polsk\u0105 i trwa\u0142ymi wi\u0105zaniami, kt\u00f3re \u0142\u0105cz\u0105 bieguny, gdziekolwiek mog\u0105 by\u0107. Po\u015bwi\u0119\u0107my ten dzie\u0144, aby uhonorowa\u0107 osi\u0105gni\u0119cia polskiej diaspory i potwierdzi\u0107 nasze zaanga\u017cowanie we wspieranie ich ci\u0105g\u0142ego sukcesu i rozwoju.<\/p>\n<\/div>\n<\/div>\n<p><script async src=\"https:\/\/platform.twitter.com\/widgets.js\" charset=\"utf-8\"><\/script><\/p>\n","protected":false},"excerpt":{"rendered":"<p>Dzisiaj, 2 maja 2025 r., \u015awi\u0119tujemy dzie\u0144 Polonii i Polak\u00f3w za granic\u0105. Ten dzie\u0144 po\u015bwi\u0119cony jest milionom biegun\u00f3w, kt\u00f3rzy opu\u015bcili<\/p>\n","protected":false},"author":1,"featured_media":5536,"comment_status":"closed","ping_status":"","sticky":false,"template":"","format":"standard","meta":{"footnotes":""},"categories":[47],"tags":[6485,1078,432,2704,7291,83,1459],"class_list":["post-5535","post","type-post","status-publish","format-standard","has-post-thumbnail","hentry","category-styl-zycia","tag-biegunow","tag-dzien","tag-granica","tag-maja","tag-mieszkajacych","tag-polskich","tag-spolecznosci","generate-columns","tablet-grid-50","mobile-grid-100","grid-parent","grid-50","resize-featured-image"],"yoast_head":"<!-- This site is optimized with the Yoast SEO plugin v23.2 - https:\/\/yoast.com\/wordpress\/plugins\/seo\/ -->\n<title>Dzie\u0144 polskich spo\u0142eczno\u015bci i biegun\u00f3w mieszkaj\u0105cych za granic\u0105 - 2 maja - POGOTOWIE FLAGOWE\u00ae<\/title>\n<meta name=\"robots\" content=\"index, follow, max-snippet:-1, max-image-preview:large, max-video-preview:-1\" \/>\n<link rel=\"canonical\" href=\"https:\/\/www.pogotowieflagowe.pl\/aktualne\/dzien-polskich-spolecznosci-i-biegunow-mieszkajacych-za-granica-2-maja\/\" \/>\n<meta property=\"og:locale\" content=\"pl_PL\" \/>\n<meta property=\"og:type\" content=\"article\" \/>\n<meta property=\"og:title\" content=\"Dzie\u0144 polskich spo\u0142eczno\u015bci i biegun\u00f3w mieszkaj\u0105cych za granic\u0105 - 2 maja - POGOTOWIE FLAGOWE\u00ae\" \/>\n<meta property=\"og:description\" content=\"Dzisiaj, 2 maja 2025 r., \u015awi\u0119tujemy dzie\u0144 Polonii i Polak\u00f3w za granic\u0105. Ten dzie\u0144 po\u015bwi\u0119cony jest milionom biegun\u00f3w, kt\u00f3rzy opu\u015bcili\" \/>\n<meta property=\"og:url\" content=\"https:\/\/www.pogotowieflagowe.pl\/aktualne\/dzien-polskich-spolecznosci-i-biegunow-mieszkajacych-za-granica-2-maja\/\" \/>\n<meta property=\"og:site_name\" content=\"POGOTOWIE FLAGOWE\u00ae\" \/>\n<meta property=\"article:published_time\" content=\"2025-05-02T11:46:49+00:00\" \/>\n<meta property=\"article:modified_time\" content=\"2025-05-02T11:46:50+00:00\" \/>\n<meta property=\"og:image\" content=\"https:\/\/www.pogotowieflagowe.pl\/aktualne\/wp-content\/uploads\/2025\/05\/Dzien-polskich-spolecznosci-i-biegunow-mieszkajacych-za-granica-2.jpg\" \/>\n\t<meta property=\"og:image:width\" content=\"1080\" \/>\n\t<meta property=\"og:image:height\" content=\"905\" \/>\n\t<meta property=\"og:image:type\" content=\"image\/jpeg\" \/>\n<meta name=\"author\" content=\"Filip\" \/>\n<meta name=\"twitter:card\" content=\"summary_large_image\" \/>\n<meta name=\"twitter:label1\" content=\"Napisane przez\" \/>\n\t<meta name=\"twitter:data1\" content=\"Filip\" \/>\n\t<meta name=\"twitter:label2\" content=\"Szacowany czas czytania\" \/>\n\t<meta name=\"twitter:data2\" content=\"1 minuta\" \/>\n<script type=\"application\/ld+json\" class=\"yoast-schema-graph\">{\"@context\":\"https:\/\/schema.org\",\"@graph\":[{\"@type\":\"Article\",\"@id\":\"https:\/\/www.pogotowieflagowe.pl\/aktualne\/dzien-polskich-spolecznosci-i-biegunow-mieszkajacych-za-granica-2-maja\/#article\",\"isPartOf\":{\"@id\":\"https:\/\/www.pogotowieflagowe.pl\/aktualne\/dzien-polskich-spolecznosci-i-biegunow-mieszkajacych-za-granica-2-maja\/\"},\"author\":{\"name\":\"Filip\",\"@id\":\"https:\/\/www.pogotowieflagowe.pl\/aktualne\/#\/schema\/person\/9c2fb7d2362ebf6fa088960d7f0d27b0\"},\"headline\":\"Dzie\u0144 polskich spo\u0142eczno\u015bci i biegun\u00f3w mieszkaj\u0105cych za granic\u0105 &#8211; 2 maja\",\"datePublished\":\"2025-05-02T11:46:49+00:00\",\"dateModified\":\"2025-05-02T11:46:50+00:00\",\"mainEntityOfPage\":{\"@id\":\"https:\/\/www.pogotowieflagowe.pl\/aktualne\/dzien-polskich-spolecznosci-i-biegunow-mieszkajacych-za-granica-2-maja\/\"},\"wordCount\":266,\"publisher\":{\"@id\":\"https:\/\/www.pogotowieflagowe.pl\/aktualne\/#organization\"},\"image\":{\"@id\":\"https:\/\/www.pogotowieflagowe.pl\/aktualne\/dzien-polskich-spolecznosci-i-biegunow-mieszkajacych-za-granica-2-maja\/#primaryimage\"},\"thumbnailUrl\":\"https:\/\/www.pogotowieflagowe.pl\/aktualne\/wp-content\/uploads\/2025\/05\/Dzien-polskich-spolecznosci-i-biegunow-mieszkajacych-za-granica-2.jpg\",\"keywords\":[\"biegun\u00f3w\",\"Dzie\u0144\",\"granic\u0105\",\"maj\u0105\",\"mieszkaj\u0105cych\",\"polskich\",\"spo\u0142eczno\u015bci\"],\"articleSection\":[\"Styl \u017cycia\"],\"inLanguage\":\"pl-PL\"},{\"@type\":\"WebPage\",\"@id\":\"https:\/\/www.pogotowieflagowe.pl\/aktualne\/dzien-polskich-spolecznosci-i-biegunow-mieszkajacych-za-granica-2-maja\/\",\"url\":\"https:\/\/www.pogotowieflagowe.pl\/aktualne\/dzien-polskich-spolecznosci-i-biegunow-mieszkajacych-za-granica-2-maja\/\",\"name\":\"Dzie\u0144 polskich spo\u0142eczno\u015bci i biegun\u00f3w mieszkaj\u0105cych za granic\u0105 - 2 maja - POGOTOWIE FLAGOWE\u00ae\",\"isPartOf\":{\"@id\":\"https:\/\/www.pogotowieflagowe.pl\/aktualne\/#website\"},\"primaryImageOfPage\":{\"@id\":\"https:\/\/www.pogotowieflagowe.pl\/aktualne\/dzien-polskich-spolecznosci-i-biegunow-mieszkajacych-za-granica-2-maja\/#primaryimage\"},\"image\":{\"@id\":\"https:\/\/www.pogotowieflagowe.pl\/aktualne\/dzien-polskich-spolecznosci-i-biegunow-mieszkajacych-za-granica-2-maja\/#primaryimage\"},\"thumbnailUrl\":\"https:\/\/www.pogotowieflagowe.pl\/aktualne\/wp-content\/uploads\/2025\/05\/Dzien-polskich-spolecznosci-i-biegunow-mieszkajacych-za-granica-2.jpg\",\"datePublished\":\"2025-05-02T11:46:49+00:00\",\"dateModified\":\"2025-05-02T11:46:50+00:00\",\"breadcrumb\":{\"@id\":\"https:\/\/www.pogotowieflagowe.pl\/aktualne\/dzien-polskich-spolecznosci-i-biegunow-mieszkajacych-za-granica-2-maja\/#breadcrumb\"},\"inLanguage\":\"pl-PL\",\"potentialAction\":[{\"@type\":\"ReadAction\",\"target\":[\"https:\/\/www.pogotowieflagowe.pl\/aktualne\/dzien-polskich-spolecznosci-i-biegunow-mieszkajacych-za-granica-2-maja\/\"]}]},{\"@type\":\"ImageObject\",\"inLanguage\":\"pl-PL\",\"@id\":\"https:\/\/www.pogotowieflagowe.pl\/aktualne\/dzien-polskich-spolecznosci-i-biegunow-mieszkajacych-za-granica-2-maja\/#primaryimage\",\"url\":\"https:\/\/www.pogotowieflagowe.pl\/aktualne\/wp-content\/uploads\/2025\/05\/Dzien-polskich-spolecznosci-i-biegunow-mieszkajacych-za-granica-2.jpg\",\"contentUrl\":\"https:\/\/www.pogotowieflagowe.pl\/aktualne\/wp-content\/uploads\/2025\/05\/Dzien-polskich-spolecznosci-i-biegunow-mieszkajacych-za-granica-2.jpg\",\"width\":1080,\"height\":905,\"caption\":\"Dzie\u0144 polskich spo\u0142eczno\u015bci i biegun\u00f3w mieszkaj\u0105cych za granic\u0105 - 2 maja\"},{\"@type\":\"BreadcrumbList\",\"@id\":\"https:\/\/www.pogotowieflagowe.pl\/aktualne\/dzien-polskich-spolecznosci-i-biegunow-mieszkajacych-za-granica-2-maja\/#breadcrumb\",\"itemListElement\":[{\"@type\":\"ListItem\",\"position\":1,\"name\":\"Home\",\"item\":\"https:\/\/www.pogotowieflagowe.pl\/aktualne\/\"},{\"@type\":\"ListItem\",\"position\":2,\"name\":\"Dzie\u0144 polskich spo\u0142eczno\u015bci i biegun\u00f3w mieszkaj\u0105cych za granic\u0105 &#8211; 2 maja\"}]},{\"@type\":\"WebSite\",\"@id\":\"https:\/\/www.pogotowieflagowe.pl\/aktualne\/#website\",\"url\":\"https:\/\/www.pogotowieflagowe.pl\/aktualne\/\",\"name\":\"POGOTOWIE FLAGOWE\u00ae\",\"description\":\"\",\"publisher\":{\"@id\":\"https:\/\/www.pogotowieflagowe.pl\/aktualne\/#organization\"},\"potentialAction\":[{\"@type\":\"SearchAction\",\"target\":{\"@type\":\"EntryPoint\",\"urlTemplate\":\"https:\/\/www.pogotowieflagowe.pl\/aktualne\/?s={search_term_string}\"},\"query-input\":\"required name=search_term_string\"}],\"inLanguage\":\"pl-PL\"},{\"@type\":\"Organization\",\"@id\":\"https:\/\/www.pogotowieflagowe.pl\/aktualne\/#organization\",\"name\":\"POGOTOWIE FLAGOWE\u00ae\",\"url\":\"https:\/\/www.pogotowieflagowe.pl\/aktualne\/\",\"logo\":{\"@type\":\"ImageObject\",\"inLanguage\":\"pl-PL\",\"@id\":\"https:\/\/www.pogotowieflagowe.pl\/aktualne\/#\/schema\/logo\/image\/\",\"url\":\"https:\/\/www.pogotowieflagowe.pl\/aktualne\/wp-content\/uploads\/2024\/08\/cropped-pogotowieflagowe_flaga_projekt_sm.jpg\",\"contentUrl\":\"https:\/\/www.pogotowieflagowe.pl\/aktualne\/wp-content\/uploads\/2024\/08\/cropped-pogotowieflagowe_flaga_projekt_sm.jpg\",\"width\":250,\"height\":143,\"caption\":\"POGOTOWIE FLAGOWE\u00ae\"},\"image\":{\"@id\":\"https:\/\/www.pogotowieflagowe.pl\/aktualne\/#\/schema\/logo\/image\/\"}},{\"@type\":\"Person\",\"@id\":\"https:\/\/www.pogotowieflagowe.pl\/aktualne\/#\/schema\/person\/9c2fb7d2362ebf6fa088960d7f0d27b0\",\"name\":\"Filip\",\"image\":{\"@type\":\"ImageObject\",\"inLanguage\":\"pl-PL\",\"@id\":\"https:\/\/www.pogotowieflagowe.pl\/aktualne\/#\/schema\/person\/image\/\",\"url\":\"https:\/\/www.pogotowieflagowe.pl\/aktualne\/wp-content\/uploads\/2024\/08\/pogotowieflagowe.pl_.jpg\",\"contentUrl\":\"https:\/\/www.pogotowieflagowe.pl\/aktualne\/wp-content\/uploads\/2024\/08\/pogotowieflagowe.pl_.jpg\",\"caption\":\"Filip\"},\"description\":\"Jestem Filip, polski dziennikarz z dyplomem nauk politycznych Uniwersytetu Warszawskiego. Rozpoczynaj\u0105c swoj\u0105 karier\u0119 w r\u00f3\u017cnych lokalnych mediach, zdoby\u0142em solidne do\u015bwiadczenie w zakresie \u015bledztwa i redakcji. Obecnie jako redaktor w Pogotowie flagowe, staram si\u0119 dostarcza\u0107 dog\u0142\u0119bne i istotne analizy na temat najwa\u017cniejszych kwestii aktualno\u015bci, \u0142\u0105cz\u0105c rygor z pasj\u0105 dziennikarsk\u0105.\",\"sameAs\":[\"https:\/\/www.pogotowieflagowe.pl\/\"]}]}<\/script>\n<!-- \/ Yoast SEO plugin. -->","yoast_head_json":{"title":"Dzie\u0144 polskich spo\u0142eczno\u015bci i biegun\u00f3w mieszkaj\u0105cych za granic\u0105 - 2 maja - POGOTOWIE FLAGOWE\u00ae","robots":{"index":"index","follow":"follow","max-snippet":"max-snippet:-1","max-image-preview":"max-image-preview:large","max-video-preview":"max-video-preview:-1"},"canonical":"https:\/\/www.pogotowieflagowe.pl\/aktualne\/dzien-polskich-spolecznosci-i-biegunow-mieszkajacych-za-granica-2-maja\/","og_locale":"pl_PL","og_type":"article","og_title":"Dzie\u0144 polskich spo\u0142eczno\u015bci i biegun\u00f3w mieszkaj\u0105cych za granic\u0105 - 2 maja - POGOTOWIE FLAGOWE\u00ae","og_description":"Dzisiaj, 2 maja 2025 r., \u015awi\u0119tujemy dzie\u0144 Polonii i Polak\u00f3w za granic\u0105. Ten dzie\u0144 po\u015bwi\u0119cony jest milionom biegun\u00f3w, kt\u00f3rzy opu\u015bcili","og_url":"https:\/\/www.pogotowieflagowe.pl\/aktualne\/dzien-polskich-spolecznosci-i-biegunow-mieszkajacych-za-granica-2-maja\/","og_site_name":"POGOTOWIE FLAGOWE\u00ae","article_published_time":"2025-05-02T11:46:49+00:00","article_modified_time":"2025-05-02T11:46:50+00:00","og_image":[{"width":1080,"height":905,"url":"https:\/\/www.pogotowieflagowe.pl\/aktualne\/wp-content\/uploads\/2025\/05\/Dzien-polskich-spolecznosci-i-biegunow-mieszkajacych-za-granica-2.jpg","type":"image\/jpeg"}],"author":"Filip","twitter_card":"summary_large_image","twitter_misc":{"Napisane przez":"Filip","Szacowany czas czytania":"1 minuta"},"schema":{"@context":"https:\/\/schema.org","@graph":[{"@type":"Article","@id":"https:\/\/www.pogotowieflagowe.pl\/aktualne\/dzien-polskich-spolecznosci-i-biegunow-mieszkajacych-za-granica-2-maja\/#article","isPartOf":{"@id":"https:\/\/www.pogotowieflagowe.pl\/aktualne\/dzien-polskich-spolecznosci-i-biegunow-mieszkajacych-za-granica-2-maja\/"},"author":{"name":"Filip","@id":"https:\/\/www.pogotowieflagowe.pl\/aktualne\/#\/schema\/person\/9c2fb7d2362ebf6fa088960d7f0d27b0"},"headline":"Dzie\u0144 polskich spo\u0142eczno\u015bci i biegun\u00f3w mieszkaj\u0105cych za granic\u0105 &#8211; 2 maja","datePublished":"2025-05-02T11:46:49+00:00","dateModified":"2025-05-02T11:46:50+00:00","mainEntityOfPage":{"@id":"https:\/\/www.pogotowieflagowe.pl\/aktualne\/dzien-polskich-spolecznosci-i-biegunow-mieszkajacych-za-granica-2-maja\/"},"wordCount":266,"publisher":{"@id":"https:\/\/www.pogotowieflagowe.pl\/aktualne\/#organization"},"image":{"@id":"https:\/\/www.pogotowieflagowe.pl\/aktualne\/dzien-polskich-spolecznosci-i-biegunow-mieszkajacych-za-granica-2-maja\/#primaryimage"},"thumbnailUrl":"https:\/\/www.pogotowieflagowe.pl\/aktualne\/wp-content\/uploads\/2025\/05\/Dzien-polskich-spolecznosci-i-biegunow-mieszkajacych-za-granica-2.jpg","keywords":["biegun\u00f3w","Dzie\u0144","granic\u0105","maj\u0105","mieszkaj\u0105cych","polskich","spo\u0142eczno\u015bci"],"articleSection":["Styl \u017cycia"],"inLanguage":"pl-PL"},{"@type":"WebPage","@id":"https:\/\/www.pogotowieflagowe.pl\/aktualne\/dzien-polskich-spolecznosci-i-biegunow-mieszkajacych-za-granica-2-maja\/","url":"https:\/\/www.pogotowieflagowe.pl\/aktualne\/dzien-polskich-spolecznosci-i-biegunow-mieszkajacych-za-granica-2-maja\/","name":"Dzie\u0144 polskich spo\u0142eczno\u015bci i biegun\u00f3w mieszkaj\u0105cych za granic\u0105 - 2 maja - POGOTOWIE FLAGOWE\u00ae","isPartOf":{"@id":"https:\/\/www.pogotowieflagowe.pl\/aktualne\/#website"},"primaryImageOfPage":{"@id":"https:\/\/www.pogotowieflagowe.pl\/aktualne\/dzien-polskich-spolecznosci-i-biegunow-mieszkajacych-za-granica-2-maja\/#primaryimage"},"image":{"@id":"https:\/\/www.pogotowieflagowe.pl\/aktualne\/dzien-polskich-spolecznosci-i-biegunow-mieszkajacych-za-granica-2-maja\/#primaryimage"},"thumbnailUrl":"https:\/\/www.pogotowieflagowe.pl\/aktualne\/wp-content\/uploads\/2025\/05\/Dzien-polskich-spolecznosci-i-biegunow-mieszkajacych-za-granica-2.jpg","datePublished":"2025-05-02T11:46:49+00:00","dateModified":"2025-05-02T11:46:50+00:00","breadcrumb":{"@id":"https:\/\/www.pogotowieflagowe.pl\/aktualne\/dzien-polskich-spolecznosci-i-biegunow-mieszkajacych-za-granica-2-maja\/#breadcrumb"},"inLanguage":"pl-PL","potentialAction":[{"@type":"ReadAction","target":["https:\/\/www.pogotowieflagowe.pl\/aktualne\/dzien-polskich-spolecznosci-i-biegunow-mieszkajacych-za-granica-2-maja\/"]}]},{"@type":"ImageObject","inLanguage":"pl-PL","@id":"https:\/\/www.pogotowieflagowe.pl\/aktualne\/dzien-polskich-spolecznosci-i-biegunow-mieszkajacych-za-granica-2-maja\/#primaryimage","url":"https:\/\/www.pogotowieflagowe.pl\/aktualne\/wp-content\/uploads\/2025\/05\/Dzien-polskich-spolecznosci-i-biegunow-mieszkajacych-za-granica-2.jpg","contentUrl":"https:\/\/www.pogotowieflagowe.pl\/aktualne\/wp-content\/uploads\/2025\/05\/Dzien-polskich-spolecznosci-i-biegunow-mieszkajacych-za-granica-2.jpg","width":1080,"height":905,"caption":"Dzie\u0144 polskich spo\u0142eczno\u015bci i biegun\u00f3w mieszkaj\u0105cych za granic\u0105 - 2 maja"},{"@type":"BreadcrumbList","@id":"https:\/\/www.pogotowieflagowe.pl\/aktualne\/dzien-polskich-spolecznosci-i-biegunow-mieszkajacych-za-granica-2-maja\/#breadcrumb","itemListElement":[{"@type":"ListItem","position":1,"name":"Home","item":"https:\/\/www.pogotowieflagowe.pl\/aktualne\/"},{"@type":"ListItem","position":2,"name":"Dzie\u0144 polskich spo\u0142eczno\u015bci i biegun\u00f3w mieszkaj\u0105cych za granic\u0105 &#8211; 2 maja"}]},{"@type":"WebSite","@id":"https:\/\/www.pogotowieflagowe.pl\/aktualne\/#website","url":"https:\/\/www.pogotowieflagowe.pl\/aktualne\/","name":"POGOTOWIE FLAGOWE\u00ae","description":"","publisher":{"@id":"https:\/\/www.pogotowieflagowe.pl\/aktualne\/#organization"},"potentialAction":[{"@type":"SearchAction","target":{"@type":"EntryPoint","urlTemplate":"https:\/\/www.pogotowieflagowe.pl\/aktualne\/?s={search_term_string}"},"query-input":"required name=search_term_string"}],"inLanguage":"pl-PL"},{"@type":"Organization","@id":"https:\/\/www.pogotowieflagowe.pl\/aktualne\/#organization","name":"POGOTOWIE FLAGOWE\u00ae","url":"https:\/\/www.pogotowieflagowe.pl\/aktualne\/","logo":{"@type":"ImageObject","inLanguage":"pl-PL","@id":"https:\/\/www.pogotowieflagowe.pl\/aktualne\/#\/schema\/logo\/image\/","url":"https:\/\/www.pogotowieflagowe.pl\/aktualne\/wp-content\/uploads\/2024\/08\/cropped-pogotowieflagowe_flaga_projekt_sm.jpg","contentUrl":"https:\/\/www.pogotowieflagowe.pl\/aktualne\/wp-content\/uploads\/2024\/08\/cropped-pogotowieflagowe_flaga_projekt_sm.jpg","width":250,"height":143,"caption":"POGOTOWIE FLAGOWE\u00ae"},"image":{"@id":"https:\/\/www.pogotowieflagowe.pl\/aktualne\/#\/schema\/logo\/image\/"}},{"@type":"Person","@id":"https:\/\/www.pogotowieflagowe.pl\/aktualne\/#\/schema\/person\/9c2fb7d2362ebf6fa088960d7f0d27b0","name":"Filip","image":{"@type":"ImageObject","inLanguage":"pl-PL","@id":"https:\/\/www.pogotowieflagowe.pl\/aktualne\/#\/schema\/person\/image\/","url":"https:\/\/www.pogotowieflagowe.pl\/aktualne\/wp-content\/uploads\/2024\/08\/pogotowieflagowe.pl_.jpg","contentUrl":"https:\/\/www.pogotowieflagowe.pl\/aktualne\/wp-content\/uploads\/2024\/08\/pogotowieflagowe.pl_.jpg","caption":"Filip"},"description":"Jestem Filip, polski dziennikarz z dyplomem nauk politycznych Uniwersytetu Warszawskiego. Rozpoczynaj\u0105c swoj\u0105 karier\u0119 w r\u00f3\u017cnych lokalnych mediach, zdoby\u0142em solidne do\u015bwiadczenie w zakresie \u015bledztwa i redakcji. Obecnie jako redaktor w Pogotowie flagowe, staram si\u0119 dostarcza\u0107 dog\u0142\u0119bne i istotne analizy na temat najwa\u017cniejszych kwestii aktualno\u015bci, \u0142\u0105cz\u0105c rygor z pasj\u0105 dziennikarsk\u0105.","sameAs":["https:\/\/www.pogotowieflagowe.pl\/"]}]}},"_links":{"self":[{"href":"https:\/\/www.pogotowieflagowe.pl\/aktualne\/wp-json\/wp\/v2\/posts\/5535","targetHints":{"allow":["GET"]}}],"collection":[{"href":"https:\/\/www.pogotowieflagowe.pl\/aktualne\/wp-json\/wp\/v2\/posts"}],"about":[{"href":"https:\/\/www.pogotowieflagowe.pl\/aktualne\/wp-json\/wp\/v2\/types\/post"}],"author":[{"embeddable":true,"href":"https:\/\/www.pogotowieflagowe.pl\/aktualne\/wp-json\/wp\/v2\/users\/1"}],"replies":[{"embeddable":true,"href":"https:\/\/www.pogotowieflagowe.pl\/aktualne\/wp-json\/wp\/v2\/comments?post=5535"}],"version-history":[{"count":1,"href":"https:\/\/www.pogotowieflagowe.pl\/aktualne\/wp-json\/wp\/v2\/posts\/5535\/revisions"}],"predecessor-version":[{"id":5537,"href":"https:\/\/www.pogotowieflagowe.pl\/aktualne\/wp-json\/wp\/v2\/posts\/5535\/revisions\/5537"}],"wp:featuredmedia":[{"embeddable":true,"href":"https:\/\/www.pogotowieflagowe.pl\/aktualne\/wp-json\/wp\/v2\/media\/5536"}],"wp:attachment":[{"href":"https:\/\/www.pogotowieflagowe.pl\/aktualne\/wp-json\/wp\/v2\/media?parent=5535"}],"wp:term":[{"taxonomy":"category","embeddable":true,"href":"https:\/\/www.pogotowieflagowe.pl\/aktualne\/wp-json\/wp\/v2\/categories?post=5535"},{"taxonomy":"post_tag","embeddable":true,"href":"https:\/\/www.pogotowieflagowe.pl\/aktualne\/wp-json\/wp\/v2\/tags?post=5535"}],"curies":[{"name":"wp","href":"https:\/\/api.w.org\/{rel}","templated":true}]}}