{"id":5558,"date":"2025-05-03T16:46:48","date_gmt":"2025-05-03T14:46:48","guid":{"rendered":"https:\/\/www.pogotowieflagowe.pl\/aktualne\/karol-nawrocki-wyrusza-do-chicago-na-3-maja-z-polskimi-amerykanami\/"},"modified":"2025-05-03T16:46:50","modified_gmt":"2025-05-03T14:46:50","slug":"karol-nawrocki-wyrusza-do-chicago-na-3-maja-z-polskimi-amerykanami","status":"publish","type":"post","link":"https:\/\/www.pogotowieflagowe.pl\/aktualne\/karol-nawrocki-wyrusza-do-chicago-na-3-maja-z-polskimi-amerykanami\/","title":{"rendered":"Karol Nawrocki wyrusza do Chicago na 3 maja z polskimi Amerykanami"},"content":{"rendered":"\n<div class=\"td_block_wrap tdb_single_content tdi_41 td-pb-border-top td_block_template_8 td-post-content tagdiv-type\" data-td-block-uid=\"tdi_41\">\n<style>.tdi_41 {margin-top: 0px! Wa\u017cne; margines-bottom: 0px! WA\u017bNY; PALDING-TOP: 0PX! WA\u017bNY; PALDING-BOTTOM: 0PX! WA\u017bNE}<\/style>\n<style>.tdb_single_content {margin-bottom: 0;*zoom: 1} .tdb_single_content: wcze\u015bniej, .tdb_single_content: po {display: Table; content: ''; line-height: 0} .TDB-BLOCK-INner>*: nie (.WP-BLOCK-QUOTE): not (.alignSwide): not (.Alignfull.wp-block-cover.has-parallax): not (.td-a-ad) {margin-left: auto; margin-right: auto} .tdb_single_ConTent a {wska\u017anik-events: auto} .tdb_single_content .td-spot-id-top_ad .tdc-placeholder-title: przed {content: \u201eArtyku\u0142 top ad\u201d! Wa\u017cne} .tdb_single_content .td-Spot-Id-inline_ad0 .tdc-placeholder-title 1 '! Wa\u017cne} .tdb_single_content .td-Spot-Id-inline_Ad1 .tdc-Placeholder-Title: przed {content: \u201eArtyku\u0142 inline AD 2'! Wa\u017cny} .tdb_single_content. 3 '! Wa\u017cne} .tdb_single_content .td-Spot-Id-Bottom_Ad .tdc-Placeholder-Title: przed {content: \u201eArtyku\u0142 Bottom Ad\u201d! Wa\u017cne} .tdb_single_content .id_top_ad, .tdb_single_content_content .id_bottom_ad {clear: oba; margin-bottom: 21px; text-align: Center} .tdb_single_content .id_top_ad img, .tdb_single_content .id_bottom_ad img {margin-bottom: 0} .tdb_single_conTent .id_top_ad .adsbyGoogle, .tdb_single_content .id_bottom_ad .adsbyGoogle {pozycja: relatyw} .tdb_single_content .id_ad_content-horiz-left, .tdb_single_content .id_ad_content-horiz-right, .tdb_single_content .id_ad_content-horiz-Center {margin-bottom: 15px} .tdb_single_content .id_ad_content-horiz-left Img, .tdb_single_content .id_ad_content-horiz-right img, .tdb_single_content .id_ad_content-horiz-centerter img {margin-bottom: 0} .tdb_single_content .id_ad_content-horiz-center {text-align: Center} .tdb_single_content .id_ad_content-horiz-center img {margin-right: auto; margin-let: auto} .tdb_single_content .id_ad_content-horiz-left {float: left; margin-top: 9px; margin-right: 21px} .tdb_single_content .id_ad_content-horiz-right {float: margin-top: 6px; margin-left: 21px} .tdb_single_content .tdc-a-a-ad .TDC-Placeholder-Title {szeroko\u015b\u0107: 300px; height: 250px} .tdb_single_content .tdc-a-ad .TDC-Placeholder-Title: Przed {Pozycja: Absolute; TOP: 50%;-WebKit-Transform: Translatey (-50%); Transform: Translatey (-50%); margines: auto; Display: Tabela; szeroko\u015b\u0107: 100%}. tdb_single_content .TDB-BLOCK-INNER.TD-FIX-INDEX {Word-Break: Break-word} .tdi_41, .tdi_41> p, .tdi_41 .tdb-block-inner> p, .Wp-Block-Column> p {font-size: 16px! Wa\u017cne; wa\u017cny; p {font-styl: normalne! Wa\u017cne} @media (Max-Width: 767px) {. tdb_single_content .id_ad_content-horiz-left, .tdb_single_content .id_ad_content-horiz-right, .tdb_single_content .id_ad_content-horiz-centter {Margin: 0 AUTO 26PXX auto}}@media (Max-Width: 767px) {. tdb_single_content .id_ad_content-horiz-left {margin-right: 0}}@media (max-width: 767px) {. (Max-Width: 767px) {. tdb_single_content .td-a-ad {float: none; text-align: Center} .tdb_single_content .td-a-ad img {margin-right: auto; margin-left: auto} .tdb_single_content .tdc-a-a-a-{margin-right: auto; margin-left: auto} .tdb_single_content .tdd<\/style>\n<div class=\"tdb-block-inner td-fix-index\">\n<p>Obecnie odwiedzaj\u0105c Stany Zjednoczone, Karol Nawrocki b\u0119dzie w Chicago w sobot\u0119. Tam spotka si\u0119 z cz\u0142onkami lokalnej polskiej spo\u0142eczno\u015bci i uczestniczy w ceremoniach upami\u0119tniaj\u0105cych konstytucj\u0119 3 maja.<\/p>\n<p>Warto przypomnie\u0107, \u017ce Karol Nawrocki jest w Stanach Zjednoczonych od czwartku. W Waszyngtonie bra\u0142 udzia\u0142 w spotkaniach z cz\u0142onkami Kongresu i wiod\u0105cymi ameryka\u0144skimi postaciami politycznymi, w tym mi\u0119dzy innymi Sekretarza Stanu Marka Rubio.<\/p>\n<p>Przeczytaj wi\u0119cej<span class=\"screen-reader-text\">: Karol Nawrocki wyrusza do Chicago na 3 maja z polskimi Amerykanami<\/span><\/p>\n<ul class=\"wp-block-list\">\n<li>Nawrocki po rozmowach w Bia\u0142ym Domu: \u201eCz\u0142onkowie Kongresu s\u0105 w pe\u0142ni \u015bwiadomi narusze\u0144 praworz\u0105dno\u015bci w Polsce\u201d<\/li>\n<li>Karol Nawrocki spotyka si\u0119 z senatorami USA &#8211; wcze\u015bniej rozmawia\u0142 z Marco Rubio<\/li>\n<\/ul>\n<p>Po po\u0142udniu (lokalny czas w USA) by\u0142 tak\u017ce go\u015bciem prezydenta Donalda Trumpa, kt\u00f3ry go\u015bci\u0142 Karol Nawrocki w Bia\u0142ym Domu.<\/p>\n<p>Przeczytaj wi\u0119cej<span class=\"screen-reader-text\">: Karol Nawrocki wyrusza do Chicago na 3 maja z polskimi Amerykanami<\/span><\/p>\n<ul class=\"wp-block-list\">\n<li>Bia\u0142y Dom potwierdza spotkanie jeden na jednego mi\u0119dzy Nawrockimi i Trumpem<\/li>\n<li>Waszyngton nie jest \u015blepy na Polsk\u0119: Nawrocki ujawnia, o co pytaj\u0105 ameryka\u0144scy urz\u0119dnicy<\/li>\n<\/ul>\n<\/div>\n<\/div>\n","protected":false},"excerpt":{"rendered":"<p>Obecnie odwiedzaj\u0105c Stany Zjednoczone, Karol Nawrocki b\u0119dzie w Chicago w sobot\u0119. Tam spotka si\u0119 z cz\u0142onkami lokalnej polskiej spo\u0142eczno\u015bci i<\/p>\n","protected":false},"author":1,"featured_media":5559,"comment_status":"closed","ping_status":"","sticky":false,"template":"","format":"standard","meta":{"footnotes":""},"categories":[4748],"tags":[7304,7303,2726,2704,2727,2140,7302],"class_list":["post-5558","post","type-post","status-publish","format-standard","has-post-thumbnail","hentry","category-aktualne","tag-amerykanami","tag-chicago","tag-karol","tag-maja","tag-nawrocki","tag-polskimi","tag-wyrusza","generate-columns","tablet-grid-50","mobile-grid-100","grid-parent","grid-50","resize-featured-image"],"yoast_head":"<!-- This site is optimized with the Yoast SEO plugin v23.2 - https:\/\/yoast.com\/wordpress\/plugins\/seo\/ -->\n<title>Karol Nawrocki wyrusza do Chicago na 3 maja z polskimi Amerykanami - POGOTOWIE FLAGOWE\u00ae<\/title>\n<meta name=\"robots\" content=\"index, follow, max-snippet:-1, max-image-preview:large, max-video-preview:-1\" \/>\n<link rel=\"canonical\" href=\"https:\/\/www.pogotowieflagowe.pl\/aktualne\/karol-nawrocki-wyrusza-do-chicago-na-3-maja-z-polskimi-amerykanami\/\" \/>\n<meta property=\"og:locale\" content=\"pl_PL\" \/>\n<meta property=\"og:type\" content=\"article\" \/>\n<meta property=\"og:title\" content=\"Karol Nawrocki wyrusza do Chicago na 3 maja z polskimi Amerykanami - POGOTOWIE FLAGOWE\u00ae\" \/>\n<meta property=\"og:description\" content=\"Obecnie odwiedzaj\u0105c Stany Zjednoczone, Karol Nawrocki b\u0119dzie w Chicago w sobot\u0119. Tam spotka si\u0119 z cz\u0142onkami lokalnej polskiej spo\u0142eczno\u015bci i\" \/>\n<meta property=\"og:url\" content=\"https:\/\/www.pogotowieflagowe.pl\/aktualne\/karol-nawrocki-wyrusza-do-chicago-na-3-maja-z-polskimi-amerykanami\/\" \/>\n<meta property=\"og:site_name\" content=\"POGOTOWIE FLAGOWE\u00ae\" \/>\n<meta property=\"article:published_time\" content=\"2025-05-03T14:46:48+00:00\" \/>\n<meta property=\"article:modified_time\" content=\"2025-05-03T14:46:50+00:00\" \/>\n<meta property=\"og:image\" content=\"https:\/\/www.pogotowieflagowe.pl\/aktualne\/wp-content\/uploads\/2025\/05\/Karol-Nawrocki-wyrusza-do-Chicago-na-3-maja-z-polskimi.jpeg\" \/>\n\t<meta property=\"og:image:width\" content=\"1600\" \/>\n\t<meta property=\"og:image:height\" content=\"1066\" \/>\n\t<meta property=\"og:image:type\" content=\"image\/jpeg\" \/>\n<meta name=\"author\" content=\"Filip\" \/>\n<meta name=\"twitter:card\" content=\"summary_large_image\" \/>\n<meta name=\"twitter:label1\" content=\"Napisane przez\" \/>\n\t<meta name=\"twitter:data1\" content=\"Filip\" \/>\n\t<meta name=\"twitter:label2\" content=\"Szacowany czas czytania\" \/>\n\t<meta name=\"twitter:data2\" content=\"1 minuta\" \/>\n<script type=\"application\/ld+json\" class=\"yoast-schema-graph\">{\"@context\":\"https:\/\/schema.org\",\"@graph\":[{\"@type\":\"Article\",\"@id\":\"https:\/\/www.pogotowieflagowe.pl\/aktualne\/karol-nawrocki-wyrusza-do-chicago-na-3-maja-z-polskimi-amerykanami\/#article\",\"isPartOf\":{\"@id\":\"https:\/\/www.pogotowieflagowe.pl\/aktualne\/karol-nawrocki-wyrusza-do-chicago-na-3-maja-z-polskimi-amerykanami\/\"},\"author\":{\"name\":\"Filip\",\"@id\":\"https:\/\/www.pogotowieflagowe.pl\/aktualne\/#\/schema\/person\/9c2fb7d2362ebf6fa088960d7f0d27b0\"},\"headline\":\"Karol Nawrocki wyrusza do Chicago na 3 maja z polskimi Amerykanami\",\"datePublished\":\"2025-05-03T14:46:48+00:00\",\"dateModified\":\"2025-05-03T14:46:50+00:00\",\"mainEntityOfPage\":{\"@id\":\"https:\/\/www.pogotowieflagowe.pl\/aktualne\/karol-nawrocki-wyrusza-do-chicago-na-3-maja-z-polskimi-amerykanami\/\"},\"wordCount\":194,\"publisher\":{\"@id\":\"https:\/\/www.pogotowieflagowe.pl\/aktualne\/#organization\"},\"image\":{\"@id\":\"https:\/\/www.pogotowieflagowe.pl\/aktualne\/karol-nawrocki-wyrusza-do-chicago-na-3-maja-z-polskimi-amerykanami\/#primaryimage\"},\"thumbnailUrl\":\"https:\/\/www.pogotowieflagowe.pl\/aktualne\/wp-content\/uploads\/2025\/05\/Karol-Nawrocki-wyrusza-do-Chicago-na-3-maja-z-polskimi.jpeg\",\"keywords\":[\"Amerykanami\",\"Chicago\",\"Karol\",\"maj\u0105\",\"Nawrocki\",\"Polskimi\",\"wyrusza\"],\"articleSection\":[\"Aktualne\"],\"inLanguage\":\"pl-PL\"},{\"@type\":\"WebPage\",\"@id\":\"https:\/\/www.pogotowieflagowe.pl\/aktualne\/karol-nawrocki-wyrusza-do-chicago-na-3-maja-z-polskimi-amerykanami\/\",\"url\":\"https:\/\/www.pogotowieflagowe.pl\/aktualne\/karol-nawrocki-wyrusza-do-chicago-na-3-maja-z-polskimi-amerykanami\/\",\"name\":\"Karol Nawrocki wyrusza do Chicago na 3 maja z polskimi Amerykanami - POGOTOWIE FLAGOWE\u00ae\",\"isPartOf\":{\"@id\":\"https:\/\/www.pogotowieflagowe.pl\/aktualne\/#website\"},\"primaryImageOfPage\":{\"@id\":\"https:\/\/www.pogotowieflagowe.pl\/aktualne\/karol-nawrocki-wyrusza-do-chicago-na-3-maja-z-polskimi-amerykanami\/#primaryimage\"},\"image\":{\"@id\":\"https:\/\/www.pogotowieflagowe.pl\/aktualne\/karol-nawrocki-wyrusza-do-chicago-na-3-maja-z-polskimi-amerykanami\/#primaryimage\"},\"thumbnailUrl\":\"https:\/\/www.pogotowieflagowe.pl\/aktualne\/wp-content\/uploads\/2025\/05\/Karol-Nawrocki-wyrusza-do-Chicago-na-3-maja-z-polskimi.jpeg\",\"datePublished\":\"2025-05-03T14:46:48+00:00\",\"dateModified\":\"2025-05-03T14:46:50+00:00\",\"breadcrumb\":{\"@id\":\"https:\/\/www.pogotowieflagowe.pl\/aktualne\/karol-nawrocki-wyrusza-do-chicago-na-3-maja-z-polskimi-amerykanami\/#breadcrumb\"},\"inLanguage\":\"pl-PL\",\"potentialAction\":[{\"@type\":\"ReadAction\",\"target\":[\"https:\/\/www.pogotowieflagowe.pl\/aktualne\/karol-nawrocki-wyrusza-do-chicago-na-3-maja-z-polskimi-amerykanami\/\"]}]},{\"@type\":\"ImageObject\",\"inLanguage\":\"pl-PL\",\"@id\":\"https:\/\/www.pogotowieflagowe.pl\/aktualne\/karol-nawrocki-wyrusza-do-chicago-na-3-maja-z-polskimi-amerykanami\/#primaryimage\",\"url\":\"https:\/\/www.pogotowieflagowe.pl\/aktualne\/wp-content\/uploads\/2025\/05\/Karol-Nawrocki-wyrusza-do-Chicago-na-3-maja-z-polskimi.jpeg\",\"contentUrl\":\"https:\/\/www.pogotowieflagowe.pl\/aktualne\/wp-content\/uploads\/2025\/05\/Karol-Nawrocki-wyrusza-do-Chicago-na-3-maja-z-polskimi.jpeg\",\"width\":1600,\"height\":1066,\"caption\":\"Karol Nawrocki wyrusza do Chicago na 3 maja z polskimi Amerykanami\"},{\"@type\":\"BreadcrumbList\",\"@id\":\"https:\/\/www.pogotowieflagowe.pl\/aktualne\/karol-nawrocki-wyrusza-do-chicago-na-3-maja-z-polskimi-amerykanami\/#breadcrumb\",\"itemListElement\":[{\"@type\":\"ListItem\",\"position\":1,\"name\":\"Home\",\"item\":\"https:\/\/www.pogotowieflagowe.pl\/aktualne\/\"},{\"@type\":\"ListItem\",\"position\":2,\"name\":\"Karol Nawrocki wyrusza do Chicago na 3 maja z polskimi Amerykanami\"}]},{\"@type\":\"WebSite\",\"@id\":\"https:\/\/www.pogotowieflagowe.pl\/aktualne\/#website\",\"url\":\"https:\/\/www.pogotowieflagowe.pl\/aktualne\/\",\"name\":\"POGOTOWIE FLAGOWE\u00ae\",\"description\":\"\",\"publisher\":{\"@id\":\"https:\/\/www.pogotowieflagowe.pl\/aktualne\/#organization\"},\"potentialAction\":[{\"@type\":\"SearchAction\",\"target\":{\"@type\":\"EntryPoint\",\"urlTemplate\":\"https:\/\/www.pogotowieflagowe.pl\/aktualne\/?s={search_term_string}\"},\"query-input\":\"required name=search_term_string\"}],\"inLanguage\":\"pl-PL\"},{\"@type\":\"Organization\",\"@id\":\"https:\/\/www.pogotowieflagowe.pl\/aktualne\/#organization\",\"name\":\"POGOTOWIE FLAGOWE\u00ae\",\"url\":\"https:\/\/www.pogotowieflagowe.pl\/aktualne\/\",\"logo\":{\"@type\":\"ImageObject\",\"inLanguage\":\"pl-PL\",\"@id\":\"https:\/\/www.pogotowieflagowe.pl\/aktualne\/#\/schema\/logo\/image\/\",\"url\":\"https:\/\/www.pogotowieflagowe.pl\/aktualne\/wp-content\/uploads\/2024\/08\/cropped-pogotowieflagowe_flaga_projekt_sm.jpg\",\"contentUrl\":\"https:\/\/www.pogotowieflagowe.pl\/aktualne\/wp-content\/uploads\/2024\/08\/cropped-pogotowieflagowe_flaga_projekt_sm.jpg\",\"width\":250,\"height\":143,\"caption\":\"POGOTOWIE FLAGOWE\u00ae\"},\"image\":{\"@id\":\"https:\/\/www.pogotowieflagowe.pl\/aktualne\/#\/schema\/logo\/image\/\"}},{\"@type\":\"Person\",\"@id\":\"https:\/\/www.pogotowieflagowe.pl\/aktualne\/#\/schema\/person\/9c2fb7d2362ebf6fa088960d7f0d27b0\",\"name\":\"Filip\",\"image\":{\"@type\":\"ImageObject\",\"inLanguage\":\"pl-PL\",\"@id\":\"https:\/\/www.pogotowieflagowe.pl\/aktualne\/#\/schema\/person\/image\/\",\"url\":\"https:\/\/www.pogotowieflagowe.pl\/aktualne\/wp-content\/uploads\/2024\/08\/pogotowieflagowe.pl_.jpg\",\"contentUrl\":\"https:\/\/www.pogotowieflagowe.pl\/aktualne\/wp-content\/uploads\/2024\/08\/pogotowieflagowe.pl_.jpg\",\"caption\":\"Filip\"},\"description\":\"Jestem Filip, polski dziennikarz z dyplomem nauk politycznych Uniwersytetu Warszawskiego. Rozpoczynaj\u0105c swoj\u0105 karier\u0119 w r\u00f3\u017cnych lokalnych mediach, zdoby\u0142em solidne do\u015bwiadczenie w zakresie \u015bledztwa i redakcji. Obecnie jako redaktor w Pogotowie flagowe, staram si\u0119 dostarcza\u0107 dog\u0142\u0119bne i istotne analizy na temat najwa\u017cniejszych kwestii aktualno\u015bci, \u0142\u0105cz\u0105c rygor z pasj\u0105 dziennikarsk\u0105.\",\"sameAs\":[\"https:\/\/www.pogotowieflagowe.pl\/\"]}]}<\/script>\n<!-- \/ Yoast SEO plugin. -->","yoast_head_json":{"title":"Karol Nawrocki wyrusza do Chicago na 3 maja z polskimi Amerykanami - POGOTOWIE FLAGOWE\u00ae","robots":{"index":"index","follow":"follow","max-snippet":"max-snippet:-1","max-image-preview":"max-image-preview:large","max-video-preview":"max-video-preview:-1"},"canonical":"https:\/\/www.pogotowieflagowe.pl\/aktualne\/karol-nawrocki-wyrusza-do-chicago-na-3-maja-z-polskimi-amerykanami\/","og_locale":"pl_PL","og_type":"article","og_title":"Karol Nawrocki wyrusza do Chicago na 3 maja z polskimi Amerykanami - POGOTOWIE FLAGOWE\u00ae","og_description":"Obecnie odwiedzaj\u0105c Stany Zjednoczone, Karol Nawrocki b\u0119dzie w Chicago w sobot\u0119. Tam spotka si\u0119 z cz\u0142onkami lokalnej polskiej spo\u0142eczno\u015bci i","og_url":"https:\/\/www.pogotowieflagowe.pl\/aktualne\/karol-nawrocki-wyrusza-do-chicago-na-3-maja-z-polskimi-amerykanami\/","og_site_name":"POGOTOWIE FLAGOWE\u00ae","article_published_time":"2025-05-03T14:46:48+00:00","article_modified_time":"2025-05-03T14:46:50+00:00","og_image":[{"width":1600,"height":1066,"url":"https:\/\/www.pogotowieflagowe.pl\/aktualne\/wp-content\/uploads\/2025\/05\/Karol-Nawrocki-wyrusza-do-Chicago-na-3-maja-z-polskimi.jpeg","type":"image\/jpeg"}],"author":"Filip","twitter_card":"summary_large_image","twitter_misc":{"Napisane przez":"Filip","Szacowany czas czytania":"1 minuta"},"schema":{"@context":"https:\/\/schema.org","@graph":[{"@type":"Article","@id":"https:\/\/www.pogotowieflagowe.pl\/aktualne\/karol-nawrocki-wyrusza-do-chicago-na-3-maja-z-polskimi-amerykanami\/#article","isPartOf":{"@id":"https:\/\/www.pogotowieflagowe.pl\/aktualne\/karol-nawrocki-wyrusza-do-chicago-na-3-maja-z-polskimi-amerykanami\/"},"author":{"name":"Filip","@id":"https:\/\/www.pogotowieflagowe.pl\/aktualne\/#\/schema\/person\/9c2fb7d2362ebf6fa088960d7f0d27b0"},"headline":"Karol Nawrocki wyrusza do Chicago na 3 maja z polskimi Amerykanami","datePublished":"2025-05-03T14:46:48+00:00","dateModified":"2025-05-03T14:46:50+00:00","mainEntityOfPage":{"@id":"https:\/\/www.pogotowieflagowe.pl\/aktualne\/karol-nawrocki-wyrusza-do-chicago-na-3-maja-z-polskimi-amerykanami\/"},"wordCount":194,"publisher":{"@id":"https:\/\/www.pogotowieflagowe.pl\/aktualne\/#organization"},"image":{"@id":"https:\/\/www.pogotowieflagowe.pl\/aktualne\/karol-nawrocki-wyrusza-do-chicago-na-3-maja-z-polskimi-amerykanami\/#primaryimage"},"thumbnailUrl":"https:\/\/www.pogotowieflagowe.pl\/aktualne\/wp-content\/uploads\/2025\/05\/Karol-Nawrocki-wyrusza-do-Chicago-na-3-maja-z-polskimi.jpeg","keywords":["Amerykanami","Chicago","Karol","maj\u0105","Nawrocki","Polskimi","wyrusza"],"articleSection":["Aktualne"],"inLanguage":"pl-PL"},{"@type":"WebPage","@id":"https:\/\/www.pogotowieflagowe.pl\/aktualne\/karol-nawrocki-wyrusza-do-chicago-na-3-maja-z-polskimi-amerykanami\/","url":"https:\/\/www.pogotowieflagowe.pl\/aktualne\/karol-nawrocki-wyrusza-do-chicago-na-3-maja-z-polskimi-amerykanami\/","name":"Karol Nawrocki wyrusza do Chicago na 3 maja z polskimi Amerykanami - POGOTOWIE FLAGOWE\u00ae","isPartOf":{"@id":"https:\/\/www.pogotowieflagowe.pl\/aktualne\/#website"},"primaryImageOfPage":{"@id":"https:\/\/www.pogotowieflagowe.pl\/aktualne\/karol-nawrocki-wyrusza-do-chicago-na-3-maja-z-polskimi-amerykanami\/#primaryimage"},"image":{"@id":"https:\/\/www.pogotowieflagowe.pl\/aktualne\/karol-nawrocki-wyrusza-do-chicago-na-3-maja-z-polskimi-amerykanami\/#primaryimage"},"thumbnailUrl":"https:\/\/www.pogotowieflagowe.pl\/aktualne\/wp-content\/uploads\/2025\/05\/Karol-Nawrocki-wyrusza-do-Chicago-na-3-maja-z-polskimi.jpeg","datePublished":"2025-05-03T14:46:48+00:00","dateModified":"2025-05-03T14:46:50+00:00","breadcrumb":{"@id":"https:\/\/www.pogotowieflagowe.pl\/aktualne\/karol-nawrocki-wyrusza-do-chicago-na-3-maja-z-polskimi-amerykanami\/#breadcrumb"},"inLanguage":"pl-PL","potentialAction":[{"@type":"ReadAction","target":["https:\/\/www.pogotowieflagowe.pl\/aktualne\/karol-nawrocki-wyrusza-do-chicago-na-3-maja-z-polskimi-amerykanami\/"]}]},{"@type":"ImageObject","inLanguage":"pl-PL","@id":"https:\/\/www.pogotowieflagowe.pl\/aktualne\/karol-nawrocki-wyrusza-do-chicago-na-3-maja-z-polskimi-amerykanami\/#primaryimage","url":"https:\/\/www.pogotowieflagowe.pl\/aktualne\/wp-content\/uploads\/2025\/05\/Karol-Nawrocki-wyrusza-do-Chicago-na-3-maja-z-polskimi.jpeg","contentUrl":"https:\/\/www.pogotowieflagowe.pl\/aktualne\/wp-content\/uploads\/2025\/05\/Karol-Nawrocki-wyrusza-do-Chicago-na-3-maja-z-polskimi.jpeg","width":1600,"height":1066,"caption":"Karol Nawrocki wyrusza do Chicago na 3 maja z polskimi Amerykanami"},{"@type":"BreadcrumbList","@id":"https:\/\/www.pogotowieflagowe.pl\/aktualne\/karol-nawrocki-wyrusza-do-chicago-na-3-maja-z-polskimi-amerykanami\/#breadcrumb","itemListElement":[{"@type":"ListItem","position":1,"name":"Home","item":"https:\/\/www.pogotowieflagowe.pl\/aktualne\/"},{"@type":"ListItem","position":2,"name":"Karol Nawrocki wyrusza do Chicago na 3 maja z polskimi Amerykanami"}]},{"@type":"WebSite","@id":"https:\/\/www.pogotowieflagowe.pl\/aktualne\/#website","url":"https:\/\/www.pogotowieflagowe.pl\/aktualne\/","name":"POGOTOWIE FLAGOWE\u00ae","description":"","publisher":{"@id":"https:\/\/www.pogotowieflagowe.pl\/aktualne\/#organization"},"potentialAction":[{"@type":"SearchAction","target":{"@type":"EntryPoint","urlTemplate":"https:\/\/www.pogotowieflagowe.pl\/aktualne\/?s={search_term_string}"},"query-input":"required name=search_term_string"}],"inLanguage":"pl-PL"},{"@type":"Organization","@id":"https:\/\/www.pogotowieflagowe.pl\/aktualne\/#organization","name":"POGOTOWIE FLAGOWE\u00ae","url":"https:\/\/www.pogotowieflagowe.pl\/aktualne\/","logo":{"@type":"ImageObject","inLanguage":"pl-PL","@id":"https:\/\/www.pogotowieflagowe.pl\/aktualne\/#\/schema\/logo\/image\/","url":"https:\/\/www.pogotowieflagowe.pl\/aktualne\/wp-content\/uploads\/2024\/08\/cropped-pogotowieflagowe_flaga_projekt_sm.jpg","contentUrl":"https:\/\/www.pogotowieflagowe.pl\/aktualne\/wp-content\/uploads\/2024\/08\/cropped-pogotowieflagowe_flaga_projekt_sm.jpg","width":250,"height":143,"caption":"POGOTOWIE FLAGOWE\u00ae"},"image":{"@id":"https:\/\/www.pogotowieflagowe.pl\/aktualne\/#\/schema\/logo\/image\/"}},{"@type":"Person","@id":"https:\/\/www.pogotowieflagowe.pl\/aktualne\/#\/schema\/person\/9c2fb7d2362ebf6fa088960d7f0d27b0","name":"Filip","image":{"@type":"ImageObject","inLanguage":"pl-PL","@id":"https:\/\/www.pogotowieflagowe.pl\/aktualne\/#\/schema\/person\/image\/","url":"https:\/\/www.pogotowieflagowe.pl\/aktualne\/wp-content\/uploads\/2024\/08\/pogotowieflagowe.pl_.jpg","contentUrl":"https:\/\/www.pogotowieflagowe.pl\/aktualne\/wp-content\/uploads\/2024\/08\/pogotowieflagowe.pl_.jpg","caption":"Filip"},"description":"Jestem Filip, polski dziennikarz z dyplomem nauk politycznych Uniwersytetu Warszawskiego. Rozpoczynaj\u0105c swoj\u0105 karier\u0119 w r\u00f3\u017cnych lokalnych mediach, zdoby\u0142em solidne do\u015bwiadczenie w zakresie \u015bledztwa i redakcji. Obecnie jako redaktor w Pogotowie flagowe, staram si\u0119 dostarcza\u0107 dog\u0142\u0119bne i istotne analizy na temat najwa\u017cniejszych kwestii aktualno\u015bci, \u0142\u0105cz\u0105c rygor z pasj\u0105 dziennikarsk\u0105.","sameAs":["https:\/\/www.pogotowieflagowe.pl\/"]}]}},"_links":{"self":[{"href":"https:\/\/www.pogotowieflagowe.pl\/aktualne\/wp-json\/wp\/v2\/posts\/5558","targetHints":{"allow":["GET"]}}],"collection":[{"href":"https:\/\/www.pogotowieflagowe.pl\/aktualne\/wp-json\/wp\/v2\/posts"}],"about":[{"href":"https:\/\/www.pogotowieflagowe.pl\/aktualne\/wp-json\/wp\/v2\/types\/post"}],"author":[{"embeddable":true,"href":"https:\/\/www.pogotowieflagowe.pl\/aktualne\/wp-json\/wp\/v2\/users\/1"}],"replies":[{"embeddable":true,"href":"https:\/\/www.pogotowieflagowe.pl\/aktualne\/wp-json\/wp\/v2\/comments?post=5558"}],"version-history":[{"count":1,"href":"https:\/\/www.pogotowieflagowe.pl\/aktualne\/wp-json\/wp\/v2\/posts\/5558\/revisions"}],"predecessor-version":[{"id":5560,"href":"https:\/\/www.pogotowieflagowe.pl\/aktualne\/wp-json\/wp\/v2\/posts\/5558\/revisions\/5560"}],"wp:featuredmedia":[{"embeddable":true,"href":"https:\/\/www.pogotowieflagowe.pl\/aktualne\/wp-json\/wp\/v2\/media\/5559"}],"wp:attachment":[{"href":"https:\/\/www.pogotowieflagowe.pl\/aktualne\/wp-json\/wp\/v2\/media?parent=5558"}],"wp:term":[{"taxonomy":"category","embeddable":true,"href":"https:\/\/www.pogotowieflagowe.pl\/aktualne\/wp-json\/wp\/v2\/categories?post=5558"},{"taxonomy":"post_tag","embeddable":true,"href":"https:\/\/www.pogotowieflagowe.pl\/aktualne\/wp-json\/wp\/v2\/tags?post=5558"}],"curies":[{"name":"wp","href":"https:\/\/api.w.org\/{rel}","templated":true}]}}