{"id":5644,"date":"2025-05-07T15:47:24","date_gmt":"2025-05-07T13:47:24","guid":{"rendered":"https:\/\/www.pogotowieflagowe.pl\/aktualne\/trump-konfrontuje-sie-z-nielegalna-imigracja-pomimo-oporu-sadowego\/"},"modified":"2025-05-07T15:47:25","modified_gmt":"2025-05-07T13:47:25","slug":"trump-konfrontuje-sie-z-nielegalna-imigracja-pomimo-oporu-sadowego","status":"publish","type":"post","link":"https:\/\/www.pogotowieflagowe.pl\/aktualne\/trump-konfrontuje-sie-z-nielegalna-imigracja-pomimo-oporu-sadowego\/","title":{"rendered":"Trump konfrontuje si\u0119 z nielegaln\u0105 imigracj\u0105 pomimo oporu s\u0105dowego"},"content":{"rendered":"\n<div class=\"td_block_wrap tdb_single_content tdi_41 td-pb-border-top td_block_template_8 td-post-content tagdiv-type\" data-td-block-uid=\"tdi_41\">\n<style>.tdi_41 {margin-top: 0px! Wa\u017cne; margines-bottom: 0px! WA\u017bNY; PALDING-TOP: 0PX! WA\u017bNY; PALDING-BOTTOM: 0PX! WA\u017bNE}<\/style>\n<style>.tdb_single_content {margin-bottom: 0;*zoom: 1} .tdb_single_content: wcze\u015bniej, .tdb_single_content: po {display: Table; content: ''; line-height: 0} .TDB-BLOCK-INner>*: nie (.WP-BLOCK-QUOTE): not (.alignSwide): not (.Alignfull.wp-block-cover.has-parallax): not (.td-a-ad) {margin-left: auto; margin-right: auto} .tdb_single_ConTent a {wska\u017anik-events: auto} .tdb_single_content .td-spot-id-top_ad .tdc-placeholder-title: przed {content: \u201eArtyku\u0142 top ad\u201d! Wa\u017cne} .tdb_single_content .td-Spot-Id-inline_ad0 .tdc-placeholder-title 1 '! Wa\u017cne} .tdb_single_content .td-Spot-Id-inline_Ad1 .tdc-Placeholder-Title: przed {content: \u201eArtyku\u0142 inline AD 2'! Wa\u017cny} .tdb_single_content. 3 '! Wa\u017cne} .tdb_single_content .td-Spot-Id-Bottom_Ad .tdc-Placeholder-Title: przed {content: \u201eArtyku\u0142 Bottom Ad\u201d! Wa\u017cne} .tdb_single_content .id_top_ad, .tdb_single_content_content .id_bottom_ad {clear: oba; margin-bottom: 21px; text-align: Center} .tdb_single_content .id_top_ad img, .tdb_single_content .id_bottom_ad img {margin-bottom: 0} .tdb_single_conTent .id_top_ad .adsbyGoogle, .tdb_single_content .id_bottom_ad .adsbyGoogle {pozycja: relatyw} .tdb_single_content .id_ad_content-horiz-left, .tdb_single_content .id_ad_content-horiz-right, .tdb_single_content .id_ad_content-horiz-Center {margin-bottom: 15px} .tdb_single_content .id_ad_content-horiz-left Img, .tdb_single_content .id_ad_content-horiz-right img, .tdb_single_content .id_ad_content-horiz-centerter img {margin-bottom: 0} .tdb_single_content .id_ad_content-horiz-center {text-align: Center} .tdb_single_content .id_ad_content-horiz-center img {margin-right: auto; margin-let: auto} .tdb_single_content .id_ad_content-horiz-left {float: left; margin-top: 9px; margin-right: 21px} .tdb_single_content .id_ad_content-horiz-right {float: margin-top: 6px; margin-left: 21px} .tdb_single_content .tdc-a-a-ad .TDC-Placeholder-Title {szeroko\u015b\u0107: 300px; height: 250px} .tdb_single_content .tdc-a-ad .TDC-Placeholder-Title: Przed {Pozycja: Absolute; TOP: 50%;-WebKit-Transform: Translatey (-50%); Transform: Translatey (-50%); margines: auto; Display: Tabela; szeroko\u015b\u0107: 100%}. tdb_single_content .TDB-BLOCK-INNER.TD-FIX-INDEX {Word-Break: Break-word} .tdi_41, .tdi_41> p, .tdi_41 .tdb-block-inner> p, .Wp-Block-Column> p {font-size: 16px! Wa\u017cne; wa\u017cny; p {font-styl: normalne! Wa\u017cne} @media (Max-Width: 767px) {. tdb_single_content .id_ad_content-horiz-left, .tdb_single_content .id_ad_content-horiz-right, .tdb_single_content .id_ad_content-horiz-centter {Margin: 0 AUTO 26PXX auto}}@media (Max-Width: 767px) {. tdb_single_content .id_ad_content-horiz-left {margin-right: 0}}@media (max-width: 767px) {. (Max-Width: 767px) {. tdb_single_content .td-a-ad {float: none; text-align: Center} .tdb_single_content .td-a-ad img {margin-right: auto; margin-left: auto} .tdb_single_content .tdc-a-a-a-{margin-right: auto; margin-left: auto} .tdb_single_content .tdd<\/style>\n<div class=\"tdb-block-inner td-fix-index\">\n<p>Kontynuuje si\u0119 walka z nielegaln\u0105 imigracj\u0105 w Stanach Zjednoczonych. Nieudokumentowany imigrant z Hondurasu, oskar\u017cony o uprowadzenie dzieci i w\u0142amanie, zosta\u0142 zwolniony przez s\u0105d stanowy w Wirginii. Administracja Trumpa interweniowa\u0142a.<\/p>\n<figure class=\"wp-block-embed is-type-rich is-provider-twitter wp-block-embed-twitter\">\n<div class=\"wp-block-embed__wrapper\">\n<blockquote class=\"twitter-tweet\" data-width=\"550\" data-dnt=\"true\">\n<p lang=\"en\" dir=\"ltr\">100 dni temu z\u0142o\u017cy\u0142em przysi\u0119g\u0119, aby s\u0142u\u017cy\u0107 temu krajowi jako Sekretarz Bezpiecze\u0144stwa Wewn\u0119trznego. B\u0119d\u0119 nadal walczy\u0142 codziennie wraz z prezydentem Donaldem Trumpem, aby zabezpieczy\u0107 nasz\u0105 granic\u0119 i zapewni\u0107 bezpiecze\u0144stwo ameryka\u0144skim spo\u0142eczno\u015bciom. To dopiero pocz\u0105tek Z\u0142otego Wieku Ameryki. <\/p>\n<p>Niech B\u00f3g b\u0142ogos\u0142awi\u2026 <a rel=\"nofollow\" href=\"https:\/\/t.co\/sALqJ8FNg8\">pic.twitter.com\/salqj8fng8<\/a><\/p>\n<p>&#8211; Sekretarz Kristi Noem (@sec_noem) <a rel=\"nofollow\" href=\"https:\/\/twitter.com\/Sec_Noem\/status\/1919528109570662789?ref_src=twsrc%5Etfw\">5 maja 2025 r<\/a><\/p><\/blockquote>\n<\/div>\n<\/figure>\n<h2 class=\"wp-block-heading\">Skandal w Fairfax<\/h2>\n<p>Jak donosi Fox News, 2 maja w Fairfax w stanie Wirginia, agenci z ICE-ameryka\u0144ska agencja imigracyjna i celna-zorganizowa\u0142a Hyrum Baquedano-Rodriguez. Jest nieudokumentowanym imigrantem z Hondurasu, kt\u00f3ry wcze\u015bniej zosta\u0142 oskar\u017cony o powa\u017cne przest\u0119pstwa: uprowadzenie dzieci z zamiarem wykorzystania i w\u0142amania z zamiarem pope\u0142nienia gwa\u0142tu. W zaskakuj\u0105cym zakr\u0119cie s\u0105d odrzuci\u0142 zarzuty. Jednak w\u0142adze federalne nie ust\u0105pi\u0142y.<\/p>\n<p>\u201eBaquedano-Rodriguez stanowi zagro\u017cenie dla naszych spo\u0142eczno\u015bci\u201d, powiedzia\u0142 Russell Hott, dyrektor ICE w Waszyngtonie. \u201eB\u0119dziemy chroni\u0107 nasze spo\u0142eczno\u015bci przed przest\u0119pczymi kosmitami\u201d.<\/p>\n<p>To nie by\u0142o pierwsze spotkanie Baquedano-Rodrigueza z systemem wymiaru sprawiedliwo\u015bci. W 2018 r. Nielegalnie przekroczy\u0142 granic\u0119 USA. W nast\u0119pnych latach by\u0142 wielokrotnie skazany, w tym za molestowanie dzieci i w\u0142amanie. S\u0142u\u017cy\u0142 w wi\u0119zieniu, ale w\u0142adze lokalne zwolni\u0142y go pomimo pr\u00f3\u015bb ICE o zatrzymanie.<\/p>\n<p>Obecna administracja pod dow\u00f3dztwem prezydenta Donalda Trumpa podkre\u015bla, \u017ce \u200b\u200btak zwane \u201emiasta sanktuarium\u201d nie mog\u0105 chroni\u0107 przest\u0119pc\u00f3w. Sekretarz Bezpiecze\u0144stwa Wewn\u0119trznego Kristi Noem napisa\u0142 szczerze:<\/p>\n<figure class=\"wp-block-pullquote\">\n<blockquote>\n<p>\u201eWraz z prezydentem Trumpem codziennie walczymy o bezpieczne granice. To dopiero pocz\u0105tek Z\u0142otego Wieku Ameryki\u201d.<\/p>\n<\/blockquote>\n<\/figure>\n<p>Jest to kolejny przypadek, w kt\u00f3rym nieudokumentowany imigrant z Hondurasu, oskar\u017cony o przest\u0119pstwa przeciwko dzieciom, zosta\u0142 zwolniony przez w\u0142adze w Fairfax. Ice ostrzega, \u017ce \u200b\u200bbrak wsp\u00f3\u0142pracy samorz\u0105d\u00f3w lokalnych z egzekwowaniem federalnym nara\u017ca ca\u0142e spo\u0142eczno\u015bci.<\/p>\n<\/div>\n<\/div>\n<p><script async src=\"https:\/\/platform.twitter.com\/widgets.js\" charset=\"utf-8\"><\/script><\/p>\n","protected":false},"excerpt":{"rendered":"<p>Kontynuuje si\u0119 walka z nielegaln\u0105 imigracj\u0105 w Stanach Zjednoczonych. Nieudokumentowany imigrant z Hondurasu, oskar\u017cony o uprowadzenie dzieci i w\u0142amanie, zosta\u0142<\/p>\n","protected":false},"author":1,"featured_media":5645,"comment_status":"closed","ping_status":"","sticky":false,"template":"","format":"standard","meta":{"footnotes":""},"categories":[44],"tags":[5383,6903,6182,7381,278,7382,150,251],"class_list":["post-5644","post","type-post","status-publish","format-standard","has-post-thumbnail","hentry","category-polityka","tag-imigracja","tag-konfrontuje","tag-nielegalna","tag-oporu","tag-pomimo","tag-sadowego","tag-sie","tag-trump","generate-columns","tablet-grid-50","mobile-grid-100","grid-parent","grid-50","resize-featured-image"],"yoast_head":"<!-- This site is optimized with the Yoast SEO plugin v23.2 - https:\/\/yoast.com\/wordpress\/plugins\/seo\/ -->\n<title>Trump konfrontuje si\u0119 z nielegaln\u0105 imigracj\u0105 pomimo oporu s\u0105dowego - POGOTOWIE FLAGOWE\u00ae<\/title>\n<meta name=\"robots\" content=\"index, follow, max-snippet:-1, max-image-preview:large, max-video-preview:-1\" \/>\n<link rel=\"canonical\" href=\"https:\/\/www.pogotowieflagowe.pl\/aktualne\/trump-konfrontuje-sie-z-nielegalna-imigracja-pomimo-oporu-sadowego\/\" \/>\n<meta property=\"og:locale\" content=\"pl_PL\" \/>\n<meta property=\"og:type\" content=\"article\" \/>\n<meta property=\"og:title\" content=\"Trump konfrontuje si\u0119 z nielegaln\u0105 imigracj\u0105 pomimo oporu s\u0105dowego - POGOTOWIE FLAGOWE\u00ae\" \/>\n<meta property=\"og:description\" content=\"Kontynuuje si\u0119 walka z nielegaln\u0105 imigracj\u0105 w Stanach Zjednoczonych. Nieudokumentowany imigrant z Hondurasu, oskar\u017cony o uprowadzenie dzieci i w\u0142amanie, zosta\u0142\" \/>\n<meta property=\"og:url\" content=\"https:\/\/www.pogotowieflagowe.pl\/aktualne\/trump-konfrontuje-sie-z-nielegalna-imigracja-pomimo-oporu-sadowego\/\" \/>\n<meta property=\"og:site_name\" content=\"POGOTOWIE FLAGOWE\u00ae\" \/>\n<meta property=\"article:published_time\" content=\"2025-05-07T13:47:24+00:00\" \/>\n<meta property=\"article:modified_time\" content=\"2025-05-07T13:47:25+00:00\" \/>\n<meta property=\"og:image\" content=\"https:\/\/www.pogotowieflagowe.pl\/aktualne\/wp-content\/uploads\/2025\/05\/Trump-konfrontuje-sie-z-nielegalna-imigracja-pomimo-oporu-sadowego.jpeg\" \/>\n\t<meta property=\"og:image:width\" content=\"2048\" \/>\n\t<meta property=\"og:image:height\" content=\"1366\" \/>\n\t<meta property=\"og:image:type\" content=\"image\/jpeg\" \/>\n<meta name=\"author\" content=\"Filip\" \/>\n<meta name=\"twitter:card\" content=\"summary_large_image\" \/>\n<meta name=\"twitter:label1\" content=\"Napisane przez\" \/>\n\t<meta name=\"twitter:data1\" content=\"Filip\" \/>\n\t<meta name=\"twitter:label2\" content=\"Szacowany czas czytania\" \/>\n\t<meta name=\"twitter:data2\" content=\"2 minuty\" \/>\n<script type=\"application\/ld+json\" class=\"yoast-schema-graph\">{\"@context\":\"https:\/\/schema.org\",\"@graph\":[{\"@type\":\"Article\",\"@id\":\"https:\/\/www.pogotowieflagowe.pl\/aktualne\/trump-konfrontuje-sie-z-nielegalna-imigracja-pomimo-oporu-sadowego\/#article\",\"isPartOf\":{\"@id\":\"https:\/\/www.pogotowieflagowe.pl\/aktualne\/trump-konfrontuje-sie-z-nielegalna-imigracja-pomimo-oporu-sadowego\/\"},\"author\":{\"name\":\"Filip\",\"@id\":\"https:\/\/www.pogotowieflagowe.pl\/aktualne\/#\/schema\/person\/9c2fb7d2362ebf6fa088960d7f0d27b0\"},\"headline\":\"Trump konfrontuje si\u0119 z nielegaln\u0105 imigracj\u0105 pomimo oporu s\u0105dowego\",\"datePublished\":\"2025-05-07T13:47:24+00:00\",\"dateModified\":\"2025-05-07T13:47:25+00:00\",\"mainEntityOfPage\":{\"@id\":\"https:\/\/www.pogotowieflagowe.pl\/aktualne\/trump-konfrontuje-sie-z-nielegalna-imigracja-pomimo-oporu-sadowego\/\"},\"wordCount\":356,\"publisher\":{\"@id\":\"https:\/\/www.pogotowieflagowe.pl\/aktualne\/#organization\"},\"image\":{\"@id\":\"https:\/\/www.pogotowieflagowe.pl\/aktualne\/trump-konfrontuje-sie-z-nielegalna-imigracja-pomimo-oporu-sadowego\/#primaryimage\"},\"thumbnailUrl\":\"https:\/\/www.pogotowieflagowe.pl\/aktualne\/wp-content\/uploads\/2025\/05\/Trump-konfrontuje-sie-z-nielegalna-imigracja-pomimo-oporu-sadowego.jpeg\",\"keywords\":[\"Imigracja\",\"konfrontuje\",\"nielegaln\u0105\",\"oporu\",\"pomimo\",\"s\u0105dowego\",\"si\u0119\",\"Trump\"],\"articleSection\":[\"Polityka\"],\"inLanguage\":\"pl-PL\"},{\"@type\":\"WebPage\",\"@id\":\"https:\/\/www.pogotowieflagowe.pl\/aktualne\/trump-konfrontuje-sie-z-nielegalna-imigracja-pomimo-oporu-sadowego\/\",\"url\":\"https:\/\/www.pogotowieflagowe.pl\/aktualne\/trump-konfrontuje-sie-z-nielegalna-imigracja-pomimo-oporu-sadowego\/\",\"name\":\"Trump konfrontuje si\u0119 z nielegaln\u0105 imigracj\u0105 pomimo oporu s\u0105dowego - POGOTOWIE FLAGOWE\u00ae\",\"isPartOf\":{\"@id\":\"https:\/\/www.pogotowieflagowe.pl\/aktualne\/#website\"},\"primaryImageOfPage\":{\"@id\":\"https:\/\/www.pogotowieflagowe.pl\/aktualne\/trump-konfrontuje-sie-z-nielegalna-imigracja-pomimo-oporu-sadowego\/#primaryimage\"},\"image\":{\"@id\":\"https:\/\/www.pogotowieflagowe.pl\/aktualne\/trump-konfrontuje-sie-z-nielegalna-imigracja-pomimo-oporu-sadowego\/#primaryimage\"},\"thumbnailUrl\":\"https:\/\/www.pogotowieflagowe.pl\/aktualne\/wp-content\/uploads\/2025\/05\/Trump-konfrontuje-sie-z-nielegalna-imigracja-pomimo-oporu-sadowego.jpeg\",\"datePublished\":\"2025-05-07T13:47:24+00:00\",\"dateModified\":\"2025-05-07T13:47:25+00:00\",\"breadcrumb\":{\"@id\":\"https:\/\/www.pogotowieflagowe.pl\/aktualne\/trump-konfrontuje-sie-z-nielegalna-imigracja-pomimo-oporu-sadowego\/#breadcrumb\"},\"inLanguage\":\"pl-PL\",\"potentialAction\":[{\"@type\":\"ReadAction\",\"target\":[\"https:\/\/www.pogotowieflagowe.pl\/aktualne\/trump-konfrontuje-sie-z-nielegalna-imigracja-pomimo-oporu-sadowego\/\"]}]},{\"@type\":\"ImageObject\",\"inLanguage\":\"pl-PL\",\"@id\":\"https:\/\/www.pogotowieflagowe.pl\/aktualne\/trump-konfrontuje-sie-z-nielegalna-imigracja-pomimo-oporu-sadowego\/#primaryimage\",\"url\":\"https:\/\/www.pogotowieflagowe.pl\/aktualne\/wp-content\/uploads\/2025\/05\/Trump-konfrontuje-sie-z-nielegalna-imigracja-pomimo-oporu-sadowego.jpeg\",\"contentUrl\":\"https:\/\/www.pogotowieflagowe.pl\/aktualne\/wp-content\/uploads\/2025\/05\/Trump-konfrontuje-sie-z-nielegalna-imigracja-pomimo-oporu-sadowego.jpeg\",\"width\":2048,\"height\":1366,\"caption\":\"Trump konfrontuje si\u0119 z nielegaln\u0105 imigracj\u0105 pomimo oporu s\u0105dowego\"},{\"@type\":\"BreadcrumbList\",\"@id\":\"https:\/\/www.pogotowieflagowe.pl\/aktualne\/trump-konfrontuje-sie-z-nielegalna-imigracja-pomimo-oporu-sadowego\/#breadcrumb\",\"itemListElement\":[{\"@type\":\"ListItem\",\"position\":1,\"name\":\"Home\",\"item\":\"https:\/\/www.pogotowieflagowe.pl\/aktualne\/\"},{\"@type\":\"ListItem\",\"position\":2,\"name\":\"Trump konfrontuje si\u0119 z nielegaln\u0105 imigracj\u0105 pomimo oporu s\u0105dowego\"}]},{\"@type\":\"WebSite\",\"@id\":\"https:\/\/www.pogotowieflagowe.pl\/aktualne\/#website\",\"url\":\"https:\/\/www.pogotowieflagowe.pl\/aktualne\/\",\"name\":\"POGOTOWIE FLAGOWE\u00ae\",\"description\":\"\",\"publisher\":{\"@id\":\"https:\/\/www.pogotowieflagowe.pl\/aktualne\/#organization\"},\"potentialAction\":[{\"@type\":\"SearchAction\",\"target\":{\"@type\":\"EntryPoint\",\"urlTemplate\":\"https:\/\/www.pogotowieflagowe.pl\/aktualne\/?s={search_term_string}\"},\"query-input\":\"required name=search_term_string\"}],\"inLanguage\":\"pl-PL\"},{\"@type\":\"Organization\",\"@id\":\"https:\/\/www.pogotowieflagowe.pl\/aktualne\/#organization\",\"name\":\"POGOTOWIE FLAGOWE\u00ae\",\"url\":\"https:\/\/www.pogotowieflagowe.pl\/aktualne\/\",\"logo\":{\"@type\":\"ImageObject\",\"inLanguage\":\"pl-PL\",\"@id\":\"https:\/\/www.pogotowieflagowe.pl\/aktualne\/#\/schema\/logo\/image\/\",\"url\":\"https:\/\/www.pogotowieflagowe.pl\/aktualne\/wp-content\/uploads\/2024\/08\/cropped-pogotowieflagowe_flaga_projekt_sm.jpg\",\"contentUrl\":\"https:\/\/www.pogotowieflagowe.pl\/aktualne\/wp-content\/uploads\/2024\/08\/cropped-pogotowieflagowe_flaga_projekt_sm.jpg\",\"width\":250,\"height\":143,\"caption\":\"POGOTOWIE FLAGOWE\u00ae\"},\"image\":{\"@id\":\"https:\/\/www.pogotowieflagowe.pl\/aktualne\/#\/schema\/logo\/image\/\"}},{\"@type\":\"Person\",\"@id\":\"https:\/\/www.pogotowieflagowe.pl\/aktualne\/#\/schema\/person\/9c2fb7d2362ebf6fa088960d7f0d27b0\",\"name\":\"Filip\",\"image\":{\"@type\":\"ImageObject\",\"inLanguage\":\"pl-PL\",\"@id\":\"https:\/\/www.pogotowieflagowe.pl\/aktualne\/#\/schema\/person\/image\/\",\"url\":\"https:\/\/www.pogotowieflagowe.pl\/aktualne\/wp-content\/uploads\/2024\/08\/pogotowieflagowe.pl_.jpg\",\"contentUrl\":\"https:\/\/www.pogotowieflagowe.pl\/aktualne\/wp-content\/uploads\/2024\/08\/pogotowieflagowe.pl_.jpg\",\"caption\":\"Filip\"},\"description\":\"Jestem Filip, polski dziennikarz z dyplomem nauk politycznych Uniwersytetu Warszawskiego. Rozpoczynaj\u0105c swoj\u0105 karier\u0119 w r\u00f3\u017cnych lokalnych mediach, zdoby\u0142em solidne do\u015bwiadczenie w zakresie \u015bledztwa i redakcji. Obecnie jako redaktor w Pogotowie flagowe, staram si\u0119 dostarcza\u0107 dog\u0142\u0119bne i istotne analizy na temat najwa\u017cniejszych kwestii aktualno\u015bci, \u0142\u0105cz\u0105c rygor z pasj\u0105 dziennikarsk\u0105.\",\"sameAs\":[\"https:\/\/www.pogotowieflagowe.pl\/\"]}]}<\/script>\n<!-- \/ Yoast SEO plugin. -->","yoast_head_json":{"title":"Trump konfrontuje si\u0119 z nielegaln\u0105 imigracj\u0105 pomimo oporu s\u0105dowego - POGOTOWIE FLAGOWE\u00ae","robots":{"index":"index","follow":"follow","max-snippet":"max-snippet:-1","max-image-preview":"max-image-preview:large","max-video-preview":"max-video-preview:-1"},"canonical":"https:\/\/www.pogotowieflagowe.pl\/aktualne\/trump-konfrontuje-sie-z-nielegalna-imigracja-pomimo-oporu-sadowego\/","og_locale":"pl_PL","og_type":"article","og_title":"Trump konfrontuje si\u0119 z nielegaln\u0105 imigracj\u0105 pomimo oporu s\u0105dowego - POGOTOWIE FLAGOWE\u00ae","og_description":"Kontynuuje si\u0119 walka z nielegaln\u0105 imigracj\u0105 w Stanach Zjednoczonych. Nieudokumentowany imigrant z Hondurasu, oskar\u017cony o uprowadzenie dzieci i w\u0142amanie, zosta\u0142","og_url":"https:\/\/www.pogotowieflagowe.pl\/aktualne\/trump-konfrontuje-sie-z-nielegalna-imigracja-pomimo-oporu-sadowego\/","og_site_name":"POGOTOWIE FLAGOWE\u00ae","article_published_time":"2025-05-07T13:47:24+00:00","article_modified_time":"2025-05-07T13:47:25+00:00","og_image":[{"width":2048,"height":1366,"url":"https:\/\/www.pogotowieflagowe.pl\/aktualne\/wp-content\/uploads\/2025\/05\/Trump-konfrontuje-sie-z-nielegalna-imigracja-pomimo-oporu-sadowego.jpeg","type":"image\/jpeg"}],"author":"Filip","twitter_card":"summary_large_image","twitter_misc":{"Napisane przez":"Filip","Szacowany czas czytania":"2 minuty"},"schema":{"@context":"https:\/\/schema.org","@graph":[{"@type":"Article","@id":"https:\/\/www.pogotowieflagowe.pl\/aktualne\/trump-konfrontuje-sie-z-nielegalna-imigracja-pomimo-oporu-sadowego\/#article","isPartOf":{"@id":"https:\/\/www.pogotowieflagowe.pl\/aktualne\/trump-konfrontuje-sie-z-nielegalna-imigracja-pomimo-oporu-sadowego\/"},"author":{"name":"Filip","@id":"https:\/\/www.pogotowieflagowe.pl\/aktualne\/#\/schema\/person\/9c2fb7d2362ebf6fa088960d7f0d27b0"},"headline":"Trump konfrontuje si\u0119 z nielegaln\u0105 imigracj\u0105 pomimo oporu s\u0105dowego","datePublished":"2025-05-07T13:47:24+00:00","dateModified":"2025-05-07T13:47:25+00:00","mainEntityOfPage":{"@id":"https:\/\/www.pogotowieflagowe.pl\/aktualne\/trump-konfrontuje-sie-z-nielegalna-imigracja-pomimo-oporu-sadowego\/"},"wordCount":356,"publisher":{"@id":"https:\/\/www.pogotowieflagowe.pl\/aktualne\/#organization"},"image":{"@id":"https:\/\/www.pogotowieflagowe.pl\/aktualne\/trump-konfrontuje-sie-z-nielegalna-imigracja-pomimo-oporu-sadowego\/#primaryimage"},"thumbnailUrl":"https:\/\/www.pogotowieflagowe.pl\/aktualne\/wp-content\/uploads\/2025\/05\/Trump-konfrontuje-sie-z-nielegalna-imigracja-pomimo-oporu-sadowego.jpeg","keywords":["Imigracja","konfrontuje","nielegaln\u0105","oporu","pomimo","s\u0105dowego","si\u0119","Trump"],"articleSection":["Polityka"],"inLanguage":"pl-PL"},{"@type":"WebPage","@id":"https:\/\/www.pogotowieflagowe.pl\/aktualne\/trump-konfrontuje-sie-z-nielegalna-imigracja-pomimo-oporu-sadowego\/","url":"https:\/\/www.pogotowieflagowe.pl\/aktualne\/trump-konfrontuje-sie-z-nielegalna-imigracja-pomimo-oporu-sadowego\/","name":"Trump konfrontuje si\u0119 z nielegaln\u0105 imigracj\u0105 pomimo oporu s\u0105dowego - POGOTOWIE FLAGOWE\u00ae","isPartOf":{"@id":"https:\/\/www.pogotowieflagowe.pl\/aktualne\/#website"},"primaryImageOfPage":{"@id":"https:\/\/www.pogotowieflagowe.pl\/aktualne\/trump-konfrontuje-sie-z-nielegalna-imigracja-pomimo-oporu-sadowego\/#primaryimage"},"image":{"@id":"https:\/\/www.pogotowieflagowe.pl\/aktualne\/trump-konfrontuje-sie-z-nielegalna-imigracja-pomimo-oporu-sadowego\/#primaryimage"},"thumbnailUrl":"https:\/\/www.pogotowieflagowe.pl\/aktualne\/wp-content\/uploads\/2025\/05\/Trump-konfrontuje-sie-z-nielegalna-imigracja-pomimo-oporu-sadowego.jpeg","datePublished":"2025-05-07T13:47:24+00:00","dateModified":"2025-05-07T13:47:25+00:00","breadcrumb":{"@id":"https:\/\/www.pogotowieflagowe.pl\/aktualne\/trump-konfrontuje-sie-z-nielegalna-imigracja-pomimo-oporu-sadowego\/#breadcrumb"},"inLanguage":"pl-PL","potentialAction":[{"@type":"ReadAction","target":["https:\/\/www.pogotowieflagowe.pl\/aktualne\/trump-konfrontuje-sie-z-nielegalna-imigracja-pomimo-oporu-sadowego\/"]}]},{"@type":"ImageObject","inLanguage":"pl-PL","@id":"https:\/\/www.pogotowieflagowe.pl\/aktualne\/trump-konfrontuje-sie-z-nielegalna-imigracja-pomimo-oporu-sadowego\/#primaryimage","url":"https:\/\/www.pogotowieflagowe.pl\/aktualne\/wp-content\/uploads\/2025\/05\/Trump-konfrontuje-sie-z-nielegalna-imigracja-pomimo-oporu-sadowego.jpeg","contentUrl":"https:\/\/www.pogotowieflagowe.pl\/aktualne\/wp-content\/uploads\/2025\/05\/Trump-konfrontuje-sie-z-nielegalna-imigracja-pomimo-oporu-sadowego.jpeg","width":2048,"height":1366,"caption":"Trump konfrontuje si\u0119 z nielegaln\u0105 imigracj\u0105 pomimo oporu s\u0105dowego"},{"@type":"BreadcrumbList","@id":"https:\/\/www.pogotowieflagowe.pl\/aktualne\/trump-konfrontuje-sie-z-nielegalna-imigracja-pomimo-oporu-sadowego\/#breadcrumb","itemListElement":[{"@type":"ListItem","position":1,"name":"Home","item":"https:\/\/www.pogotowieflagowe.pl\/aktualne\/"},{"@type":"ListItem","position":2,"name":"Trump konfrontuje si\u0119 z nielegaln\u0105 imigracj\u0105 pomimo oporu s\u0105dowego"}]},{"@type":"WebSite","@id":"https:\/\/www.pogotowieflagowe.pl\/aktualne\/#website","url":"https:\/\/www.pogotowieflagowe.pl\/aktualne\/","name":"POGOTOWIE FLAGOWE\u00ae","description":"","publisher":{"@id":"https:\/\/www.pogotowieflagowe.pl\/aktualne\/#organization"},"potentialAction":[{"@type":"SearchAction","target":{"@type":"EntryPoint","urlTemplate":"https:\/\/www.pogotowieflagowe.pl\/aktualne\/?s={search_term_string}"},"query-input":"required name=search_term_string"}],"inLanguage":"pl-PL"},{"@type":"Organization","@id":"https:\/\/www.pogotowieflagowe.pl\/aktualne\/#organization","name":"POGOTOWIE FLAGOWE\u00ae","url":"https:\/\/www.pogotowieflagowe.pl\/aktualne\/","logo":{"@type":"ImageObject","inLanguage":"pl-PL","@id":"https:\/\/www.pogotowieflagowe.pl\/aktualne\/#\/schema\/logo\/image\/","url":"https:\/\/www.pogotowieflagowe.pl\/aktualne\/wp-content\/uploads\/2024\/08\/cropped-pogotowieflagowe_flaga_projekt_sm.jpg","contentUrl":"https:\/\/www.pogotowieflagowe.pl\/aktualne\/wp-content\/uploads\/2024\/08\/cropped-pogotowieflagowe_flaga_projekt_sm.jpg","width":250,"height":143,"caption":"POGOTOWIE FLAGOWE\u00ae"},"image":{"@id":"https:\/\/www.pogotowieflagowe.pl\/aktualne\/#\/schema\/logo\/image\/"}},{"@type":"Person","@id":"https:\/\/www.pogotowieflagowe.pl\/aktualne\/#\/schema\/person\/9c2fb7d2362ebf6fa088960d7f0d27b0","name":"Filip","image":{"@type":"ImageObject","inLanguage":"pl-PL","@id":"https:\/\/www.pogotowieflagowe.pl\/aktualne\/#\/schema\/person\/image\/","url":"https:\/\/www.pogotowieflagowe.pl\/aktualne\/wp-content\/uploads\/2024\/08\/pogotowieflagowe.pl_.jpg","contentUrl":"https:\/\/www.pogotowieflagowe.pl\/aktualne\/wp-content\/uploads\/2024\/08\/pogotowieflagowe.pl_.jpg","caption":"Filip"},"description":"Jestem Filip, polski dziennikarz z dyplomem nauk politycznych Uniwersytetu Warszawskiego. Rozpoczynaj\u0105c swoj\u0105 karier\u0119 w r\u00f3\u017cnych lokalnych mediach, zdoby\u0142em solidne do\u015bwiadczenie w zakresie \u015bledztwa i redakcji. Obecnie jako redaktor w Pogotowie flagowe, staram si\u0119 dostarcza\u0107 dog\u0142\u0119bne i istotne analizy na temat najwa\u017cniejszych kwestii aktualno\u015bci, \u0142\u0105cz\u0105c rygor z pasj\u0105 dziennikarsk\u0105.","sameAs":["https:\/\/www.pogotowieflagowe.pl\/"]}]}},"_links":{"self":[{"href":"https:\/\/www.pogotowieflagowe.pl\/aktualne\/wp-json\/wp\/v2\/posts\/5644","targetHints":{"allow":["GET"]}}],"collection":[{"href":"https:\/\/www.pogotowieflagowe.pl\/aktualne\/wp-json\/wp\/v2\/posts"}],"about":[{"href":"https:\/\/www.pogotowieflagowe.pl\/aktualne\/wp-json\/wp\/v2\/types\/post"}],"author":[{"embeddable":true,"href":"https:\/\/www.pogotowieflagowe.pl\/aktualne\/wp-json\/wp\/v2\/users\/1"}],"replies":[{"embeddable":true,"href":"https:\/\/www.pogotowieflagowe.pl\/aktualne\/wp-json\/wp\/v2\/comments?post=5644"}],"version-history":[{"count":1,"href":"https:\/\/www.pogotowieflagowe.pl\/aktualne\/wp-json\/wp\/v2\/posts\/5644\/revisions"}],"predecessor-version":[{"id":5646,"href":"https:\/\/www.pogotowieflagowe.pl\/aktualne\/wp-json\/wp\/v2\/posts\/5644\/revisions\/5646"}],"wp:featuredmedia":[{"embeddable":true,"href":"https:\/\/www.pogotowieflagowe.pl\/aktualne\/wp-json\/wp\/v2\/media\/5645"}],"wp:attachment":[{"href":"https:\/\/www.pogotowieflagowe.pl\/aktualne\/wp-json\/wp\/v2\/media?parent=5644"}],"wp:term":[{"taxonomy":"category","embeddable":true,"href":"https:\/\/www.pogotowieflagowe.pl\/aktualne\/wp-json\/wp\/v2\/categories?post=5644"},{"taxonomy":"post_tag","embeddable":true,"href":"https:\/\/www.pogotowieflagowe.pl\/aktualne\/wp-json\/wp\/v2\/tags?post=5644"}],"curies":[{"name":"wp","href":"https:\/\/api.w.org\/{rel}","templated":true}]}}