{"id":5679,"date":"2025-05-09T16:47:38","date_gmt":"2025-05-09T14:47:38","guid":{"rendered":"https:\/\/www.pogotowieflagowe.pl\/aktualne\/on-jest-jednym-z-nas-peruwianskie-media-reaguja-na-wybor-papieza-leo-xiv\/"},"modified":"2025-05-09T16:47:38","modified_gmt":"2025-05-09T14:47:38","slug":"on-jest-jednym-z-nas-peruwianskie-media-reaguja-na-wybor-papieza-leo-xiv","status":"publish","type":"post","link":"https:\/\/www.pogotowieflagowe.pl\/aktualne\/on-jest-jednym-z-nas-peruwianskie-media-reaguja-na-wybor-papieza-leo-xiv\/","title":{"rendered":"\u201eOn jest jednym z nas\u201d: peruwia\u0144skie media reaguj\u0105 na wyb\u00f3r papie\u017ca Leo XIV"},"content":{"rendered":"\n<div class=\"td_block_wrap tdb_single_content tdi_41 td-pb-border-top td_block_template_8 td-post-content tagdiv-type\" data-td-block-uid=\"tdi_41\">\n<style>.tdi_41 {margin-top: 0px! Wa\u017cne; margines-bottom: 0px! WA\u017bNY; PALDING-TOP: 0PX! WA\u017bNY; PALDING-BOTTOM: 0PX! WA\u017bNE}<\/style>\n<style>.tdb_single_content {margin-bottom: 0;*zoom: 1} .tdb_single_content: wcze\u015bniej, .tdb_single_content: po {display: Table; content: ''; line-height: 0} .TDB-BLOCK-INner>*: nie (.WP-BLOCK-QUOTE): not (.alignSwide): not (.Alignfull.wp-block-cover.has-parallax): not (.td-a-ad) {margin-left: auto; margin-right: auto} .tdb_single_ConTent a {wska\u017anik-events: auto} .tdb_single_content .td-spot-id-top_ad .tdc-placeholder-title: przed {content: \u201eArtyku\u0142 top ad\u201d! Wa\u017cne} .tdb_single_content .td-Spot-Id-inline_ad0 .tdc-placeholder-title 1 '! Wa\u017cne} .tdb_single_content .td-Spot-Id-inline_Ad1 .tdc-Placeholder-Title: przed {content: \u201eArtyku\u0142 inline AD 2'! Wa\u017cny} .tdb_single_content. 3 '! Wa\u017cne} .tdb_single_content .td-Spot-Id-Bottom_Ad .tdc-Placeholder-Title: przed {content: \u201eArtyku\u0142 Bottom Ad\u201d! Wa\u017cne} .tdb_single_content .id_top_ad, .tdb_single_content_content .id_bottom_ad {clear: oba; margin-bottom: 21px; text-align: Center} .tdb_single_content .id_top_ad img, .tdb_single_content .id_bottom_ad img {margin-bottom: 0} .tdb_single_conTent .id_top_ad .adsbyGoogle, .tdb_single_content .id_bottom_ad .adsbyGoogle {pozycja: relatyw} .tdb_single_content .id_ad_content-horiz-left, .tdb_single_content .id_ad_content-horiz-right, .tdb_single_content .id_ad_content-horiz-Center {margin-bottom: 15px} .tdb_single_content .id_ad_content-horiz-left Img, .tdb_single_content .id_ad_content-horiz-right img, .tdb_single_content .id_ad_content-horiz-centerter img {margin-bottom: 0} .tdb_single_content .id_ad_content-horiz-center {text-align: Center} .tdb_single_content .id_ad_content-horiz-center img {margin-right: auto; margin-let: auto} .tdb_single_content .id_ad_content-horiz-left {float: left; margin-top: 9px; margin-right: 21px} .tdb_single_content .id_ad_content-horiz-right {float: margin-top: 6px; margin-left: 21px} .tdb_single_content .tdc-a-a-ad .TDC-Placeholder-Title {szeroko\u015b\u0107: 300px; height: 250px} .tdb_single_content .tdc-a-ad .TDC-Placeholder-Title: Przed {Pozycja: Absolute; TOP: 50%;-WebKit-Transform: Translatey (-50%); Transform: Translatey (-50%); margines: auto; wy\u015bwietlacz: tabela; szeroko\u015b\u0107: 100%}. tdb_single_content .TDB-BLOCK-INNER.TD-FIX-INDEX {Word-Break: Break-word} .tdi_41, .tdi_41> p, .tdi_41 .tdb-block-inner> p, .Wp-Block-Column> p {font-size: 16px! Wa\u017cne; wa\u017cny; p {font-styl: normalne! Wa\u017cne} @media (Max-Width: 767px) {. tdb_single_content .id_ad_content-horiz-left, .tdb_single_content .id_ad_content-horiz-right, .tdb_single_content .id_ad_content-horiz-centter {Margin: 0 AUTO 26PXX auto}}@media (Max-Width: 767px) {. tdb_single_content .id_ad_content-horiz-left {margin-right: 0}}@media (max-width: 767px) {. (Max-Width: 767px) {. tdb_single_content .td-a-ad {float: none; text-align: Center} .tdb_single_content .td-a-ad img {margin-right: auto; margin-left: auto} .tdb_single_content .tdc-a-a-a-{margin-right: auto; margin-left: auto} .tdb_single_content .tdd<\/style>\n<div class=\"tdb-block-inner td-fix-index\">\n<p>Peruwia\u0144skie media entuzjastycznie z zadowoleniem przyj\u0119\u0142y wyb\u00f3r kardyna\u0142a Roberta Prevost jako nowego papie\u017ca, podkre\u015blaj\u0105c jego d\u0142ugotrwa\u0142\u0105 prac\u0119 duszpastersk\u0105 w Peru. Komentatorzy podkre\u015blaj\u0105, \u017ce chocia\u017c nowo wybrany papie\u017c Leo XIV urodzi\u0142 si\u0119 w Stanach Zjednoczonych, posiada r\u00f3wnie\u017c obywatelstwo peruwia\u0144skie.<\/p>\n<p>Jak donosi RPP News, Robert Prevost, urodzony w Chicago w 1955 roku, ma powi\u0105zania z Peru od lat 80. XX wieku, s\u0142u\u017c\u0105c jako misjonarz z Zakonem St. Augustine. \u201eJest g\u0142\u0119boko zwi\u0105zany z Peru. Jest jednym z nas. Jest peruwia\u0144skim\u201d, powiedzieli komentatorzy stacji, zauwa\u017caj\u0105c, \u017ce Prevost otrzyma\u0142 sw\u00f3j peruwia\u0144ski identyfikator krajowy w sierpniu 2014 r.<\/p>\n<p>Codziennie oparty na limie <em>El Comercio<\/em> Wskaza\u0142 tak\u017ce na silne powi\u0105zania nowego papie\u017ca z Peru, podkre\u015blaj\u0105c, \u017ce pe\u0142ni\u0142 tam r\u00f3\u017cne role, od misjonarza po wiceprezydenta konferencji peruwia\u0144skiej biskup\u00f3w, a tak\u017ce biskup diecezji Chiclayo.<\/p>\n<p>\u201eRobert Prevost dzi\u015b staje si\u0119 pierwszym papie\u017cem, kt\u00f3ry jest zar\u00f3wno ameryka\u0144skim, jak i peruwia\u0144skim, bior\u0105c nazw\u0119 Leo XIV\u201d <em>El Comercio<\/em> napisa\u0142 w czwartek, przypominaj\u0105c czytelnikom jego s\u0142u\u017cb\u0119 jako biskup w p\u00f3\u0142nocnym Peru. Gazeta opublikowa\u0142a archiwalne zdj\u0119cia papie\u017ca Leo XIV z lat w Peru, w tym jeden uderzaj\u0105cy obraz, kt\u00f3ry chodzi\u0142 samotnie przez peruwia\u0144sk\u0105 ulic\u0119 nios\u0105c\u0105 monstrancj\u0119 podczas pandemii Covid-19.<\/p>\n<p>Artyku\u0142 zauwa\u017cy\u0142 r\u00f3wnie\u017c, \u017ce Prevost zyska\u0142 powszechny szacunek w Peru, szczeg\u00f3lnie ze wzgl\u0119du na jego blisko\u015b\u0107 zwyk\u0142ych ludzi i jego wysi\u0142ki na rzecz rozpocz\u0119cia innowacyjnych inicjatyw m\u0142odzie\u017cowych.<\/p>\n<p>Zgodnie z publikacj\u0105 nowy papie\u017c ma stosunkowo ograniczone powi\u0105zania z Ko\u015bcio\u0142em ameryka\u0144skim, poniewa\u017c rozpocz\u0105\u0142 swoj\u0105 pos\u0142ug\u0119 w Peru zaledwie trzy lata po wy\u015bwi\u0119ceniu.<\/p>\n<\/div>\n<\/div>\n","protected":false},"excerpt":{"rendered":"<p>Peruwia\u0144skie media entuzjastycznie z zadowoleniem przyj\u0119\u0142y wyb\u00f3r kardyna\u0142a Roberta Prevost jako nowego papie\u017ca, podkre\u015blaj\u0105c jego d\u0142ugotrwa\u0142\u0105 prac\u0119 duszpastersk\u0105 w Peru.<\/p>\n","protected":false},"author":1,"featured_media":5680,"comment_status":"closed","ping_status":"","sticky":false,"template":"","format":"standard","meta":{"footnotes":""},"categories":[4748],"tags":[6463,111,7417,4952,282,4166,7429,2830,7430,7418],"class_list":["post-5679","post","type-post","status-publish","format-standard","has-post-thumbnail","hentry","category-aktualne","tag-jednym","tag-jest","tag-leo","tag-media","tag-nas","tag-papieza","tag-peruwianskie","tag-reaguja","tag-wybor","tag-xiv","generate-columns","tablet-grid-50","mobile-grid-100","grid-parent","grid-50","resize-featured-image"],"yoast_head":"<!-- This site is optimized with the Yoast SEO plugin v23.2 - https:\/\/yoast.com\/wordpress\/plugins\/seo\/ -->\n<title>\u201eOn jest jednym z nas\u201d: peruwia\u0144skie media reaguj\u0105 na wyb\u00f3r papie\u017ca Leo XIV - POGOTOWIE FLAGOWE\u00ae<\/title>\n<meta name=\"robots\" content=\"index, follow, max-snippet:-1, max-image-preview:large, max-video-preview:-1\" \/>\n<link rel=\"canonical\" href=\"https:\/\/www.pogotowieflagowe.pl\/aktualne\/on-jest-jednym-z-nas-peruwianskie-media-reaguja-na-wybor-papieza-leo-xiv\/\" \/>\n<meta property=\"og:locale\" content=\"pl_PL\" \/>\n<meta property=\"og:type\" content=\"article\" \/>\n<meta property=\"og:title\" content=\"\u201eOn jest jednym z nas\u201d: peruwia\u0144skie media reaguj\u0105 na wyb\u00f3r papie\u017ca Leo XIV - POGOTOWIE FLAGOWE\u00ae\" \/>\n<meta property=\"og:description\" content=\"Peruwia\u0144skie media entuzjastycznie z zadowoleniem przyj\u0119\u0142y wyb\u00f3r kardyna\u0142a Roberta Prevost jako nowego papie\u017ca, podkre\u015blaj\u0105c jego d\u0142ugotrwa\u0142\u0105 prac\u0119 duszpastersk\u0105 w Peru.\" \/>\n<meta property=\"og:url\" content=\"https:\/\/www.pogotowieflagowe.pl\/aktualne\/on-jest-jednym-z-nas-peruwianskie-media-reaguja-na-wybor-papieza-leo-xiv\/\" \/>\n<meta property=\"og:site_name\" content=\"POGOTOWIE FLAGOWE\u00ae\" \/>\n<meta property=\"article:published_time\" content=\"2025-05-09T14:47:38+00:00\" \/>\n<meta property=\"og:image\" content=\"https:\/\/www.pogotowieflagowe.pl\/aktualne\/wp-content\/uploads\/2025\/05\/\u201eOn-jest-jednym-z-nas-peruwianskie-media-reaguja-na-wybor.webp.webp\" \/>\n\t<meta property=\"og:image:width\" content=\"1280\" \/>\n\t<meta property=\"og:image:height\" content=\"720\" \/>\n\t<meta property=\"og:image:type\" content=\"image\/webp\" \/>\n<meta name=\"author\" content=\"Filip\" \/>\n<meta name=\"twitter:card\" content=\"summary_large_image\" \/>\n<meta name=\"twitter:label1\" content=\"Napisane przez\" \/>\n\t<meta name=\"twitter:data1\" content=\"Filip\" \/>\n\t<meta name=\"twitter:label2\" content=\"Szacowany czas czytania\" \/>\n\t<meta name=\"twitter:data2\" content=\"1 minuta\" \/>\n<script type=\"application\/ld+json\" class=\"yoast-schema-graph\">{\"@context\":\"https:\/\/schema.org\",\"@graph\":[{\"@type\":\"Article\",\"@id\":\"https:\/\/www.pogotowieflagowe.pl\/aktualne\/on-jest-jednym-z-nas-peruwianskie-media-reaguja-na-wybor-papieza-leo-xiv\/#article\",\"isPartOf\":{\"@id\":\"https:\/\/www.pogotowieflagowe.pl\/aktualne\/on-jest-jednym-z-nas-peruwianskie-media-reaguja-na-wybor-papieza-leo-xiv\/\"},\"author\":{\"name\":\"Filip\",\"@id\":\"https:\/\/www.pogotowieflagowe.pl\/aktualne\/#\/schema\/person\/9c2fb7d2362ebf6fa088960d7f0d27b0\"},\"headline\":\"\u201eOn jest jednym z nas\u201d: peruwia\u0144skie media reaguj\u0105 na wyb\u00f3r papie\u017ca Leo XIV\",\"datePublished\":\"2025-05-09T14:47:38+00:00\",\"dateModified\":\"2025-05-09T14:47:38+00:00\",\"mainEntityOfPage\":{\"@id\":\"https:\/\/www.pogotowieflagowe.pl\/aktualne\/on-jest-jednym-z-nas-peruwianskie-media-reaguja-na-wybor-papieza-leo-xiv\/\"},\"wordCount\":311,\"publisher\":{\"@id\":\"https:\/\/www.pogotowieflagowe.pl\/aktualne\/#organization\"},\"image\":{\"@id\":\"https:\/\/www.pogotowieflagowe.pl\/aktualne\/on-jest-jednym-z-nas-peruwianskie-media-reaguja-na-wybor-papieza-leo-xiv\/#primaryimage\"},\"thumbnailUrl\":\"https:\/\/www.pogotowieflagowe.pl\/aktualne\/wp-content\/uploads\/2025\/05\/\u201eOn-jest-jednym-z-nas-peruwianskie-media-reaguja-na-wybor.webp.webp\",\"keywords\":[\"jednym\",\"jest\",\"Leo\",\"media\",\"nas\",\"papie\u017ca\",\"peruwia\u0144skie\",\"reaguj\u0105\",\"wyb\u00f3r\",\"XIV\"],\"articleSection\":[\"Aktualne\"],\"inLanguage\":\"pl-PL\"},{\"@type\":\"WebPage\",\"@id\":\"https:\/\/www.pogotowieflagowe.pl\/aktualne\/on-jest-jednym-z-nas-peruwianskie-media-reaguja-na-wybor-papieza-leo-xiv\/\",\"url\":\"https:\/\/www.pogotowieflagowe.pl\/aktualne\/on-jest-jednym-z-nas-peruwianskie-media-reaguja-na-wybor-papieza-leo-xiv\/\",\"name\":\"\u201eOn jest jednym z nas\u201d: peruwia\u0144skie media reaguj\u0105 na wyb\u00f3r papie\u017ca Leo XIV - POGOTOWIE FLAGOWE\u00ae\",\"isPartOf\":{\"@id\":\"https:\/\/www.pogotowieflagowe.pl\/aktualne\/#website\"},\"primaryImageOfPage\":{\"@id\":\"https:\/\/www.pogotowieflagowe.pl\/aktualne\/on-jest-jednym-z-nas-peruwianskie-media-reaguja-na-wybor-papieza-leo-xiv\/#primaryimage\"},\"image\":{\"@id\":\"https:\/\/www.pogotowieflagowe.pl\/aktualne\/on-jest-jednym-z-nas-peruwianskie-media-reaguja-na-wybor-papieza-leo-xiv\/#primaryimage\"},\"thumbnailUrl\":\"https:\/\/www.pogotowieflagowe.pl\/aktualne\/wp-content\/uploads\/2025\/05\/\u201eOn-jest-jednym-z-nas-peruwianskie-media-reaguja-na-wybor.webp.webp\",\"datePublished\":\"2025-05-09T14:47:38+00:00\",\"dateModified\":\"2025-05-09T14:47:38+00:00\",\"breadcrumb\":{\"@id\":\"https:\/\/www.pogotowieflagowe.pl\/aktualne\/on-jest-jednym-z-nas-peruwianskie-media-reaguja-na-wybor-papieza-leo-xiv\/#breadcrumb\"},\"inLanguage\":\"pl-PL\",\"potentialAction\":[{\"@type\":\"ReadAction\",\"target\":[\"https:\/\/www.pogotowieflagowe.pl\/aktualne\/on-jest-jednym-z-nas-peruwianskie-media-reaguja-na-wybor-papieza-leo-xiv\/\"]}]},{\"@type\":\"ImageObject\",\"inLanguage\":\"pl-PL\",\"@id\":\"https:\/\/www.pogotowieflagowe.pl\/aktualne\/on-jest-jednym-z-nas-peruwianskie-media-reaguja-na-wybor-papieza-leo-xiv\/#primaryimage\",\"url\":\"https:\/\/www.pogotowieflagowe.pl\/aktualne\/wp-content\/uploads\/2025\/05\/\u201eOn-jest-jednym-z-nas-peruwianskie-media-reaguja-na-wybor.webp.webp\",\"contentUrl\":\"https:\/\/www.pogotowieflagowe.pl\/aktualne\/wp-content\/uploads\/2025\/05\/\u201eOn-jest-jednym-z-nas-peruwianskie-media-reaguja-na-wybor.webp.webp\",\"width\":1280,\"height\":720,\"caption\":\"\u201eOn jest jednym z nas\u201d: peruwia\u0144skie media reaguj\u0105 na wyb\u00f3r papie\u017ca Leo XIV\"},{\"@type\":\"BreadcrumbList\",\"@id\":\"https:\/\/www.pogotowieflagowe.pl\/aktualne\/on-jest-jednym-z-nas-peruwianskie-media-reaguja-na-wybor-papieza-leo-xiv\/#breadcrumb\",\"itemListElement\":[{\"@type\":\"ListItem\",\"position\":1,\"name\":\"Home\",\"item\":\"https:\/\/www.pogotowieflagowe.pl\/aktualne\/\"},{\"@type\":\"ListItem\",\"position\":2,\"name\":\"\u201eOn jest jednym z nas\u201d: peruwia\u0144skie media reaguj\u0105 na wyb\u00f3r papie\u017ca Leo XIV\"}]},{\"@type\":\"WebSite\",\"@id\":\"https:\/\/www.pogotowieflagowe.pl\/aktualne\/#website\",\"url\":\"https:\/\/www.pogotowieflagowe.pl\/aktualne\/\",\"name\":\"POGOTOWIE FLAGOWE\u00ae\",\"description\":\"\",\"publisher\":{\"@id\":\"https:\/\/www.pogotowieflagowe.pl\/aktualne\/#organization\"},\"potentialAction\":[{\"@type\":\"SearchAction\",\"target\":{\"@type\":\"EntryPoint\",\"urlTemplate\":\"https:\/\/www.pogotowieflagowe.pl\/aktualne\/?s={search_term_string}\"},\"query-input\":\"required name=search_term_string\"}],\"inLanguage\":\"pl-PL\"},{\"@type\":\"Organization\",\"@id\":\"https:\/\/www.pogotowieflagowe.pl\/aktualne\/#organization\",\"name\":\"POGOTOWIE FLAGOWE\u00ae\",\"url\":\"https:\/\/www.pogotowieflagowe.pl\/aktualne\/\",\"logo\":{\"@type\":\"ImageObject\",\"inLanguage\":\"pl-PL\",\"@id\":\"https:\/\/www.pogotowieflagowe.pl\/aktualne\/#\/schema\/logo\/image\/\",\"url\":\"https:\/\/www.pogotowieflagowe.pl\/aktualne\/wp-content\/uploads\/2024\/08\/cropped-pogotowieflagowe_flaga_projekt_sm.jpg\",\"contentUrl\":\"https:\/\/www.pogotowieflagowe.pl\/aktualne\/wp-content\/uploads\/2024\/08\/cropped-pogotowieflagowe_flaga_projekt_sm.jpg\",\"width\":250,\"height\":143,\"caption\":\"POGOTOWIE FLAGOWE\u00ae\"},\"image\":{\"@id\":\"https:\/\/www.pogotowieflagowe.pl\/aktualne\/#\/schema\/logo\/image\/\"}},{\"@type\":\"Person\",\"@id\":\"https:\/\/www.pogotowieflagowe.pl\/aktualne\/#\/schema\/person\/9c2fb7d2362ebf6fa088960d7f0d27b0\",\"name\":\"Filip\",\"image\":{\"@type\":\"ImageObject\",\"inLanguage\":\"pl-PL\",\"@id\":\"https:\/\/www.pogotowieflagowe.pl\/aktualne\/#\/schema\/person\/image\/\",\"url\":\"https:\/\/www.pogotowieflagowe.pl\/aktualne\/wp-content\/uploads\/2024\/08\/pogotowieflagowe.pl_.jpg\",\"contentUrl\":\"https:\/\/www.pogotowieflagowe.pl\/aktualne\/wp-content\/uploads\/2024\/08\/pogotowieflagowe.pl_.jpg\",\"caption\":\"Filip\"},\"description\":\"Jestem Filip, polski dziennikarz z dyplomem nauk politycznych Uniwersytetu Warszawskiego. Rozpoczynaj\u0105c swoj\u0105 karier\u0119 w r\u00f3\u017cnych lokalnych mediach, zdoby\u0142em solidne do\u015bwiadczenie w zakresie \u015bledztwa i redakcji. Obecnie jako redaktor w Pogotowie flagowe, staram si\u0119 dostarcza\u0107 dog\u0142\u0119bne i istotne analizy na temat najwa\u017cniejszych kwestii aktualno\u015bci, \u0142\u0105cz\u0105c rygor z pasj\u0105 dziennikarsk\u0105.\",\"sameAs\":[\"https:\/\/www.pogotowieflagowe.pl\/\"]}]}<\/script>\n<!-- \/ Yoast SEO plugin. -->","yoast_head_json":{"title":"\u201eOn jest jednym z nas\u201d: peruwia\u0144skie media reaguj\u0105 na wyb\u00f3r papie\u017ca Leo XIV - POGOTOWIE FLAGOWE\u00ae","robots":{"index":"index","follow":"follow","max-snippet":"max-snippet:-1","max-image-preview":"max-image-preview:large","max-video-preview":"max-video-preview:-1"},"canonical":"https:\/\/www.pogotowieflagowe.pl\/aktualne\/on-jest-jednym-z-nas-peruwianskie-media-reaguja-na-wybor-papieza-leo-xiv\/","og_locale":"pl_PL","og_type":"article","og_title":"\u201eOn jest jednym z nas\u201d: peruwia\u0144skie media reaguj\u0105 na wyb\u00f3r papie\u017ca Leo XIV - POGOTOWIE FLAGOWE\u00ae","og_description":"Peruwia\u0144skie media entuzjastycznie z zadowoleniem przyj\u0119\u0142y wyb\u00f3r kardyna\u0142a Roberta Prevost jako nowego papie\u017ca, podkre\u015blaj\u0105c jego d\u0142ugotrwa\u0142\u0105 prac\u0119 duszpastersk\u0105 w Peru.","og_url":"https:\/\/www.pogotowieflagowe.pl\/aktualne\/on-jest-jednym-z-nas-peruwianskie-media-reaguja-na-wybor-papieza-leo-xiv\/","og_site_name":"POGOTOWIE FLAGOWE\u00ae","article_published_time":"2025-05-09T14:47:38+00:00","og_image":[{"width":1280,"height":720,"url":"https:\/\/www.pogotowieflagowe.pl\/aktualne\/wp-content\/uploads\/2025\/05\/\u201eOn-jest-jednym-z-nas-peruwianskie-media-reaguja-na-wybor.webp.webp","type":"image\/webp"}],"author":"Filip","twitter_card":"summary_large_image","twitter_misc":{"Napisane przez":"Filip","Szacowany czas czytania":"1 minuta"},"schema":{"@context":"https:\/\/schema.org","@graph":[{"@type":"Article","@id":"https:\/\/www.pogotowieflagowe.pl\/aktualne\/on-jest-jednym-z-nas-peruwianskie-media-reaguja-na-wybor-papieza-leo-xiv\/#article","isPartOf":{"@id":"https:\/\/www.pogotowieflagowe.pl\/aktualne\/on-jest-jednym-z-nas-peruwianskie-media-reaguja-na-wybor-papieza-leo-xiv\/"},"author":{"name":"Filip","@id":"https:\/\/www.pogotowieflagowe.pl\/aktualne\/#\/schema\/person\/9c2fb7d2362ebf6fa088960d7f0d27b0"},"headline":"\u201eOn jest jednym z nas\u201d: peruwia\u0144skie media reaguj\u0105 na wyb\u00f3r papie\u017ca Leo XIV","datePublished":"2025-05-09T14:47:38+00:00","dateModified":"2025-05-09T14:47:38+00:00","mainEntityOfPage":{"@id":"https:\/\/www.pogotowieflagowe.pl\/aktualne\/on-jest-jednym-z-nas-peruwianskie-media-reaguja-na-wybor-papieza-leo-xiv\/"},"wordCount":311,"publisher":{"@id":"https:\/\/www.pogotowieflagowe.pl\/aktualne\/#organization"},"image":{"@id":"https:\/\/www.pogotowieflagowe.pl\/aktualne\/on-jest-jednym-z-nas-peruwianskie-media-reaguja-na-wybor-papieza-leo-xiv\/#primaryimage"},"thumbnailUrl":"https:\/\/www.pogotowieflagowe.pl\/aktualne\/wp-content\/uploads\/2025\/05\/\u201eOn-jest-jednym-z-nas-peruwianskie-media-reaguja-na-wybor.webp.webp","keywords":["jednym","jest","Leo","media","nas","papie\u017ca","peruwia\u0144skie","reaguj\u0105","wyb\u00f3r","XIV"],"articleSection":["Aktualne"],"inLanguage":"pl-PL"},{"@type":"WebPage","@id":"https:\/\/www.pogotowieflagowe.pl\/aktualne\/on-jest-jednym-z-nas-peruwianskie-media-reaguja-na-wybor-papieza-leo-xiv\/","url":"https:\/\/www.pogotowieflagowe.pl\/aktualne\/on-jest-jednym-z-nas-peruwianskie-media-reaguja-na-wybor-papieza-leo-xiv\/","name":"\u201eOn jest jednym z nas\u201d: peruwia\u0144skie media reaguj\u0105 na wyb\u00f3r papie\u017ca Leo XIV - POGOTOWIE FLAGOWE\u00ae","isPartOf":{"@id":"https:\/\/www.pogotowieflagowe.pl\/aktualne\/#website"},"primaryImageOfPage":{"@id":"https:\/\/www.pogotowieflagowe.pl\/aktualne\/on-jest-jednym-z-nas-peruwianskie-media-reaguja-na-wybor-papieza-leo-xiv\/#primaryimage"},"image":{"@id":"https:\/\/www.pogotowieflagowe.pl\/aktualne\/on-jest-jednym-z-nas-peruwianskie-media-reaguja-na-wybor-papieza-leo-xiv\/#primaryimage"},"thumbnailUrl":"https:\/\/www.pogotowieflagowe.pl\/aktualne\/wp-content\/uploads\/2025\/05\/\u201eOn-jest-jednym-z-nas-peruwianskie-media-reaguja-na-wybor.webp.webp","datePublished":"2025-05-09T14:47:38+00:00","dateModified":"2025-05-09T14:47:38+00:00","breadcrumb":{"@id":"https:\/\/www.pogotowieflagowe.pl\/aktualne\/on-jest-jednym-z-nas-peruwianskie-media-reaguja-na-wybor-papieza-leo-xiv\/#breadcrumb"},"inLanguage":"pl-PL","potentialAction":[{"@type":"ReadAction","target":["https:\/\/www.pogotowieflagowe.pl\/aktualne\/on-jest-jednym-z-nas-peruwianskie-media-reaguja-na-wybor-papieza-leo-xiv\/"]}]},{"@type":"ImageObject","inLanguage":"pl-PL","@id":"https:\/\/www.pogotowieflagowe.pl\/aktualne\/on-jest-jednym-z-nas-peruwianskie-media-reaguja-na-wybor-papieza-leo-xiv\/#primaryimage","url":"https:\/\/www.pogotowieflagowe.pl\/aktualne\/wp-content\/uploads\/2025\/05\/\u201eOn-jest-jednym-z-nas-peruwianskie-media-reaguja-na-wybor.webp.webp","contentUrl":"https:\/\/www.pogotowieflagowe.pl\/aktualne\/wp-content\/uploads\/2025\/05\/\u201eOn-jest-jednym-z-nas-peruwianskie-media-reaguja-na-wybor.webp.webp","width":1280,"height":720,"caption":"\u201eOn jest jednym z nas\u201d: peruwia\u0144skie media reaguj\u0105 na wyb\u00f3r papie\u017ca Leo XIV"},{"@type":"BreadcrumbList","@id":"https:\/\/www.pogotowieflagowe.pl\/aktualne\/on-jest-jednym-z-nas-peruwianskie-media-reaguja-na-wybor-papieza-leo-xiv\/#breadcrumb","itemListElement":[{"@type":"ListItem","position":1,"name":"Home","item":"https:\/\/www.pogotowieflagowe.pl\/aktualne\/"},{"@type":"ListItem","position":2,"name":"\u201eOn jest jednym z nas\u201d: peruwia\u0144skie media reaguj\u0105 na wyb\u00f3r papie\u017ca Leo XIV"}]},{"@type":"WebSite","@id":"https:\/\/www.pogotowieflagowe.pl\/aktualne\/#website","url":"https:\/\/www.pogotowieflagowe.pl\/aktualne\/","name":"POGOTOWIE FLAGOWE\u00ae","description":"","publisher":{"@id":"https:\/\/www.pogotowieflagowe.pl\/aktualne\/#organization"},"potentialAction":[{"@type":"SearchAction","target":{"@type":"EntryPoint","urlTemplate":"https:\/\/www.pogotowieflagowe.pl\/aktualne\/?s={search_term_string}"},"query-input":"required name=search_term_string"}],"inLanguage":"pl-PL"},{"@type":"Organization","@id":"https:\/\/www.pogotowieflagowe.pl\/aktualne\/#organization","name":"POGOTOWIE FLAGOWE\u00ae","url":"https:\/\/www.pogotowieflagowe.pl\/aktualne\/","logo":{"@type":"ImageObject","inLanguage":"pl-PL","@id":"https:\/\/www.pogotowieflagowe.pl\/aktualne\/#\/schema\/logo\/image\/","url":"https:\/\/www.pogotowieflagowe.pl\/aktualne\/wp-content\/uploads\/2024\/08\/cropped-pogotowieflagowe_flaga_projekt_sm.jpg","contentUrl":"https:\/\/www.pogotowieflagowe.pl\/aktualne\/wp-content\/uploads\/2024\/08\/cropped-pogotowieflagowe_flaga_projekt_sm.jpg","width":250,"height":143,"caption":"POGOTOWIE FLAGOWE\u00ae"},"image":{"@id":"https:\/\/www.pogotowieflagowe.pl\/aktualne\/#\/schema\/logo\/image\/"}},{"@type":"Person","@id":"https:\/\/www.pogotowieflagowe.pl\/aktualne\/#\/schema\/person\/9c2fb7d2362ebf6fa088960d7f0d27b0","name":"Filip","image":{"@type":"ImageObject","inLanguage":"pl-PL","@id":"https:\/\/www.pogotowieflagowe.pl\/aktualne\/#\/schema\/person\/image\/","url":"https:\/\/www.pogotowieflagowe.pl\/aktualne\/wp-content\/uploads\/2024\/08\/pogotowieflagowe.pl_.jpg","contentUrl":"https:\/\/www.pogotowieflagowe.pl\/aktualne\/wp-content\/uploads\/2024\/08\/pogotowieflagowe.pl_.jpg","caption":"Filip"},"description":"Jestem Filip, polski dziennikarz z dyplomem nauk politycznych Uniwersytetu Warszawskiego. Rozpoczynaj\u0105c swoj\u0105 karier\u0119 w r\u00f3\u017cnych lokalnych mediach, zdoby\u0142em solidne do\u015bwiadczenie w zakresie \u015bledztwa i redakcji. Obecnie jako redaktor w Pogotowie flagowe, staram si\u0119 dostarcza\u0107 dog\u0142\u0119bne i istotne analizy na temat najwa\u017cniejszych kwestii aktualno\u015bci, \u0142\u0105cz\u0105c rygor z pasj\u0105 dziennikarsk\u0105.","sameAs":["https:\/\/www.pogotowieflagowe.pl\/"]}]}},"_links":{"self":[{"href":"https:\/\/www.pogotowieflagowe.pl\/aktualne\/wp-json\/wp\/v2\/posts\/5679","targetHints":{"allow":["GET"]}}],"collection":[{"href":"https:\/\/www.pogotowieflagowe.pl\/aktualne\/wp-json\/wp\/v2\/posts"}],"about":[{"href":"https:\/\/www.pogotowieflagowe.pl\/aktualne\/wp-json\/wp\/v2\/types\/post"}],"author":[{"embeddable":true,"href":"https:\/\/www.pogotowieflagowe.pl\/aktualne\/wp-json\/wp\/v2\/users\/1"}],"replies":[{"embeddable":true,"href":"https:\/\/www.pogotowieflagowe.pl\/aktualne\/wp-json\/wp\/v2\/comments?post=5679"}],"version-history":[{"count":1,"href":"https:\/\/www.pogotowieflagowe.pl\/aktualne\/wp-json\/wp\/v2\/posts\/5679\/revisions"}],"predecessor-version":[{"id":5681,"href":"https:\/\/www.pogotowieflagowe.pl\/aktualne\/wp-json\/wp\/v2\/posts\/5679\/revisions\/5681"}],"wp:featuredmedia":[{"embeddable":true,"href":"https:\/\/www.pogotowieflagowe.pl\/aktualne\/wp-json\/wp\/v2\/media\/5680"}],"wp:attachment":[{"href":"https:\/\/www.pogotowieflagowe.pl\/aktualne\/wp-json\/wp\/v2\/media?parent=5679"}],"wp:term":[{"taxonomy":"category","embeddable":true,"href":"https:\/\/www.pogotowieflagowe.pl\/aktualne\/wp-json\/wp\/v2\/categories?post=5679"},{"taxonomy":"post_tag","embeddable":true,"href":"https:\/\/www.pogotowieflagowe.pl\/aktualne\/wp-json\/wp\/v2\/tags?post=5679"}],"curies":[{"name":"wp","href":"https:\/\/api.w.org\/{rel}","templated":true}]}}