{"id":5682,"date":"2025-05-09T22:46:56","date_gmt":"2025-05-09T20:46:56","guid":{"rendered":"https:\/\/www.pogotowieflagowe.pl\/aktualne\/zarzuty-przeciwko-blaszczakowi-i-profesorowi-cenckiewiczowi-za-ujawnienie-prawdy-oskarzenia-o-polityczne-odwet\/"},"modified":"2025-05-09T22:46:57","modified_gmt":"2025-05-09T20:46:57","slug":"zarzuty-przeciwko-blaszczakowi-i-profesorowi-cenckiewiczowi-za-ujawnienie-prawdy-oskarzenia-o-polityczne-odwet","status":"publish","type":"post","link":"https:\/\/www.pogotowieflagowe.pl\/aktualne\/zarzuty-przeciwko-blaszczakowi-i-profesorowi-cenckiewiczowi-za-ujawnienie-prawdy-oskarzenia-o-polityczne-odwet\/","title":{"rendered":"Zarzuty przeciwko B\u0142aszczakowi i profesorowi Cenckiewiczowi za \u201eujawnienie prawdy\u201d. Oskar\u017cenia o polityczne odwet"},"content":{"rendered":"\n<div class=\"td_block_wrap tdb_single_content tdi_41 td-pb-border-top td_block_template_8 td-post-content tagdiv-type\" data-td-block-uid=\"tdi_41\">\n<style>.tdi_41 {margin-top: 0px! Wa\u017cne; margines-bottom: 0px! WA\u017bNY; PALDING-TOP: 0PX! WA\u017bNY; PALDING-BOTTOM: 0PX! WA\u017bNE}<\/style>\n<style>.tdb_single_content {margin-bottom: 0;*zoom: 1} .tdb_single_content: wcze\u015bniej, .tdb_single_content: po {display: Table; content: ''; line-height: 0} .TDB-BLOCK-INner>*: nie (.WP-BLOCK-QUOTE): not (.alignSwide): not (.Alignfull.wp-block-cover.has-parallax): not (.td-a-ad) {margin-left: auto; margin-right: auto} .tdb_single_ConTent a {wska\u017anik-events: auto} .tdb_single_content .td-spot-id-top_ad .tdc-placeholder-title: przed {content: \u201eArtyku\u0142 top ad\u201d! Wa\u017cne} .tdb_single_content .td-Spot-Id-inline_ad0 .tdc-placeholder-title 1 '! Wa\u017cne} .tdb_single_content .td-Spot-Id-inline_Ad1 .tdc-Placeholder-Title: przed {content: \u201eArtyku\u0142 inline AD 2'! Wa\u017cny} .tdb_single_content. 3 '! Wa\u017cne} .tdb_single_content .td-Spot-Id-Bottom_Ad .tdc-Placeholder-Title: przed {content: \u201eArtyku\u0142 Bottom Ad\u201d! Wa\u017cne} .tdb_single_content .id_top_ad, .tdb_single_content_content .id_bottom_ad {clear: oba; margin-bottom: 21px; text-align: Center} .tdb_single_content .id_top_ad img, .tdb_single_content .id_bottom_ad img {margin-bottom: 0} .tdb_single_conTent .id_top_ad .adsbyGoogle, .tdb_single_content .id_bottom_ad .adsbyGoogle {pozycja: relatyw} .tdb_single_content .id_ad_content-horiz-left, .tdb_single_content .id_ad_content-horiz-right, .tdb_single_content .id_ad_content-horiz-Center {margin-bottom: 15px} .tdb_single_content .id_ad_content-horiz-left Img, .tdb_single_content .id_ad_content-horiz-right img, .tdb_single_content .id_ad_content-horiz-centerter img {margin-bottom: 0} .tdb_single_content .id_ad_content-horiz-center {text-align: Center} .tdb_single_content .id_ad_content-horiz-center img {margin-right: auto; margin-let: auto} .tdb_single_content .id_ad_content-horiz-left {float: left; margin-top: 9px; margin-right: 21px} .tdb_single_content .id_ad_content-horiz-right {float: margin-top: 6px; margin-left: 21px} .tdb_single_content .tdc-a-a-ad .TDC-Placeholder-Title {szeroko\u015b\u0107: 300px; height: 250px} .tdb_single_content .tdc-a-ad .TDC-Placeholder-Title: Przed {Pozycja: Absolute; TOP: 50%;-WebKit-Transform: Translatey (-50%); Transform: Translatey (-50%); margines: auto; wy\u015bwietlacz: tabela; szeroko\u015b\u0107: 100%}. tdb_single_content .TDB-BLOCK-INNER.TD-FIX-INDEX {Word-Break: Break-word} .tdi_41, .tdi_41> p, .tdi_41 .tdb-block-inner> p, .Wp-Block-Column> p {font-size: 16px! Wa\u017cne; wa\u017cny; p {font-styl: normalne! Wa\u017cne} @media (Max-Width: 767px) {. tdb_single_content .id_ad_content-horiz-left, .tdb_single_content .id_ad_content-horiz-right, .tdb_single_content .id_ad_content-horiz-centter {Margin: 0 AUTO 26PXX auto}}@media (Max-Width: 767px) {. tdb_single_content .id_ad_content-horiz-left {margin-right: 0}}@media (max-width: 767px) {. (Max-Width: 767px) {. tdb_single_content .td-a-ad {float: none; text-align: Center} .tdb_single_content .td-a-ad img {margin-right: auto; margin-left: auto} .tdb_single_content .tdc-a-a-a-{margin-right: auto; margin-left: auto} .tdb_single_content .tdd<\/style>\n<div class=\"tdb-block-inner td-fix-index\">\n<p>Komitet Parlamentarny ds. Przeciwdzia\u0142ania bezprawie zwo\u0142a\u0142 dzi\u015b, aby zaj\u0105\u0107 si\u0119 tym, co zosta\u0142o opisane jako niezgodne z prawem zarzuty wniesione przeciwko by\u0142ym ministrowi obrony Mariusz B\u0142aszczak i profesor S\u0142awomira Cenkiewicz. Kontrowersje wynikaj\u0105 z publicznego ujawnienia dawnych plan\u00f3w obronnych Polski \u201eVistula Line\u201d. Obejrzyj sesj\u0119 na \u017cywo w powy\u017cszym oknie wideo.<\/p>\n<h2 class=\"wp-block-heading\">Kontrowersje linii Vistula<\/h2>\n<p>Wczoraj S\u0142awomir Cenkiewicz, by\u0142y szef wojskowego Biura Historycznego, pojawi\u0142 si\u0119 przed prokuratorem okr\u0119gowym Warszawskim ds. Spraw Wojskowych. Zosta\u0142 formalnie oskar\u017cony w zwi\u0105zku z oddzia\u0142ywaniem w 2023 r. Planu obrony \u201eWarta\u201d w Polsce-w szczeg\u00f3lno\u015bci tak zwanej linii Vistula, kt\u00f3ra rzekomo wyznaczy\u0142a t\u0119 rzek\u0119 jako niepewn\u0105 lini\u0119 obrony dla si\u0142 polskich podczas pierwszej premiery Donalda Tuska. Krytycy twierdz\u0105, \u017ce oznacza\u0142oby to przyznanie wschodniej Polski na rosyjsk\u0105 okupacj\u0119 bez oporu &#8211; co niekt\u00f3rzy nazywali zdrad\u0105 po\u0142owy polskiego narodu.<\/p>\n<p>Warto zauwa\u017cy\u0107, \u017ce podobne zarzuty zosta\u0142y ju\u017c w tej samej sprawie przeciwko by\u0142emu ministrowi obrony Mariusz B\u0142aszczak.<\/p>\n<h2 class=\"wp-block-heading\">Kontekst polityczny<\/h2>\n<p>Podczas dzisiejszej sesji parlamentarnej B\u0142aszczak podkre\u015bli\u0142 swoje przekonanie, \u017ce zarzuty s\u0105 motywowane politycznie:<\/p>\n<p>\u201eTo jest zemsta polityczna &#8211; represje skierowane do pos\u0142\u00f3w opozycyjnych. Nale\u017cy j\u0105 zobaczy\u0107 przez soczewk\u0119 walcz\u0105cej lub, jak to uj\u0105\u0142 dr Karol Nawrocki,\u201e warcz\u0105c demokracj\u0119 \u201d.<br \/>Twierdzi\u0142 ponadto, \u017ce post\u0119powanie prawne jest cz\u0119\u015bci\u0105 szerszego wysi\u0142ku w celu st\u0142umienia opozycji i odrzucenia uwagi od tego, co uwa\u017ca za skandal z udzia\u0142em wcze\u015bniejszego rz\u0105du Tuska.<\/p>\n<p>\u201eTo nie by\u0142a linia obronna. W 2015 r. Polska mia\u0142a mniej ni\u017c 100 000 \u017co\u0142nierzy, wyposa\u017cona w przestarza\u0142y sprz\u0119t z czas\u00f3w radzieckich. Taka si\u0142a nigdy nie mog\u0142a utrzyma\u0107 linii Vistula. To by\u0142a pora\u017cka zar\u00f3wno w zakresie planowania, jak i odpowiedzialno\u015bci moralnej\u201d-powiedzia\u0142 Bo\u0142szczak.<br \/>Przypomnia\u0142 sobie, \u017ce rz\u0105d prawa i sprawiedliwo\u015bci (PIS) zmieni\u0142 doktryn\u0119 obrony Polski po obj\u0119ciu urz\u0119du:<\/p>\n<p>\u201eOdk\u0105d PIS doszed\u0142 do w\u0142adzy, nasza doktryna obrony jest jasna: bronimy ka\u017cdego centymetra polskiej ziemi, zaczynaj\u0105c od granicy\u201d.<br \/>Bez szkody, tylko korzy\u015bci<\/p>\n<p>B\u0142aszcz broni\u0142 swojej decyzji o odka\u017ceniu i opublikowaniu dokument\u00f3w, twierdz\u0105c, \u017ce s\u0142u\u017cy\u0142 interesowi publicznemu:<\/p>\n<p>\u201eMoim zamiarem by\u0142o zapobieganie powrotu do tej haniebnej koncepcji. Uwa\u017cam, \u017ce po pierwsze, wzmacniaj\u0105c armi\u0119. Po drugie, zapewniaj\u0105c, \u017ce \u015bwiadomo\u015b\u0107 spo\u0142eczna zapobiega jakimkolwiek o\u017cywieniu planu linii Vistula. Polska nie wyrz\u0105dza\u0142a krzywdy &#8211; wr\u0119cz przeciwnie, zyskali\u015bmy jasno\u015b\u0107\u201d.<br \/>Domniemana presja prokuratorska<\/p>\n<p>B\u0142aszczak zakwestionowa\u0142 tak\u017ce motywacje prokuratora wojskowego odpowiedzialnego za spraw\u0119, Marcin Maksjan:<\/p>\n<p>\u201eTen prokurator zosta\u0142 awansowany tu\u017c przed tym, jak z\u0142o\u017cy\u0142 przeciwko mnie zarzuty. Podejrzewam, \u017ce pokazano mu obiecuj\u0105c\u0105 \u015bcie\u017ck\u0119 kariery &#8211; w zamian za zapa\u0142. Teraz oskar\u017cy\u0142 kilku moich by\u0142ych koleg\u00f3w, w tym profesor Cenkiewicz, by\u0142ego szefa wojskowego Biura Historycznego\u201d.<br \/>Ba\u0142aszczak stwierdzi\u0142, stwierdzaj\u0105c, \u017ce uwa\u017ca, \u017ce \u200b\u200bdzia\u0142ania te s\u0105 zorganizowane politycznie i maj\u0105 na celu uciszenie krytyk\u00f3w obecnego rz\u0105du.<\/p>\n<\/div>\n<\/div>\n","protected":false},"excerpt":{"rendered":"<p>Komitet Parlamentarny ds. Przeciwdzia\u0142ania bezprawie zwo\u0142a\u0142 dzi\u015b, aby zaj\u0105\u0107 si\u0119 tym, co zosta\u0142o opisane jako niezgodne z prawem zarzuty wniesione<\/p>\n","protected":false},"author":1,"featured_media":5683,"comment_status":"closed","ping_status":"","sticky":false,"template":"","format":"standard","meta":{"footnotes":""},"categories":[4748],"tags":[7431,7433,7434,733,671,5281,7432,355,5280,3530],"class_list":["post-5682","post","type-post","status-publish","format-standard","has-post-thumbnail","hentry","category-aktualne","tag-blaszczakowi","tag-cenckiewiczowi","tag-odwet","tag-oskarzenia","tag-polityczne","tag-prawdy","tag-profesorowi","tag-przeciwko","tag-ujawnienie","tag-zarzuty","generate-columns","tablet-grid-50","mobile-grid-100","grid-parent","grid-50","resize-featured-image"],"yoast_head":"<!-- This site is optimized with the Yoast SEO plugin v23.2 - https:\/\/yoast.com\/wordpress\/plugins\/seo\/ -->\n<title>Zarzuty przeciwko B\u0142aszczakowi i profesorowi Cenckiewiczowi za \u201eujawnienie prawdy\u201d. Oskar\u017cenia o polityczne odwet - POGOTOWIE FLAGOWE\u00ae<\/title>\n<meta name=\"robots\" content=\"index, follow, max-snippet:-1, max-image-preview:large, max-video-preview:-1\" \/>\n<link rel=\"canonical\" href=\"https:\/\/www.pogotowieflagowe.pl\/aktualne\/zarzuty-przeciwko-blaszczakowi-i-profesorowi-cenckiewiczowi-za-ujawnienie-prawdy-oskarzenia-o-polityczne-odwet\/\" \/>\n<meta property=\"og:locale\" content=\"pl_PL\" \/>\n<meta property=\"og:type\" content=\"article\" \/>\n<meta property=\"og:title\" content=\"Zarzuty przeciwko B\u0142aszczakowi i profesorowi Cenckiewiczowi za \u201eujawnienie prawdy\u201d. Oskar\u017cenia o polityczne odwet - POGOTOWIE FLAGOWE\u00ae\" \/>\n<meta property=\"og:description\" content=\"Komitet Parlamentarny ds. Przeciwdzia\u0142ania bezprawie zwo\u0142a\u0142 dzi\u015b, aby zaj\u0105\u0107 si\u0119 tym, co zosta\u0142o opisane jako niezgodne z prawem zarzuty wniesione\" \/>\n<meta property=\"og:url\" content=\"https:\/\/www.pogotowieflagowe.pl\/aktualne\/zarzuty-przeciwko-blaszczakowi-i-profesorowi-cenckiewiczowi-za-ujawnienie-prawdy-oskarzenia-o-polityczne-odwet\/\" \/>\n<meta property=\"og:site_name\" content=\"POGOTOWIE FLAGOWE\u00ae\" \/>\n<meta property=\"article:published_time\" content=\"2025-05-09T20:46:56+00:00\" \/>\n<meta property=\"article:modified_time\" content=\"2025-05-09T20:46:57+00:00\" \/>\n<meta property=\"og:image\" content=\"https:\/\/www.pogotowieflagowe.pl\/aktualne\/wp-content\/uploads\/2025\/05\/Zarzuty-przeciwko-Blaszczakowi-i-profesorowi-Cenckiewiczowi-za-\u201eujawnienie-prawdy-Oskarzenia.jpg\" \/>\n\t<meta property=\"og:image:width\" content=\"1142\" \/>\n\t<meta property=\"og:image:height\" content=\"642\" \/>\n\t<meta property=\"og:image:type\" content=\"image\/jpeg\" \/>\n<meta name=\"author\" content=\"Filip\" \/>\n<meta name=\"twitter:card\" content=\"summary_large_image\" \/>\n<meta name=\"twitter:label1\" content=\"Napisane przez\" \/>\n\t<meta name=\"twitter:data1\" content=\"Filip\" \/>\n\t<meta name=\"twitter:label2\" content=\"Szacowany czas czytania\" \/>\n\t<meta name=\"twitter:data2\" content=\"3 minuty\" \/>\n<script type=\"application\/ld+json\" class=\"yoast-schema-graph\">{\"@context\":\"https:\/\/schema.org\",\"@graph\":[{\"@type\":\"Article\",\"@id\":\"https:\/\/www.pogotowieflagowe.pl\/aktualne\/zarzuty-przeciwko-blaszczakowi-i-profesorowi-cenckiewiczowi-za-ujawnienie-prawdy-oskarzenia-o-polityczne-odwet\/#article\",\"isPartOf\":{\"@id\":\"https:\/\/www.pogotowieflagowe.pl\/aktualne\/zarzuty-przeciwko-blaszczakowi-i-profesorowi-cenckiewiczowi-za-ujawnienie-prawdy-oskarzenia-o-polityczne-odwet\/\"},\"author\":{\"name\":\"Filip\",\"@id\":\"https:\/\/www.pogotowieflagowe.pl\/aktualne\/#\/schema\/person\/9c2fb7d2362ebf6fa088960d7f0d27b0\"},\"headline\":\"Zarzuty przeciwko B\u0142aszczakowi i profesorowi Cenckiewiczowi za \u201eujawnienie prawdy\u201d. Oskar\u017cenia o polityczne odwet\",\"datePublished\":\"2025-05-09T20:46:56+00:00\",\"dateModified\":\"2025-05-09T20:46:57+00:00\",\"mainEntityOfPage\":{\"@id\":\"https:\/\/www.pogotowieflagowe.pl\/aktualne\/zarzuty-przeciwko-blaszczakowi-i-profesorowi-cenckiewiczowi-za-ujawnienie-prawdy-oskarzenia-o-polityczne-odwet\/\"},\"wordCount\":518,\"publisher\":{\"@id\":\"https:\/\/www.pogotowieflagowe.pl\/aktualne\/#organization\"},\"image\":{\"@id\":\"https:\/\/www.pogotowieflagowe.pl\/aktualne\/zarzuty-przeciwko-blaszczakowi-i-profesorowi-cenckiewiczowi-za-ujawnienie-prawdy-oskarzenia-o-polityczne-odwet\/#primaryimage\"},\"thumbnailUrl\":\"https:\/\/www.pogotowieflagowe.pl\/aktualne\/wp-content\/uploads\/2025\/05\/Zarzuty-przeciwko-Blaszczakowi-i-profesorowi-Cenckiewiczowi-za-\u201eujawnienie-prawdy-Oskarzenia.jpg\",\"keywords\":[\"B\u0142aszczakowi\",\"Cenckiewiczowi\",\"odwet\",\"oskar\u017cenia\",\"polityczne\",\"prawdy\",\"profesorowi\",\"przeciwko\",\"ujawnienie\",\"zarzuty\"],\"articleSection\":[\"Aktualne\"],\"inLanguage\":\"pl-PL\"},{\"@type\":\"WebPage\",\"@id\":\"https:\/\/www.pogotowieflagowe.pl\/aktualne\/zarzuty-przeciwko-blaszczakowi-i-profesorowi-cenckiewiczowi-za-ujawnienie-prawdy-oskarzenia-o-polityczne-odwet\/\",\"url\":\"https:\/\/www.pogotowieflagowe.pl\/aktualne\/zarzuty-przeciwko-blaszczakowi-i-profesorowi-cenckiewiczowi-za-ujawnienie-prawdy-oskarzenia-o-polityczne-odwet\/\",\"name\":\"Zarzuty przeciwko B\u0142aszczakowi i profesorowi Cenckiewiczowi za \u201eujawnienie prawdy\u201d. Oskar\u017cenia o polityczne odwet - POGOTOWIE FLAGOWE\u00ae\",\"isPartOf\":{\"@id\":\"https:\/\/www.pogotowieflagowe.pl\/aktualne\/#website\"},\"primaryImageOfPage\":{\"@id\":\"https:\/\/www.pogotowieflagowe.pl\/aktualne\/zarzuty-przeciwko-blaszczakowi-i-profesorowi-cenckiewiczowi-za-ujawnienie-prawdy-oskarzenia-o-polityczne-odwet\/#primaryimage\"},\"image\":{\"@id\":\"https:\/\/www.pogotowieflagowe.pl\/aktualne\/zarzuty-przeciwko-blaszczakowi-i-profesorowi-cenckiewiczowi-za-ujawnienie-prawdy-oskarzenia-o-polityczne-odwet\/#primaryimage\"},\"thumbnailUrl\":\"https:\/\/www.pogotowieflagowe.pl\/aktualne\/wp-content\/uploads\/2025\/05\/Zarzuty-przeciwko-Blaszczakowi-i-profesorowi-Cenckiewiczowi-za-\u201eujawnienie-prawdy-Oskarzenia.jpg\",\"datePublished\":\"2025-05-09T20:46:56+00:00\",\"dateModified\":\"2025-05-09T20:46:57+00:00\",\"breadcrumb\":{\"@id\":\"https:\/\/www.pogotowieflagowe.pl\/aktualne\/zarzuty-przeciwko-blaszczakowi-i-profesorowi-cenckiewiczowi-za-ujawnienie-prawdy-oskarzenia-o-polityczne-odwet\/#breadcrumb\"},\"inLanguage\":\"pl-PL\",\"potentialAction\":[{\"@type\":\"ReadAction\",\"target\":[\"https:\/\/www.pogotowieflagowe.pl\/aktualne\/zarzuty-przeciwko-blaszczakowi-i-profesorowi-cenckiewiczowi-za-ujawnienie-prawdy-oskarzenia-o-polityczne-odwet\/\"]}]},{\"@type\":\"ImageObject\",\"inLanguage\":\"pl-PL\",\"@id\":\"https:\/\/www.pogotowieflagowe.pl\/aktualne\/zarzuty-przeciwko-blaszczakowi-i-profesorowi-cenckiewiczowi-za-ujawnienie-prawdy-oskarzenia-o-polityczne-odwet\/#primaryimage\",\"url\":\"https:\/\/www.pogotowieflagowe.pl\/aktualne\/wp-content\/uploads\/2025\/05\/Zarzuty-przeciwko-Blaszczakowi-i-profesorowi-Cenckiewiczowi-za-\u201eujawnienie-prawdy-Oskarzenia.jpg\",\"contentUrl\":\"https:\/\/www.pogotowieflagowe.pl\/aktualne\/wp-content\/uploads\/2025\/05\/Zarzuty-przeciwko-Blaszczakowi-i-profesorowi-Cenckiewiczowi-za-\u201eujawnienie-prawdy-Oskarzenia.jpg\",\"width\":1142,\"height\":642,\"caption\":\"Zarzuty przeciwko B\u0142aszczakowi i profesorowi Cenckiewiczowi za \u201eujawnienie prawdy\u201d. Oskar\u017cenia o polityczne odwet\"},{\"@type\":\"BreadcrumbList\",\"@id\":\"https:\/\/www.pogotowieflagowe.pl\/aktualne\/zarzuty-przeciwko-blaszczakowi-i-profesorowi-cenckiewiczowi-za-ujawnienie-prawdy-oskarzenia-o-polityczne-odwet\/#breadcrumb\",\"itemListElement\":[{\"@type\":\"ListItem\",\"position\":1,\"name\":\"Home\",\"item\":\"https:\/\/www.pogotowieflagowe.pl\/aktualne\/\"},{\"@type\":\"ListItem\",\"position\":2,\"name\":\"Zarzuty przeciwko B\u0142aszczakowi i profesorowi Cenckiewiczowi za \u201eujawnienie prawdy\u201d. Oskar\u017cenia o polityczne odwet\"}]},{\"@type\":\"WebSite\",\"@id\":\"https:\/\/www.pogotowieflagowe.pl\/aktualne\/#website\",\"url\":\"https:\/\/www.pogotowieflagowe.pl\/aktualne\/\",\"name\":\"POGOTOWIE FLAGOWE\u00ae\",\"description\":\"\",\"publisher\":{\"@id\":\"https:\/\/www.pogotowieflagowe.pl\/aktualne\/#organization\"},\"potentialAction\":[{\"@type\":\"SearchAction\",\"target\":{\"@type\":\"EntryPoint\",\"urlTemplate\":\"https:\/\/www.pogotowieflagowe.pl\/aktualne\/?s={search_term_string}\"},\"query-input\":\"required name=search_term_string\"}],\"inLanguage\":\"pl-PL\"},{\"@type\":\"Organization\",\"@id\":\"https:\/\/www.pogotowieflagowe.pl\/aktualne\/#organization\",\"name\":\"POGOTOWIE FLAGOWE\u00ae\",\"url\":\"https:\/\/www.pogotowieflagowe.pl\/aktualne\/\",\"logo\":{\"@type\":\"ImageObject\",\"inLanguage\":\"pl-PL\",\"@id\":\"https:\/\/www.pogotowieflagowe.pl\/aktualne\/#\/schema\/logo\/image\/\",\"url\":\"https:\/\/www.pogotowieflagowe.pl\/aktualne\/wp-content\/uploads\/2024\/08\/cropped-pogotowieflagowe_flaga_projekt_sm.jpg\",\"contentUrl\":\"https:\/\/www.pogotowieflagowe.pl\/aktualne\/wp-content\/uploads\/2024\/08\/cropped-pogotowieflagowe_flaga_projekt_sm.jpg\",\"width\":250,\"height\":143,\"caption\":\"POGOTOWIE FLAGOWE\u00ae\"},\"image\":{\"@id\":\"https:\/\/www.pogotowieflagowe.pl\/aktualne\/#\/schema\/logo\/image\/\"}},{\"@type\":\"Person\",\"@id\":\"https:\/\/www.pogotowieflagowe.pl\/aktualne\/#\/schema\/person\/9c2fb7d2362ebf6fa088960d7f0d27b0\",\"name\":\"Filip\",\"image\":{\"@type\":\"ImageObject\",\"inLanguage\":\"pl-PL\",\"@id\":\"https:\/\/www.pogotowieflagowe.pl\/aktualne\/#\/schema\/person\/image\/\",\"url\":\"https:\/\/www.pogotowieflagowe.pl\/aktualne\/wp-content\/uploads\/2024\/08\/pogotowieflagowe.pl_.jpg\",\"contentUrl\":\"https:\/\/www.pogotowieflagowe.pl\/aktualne\/wp-content\/uploads\/2024\/08\/pogotowieflagowe.pl_.jpg\",\"caption\":\"Filip\"},\"description\":\"Jestem Filip, polski dziennikarz z dyplomem nauk politycznych Uniwersytetu Warszawskiego. Rozpoczynaj\u0105c swoj\u0105 karier\u0119 w r\u00f3\u017cnych lokalnych mediach, zdoby\u0142em solidne do\u015bwiadczenie w zakresie \u015bledztwa i redakcji. Obecnie jako redaktor w Pogotowie flagowe, staram si\u0119 dostarcza\u0107 dog\u0142\u0119bne i istotne analizy na temat najwa\u017cniejszych kwestii aktualno\u015bci, \u0142\u0105cz\u0105c rygor z pasj\u0105 dziennikarsk\u0105.\",\"sameAs\":[\"https:\/\/www.pogotowieflagowe.pl\/\"]}]}<\/script>\n<!-- \/ Yoast SEO plugin. -->","yoast_head_json":{"title":"Zarzuty przeciwko B\u0142aszczakowi i profesorowi Cenckiewiczowi za \u201eujawnienie prawdy\u201d. Oskar\u017cenia o polityczne odwet - POGOTOWIE FLAGOWE\u00ae","robots":{"index":"index","follow":"follow","max-snippet":"max-snippet:-1","max-image-preview":"max-image-preview:large","max-video-preview":"max-video-preview:-1"},"canonical":"https:\/\/www.pogotowieflagowe.pl\/aktualne\/zarzuty-przeciwko-blaszczakowi-i-profesorowi-cenckiewiczowi-za-ujawnienie-prawdy-oskarzenia-o-polityczne-odwet\/","og_locale":"pl_PL","og_type":"article","og_title":"Zarzuty przeciwko B\u0142aszczakowi i profesorowi Cenckiewiczowi za \u201eujawnienie prawdy\u201d. Oskar\u017cenia o polityczne odwet - POGOTOWIE FLAGOWE\u00ae","og_description":"Komitet Parlamentarny ds. Przeciwdzia\u0142ania bezprawie zwo\u0142a\u0142 dzi\u015b, aby zaj\u0105\u0107 si\u0119 tym, co zosta\u0142o opisane jako niezgodne z prawem zarzuty wniesione","og_url":"https:\/\/www.pogotowieflagowe.pl\/aktualne\/zarzuty-przeciwko-blaszczakowi-i-profesorowi-cenckiewiczowi-za-ujawnienie-prawdy-oskarzenia-o-polityczne-odwet\/","og_site_name":"POGOTOWIE FLAGOWE\u00ae","article_published_time":"2025-05-09T20:46:56+00:00","article_modified_time":"2025-05-09T20:46:57+00:00","og_image":[{"width":1142,"height":642,"url":"https:\/\/www.pogotowieflagowe.pl\/aktualne\/wp-content\/uploads\/2025\/05\/Zarzuty-przeciwko-Blaszczakowi-i-profesorowi-Cenckiewiczowi-za-\u201eujawnienie-prawdy-Oskarzenia.jpg","type":"image\/jpeg"}],"author":"Filip","twitter_card":"summary_large_image","twitter_misc":{"Napisane przez":"Filip","Szacowany czas czytania":"3 minuty"},"schema":{"@context":"https:\/\/schema.org","@graph":[{"@type":"Article","@id":"https:\/\/www.pogotowieflagowe.pl\/aktualne\/zarzuty-przeciwko-blaszczakowi-i-profesorowi-cenckiewiczowi-za-ujawnienie-prawdy-oskarzenia-o-polityczne-odwet\/#article","isPartOf":{"@id":"https:\/\/www.pogotowieflagowe.pl\/aktualne\/zarzuty-przeciwko-blaszczakowi-i-profesorowi-cenckiewiczowi-za-ujawnienie-prawdy-oskarzenia-o-polityczne-odwet\/"},"author":{"name":"Filip","@id":"https:\/\/www.pogotowieflagowe.pl\/aktualne\/#\/schema\/person\/9c2fb7d2362ebf6fa088960d7f0d27b0"},"headline":"Zarzuty przeciwko B\u0142aszczakowi i profesorowi Cenckiewiczowi za \u201eujawnienie prawdy\u201d. Oskar\u017cenia o polityczne odwet","datePublished":"2025-05-09T20:46:56+00:00","dateModified":"2025-05-09T20:46:57+00:00","mainEntityOfPage":{"@id":"https:\/\/www.pogotowieflagowe.pl\/aktualne\/zarzuty-przeciwko-blaszczakowi-i-profesorowi-cenckiewiczowi-za-ujawnienie-prawdy-oskarzenia-o-polityczne-odwet\/"},"wordCount":518,"publisher":{"@id":"https:\/\/www.pogotowieflagowe.pl\/aktualne\/#organization"},"image":{"@id":"https:\/\/www.pogotowieflagowe.pl\/aktualne\/zarzuty-przeciwko-blaszczakowi-i-profesorowi-cenckiewiczowi-za-ujawnienie-prawdy-oskarzenia-o-polityczne-odwet\/#primaryimage"},"thumbnailUrl":"https:\/\/www.pogotowieflagowe.pl\/aktualne\/wp-content\/uploads\/2025\/05\/Zarzuty-przeciwko-Blaszczakowi-i-profesorowi-Cenckiewiczowi-za-\u201eujawnienie-prawdy-Oskarzenia.jpg","keywords":["B\u0142aszczakowi","Cenckiewiczowi","odwet","oskar\u017cenia","polityczne","prawdy","profesorowi","przeciwko","ujawnienie","zarzuty"],"articleSection":["Aktualne"],"inLanguage":"pl-PL"},{"@type":"WebPage","@id":"https:\/\/www.pogotowieflagowe.pl\/aktualne\/zarzuty-przeciwko-blaszczakowi-i-profesorowi-cenckiewiczowi-za-ujawnienie-prawdy-oskarzenia-o-polityczne-odwet\/","url":"https:\/\/www.pogotowieflagowe.pl\/aktualne\/zarzuty-przeciwko-blaszczakowi-i-profesorowi-cenckiewiczowi-za-ujawnienie-prawdy-oskarzenia-o-polityczne-odwet\/","name":"Zarzuty przeciwko B\u0142aszczakowi i profesorowi Cenckiewiczowi za \u201eujawnienie prawdy\u201d. Oskar\u017cenia o polityczne odwet - POGOTOWIE FLAGOWE\u00ae","isPartOf":{"@id":"https:\/\/www.pogotowieflagowe.pl\/aktualne\/#website"},"primaryImageOfPage":{"@id":"https:\/\/www.pogotowieflagowe.pl\/aktualne\/zarzuty-przeciwko-blaszczakowi-i-profesorowi-cenckiewiczowi-za-ujawnienie-prawdy-oskarzenia-o-polityczne-odwet\/#primaryimage"},"image":{"@id":"https:\/\/www.pogotowieflagowe.pl\/aktualne\/zarzuty-przeciwko-blaszczakowi-i-profesorowi-cenckiewiczowi-za-ujawnienie-prawdy-oskarzenia-o-polityczne-odwet\/#primaryimage"},"thumbnailUrl":"https:\/\/www.pogotowieflagowe.pl\/aktualne\/wp-content\/uploads\/2025\/05\/Zarzuty-przeciwko-Blaszczakowi-i-profesorowi-Cenckiewiczowi-za-\u201eujawnienie-prawdy-Oskarzenia.jpg","datePublished":"2025-05-09T20:46:56+00:00","dateModified":"2025-05-09T20:46:57+00:00","breadcrumb":{"@id":"https:\/\/www.pogotowieflagowe.pl\/aktualne\/zarzuty-przeciwko-blaszczakowi-i-profesorowi-cenckiewiczowi-za-ujawnienie-prawdy-oskarzenia-o-polityczne-odwet\/#breadcrumb"},"inLanguage":"pl-PL","potentialAction":[{"@type":"ReadAction","target":["https:\/\/www.pogotowieflagowe.pl\/aktualne\/zarzuty-przeciwko-blaszczakowi-i-profesorowi-cenckiewiczowi-za-ujawnienie-prawdy-oskarzenia-o-polityczne-odwet\/"]}]},{"@type":"ImageObject","inLanguage":"pl-PL","@id":"https:\/\/www.pogotowieflagowe.pl\/aktualne\/zarzuty-przeciwko-blaszczakowi-i-profesorowi-cenckiewiczowi-za-ujawnienie-prawdy-oskarzenia-o-polityczne-odwet\/#primaryimage","url":"https:\/\/www.pogotowieflagowe.pl\/aktualne\/wp-content\/uploads\/2025\/05\/Zarzuty-przeciwko-Blaszczakowi-i-profesorowi-Cenckiewiczowi-za-\u201eujawnienie-prawdy-Oskarzenia.jpg","contentUrl":"https:\/\/www.pogotowieflagowe.pl\/aktualne\/wp-content\/uploads\/2025\/05\/Zarzuty-przeciwko-Blaszczakowi-i-profesorowi-Cenckiewiczowi-za-\u201eujawnienie-prawdy-Oskarzenia.jpg","width":1142,"height":642,"caption":"Zarzuty przeciwko B\u0142aszczakowi i profesorowi Cenckiewiczowi za \u201eujawnienie prawdy\u201d. Oskar\u017cenia o polityczne odwet"},{"@type":"BreadcrumbList","@id":"https:\/\/www.pogotowieflagowe.pl\/aktualne\/zarzuty-przeciwko-blaszczakowi-i-profesorowi-cenckiewiczowi-za-ujawnienie-prawdy-oskarzenia-o-polityczne-odwet\/#breadcrumb","itemListElement":[{"@type":"ListItem","position":1,"name":"Home","item":"https:\/\/www.pogotowieflagowe.pl\/aktualne\/"},{"@type":"ListItem","position":2,"name":"Zarzuty przeciwko B\u0142aszczakowi i profesorowi Cenckiewiczowi za \u201eujawnienie prawdy\u201d. Oskar\u017cenia o polityczne odwet"}]},{"@type":"WebSite","@id":"https:\/\/www.pogotowieflagowe.pl\/aktualne\/#website","url":"https:\/\/www.pogotowieflagowe.pl\/aktualne\/","name":"POGOTOWIE FLAGOWE\u00ae","description":"","publisher":{"@id":"https:\/\/www.pogotowieflagowe.pl\/aktualne\/#organization"},"potentialAction":[{"@type":"SearchAction","target":{"@type":"EntryPoint","urlTemplate":"https:\/\/www.pogotowieflagowe.pl\/aktualne\/?s={search_term_string}"},"query-input":"required name=search_term_string"}],"inLanguage":"pl-PL"},{"@type":"Organization","@id":"https:\/\/www.pogotowieflagowe.pl\/aktualne\/#organization","name":"POGOTOWIE FLAGOWE\u00ae","url":"https:\/\/www.pogotowieflagowe.pl\/aktualne\/","logo":{"@type":"ImageObject","inLanguage":"pl-PL","@id":"https:\/\/www.pogotowieflagowe.pl\/aktualne\/#\/schema\/logo\/image\/","url":"https:\/\/www.pogotowieflagowe.pl\/aktualne\/wp-content\/uploads\/2024\/08\/cropped-pogotowieflagowe_flaga_projekt_sm.jpg","contentUrl":"https:\/\/www.pogotowieflagowe.pl\/aktualne\/wp-content\/uploads\/2024\/08\/cropped-pogotowieflagowe_flaga_projekt_sm.jpg","width":250,"height":143,"caption":"POGOTOWIE FLAGOWE\u00ae"},"image":{"@id":"https:\/\/www.pogotowieflagowe.pl\/aktualne\/#\/schema\/logo\/image\/"}},{"@type":"Person","@id":"https:\/\/www.pogotowieflagowe.pl\/aktualne\/#\/schema\/person\/9c2fb7d2362ebf6fa088960d7f0d27b0","name":"Filip","image":{"@type":"ImageObject","inLanguage":"pl-PL","@id":"https:\/\/www.pogotowieflagowe.pl\/aktualne\/#\/schema\/person\/image\/","url":"https:\/\/www.pogotowieflagowe.pl\/aktualne\/wp-content\/uploads\/2024\/08\/pogotowieflagowe.pl_.jpg","contentUrl":"https:\/\/www.pogotowieflagowe.pl\/aktualne\/wp-content\/uploads\/2024\/08\/pogotowieflagowe.pl_.jpg","caption":"Filip"},"description":"Jestem Filip, polski dziennikarz z dyplomem nauk politycznych Uniwersytetu Warszawskiego. Rozpoczynaj\u0105c swoj\u0105 karier\u0119 w r\u00f3\u017cnych lokalnych mediach, zdoby\u0142em solidne do\u015bwiadczenie w zakresie \u015bledztwa i redakcji. Obecnie jako redaktor w Pogotowie flagowe, staram si\u0119 dostarcza\u0107 dog\u0142\u0119bne i istotne analizy na temat najwa\u017cniejszych kwestii aktualno\u015bci, \u0142\u0105cz\u0105c rygor z pasj\u0105 dziennikarsk\u0105.","sameAs":["https:\/\/www.pogotowieflagowe.pl\/"]}]}},"_links":{"self":[{"href":"https:\/\/www.pogotowieflagowe.pl\/aktualne\/wp-json\/wp\/v2\/posts\/5682","targetHints":{"allow":["GET"]}}],"collection":[{"href":"https:\/\/www.pogotowieflagowe.pl\/aktualne\/wp-json\/wp\/v2\/posts"}],"about":[{"href":"https:\/\/www.pogotowieflagowe.pl\/aktualne\/wp-json\/wp\/v2\/types\/post"}],"author":[{"embeddable":true,"href":"https:\/\/www.pogotowieflagowe.pl\/aktualne\/wp-json\/wp\/v2\/users\/1"}],"replies":[{"embeddable":true,"href":"https:\/\/www.pogotowieflagowe.pl\/aktualne\/wp-json\/wp\/v2\/comments?post=5682"}],"version-history":[{"count":1,"href":"https:\/\/www.pogotowieflagowe.pl\/aktualne\/wp-json\/wp\/v2\/posts\/5682\/revisions"}],"predecessor-version":[{"id":5684,"href":"https:\/\/www.pogotowieflagowe.pl\/aktualne\/wp-json\/wp\/v2\/posts\/5682\/revisions\/5684"}],"wp:featuredmedia":[{"embeddable":true,"href":"https:\/\/www.pogotowieflagowe.pl\/aktualne\/wp-json\/wp\/v2\/media\/5683"}],"wp:attachment":[{"href":"https:\/\/www.pogotowieflagowe.pl\/aktualne\/wp-json\/wp\/v2\/media?parent=5682"}],"wp:term":[{"taxonomy":"category","embeddable":true,"href":"https:\/\/www.pogotowieflagowe.pl\/aktualne\/wp-json\/wp\/v2\/categories?post=5682"},{"taxonomy":"post_tag","embeddable":true,"href":"https:\/\/www.pogotowieflagowe.pl\/aktualne\/wp-json\/wp\/v2\/tags?post=5682"}],"curies":[{"name":"wp","href":"https:\/\/api.w.org\/{rel}","templated":true}]}}