{"id":5694,"date":"2025-05-10T15:46:54","date_gmt":"2025-05-10T13:46:54","guid":{"rendered":"https:\/\/www.pogotowieflagowe.pl\/aktualne\/bilety-cpac-polska-trafia-do-sprzedazy-pierwsze-strzaly\/"},"modified":"2025-05-10T15:46:55","modified_gmt":"2025-05-10T13:46:55","slug":"bilety-cpac-polska-trafia-do-sprzedazy-pierwsze-strzaly","status":"publish","type":"post","link":"https:\/\/www.pogotowieflagowe.pl\/aktualne\/bilety-cpac-polska-trafia-do-sprzedazy-pierwsze-strzaly\/","title":{"rendered":"Bilety CPAC Polska trafi\u0105 do sprzeda\u017cy &#8211; Pierwsze strza\u0142y"},"content":{"rendered":"\n<div class=\"td_block_wrap tdb_single_content tdi_41 td-pb-border-top td_block_template_8 td-post-content tagdiv-type\" data-td-block-uid=\"tdi_41\">\n<style>.tdi_41 {margin-top: 0px! Wa\u017cne; margines-bottom: 0px! WA\u017bNY; PALDING-TOP: 0PX! WA\u017bNY; PALDING-BOTTOM: 0PX! WA\u017bNE}<\/style>\n<style>.tdb_single_content {margin-bottom: 0;*zoom: 1} .tdb_single_content: wcze\u015bniej, .tdb_single_content: po {display: Table; content: ''; line-height: 0} .TDB-BLOCK-INner>*: nie (.WP-BLOCK-QUOTE): not (.alignSwide): not (.Alignfull.wp-block-cover.has-parallax): not (.td-a-ad) {margin-left: auto; margin-right: auto} .tdb_single_ConTent a {wska\u017anik-events: auto} .tdb_single_content .td-spot-id-top_ad .tdc-placeholder-title: przed {content: \u201eArtyku\u0142 top ad\u201d! Wa\u017cne} .tdb_single_content .td-Spot-Id-inline_ad0 .tdc-placeholder-title 1 '! Wa\u017cne} .tdb_single_content .td-Spot-Id-inline_Ad1 .tdc-Placeholder-Title: przed {content: \u201eArtyku\u0142 inline AD 2'! Wa\u017cny} .tdb_single_content. 3 '! Wa\u017cne} .tdb_single_content .td-Spot-Id-Bottom_Ad .tdc-Placeholder-Title: przed {content: \u201eArtyku\u0142 Bottom Ad\u201d! Wa\u017cne} .tdb_single_content .id_top_ad, .tdb_single_content_content .id_bottom_ad {clear: oba; margin-bottom: 21px; text-align: Center} .tdb_single_content .id_top_ad img, .tdb_single_content .id_bottom_ad img {margin-bottom: 0} .tdb_single_conTent .id_top_ad .adsbyGoogle, .tdb_single_content .id_bottom_ad .adsbyGoogle {pozycja: relatyw} .tdb_single_content .id_ad_content-horiz-left, .tdb_single_content .id_ad_content-horiz-right, .tdb_single_content .id_ad_content-horiz-Center {margin-bottom: 15px} .tdb_single_content .id_ad_content-horiz-left Img, .tdb_single_content .id_ad_content-horiz-right img, .tdb_single_content .id_ad_content-horiz-centerter img {margin-bottom: 0} .tdb_single_content .id_ad_content-horiz-center {text-align: Center} .tdb_single_content .id_ad_content-horiz-center img {margin-right: auto; margin-let: auto} .tdb_single_content .id_ad_content-horiz-left {float: left; margin-top: 9px; margin-right: 21px} .tdb_single_content .id_ad_content-horiz-right {float: margin-top: 6px; margin-left: 21px} .tdb_single_content .tdc-a-a-ad .TDC-Placeholder-Title {szeroko\u015b\u0107: 300px; height: 250px} .tdb_single_content .tdc-a-ad .TDC-Placeholder-Title: Przed {Pozycja: Absolute; TOP: 50%;-WebKit-Transform: Translatey (-50%); Transform: Translatey (-50%); margines: auto; wy\u015bwietlacz: tabela; szeroko\u015b\u0107: 100%}. tdb_single_content .TDB-BLOCK-INNER.TD-FIX-INDEX {Word-Break: Break-word} .tdi_41, .tdi_41> p, .tdi_41 .tdb-block-inner> p, .Wp-Block-Column> p {font-size: 16px! Wa\u017cne; wa\u017cny; p {font-styl: normalne! Wa\u017cne} @media (Max-Width: 767px) {. tdb_single_content .id_ad_content-horiz-left, .tdb_single_content .id_ad_content-horiz-right, .tdb_single_content .id_ad_content-horiz-centter {Margin: 0 AUTO 26PXX auto}}@media (Max-Width: 767px) {. tdb_single_content .id_ad_content-horiz-left {margin-right: 0}}@media (max-width: 767px) {. (Max-Width: 767px) {. tdb_single_content .td-a-ad {float: none; text-align: Center} .tdb_single_content .td-a-ad img {margin-right: auto; margin-left: auto} .tdb_single_content .tdc-a-a-a-{margin-right: auto; margin-left: auto} .tdb_single_content .tdd<\/style>\n<div class=\"tdb-block-inner td-fix-index\">\n<hr class=\"wp-block-separator has-alpha-channel-opacity\">\n<p>Konserwatywna Konferencja Dzia\u0142a\u0144 Politycznych (CPAC) odb\u0119dzie si\u0119 w Polsce po raz pierwszy w dniach 26\u201327 maja w RZSZOW. Wydarzenie jest organizowane przy wsparciu TV Republika. Pomimo faktu, \u017ce CPAC jest zaplanowany mi\u0119dzy pierwsz\u0105 a drug\u0105 rund\u0105 polskich wybor\u00f3w prezydenckich, <em>Gazeta Wyborcza<\/em> Rozpocz\u0119\u0142o ju\u017c pierwsz\u0105 fal\u0119 krytyki, oskar\u017caj\u0105c konserwatywne wydarzenie o bycie pojazdem \u201eo\u017cywienia kampanii Karola Nawrockiego\u201d &#8211; zw\u0142aszcza po niedawnym skandalu z udzia\u0142em drugiego mieszkania.<\/p>\n<p>Og\u0142oszenie, \u017ce CPAC, najwi\u0119ksza na \u015bwiecie konferencja konserwatywna, przyjedzie na Polsk\u0119 podczas gali \u201eGazeta Polska Osoba roku\u201d w marcu tego roku.<\/p>\n<hr class=\"wp-block-separator has-alpha-channel-opacity\">\n<h3 class=\"wp-block-heading\"><strong>CPAC w Polsce<\/strong><\/h3>\n<p>To g\u0142\u00f3wne spotkanie konserwatyst\u00f3w z ca\u0142ej Europy, Stan\u00f3w Zjednoczonych i nie tylko odb\u0119dzie si\u0119 na kilka dni przed drug\u0105 runi\u0105 wybor\u00f3w prezydenckich w Polsce. Matt Schlapp, przewodnicz\u0105cy CPAC i by\u0142y dyrektor ds. Politycznych Bia\u0142ego Domu, m\u00f3wi\u0142 o nadchodz\u0105cym wydarzeniu w Telewizja Republika, kt\u00f3ra organizuje konferencj\u0119. Miejsce to Zen.com Expo &#8211; Exhibition and Congress Center of Podkarpackie Voivodeship.<\/p>\n<figure class=\"wp-block-pullquote\">\n<blockquote>\n<p>\u201eTo jest du\u017ce. Pierwszy CPAC w Polsce ma miejsce w tym miesi\u0105cu. To ekscytuj\u0105cy czas dla Polski i ciep\u0142o zapraszamy wszystkich do wzi\u0119cia udzia\u0142u\u201d<\/p>\n<p><cite>Schlapp powiedzia\u0142.<\/cite><\/p><\/blockquote>\n<\/figure>\n<figure class=\"wp-block-pullquote\">\n<blockquote>\n<p>\u201eKiedy Donald Trump wygra\u0142 wybory w USA, \u015bwiat poczu\u0142 odnowione poczucie nadziei &#8211; mam nadziej\u0119, \u017ce wolno\u015b\u0107 mo\u017ce si\u0119 rozwija\u0107 r\u00f3wnie\u017c w innych krajach. Ludzie dobrej woli mog\u0105 si\u0119 zjednoczy\u0107 i wsp\u00f3\u0142pracowa\u0107. Uwa\u017cam, \u017ce jest to kluczowy moment na ca\u0142ym \u015bwiecie. Podr\u00f3\u017cujemy po Europie, rozmawiamy z wi\u0119ksz\u0105 liczb\u0105 kraj\u00f3w ka\u017cdego tygodnia, rozszerzaj\u0105c ten ruch. Jestem pewien, \u017ce wkr\u00f3tce zobaczymy wspania\u0142e wyniki\u201d<\/p>\n<p><cite>Doda\u0142.<\/cite><\/p><\/blockquote>\n<\/figure>\n<p>Sprzeda\u017c bilet\u00f3w na CPAC Polsk\u0119 otworzy\u0142a si\u0119 dzi\u015b rano, a wydarzenie jest otwarte dla publiczno\u015bci. Nadal, <em>Gazeta Wyborcza<\/em> nie traci\u0142 czasu na kadrowanie go jako manewru politycznego, wyra\u017anie niepokoj\u0105cy jego potencjalnym wp\u0142ywem. W przeciwie\u0144stwie do tego, kampania g\u0142\u00f3wnego rywala Nawrockiego, Rafa\u0142a Trzaskowskiego, zosta\u0142a jak dot\u0105d naznaczona g\u0142\u00f3wnie drogim wydarzeniem Pozna\u0144, z udzia\u0142em by\u0142ego prezydenta USA Baracka Obam\u0105 &#8211; finansowanego przez podatnik\u00f3w.<\/p>\n<p>\u201ePolitycy prawni i sprawiedliwo\u015bci, w celu uratowania kampanii Karola Nawrockiego, przynosz\u0105 zwolennik\u00f3w ameryka\u0144skich i europejskich Trumpa na aren\u0119 G2A w Rzeszowie. Oczekuje si\u0119, \u017ce data: 26\u201327 maja &#8211; po prostu dni przed planowan\u0105 drug\u0105 rund\u0119 wybor\u00f3w prezydenckich 1 czerwca. <em>Wyborcz<\/em> pisze.<\/p>\n<p>Sprzedawca spekuluje nawet, \u017ce urz\u0119dnicy PIS ch\u0119tnie zabezpieczaj\u0105 obecno\u015b\u0107 wiceprezydenta USA JD Vance&#8217;a, maj\u0105c nadziej\u0119, \u017ce powt\u00f3rzy swoje mowy w Monachium, ostro krytykuj\u0105c rz\u0105d TUSK i poparcie PI i jego kandydata na prezydenta &#8211; poparcie, kt\u00f3re mog\u0142yby \u201eprzywr\u00f3ci\u0107 wiatr w \u017caglu Nawrocki\u201d.<\/p>\n<h3 class=\"wp-block-heading\"><strong>Bilety s\u0105 ju\u017c dost\u0119pne<\/strong><\/h3>\n<p>Sprzeda\u017c bilet\u00f3w na CPAC Polsk\u0119 2025 oficjalnie si\u0119 rozpocz\u0119\u0142a. Prze\u0142\u0119czy mo\u017cna kupi\u0107 online pod adresem: http:\/\/cpacpolska.pl\/bilety<\/p>\n<pre class=\"wp-block-verse\"><strong>The Conservative Political Action Conference<\/strong>, held regularly in the U.S. since 1973, is the world\u2019s leading conservative forum.<\/pre>\n<\/div>\n<\/div>\n","protected":false},"excerpt":{"rendered":"<p>Konserwatywna Konferencja Dzia\u0142a\u0144 Politycznych (CPAC) odb\u0119dzie si\u0119 w Polsce po raz pierwszy w dniach 26\u201327 maja w RZSZOW. Wydarzenie jest<\/p>\n","protected":false},"author":1,"featured_media":5695,"comment_status":"closed","ping_status":"","sticky":false,"template":"","format":"standard","meta":{"footnotes":""},"categories":[44],"tags":[7448,5041,602,4,2533,7449,1978],"class_list":["post-5694","post","type-post","status-publish","format-standard","has-post-thumbnail","hentry","category-polityka","tag-bilety","tag-cpac","tag-pierwsze","tag-polska","tag-sprzedazy","tag-strzaly","tag-trafia","generate-columns","tablet-grid-50","mobile-grid-100","grid-parent","grid-50","resize-featured-image"],"yoast_head":"<!-- This site is optimized with the Yoast SEO plugin v23.2 - https:\/\/yoast.com\/wordpress\/plugins\/seo\/ -->\n<title>Bilety CPAC Polska trafi\u0105 do sprzeda\u017cy - Pierwsze strza\u0142y - POGOTOWIE FLAGOWE\u00ae<\/title>\n<meta name=\"robots\" content=\"index, follow, max-snippet:-1, max-image-preview:large, max-video-preview:-1\" \/>\n<link rel=\"canonical\" href=\"https:\/\/www.pogotowieflagowe.pl\/aktualne\/bilety-cpac-polska-trafia-do-sprzedazy-pierwsze-strzaly\/\" \/>\n<meta property=\"og:locale\" content=\"pl_PL\" \/>\n<meta property=\"og:type\" content=\"article\" \/>\n<meta property=\"og:title\" content=\"Bilety CPAC Polska trafi\u0105 do sprzeda\u017cy - Pierwsze strza\u0142y - POGOTOWIE FLAGOWE\u00ae\" \/>\n<meta property=\"og:description\" content=\"Konserwatywna Konferencja Dzia\u0142a\u0144 Politycznych (CPAC) odb\u0119dzie si\u0119 w Polsce po raz pierwszy w dniach 26\u201327 maja w RZSZOW. Wydarzenie jest\" \/>\n<meta property=\"og:url\" content=\"https:\/\/www.pogotowieflagowe.pl\/aktualne\/bilety-cpac-polska-trafia-do-sprzedazy-pierwsze-strzaly\/\" \/>\n<meta property=\"og:site_name\" content=\"POGOTOWIE FLAGOWE\u00ae\" \/>\n<meta property=\"article:published_time\" content=\"2025-05-10T13:46:54+00:00\" \/>\n<meta property=\"article:modified_time\" content=\"2025-05-10T13:46:55+00:00\" \/>\n<meta property=\"og:image\" content=\"https:\/\/www.pogotowieflagowe.pl\/aktualne\/wp-content\/uploads\/2025\/05\/Bilety-CPAC-Polska-trafia-do-sprzedazy-Pierwsze-strzaly.webp.webp\" \/>\n\t<meta property=\"og:image:width\" content=\"1280\" \/>\n\t<meta property=\"og:image:height\" content=\"720\" \/>\n\t<meta property=\"og:image:type\" content=\"image\/webp\" \/>\n<meta name=\"author\" content=\"Filip\" \/>\n<meta name=\"twitter:card\" content=\"summary_large_image\" \/>\n<meta name=\"twitter:label1\" content=\"Napisane przez\" \/>\n\t<meta name=\"twitter:data1\" content=\"Filip\" \/>\n\t<meta name=\"twitter:label2\" content=\"Szacowany czas czytania\" \/>\n\t<meta name=\"twitter:data2\" content=\"2 minuty\" \/>\n<script type=\"application\/ld+json\" class=\"yoast-schema-graph\">{\"@context\":\"https:\/\/schema.org\",\"@graph\":[{\"@type\":\"Article\",\"@id\":\"https:\/\/www.pogotowieflagowe.pl\/aktualne\/bilety-cpac-polska-trafia-do-sprzedazy-pierwsze-strzaly\/#article\",\"isPartOf\":{\"@id\":\"https:\/\/www.pogotowieflagowe.pl\/aktualne\/bilety-cpac-polska-trafia-do-sprzedazy-pierwsze-strzaly\/\"},\"author\":{\"name\":\"Filip\",\"@id\":\"https:\/\/www.pogotowieflagowe.pl\/aktualne\/#\/schema\/person\/9c2fb7d2362ebf6fa088960d7f0d27b0\"},\"headline\":\"Bilety CPAC Polska trafi\u0105 do sprzeda\u017cy &#8211; Pierwsze strza\u0142y\",\"datePublished\":\"2025-05-10T13:46:54+00:00\",\"dateModified\":\"2025-05-10T13:46:55+00:00\",\"mainEntityOfPage\":{\"@id\":\"https:\/\/www.pogotowieflagowe.pl\/aktualne\/bilety-cpac-polska-trafia-do-sprzedazy-pierwsze-strzaly\/\"},\"wordCount\":486,\"publisher\":{\"@id\":\"https:\/\/www.pogotowieflagowe.pl\/aktualne\/#organization\"},\"image\":{\"@id\":\"https:\/\/www.pogotowieflagowe.pl\/aktualne\/bilety-cpac-polska-trafia-do-sprzedazy-pierwsze-strzaly\/#primaryimage\"},\"thumbnailUrl\":\"https:\/\/www.pogotowieflagowe.pl\/aktualne\/wp-content\/uploads\/2025\/05\/Bilety-CPAC-Polska-trafia-do-sprzedazy-Pierwsze-strzaly.webp.webp\",\"keywords\":[\"Bilety\",\"CPAC\",\"pierwsze\",\"polska\",\"sprzeda\u017cy\",\"strza\u0142y\",\"trafia\"],\"articleSection\":[\"Polityka\"],\"inLanguage\":\"pl-PL\"},{\"@type\":\"WebPage\",\"@id\":\"https:\/\/www.pogotowieflagowe.pl\/aktualne\/bilety-cpac-polska-trafia-do-sprzedazy-pierwsze-strzaly\/\",\"url\":\"https:\/\/www.pogotowieflagowe.pl\/aktualne\/bilety-cpac-polska-trafia-do-sprzedazy-pierwsze-strzaly\/\",\"name\":\"Bilety CPAC Polska trafi\u0105 do sprzeda\u017cy - Pierwsze strza\u0142y - POGOTOWIE FLAGOWE\u00ae\",\"isPartOf\":{\"@id\":\"https:\/\/www.pogotowieflagowe.pl\/aktualne\/#website\"},\"primaryImageOfPage\":{\"@id\":\"https:\/\/www.pogotowieflagowe.pl\/aktualne\/bilety-cpac-polska-trafia-do-sprzedazy-pierwsze-strzaly\/#primaryimage\"},\"image\":{\"@id\":\"https:\/\/www.pogotowieflagowe.pl\/aktualne\/bilety-cpac-polska-trafia-do-sprzedazy-pierwsze-strzaly\/#primaryimage\"},\"thumbnailUrl\":\"https:\/\/www.pogotowieflagowe.pl\/aktualne\/wp-content\/uploads\/2025\/05\/Bilety-CPAC-Polska-trafia-do-sprzedazy-Pierwsze-strzaly.webp.webp\",\"datePublished\":\"2025-05-10T13:46:54+00:00\",\"dateModified\":\"2025-05-10T13:46:55+00:00\",\"breadcrumb\":{\"@id\":\"https:\/\/www.pogotowieflagowe.pl\/aktualne\/bilety-cpac-polska-trafia-do-sprzedazy-pierwsze-strzaly\/#breadcrumb\"},\"inLanguage\":\"pl-PL\",\"potentialAction\":[{\"@type\":\"ReadAction\",\"target\":[\"https:\/\/www.pogotowieflagowe.pl\/aktualne\/bilety-cpac-polska-trafia-do-sprzedazy-pierwsze-strzaly\/\"]}]},{\"@type\":\"ImageObject\",\"inLanguage\":\"pl-PL\",\"@id\":\"https:\/\/www.pogotowieflagowe.pl\/aktualne\/bilety-cpac-polska-trafia-do-sprzedazy-pierwsze-strzaly\/#primaryimage\",\"url\":\"https:\/\/www.pogotowieflagowe.pl\/aktualne\/wp-content\/uploads\/2025\/05\/Bilety-CPAC-Polska-trafia-do-sprzedazy-Pierwsze-strzaly.webp.webp\",\"contentUrl\":\"https:\/\/www.pogotowieflagowe.pl\/aktualne\/wp-content\/uploads\/2025\/05\/Bilety-CPAC-Polska-trafia-do-sprzedazy-Pierwsze-strzaly.webp.webp\",\"width\":1280,\"height\":720,\"caption\":\"Bilety CPAC Polska trafi\u0105 do sprzeda\u017cy - Pierwsze strza\u0142y\"},{\"@type\":\"BreadcrumbList\",\"@id\":\"https:\/\/www.pogotowieflagowe.pl\/aktualne\/bilety-cpac-polska-trafia-do-sprzedazy-pierwsze-strzaly\/#breadcrumb\",\"itemListElement\":[{\"@type\":\"ListItem\",\"position\":1,\"name\":\"Home\",\"item\":\"https:\/\/www.pogotowieflagowe.pl\/aktualne\/\"},{\"@type\":\"ListItem\",\"position\":2,\"name\":\"Bilety CPAC Polska trafi\u0105 do sprzeda\u017cy &#8211; Pierwsze strza\u0142y\"}]},{\"@type\":\"WebSite\",\"@id\":\"https:\/\/www.pogotowieflagowe.pl\/aktualne\/#website\",\"url\":\"https:\/\/www.pogotowieflagowe.pl\/aktualne\/\",\"name\":\"POGOTOWIE FLAGOWE\u00ae\",\"description\":\"\",\"publisher\":{\"@id\":\"https:\/\/www.pogotowieflagowe.pl\/aktualne\/#organization\"},\"potentialAction\":[{\"@type\":\"SearchAction\",\"target\":{\"@type\":\"EntryPoint\",\"urlTemplate\":\"https:\/\/www.pogotowieflagowe.pl\/aktualne\/?s={search_term_string}\"},\"query-input\":\"required name=search_term_string\"}],\"inLanguage\":\"pl-PL\"},{\"@type\":\"Organization\",\"@id\":\"https:\/\/www.pogotowieflagowe.pl\/aktualne\/#organization\",\"name\":\"POGOTOWIE FLAGOWE\u00ae\",\"url\":\"https:\/\/www.pogotowieflagowe.pl\/aktualne\/\",\"logo\":{\"@type\":\"ImageObject\",\"inLanguage\":\"pl-PL\",\"@id\":\"https:\/\/www.pogotowieflagowe.pl\/aktualne\/#\/schema\/logo\/image\/\",\"url\":\"https:\/\/www.pogotowieflagowe.pl\/aktualne\/wp-content\/uploads\/2024\/08\/cropped-pogotowieflagowe_flaga_projekt_sm.jpg\",\"contentUrl\":\"https:\/\/www.pogotowieflagowe.pl\/aktualne\/wp-content\/uploads\/2024\/08\/cropped-pogotowieflagowe_flaga_projekt_sm.jpg\",\"width\":250,\"height\":143,\"caption\":\"POGOTOWIE FLAGOWE\u00ae\"},\"image\":{\"@id\":\"https:\/\/www.pogotowieflagowe.pl\/aktualne\/#\/schema\/logo\/image\/\"}},{\"@type\":\"Person\",\"@id\":\"https:\/\/www.pogotowieflagowe.pl\/aktualne\/#\/schema\/person\/9c2fb7d2362ebf6fa088960d7f0d27b0\",\"name\":\"Filip\",\"image\":{\"@type\":\"ImageObject\",\"inLanguage\":\"pl-PL\",\"@id\":\"https:\/\/www.pogotowieflagowe.pl\/aktualne\/#\/schema\/person\/image\/\",\"url\":\"https:\/\/www.pogotowieflagowe.pl\/aktualne\/wp-content\/uploads\/2024\/08\/pogotowieflagowe.pl_.jpg\",\"contentUrl\":\"https:\/\/www.pogotowieflagowe.pl\/aktualne\/wp-content\/uploads\/2024\/08\/pogotowieflagowe.pl_.jpg\",\"caption\":\"Filip\"},\"description\":\"Jestem Filip, polski dziennikarz z dyplomem nauk politycznych Uniwersytetu Warszawskiego. Rozpoczynaj\u0105c swoj\u0105 karier\u0119 w r\u00f3\u017cnych lokalnych mediach, zdoby\u0142em solidne do\u015bwiadczenie w zakresie \u015bledztwa i redakcji. Obecnie jako redaktor w Pogotowie flagowe, staram si\u0119 dostarcza\u0107 dog\u0142\u0119bne i istotne analizy na temat najwa\u017cniejszych kwestii aktualno\u015bci, \u0142\u0105cz\u0105c rygor z pasj\u0105 dziennikarsk\u0105.\",\"sameAs\":[\"https:\/\/www.pogotowieflagowe.pl\/\"]}]}<\/script>\n<!-- \/ Yoast SEO plugin. -->","yoast_head_json":{"title":"Bilety CPAC Polska trafi\u0105 do sprzeda\u017cy - Pierwsze strza\u0142y - POGOTOWIE FLAGOWE\u00ae","robots":{"index":"index","follow":"follow","max-snippet":"max-snippet:-1","max-image-preview":"max-image-preview:large","max-video-preview":"max-video-preview:-1"},"canonical":"https:\/\/www.pogotowieflagowe.pl\/aktualne\/bilety-cpac-polska-trafia-do-sprzedazy-pierwsze-strzaly\/","og_locale":"pl_PL","og_type":"article","og_title":"Bilety CPAC Polska trafi\u0105 do sprzeda\u017cy - Pierwsze strza\u0142y - POGOTOWIE FLAGOWE\u00ae","og_description":"Konserwatywna Konferencja Dzia\u0142a\u0144 Politycznych (CPAC) odb\u0119dzie si\u0119 w Polsce po raz pierwszy w dniach 26\u201327 maja w RZSZOW. Wydarzenie jest","og_url":"https:\/\/www.pogotowieflagowe.pl\/aktualne\/bilety-cpac-polska-trafia-do-sprzedazy-pierwsze-strzaly\/","og_site_name":"POGOTOWIE FLAGOWE\u00ae","article_published_time":"2025-05-10T13:46:54+00:00","article_modified_time":"2025-05-10T13:46:55+00:00","og_image":[{"width":1280,"height":720,"url":"https:\/\/www.pogotowieflagowe.pl\/aktualne\/wp-content\/uploads\/2025\/05\/Bilety-CPAC-Polska-trafia-do-sprzedazy-Pierwsze-strzaly.webp.webp","type":"image\/webp"}],"author":"Filip","twitter_card":"summary_large_image","twitter_misc":{"Napisane przez":"Filip","Szacowany czas czytania":"2 minuty"},"schema":{"@context":"https:\/\/schema.org","@graph":[{"@type":"Article","@id":"https:\/\/www.pogotowieflagowe.pl\/aktualne\/bilety-cpac-polska-trafia-do-sprzedazy-pierwsze-strzaly\/#article","isPartOf":{"@id":"https:\/\/www.pogotowieflagowe.pl\/aktualne\/bilety-cpac-polska-trafia-do-sprzedazy-pierwsze-strzaly\/"},"author":{"name":"Filip","@id":"https:\/\/www.pogotowieflagowe.pl\/aktualne\/#\/schema\/person\/9c2fb7d2362ebf6fa088960d7f0d27b0"},"headline":"Bilety CPAC Polska trafi\u0105 do sprzeda\u017cy &#8211; Pierwsze strza\u0142y","datePublished":"2025-05-10T13:46:54+00:00","dateModified":"2025-05-10T13:46:55+00:00","mainEntityOfPage":{"@id":"https:\/\/www.pogotowieflagowe.pl\/aktualne\/bilety-cpac-polska-trafia-do-sprzedazy-pierwsze-strzaly\/"},"wordCount":486,"publisher":{"@id":"https:\/\/www.pogotowieflagowe.pl\/aktualne\/#organization"},"image":{"@id":"https:\/\/www.pogotowieflagowe.pl\/aktualne\/bilety-cpac-polska-trafia-do-sprzedazy-pierwsze-strzaly\/#primaryimage"},"thumbnailUrl":"https:\/\/www.pogotowieflagowe.pl\/aktualne\/wp-content\/uploads\/2025\/05\/Bilety-CPAC-Polska-trafia-do-sprzedazy-Pierwsze-strzaly.webp.webp","keywords":["Bilety","CPAC","pierwsze","polska","sprzeda\u017cy","strza\u0142y","trafia"],"articleSection":["Polityka"],"inLanguage":"pl-PL"},{"@type":"WebPage","@id":"https:\/\/www.pogotowieflagowe.pl\/aktualne\/bilety-cpac-polska-trafia-do-sprzedazy-pierwsze-strzaly\/","url":"https:\/\/www.pogotowieflagowe.pl\/aktualne\/bilety-cpac-polska-trafia-do-sprzedazy-pierwsze-strzaly\/","name":"Bilety CPAC Polska trafi\u0105 do sprzeda\u017cy - Pierwsze strza\u0142y - POGOTOWIE FLAGOWE\u00ae","isPartOf":{"@id":"https:\/\/www.pogotowieflagowe.pl\/aktualne\/#website"},"primaryImageOfPage":{"@id":"https:\/\/www.pogotowieflagowe.pl\/aktualne\/bilety-cpac-polska-trafia-do-sprzedazy-pierwsze-strzaly\/#primaryimage"},"image":{"@id":"https:\/\/www.pogotowieflagowe.pl\/aktualne\/bilety-cpac-polska-trafia-do-sprzedazy-pierwsze-strzaly\/#primaryimage"},"thumbnailUrl":"https:\/\/www.pogotowieflagowe.pl\/aktualne\/wp-content\/uploads\/2025\/05\/Bilety-CPAC-Polska-trafia-do-sprzedazy-Pierwsze-strzaly.webp.webp","datePublished":"2025-05-10T13:46:54+00:00","dateModified":"2025-05-10T13:46:55+00:00","breadcrumb":{"@id":"https:\/\/www.pogotowieflagowe.pl\/aktualne\/bilety-cpac-polska-trafia-do-sprzedazy-pierwsze-strzaly\/#breadcrumb"},"inLanguage":"pl-PL","potentialAction":[{"@type":"ReadAction","target":["https:\/\/www.pogotowieflagowe.pl\/aktualne\/bilety-cpac-polska-trafia-do-sprzedazy-pierwsze-strzaly\/"]}]},{"@type":"ImageObject","inLanguage":"pl-PL","@id":"https:\/\/www.pogotowieflagowe.pl\/aktualne\/bilety-cpac-polska-trafia-do-sprzedazy-pierwsze-strzaly\/#primaryimage","url":"https:\/\/www.pogotowieflagowe.pl\/aktualne\/wp-content\/uploads\/2025\/05\/Bilety-CPAC-Polska-trafia-do-sprzedazy-Pierwsze-strzaly.webp.webp","contentUrl":"https:\/\/www.pogotowieflagowe.pl\/aktualne\/wp-content\/uploads\/2025\/05\/Bilety-CPAC-Polska-trafia-do-sprzedazy-Pierwsze-strzaly.webp.webp","width":1280,"height":720,"caption":"Bilety CPAC Polska trafi\u0105 do sprzeda\u017cy - Pierwsze strza\u0142y"},{"@type":"BreadcrumbList","@id":"https:\/\/www.pogotowieflagowe.pl\/aktualne\/bilety-cpac-polska-trafia-do-sprzedazy-pierwsze-strzaly\/#breadcrumb","itemListElement":[{"@type":"ListItem","position":1,"name":"Home","item":"https:\/\/www.pogotowieflagowe.pl\/aktualne\/"},{"@type":"ListItem","position":2,"name":"Bilety CPAC Polska trafi\u0105 do sprzeda\u017cy &#8211; Pierwsze strza\u0142y"}]},{"@type":"WebSite","@id":"https:\/\/www.pogotowieflagowe.pl\/aktualne\/#website","url":"https:\/\/www.pogotowieflagowe.pl\/aktualne\/","name":"POGOTOWIE FLAGOWE\u00ae","description":"","publisher":{"@id":"https:\/\/www.pogotowieflagowe.pl\/aktualne\/#organization"},"potentialAction":[{"@type":"SearchAction","target":{"@type":"EntryPoint","urlTemplate":"https:\/\/www.pogotowieflagowe.pl\/aktualne\/?s={search_term_string}"},"query-input":"required name=search_term_string"}],"inLanguage":"pl-PL"},{"@type":"Organization","@id":"https:\/\/www.pogotowieflagowe.pl\/aktualne\/#organization","name":"POGOTOWIE FLAGOWE\u00ae","url":"https:\/\/www.pogotowieflagowe.pl\/aktualne\/","logo":{"@type":"ImageObject","inLanguage":"pl-PL","@id":"https:\/\/www.pogotowieflagowe.pl\/aktualne\/#\/schema\/logo\/image\/","url":"https:\/\/www.pogotowieflagowe.pl\/aktualne\/wp-content\/uploads\/2024\/08\/cropped-pogotowieflagowe_flaga_projekt_sm.jpg","contentUrl":"https:\/\/www.pogotowieflagowe.pl\/aktualne\/wp-content\/uploads\/2024\/08\/cropped-pogotowieflagowe_flaga_projekt_sm.jpg","width":250,"height":143,"caption":"POGOTOWIE FLAGOWE\u00ae"},"image":{"@id":"https:\/\/www.pogotowieflagowe.pl\/aktualne\/#\/schema\/logo\/image\/"}},{"@type":"Person","@id":"https:\/\/www.pogotowieflagowe.pl\/aktualne\/#\/schema\/person\/9c2fb7d2362ebf6fa088960d7f0d27b0","name":"Filip","image":{"@type":"ImageObject","inLanguage":"pl-PL","@id":"https:\/\/www.pogotowieflagowe.pl\/aktualne\/#\/schema\/person\/image\/","url":"https:\/\/www.pogotowieflagowe.pl\/aktualne\/wp-content\/uploads\/2024\/08\/pogotowieflagowe.pl_.jpg","contentUrl":"https:\/\/www.pogotowieflagowe.pl\/aktualne\/wp-content\/uploads\/2024\/08\/pogotowieflagowe.pl_.jpg","caption":"Filip"},"description":"Jestem Filip, polski dziennikarz z dyplomem nauk politycznych Uniwersytetu Warszawskiego. Rozpoczynaj\u0105c swoj\u0105 karier\u0119 w r\u00f3\u017cnych lokalnych mediach, zdoby\u0142em solidne do\u015bwiadczenie w zakresie \u015bledztwa i redakcji. Obecnie jako redaktor w Pogotowie flagowe, staram si\u0119 dostarcza\u0107 dog\u0142\u0119bne i istotne analizy na temat najwa\u017cniejszych kwestii aktualno\u015bci, \u0142\u0105cz\u0105c rygor z pasj\u0105 dziennikarsk\u0105.","sameAs":["https:\/\/www.pogotowieflagowe.pl\/"]}]}},"_links":{"self":[{"href":"https:\/\/www.pogotowieflagowe.pl\/aktualne\/wp-json\/wp\/v2\/posts\/5694","targetHints":{"allow":["GET"]}}],"collection":[{"href":"https:\/\/www.pogotowieflagowe.pl\/aktualne\/wp-json\/wp\/v2\/posts"}],"about":[{"href":"https:\/\/www.pogotowieflagowe.pl\/aktualne\/wp-json\/wp\/v2\/types\/post"}],"author":[{"embeddable":true,"href":"https:\/\/www.pogotowieflagowe.pl\/aktualne\/wp-json\/wp\/v2\/users\/1"}],"replies":[{"embeddable":true,"href":"https:\/\/www.pogotowieflagowe.pl\/aktualne\/wp-json\/wp\/v2\/comments?post=5694"}],"version-history":[{"count":1,"href":"https:\/\/www.pogotowieflagowe.pl\/aktualne\/wp-json\/wp\/v2\/posts\/5694\/revisions"}],"predecessor-version":[{"id":5696,"href":"https:\/\/www.pogotowieflagowe.pl\/aktualne\/wp-json\/wp\/v2\/posts\/5694\/revisions\/5696"}],"wp:featuredmedia":[{"embeddable":true,"href":"https:\/\/www.pogotowieflagowe.pl\/aktualne\/wp-json\/wp\/v2\/media\/5695"}],"wp:attachment":[{"href":"https:\/\/www.pogotowieflagowe.pl\/aktualne\/wp-json\/wp\/v2\/media?parent=5694"}],"wp:term":[{"taxonomy":"category","embeddable":true,"href":"https:\/\/www.pogotowieflagowe.pl\/aktualne\/wp-json\/wp\/v2\/categories?post=5694"},{"taxonomy":"post_tag","embeddable":true,"href":"https:\/\/www.pogotowieflagowe.pl\/aktualne\/wp-json\/wp\/v2\/tags?post=5694"}],"curies":[{"name":"wp","href":"https:\/\/api.w.org\/{rel}","templated":true}]}}