{"id":5697,"date":"2025-05-10T16:47:06","date_gmt":"2025-05-10T14:47:06","guid":{"rendered":"https:\/\/www.pogotowieflagowe.pl\/aktualne\/podzielone-slupy-niektore-debaty-ogladaja-inni-je-ignoruja\/"},"modified":"2025-05-10T16:47:08","modified_gmt":"2025-05-10T14:47:08","slug":"podzielone-slupy-niektore-debaty-ogladaja-inni-je-ignoruja","status":"publish","type":"post","link":"https:\/\/www.pogotowieflagowe.pl\/aktualne\/podzielone-slupy-niektore-debaty-ogladaja-inni-je-ignoruja\/","title":{"rendered":"Podzielone s\u0142upy: niekt\u00f3re debaty ogl\u0105daj\u0105, inni je ignoruj\u0105"},"content":{"rendered":"\n<div class=\"td_block_wrap tdb_single_content tdi_41 td-pb-border-top td_block_template_8 td-post-content tagdiv-type\" data-td-block-uid=\"tdi_41\">\n<style>.tdi_41 {margin-top: 0px! Wa\u017cne; margines-bottom: 0px! WA\u017bNY; PALDING-TOP: 0PX! WA\u017bNY; PALDING-BOTTOM: 0PX! WA\u017bNE}<\/style>\n<style>.tdb_single_content {margin-bottom: 0;*zoom: 1} .tdb_single_content: wcze\u015bniej, .tdb_single_content: po {display: Table; content: ''; line-height: 0} .TDB-BLOCK-INner>*: nie (.WP-BLOCK-QUOTE): not (.alignSwide): not (.Alignfull.wp-block-cover.has-parallax): not (.td-a-ad) {margin-left: auto; margin-right: auto} .tdb_single_ConTent a {wska\u017anik-events: auto} .tdb_single_content .td-spot-id-top_ad .tdc-placeholder-title: przed {content: \u201eArtyku\u0142 top ad\u201d! Wa\u017cne} .tdb_single_content .td-Spot-Id-inline_ad0 .tdc-placeholder-title 1 '! Wa\u017cne} .tdb_single_content .td-Spot-Id-inline_Ad1 .tdc-Placeholder-Title: przed {content: \u201eArtyku\u0142 inline AD 2'! Wa\u017cny} .tdb_single_content. 3 '! Wa\u017cne} .tdb_single_content .td-Spot-Id-Bottom_Ad .tdc-Placeholder-Title: przed {content: \u201eArtyku\u0142 Bottom Ad\u201d! Wa\u017cne} .tdb_single_content .id_top_ad, .tdb_single_content_content .id_bottom_ad {clear: oba; margin-bottom: 21px; text-align: Center} .tdb_single_content .id_top_ad img, .tdb_single_content .id_bottom_ad img {margin-bottom: 0} .tdb_single_conTent .id_top_ad .adsbyGoogle, .tdb_single_content .id_bottom_ad .adsbyGoogle {pozycja: relatyw} .tdb_single_content .id_ad_content-horiz-left, .tdb_single_content .id_ad_content-horiz-right, .tdb_single_content .id_ad_content-horiz-Center {margin-bottom: 15px} .tdb_single_content .id_ad_content-horiz-left Img, .tdb_single_content .id_ad_content-horiz-right img, .tdb_single_content .id_ad_content-horiz-centerter img {margin-bottom: 0} .tdb_single_content .id_ad_content-horiz-center {text-align: Center} .tdb_single_content .id_ad_content-horiz-center img {margin-right: auto; margin-let: auto} .tdb_single_content .id_ad_content-horiz-left {float: left; margin-top: 9px; margin-right: 21px} .tdb_single_content .id_ad_content-horiz-right {float: margin-top: 6px; margin-left: 21px} .tdb_single_content .tdc-a-a-ad .TDC-Placeholder-Title {szeroko\u015b\u0107: 300px; height: 250px} .tdb_single_content .tdc-a-ad .TDC-Placeholder-Title: Przed {Pozycja: Absolute; TOP: 50%;-WebKit-Transform: Translatey (-50%); Transform: Translatey (-50%); margines: auto; wy\u015bwietlacz: tabela; szeroko\u015b\u0107: 100%}. tdb_single_content .TDB-BLOCK-INNER.TD-FIX-INDEX {Word-Break: Break-word} .tdi_41, .tdi_41> p, .tdi_41 .tdb-block-inner> p, .Wp-Block-Column> p {font-size: 16px! Wa\u017cne; wa\u017cny; p {font-styl: normalne! Wa\u017cne} @media (Max-Width: 767px) {. tdb_single_content .id_ad_content-horiz-left, .tdb_single_content .id_ad_content-horiz-right, .tdb_single_content .id_ad_content-horiz-centter {Margin: 0 AUTO 26PXX auto}}@media (Max-Width: 767px) {. tdb_single_content .id_ad_content-horiz-left {margin-right: 0}}@media (max-width: 767px) {. (Max-Width: 767px) {. tdb_single_content .td-a-ad {float: none; text-align: Center} .tdb_single_content .td-a-ad img {margin-right: auto; margin-left: auto} .tdb_single_content .tdc-a-a-a-{margin-right: auto; margin-left: auto} .tdb_single_content .tdd<\/style>\n<div class=\"tdb-block-inner td-fix-index\">\n<p><strong>Dzie\u0144 po wa\u017cnej debacie prezydenckiej zorganizowanej przez Telewizja Republika, gazeta Rzeczpospolita opublikowa\u0142a wyniki ankiety wykazuj\u0105ce wyra\u017any podzia\u0142: prawie 40% s\u0142up\u00f3w o\u015bwiadcza, \u017ce \u200b\u200bdebaty wp\u0142ywaj\u0105 na ich decyzje g\u0142osowania, podczas gdy prawie taki sam odsetek twierdzi, \u017ce nie maj\u0105 wp\u0142ywu. Kto \u015bledzi debaty, kto je ignoruje i czy naprawd\u0119 mog\u0105 zmieni\u0107 przebieg kampanii?<\/strong><\/p>\n<h2 class=\"wp-block-heading\">Silny wp\u0142yw na m\u0142odych, mniejszy wp\u0142yw na senior\u00f3w<\/h2>\n<p>W badaniu przeprowadzonym przez SW Research dla RP.PL zapytano respondent\u00f3w: <em>\u201eCzy przebieg debat prezydenckich wp\u0142ywa na twoj\u0105 decyzj\u0119 g\u0142osowania w wyborach prezydenckich?\u201d<\/em> 39% odpowiedzia\u0142o \u201etak\u201d, a 40,9% stwierdzi\u0142o, \u017ce debaty nie maj\u0105 wp\u0142ywu. Pozosta\u0142e 20,1% przyzna\u0142o, \u017ce w og\u00f3le nie ogl\u0105da debat prezydenckich.<\/p>\n<p><em>\u201eDebaty s\u0105 mniej znacz\u0105ce dla m\u0119\u017cczyzn (44%) ni\u017c kobiety (38%). Odsetek respondent\u00f3w, kt\u00f3rzy uwa\u017caj\u0105, \u017ce debaty nie wp\u0142ywaj\u0105 na wzrost g\u0142osowania wraz z wiekiem (24%w\u015br\u00f3d najm\u0142odszych, 51%w\u015br\u00f3d najstarszych). Ta sama opinia jest dzielona przez jedn\u0105 z dw\u00f3ch os\u00f3b z miast z od 200 000 do 499 000 mieszka\u0144c\u00f3w i mniej ni\u017c po\u0142owa respondent\u00f3w zarabiaj\u0105cych mi\u0119dzy 5 001 i 7000 PLN (46%).<\/em> Komentarze Pemys\u0142aw Wesoblowski, prezes SW Research.<\/p>\n<h2 class=\"wp-block-heading\">2025 Debaty na kampani\u0119: od Ko\u0144skiego do Warszawy<\/h2>\n<p>Od pocz\u0105tku kampanii prezydenckiej w 2025 r. Odby\u0142o si\u0119 pi\u0119\u0107 debat. Trzy kluczowe zosta\u0142y zorganizowane przez Telewizja Republika, jeden przez zesp\u00f3\u0142 kampanii Rafa\u0142 Trzaskowski, a drugi <em>Super Express<\/em>. Najnowsza debata odby\u0142a si\u0119 9 maja, wsp\u00f3\u0142organizowana przez Telewizja Republika, TV Trwam i WPOLSCE24. Rafa\u0142 Trzaskowski, Magdalena Biejat i Maciej Mamiak nie uczestniczyli.<\/p>\n<p>Dwie debaty odby\u0142y si\u0119 11 kwietnia w Ko\u0144skim, zwr\u00f3ci\u0142y znaczn\u0105 uwag\u0119-pierwsza debata na \u015bwie\u017cym powietrzu zorganizowana cz\u0119\u015bciowo przez nasz\u0105 stacj\u0119, a nast\u0119pnie debat\u0119 studyjn\u0105 zorganizowan\u0105 przez zesp\u00f3\u0142 Trzaskowskiego. Ten ostatni, kt\u00f3ry by\u0142 wysoce kontrowersyjny, widzia\u0142a uczestnictwo w ostatniej chwili Trzaskowskiego, Biejat i Mamiaka.<\/p>\n<p>28 kwietnia odby\u0142a si\u0119 jedyna debata z udzia\u0142em wszystkich kandydat\u00f3w, zorganizowana przez <em>Super Express<\/em>. Jego unikalny format polega\u0142 na tym, \u017ce kandydaci przes\u0142uchuj\u0105 si\u0119 nawzajem, a dziennikarze zapewniaj\u0105 jedynie przestrzeganie ogranicze\u0144 czasowych.<\/p>\n<p>Druga debata na rzecz pe\u0142nego kandydata zaplanowana jest na 12 maja, zorganizowan\u0105 przez TVP, TVN i Polsat-ujawniaj\u0105c najwi\u0119ksz\u0105 stacji prasow\u0105 w Polsce, Telewizja Republika. B\u0119dzie to ostatnie og\u00f3lnokrajowe starcie przed pierwsz\u0105 rund\u0119 18 maja. Je\u015bli \u017caden kandydat nie zapewni wi\u0119kszo\u015bci, odp\u0142yw odb\u0119dzie si\u0119 1 czerwca.<\/p>\n<h2 class=\"wp-block-heading\">Republika wype\u0142nia swoj\u0105 publiczn\u0105 misj\u0119<\/h2>\n<p>Bior\u0105c pod uwag\u0119, \u017ce prawie 40% wyborc\u00f3w przyznaje, \u017ce debaty wp\u0142ywaj\u0105 na ich decyzje, nie mo\u017cna zignorowa\u0107 tego, kto faktycznie je organizuje. Telewizja Republika odegra\u0142a kluczow\u0105 rol\u0119 &#8211; zapewnienie prawdziwego pluralizmu, anga\u017cowanie si\u0119 w kampani\u0119 i tworzenie miejsca na otwart\u0105 konfrontacj\u0119 pogl\u0105d\u00f3w.<\/p>\n<p>Podczas gdy niekt\u00f3re media unika\u0142y organizowania pe\u0142nych debat lub stara\u0142y si\u0119 je manipulowa\u0107, Republika wkroczy\u0142a, aby zaspokoi\u0107 potrzeb\u0119 dyskusji obywatelskiej opinii publicznej.<\/p>\n<\/div>\n<\/div>\n","protected":false},"excerpt":{"rendered":"<p>Dzie\u0144 po wa\u017cnej debacie prezydenckiej zorganizowanej przez Telewizja Republika, gazeta Rzeczpospolita opublikowa\u0142a wyniki ankiety wykazuj\u0105ce wyra\u017any podzia\u0142: prawie 40% s\u0142up\u00f3w<\/p>\n","protected":false},"author":1,"featured_media":5698,"comment_status":"closed","ping_status":"","sticky":false,"template":"","format":"standard","meta":{"footnotes":""},"categories":[4748],"tags":[315,7454,7453,7451,7452,7450,6140],"class_list":["post-5697","post","type-post","status-publish","format-standard","has-post-thumbnail","hentry","category-aktualne","tag-debaty","tag-ignoruja","tag-inni","tag-niektore","tag-ogladaja","tag-podzielone","tag-slupy","generate-columns","tablet-grid-50","mobile-grid-100","grid-parent","grid-50","resize-featured-image"],"yoast_head":"<!-- This site is optimized with the Yoast SEO plugin v23.2 - https:\/\/yoast.com\/wordpress\/plugins\/seo\/ -->\n<title>Podzielone s\u0142upy: niekt\u00f3re debaty ogl\u0105daj\u0105, inni je ignoruj\u0105 - POGOTOWIE FLAGOWE\u00ae<\/title>\n<meta name=\"robots\" content=\"index, follow, max-snippet:-1, max-image-preview:large, max-video-preview:-1\" \/>\n<link rel=\"canonical\" href=\"https:\/\/www.pogotowieflagowe.pl\/aktualne\/podzielone-slupy-niektore-debaty-ogladaja-inni-je-ignoruja\/\" \/>\n<meta property=\"og:locale\" content=\"pl_PL\" \/>\n<meta property=\"og:type\" content=\"article\" \/>\n<meta property=\"og:title\" content=\"Podzielone s\u0142upy: niekt\u00f3re debaty ogl\u0105daj\u0105, inni je ignoruj\u0105 - POGOTOWIE FLAGOWE\u00ae\" \/>\n<meta property=\"og:description\" content=\"Dzie\u0144 po wa\u017cnej debacie prezydenckiej zorganizowanej przez Telewizja Republika, gazeta Rzeczpospolita opublikowa\u0142a wyniki ankiety wykazuj\u0105ce wyra\u017any podzia\u0142: prawie 40% s\u0142up\u00f3w\" \/>\n<meta property=\"og:url\" content=\"https:\/\/www.pogotowieflagowe.pl\/aktualne\/podzielone-slupy-niektore-debaty-ogladaja-inni-je-ignoruja\/\" \/>\n<meta property=\"og:site_name\" content=\"POGOTOWIE FLAGOWE\u00ae\" \/>\n<meta property=\"article:published_time\" content=\"2025-05-10T14:47:06+00:00\" \/>\n<meta property=\"article:modified_time\" content=\"2025-05-10T14:47:08+00:00\" \/>\n<meta property=\"og:image\" content=\"https:\/\/www.pogotowieflagowe.pl\/aktualne\/wp-content\/uploads\/2025\/05\/Podzielone-slupy-niektore-debaty-ogladaja-inni-je-ignoruja.jpeg\" \/>\n\t<meta property=\"og:image:width\" content=\"1200\" \/>\n\t<meta property=\"og:image:height\" content=\"675\" \/>\n\t<meta property=\"og:image:type\" content=\"image\/jpeg\" \/>\n<meta name=\"author\" content=\"Filip\" \/>\n<meta name=\"twitter:card\" content=\"summary_large_image\" \/>\n<meta name=\"twitter:label1\" content=\"Napisane przez\" \/>\n\t<meta name=\"twitter:data1\" content=\"Filip\" \/>\n\t<meta name=\"twitter:label2\" content=\"Szacowany czas czytania\" \/>\n\t<meta name=\"twitter:data2\" content=\"2 minuty\" \/>\n<script type=\"application\/ld+json\" class=\"yoast-schema-graph\">{\"@context\":\"https:\/\/schema.org\",\"@graph\":[{\"@type\":\"Article\",\"@id\":\"https:\/\/www.pogotowieflagowe.pl\/aktualne\/podzielone-slupy-niektore-debaty-ogladaja-inni-je-ignoruja\/#article\",\"isPartOf\":{\"@id\":\"https:\/\/www.pogotowieflagowe.pl\/aktualne\/podzielone-slupy-niektore-debaty-ogladaja-inni-je-ignoruja\/\"},\"author\":{\"name\":\"Filip\",\"@id\":\"https:\/\/www.pogotowieflagowe.pl\/aktualne\/#\/schema\/person\/9c2fb7d2362ebf6fa088960d7f0d27b0\"},\"headline\":\"Podzielone s\u0142upy: niekt\u00f3re debaty ogl\u0105daj\u0105, inni je ignoruj\u0105\",\"datePublished\":\"2025-05-10T14:47:06+00:00\",\"dateModified\":\"2025-05-10T14:47:08+00:00\",\"mainEntityOfPage\":{\"@id\":\"https:\/\/www.pogotowieflagowe.pl\/aktualne\/podzielone-slupy-niektore-debaty-ogladaja-inni-je-ignoruja\/\"},\"wordCount\":496,\"publisher\":{\"@id\":\"https:\/\/www.pogotowieflagowe.pl\/aktualne\/#organization\"},\"image\":{\"@id\":\"https:\/\/www.pogotowieflagowe.pl\/aktualne\/podzielone-slupy-niektore-debaty-ogladaja-inni-je-ignoruja\/#primaryimage\"},\"thumbnailUrl\":\"https:\/\/www.pogotowieflagowe.pl\/aktualne\/wp-content\/uploads\/2025\/05\/Podzielone-slupy-niektore-debaty-ogladaja-inni-je-ignoruja.jpeg\",\"keywords\":[\"debaty\",\"ignoruj\u0105\",\"inni\",\"niekt\u00f3re\",\"ogl\u0105daj\u0105\",\"Podzielone\",\"s\u0142upy\"],\"articleSection\":[\"Aktualne\"],\"inLanguage\":\"pl-PL\"},{\"@type\":\"WebPage\",\"@id\":\"https:\/\/www.pogotowieflagowe.pl\/aktualne\/podzielone-slupy-niektore-debaty-ogladaja-inni-je-ignoruja\/\",\"url\":\"https:\/\/www.pogotowieflagowe.pl\/aktualne\/podzielone-slupy-niektore-debaty-ogladaja-inni-je-ignoruja\/\",\"name\":\"Podzielone s\u0142upy: niekt\u00f3re debaty ogl\u0105daj\u0105, inni je ignoruj\u0105 - POGOTOWIE FLAGOWE\u00ae\",\"isPartOf\":{\"@id\":\"https:\/\/www.pogotowieflagowe.pl\/aktualne\/#website\"},\"primaryImageOfPage\":{\"@id\":\"https:\/\/www.pogotowieflagowe.pl\/aktualne\/podzielone-slupy-niektore-debaty-ogladaja-inni-je-ignoruja\/#primaryimage\"},\"image\":{\"@id\":\"https:\/\/www.pogotowieflagowe.pl\/aktualne\/podzielone-slupy-niektore-debaty-ogladaja-inni-je-ignoruja\/#primaryimage\"},\"thumbnailUrl\":\"https:\/\/www.pogotowieflagowe.pl\/aktualne\/wp-content\/uploads\/2025\/05\/Podzielone-slupy-niektore-debaty-ogladaja-inni-je-ignoruja.jpeg\",\"datePublished\":\"2025-05-10T14:47:06+00:00\",\"dateModified\":\"2025-05-10T14:47:08+00:00\",\"breadcrumb\":{\"@id\":\"https:\/\/www.pogotowieflagowe.pl\/aktualne\/podzielone-slupy-niektore-debaty-ogladaja-inni-je-ignoruja\/#breadcrumb\"},\"inLanguage\":\"pl-PL\",\"potentialAction\":[{\"@type\":\"ReadAction\",\"target\":[\"https:\/\/www.pogotowieflagowe.pl\/aktualne\/podzielone-slupy-niektore-debaty-ogladaja-inni-je-ignoruja\/\"]}]},{\"@type\":\"ImageObject\",\"inLanguage\":\"pl-PL\",\"@id\":\"https:\/\/www.pogotowieflagowe.pl\/aktualne\/podzielone-slupy-niektore-debaty-ogladaja-inni-je-ignoruja\/#primaryimage\",\"url\":\"https:\/\/www.pogotowieflagowe.pl\/aktualne\/wp-content\/uploads\/2025\/05\/Podzielone-slupy-niektore-debaty-ogladaja-inni-je-ignoruja.jpeg\",\"contentUrl\":\"https:\/\/www.pogotowieflagowe.pl\/aktualne\/wp-content\/uploads\/2025\/05\/Podzielone-slupy-niektore-debaty-ogladaja-inni-je-ignoruja.jpeg\",\"width\":1200,\"height\":675,\"caption\":\"Podzielone s\u0142upy: niekt\u00f3re debaty ogl\u0105daj\u0105, inni je ignoruj\u0105\"},{\"@type\":\"BreadcrumbList\",\"@id\":\"https:\/\/www.pogotowieflagowe.pl\/aktualne\/podzielone-slupy-niektore-debaty-ogladaja-inni-je-ignoruja\/#breadcrumb\",\"itemListElement\":[{\"@type\":\"ListItem\",\"position\":1,\"name\":\"Home\",\"item\":\"https:\/\/www.pogotowieflagowe.pl\/aktualne\/\"},{\"@type\":\"ListItem\",\"position\":2,\"name\":\"Podzielone s\u0142upy: niekt\u00f3re debaty ogl\u0105daj\u0105, inni je ignoruj\u0105\"}]},{\"@type\":\"WebSite\",\"@id\":\"https:\/\/www.pogotowieflagowe.pl\/aktualne\/#website\",\"url\":\"https:\/\/www.pogotowieflagowe.pl\/aktualne\/\",\"name\":\"POGOTOWIE FLAGOWE\u00ae\",\"description\":\"\",\"publisher\":{\"@id\":\"https:\/\/www.pogotowieflagowe.pl\/aktualne\/#organization\"},\"potentialAction\":[{\"@type\":\"SearchAction\",\"target\":{\"@type\":\"EntryPoint\",\"urlTemplate\":\"https:\/\/www.pogotowieflagowe.pl\/aktualne\/?s={search_term_string}\"},\"query-input\":\"required name=search_term_string\"}],\"inLanguage\":\"pl-PL\"},{\"@type\":\"Organization\",\"@id\":\"https:\/\/www.pogotowieflagowe.pl\/aktualne\/#organization\",\"name\":\"POGOTOWIE FLAGOWE\u00ae\",\"url\":\"https:\/\/www.pogotowieflagowe.pl\/aktualne\/\",\"logo\":{\"@type\":\"ImageObject\",\"inLanguage\":\"pl-PL\",\"@id\":\"https:\/\/www.pogotowieflagowe.pl\/aktualne\/#\/schema\/logo\/image\/\",\"url\":\"https:\/\/www.pogotowieflagowe.pl\/aktualne\/wp-content\/uploads\/2024\/08\/cropped-pogotowieflagowe_flaga_projekt_sm.jpg\",\"contentUrl\":\"https:\/\/www.pogotowieflagowe.pl\/aktualne\/wp-content\/uploads\/2024\/08\/cropped-pogotowieflagowe_flaga_projekt_sm.jpg\",\"width\":250,\"height\":143,\"caption\":\"POGOTOWIE FLAGOWE\u00ae\"},\"image\":{\"@id\":\"https:\/\/www.pogotowieflagowe.pl\/aktualne\/#\/schema\/logo\/image\/\"}},{\"@type\":\"Person\",\"@id\":\"https:\/\/www.pogotowieflagowe.pl\/aktualne\/#\/schema\/person\/9c2fb7d2362ebf6fa088960d7f0d27b0\",\"name\":\"Filip\",\"image\":{\"@type\":\"ImageObject\",\"inLanguage\":\"pl-PL\",\"@id\":\"https:\/\/www.pogotowieflagowe.pl\/aktualne\/#\/schema\/person\/image\/\",\"url\":\"https:\/\/www.pogotowieflagowe.pl\/aktualne\/wp-content\/uploads\/2024\/08\/pogotowieflagowe.pl_.jpg\",\"contentUrl\":\"https:\/\/www.pogotowieflagowe.pl\/aktualne\/wp-content\/uploads\/2024\/08\/pogotowieflagowe.pl_.jpg\",\"caption\":\"Filip\"},\"description\":\"Jestem Filip, polski dziennikarz z dyplomem nauk politycznych Uniwersytetu Warszawskiego. Rozpoczynaj\u0105c swoj\u0105 karier\u0119 w r\u00f3\u017cnych lokalnych mediach, zdoby\u0142em solidne do\u015bwiadczenie w zakresie \u015bledztwa i redakcji. Obecnie jako redaktor w Pogotowie flagowe, staram si\u0119 dostarcza\u0107 dog\u0142\u0119bne i istotne analizy na temat najwa\u017cniejszych kwestii aktualno\u015bci, \u0142\u0105cz\u0105c rygor z pasj\u0105 dziennikarsk\u0105.\",\"sameAs\":[\"https:\/\/www.pogotowieflagowe.pl\/\"]}]}<\/script>\n<!-- \/ Yoast SEO plugin. -->","yoast_head_json":{"title":"Podzielone s\u0142upy: niekt\u00f3re debaty ogl\u0105daj\u0105, inni je ignoruj\u0105 - POGOTOWIE FLAGOWE\u00ae","robots":{"index":"index","follow":"follow","max-snippet":"max-snippet:-1","max-image-preview":"max-image-preview:large","max-video-preview":"max-video-preview:-1"},"canonical":"https:\/\/www.pogotowieflagowe.pl\/aktualne\/podzielone-slupy-niektore-debaty-ogladaja-inni-je-ignoruja\/","og_locale":"pl_PL","og_type":"article","og_title":"Podzielone s\u0142upy: niekt\u00f3re debaty ogl\u0105daj\u0105, inni je ignoruj\u0105 - POGOTOWIE FLAGOWE\u00ae","og_description":"Dzie\u0144 po wa\u017cnej debacie prezydenckiej zorganizowanej przez Telewizja Republika, gazeta Rzeczpospolita opublikowa\u0142a wyniki ankiety wykazuj\u0105ce wyra\u017any podzia\u0142: prawie 40% s\u0142up\u00f3w","og_url":"https:\/\/www.pogotowieflagowe.pl\/aktualne\/podzielone-slupy-niektore-debaty-ogladaja-inni-je-ignoruja\/","og_site_name":"POGOTOWIE FLAGOWE\u00ae","article_published_time":"2025-05-10T14:47:06+00:00","article_modified_time":"2025-05-10T14:47:08+00:00","og_image":[{"width":1200,"height":675,"url":"https:\/\/www.pogotowieflagowe.pl\/aktualne\/wp-content\/uploads\/2025\/05\/Podzielone-slupy-niektore-debaty-ogladaja-inni-je-ignoruja.jpeg","type":"image\/jpeg"}],"author":"Filip","twitter_card":"summary_large_image","twitter_misc":{"Napisane przez":"Filip","Szacowany czas czytania":"2 minuty"},"schema":{"@context":"https:\/\/schema.org","@graph":[{"@type":"Article","@id":"https:\/\/www.pogotowieflagowe.pl\/aktualne\/podzielone-slupy-niektore-debaty-ogladaja-inni-je-ignoruja\/#article","isPartOf":{"@id":"https:\/\/www.pogotowieflagowe.pl\/aktualne\/podzielone-slupy-niektore-debaty-ogladaja-inni-je-ignoruja\/"},"author":{"name":"Filip","@id":"https:\/\/www.pogotowieflagowe.pl\/aktualne\/#\/schema\/person\/9c2fb7d2362ebf6fa088960d7f0d27b0"},"headline":"Podzielone s\u0142upy: niekt\u00f3re debaty ogl\u0105daj\u0105, inni je ignoruj\u0105","datePublished":"2025-05-10T14:47:06+00:00","dateModified":"2025-05-10T14:47:08+00:00","mainEntityOfPage":{"@id":"https:\/\/www.pogotowieflagowe.pl\/aktualne\/podzielone-slupy-niektore-debaty-ogladaja-inni-je-ignoruja\/"},"wordCount":496,"publisher":{"@id":"https:\/\/www.pogotowieflagowe.pl\/aktualne\/#organization"},"image":{"@id":"https:\/\/www.pogotowieflagowe.pl\/aktualne\/podzielone-slupy-niektore-debaty-ogladaja-inni-je-ignoruja\/#primaryimage"},"thumbnailUrl":"https:\/\/www.pogotowieflagowe.pl\/aktualne\/wp-content\/uploads\/2025\/05\/Podzielone-slupy-niektore-debaty-ogladaja-inni-je-ignoruja.jpeg","keywords":["debaty","ignoruj\u0105","inni","niekt\u00f3re","ogl\u0105daj\u0105","Podzielone","s\u0142upy"],"articleSection":["Aktualne"],"inLanguage":"pl-PL"},{"@type":"WebPage","@id":"https:\/\/www.pogotowieflagowe.pl\/aktualne\/podzielone-slupy-niektore-debaty-ogladaja-inni-je-ignoruja\/","url":"https:\/\/www.pogotowieflagowe.pl\/aktualne\/podzielone-slupy-niektore-debaty-ogladaja-inni-je-ignoruja\/","name":"Podzielone s\u0142upy: niekt\u00f3re debaty ogl\u0105daj\u0105, inni je ignoruj\u0105 - POGOTOWIE FLAGOWE\u00ae","isPartOf":{"@id":"https:\/\/www.pogotowieflagowe.pl\/aktualne\/#website"},"primaryImageOfPage":{"@id":"https:\/\/www.pogotowieflagowe.pl\/aktualne\/podzielone-slupy-niektore-debaty-ogladaja-inni-je-ignoruja\/#primaryimage"},"image":{"@id":"https:\/\/www.pogotowieflagowe.pl\/aktualne\/podzielone-slupy-niektore-debaty-ogladaja-inni-je-ignoruja\/#primaryimage"},"thumbnailUrl":"https:\/\/www.pogotowieflagowe.pl\/aktualne\/wp-content\/uploads\/2025\/05\/Podzielone-slupy-niektore-debaty-ogladaja-inni-je-ignoruja.jpeg","datePublished":"2025-05-10T14:47:06+00:00","dateModified":"2025-05-10T14:47:08+00:00","breadcrumb":{"@id":"https:\/\/www.pogotowieflagowe.pl\/aktualne\/podzielone-slupy-niektore-debaty-ogladaja-inni-je-ignoruja\/#breadcrumb"},"inLanguage":"pl-PL","potentialAction":[{"@type":"ReadAction","target":["https:\/\/www.pogotowieflagowe.pl\/aktualne\/podzielone-slupy-niektore-debaty-ogladaja-inni-je-ignoruja\/"]}]},{"@type":"ImageObject","inLanguage":"pl-PL","@id":"https:\/\/www.pogotowieflagowe.pl\/aktualne\/podzielone-slupy-niektore-debaty-ogladaja-inni-je-ignoruja\/#primaryimage","url":"https:\/\/www.pogotowieflagowe.pl\/aktualne\/wp-content\/uploads\/2025\/05\/Podzielone-slupy-niektore-debaty-ogladaja-inni-je-ignoruja.jpeg","contentUrl":"https:\/\/www.pogotowieflagowe.pl\/aktualne\/wp-content\/uploads\/2025\/05\/Podzielone-slupy-niektore-debaty-ogladaja-inni-je-ignoruja.jpeg","width":1200,"height":675,"caption":"Podzielone s\u0142upy: niekt\u00f3re debaty ogl\u0105daj\u0105, inni je ignoruj\u0105"},{"@type":"BreadcrumbList","@id":"https:\/\/www.pogotowieflagowe.pl\/aktualne\/podzielone-slupy-niektore-debaty-ogladaja-inni-je-ignoruja\/#breadcrumb","itemListElement":[{"@type":"ListItem","position":1,"name":"Home","item":"https:\/\/www.pogotowieflagowe.pl\/aktualne\/"},{"@type":"ListItem","position":2,"name":"Podzielone s\u0142upy: niekt\u00f3re debaty ogl\u0105daj\u0105, inni je ignoruj\u0105"}]},{"@type":"WebSite","@id":"https:\/\/www.pogotowieflagowe.pl\/aktualne\/#website","url":"https:\/\/www.pogotowieflagowe.pl\/aktualne\/","name":"POGOTOWIE FLAGOWE\u00ae","description":"","publisher":{"@id":"https:\/\/www.pogotowieflagowe.pl\/aktualne\/#organization"},"potentialAction":[{"@type":"SearchAction","target":{"@type":"EntryPoint","urlTemplate":"https:\/\/www.pogotowieflagowe.pl\/aktualne\/?s={search_term_string}"},"query-input":"required name=search_term_string"}],"inLanguage":"pl-PL"},{"@type":"Organization","@id":"https:\/\/www.pogotowieflagowe.pl\/aktualne\/#organization","name":"POGOTOWIE FLAGOWE\u00ae","url":"https:\/\/www.pogotowieflagowe.pl\/aktualne\/","logo":{"@type":"ImageObject","inLanguage":"pl-PL","@id":"https:\/\/www.pogotowieflagowe.pl\/aktualne\/#\/schema\/logo\/image\/","url":"https:\/\/www.pogotowieflagowe.pl\/aktualne\/wp-content\/uploads\/2024\/08\/cropped-pogotowieflagowe_flaga_projekt_sm.jpg","contentUrl":"https:\/\/www.pogotowieflagowe.pl\/aktualne\/wp-content\/uploads\/2024\/08\/cropped-pogotowieflagowe_flaga_projekt_sm.jpg","width":250,"height":143,"caption":"POGOTOWIE FLAGOWE\u00ae"},"image":{"@id":"https:\/\/www.pogotowieflagowe.pl\/aktualne\/#\/schema\/logo\/image\/"}},{"@type":"Person","@id":"https:\/\/www.pogotowieflagowe.pl\/aktualne\/#\/schema\/person\/9c2fb7d2362ebf6fa088960d7f0d27b0","name":"Filip","image":{"@type":"ImageObject","inLanguage":"pl-PL","@id":"https:\/\/www.pogotowieflagowe.pl\/aktualne\/#\/schema\/person\/image\/","url":"https:\/\/www.pogotowieflagowe.pl\/aktualne\/wp-content\/uploads\/2024\/08\/pogotowieflagowe.pl_.jpg","contentUrl":"https:\/\/www.pogotowieflagowe.pl\/aktualne\/wp-content\/uploads\/2024\/08\/pogotowieflagowe.pl_.jpg","caption":"Filip"},"description":"Jestem Filip, polski dziennikarz z dyplomem nauk politycznych Uniwersytetu Warszawskiego. Rozpoczynaj\u0105c swoj\u0105 karier\u0119 w r\u00f3\u017cnych lokalnych mediach, zdoby\u0142em solidne do\u015bwiadczenie w zakresie \u015bledztwa i redakcji. Obecnie jako redaktor w Pogotowie flagowe, staram si\u0119 dostarcza\u0107 dog\u0142\u0119bne i istotne analizy na temat najwa\u017cniejszych kwestii aktualno\u015bci, \u0142\u0105cz\u0105c rygor z pasj\u0105 dziennikarsk\u0105.","sameAs":["https:\/\/www.pogotowieflagowe.pl\/"]}]}},"_links":{"self":[{"href":"https:\/\/www.pogotowieflagowe.pl\/aktualne\/wp-json\/wp\/v2\/posts\/5697","targetHints":{"allow":["GET"]}}],"collection":[{"href":"https:\/\/www.pogotowieflagowe.pl\/aktualne\/wp-json\/wp\/v2\/posts"}],"about":[{"href":"https:\/\/www.pogotowieflagowe.pl\/aktualne\/wp-json\/wp\/v2\/types\/post"}],"author":[{"embeddable":true,"href":"https:\/\/www.pogotowieflagowe.pl\/aktualne\/wp-json\/wp\/v2\/users\/1"}],"replies":[{"embeddable":true,"href":"https:\/\/www.pogotowieflagowe.pl\/aktualne\/wp-json\/wp\/v2\/comments?post=5697"}],"version-history":[{"count":1,"href":"https:\/\/www.pogotowieflagowe.pl\/aktualne\/wp-json\/wp\/v2\/posts\/5697\/revisions"}],"predecessor-version":[{"id":5699,"href":"https:\/\/www.pogotowieflagowe.pl\/aktualne\/wp-json\/wp\/v2\/posts\/5697\/revisions\/5699"}],"wp:featuredmedia":[{"embeddable":true,"href":"https:\/\/www.pogotowieflagowe.pl\/aktualne\/wp-json\/wp\/v2\/media\/5698"}],"wp:attachment":[{"href":"https:\/\/www.pogotowieflagowe.pl\/aktualne\/wp-json\/wp\/v2\/media?parent=5697"}],"wp:term":[{"taxonomy":"category","embeddable":true,"href":"https:\/\/www.pogotowieflagowe.pl\/aktualne\/wp-json\/wp\/v2\/categories?post=5697"},{"taxonomy":"post_tag","embeddable":true,"href":"https:\/\/www.pogotowieflagowe.pl\/aktualne\/wp-json\/wp\/v2\/tags?post=5697"}],"curies":[{"name":"wp","href":"https:\/\/api.w.org\/{rel}","templated":true}]}}