{"id":572,"date":"2024-09-07T00:51:34","date_gmt":"2024-09-06T22:51:34","guid":{"rendered":"https:\/\/www.pogotowieflagowe.pl\/aktualne\/wzrost-gospodarczy-wroclawia-napedzany-innowacyjnoscia-i-roznorodnoscia-araw-tworzy-130-000-miejsc-pracy\/"},"modified":"2024-09-07T00:51:37","modified_gmt":"2024-09-06T22:51:37","slug":"wzrost-gospodarczy-wroclawia-napedzany-innowacyjnoscia-i-roznorodnoscia-araw-tworzy-130-000-miejsc-pracy","status":"publish","type":"post","link":"https:\/\/www.pogotowieflagowe.pl\/aktualne\/wzrost-gospodarczy-wroclawia-napedzany-innowacyjnoscia-i-roznorodnoscia-araw-tworzy-130-000-miejsc-pracy\/","title":{"rendered":"Wzrost gospodarczy Wroc\u0142awia nap\u0119dzany innowacyjno\u015bci\u0105 i r\u00f3\u017cnorodno\u015bci\u0105: ARAW tworzy 130 000 miejsc pracy"},"content":{"rendered":"\n<div class=\"td_block_wrap tdb_single_content tdi_48 td-pb-border-top td_block_template_8 td-post-content tagdiv-type\" data-td-block-uid=\"tdi_48\">\n<style>.tdi_48{margines g\u00f3rny:0px!wa\u017cne;margines dolny:0px!wa\u017cne;wype\u0142nienie g\u00f3rne:0px!wa\u017cne;wype\u0142nienie dolne:0px!wa\u017cne}<\/style>\n<style>.tdb_single_content{margines-dolny:0;*powi\u0119kszenie:1}.tdb_single_content:before,.tdb_single_content:after{wy\u015bwietlanie:tabela;zawarto\u015b\u0107:'';wysoko\u015b\u0107-linii:0}.tdb_single_content:after{wyczy\u015b\u0107:oba}.tdb_single_content .tdb-block-inner>*:not(.wp-block-quote):not(.alignwide):not(.alignfull.wp-block-cover.has-parallax):not(.td-a-ad){margines-lewy:auto;margines-prawy:auto}.tdb_single_content a{zdarzenia-wska\u017anika:auto}.tdb_single_content .td-spot-id-top_ad .tdc-placeholder-title:before{zawarto\u015b\u0107:'Pocz\u0105tek artyku\u0142u Reklama'!important}.tdb_single_content .td-spot-id-inline_ad0 .tdc-placeholder-title:before{content:'Reklama inline artyku\u0142u 1'!important}.tdb_single_content .td-spot-id-inline_ad1 .tdc-placeholder-title:before{content:'Reklama inline artyku\u0142u 2'!important}.tdb_single_content .td-spot-id-inline_ad2 .tdc-placeholder-title:before{content:'Reklama inline artyku\u0142u 3'!important}.tdb_single_content .td-spot-id-bottom_ad .tdc-placeholder-title:before{content:'Reklama dolna artyku\u0142u'!important}.tdb_single_content .id_top_ad,.tdb_single_content .id_bottom_ad{clear:both;margines-dolny:21px;wyr\u00f3wnanie-tekstu:\u015brodek}.tdb_single_content .id_top_ad img,.tdb_single_content .id_bottom_ad img{margines-dolny:0}.tdb_single_content .id_top_ad .adsbygoogle,.tdb_single_content .id_bottom_ad .adsbygoogle{pozycja:wzgl\u0119dna}.tdb_single_content .id_ad_content-poziom-lewy,.tdb_single_content .id_ad_content-poziom-prawy,.tdb_single_content .id_ad_content-horiz-center{margines dolny:15px}.tdb_single_content .id_ad_content-horiz-lewy img,.tdb_single_content .id_ad_content-horiz-prawy img,.tdb_single_content .id_ad_content-horiz-center img{margines dolny:0}.tdb_single_content .id_ad_content-horiz-center{wyr\u00f3wnanie tekstu:\u015brodek}.tdb_single_content .id_ad_content-horiz-center img{margines prawy:auto;margines lewy:auto}.tdb_single_content .id_ad_content-horiz-left{float:lewy;margines g\u00f3rny:9px;margines prawy:21px}.tdb_single_content .id_ad_content-horiz-right{float:right;margines-g\u00f3rny:6px;margines-lewy:21px}.tdb_single_content .tdc-a-ad .tdc-placeholder-title{szeroko\u015b\u0107:300px;wysoko\u015b\u0107:250px}.tdb_single_content .tdc-a-ad .tdc-placeholder-title:before{pozycja:absolutna;g\u00f3ra:50%;-webkit-transform:translateY(-50%);przekszta\u0142cenie:translateY(-50%);margines:auto;wy\u015bwietlanie:tabela;szeroko\u015b\u0107:100%}.tdb_single_content .tdb-block-inner.td-fix-index{word-break:break-word}.tdi_48,.tdi_48>p,.tdi_48 .tdb-block-inner>p{rozmiar-czcionki:16px!wa\u017cne;wysoko\u015b\u0107-linii:1.6!wa\u017cne}.tdi_48 .tdb-block-inner cytat p{styl-czcionki:normalny!wa\u017cne}@media (maks. szeroko\u015b\u0107:767px){.tdb_single_content .id_ad_content-poziom-lewo,.tdb_single_content .id_ad_content-poziom-prawo,.tdb_single_content .id_ad_content-poziom-\u015brodek{margines:0 auto 26px auto}}@media (maks. szeroko\u015b\u0107:767px){.tdb_single_content .id_ad_content-poziom-lewo{margines-prawy:0}}@media (maks. szeroko\u015b\u0107:767px){.tdb_single_content .id_ad_content-horiz-right{margines-lewy:0}}@media (maksymalna szeroko\u015b\u0107:767px){.tdb_single_content .td-a-ad{float:none;wyr\u00f3wnanie tekstu:\u015brodek}.tdb_single_content .td-a-ad img{margines-prawy:auto;margines-lewy:auto}.tdb_single_content .tdc-a-ad{float:none}}<\/style>\n<div class=\"tdb-block-inner td-fix-index\">\n<p>Podczas XXXIII Forum Ekonomicznego w Karpaczu, Magdalena Okulowska, prezes Agencji Rozwoju Aglomeracji Wroc\u0142awskiej (ARAW), podkre\u015bli\u0142a si\u0142\u0119 gospodarcz\u0105 regionu wroc\u0142awskiego, przypisuj\u0105c jego sukces r\u00f3\u017cnorodno\u015bci przedsi\u0119biorstw i innowacyjnemu \u015brodowisku, kt\u00f3re tworzy 30 lokalnych uczelni.<\/p>\n<p>Za\u0142o\u017cona w 2005 r. ARAW jest sp\u00f3\u0142k\u0105 nale\u017c\u0105c\u0105 do miasta Wroc\u0142aw i 32 okolicznych gmin. Jej misj\u0105 jest przyci\u0105ganie zagranicznych inwestor\u00f3w, co odegra\u0142o kluczow\u0105 rol\u0119 w tworzeniu miejsc pracy i regionalnym wzro\u015bcie gospodarczym. Wed\u0142ug Okulowskiej agencja z powodzeniem zabezpieczy\u0142a 260 du\u017cych projekt\u00f3w inwestycyjnych, tworz\u0105c prawie 130 000 miejsc pracy od momentu powstania.<\/p>\n<p>Jedn\u0105 z najwa\u017cniejszych ostatnich inwestycji w regionie jest nowa fabryka Intela, kt\u00f3ra ma wygenerowa\u0107 2000 nowych miejsc pracy i ustanowi\u0107 nowy \u0142a\u0144cuch warto\u015bci w sektorze p\u00f3\u0142przewodnik\u00f3w. Ta inwestycja dodatkowo podkre\u015bla reputacj\u0119 Wroc\u0142awia jako polskiej Doliny Krzemowej. Wed\u0142ug Startup Poland 28% innowacyjnych i technologicznych firm w kraju ma siedzib\u0119 we Wroc\u0142awiu i na Dolnym \u015al\u0105sku.<\/p>\n<p>\u201eSi\u0142a gospodarki Wroc\u0142awia le\u017cy w r\u00f3wnowadze mi\u0119dzy przemys\u0142em, produkcj\u0105 i innowacyjnymi us\u0142ugami biznesowymi. Ta r\u00f3\u017cnorodno\u015b\u0107 zapewni\u0142a odporno\u015b\u0107 gospodarcz\u0105, szczeg\u00f3lnie widoczn\u0105 w czasie pandemii\u201d \u2013 powiedzia\u0142a Okulowska. Doda\u0142a, \u017ce \u200b\u200bwroc\u0142awski krajobraz biznesowy kwitnie dzi\u0119ki innowacjom, wspieranym przez ponad 100 centr\u00f3w badawczo-rozwojowych, startup\u00f3w i instytucji szkolnictwa wy\u017cszego. <\/p>\n<p>ARAW nadal odgrywa kluczow\u0105 rol\u0119 w kszta\u0142towaniu przysz\u0142o\u015bci regionu, nap\u0119dzaniu innowacji i tworzeniu mo\u017cliwo\u015bci dla przedsi\u0119biorstw i mieszka\u0144c\u00f3w.<\/p>\n<\/div>\n<\/div>\n","protected":false},"excerpt":{"rendered":"<p>Podczas XXXIII Forum Ekonomicznego w Karpaczu, Magdalena Okulowska, prezes Agencji Rozwoju Aglomeracji Wroc\u0142awskiej (ARAW), podkre\u015bli\u0142a si\u0142\u0119 gospodarcz\u0105 regionu wroc\u0142awskiego, przypisuj\u0105c<\/p>\n","protected":false},"author":1,"featured_media":573,"comment_status":"closed","ping_status":"","sticky":false,"template":"","format":"standard","meta":{"footnotes":""},"categories":[45],"tags":[965,960,963,967,962,968,964,966,961,157],"class_list":["post-572","post","type-post","status-publish","format-standard","has-post-thumbnail","hentry","category-biznes","tag-araw","tag-gospodarczy","tag-innowacyjnoscia","tag-miejsc","tag-napedzany","tag-pracy","tag-roznorodnoscia","tag-tworzy","tag-wroclawia","tag-wzrost","generate-columns","tablet-grid-50","mobile-grid-100","grid-parent","grid-50","resize-featured-image"],"yoast_head":"<!-- This site is optimized with the Yoast SEO plugin v23.2 - https:\/\/yoast.com\/wordpress\/plugins\/seo\/ -->\n<title>Wzrost gospodarczy Wroc\u0142awia nap\u0119dzany innowacyjno\u015bci\u0105 i r\u00f3\u017cnorodno\u015bci\u0105: ARAW tworzy 130 000 miejsc pracy - POGOTOWIE FLAGOWE\u00ae<\/title>\n<meta name=\"robots\" content=\"index, follow, max-snippet:-1, max-image-preview:large, max-video-preview:-1\" \/>\n<link rel=\"canonical\" href=\"https:\/\/www.pogotowieflagowe.pl\/aktualne\/wzrost-gospodarczy-wroclawia-napedzany-innowacyjnoscia-i-roznorodnoscia-araw-tworzy-130-000-miejsc-pracy\/\" \/>\n<meta property=\"og:locale\" content=\"pl_PL\" \/>\n<meta property=\"og:type\" content=\"article\" \/>\n<meta property=\"og:title\" content=\"Wzrost gospodarczy Wroc\u0142awia nap\u0119dzany innowacyjno\u015bci\u0105 i r\u00f3\u017cnorodno\u015bci\u0105: ARAW tworzy 130 000 miejsc pracy - POGOTOWIE FLAGOWE\u00ae\" \/>\n<meta property=\"og:description\" content=\"Podczas XXXIII Forum Ekonomicznego w Karpaczu, Magdalena Okulowska, prezes Agencji Rozwoju Aglomeracji Wroc\u0142awskiej (ARAW), podkre\u015bli\u0142a si\u0142\u0119 gospodarcz\u0105 regionu wroc\u0142awskiego, przypisuj\u0105c\" \/>\n<meta property=\"og:url\" content=\"https:\/\/www.pogotowieflagowe.pl\/aktualne\/wzrost-gospodarczy-wroclawia-napedzany-innowacyjnoscia-i-roznorodnoscia-araw-tworzy-130-000-miejsc-pracy\/\" \/>\n<meta property=\"og:site_name\" content=\"POGOTOWIE FLAGOWE\u00ae\" \/>\n<meta property=\"article:published_time\" content=\"2024-09-06T22:51:34+00:00\" \/>\n<meta property=\"article:modified_time\" content=\"2024-09-06T22:51:37+00:00\" \/>\n<meta property=\"og:image\" content=\"https:\/\/www.pogotowieflagowe.pl\/aktualne\/wp-content\/uploads\/2024\/09\/Wzrost-gospodarczy-Wroclawia-napedzany-innowacyjnoscia-i-roznorodnoscia-ARAW-tworzy-130.jpg\" \/>\n\t<meta property=\"og:image:width\" content=\"1920\" \/>\n\t<meta property=\"og:image:height\" content=\"1073\" \/>\n\t<meta property=\"og:image:type\" content=\"image\/jpeg\" \/>\n<meta name=\"author\" content=\"Filip\" \/>\n<meta name=\"twitter:card\" content=\"summary_large_image\" \/>\n<meta name=\"twitter:label1\" content=\"Napisane przez\" \/>\n\t<meta name=\"twitter:data1\" content=\"Filip\" \/>\n\t<meta name=\"twitter:label2\" content=\"Szacowany czas czytania\" \/>\n\t<meta name=\"twitter:data2\" content=\"1 minuta\" \/>\n<script type=\"application\/ld+json\" class=\"yoast-schema-graph\">{\"@context\":\"https:\/\/schema.org\",\"@graph\":[{\"@type\":\"Article\",\"@id\":\"https:\/\/www.pogotowieflagowe.pl\/aktualne\/wzrost-gospodarczy-wroclawia-napedzany-innowacyjnoscia-i-roznorodnoscia-araw-tworzy-130-000-miejsc-pracy\/#article\",\"isPartOf\":{\"@id\":\"https:\/\/www.pogotowieflagowe.pl\/aktualne\/wzrost-gospodarczy-wroclawia-napedzany-innowacyjnoscia-i-roznorodnoscia-araw-tworzy-130-000-miejsc-pracy\/\"},\"author\":{\"name\":\"Filip\",\"@id\":\"https:\/\/www.pogotowieflagowe.pl\/aktualne\/#\/schema\/person\/9c2fb7d2362ebf6fa088960d7f0d27b0\"},\"headline\":\"Wzrost gospodarczy Wroc\u0142awia nap\u0119dzany innowacyjno\u015bci\u0105 i r\u00f3\u017cnorodno\u015bci\u0105: ARAW tworzy 130 000 miejsc pracy\",\"datePublished\":\"2024-09-06T22:51:34+00:00\",\"dateModified\":\"2024-09-06T22:51:37+00:00\",\"mainEntityOfPage\":{\"@id\":\"https:\/\/www.pogotowieflagowe.pl\/aktualne\/wzrost-gospodarczy-wroclawia-napedzany-innowacyjnoscia-i-roznorodnoscia-araw-tworzy-130-000-miejsc-pracy\/\"},\"wordCount\":267,\"publisher\":{\"@id\":\"https:\/\/www.pogotowieflagowe.pl\/aktualne\/#organization\"},\"image\":{\"@id\":\"https:\/\/www.pogotowieflagowe.pl\/aktualne\/wzrost-gospodarczy-wroclawia-napedzany-innowacyjnoscia-i-roznorodnoscia-araw-tworzy-130-000-miejsc-pracy\/#primaryimage\"},\"thumbnailUrl\":\"https:\/\/www.pogotowieflagowe.pl\/aktualne\/wp-content\/uploads\/2024\/09\/Wzrost-gospodarczy-Wroclawia-napedzany-innowacyjnoscia-i-roznorodnoscia-ARAW-tworzy-130.jpg\",\"keywords\":[\"ARAW\",\"gospodarczy\",\"innowacyjno\u015bci\u0105\",\"miejsc\",\"nap\u0119dzany\",\"pracy\",\"r\u00f3\u017cnorodno\u015bci\u0105\",\"tworzy\",\"Wroc\u0142awia\",\"wzrost\"],\"articleSection\":[\"Biznes\"],\"inLanguage\":\"pl-PL\"},{\"@type\":\"WebPage\",\"@id\":\"https:\/\/www.pogotowieflagowe.pl\/aktualne\/wzrost-gospodarczy-wroclawia-napedzany-innowacyjnoscia-i-roznorodnoscia-araw-tworzy-130-000-miejsc-pracy\/\",\"url\":\"https:\/\/www.pogotowieflagowe.pl\/aktualne\/wzrost-gospodarczy-wroclawia-napedzany-innowacyjnoscia-i-roznorodnoscia-araw-tworzy-130-000-miejsc-pracy\/\",\"name\":\"Wzrost gospodarczy Wroc\u0142awia nap\u0119dzany innowacyjno\u015bci\u0105 i r\u00f3\u017cnorodno\u015bci\u0105: ARAW tworzy 130 000 miejsc pracy - POGOTOWIE FLAGOWE\u00ae\",\"isPartOf\":{\"@id\":\"https:\/\/www.pogotowieflagowe.pl\/aktualne\/#website\"},\"primaryImageOfPage\":{\"@id\":\"https:\/\/www.pogotowieflagowe.pl\/aktualne\/wzrost-gospodarczy-wroclawia-napedzany-innowacyjnoscia-i-roznorodnoscia-araw-tworzy-130-000-miejsc-pracy\/#primaryimage\"},\"image\":{\"@id\":\"https:\/\/www.pogotowieflagowe.pl\/aktualne\/wzrost-gospodarczy-wroclawia-napedzany-innowacyjnoscia-i-roznorodnoscia-araw-tworzy-130-000-miejsc-pracy\/#primaryimage\"},\"thumbnailUrl\":\"https:\/\/www.pogotowieflagowe.pl\/aktualne\/wp-content\/uploads\/2024\/09\/Wzrost-gospodarczy-Wroclawia-napedzany-innowacyjnoscia-i-roznorodnoscia-ARAW-tworzy-130.jpg\",\"datePublished\":\"2024-09-06T22:51:34+00:00\",\"dateModified\":\"2024-09-06T22:51:37+00:00\",\"breadcrumb\":{\"@id\":\"https:\/\/www.pogotowieflagowe.pl\/aktualne\/wzrost-gospodarczy-wroclawia-napedzany-innowacyjnoscia-i-roznorodnoscia-araw-tworzy-130-000-miejsc-pracy\/#breadcrumb\"},\"inLanguage\":\"pl-PL\",\"potentialAction\":[{\"@type\":\"ReadAction\",\"target\":[\"https:\/\/www.pogotowieflagowe.pl\/aktualne\/wzrost-gospodarczy-wroclawia-napedzany-innowacyjnoscia-i-roznorodnoscia-araw-tworzy-130-000-miejsc-pracy\/\"]}]},{\"@type\":\"ImageObject\",\"inLanguage\":\"pl-PL\",\"@id\":\"https:\/\/www.pogotowieflagowe.pl\/aktualne\/wzrost-gospodarczy-wroclawia-napedzany-innowacyjnoscia-i-roznorodnoscia-araw-tworzy-130-000-miejsc-pracy\/#primaryimage\",\"url\":\"https:\/\/www.pogotowieflagowe.pl\/aktualne\/wp-content\/uploads\/2024\/09\/Wzrost-gospodarczy-Wroclawia-napedzany-innowacyjnoscia-i-roznorodnoscia-ARAW-tworzy-130.jpg\",\"contentUrl\":\"https:\/\/www.pogotowieflagowe.pl\/aktualne\/wp-content\/uploads\/2024\/09\/Wzrost-gospodarczy-Wroclawia-napedzany-innowacyjnoscia-i-roznorodnoscia-ARAW-tworzy-130.jpg\",\"width\":1920,\"height\":1073,\"caption\":\"Wzrost gospodarczy Wroc\u0142awia nap\u0119dzany innowacyjno\u015bci\u0105 i r\u00f3\u017cnorodno\u015bci\u0105: ARAW tworzy 130 000 miejsc pracy\"},{\"@type\":\"BreadcrumbList\",\"@id\":\"https:\/\/www.pogotowieflagowe.pl\/aktualne\/wzrost-gospodarczy-wroclawia-napedzany-innowacyjnoscia-i-roznorodnoscia-araw-tworzy-130-000-miejsc-pracy\/#breadcrumb\",\"itemListElement\":[{\"@type\":\"ListItem\",\"position\":1,\"name\":\"Home\",\"item\":\"https:\/\/www.pogotowieflagowe.pl\/aktualne\/\"},{\"@type\":\"ListItem\",\"position\":2,\"name\":\"Wzrost gospodarczy Wroc\u0142awia nap\u0119dzany innowacyjno\u015bci\u0105 i r\u00f3\u017cnorodno\u015bci\u0105: ARAW tworzy 130 000 miejsc pracy\"}]},{\"@type\":\"WebSite\",\"@id\":\"https:\/\/www.pogotowieflagowe.pl\/aktualne\/#website\",\"url\":\"https:\/\/www.pogotowieflagowe.pl\/aktualne\/\",\"name\":\"POGOTOWIE FLAGOWE\u00ae\",\"description\":\"\",\"publisher\":{\"@id\":\"https:\/\/www.pogotowieflagowe.pl\/aktualne\/#organization\"},\"potentialAction\":[{\"@type\":\"SearchAction\",\"target\":{\"@type\":\"EntryPoint\",\"urlTemplate\":\"https:\/\/www.pogotowieflagowe.pl\/aktualne\/?s={search_term_string}\"},\"query-input\":\"required name=search_term_string\"}],\"inLanguage\":\"pl-PL\"},{\"@type\":\"Organization\",\"@id\":\"https:\/\/www.pogotowieflagowe.pl\/aktualne\/#organization\",\"name\":\"POGOTOWIE FLAGOWE\u00ae\",\"url\":\"https:\/\/www.pogotowieflagowe.pl\/aktualne\/\",\"logo\":{\"@type\":\"ImageObject\",\"inLanguage\":\"pl-PL\",\"@id\":\"https:\/\/www.pogotowieflagowe.pl\/aktualne\/#\/schema\/logo\/image\/\",\"url\":\"https:\/\/www.pogotowieflagowe.pl\/aktualne\/wp-content\/uploads\/2024\/08\/cropped-pogotowieflagowe_flaga_projekt_sm.jpg\",\"contentUrl\":\"https:\/\/www.pogotowieflagowe.pl\/aktualne\/wp-content\/uploads\/2024\/08\/cropped-pogotowieflagowe_flaga_projekt_sm.jpg\",\"width\":250,\"height\":143,\"caption\":\"POGOTOWIE FLAGOWE\u00ae\"},\"image\":{\"@id\":\"https:\/\/www.pogotowieflagowe.pl\/aktualne\/#\/schema\/logo\/image\/\"}},{\"@type\":\"Person\",\"@id\":\"https:\/\/www.pogotowieflagowe.pl\/aktualne\/#\/schema\/person\/9c2fb7d2362ebf6fa088960d7f0d27b0\",\"name\":\"Filip\",\"image\":{\"@type\":\"ImageObject\",\"inLanguage\":\"pl-PL\",\"@id\":\"https:\/\/www.pogotowieflagowe.pl\/aktualne\/#\/schema\/person\/image\/\",\"url\":\"https:\/\/www.pogotowieflagowe.pl\/aktualne\/wp-content\/uploads\/2024\/08\/pogotowieflagowe.pl_.jpg\",\"contentUrl\":\"https:\/\/www.pogotowieflagowe.pl\/aktualne\/wp-content\/uploads\/2024\/08\/pogotowieflagowe.pl_.jpg\",\"caption\":\"Filip\"},\"description\":\"Jestem Filip, polski dziennikarz z dyplomem nauk politycznych Uniwersytetu Warszawskiego. Rozpoczynaj\u0105c swoj\u0105 karier\u0119 w r\u00f3\u017cnych lokalnych mediach, zdoby\u0142em solidne do\u015bwiadczenie w zakresie \u015bledztwa i redakcji. Obecnie jako redaktor w Pogotowie flagowe, staram si\u0119 dostarcza\u0107 dog\u0142\u0119bne i istotne analizy na temat najwa\u017cniejszych kwestii aktualno\u015bci, \u0142\u0105cz\u0105c rygor z pasj\u0105 dziennikarsk\u0105.\",\"sameAs\":[\"https:\/\/www.pogotowieflagowe.pl\/\"]}]}<\/script>\n<!-- \/ Yoast SEO plugin. -->","yoast_head_json":{"title":"Wzrost gospodarczy Wroc\u0142awia nap\u0119dzany innowacyjno\u015bci\u0105 i r\u00f3\u017cnorodno\u015bci\u0105: ARAW tworzy 130 000 miejsc pracy - POGOTOWIE FLAGOWE\u00ae","robots":{"index":"index","follow":"follow","max-snippet":"max-snippet:-1","max-image-preview":"max-image-preview:large","max-video-preview":"max-video-preview:-1"},"canonical":"https:\/\/www.pogotowieflagowe.pl\/aktualne\/wzrost-gospodarczy-wroclawia-napedzany-innowacyjnoscia-i-roznorodnoscia-araw-tworzy-130-000-miejsc-pracy\/","og_locale":"pl_PL","og_type":"article","og_title":"Wzrost gospodarczy Wroc\u0142awia nap\u0119dzany innowacyjno\u015bci\u0105 i r\u00f3\u017cnorodno\u015bci\u0105: ARAW tworzy 130 000 miejsc pracy - POGOTOWIE FLAGOWE\u00ae","og_description":"Podczas XXXIII Forum Ekonomicznego w Karpaczu, Magdalena Okulowska, prezes Agencji Rozwoju Aglomeracji Wroc\u0142awskiej (ARAW), podkre\u015bli\u0142a si\u0142\u0119 gospodarcz\u0105 regionu wroc\u0142awskiego, przypisuj\u0105c","og_url":"https:\/\/www.pogotowieflagowe.pl\/aktualne\/wzrost-gospodarczy-wroclawia-napedzany-innowacyjnoscia-i-roznorodnoscia-araw-tworzy-130-000-miejsc-pracy\/","og_site_name":"POGOTOWIE FLAGOWE\u00ae","article_published_time":"2024-09-06T22:51:34+00:00","article_modified_time":"2024-09-06T22:51:37+00:00","og_image":[{"width":1920,"height":1073,"url":"https:\/\/www.pogotowieflagowe.pl\/aktualne\/wp-content\/uploads\/2024\/09\/Wzrost-gospodarczy-Wroclawia-napedzany-innowacyjnoscia-i-roznorodnoscia-ARAW-tworzy-130.jpg","type":"image\/jpeg"}],"author":"Filip","twitter_card":"summary_large_image","twitter_misc":{"Napisane przez":"Filip","Szacowany czas czytania":"1 minuta"},"schema":{"@context":"https:\/\/schema.org","@graph":[{"@type":"Article","@id":"https:\/\/www.pogotowieflagowe.pl\/aktualne\/wzrost-gospodarczy-wroclawia-napedzany-innowacyjnoscia-i-roznorodnoscia-araw-tworzy-130-000-miejsc-pracy\/#article","isPartOf":{"@id":"https:\/\/www.pogotowieflagowe.pl\/aktualne\/wzrost-gospodarczy-wroclawia-napedzany-innowacyjnoscia-i-roznorodnoscia-araw-tworzy-130-000-miejsc-pracy\/"},"author":{"name":"Filip","@id":"https:\/\/www.pogotowieflagowe.pl\/aktualne\/#\/schema\/person\/9c2fb7d2362ebf6fa088960d7f0d27b0"},"headline":"Wzrost gospodarczy Wroc\u0142awia nap\u0119dzany innowacyjno\u015bci\u0105 i r\u00f3\u017cnorodno\u015bci\u0105: ARAW tworzy 130 000 miejsc pracy","datePublished":"2024-09-06T22:51:34+00:00","dateModified":"2024-09-06T22:51:37+00:00","mainEntityOfPage":{"@id":"https:\/\/www.pogotowieflagowe.pl\/aktualne\/wzrost-gospodarczy-wroclawia-napedzany-innowacyjnoscia-i-roznorodnoscia-araw-tworzy-130-000-miejsc-pracy\/"},"wordCount":267,"publisher":{"@id":"https:\/\/www.pogotowieflagowe.pl\/aktualne\/#organization"},"image":{"@id":"https:\/\/www.pogotowieflagowe.pl\/aktualne\/wzrost-gospodarczy-wroclawia-napedzany-innowacyjnoscia-i-roznorodnoscia-araw-tworzy-130-000-miejsc-pracy\/#primaryimage"},"thumbnailUrl":"https:\/\/www.pogotowieflagowe.pl\/aktualne\/wp-content\/uploads\/2024\/09\/Wzrost-gospodarczy-Wroclawia-napedzany-innowacyjnoscia-i-roznorodnoscia-ARAW-tworzy-130.jpg","keywords":["ARAW","gospodarczy","innowacyjno\u015bci\u0105","miejsc","nap\u0119dzany","pracy","r\u00f3\u017cnorodno\u015bci\u0105","tworzy","Wroc\u0142awia","wzrost"],"articleSection":["Biznes"],"inLanguage":"pl-PL"},{"@type":"WebPage","@id":"https:\/\/www.pogotowieflagowe.pl\/aktualne\/wzrost-gospodarczy-wroclawia-napedzany-innowacyjnoscia-i-roznorodnoscia-araw-tworzy-130-000-miejsc-pracy\/","url":"https:\/\/www.pogotowieflagowe.pl\/aktualne\/wzrost-gospodarczy-wroclawia-napedzany-innowacyjnoscia-i-roznorodnoscia-araw-tworzy-130-000-miejsc-pracy\/","name":"Wzrost gospodarczy Wroc\u0142awia nap\u0119dzany innowacyjno\u015bci\u0105 i r\u00f3\u017cnorodno\u015bci\u0105: ARAW tworzy 130 000 miejsc pracy - POGOTOWIE FLAGOWE\u00ae","isPartOf":{"@id":"https:\/\/www.pogotowieflagowe.pl\/aktualne\/#website"},"primaryImageOfPage":{"@id":"https:\/\/www.pogotowieflagowe.pl\/aktualne\/wzrost-gospodarczy-wroclawia-napedzany-innowacyjnoscia-i-roznorodnoscia-araw-tworzy-130-000-miejsc-pracy\/#primaryimage"},"image":{"@id":"https:\/\/www.pogotowieflagowe.pl\/aktualne\/wzrost-gospodarczy-wroclawia-napedzany-innowacyjnoscia-i-roznorodnoscia-araw-tworzy-130-000-miejsc-pracy\/#primaryimage"},"thumbnailUrl":"https:\/\/www.pogotowieflagowe.pl\/aktualne\/wp-content\/uploads\/2024\/09\/Wzrost-gospodarczy-Wroclawia-napedzany-innowacyjnoscia-i-roznorodnoscia-ARAW-tworzy-130.jpg","datePublished":"2024-09-06T22:51:34+00:00","dateModified":"2024-09-06T22:51:37+00:00","breadcrumb":{"@id":"https:\/\/www.pogotowieflagowe.pl\/aktualne\/wzrost-gospodarczy-wroclawia-napedzany-innowacyjnoscia-i-roznorodnoscia-araw-tworzy-130-000-miejsc-pracy\/#breadcrumb"},"inLanguage":"pl-PL","potentialAction":[{"@type":"ReadAction","target":["https:\/\/www.pogotowieflagowe.pl\/aktualne\/wzrost-gospodarczy-wroclawia-napedzany-innowacyjnoscia-i-roznorodnoscia-araw-tworzy-130-000-miejsc-pracy\/"]}]},{"@type":"ImageObject","inLanguage":"pl-PL","@id":"https:\/\/www.pogotowieflagowe.pl\/aktualne\/wzrost-gospodarczy-wroclawia-napedzany-innowacyjnoscia-i-roznorodnoscia-araw-tworzy-130-000-miejsc-pracy\/#primaryimage","url":"https:\/\/www.pogotowieflagowe.pl\/aktualne\/wp-content\/uploads\/2024\/09\/Wzrost-gospodarczy-Wroclawia-napedzany-innowacyjnoscia-i-roznorodnoscia-ARAW-tworzy-130.jpg","contentUrl":"https:\/\/www.pogotowieflagowe.pl\/aktualne\/wp-content\/uploads\/2024\/09\/Wzrost-gospodarczy-Wroclawia-napedzany-innowacyjnoscia-i-roznorodnoscia-ARAW-tworzy-130.jpg","width":1920,"height":1073,"caption":"Wzrost gospodarczy Wroc\u0142awia nap\u0119dzany innowacyjno\u015bci\u0105 i r\u00f3\u017cnorodno\u015bci\u0105: ARAW tworzy 130 000 miejsc pracy"},{"@type":"BreadcrumbList","@id":"https:\/\/www.pogotowieflagowe.pl\/aktualne\/wzrost-gospodarczy-wroclawia-napedzany-innowacyjnoscia-i-roznorodnoscia-araw-tworzy-130-000-miejsc-pracy\/#breadcrumb","itemListElement":[{"@type":"ListItem","position":1,"name":"Home","item":"https:\/\/www.pogotowieflagowe.pl\/aktualne\/"},{"@type":"ListItem","position":2,"name":"Wzrost gospodarczy Wroc\u0142awia nap\u0119dzany innowacyjno\u015bci\u0105 i r\u00f3\u017cnorodno\u015bci\u0105: ARAW tworzy 130 000 miejsc pracy"}]},{"@type":"WebSite","@id":"https:\/\/www.pogotowieflagowe.pl\/aktualne\/#website","url":"https:\/\/www.pogotowieflagowe.pl\/aktualne\/","name":"POGOTOWIE FLAGOWE\u00ae","description":"","publisher":{"@id":"https:\/\/www.pogotowieflagowe.pl\/aktualne\/#organization"},"potentialAction":[{"@type":"SearchAction","target":{"@type":"EntryPoint","urlTemplate":"https:\/\/www.pogotowieflagowe.pl\/aktualne\/?s={search_term_string}"},"query-input":"required name=search_term_string"}],"inLanguage":"pl-PL"},{"@type":"Organization","@id":"https:\/\/www.pogotowieflagowe.pl\/aktualne\/#organization","name":"POGOTOWIE FLAGOWE\u00ae","url":"https:\/\/www.pogotowieflagowe.pl\/aktualne\/","logo":{"@type":"ImageObject","inLanguage":"pl-PL","@id":"https:\/\/www.pogotowieflagowe.pl\/aktualne\/#\/schema\/logo\/image\/","url":"https:\/\/www.pogotowieflagowe.pl\/aktualne\/wp-content\/uploads\/2024\/08\/cropped-pogotowieflagowe_flaga_projekt_sm.jpg","contentUrl":"https:\/\/www.pogotowieflagowe.pl\/aktualne\/wp-content\/uploads\/2024\/08\/cropped-pogotowieflagowe_flaga_projekt_sm.jpg","width":250,"height":143,"caption":"POGOTOWIE FLAGOWE\u00ae"},"image":{"@id":"https:\/\/www.pogotowieflagowe.pl\/aktualne\/#\/schema\/logo\/image\/"}},{"@type":"Person","@id":"https:\/\/www.pogotowieflagowe.pl\/aktualne\/#\/schema\/person\/9c2fb7d2362ebf6fa088960d7f0d27b0","name":"Filip","image":{"@type":"ImageObject","inLanguage":"pl-PL","@id":"https:\/\/www.pogotowieflagowe.pl\/aktualne\/#\/schema\/person\/image\/","url":"https:\/\/www.pogotowieflagowe.pl\/aktualne\/wp-content\/uploads\/2024\/08\/pogotowieflagowe.pl_.jpg","contentUrl":"https:\/\/www.pogotowieflagowe.pl\/aktualne\/wp-content\/uploads\/2024\/08\/pogotowieflagowe.pl_.jpg","caption":"Filip"},"description":"Jestem Filip, polski dziennikarz z dyplomem nauk politycznych Uniwersytetu Warszawskiego. Rozpoczynaj\u0105c swoj\u0105 karier\u0119 w r\u00f3\u017cnych lokalnych mediach, zdoby\u0142em solidne do\u015bwiadczenie w zakresie \u015bledztwa i redakcji. Obecnie jako redaktor w Pogotowie flagowe, staram si\u0119 dostarcza\u0107 dog\u0142\u0119bne i istotne analizy na temat najwa\u017cniejszych kwestii aktualno\u015bci, \u0142\u0105cz\u0105c rygor z pasj\u0105 dziennikarsk\u0105.","sameAs":["https:\/\/www.pogotowieflagowe.pl\/"]}]}},"_links":{"self":[{"href":"https:\/\/www.pogotowieflagowe.pl\/aktualne\/wp-json\/wp\/v2\/posts\/572","targetHints":{"allow":["GET"]}}],"collection":[{"href":"https:\/\/www.pogotowieflagowe.pl\/aktualne\/wp-json\/wp\/v2\/posts"}],"about":[{"href":"https:\/\/www.pogotowieflagowe.pl\/aktualne\/wp-json\/wp\/v2\/types\/post"}],"author":[{"embeddable":true,"href":"https:\/\/www.pogotowieflagowe.pl\/aktualne\/wp-json\/wp\/v2\/users\/1"}],"replies":[{"embeddable":true,"href":"https:\/\/www.pogotowieflagowe.pl\/aktualne\/wp-json\/wp\/v2\/comments?post=572"}],"version-history":[{"count":1,"href":"https:\/\/www.pogotowieflagowe.pl\/aktualne\/wp-json\/wp\/v2\/posts\/572\/revisions"}],"predecessor-version":[{"id":574,"href":"https:\/\/www.pogotowieflagowe.pl\/aktualne\/wp-json\/wp\/v2\/posts\/572\/revisions\/574"}],"wp:featuredmedia":[{"embeddable":true,"href":"https:\/\/www.pogotowieflagowe.pl\/aktualne\/wp-json\/wp\/v2\/media\/573"}],"wp:attachment":[{"href":"https:\/\/www.pogotowieflagowe.pl\/aktualne\/wp-json\/wp\/v2\/media?parent=572"}],"wp:term":[{"taxonomy":"category","embeddable":true,"href":"https:\/\/www.pogotowieflagowe.pl\/aktualne\/wp-json\/wp\/v2\/categories?post=572"},{"taxonomy":"post_tag","embeddable":true,"href":"https:\/\/www.pogotowieflagowe.pl\/aktualne\/wp-json\/wp\/v2\/tags?post=572"}],"curies":[{"name":"wp","href":"https:\/\/api.w.org\/{rel}","templated":true}]}}