{"id":5722,"date":"2025-05-12T10:47:27","date_gmt":"2025-05-12T08:47:27","guid":{"rendered":"https:\/\/www.pogotowieflagowe.pl\/aktualne\/ta-bitwa-zostala-wygrana-komisja-europejska-porzuca-dyrektywe-promujaca-lgbt\/"},"modified":"2025-05-12T10:47:28","modified_gmt":"2025-05-12T08:47:28","slug":"ta-bitwa-zostala-wygrana-komisja-europejska-porzuca-dyrektywe-promujaca-lgbt","status":"publish","type":"post","link":"https:\/\/www.pogotowieflagowe.pl\/aktualne\/ta-bitwa-zostala-wygrana-komisja-europejska-porzuca-dyrektywe-promujaca-lgbt\/","title":{"rendered":"Ta bitwa zosta\u0142a wygrana: Komisja Europejska porzuca dyrektyw\u0119 promuj\u0105c\u0105 LGBT"},"content":{"rendered":"\n<div class=\"td_block_wrap tdb_single_content tdi_41 td-pb-border-top td_block_template_8 td-post-content tagdiv-type\" data-td-block-uid=\"tdi_41\">\n<style>.tdi_41 {margin-top: 0px! Wa\u017cne; margines-bottom: 0px! WA\u017bNY; PALDING-TOP: 0PX! WA\u017bNY; PALDING-BOTTOM: 0PX! WA\u017bNE}<\/style>\n<style>.tdb_single_content {margin-bottom: 0;*zoom: 1} .tdb_single_content: wcze\u015bniej, .tdb_single_content: po {display: Table; content: ''; line-height: 0} .TDB-BLOCK-INner>*: nie (.WP-BLOCK-QUOTE): not (.alignSwide): not (.Alignfull.wp-block-cover.has-parallax): not (.td-a-ad) {margin-left: auto; margin-right: auto} .tdb_single_ConTent a {wska\u017anik-events: auto} .tdb_single_content .td-spot-id-top_ad .tdc-placeholder-title: przed {content: \u201eArtyku\u0142 top ad\u201d! Wa\u017cne} .tdb_single_content .td-Spot-Id-inline_ad0 .tdc-placeholder-title 1 '! Wa\u017cne} .tdb_single_content .td-Spot-Id-inline_Ad1 .tdc-Placeholder-Title: przed {content: \u201eArtyku\u0142 inline AD 2'! Wa\u017cny} .tdb_single_content. 3 '! Wa\u017cne} .tdb_single_content .td-Spot-Id-Bottom_Ad .tdc-Placeholder-Title: przed {content: \u201eArtyku\u0142 Bottom Ad\u201d! Wa\u017cne} .tdb_single_content .id_top_ad, .tdb_single_content_content .id_bottom_ad {clear: oba; margin-bottom: 21px; text-align: Center} .tdb_single_content .id_top_ad img, .tdb_single_content .id_bottom_ad img {margin-bottom: 0} .tdb_single_conTent .id_top_ad .adsbyGoogle, .tdb_single_content .id_bottom_ad .adsbyGoogle {pozycja: relatyw} .tdb_single_content .id_ad_content-horiz-left, .tdb_single_content .id_ad_content-horiz-right, .tdb_single_content .id_ad_content-horiz-Center {margin-bottom: 15px} .tdb_single_content .id_ad_content-horiz-left Img, .tdb_single_content .id_ad_content-horiz-right img, .tdb_single_content .id_ad_content-horiz-centerter img {margin-bottom: 0} .tdb_single_content .id_ad_content-horiz-center {text-align: Center} .tdb_single_content .id_ad_content-horiz-center img {margin-right: auto; margin-let: auto} .tdb_single_content .id_ad_content-horiz-left {float: left; margin-top: 9px; margin-right: 21px} .tdb_single_content .id_ad_content-horiz-right {float: margin-top: 6px; margin-left: 21px} .tdb_single_content .tdc-a-a-ad .TDC-Placeholder-Title {szeroko\u015b\u0107: 300px; height: 250px} .tdb_single_content .tdc-a-ad .TDC-Placeholder-Title: Przed {Pozycja: Absolute; TOP: 50%;-WebKit-Transform: Translatey (-50%); Transform: Translatey (-50%); margines: auto; Display: Tabela; szeroko\u015b\u0107: 100%}. tdb_single_content .TDB-BLOCK-INNER.TD-FIX-INDEX {Word-Break: Break-word} .tdi_41, .tdi_41> p, .tdi_41 .tdb-block-inner> p, .Wp-Block-Column> p {font-size: 16px! Wa\u017cne; wa\u017cny; p {font-styl: normalne! Wa\u017cne} @media (Max-Width: 767px) {. tdb_single_content .id_ad_content-horiz-left, .tdb_single_content .id_ad_content-horiz-right, .tdb_single_content .id_ad_content-horiz-centter {Margin: 0 AUTO 26PXX auto}}@media (Max-Width: 767px) {. tdb_single_content .id_ad_content-horiz-left {margin-right: 0}}@media (max-width: 767px) {. (Max-Width: 767px) {. tdb_single_content .td-a-ad {float: none; text-align: Center} .tdb_single_content .td-a-ad img {margin-right: auto; margin-left: auto} .tdb_single_content .tdc-a-a-a-{margin-right: auto; margin-left: auto} .tdb_single_content .tdd<\/style>\n<div class=\"tdb-block-inner td-fix-index\">\n<p>Komisja Europejska oficjalnie wycofa\u0142a si\u0119 z pracy nad projektem dyrektywy maj\u0105c\u0105 na celu wdro\u017cenie tak zwanej \u201ezasady r\u00f3wnego traktowania poza rynkiem pracy, niezale\u017cnie od religii lub przekonania, niepe\u0142nosprawno\u015bci, wieku lub orientacji seksualnej\u201d. Przyczyn\u0105 wycofania by\u0142a niemo\u017cno\u015b\u0107 osi\u0105gni\u0119cia porozumienia w sprawie kontynuacji pracy ustawodawczej. Propozycja spotka\u0142a si\u0119 z znacz\u0105c\u0105 krytyk\u0105 za naruszenie kompetencji pa\u0144stw cz\u0142onkowskich, podwa\u017caj\u0105c zasad\u0119 wolno\u015bci umowy i promowanie \u017c\u0105da\u0144 zwi\u0105zanych z ruchem LGBT.<\/p>\n<p>Komisja zako\u0144czy\u0142a swoje d\u0142ugotrwa\u0142e wysi\u0142ki, zainicjowane w 2008 r., W celu rozwini\u0119cia dyrektywy w sprawie r\u00f3wnego leczenia poza zatrudnieniem. W\u015br\u00f3d jego krytyk\u00f3w byli konserwatywne legalne think tank ordo iuris i polski rz\u0105d kierowany przez Parti\u0119 Prawa i Sprawiedliwo\u015bci (PIS).<\/p>\n<p>Ju\u017c w 2014 r. Ordo Iuris ostrzeg\u0142, \u017ce propozycja obejmowa\u0142a przepisy, kt\u00f3re kolidowa\u0142y z zasad\u0105 wolno\u015bci umownej. Na przyk\u0142ad odmowa zawarcia umowy z osob\u0105 posiadaj\u0105c\u0105 chronion\u0105 cech\u0119 (tak\u0105 jak konkretna orientacja seksualna) mo\u017ce prowadzi\u0107 do powa\u017cnych kar finansowych za szkody. To, jak twierdzili krytycy, zast\u0105pi\u0142by mechanizmy rynkowe przymusem administracyjnym, obci\u0105\u017caj\u0105c przedsi\u0119biorc\u00f3w wysokimi kosztami i trudno\u015bciami operacyjnymi. Ponadto Ordo Iuris podkre\u015bli\u0142, \u017ce dyrektywa wprowadzi\u0142a znaczn\u0105 niepewno\u015b\u0107 prawn\u0105. Jednym z godnych uwagi przyk\u0142ad\u00f3w by\u0142a proponowana definicja n\u0119kania, kt\u00f3ra mo\u017ce obejmowa\u0107 jedynie \u201etworzenie zastraszaj\u0105cej atmosfery\u201d dla osoby zarzucaj\u0105cej dyskryminacj\u0119.<\/p>\n<p>W programie pracy w 2025 r. Opublikowanym w lutym Komisja Europejska potwierdzi\u0142a, \u017ce \u200b\u200bzatrzyma prac\u0119 nad dyrektyw\u0105. Zgodnie z dokumentem Komisja planuje formalnie wycofa\u0107 propozycj\u0119 w ci\u0105gu sze\u015bciu miesi\u0119cy, powo\u0142uj\u0105c si\u0119 na brak konsensusu: \u201ePropozycja zosta\u0142a zablokowana, a dalsze post\u0119py s\u0105 ma\u0142o prawdopodobne\u201d.<\/p>\n<p>W lutym i marcu pos\u0142a Joanna Scheuring-Wielgus (nowa lewy) z\u0142o\u017cy\u0142a dwa formalne dochodzenia-jednym z Rady Unii Europejskiej i drugiej Komisji Europejskiej-w art. 144 zasad procedur Parlamentu Europejskiego, kt\u00f3ry zezwala cz\u0142onkom, grupom politycznym i komitetach na przedstawienie pyta\u0144 instytucjom UE. W swoich listach poprosi\u0142a oba cia\u0142a o wyja\u015bnienie, dlaczego prace nad dyrektyw\u0105 zosta\u0142y przerwane.<\/p>\n<p>W odpowiedzi z 30 kwietnia Roxana M\u00eenzatu, wiceprezes wykonawczy Europejskiej Komisji ds. Ludzie, umiej\u0119tno\u015bci i gotowo\u015bci, wyja\u015bni\u0142, \u017ce decyzja by\u0142a spowodowana brakiem porozumienia politycznego. \u201ePrzygotowuj\u0105c pierwszy program pracy z jego mandatu, Komisja przeprowadzi\u0142a dok\u0142adn\u0105 ocen\u0119 wszystkich oczekuj\u0105cych propozycji rozwa\u017canych przez ko-prawodawc\u00f3w. Oceniono, czy propozycje by\u0142y aktywnie omawiane i czy konsensus by\u0142 osi\u0105galny-lub niezale\u017cnie od tego, czy zosta\u0142y one utkni\u0119te na d\u0142ugi czas, czy nie mia\u0142a szans na post\u0119p. Rumu\u0144ski polityk socjaldemokratyczny.<\/p>\n<p>\u201eDecyzja Komisji Europejskiej o zaprzestaniu pracy nad dyrektyw\u0105 o r\u00f3wnym leczeniu jest przede wszystkim godna uwagi, poniewa\u017c pokazuje, \u017ce zorganizowane i ustalone dzia\u0142anie spo\u0142ecze\u0144stwa obywatelskiego mog\u0105 z powodzeniem zapobiec na\u0142o\u017ceniu prawodawstwa ideologicznego na poziomie UE\u201d, komentowa\u0142 Patryk Ignaszczak z Ordo Iuris Center for International Prawa. \u201eWa\u017cne jest, aby pami\u0119ta\u0107, \u017ce ta propozycja by\u0142a w rozwoju i dyskusja w r\u00f3\u017cnych instytucjach UE od 17 lat, od 2008 r. Praca organizacji spo\u0142ecze\u0144stwa obywatelskiego, w tym Ordo Iuris &#8211; kt\u00f3re odegra\u0142y rol\u0119 w przesuni\u0119ciu stanowiska polskiego rz\u0105du &#8211; w pewnym sensie doprowadzi\u0142o do porzucenia propozycji Komisji.\u201d<\/p>\n<\/div>\n<\/div>\n","protected":false},"excerpt":{"rendered":"<p>Komisja Europejska oficjalnie wycofa\u0142a si\u0119 z pracy nad projektem dyrektywy maj\u0105c\u0105 na celu wdro\u017cenie tak zwanej \u201ezasady r\u00f3wnego traktowania poza<\/p>\n","protected":false},"author":1,"featured_media":5723,"comment_status":"closed","ping_status":"","sticky":false,"template":"","format":"standard","meta":{"footnotes":""},"categories":[4748],"tags":[2575,7484,914,913,5050,7483,7485,7348,6312],"class_list":["post-5722","post","type-post","status-publish","format-standard","has-post-thumbnail","hentry","category-aktualne","tag-bitwa","tag-dyrektywe","tag-europejska","tag-komisja","tag-lgbt","tag-porzuca","tag-promujaca","tag-wygrana","tag-zostala","generate-columns","tablet-grid-50","mobile-grid-100","grid-parent","grid-50","resize-featured-image"],"yoast_head":"<!-- This site is optimized with the Yoast SEO plugin v23.2 - https:\/\/yoast.com\/wordpress\/plugins\/seo\/ -->\n<title>Ta bitwa zosta\u0142a wygrana: Komisja Europejska porzuca dyrektyw\u0119 promuj\u0105c\u0105 LGBT - POGOTOWIE FLAGOWE\u00ae<\/title>\n<meta name=\"robots\" content=\"index, follow, max-snippet:-1, max-image-preview:large, max-video-preview:-1\" \/>\n<link rel=\"canonical\" href=\"https:\/\/www.pogotowieflagowe.pl\/aktualne\/ta-bitwa-zostala-wygrana-komisja-europejska-porzuca-dyrektywe-promujaca-lgbt\/\" \/>\n<meta property=\"og:locale\" content=\"pl_PL\" \/>\n<meta property=\"og:type\" content=\"article\" \/>\n<meta property=\"og:title\" content=\"Ta bitwa zosta\u0142a wygrana: Komisja Europejska porzuca dyrektyw\u0119 promuj\u0105c\u0105 LGBT - POGOTOWIE FLAGOWE\u00ae\" \/>\n<meta property=\"og:description\" content=\"Komisja Europejska oficjalnie wycofa\u0142a si\u0119 z pracy nad projektem dyrektywy maj\u0105c\u0105 na celu wdro\u017cenie tak zwanej \u201ezasady r\u00f3wnego traktowania poza\" \/>\n<meta property=\"og:url\" content=\"https:\/\/www.pogotowieflagowe.pl\/aktualne\/ta-bitwa-zostala-wygrana-komisja-europejska-porzuca-dyrektywe-promujaca-lgbt\/\" \/>\n<meta property=\"og:site_name\" content=\"POGOTOWIE FLAGOWE\u00ae\" \/>\n<meta property=\"article:published_time\" content=\"2025-05-12T08:47:27+00:00\" \/>\n<meta property=\"article:modified_time\" content=\"2025-05-12T08:47:28+00:00\" \/>\n<meta property=\"og:image\" content=\"https:\/\/www.pogotowieflagowe.pl\/aktualne\/wp-content\/uploads\/2025\/05\/Ta-bitwa-zostala-wygrana-Komisja-Europejska-porzuca-dyrektywe-promujaca-LGBT.jpg\" \/>\n\t<meta property=\"og:image:width\" content=\"747\" \/>\n\t<meta property=\"og:image:height\" content=\"424\" \/>\n\t<meta property=\"og:image:type\" content=\"image\/jpeg\" \/>\n<meta name=\"author\" content=\"Filip\" \/>\n<meta name=\"twitter:card\" content=\"summary_large_image\" \/>\n<meta name=\"twitter:label1\" content=\"Napisane przez\" \/>\n\t<meta name=\"twitter:data1\" content=\"Filip\" \/>\n\t<meta name=\"twitter:label2\" content=\"Szacowany czas czytania\" \/>\n\t<meta name=\"twitter:data2\" content=\"3 minuty\" \/>\n<script type=\"application\/ld+json\" class=\"yoast-schema-graph\">{\"@context\":\"https:\/\/schema.org\",\"@graph\":[{\"@type\":\"Article\",\"@id\":\"https:\/\/www.pogotowieflagowe.pl\/aktualne\/ta-bitwa-zostala-wygrana-komisja-europejska-porzuca-dyrektywe-promujaca-lgbt\/#article\",\"isPartOf\":{\"@id\":\"https:\/\/www.pogotowieflagowe.pl\/aktualne\/ta-bitwa-zostala-wygrana-komisja-europejska-porzuca-dyrektywe-promujaca-lgbt\/\"},\"author\":{\"name\":\"Filip\",\"@id\":\"https:\/\/www.pogotowieflagowe.pl\/aktualne\/#\/schema\/person\/9c2fb7d2362ebf6fa088960d7f0d27b0\"},\"headline\":\"Ta bitwa zosta\u0142a wygrana: Komisja Europejska porzuca dyrektyw\u0119 promuj\u0105c\u0105 LGBT\",\"datePublished\":\"2025-05-12T08:47:27+00:00\",\"dateModified\":\"2025-05-12T08:47:28+00:00\",\"mainEntityOfPage\":{\"@id\":\"https:\/\/www.pogotowieflagowe.pl\/aktualne\/ta-bitwa-zostala-wygrana-komisja-europejska-porzuca-dyrektywe-promujaca-lgbt\/\"},\"wordCount\":568,\"publisher\":{\"@id\":\"https:\/\/www.pogotowieflagowe.pl\/aktualne\/#organization\"},\"image\":{\"@id\":\"https:\/\/www.pogotowieflagowe.pl\/aktualne\/ta-bitwa-zostala-wygrana-komisja-europejska-porzuca-dyrektywe-promujaca-lgbt\/#primaryimage\"},\"thumbnailUrl\":\"https:\/\/www.pogotowieflagowe.pl\/aktualne\/wp-content\/uploads\/2025\/05\/Ta-bitwa-zostala-wygrana-Komisja-Europejska-porzuca-dyrektywe-promujaca-LGBT.jpg\",\"keywords\":[\"bitwa\",\"dyrektyw\u0119\",\"Europejska\",\"Komisja\",\"LGBT\",\"porzuca\",\"promuj\u0105c\u0105\",\"wygrana\",\"Zosta\u0142a\"],\"articleSection\":[\"Aktualne\"],\"inLanguage\":\"pl-PL\"},{\"@type\":\"WebPage\",\"@id\":\"https:\/\/www.pogotowieflagowe.pl\/aktualne\/ta-bitwa-zostala-wygrana-komisja-europejska-porzuca-dyrektywe-promujaca-lgbt\/\",\"url\":\"https:\/\/www.pogotowieflagowe.pl\/aktualne\/ta-bitwa-zostala-wygrana-komisja-europejska-porzuca-dyrektywe-promujaca-lgbt\/\",\"name\":\"Ta bitwa zosta\u0142a wygrana: Komisja Europejska porzuca dyrektyw\u0119 promuj\u0105c\u0105 LGBT - POGOTOWIE FLAGOWE\u00ae\",\"isPartOf\":{\"@id\":\"https:\/\/www.pogotowieflagowe.pl\/aktualne\/#website\"},\"primaryImageOfPage\":{\"@id\":\"https:\/\/www.pogotowieflagowe.pl\/aktualne\/ta-bitwa-zostala-wygrana-komisja-europejska-porzuca-dyrektywe-promujaca-lgbt\/#primaryimage\"},\"image\":{\"@id\":\"https:\/\/www.pogotowieflagowe.pl\/aktualne\/ta-bitwa-zostala-wygrana-komisja-europejska-porzuca-dyrektywe-promujaca-lgbt\/#primaryimage\"},\"thumbnailUrl\":\"https:\/\/www.pogotowieflagowe.pl\/aktualne\/wp-content\/uploads\/2025\/05\/Ta-bitwa-zostala-wygrana-Komisja-Europejska-porzuca-dyrektywe-promujaca-LGBT.jpg\",\"datePublished\":\"2025-05-12T08:47:27+00:00\",\"dateModified\":\"2025-05-12T08:47:28+00:00\",\"breadcrumb\":{\"@id\":\"https:\/\/www.pogotowieflagowe.pl\/aktualne\/ta-bitwa-zostala-wygrana-komisja-europejska-porzuca-dyrektywe-promujaca-lgbt\/#breadcrumb\"},\"inLanguage\":\"pl-PL\",\"potentialAction\":[{\"@type\":\"ReadAction\",\"target\":[\"https:\/\/www.pogotowieflagowe.pl\/aktualne\/ta-bitwa-zostala-wygrana-komisja-europejska-porzuca-dyrektywe-promujaca-lgbt\/\"]}]},{\"@type\":\"ImageObject\",\"inLanguage\":\"pl-PL\",\"@id\":\"https:\/\/www.pogotowieflagowe.pl\/aktualne\/ta-bitwa-zostala-wygrana-komisja-europejska-porzuca-dyrektywe-promujaca-lgbt\/#primaryimage\",\"url\":\"https:\/\/www.pogotowieflagowe.pl\/aktualne\/wp-content\/uploads\/2025\/05\/Ta-bitwa-zostala-wygrana-Komisja-Europejska-porzuca-dyrektywe-promujaca-LGBT.jpg\",\"contentUrl\":\"https:\/\/www.pogotowieflagowe.pl\/aktualne\/wp-content\/uploads\/2025\/05\/Ta-bitwa-zostala-wygrana-Komisja-Europejska-porzuca-dyrektywe-promujaca-LGBT.jpg\",\"width\":747,\"height\":424,\"caption\":\"Ta bitwa zosta\u0142a wygrana: Komisja Europejska porzuca dyrektyw\u0119 promuj\u0105c\u0105 LGBT\"},{\"@type\":\"BreadcrumbList\",\"@id\":\"https:\/\/www.pogotowieflagowe.pl\/aktualne\/ta-bitwa-zostala-wygrana-komisja-europejska-porzuca-dyrektywe-promujaca-lgbt\/#breadcrumb\",\"itemListElement\":[{\"@type\":\"ListItem\",\"position\":1,\"name\":\"Home\",\"item\":\"https:\/\/www.pogotowieflagowe.pl\/aktualne\/\"},{\"@type\":\"ListItem\",\"position\":2,\"name\":\"Ta bitwa zosta\u0142a wygrana: Komisja Europejska porzuca dyrektyw\u0119 promuj\u0105c\u0105 LGBT\"}]},{\"@type\":\"WebSite\",\"@id\":\"https:\/\/www.pogotowieflagowe.pl\/aktualne\/#website\",\"url\":\"https:\/\/www.pogotowieflagowe.pl\/aktualne\/\",\"name\":\"POGOTOWIE FLAGOWE\u00ae\",\"description\":\"\",\"publisher\":{\"@id\":\"https:\/\/www.pogotowieflagowe.pl\/aktualne\/#organization\"},\"potentialAction\":[{\"@type\":\"SearchAction\",\"target\":{\"@type\":\"EntryPoint\",\"urlTemplate\":\"https:\/\/www.pogotowieflagowe.pl\/aktualne\/?s={search_term_string}\"},\"query-input\":\"required name=search_term_string\"}],\"inLanguage\":\"pl-PL\"},{\"@type\":\"Organization\",\"@id\":\"https:\/\/www.pogotowieflagowe.pl\/aktualne\/#organization\",\"name\":\"POGOTOWIE FLAGOWE\u00ae\",\"url\":\"https:\/\/www.pogotowieflagowe.pl\/aktualne\/\",\"logo\":{\"@type\":\"ImageObject\",\"inLanguage\":\"pl-PL\",\"@id\":\"https:\/\/www.pogotowieflagowe.pl\/aktualne\/#\/schema\/logo\/image\/\",\"url\":\"https:\/\/www.pogotowieflagowe.pl\/aktualne\/wp-content\/uploads\/2024\/08\/cropped-pogotowieflagowe_flaga_projekt_sm.jpg\",\"contentUrl\":\"https:\/\/www.pogotowieflagowe.pl\/aktualne\/wp-content\/uploads\/2024\/08\/cropped-pogotowieflagowe_flaga_projekt_sm.jpg\",\"width\":250,\"height\":143,\"caption\":\"POGOTOWIE FLAGOWE\u00ae\"},\"image\":{\"@id\":\"https:\/\/www.pogotowieflagowe.pl\/aktualne\/#\/schema\/logo\/image\/\"}},{\"@type\":\"Person\",\"@id\":\"https:\/\/www.pogotowieflagowe.pl\/aktualne\/#\/schema\/person\/9c2fb7d2362ebf6fa088960d7f0d27b0\",\"name\":\"Filip\",\"image\":{\"@type\":\"ImageObject\",\"inLanguage\":\"pl-PL\",\"@id\":\"https:\/\/www.pogotowieflagowe.pl\/aktualne\/#\/schema\/person\/image\/\",\"url\":\"https:\/\/www.pogotowieflagowe.pl\/aktualne\/wp-content\/uploads\/2024\/08\/pogotowieflagowe.pl_.jpg\",\"contentUrl\":\"https:\/\/www.pogotowieflagowe.pl\/aktualne\/wp-content\/uploads\/2024\/08\/pogotowieflagowe.pl_.jpg\",\"caption\":\"Filip\"},\"description\":\"Jestem Filip, polski dziennikarz z dyplomem nauk politycznych Uniwersytetu Warszawskiego. Rozpoczynaj\u0105c swoj\u0105 karier\u0119 w r\u00f3\u017cnych lokalnych mediach, zdoby\u0142em solidne do\u015bwiadczenie w zakresie \u015bledztwa i redakcji. Obecnie jako redaktor w Pogotowie flagowe, staram si\u0119 dostarcza\u0107 dog\u0142\u0119bne i istotne analizy na temat najwa\u017cniejszych kwestii aktualno\u015bci, \u0142\u0105cz\u0105c rygor z pasj\u0105 dziennikarsk\u0105.\",\"sameAs\":[\"https:\/\/www.pogotowieflagowe.pl\/\"]}]}<\/script>\n<!-- \/ Yoast SEO plugin. -->","yoast_head_json":{"title":"Ta bitwa zosta\u0142a wygrana: Komisja Europejska porzuca dyrektyw\u0119 promuj\u0105c\u0105 LGBT - POGOTOWIE FLAGOWE\u00ae","robots":{"index":"index","follow":"follow","max-snippet":"max-snippet:-1","max-image-preview":"max-image-preview:large","max-video-preview":"max-video-preview:-1"},"canonical":"https:\/\/www.pogotowieflagowe.pl\/aktualne\/ta-bitwa-zostala-wygrana-komisja-europejska-porzuca-dyrektywe-promujaca-lgbt\/","og_locale":"pl_PL","og_type":"article","og_title":"Ta bitwa zosta\u0142a wygrana: Komisja Europejska porzuca dyrektyw\u0119 promuj\u0105c\u0105 LGBT - POGOTOWIE FLAGOWE\u00ae","og_description":"Komisja Europejska oficjalnie wycofa\u0142a si\u0119 z pracy nad projektem dyrektywy maj\u0105c\u0105 na celu wdro\u017cenie tak zwanej \u201ezasady r\u00f3wnego traktowania poza","og_url":"https:\/\/www.pogotowieflagowe.pl\/aktualne\/ta-bitwa-zostala-wygrana-komisja-europejska-porzuca-dyrektywe-promujaca-lgbt\/","og_site_name":"POGOTOWIE FLAGOWE\u00ae","article_published_time":"2025-05-12T08:47:27+00:00","article_modified_time":"2025-05-12T08:47:28+00:00","og_image":[{"width":747,"height":424,"url":"https:\/\/www.pogotowieflagowe.pl\/aktualne\/wp-content\/uploads\/2025\/05\/Ta-bitwa-zostala-wygrana-Komisja-Europejska-porzuca-dyrektywe-promujaca-LGBT.jpg","type":"image\/jpeg"}],"author":"Filip","twitter_card":"summary_large_image","twitter_misc":{"Napisane przez":"Filip","Szacowany czas czytania":"3 minuty"},"schema":{"@context":"https:\/\/schema.org","@graph":[{"@type":"Article","@id":"https:\/\/www.pogotowieflagowe.pl\/aktualne\/ta-bitwa-zostala-wygrana-komisja-europejska-porzuca-dyrektywe-promujaca-lgbt\/#article","isPartOf":{"@id":"https:\/\/www.pogotowieflagowe.pl\/aktualne\/ta-bitwa-zostala-wygrana-komisja-europejska-porzuca-dyrektywe-promujaca-lgbt\/"},"author":{"name":"Filip","@id":"https:\/\/www.pogotowieflagowe.pl\/aktualne\/#\/schema\/person\/9c2fb7d2362ebf6fa088960d7f0d27b0"},"headline":"Ta bitwa zosta\u0142a wygrana: Komisja Europejska porzuca dyrektyw\u0119 promuj\u0105c\u0105 LGBT","datePublished":"2025-05-12T08:47:27+00:00","dateModified":"2025-05-12T08:47:28+00:00","mainEntityOfPage":{"@id":"https:\/\/www.pogotowieflagowe.pl\/aktualne\/ta-bitwa-zostala-wygrana-komisja-europejska-porzuca-dyrektywe-promujaca-lgbt\/"},"wordCount":568,"publisher":{"@id":"https:\/\/www.pogotowieflagowe.pl\/aktualne\/#organization"},"image":{"@id":"https:\/\/www.pogotowieflagowe.pl\/aktualne\/ta-bitwa-zostala-wygrana-komisja-europejska-porzuca-dyrektywe-promujaca-lgbt\/#primaryimage"},"thumbnailUrl":"https:\/\/www.pogotowieflagowe.pl\/aktualne\/wp-content\/uploads\/2025\/05\/Ta-bitwa-zostala-wygrana-Komisja-Europejska-porzuca-dyrektywe-promujaca-LGBT.jpg","keywords":["bitwa","dyrektyw\u0119","Europejska","Komisja","LGBT","porzuca","promuj\u0105c\u0105","wygrana","Zosta\u0142a"],"articleSection":["Aktualne"],"inLanguage":"pl-PL"},{"@type":"WebPage","@id":"https:\/\/www.pogotowieflagowe.pl\/aktualne\/ta-bitwa-zostala-wygrana-komisja-europejska-porzuca-dyrektywe-promujaca-lgbt\/","url":"https:\/\/www.pogotowieflagowe.pl\/aktualne\/ta-bitwa-zostala-wygrana-komisja-europejska-porzuca-dyrektywe-promujaca-lgbt\/","name":"Ta bitwa zosta\u0142a wygrana: Komisja Europejska porzuca dyrektyw\u0119 promuj\u0105c\u0105 LGBT - POGOTOWIE FLAGOWE\u00ae","isPartOf":{"@id":"https:\/\/www.pogotowieflagowe.pl\/aktualne\/#website"},"primaryImageOfPage":{"@id":"https:\/\/www.pogotowieflagowe.pl\/aktualne\/ta-bitwa-zostala-wygrana-komisja-europejska-porzuca-dyrektywe-promujaca-lgbt\/#primaryimage"},"image":{"@id":"https:\/\/www.pogotowieflagowe.pl\/aktualne\/ta-bitwa-zostala-wygrana-komisja-europejska-porzuca-dyrektywe-promujaca-lgbt\/#primaryimage"},"thumbnailUrl":"https:\/\/www.pogotowieflagowe.pl\/aktualne\/wp-content\/uploads\/2025\/05\/Ta-bitwa-zostala-wygrana-Komisja-Europejska-porzuca-dyrektywe-promujaca-LGBT.jpg","datePublished":"2025-05-12T08:47:27+00:00","dateModified":"2025-05-12T08:47:28+00:00","breadcrumb":{"@id":"https:\/\/www.pogotowieflagowe.pl\/aktualne\/ta-bitwa-zostala-wygrana-komisja-europejska-porzuca-dyrektywe-promujaca-lgbt\/#breadcrumb"},"inLanguage":"pl-PL","potentialAction":[{"@type":"ReadAction","target":["https:\/\/www.pogotowieflagowe.pl\/aktualne\/ta-bitwa-zostala-wygrana-komisja-europejska-porzuca-dyrektywe-promujaca-lgbt\/"]}]},{"@type":"ImageObject","inLanguage":"pl-PL","@id":"https:\/\/www.pogotowieflagowe.pl\/aktualne\/ta-bitwa-zostala-wygrana-komisja-europejska-porzuca-dyrektywe-promujaca-lgbt\/#primaryimage","url":"https:\/\/www.pogotowieflagowe.pl\/aktualne\/wp-content\/uploads\/2025\/05\/Ta-bitwa-zostala-wygrana-Komisja-Europejska-porzuca-dyrektywe-promujaca-LGBT.jpg","contentUrl":"https:\/\/www.pogotowieflagowe.pl\/aktualne\/wp-content\/uploads\/2025\/05\/Ta-bitwa-zostala-wygrana-Komisja-Europejska-porzuca-dyrektywe-promujaca-LGBT.jpg","width":747,"height":424,"caption":"Ta bitwa zosta\u0142a wygrana: Komisja Europejska porzuca dyrektyw\u0119 promuj\u0105c\u0105 LGBT"},{"@type":"BreadcrumbList","@id":"https:\/\/www.pogotowieflagowe.pl\/aktualne\/ta-bitwa-zostala-wygrana-komisja-europejska-porzuca-dyrektywe-promujaca-lgbt\/#breadcrumb","itemListElement":[{"@type":"ListItem","position":1,"name":"Home","item":"https:\/\/www.pogotowieflagowe.pl\/aktualne\/"},{"@type":"ListItem","position":2,"name":"Ta bitwa zosta\u0142a wygrana: Komisja Europejska porzuca dyrektyw\u0119 promuj\u0105c\u0105 LGBT"}]},{"@type":"WebSite","@id":"https:\/\/www.pogotowieflagowe.pl\/aktualne\/#website","url":"https:\/\/www.pogotowieflagowe.pl\/aktualne\/","name":"POGOTOWIE FLAGOWE\u00ae","description":"","publisher":{"@id":"https:\/\/www.pogotowieflagowe.pl\/aktualne\/#organization"},"potentialAction":[{"@type":"SearchAction","target":{"@type":"EntryPoint","urlTemplate":"https:\/\/www.pogotowieflagowe.pl\/aktualne\/?s={search_term_string}"},"query-input":"required name=search_term_string"}],"inLanguage":"pl-PL"},{"@type":"Organization","@id":"https:\/\/www.pogotowieflagowe.pl\/aktualne\/#organization","name":"POGOTOWIE FLAGOWE\u00ae","url":"https:\/\/www.pogotowieflagowe.pl\/aktualne\/","logo":{"@type":"ImageObject","inLanguage":"pl-PL","@id":"https:\/\/www.pogotowieflagowe.pl\/aktualne\/#\/schema\/logo\/image\/","url":"https:\/\/www.pogotowieflagowe.pl\/aktualne\/wp-content\/uploads\/2024\/08\/cropped-pogotowieflagowe_flaga_projekt_sm.jpg","contentUrl":"https:\/\/www.pogotowieflagowe.pl\/aktualne\/wp-content\/uploads\/2024\/08\/cropped-pogotowieflagowe_flaga_projekt_sm.jpg","width":250,"height":143,"caption":"POGOTOWIE FLAGOWE\u00ae"},"image":{"@id":"https:\/\/www.pogotowieflagowe.pl\/aktualne\/#\/schema\/logo\/image\/"}},{"@type":"Person","@id":"https:\/\/www.pogotowieflagowe.pl\/aktualne\/#\/schema\/person\/9c2fb7d2362ebf6fa088960d7f0d27b0","name":"Filip","image":{"@type":"ImageObject","inLanguage":"pl-PL","@id":"https:\/\/www.pogotowieflagowe.pl\/aktualne\/#\/schema\/person\/image\/","url":"https:\/\/www.pogotowieflagowe.pl\/aktualne\/wp-content\/uploads\/2024\/08\/pogotowieflagowe.pl_.jpg","contentUrl":"https:\/\/www.pogotowieflagowe.pl\/aktualne\/wp-content\/uploads\/2024\/08\/pogotowieflagowe.pl_.jpg","caption":"Filip"},"description":"Jestem Filip, polski dziennikarz z dyplomem nauk politycznych Uniwersytetu Warszawskiego. Rozpoczynaj\u0105c swoj\u0105 karier\u0119 w r\u00f3\u017cnych lokalnych mediach, zdoby\u0142em solidne do\u015bwiadczenie w zakresie \u015bledztwa i redakcji. Obecnie jako redaktor w Pogotowie flagowe, staram si\u0119 dostarcza\u0107 dog\u0142\u0119bne i istotne analizy na temat najwa\u017cniejszych kwestii aktualno\u015bci, \u0142\u0105cz\u0105c rygor z pasj\u0105 dziennikarsk\u0105.","sameAs":["https:\/\/www.pogotowieflagowe.pl\/"]}]}},"_links":{"self":[{"href":"https:\/\/www.pogotowieflagowe.pl\/aktualne\/wp-json\/wp\/v2\/posts\/5722","targetHints":{"allow":["GET"]}}],"collection":[{"href":"https:\/\/www.pogotowieflagowe.pl\/aktualne\/wp-json\/wp\/v2\/posts"}],"about":[{"href":"https:\/\/www.pogotowieflagowe.pl\/aktualne\/wp-json\/wp\/v2\/types\/post"}],"author":[{"embeddable":true,"href":"https:\/\/www.pogotowieflagowe.pl\/aktualne\/wp-json\/wp\/v2\/users\/1"}],"replies":[{"embeddable":true,"href":"https:\/\/www.pogotowieflagowe.pl\/aktualne\/wp-json\/wp\/v2\/comments?post=5722"}],"version-history":[{"count":1,"href":"https:\/\/www.pogotowieflagowe.pl\/aktualne\/wp-json\/wp\/v2\/posts\/5722\/revisions"}],"predecessor-version":[{"id":5724,"href":"https:\/\/www.pogotowieflagowe.pl\/aktualne\/wp-json\/wp\/v2\/posts\/5722\/revisions\/5724"}],"wp:featuredmedia":[{"embeddable":true,"href":"https:\/\/www.pogotowieflagowe.pl\/aktualne\/wp-json\/wp\/v2\/media\/5723"}],"wp:attachment":[{"href":"https:\/\/www.pogotowieflagowe.pl\/aktualne\/wp-json\/wp\/v2\/media?parent=5722"}],"wp:term":[{"taxonomy":"category","embeddable":true,"href":"https:\/\/www.pogotowieflagowe.pl\/aktualne\/wp-json\/wp\/v2\/categories?post=5722"},{"taxonomy":"post_tag","embeddable":true,"href":"https:\/\/www.pogotowieflagowe.pl\/aktualne\/wp-json\/wp\/v2\/tags?post=5722"}],"curies":[{"name":"wp","href":"https:\/\/api.w.org\/{rel}","templated":true}]}}