{"id":5855,"date":"2025-05-20T22:47:35","date_gmt":"2025-05-20T20:47:35","guid":{"rendered":"https:\/\/www.pogotowieflagowe.pl\/aktualne\/od-1-czerwca-tysiace-straci-swoje-800-korzysci\/"},"modified":"2025-05-20T22:47:35","modified_gmt":"2025-05-20T20:47:35","slug":"od-1-czerwca-tysiace-straci-swoje-800-korzysci","status":"publish","type":"post","link":"https:\/\/www.pogotowieflagowe.pl\/aktualne\/od-1-czerwca-tysiace-straci-swoje-800-korzysci\/","title":{"rendered":"Od 1 czerwca tysi\u0105ce straci swoje 800 korzy\u015bci"},"content":{"rendered":"\n<div class=\"td_block_wrap tdb_single_content tdi_41 td-pb-border-top td_block_template_8 td-post-content tagdiv-type\" data-td-block-uid=\"tdi_41\">\n<style>.tdi_41 {margin-top: 0px! Wa\u017cne; margines-bottom: 0px! WA\u017bNY; PALDING-TOP: 0PX! WA\u017bNY; PALDING-BOTTOM: 0PX! WA\u017bNE}<\/style>\n<style>.tdb_single_content {margin-bottom: 0;*zoom: 1} .tdb_single_content: wcze\u015bniej, .tdb_single_content: po {display: Table; content: ''; line-height: 0} .TDB-BLOCK-INner>*: nie (.WP-BLOCK-QUOTE): not (.alignSwide): not (.Alignfull.wp-block-cover.has-parallax): not (.td-a-ad) {margin-left: auto; margin-right: auto} .tdb_single_ConTent a {wska\u017anik-events: auto} .tdb_single_content .td-spot-id-top_ad .tdc-placeholder-title: przed {content: \u201eArtyku\u0142 top ad\u201d! Wa\u017cne} .tdb_single_content .td-Spot-Id-inline_ad0 .tdc-placeholder-title 1 '! Wa\u017cne} .tdb_single_content .td-Spot-Id-inline_Ad1 .tdc-Placeholder-Title: przed {content: \u201eArtyku\u0142 inline AD 2'! Wa\u017cny} .tdb_single_content. 3 '! Wa\u017cne} .tdb_single_content .td-Spot-Id-Bottom_Ad .tdc-Placeholder-Title: przed {content: \u201eArtyku\u0142 Bottom Ad\u201d! Wa\u017cne} .tdb_single_content .id_top_ad, .tdb_single_content_content .id_bottom_ad {clear: oba; margin-bottom: 21px; text-align: Center} .tdb_single_content .id_top_ad img, .tdb_single_content .id_bottom_ad img {margin-bottom: 0} .tdb_single_conTent .id_top_ad .adsbyGoogle, .tdb_single_content .id_bottom_ad .adsbyGoogle {pozycja: relatyw} .tdb_single_content .id_ad_content-horiz-left, .tdb_single_content .id_ad_content-horiz-right, .tdb_single_content .id_ad_content-horiz-Center {margin-bottom: 15px} .tdb_single_content .id_ad_content-horiz-left Img, .tdb_single_content .id_ad_content-horiz-right img, .tdb_single_content .id_ad_content-horiz-centerter img {margin-bottom: 0} .tdb_single_content .id_ad_content-horiz-center {text-align: Center} .tdb_single_content .id_ad_content-horiz-center img {margin-right: auto; margin-let: auto} .tdb_single_content .id_ad_content-horiz-left {float: left; margin-top: 9px; margin-right: 21px} .tdb_single_content .id_ad_content-horiz-right {float: margin-top: 6px; margin-left: 21px} .tdb_single_content .tdc-a-a-ad .TDC-Placeholder-Title {szeroko\u015b\u0107: 300px; height: 250px} .tdb_single_content .tdc-a-ad .TDC-Placeholder-Title: Przed {Pozycja: Absolute; TOP: 50%;-WebKit-Transform: Translatey (-50%); Transform: Translatey (-50%); margines: auto; Display: Tabela; szeroko\u015b\u0107: 100%}. tdb_single_content .TDB-BLOCK-INNER.TD-FIX-INDEX {Word-Break: Break-word} .tdi_41, .tdi_41> p, .tdi_41 .tdb-block-inner> p, .Wp-Block-Column> p {font-size: 16px! Wa\u017cne; wa\u017cny; p {font-styl: normalne! Wa\u017cne} @media (Max-Width: 767px) {. tdb_single_content .id_ad_content-horiz-left, .tdb_single_content .id_ad_content-horiz-right, .tdb_single_content .id_ad_content-horiz-centter {Margin: 0 AUTO 26PXX auto}}@media (Max-Width: 767px) {. tdb_single_content .id_ad_content-horiz-left {margin-right: 0}}@media (max-width: 767px) {. (Max-Width: 767px) {. tdb_single_content .td-a-ad {float: none; text-align: Center} .tdb_single_content .td-a-ad img {margin-right: auto; margin-left: auto} .tdb_single_content .tdc-a-a-a-{margin-right: auto; margin-left: auto} .tdb_single_content .tdd<\/style>\n<div class=\"tdb-block-inner td-fix-index\">\n<p>Program zasi\u0142k\u00f3w dla dzieci 800 plus mia\u0142 by\u0107 prosty, bezpieczny i bezwarunkowy. Jednak od 1 czerwca nowe przepisy maj\u0105 zaskoczy\u0107 tysi\u0105ce rodzic\u00f3w. Nieprzestrzeganie tylko jednego konkretnego warunku mo\u017ce oznacza\u0107 utrat\u0119 ca\u0142ej korzy\u015bci. Czas szybko si\u0119 ko\u0144czy.<\/p>\n<p>Wcze\u015bniej rodziny musia\u0142y jedynie z\u0142o\u017cy\u0107 wniosek, po czym co miesi\u0105c fundusze by\u0142y niezawodnie zdeponowane na ich kontach. Ta rutyna by\u0142a znana milionom rodzin korzystaj\u0105cych z oryginalnego programu 500 Plus, kt\u00f3ry zosta\u0142 zwi\u0119kszony do 800 plus w styczniu 2024 r. Teraz nieuchronne s\u0105 znacz\u0105ce zmiany.<\/p>\n<h2 class=\"wp-block-heading\">Nowe zasady od czerwca 2025 r.<\/h2>\n<p>Ze wzgl\u0119du na nowe przepisy obowi\u0105zuj\u0105ce od 1 czerwca jeden krytyczny wym\u00f3g okre\u015bli kwalifikowalno\u015b\u0107: dzieci musz\u0105 zosta\u0107 zapisane do instytucji edukacyjnej w ramach polskiego systemu edukacji. Je\u015bli nie, korzy\u015b\u0107 zostanie wstrzymana &#8211; bez wyj\u0105tk\u00f3w.<\/p>\n<p>Zmiany wynikaj\u0105 z nowych przepis\u00f3w zgodnych z rozpocz\u0119ciem nowego okresu \u015bwiadcze\u0144. Zasadniczo, je\u015bli twoje dziecko nie ucz\u0119szcza do polskiej szko\u0142y, przedszkola lub innego oficjalnie zarejestrowanego o\u015brodka edukacyjnego, twoje korzy\u015bci mo\u017cna natychmiast zatrzyma\u0107. Wed\u0142ug Polski Ministerstwa Polityki Rodzinnej i Spo\u0142ecznej zmiana ta ma na celu \u201ewspieranie rozwoju dzieci w systemie edukacyjnym Polski\u201d. Jednak praktyczne implikacje budz\u0105 wiele obaw.<\/p>\n<h2 class=\"wp-block-heading\">Rodzice wyra\u017caj\u0105 trosk\u0119<\/h2>\n<p>Rodzice, kt\u00f3rych dzieci ucz\u0105 si\u0119 za granic\u0105, s\u0105 ucz\u0105cymi si\u0119 w domu lub zapisuj\u0105 si\u0119 na alarmowe programy edukacyjne.<\/p>\n<p>\u201eMoja c\u00f3rka ma oficjaln\u0105 decyzj\u0119 dotycz\u0105c\u0105 indywidualnych instrukcji i nie ucz\u0119szcza fizycznie do szko\u0142y. Co si\u0119 teraz stanie? Czy strac\u0119 swoje \u015bwiadczenia?\u201d &#8211; zapyta\u0142 jedna zmartwiona matka z hajoodechip w mediach spo\u0142eczno\u015bciowych.<\/p>\n<p>Podobne obawy s\u0105 powszechne, szczeg\u00f3lnie w\u015br\u00f3d rodzin mieszkaj\u0105cych w pobli\u017cu granic, pracuj\u0105cych za granic\u0105 lub z r\u00f3\u017cnych powod\u00f3w nie wysy\u0142aj\u0105 swoich dzieci do szk\u00f3\u0142 publicznych. Wcze\u015bniej korzy\u015bci otrzymywa\u0142y r\u00f3wnie\u017c rodziny, kt\u00f3rych dzieci by\u0142y ucz\u0105ce si\u0119 w domu po zagranicznych programach nauczania. Od czerwca takie ustalenia nie b\u0119d\u0105 ju\u017c kwalifikowane.<\/p>\n<h2 class=\"wp-block-heading\">Dodatkowe zmiany w programie 800 plus<\/h2>\n<p>Kolejna krytyczna aktualizacja obejmuje terminy aplikacji. Od czerwca sk\u0142adanie wniosku nie gwarantuje natychmiastowej p\u0142atno\u015bci. Aby otrzyma\u0107 p\u0142atno\u015bci od czerwca, z uwzgl\u0119dnionymi kwotami, rodzice musz\u0105 z\u0142o\u017cy\u0107 wniosek do ko\u0144ca czerwca 2025 r.. P\u00f3\u017ane zg\u0142oszenia oznaczaj\u0105, \u017ce przepadkowe \u015bwiadczenia dla poprzednich miesi\u0119cy, potencjalnie powoduj\u0105ce znaczne straty finansowe. Niekt\u00f3rzy skrytykowali te poprawki za cicho wprowadzone bez odpowiedniego powiadomienia.<\/p>\n<p>\u201eZawsze m\u00f3wiono, \u017ce 800 plus jest dla ka\u017cdego dziecka, a teraz nagle s\u0105 nowe warunki. Brak kampanii informacyjnych, brak wyja\u015bnie\u0144, nic\u201d, skomentowa\u0142 jeden u\u017cytkownik na forum dla rodzic\u00f3w.<\/p>\n<h2 class=\"wp-block-heading\">Algorytm decyduje o twoich korzy\u015bciach<\/h2>\n<p>Instytucja ubezpiecze\u0144 spo\u0142ecznych (ZUS), odpowiedzialna za dystrybucj\u0119 \u015bwiadcze\u0144 od dw\u00f3ch lat, uruchomi\u0142 nowy system aplikacji wy\u0142\u0105cznie elektronicznych za po\u015brednictwem Pue ZUS Portal, aplikacja MZU lub us\u0142ugi bankowo\u015bci internetowej. Chocia\u017c formularze aplikacji s\u0105 dost\u0119pne, wielu rodzic\u00f3w pozostaje nie\u015bwiadomych, \u017ce ich okoliczno\u015bci mog\u0105 wkr\u00f3tce si\u0119 zmieni\u0107.<\/p>\n<p>Eksperci podkre\u015blaj\u0105 automatyzacj\u0119 nowego systemu p\u0142atno\u015bci. Je\u015bli algorytm systemu wykryje niezgodno\u015b\u0107 z wymogiem edukacyjnym, aplikacja zostanie automatycznie odrzucona. Nie b\u0119dzie miejsca na indywidualne wyja\u015bnienia lub odwo\u0142ania. Sam algorytm okre\u015bla uprawnienia &#8211; bez zgodno\u015bci nie oznacza \u017cadnych korzy\u015bci.<\/p>\n<p>W tej chwili sytuacja jest jasna: od czerwca korzy\u015b\u0107 w 800 plus b\u0119dzie wspiera\u0107 wy\u0142\u0105cznie dzieci zapisane na polskie instytucje edukacyjne. Nawet je\u015bli dziecko wyr\u00f3\u017cnia si\u0119 naukowo lub rozwija si\u0119 poprzez edukacj\u0119 domow\u0105, brak spe\u0142nienia formalnego kryterium spowoduje ca\u0142kowicie utrat\u0119 korzy\u015bci.<\/p>\n<\/div>\n<\/div>\n","protected":false},"excerpt":{"rendered":"<p>Program zasi\u0142k\u00f3w dla dzieci 800 plus mia\u0142 by\u0107 prosty, bezpieczny i bezwarunkowy. Jednak od 1 czerwca nowe przepisy maj\u0105 zaskoczy\u0107<\/p>\n","protected":false},"author":1,"featured_media":5856,"comment_status":"closed","ping_status":"","sticky":false,"template":"","format":"standard","meta":{"footnotes":""},"categories":[4748],"tags":[4551,6455,6634,2904,216],"class_list":["post-5855","post","type-post","status-publish","format-standard","has-post-thumbnail","hentry","category-aktualne","tag-czerwca","tag-korzysci","tag-straci","tag-swoje","tag-tysiace","generate-columns","tablet-grid-50","mobile-grid-100","grid-parent","grid-50","resize-featured-image"],"yoast_head":"<!-- This site is optimized with the Yoast SEO plugin v23.2 - https:\/\/yoast.com\/wordpress\/plugins\/seo\/ -->\n<title>Od 1 czerwca tysi\u0105ce straci swoje 800 korzy\u015bci - POGOTOWIE FLAGOWE\u00ae<\/title>\n<meta name=\"robots\" content=\"index, follow, max-snippet:-1, max-image-preview:large, max-video-preview:-1\" \/>\n<link rel=\"canonical\" href=\"https:\/\/www.pogotowieflagowe.pl\/aktualne\/od-1-czerwca-tysiace-straci-swoje-800-korzysci\/\" \/>\n<meta property=\"og:locale\" content=\"pl_PL\" \/>\n<meta property=\"og:type\" content=\"article\" \/>\n<meta property=\"og:title\" content=\"Od 1 czerwca tysi\u0105ce straci swoje 800 korzy\u015bci - POGOTOWIE FLAGOWE\u00ae\" \/>\n<meta property=\"og:description\" content=\"Program zasi\u0142k\u00f3w dla dzieci 800 plus mia\u0142 by\u0107 prosty, bezpieczny i bezwarunkowy. Jednak od 1 czerwca nowe przepisy maj\u0105 zaskoczy\u0107\" \/>\n<meta property=\"og:url\" content=\"https:\/\/www.pogotowieflagowe.pl\/aktualne\/od-1-czerwca-tysiace-straci-swoje-800-korzysci\/\" \/>\n<meta property=\"og:site_name\" content=\"POGOTOWIE FLAGOWE\u00ae\" \/>\n<meta property=\"article:published_time\" content=\"2025-05-20T20:47:35+00:00\" \/>\n<meta property=\"og:image\" content=\"https:\/\/www.pogotowieflagowe.pl\/aktualne\/wp-content\/uploads\/2025\/05\/Od-1-czerwca-tysiace-straci-swoje-800-korzysci.jpg\" \/>\n\t<meta property=\"og:image:width\" content=\"640\" \/>\n\t<meta property=\"og:image:height\" content=\"363\" \/>\n\t<meta property=\"og:image:type\" content=\"image\/jpeg\" \/>\n<meta name=\"author\" content=\"Filip\" \/>\n<meta name=\"twitter:card\" content=\"summary_large_image\" \/>\n<meta name=\"twitter:label1\" content=\"Napisane przez\" \/>\n\t<meta name=\"twitter:data1\" content=\"Filip\" \/>\n\t<meta name=\"twitter:label2\" content=\"Szacowany czas czytania\" \/>\n\t<meta name=\"twitter:data2\" content=\"3 minuty\" \/>\n<script type=\"application\/ld+json\" class=\"yoast-schema-graph\">{\"@context\":\"https:\/\/schema.org\",\"@graph\":[{\"@type\":\"Article\",\"@id\":\"https:\/\/www.pogotowieflagowe.pl\/aktualne\/od-1-czerwca-tysiace-straci-swoje-800-korzysci\/#article\",\"isPartOf\":{\"@id\":\"https:\/\/www.pogotowieflagowe.pl\/aktualne\/od-1-czerwca-tysiace-straci-swoje-800-korzysci\/\"},\"author\":{\"name\":\"Filip\",\"@id\":\"https:\/\/www.pogotowieflagowe.pl\/aktualne\/#\/schema\/person\/9c2fb7d2362ebf6fa088960d7f0d27b0\"},\"headline\":\"Od 1 czerwca tysi\u0105ce straci swoje 800 korzy\u015bci\",\"datePublished\":\"2025-05-20T20:47:35+00:00\",\"dateModified\":\"2025-05-20T20:47:35+00:00\",\"mainEntityOfPage\":{\"@id\":\"https:\/\/www.pogotowieflagowe.pl\/aktualne\/od-1-czerwca-tysiace-straci-swoje-800-korzysci\/\"},\"wordCount\":604,\"publisher\":{\"@id\":\"https:\/\/www.pogotowieflagowe.pl\/aktualne\/#organization\"},\"image\":{\"@id\":\"https:\/\/www.pogotowieflagowe.pl\/aktualne\/od-1-czerwca-tysiace-straci-swoje-800-korzysci\/#primaryimage\"},\"thumbnailUrl\":\"https:\/\/www.pogotowieflagowe.pl\/aktualne\/wp-content\/uploads\/2025\/05\/Od-1-czerwca-tysiace-straci-swoje-800-korzysci.jpg\",\"keywords\":[\"czerwca\",\"Korzy\u015bci\",\"straci\",\"swoje\",\"Tysi\u0105ce\"],\"articleSection\":[\"Aktualne\"],\"inLanguage\":\"pl-PL\"},{\"@type\":\"WebPage\",\"@id\":\"https:\/\/www.pogotowieflagowe.pl\/aktualne\/od-1-czerwca-tysiace-straci-swoje-800-korzysci\/\",\"url\":\"https:\/\/www.pogotowieflagowe.pl\/aktualne\/od-1-czerwca-tysiace-straci-swoje-800-korzysci\/\",\"name\":\"Od 1 czerwca tysi\u0105ce straci swoje 800 korzy\u015bci - POGOTOWIE FLAGOWE\u00ae\",\"isPartOf\":{\"@id\":\"https:\/\/www.pogotowieflagowe.pl\/aktualne\/#website\"},\"primaryImageOfPage\":{\"@id\":\"https:\/\/www.pogotowieflagowe.pl\/aktualne\/od-1-czerwca-tysiace-straci-swoje-800-korzysci\/#primaryimage\"},\"image\":{\"@id\":\"https:\/\/www.pogotowieflagowe.pl\/aktualne\/od-1-czerwca-tysiace-straci-swoje-800-korzysci\/#primaryimage\"},\"thumbnailUrl\":\"https:\/\/www.pogotowieflagowe.pl\/aktualne\/wp-content\/uploads\/2025\/05\/Od-1-czerwca-tysiace-straci-swoje-800-korzysci.jpg\",\"datePublished\":\"2025-05-20T20:47:35+00:00\",\"dateModified\":\"2025-05-20T20:47:35+00:00\",\"breadcrumb\":{\"@id\":\"https:\/\/www.pogotowieflagowe.pl\/aktualne\/od-1-czerwca-tysiace-straci-swoje-800-korzysci\/#breadcrumb\"},\"inLanguage\":\"pl-PL\",\"potentialAction\":[{\"@type\":\"ReadAction\",\"target\":[\"https:\/\/www.pogotowieflagowe.pl\/aktualne\/od-1-czerwca-tysiace-straci-swoje-800-korzysci\/\"]}]},{\"@type\":\"ImageObject\",\"inLanguage\":\"pl-PL\",\"@id\":\"https:\/\/www.pogotowieflagowe.pl\/aktualne\/od-1-czerwca-tysiace-straci-swoje-800-korzysci\/#primaryimage\",\"url\":\"https:\/\/www.pogotowieflagowe.pl\/aktualne\/wp-content\/uploads\/2025\/05\/Od-1-czerwca-tysiace-straci-swoje-800-korzysci.jpg\",\"contentUrl\":\"https:\/\/www.pogotowieflagowe.pl\/aktualne\/wp-content\/uploads\/2025\/05\/Od-1-czerwca-tysiace-straci-swoje-800-korzysci.jpg\",\"width\":640,\"height\":363,\"caption\":\"Od 1 czerwca tysi\u0105ce straci swoje 800 korzy\u015bci\"},{\"@type\":\"BreadcrumbList\",\"@id\":\"https:\/\/www.pogotowieflagowe.pl\/aktualne\/od-1-czerwca-tysiace-straci-swoje-800-korzysci\/#breadcrumb\",\"itemListElement\":[{\"@type\":\"ListItem\",\"position\":1,\"name\":\"Home\",\"item\":\"https:\/\/www.pogotowieflagowe.pl\/aktualne\/\"},{\"@type\":\"ListItem\",\"position\":2,\"name\":\"Od 1 czerwca tysi\u0105ce straci swoje 800 korzy\u015bci\"}]},{\"@type\":\"WebSite\",\"@id\":\"https:\/\/www.pogotowieflagowe.pl\/aktualne\/#website\",\"url\":\"https:\/\/www.pogotowieflagowe.pl\/aktualne\/\",\"name\":\"POGOTOWIE FLAGOWE\u00ae\",\"description\":\"\",\"publisher\":{\"@id\":\"https:\/\/www.pogotowieflagowe.pl\/aktualne\/#organization\"},\"potentialAction\":[{\"@type\":\"SearchAction\",\"target\":{\"@type\":\"EntryPoint\",\"urlTemplate\":\"https:\/\/www.pogotowieflagowe.pl\/aktualne\/?s={search_term_string}\"},\"query-input\":\"required name=search_term_string\"}],\"inLanguage\":\"pl-PL\"},{\"@type\":\"Organization\",\"@id\":\"https:\/\/www.pogotowieflagowe.pl\/aktualne\/#organization\",\"name\":\"POGOTOWIE FLAGOWE\u00ae\",\"url\":\"https:\/\/www.pogotowieflagowe.pl\/aktualne\/\",\"logo\":{\"@type\":\"ImageObject\",\"inLanguage\":\"pl-PL\",\"@id\":\"https:\/\/www.pogotowieflagowe.pl\/aktualne\/#\/schema\/logo\/image\/\",\"url\":\"https:\/\/www.pogotowieflagowe.pl\/aktualne\/wp-content\/uploads\/2024\/08\/cropped-pogotowieflagowe_flaga_projekt_sm.jpg\",\"contentUrl\":\"https:\/\/www.pogotowieflagowe.pl\/aktualne\/wp-content\/uploads\/2024\/08\/cropped-pogotowieflagowe_flaga_projekt_sm.jpg\",\"width\":250,\"height\":143,\"caption\":\"POGOTOWIE FLAGOWE\u00ae\"},\"image\":{\"@id\":\"https:\/\/www.pogotowieflagowe.pl\/aktualne\/#\/schema\/logo\/image\/\"}},{\"@type\":\"Person\",\"@id\":\"https:\/\/www.pogotowieflagowe.pl\/aktualne\/#\/schema\/person\/9c2fb7d2362ebf6fa088960d7f0d27b0\",\"name\":\"Filip\",\"image\":{\"@type\":\"ImageObject\",\"inLanguage\":\"pl-PL\",\"@id\":\"https:\/\/www.pogotowieflagowe.pl\/aktualne\/#\/schema\/person\/image\/\",\"url\":\"https:\/\/www.pogotowieflagowe.pl\/aktualne\/wp-content\/uploads\/2024\/08\/pogotowieflagowe.pl_.jpg\",\"contentUrl\":\"https:\/\/www.pogotowieflagowe.pl\/aktualne\/wp-content\/uploads\/2024\/08\/pogotowieflagowe.pl_.jpg\",\"caption\":\"Filip\"},\"description\":\"Jestem Filip, polski dziennikarz z dyplomem nauk politycznych Uniwersytetu Warszawskiego. Rozpoczynaj\u0105c swoj\u0105 karier\u0119 w r\u00f3\u017cnych lokalnych mediach, zdoby\u0142em solidne do\u015bwiadczenie w zakresie \u015bledztwa i redakcji. Obecnie jako redaktor w Pogotowie flagowe, staram si\u0119 dostarcza\u0107 dog\u0142\u0119bne i istotne analizy na temat najwa\u017cniejszych kwestii aktualno\u015bci, \u0142\u0105cz\u0105c rygor z pasj\u0105 dziennikarsk\u0105.\",\"sameAs\":[\"https:\/\/www.pogotowieflagowe.pl\/\"]}]}<\/script>\n<!-- \/ Yoast SEO plugin. -->","yoast_head_json":{"title":"Od 1 czerwca tysi\u0105ce straci swoje 800 korzy\u015bci - POGOTOWIE FLAGOWE\u00ae","robots":{"index":"index","follow":"follow","max-snippet":"max-snippet:-1","max-image-preview":"max-image-preview:large","max-video-preview":"max-video-preview:-1"},"canonical":"https:\/\/www.pogotowieflagowe.pl\/aktualne\/od-1-czerwca-tysiace-straci-swoje-800-korzysci\/","og_locale":"pl_PL","og_type":"article","og_title":"Od 1 czerwca tysi\u0105ce straci swoje 800 korzy\u015bci - POGOTOWIE FLAGOWE\u00ae","og_description":"Program zasi\u0142k\u00f3w dla dzieci 800 plus mia\u0142 by\u0107 prosty, bezpieczny i bezwarunkowy. Jednak od 1 czerwca nowe przepisy maj\u0105 zaskoczy\u0107","og_url":"https:\/\/www.pogotowieflagowe.pl\/aktualne\/od-1-czerwca-tysiace-straci-swoje-800-korzysci\/","og_site_name":"POGOTOWIE FLAGOWE\u00ae","article_published_time":"2025-05-20T20:47:35+00:00","og_image":[{"width":640,"height":363,"url":"https:\/\/www.pogotowieflagowe.pl\/aktualne\/wp-content\/uploads\/2025\/05\/Od-1-czerwca-tysiace-straci-swoje-800-korzysci.jpg","type":"image\/jpeg"}],"author":"Filip","twitter_card":"summary_large_image","twitter_misc":{"Napisane przez":"Filip","Szacowany czas czytania":"3 minuty"},"schema":{"@context":"https:\/\/schema.org","@graph":[{"@type":"Article","@id":"https:\/\/www.pogotowieflagowe.pl\/aktualne\/od-1-czerwca-tysiace-straci-swoje-800-korzysci\/#article","isPartOf":{"@id":"https:\/\/www.pogotowieflagowe.pl\/aktualne\/od-1-czerwca-tysiace-straci-swoje-800-korzysci\/"},"author":{"name":"Filip","@id":"https:\/\/www.pogotowieflagowe.pl\/aktualne\/#\/schema\/person\/9c2fb7d2362ebf6fa088960d7f0d27b0"},"headline":"Od 1 czerwca tysi\u0105ce straci swoje 800 korzy\u015bci","datePublished":"2025-05-20T20:47:35+00:00","dateModified":"2025-05-20T20:47:35+00:00","mainEntityOfPage":{"@id":"https:\/\/www.pogotowieflagowe.pl\/aktualne\/od-1-czerwca-tysiace-straci-swoje-800-korzysci\/"},"wordCount":604,"publisher":{"@id":"https:\/\/www.pogotowieflagowe.pl\/aktualne\/#organization"},"image":{"@id":"https:\/\/www.pogotowieflagowe.pl\/aktualne\/od-1-czerwca-tysiace-straci-swoje-800-korzysci\/#primaryimage"},"thumbnailUrl":"https:\/\/www.pogotowieflagowe.pl\/aktualne\/wp-content\/uploads\/2025\/05\/Od-1-czerwca-tysiace-straci-swoje-800-korzysci.jpg","keywords":["czerwca","Korzy\u015bci","straci","swoje","Tysi\u0105ce"],"articleSection":["Aktualne"],"inLanguage":"pl-PL"},{"@type":"WebPage","@id":"https:\/\/www.pogotowieflagowe.pl\/aktualne\/od-1-czerwca-tysiace-straci-swoje-800-korzysci\/","url":"https:\/\/www.pogotowieflagowe.pl\/aktualne\/od-1-czerwca-tysiace-straci-swoje-800-korzysci\/","name":"Od 1 czerwca tysi\u0105ce straci swoje 800 korzy\u015bci - POGOTOWIE FLAGOWE\u00ae","isPartOf":{"@id":"https:\/\/www.pogotowieflagowe.pl\/aktualne\/#website"},"primaryImageOfPage":{"@id":"https:\/\/www.pogotowieflagowe.pl\/aktualne\/od-1-czerwca-tysiace-straci-swoje-800-korzysci\/#primaryimage"},"image":{"@id":"https:\/\/www.pogotowieflagowe.pl\/aktualne\/od-1-czerwca-tysiace-straci-swoje-800-korzysci\/#primaryimage"},"thumbnailUrl":"https:\/\/www.pogotowieflagowe.pl\/aktualne\/wp-content\/uploads\/2025\/05\/Od-1-czerwca-tysiace-straci-swoje-800-korzysci.jpg","datePublished":"2025-05-20T20:47:35+00:00","dateModified":"2025-05-20T20:47:35+00:00","breadcrumb":{"@id":"https:\/\/www.pogotowieflagowe.pl\/aktualne\/od-1-czerwca-tysiace-straci-swoje-800-korzysci\/#breadcrumb"},"inLanguage":"pl-PL","potentialAction":[{"@type":"ReadAction","target":["https:\/\/www.pogotowieflagowe.pl\/aktualne\/od-1-czerwca-tysiace-straci-swoje-800-korzysci\/"]}]},{"@type":"ImageObject","inLanguage":"pl-PL","@id":"https:\/\/www.pogotowieflagowe.pl\/aktualne\/od-1-czerwca-tysiace-straci-swoje-800-korzysci\/#primaryimage","url":"https:\/\/www.pogotowieflagowe.pl\/aktualne\/wp-content\/uploads\/2025\/05\/Od-1-czerwca-tysiace-straci-swoje-800-korzysci.jpg","contentUrl":"https:\/\/www.pogotowieflagowe.pl\/aktualne\/wp-content\/uploads\/2025\/05\/Od-1-czerwca-tysiace-straci-swoje-800-korzysci.jpg","width":640,"height":363,"caption":"Od 1 czerwca tysi\u0105ce straci swoje 800 korzy\u015bci"},{"@type":"BreadcrumbList","@id":"https:\/\/www.pogotowieflagowe.pl\/aktualne\/od-1-czerwca-tysiace-straci-swoje-800-korzysci\/#breadcrumb","itemListElement":[{"@type":"ListItem","position":1,"name":"Home","item":"https:\/\/www.pogotowieflagowe.pl\/aktualne\/"},{"@type":"ListItem","position":2,"name":"Od 1 czerwca tysi\u0105ce straci swoje 800 korzy\u015bci"}]},{"@type":"WebSite","@id":"https:\/\/www.pogotowieflagowe.pl\/aktualne\/#website","url":"https:\/\/www.pogotowieflagowe.pl\/aktualne\/","name":"POGOTOWIE FLAGOWE\u00ae","description":"","publisher":{"@id":"https:\/\/www.pogotowieflagowe.pl\/aktualne\/#organization"},"potentialAction":[{"@type":"SearchAction","target":{"@type":"EntryPoint","urlTemplate":"https:\/\/www.pogotowieflagowe.pl\/aktualne\/?s={search_term_string}"},"query-input":"required name=search_term_string"}],"inLanguage":"pl-PL"},{"@type":"Organization","@id":"https:\/\/www.pogotowieflagowe.pl\/aktualne\/#organization","name":"POGOTOWIE FLAGOWE\u00ae","url":"https:\/\/www.pogotowieflagowe.pl\/aktualne\/","logo":{"@type":"ImageObject","inLanguage":"pl-PL","@id":"https:\/\/www.pogotowieflagowe.pl\/aktualne\/#\/schema\/logo\/image\/","url":"https:\/\/www.pogotowieflagowe.pl\/aktualne\/wp-content\/uploads\/2024\/08\/cropped-pogotowieflagowe_flaga_projekt_sm.jpg","contentUrl":"https:\/\/www.pogotowieflagowe.pl\/aktualne\/wp-content\/uploads\/2024\/08\/cropped-pogotowieflagowe_flaga_projekt_sm.jpg","width":250,"height":143,"caption":"POGOTOWIE FLAGOWE\u00ae"},"image":{"@id":"https:\/\/www.pogotowieflagowe.pl\/aktualne\/#\/schema\/logo\/image\/"}},{"@type":"Person","@id":"https:\/\/www.pogotowieflagowe.pl\/aktualne\/#\/schema\/person\/9c2fb7d2362ebf6fa088960d7f0d27b0","name":"Filip","image":{"@type":"ImageObject","inLanguage":"pl-PL","@id":"https:\/\/www.pogotowieflagowe.pl\/aktualne\/#\/schema\/person\/image\/","url":"https:\/\/www.pogotowieflagowe.pl\/aktualne\/wp-content\/uploads\/2024\/08\/pogotowieflagowe.pl_.jpg","contentUrl":"https:\/\/www.pogotowieflagowe.pl\/aktualne\/wp-content\/uploads\/2024\/08\/pogotowieflagowe.pl_.jpg","caption":"Filip"},"description":"Jestem Filip, polski dziennikarz z dyplomem nauk politycznych Uniwersytetu Warszawskiego. Rozpoczynaj\u0105c swoj\u0105 karier\u0119 w r\u00f3\u017cnych lokalnych mediach, zdoby\u0142em solidne do\u015bwiadczenie w zakresie \u015bledztwa i redakcji. Obecnie jako redaktor w Pogotowie flagowe, staram si\u0119 dostarcza\u0107 dog\u0142\u0119bne i istotne analizy na temat najwa\u017cniejszych kwestii aktualno\u015bci, \u0142\u0105cz\u0105c rygor z pasj\u0105 dziennikarsk\u0105.","sameAs":["https:\/\/www.pogotowieflagowe.pl\/"]}]}},"_links":{"self":[{"href":"https:\/\/www.pogotowieflagowe.pl\/aktualne\/wp-json\/wp\/v2\/posts\/5855","targetHints":{"allow":["GET"]}}],"collection":[{"href":"https:\/\/www.pogotowieflagowe.pl\/aktualne\/wp-json\/wp\/v2\/posts"}],"about":[{"href":"https:\/\/www.pogotowieflagowe.pl\/aktualne\/wp-json\/wp\/v2\/types\/post"}],"author":[{"embeddable":true,"href":"https:\/\/www.pogotowieflagowe.pl\/aktualne\/wp-json\/wp\/v2\/users\/1"}],"replies":[{"embeddable":true,"href":"https:\/\/www.pogotowieflagowe.pl\/aktualne\/wp-json\/wp\/v2\/comments?post=5855"}],"version-history":[{"count":1,"href":"https:\/\/www.pogotowieflagowe.pl\/aktualne\/wp-json\/wp\/v2\/posts\/5855\/revisions"}],"predecessor-version":[{"id":5857,"href":"https:\/\/www.pogotowieflagowe.pl\/aktualne\/wp-json\/wp\/v2\/posts\/5855\/revisions\/5857"}],"wp:featuredmedia":[{"embeddable":true,"href":"https:\/\/www.pogotowieflagowe.pl\/aktualne\/wp-json\/wp\/v2\/media\/5856"}],"wp:attachment":[{"href":"https:\/\/www.pogotowieflagowe.pl\/aktualne\/wp-json\/wp\/v2\/media?parent=5855"}],"wp:term":[{"taxonomy":"category","embeddable":true,"href":"https:\/\/www.pogotowieflagowe.pl\/aktualne\/wp-json\/wp\/v2\/categories?post=5855"},{"taxonomy":"post_tag","embeddable":true,"href":"https:\/\/www.pogotowieflagowe.pl\/aktualne\/wp-json\/wp\/v2\/tags?post=5855"}],"curies":[{"name":"wp","href":"https:\/\/api.w.org\/{rel}","templated":true}]}}