{"id":5861,"date":"2025-05-21T04:47:23","date_gmt":"2025-05-21T02:47:23","guid":{"rendered":"https:\/\/www.pogotowieflagowe.pl\/aktualne\/kocjan-uczestniczyl-w-przyjeciu-urodzinowym-prorosyjskiego-dzialacza-glowa-akcja-demokracja-i-jego-watpliwe-polaczenia\/"},"modified":"2025-05-21T04:47:23","modified_gmt":"2025-05-21T02:47:23","slug":"kocjan-uczestniczyl-w-przyjeciu-urodzinowym-prorosyjskiego-dzialacza-glowa-akcja-demokracja-i-jego-watpliwe-polaczenia","status":"publish","type":"post","link":"https:\/\/www.pogotowieflagowe.pl\/aktualne\/kocjan-uczestniczyl-w-przyjeciu-urodzinowym-prorosyjskiego-dzialacza-glowa-akcja-demokracja-i-jego-watpliwe-polaczenia\/","title":{"rendered":"Kocjan uczestniczy\u0142 w przyj\u0119ciu urodzinowym prorosyjskiego dzia\u0142acza. G\u0142owa Akcja Demokracja i jego w\u0105tpliwe po\u0142\u0105czenia"},"content":{"rendered":"\n<div class=\"td_block_wrap tdb_single_content tdi_41 td-pb-border-top td_block_template_8 td-post-content tagdiv-type\" data-td-block-uid=\"tdi_41\">\n<style>.tdi_41 {margin-top: 0px! Wa\u017cne; margines-bottom: 0px! WA\u017bNY; PALDING-TOP: 0PX! WA\u017bNY; PALDING-BOTTOM: 0PX! WA\u017bNE}<\/style>\n<style>.tdb_single_content {margin-bottom: 0;*zoom: 1} .tdb_single_content: wcze\u015bniej, .tdb_single_content: po {display: Table; content: ''; line-height: 0} .TDB-BLOCK-INner>*: nie (.WP-BLOCK-QUOTE): not (.alignSwide): not (.Alignfull.wp-block-cover.has-parallax): not (.td-a-ad) {margin-left: auto; margin-right: auto} .tdb_single_ConTent a {wska\u017anik-events: auto} .tdb_single_content .td-spot-id-top_ad .tdc-placeholder-title: przed {content: \u201eArtyku\u0142 top ad\u201d! Wa\u017cne} .tdb_single_content .td-Spot-Id-inline_ad0 .tdc-placeholder-title 1 '! Wa\u017cne} .tdb_single_content .td-Spot-Id-inline_Ad1 .tdc-Placeholder-Title: przed {content: \u201eArtyku\u0142 inline AD 2'! Wa\u017cny} .tdb_single_content. 3 '! Wa\u017cne} .tdb_single_content .td-Spot-Id-Bottom_Ad .tdc-Placeholder-Title: przed {content: \u201eArtyku\u0142 Bottom Ad\u201d! Wa\u017cne} .tdb_single_content .id_top_ad, .tdb_single_content_content .id_bottom_ad {clear: oba; margin-bottom: 21px; text-align: Center} .tdb_single_content .id_top_ad img, .tdb_single_content .id_bottom_ad img {margin-bottom: 0} .tdb_single_conTent .id_top_ad .adsbyGoogle, .tdb_single_content .id_bottom_ad .adsbyGoogle {pozycja: relatyw} .tdb_single_content .id_ad_content-horiz-left, .tdb_single_content .id_ad_content-horiz-right, .tdb_single_content .id_ad_content-horiz-Center {margin-bottom: 15px} .tdb_single_content .id_ad_content-horiz-left Img, .tdb_single_content .id_ad_content-horiz-right img, .tdb_single_content .id_ad_content-horiz-centerter img {margin-bottom: 0} .tdb_single_content .id_ad_content-horiz-center {text-align: Center} .tdb_single_content .id_ad_content-horiz-center img {margin-right: auto; margin-let: auto} .tdb_single_content .id_ad_content-horiz-left {float: left; margin-top: 9px; margin-right: 21px} .tdb_single_content .id_ad_content-horiz-right {float: margin-top: 6px; margin-left: 21px} .tdb_single_content .tdc-a-a-ad .TDC-Placeholder-Title {szeroko\u015b\u0107: 300px; height: 250px} .tdb_single_content .tdc-a-ad .TDC-Placeholder-Title: Przed {Pozycja: Absolute; TOP: 50%;-WebKit-Transform: Translatey (-50%); Transform: Translatey (-50%); margines: auto; Display: Tabela; szeroko\u015b\u0107: 100%}. tdb_single_content .TDB-BLOCK-INNER.TD-FIX-INDEX {Word-Break: Break-word} .tdi_41, .tdi_41> p, .tdi_41 .tdb-block-inner> p, .Wp-Block-Column> p {font-size: 16px! Wa\u017cne; wa\u017cny; p {font-styl: normalne! Wa\u017cne} @media (Max-Width: 767px) {. tdb_single_content .id_ad_content-horiz-left, .tdb_single_content .id_ad_content-horiz-right, .tdb_single_content .id_ad_content-horiz-centter {Margin: 0 AUTO 26PXX auto}}@media (Max-Width: 767px) {. tdb_single_content .id_ad_content-horiz-left {margin-right: 0}}@media (max-width: 767px) {. (Max-Width: 767px) {. tdb_single_content .td-a-ad {float: none; text-align: Center} .tdb_single_content .td-a-ad img {margin-right: auto; margin-left: auto} .tdb_single_content .tdc-a-a-a-{margin-right: auto; margin-left: auto} .tdb_single_content .tdd<\/style>\n<div class=\"tdb-block-inner td-fix-index\">\n<p>Kontrowersje zwi\u0105zane z kampani\u0105 rozmazu online przeciwko prawicowym kandydatom na prezydenta wci\u0105\u017c si\u0119 eskaluje, szczeg\u00f3lnie gdy pojawia si\u0119, \u017ce kampania chwali\u0142a Rafa\u0142 Trzaskowskiego. Obecnie ujawniono, \u017ce ludzie, kt\u00f3rzy stoj\u0105 za nim, byli zwi\u0105zani z Fundacj\u0105 Akcja Demokracja, prowadzon\u0105 przez Jakuba Kocjana &#8211; posta\u0107 z bliskimi powi\u0105zaniami z politykami platformy obywatelskiej (PO). Niedawno Kocjan zosta\u0142 zauwa\u017cony w obchodach urodzin dobrze znanego pro-rosyjskiego dzia\u0142acza i dziennikarza Piotr Nowak.<\/p>\n<p>Jak donosi Wirtualna Polska, polityczne reklamy promuj\u0105ce Trzaskowskiego i atakuj\u0105ce jego rywali zosta\u0142y rozpowszechnione przez pracownik\u00f3w i wolontariuszy Akcja Demokracja. Dziesi\u0105tki tysi\u0119cy Zlotys &#8211; nieznanego pochodzenia &#8211; rzekomo wyda\u0142o na kampani\u0119. Dyrektor Fundacji, Jakub Kocjan, jest by\u0142ym asystentem pos\u0142a z koalicji obywatelskiej i otrzyma\u0142 nagrod\u0119 w 2020 r. Przez burmistrza Warszawy, Rafa\u0142 Trzaskowskiego.<\/p>\n<h2 class=\"wp-block-heading\">Towarzysz \u201eStraJk\u201d<\/h2>\n<p>We wtorek portal Nowy Obiewatel przyjrza\u0142 si\u0119 bli\u017cej powi\u0105zaniom Kocjana, wyr\u00f3\u017cniaj\u0105c jego zwi\u0105zek z Piotr Nowak. W sprzeda\u017cy opublikowa\u0142 je razem na 40. urodzinach Nowaka i podkre\u015bli\u0142 aspekty pochodzenia dzia\u0142acza.<\/p>\n<p>\u201ePo pierwszej rosyjskiej inwazji na Ukrain\u0119, Nowak-kt\u00f3ry identyfikuje si\u0119 jako lewica-uczestniczy w rajdzie\u201e antywojennym \u201dobok prorosyjskiego skrajnie w prawo. Poza ambasad\u0105 ukrai\u0144sk\u0105, Bartozier, Bartozier, Bartozier, Bartozier, Bartozier, Bartozier, Bartozier, Bartozier, a Othently Pro-Ressian. Liczby \u201d, czytamy w artykule.<\/p>\n<p>Wed\u0142ug Nowy Obiewatel, Nowak by\u0142 tak\u017ce kluczowym dziennikarzem w radykalnym lewicowym portalu StraJk, wystrzelonym po rosyjskiej inwazji na Ukrain\u0119. Witryna zosta\u0142a oznaczona jako jedna z g\u0142\u00f3wnych platform w Polsce dla tre\u015bci prorosyjskiej i antykrai\u0144skiej, echem echem propagandy Kremla, a nawet sprzedawania teorii spiskowych, apologetyki dla W\u0142adimira Putina oraz skarg na jego \u201eniesprawiedliwe\u201d leczenie w zachodnich narracjach.<\/p>\n<p>\u201eNowak by\u0142 jedn\u0105 z wiod\u0105cych postaci portalu. Kontynuowa\u0142 tam, nawet po drugiej inwazji Rosji na Ukrain\u0119 w 2022 r., Ale ostatecznie znikn\u0119\u0142o z zespo\u0142u redakcyjnego &#8211; prawdopodobnie z powodu finansowania wysuszenia z powodu wojny. Jeszcze jako jesie\u0144 2021 r., Zaledwie kilka miesi\u0119cy przed inwazj\u0105, reprezentant strajem by\u0142 ciep\u0142y mile widziany przez mosi\u0119. Dodano portal.<\/p>\n<h2 class=\"wp-block-heading\">Praca w \u201eReset Obiwatelski\u201d<\/h2>\n<p>Nowak produkuje obecnie tre\u015bci wideo do Reset Obiwatelski, projektu medialnego wspieranego mi\u0119dzy innymi przez Tomasz Pi\u0105tek &#8211; znany z nieustannego poszukiwania rosyjskich wp\u0142yw\u00f3w i wrogo\u015bci wobec Partii Polski i Sprawiedliwo\u015bci (PIS). Nowak by\u0142 tak\u017ce jednym z \u201eniezale\u017cnych dziennikarzy\u201d, kt\u00f3rzy przygotowywali raporty i analizy dla Ministerstwa Sprawiedliwo\u015bci. W przypadku jednego takiego projektu otrzyma\u0142 8 000 Za\u0142oty od ministerstwa, obecnie prowadzonego przez Adama Bodnara.<\/p>\n<p>\u201eJednak w jaki\u015b spos\u00f3b nie odkry\u0142 d\u0142ugotrwa\u0142ej prorosyjskiej propagandy swojego by\u0142ego kolegi w StraJk\u201d, zauwa\u017ca Nely Obiwatel.<\/p>\n<p>Nowak pozostaje aktywny podczas resetowania Obiewatelskiego. Tu\u017c przed pierwsz\u0105 rund\u0105 wybor\u00f3w prezydenckich opublikowa\u0142 wywiad wideo z Piotrem Szumlewicz, w kt\u00f3rym obaj skrytykowali nikogo innego ni\u017c\u2026 Karol Nawrocki.<\/p>\n<\/div>\n<\/div>\n","protected":false},"excerpt":{"rendered":"<p>Kontrowersje zwi\u0105zane z kampani\u0105 rozmazu online przeciwko prawicowym kandydatom na prezydenta wci\u0105\u017c si\u0119 eskaluje, szczeg\u00f3lnie gdy pojawia si\u0119, \u017ce kampania<\/p>\n","protected":false},"author":1,"featured_media":5862,"comment_status":"closed","ping_status":"","sticky":false,"template":"","format":"standard","meta":{"footnotes":""},"categories":[4748],"tags":[7613,5451,5599,7612,257,7607,7615,7611,7609,7608,7610,7614],"class_list":["post-5861","post","type-post","status-publish","format-standard","has-post-thumbnail","hentry","category-aktualne","tag-akcja","tag-demokracja","tag-dzialacza","tag-glowa","tag-jego","tag-kocjan","tag-polaczenia","tag-prorosyjskiego","tag-przyjeciu","tag-uczestniczyl","tag-urodzinowym","tag-watpliwe","generate-columns","tablet-grid-50","mobile-grid-100","grid-parent","grid-50","resize-featured-image"],"yoast_head":"<!-- This site is optimized with the Yoast SEO plugin v23.2 - https:\/\/yoast.com\/wordpress\/plugins\/seo\/ -->\n<title>Kocjan uczestniczy\u0142 w przyj\u0119ciu urodzinowym prorosyjskiego dzia\u0142acza. G\u0142owa Akcja Demokracja i jego w\u0105tpliwe po\u0142\u0105czenia - POGOTOWIE FLAGOWE\u00ae<\/title>\n<meta name=\"robots\" content=\"index, follow, max-snippet:-1, max-image-preview:large, max-video-preview:-1\" \/>\n<link rel=\"canonical\" href=\"https:\/\/www.pogotowieflagowe.pl\/aktualne\/kocjan-uczestniczyl-w-przyjeciu-urodzinowym-prorosyjskiego-dzialacza-glowa-akcja-demokracja-i-jego-watpliwe-polaczenia\/\" \/>\n<meta property=\"og:locale\" content=\"pl_PL\" \/>\n<meta property=\"og:type\" content=\"article\" \/>\n<meta property=\"og:title\" content=\"Kocjan uczestniczy\u0142 w przyj\u0119ciu urodzinowym prorosyjskiego dzia\u0142acza. G\u0142owa Akcja Demokracja i jego w\u0105tpliwe po\u0142\u0105czenia - POGOTOWIE FLAGOWE\u00ae\" \/>\n<meta property=\"og:description\" content=\"Kontrowersje zwi\u0105zane z kampani\u0105 rozmazu online przeciwko prawicowym kandydatom na prezydenta wci\u0105\u017c si\u0119 eskaluje, szczeg\u00f3lnie gdy pojawia si\u0119, \u017ce kampania\" \/>\n<meta property=\"og:url\" content=\"https:\/\/www.pogotowieflagowe.pl\/aktualne\/kocjan-uczestniczyl-w-przyjeciu-urodzinowym-prorosyjskiego-dzialacza-glowa-akcja-demokracja-i-jego-watpliwe-polaczenia\/\" \/>\n<meta property=\"og:site_name\" content=\"POGOTOWIE FLAGOWE\u00ae\" \/>\n<meta property=\"article:published_time\" content=\"2025-05-21T02:47:23+00:00\" \/>\n<meta property=\"og:image\" content=\"https:\/\/www.pogotowieflagowe.pl\/aktualne\/wp-content\/uploads\/2025\/05\/Kocjan-uczestniczyl-w-przyjeciu-urodzinowym-prorosyjskiego-dzialacza-Glowa-Akcja-Demokracja.webp.webp\" \/>\n\t<meta property=\"og:image:width\" content=\"1280\" \/>\n\t<meta property=\"og:image:height\" content=\"720\" \/>\n\t<meta property=\"og:image:type\" content=\"image\/webp\" \/>\n<meta name=\"author\" content=\"Filip\" \/>\n<meta name=\"twitter:card\" content=\"summary_large_image\" \/>\n<meta name=\"twitter:label1\" content=\"Napisane przez\" \/>\n\t<meta name=\"twitter:data1\" content=\"Filip\" \/>\n\t<meta name=\"twitter:label2\" content=\"Szacowany czas czytania\" \/>\n\t<meta name=\"twitter:data2\" content=\"2 minuty\" \/>\n<script type=\"application\/ld+json\" class=\"yoast-schema-graph\">{\"@context\":\"https:\/\/schema.org\",\"@graph\":[{\"@type\":\"Article\",\"@id\":\"https:\/\/www.pogotowieflagowe.pl\/aktualne\/kocjan-uczestniczyl-w-przyjeciu-urodzinowym-prorosyjskiego-dzialacza-glowa-akcja-demokracja-i-jego-watpliwe-polaczenia\/#article\",\"isPartOf\":{\"@id\":\"https:\/\/www.pogotowieflagowe.pl\/aktualne\/kocjan-uczestniczyl-w-przyjeciu-urodzinowym-prorosyjskiego-dzialacza-glowa-akcja-demokracja-i-jego-watpliwe-polaczenia\/\"},\"author\":{\"name\":\"Filip\",\"@id\":\"https:\/\/www.pogotowieflagowe.pl\/aktualne\/#\/schema\/person\/9c2fb7d2362ebf6fa088960d7f0d27b0\"},\"headline\":\"Kocjan uczestniczy\u0142 w przyj\u0119ciu urodzinowym prorosyjskiego dzia\u0142acza. G\u0142owa Akcja Demokracja i jego w\u0105tpliwe po\u0142\u0105czenia\",\"datePublished\":\"2025-05-21T02:47:23+00:00\",\"dateModified\":\"2025-05-21T02:47:23+00:00\",\"mainEntityOfPage\":{\"@id\":\"https:\/\/www.pogotowieflagowe.pl\/aktualne\/kocjan-uczestniczyl-w-przyjeciu-urodzinowym-prorosyjskiego-dzialacza-glowa-akcja-demokracja-i-jego-watpliwe-polaczenia\/\"},\"wordCount\":479,\"publisher\":{\"@id\":\"https:\/\/www.pogotowieflagowe.pl\/aktualne\/#organization\"},\"image\":{\"@id\":\"https:\/\/www.pogotowieflagowe.pl\/aktualne\/kocjan-uczestniczyl-w-przyjeciu-urodzinowym-prorosyjskiego-dzialacza-glowa-akcja-demokracja-i-jego-watpliwe-polaczenia\/#primaryimage\"},\"thumbnailUrl\":\"https:\/\/www.pogotowieflagowe.pl\/aktualne\/wp-content\/uploads\/2025\/05\/Kocjan-uczestniczyl-w-przyjeciu-urodzinowym-prorosyjskiego-dzialacza-Glowa-Akcja-Demokracja.webp.webp\",\"keywords\":[\"Akcja\",\"demokracj\u0105\",\"dzia\u0142acza\",\"G\u0142owa\",\"jego\",\"Kocjan\",\"po\u0142\u0105czenia\",\"prorosyjskiego\",\"przyj\u0119ciu\",\"uczestniczy\u0142\",\"urodzinowym\",\"w\u0105tpliwe\"],\"articleSection\":[\"Aktualne\"],\"inLanguage\":\"pl-PL\"},{\"@type\":\"WebPage\",\"@id\":\"https:\/\/www.pogotowieflagowe.pl\/aktualne\/kocjan-uczestniczyl-w-przyjeciu-urodzinowym-prorosyjskiego-dzialacza-glowa-akcja-demokracja-i-jego-watpliwe-polaczenia\/\",\"url\":\"https:\/\/www.pogotowieflagowe.pl\/aktualne\/kocjan-uczestniczyl-w-przyjeciu-urodzinowym-prorosyjskiego-dzialacza-glowa-akcja-demokracja-i-jego-watpliwe-polaczenia\/\",\"name\":\"Kocjan uczestniczy\u0142 w przyj\u0119ciu urodzinowym prorosyjskiego dzia\u0142acza. G\u0142owa Akcja Demokracja i jego w\u0105tpliwe po\u0142\u0105czenia - POGOTOWIE FLAGOWE\u00ae\",\"isPartOf\":{\"@id\":\"https:\/\/www.pogotowieflagowe.pl\/aktualne\/#website\"},\"primaryImageOfPage\":{\"@id\":\"https:\/\/www.pogotowieflagowe.pl\/aktualne\/kocjan-uczestniczyl-w-przyjeciu-urodzinowym-prorosyjskiego-dzialacza-glowa-akcja-demokracja-i-jego-watpliwe-polaczenia\/#primaryimage\"},\"image\":{\"@id\":\"https:\/\/www.pogotowieflagowe.pl\/aktualne\/kocjan-uczestniczyl-w-przyjeciu-urodzinowym-prorosyjskiego-dzialacza-glowa-akcja-demokracja-i-jego-watpliwe-polaczenia\/#primaryimage\"},\"thumbnailUrl\":\"https:\/\/www.pogotowieflagowe.pl\/aktualne\/wp-content\/uploads\/2025\/05\/Kocjan-uczestniczyl-w-przyjeciu-urodzinowym-prorosyjskiego-dzialacza-Glowa-Akcja-Demokracja.webp.webp\",\"datePublished\":\"2025-05-21T02:47:23+00:00\",\"dateModified\":\"2025-05-21T02:47:23+00:00\",\"breadcrumb\":{\"@id\":\"https:\/\/www.pogotowieflagowe.pl\/aktualne\/kocjan-uczestniczyl-w-przyjeciu-urodzinowym-prorosyjskiego-dzialacza-glowa-akcja-demokracja-i-jego-watpliwe-polaczenia\/#breadcrumb\"},\"inLanguage\":\"pl-PL\",\"potentialAction\":[{\"@type\":\"ReadAction\",\"target\":[\"https:\/\/www.pogotowieflagowe.pl\/aktualne\/kocjan-uczestniczyl-w-przyjeciu-urodzinowym-prorosyjskiego-dzialacza-glowa-akcja-demokracja-i-jego-watpliwe-polaczenia\/\"]}]},{\"@type\":\"ImageObject\",\"inLanguage\":\"pl-PL\",\"@id\":\"https:\/\/www.pogotowieflagowe.pl\/aktualne\/kocjan-uczestniczyl-w-przyjeciu-urodzinowym-prorosyjskiego-dzialacza-glowa-akcja-demokracja-i-jego-watpliwe-polaczenia\/#primaryimage\",\"url\":\"https:\/\/www.pogotowieflagowe.pl\/aktualne\/wp-content\/uploads\/2025\/05\/Kocjan-uczestniczyl-w-przyjeciu-urodzinowym-prorosyjskiego-dzialacza-Glowa-Akcja-Demokracja.webp.webp\",\"contentUrl\":\"https:\/\/www.pogotowieflagowe.pl\/aktualne\/wp-content\/uploads\/2025\/05\/Kocjan-uczestniczyl-w-przyjeciu-urodzinowym-prorosyjskiego-dzialacza-Glowa-Akcja-Demokracja.webp.webp\",\"width\":1280,\"height\":720,\"caption\":\"Kocjan uczestniczy\u0142 w przyj\u0119ciu urodzinowym prorosyjskiego dzia\u0142acza. G\u0142owa Akcja Demokracja i jego w\u0105tpliwe po\u0142\u0105czenia\"},{\"@type\":\"BreadcrumbList\",\"@id\":\"https:\/\/www.pogotowieflagowe.pl\/aktualne\/kocjan-uczestniczyl-w-przyjeciu-urodzinowym-prorosyjskiego-dzialacza-glowa-akcja-demokracja-i-jego-watpliwe-polaczenia\/#breadcrumb\",\"itemListElement\":[{\"@type\":\"ListItem\",\"position\":1,\"name\":\"Home\",\"item\":\"https:\/\/www.pogotowieflagowe.pl\/aktualne\/\"},{\"@type\":\"ListItem\",\"position\":2,\"name\":\"Kocjan uczestniczy\u0142 w przyj\u0119ciu urodzinowym prorosyjskiego dzia\u0142acza. G\u0142owa Akcja Demokracja i jego w\u0105tpliwe po\u0142\u0105czenia\"}]},{\"@type\":\"WebSite\",\"@id\":\"https:\/\/www.pogotowieflagowe.pl\/aktualne\/#website\",\"url\":\"https:\/\/www.pogotowieflagowe.pl\/aktualne\/\",\"name\":\"POGOTOWIE FLAGOWE\u00ae\",\"description\":\"\",\"publisher\":{\"@id\":\"https:\/\/www.pogotowieflagowe.pl\/aktualne\/#organization\"},\"potentialAction\":[{\"@type\":\"SearchAction\",\"target\":{\"@type\":\"EntryPoint\",\"urlTemplate\":\"https:\/\/www.pogotowieflagowe.pl\/aktualne\/?s={search_term_string}\"},\"query-input\":\"required name=search_term_string\"}],\"inLanguage\":\"pl-PL\"},{\"@type\":\"Organization\",\"@id\":\"https:\/\/www.pogotowieflagowe.pl\/aktualne\/#organization\",\"name\":\"POGOTOWIE FLAGOWE\u00ae\",\"url\":\"https:\/\/www.pogotowieflagowe.pl\/aktualne\/\",\"logo\":{\"@type\":\"ImageObject\",\"inLanguage\":\"pl-PL\",\"@id\":\"https:\/\/www.pogotowieflagowe.pl\/aktualne\/#\/schema\/logo\/image\/\",\"url\":\"https:\/\/www.pogotowieflagowe.pl\/aktualne\/wp-content\/uploads\/2024\/08\/cropped-pogotowieflagowe_flaga_projekt_sm.jpg\",\"contentUrl\":\"https:\/\/www.pogotowieflagowe.pl\/aktualne\/wp-content\/uploads\/2024\/08\/cropped-pogotowieflagowe_flaga_projekt_sm.jpg\",\"width\":250,\"height\":143,\"caption\":\"POGOTOWIE FLAGOWE\u00ae\"},\"image\":{\"@id\":\"https:\/\/www.pogotowieflagowe.pl\/aktualne\/#\/schema\/logo\/image\/\"}},{\"@type\":\"Person\",\"@id\":\"https:\/\/www.pogotowieflagowe.pl\/aktualne\/#\/schema\/person\/9c2fb7d2362ebf6fa088960d7f0d27b0\",\"name\":\"Filip\",\"image\":{\"@type\":\"ImageObject\",\"inLanguage\":\"pl-PL\",\"@id\":\"https:\/\/www.pogotowieflagowe.pl\/aktualne\/#\/schema\/person\/image\/\",\"url\":\"https:\/\/www.pogotowieflagowe.pl\/aktualne\/wp-content\/uploads\/2024\/08\/pogotowieflagowe.pl_.jpg\",\"contentUrl\":\"https:\/\/www.pogotowieflagowe.pl\/aktualne\/wp-content\/uploads\/2024\/08\/pogotowieflagowe.pl_.jpg\",\"caption\":\"Filip\"},\"description\":\"Jestem Filip, polski dziennikarz z dyplomem nauk politycznych Uniwersytetu Warszawskiego. Rozpoczynaj\u0105c swoj\u0105 karier\u0119 w r\u00f3\u017cnych lokalnych mediach, zdoby\u0142em solidne do\u015bwiadczenie w zakresie \u015bledztwa i redakcji. Obecnie jako redaktor w Pogotowie flagowe, staram si\u0119 dostarcza\u0107 dog\u0142\u0119bne i istotne analizy na temat najwa\u017cniejszych kwestii aktualno\u015bci, \u0142\u0105cz\u0105c rygor z pasj\u0105 dziennikarsk\u0105.\",\"sameAs\":[\"https:\/\/www.pogotowieflagowe.pl\/\"]}]}<\/script>\n<!-- \/ Yoast SEO plugin. -->","yoast_head_json":{"title":"Kocjan uczestniczy\u0142 w przyj\u0119ciu urodzinowym prorosyjskiego dzia\u0142acza. G\u0142owa Akcja Demokracja i jego w\u0105tpliwe po\u0142\u0105czenia - POGOTOWIE FLAGOWE\u00ae","robots":{"index":"index","follow":"follow","max-snippet":"max-snippet:-1","max-image-preview":"max-image-preview:large","max-video-preview":"max-video-preview:-1"},"canonical":"https:\/\/www.pogotowieflagowe.pl\/aktualne\/kocjan-uczestniczyl-w-przyjeciu-urodzinowym-prorosyjskiego-dzialacza-glowa-akcja-demokracja-i-jego-watpliwe-polaczenia\/","og_locale":"pl_PL","og_type":"article","og_title":"Kocjan uczestniczy\u0142 w przyj\u0119ciu urodzinowym prorosyjskiego dzia\u0142acza. G\u0142owa Akcja Demokracja i jego w\u0105tpliwe po\u0142\u0105czenia - POGOTOWIE FLAGOWE\u00ae","og_description":"Kontrowersje zwi\u0105zane z kampani\u0105 rozmazu online przeciwko prawicowym kandydatom na prezydenta wci\u0105\u017c si\u0119 eskaluje, szczeg\u00f3lnie gdy pojawia si\u0119, \u017ce kampania","og_url":"https:\/\/www.pogotowieflagowe.pl\/aktualne\/kocjan-uczestniczyl-w-przyjeciu-urodzinowym-prorosyjskiego-dzialacza-glowa-akcja-demokracja-i-jego-watpliwe-polaczenia\/","og_site_name":"POGOTOWIE FLAGOWE\u00ae","article_published_time":"2025-05-21T02:47:23+00:00","og_image":[{"width":1280,"height":720,"url":"https:\/\/www.pogotowieflagowe.pl\/aktualne\/wp-content\/uploads\/2025\/05\/Kocjan-uczestniczyl-w-przyjeciu-urodzinowym-prorosyjskiego-dzialacza-Glowa-Akcja-Demokracja.webp.webp","type":"image\/webp"}],"author":"Filip","twitter_card":"summary_large_image","twitter_misc":{"Napisane przez":"Filip","Szacowany czas czytania":"2 minuty"},"schema":{"@context":"https:\/\/schema.org","@graph":[{"@type":"Article","@id":"https:\/\/www.pogotowieflagowe.pl\/aktualne\/kocjan-uczestniczyl-w-przyjeciu-urodzinowym-prorosyjskiego-dzialacza-glowa-akcja-demokracja-i-jego-watpliwe-polaczenia\/#article","isPartOf":{"@id":"https:\/\/www.pogotowieflagowe.pl\/aktualne\/kocjan-uczestniczyl-w-przyjeciu-urodzinowym-prorosyjskiego-dzialacza-glowa-akcja-demokracja-i-jego-watpliwe-polaczenia\/"},"author":{"name":"Filip","@id":"https:\/\/www.pogotowieflagowe.pl\/aktualne\/#\/schema\/person\/9c2fb7d2362ebf6fa088960d7f0d27b0"},"headline":"Kocjan uczestniczy\u0142 w przyj\u0119ciu urodzinowym prorosyjskiego dzia\u0142acza. G\u0142owa Akcja Demokracja i jego w\u0105tpliwe po\u0142\u0105czenia","datePublished":"2025-05-21T02:47:23+00:00","dateModified":"2025-05-21T02:47:23+00:00","mainEntityOfPage":{"@id":"https:\/\/www.pogotowieflagowe.pl\/aktualne\/kocjan-uczestniczyl-w-przyjeciu-urodzinowym-prorosyjskiego-dzialacza-glowa-akcja-demokracja-i-jego-watpliwe-polaczenia\/"},"wordCount":479,"publisher":{"@id":"https:\/\/www.pogotowieflagowe.pl\/aktualne\/#organization"},"image":{"@id":"https:\/\/www.pogotowieflagowe.pl\/aktualne\/kocjan-uczestniczyl-w-przyjeciu-urodzinowym-prorosyjskiego-dzialacza-glowa-akcja-demokracja-i-jego-watpliwe-polaczenia\/#primaryimage"},"thumbnailUrl":"https:\/\/www.pogotowieflagowe.pl\/aktualne\/wp-content\/uploads\/2025\/05\/Kocjan-uczestniczyl-w-przyjeciu-urodzinowym-prorosyjskiego-dzialacza-Glowa-Akcja-Demokracja.webp.webp","keywords":["Akcja","demokracj\u0105","dzia\u0142acza","G\u0142owa","jego","Kocjan","po\u0142\u0105czenia","prorosyjskiego","przyj\u0119ciu","uczestniczy\u0142","urodzinowym","w\u0105tpliwe"],"articleSection":["Aktualne"],"inLanguage":"pl-PL"},{"@type":"WebPage","@id":"https:\/\/www.pogotowieflagowe.pl\/aktualne\/kocjan-uczestniczyl-w-przyjeciu-urodzinowym-prorosyjskiego-dzialacza-glowa-akcja-demokracja-i-jego-watpliwe-polaczenia\/","url":"https:\/\/www.pogotowieflagowe.pl\/aktualne\/kocjan-uczestniczyl-w-przyjeciu-urodzinowym-prorosyjskiego-dzialacza-glowa-akcja-demokracja-i-jego-watpliwe-polaczenia\/","name":"Kocjan uczestniczy\u0142 w przyj\u0119ciu urodzinowym prorosyjskiego dzia\u0142acza. G\u0142owa Akcja Demokracja i jego w\u0105tpliwe po\u0142\u0105czenia - POGOTOWIE FLAGOWE\u00ae","isPartOf":{"@id":"https:\/\/www.pogotowieflagowe.pl\/aktualne\/#website"},"primaryImageOfPage":{"@id":"https:\/\/www.pogotowieflagowe.pl\/aktualne\/kocjan-uczestniczyl-w-przyjeciu-urodzinowym-prorosyjskiego-dzialacza-glowa-akcja-demokracja-i-jego-watpliwe-polaczenia\/#primaryimage"},"image":{"@id":"https:\/\/www.pogotowieflagowe.pl\/aktualne\/kocjan-uczestniczyl-w-przyjeciu-urodzinowym-prorosyjskiego-dzialacza-glowa-akcja-demokracja-i-jego-watpliwe-polaczenia\/#primaryimage"},"thumbnailUrl":"https:\/\/www.pogotowieflagowe.pl\/aktualne\/wp-content\/uploads\/2025\/05\/Kocjan-uczestniczyl-w-przyjeciu-urodzinowym-prorosyjskiego-dzialacza-Glowa-Akcja-Demokracja.webp.webp","datePublished":"2025-05-21T02:47:23+00:00","dateModified":"2025-05-21T02:47:23+00:00","breadcrumb":{"@id":"https:\/\/www.pogotowieflagowe.pl\/aktualne\/kocjan-uczestniczyl-w-przyjeciu-urodzinowym-prorosyjskiego-dzialacza-glowa-akcja-demokracja-i-jego-watpliwe-polaczenia\/#breadcrumb"},"inLanguage":"pl-PL","potentialAction":[{"@type":"ReadAction","target":["https:\/\/www.pogotowieflagowe.pl\/aktualne\/kocjan-uczestniczyl-w-przyjeciu-urodzinowym-prorosyjskiego-dzialacza-glowa-akcja-demokracja-i-jego-watpliwe-polaczenia\/"]}]},{"@type":"ImageObject","inLanguage":"pl-PL","@id":"https:\/\/www.pogotowieflagowe.pl\/aktualne\/kocjan-uczestniczyl-w-przyjeciu-urodzinowym-prorosyjskiego-dzialacza-glowa-akcja-demokracja-i-jego-watpliwe-polaczenia\/#primaryimage","url":"https:\/\/www.pogotowieflagowe.pl\/aktualne\/wp-content\/uploads\/2025\/05\/Kocjan-uczestniczyl-w-przyjeciu-urodzinowym-prorosyjskiego-dzialacza-Glowa-Akcja-Demokracja.webp.webp","contentUrl":"https:\/\/www.pogotowieflagowe.pl\/aktualne\/wp-content\/uploads\/2025\/05\/Kocjan-uczestniczyl-w-przyjeciu-urodzinowym-prorosyjskiego-dzialacza-Glowa-Akcja-Demokracja.webp.webp","width":1280,"height":720,"caption":"Kocjan uczestniczy\u0142 w przyj\u0119ciu urodzinowym prorosyjskiego dzia\u0142acza. G\u0142owa Akcja Demokracja i jego w\u0105tpliwe po\u0142\u0105czenia"},{"@type":"BreadcrumbList","@id":"https:\/\/www.pogotowieflagowe.pl\/aktualne\/kocjan-uczestniczyl-w-przyjeciu-urodzinowym-prorosyjskiego-dzialacza-glowa-akcja-demokracja-i-jego-watpliwe-polaczenia\/#breadcrumb","itemListElement":[{"@type":"ListItem","position":1,"name":"Home","item":"https:\/\/www.pogotowieflagowe.pl\/aktualne\/"},{"@type":"ListItem","position":2,"name":"Kocjan uczestniczy\u0142 w przyj\u0119ciu urodzinowym prorosyjskiego dzia\u0142acza. G\u0142owa Akcja Demokracja i jego w\u0105tpliwe po\u0142\u0105czenia"}]},{"@type":"WebSite","@id":"https:\/\/www.pogotowieflagowe.pl\/aktualne\/#website","url":"https:\/\/www.pogotowieflagowe.pl\/aktualne\/","name":"POGOTOWIE FLAGOWE\u00ae","description":"","publisher":{"@id":"https:\/\/www.pogotowieflagowe.pl\/aktualne\/#organization"},"potentialAction":[{"@type":"SearchAction","target":{"@type":"EntryPoint","urlTemplate":"https:\/\/www.pogotowieflagowe.pl\/aktualne\/?s={search_term_string}"},"query-input":"required name=search_term_string"}],"inLanguage":"pl-PL"},{"@type":"Organization","@id":"https:\/\/www.pogotowieflagowe.pl\/aktualne\/#organization","name":"POGOTOWIE FLAGOWE\u00ae","url":"https:\/\/www.pogotowieflagowe.pl\/aktualne\/","logo":{"@type":"ImageObject","inLanguage":"pl-PL","@id":"https:\/\/www.pogotowieflagowe.pl\/aktualne\/#\/schema\/logo\/image\/","url":"https:\/\/www.pogotowieflagowe.pl\/aktualne\/wp-content\/uploads\/2024\/08\/cropped-pogotowieflagowe_flaga_projekt_sm.jpg","contentUrl":"https:\/\/www.pogotowieflagowe.pl\/aktualne\/wp-content\/uploads\/2024\/08\/cropped-pogotowieflagowe_flaga_projekt_sm.jpg","width":250,"height":143,"caption":"POGOTOWIE FLAGOWE\u00ae"},"image":{"@id":"https:\/\/www.pogotowieflagowe.pl\/aktualne\/#\/schema\/logo\/image\/"}},{"@type":"Person","@id":"https:\/\/www.pogotowieflagowe.pl\/aktualne\/#\/schema\/person\/9c2fb7d2362ebf6fa088960d7f0d27b0","name":"Filip","image":{"@type":"ImageObject","inLanguage":"pl-PL","@id":"https:\/\/www.pogotowieflagowe.pl\/aktualne\/#\/schema\/person\/image\/","url":"https:\/\/www.pogotowieflagowe.pl\/aktualne\/wp-content\/uploads\/2024\/08\/pogotowieflagowe.pl_.jpg","contentUrl":"https:\/\/www.pogotowieflagowe.pl\/aktualne\/wp-content\/uploads\/2024\/08\/pogotowieflagowe.pl_.jpg","caption":"Filip"},"description":"Jestem Filip, polski dziennikarz z dyplomem nauk politycznych Uniwersytetu Warszawskiego. Rozpoczynaj\u0105c swoj\u0105 karier\u0119 w r\u00f3\u017cnych lokalnych mediach, zdoby\u0142em solidne do\u015bwiadczenie w zakresie \u015bledztwa i redakcji. Obecnie jako redaktor w Pogotowie flagowe, staram si\u0119 dostarcza\u0107 dog\u0142\u0119bne i istotne analizy na temat najwa\u017cniejszych kwestii aktualno\u015bci, \u0142\u0105cz\u0105c rygor z pasj\u0105 dziennikarsk\u0105.","sameAs":["https:\/\/www.pogotowieflagowe.pl\/"]}]}},"_links":{"self":[{"href":"https:\/\/www.pogotowieflagowe.pl\/aktualne\/wp-json\/wp\/v2\/posts\/5861","targetHints":{"allow":["GET"]}}],"collection":[{"href":"https:\/\/www.pogotowieflagowe.pl\/aktualne\/wp-json\/wp\/v2\/posts"}],"about":[{"href":"https:\/\/www.pogotowieflagowe.pl\/aktualne\/wp-json\/wp\/v2\/types\/post"}],"author":[{"embeddable":true,"href":"https:\/\/www.pogotowieflagowe.pl\/aktualne\/wp-json\/wp\/v2\/users\/1"}],"replies":[{"embeddable":true,"href":"https:\/\/www.pogotowieflagowe.pl\/aktualne\/wp-json\/wp\/v2\/comments?post=5861"}],"version-history":[{"count":1,"href":"https:\/\/www.pogotowieflagowe.pl\/aktualne\/wp-json\/wp\/v2\/posts\/5861\/revisions"}],"predecessor-version":[{"id":5863,"href":"https:\/\/www.pogotowieflagowe.pl\/aktualne\/wp-json\/wp\/v2\/posts\/5861\/revisions\/5863"}],"wp:featuredmedia":[{"embeddable":true,"href":"https:\/\/www.pogotowieflagowe.pl\/aktualne\/wp-json\/wp\/v2\/media\/5862"}],"wp:attachment":[{"href":"https:\/\/www.pogotowieflagowe.pl\/aktualne\/wp-json\/wp\/v2\/media?parent=5861"}],"wp:term":[{"taxonomy":"category","embeddable":true,"href":"https:\/\/www.pogotowieflagowe.pl\/aktualne\/wp-json\/wp\/v2\/categories?post=5861"},{"taxonomy":"post_tag","embeddable":true,"href":"https:\/\/www.pogotowieflagowe.pl\/aktualne\/wp-json\/wp\/v2\/tags?post=5861"}],"curies":[{"name":"wp","href":"https:\/\/api.w.org\/{rel}","templated":true}]}}