{"id":592,"date":"2024-09-08T15:08:06","date_gmt":"2024-09-08T13:08:06","guid":{"rendered":"https:\/\/www.pogotowieflagowe.pl\/aktualne\/kultowa-warsaw-palm-przejdzie-renowacje-po-22-latach\/"},"modified":"2024-09-08T15:08:09","modified_gmt":"2024-09-08T13:08:09","slug":"kultowa-warsaw-palm-przejdzie-renowacje-po-22-latach","status":"publish","type":"post","link":"https:\/\/www.pogotowieflagowe.pl\/aktualne\/kultowa-warsaw-palm-przejdzie-renowacje-po-22-latach\/","title":{"rendered":"Kultowa Warsaw Palm przejdzie renowacj\u0119 po 22 latach"},"content":{"rendered":"\n<div class=\"td_block_wrap tdb_single_content tdi_48 td-pb-border-top td_block_template_8 td-post-content tagdiv-type\" data-td-block-uid=\"tdi_48\">\n<style>.tdi_48{margines g\u00f3rny:0px!wa\u017cne;margines dolny:0px!wa\u017cne;wype\u0142nienie g\u00f3rne:0px!wa\u017cne;wype\u0142nienie dolne:0px!wa\u017cne}<\/style>\n<style>.tdb_single_content{margines-dolny:0;*powi\u0119kszenie:1}.tdb_single_content:before,.tdb_single_content:after{wy\u015bwietlanie:tabela;zawarto\u015b\u0107:'';wysoko\u015b\u0107-linii:0}.tdb_single_content:after{wyczy\u015b\u0107:oba}.tdb_single_content .tdb-block-inner>*:not(.wp-block-quote):not(.alignwide):not(.alignfull.wp-block-cover.has-parallax):not(.td-a-ad){margines-lewy:auto;margines-prawy:auto}.tdb_single_content a{zdarzenia-wska\u017anika:auto}.tdb_single_content .td-spot-id-top_ad .tdc-placeholder-title:before{zawarto\u015b\u0107:'Pocz\u0105tek artyku\u0142u Reklama'!important}.tdb_single_content .td-spot-id-inline_ad0 .tdc-placeholder-title:before{content:'Reklama inline artyku\u0142u 1'!important}.tdb_single_content .td-spot-id-inline_ad1 .tdc-placeholder-title:before{content:'Reklama inline artyku\u0142u 2'!important}.tdb_single_content .td-spot-id-inline_ad2 .tdc-placeholder-title:before{content:'Reklama inline artyku\u0142u 3'!important}.tdb_single_content .td-spot-id-bottom_ad .tdc-placeholder-title:before{content:'Reklama dolna artyku\u0142u'!important}.tdb_single_content .id_top_ad,.tdb_single_content .id_bottom_ad{clear:both;margines-dolny:21px;wyr\u00f3wnanie-tekstu:\u015brodek}.tdb_single_content .id_top_ad img,.tdb_single_content .id_bottom_ad img{margines-dolny:0}.tdb_single_content .id_top_ad .adsbygoogle,.tdb_single_content .id_bottom_ad .adsbygoogle{pozycja:wzgl\u0119dna}.tdb_single_content .id_ad_content-poziom-lewy,.tdb_single_content .id_ad_content-poziom-prawy,.tdb_single_content .id_ad_content-horiz-center{margines dolny:15px}.tdb_single_content .id_ad_content-horiz-lewy img,.tdb_single_content .id_ad_content-horiz-prawy img,.tdb_single_content .id_ad_content-horiz-center img{margines dolny:0}.tdb_single_content .id_ad_content-horiz-center{wyr\u00f3wnanie tekstu:\u015brodek}.tdb_single_content .id_ad_content-horiz-center img{margines prawy:auto;margines lewy:auto}.tdb_single_content .id_ad_content-horiz-left{float:lewy;margines g\u00f3rny:9px;margines prawy:21px}.tdb_single_content .id_ad_content-horiz-right{float:right;margines-g\u00f3rny:6px;margines-lewy:21px}.tdb_single_content .tdc-a-ad .tdc-placeholder-title{szeroko\u015b\u0107:300px;wysoko\u015b\u0107:250px}.tdb_single_content .tdc-a-ad .tdc-placeholder-title:before{pozycja:absolutna;g\u00f3ra:50%;-webkit-transform:translateY(-50%);przekszta\u0142cenie:translateY(-50%);margines:auto;wy\u015bwietlanie:tabela;szeroko\u015b\u0107:100%}.tdb_single_content .tdb-block-inner.td-fix-index{word-break:break-word}.tdi_48,.tdi_48>p,.tdi_48 .tdb-block-inner>p{rozmiar-czcionki:16px!wa\u017cne;wysoko\u015b\u0107-linii:1.6!wa\u017cne}.tdi_48 .tdb-block-inner cytat p{styl-czcionki:normalny!wa\u017cne}@media (maks. szeroko\u015b\u0107:767px){.tdb_single_content .id_ad_content-poziom-lewo,.tdb_single_content .id_ad_content-poziom-prawo,.tdb_single_content .id_ad_content-poziom-\u015brodek{margines:0 auto 26px auto}}@media (maks. szeroko\u015b\u0107:767px){.tdb_single_content .id_ad_content-poziom-lewo{margines-prawy:0}}@media (maks. szeroko\u015b\u0107:767px){.tdb_single_content .id_ad_content-horiz-right{margines-lewy:0}}@media (maksymalna szeroko\u015b\u0107:767px){.tdb_single_content .td-a-ad{float:none;wyr\u00f3wnanie tekstu:\u015brodek}.tdb_single_content .td-a-ad img{margines-prawy:auto;margines-lewy:auto}.tdb_single_content .tdc-a-ad{float:none}}<\/style>\n<div class=\"tdb-block-inner td-fix-index\">\n<p>Najs\u0142ynniejsza warszawska instalacja artystyczna, palma na rondzie Charles&#8217;a de Gaulle&#8217;a, ma przej\u015b\u0107 kompleksow\u0105 renowacj\u0119 po 22 latach zdobienia miejskiego krajobrazu. Og\u0142oszenie pochodzi z Biura Kultury Warszawy, ujawniaj\u0105c, \u017ce palma zostanie w\u0142\u0105czona do kolekcji Muzeum Sztuki Nowoczesnej (MSN) jako darowizna od jej tw\u00f3rczyni, Joanny Rajkowskiej.<\/p>\n<p>Instalacja, znana jako \u201ePozdrowienia z Alej Jerozolimskich\u201d, sta\u0142a si\u0119 wyr\u00f3\u017cniaj\u0105cym si\u0119 elementem Warszawy, \u0142\u0105cz\u0105cym to, co naturalne, z tym, co miejskie, w symbolu ci\u0105g\u0142o\u015bci i zmiany. Renowacja jest zaplanowana na jesie\u0144, zbiegaj\u0105c si\u0119 z otwarciem nowej siedziby MSN.<\/p>\n<p>\u015arodki na renowacj\u0119 pochodz\u0105 z Ministerstwa Kultury i Dziedzictwa Narodowego, w ramach programu \u201eRze\u017aba w przestrzeni publicznej dla niepodleg\u0142ej Polski \u2013 2024\u201d zarz\u0105dzanego przez Centrum Rze\u017aby Polskiej w Oro\u0144sku. Projekt b\u0119dzie obejmowa\u0142 wymian\u0119 li\u015bci i kory oraz konserwacj\u0119 konstrukcji stalowej.<\/p>\n<p>Proces renowacji nie tylko przywr\u00f3ci rze\u017ab\u0119, ale tak\u017ce obejmie wydarzenia publiczne, kt\u00f3re poszerz\u0105 kontekst trwaj\u0105cej pracy. Zaplanowane dzia\u0142ania obejmuj\u0105 spotkanie z Rajkowsk\u0105 na jej indywidualnej wystawie \u201e\u015alepowrony\u201d w galerii local_30 oraz spotkanie os\u00f3b zaanga\u017cowanych w 24-letni\u0105 histori\u0119 projektu, w tym mieszka\u0144c\u00f3w Warszawy, w nowym audytorium MSN.<\/p>\n<p>Uroczyste otwarcie nowej siedziby MSN na placu Defilad zaplanowano na 25 pa\u017adziernika. Wydarzenie to rozpocznie trzytygodniowy program otwarty dla publiczno\u015bci, prezentuj\u0105cy przysz\u0142e inicjatywy muzeum i wzmacniaj\u0105cy jego rol\u0119 w warszawskiej scenie kulturalnej.<\/p>\n<p>Renowacja ta stanowi wa\u017cny moment w historii obiektu, kt\u00f3ry sta\u0142 si\u0119 r\u00f3wnie nieod\u0142\u0105czn\u0105 cz\u0119\u015bci\u0105 to\u017csamo\u015bci Warszawy, co jej najwa\u017cniejsze zabytki, \u0142\u0105cz\u0105c przesz\u0142o\u015b\u0107 z now\u0105 wizj\u0105 przysz\u0142o\u015bci.<\/p>\n<\/div>\n<\/div>\n","protected":false},"excerpt":{"rendered":"<p>Najs\u0142ynniejsza warszawska instalacja artystyczna, palma na rondzie Charles&#8217;a de Gaulle&#8217;a, ma przej\u015b\u0107 kompleksow\u0105 renowacj\u0119 po 22 latach zdobienia miejskiego krajobrazu.<\/p>\n","protected":false},"author":1,"featured_media":593,"comment_status":"closed","ping_status":"","sticky":false,"template":"","format":"standard","meta":{"footnotes":""},"categories":[47],"tags":[997,1002,999,1000,1001,998],"class_list":["post-592","post","type-post","status-publish","format-standard","has-post-thumbnail","hentry","category-styl-zycia","tag-kultowa","tag-latach","tag-palm","tag-przejdzie","tag-renowacje","tag-warsaw","generate-columns","tablet-grid-50","mobile-grid-100","grid-parent","grid-50","resize-featured-image"],"yoast_head":"<!-- This site is optimized with the Yoast SEO plugin v23.2 - https:\/\/yoast.com\/wordpress\/plugins\/seo\/ -->\n<title>Kultowa Warsaw Palm przejdzie renowacj\u0119 po 22 latach - POGOTOWIE FLAGOWE\u00ae<\/title>\n<meta name=\"robots\" content=\"index, follow, max-snippet:-1, max-image-preview:large, max-video-preview:-1\" \/>\n<link rel=\"canonical\" href=\"https:\/\/www.pogotowieflagowe.pl\/aktualne\/kultowa-warsaw-palm-przejdzie-renowacje-po-22-latach\/\" \/>\n<meta property=\"og:locale\" content=\"pl_PL\" \/>\n<meta property=\"og:type\" content=\"article\" \/>\n<meta property=\"og:title\" content=\"Kultowa Warsaw Palm przejdzie renowacj\u0119 po 22 latach - POGOTOWIE FLAGOWE\u00ae\" \/>\n<meta property=\"og:description\" content=\"Najs\u0142ynniejsza warszawska instalacja artystyczna, palma na rondzie Charles&#8217;a de Gaulle&#8217;a, ma przej\u015b\u0107 kompleksow\u0105 renowacj\u0119 po 22 latach zdobienia miejskiego krajobrazu.\" \/>\n<meta property=\"og:url\" content=\"https:\/\/www.pogotowieflagowe.pl\/aktualne\/kultowa-warsaw-palm-przejdzie-renowacje-po-22-latach\/\" \/>\n<meta property=\"og:site_name\" content=\"POGOTOWIE FLAGOWE\u00ae\" \/>\n<meta property=\"article:published_time\" content=\"2024-09-08T13:08:06+00:00\" \/>\n<meta property=\"article:modified_time\" content=\"2024-09-08T13:08:09+00:00\" \/>\n<meta property=\"og:image\" content=\"https:\/\/www.pogotowieflagowe.pl\/aktualne\/wp-content\/uploads\/2024\/09\/Kultowa-Warsaw-Palm-przejdzie-renowacje-po-22-latach.jpg\" \/>\n\t<meta property=\"og:image:width\" content=\"1920\" \/>\n\t<meta property=\"og:image:height\" content=\"1280\" \/>\n\t<meta property=\"og:image:type\" content=\"image\/jpeg\" \/>\n<meta name=\"author\" content=\"Filip\" \/>\n<meta name=\"twitter:card\" content=\"summary_large_image\" \/>\n<meta name=\"twitter:label1\" content=\"Napisane przez\" \/>\n\t<meta name=\"twitter:data1\" content=\"Filip\" \/>\n\t<meta name=\"twitter:label2\" content=\"Szacowany czas czytania\" \/>\n\t<meta name=\"twitter:data2\" content=\"1 minuta\" \/>\n<script type=\"application\/ld+json\" class=\"yoast-schema-graph\">{\"@context\":\"https:\/\/schema.org\",\"@graph\":[{\"@type\":\"Article\",\"@id\":\"https:\/\/www.pogotowieflagowe.pl\/aktualne\/kultowa-warsaw-palm-przejdzie-renowacje-po-22-latach\/#article\",\"isPartOf\":{\"@id\":\"https:\/\/www.pogotowieflagowe.pl\/aktualne\/kultowa-warsaw-palm-przejdzie-renowacje-po-22-latach\/\"},\"author\":{\"name\":\"Filip\",\"@id\":\"https:\/\/www.pogotowieflagowe.pl\/aktualne\/#\/schema\/person\/9c2fb7d2362ebf6fa088960d7f0d27b0\"},\"headline\":\"Kultowa Warsaw Palm przejdzie renowacj\u0119 po 22 latach\",\"datePublished\":\"2024-09-08T13:08:06+00:00\",\"dateModified\":\"2024-09-08T13:08:09+00:00\",\"mainEntityOfPage\":{\"@id\":\"https:\/\/www.pogotowieflagowe.pl\/aktualne\/kultowa-warsaw-palm-przejdzie-renowacje-po-22-latach\/\"},\"wordCount\":278,\"publisher\":{\"@id\":\"https:\/\/www.pogotowieflagowe.pl\/aktualne\/#organization\"},\"image\":{\"@id\":\"https:\/\/www.pogotowieflagowe.pl\/aktualne\/kultowa-warsaw-palm-przejdzie-renowacje-po-22-latach\/#primaryimage\"},\"thumbnailUrl\":\"https:\/\/www.pogotowieflagowe.pl\/aktualne\/wp-content\/uploads\/2024\/09\/Kultowa-Warsaw-Palm-przejdzie-renowacje-po-22-latach.jpg\",\"keywords\":[\"Kultowa\",\"latach\",\"Palm\",\"przejdzie\",\"renowacj\u0119\",\"Warsaw\"],\"articleSection\":[\"Styl \u017cycia\"],\"inLanguage\":\"pl-PL\"},{\"@type\":\"WebPage\",\"@id\":\"https:\/\/www.pogotowieflagowe.pl\/aktualne\/kultowa-warsaw-palm-przejdzie-renowacje-po-22-latach\/\",\"url\":\"https:\/\/www.pogotowieflagowe.pl\/aktualne\/kultowa-warsaw-palm-przejdzie-renowacje-po-22-latach\/\",\"name\":\"Kultowa Warsaw Palm przejdzie renowacj\u0119 po 22 latach - POGOTOWIE FLAGOWE\u00ae\",\"isPartOf\":{\"@id\":\"https:\/\/www.pogotowieflagowe.pl\/aktualne\/#website\"},\"primaryImageOfPage\":{\"@id\":\"https:\/\/www.pogotowieflagowe.pl\/aktualne\/kultowa-warsaw-palm-przejdzie-renowacje-po-22-latach\/#primaryimage\"},\"image\":{\"@id\":\"https:\/\/www.pogotowieflagowe.pl\/aktualne\/kultowa-warsaw-palm-przejdzie-renowacje-po-22-latach\/#primaryimage\"},\"thumbnailUrl\":\"https:\/\/www.pogotowieflagowe.pl\/aktualne\/wp-content\/uploads\/2024\/09\/Kultowa-Warsaw-Palm-przejdzie-renowacje-po-22-latach.jpg\",\"datePublished\":\"2024-09-08T13:08:06+00:00\",\"dateModified\":\"2024-09-08T13:08:09+00:00\",\"breadcrumb\":{\"@id\":\"https:\/\/www.pogotowieflagowe.pl\/aktualne\/kultowa-warsaw-palm-przejdzie-renowacje-po-22-latach\/#breadcrumb\"},\"inLanguage\":\"pl-PL\",\"potentialAction\":[{\"@type\":\"ReadAction\",\"target\":[\"https:\/\/www.pogotowieflagowe.pl\/aktualne\/kultowa-warsaw-palm-przejdzie-renowacje-po-22-latach\/\"]}]},{\"@type\":\"ImageObject\",\"inLanguage\":\"pl-PL\",\"@id\":\"https:\/\/www.pogotowieflagowe.pl\/aktualne\/kultowa-warsaw-palm-przejdzie-renowacje-po-22-latach\/#primaryimage\",\"url\":\"https:\/\/www.pogotowieflagowe.pl\/aktualne\/wp-content\/uploads\/2024\/09\/Kultowa-Warsaw-Palm-przejdzie-renowacje-po-22-latach.jpg\",\"contentUrl\":\"https:\/\/www.pogotowieflagowe.pl\/aktualne\/wp-content\/uploads\/2024\/09\/Kultowa-Warsaw-Palm-przejdzie-renowacje-po-22-latach.jpg\",\"width\":1920,\"height\":1280,\"caption\":\"Kultowa Warsaw Palm przejdzie renowacj\u0119 po 22 latach\"},{\"@type\":\"BreadcrumbList\",\"@id\":\"https:\/\/www.pogotowieflagowe.pl\/aktualne\/kultowa-warsaw-palm-przejdzie-renowacje-po-22-latach\/#breadcrumb\",\"itemListElement\":[{\"@type\":\"ListItem\",\"position\":1,\"name\":\"Home\",\"item\":\"https:\/\/www.pogotowieflagowe.pl\/aktualne\/\"},{\"@type\":\"ListItem\",\"position\":2,\"name\":\"Kultowa Warsaw Palm przejdzie renowacj\u0119 po 22 latach\"}]},{\"@type\":\"WebSite\",\"@id\":\"https:\/\/www.pogotowieflagowe.pl\/aktualne\/#website\",\"url\":\"https:\/\/www.pogotowieflagowe.pl\/aktualne\/\",\"name\":\"POGOTOWIE FLAGOWE\u00ae\",\"description\":\"\",\"publisher\":{\"@id\":\"https:\/\/www.pogotowieflagowe.pl\/aktualne\/#organization\"},\"potentialAction\":[{\"@type\":\"SearchAction\",\"target\":{\"@type\":\"EntryPoint\",\"urlTemplate\":\"https:\/\/www.pogotowieflagowe.pl\/aktualne\/?s={search_term_string}\"},\"query-input\":\"required name=search_term_string\"}],\"inLanguage\":\"pl-PL\"},{\"@type\":\"Organization\",\"@id\":\"https:\/\/www.pogotowieflagowe.pl\/aktualne\/#organization\",\"name\":\"POGOTOWIE FLAGOWE\u00ae\",\"url\":\"https:\/\/www.pogotowieflagowe.pl\/aktualne\/\",\"logo\":{\"@type\":\"ImageObject\",\"inLanguage\":\"pl-PL\",\"@id\":\"https:\/\/www.pogotowieflagowe.pl\/aktualne\/#\/schema\/logo\/image\/\",\"url\":\"https:\/\/www.pogotowieflagowe.pl\/aktualne\/wp-content\/uploads\/2024\/08\/cropped-pogotowieflagowe_flaga_projekt_sm.jpg\",\"contentUrl\":\"https:\/\/www.pogotowieflagowe.pl\/aktualne\/wp-content\/uploads\/2024\/08\/cropped-pogotowieflagowe_flaga_projekt_sm.jpg\",\"width\":250,\"height\":143,\"caption\":\"POGOTOWIE FLAGOWE\u00ae\"},\"image\":{\"@id\":\"https:\/\/www.pogotowieflagowe.pl\/aktualne\/#\/schema\/logo\/image\/\"}},{\"@type\":\"Person\",\"@id\":\"https:\/\/www.pogotowieflagowe.pl\/aktualne\/#\/schema\/person\/9c2fb7d2362ebf6fa088960d7f0d27b0\",\"name\":\"Filip\",\"image\":{\"@type\":\"ImageObject\",\"inLanguage\":\"pl-PL\",\"@id\":\"https:\/\/www.pogotowieflagowe.pl\/aktualne\/#\/schema\/person\/image\/\",\"url\":\"https:\/\/www.pogotowieflagowe.pl\/aktualne\/wp-content\/uploads\/2024\/08\/pogotowieflagowe.pl_.jpg\",\"contentUrl\":\"https:\/\/www.pogotowieflagowe.pl\/aktualne\/wp-content\/uploads\/2024\/08\/pogotowieflagowe.pl_.jpg\",\"caption\":\"Filip\"},\"description\":\"Jestem Filip, polski dziennikarz z dyplomem nauk politycznych Uniwersytetu Warszawskiego. Rozpoczynaj\u0105c swoj\u0105 karier\u0119 w r\u00f3\u017cnych lokalnych mediach, zdoby\u0142em solidne do\u015bwiadczenie w zakresie \u015bledztwa i redakcji. Obecnie jako redaktor w Pogotowie flagowe, staram si\u0119 dostarcza\u0107 dog\u0142\u0119bne i istotne analizy na temat najwa\u017cniejszych kwestii aktualno\u015bci, \u0142\u0105cz\u0105c rygor z pasj\u0105 dziennikarsk\u0105.\",\"sameAs\":[\"https:\/\/www.pogotowieflagowe.pl\/\"]}]}<\/script>\n<!-- \/ Yoast SEO plugin. -->","yoast_head_json":{"title":"Kultowa Warsaw Palm przejdzie renowacj\u0119 po 22 latach - POGOTOWIE FLAGOWE\u00ae","robots":{"index":"index","follow":"follow","max-snippet":"max-snippet:-1","max-image-preview":"max-image-preview:large","max-video-preview":"max-video-preview:-1"},"canonical":"https:\/\/www.pogotowieflagowe.pl\/aktualne\/kultowa-warsaw-palm-przejdzie-renowacje-po-22-latach\/","og_locale":"pl_PL","og_type":"article","og_title":"Kultowa Warsaw Palm przejdzie renowacj\u0119 po 22 latach - POGOTOWIE FLAGOWE\u00ae","og_description":"Najs\u0142ynniejsza warszawska instalacja artystyczna, palma na rondzie Charles&#8217;a de Gaulle&#8217;a, ma przej\u015b\u0107 kompleksow\u0105 renowacj\u0119 po 22 latach zdobienia miejskiego krajobrazu.","og_url":"https:\/\/www.pogotowieflagowe.pl\/aktualne\/kultowa-warsaw-palm-przejdzie-renowacje-po-22-latach\/","og_site_name":"POGOTOWIE FLAGOWE\u00ae","article_published_time":"2024-09-08T13:08:06+00:00","article_modified_time":"2024-09-08T13:08:09+00:00","og_image":[{"width":1920,"height":1280,"url":"https:\/\/www.pogotowieflagowe.pl\/aktualne\/wp-content\/uploads\/2024\/09\/Kultowa-Warsaw-Palm-przejdzie-renowacje-po-22-latach.jpg","type":"image\/jpeg"}],"author":"Filip","twitter_card":"summary_large_image","twitter_misc":{"Napisane przez":"Filip","Szacowany czas czytania":"1 minuta"},"schema":{"@context":"https:\/\/schema.org","@graph":[{"@type":"Article","@id":"https:\/\/www.pogotowieflagowe.pl\/aktualne\/kultowa-warsaw-palm-przejdzie-renowacje-po-22-latach\/#article","isPartOf":{"@id":"https:\/\/www.pogotowieflagowe.pl\/aktualne\/kultowa-warsaw-palm-przejdzie-renowacje-po-22-latach\/"},"author":{"name":"Filip","@id":"https:\/\/www.pogotowieflagowe.pl\/aktualne\/#\/schema\/person\/9c2fb7d2362ebf6fa088960d7f0d27b0"},"headline":"Kultowa Warsaw Palm przejdzie renowacj\u0119 po 22 latach","datePublished":"2024-09-08T13:08:06+00:00","dateModified":"2024-09-08T13:08:09+00:00","mainEntityOfPage":{"@id":"https:\/\/www.pogotowieflagowe.pl\/aktualne\/kultowa-warsaw-palm-przejdzie-renowacje-po-22-latach\/"},"wordCount":278,"publisher":{"@id":"https:\/\/www.pogotowieflagowe.pl\/aktualne\/#organization"},"image":{"@id":"https:\/\/www.pogotowieflagowe.pl\/aktualne\/kultowa-warsaw-palm-przejdzie-renowacje-po-22-latach\/#primaryimage"},"thumbnailUrl":"https:\/\/www.pogotowieflagowe.pl\/aktualne\/wp-content\/uploads\/2024\/09\/Kultowa-Warsaw-Palm-przejdzie-renowacje-po-22-latach.jpg","keywords":["Kultowa","latach","Palm","przejdzie","renowacj\u0119","Warsaw"],"articleSection":["Styl \u017cycia"],"inLanguage":"pl-PL"},{"@type":"WebPage","@id":"https:\/\/www.pogotowieflagowe.pl\/aktualne\/kultowa-warsaw-palm-przejdzie-renowacje-po-22-latach\/","url":"https:\/\/www.pogotowieflagowe.pl\/aktualne\/kultowa-warsaw-palm-przejdzie-renowacje-po-22-latach\/","name":"Kultowa Warsaw Palm przejdzie renowacj\u0119 po 22 latach - POGOTOWIE FLAGOWE\u00ae","isPartOf":{"@id":"https:\/\/www.pogotowieflagowe.pl\/aktualne\/#website"},"primaryImageOfPage":{"@id":"https:\/\/www.pogotowieflagowe.pl\/aktualne\/kultowa-warsaw-palm-przejdzie-renowacje-po-22-latach\/#primaryimage"},"image":{"@id":"https:\/\/www.pogotowieflagowe.pl\/aktualne\/kultowa-warsaw-palm-przejdzie-renowacje-po-22-latach\/#primaryimage"},"thumbnailUrl":"https:\/\/www.pogotowieflagowe.pl\/aktualne\/wp-content\/uploads\/2024\/09\/Kultowa-Warsaw-Palm-przejdzie-renowacje-po-22-latach.jpg","datePublished":"2024-09-08T13:08:06+00:00","dateModified":"2024-09-08T13:08:09+00:00","breadcrumb":{"@id":"https:\/\/www.pogotowieflagowe.pl\/aktualne\/kultowa-warsaw-palm-przejdzie-renowacje-po-22-latach\/#breadcrumb"},"inLanguage":"pl-PL","potentialAction":[{"@type":"ReadAction","target":["https:\/\/www.pogotowieflagowe.pl\/aktualne\/kultowa-warsaw-palm-przejdzie-renowacje-po-22-latach\/"]}]},{"@type":"ImageObject","inLanguage":"pl-PL","@id":"https:\/\/www.pogotowieflagowe.pl\/aktualne\/kultowa-warsaw-palm-przejdzie-renowacje-po-22-latach\/#primaryimage","url":"https:\/\/www.pogotowieflagowe.pl\/aktualne\/wp-content\/uploads\/2024\/09\/Kultowa-Warsaw-Palm-przejdzie-renowacje-po-22-latach.jpg","contentUrl":"https:\/\/www.pogotowieflagowe.pl\/aktualne\/wp-content\/uploads\/2024\/09\/Kultowa-Warsaw-Palm-przejdzie-renowacje-po-22-latach.jpg","width":1920,"height":1280,"caption":"Kultowa Warsaw Palm przejdzie renowacj\u0119 po 22 latach"},{"@type":"BreadcrumbList","@id":"https:\/\/www.pogotowieflagowe.pl\/aktualne\/kultowa-warsaw-palm-przejdzie-renowacje-po-22-latach\/#breadcrumb","itemListElement":[{"@type":"ListItem","position":1,"name":"Home","item":"https:\/\/www.pogotowieflagowe.pl\/aktualne\/"},{"@type":"ListItem","position":2,"name":"Kultowa Warsaw Palm przejdzie renowacj\u0119 po 22 latach"}]},{"@type":"WebSite","@id":"https:\/\/www.pogotowieflagowe.pl\/aktualne\/#website","url":"https:\/\/www.pogotowieflagowe.pl\/aktualne\/","name":"POGOTOWIE FLAGOWE\u00ae","description":"","publisher":{"@id":"https:\/\/www.pogotowieflagowe.pl\/aktualne\/#organization"},"potentialAction":[{"@type":"SearchAction","target":{"@type":"EntryPoint","urlTemplate":"https:\/\/www.pogotowieflagowe.pl\/aktualne\/?s={search_term_string}"},"query-input":"required name=search_term_string"}],"inLanguage":"pl-PL"},{"@type":"Organization","@id":"https:\/\/www.pogotowieflagowe.pl\/aktualne\/#organization","name":"POGOTOWIE FLAGOWE\u00ae","url":"https:\/\/www.pogotowieflagowe.pl\/aktualne\/","logo":{"@type":"ImageObject","inLanguage":"pl-PL","@id":"https:\/\/www.pogotowieflagowe.pl\/aktualne\/#\/schema\/logo\/image\/","url":"https:\/\/www.pogotowieflagowe.pl\/aktualne\/wp-content\/uploads\/2024\/08\/cropped-pogotowieflagowe_flaga_projekt_sm.jpg","contentUrl":"https:\/\/www.pogotowieflagowe.pl\/aktualne\/wp-content\/uploads\/2024\/08\/cropped-pogotowieflagowe_flaga_projekt_sm.jpg","width":250,"height":143,"caption":"POGOTOWIE FLAGOWE\u00ae"},"image":{"@id":"https:\/\/www.pogotowieflagowe.pl\/aktualne\/#\/schema\/logo\/image\/"}},{"@type":"Person","@id":"https:\/\/www.pogotowieflagowe.pl\/aktualne\/#\/schema\/person\/9c2fb7d2362ebf6fa088960d7f0d27b0","name":"Filip","image":{"@type":"ImageObject","inLanguage":"pl-PL","@id":"https:\/\/www.pogotowieflagowe.pl\/aktualne\/#\/schema\/person\/image\/","url":"https:\/\/www.pogotowieflagowe.pl\/aktualne\/wp-content\/uploads\/2024\/08\/pogotowieflagowe.pl_.jpg","contentUrl":"https:\/\/www.pogotowieflagowe.pl\/aktualne\/wp-content\/uploads\/2024\/08\/pogotowieflagowe.pl_.jpg","caption":"Filip"},"description":"Jestem Filip, polski dziennikarz z dyplomem nauk politycznych Uniwersytetu Warszawskiego. Rozpoczynaj\u0105c swoj\u0105 karier\u0119 w r\u00f3\u017cnych lokalnych mediach, zdoby\u0142em solidne do\u015bwiadczenie w zakresie \u015bledztwa i redakcji. Obecnie jako redaktor w Pogotowie flagowe, staram si\u0119 dostarcza\u0107 dog\u0142\u0119bne i istotne analizy na temat najwa\u017cniejszych kwestii aktualno\u015bci, \u0142\u0105cz\u0105c rygor z pasj\u0105 dziennikarsk\u0105.","sameAs":["https:\/\/www.pogotowieflagowe.pl\/"]}]}},"_links":{"self":[{"href":"https:\/\/www.pogotowieflagowe.pl\/aktualne\/wp-json\/wp\/v2\/posts\/592","targetHints":{"allow":["GET"]}}],"collection":[{"href":"https:\/\/www.pogotowieflagowe.pl\/aktualne\/wp-json\/wp\/v2\/posts"}],"about":[{"href":"https:\/\/www.pogotowieflagowe.pl\/aktualne\/wp-json\/wp\/v2\/types\/post"}],"author":[{"embeddable":true,"href":"https:\/\/www.pogotowieflagowe.pl\/aktualne\/wp-json\/wp\/v2\/users\/1"}],"replies":[{"embeddable":true,"href":"https:\/\/www.pogotowieflagowe.pl\/aktualne\/wp-json\/wp\/v2\/comments?post=592"}],"version-history":[{"count":1,"href":"https:\/\/www.pogotowieflagowe.pl\/aktualne\/wp-json\/wp\/v2\/posts\/592\/revisions"}],"predecessor-version":[{"id":594,"href":"https:\/\/www.pogotowieflagowe.pl\/aktualne\/wp-json\/wp\/v2\/posts\/592\/revisions\/594"}],"wp:featuredmedia":[{"embeddable":true,"href":"https:\/\/www.pogotowieflagowe.pl\/aktualne\/wp-json\/wp\/v2\/media\/593"}],"wp:attachment":[{"href":"https:\/\/www.pogotowieflagowe.pl\/aktualne\/wp-json\/wp\/v2\/media?parent=592"}],"wp:term":[{"taxonomy":"category","embeddable":true,"href":"https:\/\/www.pogotowieflagowe.pl\/aktualne\/wp-json\/wp\/v2\/categories?post=592"},{"taxonomy":"post_tag","embeddable":true,"href":"https:\/\/www.pogotowieflagowe.pl\/aktualne\/wp-json\/wp\/v2\/tags?post=592"}],"curies":[{"name":"wp","href":"https:\/\/api.w.org\/{rel}","templated":true}]}}