{"id":5938,"date":"2025-05-26T15:46:56","date_gmt":"2025-05-26T13:46:56","guid":{"rendered":"https:\/\/www.pogotowieflagowe.pl\/aktualne\/niemcy-kontynuuja-przenoszenie-migrantow-do-polski-tv-republika-ujawnia-dokument\/"},"modified":"2025-05-26T15:46:57","modified_gmt":"2025-05-26T13:46:57","slug":"niemcy-kontynuuja-przenoszenie-migrantow-do-polski-tv-republika-ujawnia-dokument","status":"publish","type":"post","link":"https:\/\/www.pogotowieflagowe.pl\/aktualne\/niemcy-kontynuuja-przenoszenie-migrantow-do-polski-tv-republika-ujawnia-dokument\/","title":{"rendered":"Niemcy kontynuuj\u0105 przenoszenie migrant\u00f3w do Polski. TV Republika ujawnia dokument!"},"content":{"rendered":"\n<div class=\"td_block_wrap tdb_single_content tdi_41 td-pb-border-top td_block_template_8 td-post-content tagdiv-type\" data-td-block-uid=\"tdi_41\">\n<style>.tdi_41 {margin-top: 0px! Wa\u017cne; margines-bottom: 0px! WA\u017bNY; PALDING-TOP: 0PX! WA\u017bNY; PALDING-BOTTOM: 0PX! WA\u017bNE}<\/style>\n<style>.tdb_single_content {margin-bottom: 0;*zoom: 1} .tdb_single_content: wcze\u015bniej, .tdb_single_content: po {display: Table; content: ''; line-height: 0} .TDB-BLOCK-INner>*: nie (.WP-BLOCK-QUOTE): not (.alignSwide): not (.Alignfull.wp-block-cover.has-parallax): not (.td-a-ad) {margin-left: auto; margin-right: auto} .tdb_single_ConTent a {wska\u017anik-events: auto} .tdb_single_content .td-spot-id-top_ad .tdc-placeholder-title: przed {content: \u201eArtyku\u0142 top ad\u201d! Wa\u017cne} .tdb_single_content .td-Spot-Id-inline_ad0 .tdc-placeholder-title 1 '! Wa\u017cne} .tdb_single_content .td-Spot-Id-inline_Ad1 .tdc-Placeholder-Title: przed {content: \u201eArtyku\u0142 inline AD 2'! Wa\u017cny} .tdb_single_content. 3 '! Wa\u017cne} .tdb_single_content .td-Spot-Id-Bottom_Ad .tdc-Placeholder-Title: przed {content: \u201eArtyku\u0142 Bottom Ad\u201d! Wa\u017cne} .tdb_single_content .id_top_ad, .tdb_single_content_content .id_bottom_ad {clear: oba; margin-bottom: 21px; text-align: Center} .tdb_single_content .id_top_ad img, .tdb_single_content .id_bottom_ad img {margin-bottom: 0} .tdb_single_conTent .id_top_ad .adsbyGoogle, .tdb_single_content .id_bottom_ad .adsbyGoogle {pozycja: relatyw} .tdb_single_content .id_ad_content-horiz-left, .tdb_single_content .id_ad_content-horiz-right, .tdb_single_content .id_ad_content-horiz-Center {margin-bottom: 15px} .tdb_single_content .id_ad_content-horiz-left Img, .tdb_single_content .id_ad_content-horiz-right img, .tdb_single_content .id_ad_content-horiz-centerter img {margin-bottom: 0} .tdb_single_content .id_ad_content-horiz-center {text-align: Center} .tdb_single_content .id_ad_content-horiz-center img {margin-right: auto; margin-let: auto} .tdb_single_content .id_ad_content-horiz-left {float: left; margin-top: 9px; margin-right: 21px} .tdb_single_content .id_ad_content-horiz-right {float: margin-top: 6px; margin-left: 21px} .tdb_single_content .tdc-a-a-ad .TDC-Placeholder-Title {szeroko\u015b\u0107: 300px; height: 250px} .tdb_single_content .tdc-a-ad .TDC-Placeholder-Title: Przed {Pozycja: Absolute; TOP: 50%;-WebKit-Transform: Translatey (-50%); Transform: Translatey (-50%); margines: auto; Display: Tabela; szeroko\u015b\u0107: 100%}. tdb_single_content .TDB-BLOCK-INNER.TD-FIX-INDEX {Word-Break: Break-word} .tdi_41, .tdi_41> p, .tdi_41 .tdb-block-inner> p, .Wp-Block-Column> p {font-size: 16px! Wa\u017cne; wa\u017cny; p {font-styl: normalne! Wa\u017cne} @media (Max-Width: 767px) {. tdb_single_content .id_ad_content-horiz-left, .tdb_single_content .id_ad_content-horiz-right, .tdb_single_content .id_ad_content-horiz-centter {Margin: 0 AUTO 26PXX auto}}@media (Max-Width: 767px) {. tdb_single_content .id_ad_content-horiz-left {margin-right: 0}}@media (max-width: 767px) {. (Max-Width: 767px) {. tdb_single_content .td-a-ad {float: none; text-align: Center} .tdb_single_content .td-a-ad img {margin-right: auto; margin-left: auto} .tdb_single_content .tdc-a-a-a-{margin-right: auto; margin-left: auto} .tdb_single_content .tdd<\/style>\n<div class=\"tdb-block-inner td-fix-index\">\n<p>Republika telewizyjna ujawni\u0142a, \u017ce \u200b\u200bdokumenty nale\u017c\u0105ce do obywatela somalijskiego, wydanego przez w\u0142adze niemieckie, znaleziono w lesie w pobli\u017cu polskiej granicy. W dokumencie Niemcy wskaza\u0142y, \u017ce celem jego podr\u00f3\u017cy by\u0142a\u2026 Polska, pomimo faktu, \u017ce Somalijczycy wszed\u0142 do Niemiec ze Szwajcarii.<\/p>\n<figure class=\"wp-block-pullquote\">\n<blockquote>\n<p>\u201eJak to mo\u017cliwe, \u017ce osoba, kt\u00f3ra wed\u0142ug dokumentacji niemieckiej jest obudowa somalijska, kt\u00f3ra wesz\u0142a do Niemiec za po\u015brednictwem Zuga w Szwajcarii, jest teraz w Polsce, a jego dokumenty wydane przez w\u0142adze niemieckie rozproszone po granicowych lasach Polski?\u201d<\/p>\n<p><cite>&#8211; zapyta\u0142 Micha\u0142 Racho\u0144.<\/cite><\/p><\/blockquote>\n<\/figure>\n<h2 class=\"wp-block-heading\">Niemcy popychaj\u0105 migrant\u00f3w do Polski. TV Republika ujawnia dokument<\/h2>\n<p>Przez kilka dni telewizyjne Republika ujawnia coraz bardziej niepokoj\u0105ce informacje o przemyt nielegalnych imigrant\u00f3w &#8211; praktyki, kt\u00f3ra w pewnym stopniu zaanga\u017cowa\u0142a dzia\u0142aczy, kt\u00f3rzy od lat poparli obecny ob\u00f3z rz\u0105dz\u0105cy. Nazwiska takie jak Kutenina Suchanow, Bartosz Kramek i Pawel Kasprzak nale\u017c\u0105 do tych wymienionych w zwi\u0105zku ze skandalem przemytu.<\/p>\n<p>Jednocze\u015bnie przez wiele miesi\u0119cy trwa proces, w kt\u00f3rym Niemcy przenosz\u0105 nielegalnych migrant\u00f3w do Polski. Dzisiaj Micha\u0142 Racho\u0144 przedstawi\u0142 szokuj\u0105cy dokument wydany przez w\u0142adze niemieckie nielegalnego migranta z Somalii.<\/p>\n<figure class=\"wp-block-pullquote\">\n<blockquote>\n<p>\u201eWiemy o tym dokumencie, \u017ce nosi logo i emblematy niemieckich instytucji policyjnych i jest napisane w Somalii, poniewa\u017c dotyczy to obywatela somalijskiego, kt\u00f3ry zosta\u0142 zatrzymany przez w\u0142adze niemieckie i uznane za niekwalifikowane do pozostania w Niemczech. Sta\u0142o si\u0119 to 27 kwietnia\u201d<\/p>\n<p><cite>Poinformowa\u0142.<\/cite><\/p><\/blockquote>\n<\/figure>\n<figure class=\"wp-block-image size-full\"><picture><source  type=\"image\/webp\" data-><\/source><\/picture><img fetchpriority=\"high\" decoding=\"async\" width=\"1248\" height=\"720\" src=\"https:\/\/www.pogotowieflagowe.pl\/aktualne\/wp-content\/uploads\/2025\/05\/Niemcy-kontynuuja-przenoszenie-migrantow-do-Polski-TV-Republika-ujawnia-dokument.jpg\" alt=\"Niemcy kontynuuj\u0105 przenoszenie migrant\u00f3w do Polski. TV Republika ujawnia dokument!\" class=\"wp-image-55875\"   data-eio=\"l\"><figcaption class=\"wp-element-caption\">TV Republika<\/figcaption><\/figure>\n<p>Dokument stwierdzi\u0142, \u017ce obywatela Somalii odm\u00f3wiono prawa do pozostania w Niemczech z powodu braku wizy lub zezwolenia na pobyt:<\/p>\n<pre class=\"wp-block-preformatted\">\u201cYou were subjected to a check upon entering the Federal Republic of Germany. During this check, you did not present a valid entry document. As a result, there was immediate suspicion of illegal entry and stay in Germany. From an administrative law perspective, your entry is considered incomplete. Your statements during the interview regarding your intention to enter were thoroughly examined. You did not provide any information that would justify legal entry. Nor were there any grounds for protection as defined by asylum law. Therefore, based on Article 25 of the Border Control Act (SGK), and pursuant to Article 14 of the SGK, you are denied entry into the territory of Germany.\u201d<\/pre>\n<p>Jedna strona dokumentu zawiera\u0142a r\u00f3wnie\u017c informacje o tym, jak somalijski m\u0119\u017cczyzna wszed\u0142 do Niemiec.<\/p>\n<figure class=\"wp-block-gallery has-nested-images columns-default is-cropped wp-block-gallery-1 is-layout-flex wp-block-gallery-is-layout-flex\">\n<figure class=\"wp-block-image size-large\"><picture><source  type=\"image\/webp\" data-><img decoding=\"async\" width=\"1214\" height=\"720\" data-id=\"55878\" alt=\"\" class=\"wp-image-55878 lazyload\" data-eio=\"p\" src=\"https:\/\/www.pogotowieflagowe.pl\/aktualne\/wp-content\/uploads\/2025\/05\/1748267216_536_Niemcy-kontynuuja-przenoszenie-migrantow-do-Polski-TV-Republika-ujawnia-dokument.jpg\"  data- data-eio-rwidth=\"1214\" data-eio-rheight=\"720\"><\/source><\/picture><img decoding=\"async\" width=\"1214\" height=\"720\" data-id=\"55878\" src=\"https:\/\/www.pogotowieflagowe.pl\/aktualne\/wp-content\/uploads\/2025\/05\/1748267216_536_Niemcy-kontynuuja-przenoszenie-migrantow-do-Polski-TV-Republika-ujawnia-dokument.jpg\" alt=\"\" class=\"wp-image-55878\"   data-eio=\"l\"><figcaption class=\"wp-element-caption\">TV Republika<\/figcaption><\/figure>\n<figure class=\"wp-block-image size-large\"><picture><source  type=\"image\/webp\" data-><img decoding=\"async\" width=\"1237\" height=\"720\" data-id=\"55877\" alt=\"\" class=\"wp-image-55877 lazyload\" data-eio=\"p\" src=\"https:\/\/www.pogotowieflagowe.pl\/aktualne\/wp-content\/uploads\/2025\/05\/1748267216_288_Niemcy-kontynuuja-przenoszenie-migrantow-do-Polski-TV-Republika-ujawnia-dokument.jpg\"  data- data-eio-rwidth=\"1237\" data-eio-rheight=\"720\"><\/source><\/picture><img decoding=\"async\" width=\"1237\" height=\"720\" data-id=\"55877\" src=\"https:\/\/www.pogotowieflagowe.pl\/aktualne\/wp-content\/uploads\/2025\/05\/1748267216_288_Niemcy-kontynuuja-przenoszenie-migrantow-do-Polski-TV-Republika-ujawnia-dokument.jpg\" alt=\"\" class=\"wp-image-55877\"   data-eio=\"l\"><figcaption class=\"wp-element-caption\">TV Republika<\/figcaption><\/figure>\n<\/figure>\n<figure class=\"wp-block-pullquote\">\n<blockquote>\n<p>\u201eNajwa\u017cniejsze informacje znajduj\u0105 si\u0119 na dole.\u201e Polen \u201d, czyli Polska, jest wymieniona przez niemieckich urz\u0119dnik\u00f3w jako kraj docelowy dla tej osoby.\u201e Zug \u201dw Szwajcarii odnotowano jako miejsce, w kt\u00f3rym wszed\u0142 do Niemiec. Szwajcaria jest wskazana w dokumentach jako kraj, z kt\u00f3rego przeszed\u0142 do Niemiec\u201d, w Niemczech przekroczy\u0142 Niemcy \u201d<\/p>\n<p><cite>wyja\u015bni\u0142 Racho\u0144.<\/cite><\/p><\/blockquote>\n<\/figure>\n<p>Dziennikarz podkre\u015bli\u0142 r\u00f3wnie\u017c fakt, \u017ce dokumenty obywatela Somalii, wydane przez w\u0142adze niemieckie, zosta\u0142y znalezione w lesie w pobli\u017cu polskiej granicy:<\/p>\n<figure class=\"wp-block-pullquote\">\n<blockquote>\n<p>\u201eJak to mo\u017cliwe, \u017ce m\u0119\u017cczyzna &#8211; opisany przez samych Niemc\u00f3w jako Somalijczycy, kt\u00f3rzy weszli przez Zug, Szwajcari\u0119 &#8211; jest teraz w Polsce, a jego dokumenty wydane przez w\u0142adze niemieckie s\u0105 rozproszone po lasach w pobli\u017cu polskiej granicy? To pytanie b\u0119dziemy szuka\u0107 szczeg\u00f3\u0142owych odpowiedzi\u201d<\/p>\n<p><cite>Powiedzia\u0142.<\/cite><\/p><\/blockquote>\n<\/figure>\n<\/div>\n<\/div>\n","protected":false},"excerpt":{"rendered":"<p>Republika telewizyjna ujawni\u0142a, \u017ce \u200b\u200bdokumenty nale\u017c\u0105ce do obywatela somalijskiego, wydanego przez w\u0142adze niemieckie, znaleziono w lesie w pobli\u017cu polskiej granicy.<\/p>\n","protected":false},"author":1,"featured_media":5939,"comment_status":"closed","ping_status":"","sticky":false,"template":"","format":"standard","meta":{"footnotes":""},"categories":[44],"tags":[5750,7696,1185,30,72,7697,340,192],"class_list":["post-5938","post","type-post","status-publish","format-standard","has-post-thumbnail","hentry","category-polityka","tag-dokument","tag-kontynuuja","tag-migrantow","tag-niemcy","tag-polski","tag-przenoszenie","tag-republika","tag-ujawnia","generate-columns","tablet-grid-50","mobile-grid-100","grid-parent","grid-50","resize-featured-image"],"yoast_head":"<!-- This site is optimized with the Yoast SEO plugin v23.2 - https:\/\/yoast.com\/wordpress\/plugins\/seo\/ -->\n<title>Niemcy kontynuuj\u0105 przenoszenie migrant\u00f3w do Polski. TV Republika ujawnia dokument! - POGOTOWIE FLAGOWE\u00ae<\/title>\n<meta name=\"robots\" content=\"index, follow, max-snippet:-1, max-image-preview:large, max-video-preview:-1\" \/>\n<link rel=\"canonical\" href=\"https:\/\/www.pogotowieflagowe.pl\/aktualne\/niemcy-kontynuuja-przenoszenie-migrantow-do-polski-tv-republika-ujawnia-dokument\/\" \/>\n<meta property=\"og:locale\" content=\"pl_PL\" \/>\n<meta property=\"og:type\" content=\"article\" \/>\n<meta property=\"og:title\" content=\"Niemcy kontynuuj\u0105 przenoszenie migrant\u00f3w do Polski. TV Republika ujawnia dokument! - POGOTOWIE FLAGOWE\u00ae\" \/>\n<meta property=\"og:description\" content=\"Republika telewizyjna ujawni\u0142a, \u017ce \u200b\u200bdokumenty nale\u017c\u0105ce do obywatela somalijskiego, wydanego przez w\u0142adze niemieckie, znaleziono w lesie w pobli\u017cu polskiej granicy.\" \/>\n<meta property=\"og:url\" content=\"https:\/\/www.pogotowieflagowe.pl\/aktualne\/niemcy-kontynuuja-przenoszenie-migrantow-do-polski-tv-republika-ujawnia-dokument\/\" \/>\n<meta property=\"og:site_name\" content=\"POGOTOWIE FLAGOWE\u00ae\" \/>\n<meta property=\"article:published_time\" content=\"2025-05-26T13:46:56+00:00\" \/>\n<meta property=\"article:modified_time\" content=\"2025-05-26T13:46:57+00:00\" \/>\n<meta property=\"og:image\" content=\"https:\/\/www.pogotowieflagowe.pl\/aktualne\/wp-content\/uploads\/2025\/05\/Niemcy-kontynuuja-przenoszenie-migrantow-do-Polski-TV-Republika-ujawnia-dokument.webp.webp\" \/>\n\t<meta property=\"og:image:width\" content=\"1280\" \/>\n\t<meta property=\"og:image:height\" content=\"720\" \/>\n\t<meta property=\"og:image:type\" content=\"image\/webp\" \/>\n<meta name=\"author\" content=\"Filip\" \/>\n<meta name=\"twitter:card\" content=\"summary_large_image\" \/>\n<meta name=\"twitter:label1\" content=\"Napisane przez\" \/>\n\t<meta name=\"twitter:data1\" content=\"Filip\" \/>\n\t<meta name=\"twitter:label2\" content=\"Szacowany czas czytania\" \/>\n\t<meta name=\"twitter:data2\" content=\"3 minuty\" \/>\n<script type=\"application\/ld+json\" class=\"yoast-schema-graph\">{\"@context\":\"https:\/\/schema.org\",\"@graph\":[{\"@type\":\"Article\",\"@id\":\"https:\/\/www.pogotowieflagowe.pl\/aktualne\/niemcy-kontynuuja-przenoszenie-migrantow-do-polski-tv-republika-ujawnia-dokument\/#article\",\"isPartOf\":{\"@id\":\"https:\/\/www.pogotowieflagowe.pl\/aktualne\/niemcy-kontynuuja-przenoszenie-migrantow-do-polski-tv-republika-ujawnia-dokument\/\"},\"author\":{\"name\":\"Filip\",\"@id\":\"https:\/\/www.pogotowieflagowe.pl\/aktualne\/#\/schema\/person\/9c2fb7d2362ebf6fa088960d7f0d27b0\"},\"headline\":\"Niemcy kontynuuj\u0105 przenoszenie migrant\u00f3w do Polski. TV Republika ujawnia dokument!\",\"datePublished\":\"2025-05-26T13:46:56+00:00\",\"dateModified\":\"2025-05-26T13:46:57+00:00\",\"mainEntityOfPage\":{\"@id\":\"https:\/\/www.pogotowieflagowe.pl\/aktualne\/niemcy-kontynuuja-przenoszenie-migrantow-do-polski-tv-republika-ujawnia-dokument\/\"},\"wordCount\":427,\"publisher\":{\"@id\":\"https:\/\/www.pogotowieflagowe.pl\/aktualne\/#organization\"},\"image\":{\"@id\":\"https:\/\/www.pogotowieflagowe.pl\/aktualne\/niemcy-kontynuuja-przenoszenie-migrantow-do-polski-tv-republika-ujawnia-dokument\/#primaryimage\"},\"thumbnailUrl\":\"https:\/\/www.pogotowieflagowe.pl\/aktualne\/wp-content\/uploads\/2025\/05\/Niemcy-kontynuuja-przenoszenie-migrantow-do-Polski-TV-Republika-ujawnia-dokument.webp.webp\",\"keywords\":[\"dokument\",\"kontynuuj\u0105\",\"migrant\u00f3w\",\"Niemcy\",\"polski\",\"przenoszenie\",\"Republika\",\"ujawnia\"],\"articleSection\":[\"Polityka\"],\"inLanguage\":\"pl-PL\"},{\"@type\":\"WebPage\",\"@id\":\"https:\/\/www.pogotowieflagowe.pl\/aktualne\/niemcy-kontynuuja-przenoszenie-migrantow-do-polski-tv-republika-ujawnia-dokument\/\",\"url\":\"https:\/\/www.pogotowieflagowe.pl\/aktualne\/niemcy-kontynuuja-przenoszenie-migrantow-do-polski-tv-republika-ujawnia-dokument\/\",\"name\":\"Niemcy kontynuuj\u0105 przenoszenie migrant\u00f3w do Polski. TV Republika ujawnia dokument! - POGOTOWIE FLAGOWE\u00ae\",\"isPartOf\":{\"@id\":\"https:\/\/www.pogotowieflagowe.pl\/aktualne\/#website\"},\"primaryImageOfPage\":{\"@id\":\"https:\/\/www.pogotowieflagowe.pl\/aktualne\/niemcy-kontynuuja-przenoszenie-migrantow-do-polski-tv-republika-ujawnia-dokument\/#primaryimage\"},\"image\":{\"@id\":\"https:\/\/www.pogotowieflagowe.pl\/aktualne\/niemcy-kontynuuja-przenoszenie-migrantow-do-polski-tv-republika-ujawnia-dokument\/#primaryimage\"},\"thumbnailUrl\":\"https:\/\/www.pogotowieflagowe.pl\/aktualne\/wp-content\/uploads\/2025\/05\/Niemcy-kontynuuja-przenoszenie-migrantow-do-Polski-TV-Republika-ujawnia-dokument.webp.webp\",\"datePublished\":\"2025-05-26T13:46:56+00:00\",\"dateModified\":\"2025-05-26T13:46:57+00:00\",\"breadcrumb\":{\"@id\":\"https:\/\/www.pogotowieflagowe.pl\/aktualne\/niemcy-kontynuuja-przenoszenie-migrantow-do-polski-tv-republika-ujawnia-dokument\/#breadcrumb\"},\"inLanguage\":\"pl-PL\",\"potentialAction\":[{\"@type\":\"ReadAction\",\"target\":[\"https:\/\/www.pogotowieflagowe.pl\/aktualne\/niemcy-kontynuuja-przenoszenie-migrantow-do-polski-tv-republika-ujawnia-dokument\/\"]}]},{\"@type\":\"ImageObject\",\"inLanguage\":\"pl-PL\",\"@id\":\"https:\/\/www.pogotowieflagowe.pl\/aktualne\/niemcy-kontynuuja-przenoszenie-migrantow-do-polski-tv-republika-ujawnia-dokument\/#primaryimage\",\"url\":\"https:\/\/www.pogotowieflagowe.pl\/aktualne\/wp-content\/uploads\/2025\/05\/Niemcy-kontynuuja-przenoszenie-migrantow-do-Polski-TV-Republika-ujawnia-dokument.webp.webp\",\"contentUrl\":\"https:\/\/www.pogotowieflagowe.pl\/aktualne\/wp-content\/uploads\/2025\/05\/Niemcy-kontynuuja-przenoszenie-migrantow-do-Polski-TV-Republika-ujawnia-dokument.webp.webp\",\"width\":1280,\"height\":720,\"caption\":\"Niemcy kontynuuj\u0105 przenoszenie migrant\u00f3w do Polski. TV Republika ujawnia dokument!\"},{\"@type\":\"BreadcrumbList\",\"@id\":\"https:\/\/www.pogotowieflagowe.pl\/aktualne\/niemcy-kontynuuja-przenoszenie-migrantow-do-polski-tv-republika-ujawnia-dokument\/#breadcrumb\",\"itemListElement\":[{\"@type\":\"ListItem\",\"position\":1,\"name\":\"Home\",\"item\":\"https:\/\/www.pogotowieflagowe.pl\/aktualne\/\"},{\"@type\":\"ListItem\",\"position\":2,\"name\":\"Niemcy kontynuuj\u0105 przenoszenie migrant\u00f3w do Polski. TV Republika ujawnia dokument!\"}]},{\"@type\":\"WebSite\",\"@id\":\"https:\/\/www.pogotowieflagowe.pl\/aktualne\/#website\",\"url\":\"https:\/\/www.pogotowieflagowe.pl\/aktualne\/\",\"name\":\"POGOTOWIE FLAGOWE\u00ae\",\"description\":\"\",\"publisher\":{\"@id\":\"https:\/\/www.pogotowieflagowe.pl\/aktualne\/#organization\"},\"potentialAction\":[{\"@type\":\"SearchAction\",\"target\":{\"@type\":\"EntryPoint\",\"urlTemplate\":\"https:\/\/www.pogotowieflagowe.pl\/aktualne\/?s={search_term_string}\"},\"query-input\":\"required name=search_term_string\"}],\"inLanguage\":\"pl-PL\"},{\"@type\":\"Organization\",\"@id\":\"https:\/\/www.pogotowieflagowe.pl\/aktualne\/#organization\",\"name\":\"POGOTOWIE FLAGOWE\u00ae\",\"url\":\"https:\/\/www.pogotowieflagowe.pl\/aktualne\/\",\"logo\":{\"@type\":\"ImageObject\",\"inLanguage\":\"pl-PL\",\"@id\":\"https:\/\/www.pogotowieflagowe.pl\/aktualne\/#\/schema\/logo\/image\/\",\"url\":\"https:\/\/www.pogotowieflagowe.pl\/aktualne\/wp-content\/uploads\/2024\/08\/cropped-pogotowieflagowe_flaga_projekt_sm.jpg\",\"contentUrl\":\"https:\/\/www.pogotowieflagowe.pl\/aktualne\/wp-content\/uploads\/2024\/08\/cropped-pogotowieflagowe_flaga_projekt_sm.jpg\",\"width\":250,\"height\":143,\"caption\":\"POGOTOWIE FLAGOWE\u00ae\"},\"image\":{\"@id\":\"https:\/\/www.pogotowieflagowe.pl\/aktualne\/#\/schema\/logo\/image\/\"}},{\"@type\":\"Person\",\"@id\":\"https:\/\/www.pogotowieflagowe.pl\/aktualne\/#\/schema\/person\/9c2fb7d2362ebf6fa088960d7f0d27b0\",\"name\":\"Filip\",\"image\":{\"@type\":\"ImageObject\",\"inLanguage\":\"pl-PL\",\"@id\":\"https:\/\/www.pogotowieflagowe.pl\/aktualne\/#\/schema\/person\/image\/\",\"url\":\"https:\/\/www.pogotowieflagowe.pl\/aktualne\/wp-content\/uploads\/2024\/08\/pogotowieflagowe.pl_.jpg\",\"contentUrl\":\"https:\/\/www.pogotowieflagowe.pl\/aktualne\/wp-content\/uploads\/2024\/08\/pogotowieflagowe.pl_.jpg\",\"caption\":\"Filip\"},\"description\":\"Jestem Filip, polski dziennikarz z dyplomem nauk politycznych Uniwersytetu Warszawskiego. Rozpoczynaj\u0105c swoj\u0105 karier\u0119 w r\u00f3\u017cnych lokalnych mediach, zdoby\u0142em solidne do\u015bwiadczenie w zakresie \u015bledztwa i redakcji. Obecnie jako redaktor w Pogotowie flagowe, staram si\u0119 dostarcza\u0107 dog\u0142\u0119bne i istotne analizy na temat najwa\u017cniejszych kwestii aktualno\u015bci, \u0142\u0105cz\u0105c rygor z pasj\u0105 dziennikarsk\u0105.\",\"sameAs\":[\"https:\/\/www.pogotowieflagowe.pl\/\"]}]}<\/script>\n<!-- \/ Yoast SEO plugin. -->","yoast_head_json":{"title":"Niemcy kontynuuj\u0105 przenoszenie migrant\u00f3w do Polski. TV Republika ujawnia dokument! - POGOTOWIE FLAGOWE\u00ae","robots":{"index":"index","follow":"follow","max-snippet":"max-snippet:-1","max-image-preview":"max-image-preview:large","max-video-preview":"max-video-preview:-1"},"canonical":"https:\/\/www.pogotowieflagowe.pl\/aktualne\/niemcy-kontynuuja-przenoszenie-migrantow-do-polski-tv-republika-ujawnia-dokument\/","og_locale":"pl_PL","og_type":"article","og_title":"Niemcy kontynuuj\u0105 przenoszenie migrant\u00f3w do Polski. TV Republika ujawnia dokument! - POGOTOWIE FLAGOWE\u00ae","og_description":"Republika telewizyjna ujawni\u0142a, \u017ce \u200b\u200bdokumenty nale\u017c\u0105ce do obywatela somalijskiego, wydanego przez w\u0142adze niemieckie, znaleziono w lesie w pobli\u017cu polskiej granicy.","og_url":"https:\/\/www.pogotowieflagowe.pl\/aktualne\/niemcy-kontynuuja-przenoszenie-migrantow-do-polski-tv-republika-ujawnia-dokument\/","og_site_name":"POGOTOWIE FLAGOWE\u00ae","article_published_time":"2025-05-26T13:46:56+00:00","article_modified_time":"2025-05-26T13:46:57+00:00","og_image":[{"width":1280,"height":720,"url":"https:\/\/www.pogotowieflagowe.pl\/aktualne\/wp-content\/uploads\/2025\/05\/Niemcy-kontynuuja-przenoszenie-migrantow-do-Polski-TV-Republika-ujawnia-dokument.webp.webp","type":"image\/webp"}],"author":"Filip","twitter_card":"summary_large_image","twitter_misc":{"Napisane przez":"Filip","Szacowany czas czytania":"3 minuty"},"schema":{"@context":"https:\/\/schema.org","@graph":[{"@type":"Article","@id":"https:\/\/www.pogotowieflagowe.pl\/aktualne\/niemcy-kontynuuja-przenoszenie-migrantow-do-polski-tv-republika-ujawnia-dokument\/#article","isPartOf":{"@id":"https:\/\/www.pogotowieflagowe.pl\/aktualne\/niemcy-kontynuuja-przenoszenie-migrantow-do-polski-tv-republika-ujawnia-dokument\/"},"author":{"name":"Filip","@id":"https:\/\/www.pogotowieflagowe.pl\/aktualne\/#\/schema\/person\/9c2fb7d2362ebf6fa088960d7f0d27b0"},"headline":"Niemcy kontynuuj\u0105 przenoszenie migrant\u00f3w do Polski. TV Republika ujawnia dokument!","datePublished":"2025-05-26T13:46:56+00:00","dateModified":"2025-05-26T13:46:57+00:00","mainEntityOfPage":{"@id":"https:\/\/www.pogotowieflagowe.pl\/aktualne\/niemcy-kontynuuja-przenoszenie-migrantow-do-polski-tv-republika-ujawnia-dokument\/"},"wordCount":427,"publisher":{"@id":"https:\/\/www.pogotowieflagowe.pl\/aktualne\/#organization"},"image":{"@id":"https:\/\/www.pogotowieflagowe.pl\/aktualne\/niemcy-kontynuuja-przenoszenie-migrantow-do-polski-tv-republika-ujawnia-dokument\/#primaryimage"},"thumbnailUrl":"https:\/\/www.pogotowieflagowe.pl\/aktualne\/wp-content\/uploads\/2025\/05\/Niemcy-kontynuuja-przenoszenie-migrantow-do-Polski-TV-Republika-ujawnia-dokument.webp.webp","keywords":["dokument","kontynuuj\u0105","migrant\u00f3w","Niemcy","polski","przenoszenie","Republika","ujawnia"],"articleSection":["Polityka"],"inLanguage":"pl-PL"},{"@type":"WebPage","@id":"https:\/\/www.pogotowieflagowe.pl\/aktualne\/niemcy-kontynuuja-przenoszenie-migrantow-do-polski-tv-republika-ujawnia-dokument\/","url":"https:\/\/www.pogotowieflagowe.pl\/aktualne\/niemcy-kontynuuja-przenoszenie-migrantow-do-polski-tv-republika-ujawnia-dokument\/","name":"Niemcy kontynuuj\u0105 przenoszenie migrant\u00f3w do Polski. TV Republika ujawnia dokument! - POGOTOWIE FLAGOWE\u00ae","isPartOf":{"@id":"https:\/\/www.pogotowieflagowe.pl\/aktualne\/#website"},"primaryImageOfPage":{"@id":"https:\/\/www.pogotowieflagowe.pl\/aktualne\/niemcy-kontynuuja-przenoszenie-migrantow-do-polski-tv-republika-ujawnia-dokument\/#primaryimage"},"image":{"@id":"https:\/\/www.pogotowieflagowe.pl\/aktualne\/niemcy-kontynuuja-przenoszenie-migrantow-do-polski-tv-republika-ujawnia-dokument\/#primaryimage"},"thumbnailUrl":"https:\/\/www.pogotowieflagowe.pl\/aktualne\/wp-content\/uploads\/2025\/05\/Niemcy-kontynuuja-przenoszenie-migrantow-do-Polski-TV-Republika-ujawnia-dokument.webp.webp","datePublished":"2025-05-26T13:46:56+00:00","dateModified":"2025-05-26T13:46:57+00:00","breadcrumb":{"@id":"https:\/\/www.pogotowieflagowe.pl\/aktualne\/niemcy-kontynuuja-przenoszenie-migrantow-do-polski-tv-republika-ujawnia-dokument\/#breadcrumb"},"inLanguage":"pl-PL","potentialAction":[{"@type":"ReadAction","target":["https:\/\/www.pogotowieflagowe.pl\/aktualne\/niemcy-kontynuuja-przenoszenie-migrantow-do-polski-tv-republika-ujawnia-dokument\/"]}]},{"@type":"ImageObject","inLanguage":"pl-PL","@id":"https:\/\/www.pogotowieflagowe.pl\/aktualne\/niemcy-kontynuuja-przenoszenie-migrantow-do-polski-tv-republika-ujawnia-dokument\/#primaryimage","url":"https:\/\/www.pogotowieflagowe.pl\/aktualne\/wp-content\/uploads\/2025\/05\/Niemcy-kontynuuja-przenoszenie-migrantow-do-Polski-TV-Republika-ujawnia-dokument.webp.webp","contentUrl":"https:\/\/www.pogotowieflagowe.pl\/aktualne\/wp-content\/uploads\/2025\/05\/Niemcy-kontynuuja-przenoszenie-migrantow-do-Polski-TV-Republika-ujawnia-dokument.webp.webp","width":1280,"height":720,"caption":"Niemcy kontynuuj\u0105 przenoszenie migrant\u00f3w do Polski. TV Republika ujawnia dokument!"},{"@type":"BreadcrumbList","@id":"https:\/\/www.pogotowieflagowe.pl\/aktualne\/niemcy-kontynuuja-przenoszenie-migrantow-do-polski-tv-republika-ujawnia-dokument\/#breadcrumb","itemListElement":[{"@type":"ListItem","position":1,"name":"Home","item":"https:\/\/www.pogotowieflagowe.pl\/aktualne\/"},{"@type":"ListItem","position":2,"name":"Niemcy kontynuuj\u0105 przenoszenie migrant\u00f3w do Polski. TV Republika ujawnia dokument!"}]},{"@type":"WebSite","@id":"https:\/\/www.pogotowieflagowe.pl\/aktualne\/#website","url":"https:\/\/www.pogotowieflagowe.pl\/aktualne\/","name":"POGOTOWIE FLAGOWE\u00ae","description":"","publisher":{"@id":"https:\/\/www.pogotowieflagowe.pl\/aktualne\/#organization"},"potentialAction":[{"@type":"SearchAction","target":{"@type":"EntryPoint","urlTemplate":"https:\/\/www.pogotowieflagowe.pl\/aktualne\/?s={search_term_string}"},"query-input":"required name=search_term_string"}],"inLanguage":"pl-PL"},{"@type":"Organization","@id":"https:\/\/www.pogotowieflagowe.pl\/aktualne\/#organization","name":"POGOTOWIE FLAGOWE\u00ae","url":"https:\/\/www.pogotowieflagowe.pl\/aktualne\/","logo":{"@type":"ImageObject","inLanguage":"pl-PL","@id":"https:\/\/www.pogotowieflagowe.pl\/aktualne\/#\/schema\/logo\/image\/","url":"https:\/\/www.pogotowieflagowe.pl\/aktualne\/wp-content\/uploads\/2024\/08\/cropped-pogotowieflagowe_flaga_projekt_sm.jpg","contentUrl":"https:\/\/www.pogotowieflagowe.pl\/aktualne\/wp-content\/uploads\/2024\/08\/cropped-pogotowieflagowe_flaga_projekt_sm.jpg","width":250,"height":143,"caption":"POGOTOWIE FLAGOWE\u00ae"},"image":{"@id":"https:\/\/www.pogotowieflagowe.pl\/aktualne\/#\/schema\/logo\/image\/"}},{"@type":"Person","@id":"https:\/\/www.pogotowieflagowe.pl\/aktualne\/#\/schema\/person\/9c2fb7d2362ebf6fa088960d7f0d27b0","name":"Filip","image":{"@type":"ImageObject","inLanguage":"pl-PL","@id":"https:\/\/www.pogotowieflagowe.pl\/aktualne\/#\/schema\/person\/image\/","url":"https:\/\/www.pogotowieflagowe.pl\/aktualne\/wp-content\/uploads\/2024\/08\/pogotowieflagowe.pl_.jpg","contentUrl":"https:\/\/www.pogotowieflagowe.pl\/aktualne\/wp-content\/uploads\/2024\/08\/pogotowieflagowe.pl_.jpg","caption":"Filip"},"description":"Jestem Filip, polski dziennikarz z dyplomem nauk politycznych Uniwersytetu Warszawskiego. Rozpoczynaj\u0105c swoj\u0105 karier\u0119 w r\u00f3\u017cnych lokalnych mediach, zdoby\u0142em solidne do\u015bwiadczenie w zakresie \u015bledztwa i redakcji. Obecnie jako redaktor w Pogotowie flagowe, staram si\u0119 dostarcza\u0107 dog\u0142\u0119bne i istotne analizy na temat najwa\u017cniejszych kwestii aktualno\u015bci, \u0142\u0105cz\u0105c rygor z pasj\u0105 dziennikarsk\u0105.","sameAs":["https:\/\/www.pogotowieflagowe.pl\/"]}]}},"_links":{"self":[{"href":"https:\/\/www.pogotowieflagowe.pl\/aktualne\/wp-json\/wp\/v2\/posts\/5938","targetHints":{"allow":["GET"]}}],"collection":[{"href":"https:\/\/www.pogotowieflagowe.pl\/aktualne\/wp-json\/wp\/v2\/posts"}],"about":[{"href":"https:\/\/www.pogotowieflagowe.pl\/aktualne\/wp-json\/wp\/v2\/types\/post"}],"author":[{"embeddable":true,"href":"https:\/\/www.pogotowieflagowe.pl\/aktualne\/wp-json\/wp\/v2\/users\/1"}],"replies":[{"embeddable":true,"href":"https:\/\/www.pogotowieflagowe.pl\/aktualne\/wp-json\/wp\/v2\/comments?post=5938"}],"version-history":[{"count":1,"href":"https:\/\/www.pogotowieflagowe.pl\/aktualne\/wp-json\/wp\/v2\/posts\/5938\/revisions"}],"predecessor-version":[{"id":5940,"href":"https:\/\/www.pogotowieflagowe.pl\/aktualne\/wp-json\/wp\/v2\/posts\/5938\/revisions\/5940"}],"wp:featuredmedia":[{"embeddable":true,"href":"https:\/\/www.pogotowieflagowe.pl\/aktualne\/wp-json\/wp\/v2\/media\/5939"}],"wp:attachment":[{"href":"https:\/\/www.pogotowieflagowe.pl\/aktualne\/wp-json\/wp\/v2\/media?parent=5938"}],"wp:term":[{"taxonomy":"category","embeddable":true,"href":"https:\/\/www.pogotowieflagowe.pl\/aktualne\/wp-json\/wp\/v2\/categories?post=5938"},{"taxonomy":"post_tag","embeddable":true,"href":"https:\/\/www.pogotowieflagowe.pl\/aktualne\/wp-json\/wp\/v2\/tags?post=5938"}],"curies":[{"name":"wp","href":"https:\/\/api.w.org\/{rel}","templated":true}]}}