{"id":5944,"date":"2025-05-26T21:48:56","date_gmt":"2025-05-26T19:48:56","guid":{"rendered":"https:\/\/www.pogotowieflagowe.pl\/aktualne\/trzaskowski-friends-victory-iskrzy-migracyjny-wdrazanie-paktu-w-rumunii\/"},"modified":"2025-05-26T21:48:57","modified_gmt":"2025-05-26T19:48:57","slug":"trzaskowski-friends-victory-iskrzy-migracyjny-wdrazanie-paktu-w-rumunii","status":"publish","type":"post","link":"https:\/\/www.pogotowieflagowe.pl\/aktualne\/trzaskowski-friends-victory-iskrzy-migracyjny-wdrazanie-paktu-w-rumunii\/","title":{"rendered":"Trzaskowski \u201eFriend&#8217;s\u201d Victory iskrzy migracyjny wdra\u017canie paktu w Rumunii"},"content":{"rendered":"\n<div class=\"td_block_wrap tdb_single_content tdi_41 td-pb-border-top td_block_template_8 td-post-content tagdiv-type\" data-td-block-uid=\"tdi_41\">\n<style>.tdi_41 {margin-top: 0px! Wa\u017cne; margines-bottom: 0px! WA\u017bNY; PALDING-TOP: 0PX! WA\u017bNY; PALDING-BOTTOM: 0PX! WA\u017bNE}<\/style>\n<style>.tdb_single_content {margin-bottom: 0;*zoom: 1} .tdb_single_content: wcze\u015bniej, .tdb_single_content: po {display: Table; content: ''; line-height: 0} .TDB-BLOCK-INner>*: nie (.WP-BLOCK-QUOTE): not (.alignSwide): not (.Alignfull.wp-block-cover.has-parallax): not (.td-a-ad) {margin-left: auto; margin-right: auto} .tdb_single_ConTent a {wska\u017anik-events: auto} .tdb_single_content .td-spot-id-top_ad .tdc-placeholder-title: przed {content: \u201eArtyku\u0142 top ad\u201d! Wa\u017cne} .tdb_single_content .td-Spot-Id-inline_ad0 .tdc-placeholder-title 1 '! Wa\u017cne} .tdb_single_content .td-Spot-Id-inline_Ad1 .tdc-Placeholder-Title: przed {content: \u201eArtyku\u0142 inline AD 2'! Wa\u017cny} .tdb_single_content. 3 '! Wa\u017cne} .tdb_single_content .td-Spot-Id-Bottom_Ad .tdc-Placeholder-Title: przed {content: \u201eArtyku\u0142 Bottom Ad\u201d! Wa\u017cne} .tdb_single_content .id_top_ad, .tdb_single_content_content .id_bottom_ad {clear: oba; margin-bottom: 21px; text-align: Center} .tdb_single_content .id_top_ad img, .tdb_single_content .id_bottom_ad img {margin-bottom: 0} .tdb_single_conTent .id_top_ad .adsbyGoogle, .tdb_single_content .id_bottom_ad .adsbyGoogle {pozycja: relatyw} .tdb_single_content .id_ad_content-horiz-left, .tdb_single_content .id_ad_content-horiz-right, .tdb_single_content .id_ad_content-horiz-Center {margin-bottom: 15px} .tdb_single_content .id_ad_content-horiz-left Img, .tdb_single_content .id_ad_content-horiz-right img, .tdb_single_content .id_ad_content-horiz-centerter img {margin-bottom: 0} .tdb_single_content .id_ad_content-horiz-center {text-align: Center} .tdb_single_content .id_ad_content-horiz-center img {margin-right: auto; margin-let: auto} .tdb_single_content .id_ad_content-horiz-left {float: left; margin-top: 9px; margin-right: 21px} .tdb_single_content .id_ad_content-horiz-right {float: margin-top: 6px; margin-left: 21px} .tdb_single_content .tdc-a-a-ad .TDC-Placeholder-Title {szeroko\u015b\u0107: 300px; height: 250px} .tdb_single_content .tdc-a-ad .TDC-Placeholder-Title: Przed {Pozycja: Absolute; TOP: 50%;-WebKit-Transform: Translatey (-50%); Transform: Translatey (-50%); margines: auto; Display: Tabela; szeroko\u015b\u0107: 100%}. tdb_single_content .TDB-BLOCK-INNER.TD-FIX-INDEX {Word-Break: Break-word} .tdi_41, .tdi_41> p, .tdi_41 .tdb-block-inner> p, .Wp-Block-Column> p {font-size: 16px! Wa\u017cne; wa\u017cny; p {font-styl: normalne! Wa\u017cne} @media (Max-Width: 767px) {. tdb_single_content .id_ad_content-horiz-left, .tdb_single_content .id_ad_content-horiz-right, .tdb_single_content .id_ad_content-horiz-centter {Margin: 0 AUTO 26PXX auto}}@media (Max-Width: 767px) {. tdb_single_content .id_ad_content-horiz-left {margin-right: 0}}@media (max-width: 767px) {. (Max-Width: 767px) {. tdb_single_content .td-a-ad {float: none; text-align: Center} .tdb_single_content .td-a-ad img {margin-right: auto; margin-left: auto} .tdb_single_content .tdc-a-a-a-{margin-right: auto; margin-left: auto} .tdb_single_content .tdd<\/style>\n<div class=\"tdb-block-inner td-fix-index\">\n<p>Pakt migracyjny \u017cyje i ma si\u0119 dobrze. W Rumunii, po zwyci\u0119stwie \u201eproeuropejskiego\u201d ORIUM DAN, maszyna zalania kraju migrantami zacz\u0119\u0142a si\u0119 porusza\u0107. \u201eCzy tego chcesz?\u201d pyta Janusza Kowalskiego, pos\u0142a PIS (prawo i sprawiedliwo\u015b\u0107), w mediach spo\u0142eczno\u015bciowych.<\/p>\n<p>W ostatni\u0105 niedziel\u0119 odby\u0142a si\u0119 druga runda wybor\u00f3w prezydenckich w Rumunii.<\/p>\n<p>W przeciwie\u0144stwie do oczekiwa\u0144-i pomimo pe\u0142nego wsparcia prawicowych sojusznik\u00f3w w ca\u0142ej Europie-George Samion nie sta\u0142 si\u0119 szefem pa\u0144stwa. Burmistrz Bukaresztu, OIMU\u0219or Dan, zwyci\u0119\u017cy\u0142.<\/p>\n<h2 class=\"wp-block-heading\">Wsparcie z Rumunii<\/h2>\n<p>Dan jest politykiem \u201eproeuropejskim\u201d, kt\u00f3rego pogl\u0105dy s\u0105 dalekie od konserwatywnych warto\u015bci. Jego zwyci\u0119stwo \u015bwi\u0119towano przez polityk\u00f3w z koalicji z 13 grudnia, w tym Donalda Tuska i zast\u0119pcy jego partii, Rafa\u0142 Trzaskowskiego.<\/p>\n<p>Nic wi\u0119c dziwnego, \u017ce rumu\u0144ski prezydent-elekt oficjalnie popar\u0142 Trzaskowskiego w wy\u015bcigu prezydenckim w Polsce. Wczoraj rumu\u0144ski polityk przyby\u0142 do Polski. Najpierw spotka\u0142 si\u0119 z Tuskiem w biurze premiera. P\u00f3\u017aniej, jako gest solidarno\u015bci z Trzaskowskim, do\u0142\u0105czy\u0142 do marszu zorganizowanego przez ich kr\u0105g polityczny.<\/p>\n<p>Podczas swojego przem\u00f3wienia o\u015bwiadczy\u0142:<\/p>\n<figure class=\"wp-block-pullquote\">\n<blockquote>\n<p><em>\u201eJako Prezydent Rumunii b\u0119d\u0119 \u015bci\u015ble wsp\u00f3\u0142pracowa\u0107 z prezydentem Rafa\u0142em Trzaskowskim i premierem Donaldem Tuskiem, aby zapewni\u0107 siln\u0105 Polsk\u0119 i siln\u0105 Uni\u0119 Europejsk\u0105. (\u2026) Rumu\u0144ski nar\u00f3d odrzuci\u0142 izolacjonizm i wp\u0142ywy rosyjskie. Ludzie wybrali uczciwo\u015b\u0107, uczciwo\u015b\u0107 i szacunek dla prawa.\u201d<\/em><\/p>\n<\/blockquote>\n<\/figure>\n<p>I wreszcie: <em>\u201eTydzie\u0144 temu wygra\u0142a ca\u0142a Rumunia &#8211; w przysz\u0142ym tygodniu ca\u0142a Polska wygra\u201d.<\/em><\/p>\n<h2 class=\"wp-block-heading\">Nowy prezydent Rumunii. Pierwsze efekty niepo\u017c\u0105dane pojawiaj\u0105 si\u0119<\/h2>\n<p>Jednak zgodnie z proeuropejsk\u0105 postaw\u0105 Dana Rumunia ju\u017c zacz\u0119\u0142a wdra\u017ca\u0107 niekt\u00f3re polityki UE-mianowicie kraj ten jest zalany migrantami.<\/p>\n<p>Warto zauwa\u017cy\u0107, \u017ce podczas kampanii Dan pr\u00f3bowa\u0142 unikn\u0105\u0107 rozwi\u0105zania problemu paktu migracyjnego, podczas gdy Symion otwarcie go skrytykowa\u0142. Teraz, gdy Dan wygra\u0142, operacja trwa i nabiera rozp\u0119du.<\/p>\n<p>Agencja Unii Europejskiej dla azylu (EUAA) udost\u0119pni\u0142a nast\u0119puj\u0105c\u0105 aktualizacj\u0119 swojego oficjalnego profilu:<\/p>\n<pre class=\"wp-block-preformatted\">The EUAA actively supports Romania in over 10 locations, including Bucharest, Galati, Iasi, Radauti, Somcuta Mare, Cluj-Napoca, Sibiu, Brasov, Timisoara and Constanta.<br><br>Our support includes:<br>\ud83d\udfe6 Registration of temporary protection beneficiaries and international protection applicants<br>\ud83d\udfe6 Asylum interviews and first-instance opinions<br>\ud83d\udfe6 Information provision and communication materials for Temporary Protection Beneficiaries<br>\ud83d\udfe6 Development of standard operating procedures, tools, and quality standards<br>\ud83d\udfe6 Support to enhance reception capacity<br>\ud83d\udfe6 Deployment of interpreters and experts<br>\ud83d\udfe6 Training for National Authorities<br><br>By working closely with Romania\u2019s Ministry of Interior - Ministerul Afacerilor Interne, Romania, including the General Inspectorate for Immigration &amp; Border Police - Inspectoratul General pentru Imigrari as well as the National Authority for the Protection of Child's Rights and Adoption - we ensure a coordinated, high-quality response across key areas.<\/pre>\n<h2 class=\"wp-block-heading\">\u201eRozpocz\u0119\u0142o si\u0119 ju\u017c w Rumunii\u201d<\/h2>\n<p>Co to oznacza? \u017be pakt migracyjny jest obecnie wdra\u017cany w Rumunii.<\/p>\n<figure class=\"wp-block-pullquote\">\n<blockquote>\n<p><em>\u201eRozpocz\u0119\u0142o si\u0119 ju\u017c w Rumunii. Buddy Trzaskowskiego wygra\u0142 wybory prezydenckie, a Rumunia natychmiast przyjmuje nielegalnych migrant\u00f3w! Czy tego chcesz?\u201d<\/em> <\/p>\n<p><cite>&#8211; pisze Janusz Kowalski, Pis MP, na X.<\/cite><\/p><\/blockquote>\n<\/figure>\n<figure class=\"wp-block-embed is-type-rich is-provider-twitter wp-block-embed-twitter\">\n<div class=\"wp-block-embed__wrapper\">\n<blockquote class=\"twitter-tweet\" data-width=\"550\" data-dnt=\"true\">\n<p lang=\"pl\" dir=\"ltr\">W Rumunii JU\u017c si\u0119 ZACZ\u0119\u0141O. Kumpel Trzaskowskigo Wygran Wybory Prezydenckie I Rumunia od Razu Przymmuje Nielelegalnych imigran\u00f3w! TEGO CHCECIE?<a rel=\"nofollow\" href=\"https:\/\/twitter.com\/hashtag\/ByleNieTrzaskowski?src=hash&amp;ref_src=twsrc%5Etfw\">#ByLenieZaskowski<\/a> <a rel=\"nofollow\" href=\"https:\/\/t.co\/j8IpFgjxf4\">pic.twitter.com\/j8ipfgjxf4<\/a><\/p>\n<p>&#8211; Janusz Kowalski \ud83c\uddf5\ud83c\uddf1 (@jkowalski_posel) <a rel=\"nofollow\" href=\"https:\/\/twitter.com\/JKowalski_posel\/status\/1926657046574666024?ref_src=twsrc%5Etfw\">25 maja 2025 r<\/a><\/p><\/blockquote>\n<\/div>\n<\/figure>\n<p>Warto pami\u0119ta\u0107, \u017ce w korytarzach polityki europejskiej istnieje s\u0142owo, \u017ce dyskusja wok\u00f3\u0142 paktu migracyjnego jest obecnie stonowana. Dlaczego? Poniewa\u017c Polska jest w trakcie kampanii wyborczej. Szymon Szynkowski Vel S\u0119k (PIS) niedawno skomentowa\u0142 wi\u0119cej na ten temat.<\/p>\n<\/div>\n<\/div>\n<p><script async src=\"https:\/\/platform.twitter.com\/widgets.js\" charset=\"utf-8\"><\/script><\/p>\n","protected":false},"excerpt":{"rendered":"<p>Pakt migracyjny \u017cyje i ma si\u0119 dobrze. W Rumunii, po zwyci\u0119stwie \u201eproeuropejskiego\u201d ORIUM DAN, maszyna zalania kraju migrantami zacz\u0119\u0142a si\u0119<\/p>\n","protected":false},"author":1,"featured_media":3833,"comment_status":"closed","ping_status":"","sticky":false,"template":"","format":"standard","meta":{"footnotes":""},"categories":[44],"tags":[7703,5405,2393,5453,3979,2196,7704,7705],"class_list":["post-5944","post","type-post","status-publish","format-standard","has-post-thumbnail","hentry","category-polityka","tag-friends","tag-iskrzy","tag-migracyjny","tag-paktu","tag-rumunii","tag-trzaskowski","tag-victory","tag-wdrazanie","generate-columns","tablet-grid-50","mobile-grid-100","grid-parent","grid-50","resize-featured-image"],"yoast_head":"<!-- This site is optimized with the Yoast SEO plugin v23.2 - https:\/\/yoast.com\/wordpress\/plugins\/seo\/ -->\n<title>Trzaskowski \u201eFriend&#039;s\u201d Victory iskrzy migracyjny wdra\u017canie paktu w Rumunii - POGOTOWIE FLAGOWE\u00ae<\/title>\n<meta name=\"robots\" content=\"index, follow, max-snippet:-1, max-image-preview:large, max-video-preview:-1\" \/>\n<link rel=\"canonical\" href=\"https:\/\/www.pogotowieflagowe.pl\/aktualne\/trzaskowski-friends-victory-iskrzy-migracyjny-wdrazanie-paktu-w-rumunii\/\" \/>\n<meta property=\"og:locale\" content=\"pl_PL\" \/>\n<meta property=\"og:type\" content=\"article\" \/>\n<meta property=\"og:title\" content=\"Trzaskowski \u201eFriend&#039;s\u201d Victory iskrzy migracyjny wdra\u017canie paktu w Rumunii - POGOTOWIE FLAGOWE\u00ae\" \/>\n<meta property=\"og:description\" content=\"Pakt migracyjny \u017cyje i ma si\u0119 dobrze. W Rumunii, po zwyci\u0119stwie \u201eproeuropejskiego\u201d ORIUM DAN, maszyna zalania kraju migrantami zacz\u0119\u0142a si\u0119\" \/>\n<meta property=\"og:url\" content=\"https:\/\/www.pogotowieflagowe.pl\/aktualne\/trzaskowski-friends-victory-iskrzy-migracyjny-wdrazanie-paktu-w-rumunii\/\" \/>\n<meta property=\"og:site_name\" content=\"POGOTOWIE FLAGOWE\u00ae\" \/>\n<meta property=\"article:published_time\" content=\"2025-05-26T19:48:56+00:00\" \/>\n<meta property=\"article:modified_time\" content=\"2025-05-26T19:48:57+00:00\" \/>\n<meta property=\"og:image\" content=\"https:\/\/www.pogotowieflagowe.pl\/aktualne\/wp-content\/uploads\/2025\/02\/Czy-Polska-bedzie-silna-przeciwko-migrantowi-UE.webp.webp\" \/>\n\t<meta property=\"og:image:width\" content=\"1280\" \/>\n\t<meta property=\"og:image:height\" content=\"720\" \/>\n\t<meta property=\"og:image:type\" content=\"image\/webp\" \/>\n<meta name=\"author\" content=\"Filip\" \/>\n<meta name=\"twitter:card\" content=\"summary_large_image\" \/>\n<meta name=\"twitter:label1\" content=\"Napisane przez\" \/>\n\t<meta name=\"twitter:data1\" content=\"Filip\" \/>\n\t<meta name=\"twitter:label2\" content=\"Szacowany czas czytania\" \/>\n\t<meta name=\"twitter:data2\" content=\"3 minuty\" \/>\n<script type=\"application\/ld+json\" class=\"yoast-schema-graph\">{\"@context\":\"https:\/\/schema.org\",\"@graph\":[{\"@type\":\"Article\",\"@id\":\"https:\/\/www.pogotowieflagowe.pl\/aktualne\/trzaskowski-friends-victory-iskrzy-migracyjny-wdrazanie-paktu-w-rumunii\/#article\",\"isPartOf\":{\"@id\":\"https:\/\/www.pogotowieflagowe.pl\/aktualne\/trzaskowski-friends-victory-iskrzy-migracyjny-wdrazanie-paktu-w-rumunii\/\"},\"author\":{\"name\":\"Filip\",\"@id\":\"https:\/\/www.pogotowieflagowe.pl\/aktualne\/#\/schema\/person\/9c2fb7d2362ebf6fa088960d7f0d27b0\"},\"headline\":\"Trzaskowski \u201eFriend&#8217;s\u201d Victory iskrzy migracyjny wdra\u017canie paktu w Rumunii\",\"datePublished\":\"2025-05-26T19:48:56+00:00\",\"dateModified\":\"2025-05-26T19:48:57+00:00\",\"mainEntityOfPage\":{\"@id\":\"https:\/\/www.pogotowieflagowe.pl\/aktualne\/trzaskowski-friends-victory-iskrzy-migracyjny-wdrazanie-paktu-w-rumunii\/\"},\"wordCount\":451,\"publisher\":{\"@id\":\"https:\/\/www.pogotowieflagowe.pl\/aktualne\/#organization\"},\"image\":{\"@id\":\"https:\/\/www.pogotowieflagowe.pl\/aktualne\/trzaskowski-friends-victory-iskrzy-migracyjny-wdrazanie-paktu-w-rumunii\/#primaryimage\"},\"thumbnailUrl\":\"https:\/\/www.pogotowieflagowe.pl\/aktualne\/wp-content\/uploads\/2025\/02\/Czy-Polska-bedzie-silna-przeciwko-migrantowi-UE.webp.webp\",\"keywords\":[\"Friends\",\"iskrzy\",\"migracyjny\",\"paktu\",\"Rumunii\",\"Trzaskowski\",\"Victory\",\"wdra\u017canie\"],\"articleSection\":[\"Polityka\"],\"inLanguage\":\"pl-PL\"},{\"@type\":\"WebPage\",\"@id\":\"https:\/\/www.pogotowieflagowe.pl\/aktualne\/trzaskowski-friends-victory-iskrzy-migracyjny-wdrazanie-paktu-w-rumunii\/\",\"url\":\"https:\/\/www.pogotowieflagowe.pl\/aktualne\/trzaskowski-friends-victory-iskrzy-migracyjny-wdrazanie-paktu-w-rumunii\/\",\"name\":\"Trzaskowski \u201eFriend's\u201d Victory iskrzy migracyjny wdra\u017canie paktu w Rumunii - POGOTOWIE FLAGOWE\u00ae\",\"isPartOf\":{\"@id\":\"https:\/\/www.pogotowieflagowe.pl\/aktualne\/#website\"},\"primaryImageOfPage\":{\"@id\":\"https:\/\/www.pogotowieflagowe.pl\/aktualne\/trzaskowski-friends-victory-iskrzy-migracyjny-wdrazanie-paktu-w-rumunii\/#primaryimage\"},\"image\":{\"@id\":\"https:\/\/www.pogotowieflagowe.pl\/aktualne\/trzaskowski-friends-victory-iskrzy-migracyjny-wdrazanie-paktu-w-rumunii\/#primaryimage\"},\"thumbnailUrl\":\"https:\/\/www.pogotowieflagowe.pl\/aktualne\/wp-content\/uploads\/2025\/02\/Czy-Polska-bedzie-silna-przeciwko-migrantowi-UE.webp.webp\",\"datePublished\":\"2025-05-26T19:48:56+00:00\",\"dateModified\":\"2025-05-26T19:48:57+00:00\",\"breadcrumb\":{\"@id\":\"https:\/\/www.pogotowieflagowe.pl\/aktualne\/trzaskowski-friends-victory-iskrzy-migracyjny-wdrazanie-paktu-w-rumunii\/#breadcrumb\"},\"inLanguage\":\"pl-PL\",\"potentialAction\":[{\"@type\":\"ReadAction\",\"target\":[\"https:\/\/www.pogotowieflagowe.pl\/aktualne\/trzaskowski-friends-victory-iskrzy-migracyjny-wdrazanie-paktu-w-rumunii\/\"]}]},{\"@type\":\"ImageObject\",\"inLanguage\":\"pl-PL\",\"@id\":\"https:\/\/www.pogotowieflagowe.pl\/aktualne\/trzaskowski-friends-victory-iskrzy-migracyjny-wdrazanie-paktu-w-rumunii\/#primaryimage\",\"url\":\"https:\/\/www.pogotowieflagowe.pl\/aktualne\/wp-content\/uploads\/2025\/02\/Czy-Polska-bedzie-silna-przeciwko-migrantowi-UE.webp.webp\",\"contentUrl\":\"https:\/\/www.pogotowieflagowe.pl\/aktualne\/wp-content\/uploads\/2025\/02\/Czy-Polska-bedzie-silna-przeciwko-migrantowi-UE.webp.webp\",\"width\":1280,\"height\":720,\"caption\":\"Czy Polska b\u0119dzie silna przeciwko migrantowi UE?\"},{\"@type\":\"BreadcrumbList\",\"@id\":\"https:\/\/www.pogotowieflagowe.pl\/aktualne\/trzaskowski-friends-victory-iskrzy-migracyjny-wdrazanie-paktu-w-rumunii\/#breadcrumb\",\"itemListElement\":[{\"@type\":\"ListItem\",\"position\":1,\"name\":\"Home\",\"item\":\"https:\/\/www.pogotowieflagowe.pl\/aktualne\/\"},{\"@type\":\"ListItem\",\"position\":2,\"name\":\"Trzaskowski \u201eFriend&#8217;s\u201d Victory iskrzy migracyjny wdra\u017canie paktu w Rumunii\"}]},{\"@type\":\"WebSite\",\"@id\":\"https:\/\/www.pogotowieflagowe.pl\/aktualne\/#website\",\"url\":\"https:\/\/www.pogotowieflagowe.pl\/aktualne\/\",\"name\":\"POGOTOWIE FLAGOWE\u00ae\",\"description\":\"\",\"publisher\":{\"@id\":\"https:\/\/www.pogotowieflagowe.pl\/aktualne\/#organization\"},\"potentialAction\":[{\"@type\":\"SearchAction\",\"target\":{\"@type\":\"EntryPoint\",\"urlTemplate\":\"https:\/\/www.pogotowieflagowe.pl\/aktualne\/?s={search_term_string}\"},\"query-input\":\"required name=search_term_string\"}],\"inLanguage\":\"pl-PL\"},{\"@type\":\"Organization\",\"@id\":\"https:\/\/www.pogotowieflagowe.pl\/aktualne\/#organization\",\"name\":\"POGOTOWIE FLAGOWE\u00ae\",\"url\":\"https:\/\/www.pogotowieflagowe.pl\/aktualne\/\",\"logo\":{\"@type\":\"ImageObject\",\"inLanguage\":\"pl-PL\",\"@id\":\"https:\/\/www.pogotowieflagowe.pl\/aktualne\/#\/schema\/logo\/image\/\",\"url\":\"https:\/\/www.pogotowieflagowe.pl\/aktualne\/wp-content\/uploads\/2024\/08\/cropped-pogotowieflagowe_flaga_projekt_sm.jpg\",\"contentUrl\":\"https:\/\/www.pogotowieflagowe.pl\/aktualne\/wp-content\/uploads\/2024\/08\/cropped-pogotowieflagowe_flaga_projekt_sm.jpg\",\"width\":250,\"height\":143,\"caption\":\"POGOTOWIE FLAGOWE\u00ae\"},\"image\":{\"@id\":\"https:\/\/www.pogotowieflagowe.pl\/aktualne\/#\/schema\/logo\/image\/\"}},{\"@type\":\"Person\",\"@id\":\"https:\/\/www.pogotowieflagowe.pl\/aktualne\/#\/schema\/person\/9c2fb7d2362ebf6fa088960d7f0d27b0\",\"name\":\"Filip\",\"image\":{\"@type\":\"ImageObject\",\"inLanguage\":\"pl-PL\",\"@id\":\"https:\/\/www.pogotowieflagowe.pl\/aktualne\/#\/schema\/person\/image\/\",\"url\":\"https:\/\/www.pogotowieflagowe.pl\/aktualne\/wp-content\/uploads\/2024\/08\/pogotowieflagowe.pl_.jpg\",\"contentUrl\":\"https:\/\/www.pogotowieflagowe.pl\/aktualne\/wp-content\/uploads\/2024\/08\/pogotowieflagowe.pl_.jpg\",\"caption\":\"Filip\"},\"description\":\"Jestem Filip, polski dziennikarz z dyplomem nauk politycznych Uniwersytetu Warszawskiego. Rozpoczynaj\u0105c swoj\u0105 karier\u0119 w r\u00f3\u017cnych lokalnych mediach, zdoby\u0142em solidne do\u015bwiadczenie w zakresie \u015bledztwa i redakcji. Obecnie jako redaktor w Pogotowie flagowe, staram si\u0119 dostarcza\u0107 dog\u0142\u0119bne i istotne analizy na temat najwa\u017cniejszych kwestii aktualno\u015bci, \u0142\u0105cz\u0105c rygor z pasj\u0105 dziennikarsk\u0105.\",\"sameAs\":[\"https:\/\/www.pogotowieflagowe.pl\/\"]}]}<\/script>\n<!-- \/ Yoast SEO plugin. -->","yoast_head_json":{"title":"Trzaskowski \u201eFriend's\u201d Victory iskrzy migracyjny wdra\u017canie paktu w Rumunii - POGOTOWIE FLAGOWE\u00ae","robots":{"index":"index","follow":"follow","max-snippet":"max-snippet:-1","max-image-preview":"max-image-preview:large","max-video-preview":"max-video-preview:-1"},"canonical":"https:\/\/www.pogotowieflagowe.pl\/aktualne\/trzaskowski-friends-victory-iskrzy-migracyjny-wdrazanie-paktu-w-rumunii\/","og_locale":"pl_PL","og_type":"article","og_title":"Trzaskowski \u201eFriend's\u201d Victory iskrzy migracyjny wdra\u017canie paktu w Rumunii - POGOTOWIE FLAGOWE\u00ae","og_description":"Pakt migracyjny \u017cyje i ma si\u0119 dobrze. W Rumunii, po zwyci\u0119stwie \u201eproeuropejskiego\u201d ORIUM DAN, maszyna zalania kraju migrantami zacz\u0119\u0142a si\u0119","og_url":"https:\/\/www.pogotowieflagowe.pl\/aktualne\/trzaskowski-friends-victory-iskrzy-migracyjny-wdrazanie-paktu-w-rumunii\/","og_site_name":"POGOTOWIE FLAGOWE\u00ae","article_published_time":"2025-05-26T19:48:56+00:00","article_modified_time":"2025-05-26T19:48:57+00:00","og_image":[{"width":1280,"height":720,"url":"https:\/\/www.pogotowieflagowe.pl\/aktualne\/wp-content\/uploads\/2025\/02\/Czy-Polska-bedzie-silna-przeciwko-migrantowi-UE.webp.webp","type":"image\/webp"}],"author":"Filip","twitter_card":"summary_large_image","twitter_misc":{"Napisane przez":"Filip","Szacowany czas czytania":"3 minuty"},"schema":{"@context":"https:\/\/schema.org","@graph":[{"@type":"Article","@id":"https:\/\/www.pogotowieflagowe.pl\/aktualne\/trzaskowski-friends-victory-iskrzy-migracyjny-wdrazanie-paktu-w-rumunii\/#article","isPartOf":{"@id":"https:\/\/www.pogotowieflagowe.pl\/aktualne\/trzaskowski-friends-victory-iskrzy-migracyjny-wdrazanie-paktu-w-rumunii\/"},"author":{"name":"Filip","@id":"https:\/\/www.pogotowieflagowe.pl\/aktualne\/#\/schema\/person\/9c2fb7d2362ebf6fa088960d7f0d27b0"},"headline":"Trzaskowski \u201eFriend&#8217;s\u201d Victory iskrzy migracyjny wdra\u017canie paktu w Rumunii","datePublished":"2025-05-26T19:48:56+00:00","dateModified":"2025-05-26T19:48:57+00:00","mainEntityOfPage":{"@id":"https:\/\/www.pogotowieflagowe.pl\/aktualne\/trzaskowski-friends-victory-iskrzy-migracyjny-wdrazanie-paktu-w-rumunii\/"},"wordCount":451,"publisher":{"@id":"https:\/\/www.pogotowieflagowe.pl\/aktualne\/#organization"},"image":{"@id":"https:\/\/www.pogotowieflagowe.pl\/aktualne\/trzaskowski-friends-victory-iskrzy-migracyjny-wdrazanie-paktu-w-rumunii\/#primaryimage"},"thumbnailUrl":"https:\/\/www.pogotowieflagowe.pl\/aktualne\/wp-content\/uploads\/2025\/02\/Czy-Polska-bedzie-silna-przeciwko-migrantowi-UE.webp.webp","keywords":["Friends","iskrzy","migracyjny","paktu","Rumunii","Trzaskowski","Victory","wdra\u017canie"],"articleSection":["Polityka"],"inLanguage":"pl-PL"},{"@type":"WebPage","@id":"https:\/\/www.pogotowieflagowe.pl\/aktualne\/trzaskowski-friends-victory-iskrzy-migracyjny-wdrazanie-paktu-w-rumunii\/","url":"https:\/\/www.pogotowieflagowe.pl\/aktualne\/trzaskowski-friends-victory-iskrzy-migracyjny-wdrazanie-paktu-w-rumunii\/","name":"Trzaskowski \u201eFriend's\u201d Victory iskrzy migracyjny wdra\u017canie paktu w Rumunii - POGOTOWIE FLAGOWE\u00ae","isPartOf":{"@id":"https:\/\/www.pogotowieflagowe.pl\/aktualne\/#website"},"primaryImageOfPage":{"@id":"https:\/\/www.pogotowieflagowe.pl\/aktualne\/trzaskowski-friends-victory-iskrzy-migracyjny-wdrazanie-paktu-w-rumunii\/#primaryimage"},"image":{"@id":"https:\/\/www.pogotowieflagowe.pl\/aktualne\/trzaskowski-friends-victory-iskrzy-migracyjny-wdrazanie-paktu-w-rumunii\/#primaryimage"},"thumbnailUrl":"https:\/\/www.pogotowieflagowe.pl\/aktualne\/wp-content\/uploads\/2025\/02\/Czy-Polska-bedzie-silna-przeciwko-migrantowi-UE.webp.webp","datePublished":"2025-05-26T19:48:56+00:00","dateModified":"2025-05-26T19:48:57+00:00","breadcrumb":{"@id":"https:\/\/www.pogotowieflagowe.pl\/aktualne\/trzaskowski-friends-victory-iskrzy-migracyjny-wdrazanie-paktu-w-rumunii\/#breadcrumb"},"inLanguage":"pl-PL","potentialAction":[{"@type":"ReadAction","target":["https:\/\/www.pogotowieflagowe.pl\/aktualne\/trzaskowski-friends-victory-iskrzy-migracyjny-wdrazanie-paktu-w-rumunii\/"]}]},{"@type":"ImageObject","inLanguage":"pl-PL","@id":"https:\/\/www.pogotowieflagowe.pl\/aktualne\/trzaskowski-friends-victory-iskrzy-migracyjny-wdrazanie-paktu-w-rumunii\/#primaryimage","url":"https:\/\/www.pogotowieflagowe.pl\/aktualne\/wp-content\/uploads\/2025\/02\/Czy-Polska-bedzie-silna-przeciwko-migrantowi-UE.webp.webp","contentUrl":"https:\/\/www.pogotowieflagowe.pl\/aktualne\/wp-content\/uploads\/2025\/02\/Czy-Polska-bedzie-silna-przeciwko-migrantowi-UE.webp.webp","width":1280,"height":720,"caption":"Czy Polska b\u0119dzie silna przeciwko migrantowi UE?"},{"@type":"BreadcrumbList","@id":"https:\/\/www.pogotowieflagowe.pl\/aktualne\/trzaskowski-friends-victory-iskrzy-migracyjny-wdrazanie-paktu-w-rumunii\/#breadcrumb","itemListElement":[{"@type":"ListItem","position":1,"name":"Home","item":"https:\/\/www.pogotowieflagowe.pl\/aktualne\/"},{"@type":"ListItem","position":2,"name":"Trzaskowski \u201eFriend&#8217;s\u201d Victory iskrzy migracyjny wdra\u017canie paktu w Rumunii"}]},{"@type":"WebSite","@id":"https:\/\/www.pogotowieflagowe.pl\/aktualne\/#website","url":"https:\/\/www.pogotowieflagowe.pl\/aktualne\/","name":"POGOTOWIE FLAGOWE\u00ae","description":"","publisher":{"@id":"https:\/\/www.pogotowieflagowe.pl\/aktualne\/#organization"},"potentialAction":[{"@type":"SearchAction","target":{"@type":"EntryPoint","urlTemplate":"https:\/\/www.pogotowieflagowe.pl\/aktualne\/?s={search_term_string}"},"query-input":"required name=search_term_string"}],"inLanguage":"pl-PL"},{"@type":"Organization","@id":"https:\/\/www.pogotowieflagowe.pl\/aktualne\/#organization","name":"POGOTOWIE FLAGOWE\u00ae","url":"https:\/\/www.pogotowieflagowe.pl\/aktualne\/","logo":{"@type":"ImageObject","inLanguage":"pl-PL","@id":"https:\/\/www.pogotowieflagowe.pl\/aktualne\/#\/schema\/logo\/image\/","url":"https:\/\/www.pogotowieflagowe.pl\/aktualne\/wp-content\/uploads\/2024\/08\/cropped-pogotowieflagowe_flaga_projekt_sm.jpg","contentUrl":"https:\/\/www.pogotowieflagowe.pl\/aktualne\/wp-content\/uploads\/2024\/08\/cropped-pogotowieflagowe_flaga_projekt_sm.jpg","width":250,"height":143,"caption":"POGOTOWIE FLAGOWE\u00ae"},"image":{"@id":"https:\/\/www.pogotowieflagowe.pl\/aktualne\/#\/schema\/logo\/image\/"}},{"@type":"Person","@id":"https:\/\/www.pogotowieflagowe.pl\/aktualne\/#\/schema\/person\/9c2fb7d2362ebf6fa088960d7f0d27b0","name":"Filip","image":{"@type":"ImageObject","inLanguage":"pl-PL","@id":"https:\/\/www.pogotowieflagowe.pl\/aktualne\/#\/schema\/person\/image\/","url":"https:\/\/www.pogotowieflagowe.pl\/aktualne\/wp-content\/uploads\/2024\/08\/pogotowieflagowe.pl_.jpg","contentUrl":"https:\/\/www.pogotowieflagowe.pl\/aktualne\/wp-content\/uploads\/2024\/08\/pogotowieflagowe.pl_.jpg","caption":"Filip"},"description":"Jestem Filip, polski dziennikarz z dyplomem nauk politycznych Uniwersytetu Warszawskiego. Rozpoczynaj\u0105c swoj\u0105 karier\u0119 w r\u00f3\u017cnych lokalnych mediach, zdoby\u0142em solidne do\u015bwiadczenie w zakresie \u015bledztwa i redakcji. Obecnie jako redaktor w Pogotowie flagowe, staram si\u0119 dostarcza\u0107 dog\u0142\u0119bne i istotne analizy na temat najwa\u017cniejszych kwestii aktualno\u015bci, \u0142\u0105cz\u0105c rygor z pasj\u0105 dziennikarsk\u0105.","sameAs":["https:\/\/www.pogotowieflagowe.pl\/"]}]}},"_links":{"self":[{"href":"https:\/\/www.pogotowieflagowe.pl\/aktualne\/wp-json\/wp\/v2\/posts\/5944","targetHints":{"allow":["GET"]}}],"collection":[{"href":"https:\/\/www.pogotowieflagowe.pl\/aktualne\/wp-json\/wp\/v2\/posts"}],"about":[{"href":"https:\/\/www.pogotowieflagowe.pl\/aktualne\/wp-json\/wp\/v2\/types\/post"}],"author":[{"embeddable":true,"href":"https:\/\/www.pogotowieflagowe.pl\/aktualne\/wp-json\/wp\/v2\/users\/1"}],"replies":[{"embeddable":true,"href":"https:\/\/www.pogotowieflagowe.pl\/aktualne\/wp-json\/wp\/v2\/comments?post=5944"}],"version-history":[{"count":1,"href":"https:\/\/www.pogotowieflagowe.pl\/aktualne\/wp-json\/wp\/v2\/posts\/5944\/revisions"}],"predecessor-version":[{"id":5945,"href":"https:\/\/www.pogotowieflagowe.pl\/aktualne\/wp-json\/wp\/v2\/posts\/5944\/revisions\/5945"}],"wp:featuredmedia":[{"embeddable":true,"href":"https:\/\/www.pogotowieflagowe.pl\/aktualne\/wp-json\/wp\/v2\/media\/3833"}],"wp:attachment":[{"href":"https:\/\/www.pogotowieflagowe.pl\/aktualne\/wp-json\/wp\/v2\/media?parent=5944"}],"wp:term":[{"taxonomy":"category","embeddable":true,"href":"https:\/\/www.pogotowieflagowe.pl\/aktualne\/wp-json\/wp\/v2\/categories?post=5944"},{"taxonomy":"post_tag","embeddable":true,"href":"https:\/\/www.pogotowieflagowe.pl\/aktualne\/wp-json\/wp\/v2\/tags?post=5944"}],"curies":[{"name":"wp","href":"https:\/\/api.w.org\/{rel}","templated":true}]}}